{"id":1317,"date":"2020-12-08T17:23:44","date_gmt":"2020-12-08T16:23:44","guid":{"rendered":"https:\/\/gradido.net\/?p=1317"},"modified":"2021-12-11T13:03:16","modified_gmt":"2021-12-11T12:03:16","slug":"fairness-und-fuersorge-fuer-corona-jugend","status":"publish","type":"post","link":"https:\/\/gradido.net\/hu\/fairness-und-fuersorge-fuer-corona-jugend\/","title":{"rendered":"M\u00e9lt\u00e1nyoss\u00e1g \u00e9s gondoskod\u00e1s a \"coronai fiatalok\" sz\u00e1m\u00e1ra"},"content":{"rendered":"<div data-elementor-type=\"wp-post\" data-elementor-id=\"1317\" class=\"elementor elementor-1317\" data-elementor-post-type=\"post\">\n\t\t\t\t\t\t<section class=\"elementor-section elementor-top-section elementor-element elementor-element-496e1d53 elementor-section-boxed elementor-section-height-default elementor-section-height-default\" data-id=\"496e1d53\" data-element_type=\"section\" data-e-type=\"section\">\n\t\t\t\t\t\t<div class=\"elementor-container elementor-column-gap-default\">\n\t\t\t\t\t<div class=\"elementor-column elementor-col-100 elementor-top-column elementor-element elementor-element-461d7be0\" data-id=\"461d7be0\" data-element_type=\"column\" data-e-type=\"column\">\n\t\t\t<div class=\"elementor-widget-wrap elementor-element-populated\">\n\t\t\t\t\t\t<div class=\"elementor-element elementor-element-cd9ebe2 elementor-widget elementor-widget-text-editor\" data-id=\"cd9ebe2\" data-element_type=\"widget\" data-e-type=\"widget\" data-widget_type=\"text-editor.default\">\n\t\t\t\t<div class=\"elementor-widget-container\">\n\t\t\t\t\t\t\t\t\t<h2>Nincs alternat\u00edva az \u00f6regek a fiatalok ellen?<\/h2><p><strong>K\u00fcnzelsau, 08.12.2020 - Felel\u0151tlen p\u00e1rtcsin\u00e1l\u00f3k vagy kit\u00fcntetett \"lusta mos\u00f3medv\u00e9k\"? A m\u00e9dia \u00e9s a politika a fiatalokat tette a Corona-v\u00e1ls\u00e1g b\u0171nbakj\u00e1v\u00e1. Most azonban ez a nem t\u00fal vonz\u00f3 k\u00e9p kezd megroppanni. Az els\u0151 tanulm\u00e1nyok a fiatal gener\u00e1ci\u00f3 nagy lojalit\u00e1s\u00e1t \u00e9s megfontolts\u00e1g\u00e1t mutatj\u00e1k - \u00e9s a v\u00e1ls\u00e1g \u00e9s a kapcsolattart\u00e1si tilalmak hatalmas terh\u00e9t. A Gradido Akad\u00e9mia kutat\u00f3i a fiatalok jelenlegi helyzet\u00e9nek fel\u00fcletes kezel\u00e9s\u00e9t \"igazs\u00e1gtalannak \u00e9s felel\u0151tlennek\" min\u0151s\u00edtik. Bernd H\u00fcckst\u00e4dt, a Gazdas\u00e1gi Bionika Kutat\u00f3int\u00e9zet t\u00e1rsalap\u00edt\u00f3ja katasztrof\u00e1lis t\u00e1rsadalmi k\u00f6vetkezm\u00e9nyekre figyelmeztet: \"Ritk\u00e1n volt fontosabb a gener\u00e1ci\u00f3k k\u00f6z\u00f6tti szolidarit\u00e1s, ritk\u00e1n volt m\u00e9lyebb a szakad\u00e9k id\u0151sek \u00e9s fiatalok k\u00f6z\u00f6tt. Ha most nem siker\u00fcl kik\u00f6vezn\u00fcnk a felel\u0151s egy\u00fctt\u00e9l\u00e9s \u00fatj\u00e1t, akkor mindk\u00e9t oldalon csak vesztesek lesznek - de van f\u00e9ny az alag\u00fat v\u00e9g\u00e9n.\"<\/strong><\/p><h3>B\u0171nbak? Ellenkez\u0151leg!<\/h3><p>Amikor a ny\u00e1ron a fert\u0151z\u00e9si adatok ism\u00e9t emelkedni kezdtek, a fiatalok ker\u00fcltek az \u00e1ltal\u00e1nos kritika k\u00f6z\u00e9ppontj\u00e1ba. Azzal v\u00e1dolt\u00e1k \u0151ket, hogy \"szuper terjeszt\u0151k\". A m\u00e9dia a felel\u0151tlen \"buliz\u00f3 emberek\" k\u00e9p\u00e9t t\u00e1lalta, \u00e9s maga a kancell\u00e1r is arra k\u00e9rte a fiatalokat, hogy tart\u00f3zkodjanak a buliz\u00e1st\u00f3l. Az #BesondereHelden hashtag alatt a sz\u00f6vets\u00e9gi korm\u00e1ny nemr\u00e9giben h\u00e1rom vide\u00f3t is k\u00f6zz\u00e9tett, amelyek kifejezetten az\u00e9rt k\u00e9sz\u00fcltek, hogy a fiatalokat \u00e9rz\u00e9keny\u00edts\u00e9k a kapcsolattart\u00e1si korl\u00e1toz\u00e1sok betart\u00e1s\u00e1ra. Most azonban a leg\u00fajabb ifj\u00fas\u00e1gi tanulm\u00e1nyok azt mutatj\u00e1k, hogy a n\u00e9metorsz\u00e1gi fiatalokat igazs\u00e1gtalanul a v\u00e1ls\u00e1g b\u0171nbakj\u00e1v\u00e1 tett\u00e9k.<\/p><h3>A fiatalok h\u0171s\u00e9get \u00e9s felel\u0151ss\u00e9gtudatot mutatnak<\/h3><p>Minden tanulm\u00e1ny egyet\u00e9rt abban, hogy a fiatalok t\u00f6bbs\u00e9ge ebben az orsz\u00e1gban szolid\u00e1ris \u00e9s felel\u0151ss\u00e9gteljes. A Hildesheimi Egyetem tanulm\u00e1nyai, a TUI Alap\u00edtv\u00e1ny aktu\u00e1lis ifj\u00fas\u00e1gi tanulm\u00e1nya, valamint a \"Fiatal n\u00e9metek 2021\" neves tanulm\u00e1ny nemr\u00e9giben megjelent \"Ifj\u00fas\u00e1g \u00e9s Korona\" c\u00edm\u0171 k\u00fcl\u00f6nkiad\u00e1sa is bizony\u00edtja, hogy a 16-26 \u00e9vesek nagy hajland\u00f3s\u00e1got mutatnak arra, hogy a k\u00f6z\u00f6ss\u00e9g \u00e9rdek\u00e9ben betartj\u00e1k a t\u00e1rsadalmi \u00e9let\u00fckre vonatkoz\u00f3 korl\u00e1toz\u00e1sokat. A fiatalok rugalmass\u00e1g\u00e1t \u00e9s alkalmazkod\u00f3k\u00e9pess\u00e9g\u00e9t ebben a kih\u00edv\u00e1sokkal teli helyzetben m\u00e9g az ifj\u00fas\u00e1gkutat\u00f3k is kifejezetten dics\u00e9rik.<\/p><h3>A Gradido Akad\u00e9mia az unok\u00e1k sz\u00e1m\u00e1ra alkalmas j\u00f6v\u0151beli modelleket vizsg\u00e1lja<\/h3><p>\"Botr\u00e1nyos, hogy a fiatalokat az \u00fcnnepl\u00e9s \u00f6r\u00f6me \u00e9s a csere \u00e9s a k\u00f6zels\u00e9g ut\u00e1ni v\u00e1gyakoz\u00e1suk miatt pelleng\u00e9rre \u00e1ll\u00edtj\u00e1k. Az eg\u00e9sz jelenlegi \u00e9s j\u00f6v\u0151beli \u00e9let\u00fcket fenyeget\u0151 vesz\u00e9lyt a politika \u00e9s a m\u00e9dia l\u00e1tsz\u00f3lag teljesen figyelmen k\u00edv\u00fcl hagyja\" - folytatja H\u00fcckst\u00e4dt. Margret Baier tulajdonossal egy\u00fctt t\u00f6bb mint 20 \u00e9vvel ezel\u0151tt megalap\u00edtotta a Gradido Academy for Business Bionics-ot. Az\u00f3ta ott kutat\u00e1sok folynak annak kider\u00edt\u00e9s\u00e9re, hogy a term\u00e9szet sikermodelljei k\u00f6z\u00fcl melyeket lehet \u00e1t\u00fcltetni a val\u00f3s gazdas\u00e1gi \u00e9s p\u00e9nz\u00fcgyi modellekre. A t\u00f6bb \u00e9vtizedes kutat\u00e1s k\u00f6z\u00e9ppontj\u00e1ban az a t\u00f6rekv\u00e9s \u00e1ll, hogy a gyermekek \u00e9s unok\u00e1k sz\u00e1m\u00e1ra egy \u00e9lhet\u0151 j\u00f6v\u0151t biztos\u00edtsunk. Most a gazdas\u00e1gi bionika szak\u00e9rt\u0151i konkr\u00e9t cselekv\u00e9si ig\u00e9nyt l\u00e1tnak.<\/p><h3>A fiatalok elvesz\u00edtik a megszokott lak\u00f3k\u00f6rnyezetet<\/h3><p>A Hildesheimi Egyetem szociol\u00f3gusa, Prof. Michael Corsten a tavaszi \u00e9rintkez\u00e9si korl\u00e1toz\u00e1sok kezdete \u00f3ta azt vizsg\u00e1lja, hogy a Corona-v\u00e1ls\u00e1g hogyan hat a fiatal feln\u0151ttek \u00e9let\u00e9re. A \"Corona gener\u00e1ci\u00f3\" c\u00edm\u0171 tanulm\u00e1ny leny\u0171g\u00f6z\u0151en bizony\u00edtja, hogy a v\u00e1ls\u00e1gban l\u00e9v\u0151 fiatalok mindennapi \u00e9let\u00e9ben kor\u00e1ntsem a bulik hi\u00e1nya a legnagyobb probl\u00e9ma. Ami azonban igaz\u00e1n megterhel\u0151, az az, hogy \u00e9let\u00fck azon szakasz\u00e1nak k\u00f6zep\u00e9n, amikor a szakmai \u00e9s mag\u00e1n\u00e9let\u00fck ir\u00e1ny\u00e1t kell kijel\u00f6lni\u00fck, szinte minden megszokott talajt kih\u00faznak a l\u00e1buk al\u00f3l. Eg\u00e9sz ipar\u00e1gak fenyegetnek azzal, hogy a gazdas\u00e1gi v\u00e1ls\u00e1g \u00e1ldozat\u00e1ul esnek. A felt\u00e9telezett \u00edg\u00e9retes k\u00e9pz\u00e9si utak elapadnak. Senki sem tudja, hogy mely v\u00e1llalatok \u00e9s v\u00e1llalkoz\u00e1sok maradnak fenn, mikor lesz \u00fajra lehets\u00e9ges a rendszeres tanul\u00e1s \u00e9s tanul\u00e1s, \u00e9s hogy lehets\u00e9ges lesz-e valaha is a megszokott mobilit\u00e1s. A k\u00f6zgazd\u00e1szok ezt a jelens\u00e9get \"heges\u00edt\u0151 hat\u00e1snak\" nevezik, ami azt jelenti, hogy a mai fiatalok eg\u00e9sz k\u00e9s\u0151bbi munk\u00e1ss\u00e1guk sor\u00e1n szenvedhetnek a jelenlegi rossz kiindul\u00e1si felt\u00e9telek miatt.<\/p><h3>Megk\u00f6zel\u00edt\u00e9sek a hib\u00e1ztat\u00e1s helyett <\/h3><p>E fenyeget\u0151 k\u00f6vetkezm\u00e9nyek f\u00e9ny\u00e9ben nem meglep\u0151, hogy a fiatalok a \"koron\u00e1t\" a bizonytalans\u00e1ggal, a f\u00e9lelemmel \u00e9s a szomor\u00fas\u00e1ggal t\u00e1rs\u00edtj\u00e1k. F\u00e9ltik saj\u00e1t mag\u00e1n\u00e9leti \u00e9s szakmai kil\u00e1t\u00e1saikat, valamint csal\u00e1djuk gazdas\u00e1gi \u00e9s t\u00e1rsadalmi l\u00e9t\u00e9t. \"Nem szabad hagynunk, hogy a fiatalok legyenek a v\u00e1ls\u00e1g nagy vesztesei\" - k\u00f6veteli Bernd H\u00fcckst\u00e4dt - \"mert meg\u00e9rdemlik, hogy tisztess\u00e9ges es\u00e9lyt kapjanak egy teljes \u00e9letre\". Margret Baier hozz\u00e1teszi: \"Most nem hib\u00e1ztat\u00e1sra van sz\u00fcks\u00e9g\u00fcnk, hanem innovat\u00edv megold\u00e1si megk\u00f6zel\u00edt\u00e9sekre id\u0151sek \u00e9s fiatalok k\u00f6z\u00f6s j\u00f6v\u0151je \u00e9rdek\u00e9ben\".<\/p><h3>Alapj\u00f6vedelem az alapvet\u0151 bizonytalans\u00e1g ellen<\/h3><p>A Gradido Akad\u00e9mia gazdas\u00e1gi \u00fatt\u00f6r\u0151i a \"Gradido modellel\" a j\u00f6v\u0151vel kapcsolatos nagyfok\u00fa bizonytalans\u00e1g \u00e9s f\u00e9lelem ellen l\u00e9pnek fel. A modell a \"Gradido\" nev\u0171 k\u00f6zj\u00f3 p\u00e9nznemre \u00e9p\u00fcl, teljesen elhagyja az ad\u00f3ss\u00e1gp\u00e9nz kor\u00e1bbi elv\u00e9t a p\u00e9nzteremt\u00e9s m\u00f3dszer\u00e9vel, \u00e9s rendelkezik egy integr\u00e1lt, \"akt\u00edv alapj\u00f6vedelemre\" \u00e9p\u00fcl\u0151 v\u00e1ls\u00e1gment\u0151 rendszerrel. \"A mi modell\u00fcnkkel sikeresen \u00farr\u00e1 lehet lenni a v\u00e1ls\u00e1gon, \u00e9s a fiataloknak \u00e9s id\u0151seknek egyar\u00e1nt \u00e9letreval\u00f3 j\u00f6v\u0151t adhatunk\" - hangs\u00falyozz\u00e1k Baier \u00e9s H\u00fcckst\u00e4dt.<\/p><h3>A v\u00e1ls\u00e1g mint lehet\u0151s\u00e9g a fenntarthat\u00f3 p\u00e1lyakorrekci\u00f3ra<\/h3><p>H\u00fcckst\u00e4dt szerint nem a Corona az oka az \u00f6sszes probl\u00e9m\u00e1nak, ami mostan\u00e1ban egyre vil\u00e1gosabb\u00e1 v\u00e1lik. A v\u00edrust ink\u00e1bb a gyeng\u00e9lked\u0151 gazdas\u00e1gi \u00e9s p\u00e9nz\u00fcgyi rendszer sz\u00e9tes\u00e9s\u00e9nek egyfajta t\u0171zgyors\u00edt\u00f3j\u00e1nak tekinti. Mirjam Schambeck vall\u00e1stud\u00f3s hozz\u00e1teszi: \"A Corona \u00e1ltal kiv\u00e1ltott f\u00e9lelmek \u00e9s k\u00e9rd\u00e9sek r\u00e1vil\u00e1g\u00edtanak a n\u00e9metorsz\u00e1gi polariz\u00e1lt t\u00e1rsadalmi strukt\u00far\u00e1ra.\" Corsten ifj\u00fas\u00e1gkutat\u00f3 \u00fagy l\u00e1tja, hogy a jelenlegi helyzetben sz\u00fcks\u00e9g van az ideiglenes megold\u00e1sokra \u00e9s a v\u00e1rakoz\u00e1s t\u00fcrelm\u00e9nek elsaj\u00e1t\u00edt\u00e1s\u00e1ra, de egyben arra is, hogy kialakuljon a nyitotts\u00e1g az alternat\u00edv \u00e9letmodellek ir\u00e1nt.<\/p><h3>Az \u00faj vil\u00e1gnak \u00faj utakra van sz\u00fcks\u00e9ge<\/h3><p>A Gradido modell a k\u00f6z\u00f6ss\u00e9gi \u00e9letben val\u00f3 \"felt\u00e9tel n\u00e9lk\u00fcli r\u00e9szv\u00e9tel\" r\u00e9v\u00e9n megnyitja az utat az ilyen \u00faj \u00e9letmodellek el\u0151tt. H\u00fcckst\u00e4dt kifejti: \"A Gradido etikai alapelve a \"H\u00e1romszoros J\u00f3\"-on alapul, azaz az egy\u00e9n jav\u00e1nak \u00f6sszehangol\u00e1s\u00e1n a k\u00f6z\u00f6ss\u00e9g \u00e9s a nagyobb eg\u00e9sz - a term\u00e9szet \u00e9s a k\u00f6rnyezet - jav\u00e1val. Az egy\u00e9n a k\u00f6z\u00f6ss\u00e9g r\u00e9sze, az pedig a \"nagy eg\u00e9sz\", az \u00f6kosziszt\u00e9ma r\u00e9sze. Egy gradido k\u00f6r\u00fclbel\u00fcl egy eur\u00f3 \u00e9rt\u00e9k\u0171. Fejenk\u00e9nt 3 \u00d7 1 000 Gradido ker\u00fcl havonta leh\u00edv\u00e1sra. egyenk\u00e9nt 1000 Gradido az \"Akt\u00edv Alapj\u00f6vedelem\", az \u00e1llami k\u00f6lts\u00e9gvet\u00e9s \u00e9s a \"Kiegyenl\u00edt\u00e9si \u00e9s K\u00f6rnyezetv\u00e9delmi Alap\" sz\u00e1m\u00e1ra.\"<\/p><h3>Tabu az \u00e1llamad\u00f3ss\u00e1g a j\u00f6v\u0151 nemzed\u00e9kek rov\u00e1s\u00e1ra<\/h3><p>A Gradido (GDD) k\u00f6z\u00f6s j\u00f3valut\u00e1t minden ember sz\u00e1m\u00e1ra hitelk\u00e9nt hozz\u00e1k l\u00e9tre, ad\u00f3ss\u00e1g l\u00e9trehoz\u00e1sa n\u00e9lk\u00fcl. A Gradido teh\u00e1t a term\u00e9szet p\u00e9ld\u00e1j\u00e1t k\u00f6veti, hogy gyermekeinek \u00e9s unok\u00e1inak ad\u00f3ss\u00e1gmentes, \u00e9lhet\u0151 j\u00f6v\u0151t biztos\u00edtson. A kor\u00e1bbi konfliktus, amely abb\u00f3l fakadt, hogy a mai gener\u00e1ci\u00f3k ad\u00f3ss\u00e1ghegyeket halmoztak fel a j\u00f6v\u0151 gener\u00e1ci\u00f3i sz\u00e1m\u00e1ra, m\u00e1r a m\u00falt\u00e9. \"A fiatalok sz\u00e1m\u00e1ra az \u00faj gazdas\u00e1gi \u00e9s p\u00e9nz\u00fcgyi modell\u00fcnk el\u0151remutat\u00f3 lehet\" - hangs\u00falyozza H\u00fcckst\u00e4dt - \"\u00e9s legfontosabb feladatunknak azt tekintj\u00fck, hogy tov\u00e1bbra is \u00e9lvezz\u00e9k az \u00e9letet, tanuljanak, b\u00edzzanak \u00f6nmagukban \u00e9s a j\u00f3 j\u00f6v\u0151j\u00fckben\".<\/p><h3>Biztons\u00e1g egy \u00e9letre<\/h3><p>Az \"akt\u00edv alapj\u00f6vedelem\" biztos\u00edtja az alapell\u00e1t\u00e1st minden ember sz\u00e1m\u00e1ra, \u00e9s \u00edgy megsz\u00fcnteti az \u00f6r\u00f6k\u00f6s egzisztenci\u00e1lis \u00e9s j\u00f6v\u0151f\u00e9lt\u00e9st, amely gyeng\u00edti az immunrendszert \u00e9s megterheli a pszich\u00e9t. Ez\u00e1ltal szil\u00e1rd alapot teremt a lehet\u0151 legjobb szem\u00e9lyes \u00e9s szakmai fejl\u0151d\u00e9shez. A \"Felt\u00e9tel n\u00e9lk\u00fcli r\u00e9szv\u00e9tel\", amely a gyermekeknek \u00e9s a serd\u00fcl\u0151knek is lehet\u0151s\u00e9get ad arra, hogy hozz\u00e1j\u00e1ruljanak a k\u00f6z\u00f6ss\u00e9ghez az \"Akt\u00edv Alapj\u00f6vedelemhez\", soha nem l\u00e1tott lehet\u0151s\u00e9geket nyit meg a kipr\u00f3b\u00e1l\u00e1sra, a fejl\u0151d\u00e9sre \u00e9s sz\u00fcks\u00e9g eset\u00e9n a v\u00e1ltoztat\u00e1sra a legk\u00fcl\u00f6nb\u00f6z\u0151bb ter\u00fcleteken. Ugyanakkor az \"akt\u00edv alapj\u00f6vedelem\" a k\u00e9pz\u00e9s ideje alatt is biztos\u00edtja a meg\u00e9lhet\u00e9st. \"A Gradid\u00f3val rendelkez\u00fcnk a legjobb alapokkal ahhoz, hogy mindenkinek joga legyen az eg\u00e9szs\u00e9ges fejl\u0151d\u00e9shez, az oktat\u00e1shoz \u00e9s a tov\u00e1bbk\u00e9pz\u00e9shez, \u00e9s hogy a szolidarit\u00e1s szellem\u00e9ben minden v\u00e1ls\u00e1got lek\u00fczdhess\u00fcnk\" - hangs\u00falyozza H\u00fcckst\u00e4dt.<\/p><p>A teljes \"Gradido-modell\" r\u00e9szletei a k\u00f6vetkez\u0151 c\u00edmen \u00e9rhet\u0151ek el <a href=\"https:\/\/gradido.net\/hu\/\">https:\/\/gradido.net<\/a><\/p><p><!-- \/wp:paragraph --><\/p>\t\t\t\t\t\t\t\t<\/div>\n\t\t\t\t<\/div>\n\t\t\t\t<div class=\"elementor-element elementor-element-e9ff241 elementor-widget elementor-widget-text-editor\" data-id=\"e9ff241\" data-element_type=\"widget\" data-e-type=\"widget\" data-widget_type=\"text-editor.default\">\n\t\t\t\t<div class=\"elementor-widget-container\">\n\t\t\t\t\t\t\t\t\t<p><strong>A Gradido Akad\u00e9mi\u00e1r\u00f3l<\/strong><br>A Gradido Academy for Economic Bionics kifejlesztett egy alternat\u00edv \"k\u00f6zj\u00f3 valut\u00e1t\", amely a term\u00e9szet mint\u00e1j\u00e1ra k\u00e9sz\u00fclt. A term\u00e9szet azt a szab\u00e1lyt k\u00f6veti, hogy csak ott, ahol valami elm\u00falik, keletkezhet valami \u00faj, \u00e9s \u00edgy hossz\u00fa t\u00e1v\u00fa fejl\u0151d\u00e9s (evol\u00faci\u00f3) lehets\u00e9ges. A siker receptje az \"\u00e9let k\u00f6rforg\u00e1sa\". Ha a mi gazdas\u00e1gunk is ezt a term\u00e9szetes ciklust k\u00f6vetn\u00e9, az a gazdas\u00e1gi bionika szak\u00e9rt\u0151i szerint gyakorlatilag a vil\u00e1g \u00f6sszes p\u00e9nzzel kapcsolatos probl\u00e9m\u00e1j\u00e1t megoldan\u00e1. A Gradido modell azon az elk\u00e9pzel\u00e9sen alapul, hogy nemcsak minden szem\u00e9ly, hanem minden \u00e1llam is kap egy hitelalapon l\u00e9trehozott j\u00f6vedelmet. Ezzel minden feladat\u00e1t ad\u00f3beszed\u00e9s n\u00e9lk\u00fcl is el tudja l\u00e1tni. A defl\u00e1ci\u00f3 vagy az infl\u00e1ci\u00f3 m\u00e1r a m\u00falt\u00e9. A gazdas\u00e1g megszabadul az \u00e1lland\u00f3 n\u00f6veked\u00e9si k\u00e9nyszert\u0151l, a p\u00e9nz\u00fcgyi rendszer \u00f6sszeoml\u00e1s\u00e1nak vesz\u00e9lye v\u00e9gre elh\u00e1rul. (<a href=\"https:\/\/gradido.net\/hu\/\">www.gradido.net<\/a>)<\/p>\t\t\t\t\t\t\t\t<\/div>\n\t\t\t\t<\/div>\n\t\t\t\t\t<\/div>\n\t\t<\/div>\n\t\t\t\t\t<\/div>\n\t\t<\/section>\n\t\t\t\t<\/div>","protected":false},"excerpt":{"rendered":"<p>Alt gegen Jung alternativlos? K\u00fcnzelsau, 08.12.2020 \u2013 Verantwortungslose Partymacher oder medaillengeschm\u00fcckte \u201efaule Waschb\u00e4ren\u201c? Medien und Politik haben die Jugend zum S\u00fcndenbock der Corona-Krise gemacht. Nun aber bekommt dieses unsch\u00f6ne Bild Risse. Erste Studien belegen die gro\u00dfe Loyalit\u00e4t und R\u00fccksichtnahme der jungen Generation \u2013 und deren massive Belastung durch Krise und Kontaktverbote. Den oberfl\u00e4chlichen Umgang mit [&hellip;]<\/p>\n","protected":false},"author":2,"featured_media":1339,"comment_status":"closed","ping_status":"closed","sticky":false,"template":"","format":"standard","meta":{"footnotes":""},"categories":[8],"tags":[22],"class_list":["post-1317","post","type-post","status-publish","format-standard","has-post-thumbnail","hentry","category-pressemitteilung","tag-bild-oben"],"yoast_head":"<!-- This site is optimized with the Yoast SEO plugin v27.5 - https:\/\/yoast.com\/product\/yoast-seo-wordpress\/ -->\n<title>Fairness und F\u00fcrsorge f\u00fcr \u201aCorona-Jugend\u2018 - Gradido<\/title>\n<meta name=\"robots\" content=\"index, follow, max-snippet:-1, max-image-preview:large, max-video-preview:-1\" \/>\n<link rel=\"canonical\" href=\"https:\/\/gradido.net\/hu\/fairness-und-fuersorge-fuer-corona-jugend\/\" \/>\n<meta property=\"og:locale\" content=\"hu_HU\" \/>\n<meta property=\"og:type\" content=\"article\" \/>\n<meta property=\"og:title\" content=\"Fairness und F\u00fcrsorge f\u00fcr \u201aCorona-Jugend\u2018 - Gradido\" \/>\n<meta property=\"og:description\" content=\"Alt gegen Jung alternativlos? K\u00fcnzelsau, 08.12.2020 \u2013 Verantwortungslose Partymacher oder medaillengeschm\u00fcckte \u201efaule Waschb\u00e4ren\u201c? Medien und Politik haben die Jugend zum S\u00fcndenbock der Corona-Krise gemacht. Nun aber bekommt dieses unsch\u00f6ne Bild Risse. Erste Studien belegen die gro\u00dfe Loyalit\u00e4t und R\u00fccksichtnahme der jungen Generation \u2013 und deren massive Belastung durch Krise und Kontaktverbote. Den oberfl\u00e4chlichen Umgang mit [&hellip;]\" \/>\n<meta property=\"og:url\" content=\"https:\/\/gradido.net\/hu\/fairness-und-fuersorge-fuer-corona-jugend\/\" \/>\n<meta property=\"og:site_name\" content=\"Gradido\" \/>\n<meta property=\"article:published_time\" content=\"2020-12-08T16:23:44+00:00\" \/>\n<meta property=\"article:modified_time\" content=\"2021-12-11T12:03:16+00:00\" \/>\n<meta property=\"og:image\" content=\"https:\/\/gradido.net\/wp-content\/uploads\/2020\/12\/corona_solidaritaet_jugend-1.jpg\" \/>\n\t<meta property=\"og:image:width\" content=\"1459\" \/>\n\t<meta property=\"og:image:height\" content=\"990\" \/>\n\t<meta property=\"og:image:type\" content=\"image\/jpeg\" \/>\n<meta name=\"author\" content=\"Bernd H\u00fcckst\u00e4dt\" \/>\n<meta name=\"twitter:card\" content=\"summary_large_image\" \/>\n<meta name=\"twitter:label1\" content=\"Szerz\u0151:\" \/>\n\t<meta name=\"twitter:data1\" content=\"Bernd H\u00fcckst\u00e4dt\" \/>\n\t<meta name=\"twitter:label2\" content=\"Becs\u00fclt olvas\u00e1si id\u0151\" \/>\n\t<meta name=\"twitter:data2\" content=\"7 perc\" \/>\n<script type=\"application\/ld+json\" class=\"yoast-schema-graph\">{\"@context\":\"https:\\\/\\\/schema.org\",\"@graph\":[{\"@type\":\"Article\",\"@id\":\"https:\\\/\\\/gradido.net\\\/bg\\\/fairness-und-fuersorge-fuer-corona-jugend\\\/#article\",\"isPartOf\":{\"@id\":\"https:\\\/\\\/gradido.net\\\/bg\\\/fairness-und-fuersorge-fuer-corona-jugend\\\/\"},\"author\":{\"name\":\"Bernd H\u00fcckst\u00e4dt\",\"@id\":\"https:\\\/\\\/gradido.net\\\/de\\\/#\\\/schema\\\/person\\\/9c503a004ad15a1ddecadce2218db5d1\"},\"headline\":\"Fairness und F\u00fcrsorge f\u00fcr \u201aCorona-Jugend\u2018\",\"datePublished\":\"2020-12-08T16:23:44+00:00\",\"dateModified\":\"2021-12-11T12:03:16+00:00\",\"mainEntityOfPage\":{\"@id\":\"https:\\\/\\\/gradido.net\\\/bg\\\/fairness-und-fuersorge-fuer-corona-jugend\\\/\"},\"wordCount\":1384,\"publisher\":{\"@id\":\"https:\\\/\\\/gradido.net\\\/de\\\/#organization\"},\"image\":{\"@id\":\"https:\\\/\\\/gradido.net\\\/bg\\\/fairness-und-fuersorge-fuer-corona-jugend\\\/#primaryimage\"},\"thumbnailUrl\":\"https:\\\/\\\/gradido.net\\\/wp-content\\\/uploads\\\/2020\\\/12\\\/corona_solidaritaet_jugend-1.jpg\",\"keywords\":[\"Bild oben\"],\"articleSection\":[\"Pressemitteilung\"],\"inLanguage\":\"hu\"},{\"@type\":\"WebPage\",\"@id\":\"https:\\\/\\\/gradido.net\\\/bg\\\/fairness-und-fuersorge-fuer-corona-jugend\\\/\",\"url\":\"https:\\\/\\\/gradido.net\\\/bg\\\/fairness-und-fuersorge-fuer-corona-jugend\\\/\",\"name\":\"Fairness und F\u00fcrsorge f\u00fcr \u201aCorona-Jugend\u2018 - Gradido\",\"isPartOf\":{\"@id\":\"https:\\\/\\\/gradido.net\\\/de\\\/#website\"},\"primaryImageOfPage\":{\"@id\":\"https:\\\/\\\/gradido.net\\\/bg\\\/fairness-und-fuersorge-fuer-corona-jugend\\\/#primaryimage\"},\"image\":{\"@id\":\"https:\\\/\\\/gradido.net\\\/bg\\\/fairness-und-fuersorge-fuer-corona-jugend\\\/#primaryimage\"},\"thumbnailUrl\":\"https:\\\/\\\/gradido.net\\\/wp-content\\\/uploads\\\/2020\\\/12\\\/corona_solidaritaet_jugend-1.jpg\",\"datePublished\":\"2020-12-08T16:23:44+00:00\",\"dateModified\":\"2021-12-11T12:03:16+00:00\",\"breadcrumb\":{\"@id\":\"https:\\\/\\\/gradido.net\\\/bg\\\/fairness-und-fuersorge-fuer-corona-jugend\\\/#breadcrumb\"},\"inLanguage\":\"hu\",\"potentialAction\":[{\"@type\":\"ReadAction\",\"target\":[\"https:\\\/\\\/gradido.net\\\/bg\\\/fairness-und-fuersorge-fuer-corona-jugend\\\/\"]}]},{\"@type\":\"ImageObject\",\"inLanguage\":\"hu\",\"@id\":\"https:\\\/\\\/gradido.net\\\/bg\\\/fairness-und-fuersorge-fuer-corona-jugend\\\/#primaryimage\",\"url\":\"https:\\\/\\\/gradido.net\\\/wp-content\\\/uploads\\\/2020\\\/12\\\/corona_solidaritaet_jugend-1.jpg\",\"contentUrl\":\"https:\\\/\\\/gradido.net\\\/wp-content\\\/uploads\\\/2020\\\/12\\\/corona_solidaritaet_jugend-1.jpg\",\"width\":1459,\"height\":990},{\"@type\":\"BreadcrumbList\",\"@id\":\"https:\\\/\\\/gradido.net\\\/bg\\\/fairness-und-fuersorge-fuer-corona-jugend\\\/#breadcrumb\",\"itemListElement\":[{\"@type\":\"ListItem\",\"position\":1,\"name\":\"Startseite\",\"item\":\"https:\\\/\\\/gradido.net\\\/\"},{\"@type\":\"ListItem\",\"position\":2,\"name\":\"Fairness und F\u00fcrsorge f\u00fcr \u201aCorona-Jugend\u2018\"}]},{\"@type\":\"WebSite\",\"@id\":\"https:\\\/\\\/gradido.net\\\/de\\\/#website\",\"url\":\"https:\\\/\\\/gradido.net\\\/de\\\/\",\"name\":\"Gradido\",\"description\":\"Die neue W\u00e4hrung hei\u00dft Dankbarkeit\",\"publisher\":{\"@id\":\"https:\\\/\\\/gradido.net\\\/de\\\/#organization\"},\"potentialAction\":[{\"@type\":\"SearchAction\",\"target\":{\"@type\":\"EntryPoint\",\"urlTemplate\":\"https:\\\/\\\/gradido.net\\\/de\\\/?s={search_term_string}\"},\"query-input\":{\"@type\":\"PropertyValueSpecification\",\"valueRequired\":true,\"valueName\":\"search_term_string\"}}],\"inLanguage\":\"hu\"},{\"@type\":\"Organization\",\"@id\":\"https:\\\/\\\/gradido.net\\\/de\\\/#organization\",\"name\":\"Gradido\",\"url\":\"https:\\\/\\\/gradido.net\\\/de\\\/\",\"logo\":{\"@type\":\"ImageObject\",\"inLanguage\":\"hu\",\"@id\":\"https:\\\/\\\/gradido.net\\\/de\\\/#\\\/schema\\\/logo\\\/image\\\/\",\"url\":\"https:\\\/\\\/gradido.net\\\/wp-content\\\/uploads\\\/2022\\\/04\\\/gradido-social.jpg\",\"contentUrl\":\"https:\\\/\\\/gradido.net\\\/wp-content\\\/uploads\\\/2022\\\/04\\\/gradido-social.jpg\",\"width\":527,\"height\":273,\"caption\":\"Gradido\"},\"image\":{\"@id\":\"https:\\\/\\\/gradido.net\\\/de\\\/#\\\/schema\\\/logo\\\/image\\\/\"}},{\"@type\":\"Person\",\"@id\":\"https:\\\/\\\/gradido.net\\\/de\\\/#\\\/schema\\\/person\\\/9c503a004ad15a1ddecadce2218db5d1\",\"name\":\"Bernd H\u00fcckst\u00e4dt\",\"sameAs\":[\"https:\\\/\\\/gradido.net\"],\"url\":\"https:\\\/\\\/gradido.net\\\/hu\\\/author\\\/bernd\\\/\"}]}<\/script>\n<!-- \/ Yoast SEO plugin. -->","yoast_head_json":{"title":"M\u00e9lt\u00e1nyoss\u00e1g \u00e9s gondoskod\u00e1s a \"coronai fiatalok\" sz\u00e1m\u00e1ra - Gradido","robots":{"index":"index","follow":"follow","max-snippet":"max-snippet:-1","max-image-preview":"max-image-preview:large","max-video-preview":"max-video-preview:-1"},"canonical":"https:\/\/gradido.net\/hu\/fairness-und-fuersorge-fuer-corona-jugend\/","og_locale":"hu_HU","og_type":"article","og_title":"Fairness und F\u00fcrsorge f\u00fcr \u201aCorona-Jugend\u2018 - Gradido","og_description":"Alt gegen Jung alternativlos? K\u00fcnzelsau, 08.12.2020 \u2013 Verantwortungslose Partymacher oder medaillengeschm\u00fcckte \u201efaule Waschb\u00e4ren\u201c? Medien und Politik haben die Jugend zum S\u00fcndenbock der Corona-Krise gemacht. Nun aber bekommt dieses unsch\u00f6ne Bild Risse. Erste Studien belegen die gro\u00dfe Loyalit\u00e4t und R\u00fccksichtnahme der jungen Generation \u2013 und deren massive Belastung durch Krise und Kontaktverbote. Den oberfl\u00e4chlichen Umgang mit [&hellip;]","og_url":"https:\/\/gradido.net\/hu\/fairness-und-fuersorge-fuer-corona-jugend\/","og_site_name":"Gradido","article_published_time":"2020-12-08T16:23:44+00:00","article_modified_time":"2021-12-11T12:03:16+00:00","og_image":[{"width":1459,"height":990,"url":"https:\/\/gradido.net\/wp-content\/uploads\/2020\/12\/corona_solidaritaet_jugend-1.jpg","type":"image\/jpeg"}],"author":"Bernd H\u00fcckst\u00e4dt","twitter_card":"summary_large_image","twitter_misc":{"Szerz\u0151:":"Bernd H\u00fcckst\u00e4dt","Becs\u00fclt olvas\u00e1si id\u0151":"7 perc"},"schema":{"@context":"https:\/\/schema.org","@graph":[{"@type":"Article","@id":"https:\/\/gradido.net\/bg\/fairness-und-fuersorge-fuer-corona-jugend\/#article","isPartOf":{"@id":"https:\/\/gradido.net\/bg\/fairness-und-fuersorge-fuer-corona-jugend\/"},"author":{"name":"Bernd H\u00fcckst\u00e4dt","@id":"https:\/\/gradido.net\/de\/#\/schema\/person\/9c503a004ad15a1ddecadce2218db5d1"},"headline":"Fairness und F\u00fcrsorge f\u00fcr \u201aCorona-Jugend\u2018","datePublished":"2020-12-08T16:23:44+00:00","dateModified":"2021-12-11T12:03:16+00:00","mainEntityOfPage":{"@id":"https:\/\/gradido.net\/bg\/fairness-und-fuersorge-fuer-corona-jugend\/"},"wordCount":1384,"publisher":{"@id":"https:\/\/gradido.net\/de\/#organization"},"image":{"@id":"https:\/\/gradido.net\/bg\/fairness-und-fuersorge-fuer-corona-jugend\/#primaryimage"},"thumbnailUrl":"https:\/\/gradido.net\/wp-content\/uploads\/2020\/12\/corona_solidaritaet_jugend-1.jpg","keywords":["Bild oben"],"articleSection":["Pressemitteilung"],"inLanguage":"hu"},{"@type":"WebPage","@id":"https:\/\/gradido.net\/bg\/fairness-und-fuersorge-fuer-corona-jugend\/","url":"https:\/\/gradido.net\/bg\/fairness-und-fuersorge-fuer-corona-jugend\/","name":"M\u00e9lt\u00e1nyoss\u00e1g \u00e9s gondoskod\u00e1s a \"coronai fiatalok\" sz\u00e1m\u00e1ra - Gradido","isPartOf":{"@id":"https:\/\/gradido.net\/de\/#website"},"primaryImageOfPage":{"@id":"https:\/\/gradido.net\/bg\/fairness-und-fuersorge-fuer-corona-jugend\/#primaryimage"},"image":{"@id":"https:\/\/gradido.net\/bg\/fairness-und-fuersorge-fuer-corona-jugend\/#primaryimage"},"thumbnailUrl":"https:\/\/gradido.net\/wp-content\/uploads\/2020\/12\/corona_solidaritaet_jugend-1.jpg","datePublished":"2020-12-08T16:23:44+00:00","dateModified":"2021-12-11T12:03:16+00:00","breadcrumb":{"@id":"https:\/\/gradido.net\/bg\/fairness-und-fuersorge-fuer-corona-jugend\/#breadcrumb"},"inLanguage":"hu","potentialAction":[{"@type":"ReadAction","target":["https:\/\/gradido.net\/bg\/fairness-und-fuersorge-fuer-corona-jugend\/"]}]},{"@type":"ImageObject","inLanguage":"hu","@id":"https:\/\/gradido.net\/bg\/fairness-und-fuersorge-fuer-corona-jugend\/#primaryimage","url":"https:\/\/gradido.net\/wp-content\/uploads\/2020\/12\/corona_solidaritaet_jugend-1.jpg","contentUrl":"https:\/\/gradido.net\/wp-content\/uploads\/2020\/12\/corona_solidaritaet_jugend-1.jpg","width":1459,"height":990},{"@type":"BreadcrumbList","@id":"https:\/\/gradido.net\/bg\/fairness-und-fuersorge-fuer-corona-jugend\/#breadcrumb","itemListElement":[{"@type":"ListItem","position":1,"name":"Startseite","item":"https:\/\/gradido.net\/"},{"@type":"ListItem","position":2,"name":"Fairness und F\u00fcrsorge f\u00fcr \u201aCorona-Jugend\u2018"}]},{"@type":"WebSite","@id":"https:\/\/gradido.net\/de\/#website","url":"https:\/\/gradido.net\/de\/","name":"Gradido","description":"Az \u00faj p\u00e9nznem a h\u00e1la","publisher":{"@id":"https:\/\/gradido.net\/de\/#organization"},"potentialAction":[{"@type":"SearchAction","target":{"@type":"EntryPoint","urlTemplate":"https:\/\/gradido.net\/de\/?s={search_term_string}"},"query-input":{"@type":"PropertyValueSpecification","valueRequired":true,"valueName":"search_term_string"}}],"inLanguage":"hu"},{"@type":"Organization","@id":"https:\/\/gradido.net\/de\/#organization","name":"Gradido","url":"https:\/\/gradido.net\/de\/","logo":{"@type":"ImageObject","inLanguage":"hu","@id":"https:\/\/gradido.net\/de\/#\/schema\/logo\/image\/","url":"https:\/\/gradido.net\/wp-content\/uploads\/2022\/04\/gradido-social.jpg","contentUrl":"https:\/\/gradido.net\/wp-content\/uploads\/2022\/04\/gradido-social.jpg","width":527,"height":273,"caption":"Gradido"},"image":{"@id":"https:\/\/gradido.net\/de\/#\/schema\/logo\/image\/"}},{"@type":"Person","@id":"https:\/\/gradido.net\/de\/#\/schema\/person\/9c503a004ad15a1ddecadce2218db5d1","name":"Bernd H\u00fcckst\u00e4dt","sameAs":["https:\/\/gradido.net"],"url":"https:\/\/gradido.net\/hu\/author\/bernd\/"}]}},"_links":{"self":[{"href":"https:\/\/gradido.net\/hu\/wp-json\/wp\/v2\/posts\/1317","targetHints":{"allow":["GET"]}}],"collection":[{"href":"https:\/\/gradido.net\/hu\/wp-json\/wp\/v2\/posts"}],"about":[{"href":"https:\/\/gradido.net\/hu\/wp-json\/wp\/v2\/types\/post"}],"author":[{"embeddable":true,"href":"https:\/\/gradido.net\/hu\/wp-json\/wp\/v2\/users\/2"}],"replies":[{"embeddable":true,"href":"https:\/\/gradido.net\/hu\/wp-json\/wp\/v2\/comments?post=1317"}],"version-history":[{"count":14,"href":"https:\/\/gradido.net\/hu\/wp-json\/wp\/v2\/posts\/1317\/revisions"}],"predecessor-version":[{"id":3748,"href":"https:\/\/gradido.net\/hu\/wp-json\/wp\/v2\/posts\/1317\/revisions\/3748"}],"wp:featuredmedia":[{"embeddable":true,"href":"https:\/\/gradido.net\/hu\/wp-json\/wp\/v2\/media\/1339"}],"wp:attachment":[{"href":"https:\/\/gradido.net\/hu\/wp-json\/wp\/v2\/media?parent=1317"}],"wp:term":[{"taxonomy":"category","embeddable":true,"href":"https:\/\/gradido.net\/hu\/wp-json\/wp\/v2\/categories?post=1317"},{"taxonomy":"post_tag","embeddable":true,"href":"https:\/\/gradido.net\/hu\/wp-json\/wp\/v2\/tags?post=1317"}],"curies":[{"name":"wp","href":"https:\/\/api.w.org\/{rel}","templated":true}]}}