{"id":1731,"date":"2021-01-27T16:31:50","date_gmt":"2021-01-27T15:31:50","guid":{"rendered":"https:\/\/gradido.net\/?p=1731"},"modified":"2021-12-11T20:57:47","modified_gmt":"2021-12-11T19:57:47","slug":"gradido-garantiert-gleichberechtigung-von-mann-und-frau","status":"publish","type":"post","link":"https:\/\/gradido.net\/hu\/gradido-garantiert-gleichberechtigung-von-mann-und-frau\/","title":{"rendered":"A Gradido egyenl\u0151 jogokat biztos\u00edt a f\u00e9rfiak \u00e9s n\u0151k sz\u00e1m\u00e1ra."},"content":{"rendered":"<div data-elementor-type=\"wp-post\" data-elementor-id=\"1731\" class=\"elementor elementor-1731\" data-elementor-post-type=\"post\">\n\t\t\t\t\t\t<section class=\"elementor-section elementor-top-section elementor-element elementor-element-496e1d53 elementor-section-boxed elementor-section-height-default elementor-section-height-default\" data-id=\"496e1d53\" data-element_type=\"section\" data-e-type=\"section\">\n\t\t\t\t\t\t<div class=\"elementor-container elementor-column-gap-default\">\n\t\t\t\t\t<div class=\"elementor-column elementor-col-100 elementor-top-column elementor-element elementor-element-461d7be0\" data-id=\"461d7be0\" data-element_type=\"column\" data-e-type=\"column\">\n\t\t\t<div class=\"elementor-widget-wrap elementor-element-populated\">\n\t\t\t\t\t\t<div class=\"elementor-element elementor-element-cd9ebe2 elementor-widget elementor-widget-text-editor\" data-id=\"cd9ebe2\" data-element_type=\"widget\" data-e-type=\"widget\" data-widget_type=\"text-editor.default\">\n\t\t\t\t<div class=\"elementor-widget-container\">\n\t\t\t\t\t\t\t\t\t<h2>A lez\u00e1r\u00e1s az es\u00e9lyegyenl\u0151s\u00e9g kudarc\u00e1r\u00f3l \u00e1rulkodik?<\/h2><p><strong>K\u00fcnzelsau, 2021.01.27. - A n\u0151k m\u00e9g soha nem voltak annyira \"rendszerszint\u0171ek\", mint a Corona-v\u00e1ls\u00e1gban - \u00e9s ritk\u00e1n voltak annyira megterheltek. Vil\u00e1gszerte a szoci\u00e1lis \u00e9s gondoz\u00f3i szakm\u00e1kban dolgoz\u00f3k 70 sz\u00e1zal\u00e9ka n\u0151. M\u00e9g norm\u00e1lis id\u0151kben is \u00e1tlagosan h\u00e1romszor annyi fizetetlen \"gondoz\u00e1si munk\u00e1t\" v\u00e9geznek, mint a f\u00e9rfiak. A jelenlegi v\u00e1ls\u00e1gban ez fenyeget azzal, hogy ez lesz a veszt\u00fck. T\u00falnyom\u00f3r\u00e9szt a n\u0151k azok, akik minden egyes bez\u00e1r\u00e1ssal tov\u00e1bb cs\u00f6kkentik munkaidej\u00fcket, hogy gyermekeikre vigy\u00e1zzanak, iskol\u00e1ba j\u00e1rjanak vagy r\u00e1szorul\u00f3 csal\u00e1dtagjaikr\u00f3l gondoskodjanak. Ez a fejlem\u00e9ny vil\u00e1gosan mutatja, hogy a felt\u00e9telezett egyenl\u0151s\u00e9g val\u00f3j\u00e1ban mennyire t\u00f6r\u00e9keny volt. Val\u00f3j\u00e1ban fenn\u00e1ll a vesz\u00e9lye annak, hogy a n\u0151k lesznek a v\u00e1ls\u00e1g nagy vesztesei, ha a munka vil\u00e1g\u00e1t nem reform\u00e1lj\u00e1k meg \u00e1tfog\u00f3an. A t\u00e1rsadalomtud\u00f3sok sz\u00e1m\u00e1ra a jelenlegi foglalkoztat\u00e1si modellek alapvet\u0151 \u00e1talak\u00edt\u00e1sa elker\u00fclhetetlennek t\u0171nik, ha a f\u00e9rfiak \u00e9s n\u0151k v\u00e9gre egyenl\u0151 es\u00e9lyekkel akarnak rendelkezni. A Gradido Akad\u00e9mia \u00fczleti bionika szak\u00e9rt\u0151i m\u00e1r kidolgozt\u00e1k a megfelel\u0151 koncepci\u00f3t ehhez. Szil\u00e1rdan a nemek egyenl\u0151 r\u00e9szv\u00e9tel\u00e9re \u00e9p\u00edtenek - a term\u00e9szet sikermodelljei szerint. <\/strong><\/p><p>Hagyom\u00e1nyosan a n\u0151k nemcsak az id\u0151sek \u00e9s a betegek gondoz\u00e1s\u00e1ban v\u00e1llalnak oroszl\u00e1nr\u00e9szt, hanem a h\u00e1ztart\u00e1si \u00e9s csal\u00e1di munk\u00e1ban, valamint a r\u00e1szorul\u00f3 rokonok gondoz\u00e1s\u00e1ban is. Egyr\u00e9szt azt a hagyom\u00e1nyos \u00f6nk\u00e9pet szolg\u00e1lj\u00e1k, hogy ez a szeret\u0151 gondoskod\u00e1s kifejez\u0151d\u00e9se. M\u00e1sr\u00e9szt a n\u0151i munkav\u00e1llal\u00f3k tart\u00f3san alacsonyabb fizet\u00e9se azt jelenti, hogy m\u00e9g ma is t\u00falnyom\u00f3r\u00e9szt a n\u0151k azok, akik cs\u00f6kkentik szakmai elk\u00f6telezetts\u00e9g\u00fcket, amikor a gyermekek vagy a sz\u00fcl\u0151k t\u00e1mogat\u00e1sra szorulnak. Ha a kett\u0151s teher m\u00e1r a Corona-v\u00e1ls\u00e1g el\u0151tt is nagy kih\u00edv\u00e1st jelentett, akkor a home office \u00e9s a mag\u00e1ntanul\u00e1s idej\u00e9n s\u00falyos teherr\u00e9 v\u00e1lik - fenyeget\u0151 k\u00f6vetkezm\u00e9nyekkel. A leg\u00fajabb kutat\u00e1sok kimutatt\u00e1k, hogy minden egyes tov\u00e1bbi bez\u00e1r\u00e1ssal a n\u0151k tov\u00e1bb cs\u00f6kkentik munkaidej\u00fcket a n\u00f6vekv\u0151 csal\u00e1di k\u00f6telezetts\u00e9gek jav\u00e1ra. A k\u00f6zgazd\u00e1szok att\u00f3l tartanak, hogy sok n\u0151i munkav\u00e1llal\u00f3t tart\u00f3s j\u00f6vedelemkies\u00e9s \u00e9s f\u00e1jdalmas karrier-visszaes\u00e9s fenyeget e fejlem\u00e9ny miatt.<\/p><p>A N\u00e9met Gazdas\u00e1gkutat\u00f3 Int\u00e9zet szerint a n\u0151k ar\u00e1nya a \"rendszernek megfelel\u0151\" foglalkoz\u00e1si csoportokban k\u00f6zel 75 sz\u00e1zal\u00e9k. \u00c1pol\u00f3k\u00e9nt \u00e9s id\u0151sgondoz\u00f3k\u00e9nt a frontvonalon gondoskodnak a beteg emberekr\u0151l. A p\u00e9nzt\u00e1rosok \"m\u0171k\u00f6dtetik a boltot\". A nevel\u0151n\u0151k azok gyermekeire vigy\u00e1znak, akik nem tudnak t\u00e1vol maradni a rendszerhez tartoz\u00f3 munk\u00e1jukt\u00f3l, amikor az iskol\u00e1k \u00e9s a b\u00f6lcs\u0151d\u00e9k z\u00e1rva vannak. Ezekben a \"n\u0151i munkak\u00f6r\u00f6kben\" azonban nemcsak az a k\u00f6z\u00f6s, hogy a Corona-v\u00e1ls\u00e1gban n\u00e9lk\u00fcl\u00f6zhetetlennek tekintik \u0151ket, hanem az is, hogy t\u00falnyom\u00f3r\u00e9szt rosszul fizetettek. Szabadon k\u00f6vetve a mott\u00f3t: \"Amit a csal\u00e1dban \"ingyen\" v\u00e9geznek, az nem ker\u00fclhet sokba\", a tipikusan n\u0151i tev\u00e9kenys\u00e9gek m\u00e9g mindig nem rendelkeznek megfelel\u0151 gazdas\u00e1gi \u00e9rt\u00e9kkel a munkaer\u0151piacon. \"A gondoz\u00e1si munk\u00e1nak ez a t\u00e1rsadalmi semmibev\u00e9tele nemcsak elviselhetetlen, hanem a legnagyobb m\u00e9rt\u00e9kben \u00e9rtelmetlen is\" - h\u00e1borodott fel Margret Baier, a Gradido Akad\u00e9mia tulajdonosa, mert ez a n\u0151i gondoz\u00e1si munka egzisztenci\u00e1lis a gazdas\u00e1gunk \u00e9s a j\u00f3l\u00e9t\u00fcnk szempontj\u00e1b\u00f3l is. A n\u0151k munkateljes\u00edtm\u00e9nye a rendszer\u00fcnk gerince, nem csak ebben a v\u00e1ls\u00e1gban.\"<\/p><p>Ett\u0151l f\u00fcggetlen\u00fcl a Bertelsmann Alap\u00edtv\u00e1ny legut\u00f3bbi felm\u00e9r\u00e9se meger\u0151s\u00edtette, hogy a Corona-v\u00e1ls\u00e1g milyen massz\u00edvan manifeszt\u00e1lta a hagyom\u00e1nyos szerepmodelleket a csal\u00e1dban - \u00e9s hogy ennek k\u00f6vetkezt\u00e9ben a n\u0151k fizikailag \u00e9s lelkileg mennyire t\u00falterheltek. \"Sz\u00fcks\u00e9g van egy interdiszciplin\u00e1ris t\u00e1rsadalmi diskurzusra a modern munka vil\u00e1g\u00e1nak el\u0151nyeir\u0151l \u00e9s h\u00e1tr\u00e1nyair\u00f3l. A munkaer\u0151piac \u00e9s a foglalkoztat\u00e1spolitika, a csal\u00e1d- \u00e9s az eg\u00e9szs\u00e9gpolitika t\u00f6bb\u00e9 nem tekinthet\u0151 k\u00fcl\u00f6n\u00e1ll\u00f3an\" - mondja Martin Spilker, az Alap\u00edtv\u00e1ny saj\u00e1t, a v\u00e1llalati kult\u00far\u00e1val \u00e9s vezet\u00e9ssel foglalkoz\u00f3 kompetenciak\u00f6zpontj\u00e1nak igazgat\u00f3ja.<\/p><p>\"S\u00fcrg\u0151sen sz\u00fcks\u00e9g\u00fcnk van rugalmasabb munkamodellekre, valamint a gondoz\u00e1si munka megfelel\u0151 megbecs\u00fcl\u00e9s\u00e9re \u00e9s d\u00edjaz\u00e1s\u00e1ra\" - er\u0151s\u00edti meg Bernd H\u00fcckst\u00e4dt, a Gradido Academy t\u00e1rsalap\u00edt\u00f3ja is. A f\u00fcggetlen kutat\u00f3int\u00e9zet gazdas\u00e1gi bionikai szak\u00e9rt\u0151i t\u00f6bb mint k\u00e9t \u00e9vtizede dolgozt\u00e1k ki a Gradido Common Wealth Currency-t, amely egy \u00faj gazdas\u00e1gi \u00e9s p\u00e9nz\u00fcgyi modell k\u00f6zponti eleme. \"M\u00e1r nagyon r\u00e9g\u00f3ta vil\u00e1gos sz\u00e1munkra, hogy az uralkod\u00f3 modell hossz\u00fa t\u00e1von nem m\u0171k\u00f6dhet tov\u00e1bb. A v\u00e1ls\u00e1g teh\u00e1t nem hozott sz\u00e1munkra meglepet\u00e9seket, hanem csak az elker\u00fclhetetlen\u00fcl bek\u00f6vetkez\u0151 probl\u00e9m\u00e1kat helyezte el\u0151t\u00e9rbe. Most azonban s\u00fcrg\u0151s korrekci\u00f3ra van sz\u00fcks\u00e9g, mert a j\u00f6v\u0151 gener\u00e1ci\u00f3i semmik\u00e9ppen sem engedhetik meg, hogy olyan \u00e9letm\u00f3dra k\u00e9nyszer\u00edts\u00e9k \u0151ket, amelyet a jelenlegi gazdas\u00e1gi modell folytat\u00e1sa hozna sz\u00e1mukra. Hogy a n\u0151k m\u00e1r most mennyire szenvednek ett\u0151l, az most v\u00e1lik nyilv\u00e1nval\u00f3v\u00e1.\"<\/p><p>A Gradido Akad\u00e9mia megold\u00e1si modellje a term\u00e9szet \u00e9vezredes sikermodelljeire \u00e9p\u00fcl. A bionika gazdas\u00e1gi szak\u00e9rt\u0151i, a keletkez\u00e9s \u00e9s elm\u00fal\u00e1s term\u00e9szetes k\u00f6rforg\u00e1s\u00e1t k\u00f6vetve, megalkott\u00e1k a Gradido k\u00f6zj\u00f3 valuta kombin\u00e1ci\u00f3j\u00e1t az \"Akt\u00edv Alapj\u00f6vedelemmel\" \u00e9s a \"H\u00e1romszoros J\u00f3\" szerinti ad\u00f3ss\u00e1gmentes p\u00e9nzteremt\u00e9ssel. Konkr\u00e9tan, a jelenlegi gazdas\u00e1gi \u00e9s p\u00e9nz\u00fcgyi rendszer \u00e1talak\u00edt\u00e1sa a Gradido-modellbe az ad\u00f3ss\u00e1gp\u00e9nz elv\u00e9nek v\u00e9g\u00e9t jelenten\u00e9. Ehelyett minden szem\u00e9ly sz\u00e1m\u00e1ra havonta 3 x 1000 Gradido ker\u00fclne l\u00e9trehoz\u00e1sra. 1 000 Gradido \u00e1llna az \u00e1llami k\u00f6lts\u00e9gvet\u00e9s rendelkez\u00e9s\u00e9re. N\u00e9metorsz\u00e1gban ez a p\u00e9nzteremt\u00e9s nagyj\u00e1b\u00f3l a jelenlegi (sz\u00f6vets\u00e9gi, \u00e1llami \u00e9s \u00f6nkorm\u00e1nyzati) \u00e1llami k\u00f6lts\u00e9gvet\u00e9snek, valamint az eg\u00e9szs\u00e9g\u00fcgyi \u00e9s szoci\u00e1lis szolg\u00e1ltat\u00e1soknak felelne meg. Tov\u00e1bbi 1000 Gradido-t hozn\u00e1nak l\u00e9tre fejenk\u00e9nt a kiegyenl\u00edt\u00e9si \u00e9s k\u00f6rnyezetv\u00e9delmi alap sz\u00e1m\u00e1ra. Az utols\u00f3 harmad \"akt\u00edv alapj\u00f6vedelem\" form\u00e1j\u00e1ban mindenki sz\u00e1m\u00e1ra el\u00e9rhet\u0151 lenne, \u00e9s \u00edgy nem csak azt biztos\u00edtan\u00e1, hogy minden egyes ember sz\u00e1m\u00e1ra rendelkez\u00e9sre \u00e1lljanak az \u00e9lethez sz\u00fcks\u00e9ges dolgok, hanem azt is, hogy a n\u0151k \u00e9s a f\u00e9rfiak a j\u00f6v\u0151ben egyform\u00e1n akt\u00edvak \u00e9s teljes \u00e9rt\u00e9k\u0171ek lehessenek karrierj\u00fck \u00e9s csal\u00e1djuk ter\u00e9n.<\/p><p>A struktur\u00e1lis v\u00e1ltoz\u00e1s sz\u00fcks\u00e9gess\u00e9g\u00e9t Prof. Dr. Bettina Kohlrausch, a Hans B\u00f6ckler Alap\u00edtv\u00e1ny Gazdas\u00e1gi \u00e9s T\u00e1rsadalomtudom\u00e1nyi Int\u00e9zet\u00e9nek (WSI) tudom\u00e1nyos igazgat\u00f3ja is meger\u0151s\u00edtette. A \"Systemrelevant\" c\u00edm\u0171 podcastben r\u00e9szletesen kit\u00e9r arra a k\u00e9rd\u00e9sre, hogy a Corona-v\u00e1ls\u00e1g mennyire s\u00fajtja a n\u0151ket: \"Elengedhetetlen a val\u00f3di struktur\u00e1lis v\u00e1ltoz\u00e1s, mert nem lehet az, hogy a n\u0151kkel szemben term\u00e9szetes, hogy rosszul fizetett, alulfizetett vagy fizetetlen munk\u00e1t v\u00e9gezzenek. A mai strukt\u00far\u00e1k csak az\u00e9rt m\u0171k\u00f6dnek, mert a n\u0151k k\u00e9tszeresen szocializ\u00e1l\u00f3dnak, \u00edgy utaznak a munkaer\u0151piacon \u00e9s a mag\u00e1nell\u00e1t\u00e1sban, \u00e9s mindk\u00e9t ter\u00fcleten olyan munk\u00e1t v\u00e9geznek, amelyet nem ismernek el megfelel\u0151en.\" Kohlrausch, aki egyben a Paderborni Egyetem \u00e1talakul\u00e1ssal foglalkoz\u00f3 professzora is, emellett felsz\u00f3l\u00edt arra, hogy \"a munka \u00e9s a j\u00f6vedelemszerz\u0151 tev\u00e9kenys\u00e9g idej\u00e9t re\u00e1lisan \u00fagy szervezz\u00fck meg, hogy elegend\u0151 id\u0151 maradjon a csal\u00e1di munk\u00e1ra \u00e9s az \u00f6nk\u00e9ntes tev\u00e9kenys\u00e9gekre\".<\/p><p>\"Csak a patriarch\u00e1lis gazdas\u00e1gi \u00e9s p\u00e9nz\u00fcgyi rendszer \u00e1talak\u00edt\u00e1sa lesz k\u00e9pes megsz\u00fcntetni azokat a hossz\u00fa t\u00e1v\u00fa probl\u00e9m\u00e1kat, amelyek a legt\u00f6bb n\u0151 \u00e9lethosszig tart\u00f3 munkaer\u0151-piaci diszkrimin\u00e1ci\u00f3j\u00e1b\u00f3l fakadnak: Az \u00f6r\u00f6kk\u00e9 fenyeget\u0151 szeg\u00e9nys\u00e9gi csapda, amikor egy h\u00e1zass\u00e1g meghi\u00fasul, vagy az egyed\u00fcl\u00e1ll\u00f3 sz\u00fcl\u0151k sz\u00e1m\u00e1ra - \u00e9s az id\u0151skori szeg\u00e9nys\u00e9g, amely k\u00fcl\u00f6n\u00f6sen a n\u0151ket \u00e9rinti\" - fejti ki Bernd H\u00fcckst\u00e4dt, \u00e9s kifejti: \"A mi Gradido-modell\u00fcnkben a gondoz\u00e1si munka ez\u00e9rt ugyanolyan megbecs\u00fcl\u00e9st kap, mint b\u00e1rmely m\u00e1s feladat. Az a c\u00e9lunk, hogy olyan vil\u00e1got alak\u00edtsunk ki, amely val\u00f3ban megfelel az \u00e9let val\u00f3s\u00e1g\u00e1nak \u00e9s az emberek sz\u00fcks\u00e9gleteinek.\" Margret Baier hozz\u00e1teszi: \"A term\u00e9szet p\u00e9ld\u00e1j\u00e1t k\u00f6vetve minden sikeres modell a n\u0151i \u00e9s f\u00e9rfi hat\u00e1sok egyenl\u0151 k\u00e9pviselet\u00e9b\u0151l \u00e9l - m\u00e9g \"n\u0151i kv\u00f3ta\" n\u00e9lk\u00fcl is. A Gradido Akad\u00e9mi\u00e1n sok n\u0151 a kezdetekt\u0151l fogva akt\u00edv volt.\"<\/p><p>Annak \u00e9rdek\u00e9ben, hogy az emberek alapvet\u0151 sz\u00fcks\u00e9gletei a munk\u00e1val t\u00f6lt\u00f6tt \u00e9let\u00fck minden szakasz\u00e1ban biztos\u00edtva legyenek, a Gradido modell alapj\u00f6vedelmet is biztos\u00edt. A sokat vitatott felt\u00e9tel n\u00e9lk\u00fcli alapj\u00f6vedelemmel ellent\u00e9tben az \"akt\u00edv alapj\u00f6vedelmet\", amely havi legfeljebb 1000 gradid\u00f3t jelent, az emberek olyan tev\u00e9kenys\u00e9gek\u00e9rt kapj\u00e1k, amelyeket \u00f6nk\u00e9nt v\u00e1llalnak, hogy hozz\u00e1j\u00e1ruljanak a k\u00f6z\u00f6ss\u00e9ghez \u00e9s a k\u00f6z\u00f6ss\u00e9g\u00e9rt. Ebben a tekintetben mindannak a megbecs\u00fcl\u00e9se, ami a gondoskod\u00f3 egy\u00fcttl\u00e9thez elengedhetetlen, kv\u00e1zi immanens ebben a rendszerben. A \"felt\u00e9tel n\u00e9lk\u00fcli \u00e9s egyenl\u0151 r\u00e9szv\u00e9tel\" tov\u00e1bb\u00e1 lehet\u0151s\u00e9get teremt arra, hogy a n\u0151k, f\u00e9rfiak \u00e9s gyermekek minden koroszt\u00e1ly sz\u00e1m\u00e1ra \u00faj tehets\u00e9geket fedezzenek fel, kipr\u00f3b\u00e1lj\u00e1k magukat a legk\u00fcl\u00f6nb\u00f6z\u0151bb ter\u00fcleteken, \u00e9s ez\u00e1ltal teljes m\u00e9rt\u00e9kben kibontakoztass\u00e1k a benn\u00fck rejl\u0151 lehet\u0151s\u00e9geket. Bernd H\u00fcckst\u00e4dt elmondja: \"Kijel\u00f6lt c\u00e9lunk, hogy minden nem\u0171, b\u0151rsz\u00edn\u0171 \u00e9s sz\u00e1rmaz\u00e1s\u00fa gyermeknek \u00e9s gyermekgyermeknek \u00e9lhet\u0151 j\u00f6v\u0151t biztos\u00edtsunk. Ez azt felt\u00e9telezi, hogy mindenki j\u00f3l van \u00e9s gondoskodik egym\u00e1sr\u00f3l. Ez boldogg\u00e1 teszi az embereket, mert nemcsak a sz\u00edv\u00fck t\u00e1gul, hanem a lehet\u0151s\u00e9g is, hogy a f\u00f6ldi \u00e9let\u00fcket \u00e9rtelmesen \u00e9s v\u00e1ltozatosan alak\u00edts\u00e1k. Ut\u00f3pisztikusan hangzik, de eredm\u00e9nyeink szerint ez val\u00f3ban megval\u00f3s\u00edthat\u00f3.\"<\/p><p>A teljes \"Gradido modell\" \u00e9s a Gradido podcast r\u00e9szletei a k\u00f6vetkez\u0151 c\u00edmen \u00e9rhet\u0151ek el <a href=\"https:\/\/gradido.net\/hu\/\">https:\/\/gradido.net<\/a><\/p><p><!-- \/wp:paragraph --><\/p>\t\t\t\t\t\t\t\t<\/div>\n\t\t\t\t<\/div>\n\t\t\t\t<div class=\"elementor-element elementor-element-e9ff241 elementor-widget elementor-widget-text-editor\" data-id=\"e9ff241\" data-element_type=\"widget\" data-e-type=\"widget\" data-widget_type=\"text-editor.default\">\n\t\t\t\t<div class=\"elementor-widget-container\">\n\t\t\t\t\t\t\t\t\t<p><strong>A Gradido Akad\u00e9mi\u00e1r\u00f3l<\/strong><br>A Gradido Academy for Economic Bionics kifejlesztett egy alternat\u00edv \"k\u00f6zj\u00f3 valut\u00e1t\", amely a term\u00e9szet mint\u00e1j\u00e1ra k\u00e9sz\u00fclt. A term\u00e9szet azt a szab\u00e1lyt k\u00f6veti, hogy csak ott, ahol valami elm\u00falik, keletkezhet valami \u00faj, \u00e9s \u00edgy hossz\u00fa t\u00e1v\u00fa fejl\u0151d\u00e9s (evol\u00faci\u00f3) lehets\u00e9ges. A siker receptje az \"\u00e9let k\u00f6rforg\u00e1sa\". Ha a mi gazdas\u00e1gunk is ezt a term\u00e9szetes ciklust k\u00f6vetn\u00e9, az a gazdas\u00e1gi bionika szak\u00e9rt\u0151i szerint gyakorlatilag a vil\u00e1g \u00f6sszes p\u00e9nzzel kapcsolatos probl\u00e9m\u00e1j\u00e1t megoldan\u00e1. A Gradido modell azon az elk\u00e9pzel\u00e9sen alapul, hogy nemcsak minden szem\u00e9ly, hanem minden \u00e1llam is kap egy hitelalapon l\u00e9trehozott j\u00f6vedelmet. Ezzel minden feladat\u00e1t ad\u00f3beszed\u00e9s n\u00e9lk\u00fcl is el tudja l\u00e1tni. A defl\u00e1ci\u00f3 vagy az infl\u00e1ci\u00f3 m\u00e1r a m\u00falt\u00e9. A gazdas\u00e1g megszabadul az \u00e1lland\u00f3 n\u00f6veked\u00e9si k\u00e9nyszert\u0151l, a p\u00e9nz\u00fcgyi rendszer \u00f6sszeoml\u00e1s\u00e1nak vesz\u00e9lye v\u00e9gre elh\u00e1rul. (<a href=\"https:\/\/gradido.net\/hu\/\">www.gradido.net<\/a>)<\/p>\t\t\t\t\t\t\t\t<\/div>\n\t\t\t\t<\/div>\n\t\t\t\t\t<\/div>\n\t\t<\/div>\n\t\t\t\t\t<\/div>\n\t\t<\/section>\n\t\t\t\t<\/div>","protected":false},"excerpt":{"rendered":"<p>Offenbart der Lockdown das Scheitern der Chancengleichheit? K\u00fcnzelsau, 27.01.2021 \u2013 Nie waren Frauen \u201asystemrelevanter\u2018 als in der Corona-Krise \u2013 und selten mehr belastet. Weltweit sind 70 Prozent des Personals in sozialen und pflegenden Berufen Frauen. Schon in normalen Zeiten leisten sie au\u00dferdem im Schnitt dreimal so viel unbezahlte \u201aSorgearbeit\u2018 wie M\u00e4nner. In der aktuellen Krise [&hellip;]<\/p>\n","protected":false},"author":2,"featured_media":1718,"comment_status":"closed","ping_status":"closed","sticky":false,"template":"","format":"standard","meta":{"footnotes":""},"categories":[8],"tags":[],"class_list":["post-1731","post","type-post","status-publish","format-standard","has-post-thumbnail","hentry","category-pressemitteilung"],"yoast_head":"<!-- This site is optimized with the Yoast SEO plugin v27.5 - https:\/\/yoast.com\/product\/yoast-seo-wordpress\/ -->\n<title>Gradido garantiert Gleichberechtigung von Mann und Frau - Gradido<\/title>\n<meta name=\"robots\" content=\"index, follow, max-snippet:-1, max-image-preview:large, max-video-preview:-1\" \/>\n<link rel=\"canonical\" href=\"https:\/\/gradido.net\/hu\/gradido-garantiert-gleichberechtigung-von-mann-und-frau\/\" \/>\n<meta property=\"og:locale\" content=\"hu_HU\" \/>\n<meta property=\"og:type\" content=\"article\" \/>\n<meta property=\"og:title\" content=\"Gradido garantiert Gleichberechtigung von Mann und Frau - Gradido\" \/>\n<meta property=\"og:description\" content=\"Offenbart der Lockdown das Scheitern der Chancengleichheit? K\u00fcnzelsau, 27.01.2021 \u2013 Nie waren Frauen \u201asystemrelevanter\u2018 als in der Corona-Krise \u2013 und selten mehr belastet. Weltweit sind 70 Prozent des Personals in sozialen und pflegenden Berufen Frauen. Schon in normalen Zeiten leisten sie au\u00dferdem im Schnitt dreimal so viel unbezahlte \u201aSorgearbeit\u2018 wie M\u00e4nner. In der aktuellen Krise [&hellip;]\" \/>\n<meta property=\"og:url\" content=\"https:\/\/gradido.net\/hu\/gradido-garantiert-gleichberechtigung-von-mann-und-frau\/\" \/>\n<meta property=\"og:site_name\" content=\"Gradido\" \/>\n<meta property=\"article:published_time\" content=\"2021-01-27T15:31:50+00:00\" \/>\n<meta property=\"article:modified_time\" content=\"2021-12-11T19:57:47+00:00\" \/>\n<meta property=\"og:image\" content=\"https:\/\/gradido.net\/wp-content\/uploads\/2021\/01\/chancengleichheit-scaled.jpg\" \/>\n\t<meta property=\"og:image:width\" content=\"2560\" \/>\n\t<meta property=\"og:image:height\" content=\"1737\" \/>\n\t<meta property=\"og:image:type\" content=\"image\/jpeg\" \/>\n<meta name=\"author\" content=\"Bernd H\u00fcckst\u00e4dt\" \/>\n<meta name=\"twitter:card\" content=\"summary_large_image\" \/>\n<meta name=\"twitter:label1\" content=\"Szerz\u0151:\" \/>\n\t<meta name=\"twitter:data1\" content=\"Bernd H\u00fcckst\u00e4dt\" \/>\n\t<meta name=\"twitter:label2\" content=\"Becs\u00fclt olvas\u00e1si id\u0151\" \/>\n\t<meta name=\"twitter:data2\" content=\"7 perc\" \/>\n<script type=\"application\/ld+json\" class=\"yoast-schema-graph\">{\"@context\":\"https:\\\/\\\/schema.org\",\"@graph\":[{\"@type\":\"Article\",\"@id\":\"https:\\\/\\\/gradido.net\\\/pl\\\/gradido-garantiert-gleichberechtigung-von-mann-und-frau\\\/#article\",\"isPartOf\":{\"@id\":\"https:\\\/\\\/gradido.net\\\/pl\\\/gradido-garantiert-gleichberechtigung-von-mann-und-frau\\\/\"},\"author\":{\"name\":\"Bernd H\u00fcckst\u00e4dt\",\"@id\":\"https:\\\/\\\/gradido.net\\\/de\\\/#\\\/schema\\\/person\\\/9c503a004ad15a1ddecadce2218db5d1\"},\"headline\":\"Gradido garantiert Gleichberechtigung von Mann und Frau\",\"datePublished\":\"2021-01-27T15:31:50+00:00\",\"dateModified\":\"2021-12-11T19:57:47+00:00\",\"mainEntityOfPage\":{\"@id\":\"https:\\\/\\\/gradido.net\\\/pl\\\/gradido-garantiert-gleichberechtigung-von-mann-und-frau\\\/\"},\"wordCount\":1487,\"publisher\":{\"@id\":\"https:\\\/\\\/gradido.net\\\/de\\\/#organization\"},\"image\":{\"@id\":\"https:\\\/\\\/gradido.net\\\/pl\\\/gradido-garantiert-gleichberechtigung-von-mann-und-frau\\\/#primaryimage\"},\"thumbnailUrl\":\"https:\\\/\\\/gradido.net\\\/wp-content\\\/uploads\\\/2021\\\/01\\\/chancengleichheit-scaled.jpg\",\"articleSection\":[\"Pressemitteilung\"],\"inLanguage\":\"hu\"},{\"@type\":\"WebPage\",\"@id\":\"https:\\\/\\\/gradido.net\\\/pl\\\/gradido-garantiert-gleichberechtigung-von-mann-und-frau\\\/\",\"url\":\"https:\\\/\\\/gradido.net\\\/pl\\\/gradido-garantiert-gleichberechtigung-von-mann-und-frau\\\/\",\"name\":\"Gradido garantiert Gleichberechtigung von Mann und Frau - Gradido\",\"isPartOf\":{\"@id\":\"https:\\\/\\\/gradido.net\\\/de\\\/#website\"},\"primaryImageOfPage\":{\"@id\":\"https:\\\/\\\/gradido.net\\\/pl\\\/gradido-garantiert-gleichberechtigung-von-mann-und-frau\\\/#primaryimage\"},\"image\":{\"@id\":\"https:\\\/\\\/gradido.net\\\/pl\\\/gradido-garantiert-gleichberechtigung-von-mann-und-frau\\\/#primaryimage\"},\"thumbnailUrl\":\"https:\\\/\\\/gradido.net\\\/wp-content\\\/uploads\\\/2021\\\/01\\\/chancengleichheit-scaled.jpg\",\"datePublished\":\"2021-01-27T15:31:50+00:00\",\"dateModified\":\"2021-12-11T19:57:47+00:00\",\"breadcrumb\":{\"@id\":\"https:\\\/\\\/gradido.net\\\/pl\\\/gradido-garantiert-gleichberechtigung-von-mann-und-frau\\\/#breadcrumb\"},\"inLanguage\":\"hu\",\"potentialAction\":[{\"@type\":\"ReadAction\",\"target\":[\"https:\\\/\\\/gradido.net\\\/pl\\\/gradido-garantiert-gleichberechtigung-von-mann-und-frau\\\/\"]}]},{\"@type\":\"ImageObject\",\"inLanguage\":\"hu\",\"@id\":\"https:\\\/\\\/gradido.net\\\/pl\\\/gradido-garantiert-gleichberechtigung-von-mann-und-frau\\\/#primaryimage\",\"url\":\"https:\\\/\\\/gradido.net\\\/wp-content\\\/uploads\\\/2021\\\/01\\\/chancengleichheit-scaled.jpg\",\"contentUrl\":\"https:\\\/\\\/gradido.net\\\/wp-content\\\/uploads\\\/2021\\\/01\\\/chancengleichheit-scaled.jpg\",\"width\":2560,\"height\":1737},{\"@type\":\"BreadcrumbList\",\"@id\":\"https:\\\/\\\/gradido.net\\\/pl\\\/gradido-garantiert-gleichberechtigung-von-mann-und-frau\\\/#breadcrumb\",\"itemListElement\":[{\"@type\":\"ListItem\",\"position\":1,\"name\":\"Startseite\",\"item\":\"https:\\\/\\\/gradido.net\\\/\"},{\"@type\":\"ListItem\",\"position\":2,\"name\":\"Gradido garantiert Gleichberechtigung von Mann und Frau\"}]},{\"@type\":\"WebSite\",\"@id\":\"https:\\\/\\\/gradido.net\\\/de\\\/#website\",\"url\":\"https:\\\/\\\/gradido.net\\\/de\\\/\",\"name\":\"Gradido\",\"description\":\"Die neue W\u00e4hrung hei\u00dft Dankbarkeit\",\"publisher\":{\"@id\":\"https:\\\/\\\/gradido.net\\\/de\\\/#organization\"},\"potentialAction\":[{\"@type\":\"SearchAction\",\"target\":{\"@type\":\"EntryPoint\",\"urlTemplate\":\"https:\\\/\\\/gradido.net\\\/de\\\/?s={search_term_string}\"},\"query-input\":{\"@type\":\"PropertyValueSpecification\",\"valueRequired\":true,\"valueName\":\"search_term_string\"}}],\"inLanguage\":\"hu\"},{\"@type\":\"Organization\",\"@id\":\"https:\\\/\\\/gradido.net\\\/de\\\/#organization\",\"name\":\"Gradido\",\"url\":\"https:\\\/\\\/gradido.net\\\/de\\\/\",\"logo\":{\"@type\":\"ImageObject\",\"inLanguage\":\"hu\",\"@id\":\"https:\\\/\\\/gradido.net\\\/de\\\/#\\\/schema\\\/logo\\\/image\\\/\",\"url\":\"https:\\\/\\\/gradido.net\\\/wp-content\\\/uploads\\\/2022\\\/04\\\/gradido-social.jpg\",\"contentUrl\":\"https:\\\/\\\/gradido.net\\\/wp-content\\\/uploads\\\/2022\\\/04\\\/gradido-social.jpg\",\"width\":527,\"height\":273,\"caption\":\"Gradido\"},\"image\":{\"@id\":\"https:\\\/\\\/gradido.net\\\/de\\\/#\\\/schema\\\/logo\\\/image\\\/\"}},{\"@type\":\"Person\",\"@id\":\"https:\\\/\\\/gradido.net\\\/de\\\/#\\\/schema\\\/person\\\/9c503a004ad15a1ddecadce2218db5d1\",\"name\":\"Bernd H\u00fcckst\u00e4dt\",\"sameAs\":[\"https:\\\/\\\/gradido.net\"],\"url\":\"https:\\\/\\\/gradido.net\\\/hu\\\/author\\\/bernd\\\/\"}]}<\/script>\n<!-- \/ Yoast SEO plugin. -->","yoast_head_json":{"title":"A Gradido egyenl\u0151 jogokat garant\u00e1l a f\u00e9rfiak \u00e9s n\u0151k sz\u00e1m\u00e1ra - Gradido","robots":{"index":"index","follow":"follow","max-snippet":"max-snippet:-1","max-image-preview":"max-image-preview:large","max-video-preview":"max-video-preview:-1"},"canonical":"https:\/\/gradido.net\/hu\/gradido-garantiert-gleichberechtigung-von-mann-und-frau\/","og_locale":"hu_HU","og_type":"article","og_title":"Gradido garantiert Gleichberechtigung von Mann und Frau - Gradido","og_description":"Offenbart der Lockdown das Scheitern der Chancengleichheit? K\u00fcnzelsau, 27.01.2021 \u2013 Nie waren Frauen \u201asystemrelevanter\u2018 als in der Corona-Krise \u2013 und selten mehr belastet. Weltweit sind 70 Prozent des Personals in sozialen und pflegenden Berufen Frauen. Schon in normalen Zeiten leisten sie au\u00dferdem im Schnitt dreimal so viel unbezahlte \u201aSorgearbeit\u2018 wie M\u00e4nner. In der aktuellen Krise [&hellip;]","og_url":"https:\/\/gradido.net\/hu\/gradido-garantiert-gleichberechtigung-von-mann-und-frau\/","og_site_name":"Gradido","article_published_time":"2021-01-27T15:31:50+00:00","article_modified_time":"2021-12-11T19:57:47+00:00","og_image":[{"width":2560,"height":1737,"url":"https:\/\/gradido.net\/wp-content\/uploads\/2021\/01\/chancengleichheit-scaled.jpg","type":"image\/jpeg"}],"author":"Bernd H\u00fcckst\u00e4dt","twitter_card":"summary_large_image","twitter_misc":{"Szerz\u0151:":"Bernd H\u00fcckst\u00e4dt","Becs\u00fclt olvas\u00e1si id\u0151":"7 perc"},"schema":{"@context":"https:\/\/schema.org","@graph":[{"@type":"Article","@id":"https:\/\/gradido.net\/pl\/gradido-garantiert-gleichberechtigung-von-mann-und-frau\/#article","isPartOf":{"@id":"https:\/\/gradido.net\/pl\/gradido-garantiert-gleichberechtigung-von-mann-und-frau\/"},"author":{"name":"Bernd H\u00fcckst\u00e4dt","@id":"https:\/\/gradido.net\/de\/#\/schema\/person\/9c503a004ad15a1ddecadce2218db5d1"},"headline":"Gradido garantiert Gleichberechtigung von Mann und Frau","datePublished":"2021-01-27T15:31:50+00:00","dateModified":"2021-12-11T19:57:47+00:00","mainEntityOfPage":{"@id":"https:\/\/gradido.net\/pl\/gradido-garantiert-gleichberechtigung-von-mann-und-frau\/"},"wordCount":1487,"publisher":{"@id":"https:\/\/gradido.net\/de\/#organization"},"image":{"@id":"https:\/\/gradido.net\/pl\/gradido-garantiert-gleichberechtigung-von-mann-und-frau\/#primaryimage"},"thumbnailUrl":"https:\/\/gradido.net\/wp-content\/uploads\/2021\/01\/chancengleichheit-scaled.jpg","articleSection":["Pressemitteilung"],"inLanguage":"hu"},{"@type":"WebPage","@id":"https:\/\/gradido.net\/pl\/gradido-garantiert-gleichberechtigung-von-mann-und-frau\/","url":"https:\/\/gradido.net\/pl\/gradido-garantiert-gleichberechtigung-von-mann-und-frau\/","name":"A Gradido egyenl\u0151 jogokat garant\u00e1l a f\u00e9rfiak \u00e9s n\u0151k sz\u00e1m\u00e1ra - Gradido","isPartOf":{"@id":"https:\/\/gradido.net\/de\/#website"},"primaryImageOfPage":{"@id":"https:\/\/gradido.net\/pl\/gradido-garantiert-gleichberechtigung-von-mann-und-frau\/#primaryimage"},"image":{"@id":"https:\/\/gradido.net\/pl\/gradido-garantiert-gleichberechtigung-von-mann-und-frau\/#primaryimage"},"thumbnailUrl":"https:\/\/gradido.net\/wp-content\/uploads\/2021\/01\/chancengleichheit-scaled.jpg","datePublished":"2021-01-27T15:31:50+00:00","dateModified":"2021-12-11T19:57:47+00:00","breadcrumb":{"@id":"https:\/\/gradido.net\/pl\/gradido-garantiert-gleichberechtigung-von-mann-und-frau\/#breadcrumb"},"inLanguage":"hu","potentialAction":[{"@type":"ReadAction","target":["https:\/\/gradido.net\/pl\/gradido-garantiert-gleichberechtigung-von-mann-und-frau\/"]}]},{"@type":"ImageObject","inLanguage":"hu","@id":"https:\/\/gradido.net\/pl\/gradido-garantiert-gleichberechtigung-von-mann-und-frau\/#primaryimage","url":"https:\/\/gradido.net\/wp-content\/uploads\/2021\/01\/chancengleichheit-scaled.jpg","contentUrl":"https:\/\/gradido.net\/wp-content\/uploads\/2021\/01\/chancengleichheit-scaled.jpg","width":2560,"height":1737},{"@type":"BreadcrumbList","@id":"https:\/\/gradido.net\/pl\/gradido-garantiert-gleichberechtigung-von-mann-und-frau\/#breadcrumb","itemListElement":[{"@type":"ListItem","position":1,"name":"Startseite","item":"https:\/\/gradido.net\/"},{"@type":"ListItem","position":2,"name":"Gradido garantiert Gleichberechtigung von Mann und Frau"}]},{"@type":"WebSite","@id":"https:\/\/gradido.net\/de\/#website","url":"https:\/\/gradido.net\/de\/","name":"Gradido","description":"Az \u00faj p\u00e9nznem a h\u00e1la","publisher":{"@id":"https:\/\/gradido.net\/de\/#organization"},"potentialAction":[{"@type":"SearchAction","target":{"@type":"EntryPoint","urlTemplate":"https:\/\/gradido.net\/de\/?s={search_term_string}"},"query-input":{"@type":"PropertyValueSpecification","valueRequired":true,"valueName":"search_term_string"}}],"inLanguage":"hu"},{"@type":"Organization","@id":"https:\/\/gradido.net\/de\/#organization","name":"Gradido","url":"https:\/\/gradido.net\/de\/","logo":{"@type":"ImageObject","inLanguage":"hu","@id":"https:\/\/gradido.net\/de\/#\/schema\/logo\/image\/","url":"https:\/\/gradido.net\/wp-content\/uploads\/2022\/04\/gradido-social.jpg","contentUrl":"https:\/\/gradido.net\/wp-content\/uploads\/2022\/04\/gradido-social.jpg","width":527,"height":273,"caption":"Gradido"},"image":{"@id":"https:\/\/gradido.net\/de\/#\/schema\/logo\/image\/"}},{"@type":"Person","@id":"https:\/\/gradido.net\/de\/#\/schema\/person\/9c503a004ad15a1ddecadce2218db5d1","name":"Bernd H\u00fcckst\u00e4dt","sameAs":["https:\/\/gradido.net"],"url":"https:\/\/gradido.net\/hu\/author\/bernd\/"}]}},"_links":{"self":[{"href":"https:\/\/gradido.net\/hu\/wp-json\/wp\/v2\/posts\/1731","targetHints":{"allow":["GET"]}}],"collection":[{"href":"https:\/\/gradido.net\/hu\/wp-json\/wp\/v2\/posts"}],"about":[{"href":"https:\/\/gradido.net\/hu\/wp-json\/wp\/v2\/types\/post"}],"author":[{"embeddable":true,"href":"https:\/\/gradido.net\/hu\/wp-json\/wp\/v2\/users\/2"}],"replies":[{"embeddable":true,"href":"https:\/\/gradido.net\/hu\/wp-json\/wp\/v2\/comments?post=1731"}],"version-history":[{"count":10,"href":"https:\/\/gradido.net\/hu\/wp-json\/wp\/v2\/posts\/1731\/revisions"}],"predecessor-version":[{"id":3757,"href":"https:\/\/gradido.net\/hu\/wp-json\/wp\/v2\/posts\/1731\/revisions\/3757"}],"wp:featuredmedia":[{"embeddable":true,"href":"https:\/\/gradido.net\/hu\/wp-json\/wp\/v2\/media\/1718"}],"wp:attachment":[{"href":"https:\/\/gradido.net\/hu\/wp-json\/wp\/v2\/media?parent=1731"}],"wp:term":[{"taxonomy":"category","embeddable":true,"href":"https:\/\/gradido.net\/hu\/wp-json\/wp\/v2\/categories?post=1731"},{"taxonomy":"post_tag","embeddable":true,"href":"https:\/\/gradido.net\/hu\/wp-json\/wp\/v2\/tags?post=1731"}],"curies":[{"name":"wp","href":"https:\/\/api.w.org\/{rel}","templated":true}]}}