{"id":2045,"date":"2021-03-20T18:16:27","date_gmt":"2021-03-20T17:16:27","guid":{"rendered":"https:\/\/gradido.net\/?p=2045"},"modified":"2022-08-12T17:12:47","modified_gmt":"2022-08-12T15:12:47","slug":"episode-12","status":"publish","type":"post","link":"https:\/\/gradido.net\/hu\/episode-12\/","title":{"rendered":"WorldEthicForum - Nagy egy\u00fcttm\u0171k\u00f6d\u00e9s a nagy vissza\u00e1ll\u00edt\u00e1s helyett"},"content":{"rendered":"<div data-elementor-type=\"wp-post\" data-elementor-id=\"2045\" class=\"elementor elementor-2045\" data-elementor-post-type=\"post\">\n\t\t\t\t\t\t<section class=\"elementor-section elementor-top-section elementor-element elementor-element-496e1d53 elementor-section-boxed elementor-section-height-default elementor-section-height-default\" data-id=\"496e1d53\" data-element_type=\"section\" data-e-type=\"section\">\n\t\t\t\t\t\t<div class=\"elementor-container elementor-column-gap-default\">\n\t\t\t\t\t<div class=\"elementor-column elementor-col-100 elementor-top-column elementor-element elementor-element-461d7be0\" data-id=\"461d7be0\" data-element_type=\"column\" data-e-type=\"column\">\n\t\t\t<div class=\"elementor-widget-wrap elementor-element-populated\">\n\t\t\t\t\t\t<div class=\"elementor-element elementor-element-cd9ebe2 elementor-widget elementor-widget-text-editor\" data-id=\"cd9ebe2\" data-element_type=\"widget\" data-e-type=\"widget\" data-widget_type=\"text-editor.default\">\n\t\t\t\t<div class=\"elementor-widget-container\">\n\t\t\t\t\t\t\t\t\t<h2>Vend\u00e9g: Linard Bardill<\/h2>\t\t\t\t\t\t\t\t<\/div>\n\t\t\t\t<\/div>\n\t\t\t\t\t<\/div>\n\t\t<\/div>\n\t\t\t\t\t<\/div>\n\t\t<\/section>\n\t\t\t\t<section class=\"elementor-section elementor-top-section elementor-element elementor-element-2f93e3c3 elementor-section-boxed elementor-section-height-default elementor-section-height-default\" data-id=\"2f93e3c3\" data-element_type=\"section\" data-e-type=\"section\">\n\t\t\t\t\t\t<div class=\"elementor-container elementor-column-gap-default\">\n\t\t\t\t\t<div class=\"elementor-column elementor-col-100 elementor-top-column elementor-element elementor-element-5a9dfd19\" data-id=\"5a9dfd19\" data-element_type=\"column\" data-e-type=\"column\">\n\t\t\t<div class=\"elementor-widget-wrap elementor-element-populated\">\n\t\t\t\t\t\t<div class=\"elementor-element elementor-element-9cdb6b8 elementor-widget elementor-widget-html\" data-id=\"9cdb6b8\" data-element_type=\"widget\" data-e-type=\"widget\" data-widget_type=\"html.default\">\n\t\t\t\t<div class=\"elementor-widget-container\">\n\t\t\t\t\t<script class=\"podigee-podcast-player\" src=\"https:\/\/player.podigee-cdn.net\/podcast-player\/javascripts\/podigee-podcast-player.js\" data-configuration=\"https:\/\/gradido.podigee.io\/12-neue-episode\/embed?context=external\"><\/script>\t\t\t\t<\/div>\n\t\t\t\t<\/div>\n\t\t\t\t\t<\/div>\n\t\t<\/div>\n\t\t\t\t\t<\/div>\n\t\t<\/section>\n\t\t\t\t<section class=\"elementor-section elementor-top-section elementor-element elementor-element-585c640 elementor-section-boxed elementor-section-height-default elementor-section-height-default\" data-id=\"585c640\" data-element_type=\"section\" data-e-type=\"section\">\n\t\t\t\t\t\t<div class=\"elementor-container elementor-column-gap-default\">\n\t\t\t\t\t<div class=\"elementor-column elementor-col-50 elementor-top-column elementor-element elementor-element-13c250b\" data-id=\"13c250b\" data-element_type=\"column\" data-e-type=\"column\">\n\t\t\t<div class=\"elementor-widget-wrap elementor-element-populated\">\n\t\t\t\t\t\t<div class=\"elementor-element elementor-element-0561949 elementor-widget elementor-widget-text-editor\" data-id=\"0561949\" data-element_type=\"widget\" data-e-type=\"widget\" data-widget_type=\"text-editor.default\">\n\t\t\t\t<div class=\"elementor-widget-container\">\n\t\t\t\t\t\t\t\t\t<p>Amikor Wendelin Niederberger n\u00e9h\u00e1ny hete azt javasolta, hogy k\u00e9sz\u00edts\u00fcnk egy podcast-interj\u00fat Linard Bardillal, nem gondoltuk volna, hogy ilyen j\u00f3l kij\u00f6v\u00fcnk majd egym\u00e1ssal, \u00e9s m\u00e1r a besz\u00e9lget\u00e9s\u00fcnk alatt elhat\u00e1rozzuk, hogy egy\u00fcttm\u0171k\u00f6d\u00fcnk.<\/p><p>Linard Bardill a sv\u00e1jci kabar\u00e9 \u00e9s gyermekzenei sz\u00ednt\u00e9r egyik legk\u00fcl\u00f6nlegesebb \u00e9s legsikeresebb szem\u00e9lyis\u00e9ge. A WorldEthicForum t\u00e1rsalap\u00edt\u00f3ja.<\/p><p><span style=\"color: #ff0000;\">!!! A WorldEthicForumot 2022-re halasztott\u00e1k !!!<\/span><br \/><span style=\"color: #ff0000;\">A WorldEthicForumra mostant\u00f3l 2022. augusztus 25-\u00e9n, cs\u00fct\u00f6rt\u00f6k d\u00e9lut\u00e1nt\u00f3l augusztus 28-\u00e1n, vas\u00e1rnap reggelig ker\u00fcl sor.<\/span><\/p><p>A Vil\u00e1ggazdas\u00e1gi F\u00f3rummal ellent\u00e9tben a WorldEthicForum k\u00f6z\u00e9ppontj\u00e1ban a F\u00f6ldanya \u00e9s a vele val\u00f3 kapcsolatunk \u00e1ll.<\/p><p>A \"A F\u00f6ld joga a m\u00e9lt\u00f3s\u00e1ghoz \u00e9s tisztelethez\" c\u00edm\u0171 nyilatkozat c\u00e9lja, hogy foglalkozzon az alapvet\u0151 v\u00e1ltoz\u00e1sok filoz\u00f3fiai, politikai, gazdas\u00e1gi \u00e9s t\u00e1rsadalmi k\u00f6vetkezm\u00e9nyeivel. Erre a v\u00e1ltoz\u00e1sra az\u00e9rt van sz\u00fcks\u00e9g, hogy mi emberek a F\u00f6ld r\u00e9szek\u00e9nt, \u00e9s ne annak uralkod\u00f3jak\u00e9nt tekints\u00fcnk magunkra.<\/p><p>Ebben az izgalmas epiz\u00f3dban megtudhatod, hogy az emberis\u00e9g jelenleg hogyan \"ford\u00edtja ki mag\u00e1t\" az \u00faj korszakba, \u00e9s hogyan \u00e1llnak \u00f6ssze \u00fajabb nagyszer\u0171 puzzle-darabk\u00e1k a Nagy Egy\u00fcttm\u0171k\u00f6d\u00e9shez! A Paradicsom mindannyiunkban ott rejlik, \u00e9s egy\u00fctt olyan j\u00f6v\u0151t teremt\u00fcnk, amely mindenki sz\u00e1m\u00e1ra \u00e9lhet\u0151 - gyermekeink \u00e9s a vil\u00e1g gyermekei \u00e9rdek\u00e9ben.<\/p><h4>Balra:<\/h4><p><a href=\"https:\/\/bardill.ch\/\" target=\"_blank\" rel=\"noopener\">Linard Bardill<\/a><\/p><p><a href=\"https:\/\/www.worldethicforum.com\/\" target=\"_blank\" rel=\"noopener\">WorldEthicForum<\/a><\/p>\t\t\t\t\t\t\t\t<\/div>\n\t\t\t\t<\/div>\n\t\t\t\t\t<\/div>\n\t\t<\/div>\n\t\t\t\t<div class=\"elementor-column elementor-col-50 elementor-top-column elementor-element elementor-element-e0d795e\" data-id=\"e0d795e\" data-element_type=\"column\" data-e-type=\"column\">\n\t\t\t<div class=\"elementor-widget-wrap elementor-element-populated\">\n\t\t\t\t\t\t<div class=\"elementor-element elementor-element-8c61bad elementor-widget elementor-widget-image\" data-id=\"8c61bad\" data-element_type=\"widget\" data-e-type=\"widget\" data-widget_type=\"image.default\">\n\t\t\t\t<div class=\"elementor-widget-container\">\n\t\t\t\t\t\t\t\t\t\t\t\t\t\t\t<img fetchpriority=\"high\" decoding=\"async\" width=\"800\" height=\"800\" src=\"https:\/\/gradido.net\/wp-content\/uploads\/2021\/06\/gradido_podcast_bardill-1024x1024.jpg\" class=\"attachment-large size-large wp-image-2651\" alt=\"\" srcset=\"https:\/\/gradido.net\/wp-content\/uploads\/2021\/06\/gradido_podcast_bardill-1024x1024.jpg 1024w, https:\/\/gradido.net\/wp-content\/uploads\/2021\/06\/gradido_podcast_bardill-300x300.jpg 300w, https:\/\/gradido.net\/wp-content\/uploads\/2021\/06\/gradido_podcast_bardill-150x150.jpg 150w, https:\/\/gradido.net\/wp-content\/uploads\/2021\/06\/gradido_podcast_bardill-768x768.jpg 768w, https:\/\/gradido.net\/wp-content\/uploads\/2021\/06\/gradido_podcast_bardill-12x12.jpg 12w, https:\/\/gradido.net\/wp-content\/uploads\/2021\/06\/gradido_podcast_bardill.jpg 1400w\" sizes=\"(max-width: 800px) 100vw, 800px\" \/>\t\t\t\t\t\t\t\t\t\t\t\t\t\t\t<\/div>\n\t\t\t\t<\/div>\n\t\t\t\t<div class=\"elementor-element elementor-element-ceab137 elementor-widget elementor-widget-text-editor\" data-id=\"ceab137\" data-element_type=\"widget\" data-e-type=\"widget\" data-widget_type=\"text-editor.default\">\n\t\t\t\t<div class=\"elementor-widget-container\">\n\t\t\t\t\t\t\t\t\t<p><a href=\"https:\/\/www.youtube.com\/watch?v=Nid5iLI31UU\" target=\"_blank\" rel=\"noopener\">Hallgassa meg a YouTube-on<\/a><\/p>\t\t\t\t\t\t\t\t<\/div>\n\t\t\t\t<\/div>\n\t\t\t\t<div class=\"elementor-element elementor-element-c099d50 elementor-widget elementor-widget-video\" data-id=\"c099d50\" data-element_type=\"widget\" data-e-type=\"widget\" data-settings=\"{&quot;video_type&quot;:&quot;vimeo&quot;}\" data-widget_type=\"video.default\">\n\t\t\t\t<div class=\"elementor-widget-container\">\n\t\t\t\t\t\t\t<div class=\"elementor-wrapper elementor-open-inline\">\n\t\t\t<iframe hcb-fetch-image-from=\"https:\/\/vimeo.com\/526808583\" class=\"elementor-video-iframe\" allowfullscreen allow=\"clipboard-write\" title=\"\u0412\u0438\u0434\u0435\u043e \u043f\u043b\u0435\u0439\u044a\u0440 vimeo\" src=\"https:\/\/player.vimeo.com\/video\/526808583?color&amp;autopause=0&amp;loop=0&amp;muted=0&amp;title=1&amp;portrait=1&amp;byline=1#t=\" data-no-translation-title=\"\"><\/iframe>\t\t<\/div>\n\t\t\t\t\t\t<\/div>\n\t\t\t\t<\/div>\n\t\t\t\t<div class=\"elementor-element elementor-element-1bbd367 elementor-widget elementor-widget-text-editor\" data-id=\"1bbd367\" data-element_type=\"widget\" data-e-type=\"widget\" data-widget_type=\"text-editor.default\">\n\t\t\t\t<div class=\"elementor-widget-container\">\n\t\t\t\t\t\t\t\t\t<p style=\"text-align: center;\">Linard bemutatja az inverzi\u00f3t<\/p>\t\t\t\t\t\t\t\t<\/div>\n\t\t\t\t<\/div>\n\t\t\t\t\t<\/div>\n\t\t<\/div>\n\t\t\t\t\t<\/div>\n\t\t<\/section>\n\t\t\t\t<section class=\"elementor-section elementor-top-section elementor-element elementor-element-d051609 elementor-section-boxed elementor-section-height-default elementor-section-height-default\" data-id=\"d051609\" data-element_type=\"section\" data-e-type=\"section\">\n\t\t\t\t\t\t<div class=\"elementor-container elementor-column-gap-default\">\n\t\t\t\t\t<div class=\"elementor-column elementor-col-100 elementor-top-column elementor-element elementor-element-13cc168\" data-id=\"13cc168\" data-element_type=\"column\" data-e-type=\"column\">\n\t\t\t<div class=\"elementor-widget-wrap elementor-element-populated\">\n\t\t\t\t\t\t<div class=\"elementor-element elementor-element-b43b3ee elementor-widget elementor-widget-heading\" data-id=\"b43b3ee\" data-element_type=\"widget\" data-e-type=\"widget\" data-widget_type=\"heading.default\">\n\t\t\t\t<div class=\"elementor-widget-container\">\n\t\t\t\t\t<h2 class=\"elementor-heading-title elementor-size-default\">Transcript ( automatikusan leford\u00edtva)<\/h2>\t\t\t\t<\/div>\n\t\t\t\t<\/div>\n\t\t\t\t\t<\/div>\n\t\t<\/div>\n\t\t\t\t\t<\/div>\n\t\t<\/section>\n\t\t\t\t<section class=\"elementor-section elementor-top-section elementor-element elementor-element-474427c elementor-section-boxed elementor-section-height-default elementor-section-height-default\" data-id=\"474427c\" data-element_type=\"section\" data-e-type=\"section\">\n\t\t\t\t\t\t<div class=\"elementor-container elementor-column-gap-default\">\n\t\t\t\t\t<div class=\"elementor-column elementor-col-100 elementor-top-column elementor-element elementor-element-6041f12\" data-id=\"6041f12\" data-element_type=\"column\" data-e-type=\"column\">\n\t\t\t<div class=\"elementor-widget-wrap elementor-element-populated\">\n\t\t\t\t\t\t\t<\/div>\n\t\t<\/div>\n\t\t\t\t\t<\/div>\n\t\t<\/section>\n\t\t\t\t<\/div>","protected":false},"excerpt":{"rendered":"<p>Zu Gast: Linard Bardill \u2013 im Gegensatz zum Jahrestreffen des World Economic Forum in Davos, liegt der Fokus beim World Ethic Forum auf Mutter Erde und unser aller Beziehung zu ihr.  Gemeinsam erschaffen eine lebenswerte Zukunft f\u00fcr alle. [01:09:14]<\/p>\n","protected":false},"author":2,"featured_media":2015,"comment_status":"closed","ping_status":"closed","sticky":false,"template":"","format":"standard","meta":{"footnotes":""},"categories":[19],"tags":[16],"class_list":["post-2045","post","type-post","status-publish","format-standard","has-post-thumbnail","hentry","category-podcast","tag-grundeinkommen"],"yoast_head":"<!-- This site is optimized with the Yoast SEO plugin v27.5 - https:\/\/yoast.com\/product\/yoast-seo-wordpress\/ -->\n<title>WorldEthicForum \u2013 Great Cooperation statt Great Reset - Gradido<\/title>\n<meta name=\"description\" content=\"Zu Gast: Linard Bardill \u2013 im Gegensatz zum Jahrestreffen des World Economic Forum in Davos, liegt der Fokus beim World Ethic Forum auf Mutter Erde und unser aller Beziehung zu ihr. Gemeinsam erschaffen eine lebenswerte Zukunft f\u00fcr alle. [01:09:14]\" \/>\n<meta name=\"robots\" content=\"index, follow, max-snippet:-1, max-image-preview:large, max-video-preview:-1\" \/>\n<link rel=\"canonical\" href=\"https:\/\/gradido.net\/hu\/episode-12\/\" \/>\n<meta property=\"og:locale\" content=\"hu_HU\" \/>\n<meta property=\"og:type\" content=\"article\" \/>\n<meta property=\"og:title\" content=\"WorldEthicForum \u2013 Great Cooperation statt Great Reset - Gradido\" \/>\n<meta property=\"og:description\" content=\"Zu Gast: Linard Bardill \u2013 im Gegensatz zum Jahrestreffen des World Economic Forum in Davos, liegt der Fokus beim World Ethic Forum auf Mutter Erde und unser aller Beziehung zu ihr. Gemeinsam erschaffen eine lebenswerte Zukunft f\u00fcr alle. [01:09:14]\" \/>\n<meta property=\"og:url\" content=\"https:\/\/gradido.net\/hu\/episode-12\/\" \/>\n<meta property=\"og:site_name\" content=\"Gradido\" \/>\n<meta property=\"article:published_time\" content=\"2021-03-20T17:16:27+00:00\" \/>\n<meta property=\"article:modified_time\" content=\"2022-08-12T15:12:47+00:00\" \/>\n<meta property=\"og:image\" content=\"https:\/\/gradido.net\/wp-content\/uploads\/2021\/03\/podcast_www_bardill.jpg\" \/>\n\t<meta property=\"og:image:width\" content=\"1800\" \/>\n\t<meta property=\"og:image:height\" content=\"1221\" \/>\n\t<meta property=\"og:image:type\" content=\"image\/jpeg\" \/>\n<meta name=\"author\" content=\"Bernd H\u00fcckst\u00e4dt\" \/>\n<meta name=\"twitter:card\" content=\"summary_large_image\" \/>\n<meta name=\"twitter:label1\" content=\"Szerz\u0151:\" \/>\n\t<meta name=\"twitter:data1\" content=\"Bernd H\u00fcckst\u00e4dt\" \/>\n\t<meta name=\"twitter:label2\" content=\"Becs\u00fclt olvas\u00e1si id\u0151\" \/>\n\t<meta name=\"twitter:data2\" content=\"2 perc\" \/>\n<script type=\"application\/ld+json\" class=\"yoast-schema-graph\">{\"@context\":\"https:\\\/\\\/schema.org\",\"@graph\":[{\"@type\":\"Article\",\"@id\":\"https:\\\/\\\/gradido.net\\\/tr\\\/episode-12\\\/#article\",\"isPartOf\":{\"@id\":\"https:\\\/\\\/gradido.net\\\/tr\\\/episode-12\\\/\"},\"author\":{\"name\":\"Bernd H\u00fcckst\u00e4dt\",\"@id\":\"https:\\\/\\\/gradido.net\\\/de\\\/#\\\/schema\\\/person\\\/9c503a004ad15a1ddecadce2218db5d1\"},\"headline\":\"WorldEthicForum \u2013 Great Cooperation statt Great Reset\",\"datePublished\":\"2021-03-20T17:16:27+00:00\",\"dateModified\":\"2022-08-12T15:12:47+00:00\",\"mainEntityOfPage\":{\"@id\":\"https:\\\/\\\/gradido.net\\\/tr\\\/episode-12\\\/\"},\"wordCount\":223,\"publisher\":{\"@id\":\"https:\\\/\\\/gradido.net\\\/de\\\/#organization\"},\"image\":{\"@id\":\"https:\\\/\\\/gradido.net\\\/tr\\\/episode-12\\\/#primaryimage\"},\"thumbnailUrl\":\"https:\\\/\\\/gradido.net\\\/wp-content\\\/uploads\\\/2021\\\/03\\\/podcast_www_bardill.jpg\",\"keywords\":[\"Grundeinkommen\"],\"articleSection\":[\"Podcast\"],\"inLanguage\":\"hu\"},{\"@type\":\"WebPage\",\"@id\":\"https:\\\/\\\/gradido.net\\\/tr\\\/episode-12\\\/\",\"url\":\"https:\\\/\\\/gradido.net\\\/tr\\\/episode-12\\\/\",\"name\":\"WorldEthicForum \u2013 Great Cooperation statt Great Reset - Gradido\",\"isPartOf\":{\"@id\":\"https:\\\/\\\/gradido.net\\\/de\\\/#website\"},\"primaryImageOfPage\":{\"@id\":\"https:\\\/\\\/gradido.net\\\/tr\\\/episode-12\\\/#primaryimage\"},\"image\":{\"@id\":\"https:\\\/\\\/gradido.net\\\/tr\\\/episode-12\\\/#primaryimage\"},\"thumbnailUrl\":\"https:\\\/\\\/gradido.net\\\/wp-content\\\/uploads\\\/2021\\\/03\\\/podcast_www_bardill.jpg\",\"datePublished\":\"2021-03-20T17:16:27+00:00\",\"dateModified\":\"2022-08-12T15:12:47+00:00\",\"description\":\"Zu Gast: Linard Bardill \u2013 im Gegensatz zum Jahrestreffen des World Economic Forum in Davos, liegt der Fokus beim World Ethic Forum auf Mutter Erde und unser aller Beziehung zu ihr. Gemeinsam erschaffen eine lebenswerte Zukunft f\u00fcr alle. [01:09:14]\",\"breadcrumb\":{\"@id\":\"https:\\\/\\\/gradido.net\\\/tr\\\/episode-12\\\/#breadcrumb\"},\"inLanguage\":\"hu\",\"potentialAction\":[{\"@type\":\"ReadAction\",\"target\":[\"https:\\\/\\\/gradido.net\\\/tr\\\/episode-12\\\/\"]}]},{\"@type\":\"ImageObject\",\"inLanguage\":\"hu\",\"@id\":\"https:\\\/\\\/gradido.net\\\/tr\\\/episode-12\\\/#primaryimage\",\"url\":\"https:\\\/\\\/gradido.net\\\/wp-content\\\/uploads\\\/2021\\\/03\\\/podcast_www_bardill.jpg\",\"contentUrl\":\"https:\\\/\\\/gradido.net\\\/wp-content\\\/uploads\\\/2021\\\/03\\\/podcast_www_bardill.jpg\",\"width\":1800,\"height\":1221},{\"@type\":\"BreadcrumbList\",\"@id\":\"https:\\\/\\\/gradido.net\\\/tr\\\/episode-12\\\/#breadcrumb\",\"itemListElement\":[{\"@type\":\"ListItem\",\"position\":1,\"name\":\"Startseite\",\"item\":\"https:\\\/\\\/gradido.net\\\/\"},{\"@type\":\"ListItem\",\"position\":2,\"name\":\"WorldEthicForum \u2013 Great Cooperation statt Great Reset\"}]},{\"@type\":\"WebSite\",\"@id\":\"https:\\\/\\\/gradido.net\\\/de\\\/#website\",\"url\":\"https:\\\/\\\/gradido.net\\\/de\\\/\",\"name\":\"Gradido\",\"description\":\"Die neue W\u00e4hrung hei\u00dft Dankbarkeit\",\"publisher\":{\"@id\":\"https:\\\/\\\/gradido.net\\\/de\\\/#organization\"},\"potentialAction\":[{\"@type\":\"SearchAction\",\"target\":{\"@type\":\"EntryPoint\",\"urlTemplate\":\"https:\\\/\\\/gradido.net\\\/de\\\/?s={search_term_string}\"},\"query-input\":{\"@type\":\"PropertyValueSpecification\",\"valueRequired\":true,\"valueName\":\"search_term_string\"}}],\"inLanguage\":\"hu\"},{\"@type\":\"Organization\",\"@id\":\"https:\\\/\\\/gradido.net\\\/de\\\/#organization\",\"name\":\"Gradido\",\"url\":\"https:\\\/\\\/gradido.net\\\/de\\\/\",\"logo\":{\"@type\":\"ImageObject\",\"inLanguage\":\"hu\",\"@id\":\"https:\\\/\\\/gradido.net\\\/de\\\/#\\\/schema\\\/logo\\\/image\\\/\",\"url\":\"https:\\\/\\\/gradido.net\\\/wp-content\\\/uploads\\\/2022\\\/04\\\/gradido-social.jpg\",\"contentUrl\":\"https:\\\/\\\/gradido.net\\\/wp-content\\\/uploads\\\/2022\\\/04\\\/gradido-social.jpg\",\"width\":527,\"height\":273,\"caption\":\"Gradido\"},\"image\":{\"@id\":\"https:\\\/\\\/gradido.net\\\/de\\\/#\\\/schema\\\/logo\\\/image\\\/\"}},{\"@type\":\"Person\",\"@id\":\"https:\\\/\\\/gradido.net\\\/de\\\/#\\\/schema\\\/person\\\/9c503a004ad15a1ddecadce2218db5d1\",\"name\":\"Bernd H\u00fcckst\u00e4dt\",\"sameAs\":[\"https:\\\/\\\/gradido.net\"],\"url\":\"https:\\\/\\\/gradido.net\\\/hu\\\/author\\\/bernd\\\/\"}]}<\/script>\n<!-- \/ Yoast SEO plugin. -->","yoast_head_json":{"title":"WorldEthicForum - Nagy egy\u00fcttm\u0171k\u00f6d\u00e9s a nagy vissza\u00e1ll\u00edt\u00e1s helyett - Gradido","description":"Zu Gast: Linard Bardill \u2013 im Gegensatz zum Jahrestreffen des World Economic Forum in Davos, liegt der Fokus beim World Ethic Forum auf Mutter Erde und unser aller Beziehung zu ihr. Gemeinsam erschaffen eine lebenswerte Zukunft f\u00fcr alle. [01:09:14]","robots":{"index":"index","follow":"follow","max-snippet":"max-snippet:-1","max-image-preview":"max-image-preview:large","max-video-preview":"max-video-preview:-1"},"canonical":"https:\/\/gradido.net\/hu\/episode-12\/","og_locale":"hu_HU","og_type":"article","og_title":"WorldEthicForum \u2013 Great Cooperation statt Great Reset - Gradido","og_description":"Zu Gast: Linard Bardill \u2013 im Gegensatz zum Jahrestreffen des World Economic Forum in Davos, liegt der Fokus beim World Ethic Forum auf Mutter Erde und unser aller Beziehung zu ihr. Gemeinsam erschaffen eine lebenswerte Zukunft f\u00fcr alle. [01:09:14]","og_url":"https:\/\/gradido.net\/hu\/episode-12\/","og_site_name":"Gradido","article_published_time":"2021-03-20T17:16:27+00:00","article_modified_time":"2022-08-12T15:12:47+00:00","og_image":[{"width":1800,"height":1221,"url":"https:\/\/gradido.net\/wp-content\/uploads\/2021\/03\/podcast_www_bardill.jpg","type":"image\/jpeg"}],"author":"Bernd H\u00fcckst\u00e4dt","twitter_card":"summary_large_image","twitter_misc":{"Szerz\u0151:":"Bernd H\u00fcckst\u00e4dt","Becs\u00fclt olvas\u00e1si id\u0151":"2 perc"},"schema":{"@context":"https:\/\/schema.org","@graph":[{"@type":"Article","@id":"https:\/\/gradido.net\/tr\/episode-12\/#article","isPartOf":{"@id":"https:\/\/gradido.net\/tr\/episode-12\/"},"author":{"name":"Bernd H\u00fcckst\u00e4dt","@id":"https:\/\/gradido.net\/de\/#\/schema\/person\/9c503a004ad15a1ddecadce2218db5d1"},"headline":"WorldEthicForum \u2013 Great Cooperation statt Great Reset","datePublished":"2021-03-20T17:16:27+00:00","dateModified":"2022-08-12T15:12:47+00:00","mainEntityOfPage":{"@id":"https:\/\/gradido.net\/tr\/episode-12\/"},"wordCount":223,"publisher":{"@id":"https:\/\/gradido.net\/de\/#organization"},"image":{"@id":"https:\/\/gradido.net\/tr\/episode-12\/#primaryimage"},"thumbnailUrl":"https:\/\/gradido.net\/wp-content\/uploads\/2021\/03\/podcast_www_bardill.jpg","keywords":["Grundeinkommen"],"articleSection":["Podcast"],"inLanguage":"hu"},{"@type":"WebPage","@id":"https:\/\/gradido.net\/tr\/episode-12\/","url":"https:\/\/gradido.net\/tr\/episode-12\/","name":"WorldEthicForum - Nagy egy\u00fcttm\u0171k\u00f6d\u00e9s a nagy vissza\u00e1ll\u00edt\u00e1s helyett - Gradido","isPartOf":{"@id":"https:\/\/gradido.net\/de\/#website"},"primaryImageOfPage":{"@id":"https:\/\/gradido.net\/tr\/episode-12\/#primaryimage"},"image":{"@id":"https:\/\/gradido.net\/tr\/episode-12\/#primaryimage"},"thumbnailUrl":"https:\/\/gradido.net\/wp-content\/uploads\/2021\/03\/podcast_www_bardill.jpg","datePublished":"2021-03-20T17:16:27+00:00","dateModified":"2022-08-12T15:12:47+00:00","description":"Zu Gast: Linard Bardill \u2013 im Gegensatz zum Jahrestreffen des World Economic Forum in Davos, liegt der Fokus beim World Ethic Forum auf Mutter Erde und unser aller Beziehung zu ihr. Gemeinsam erschaffen eine lebenswerte Zukunft f\u00fcr alle. [01:09:14]","breadcrumb":{"@id":"https:\/\/gradido.net\/tr\/episode-12\/#breadcrumb"},"inLanguage":"hu","potentialAction":[{"@type":"ReadAction","target":["https:\/\/gradido.net\/tr\/episode-12\/"]}]},{"@type":"ImageObject","inLanguage":"hu","@id":"https:\/\/gradido.net\/tr\/episode-12\/#primaryimage","url":"https:\/\/gradido.net\/wp-content\/uploads\/2021\/03\/podcast_www_bardill.jpg","contentUrl":"https:\/\/gradido.net\/wp-content\/uploads\/2021\/03\/podcast_www_bardill.jpg","width":1800,"height":1221},{"@type":"BreadcrumbList","@id":"https:\/\/gradido.net\/tr\/episode-12\/#breadcrumb","itemListElement":[{"@type":"ListItem","position":1,"name":"Startseite","item":"https:\/\/gradido.net\/"},{"@type":"ListItem","position":2,"name":"WorldEthicForum \u2013 Great Cooperation statt Great Reset"}]},{"@type":"WebSite","@id":"https:\/\/gradido.net\/de\/#website","url":"https:\/\/gradido.net\/de\/","name":"Gradido","description":"Az \u00faj p\u00e9nznem a h\u00e1la","publisher":{"@id":"https:\/\/gradido.net\/de\/#organization"},"potentialAction":[{"@type":"SearchAction","target":{"@type":"EntryPoint","urlTemplate":"https:\/\/gradido.net\/de\/?s={search_term_string}"},"query-input":{"@type":"PropertyValueSpecification","valueRequired":true,"valueName":"search_term_string"}}],"inLanguage":"hu"},{"@type":"Organization","@id":"https:\/\/gradido.net\/de\/#organization","name":"Gradido","url":"https:\/\/gradido.net\/de\/","logo":{"@type":"ImageObject","inLanguage":"hu","@id":"https:\/\/gradido.net\/de\/#\/schema\/logo\/image\/","url":"https:\/\/gradido.net\/wp-content\/uploads\/2022\/04\/gradido-social.jpg","contentUrl":"https:\/\/gradido.net\/wp-content\/uploads\/2022\/04\/gradido-social.jpg","width":527,"height":273,"caption":"Gradido"},"image":{"@id":"https:\/\/gradido.net\/de\/#\/schema\/logo\/image\/"}},{"@type":"Person","@id":"https:\/\/gradido.net\/de\/#\/schema\/person\/9c503a004ad15a1ddecadce2218db5d1","name":"Bernd H\u00fcckst\u00e4dt","sameAs":["https:\/\/gradido.net"],"url":"https:\/\/gradido.net\/hu\/author\/bernd\/"}]}},"_links":{"self":[{"href":"https:\/\/gradido.net\/hu\/wp-json\/wp\/v2\/posts\/2045","targetHints":{"allow":["GET"]}}],"collection":[{"href":"https:\/\/gradido.net\/hu\/wp-json\/wp\/v2\/posts"}],"about":[{"href":"https:\/\/gradido.net\/hu\/wp-json\/wp\/v2\/types\/post"}],"author":[{"embeddable":true,"href":"https:\/\/gradido.net\/hu\/wp-json\/wp\/v2\/users\/2"}],"replies":[{"embeddable":true,"href":"https:\/\/gradido.net\/hu\/wp-json\/wp\/v2\/comments?post=2045"}],"version-history":[{"count":40,"href":"https:\/\/gradido.net\/hu\/wp-json\/wp\/v2\/posts\/2045\/revisions"}],"predecessor-version":[{"id":5444,"href":"https:\/\/gradido.net\/hu\/wp-json\/wp\/v2\/posts\/2045\/revisions\/5444"}],"wp:featuredmedia":[{"embeddable":true,"href":"https:\/\/gradido.net\/hu\/wp-json\/wp\/v2\/media\/2015"}],"wp:attachment":[{"href":"https:\/\/gradido.net\/hu\/wp-json\/wp\/v2\/media?parent=2045"}],"wp:term":[{"taxonomy":"category","embeddable":true,"href":"https:\/\/gradido.net\/hu\/wp-json\/wp\/v2\/categories?post=2045"},{"taxonomy":"post_tag","embeddable":true,"href":"https:\/\/gradido.net\/hu\/wp-json\/wp\/v2\/tags?post=2045"}],"curies":[{"name":"wp","href":"https:\/\/api.w.org\/{rel}","templated":true}]}}