{"id":2978,"date":"2021-07-13T09:05:42","date_gmt":"2021-07-13T07:05:42","guid":{"rendered":"https:\/\/gradido.net\/?p=2978"},"modified":"2021-12-11T21:05:20","modified_gmt":"2021-12-11T20:05:20","slug":"gradido-akademie-laedt-rentner-zu-erfuelltem-lebensabend-ein","status":"publish","type":"post","link":"https:\/\/gradido.net\/hu\/gradido-akademie-laedt-rentner-zu-erfuelltem-lebensabend-ein\/","title":{"rendered":"A Gradido Akad\u00e9mia megh\u00edvja a nyugd\u00edjasokat egy teljes \u00e9rt\u00e9k\u0171 \u00f6regkorra"},"content":{"rendered":"<div data-elementor-type=\"wp-post\" data-elementor-id=\"2978\" class=\"elementor elementor-2978\" data-elementor-post-type=\"post\">\n\t\t\t\t\t\t<section class=\"elementor-section elementor-top-section elementor-element elementor-element-496e1d53 elementor-section-boxed elementor-section-height-default elementor-section-height-default\" data-id=\"496e1d53\" data-element_type=\"section\" data-e-type=\"section\">\n\t\t\t\t\t\t<div class=\"elementor-container elementor-column-gap-default\">\n\t\t\t\t\t<div class=\"elementor-column elementor-col-100 elementor-top-column elementor-element elementor-element-461d7be0\" data-id=\"461d7be0\" data-element_type=\"column\" data-e-type=\"column\">\n\t\t\t<div class=\"elementor-widget-wrap elementor-element-populated\">\n\t\t\t\t\t\t<div class=\"elementor-element elementor-element-cd9ebe2 elementor-widget elementor-widget-text-editor\" data-id=\"cd9ebe2\" data-element_type=\"widget\" data-e-type=\"widget\" data-widget_type=\"text-editor.default\">\n\t\t\t\t<div class=\"elementor-widget-container\">\n\t\t\t\t\t\t\t\t\t<h2>Szeg\u00e9ny \u00e9s mag\u00e1nyos \u00f6regkor\u00e1ban?<\/h2><p><strong>K\u00fcnzelsau,13.07.2021 - A nyugd\u00edjasok kil\u00e1t\u00e1sai bor\u00fasak: az id\u0151skori szeg\u00e9nys\u00e9g \u00e9s a n\u00f6vekv\u0151 mag\u00e1ny fenyeget\u00e9se miatt a \"j\u00f3l meg\u00e9rdemelt nyugd\u00edj\" gyakran val\u00f3s\u00e1gos horrorforgat\u00f3k\u00f6nyvv\u00e9 v\u00e1lik. A jelenlegi tanulm\u00e1nyok az id\u0151skori szeg\u00e9nys\u00e9g folyamatos n\u00f6veked\u00e9s\u00e9t j\u00f3solj\u00e1k. Az orvosok a n\u00f6vekv\u0151 t\u00e1rsadalmi elszigetelts\u00e9g eg\u00e9szs\u00e9g\u00fcgyi kock\u00e1zataira figyelmeztetnek. Mik\u00f6zben a politikusok a munk\u00e1val t\u00f6lt\u00f6tt \u00e9letkor meghosszabb\u00edt\u00e1s\u00e1r\u00f3l \u00e9s a magasabb nyugd\u00edjj\u00e1rul\u00e9kokr\u00f3l vitatkoznak, a Gradido Akad\u00e9mia gazdas\u00e1gi bionikai szak\u00e9rt\u0151i m\u00e1r r\u00e9g\u00f3ta meggy\u0151z\u0151 megk\u00f6zel\u00edt\u00e9st dolgoztak ki a nyugd\u00edjasok ell\u00e1t\u00e1s\u00e1ra. \u00daj gazdas\u00e1gi \u00e9s p\u00e9nz\u00fcgyi modellj\u00fck koncepci\u00f3j\u00e1ban pedig az id\u0151skori mag\u00e1nyb\u00f3l val\u00f3 kiutat is lehorgonyozt\u00e1k.<\/strong><\/p><h3>Minden \u00f6t\u00f6dik nyugd\u00edjast hamarosan az id\u0151skori szeg\u00e9nys\u00e9g vesz\u00e9lye fenyegeti<\/h3><p>B\u00e1r egyre t\u00f6bb nyugd\u00edjas rendelkezik k\u00f6zepes j\u00f6vedelemmel, a Bertelsmann Alap\u00edtv\u00e1ny m\u00e1r 2017-ben \"Az id\u0151skori szeg\u00e9nys\u00e9g alakul\u00e1sa 2036-ig\" c\u00edm\u0171 tanulm\u00e1ny\u00e1ban meg\u00e1llap\u00edtotta az id\u0151skori szeg\u00e9nys\u00e9g folyamatosan n\u00f6vekv\u0151 kock\u00e1zat\u00e1t. Azok a nyugd\u00edjasok, akiknek nett\u00f3 j\u00f6vedelme 958 eur\u00f3 alatt van, szeg\u00e9nys\u00e9gi kock\u00e1zatnak sz\u00e1m\u00edtanak. Mivel a j\u00f6v\u0151beli nyugd\u00edjasok k\u00f6r\u00e9ben a szeg\u00e9nys\u00e9g kock\u00e1zata a 2015. \u00e9vi 16 sz\u00e1zal\u00e9kr\u00f3l 2036-ra 20 sz\u00e1zal\u00e9kra emelkedik, minden \u00f6t\u00f6dik \u00faj nyugd\u00edjas hamarosan az id\u0151skori szeg\u00e9nys\u00e9g vesz\u00e9ly\u00e9nek lehet kit\u00e9ve. A demogr\u00e1fiai v\u00e1ltoz\u00e1sok miatt egyre kevesebb dolgoz\u00f3 embernek kell egyre t\u00f6bb nyugd\u00edjas\u00e9rt fizetnie.<\/p><h3>A nemzed\u00e9kek k\u00f6z\u00f6tti szerz\u0151d\u00e9s megbukott<\/h3><p>\"Am\u00edg egyesek hitele m\u00e1sok ad\u00f3ss\u00e1ga, addig semmilyen gazdas\u00e1gi \u00e9s p\u00e9nz\u00fcgyi modell nem fog hossz\u00fa t\u00e1von m\u0171k\u00f6dni\" - \u00edgy elemzi a jelenlegi fenyeget\u0151 fejlem\u00e9nyeket Bernd H\u00fcckst\u00e4dt, a Gradido Academy t\u00e1rsalap\u00edt\u00f3ja. A term\u00e9szet \u00e9vezredes sikermodelljei alapj\u00e1n a f\u00fcggetlen kutat\u00f3int\u00e9zet gazdas\u00e1gi bionika szak\u00e9rt\u0151i k\u00e9t \u00e9vtizeden \u00e1t dolgozt\u00e1k ki a k\u00f6zj\u00f3 koncepci\u00f3j\u00e1t, amely az ad\u00f3ss\u00e1g-p\u00e9nz elv\u00e9t\u0151l val\u00f3 elfordul\u00e1son \u00e9s a Gradido (GDD) bevezet\u00e9s\u00e9n alapul. Az \u00faj t\u00edpus\u00fa gazdas\u00e1gi \u00e9s p\u00e9nz\u00fcgyi rendszer etikai alapkoncepci\u00f3ja a \"H\u00e1romf\u00e9le j\u00f3ra\" ir\u00e1nyul, hogy az egy\u00e9n sz\u00e1m\u00e1ra a lehet\u0151 legjobb \u00e9let- \u00e9s fejl\u0151d\u00e9si lehet\u0151s\u00e9geket teremtse meg, biztos\u00edtsa a k\u00f6z\u00f6ss\u00e9g t\u00e1rsadalmi \u00e9let\u00e9t \u00e9s a term\u00e9szetet a legjobb tud\u00e1sunk szerint v\u00e9dje. Minden koroszt\u00e1lynak lehet\u0151s\u00e9ge van arra, hogy havonta 1000 Gradido (GDD) \"akt\u00edv alapj\u00f6vedelmet\" kapjon. Cser\u00e9be olyan feladatokat v\u00e1llalnak a k\u00f6z\u00f6ss\u00e9gben, amelyeket sz\u00edvesen \u00e9s k\u00fcl\u00f6n\u00f6sen j\u00f3l v\u00e9geznek. A k\u00f6z\u00f6ss\u00e9g sz\u00e1m\u00e1ra 1000 Gradido (GDD) szem\u00e9lyenk\u00e9nt \u00e9s havonta is megh\u00faz\u00f3dik, ami feleslegess\u00e9 teszi az ad\u00f3kat. A harmadik pill\u00e9r egy tov\u00e1bbi 1000 Gradido, amelyet havonta egy k\u00f6rnyezetv\u00e9delmi alap sz\u00e1m\u00e1ra h\u00edvnak le, \u00e9s a term\u00e9szet v\u00e9delm\u00e9re ford\u00edtanak. \u00a0<\/p><h3>\u00c9lethosszig tart\u00f3 biztons\u00e1g \u00e9s gondoskod\u00e1s<\/h3><p>Az \"akt\u00edv alapj\u00f6vedelem\" mellett az id\u0151sek tov\u00e1bbi havi 1000 gradid\u00f3t kapnak \"felt\u00e9tel n\u00e9lk\u00fcli alapj\u00f6vedelem\" form\u00e1j\u00e1ban, \u00e9s \u00edgy \u00e9let\u00fck v\u00e9g\u00e9ig optim\u00e1lis ell\u00e1t\u00e1sban r\u00e9szes\u00fclnek. \"Rugalmas megold\u00e1sokat hoztunk l\u00e9tre, hogy minden egyes ember sz\u00e1m\u00e1ra garant\u00e1lni tudjuk az ell\u00e1t\u00e1st. A c\u00e9lunk az, hogy megsz\u00fcntess\u00fck az emberek \u00f6reged\u00e9st\u0151l val\u00f3 f\u00e9lelm\u00e9t, \u00e9s helyette visszaadjuk nekik a m\u00e9lt\u00f3s\u00e1gukat, az eg\u00e9szs\u00e9g\u00fcket \u00e9s az \u00e9let \u00f6r\u00f6m\u00e9t - eg\u00e9szen az \u00e9let utols\u00f3 napj\u00e1ig\" - mondja Margret Baier, az Akad\u00e9mia \u00fcgyvezet\u0151 igazgat\u00f3ja.<\/p><h3>A t\u00e1rsadalmi r\u00e9szv\u00e9tel alapvet\u0151 fontoss\u00e1g\u00fa az id\u0151skori \u00e9letmin\u0151s\u00e9g szempontj\u00e1b\u00f3l<\/h3><p>E c\u00e9l el\u00e9r\u00e9se \u00e9rdek\u00e9ben a Gradido modell a k\u00f6z\u00f6ss\u00e9g \u00e9let\u00e9ben val\u00f3 \"felt\u00e9tel n\u00e9lk\u00fcli r\u00e9szv\u00e9telre\" is \u00e9p\u00edt. Lehet\u0151v\u00e9 teszi, hogy minden ember addig vegyen r\u00e9szt a k\u00f6zj\u00f3ban, am\u00edg ez a k\u00edv\u00e1ns\u00e1ga, \u00e9s a t\u00e1rsadalmi \u00e9let r\u00e9szese maradjon. \"Gyakran el\u0151fordul, hogy az id\u0151s emberek m\u00e1r egy\u00e1ltal\u00e1n nem kapnak pozit\u00edv meger\u0151s\u00edt\u00e9st, \u00e9s \u00edgy kialakul benn\u00fck az az \u00e9rz\u00e9s, hogy m\u00e1r nincs r\u00e1juk sz\u00fcks\u00e9g. Ez megb\u00e9n\u00edtja \u00e9s k\u00e1ros\u00edtja az eg\u00e9szs\u00e9get, mert a t\u00e1rsadalmi \u00e9letben val\u00f3 r\u00e9szv\u00e9tel m\u00e9g id\u0151s korban is n\u00e9lk\u00fcl\u00f6zhetetlen\" - magyar\u00e1zza Margret Baier - \"r\u00e1ad\u00e1sul az id\u0151sek \u00f6nk\u00e9ntes elk\u00f6telezetts\u00e9g\u00e9vel olyan fontos t\u00e1rsadalmi feladatokat is el lehet l\u00e1tni, amelyeket egy\u00e9bk\u00e9nt szinte lehetetlen lenne megoldani\".<\/p><h3>A mag\u00e1ny megdupl\u00e1zhatja a demencia kock\u00e1zat\u00e1t<\/h3><p>Az id\u0151skori mag\u00e1ny \u00e9s a depressz\u00edv hangulat mind a ment\u00e1lis, mind a fizikai eg\u00e9szs\u00e9get befoly\u00e1solja. \"Ha az emberek szoci\u00e1lisan elszigeteltek, \u00e9s hossz\u00fa id\u0151n kereszt\u00fcl kev\u00e9s szoci\u00e1lis kapcsolattal rendelkeznek, az s\u00falyos fizikai t\u00fcneteket is okozhat\" - hangs\u00falyozza Andreas Meyer-Lindenberg pszichi\u00e1ter, a mannheimi K\u00f6zponti Ment\u00e1lis Eg\u00e9szs\u00e9g\u00fcgyi Int\u00e9zet igazgat\u00f3ja. Amerikai kutat\u00f3k 800 id\u0151s ember n\u00e9gy\u00e9ves vizsg\u00e1lata ut\u00e1n meg\u00e1llap\u00edtott\u00e1k, hogy a mag\u00e1ny megdupl\u00e1zza a szenilis demencia kialakul\u00e1s\u00e1nak kock\u00e1zat\u00e1t.<\/p><h3>A Gradido az \u00e9let v\u00e9g\u00e9ig tart\u00f3 gondoz\u00e1st \u00edg\u00e9r<\/h3><p>\"C\u00e9lunk, hogy minden ember biztons\u00e1gban, teljes \u00e9rt\u00e9k\u0171en, a lehet\u0151 legeg\u00e9szs\u00e9gesebben \u00e9s boldogan \u00e9lhessen \u00e9lete els\u0151 napj\u00e1t\u00f3l az utols\u00f3ig\" - fejtette ki Bernd H\u00fcckst\u00e4dt, majd hozz\u00e1tette: \"Mivel napr\u00f3l napra n\u0151 azoknak a sz\u00e1ma, akiknek a mindennapi \u00e9lete m\u00e9rf\u00f6ldekre van ezekt\u0151l a paradicsomi k\u00f6r\u00fclm\u00e9nyekt\u0151l, itt az ideje az \u00fajragondol\u00e1snak. Ez\u00e9rt minden koroszt\u00e1lyb\u00f3l h\u00edvjuk a hasonl\u00f3an gondolkod\u00f3 embereket, hogy t\u00e1mogassanak benn\u00fcnket a b\u00e9k\u00e9s \u00e1talakul\u00e1s \u00e9rdek\u00e9ben tett er\u0151fesz\u00edt\u00e9seinkben, \u00e9s m\u0171k\u00f6djenek egy\u00fctt a Gradido Akad\u00e9mi\u00e1val\".<\/p><p>R\u00e9szletek a Gradido modellr\u0151l \u00e9s a Gradido podcastr\u00f3l a k\u00f6vetkez\u0151 c\u00edmen <a href=\"https:\/\/gradido.net\/hu\/\">www.gradido.net<\/a><\/p>\t\t\t\t\t\t\t\t<\/div>\n\t\t\t\t<\/div>\n\t\t\t\t<div class=\"elementor-element elementor-element-e9ff241 elementor-widget elementor-widget-text-editor\" data-id=\"e9ff241\" data-element_type=\"widget\" data-e-type=\"widget\" data-widget_type=\"text-editor.default\">\n\t\t\t\t<div class=\"elementor-widget-container\">\n\t\t\t\t\t\t\t\t\t<p><strong>A Gradido Akad\u00e9mi\u00e1r\u00f3l<\/strong><br>A Gradido Academy for Economic Bionics kifejlesztett egy alternat\u00edv \"k\u00f6zj\u00f3 valut\u00e1t\", amely a term\u00e9szet mint\u00e1j\u00e1ra k\u00e9sz\u00fclt. A term\u00e9szet azt a szab\u00e1lyt k\u00f6veti, hogy csak ott, ahol valami elm\u00falik, keletkezhet valami \u00faj, \u00e9s \u00edgy hossz\u00fa t\u00e1v\u00fa fejl\u0151d\u00e9s (evol\u00faci\u00f3) lehets\u00e9ges. A siker receptje az \"\u00e9let k\u00f6rforg\u00e1sa\". Ha a mi gazdas\u00e1gunk is ezt a term\u00e9szetes ciklust k\u00f6vetn\u00e9, az a gazdas\u00e1gi bionika szak\u00e9rt\u0151i szerint gyakorlatilag a vil\u00e1g \u00f6sszes p\u00e9nzzel kapcsolatos probl\u00e9m\u00e1j\u00e1t megoldan\u00e1. A Gradido modell azon az elk\u00e9pzel\u00e9sen alapul, hogy nemcsak minden szem\u00e9ly, hanem minden \u00e1llam is kap egy hitelalapon l\u00e9trehozott j\u00f6vedelmet. Ezzel minden feladat\u00e1t ad\u00f3beszed\u00e9s n\u00e9lk\u00fcl is el tudja l\u00e1tni. A defl\u00e1ci\u00f3 vagy az infl\u00e1ci\u00f3 m\u00e1r a m\u00falt\u00e9. A gazdas\u00e1g megszabadul az \u00e1lland\u00f3 n\u00f6veked\u00e9si k\u00e9nyszert\u0151l, a p\u00e9nz\u00fcgyi rendszer \u00f6sszeoml\u00e1s\u00e1nak vesz\u00e9lye v\u00e9gre elh\u00e1rul. (<a href=\"https:\/\/gradido.net\/hu\/\">www.gradido.net<\/a>)<\/p>\t\t\t\t\t\t\t\t<\/div>\n\t\t\t\t<\/div>\n\t\t\t\t\t<\/div>\n\t\t<\/div>\n\t\t\t\t\t<\/div>\n\t\t<\/section>\n\t\t\t\t<\/div>","protected":false},"excerpt":{"rendered":"<p>Arm und einsam im Alter? K\u00fcnzelsau,13.07.2021 \u2013 Die Aussichten f\u00fcr Rentner sind d\u00fcster: Wegen drohender Altersarmut und wachsender Vereinsamung wird der \u201awohlverdiente Ruhestand\u2018 nicht selten zu einem echten Schreckensszenario. Aktuelle Studien rechnen mit einem steten Anstieg der Altersarmut. Mediziner warnen vor den Gesundheitsrisiken durch die wachsende soziale Isolation. W\u00e4hrend die Politik \u00fcber eine Verl\u00e4ngerung der [&hellip;]<\/p>\n","protected":false},"author":2,"featured_media":2977,"comment_status":"closed","ping_status":"closed","sticky":false,"template":"","format":"standard","meta":{"footnotes":""},"categories":[8],"tags":[],"class_list":["post-2978","post","type-post","status-publish","format-standard","has-post-thumbnail","hentry","category-pressemitteilung"],"yoast_head":"<!-- This site is optimized with the Yoast SEO plugin v27.5 - https:\/\/yoast.com\/product\/yoast-seo-wordpress\/ -->\n<title>Gradido-Akademie l\u00e4dt Rentner zu erf\u00fclltem Lebensabend ein - Gradido<\/title>\n<meta name=\"robots\" content=\"index, follow, max-snippet:-1, max-image-preview:large, max-video-preview:-1\" \/>\n<link rel=\"canonical\" href=\"https:\/\/gradido.net\/hu\/gradido-akademie-laedt-rentner-zu-erfuelltem-lebensabend-ein\/\" \/>\n<meta property=\"og:locale\" content=\"hu_HU\" \/>\n<meta property=\"og:type\" content=\"article\" \/>\n<meta property=\"og:title\" content=\"Gradido-Akademie l\u00e4dt Rentner zu erf\u00fclltem Lebensabend ein - Gradido\" \/>\n<meta property=\"og:description\" content=\"Arm und einsam im Alter? K\u00fcnzelsau,13.07.2021 \u2013 Die Aussichten f\u00fcr Rentner sind d\u00fcster: Wegen drohender Altersarmut und wachsender Vereinsamung wird der \u201awohlverdiente Ruhestand\u2018 nicht selten zu einem echten Schreckensszenario. Aktuelle Studien rechnen mit einem steten Anstieg der Altersarmut. Mediziner warnen vor den Gesundheitsrisiken durch die wachsende soziale Isolation. W\u00e4hrend die Politik \u00fcber eine Verl\u00e4ngerung der [&hellip;]\" \/>\n<meta property=\"og:url\" content=\"https:\/\/gradido.net\/hu\/gradido-akademie-laedt-rentner-zu-erfuelltem-lebensabend-ein\/\" \/>\n<meta property=\"og:site_name\" content=\"Gradido\" \/>\n<meta property=\"article:published_time\" content=\"2021-07-13T07:05:42+00:00\" \/>\n<meta property=\"article:modified_time\" content=\"2021-12-11T20:05:20+00:00\" \/>\n<meta property=\"og:image\" content=\"https:\/\/gradido.net\/wp-content\/uploads\/2021\/07\/alter_ohne_armut_und_einsamkeit.jpg\" \/>\n\t<meta property=\"og:image:width\" content=\"1458\" \/>\n\t<meta property=\"og:image:height\" content=\"990\" \/>\n\t<meta property=\"og:image:type\" content=\"image\/jpeg\" \/>\n<meta name=\"author\" content=\"Bernd H\u00fcckst\u00e4dt\" \/>\n<meta name=\"twitter:card\" content=\"summary_large_image\" \/>\n<meta name=\"twitter:label1\" content=\"Szerz\u0151:\" \/>\n\t<meta name=\"twitter:data1\" content=\"Bernd H\u00fcckst\u00e4dt\" \/>\n\t<meta name=\"twitter:label2\" content=\"Becs\u00fclt olvas\u00e1si id\u0151\" \/>\n\t<meta name=\"twitter:data2\" content=\"5 perc\" \/>\n<script type=\"application\/ld+json\" class=\"yoast-schema-graph\">{\"@context\":\"https:\\\/\\\/schema.org\",\"@graph\":[{\"@type\":\"Article\",\"@id\":\"https:\\\/\\\/gradido.net\\\/el\\\/gradido-akademie-laedt-rentner-zu-erfuelltem-lebensabend-ein\\\/#article\",\"isPartOf\":{\"@id\":\"https:\\\/\\\/gradido.net\\\/el\\\/gradido-akademie-laedt-rentner-zu-erfuelltem-lebensabend-ein\\\/\"},\"author\":{\"name\":\"Bernd H\u00fcckst\u00e4dt\",\"@id\":\"https:\\\/\\\/gradido.net\\\/de\\\/#\\\/schema\\\/person\\\/9c503a004ad15a1ddecadce2218db5d1\"},\"headline\":\"Gradido-Akademie l\u00e4dt Rentner zu erf\u00fclltem Lebensabend ein\",\"datePublished\":\"2021-07-13T07:05:42+00:00\",\"dateModified\":\"2021-12-11T20:05:20+00:00\",\"mainEntityOfPage\":{\"@id\":\"https:\\\/\\\/gradido.net\\\/el\\\/gradido-akademie-laedt-rentner-zu-erfuelltem-lebensabend-ein\\\/\"},\"wordCount\":926,\"publisher\":{\"@id\":\"https:\\\/\\\/gradido.net\\\/de\\\/#organization\"},\"image\":{\"@id\":\"https:\\\/\\\/gradido.net\\\/el\\\/gradido-akademie-laedt-rentner-zu-erfuelltem-lebensabend-ein\\\/#primaryimage\"},\"thumbnailUrl\":\"https:\\\/\\\/gradido.net\\\/wp-content\\\/uploads\\\/2021\\\/07\\\/alter_ohne_armut_und_einsamkeit.jpg\",\"articleSection\":[\"Pressemitteilung\"],\"inLanguage\":\"hu\"},{\"@type\":\"WebPage\",\"@id\":\"https:\\\/\\\/gradido.net\\\/el\\\/gradido-akademie-laedt-rentner-zu-erfuelltem-lebensabend-ein\\\/\",\"url\":\"https:\\\/\\\/gradido.net\\\/el\\\/gradido-akademie-laedt-rentner-zu-erfuelltem-lebensabend-ein\\\/\",\"name\":\"Gradido-Akademie l\u00e4dt Rentner zu erf\u00fclltem Lebensabend ein - Gradido\",\"isPartOf\":{\"@id\":\"https:\\\/\\\/gradido.net\\\/de\\\/#website\"},\"primaryImageOfPage\":{\"@id\":\"https:\\\/\\\/gradido.net\\\/el\\\/gradido-akademie-laedt-rentner-zu-erfuelltem-lebensabend-ein\\\/#primaryimage\"},\"image\":{\"@id\":\"https:\\\/\\\/gradido.net\\\/el\\\/gradido-akademie-laedt-rentner-zu-erfuelltem-lebensabend-ein\\\/#primaryimage\"},\"thumbnailUrl\":\"https:\\\/\\\/gradido.net\\\/wp-content\\\/uploads\\\/2021\\\/07\\\/alter_ohne_armut_und_einsamkeit.jpg\",\"datePublished\":\"2021-07-13T07:05:42+00:00\",\"dateModified\":\"2021-12-11T20:05:20+00:00\",\"breadcrumb\":{\"@id\":\"https:\\\/\\\/gradido.net\\\/el\\\/gradido-akademie-laedt-rentner-zu-erfuelltem-lebensabend-ein\\\/#breadcrumb\"},\"inLanguage\":\"hu\",\"potentialAction\":[{\"@type\":\"ReadAction\",\"target\":[\"https:\\\/\\\/gradido.net\\\/el\\\/gradido-akademie-laedt-rentner-zu-erfuelltem-lebensabend-ein\\\/\"]}]},{\"@type\":\"ImageObject\",\"inLanguage\":\"hu\",\"@id\":\"https:\\\/\\\/gradido.net\\\/el\\\/gradido-akademie-laedt-rentner-zu-erfuelltem-lebensabend-ein\\\/#primaryimage\",\"url\":\"https:\\\/\\\/gradido.net\\\/wp-content\\\/uploads\\\/2021\\\/07\\\/alter_ohne_armut_und_einsamkeit.jpg\",\"contentUrl\":\"https:\\\/\\\/gradido.net\\\/wp-content\\\/uploads\\\/2021\\\/07\\\/alter_ohne_armut_und_einsamkeit.jpg\",\"width\":1458,\"height\":990},{\"@type\":\"BreadcrumbList\",\"@id\":\"https:\\\/\\\/gradido.net\\\/el\\\/gradido-akademie-laedt-rentner-zu-erfuelltem-lebensabend-ein\\\/#breadcrumb\",\"itemListElement\":[{\"@type\":\"ListItem\",\"position\":1,\"name\":\"Startseite\",\"item\":\"https:\\\/\\\/gradido.net\\\/\"},{\"@type\":\"ListItem\",\"position\":2,\"name\":\"Gradido-Akademie l\u00e4dt Rentner zu erf\u00fclltem Lebensabend ein\"}]},{\"@type\":\"WebSite\",\"@id\":\"https:\\\/\\\/gradido.net\\\/de\\\/#website\",\"url\":\"https:\\\/\\\/gradido.net\\\/de\\\/\",\"name\":\"Gradido\",\"description\":\"Die neue W\u00e4hrung hei\u00dft Dankbarkeit\",\"publisher\":{\"@id\":\"https:\\\/\\\/gradido.net\\\/de\\\/#organization\"},\"potentialAction\":[{\"@type\":\"SearchAction\",\"target\":{\"@type\":\"EntryPoint\",\"urlTemplate\":\"https:\\\/\\\/gradido.net\\\/de\\\/?s={search_term_string}\"},\"query-input\":{\"@type\":\"PropertyValueSpecification\",\"valueRequired\":true,\"valueName\":\"search_term_string\"}}],\"inLanguage\":\"hu\"},{\"@type\":\"Organization\",\"@id\":\"https:\\\/\\\/gradido.net\\\/de\\\/#organization\",\"name\":\"Gradido\",\"url\":\"https:\\\/\\\/gradido.net\\\/de\\\/\",\"logo\":{\"@type\":\"ImageObject\",\"inLanguage\":\"hu\",\"@id\":\"https:\\\/\\\/gradido.net\\\/de\\\/#\\\/schema\\\/logo\\\/image\\\/\",\"url\":\"https:\\\/\\\/gradido.net\\\/wp-content\\\/uploads\\\/2022\\\/04\\\/gradido-social.jpg\",\"contentUrl\":\"https:\\\/\\\/gradido.net\\\/wp-content\\\/uploads\\\/2022\\\/04\\\/gradido-social.jpg\",\"width\":527,\"height\":273,\"caption\":\"Gradido\"},\"image\":{\"@id\":\"https:\\\/\\\/gradido.net\\\/de\\\/#\\\/schema\\\/logo\\\/image\\\/\"}},{\"@type\":\"Person\",\"@id\":\"https:\\\/\\\/gradido.net\\\/de\\\/#\\\/schema\\\/person\\\/9c503a004ad15a1ddecadce2218db5d1\",\"name\":\"Bernd H\u00fcckst\u00e4dt\",\"sameAs\":[\"https:\\\/\\\/gradido.net\"],\"url\":\"https:\\\/\\\/gradido.net\\\/hu\\\/author\\\/bernd\\\/\"}]}<\/script>\n<!-- \/ Yoast SEO plugin. -->","yoast_head_json":{"title":"A Gradido Akad\u00e9mia megh\u00edvja a nyugd\u00edjasokat egy teljes nyugd\u00edjas \u00e9letre - Gradido","robots":{"index":"index","follow":"follow","max-snippet":"max-snippet:-1","max-image-preview":"max-image-preview:large","max-video-preview":"max-video-preview:-1"},"canonical":"https:\/\/gradido.net\/hu\/gradido-akademie-laedt-rentner-zu-erfuelltem-lebensabend-ein\/","og_locale":"hu_HU","og_type":"article","og_title":"Gradido-Akademie l\u00e4dt Rentner zu erf\u00fclltem Lebensabend ein - Gradido","og_description":"Arm und einsam im Alter? K\u00fcnzelsau,13.07.2021 \u2013 Die Aussichten f\u00fcr Rentner sind d\u00fcster: Wegen drohender Altersarmut und wachsender Vereinsamung wird der \u201awohlverdiente Ruhestand\u2018 nicht selten zu einem echten Schreckensszenario. Aktuelle Studien rechnen mit einem steten Anstieg der Altersarmut. Mediziner warnen vor den Gesundheitsrisiken durch die wachsende soziale Isolation. W\u00e4hrend die Politik \u00fcber eine Verl\u00e4ngerung der [&hellip;]","og_url":"https:\/\/gradido.net\/hu\/gradido-akademie-laedt-rentner-zu-erfuelltem-lebensabend-ein\/","og_site_name":"Gradido","article_published_time":"2021-07-13T07:05:42+00:00","article_modified_time":"2021-12-11T20:05:20+00:00","og_image":[{"width":1458,"height":990,"url":"https:\/\/gradido.net\/wp-content\/uploads\/2021\/07\/alter_ohne_armut_und_einsamkeit.jpg","type":"image\/jpeg"}],"author":"Bernd H\u00fcckst\u00e4dt","twitter_card":"summary_large_image","twitter_misc":{"Szerz\u0151:":"Bernd H\u00fcckst\u00e4dt","Becs\u00fclt olvas\u00e1si id\u0151":"5 perc"},"schema":{"@context":"https:\/\/schema.org","@graph":[{"@type":"Article","@id":"https:\/\/gradido.net\/el\/gradido-akademie-laedt-rentner-zu-erfuelltem-lebensabend-ein\/#article","isPartOf":{"@id":"https:\/\/gradido.net\/el\/gradido-akademie-laedt-rentner-zu-erfuelltem-lebensabend-ein\/"},"author":{"name":"Bernd H\u00fcckst\u00e4dt","@id":"https:\/\/gradido.net\/de\/#\/schema\/person\/9c503a004ad15a1ddecadce2218db5d1"},"headline":"Gradido-Akademie l\u00e4dt Rentner zu erf\u00fclltem Lebensabend ein","datePublished":"2021-07-13T07:05:42+00:00","dateModified":"2021-12-11T20:05:20+00:00","mainEntityOfPage":{"@id":"https:\/\/gradido.net\/el\/gradido-akademie-laedt-rentner-zu-erfuelltem-lebensabend-ein\/"},"wordCount":926,"publisher":{"@id":"https:\/\/gradido.net\/de\/#organization"},"image":{"@id":"https:\/\/gradido.net\/el\/gradido-akademie-laedt-rentner-zu-erfuelltem-lebensabend-ein\/#primaryimage"},"thumbnailUrl":"https:\/\/gradido.net\/wp-content\/uploads\/2021\/07\/alter_ohne_armut_und_einsamkeit.jpg","articleSection":["Pressemitteilung"],"inLanguage":"hu"},{"@type":"WebPage","@id":"https:\/\/gradido.net\/el\/gradido-akademie-laedt-rentner-zu-erfuelltem-lebensabend-ein\/","url":"https:\/\/gradido.net\/el\/gradido-akademie-laedt-rentner-zu-erfuelltem-lebensabend-ein\/","name":"A Gradido Akad\u00e9mia megh\u00edvja a nyugd\u00edjasokat egy teljes nyugd\u00edjas \u00e9letre - Gradido","isPartOf":{"@id":"https:\/\/gradido.net\/de\/#website"},"primaryImageOfPage":{"@id":"https:\/\/gradido.net\/el\/gradido-akademie-laedt-rentner-zu-erfuelltem-lebensabend-ein\/#primaryimage"},"image":{"@id":"https:\/\/gradido.net\/el\/gradido-akademie-laedt-rentner-zu-erfuelltem-lebensabend-ein\/#primaryimage"},"thumbnailUrl":"https:\/\/gradido.net\/wp-content\/uploads\/2021\/07\/alter_ohne_armut_und_einsamkeit.jpg","datePublished":"2021-07-13T07:05:42+00:00","dateModified":"2021-12-11T20:05:20+00:00","breadcrumb":{"@id":"https:\/\/gradido.net\/el\/gradido-akademie-laedt-rentner-zu-erfuelltem-lebensabend-ein\/#breadcrumb"},"inLanguage":"hu","potentialAction":[{"@type":"ReadAction","target":["https:\/\/gradido.net\/el\/gradido-akademie-laedt-rentner-zu-erfuelltem-lebensabend-ein\/"]}]},{"@type":"ImageObject","inLanguage":"hu","@id":"https:\/\/gradido.net\/el\/gradido-akademie-laedt-rentner-zu-erfuelltem-lebensabend-ein\/#primaryimage","url":"https:\/\/gradido.net\/wp-content\/uploads\/2021\/07\/alter_ohne_armut_und_einsamkeit.jpg","contentUrl":"https:\/\/gradido.net\/wp-content\/uploads\/2021\/07\/alter_ohne_armut_und_einsamkeit.jpg","width":1458,"height":990},{"@type":"BreadcrumbList","@id":"https:\/\/gradido.net\/el\/gradido-akademie-laedt-rentner-zu-erfuelltem-lebensabend-ein\/#breadcrumb","itemListElement":[{"@type":"ListItem","position":1,"name":"Startseite","item":"https:\/\/gradido.net\/"},{"@type":"ListItem","position":2,"name":"Gradido-Akademie l\u00e4dt Rentner zu erf\u00fclltem Lebensabend ein"}]},{"@type":"WebSite","@id":"https:\/\/gradido.net\/de\/#website","url":"https:\/\/gradido.net\/de\/","name":"Gradido","description":"Az \u00faj p\u00e9nznem a h\u00e1la","publisher":{"@id":"https:\/\/gradido.net\/de\/#organization"},"potentialAction":[{"@type":"SearchAction","target":{"@type":"EntryPoint","urlTemplate":"https:\/\/gradido.net\/de\/?s={search_term_string}"},"query-input":{"@type":"PropertyValueSpecification","valueRequired":true,"valueName":"search_term_string"}}],"inLanguage":"hu"},{"@type":"Organization","@id":"https:\/\/gradido.net\/de\/#organization","name":"Gradido","url":"https:\/\/gradido.net\/de\/","logo":{"@type":"ImageObject","inLanguage":"hu","@id":"https:\/\/gradido.net\/de\/#\/schema\/logo\/image\/","url":"https:\/\/gradido.net\/wp-content\/uploads\/2022\/04\/gradido-social.jpg","contentUrl":"https:\/\/gradido.net\/wp-content\/uploads\/2022\/04\/gradido-social.jpg","width":527,"height":273,"caption":"Gradido"},"image":{"@id":"https:\/\/gradido.net\/de\/#\/schema\/logo\/image\/"}},{"@type":"Person","@id":"https:\/\/gradido.net\/de\/#\/schema\/person\/9c503a004ad15a1ddecadce2218db5d1","name":"Bernd H\u00fcckst\u00e4dt","sameAs":["https:\/\/gradido.net"],"url":"https:\/\/gradido.net\/hu\/author\/bernd\/"}]}},"_links":{"self":[{"href":"https:\/\/gradido.net\/hu\/wp-json\/wp\/v2\/posts\/2978","targetHints":{"allow":["GET"]}}],"collection":[{"href":"https:\/\/gradido.net\/hu\/wp-json\/wp\/v2\/posts"}],"about":[{"href":"https:\/\/gradido.net\/hu\/wp-json\/wp\/v2\/types\/post"}],"author":[{"embeddable":true,"href":"https:\/\/gradido.net\/hu\/wp-json\/wp\/v2\/users\/2"}],"replies":[{"embeddable":true,"href":"https:\/\/gradido.net\/hu\/wp-json\/wp\/v2\/comments?post=2978"}],"version-history":[{"count":10,"href":"https:\/\/gradido.net\/hu\/wp-json\/wp\/v2\/posts\/2978\/revisions"}],"predecessor-version":[{"id":3778,"href":"https:\/\/gradido.net\/hu\/wp-json\/wp\/v2\/posts\/2978\/revisions\/3778"}],"wp:featuredmedia":[{"embeddable":true,"href":"https:\/\/gradido.net\/hu\/wp-json\/wp\/v2\/media\/2977"}],"wp:attachment":[{"href":"https:\/\/gradido.net\/hu\/wp-json\/wp\/v2\/media?parent=2978"}],"wp:term":[{"taxonomy":"category","embeddable":true,"href":"https:\/\/gradido.net\/hu\/wp-json\/wp\/v2\/categories?post=2978"},{"taxonomy":"post_tag","embeddable":true,"href":"https:\/\/gradido.net\/hu\/wp-json\/wp\/v2\/tags?post=2978"}],"curies":[{"name":"wp","href":"https:\/\/api.w.org\/{rel}","templated":true}]}}