{"id":3833,"date":"2021-12-25T09:15:54","date_gmt":"2021-12-25T08:15:54","guid":{"rendered":"https:\/\/gradido.net\/?p=3833"},"modified":"2021-12-27T12:05:55","modified_gmt":"2021-12-27T11:05:55","slug":"episode-35","status":"publish","type":"post","link":"https:\/\/gradido.net\/hu\/episode-35\/","title":{"rendered":"Nagyszer\u0171 egy\u00fcttm\u0171k\u00f6d\u00e9s: b\u00e9k\u00e9t k\u00f6tni a traum\u00e1k gy\u00f3gy\u00edt\u00e1s\u00e1val"},"content":{"rendered":"<div data-elementor-type=\"wp-post\" data-elementor-id=\"3833\" class=\"elementor elementor-3833\" data-elementor-post-type=\"post\">\n\t\t\t\t\t\t<section class=\"elementor-section elementor-top-section elementor-element elementor-element-496e1d53 elementor-section-boxed elementor-section-height-default elementor-section-height-default\" data-id=\"496e1d53\" data-element_type=\"section\" data-e-type=\"section\">\n\t\t\t\t\t\t<div class=\"elementor-container elementor-column-gap-default\">\n\t\t\t\t\t<div class=\"elementor-column elementor-col-100 elementor-top-column elementor-element elementor-element-461d7be0\" data-id=\"461d7be0\" data-element_type=\"column\" data-e-type=\"column\">\n\t\t\t<div class=\"elementor-widget-wrap elementor-element-populated\">\n\t\t\t\t\t\t<div class=\"elementor-element elementor-element-cd9ebe2 elementor-widget elementor-widget-text-editor\" data-id=\"cd9ebe2\" data-element_type=\"widget\" data-e-type=\"widget\" data-widget_type=\"text-editor.default\">\n\t\t\t\t<div class=\"elementor-widget-container\">\n\t\t\t\t\t\t\t\t\t<h2>Vend\u00e9g: Saskia Hoppe \u00e9s Julia Toma<\/h2>\t\t\t\t\t\t\t\t<\/div>\n\t\t\t\t<\/div>\n\t\t\t\t\t<\/div>\n\t\t<\/div>\n\t\t\t\t\t<\/div>\n\t\t<\/section>\n\t\t\t\t<section class=\"elementor-section elementor-top-section elementor-element elementor-element-2f93e3c3 elementor-section-boxed elementor-section-height-default elementor-section-height-default\" data-id=\"2f93e3c3\" data-element_type=\"section\" data-e-type=\"section\">\n\t\t\t\t\t\t<div class=\"elementor-container elementor-column-gap-default\">\n\t\t\t\t\t<div class=\"elementor-column elementor-col-100 elementor-top-column elementor-element elementor-element-5a9dfd19\" data-id=\"5a9dfd19\" data-element_type=\"column\" data-e-type=\"column\">\n\t\t\t<div class=\"elementor-widget-wrap elementor-element-populated\">\n\t\t\t\t\t\t<div class=\"elementor-element elementor-element-9cdb6b8 elementor-widget elementor-widget-html\" data-id=\"9cdb6b8\" data-element_type=\"widget\" data-e-type=\"widget\" data-widget_type=\"html.default\">\n\t\t\t\t<div class=\"elementor-widget-container\">\n\t\t\t\t\t<script class=\"podigee-podcast-player\" src=\"https:\/\/player.podigee-cdn.net\/podcast-player\/javascripts\/podigee-podcast-player.js\" data-configuration=\"https:\/\/gradido.podigee.io\/35-neue-episode\/embed?context=external&token=yGjCnx3jf0955SnvRbpjKg\"><\/script>\t\t\t\t<\/div>\n\t\t\t\t<\/div>\n\t\t\t\t\t<\/div>\n\t\t<\/div>\n\t\t\t\t\t<\/div>\n\t\t<\/section>\n\t\t\t\t<section class=\"elementor-section elementor-top-section elementor-element elementor-element-585c640 elementor-section-boxed elementor-section-height-default elementor-section-height-default\" data-id=\"585c640\" data-element_type=\"section\" data-e-type=\"section\">\n\t\t\t\t\t\t<div class=\"elementor-container elementor-column-gap-default\">\n\t\t\t\t\t<div class=\"elementor-column elementor-col-50 elementor-top-column elementor-element elementor-element-13c250b\" data-id=\"13c250b\" data-element_type=\"column\" data-e-type=\"column\">\n\t\t\t<div class=\"elementor-widget-wrap elementor-element-populated\">\n\t\t\t\t\t\t<div class=\"elementor-element elementor-element-0561949 elementor-widget elementor-widget-text-editor\" data-id=\"0561949\" data-element_type=\"widget\" data-e-type=\"widget\" data-widget_type=\"text-editor.default\">\n\t\t\t\t<div class=\"elementor-widget-container\">\n\t\t\t\t\t\t\t\t\t<p>K\u00fcl\u00f6n\u00f6sen most kar\u00e1csonykor, a szeretet \u00fcnnep\u00e9n k\u00edv\u00e1nunk egym\u00e1snak \"b\u00e9k\u00e9t a f\u00f6ld\u00f6n \u00e9s j\u00f3akaratot az emberek ir\u00e1nt\". Egy olyan vil\u00e1gr\u00f3l \u00e1lmodunk, ahol mindenki j\u00f3l van: mi magunk, gyermekeink \u00e9s unok\u00e1ink - \u00e9s minden gyermek a mi gy\u00f6ny\u00f6r\u0171 F\u00f6ld\u00fcnk\u00f6n.<\/p><p>Az embertelen ad\u00f3ss\u00e1gp\u00e9nzrendszer mellett, amelynek elker\u00fclhetetlen v\u00e9g\u00e9t elnyomja a Corona-narrat\u00edva zaja, a traum\u00e1k - vagyis a tudattalan s\u00e9r\u00fcl\u00e9sek, amelyek k\u00f6z\u00fcl n\u00e9h\u00e1nyat gener\u00e1ci\u00f3kon kereszt\u00fcl \u00f6r\u00f6k\u00f6lt\u00fcnk - t\u00e1vol tartanak minket a bels\u0151 b\u00e9k\u00e9t\u0151l, \u00e9s \u00edgy a k\u00fcls\u0151 b\u00e9k\u00e9t\u0151l is. A trauma b\u00e1rmikor kiv\u00e1lthat, \u00e9s m\u00e1r nem vagyunk k\u00e9pesek ir\u00e1ny\u00edtani a viselked\u00e9s\u00fcnket. K\u00e9pesek vagyunk-e kil\u00e9pni ebb\u0151l a vesz\u00e9lyes puskaporos hord\u00f3b\u00f3l, \u00e9s tudatosan b\u00e9k\u00e9s vil\u00e1got teremteni?<\/p><p>Saskia Hoppe sz\u00edn\u00e9szn\u0151, sz\u00ednh\u00e1zi tan\u00e1r, az er\u0151szakmentes kommunik\u00e1ci\u00f3 szak\u00e9rt\u0151je \u00e9s trauma\u00e9rz\u00e9keny\u00edt\u0151 coach. A testmunka k\u00fcl\u00f6n\u00f6sen fontos sz\u00e1m\u00e1ra. Mert a traum\u00e1k f\u00e9lelmet okoznak, \u00e9s amikor f\u00e9l\u00fcnk, m\u00e1r nem \u00e9rezz\u00fck a test\u00fcnket.<\/p><p>Julia Toma kultur\u00e1lis menedzsmentet tanult. Hivat\u00e1sszer\u0171en erdei nyaral\u00e1sokat \u00e9s ifj\u00fas\u00e1gi t\u00e1borokat szervez.<\/p><p>A k\u00e9t anya \u00e9vekkel ezel\u0151tt tal\u00e1lkozott a kisgyermekcsoportban. Gyermekeik mellett, akiket a legnagyobb tan\u00edt\u00f3iknak tartanak, az er\u0151szakmentes kommunik\u00e1ci\u00f3 ir\u00e1nti \u00e9rdekl\u0151d\u00e9s\u00fck is k\u00f6z\u00f6s.<\/p><p>A Corona-int\u00e9zked\u00e9sek miatt \u0151k ketten, sok m\u00e1s emberhez hasonl\u00f3an, nem tudt\u00e1k tov\u00e1bb v\u00e9gezni a munk\u00e1jukat. De ahelyett, hogy b\u00e1nk\u00f3dtak \u00e9s panaszkodtak volna, \u00faj cselekv\u00e9si lehet\u0151s\u00e9geket kerestek, amelyekkel val\u00f3di szolg\u00e1latot tudtak volna ny\u00fajtani m\u00e1soknak. Ez\u00e9rt \u00fagy d\u00f6nt\u00f6ttek, hogy online kongresszust szerveznek, amelyen inspir\u00e1l\u00f3 \u00e9s b\u00e1tor emberek p\u00e9ldak\u00e9peikkel egy\u00fctt adnak impulzusokat saj\u00e1t lehet\u0151s\u00e9geik kibontakoztat\u00e1s\u00e1hoz \u00e9s meg\u00e9l\u00e9s\u00e9hez. A kongresszus \"<strong>A sz\u00edv h\u00edv\u00e1sa , \u00e9ld az \u00e1lmod\". <\/strong>2022. janu\u00e1r 7. \u00e9s 16. k\u00f6z\u00f6tt ker\u00fcl megrendez\u00e9sre, \u00e9s ez id\u0151 alatt az \u00f6sszes interj\u00fa ingyenesen megtekinthet\u0151. Azok, akik m\u00e1r az \"\u00e9vek k\u00f6z\u00f6tti\" csendes id\u0151ben is szeretn\u00e9nek inspir\u00e1l\u00f3dni, most egy kis \u00f6sszeg\u00e9rt megv\u00e1s\u00e1rolhatj\u00e1k a kongresszusi csomagot.<\/p><p>\"Ha mindannyian azt csin\u00e1ln\u00e1nk, amit sz\u00edvb\u0151l szeret\u00fcnk, akkor annyi er\u0151nk lenne\" - \u00f6rvendezik Julia \u00e9s Saskia. A r\u00e9gi totalit\u00e1rius rendszer nem fog t\u00f6bb\u00e9 m\u0171k\u00f6dni, amint el\u00e9rj\u00fck a kritikus t\u00f6meget, \u00e9s sok ember a saj\u00e1t \u00fatj\u00e1t j\u00e1rja az \u00f6n\u00e1ll\u00f3sod\u00e1snak. A Gradido ehhez a megfelel\u0151 \u00e9rt\u00e9krendet k\u00edn\u00e1lja. Te is r\u00e9szese lehetsz! Csatlakozzon a folyamatosan n\u00f6vekv\u0151 k\u00f6z\u00f6ss\u00e9ghez, \u00e9s hozza l\u00e9tre az \u00faj eg\u00e9szs\u00e9ges p\u00e9nzt egy unok\u00e1knak val\u00f3 vil\u00e1g\u00e9rt! Vagy a fiatalok k\u00e9s\u0151bb megk\u00e9rdezik majd t\u0151letek, hogy mi\u00e9rt nem j\u00e1rultatok hozz\u00e1 a b\u00e9k\u00e9s \u00e1talakul\u00e1shoz? Egy\u00fctt nagyszer\u0171 j\u00f6v\u0151t fogunk teremteni - b\u00e9k\u00e9ben, szabads\u00e1gban \u00e9s glob\u00e1lis j\u00f3l\u00e9tben, harm\u00f3ni\u00e1ban a term\u00e9szettel!<\/p><p>Balra:<br \/><a href=\"http:\/\/www.rufdesherzens.com\">www.rufdesherzens.com<\/a><br \/><a href=\"http:\/\/www.saskiahoppe.de\" data-wplink-edit=\"true\">www.saskiahoppe.de<\/a><\/p>\t\t\t\t\t\t\t\t<\/div>\n\t\t\t\t<\/div>\n\t\t\t\t\t<\/div>\n\t\t<\/div>\n\t\t\t\t<div class=\"elementor-column elementor-col-50 elementor-top-column elementor-element elementor-element-e0d795e\" data-id=\"e0d795e\" data-element_type=\"column\" data-e-type=\"column\">\n\t\t\t<div class=\"elementor-widget-wrap elementor-element-populated\">\n\t\t\t\t\t\t<div class=\"elementor-element elementor-element-8c61bad elementor-widget elementor-widget-image\" data-id=\"8c61bad\" data-element_type=\"widget\" data-e-type=\"widget\" data-widget_type=\"image.default\">\n\t\t\t\t<div class=\"elementor-widget-container\">\n\t\t\t\t\t\t\t\t\t\t\t\t\t\t\t<img fetchpriority=\"high\" decoding=\"async\" width=\"800\" height=\"800\" src=\"https:\/\/gradido.net\/wp-content\/uploads\/2021\/12\/gradido_podcast_toma_hoppe-1024x1024.jpg\" class=\"attachment-large size-large wp-image-3688\" alt=\"\" srcset=\"https:\/\/gradido.net\/wp-content\/uploads\/2021\/12\/gradido_podcast_toma_hoppe-1024x1024.jpg 1024w, https:\/\/gradido.net\/wp-content\/uploads\/2021\/12\/gradido_podcast_toma_hoppe-300x300.jpg 300w, https:\/\/gradido.net\/wp-content\/uploads\/2021\/12\/gradido_podcast_toma_hoppe-150x150.jpg 150w, https:\/\/gradido.net\/wp-content\/uploads\/2021\/12\/gradido_podcast_toma_hoppe-768x768.jpg 768w, https:\/\/gradido.net\/wp-content\/uploads\/2021\/12\/gradido_podcast_toma_hoppe-12x12.jpg 12w, https:\/\/gradido.net\/wp-content\/uploads\/2021\/12\/gradido_podcast_toma_hoppe.jpg 1400w\" sizes=\"(max-width: 800px) 100vw, 800px\" \/>\t\t\t\t\t\t\t\t\t\t\t\t\t\t\t<\/div>\n\t\t\t\t<\/div>\n\t\t\t\t<div class=\"elementor-element elementor-element-ceab137 elementor-widget elementor-widget-text-editor\" data-id=\"ceab137\" data-element_type=\"widget\" data-e-type=\"widget\" data-widget_type=\"text-editor.default\">\n\t\t\t\t<div class=\"elementor-widget-container\">\n\t\t\t\t\t\t\t\t\t<p><a href=\"https:\/\/youtu.be\/bLMSAb2fjHg\" target=\"_blank\" rel=\"noopener\">Hallgassa meg a YouTube-on<\/a><\/p>\t\t\t\t\t\t\t\t<\/div>\n\t\t\t\t<\/div>\n\t\t\t\t\t<\/div>\n\t\t<\/div>\n\t\t\t\t\t<\/div>\n\t\t<\/section>\n\t\t\t\t<section class=\"elementor-section elementor-top-section elementor-element elementor-element-d051609 elementor-section-boxed elementor-section-height-default elementor-section-height-default\" data-id=\"d051609\" data-element_type=\"section\" data-e-type=\"section\">\n\t\t\t\t\t\t<div class=\"elementor-container elementor-column-gap-default\">\n\t\t\t\t\t<div class=\"elementor-column elementor-col-100 elementor-top-column elementor-element elementor-element-13cc168\" data-id=\"13cc168\" data-element_type=\"column\" data-e-type=\"column\">\n\t\t\t<div class=\"elementor-widget-wrap elementor-element-populated\">\n\t\t\t\t\t\t<div class=\"elementor-element elementor-element-b43b3ee elementor-widget elementor-widget-heading\" data-id=\"b43b3ee\" data-element_type=\"widget\" data-e-type=\"widget\" data-widget_type=\"heading.default\">\n\t\t\t\t<div class=\"elementor-widget-container\">\n\t\t\t\t\t<h2 class=\"elementor-heading-title elementor-size-default\">\u00c1tirat (automatikusan leford\u00edtva)<\/h2>\t\t\t\t<\/div>\n\t\t\t\t<\/div>\n\t\t\t\t\t<\/div>\n\t\t<\/div>\n\t\t\t\t\t<\/div>\n\t\t<\/section>\n\t\t\t\t<section class=\"elementor-section elementor-top-section elementor-element elementor-element-474427c elementor-section-boxed elementor-section-height-default elementor-section-height-default\" data-id=\"474427c\" data-element_type=\"section\" data-e-type=\"section\">\n\t\t\t\t\t\t<div class=\"elementor-container elementor-column-gap-default\">\n\t\t\t\t\t<div class=\"elementor-column elementor-col-100 elementor-top-column elementor-element elementor-element-6041f12\" data-id=\"6041f12\" data-element_type=\"column\" data-e-type=\"column\">\n\t\t\t<div class=\"elementor-widget-wrap elementor-element-populated\">\n\t\t\t\t\t\t\t<\/div>\n\t\t<\/div>\n\t\t\t\t\t<\/div>\n\t\t<\/section>\n\t\t\t\t<\/div>","protected":false},"excerpt":{"rendered":"<p>Saskia Hoppe ist Schauspielerin, Theaterp\u00e4dagogin und trauma-sensibler Coach. Julia Toma studierte Kulturmanagement. Neben ihren Kindern verbindet beide ihre Expertise in gewaltfreier Kommunikation [55:30]<\/p>\n","protected":false},"author":12,"featured_media":3689,"comment_status":"closed","ping_status":"closed","sticky":false,"template":"","format":"standard","meta":{"footnotes":""},"categories":[19],"tags":[16],"class_list":["post-3833","post","type-post","status-publish","format-standard","has-post-thumbnail","hentry","category-podcast","tag-grundeinkommen"],"yoast_head":"<!-- This site is optimized with the Yoast SEO plugin v27.5 - https:\/\/yoast.com\/product\/yoast-seo-wordpress\/ -->\n<title>Great Cooperation: mit Trauma-Heilung Frieden stiften - Gradido<\/title>\n<meta name=\"robots\" content=\"index, follow, max-snippet:-1, max-image-preview:large, max-video-preview:-1\" \/>\n<link rel=\"canonical\" href=\"https:\/\/gradido.net\/hu\/episode-35\/\" \/>\n<meta property=\"og:locale\" content=\"hu_HU\" \/>\n<meta property=\"og:type\" content=\"article\" \/>\n<meta property=\"og:title\" content=\"Great Cooperation: mit Trauma-Heilung Frieden stiften - Gradido\" \/>\n<meta property=\"og:description\" content=\"Saskia Hoppe ist Schauspielerin, Theaterp\u00e4dagogin und trauma-sensibler Coach. Julia Toma studierte Kulturmanagement. Neben ihren Kindern verbindet beide ihre Expertise in gewaltfreier Kommunikation [55:30]\" \/>\n<meta property=\"og:url\" content=\"https:\/\/gradido.net\/hu\/episode-35\/\" \/>\n<meta property=\"og:site_name\" content=\"Gradido\" \/>\n<meta property=\"article:published_time\" content=\"2021-12-25T08:15:54+00:00\" \/>\n<meta property=\"article:modified_time\" content=\"2021-12-27T11:05:55+00:00\" \/>\n<meta property=\"og:image\" content=\"https:\/\/gradido.net\/wp-content\/uploads\/2021\/12\/podcast_www_toma_hoppe.jpg\" \/>\n\t<meta property=\"og:image:width\" content=\"700\" \/>\n\t<meta property=\"og:image:height\" content=\"475\" \/>\n\t<meta property=\"og:image:type\" content=\"image\/jpeg\" \/>\n<meta name=\"author\" content=\"Philipp Kessler\" \/>\n<meta name=\"twitter:card\" content=\"summary_large_image\" \/>\n<meta name=\"twitter:label1\" content=\"Szerz\u0151:\" \/>\n\t<meta name=\"twitter:data1\" content=\"Philipp Kessler\" \/>\n\t<meta name=\"twitter:label2\" content=\"Becs\u00fclt olvas\u00e1si id\u0151\" \/>\n\t<meta name=\"twitter:data2\" content=\"2 perc\" \/>\n<script type=\"application\/ld+json\" class=\"yoast-schema-graph\">{\"@context\":\"https:\\\/\\\/schema.org\",\"@graph\":[{\"@type\":\"Article\",\"@id\":\"https:\\\/\\\/gradido.net\\\/bg\\\/episode-35\\\/#article\",\"isPartOf\":{\"@id\":\"https:\\\/\\\/gradido.net\\\/bg\\\/episode-35\\\/\"},\"author\":{\"name\":\"Philipp Kessler\",\"@id\":\"https:\\\/\\\/gradido.net\\\/de\\\/#\\\/schema\\\/person\\\/f57399104ec77f2a2d5a68f479b0492f\"},\"headline\":\"Great Cooperation: mit Trauma-Heilung Frieden stiften\",\"datePublished\":\"2021-12-25T08:15:54+00:00\",\"dateModified\":\"2021-12-27T11:05:55+00:00\",\"mainEntityOfPage\":{\"@id\":\"https:\\\/\\\/gradido.net\\\/bg\\\/episode-35\\\/\"},\"wordCount\":453,\"publisher\":{\"@id\":\"https:\\\/\\\/gradido.net\\\/de\\\/#organization\"},\"image\":{\"@id\":\"https:\\\/\\\/gradido.net\\\/bg\\\/episode-35\\\/#primaryimage\"},\"thumbnailUrl\":\"https:\\\/\\\/gradido.net\\\/wp-content\\\/uploads\\\/2021\\\/12\\\/podcast_www_toma_hoppe.jpg\",\"keywords\":[\"Grundeinkommen\"],\"articleSection\":[\"Podcast\"],\"inLanguage\":\"hu\"},{\"@type\":\"WebPage\",\"@id\":\"https:\\\/\\\/gradido.net\\\/bg\\\/episode-35\\\/\",\"url\":\"https:\\\/\\\/gradido.net\\\/bg\\\/episode-35\\\/\",\"name\":\"Great Cooperation: mit Trauma-Heilung Frieden stiften - Gradido\",\"isPartOf\":{\"@id\":\"https:\\\/\\\/gradido.net\\\/de\\\/#website\"},\"primaryImageOfPage\":{\"@id\":\"https:\\\/\\\/gradido.net\\\/bg\\\/episode-35\\\/#primaryimage\"},\"image\":{\"@id\":\"https:\\\/\\\/gradido.net\\\/bg\\\/episode-35\\\/#primaryimage\"},\"thumbnailUrl\":\"https:\\\/\\\/gradido.net\\\/wp-content\\\/uploads\\\/2021\\\/12\\\/podcast_www_toma_hoppe.jpg\",\"datePublished\":\"2021-12-25T08:15:54+00:00\",\"dateModified\":\"2021-12-27T11:05:55+00:00\",\"breadcrumb\":{\"@id\":\"https:\\\/\\\/gradido.net\\\/bg\\\/episode-35\\\/#breadcrumb\"},\"inLanguage\":\"hu\",\"potentialAction\":[{\"@type\":\"ReadAction\",\"target\":[\"https:\\\/\\\/gradido.net\\\/bg\\\/episode-35\\\/\"]}]},{\"@type\":\"ImageObject\",\"inLanguage\":\"hu\",\"@id\":\"https:\\\/\\\/gradido.net\\\/bg\\\/episode-35\\\/#primaryimage\",\"url\":\"https:\\\/\\\/gradido.net\\\/wp-content\\\/uploads\\\/2021\\\/12\\\/podcast_www_toma_hoppe.jpg\",\"contentUrl\":\"https:\\\/\\\/gradido.net\\\/wp-content\\\/uploads\\\/2021\\\/12\\\/podcast_www_toma_hoppe.jpg\",\"width\":700,\"height\":475},{\"@type\":\"BreadcrumbList\",\"@id\":\"https:\\\/\\\/gradido.net\\\/bg\\\/episode-35\\\/#breadcrumb\",\"itemListElement\":[{\"@type\":\"ListItem\",\"position\":1,\"name\":\"Startseite\",\"item\":\"https:\\\/\\\/gradido.net\\\/\"},{\"@type\":\"ListItem\",\"position\":2,\"name\":\"Great Cooperation: mit Trauma-Heilung Frieden stiften\"}]},{\"@type\":\"WebSite\",\"@id\":\"https:\\\/\\\/gradido.net\\\/de\\\/#website\",\"url\":\"https:\\\/\\\/gradido.net\\\/de\\\/\",\"name\":\"Gradido\",\"description\":\"Die neue W\u00e4hrung hei\u00dft Dankbarkeit\",\"publisher\":{\"@id\":\"https:\\\/\\\/gradido.net\\\/de\\\/#organization\"},\"potentialAction\":[{\"@type\":\"SearchAction\",\"target\":{\"@type\":\"EntryPoint\",\"urlTemplate\":\"https:\\\/\\\/gradido.net\\\/de\\\/?s={search_term_string}\"},\"query-input\":{\"@type\":\"PropertyValueSpecification\",\"valueRequired\":true,\"valueName\":\"search_term_string\"}}],\"inLanguage\":\"hu\"},{\"@type\":\"Organization\",\"@id\":\"https:\\\/\\\/gradido.net\\\/de\\\/#organization\",\"name\":\"Gradido\",\"url\":\"https:\\\/\\\/gradido.net\\\/de\\\/\",\"logo\":{\"@type\":\"ImageObject\",\"inLanguage\":\"hu\",\"@id\":\"https:\\\/\\\/gradido.net\\\/de\\\/#\\\/schema\\\/logo\\\/image\\\/\",\"url\":\"https:\\\/\\\/gradido.net\\\/wp-content\\\/uploads\\\/2022\\\/04\\\/gradido-social.jpg\",\"contentUrl\":\"https:\\\/\\\/gradido.net\\\/wp-content\\\/uploads\\\/2022\\\/04\\\/gradido-social.jpg\",\"width\":527,\"height\":273,\"caption\":\"Gradido\"},\"image\":{\"@id\":\"https:\\\/\\\/gradido.net\\\/de\\\/#\\\/schema\\\/logo\\\/image\\\/\"}},{\"@type\":\"Person\",\"@id\":\"https:\\\/\\\/gradido.net\\\/de\\\/#\\\/schema\\\/person\\\/f57399104ec77f2a2d5a68f479b0492f\",\"name\":\"Philipp Kessler\",\"url\":\"https:\\\/\\\/gradido.net\\\/hu\\\/author\\\/philipp\\\/\"}]}<\/script>\n<!-- \/ Yoast SEO plugin. -->","yoast_head_json":{"title":"Nagyszer\u0171 egy\u00fcttm\u0171k\u00f6d\u00e9s: b\u00e9k\u00e9t k\u00f6tni a traum\u00e1k gy\u00f3gy\u00edt\u00e1s\u00e1val - Gradido","robots":{"index":"index","follow":"follow","max-snippet":"max-snippet:-1","max-image-preview":"max-image-preview:large","max-video-preview":"max-video-preview:-1"},"canonical":"https:\/\/gradido.net\/hu\/episode-35\/","og_locale":"hu_HU","og_type":"article","og_title":"Great Cooperation: mit Trauma-Heilung Frieden stiften - Gradido","og_description":"Saskia Hoppe ist Schauspielerin, Theaterp\u00e4dagogin und trauma-sensibler Coach. Julia Toma studierte Kulturmanagement. Neben ihren Kindern verbindet beide ihre Expertise in gewaltfreier Kommunikation [55:30]","og_url":"https:\/\/gradido.net\/hu\/episode-35\/","og_site_name":"Gradido","article_published_time":"2021-12-25T08:15:54+00:00","article_modified_time":"2021-12-27T11:05:55+00:00","og_image":[{"width":700,"height":475,"url":"https:\/\/gradido.net\/wp-content\/uploads\/2021\/12\/podcast_www_toma_hoppe.jpg","type":"image\/jpeg"}],"author":"Philipp Kessler","twitter_card":"summary_large_image","twitter_misc":{"Szerz\u0151:":"Philipp Kessler","Becs\u00fclt olvas\u00e1si id\u0151":"2 perc"},"schema":{"@context":"https:\/\/schema.org","@graph":[{"@type":"Article","@id":"https:\/\/gradido.net\/bg\/episode-35\/#article","isPartOf":{"@id":"https:\/\/gradido.net\/bg\/episode-35\/"},"author":{"name":"Philipp Kessler","@id":"https:\/\/gradido.net\/de\/#\/schema\/person\/f57399104ec77f2a2d5a68f479b0492f"},"headline":"Great Cooperation: mit Trauma-Heilung Frieden stiften","datePublished":"2021-12-25T08:15:54+00:00","dateModified":"2021-12-27T11:05:55+00:00","mainEntityOfPage":{"@id":"https:\/\/gradido.net\/bg\/episode-35\/"},"wordCount":453,"publisher":{"@id":"https:\/\/gradido.net\/de\/#organization"},"image":{"@id":"https:\/\/gradido.net\/bg\/episode-35\/#primaryimage"},"thumbnailUrl":"https:\/\/gradido.net\/wp-content\/uploads\/2021\/12\/podcast_www_toma_hoppe.jpg","keywords":["Grundeinkommen"],"articleSection":["Podcast"],"inLanguage":"hu"},{"@type":"WebPage","@id":"https:\/\/gradido.net\/bg\/episode-35\/","url":"https:\/\/gradido.net\/bg\/episode-35\/","name":"Nagyszer\u0171 egy\u00fcttm\u0171k\u00f6d\u00e9s: b\u00e9k\u00e9t k\u00f6tni a traum\u00e1k gy\u00f3gy\u00edt\u00e1s\u00e1val - Gradido","isPartOf":{"@id":"https:\/\/gradido.net\/de\/#website"},"primaryImageOfPage":{"@id":"https:\/\/gradido.net\/bg\/episode-35\/#primaryimage"},"image":{"@id":"https:\/\/gradido.net\/bg\/episode-35\/#primaryimage"},"thumbnailUrl":"https:\/\/gradido.net\/wp-content\/uploads\/2021\/12\/podcast_www_toma_hoppe.jpg","datePublished":"2021-12-25T08:15:54+00:00","dateModified":"2021-12-27T11:05:55+00:00","breadcrumb":{"@id":"https:\/\/gradido.net\/bg\/episode-35\/#breadcrumb"},"inLanguage":"hu","potentialAction":[{"@type":"ReadAction","target":["https:\/\/gradido.net\/bg\/episode-35\/"]}]},{"@type":"ImageObject","inLanguage":"hu","@id":"https:\/\/gradido.net\/bg\/episode-35\/#primaryimage","url":"https:\/\/gradido.net\/wp-content\/uploads\/2021\/12\/podcast_www_toma_hoppe.jpg","contentUrl":"https:\/\/gradido.net\/wp-content\/uploads\/2021\/12\/podcast_www_toma_hoppe.jpg","width":700,"height":475},{"@type":"BreadcrumbList","@id":"https:\/\/gradido.net\/bg\/episode-35\/#breadcrumb","itemListElement":[{"@type":"ListItem","position":1,"name":"Startseite","item":"https:\/\/gradido.net\/"},{"@type":"ListItem","position":2,"name":"Great Cooperation: mit Trauma-Heilung Frieden stiften"}]},{"@type":"WebSite","@id":"https:\/\/gradido.net\/de\/#website","url":"https:\/\/gradido.net\/de\/","name":"Gradido","description":"Az \u00faj p\u00e9nznem a h\u00e1la","publisher":{"@id":"https:\/\/gradido.net\/de\/#organization"},"potentialAction":[{"@type":"SearchAction","target":{"@type":"EntryPoint","urlTemplate":"https:\/\/gradido.net\/de\/?s={search_term_string}"},"query-input":{"@type":"PropertyValueSpecification","valueRequired":true,"valueName":"search_term_string"}}],"inLanguage":"hu"},{"@type":"Organization","@id":"https:\/\/gradido.net\/de\/#organization","name":"Gradido","url":"https:\/\/gradido.net\/de\/","logo":{"@type":"ImageObject","inLanguage":"hu","@id":"https:\/\/gradido.net\/de\/#\/schema\/logo\/image\/","url":"https:\/\/gradido.net\/wp-content\/uploads\/2022\/04\/gradido-social.jpg","contentUrl":"https:\/\/gradido.net\/wp-content\/uploads\/2022\/04\/gradido-social.jpg","width":527,"height":273,"caption":"Gradido"},"image":{"@id":"https:\/\/gradido.net\/de\/#\/schema\/logo\/image\/"}},{"@type":"Person","@id":"https:\/\/gradido.net\/de\/#\/schema\/person\/f57399104ec77f2a2d5a68f479b0492f","name":"Philipp Kessler","url":"https:\/\/gradido.net\/hu\/author\/philipp\/"}]}},"_links":{"self":[{"href":"https:\/\/gradido.net\/hu\/wp-json\/wp\/v2\/posts\/3833","targetHints":{"allow":["GET"]}}],"collection":[{"href":"https:\/\/gradido.net\/hu\/wp-json\/wp\/v2\/posts"}],"about":[{"href":"https:\/\/gradido.net\/hu\/wp-json\/wp\/v2\/types\/post"}],"author":[{"embeddable":true,"href":"https:\/\/gradido.net\/hu\/wp-json\/wp\/v2\/users\/12"}],"replies":[{"embeddable":true,"href":"https:\/\/gradido.net\/hu\/wp-json\/wp\/v2\/comments?post=3833"}],"version-history":[{"count":14,"href":"https:\/\/gradido.net\/hu\/wp-json\/wp\/v2\/posts\/3833\/revisions"}],"predecessor-version":[{"id":3853,"href":"https:\/\/gradido.net\/hu\/wp-json\/wp\/v2\/posts\/3833\/revisions\/3853"}],"wp:featuredmedia":[{"embeddable":true,"href":"https:\/\/gradido.net\/hu\/wp-json\/wp\/v2\/media\/3689"}],"wp:attachment":[{"href":"https:\/\/gradido.net\/hu\/wp-json\/wp\/v2\/media?parent=3833"}],"wp:term":[{"taxonomy":"category","embeddable":true,"href":"https:\/\/gradido.net\/hu\/wp-json\/wp\/v2\/categories?post=3833"},{"taxonomy":"post_tag","embeddable":true,"href":"https:\/\/gradido.net\/hu\/wp-json\/wp\/v2\/tags?post=3833"}],"curies":[{"name":"wp","href":"https:\/\/api.w.org\/{rel}","templated":true}]}}