{"id":3976,"date":"2022-02-12T09:00:31","date_gmt":"2022-02-12T08:00:31","guid":{"rendered":"https:\/\/gradido.net\/?p=3976"},"modified":"2022-02-16T18:46:01","modified_gmt":"2022-02-16T17:46:01","slug":"episode-39","status":"publish","type":"post","link":"https:\/\/gradido.net\/hu\/episode-39\/","title":{"rendered":"Nagyszer\u0171 egy\u00fcttm\u0171k\u00f6d\u00e9s: hidegf\u00fazi\u00f3 - korl\u00e1tlan tiszta energia mindenkinek"},"content":{"rendered":"<div data-elementor-type=\"wp-post\" data-elementor-id=\"3976\" class=\"elementor elementor-3976\" data-elementor-post-type=\"post\">\n\t\t\t\t\t\t<section class=\"elementor-section elementor-top-section elementor-element elementor-element-496e1d53 elementor-section-boxed elementor-section-height-default elementor-section-height-default\" data-id=\"496e1d53\" data-element_type=\"section\" data-e-type=\"section\">\n\t\t\t\t\t\t<div class=\"elementor-container elementor-column-gap-default\">\n\t\t\t\t\t<div class=\"elementor-column elementor-col-100 elementor-top-column elementor-element elementor-element-461d7be0\" data-id=\"461d7be0\" data-element_type=\"column\" data-e-type=\"column\">\n\t\t\t<div class=\"elementor-widget-wrap elementor-element-populated\">\n\t\t\t\t\t\t<div class=\"elementor-element elementor-element-cd9ebe2 elementor-widget elementor-widget-text-editor\" data-id=\"cd9ebe2\" data-element_type=\"widget\" data-e-type=\"widget\" data-widget_type=\"text-editor.default\">\n\t\t\t\t<div class=\"elementor-widget-container\">\n\t\t\t\t\t\t\t\t\t<h2>Vend\u00e9g: Willi Meinders<\/h2>\t\t\t\t\t\t\t\t<\/div>\n\t\t\t\t<\/div>\n\t\t\t\t\t<\/div>\n\t\t<\/div>\n\t\t\t\t\t<\/div>\n\t\t<\/section>\n\t\t\t\t<section class=\"elementor-section elementor-top-section elementor-element elementor-element-2f93e3c3 elementor-section-boxed elementor-section-height-default elementor-section-height-default\" data-id=\"2f93e3c3\" data-element_type=\"section\" data-e-type=\"section\">\n\t\t\t\t\t\t<div class=\"elementor-container elementor-column-gap-default\">\n\t\t\t\t\t<div class=\"elementor-column elementor-col-100 elementor-top-column elementor-element elementor-element-5a9dfd19\" data-id=\"5a9dfd19\" data-element_type=\"column\" data-e-type=\"column\">\n\t\t\t<div class=\"elementor-widget-wrap elementor-element-populated\">\n\t\t\t\t\t\t<div class=\"elementor-element elementor-element-9cdb6b8 elementor-widget elementor-widget-html\" data-id=\"9cdb6b8\" data-element_type=\"widget\" data-e-type=\"widget\" data-widget_type=\"html.default\">\n\t\t\t\t<div class=\"elementor-widget-container\">\n\t\t\t\t\t<script class=\"podigee-podcast-player\" src=\"https:\/\/player.podigee-cdn.net\/podcast-player\/javascripts\/podigee-podcast-player.js\" data-configuration=\"https:\/\/gradido.podigee.io\/39-neue-episode\/embed?context=external&token=f2Iqn9Wt-EKLflEbS_9vtQ\"><\/script>\t\t\t\t<\/div>\n\t\t\t\t<\/div>\n\t\t\t\t\t<\/div>\n\t\t<\/div>\n\t\t\t\t\t<\/div>\n\t\t<\/section>\n\t\t\t\t<section class=\"elementor-section elementor-top-section elementor-element elementor-element-585c640 elementor-section-boxed elementor-section-height-default elementor-section-height-default\" data-id=\"585c640\" data-element_type=\"section\" data-e-type=\"section\">\n\t\t\t\t\t\t<div class=\"elementor-container elementor-column-gap-default\">\n\t\t\t\t\t<div class=\"elementor-column elementor-col-50 elementor-top-column elementor-element elementor-element-13c250b\" data-id=\"13c250b\" data-element_type=\"column\" data-e-type=\"column\">\n\t\t\t<div class=\"elementor-widget-wrap elementor-element-populated\">\n\t\t\t\t\t\t<div class=\"elementor-element elementor-element-0561949 elementor-widget elementor-widget-text-editor\" data-id=\"0561949\" data-element_type=\"widget\" data-e-type=\"widget\" data-widget_type=\"text-editor.default\">\n\t\t\t\t<div class=\"elementor-widget-container\">\n\t\t\t\t\t\t\t\t\t<p>\u00c9let\u00fcnk jelent\u0151s r\u00e9sz\u00e9t az\u00e9rt dolgozunk, hogy az energiak\u00f6lts\u00e9geinket kifizess\u00fck. Az energiatermel\u00e9shez sok er\u0151forr\u00e1sra van sz\u00fcks\u00e9g, \u00edgy sz\u00f3l a k\u00f6zkelet\u0171 narrat\u00edva. Az ingyenes energi\u00e1r\u00f3l sz\u00f3l\u00f3 \u00e1lom m\u00e9g mindig messze van<\/p><p>Annak ellen\u00e9re, hogy az ingyenes energi\u00e1ra ir\u00e1nyul\u00f3 er\u0151fesz\u00edt\u00e9sek \u00e9s kutat\u00e1sok folynak, a r\u00e9gi, centraliz\u00e1lt energiaipar a nagy er\u0151m\u0171veivel m\u00e9g mindig szil\u00e1rdan a nyeregben van. Hogyan szabadulhatunk meg ett\u0151l az int\u00e9zm\u00e9nyes hatalomt\u00f3l?<\/p><p>Mai vend\u00e9g\u00fcnk, Willi Meinders 1946-ban sz\u00fcletett, \u00e9s a banki tanfolyam elv\u00e9gz\u00e9se ut\u00e1n a n\u00e9met fegyveres er\u0151kn\u00e9l szolg\u00e1lt. Ezt k\u00f6vet\u0151en ipari v\u00e1llalatokn\u00e1l dolgozott szem\u00e9lyzeti vezet\u0151k\u00e9nt \u00e9s ipari tan\u00e1csad\u00f3k\u00e9nt. Szenved\u00e9lye azonban a hidegf\u00fazi\u00f3, amelyet olyan intenz\u00edven tanulm\u00e1nyozott, hogy m\u00e9g tapasztalt fizikusok is sz\u00e1m\u00edtanak a szak\u00e9rtelm\u00e9re. Hossz\u00fa ideig vezetett egy blogot a hidegf\u00fazi\u00f3r\u00f3l, \u00e9s 2021 k\u00f6zep\u00e9n jelentette meg \"Hideg nukle\u00e1ris reakci\u00f3 - a legolcs\u00f3bb \u00e9s legtiszt\u00e1bb energia k\u00e9szen \u00e1ll\" c\u00edm\u0171 k\u00f6nyv\u00e9t.<\/p><p>Willi Meinders megmutatja, hogy a szabad energia k\u00f6zelebb van, mint azt a legt\u00f6bb ember gondolja, \u00e9s m\u00e9g a modern tudom\u00e1ny is el akarja ismerni. Kutat\u00e1sai sor\u00e1n tal\u00e1lkozott Andrea Rossi feltal\u00e1l\u00f3val, aki - a mainstream tudom\u00e1ny \u00e1ltal figyelmen k\u00edv\u00fcl hagyva - bizony\u00edthat\u00f3an kifejlesztett egy hidegf\u00fazi\u00f3s elj\u00e1r\u00e1st, amely most a kereskedelmi forgalomba hozatal k\u00fcsz\u00f6b\u00e9n \u00e1ll. Egyik tal\u00e1lm\u00e1nya, az \"E-Cat\" egy kis kocka, amely f\u00fazi\u00f3s reakci\u00f3t haszn\u00e1l a teljesen tiszta, \u00e1rtalmatlan \u00e9s olcs\u00f3 \u00e1ramtermel\u00e9shez. Az E-Cat m\u00e1r most el\u0151rendelhet\u0151 kb. 250 $ \u00e1ron, \u00e9s teljesen kock\u00e1zatmentesen, mert csak akkor fizet, amikor lesz\u00e1ll\u00edtj\u00e1k. Amint Andrea Rossi egymilli\u00f3 el\u0151rendel\u00e9ssel rendelkezik, a gy\u00e1rt\u00e1s \u00e9s a sz\u00e1ll\u00edt\u00e1s megkezd\u0151dik.<\/p><p>Az E-Cat egy d\u00f6nt\u0151 l\u00e9p\u00e9ssel k\u00f6zelebb visz minket az eg\u00e9sz emberis\u00e9g ingyenes \u00e9s decentraliz\u00e1lt energiaell\u00e1t\u00e1s\u00e1hoz.<\/p><p>Balra:<\/p><p><a href=\"https:\/\/www.novumverlag.com\/onlineshop\/ratgeber-sachbuch\/sonstiges-allerlei\/kalte-kernreaktion.html\">Hideg nukle\u00e1ris reakci\u00f3 - a legolcs\u00f3bb \u00e9s legtiszt\u00e1bb energia m\u00e1r k\u00e9zn\u00e9l van<\/a><\/p><p><a href=\"https:\/\/coldreaction.net\/\">Willi Meinders teljes kutat\u00e1sa<\/a><\/p><p><a href=\"https:\/\/ecat.com\/\">E-cat rendel\u00e9se: https:\/\/ecat.com\/<\/a><\/p><p><a href=\"https:\/\/bit.ly\/kkf-13\">Wiki a LENR-r\u0151l, l\u00e1sd LENR.wiki Az EU 2012-es jelent\u00e9se a LENR-r\u0151l.<\/a><\/p><p><a href=\"https:\/\/bit.ly\/kkf-14\">Az EU Bizotts\u00e1g v\u00e1lasza a LENR-r\u0151l sz\u00f3l\u00f3 parlamenti k\u00e9rd\u00e9sre<\/a><\/p><p><a href=\"https:\/\/www.cleanhme.eu\/\">Az EU 1. sz\u00e1m\u00fa kutat\u00e1si projektje<\/a><\/p><p><a href=\"https:\/\/bit.ly\/hermes-eu\">2. sz\u00e1m\u00fa EU kutat\u00e1si projekt, HERMES projekt<\/a><\/p><p><a href=\"https:\/\/bit.ly\/kkf-19\">Kev\u00e9ss\u00e9 ismert n\u00e9met nyelv\u0171 szabadalom (Airbus)<\/a><\/p>\t\t\t\t\t\t\t\t<\/div>\n\t\t\t\t<\/div>\n\t\t\t\t\t<\/div>\n\t\t<\/div>\n\t\t\t\t<div class=\"elementor-column elementor-col-50 elementor-top-column elementor-element elementor-element-e0d795e\" data-id=\"e0d795e\" data-element_type=\"column\" data-e-type=\"column\">\n\t\t\t<div class=\"elementor-widget-wrap elementor-element-populated\">\n\t\t\t\t\t\t<div class=\"elementor-element elementor-element-8c61bad elementor-widget elementor-widget-image\" data-id=\"8c61bad\" data-element_type=\"widget\" data-e-type=\"widget\" data-widget_type=\"image.default\">\n\t\t\t\t<div class=\"elementor-widget-container\">\n\t\t\t\t\t\t\t\t\t\t\t\t\t\t\t<img fetchpriority=\"high\" decoding=\"async\" width=\"800\" height=\"800\" src=\"https:\/\/gradido.net\/wp-content\/uploads\/2022\/02\/gradido_podcast_meinders-1024x1024.jpg\" class=\"attachment-large size-large wp-image-3952\" alt=\"\" srcset=\"https:\/\/gradido.net\/wp-content\/uploads\/2022\/02\/gradido_podcast_meinders-1024x1024.jpg 1024w, https:\/\/gradido.net\/wp-content\/uploads\/2022\/02\/gradido_podcast_meinders-300x300.jpg 300w, https:\/\/gradido.net\/wp-content\/uploads\/2022\/02\/gradido_podcast_meinders-150x150.jpg 150w, https:\/\/gradido.net\/wp-content\/uploads\/2022\/02\/gradido_podcast_meinders-768x768.jpg 768w, https:\/\/gradido.net\/wp-content\/uploads\/2022\/02\/gradido_podcast_meinders-1536x1536.jpg 1536w, https:\/\/gradido.net\/wp-content\/uploads\/2022\/02\/gradido_podcast_meinders-12x12.jpg 12w, https:\/\/gradido.net\/wp-content\/uploads\/2022\/02\/gradido_podcast_meinders.jpg 1800w\" sizes=\"(max-width: 800px) 100vw, 800px\" \/>\t\t\t\t\t\t\t\t\t\t\t\t\t\t\t<\/div>\n\t\t\t\t<\/div>\n\t\t\t\t<div class=\"elementor-element elementor-element-ceab137 elementor-widget elementor-widget-text-editor\" data-id=\"ceab137\" data-element_type=\"widget\" data-e-type=\"widget\" data-widget_type=\"text-editor.default\">\n\t\t\t\t<div class=\"elementor-widget-container\">\n\t\t\t\t\t\t\t\t\t<p><a href=\"https:\/\/youtu.be\/8CYNMFfzL1s\" target=\"_blank\" rel=\"noopener\">Hallgassa meg a YouTube-on<\/a><\/p>\t\t\t\t\t\t\t\t<\/div>\n\t\t\t\t<\/div>\n\t\t\t\t\t<\/div>\n\t\t<\/div>\n\t\t\t\t\t<\/div>\n\t\t<\/section>\n\t\t\t\t<section class=\"elementor-section elementor-top-section elementor-element elementor-element-d051609 elementor-section-boxed elementor-section-height-default elementor-section-height-default\" data-id=\"d051609\" data-element_type=\"section\" data-e-type=\"section\">\n\t\t\t\t\t\t<div class=\"elementor-container elementor-column-gap-default\">\n\t\t\t\t\t<div class=\"elementor-column elementor-col-100 elementor-top-column elementor-element elementor-element-13cc168\" data-id=\"13cc168\" data-element_type=\"column\" data-e-type=\"column\">\n\t\t\t<div class=\"elementor-widget-wrap elementor-element-populated\">\n\t\t\t\t\t\t<div class=\"elementor-element elementor-element-b43b3ee elementor-widget elementor-widget-heading\" data-id=\"b43b3ee\" data-element_type=\"widget\" data-e-type=\"widget\" data-widget_type=\"heading.default\">\n\t\t\t\t<div class=\"elementor-widget-container\">\n\t\t\t\t\t<h2 class=\"elementor-heading-title elementor-size-default\">\u00c1tirat (automatikusan leford\u00edtva)<\/h2>\t\t\t\t<\/div>\n\t\t\t\t<\/div>\n\t\t\t\t\t<\/div>\n\t\t<\/div>\n\t\t\t\t\t<\/div>\n\t\t<\/section>\n\t\t\t\t<section class=\"elementor-section elementor-top-section elementor-element elementor-element-474427c elementor-section-boxed elementor-section-height-default elementor-section-height-default\" data-id=\"474427c\" data-element_type=\"section\" data-e-type=\"section\">\n\t\t\t\t\t\t<div class=\"elementor-container elementor-column-gap-default\">\n\t\t\t\t\t<div class=\"elementor-column elementor-col-100 elementor-top-column elementor-element elementor-element-6041f12\" data-id=\"6041f12\" data-element_type=\"column\" data-e-type=\"column\">\n\t\t\t<div class=\"elementor-widget-wrap elementor-element-populated\">\n\t\t\t\t\t\t\t<\/div>\n\t\t<\/div>\n\t\t\t\t\t<\/div>\n\t\t<\/section>\n\t\t\t\t<\/div>","protected":false},"excerpt":{"rendered":"<p>Willi Meinders wurde durch seine Recherchen zum Experten \u00fcber die aktuellen Forschungen zur kalten Fusion. Er zeigt uns auf, dass diese Technologie kurz vor der Kommerzialisierung steht und unsere Energieversorgung nachhaltig ver\u00e4ndern wird. Mit der kalten Fusion k\u00f6nnen wir freie Energie sicher und unbedenklich im Alltag nutzen [59:51]<\/p>\n","protected":false},"author":12,"featured_media":3953,"comment_status":"closed","ping_status":"closed","sticky":false,"template":"","format":"standard","meta":{"footnotes":""},"categories":[19],"tags":[16],"class_list":["post-3976","post","type-post","status-publish","format-standard","has-post-thumbnail","hentry","category-podcast","tag-grundeinkommen"],"yoast_head":"<!-- This site is optimized with the Yoast SEO plugin v27.5 - https:\/\/yoast.com\/product\/yoast-seo-wordpress\/ -->\n<title>Great Cooperation: kalte Fusion \u2013 unbegrenzte saubere Energie f\u00fcr alle - Gradido<\/title>\n<meta name=\"robots\" content=\"index, follow, max-snippet:-1, max-image-preview:large, max-video-preview:-1\" \/>\n<link rel=\"canonical\" href=\"https:\/\/gradido.net\/hu\/episode-39\/\" \/>\n<meta property=\"og:locale\" content=\"hu_HU\" \/>\n<meta property=\"og:type\" content=\"article\" \/>\n<meta property=\"og:title\" content=\"Great Cooperation: kalte Fusion \u2013 unbegrenzte saubere Energie f\u00fcr alle - Gradido\" \/>\n<meta property=\"og:description\" content=\"Willi Meinders wurde durch seine Recherchen zum Experten \u00fcber die aktuellen Forschungen zur kalten Fusion. Er zeigt uns auf, dass diese Technologie kurz vor der Kommerzialisierung steht und unsere Energieversorgung nachhaltig ver\u00e4ndern wird. Mit der kalten Fusion k\u00f6nnen wir freie Energie sicher und unbedenklich im Alltag nutzen [59:51]\" \/>\n<meta property=\"og:url\" content=\"https:\/\/gradido.net\/hu\/episode-39\/\" \/>\n<meta property=\"og:site_name\" content=\"Gradido\" \/>\n<meta property=\"article:published_time\" content=\"2022-02-12T08:00:31+00:00\" \/>\n<meta property=\"article:modified_time\" content=\"2022-02-16T17:46:01+00:00\" \/>\n<meta property=\"og:image\" content=\"https:\/\/gradido.net\/wp-content\/uploads\/2022\/02\/podcast_www_meinders.jpg\" \/>\n\t<meta property=\"og:image:width\" content=\"1458\" \/>\n\t<meta property=\"og:image:height\" content=\"990\" \/>\n\t<meta property=\"og:image:type\" content=\"image\/jpeg\" \/>\n<meta name=\"author\" content=\"Philipp Kessler\" \/>\n<meta name=\"twitter:card\" content=\"summary_large_image\" \/>\n<meta name=\"twitter:label1\" content=\"Szerz\u0151:\" \/>\n\t<meta name=\"twitter:data1\" content=\"Philipp Kessler\" \/>\n\t<meta name=\"twitter:label2\" content=\"Becs\u00fclt olvas\u00e1si id\u0151\" \/>\n\t<meta name=\"twitter:data2\" content=\"2 perc\" \/>\n<script type=\"application\/ld+json\" class=\"yoast-schema-graph\">{\"@context\":\"https:\\\/\\\/schema.org\",\"@graph\":[{\"@type\":\"Article\",\"@id\":\"https:\\\/\\\/gradido.net\\\/pl\\\/episode-39\\\/#article\",\"isPartOf\":{\"@id\":\"https:\\\/\\\/gradido.net\\\/pl\\\/episode-39\\\/\"},\"author\":{\"name\":\"Philipp Kessler\",\"@id\":\"https:\\\/\\\/gradido.net\\\/de\\\/#\\\/schema\\\/person\\\/f57399104ec77f2a2d5a68f479b0492f\"},\"headline\":\"Great Cooperation: kalte Fusion \u2013 unbegrenzte saubere Energie f\u00fcr alle\",\"datePublished\":\"2022-02-12T08:00:31+00:00\",\"dateModified\":\"2022-02-16T17:46:01+00:00\",\"mainEntityOfPage\":{\"@id\":\"https:\\\/\\\/gradido.net\\\/pl\\\/episode-39\\\/\"},\"wordCount\":359,\"publisher\":{\"@id\":\"https:\\\/\\\/gradido.net\\\/de\\\/#organization\"},\"image\":{\"@id\":\"https:\\\/\\\/gradido.net\\\/pl\\\/episode-39\\\/#primaryimage\"},\"thumbnailUrl\":\"https:\\\/\\\/gradido.net\\\/wp-content\\\/uploads\\\/2022\\\/02\\\/podcast_www_meinders.jpg\",\"keywords\":[\"Grundeinkommen\"],\"articleSection\":[\"Podcast\"],\"inLanguage\":\"hu\"},{\"@type\":\"WebPage\",\"@id\":\"https:\\\/\\\/gradido.net\\\/pl\\\/episode-39\\\/\",\"url\":\"https:\\\/\\\/gradido.net\\\/pl\\\/episode-39\\\/\",\"name\":\"Great Cooperation: kalte Fusion \u2013 unbegrenzte saubere Energie f\u00fcr alle - Gradido\",\"isPartOf\":{\"@id\":\"https:\\\/\\\/gradido.net\\\/de\\\/#website\"},\"primaryImageOfPage\":{\"@id\":\"https:\\\/\\\/gradido.net\\\/pl\\\/episode-39\\\/#primaryimage\"},\"image\":{\"@id\":\"https:\\\/\\\/gradido.net\\\/pl\\\/episode-39\\\/#primaryimage\"},\"thumbnailUrl\":\"https:\\\/\\\/gradido.net\\\/wp-content\\\/uploads\\\/2022\\\/02\\\/podcast_www_meinders.jpg\",\"datePublished\":\"2022-02-12T08:00:31+00:00\",\"dateModified\":\"2022-02-16T17:46:01+00:00\",\"breadcrumb\":{\"@id\":\"https:\\\/\\\/gradido.net\\\/pl\\\/episode-39\\\/#breadcrumb\"},\"inLanguage\":\"hu\",\"potentialAction\":[{\"@type\":\"ReadAction\",\"target\":[\"https:\\\/\\\/gradido.net\\\/pl\\\/episode-39\\\/\"]}]},{\"@type\":\"ImageObject\",\"inLanguage\":\"hu\",\"@id\":\"https:\\\/\\\/gradido.net\\\/pl\\\/episode-39\\\/#primaryimage\",\"url\":\"https:\\\/\\\/gradido.net\\\/wp-content\\\/uploads\\\/2022\\\/02\\\/podcast_www_meinders.jpg\",\"contentUrl\":\"https:\\\/\\\/gradido.net\\\/wp-content\\\/uploads\\\/2022\\\/02\\\/podcast_www_meinders.jpg\",\"width\":1458,\"height\":990},{\"@type\":\"BreadcrumbList\",\"@id\":\"https:\\\/\\\/gradido.net\\\/pl\\\/episode-39\\\/#breadcrumb\",\"itemListElement\":[{\"@type\":\"ListItem\",\"position\":1,\"name\":\"Startseite\",\"item\":\"https:\\\/\\\/gradido.net\\\/\"},{\"@type\":\"ListItem\",\"position\":2,\"name\":\"Great Cooperation: kalte Fusion \u2013 unbegrenzte saubere Energie f\u00fcr alle\"}]},{\"@type\":\"WebSite\",\"@id\":\"https:\\\/\\\/gradido.net\\\/de\\\/#website\",\"url\":\"https:\\\/\\\/gradido.net\\\/de\\\/\",\"name\":\"Gradido\",\"description\":\"Die neue W\u00e4hrung hei\u00dft Dankbarkeit\",\"publisher\":{\"@id\":\"https:\\\/\\\/gradido.net\\\/de\\\/#organization\"},\"potentialAction\":[{\"@type\":\"SearchAction\",\"target\":{\"@type\":\"EntryPoint\",\"urlTemplate\":\"https:\\\/\\\/gradido.net\\\/de\\\/?s={search_term_string}\"},\"query-input\":{\"@type\":\"PropertyValueSpecification\",\"valueRequired\":true,\"valueName\":\"search_term_string\"}}],\"inLanguage\":\"hu\"},{\"@type\":\"Organization\",\"@id\":\"https:\\\/\\\/gradido.net\\\/de\\\/#organization\",\"name\":\"Gradido\",\"url\":\"https:\\\/\\\/gradido.net\\\/de\\\/\",\"logo\":{\"@type\":\"ImageObject\",\"inLanguage\":\"hu\",\"@id\":\"https:\\\/\\\/gradido.net\\\/de\\\/#\\\/schema\\\/logo\\\/image\\\/\",\"url\":\"https:\\\/\\\/gradido.net\\\/wp-content\\\/uploads\\\/2022\\\/04\\\/gradido-social.jpg\",\"contentUrl\":\"https:\\\/\\\/gradido.net\\\/wp-content\\\/uploads\\\/2022\\\/04\\\/gradido-social.jpg\",\"width\":527,\"height\":273,\"caption\":\"Gradido\"},\"image\":{\"@id\":\"https:\\\/\\\/gradido.net\\\/de\\\/#\\\/schema\\\/logo\\\/image\\\/\"}},{\"@type\":\"Person\",\"@id\":\"https:\\\/\\\/gradido.net\\\/de\\\/#\\\/schema\\\/person\\\/f57399104ec77f2a2d5a68f479b0492f\",\"name\":\"Philipp Kessler\",\"url\":\"https:\\\/\\\/gradido.net\\\/hu\\\/author\\\/philipp\\\/\"}]}<\/script>\n<!-- \/ Yoast SEO plugin. -->","yoast_head_json":{"title":"Nagyszer\u0171 egy\u00fcttm\u0171k\u00f6d\u00e9s: hidegf\u00fazi\u00f3 - korl\u00e1tlan tiszta energia mindenkinek - Gradido","robots":{"index":"index","follow":"follow","max-snippet":"max-snippet:-1","max-image-preview":"max-image-preview:large","max-video-preview":"max-video-preview:-1"},"canonical":"https:\/\/gradido.net\/hu\/episode-39\/","og_locale":"hu_HU","og_type":"article","og_title":"Great Cooperation: kalte Fusion \u2013 unbegrenzte saubere Energie f\u00fcr alle - Gradido","og_description":"Willi Meinders wurde durch seine Recherchen zum Experten \u00fcber die aktuellen Forschungen zur kalten Fusion. Er zeigt uns auf, dass diese Technologie kurz vor der Kommerzialisierung steht und unsere Energieversorgung nachhaltig ver\u00e4ndern wird. Mit der kalten Fusion k\u00f6nnen wir freie Energie sicher und unbedenklich im Alltag nutzen [59:51]","og_url":"https:\/\/gradido.net\/hu\/episode-39\/","og_site_name":"Gradido","article_published_time":"2022-02-12T08:00:31+00:00","article_modified_time":"2022-02-16T17:46:01+00:00","og_image":[{"width":1458,"height":990,"url":"https:\/\/gradido.net\/wp-content\/uploads\/2022\/02\/podcast_www_meinders.jpg","type":"image\/jpeg"}],"author":"Philipp Kessler","twitter_card":"summary_large_image","twitter_misc":{"Szerz\u0151:":"Philipp Kessler","Becs\u00fclt olvas\u00e1si id\u0151":"2 perc"},"schema":{"@context":"https:\/\/schema.org","@graph":[{"@type":"Article","@id":"https:\/\/gradido.net\/pl\/episode-39\/#article","isPartOf":{"@id":"https:\/\/gradido.net\/pl\/episode-39\/"},"author":{"name":"Philipp Kessler","@id":"https:\/\/gradido.net\/de\/#\/schema\/person\/f57399104ec77f2a2d5a68f479b0492f"},"headline":"Great Cooperation: kalte Fusion \u2013 unbegrenzte saubere Energie f\u00fcr alle","datePublished":"2022-02-12T08:00:31+00:00","dateModified":"2022-02-16T17:46:01+00:00","mainEntityOfPage":{"@id":"https:\/\/gradido.net\/pl\/episode-39\/"},"wordCount":359,"publisher":{"@id":"https:\/\/gradido.net\/de\/#organization"},"image":{"@id":"https:\/\/gradido.net\/pl\/episode-39\/#primaryimage"},"thumbnailUrl":"https:\/\/gradido.net\/wp-content\/uploads\/2022\/02\/podcast_www_meinders.jpg","keywords":["Grundeinkommen"],"articleSection":["Podcast"],"inLanguage":"hu"},{"@type":"WebPage","@id":"https:\/\/gradido.net\/pl\/episode-39\/","url":"https:\/\/gradido.net\/pl\/episode-39\/","name":"Nagyszer\u0171 egy\u00fcttm\u0171k\u00f6d\u00e9s: hidegf\u00fazi\u00f3 - korl\u00e1tlan tiszta energia mindenkinek - Gradido","isPartOf":{"@id":"https:\/\/gradido.net\/de\/#website"},"primaryImageOfPage":{"@id":"https:\/\/gradido.net\/pl\/episode-39\/#primaryimage"},"image":{"@id":"https:\/\/gradido.net\/pl\/episode-39\/#primaryimage"},"thumbnailUrl":"https:\/\/gradido.net\/wp-content\/uploads\/2022\/02\/podcast_www_meinders.jpg","datePublished":"2022-02-12T08:00:31+00:00","dateModified":"2022-02-16T17:46:01+00:00","breadcrumb":{"@id":"https:\/\/gradido.net\/pl\/episode-39\/#breadcrumb"},"inLanguage":"hu","potentialAction":[{"@type":"ReadAction","target":["https:\/\/gradido.net\/pl\/episode-39\/"]}]},{"@type":"ImageObject","inLanguage":"hu","@id":"https:\/\/gradido.net\/pl\/episode-39\/#primaryimage","url":"https:\/\/gradido.net\/wp-content\/uploads\/2022\/02\/podcast_www_meinders.jpg","contentUrl":"https:\/\/gradido.net\/wp-content\/uploads\/2022\/02\/podcast_www_meinders.jpg","width":1458,"height":990},{"@type":"BreadcrumbList","@id":"https:\/\/gradido.net\/pl\/episode-39\/#breadcrumb","itemListElement":[{"@type":"ListItem","position":1,"name":"Startseite","item":"https:\/\/gradido.net\/"},{"@type":"ListItem","position":2,"name":"Great Cooperation: kalte Fusion \u2013 unbegrenzte saubere Energie f\u00fcr alle"}]},{"@type":"WebSite","@id":"https:\/\/gradido.net\/de\/#website","url":"https:\/\/gradido.net\/de\/","name":"Gradido","description":"Az \u00faj p\u00e9nznem a h\u00e1la","publisher":{"@id":"https:\/\/gradido.net\/de\/#organization"},"potentialAction":[{"@type":"SearchAction","target":{"@type":"EntryPoint","urlTemplate":"https:\/\/gradido.net\/de\/?s={search_term_string}"},"query-input":{"@type":"PropertyValueSpecification","valueRequired":true,"valueName":"search_term_string"}}],"inLanguage":"hu"},{"@type":"Organization","@id":"https:\/\/gradido.net\/de\/#organization","name":"Gradido","url":"https:\/\/gradido.net\/de\/","logo":{"@type":"ImageObject","inLanguage":"hu","@id":"https:\/\/gradido.net\/de\/#\/schema\/logo\/image\/","url":"https:\/\/gradido.net\/wp-content\/uploads\/2022\/04\/gradido-social.jpg","contentUrl":"https:\/\/gradido.net\/wp-content\/uploads\/2022\/04\/gradido-social.jpg","width":527,"height":273,"caption":"Gradido"},"image":{"@id":"https:\/\/gradido.net\/de\/#\/schema\/logo\/image\/"}},{"@type":"Person","@id":"https:\/\/gradido.net\/de\/#\/schema\/person\/f57399104ec77f2a2d5a68f479b0492f","name":"Philipp Kessler","url":"https:\/\/gradido.net\/hu\/author\/philipp\/"}]}},"_links":{"self":[{"href":"https:\/\/gradido.net\/hu\/wp-json\/wp\/v2\/posts\/3976","targetHints":{"allow":["GET"]}}],"collection":[{"href":"https:\/\/gradido.net\/hu\/wp-json\/wp\/v2\/posts"}],"about":[{"href":"https:\/\/gradido.net\/hu\/wp-json\/wp\/v2\/types\/post"}],"author":[{"embeddable":true,"href":"https:\/\/gradido.net\/hu\/wp-json\/wp\/v2\/users\/12"}],"replies":[{"embeddable":true,"href":"https:\/\/gradido.net\/hu\/wp-json\/wp\/v2\/comments?post=3976"}],"version-history":[{"count":8,"href":"https:\/\/gradido.net\/hu\/wp-json\/wp\/v2\/posts\/3976\/revisions"}],"predecessor-version":[{"id":3989,"href":"https:\/\/gradido.net\/hu\/wp-json\/wp\/v2\/posts\/3976\/revisions\/3989"}],"wp:featuredmedia":[{"embeddable":true,"href":"https:\/\/gradido.net\/hu\/wp-json\/wp\/v2\/media\/3953"}],"wp:attachment":[{"href":"https:\/\/gradido.net\/hu\/wp-json\/wp\/v2\/media?parent=3976"}],"wp:term":[{"taxonomy":"category","embeddable":true,"href":"https:\/\/gradido.net\/hu\/wp-json\/wp\/v2\/categories?post=3976"},{"taxonomy":"post_tag","embeddable":true,"href":"https:\/\/gradido.net\/hu\/wp-json\/wp\/v2\/tags?post=3976"}],"curies":[{"name":"wp","href":"https:\/\/api.w.org\/{rel}","templated":true}]}}