{"id":4039,"date":"2022-03-05T09:00:52","date_gmt":"2022-03-05T08:00:52","guid":{"rendered":"https:\/\/gradido.net\/?p=4039"},"modified":"2022-03-05T09:32:06","modified_gmt":"2022-03-05T08:32:06","slug":"episode-41","status":"publish","type":"post","link":"https:\/\/gradido.net\/hu\/episode-41\/","title":{"rendered":"Nagyszer\u0171 egy\u00fcttm\u0171k\u00f6d\u00e9s: Gradido sz\u00e1mla - k\u00f6z\u00f6s tervez\u00e9si eszk\u00f6z az \u00faj F\u00f6ld sz\u00e1m\u00e1ra"},"content":{"rendered":"<div data-elementor-type=\"wp-post\" data-elementor-id=\"4039\" class=\"elementor elementor-4039\" data-elementor-post-type=\"post\">\n\t\t\t\t\t\t<section class=\"elementor-section elementor-top-section elementor-element elementor-element-496e1d53 elementor-section-boxed elementor-section-height-default elementor-section-height-default\" data-id=\"496e1d53\" data-element_type=\"section\" data-e-type=\"section\">\n\t\t\t\t\t\t<div class=\"elementor-container elementor-column-gap-default\">\n\t\t\t\t\t<div class=\"elementor-column elementor-col-100 elementor-top-column elementor-element elementor-element-461d7be0\" data-id=\"461d7be0\" data-element_type=\"column\" data-e-type=\"column\">\n\t\t\t<div class=\"elementor-widget-wrap elementor-element-populated\">\n\t\t\t\t\t\t<div class=\"elementor-element elementor-element-cd9ebe2 elementor-widget elementor-widget-text-editor\" data-id=\"cd9ebe2\" data-element_type=\"widget\" data-e-type=\"widget\" data-widget_type=\"text-editor.default\">\n\t\t\t\t<div class=\"elementor-widget-container\">\n\t\t\t\t\t\t\t\t\t<h2>Vend\u00e9g: Claus-Peter H\u00fcbner \u00e9s Ulf Gebhardt<\/h2>\t\t\t\t\t\t\t\t<\/div>\n\t\t\t\t<\/div>\n\t\t\t\t\t<\/div>\n\t\t<\/div>\n\t\t\t\t\t<\/div>\n\t\t<\/section>\n\t\t\t\t<section class=\"elementor-section elementor-top-section elementor-element elementor-element-2f93e3c3 elementor-section-boxed elementor-section-height-default elementor-section-height-default\" data-id=\"2f93e3c3\" data-element_type=\"section\" data-e-type=\"section\">\n\t\t\t\t\t\t<div class=\"elementor-container elementor-column-gap-default\">\n\t\t\t\t\t<div class=\"elementor-column elementor-col-100 elementor-top-column elementor-element elementor-element-5a9dfd19\" data-id=\"5a9dfd19\" data-element_type=\"column\" data-e-type=\"column\">\n\t\t\t<div class=\"elementor-widget-wrap elementor-element-populated\">\n\t\t\t\t\t\t<div class=\"elementor-element elementor-element-9cdb6b8 elementor-widget elementor-widget-html\" data-id=\"9cdb6b8\" data-element_type=\"widget\" data-e-type=\"widget\" data-widget_type=\"html.default\">\n\t\t\t\t<div class=\"elementor-widget-container\">\n\t\t\t\t\t<script class=\"podigee-podcast-player\" src=\"https:\/\/player.podigee-cdn.net\/podcast-player\/javascripts\/podigee-podcast-player.js\" data-configuration=\"https:\/\/gradido.podigee.io\/41-neue-episode\/embed?context=external&token=OTXuHqFBcbegaZ39OJh8tw\"><\/script>\t\t\t\t<\/div>\n\t\t\t\t<\/div>\n\t\t\t\t\t<\/div>\n\t\t<\/div>\n\t\t\t\t\t<\/div>\n\t\t<\/section>\n\t\t\t\t<section class=\"elementor-section elementor-top-section elementor-element elementor-element-585c640 elementor-section-boxed elementor-section-height-default elementor-section-height-default\" data-id=\"585c640\" data-element_type=\"section\" data-e-type=\"section\">\n\t\t\t\t\t\t<div class=\"elementor-container elementor-column-gap-default\">\n\t\t\t\t\t<div class=\"elementor-column elementor-col-50 elementor-top-column elementor-element elementor-element-13c250b\" data-id=\"13c250b\" data-element_type=\"column\" data-e-type=\"column\">\n\t\t\t<div class=\"elementor-widget-wrap elementor-element-populated\">\n\t\t\t\t\t\t<div class=\"elementor-element elementor-element-0561949 elementor-widget elementor-widget-text-editor\" data-id=\"0561949\" data-element_type=\"widget\" data-e-type=\"widget\" data-widget_type=\"text-editor.default\">\n\t\t\t\t<div class=\"elementor-widget-container\">\n\t\t\t\t\t\t\t\t\t<p style=\"text-align: right;\"><em>\"Soha nem hozhatsz l\u00e9tre v\u00e1ltoz\u00e1st azzal, hogy a megl\u00e9v\u0151k ellen harcolsz. Ahhoz, hogy valamit megv\u00e1ltoztassunk, olyan modelleket kell \u00e9p\u00edten\u00fcnk, amelyek elavultt\u00e1 teszik a r\u00e9git.\"<\/em><br \/><em>- Richard Buckminster Fuller<\/em><\/p><p>Mint tudjuk, a h\u00e1la \u00e9s a megbecs\u00fcl\u00e9s er\u0151s b\u00e9kenergi\u00e1k, amelyek fokoz\u00f3dnak, ha megosztjuk \u0151ket m\u00e1s emberekkel. A h\u00e1la hull\u00e1m\u00e1val egy nagy l\u00e9p\u00e9ssel k\u00f6zelebb ker\u00fcln\u00e9nk a fenntarthat\u00f3 f\u00f6ldi b\u00e9ke \u0151si emberi \u00e1lm\u00e1hoz.<\/p><p>A Gradido Podcast ezen epiz\u00f3dj\u00e1ban ez\u00e9rt feltessz\u00fck magunknak a k\u00e9rd\u00e9st:<\/p><p>\"Hogyan hozhatunk l\u00e9tre egy ilyen \"h\u00e1lahull\u00e1mot\"? Egy \"boldogs\u00e1gv\u00edrus\", amely exponenci\u00e1lisan terjed, mosolyt csalva mindazok arc\u00e1ra, akiket \"megfert\u0151z\", legy\u0151zve minden megosztotts\u00e1got? Hogyan tudunk l\u00e9trehozni egy \"b\u00e9k\u00e9s\" p\u00e9nzrendszert, amely lehet\u0151v\u00e9 teszi egy \"b\u00e9k\u00e9s\" vil\u00e1got az eg\u00e9sz emberi csal\u00e1d sz\u00e1m\u00e1ra?\"<\/p><p>Sajnos az \"er\u0151 s\u00f6t\u00e9t oldal\u00e1nak\" m\u00e1s a c\u00e9lja: a Nagy \u00dajraind\u00edt\u00e1s a<\/p><p>teljes digit\u00e1lis fel\u00fcgyelet, fegyverkez\u00e9s - \u00e9s h\u00e1bor\u00fa. Tudunk-e mi, emberek egy\u00e1ltal\u00e1n b\u00e1rmilyen v\u00e1ltoz\u00e1st el\u00e9rni, hogy mindenki sz\u00e1m\u00e1ra jobb j\u00f6v\u0151t teremts\u00fcnk?<\/p><p>Ebben az epiz\u00f3dban Claus-Peter H\u00fcbner szoftverarchitekt\u00fcnkkel \u00e9s Ulf Gebhardt fejleszt\u0151csapatunk vezet\u0151j\u00e9vel besz\u00e9lget\u00fcnk a j\u00f6v\u0151 k\u00f6z\u00f6s alak\u00edt\u00e1s\u00e1nak egy hat\u00e9kony eszk\u00f6z\u00e9r\u0151l: a decentraliz\u00e1lt \u00e9s glob\u00e1lisan sk\u00e1l\u00e1zhat\u00f3 Gradido sz\u00e1ml\u00e1r\u00f3l, amelyet programoz\u00f3i csapatunk nagy \u00f6sszpontos\u00edt\u00e1ssal, buzgalommal \u00e9s lelkesed\u00e9ssel fejleszt.<\/p>\t\t\t\t\t\t\t\t<\/div>\n\t\t\t\t<\/div>\n\t\t\t\t\t<\/div>\n\t\t<\/div>\n\t\t\t\t<div class=\"elementor-column elementor-col-50 elementor-top-column elementor-element elementor-element-e0d795e\" data-id=\"e0d795e\" data-element_type=\"column\" data-e-type=\"column\">\n\t\t\t<div class=\"elementor-widget-wrap elementor-element-populated\">\n\t\t\t\t\t\t<div class=\"elementor-element elementor-element-8c61bad elementor-widget elementor-widget-image\" data-id=\"8c61bad\" data-element_type=\"widget\" data-e-type=\"widget\" data-widget_type=\"image.default\">\n\t\t\t\t<div class=\"elementor-widget-container\">\n\t\t\t\t\t\t\t\t\t\t\t\t\t\t\t<img fetchpriority=\"high\" decoding=\"async\" width=\"800\" height=\"800\" src=\"https:\/\/gradido.net\/wp-content\/uploads\/2022\/03\/gradido_podcast_huebner_gebhardt-1024x1024.jpg\" class=\"attachment-large size-large wp-image-4036\" alt=\"\" srcset=\"https:\/\/gradido.net\/wp-content\/uploads\/2022\/03\/gradido_podcast_huebner_gebhardt-1024x1024.jpg 1024w, https:\/\/gradido.net\/wp-content\/uploads\/2022\/03\/gradido_podcast_huebner_gebhardt-300x300.jpg 300w, https:\/\/gradido.net\/wp-content\/uploads\/2022\/03\/gradido_podcast_huebner_gebhardt-150x150.jpg 150w, https:\/\/gradido.net\/wp-content\/uploads\/2022\/03\/gradido_podcast_huebner_gebhardt-768x768.jpg 768w, https:\/\/gradido.net\/wp-content\/uploads\/2022\/03\/gradido_podcast_huebner_gebhardt-12x12.jpg 12w, https:\/\/gradido.net\/wp-content\/uploads\/2022\/03\/gradido_podcast_huebner_gebhardt.jpg 1400w\" sizes=\"(max-width: 800px) 100vw, 800px\" \/>\t\t\t\t\t\t\t\t\t\t\t\t\t\t\t<\/div>\n\t\t\t\t<\/div>\n\t\t\t\t<div class=\"elementor-element elementor-element-ceab137 elementor-widget elementor-widget-text-editor\" data-id=\"ceab137\" data-element_type=\"widget\" data-e-type=\"widget\" data-widget_type=\"text-editor.default\">\n\t\t\t\t<div class=\"elementor-widget-container\">\n\t\t\t\t\t\t\t\t\t<p><a href=\"https:\/\/youtu.be\/_Fs6dSUe5zI\" target=\"_blank\" rel=\"noopener\">Hallgassa meg a YouTube-on<\/a><\/p>\t\t\t\t\t\t\t\t<\/div>\n\t\t\t\t<\/div>\n\t\t\t\t\t<\/div>\n\t\t<\/div>\n\t\t\t\t\t<\/div>\n\t\t<\/section>\n\t\t\t\t<section class=\"elementor-section elementor-top-section elementor-element elementor-element-d051609 elementor-section-boxed elementor-section-height-default elementor-section-height-default\" data-id=\"d051609\" data-element_type=\"section\" data-e-type=\"section\">\n\t\t\t\t\t\t<div class=\"elementor-container elementor-column-gap-default\">\n\t\t\t\t\t<div class=\"elementor-column elementor-col-100 elementor-top-column elementor-element elementor-element-13cc168\" data-id=\"13cc168\" data-element_type=\"column\" data-e-type=\"column\">\n\t\t\t<div class=\"elementor-widget-wrap elementor-element-populated\">\n\t\t\t\t\t\t<div class=\"elementor-element elementor-element-b43b3ee elementor-widget elementor-widget-heading\" data-id=\"b43b3ee\" data-element_type=\"widget\" data-e-type=\"widget\" data-widget_type=\"heading.default\">\n\t\t\t\t<div class=\"elementor-widget-container\">\n\t\t\t\t\t<h2 class=\"elementor-heading-title elementor-size-default\">\u00c1tirat (automatikusan leford\u00edtva)<\/h2>\t\t\t\t<\/div>\n\t\t\t\t<\/div>\n\t\t\t\t\t<\/div>\n\t\t<\/div>\n\t\t\t\t\t<\/div>\n\t\t<\/section>\n\t\t\t\t<section class=\"elementor-section elementor-top-section elementor-element elementor-element-474427c elementor-section-boxed elementor-section-height-default elementor-section-height-default\" data-id=\"474427c\" data-element_type=\"section\" data-e-type=\"section\">\n\t\t\t\t\t\t<div class=\"elementor-container elementor-column-gap-default\">\n\t\t\t\t\t<div class=\"elementor-column elementor-col-100 elementor-top-column elementor-element elementor-element-6041f12\" data-id=\"6041f12\" data-element_type=\"column\" data-e-type=\"column\">\n\t\t\t<div class=\"elementor-widget-wrap elementor-element-populated\">\n\t\t\t\t\t\t\t<\/div>\n\t\t<\/div>\n\t\t\t\t\t<\/div>\n\t\t<\/section>\n\t\t\t\t<\/div>","protected":false},"excerpt":{"rendered":"<p>Mit unserem Software-Architekten Claus-Peter H\u00fcbner und unserem Entwicklungsteam-Leiter Ulf Gebhardt sprechen wir \u00fcber das dezentrale und weltweit skalierbare Gradido-Konto, das unser Programmierer-Team mit gro\u00dfem Fokus, Eifer und Begeisterung entwickelt. [56:46]<\/p>\n","protected":false},"author":12,"featured_media":4037,"comment_status":"closed","ping_status":"closed","sticky":false,"template":"","format":"standard","meta":{"footnotes":""},"categories":[19],"tags":[16],"class_list":["post-4039","post","type-post","status-publish","format-standard","has-post-thumbnail","hentry","category-podcast","tag-grundeinkommen"],"yoast_head":"<!-- This site is optimized with the Yoast SEO plugin v27.5 - https:\/\/yoast.com\/product\/yoast-seo-wordpress\/ -->\n<title>Great Cooperation: Gradido-Konto \u2013 gemeinsames Gestaltungswerkzeug f\u00fcr die neue Erde - Gradido<\/title>\n<meta name=\"robots\" content=\"index, follow, max-snippet:-1, max-image-preview:large, max-video-preview:-1\" \/>\n<link rel=\"canonical\" href=\"https:\/\/gradido.net\/hu\/episode-41\/\" \/>\n<meta property=\"og:locale\" content=\"hu_HU\" \/>\n<meta property=\"og:type\" content=\"article\" \/>\n<meta property=\"og:title\" content=\"Great Cooperation: Gradido-Konto \u2013 gemeinsames Gestaltungswerkzeug f\u00fcr die neue Erde - Gradido\" \/>\n<meta property=\"og:description\" content=\"Mit unserem Software-Architekten Claus-Peter H\u00fcbner und unserem Entwicklungsteam-Leiter Ulf Gebhardt sprechen wir \u00fcber das dezentrale und weltweit skalierbare Gradido-Konto, das unser Programmierer-Team mit gro\u00dfem Fokus, Eifer und Begeisterung entwickelt. [56:46]\" \/>\n<meta property=\"og:url\" content=\"https:\/\/gradido.net\/hu\/episode-41\/\" \/>\n<meta property=\"og:site_name\" content=\"Gradido\" \/>\n<meta property=\"article:published_time\" content=\"2022-03-05T08:00:52+00:00\" \/>\n<meta property=\"article:modified_time\" content=\"2022-03-05T08:32:06+00:00\" \/>\n<meta property=\"og:image\" content=\"https:\/\/gradido.net\/wp-content\/uploads\/2022\/03\/podcast_www_huebner_gebhardt.jpg\" \/>\n\t<meta property=\"og:image:width\" content=\"700\" \/>\n\t<meta property=\"og:image:height\" content=\"475\" \/>\n\t<meta property=\"og:image:type\" content=\"image\/jpeg\" \/>\n<meta name=\"author\" content=\"Philipp Kessler\" \/>\n<meta name=\"twitter:card\" content=\"summary_large_image\" \/>\n<meta name=\"twitter:label1\" content=\"Szerz\u0151:\" \/>\n\t<meta name=\"twitter:data1\" content=\"Philipp Kessler\" \/>\n\t<meta name=\"twitter:label2\" content=\"Becs\u00fclt olvas\u00e1si id\u0151\" \/>\n\t<meta name=\"twitter:data2\" content=\"1 perc\" \/>\n<script type=\"application\/ld+json\" class=\"yoast-schema-graph\">{\"@context\":\"https:\\\/\\\/schema.org\",\"@graph\":[{\"@type\":\"Article\",\"@id\":\"https:\\\/\\\/gradido.net\\\/es\\\/episode-41\\\/#article\",\"isPartOf\":{\"@id\":\"https:\\\/\\\/gradido.net\\\/es\\\/episode-41\\\/\"},\"author\":{\"name\":\"Philipp Kessler\",\"@id\":\"https:\\\/\\\/gradido.net\\\/de\\\/#\\\/schema\\\/person\\\/f57399104ec77f2a2d5a68f479b0492f\"},\"headline\":\"Great Cooperation: Gradido-Konto \u2013 gemeinsames Gestaltungswerkzeug f\u00fcr die neue Erde\",\"datePublished\":\"2022-03-05T08:00:52+00:00\",\"dateModified\":\"2022-03-05T08:32:06+00:00\",\"mainEntityOfPage\":{\"@id\":\"https:\\\/\\\/gradido.net\\\/es\\\/episode-41\\\/\"},\"wordCount\":236,\"publisher\":{\"@id\":\"https:\\\/\\\/gradido.net\\\/de\\\/#organization\"},\"image\":{\"@id\":\"https:\\\/\\\/gradido.net\\\/es\\\/episode-41\\\/#primaryimage\"},\"thumbnailUrl\":\"https:\\\/\\\/gradido.net\\\/wp-content\\\/uploads\\\/2022\\\/03\\\/podcast_www_huebner_gebhardt.jpg\",\"keywords\":[\"Grundeinkommen\"],\"articleSection\":[\"Podcast\"],\"inLanguage\":\"hu\"},{\"@type\":\"WebPage\",\"@id\":\"https:\\\/\\\/gradido.net\\\/es\\\/episode-41\\\/\",\"url\":\"https:\\\/\\\/gradido.net\\\/es\\\/episode-41\\\/\",\"name\":\"Great Cooperation: Gradido-Konto \u2013 gemeinsames Gestaltungswerkzeug f\u00fcr die neue Erde - Gradido\",\"isPartOf\":{\"@id\":\"https:\\\/\\\/gradido.net\\\/de\\\/#website\"},\"primaryImageOfPage\":{\"@id\":\"https:\\\/\\\/gradido.net\\\/es\\\/episode-41\\\/#primaryimage\"},\"image\":{\"@id\":\"https:\\\/\\\/gradido.net\\\/es\\\/episode-41\\\/#primaryimage\"},\"thumbnailUrl\":\"https:\\\/\\\/gradido.net\\\/wp-content\\\/uploads\\\/2022\\\/03\\\/podcast_www_huebner_gebhardt.jpg\",\"datePublished\":\"2022-03-05T08:00:52+00:00\",\"dateModified\":\"2022-03-05T08:32:06+00:00\",\"breadcrumb\":{\"@id\":\"https:\\\/\\\/gradido.net\\\/es\\\/episode-41\\\/#breadcrumb\"},\"inLanguage\":\"hu\",\"potentialAction\":[{\"@type\":\"ReadAction\",\"target\":[\"https:\\\/\\\/gradido.net\\\/es\\\/episode-41\\\/\"]}]},{\"@type\":\"ImageObject\",\"inLanguage\":\"hu\",\"@id\":\"https:\\\/\\\/gradido.net\\\/es\\\/episode-41\\\/#primaryimage\",\"url\":\"https:\\\/\\\/gradido.net\\\/wp-content\\\/uploads\\\/2022\\\/03\\\/podcast_www_huebner_gebhardt.jpg\",\"contentUrl\":\"https:\\\/\\\/gradido.net\\\/wp-content\\\/uploads\\\/2022\\\/03\\\/podcast_www_huebner_gebhardt.jpg\",\"width\":700,\"height\":475},{\"@type\":\"BreadcrumbList\",\"@id\":\"https:\\\/\\\/gradido.net\\\/es\\\/episode-41\\\/#breadcrumb\",\"itemListElement\":[{\"@type\":\"ListItem\",\"position\":1,\"name\":\"Startseite\",\"item\":\"https:\\\/\\\/gradido.net\\\/\"},{\"@type\":\"ListItem\",\"position\":2,\"name\":\"Great Cooperation: Gradido-Konto \u2013 gemeinsames Gestaltungswerkzeug f\u00fcr die neue Erde\"}]},{\"@type\":\"WebSite\",\"@id\":\"https:\\\/\\\/gradido.net\\\/de\\\/#website\",\"url\":\"https:\\\/\\\/gradido.net\\\/de\\\/\",\"name\":\"Gradido\",\"description\":\"Die neue W\u00e4hrung hei\u00dft Dankbarkeit\",\"publisher\":{\"@id\":\"https:\\\/\\\/gradido.net\\\/de\\\/#organization\"},\"potentialAction\":[{\"@type\":\"SearchAction\",\"target\":{\"@type\":\"EntryPoint\",\"urlTemplate\":\"https:\\\/\\\/gradido.net\\\/de\\\/?s={search_term_string}\"},\"query-input\":{\"@type\":\"PropertyValueSpecification\",\"valueRequired\":true,\"valueName\":\"search_term_string\"}}],\"inLanguage\":\"hu\"},{\"@type\":\"Organization\",\"@id\":\"https:\\\/\\\/gradido.net\\\/de\\\/#organization\",\"name\":\"Gradido\",\"url\":\"https:\\\/\\\/gradido.net\\\/de\\\/\",\"logo\":{\"@type\":\"ImageObject\",\"inLanguage\":\"hu\",\"@id\":\"https:\\\/\\\/gradido.net\\\/de\\\/#\\\/schema\\\/logo\\\/image\\\/\",\"url\":\"https:\\\/\\\/gradido.net\\\/wp-content\\\/uploads\\\/2022\\\/04\\\/gradido-social.jpg\",\"contentUrl\":\"https:\\\/\\\/gradido.net\\\/wp-content\\\/uploads\\\/2022\\\/04\\\/gradido-social.jpg\",\"width\":527,\"height\":273,\"caption\":\"Gradido\"},\"image\":{\"@id\":\"https:\\\/\\\/gradido.net\\\/de\\\/#\\\/schema\\\/logo\\\/image\\\/\"}},{\"@type\":\"Person\",\"@id\":\"https:\\\/\\\/gradido.net\\\/de\\\/#\\\/schema\\\/person\\\/f57399104ec77f2a2d5a68f479b0492f\",\"name\":\"Philipp Kessler\",\"url\":\"https:\\\/\\\/gradido.net\\\/hu\\\/author\\\/philipp\\\/\"}]}<\/script>\n<!-- \/ Yoast SEO plugin. -->","yoast_head_json":{"title":"Nagyszer\u0171 egy\u00fcttm\u0171k\u00f6d\u00e9s: Gradido sz\u00e1mla - k\u00f6z\u00f6s tervez\u00e9si eszk\u00f6z az \u00faj F\u00f6ldh\u00f6z - Gradido","robots":{"index":"index","follow":"follow","max-snippet":"max-snippet:-1","max-image-preview":"max-image-preview:large","max-video-preview":"max-video-preview:-1"},"canonical":"https:\/\/gradido.net\/hu\/episode-41\/","og_locale":"hu_HU","og_type":"article","og_title":"Great Cooperation: Gradido-Konto \u2013 gemeinsames Gestaltungswerkzeug f\u00fcr die neue Erde - Gradido","og_description":"Mit unserem Software-Architekten Claus-Peter H\u00fcbner und unserem Entwicklungsteam-Leiter Ulf Gebhardt sprechen wir \u00fcber das dezentrale und weltweit skalierbare Gradido-Konto, das unser Programmierer-Team mit gro\u00dfem Fokus, Eifer und Begeisterung entwickelt. [56:46]","og_url":"https:\/\/gradido.net\/hu\/episode-41\/","og_site_name":"Gradido","article_published_time":"2022-03-05T08:00:52+00:00","article_modified_time":"2022-03-05T08:32:06+00:00","og_image":[{"width":700,"height":475,"url":"https:\/\/gradido.net\/wp-content\/uploads\/2022\/03\/podcast_www_huebner_gebhardt.jpg","type":"image\/jpeg"}],"author":"Philipp Kessler","twitter_card":"summary_large_image","twitter_misc":{"Szerz\u0151:":"Philipp Kessler","Becs\u00fclt olvas\u00e1si id\u0151":"1 perc"},"schema":{"@context":"https:\/\/schema.org","@graph":[{"@type":"Article","@id":"https:\/\/gradido.net\/es\/episode-41\/#article","isPartOf":{"@id":"https:\/\/gradido.net\/es\/episode-41\/"},"author":{"name":"Philipp Kessler","@id":"https:\/\/gradido.net\/de\/#\/schema\/person\/f57399104ec77f2a2d5a68f479b0492f"},"headline":"Great Cooperation: Gradido-Konto \u2013 gemeinsames Gestaltungswerkzeug f\u00fcr die neue Erde","datePublished":"2022-03-05T08:00:52+00:00","dateModified":"2022-03-05T08:32:06+00:00","mainEntityOfPage":{"@id":"https:\/\/gradido.net\/es\/episode-41\/"},"wordCount":236,"publisher":{"@id":"https:\/\/gradido.net\/de\/#organization"},"image":{"@id":"https:\/\/gradido.net\/es\/episode-41\/#primaryimage"},"thumbnailUrl":"https:\/\/gradido.net\/wp-content\/uploads\/2022\/03\/podcast_www_huebner_gebhardt.jpg","keywords":["Grundeinkommen"],"articleSection":["Podcast"],"inLanguage":"hu"},{"@type":"WebPage","@id":"https:\/\/gradido.net\/es\/episode-41\/","url":"https:\/\/gradido.net\/es\/episode-41\/","name":"Nagyszer\u0171 egy\u00fcttm\u0171k\u00f6d\u00e9s: Gradido sz\u00e1mla - k\u00f6z\u00f6s tervez\u00e9si eszk\u00f6z az \u00faj F\u00f6ldh\u00f6z - Gradido","isPartOf":{"@id":"https:\/\/gradido.net\/de\/#website"},"primaryImageOfPage":{"@id":"https:\/\/gradido.net\/es\/episode-41\/#primaryimage"},"image":{"@id":"https:\/\/gradido.net\/es\/episode-41\/#primaryimage"},"thumbnailUrl":"https:\/\/gradido.net\/wp-content\/uploads\/2022\/03\/podcast_www_huebner_gebhardt.jpg","datePublished":"2022-03-05T08:00:52+00:00","dateModified":"2022-03-05T08:32:06+00:00","breadcrumb":{"@id":"https:\/\/gradido.net\/es\/episode-41\/#breadcrumb"},"inLanguage":"hu","potentialAction":[{"@type":"ReadAction","target":["https:\/\/gradido.net\/es\/episode-41\/"]}]},{"@type":"ImageObject","inLanguage":"hu","@id":"https:\/\/gradido.net\/es\/episode-41\/#primaryimage","url":"https:\/\/gradido.net\/wp-content\/uploads\/2022\/03\/podcast_www_huebner_gebhardt.jpg","contentUrl":"https:\/\/gradido.net\/wp-content\/uploads\/2022\/03\/podcast_www_huebner_gebhardt.jpg","width":700,"height":475},{"@type":"BreadcrumbList","@id":"https:\/\/gradido.net\/es\/episode-41\/#breadcrumb","itemListElement":[{"@type":"ListItem","position":1,"name":"Startseite","item":"https:\/\/gradido.net\/"},{"@type":"ListItem","position":2,"name":"Great Cooperation: Gradido-Konto \u2013 gemeinsames Gestaltungswerkzeug f\u00fcr die neue Erde"}]},{"@type":"WebSite","@id":"https:\/\/gradido.net\/de\/#website","url":"https:\/\/gradido.net\/de\/","name":"Gradido","description":"Az \u00faj p\u00e9nznem a h\u00e1la","publisher":{"@id":"https:\/\/gradido.net\/de\/#organization"},"potentialAction":[{"@type":"SearchAction","target":{"@type":"EntryPoint","urlTemplate":"https:\/\/gradido.net\/de\/?s={search_term_string}"},"query-input":{"@type":"PropertyValueSpecification","valueRequired":true,"valueName":"search_term_string"}}],"inLanguage":"hu"},{"@type":"Organization","@id":"https:\/\/gradido.net\/de\/#organization","name":"Gradido","url":"https:\/\/gradido.net\/de\/","logo":{"@type":"ImageObject","inLanguage":"hu","@id":"https:\/\/gradido.net\/de\/#\/schema\/logo\/image\/","url":"https:\/\/gradido.net\/wp-content\/uploads\/2022\/04\/gradido-social.jpg","contentUrl":"https:\/\/gradido.net\/wp-content\/uploads\/2022\/04\/gradido-social.jpg","width":527,"height":273,"caption":"Gradido"},"image":{"@id":"https:\/\/gradido.net\/de\/#\/schema\/logo\/image\/"}},{"@type":"Person","@id":"https:\/\/gradido.net\/de\/#\/schema\/person\/f57399104ec77f2a2d5a68f479b0492f","name":"Philipp Kessler","url":"https:\/\/gradido.net\/hu\/author\/philipp\/"}]}},"_links":{"self":[{"href":"https:\/\/gradido.net\/hu\/wp-json\/wp\/v2\/posts\/4039","targetHints":{"allow":["GET"]}}],"collection":[{"href":"https:\/\/gradido.net\/hu\/wp-json\/wp\/v2\/posts"}],"about":[{"href":"https:\/\/gradido.net\/hu\/wp-json\/wp\/v2\/types\/post"}],"author":[{"embeddable":true,"href":"https:\/\/gradido.net\/hu\/wp-json\/wp\/v2\/users\/12"}],"replies":[{"embeddable":true,"href":"https:\/\/gradido.net\/hu\/wp-json\/wp\/v2\/comments?post=4039"}],"version-history":[{"count":9,"href":"https:\/\/gradido.net\/hu\/wp-json\/wp\/v2\/posts\/4039\/revisions"}],"predecessor-version":[{"id":4049,"href":"https:\/\/gradido.net\/hu\/wp-json\/wp\/v2\/posts\/4039\/revisions\/4049"}],"wp:featuredmedia":[{"embeddable":true,"href":"https:\/\/gradido.net\/hu\/wp-json\/wp\/v2\/media\/4037"}],"wp:attachment":[{"href":"https:\/\/gradido.net\/hu\/wp-json\/wp\/v2\/media?parent=4039"}],"wp:term":[{"taxonomy":"category","embeddable":true,"href":"https:\/\/gradido.net\/hu\/wp-json\/wp\/v2\/categories?post=4039"},{"taxonomy":"post_tag","embeddable":true,"href":"https:\/\/gradido.net\/hu\/wp-json\/wp\/v2\/tags?post=4039"}],"curies":[{"name":"wp","href":"https:\/\/api.w.org\/{rel}","templated":true}]}}