{"id":4228,"date":"2022-04-24T10:55:31","date_gmt":"2022-04-24T08:55:31","guid":{"rendered":"https:\/\/gradido.net\/?p=4228"},"modified":"2026-04-24T08:21:44","modified_gmt":"2026-04-24T06:21:44","slug":"gradido-link-erfahrungen-und-textvorschlaege","status":"publish","type":"post","link":"https:\/\/gradido.net\/hu\/gradido-link-erfahrungen-und-textvorschlaege\/","title":{"rendered":"Gradido Link - Tapasztalatok \u00e9s sz\u00f6vegjavaslatok"},"content":{"rendered":"<div data-elementor-type=\"wp-post\" data-elementor-id=\"4228\" class=\"elementor elementor-4228\" data-elementor-post-type=\"post\">\n\t\t\t\t\t\t<section class=\"elementor-section elementor-top-section elementor-element elementor-element-496e1d53 elementor-section-boxed elementor-section-height-default elementor-section-height-default\" data-id=\"496e1d53\" data-element_type=\"section\" data-e-type=\"section\">\n\t\t\t\t\t\t<div class=\"elementor-container elementor-column-gap-default\">\n\t\t\t\t\t<div class=\"elementor-column elementor-col-100 elementor-top-column elementor-element elementor-element-461d7be0\" data-id=\"461d7be0\" data-element_type=\"column\" data-e-type=\"column\">\n\t\t\t<div class=\"elementor-widget-wrap elementor-element-populated\">\n\t\t\t\t\t\t<div class=\"elementor-element elementor-element-cd9ebe2 elementor-widget elementor-widget-text-editor\" data-id=\"cd9ebe2\" data-element_type=\"widget\" data-e-type=\"widget\" data-widget_type=\"text-editor.default\">\n\t\t\t\t<div class=\"elementor-widget-container\">\n\t\t\t\t\t\t\t\t\t<blockquote><p style=\"text-align: right;\"><em>\"A h\u00e1l\u00e1s emberek olyanok, mint a term\u0151f\u00f6ldek. <\/em><br \/><em>T\u00edzszeresen adj\u00e1k vissza, amit kaptak.\" <\/em><br \/><em>- August von Kotzebue<\/em><\/p><\/blockquote><p>Kedves Olvas\u00f3!<\/p><p>kipr\u00f3b\u00e1lta m\u00e1r az \u00faj Gradido linket, \u00e9s k\u00fcld\u00f6tt m\u00e1r m\u00e1soknak Gradid\u00f3t a linken kereszt\u00fcl? \u00c9s ugyanolyan j\u00f3l m\u0171k\u00f6d\u00f6tt, mint n\u00e1lunk, vagy voltak technikai probl\u00e9m\u00e1k? Ennek a bev\u00e1lt\u00e1si linknek az a c\u00e9lja, hogy mindenkihez eljuttassa a Gradidos-t, \u00e9s \u00edgy k\u00f6nnyen elterjessze a h\u00e1l\u00e1n \u00e9s megbecs\u00fcl\u00e9sen alapul\u00f3 \u00faj p\u00e9nzrendszert, hogy az emberi csal\u00e1d hamarosan vil\u00e1gszerte \u00e9lvezhesse a j\u00f3l\u00e9tet \u00e9s a b\u00e9k\u00e9t a term\u00e9szettel harm\u00f3ni\u00e1ban.<\/p><p>De kinek k\u00fcldj\u00fck a Gradidost, \u00e9s mit \u00edrunk r\u00f3la? Hogyan kezelj\u00fck a g\u00e1tl\u00e1sainkat? Mit tegy\u00fcnk, ha a c\u00edmzett nem kedvesen vagy egy\u00e1ltal\u00e1n nem reag\u00e1l? Egyr\u00e9szt nem akarunk senkinek az idegeire menni, m\u00e1sr\u00e9szt teljesen fontos, hogy Gradido a vil\u00e1gra j\u00f6jj\u00f6n.<\/p><h2>J\u00f3 minden \u00e9rintettnek<\/h2><p>Mi itt a Gradido Akad\u00e9mi\u00e1n is ezzel a dilemm\u00e1val szembes\u00fclt\u00fcnk eleinte. Ez\u00e9rt egyel\u0151re csak olyan embereknek k\u00fcldt\u00fck el a Gradidost linkkel, akiket j\u00f3l ismert\u00fcnk, \u00e9s akikr\u0151l biztosak voltunk benne, hogy \u00f6r\u00fclni fognak neki. Megk\u00e9rdezt\u00fck magunkt\u00f3l, hogy mi\u00e9rt vagyunk igaz\u00e1n h\u00e1l\u00e1sak, \u00e9s megpr\u00f3b\u00e1ltuk ezt kifejezni. Azt\u00e1n figyelt\u00fcnk a reakci\u00f3kra, \u00e9s egy\u00fctt \u00e9rezt\u00fcnk a t\u00f6bbiekkel. Ki hogyan reag\u00e1l, \u00e9s mik lehetnek ennek lehets\u00e9ges motiv\u00e1ci\u00f3i? Hogyan tudunk \u00fagy reag\u00e1lni, hogy az minden \u00e9rintett sz\u00e1m\u00e1ra j\u00f3 legyen? Hogy a lehet\u0151 legk\u00f6nnyebb\u00e9 tegy\u00fck az \u00d6n sz\u00e1m\u00e1ra, le\u00edrtuk tapasztalatainkat, rendszerezt\u00fck \u0151ket, \u00e9s javasolt sz\u00f6vegeket dolgoztunk ki a k\u00fcl\u00f6nb\u00f6z\u0151 esetekhez. Nyugodtan adapt\u00e1lhatja \u0151ket k\u00edv\u00e1ns\u00e1gai \u00e9s \u00f6tletei szerint.<\/p><h3>A link sz\u00f6vege<\/h3><p>A \"link sz\u00f6vege\" alatt azt a sz\u00f6veget \u00e9rtj\u00fck, amelyet a Gradido fi\u00f3kban ad meg a link l\u00e9trehoz\u00e1sakor, \u00e9s amely k\u00e9s\u0151bb megjelenik a tranzakci\u00f3s list\u00e1ban. Meg kell \u00edrni, hogy kinek sz\u00f3l a link, \u00e9s p\u00e9ld\u00e1ul, hogy mit k\u00f6sz\u00f6nsz meg neki:<\/p><p><strong>A ..., k\u00f6sz\u00f6n\u00f6m, hogy ...! Nagyon boldogg\u00e1 tett \ud83d\ude42<\/strong><\/p><h3>A k\u00eds\u00e9r\u0151 sz\u00f6veg<\/h3><p>Ahhoz, hogy a c\u00edmzett biztosan tudja, mir\u0151l besz\u00e9lsz, amikor e-mailben vagy Telegram &amp; Co-ban k\u00fcldesz neki egy linket, adj hozz\u00e1 n\u00e9h\u00e1ny magyar\u00e1z\u00f3 sz\u00f3t:<\/p><p><strong>Kedves ..., k\u00f6sz\u00f6n\u00f6m sz\u00e9pen, hogy ...! Nagyon el\u00e9gedett voltam. K\u00f6sz\u00f6netk\u00e9ppen Gradidos-t szeretn\u00e9k k\u00fcldeni nektek. A bev\u00e1lt\u00e1shoz kattintson a linkre:<\/strong><\/p><h2>Lehets\u00e9ges reakci\u00f3k \u00e9s v\u00e1laszsz\u00f6vegek<\/h2><p>Egyes c\u00edmzettek azonnal bev\u00e1ltj\u00e1k a linket. Ez az ide\u00e1lis eset, hogy \u00fagy mondjam. Felaj\u00e1nlja, hogy kapcsolatban marad \u00e9s t\u00e1mogatja \u0151ket a Gradido kezel\u00e9s\u00e9ben (6. eset). A mi eset\u00fcnkben azonban ez csak k\u00f6r\u00fclbel\u00fcl 20% volt. A t\u00f6bbi reakci\u00f3t tov\u00e1bbi 5 esetre osztottuk. Javasoljuk, hogyan reag\u00e1lhat a legjobban.<\/p><h3>1. eset: Nincs reakci\u00f3<\/h3><p>\u00c1ltal\u00e1ban el\u0151sz\u00f6r semmi sem t\u00f6rt\u00e9nik. Ez nem rosszindulat. \u00c9pp ellenkez\u0151leg: a c\u00edmzettnek sok dolga van, \u00e9s a Gradido-linkr\u0151l megfeledkezik.<\/p><p>Csak \u00edrj egy kis eml\u00e9keztet\u0151t. A k\u00f6vetkez\u0151 sz\u00f6veg j\u00f3l bev\u00e1lt sz\u00e1munkra:<\/p><p><strong>Kedves..., \u00e9szrevetted a linket, amit k\u00fcldtem neked, hogy elk\u00fcldjem neked a Gradidos-t? Ha be akarja v\u00e1ltani, csak kattintson r\u00e1, hogy j\u00f3v\u00e1\u00edrja a Gradido sz\u00e1ml\u00e1j\u00e1n. Ha m\u00e9g nincs Gradido-fi\u00f3kja, gyorsan regisztr\u00e1lhat egyet. A Gradido ingyenes. Ha b\u00e1rmilyen k\u00e9rd\u00e9se van a Gradid\u00f3val kapcsolatban, k\u00e9rem, l\u00e9pjen kapcsolatba velem. A linkje ...<\/strong><\/p><h3>2. eset: A c\u00edmzett megk\u00f6sz\u00f6ni, de nem v\u00e1ltja be a linket.<\/h3><p>Ennek sz\u00e1mos oka lehet. Lehet, hogy nem veszi \u00e9szre, hogy r\u00f6vid id\u0151n bel\u00fcl meg kell v\u00e1ltania a kapcsolatot. Tal\u00e1n t\u00f6bbet akar megtudni, miel\u0151tt regisztr\u00e1l. Vagy m\u00e1r van Gradido fi\u00f3kja, de nem ismeri a hozz\u00e1f\u00e9r\u00e9si adatokat. Vagy m\u00e9g mindig szponzori hozz\u00e1j\u00e1rul\u00e1st akar tenni, \u00e9s azt\u00e1n \"t\u00e9nyleg\" csatlakozni.<\/p><p>Megk\u00f6sz\u00f6ni a visszajelz\u00e9st, \u00e9s eml\u00e9kezteti \u0151ket a hat\u00e1rid\u0151re:<\/p><p><strong>Kedves..., k\u00f6sz\u00f6n\u00f6m sz\u00e9pen a kedves visszajelz\u00e9st! Nagyon el\u00e9gedett vagyok. K\u00e9rj\u00fck, ne felejtse el id\u0151ben bev\u00e1ltani a linket. Ez m\u00e9g mindig \u00e9rv\u00e9nyes ...<\/strong><\/p><h3>3. eset: A c\u00edmzett megk\u00e9rdezi, hogy mi ez.<\/h3><p>Sokan m\u00e9g nem ismerik a Gradid\u00f3t, \u00e9s el\u0151sz\u00f6r azt szeretn\u00e9k tudni, hogy mi az.<\/p><p>P\u00e9ld\u00e1ul elmagyar\u00e1zza:<\/p><p><strong>Kedves..., k\u00f6sz\u00f6n\u00f6m a k\u00e9rd\u00e9st! A gradid\u00f3k a h\u00e1laad\u00e1s pontjai. A Gradid\u00f3val szeretn\u00e9nk t\u00f6bb h\u00e1l\u00e1t \u00e9s megbecs\u00fcl\u00e9st vinni a vil\u00e1gba az\u00e1ltal, hogy megmutatjuk m\u00e1soknak, mit szeret\u00fcnk benn\u00fck, \u00e9s mi\u00e9rt vagyunk h\u00e1l\u00e1sak. J\u00f3 lenne, ha a h\u00e1la lenne a j\u00f6v\u0151 p\u00e9nzneme. Akkor a vil\u00e1gon mindenkinek jobb lesz, \u00e9s a F\u00f6ld egy szebb \u00e9s b\u00e9k\u00e9sebb hely lesz, ahol \u00e9lhet\u00fcnk.<\/strong><\/p><h3>4. eset: A partnered megk\u00e9rdezi, hogy mit tud kezdeni a Gradidosszal.<\/h3><p>Sokan felteszik maguknak a k\u00e9rd\u00e9st az el\u0151ny\u00f6kkel kapcsolatban: \"Mi hasznom van bel\u0151le?\". Ez is teljesen norm\u00e1lis.<\/p><p>\u00d6n v\u00e1laszol:<\/p><p><strong>Kedves..., k\u00f6sz\u00f6n\u00f6m a k\u00e9rd\u00e9st! Egyr\u00e9szt kifejezheti h\u00e1l\u00e1j\u00e1t \u00e9s megbecs\u00fcl\u00e9s\u00e9t m\u00e1s emberek fel\u00e9, ahogyan Valentin-napon vagy any\u00e1k napj\u00e1n vir\u00e1got adhat, hogy kifejezze h\u00e1l\u00e1j\u00e1t. Az egyetlen k\u00fcl\u00f6nbs\u00e9g az, hogy a Gradid\u00f3val mindig \u00e9s b\u00e1rmikor megk\u00f6sz\u00f6nheti mindenkinek, \u00e9s hogy a Gradido nem ker\u00fcl semmibe. M\u00e1sr\u00e9szt k\u00f6z\u00f6ss\u00e9geket is alkotunk, ahol seg\u00edt\u00fcnk egym\u00e1snak \u00e9s megk\u00f6sz\u00f6nj\u00fck egym\u00e1snak a Gradid\u00f3val. Vannak m\u00e1r olyan piacok \u00e9s \u00fczletek, ahol a dolgokat Gradido-kedvezm\u00e9nyekkel k\u00edn\u00e1lj\u00e1k. Ily m\u00f3don az egym\u00e1ssal val\u00f3 \u00fczletel\u00e9s \u00faj m\u00f3dj\u00e1t teremtj\u00fck meg, amely a szereteten, a megbecs\u00fcl\u00e9sen \u00e9s a h\u00e1l\u00e1n alapul. Szeretn\u00e9l egy ilyen vil\u00e1got?<\/strong><\/p><h3>5. eset: A c\u00edmzett becsm\u00e9rl\u0151 megjegyz\u00e9st tesz vagy elutas\u00edtja \u00d6nt.<\/h3><p>Jelenleg nem mindenki nyitott a Gradid\u00f3ra. Gyakran el\u0151fordul, hogy el\u0151sz\u00f6r mi is elutas\u00edtunk valami \u00fajat \u00e9s ismeretlent. Azt\u00e1n, amikor gyakrabban hallunk r\u00f3la, ismer\u0151sebb\u00e9 v\u00e1lik sz\u00e1munkra, \u00e9s m\u00e1r nem hangzik olyan furcs\u00e1n. \u00c9s v\u00e9g\u00fcl tal\u00e1n m\u00e9g j\u00f3nak is tal\u00e1ljuk.<\/p><p>Meg\u00e9rt\u00e9st mutatsz \u00e9s id\u0151t adsz:<\/p><p><strong>Kedves ..., ezt nagyon j\u00f3l meg\u00e9rtem. Szerencs\u00e9re mi emberek m\u00e1sok vagyunk. \u00c9n p\u00e9ld\u00e1ul nagy \u00f6r\u00f6mmel adok aj\u00e1nd\u00e9kot \u00e9s adok h\u00e1l\u00e1t. Tal\u00e1n k\u00e9s\u0151bb ez alkalmasabb lesz az \u00d6n sz\u00e1m\u00e1ra.<\/strong><\/p><h3>6. eset: A linket bev\u00e1ltott\u00e1k - Aj\u00e1nlja fel seg\u00edts\u00e9g\u00e9t<\/h3><p>Nagyszer\u0171, van egy \u00faj bar\u00e1tod a Gradido h\u00e1l\u00f3zatodban! Most fontos, hogy tartsuk a kapcsolatot, \u00e9s seg\u00edts\u00e9get ny\u00fajtsunk a Gradido kezel\u00e9s\u00e9ben. Mivel most m\u00e1r a Gradido fi\u00f3kon kereszt\u00fcl is kapcsolatban \u00e1llsz vele, \u00e9rdemes haszn\u00e1lni a v\u00e1lasz funkci\u00f3t: egyszer\u0171en kattints a nev\u00e9re, \u00e9s k\u00fcldj neki m\u00e9g n\u00e9h\u00e1ny Gradid\u00f3t. Gyakran el\u0151fordul, hogy a c\u00edmzett nagyon h\u00e1l\u00e1s a seg\u00edts\u00e9g\u00e9rt.<\/p><p>Haszn\u00e1lja a Gradido fi\u00f3kj\u00e1ban tal\u00e1lhat\u00f3 v\u00e1lasz funkci\u00f3t, hogy t\u00f6bb Gradid\u00f3val is k\u00f6sz\u00f6netet mondhasson:<\/p><p><strong>Kedves..., k\u00f6sz\u00f6n\u00f6m, hogy elfogadtad a Gradidosomat! Most m\u00e1r a Gradido fi\u00f3kon kereszt\u00fcl is csatlakoztunk. Ha b\u00e1rmilyen k\u00e9rd\u00e9sed van, vagy t\u00e1mogat\u00e1st szeretn\u00e9l a Gradido kezel\u00e9s\u00e9ben, k\u00e9rlek, vedd fel velem a kapcsolatot, sz\u00edvesen seg\u00edtek \ud83d\ude42 .<\/strong><\/p><h2>Bizony\u00edtott sz\u00f6vegek: gyors \u00e9s biztons\u00e1gos<\/h2><p>Az elm\u00falt hetekben kipr\u00f3b\u00e1ltuk \u00e9s finom\u00edtottuk a sz\u00f6vegeket. A legjobb tapasztalatokat vel\u00fck szerezt\u00fck, \u00e9s most m\u00e1r sablonk\u00e9nt haszn\u00e1ljuk \u0151ket, amelyeket \u00e1ltal\u00e1ban egy kicsit \u00e1talak\u00edtunk. Ez kiv\u00e1l\u00f3an m\u0171k\u00f6dik, \u00e9s id\u0151t takar\u00edt meg, \u00edgy minden nap k\u00fcldhet\u00fcnk egy vagy t\u00f6bb Gradido linket, \u00e9s nyomon k\u00f6vethetj\u00fck a folyamatot. \u00cdgy most k\u00f6r\u00fclbel\u00fcl 60% linket v\u00e1ltunk be. Nagyon sz\u00f3rakoztat\u00f3, \u00e9s \u00faj, nagyszer\u0171 emberekkel ker\u00fcl\u00fcnk kapcsolatba.<\/p><h2>Engedd meg magadnak \u00e9s m\u00e1soknak az \u00f6r\u00f6m\u00f6t<\/h2><p>Arra k\u00e9r\u00fcnk, hogy a Gradido linket a sz\u00f6veges sablonokkal egy\u00fctt haszn\u00e1ld a bar\u00e1ti h\u00e1l\u00f3zatod b\u0151v\u00edt\u00e9s\u00e9re, a Gradido h\u00edr\u00e9nek terjeszt\u00e9s\u00e9re \u00e9s a Gradido megoszt\u00e1s\u00e1ra bar\u00e1taiddal. \u00c9lvezd a h\u00e1la j\u00f3 \u00e9rz\u00e9s\u00e9t, \u00e9s k\u00fcldj k\u00f6sz\u00f6netet valakinek minden nap! T\u00e9nyleg ilyen egyszer\u0171, ingyenes \u00e9s minden r\u00e9sztvev\u0151nek \u00f6r\u00f6met okoz. Minden nap, amit nem teszel meg, ebb\u0151l a szempontb\u00f3l elveszett.<\/p><p>Egy\u00fctt egy \u00faj \u00e9letmin\u0151s\u00e9get alak\u00edtunk ki mindenki sz\u00e1m\u00e1ra: ahogy a v\u00edzbe dobott k\u00f6vek k\u00f6rk\u00f6r\u00f6s hull\u00e1mokat alkotnak, \u00fagy teremt\u00fcnk mi is \"h\u00e1lahull\u00e1mokat\", amelyek \u00e1tfedik, feler\u0151s\u00edtik \u00e9s n\u00f6velik a F\u00f6ld energi\u00e1j\u00e1t. Egy\u00fctt a h\u00e1la lesz a glob\u00e1lis j\u00f3l\u00e9t \u00e9s a term\u00e9szettel harm\u00f3ni\u00e1ban l\u00e9v\u0151 b\u00e9ke \u00faj p\u00e9nzneme - \u00f6nmagunk \u00e9s a vil\u00e1g gyermekei \u00e9rdek\u00e9ben.<\/p><p>Ezer k\u00f6sz\u00f6net, hogy vel\u00fcnk volt\u00e1l, \u00e9s \u00fcdv\u00f6zletemet k\u00fcld\u00f6m<\/p><p>\u00dcdv\u00f6zlettel<\/p><p><img decoding=\"async\" class=\"alignnone wp-image-4614 size-medium\" src=\"https:\/\/gradido.net\/wp-content\/uploads\/2022\/06\/MargretBernd_2022-300x74.png\" alt=\"\" width=\"300\" height=\"74\" srcset=\"https:\/\/gradido.net\/wp-content\/uploads\/2022\/06\/MargretBernd_2022-300x74.png 300w, https:\/\/gradido.net\/wp-content\/uploads\/2022\/06\/MargretBernd_2022-18x4.png 18w, https:\/\/gradido.net\/wp-content\/uploads\/2022\/06\/MargretBernd_2022.png 431w\" sizes=\"(max-width: 300px) 100vw, 300px\" \/><\/p><p>Margret Baier \u00e9s Bernd H\u00fcckst\u00e4dt<br \/>Gradido alap\u00edt\u00f3ja \u00e9s fejleszt\u0151je<\/p>\t\t\t\t\t\t\t\t<\/div>\n\t\t\t\t<\/div>\n\t\t\t\t\t<\/div>\n\t\t<\/div>\n\t\t\t\t\t<\/div>\n\t\t<\/section>\n\t\t\t\t<\/div>","protected":false},"excerpt":{"rendered":"<p>Hogy a lehet\u0151 legk\u00f6nnyebb\u00e9 tegy\u00fck az \u00d6n sz\u00e1m\u00e1ra, sz\u00f6vegjavaslatokat k\u00e9sz\u00edtett\u00fcnk a k\u00fcl\u00f6nb\u00f6z\u0151 esetekre. Nyugodtan adapt\u00e1lhatja \u0151ket k\u00edv\u00e1ns\u00e1gai \u00e9s \u00f6tletei szerint.<\/p>","protected":false},"author":2,"featured_media":4231,"comment_status":"closed","ping_status":"closed","sticky":false,"template":"","format":"standard","meta":{"footnotes":""},"categories":[11,54,55],"tags":[],"class_list":["post-4228","post","type-post","status-publish","format-standard","has-post-thumbnail","hentry","category-blog","category-community","category-gradido-konto"],"yoast_head":"<!-- This site is optimized with the Yoast SEO plugin v27.5 - https:\/\/yoast.com\/product\/yoast-seo-wordpress\/ -->\n<title>Gradido-Link \u2013 Erfahrungen und Textvorschl\u00e4ge - Gradido<\/title>\n<meta name=\"robots\" content=\"index, follow, max-snippet:-1, max-image-preview:large, max-video-preview:-1\" \/>\n<link rel=\"canonical\" href=\"https:\/\/gradido.net\/hu\/gradido-link-erfahrungen-und-textvorschlaege\/\" \/>\n<meta property=\"og:locale\" content=\"hu_HU\" \/>\n<meta property=\"og:type\" content=\"article\" \/>\n<meta property=\"og:title\" content=\"Gradido-Link \u2013 Erfahrungen und Textvorschl\u00e4ge - Gradido\" \/>\n<meta property=\"og:description\" content=\"Um es Dir so leicht wie m\u00f6glich zu machen, haben wir Textvorschl\u00e4ge f\u00fcr die verschiedenen F\u00e4lle erarbeitet. F\u00fchle Dich frei, diese nach Deinen W\u00fcnschen und Vorstellungen anzupassen.\" \/>\n<meta property=\"og:url\" content=\"https:\/\/gradido.net\/hu\/gradido-link-erfahrungen-und-textvorschlaege\/\" \/>\n<meta property=\"og:site_name\" content=\"Gradido\" \/>\n<meta property=\"article:published_time\" content=\"2022-04-24T08:55:31+00:00\" \/>\n<meta property=\"article:modified_time\" content=\"2026-04-24T06:21:44+00:00\" \/>\n<meta property=\"og:image\" content=\"https:\/\/gradido.net\/wp-content\/uploads\/2022\/04\/DANKE-1.jpg\" \/>\n\t<meta property=\"og:image:width\" content=\"1600\" \/>\n\t<meta property=\"og:image:height\" content=\"708\" \/>\n\t<meta property=\"og:image:type\" content=\"image\/jpeg\" \/>\n<meta name=\"author\" content=\"Bernd H\u00fcckst\u00e4dt\" \/>\n<meta name=\"twitter:card\" content=\"summary_large_image\" \/>\n<meta name=\"twitter:label1\" content=\"Szerz\u0151:\" \/>\n\t<meta name=\"twitter:data1\" content=\"Bernd H\u00fcckst\u00e4dt\" \/>\n\t<meta name=\"twitter:label2\" content=\"Becs\u00fclt olvas\u00e1si id\u0151\" \/>\n\t<meta name=\"twitter:data2\" content=\"8 perc\" \/>\n<script type=\"application\/ld+json\" class=\"yoast-schema-graph\">{\"@context\":\"https:\\\/\\\/schema.org\",\"@graph\":[{\"@type\":\"Article\",\"@id\":\"https:\\\/\\\/gradido.net\\\/gradido-link-erfahrungen-und-textvorschlaege\\\/#article\",\"isPartOf\":{\"@id\":\"https:\\\/\\\/gradido.net\\\/gradido-link-erfahrungen-und-textvorschlaege\\\/\"},\"author\":{\"name\":\"Bernd H\u00fcckst\u00e4dt\",\"@id\":\"https:\\\/\\\/gradido.net\\\/de\\\/#\\\/schema\\\/person\\\/9c503a004ad15a1ddecadce2218db5d1\"},\"headline\":\"Gradido-Link \u2013 Erfahrungen und Textvorschl\u00e4ge\",\"datePublished\":\"2022-04-24T08:55:31+00:00\",\"dateModified\":\"2026-04-24T06:21:44+00:00\",\"mainEntityOfPage\":{\"@id\":\"https:\\\/\\\/gradido.net\\\/gradido-link-erfahrungen-und-textvorschlaege\\\/\"},\"wordCount\":1422,\"publisher\":{\"@id\":\"https:\\\/\\\/gradido.net\\\/de\\\/#organization\"},\"image\":{\"@id\":\"https:\\\/\\\/gradido.net\\\/gradido-link-erfahrungen-und-textvorschlaege\\\/#primaryimage\"},\"thumbnailUrl\":\"https:\\\/\\\/gradido.net\\\/wp-content\\\/uploads\\\/2022\\\/04\\\/DANKE-1.jpg\",\"articleSection\":[\"Blog\",\"Community\",\"Gradido-Konto\"],\"inLanguage\":\"hu\"},{\"@type\":\"WebPage\",\"@id\":\"https:\\\/\\\/gradido.net\\\/gradido-link-erfahrungen-und-textvorschlaege\\\/\",\"url\":\"https:\\\/\\\/gradido.net\\\/gradido-link-erfahrungen-und-textvorschlaege\\\/\",\"name\":\"Gradido-Link \u2013 Erfahrungen und Textvorschl\u00e4ge - Gradido\",\"isPartOf\":{\"@id\":\"https:\\\/\\\/gradido.net\\\/de\\\/#website\"},\"primaryImageOfPage\":{\"@id\":\"https:\\\/\\\/gradido.net\\\/gradido-link-erfahrungen-und-textvorschlaege\\\/#primaryimage\"},\"image\":{\"@id\":\"https:\\\/\\\/gradido.net\\\/gradido-link-erfahrungen-und-textvorschlaege\\\/#primaryimage\"},\"thumbnailUrl\":\"https:\\\/\\\/gradido.net\\\/wp-content\\\/uploads\\\/2022\\\/04\\\/DANKE-1.jpg\",\"datePublished\":\"2022-04-24T08:55:31+00:00\",\"dateModified\":\"2026-04-24T06:21:44+00:00\",\"breadcrumb\":{\"@id\":\"https:\\\/\\\/gradido.net\\\/gradido-link-erfahrungen-und-textvorschlaege\\\/#breadcrumb\"},\"inLanguage\":\"hu\",\"potentialAction\":[{\"@type\":\"ReadAction\",\"target\":[\"https:\\\/\\\/gradido.net\\\/gradido-link-erfahrungen-und-textvorschlaege\\\/\"]}]},{\"@type\":\"ImageObject\",\"inLanguage\":\"hu\",\"@id\":\"https:\\\/\\\/gradido.net\\\/gradido-link-erfahrungen-und-textvorschlaege\\\/#primaryimage\",\"url\":\"https:\\\/\\\/gradido.net\\\/wp-content\\\/uploads\\\/2022\\\/04\\\/DANKE-1.jpg\",\"contentUrl\":\"https:\\\/\\\/gradido.net\\\/wp-content\\\/uploads\\\/2022\\\/04\\\/DANKE-1.jpg\",\"width\":1600,\"height\":708},{\"@type\":\"BreadcrumbList\",\"@id\":\"https:\\\/\\\/gradido.net\\\/gradido-link-erfahrungen-und-textvorschlaege\\\/#breadcrumb\",\"itemListElement\":[{\"@type\":\"ListItem\",\"position\":1,\"name\":\"Startseite\",\"item\":\"https:\\\/\\\/gradido.net\\\/\"},{\"@type\":\"ListItem\",\"position\":2,\"name\":\"Gradido-Link \u2013 Erfahrungen und Textvorschl\u00e4ge\"}]},{\"@type\":\"WebSite\",\"@id\":\"https:\\\/\\\/gradido.net\\\/de\\\/#website\",\"url\":\"https:\\\/\\\/gradido.net\\\/de\\\/\",\"name\":\"Gradido\",\"description\":\"Die neue W\u00e4hrung hei\u00dft Dankbarkeit\",\"publisher\":{\"@id\":\"https:\\\/\\\/gradido.net\\\/de\\\/#organization\"},\"potentialAction\":[{\"@type\":\"SearchAction\",\"target\":{\"@type\":\"EntryPoint\",\"urlTemplate\":\"https:\\\/\\\/gradido.net\\\/de\\\/?s={search_term_string}\"},\"query-input\":{\"@type\":\"PropertyValueSpecification\",\"valueRequired\":true,\"valueName\":\"search_term_string\"}}],\"inLanguage\":\"hu\"},{\"@type\":\"Organization\",\"@id\":\"https:\\\/\\\/gradido.net\\\/de\\\/#organization\",\"name\":\"Gradido\",\"url\":\"https:\\\/\\\/gradido.net\\\/de\\\/\",\"logo\":{\"@type\":\"ImageObject\",\"inLanguage\":\"hu\",\"@id\":\"https:\\\/\\\/gradido.net\\\/de\\\/#\\\/schema\\\/logo\\\/image\\\/\",\"url\":\"https:\\\/\\\/gradido.net\\\/wp-content\\\/uploads\\\/2022\\\/04\\\/gradido-social.jpg\",\"contentUrl\":\"https:\\\/\\\/gradido.net\\\/wp-content\\\/uploads\\\/2022\\\/04\\\/gradido-social.jpg\",\"width\":527,\"height\":273,\"caption\":\"Gradido\"},\"image\":{\"@id\":\"https:\\\/\\\/gradido.net\\\/de\\\/#\\\/schema\\\/logo\\\/image\\\/\"}},{\"@type\":\"Person\",\"@id\":\"https:\\\/\\\/gradido.net\\\/de\\\/#\\\/schema\\\/person\\\/9c503a004ad15a1ddecadce2218db5d1\",\"name\":\"Bernd H\u00fcckst\u00e4dt\",\"sameAs\":[\"https:\\\/\\\/gradido.net\"],\"url\":\"https:\\\/\\\/gradido.net\\\/hu\\\/author\\\/bernd\\\/\"}]}<\/script>\n<!-- \/ Yoast SEO plugin. -->","yoast_head_json":{"title":"Gradido Link - Tapasztalatok \u00e9s sz\u00f6veges javaslatok - Gradido","robots":{"index":"index","follow":"follow","max-snippet":"max-snippet:-1","max-image-preview":"max-image-preview:large","max-video-preview":"max-video-preview:-1"},"canonical":"https:\/\/gradido.net\/hu\/gradido-link-erfahrungen-und-textvorschlaege\/","og_locale":"hu_HU","og_type":"article","og_title":"Gradido-Link \u2013 Erfahrungen und Textvorschl\u00e4ge - Gradido","og_description":"Um es Dir so leicht wie m\u00f6glich zu machen, haben wir Textvorschl\u00e4ge f\u00fcr die verschiedenen F\u00e4lle erarbeitet. F\u00fchle Dich frei, diese nach Deinen W\u00fcnschen und Vorstellungen anzupassen.","og_url":"https:\/\/gradido.net\/hu\/gradido-link-erfahrungen-und-textvorschlaege\/","og_site_name":"Gradido","article_published_time":"2022-04-24T08:55:31+00:00","article_modified_time":"2026-04-24T06:21:44+00:00","og_image":[{"width":1600,"height":708,"url":"https:\/\/gradido.net\/wp-content\/uploads\/2022\/04\/DANKE-1.jpg","type":"image\/jpeg"}],"author":"Bernd H\u00fcckst\u00e4dt","twitter_card":"summary_large_image","twitter_misc":{"Szerz\u0151:":"Bernd H\u00fcckst\u00e4dt","Becs\u00fclt olvas\u00e1si id\u0151":"8 perc"},"schema":{"@context":"https:\/\/schema.org","@graph":[{"@type":"Article","@id":"https:\/\/gradido.net\/gradido-link-erfahrungen-und-textvorschlaege\/#article","isPartOf":{"@id":"https:\/\/gradido.net\/gradido-link-erfahrungen-und-textvorschlaege\/"},"author":{"name":"Bernd H\u00fcckst\u00e4dt","@id":"https:\/\/gradido.net\/de\/#\/schema\/person\/9c503a004ad15a1ddecadce2218db5d1"},"headline":"Gradido-Link \u2013 Erfahrungen und Textvorschl\u00e4ge","datePublished":"2022-04-24T08:55:31+00:00","dateModified":"2026-04-24T06:21:44+00:00","mainEntityOfPage":{"@id":"https:\/\/gradido.net\/gradido-link-erfahrungen-und-textvorschlaege\/"},"wordCount":1422,"publisher":{"@id":"https:\/\/gradido.net\/de\/#organization"},"image":{"@id":"https:\/\/gradido.net\/gradido-link-erfahrungen-und-textvorschlaege\/#primaryimage"},"thumbnailUrl":"https:\/\/gradido.net\/wp-content\/uploads\/2022\/04\/DANKE-1.jpg","articleSection":["Blog","Community","Gradido-Konto"],"inLanguage":"hu"},{"@type":"WebPage","@id":"https:\/\/gradido.net\/gradido-link-erfahrungen-und-textvorschlaege\/","url":"https:\/\/gradido.net\/gradido-link-erfahrungen-und-textvorschlaege\/","name":"Gradido Link - Tapasztalatok \u00e9s sz\u00f6veges javaslatok - Gradido","isPartOf":{"@id":"https:\/\/gradido.net\/de\/#website"},"primaryImageOfPage":{"@id":"https:\/\/gradido.net\/gradido-link-erfahrungen-und-textvorschlaege\/#primaryimage"},"image":{"@id":"https:\/\/gradido.net\/gradido-link-erfahrungen-und-textvorschlaege\/#primaryimage"},"thumbnailUrl":"https:\/\/gradido.net\/wp-content\/uploads\/2022\/04\/DANKE-1.jpg","datePublished":"2022-04-24T08:55:31+00:00","dateModified":"2026-04-24T06:21:44+00:00","breadcrumb":{"@id":"https:\/\/gradido.net\/gradido-link-erfahrungen-und-textvorschlaege\/#breadcrumb"},"inLanguage":"hu","potentialAction":[{"@type":"ReadAction","target":["https:\/\/gradido.net\/gradido-link-erfahrungen-und-textvorschlaege\/"]}]},{"@type":"ImageObject","inLanguage":"hu","@id":"https:\/\/gradido.net\/gradido-link-erfahrungen-und-textvorschlaege\/#primaryimage","url":"https:\/\/gradido.net\/wp-content\/uploads\/2022\/04\/DANKE-1.jpg","contentUrl":"https:\/\/gradido.net\/wp-content\/uploads\/2022\/04\/DANKE-1.jpg","width":1600,"height":708},{"@type":"BreadcrumbList","@id":"https:\/\/gradido.net\/gradido-link-erfahrungen-und-textvorschlaege\/#breadcrumb","itemListElement":[{"@type":"ListItem","position":1,"name":"Startseite","item":"https:\/\/gradido.net\/"},{"@type":"ListItem","position":2,"name":"Gradido-Link \u2013 Erfahrungen und Textvorschl\u00e4ge"}]},{"@type":"WebSite","@id":"https:\/\/gradido.net\/de\/#website","url":"https:\/\/gradido.net\/de\/","name":"Gradido","description":"Az \u00faj p\u00e9nznem a h\u00e1la","publisher":{"@id":"https:\/\/gradido.net\/de\/#organization"},"potentialAction":[{"@type":"SearchAction","target":{"@type":"EntryPoint","urlTemplate":"https:\/\/gradido.net\/de\/?s={search_term_string}"},"query-input":{"@type":"PropertyValueSpecification","valueRequired":true,"valueName":"search_term_string"}}],"inLanguage":"hu"},{"@type":"Organization","@id":"https:\/\/gradido.net\/de\/#organization","name":"Gradido","url":"https:\/\/gradido.net\/de\/","logo":{"@type":"ImageObject","inLanguage":"hu","@id":"https:\/\/gradido.net\/de\/#\/schema\/logo\/image\/","url":"https:\/\/gradido.net\/wp-content\/uploads\/2022\/04\/gradido-social.jpg","contentUrl":"https:\/\/gradido.net\/wp-content\/uploads\/2022\/04\/gradido-social.jpg","width":527,"height":273,"caption":"Gradido"},"image":{"@id":"https:\/\/gradido.net\/de\/#\/schema\/logo\/image\/"}},{"@type":"Person","@id":"https:\/\/gradido.net\/de\/#\/schema\/person\/9c503a004ad15a1ddecadce2218db5d1","name":"Bernd H\u00fcckst\u00e4dt","sameAs":["https:\/\/gradido.net"],"url":"https:\/\/gradido.net\/hu\/author\/bernd\/"}]}},"_links":{"self":[{"href":"https:\/\/gradido.net\/hu\/wp-json\/wp\/v2\/posts\/4228","targetHints":{"allow":["GET"]}}],"collection":[{"href":"https:\/\/gradido.net\/hu\/wp-json\/wp\/v2\/posts"}],"about":[{"href":"https:\/\/gradido.net\/hu\/wp-json\/wp\/v2\/types\/post"}],"author":[{"embeddable":true,"href":"https:\/\/gradido.net\/hu\/wp-json\/wp\/v2\/users\/2"}],"replies":[{"embeddable":true,"href":"https:\/\/gradido.net\/hu\/wp-json\/wp\/v2\/comments?post=4228"}],"version-history":[{"count":15,"href":"https:\/\/gradido.net\/hu\/wp-json\/wp\/v2\/posts\/4228\/revisions"}],"predecessor-version":[{"id":13613,"href":"https:\/\/gradido.net\/hu\/wp-json\/wp\/v2\/posts\/4228\/revisions\/13613"}],"wp:featuredmedia":[{"embeddable":true,"href":"https:\/\/gradido.net\/hu\/wp-json\/wp\/v2\/media\/4231"}],"wp:attachment":[{"href":"https:\/\/gradido.net\/hu\/wp-json\/wp\/v2\/media?parent=4228"}],"wp:term":[{"taxonomy":"category","embeddable":true,"href":"https:\/\/gradido.net\/hu\/wp-json\/wp\/v2\/categories?post=4228"},{"taxonomy":"post_tag","embeddable":true,"href":"https:\/\/gradido.net\/hu\/wp-json\/wp\/v2\/tags?post=4228"}],"curies":[{"name":"wp","href":"https:\/\/api.w.org\/{rel}","templated":true}]}}