{"id":5327,"date":"2022-07-25T12:52:31","date_gmt":"2022-07-25T10:52:31","guid":{"rendered":"https:\/\/gradido.net\/?p=5327"},"modified":"2026-04-24T08:18:09","modified_gmt":"2026-04-24T06:18:09","slug":"bewusstseinsskala-1-gradido-weit-oben","status":"publish","type":"post","link":"https:\/\/gradido.net\/hu\/bewusstseinsskala-1-gradido-weit-oben\/","title":{"rendered":"Tudatoss\u00e1gi sk\u00e1la (1): A h\u00e1la magasan fent van"},"content":{"rendered":"<div data-elementor-type=\"wp-post\" data-elementor-id=\"5327\" class=\"elementor elementor-5327\" data-elementor-post-type=\"post\">\n\t\t\t\t\t\t<section class=\"elementor-section elementor-top-section elementor-element elementor-element-496e1d53 elementor-section-boxed elementor-section-height-default elementor-section-height-default\" data-id=\"496e1d53\" data-element_type=\"section\" data-e-type=\"section\">\n\t\t\t\t\t\t<div class=\"elementor-container elementor-column-gap-default\">\n\t\t\t\t\t<div class=\"elementor-column elementor-col-100 elementor-top-column elementor-element elementor-element-461d7be0\" data-id=\"461d7be0\" data-element_type=\"column\" data-e-type=\"column\">\n\t\t\t<div class=\"elementor-widget-wrap elementor-element-populated\">\n\t\t\t\t\t\t<div class=\"elementor-element elementor-element-cd9ebe2 elementor-widget elementor-widget-text-editor\" data-id=\"cd9ebe2\" data-element_type=\"widget\" data-e-type=\"widget\" data-widget_type=\"text-editor.default\">\n\t\t\t\t<div class=\"elementor-widget-container\">\n\t\t\t\t\t\t\t\t\t<p style=\"text-align: right;\"><em>\"A F\u00f6ld \u00e1ll\u00edt\u00f3lag valaha paradicsom volt. Minden lehets\u00e9ges. <\/em><br \/><em>A F\u00f6ld \u00fajra paradicsomm\u00e1 v\u00e1lhat. Minden lehets\u00e9ges.\"<\/em><br \/><em>- Erich K\u00e4stner<\/em><\/p><p>Kedves Olvas\u00f3!<\/p><p>Pokol vagy Paradicsom? Transzhumanista m\u00e1trix vagy j\u00f3l\u00e9t \u00e9s b\u00e9ke a term\u00e9szettel harm\u00f3ni\u00e1ban? Melyik vil\u00e1gban szeretn\u00e9l \u00e9lni? A b\u00e9k\u00e9s \u00e1talakul\u00e1s h\u0151sn\u0151jek\u00e9nt vagy h\u0151sek\u00e9nt \u00d6n is a leghat\u00e9konyabb eszk\u00f6z\u00f6kre v\u00e1gyik, hogy k\u00f6z\u00f6sen teremts\u00fcnk egy unok\u00e1knak val\u00f3 j\u00f6v\u0151t az emberi csal\u00e1d sz\u00e1m\u00e1ra?<\/p><p>K\u00e9ts\u00e9gbeesett hal\u00e1los harc\u00e1ban a hal\u00e1lra \u00edt\u00e9lt rendszer ism\u00e9t minden eszk\u00f6zt megragad, hogy elsz\u00edvja az energi\u00e1nkat, \u00e9s min\u00e9l t\u00f6bb embert mag\u00e1val r\u00e1ntson. El\u00e9g er\u0151sek vagyunk-e ahhoz, hogy k\u00f6z\u00f6sen b\u00e9k\u00e9s v\u00e1ltoz\u00e1st hozzunk l\u00e9tre, a magunk \u00e9s a F\u00f6ld gyermekei \u00e9rdek\u00e9ben?<\/p><p>David Hawkins amerikai orvos, pszichi\u00e1ter \u00e9s misztikus m\u00e1r a m\u00falt sz\u00e1zadban kidolgozta a ma m\u00e1r vil\u00e1gh\u00edr\u0171v\u00e9 v\u00e1lt tudatoss\u00e1gi sk\u00e1l\u00e1j\u00e1t. Hawkins pszichi\u00e1terk\u00e9nt dolgozott, \u00e9s egy nagy pszichi\u00e1triai rendel\u0151t vezetett New York \u00e1llamban. Miut\u00e1n 1980-ban elhagyta a klinikai gyakorlatot, nyugd\u00edjba vonult, \u00e9s h\u00e9t \u00e9vig els\u0151sorban a spiritualit\u00e1ssal \u00e9s a tudattal foglalkozott. F\u0151 gondja az emberi spiritualit\u00e1s el\u0151mozd\u00edt\u00e1sa volt. Kijelentette, hogy a spiritu\u00e1lis n\u00f6veked\u00e9s a vil\u00e1g szenved\u00e9seinek enyh\u00edt\u00e9s\u00e9nek leg\u00e1tfog\u00f3bb \u00e9s legm\u00e9lyebb eszk\u00f6ze. Elk\u00e9pzel\u00e9sei szerint az emberek a tudatoss\u00e1g k\u00fcl\u00f6nb\u00f6z\u0151 szintjein \u00e9lnek, \u00e9s a val\u00f3s\u00e1got \u00e9s az igazs\u00e1got e szintekhez viszony\u00edtva \u00e9rz\u00e9kelik. (<a href=\"https:\/\/de.wikipedia.org\/wiki\/David_R._Hawkins\" target=\"_blank\" rel=\"noopener\">Forr\u00e1s: Wikipedia<\/a>)<\/p><h3>A tudatoss\u00e1g sk\u00e1l\u00e1ja David Hawkins szerint<\/h3><p>A sk\u00e1la az \u00f6sszes emberi tudat\u00e1llapotot fel\u00f6leli, \u00e9s 0-t\u00f3l (hal\u00e1l) 1000-ig (a megvil\u00e1gosod\u00e1s legmagasabb foka) sorolja \u0151ket, az \u00e9letmin\u0151s\u00e9g \u00e9s a megtapasztalt szabads\u00e1gfokok felfel\u00e9 haladva.<\/p><hr \/><h4>1000. szint - A tudatoss\u00e1g legmagasabb szintje, amit f\u00f6ldi \u00faton el lehet \u00e9rni.<\/h4><hr \/><ul><li>700-t\u00f3l 1000-ig terjed\u0151 szint - <strong>Megvil\u00e1gosod\u00e1s<\/strong>, tiszta tudat, le\u00edrhatatlan<\/li><li>600-as szint - <strong>B\u00e9ke,<\/strong> Bliss, Transzlumin\u00e1ci\u00f3<br \/>(csak nagyon kev\u00e9s)<\/li><\/ul><hr \/><h4>600. szint k\u00f6r\u00fcl - A csend \u00e9s a b\u00e9ke k\u00fcsz\u00f6be<\/h4><p><em>A szem\u00e9lyes ego \/ karma felold\u00f3d\u00e1sa - nem-linearit\u00e1s<\/em><br \/><em>A kollekt\u00edv eg\u00f3\/karma ir\u00e1nti felel\u0151ss\u00e9gv\u00e1llal\u00e1s megkezd\u00e9se.<\/em><\/p><hr \/><ul><li>540-es szint - <strong>Joy<\/strong>, felt\u00e9tel n\u00e9lk\u00fcli szeretet - nem-dualit\u00e1s<\/li><li>500-as szint - <strong>Kedves<\/strong>, odaad\u00e1s, sz\u00e9ps\u00e9g, <strong>H\u00e1la<\/strong>, Kinyilatkoztat\u00e1s<br \/>(4-5 %)<\/li><\/ul><hr \/><h4>500. szint k\u00f6r\u00fcl - A szerelem k\u00fcsz\u00f6be<\/h4><p><em>Nem-linearit\u00e1s - tudatoss\u00e1g - a gondolkod\u00e1s mindkett\u0151\/\u00e9s modellje<\/em><\/p><hr \/><ul><li>400-as szint - <strong>Indokl\u00e1s,<\/strong> Meg\u00e9rt\u00e9s, absztrakci\u00f3, tudom\u00e1ny<\/li><li>350-es szint - <strong>Elfogad\u00e1s<\/strong>, lelkesed\u00e9s, termel\u00e9kenys\u00e9g, megbocs\u00e1t\u00e1s, vil\u00e1gi sikerek<\/li><li>310. szint - Hajland\u00f3s\u00e1g, <strong>Optimizmus<\/strong>, Sz\u00e1nd\u00e9k<\/li><li>250. szint - Semlegess\u00e9g, <strong>Bizalom<\/strong>, elenged\u00e9s<\/li><li>200-as szint - <strong>B\u00e1tors\u00e1g<\/strong>, polg\u00e1ri b\u00e1tors\u00e1g, meger\u0151s\u00edt\u00e9s, \u0151szintes\u00e9g<br \/>(kb. 20 %)<br \/><strong>^Itt a konstrukt\u00edv, energi\u00e1t ad\u00f3 ^<\/strong><\/li><\/ul><hr \/><h4>200-as szint k\u00f6r\u00fcl - Az integrit\u00e1s k\u00fcsz\u00f6b\u00e9rt\u00e9ke<\/h4><p><em>Homo Sapiens vs. Homo spiritus<\/em><br \/><em>\u00d6nszab\u00e1lyoz\u00f3 individu\u00e1ci\u00f3 - szem\u00e9lyes felel\u0151ss\u00e9g<\/em><br \/><em>Linearit\u00e1s - \u00c9szlel\u00e9s - Vagy-vagy gondolkod\u00e1si modell<\/em><\/p><hr \/><p><strong>Puszt\u00edt\u00f3, energiaromlaszt\u00f3:<\/strong><\/p><ul><li>175. szint - <strong>B\u00fcszkes\u00e9g<\/strong>, megvet\u00e9s, pimaszs\u00e1g<\/li><li>150-es szint - <strong>Trouble<\/strong>, harag, gy\u0171l\u00f6let, agresszi\u00f3<\/li><li>125. szint - <strong>K\u00e9r\u00e9s<\/strong>, v\u00e1gy, \u00f6nmaga leig\u00e1z\u00e1sa<\/li><li>100-as szint - <strong>F\u00e9lelem<\/strong>, szorong\u00e1s, elvon\u00e1s<\/li><li>75. szint - <strong>Gy\u00e1szol\u00f3<\/strong>, kudarc, b\u00e1nat, k\u00e9ts\u00e9gbees\u00e9s<\/li><li>50. szint - <strong>Ap\u00e1tia<\/strong>, rem\u00e9nytelens\u00e9g, \u00f6nfel\u00e1ldoz\u00e1s<\/li><li>30. szint - <strong>B\u0171ntudat,<\/strong> Rosszindulat, puszt\u00edt\u00e1s<\/li><li>20. szint - <strong>Sz\u00e9gyen<\/strong>, sz\u00e9gyen, megal\u00e1ztat\u00e1s, kiirt\u00e1s<br \/>(kb. 75 %)<\/li><\/ul><hr \/><h4>0. szint - Fizikai hal\u00e1l<\/h4><p><em>Kett\u0151ss\u00e9g - Hiba - Tudatoss\u00e1g hi\u00e1nya<\/em><\/p><hr \/><p><span style=\"color: #ffffff;\">.<\/span><\/p><p>Kutat\u00e1s\u00e1nak idej\u00e9n az emberek 75%-je m\u00e9g t\u00falnyom\u00f3r\u00e9szt a 200-as k\u00fcsz\u00f6b\u00e9rt\u00e9k alatt, teh\u00e1t a rombol\u00f3 tartom\u00e1nyban volt. Az 1990-es \u00e9vekben azonban \u00e1ll\u00edt\u00f3lag t\u00fall\u00e9pt\u00e9k ezt az \"integrit\u00e1si k\u00fcsz\u00f6b\u00f6t\", \u00e9s egyre t\u00f6bb embernek van egyre nagyobb hozz\u00e1f\u00e9r\u00e9se a magasabb \u00e9p\u00edt\u0151 \u00e9s energi\u00e1t ad\u00f3 tudat\u00e1llapotokhoz.<\/p><h3>500. szint: a szerelem k\u00fcsz\u00f6be<\/h3><p>A Gradido a h\u00e1l\u00e1n, a megbecs\u00fcl\u00e9sen \u00e9s a szereteten alapul. Ezek nagyon magas, az 500-as szint feletti tudat\u00e1llapotok.A Gradido teh\u00e1t k\u00e9pes hat\u00e9konyan t\u00e1mogatni az emberi csal\u00e1dot az evol\u00faci\u00f3s ugr\u00e1sban, \u00e9s az \u00faj korszak monet\u00e1ris \u00e9s gazdas\u00e1gi rendszer\u00e9v\u00e9 v\u00e1lni. Err\u0151l b\u0151vebben a k\u00f6vetkez\u0151 level\u00fcnkben. L\u00e9gy k\u00edv\u00e1ncsi!<\/p><p>Ezer k\u00f6sz\u00f6net, mert vel\u00fcnk vagytok!<\/p><p>\u00dcdv\u00f6zlettel<\/p><p><img decoding=\"async\" class=\"alignnone wp-image-4614 size-medium\" src=\"https:\/\/gradido.net\/wp-content\/uploads\/2022\/06\/MargretBernd_2022-300x74.png\" alt=\"\" width=\"300\" height=\"74\" srcset=\"https:\/\/gradido.net\/wp-content\/uploads\/2022\/06\/MargretBernd_2022-300x74.png 300w, https:\/\/gradido.net\/wp-content\/uploads\/2022\/06\/MargretBernd_2022-18x4.png 18w, https:\/\/gradido.net\/wp-content\/uploads\/2022\/06\/MargretBernd_2022.png 431w\" sizes=\"(max-width: 300px) 100vw, 300px\" \/><\/p><p>Margret Baier \u00e9s Bernd H\u00fcckst\u00e4dt<br \/>Gradido alap\u00edt\u00f3ja \u00e9s fejleszt\u0151je<\/p>\t\t\t\t\t\t\t\t<\/div>\n\t\t\t\t<\/div>\n\t\t\t\t\t<\/div>\n\t\t<\/div>\n\t\t\t\t\t<\/div>\n\t\t<\/section>\n\t\t\t\t<\/div>","protected":false},"excerpt":{"rendered":"<p>A sk\u00e1la fel\u00f6leli az \u00f6sszes emberi tudat\u00e1llapotot, \u00e9s 0-t\u00f3l (hal\u00e1l) 1000-ig (a megvil\u00e1gosod\u00e1s legmagasabb foka) sorolja \u0151ket, az \u00e9letmin\u0151s\u00e9g \u00e9s a megtapasztalt szabads\u00e1gfokok felfel\u00e9 haladva.<\/p>","protected":false},"author":2,"featured_media":5329,"comment_status":"closed","ping_status":"closed","sticky":false,"template":"","format":"standard","meta":{"footnotes":""},"categories":[11,56],"tags":[22],"class_list":["post-5327","post","type-post","status-publish","format-standard","has-post-thumbnail","hentry","category-blog","category-psychologie","tag-bild-oben"],"yoast_head":"<!-- This site is optimized with the Yoast SEO plugin v27.5 - https:\/\/yoast.com\/product\/yoast-seo-wordpress\/ -->\n<title>Bewusstseinsskala (1): Dankbarkeit weit oben - Gradido<\/title>\n<meta name=\"description\" content=\"Die Skala des umfasst alle menschlichen Bewusstseinszust\u00e4nde und sortiert sie in Werten von 0 (Tod) bis 1000 (h\u00f6chster Grad der Erleuchtung), wobei die Lebensqualit\u00e4t und die erlebten Freiheitsgrade nach oben hin immer mehr zunehmen.\" \/>\n<meta name=\"robots\" content=\"index, follow, max-snippet:-1, max-image-preview:large, max-video-preview:-1\" \/>\n<link rel=\"canonical\" href=\"https:\/\/gradido.net\/hu\/bewusstseinsskala-1-gradido-weit-oben\/\" \/>\n<meta property=\"og:locale\" content=\"hu_HU\" \/>\n<meta property=\"og:type\" content=\"article\" \/>\n<meta property=\"og:title\" content=\"Bewusstseinsskala (1): Dankbarkeit weit oben - Gradido\" \/>\n<meta property=\"og:description\" content=\"Die Skala des umfasst alle menschlichen Bewusstseinszust\u00e4nde und sortiert sie in Werten von 0 (Tod) bis 1000 (h\u00f6chster Grad der Erleuchtung), wobei die Lebensqualit\u00e4t und die erlebten Freiheitsgrade nach oben hin immer mehr zunehmen.\" \/>\n<meta property=\"og:url\" content=\"https:\/\/gradido.net\/hu\/bewusstseinsskala-1-gradido-weit-oben\/\" \/>\n<meta property=\"og:site_name\" content=\"Gradido\" \/>\n<meta property=\"article:published_time\" content=\"2022-07-25T10:52:31+00:00\" \/>\n<meta property=\"article:modified_time\" content=\"2026-04-24T06:18:09+00:00\" \/>\n<meta property=\"og:image\" content=\"https:\/\/gradido.net\/wp-content\/uploads\/2022\/07\/AdobeStock_250822382-scaled.jpeg\" \/>\n\t<meta property=\"og:image:width\" content=\"2560\" \/>\n\t<meta property=\"og:image:height\" content=\"1222\" \/>\n\t<meta property=\"og:image:type\" content=\"image\/jpeg\" \/>\n<meta name=\"author\" content=\"Bernd H\u00fcckst\u00e4dt\" \/>\n<meta name=\"twitter:card\" content=\"summary_large_image\" \/>\n<meta name=\"twitter:label1\" content=\"Szerz\u0151:\" \/>\n\t<meta name=\"twitter:data1\" content=\"Bernd H\u00fcckst\u00e4dt\" \/>\n\t<meta name=\"twitter:label2\" content=\"Becs\u00fclt olvas\u00e1si id\u0151\" \/>\n\t<meta name=\"twitter:data2\" content=\"4 perc\" \/>\n<script type=\"application\/ld+json\" class=\"yoast-schema-graph\">{\"@context\":\"https:\\\/\\\/schema.org\",\"@graph\":[{\"@type\":\"Article\",\"@id\":\"https:\\\/\\\/gradido.net\\\/bewusstseinsskala-1-gradido-weit-oben\\\/#article\",\"isPartOf\":{\"@id\":\"https:\\\/\\\/gradido.net\\\/bewusstseinsskala-1-gradido-weit-oben\\\/\"},\"author\":{\"name\":\"Bernd H\u00fcckst\u00e4dt\",\"@id\":\"https:\\\/\\\/gradido.net\\\/de\\\/#\\\/schema\\\/person\\\/9c503a004ad15a1ddecadce2218db5d1\"},\"headline\":\"Bewusstseinsskala (1): Dankbarkeit weit oben\",\"datePublished\":\"2022-07-25T10:52:31+00:00\",\"dateModified\":\"2026-04-24T06:18:09+00:00\",\"mainEntityOfPage\":{\"@id\":\"https:\\\/\\\/gradido.net\\\/bewusstseinsskala-1-gradido-weit-oben\\\/\"},\"wordCount\":572,\"publisher\":{\"@id\":\"https:\\\/\\\/gradido.net\\\/de\\\/#organization\"},\"image\":{\"@id\":\"https:\\\/\\\/gradido.net\\\/bewusstseinsskala-1-gradido-weit-oben\\\/#primaryimage\"},\"thumbnailUrl\":\"https:\\\/\\\/gradido.net\\\/wp-content\\\/uploads\\\/2022\\\/07\\\/AdobeStock_250822382-scaled.jpeg\",\"keywords\":[\"Bild oben\"],\"articleSection\":[\"Blog\",\"Psychologie\"],\"inLanguage\":\"hu\"},{\"@type\":\"WebPage\",\"@id\":\"https:\\\/\\\/gradido.net\\\/bewusstseinsskala-1-gradido-weit-oben\\\/\",\"url\":\"https:\\\/\\\/gradido.net\\\/bewusstseinsskala-1-gradido-weit-oben\\\/\",\"name\":\"Bewusstseinsskala (1): Dankbarkeit weit oben - Gradido\",\"isPartOf\":{\"@id\":\"https:\\\/\\\/gradido.net\\\/de\\\/#website\"},\"primaryImageOfPage\":{\"@id\":\"https:\\\/\\\/gradido.net\\\/bewusstseinsskala-1-gradido-weit-oben\\\/#primaryimage\"},\"image\":{\"@id\":\"https:\\\/\\\/gradido.net\\\/bewusstseinsskala-1-gradido-weit-oben\\\/#primaryimage\"},\"thumbnailUrl\":\"https:\\\/\\\/gradido.net\\\/wp-content\\\/uploads\\\/2022\\\/07\\\/AdobeStock_250822382-scaled.jpeg\",\"datePublished\":\"2022-07-25T10:52:31+00:00\",\"dateModified\":\"2026-04-24T06:18:09+00:00\",\"description\":\"Die Skala des umfasst alle menschlichen Bewusstseinszust\u00e4nde und sortiert sie in Werten von 0 (Tod) bis 1000 (h\u00f6chster Grad der Erleuchtung), wobei die Lebensqualit\u00e4t und die erlebten Freiheitsgrade nach oben hin immer mehr zunehmen.\",\"breadcrumb\":{\"@id\":\"https:\\\/\\\/gradido.net\\\/bewusstseinsskala-1-gradido-weit-oben\\\/#breadcrumb\"},\"inLanguage\":\"hu\",\"potentialAction\":[{\"@type\":\"ReadAction\",\"target\":[\"https:\\\/\\\/gradido.net\\\/bewusstseinsskala-1-gradido-weit-oben\\\/\"]}]},{\"@type\":\"ImageObject\",\"inLanguage\":\"hu\",\"@id\":\"https:\\\/\\\/gradido.net\\\/bewusstseinsskala-1-gradido-weit-oben\\\/#primaryimage\",\"url\":\"https:\\\/\\\/gradido.net\\\/wp-content\\\/uploads\\\/2022\\\/07\\\/AdobeStock_250822382-scaled.jpeg\",\"contentUrl\":\"https:\\\/\\\/gradido.net\\\/wp-content\\\/uploads\\\/2022\\\/07\\\/AdobeStock_250822382-scaled.jpeg\",\"width\":2560,\"height\":1222,\"caption\":\"Exotic waterfall and lake landscape of Plitvice Lakes National Park, UNESCO natural world heritage and famous travel destination of Croatia. The lakes are located in central Croatia (Croatia proper).\"},{\"@type\":\"BreadcrumbList\",\"@id\":\"https:\\\/\\\/gradido.net\\\/bewusstseinsskala-1-gradido-weit-oben\\\/#breadcrumb\",\"itemListElement\":[{\"@type\":\"ListItem\",\"position\":1,\"name\":\"Startseite\",\"item\":\"https:\\\/\\\/gradido.net\\\/\"},{\"@type\":\"ListItem\",\"position\":2,\"name\":\"Bewusstseinsskala (1): Dankbarkeit weit oben\"}]},{\"@type\":\"WebSite\",\"@id\":\"https:\\\/\\\/gradido.net\\\/de\\\/#website\",\"url\":\"https:\\\/\\\/gradido.net\\\/de\\\/\",\"name\":\"Gradido\",\"description\":\"Die neue W\u00e4hrung hei\u00dft Dankbarkeit\",\"publisher\":{\"@id\":\"https:\\\/\\\/gradido.net\\\/de\\\/#organization\"},\"potentialAction\":[{\"@type\":\"SearchAction\",\"target\":{\"@type\":\"EntryPoint\",\"urlTemplate\":\"https:\\\/\\\/gradido.net\\\/de\\\/?s={search_term_string}\"},\"query-input\":{\"@type\":\"PropertyValueSpecification\",\"valueRequired\":true,\"valueName\":\"search_term_string\"}}],\"inLanguage\":\"hu\"},{\"@type\":\"Organization\",\"@id\":\"https:\\\/\\\/gradido.net\\\/de\\\/#organization\",\"name\":\"Gradido\",\"url\":\"https:\\\/\\\/gradido.net\\\/de\\\/\",\"logo\":{\"@type\":\"ImageObject\",\"inLanguage\":\"hu\",\"@id\":\"https:\\\/\\\/gradido.net\\\/de\\\/#\\\/schema\\\/logo\\\/image\\\/\",\"url\":\"https:\\\/\\\/gradido.net\\\/wp-content\\\/uploads\\\/2022\\\/04\\\/gradido-social.jpg\",\"contentUrl\":\"https:\\\/\\\/gradido.net\\\/wp-content\\\/uploads\\\/2022\\\/04\\\/gradido-social.jpg\",\"width\":527,\"height\":273,\"caption\":\"Gradido\"},\"image\":{\"@id\":\"https:\\\/\\\/gradido.net\\\/de\\\/#\\\/schema\\\/logo\\\/image\\\/\"}},{\"@type\":\"Person\",\"@id\":\"https:\\\/\\\/gradido.net\\\/de\\\/#\\\/schema\\\/person\\\/9c503a004ad15a1ddecadce2218db5d1\",\"name\":\"Bernd H\u00fcckst\u00e4dt\",\"sameAs\":[\"https:\\\/\\\/gradido.net\"],\"url\":\"https:\\\/\\\/gradido.net\\\/hu\\\/author\\\/bernd\\\/\"}]}<\/script>\n<!-- \/ Yoast SEO plugin. -->","yoast_head_json":{"title":"Tudatoss\u00e1gi sk\u00e1la (1): H\u00e1la magasan fent - Gradido","description":"A sk\u00e1la fel\u00f6leli az \u00f6sszes emberi tudat\u00e1llapotot, \u00e9s 0-t\u00f3l (hal\u00e1l) 1000-ig (a megvil\u00e1gosod\u00e1s legmagasabb foka) sorolja \u0151ket, az \u00e9letmin\u0151s\u00e9g \u00e9s a megtapasztalt szabads\u00e1gfokok felfel\u00e9 haladva.","robots":{"index":"index","follow":"follow","max-snippet":"max-snippet:-1","max-image-preview":"max-image-preview:large","max-video-preview":"max-video-preview:-1"},"canonical":"https:\/\/gradido.net\/hu\/bewusstseinsskala-1-gradido-weit-oben\/","og_locale":"hu_HU","og_type":"article","og_title":"Bewusstseinsskala (1): Dankbarkeit weit oben - Gradido","og_description":"Die Skala des umfasst alle menschlichen Bewusstseinszust\u00e4nde und sortiert sie in Werten von 0 (Tod) bis 1000 (h\u00f6chster Grad der Erleuchtung), wobei die Lebensqualit\u00e4t und die erlebten Freiheitsgrade nach oben hin immer mehr zunehmen.","og_url":"https:\/\/gradido.net\/hu\/bewusstseinsskala-1-gradido-weit-oben\/","og_site_name":"Gradido","article_published_time":"2022-07-25T10:52:31+00:00","article_modified_time":"2026-04-24T06:18:09+00:00","og_image":[{"width":2560,"height":1222,"url":"https:\/\/gradido.net\/wp-content\/uploads\/2022\/07\/AdobeStock_250822382-scaled.jpeg","type":"image\/jpeg"}],"author":"Bernd H\u00fcckst\u00e4dt","twitter_card":"summary_large_image","twitter_misc":{"Szerz\u0151:":"Bernd H\u00fcckst\u00e4dt","Becs\u00fclt olvas\u00e1si id\u0151":"4 perc"},"schema":{"@context":"https:\/\/schema.org","@graph":[{"@type":"Article","@id":"https:\/\/gradido.net\/bewusstseinsskala-1-gradido-weit-oben\/#article","isPartOf":{"@id":"https:\/\/gradido.net\/bewusstseinsskala-1-gradido-weit-oben\/"},"author":{"name":"Bernd H\u00fcckst\u00e4dt","@id":"https:\/\/gradido.net\/de\/#\/schema\/person\/9c503a004ad15a1ddecadce2218db5d1"},"headline":"Bewusstseinsskala (1): Dankbarkeit weit oben","datePublished":"2022-07-25T10:52:31+00:00","dateModified":"2026-04-24T06:18:09+00:00","mainEntityOfPage":{"@id":"https:\/\/gradido.net\/bewusstseinsskala-1-gradido-weit-oben\/"},"wordCount":572,"publisher":{"@id":"https:\/\/gradido.net\/de\/#organization"},"image":{"@id":"https:\/\/gradido.net\/bewusstseinsskala-1-gradido-weit-oben\/#primaryimage"},"thumbnailUrl":"https:\/\/gradido.net\/wp-content\/uploads\/2022\/07\/AdobeStock_250822382-scaled.jpeg","keywords":["Bild oben"],"articleSection":["Blog","Psychologie"],"inLanguage":"hu"},{"@type":"WebPage","@id":"https:\/\/gradido.net\/bewusstseinsskala-1-gradido-weit-oben\/","url":"https:\/\/gradido.net\/bewusstseinsskala-1-gradido-weit-oben\/","name":"Tudatoss\u00e1gi sk\u00e1la (1): H\u00e1la magasan fent - Gradido","isPartOf":{"@id":"https:\/\/gradido.net\/de\/#website"},"primaryImageOfPage":{"@id":"https:\/\/gradido.net\/bewusstseinsskala-1-gradido-weit-oben\/#primaryimage"},"image":{"@id":"https:\/\/gradido.net\/bewusstseinsskala-1-gradido-weit-oben\/#primaryimage"},"thumbnailUrl":"https:\/\/gradido.net\/wp-content\/uploads\/2022\/07\/AdobeStock_250822382-scaled.jpeg","datePublished":"2022-07-25T10:52:31+00:00","dateModified":"2026-04-24T06:18:09+00:00","description":"A sk\u00e1la fel\u00f6leli az \u00f6sszes emberi tudat\u00e1llapotot, \u00e9s 0-t\u00f3l (hal\u00e1l) 1000-ig (a megvil\u00e1gosod\u00e1s legmagasabb foka) sorolja \u0151ket, az \u00e9letmin\u0151s\u00e9g \u00e9s a megtapasztalt szabads\u00e1gfokok felfel\u00e9 haladva.","breadcrumb":{"@id":"https:\/\/gradido.net\/bewusstseinsskala-1-gradido-weit-oben\/#breadcrumb"},"inLanguage":"hu","potentialAction":[{"@type":"ReadAction","target":["https:\/\/gradido.net\/bewusstseinsskala-1-gradido-weit-oben\/"]}]},{"@type":"ImageObject","inLanguage":"hu","@id":"https:\/\/gradido.net\/bewusstseinsskala-1-gradido-weit-oben\/#primaryimage","url":"https:\/\/gradido.net\/wp-content\/uploads\/2022\/07\/AdobeStock_250822382-scaled.jpeg","contentUrl":"https:\/\/gradido.net\/wp-content\/uploads\/2022\/07\/AdobeStock_250822382-scaled.jpeg","width":2560,"height":1222,"caption":"Exotic waterfall and lake landscape of Plitvice Lakes National Park, UNESCO natural world heritage and famous travel destination of Croatia. The lakes are located in central Croatia (Croatia proper)."},{"@type":"BreadcrumbList","@id":"https:\/\/gradido.net\/bewusstseinsskala-1-gradido-weit-oben\/#breadcrumb","itemListElement":[{"@type":"ListItem","position":1,"name":"Startseite","item":"https:\/\/gradido.net\/"},{"@type":"ListItem","position":2,"name":"Bewusstseinsskala (1): Dankbarkeit weit oben"}]},{"@type":"WebSite","@id":"https:\/\/gradido.net\/de\/#website","url":"https:\/\/gradido.net\/de\/","name":"Gradido","description":"Az \u00faj p\u00e9nznem a h\u00e1la","publisher":{"@id":"https:\/\/gradido.net\/de\/#organization"},"potentialAction":[{"@type":"SearchAction","target":{"@type":"EntryPoint","urlTemplate":"https:\/\/gradido.net\/de\/?s={search_term_string}"},"query-input":{"@type":"PropertyValueSpecification","valueRequired":true,"valueName":"search_term_string"}}],"inLanguage":"hu"},{"@type":"Organization","@id":"https:\/\/gradido.net\/de\/#organization","name":"Gradido","url":"https:\/\/gradido.net\/de\/","logo":{"@type":"ImageObject","inLanguage":"hu","@id":"https:\/\/gradido.net\/de\/#\/schema\/logo\/image\/","url":"https:\/\/gradido.net\/wp-content\/uploads\/2022\/04\/gradido-social.jpg","contentUrl":"https:\/\/gradido.net\/wp-content\/uploads\/2022\/04\/gradido-social.jpg","width":527,"height":273,"caption":"Gradido"},"image":{"@id":"https:\/\/gradido.net\/de\/#\/schema\/logo\/image\/"}},{"@type":"Person","@id":"https:\/\/gradido.net\/de\/#\/schema\/person\/9c503a004ad15a1ddecadce2218db5d1","name":"Bernd H\u00fcckst\u00e4dt","sameAs":["https:\/\/gradido.net"],"url":"https:\/\/gradido.net\/hu\/author\/bernd\/"}]}},"_links":{"self":[{"href":"https:\/\/gradido.net\/hu\/wp-json\/wp\/v2\/posts\/5327","targetHints":{"allow":["GET"]}}],"collection":[{"href":"https:\/\/gradido.net\/hu\/wp-json\/wp\/v2\/posts"}],"about":[{"href":"https:\/\/gradido.net\/hu\/wp-json\/wp\/v2\/types\/post"}],"author":[{"embeddable":true,"href":"https:\/\/gradido.net\/hu\/wp-json\/wp\/v2\/users\/2"}],"replies":[{"embeddable":true,"href":"https:\/\/gradido.net\/hu\/wp-json\/wp\/v2\/comments?post=5327"}],"version-history":[{"count":45,"href":"https:\/\/gradido.net\/hu\/wp-json\/wp\/v2\/posts\/5327\/revisions"}],"predecessor-version":[{"id":13609,"href":"https:\/\/gradido.net\/hu\/wp-json\/wp\/v2\/posts\/5327\/revisions\/13609"}],"wp:featuredmedia":[{"embeddable":true,"href":"https:\/\/gradido.net\/hu\/wp-json\/wp\/v2\/media\/5329"}],"wp:attachment":[{"href":"https:\/\/gradido.net\/hu\/wp-json\/wp\/v2\/media?parent=5327"}],"wp:term":[{"taxonomy":"category","embeddable":true,"href":"https:\/\/gradido.net\/hu\/wp-json\/wp\/v2\/categories?post=5327"},{"taxonomy":"post_tag","embeddable":true,"href":"https:\/\/gradido.net\/hu\/wp-json\/wp\/v2\/tags?post=5327"}],"curies":[{"name":"wp","href":"https:\/\/api.w.org\/{rel}","templated":true}]}}