{"id":5711,"date":"2022-10-10T18:52:00","date_gmt":"2022-10-10T16:52:00","guid":{"rendered":"https:\/\/gradido.net\/?p=5711"},"modified":"2026-04-24T08:13:36","modified_gmt":"2026-04-24T06:13:36","slug":"great-cooperation-gradido-akademie-international-und-plasmatec","status":"publish","type":"post","link":"https:\/\/gradido.net\/hu\/great-cooperation-gradido-akademie-international-und-plasmatec\/","title":{"rendered":"Nagyszer\u0171 egy\u00fcttm\u0171k\u00f6d\u00e9s: Gradido Academy International \u00e9s PLASMA TEC"},"content":{"rendered":"<div data-elementor-type=\"wp-post\" data-elementor-id=\"5711\" class=\"elementor elementor-5711\" data-elementor-post-type=\"post\">\n\t\t\t\t\t\t<section class=\"elementor-section elementor-top-section elementor-element elementor-element-496e1d53 elementor-section-boxed elementor-section-height-default elementor-section-height-default\" data-id=\"496e1d53\" data-element_type=\"section\" data-e-type=\"section\">\n\t\t\t\t\t\t<div class=\"elementor-container elementor-column-gap-default\">\n\t\t\t\t\t<div class=\"elementor-column elementor-col-100 elementor-top-column elementor-element elementor-element-461d7be0\" data-id=\"461d7be0\" data-element_type=\"column\" data-e-type=\"column\">\n\t\t\t<div class=\"elementor-widget-wrap elementor-element-populated\">\n\t\t\t\t\t\t<div class=\"elementor-element elementor-element-cd9ebe2 elementor-widget elementor-widget-text-editor\" data-id=\"cd9ebe2\" data-element_type=\"widget\" data-e-type=\"widget\" data-widget_type=\"text-editor.default\">\n\t\t\t\t<div class=\"elementor-widget-container\">\n\t\t\t\t\t\t\t\t\t<blockquote><p style=\"text-align: right;\"><em>\"Ami az egy\u00e9n sz\u00e1m\u00e1ra nem lehets\u00e9ges, azt sokan el\u00e9rhetik.\"<\/em><\/p><p style=\"text-align: right;\"><em>Friedrich Wilhelm Raiffeisen<\/em><\/p><\/blockquote><p>Kedves Olvas\u00f3!<\/p><p>a karintiai\/osztriai Pustritzban tal\u00e1lhat\u00f3 Quintessenz K\u00f6zpontban l\u00e9v\u0151 egyes\u00fcleti sz\u00e9khely\u00fcnk\u00f6n tett l\u00e1togat\u00e1sunk sor\u00e1n csod\u00e1latos id\u0151t t\u00f6lt\u00f6tt\u00fcnk el, amikor \u00e9rdekes emberekkel tal\u00e1lkoztunk, akik a j\u00f3 j\u00f6v\u0151\u00e9rt dolgoznak.<\/p><p>Lehet\u0151s\u00e9g\u00fcnk ny\u00edlt arra, hogy emberi szinten k\u00f6zelebb ker\u00fclj\u00fcnk egym\u00e1shoz, id\u0151t szak\u00edtsunk a k\u00f6lcs\u00f6n\u00f6s meg\u00e9rt\u00e9sre, \u00e9s terveket k\u00e9sz\u00edts\u00fcnk arr\u00f3l, hogy mit szeretn\u00e9nk k\u00f6z\u00f6sen megval\u00f3s\u00edtani.<\/p><p>T\u00f6bbek k\u00f6z\u00f6tt tal\u00e1lkoztunk a PLASMA TEC Kutat\u00f3int\u00e9zet eln\u00f6k\u00e9vel, Harald Reichllel, \u00e9s megvitattuk k\u00f6z\u00f6s egy\u00fcttm\u0171k\u00f6d\u00e9s\u00fcnk tov\u00e1bbi l\u00e9p\u00e9seit.<\/p><p>Ezer k\u00f6sz\u00f6net Petra Kalternek a csod\u00e1latos vend\u00e9gl\u00e1t\u00e1s\u00e9rt \u00e9s a j\u00f3 szervez\u00e9s\u00e9rt!<\/p><p>Harald az al\u00e1bbi vide\u00f3t k\u00e9sz\u00edtette:<\/p>\t\t\t\t\t\t\t\t<\/div>\n\t\t\t\t<\/div>\n\t\t\t\t<div class=\"elementor-element elementor-element-2a5c41a elementor-widget elementor-widget-video\" data-id=\"2a5c41a\" data-element_type=\"widget\" data-e-type=\"widget\" data-settings=\"{&quot;youtube_url&quot;:&quot;https:\\\/\\\/www.youtube.com\\\/watch?v=yWzeP0L0Yv8&quot;,&quot;video_type&quot;:&quot;youtube&quot;,&quot;controls&quot;:&quot;yes&quot;}\" data-widget_type=\"video.default\">\n\t\t\t\t<div class=\"elementor-widget-container\">\n\t\t\t\t\t\t\t<div class=\"elementor-wrapper elementor-open-inline\">\n\t\t\t<div class=\"elementor-video\"><\/div>\t\t<\/div>\n\t\t\t\t\t\t<\/div>\n\t\t\t\t<\/div>\n\t\t\t\t<div class=\"elementor-element elementor-element-17272f9 elementor-widget elementor-widget-text-editor\" data-id=\"17272f9\" data-element_type=\"widget\" data-e-type=\"widget\" data-widget_type=\"text-editor.default\">\n\t\t\t\t<div class=\"elementor-widget-container\">\n\t\t\t\t\t\t\t\t\t<blockquote><p>f.l.t.r. Harald Reichl, Petra Kaltner, Bernd H\u00fcckst\u00e4dt, Margret Baier<\/p><p>Id\u00e9zet PLASMA TEC:<\/p><p>\"Hogyan lehet nagym\u00e9rt\u00e9kben f\u00fcggetlenn\u00e9 v\u00e1lni az elektromos h\u00e1l\u00f3zatt\u00f3l? K\u00fcl\u00f6n\u00f6sen akkor, amikor a m\u00e9di\u00e1ban szinte minden nap \u00e1ramkimarad\u00e1sra figyelmeztetnek, az ember nagyon j\u00f3l \u00e9rzi mag\u00e1t, ha egy otthoni t\u00e1rol\u00f3rendszer v\u00e9szhelyzet eset\u00e9n energi\u00e1val l\u00e1tja el az \u00e9p\u00fcletet. A PLASMA TEC Int\u00e9zet kutat\u00e1si l\u00e9tes\u00edtm\u00e9ny\u00e9t \u00e1ltal\u00e1ban ingyenesen t\u00f6lti fel egy PV-rendszer (haszn\u00e1lt modulok is nagyon alkalmasak). Ha t\u00e9len napokig s\u00f6t\u00e9t \u00e9s havas id\u0151 lenne, a t\u00e1rol\u00f3egys\u00e9get k\u00f6nnyen biztons\u00e1gos szinten tarthatja egy vagy t\u00f6bb t\u00f6lt\u0151vel. Ha r\u00e1ad\u00e1sul az elektromos h\u00e1l\u00f3zat meghib\u00e1sodna, akkor egy forr\u00e1skapcsol\u00f3 seg\u00edts\u00e9g\u00e9vel egy v\u00e9szhelyzeti gener\u00e1torral is viszonylag r\u00f6vid id\u0151 alatt felt\u00f6ltheti a t\u00e1rol\u00f3egys\u00e9get...\".<\/p><\/blockquote><p>A PLASMA TEC Int\u00e9zettel val\u00f3 egy\u00fcttm\u0171k\u00f6d\u00e9st a pozit\u00edv emberek \u00e9s er\u0151k \"nagy egy\u00fcttm\u0171k\u00f6d\u00e9s\u00e9nek\" fontos darabk\u00e1j\u00e1nak tekintj\u00fck.<\/p><p>Sok tov\u00e1bbi j\u00f3 egy\u00fcttm\u0171k\u00f6d\u00e9sre sz\u00e1m\u00edtunk.<\/p><p>\u00dcdv\u00f6zlettel<\/p><p>\u00dcdv\u00f6zlettel<\/p><p><img decoding=\"async\" class=\"alignnone wp-image-4614 size-medium\" src=\"https:\/\/gradido.net\/wp-content\/uploads\/2022\/06\/MargretBernd_2022-300x74.png\" alt=\"\" width=\"300\" height=\"74\" srcset=\"https:\/\/gradido.net\/wp-content\/uploads\/2022\/06\/MargretBernd_2022-300x74.png 300w, https:\/\/gradido.net\/wp-content\/uploads\/2022\/06\/MargretBernd_2022-18x4.png 18w, https:\/\/gradido.net\/wp-content\/uploads\/2022\/06\/MargretBernd_2022.png 431w\" sizes=\"(max-width: 300px) 100vw, 300px\" \/><\/p><p>Margret Baier \u00e9s Bernd H\u00fcckst\u00e4dt<br \/>Gradido alap\u00edt\u00f3ja \u00e9s fejleszt\u0151je<\/p>\t\t\t\t\t\t\t\t<\/div>\n\t\t\t\t<\/div>\n\t\t\t\t<div class=\"elementor-element elementor-element-34f0d98 elementor-widget elementor-widget-text-editor\" data-id=\"34f0d98\" data-element_type=\"widget\" data-e-type=\"widget\" data-widget_type=\"text-editor.default\">\n\t\t\t\t<div class=\"elementor-widget-container\">\n\t\t\t\t\t\t\t\t\t<p><strong>PS:\u00a0<span style=\"color: #ff6600;\"><a style=\"color: #ff6600;\" href=\"https:\/\/gradido.net\/hu\/donations\/\">A Gradido egyre n\u00f6vekv\u0151 fontoss\u00e1ga miatt j\u00fanius 23-\u00e1n megism\u00e9telj\u00fck h\u00e1laakci\u00f3nkat:<\/a>\u00a0<\/span><span style=\"color: #0000ff;\"><a style=\"color: #0000ff;\" href=\"https:\/\/gradido.net\/hu\/donations\/\">A szponzori hozz\u00e1j\u00e1rul\u00e1sod\u00e9rt j\u00e1r\u00f3 t\u00f6bbsz\u00f6r\u00f6s GradidoTransform mellett 2023. j\u00fanius 23-\u00e1n minden GDT-sz\u00e1mlaegyenleget 23%-vel n\u00f6vel\u00fcnk. Prom\u00f3t\u00e1ljon most \u00e9s \u00e9lvezze a t\u00f6bbsz\u00f6r\u00f6s GDT \u00f6sszeget!<\/a><\/span><\/strong><\/p>\t\t\t\t\t\t\t\t<\/div>\n\t\t\t\t<\/div>\n\t\t\t\t\t<\/div>\n\t\t<\/div>\n\t\t\t\t\t<\/div>\n\t\t<\/section>\n\t\t\t\t<\/div>","protected":false},"excerpt":{"rendered":"<p>A karintiai\/ausztriai Pustritzban tal\u00e1lhat\u00f3 egyes\u00fclet\u00fcnk sz\u00e9khely\u00e9n tett l\u00e1togat\u00e1sunk sor\u00e1n csod\u00e1latos \u00e9lm\u00e9ny volt tal\u00e1lkozni \u00e9rdekes emberekkel, akik a j\u00f3 j\u00f6v\u0151\u00e9rt dolgoznak. T\u00f6bbek k\u00f6z\u00f6tt tal\u00e1lkoztunk a PLASMA TEC Kutat\u00f3int\u00e9zet eln\u00f6k\u00e9vel, Harald Reichllel, \u00e9s megvitattuk k\u00f6z\u00f6s egy\u00fcttm\u0171k\u00f6d\u00e9s\u00fcnk tov\u00e1bbi l\u00e9p\u00e9seit.<\/p>","protected":false},"author":2,"featured_media":5713,"comment_status":"closed","ping_status":"closed","sticky":false,"template":"","format":"standard","meta":{"footnotes":""},"categories":[11,54],"tags":[],"class_list":["post-5711","post","type-post","status-publish","format-standard","has-post-thumbnail","hentry","category-blog","category-community"],"yoast_head":"<!-- This site is optimized with the Yoast SEO plugin v27.4 - https:\/\/yoast.com\/product\/yoast-seo-wordpress\/ -->\n<title>Great Cooperation: Gradido Akademie International und PLASMA TEC - Gradido<\/title>\n<meta name=\"description\" content=\"Beim Besuch unseres Vereinssitzes in Pustritz in K\u00e4rnten\/\u00d6sterreich erlebten wir eine wunderbare Zeit der Begegnung von interessanten, f\u00fcr eine gute Zukunft wirkenden Menschen. Unter anderem trafen den Pr\u00e4sidenten des PLASMA TEC -Forschungsinstituts, Harald Reichl, und besprachen weitere Schritte unserer gemeinsamen Kooperation.\" \/>\n<meta name=\"robots\" content=\"index, follow, max-snippet:-1, max-image-preview:large, max-video-preview:-1\" \/>\n<link rel=\"canonical\" href=\"https:\/\/gradido.net\/hu\/great-cooperation-gradido-akademie-international-und-plasmatec\/\" \/>\n<meta property=\"og:locale\" content=\"hu_HU\" \/>\n<meta property=\"og:type\" content=\"article\" \/>\n<meta property=\"og:title\" content=\"Great Cooperation: Gradido Akademie International und PLASMA TEC - Gradido\" \/>\n<meta property=\"og:description\" content=\"Beim Besuch unseres Vereinssitzes in Pustritz in K\u00e4rnten\/\u00d6sterreich erlebten wir eine wunderbare Zeit der Begegnung von interessanten, f\u00fcr eine gute Zukunft wirkenden Menschen. Unter anderem trafen den Pr\u00e4sidenten des PLASMA TEC -Forschungsinstituts, Harald Reichl, und besprachen weitere Schritte unserer gemeinsamen Kooperation.\" \/>\n<meta property=\"og:url\" content=\"https:\/\/gradido.net\/hu\/great-cooperation-gradido-akademie-international-und-plasmatec\/\" \/>\n<meta property=\"og:site_name\" content=\"Gradido\" \/>\n<meta property=\"article:published_time\" content=\"2022-10-10T16:52:00+00:00\" \/>\n<meta property=\"article:modified_time\" content=\"2026-04-24T06:13:36+00:00\" \/>\n<meta property=\"og:image\" content=\"https:\/\/gradido.net\/wp-content\/uploads\/2022\/10\/Pustritz_2.jpg\" \/>\n\t<meta property=\"og:image:width\" content=\"1600\" \/>\n\t<meta property=\"og:image:height\" content=\"1000\" \/>\n\t<meta property=\"og:image:type\" content=\"image\/jpeg\" \/>\n<meta name=\"author\" content=\"Bernd H\u00fcckst\u00e4dt\" \/>\n<meta name=\"twitter:card\" content=\"summary_large_image\" \/>\n<meta name=\"twitter:label1\" content=\"Szerz\u0151:\" \/>\n\t<meta name=\"twitter:data1\" content=\"Bernd H\u00fcckst\u00e4dt\" \/>\n\t<meta name=\"twitter:label2\" content=\"Becs\u00fclt olvas\u00e1si id\u0151\" \/>\n\t<meta name=\"twitter:data2\" content=\"2 perc\" \/>\n<script type=\"application\/ld+json\" class=\"yoast-schema-graph\">{\"@context\":\"https:\\\/\\\/schema.org\",\"@graph\":[{\"@type\":\"Article\",\"@id\":\"https:\\\/\\\/gradido.net\\\/great-cooperation-gradido-akademie-international-und-plasmatec\\\/#article\",\"isPartOf\":{\"@id\":\"https:\\\/\\\/gradido.net\\\/great-cooperation-gradido-akademie-international-und-plasmatec\\\/\"},\"author\":{\"name\":\"Bernd H\u00fcckst\u00e4dt\",\"@id\":\"https:\\\/\\\/gradido.net\\\/de\\\/#\\\/schema\\\/person\\\/9c503a004ad15a1ddecadce2218db5d1\"},\"headline\":\"Great Cooperation: Gradido Akademie International und PLASMA TEC\",\"datePublished\":\"2022-10-10T16:52:00+00:00\",\"dateModified\":\"2026-04-24T06:13:36+00:00\",\"mainEntityOfPage\":{\"@id\":\"https:\\\/\\\/gradido.net\\\/great-cooperation-gradido-akademie-international-und-plasmatec\\\/\"},\"wordCount\":350,\"publisher\":{\"@id\":\"https:\\\/\\\/gradido.net\\\/de\\\/#organization\"},\"image\":{\"@id\":\"https:\\\/\\\/gradido.net\\\/great-cooperation-gradido-akademie-international-und-plasmatec\\\/#primaryimage\"},\"thumbnailUrl\":\"https:\\\/\\\/gradido.net\\\/wp-content\\\/uploads\\\/2022\\\/10\\\/Pustritz_2.jpg\",\"articleSection\":[\"Blog\",\"Community\"],\"inLanguage\":\"hu\"},{\"@type\":\"WebPage\",\"@id\":\"https:\\\/\\\/gradido.net\\\/great-cooperation-gradido-akademie-international-und-plasmatec\\\/\",\"url\":\"https:\\\/\\\/gradido.net\\\/great-cooperation-gradido-akademie-international-und-plasmatec\\\/\",\"name\":\"Great Cooperation: Gradido Akademie International und PLASMA TEC - Gradido\",\"isPartOf\":{\"@id\":\"https:\\\/\\\/gradido.net\\\/de\\\/#website\"},\"primaryImageOfPage\":{\"@id\":\"https:\\\/\\\/gradido.net\\\/great-cooperation-gradido-akademie-international-und-plasmatec\\\/#primaryimage\"},\"image\":{\"@id\":\"https:\\\/\\\/gradido.net\\\/great-cooperation-gradido-akademie-international-und-plasmatec\\\/#primaryimage\"},\"thumbnailUrl\":\"https:\\\/\\\/gradido.net\\\/wp-content\\\/uploads\\\/2022\\\/10\\\/Pustritz_2.jpg\",\"datePublished\":\"2022-10-10T16:52:00+00:00\",\"dateModified\":\"2026-04-24T06:13:36+00:00\",\"description\":\"Beim Besuch unseres Vereinssitzes in Pustritz in K\u00e4rnten\\\/\u00d6sterreich erlebten wir eine wunderbare Zeit der Begegnung von interessanten, f\u00fcr eine gute Zukunft wirkenden Menschen. Unter anderem trafen den Pr\u00e4sidenten des PLASMA TEC -Forschungsinstituts, Harald Reichl, und besprachen weitere Schritte unserer gemeinsamen Kooperation.\",\"breadcrumb\":{\"@id\":\"https:\\\/\\\/gradido.net\\\/great-cooperation-gradido-akademie-international-und-plasmatec\\\/#breadcrumb\"},\"inLanguage\":\"hu\",\"potentialAction\":[{\"@type\":\"ReadAction\",\"target\":[\"https:\\\/\\\/gradido.net\\\/great-cooperation-gradido-akademie-international-und-plasmatec\\\/\"]}]},{\"@type\":\"ImageObject\",\"inLanguage\":\"hu\",\"@id\":\"https:\\\/\\\/gradido.net\\\/great-cooperation-gradido-akademie-international-und-plasmatec\\\/#primaryimage\",\"url\":\"https:\\\/\\\/gradido.net\\\/wp-content\\\/uploads\\\/2022\\\/10\\\/Pustritz_2.jpg\",\"contentUrl\":\"https:\\\/\\\/gradido.net\\\/wp-content\\\/uploads\\\/2022\\\/10\\\/Pustritz_2.jpg\",\"width\":1600,\"height\":1000},{\"@type\":\"BreadcrumbList\",\"@id\":\"https:\\\/\\\/gradido.net\\\/great-cooperation-gradido-akademie-international-und-plasmatec\\\/#breadcrumb\",\"itemListElement\":[{\"@type\":\"ListItem\",\"position\":1,\"name\":\"Startseite\",\"item\":\"https:\\\/\\\/gradido.net\\\/\"},{\"@type\":\"ListItem\",\"position\":2,\"name\":\"Great Cooperation: Gradido Akademie International und PLASMA TEC\"}]},{\"@type\":\"WebSite\",\"@id\":\"https:\\\/\\\/gradido.net\\\/de\\\/#website\",\"url\":\"https:\\\/\\\/gradido.net\\\/de\\\/\",\"name\":\"Gradido\",\"description\":\"Die neue W\u00e4hrung hei\u00dft Dankbarkeit\",\"publisher\":{\"@id\":\"https:\\\/\\\/gradido.net\\\/de\\\/#organization\"},\"potentialAction\":[{\"@type\":\"SearchAction\",\"target\":{\"@type\":\"EntryPoint\",\"urlTemplate\":\"https:\\\/\\\/gradido.net\\\/de\\\/?s={search_term_string}\"},\"query-input\":{\"@type\":\"PropertyValueSpecification\",\"valueRequired\":true,\"valueName\":\"search_term_string\"}}],\"inLanguage\":\"hu\"},{\"@type\":\"Organization\",\"@id\":\"https:\\\/\\\/gradido.net\\\/de\\\/#organization\",\"name\":\"Gradido\",\"url\":\"https:\\\/\\\/gradido.net\\\/de\\\/\",\"logo\":{\"@type\":\"ImageObject\",\"inLanguage\":\"hu\",\"@id\":\"https:\\\/\\\/gradido.net\\\/de\\\/#\\\/schema\\\/logo\\\/image\\\/\",\"url\":\"https:\\\/\\\/gradido.net\\\/wp-content\\\/uploads\\\/2022\\\/04\\\/gradido-social.jpg\",\"contentUrl\":\"https:\\\/\\\/gradido.net\\\/wp-content\\\/uploads\\\/2022\\\/04\\\/gradido-social.jpg\",\"width\":527,\"height\":273,\"caption\":\"Gradido\"},\"image\":{\"@id\":\"https:\\\/\\\/gradido.net\\\/de\\\/#\\\/schema\\\/logo\\\/image\\\/\"}},{\"@type\":\"Person\",\"@id\":\"https:\\\/\\\/gradido.net\\\/de\\\/#\\\/schema\\\/person\\\/9c503a004ad15a1ddecadce2218db5d1\",\"name\":\"Bernd H\u00fcckst\u00e4dt\",\"sameAs\":[\"https:\\\/\\\/gradido.net\"],\"url\":\"https:\\\/\\\/gradido.net\\\/hu\\\/author\\\/bernd\\\/\"}]}<\/script>\n<!-- \/ Yoast SEO plugin. -->","yoast_head_json":{"title":"Nagyszer\u0171 egy\u00fcttm\u0171k\u00f6d\u00e9s: Gradido Academy International \u00e9s PLASMA TEC - Gradido","description":"A karintiai\/ausztriai Pustritzban tal\u00e1lhat\u00f3 egyes\u00fclet\u00fcnk sz\u00e9khely\u00e9n tett l\u00e1togat\u00e1sunk sor\u00e1n csod\u00e1latos \u00e9lm\u00e9ny volt tal\u00e1lkozni \u00e9rdekes emberekkel, akik a j\u00f3 j\u00f6v\u0151\u00e9rt dolgoznak. T\u00f6bbek k\u00f6z\u00f6tt tal\u00e1lkoztunk a PLASMA TEC Kutat\u00f3int\u00e9zet eln\u00f6k\u00e9vel, Harald Reichllel, \u00e9s megvitattuk k\u00f6z\u00f6s egy\u00fcttm\u0171k\u00f6d\u00e9s\u00fcnk tov\u00e1bbi l\u00e9p\u00e9seit.","robots":{"index":"index","follow":"follow","max-snippet":"max-snippet:-1","max-image-preview":"max-image-preview:large","max-video-preview":"max-video-preview:-1"},"canonical":"https:\/\/gradido.net\/hu\/great-cooperation-gradido-akademie-international-und-plasmatec\/","og_locale":"hu_HU","og_type":"article","og_title":"Great Cooperation: Gradido Akademie International und PLASMA TEC - Gradido","og_description":"Beim Besuch unseres Vereinssitzes in Pustritz in K\u00e4rnten\/\u00d6sterreich erlebten wir eine wunderbare Zeit der Begegnung von interessanten, f\u00fcr eine gute Zukunft wirkenden Menschen. Unter anderem trafen den Pr\u00e4sidenten des PLASMA TEC -Forschungsinstituts, Harald Reichl, und besprachen weitere Schritte unserer gemeinsamen Kooperation.","og_url":"https:\/\/gradido.net\/hu\/great-cooperation-gradido-akademie-international-und-plasmatec\/","og_site_name":"Gradido","article_published_time":"2022-10-10T16:52:00+00:00","article_modified_time":"2026-04-24T06:13:36+00:00","og_image":[{"width":1600,"height":1000,"url":"https:\/\/gradido.net\/wp-content\/uploads\/2022\/10\/Pustritz_2.jpg","type":"image\/jpeg"}],"author":"Bernd H\u00fcckst\u00e4dt","twitter_card":"summary_large_image","twitter_misc":{"Szerz\u0151:":"Bernd H\u00fcckst\u00e4dt","Becs\u00fclt olvas\u00e1si id\u0151":"2 perc"},"schema":{"@context":"https:\/\/schema.org","@graph":[{"@type":"Article","@id":"https:\/\/gradido.net\/great-cooperation-gradido-akademie-international-und-plasmatec\/#article","isPartOf":{"@id":"https:\/\/gradido.net\/great-cooperation-gradido-akademie-international-und-plasmatec\/"},"author":{"name":"Bernd H\u00fcckst\u00e4dt","@id":"https:\/\/gradido.net\/de\/#\/schema\/person\/9c503a004ad15a1ddecadce2218db5d1"},"headline":"Great Cooperation: Gradido Akademie International und PLASMA TEC","datePublished":"2022-10-10T16:52:00+00:00","dateModified":"2026-04-24T06:13:36+00:00","mainEntityOfPage":{"@id":"https:\/\/gradido.net\/great-cooperation-gradido-akademie-international-und-plasmatec\/"},"wordCount":350,"publisher":{"@id":"https:\/\/gradido.net\/de\/#organization"},"image":{"@id":"https:\/\/gradido.net\/great-cooperation-gradido-akademie-international-und-plasmatec\/#primaryimage"},"thumbnailUrl":"https:\/\/gradido.net\/wp-content\/uploads\/2022\/10\/Pustritz_2.jpg","articleSection":["Blog","Community"],"inLanguage":"hu"},{"@type":"WebPage","@id":"https:\/\/gradido.net\/great-cooperation-gradido-akademie-international-und-plasmatec\/","url":"https:\/\/gradido.net\/great-cooperation-gradido-akademie-international-und-plasmatec\/","name":"Nagyszer\u0171 egy\u00fcttm\u0171k\u00f6d\u00e9s: Gradido Academy International \u00e9s PLASMA TEC - Gradido","isPartOf":{"@id":"https:\/\/gradido.net\/de\/#website"},"primaryImageOfPage":{"@id":"https:\/\/gradido.net\/great-cooperation-gradido-akademie-international-und-plasmatec\/#primaryimage"},"image":{"@id":"https:\/\/gradido.net\/great-cooperation-gradido-akademie-international-und-plasmatec\/#primaryimage"},"thumbnailUrl":"https:\/\/gradido.net\/wp-content\/uploads\/2022\/10\/Pustritz_2.jpg","datePublished":"2022-10-10T16:52:00+00:00","dateModified":"2026-04-24T06:13:36+00:00","description":"A karintiai\/ausztriai Pustritzban tal\u00e1lhat\u00f3 egyes\u00fclet\u00fcnk sz\u00e9khely\u00e9n tett l\u00e1togat\u00e1sunk sor\u00e1n csod\u00e1latos \u00e9lm\u00e9ny volt tal\u00e1lkozni \u00e9rdekes emberekkel, akik a j\u00f3 j\u00f6v\u0151\u00e9rt dolgoznak. T\u00f6bbek k\u00f6z\u00f6tt tal\u00e1lkoztunk a PLASMA TEC Kutat\u00f3int\u00e9zet eln\u00f6k\u00e9vel, Harald Reichllel, \u00e9s megvitattuk k\u00f6z\u00f6s egy\u00fcttm\u0171k\u00f6d\u00e9s\u00fcnk tov\u00e1bbi l\u00e9p\u00e9seit.","breadcrumb":{"@id":"https:\/\/gradido.net\/great-cooperation-gradido-akademie-international-und-plasmatec\/#breadcrumb"},"inLanguage":"hu","potentialAction":[{"@type":"ReadAction","target":["https:\/\/gradido.net\/great-cooperation-gradido-akademie-international-und-plasmatec\/"]}]},{"@type":"ImageObject","inLanguage":"hu","@id":"https:\/\/gradido.net\/great-cooperation-gradido-akademie-international-und-plasmatec\/#primaryimage","url":"https:\/\/gradido.net\/wp-content\/uploads\/2022\/10\/Pustritz_2.jpg","contentUrl":"https:\/\/gradido.net\/wp-content\/uploads\/2022\/10\/Pustritz_2.jpg","width":1600,"height":1000},{"@type":"BreadcrumbList","@id":"https:\/\/gradido.net\/great-cooperation-gradido-akademie-international-und-plasmatec\/#breadcrumb","itemListElement":[{"@type":"ListItem","position":1,"name":"Startseite","item":"https:\/\/gradido.net\/"},{"@type":"ListItem","position":2,"name":"Great Cooperation: Gradido Akademie International und PLASMA TEC"}]},{"@type":"WebSite","@id":"https:\/\/gradido.net\/de\/#website","url":"https:\/\/gradido.net\/de\/","name":"Gradido","description":"Az \u00faj p\u00e9nznem a h\u00e1la","publisher":{"@id":"https:\/\/gradido.net\/de\/#organization"},"potentialAction":[{"@type":"SearchAction","target":{"@type":"EntryPoint","urlTemplate":"https:\/\/gradido.net\/de\/?s={search_term_string}"},"query-input":{"@type":"PropertyValueSpecification","valueRequired":true,"valueName":"search_term_string"}}],"inLanguage":"hu"},{"@type":"Organization","@id":"https:\/\/gradido.net\/de\/#organization","name":"Gradido","url":"https:\/\/gradido.net\/de\/","logo":{"@type":"ImageObject","inLanguage":"hu","@id":"https:\/\/gradido.net\/de\/#\/schema\/logo\/image\/","url":"https:\/\/gradido.net\/wp-content\/uploads\/2022\/04\/gradido-social.jpg","contentUrl":"https:\/\/gradido.net\/wp-content\/uploads\/2022\/04\/gradido-social.jpg","width":527,"height":273,"caption":"Gradido"},"image":{"@id":"https:\/\/gradido.net\/de\/#\/schema\/logo\/image\/"}},{"@type":"Person","@id":"https:\/\/gradido.net\/de\/#\/schema\/person\/9c503a004ad15a1ddecadce2218db5d1","name":"Bernd H\u00fcckst\u00e4dt","sameAs":["https:\/\/gradido.net"],"url":"https:\/\/gradido.net\/hu\/author\/bernd\/"}]}},"_links":{"self":[{"href":"https:\/\/gradido.net\/hu\/wp-json\/wp\/v2\/posts\/5711","targetHints":{"allow":["GET"]}}],"collection":[{"href":"https:\/\/gradido.net\/hu\/wp-json\/wp\/v2\/posts"}],"about":[{"href":"https:\/\/gradido.net\/hu\/wp-json\/wp\/v2\/types\/post"}],"author":[{"embeddable":true,"href":"https:\/\/gradido.net\/hu\/wp-json\/wp\/v2\/users\/2"}],"replies":[{"embeddable":true,"href":"https:\/\/gradido.net\/hu\/wp-json\/wp\/v2\/comments?post=5711"}],"version-history":[{"count":50,"href":"https:\/\/gradido.net\/hu\/wp-json\/wp\/v2\/posts\/5711\/revisions"}],"predecessor-version":[{"id":6609,"href":"https:\/\/gradido.net\/hu\/wp-json\/wp\/v2\/posts\/5711\/revisions\/6609"}],"wp:featuredmedia":[{"embeddable":true,"href":"https:\/\/gradido.net\/hu\/wp-json\/wp\/v2\/media\/5713"}],"wp:attachment":[{"href":"https:\/\/gradido.net\/hu\/wp-json\/wp\/v2\/media?parent=5711"}],"wp:term":[{"taxonomy":"category","embeddable":true,"href":"https:\/\/gradido.net\/hu\/wp-json\/wp\/v2\/categories?post=5711"},{"taxonomy":"post_tag","embeddable":true,"href":"https:\/\/gradido.net\/hu\/wp-json\/wp\/v2\/tags?post=5711"}],"curies":[{"name":"wp","href":"https:\/\/api.w.org\/{rel}","templated":true}]}}