{"id":5918,"date":"2022-11-19T09:00:52","date_gmt":"2022-11-19T08:00:52","guid":{"rendered":"https:\/\/gradido.net\/?p=5918"},"modified":"2022-11-19T19:10:59","modified_gmt":"2022-11-19T18:10:59","slug":"episode-44","status":"publish","type":"post","link":"https:\/\/gradido.net\/hu\/episode-44\/","title":{"rendered":"Nagyszer\u0171 egy\u00fcttm\u0171k\u00f6d\u00e9s: a falu kov\u00e1csa - A kapcsolatok er\u0151s\u00edt\u00e9se - Gazdas\u00e1gi \u00e9s t\u00e1rsadalmi kapcsolatok"},"content":{"rendered":"<div data-elementor-type=\"wp-post\" data-elementor-id=\"5918\" class=\"elementor elementor-5918\" data-elementor-post-type=\"post\">\n\t\t\t\t\t\t<section class=\"elementor-section elementor-top-section elementor-element elementor-element-496e1d53 elementor-section-boxed elementor-section-height-default elementor-section-height-default\" data-id=\"496e1d53\" data-element_type=\"section\" data-e-type=\"section\">\n\t\t\t\t\t\t<div class=\"elementor-container elementor-column-gap-default\">\n\t\t\t\t\t<div class=\"elementor-column elementor-col-100 elementor-top-column elementor-element elementor-element-461d7be0\" data-id=\"461d7be0\" data-element_type=\"column\" data-e-type=\"column\">\n\t\t\t<div class=\"elementor-widget-wrap elementor-element-populated\">\n\t\t\t\t\t\t<div class=\"elementor-element elementor-element-cd9ebe2 elementor-widget elementor-widget-text-editor\" data-id=\"cd9ebe2\" data-element_type=\"widget\" data-e-type=\"widget\" data-widget_type=\"text-editor.default\">\n\t\t\t\t<div class=\"elementor-widget-container\">\n\t\t\t\t\t\t\t\t\t<h2>Vend\u00e9g: Theresa Mai<\/h2>\t\t\t\t\t\t\t\t<\/div>\n\t\t\t\t<\/div>\n\t\t\t\t\t<\/div>\n\t\t<\/div>\n\t\t\t\t\t<\/div>\n\t\t<\/section>\n\t\t\t\t<section class=\"elementor-section elementor-top-section elementor-element elementor-element-2f93e3c3 elementor-section-boxed elementor-section-height-default elementor-section-height-default\" data-id=\"2f93e3c3\" data-element_type=\"section\" data-e-type=\"section\">\n\t\t\t\t\t\t<div class=\"elementor-container elementor-column-gap-default\">\n\t\t\t\t\t<div class=\"elementor-column elementor-col-100 elementor-top-column elementor-element elementor-element-5a9dfd19\" data-id=\"5a9dfd19\" data-element_type=\"column\" data-e-type=\"column\">\n\t\t\t<div class=\"elementor-widget-wrap elementor-element-populated\">\n\t\t\t\t\t\t<div class=\"elementor-element elementor-element-9cdb6b8 elementor-widget elementor-widget-html\" data-id=\"9cdb6b8\" data-element_type=\"widget\" data-e-type=\"widget\" data-widget_type=\"html.default\">\n\t\t\t\t<div class=\"elementor-widget-container\">\n\t\t\t\t\t<script class=\"podigee-podcast-player\" src=\"https:\/\/player.podigee-cdn.net\/podcast-player\/javascripts\/podigee-podcast-player.js\" data-configuration=\"https:\/\/gradido.podigee.io\/44-neue-episode\/embed?context=external&token=IgjMidx1UEkZPhwaFb3GzA\"><\/script>\t\t\t\t<\/div>\n\t\t\t\t<\/div>\n\t\t\t\t\t<\/div>\n\t\t<\/div>\n\t\t\t\t\t<\/div>\n\t\t<\/section>\n\t\t\t\t<section class=\"elementor-section elementor-top-section elementor-element elementor-element-585c640 elementor-section-boxed elementor-section-height-default elementor-section-height-default\" data-id=\"585c640\" data-element_type=\"section\" data-e-type=\"section\">\n\t\t\t\t\t\t<div class=\"elementor-container elementor-column-gap-default\">\n\t\t\t\t\t<div class=\"elementor-column elementor-col-50 elementor-top-column elementor-element elementor-element-13c250b\" data-id=\"13c250b\" data-element_type=\"column\" data-e-type=\"column\">\n\t\t\t<div class=\"elementor-widget-wrap elementor-element-populated\">\n\t\t\t\t\t\t<div class=\"elementor-element elementor-element-0561949 elementor-widget elementor-widget-text-editor\" data-id=\"0561949\" data-element_type=\"widget\" data-e-type=\"widget\" data-widget_type=\"text-editor.default\">\n\t\t\t\t<div class=\"elementor-widget-container\">\n\t\t\t\t\t\t\t\t\t<p>Ez a Dorfschmiede mott\u00f3ja, ahol a c\u00e9l olyan \u00e9l\u0151 falvak l\u00e9trehoz\u00e1sa, amelyek lehet\u0151v\u00e9 teszik egy stabil, \u00f6nell\u00e1t\u00f3 h\u00e1l\u00f3zat kialak\u00edt\u00e1s\u00e1t, amelyben \u00e9l\u00fcnk \u00e9s dolgozunk. A benne m\u0171k\u00f6d\u0151 \u00e9s dokkol\u00f3 h\u00e1l\u00f3zatok tudatos gazdas\u00e1gi \u00e9s t\u00e1rsadalmi t\u00e1mogat\u00e1sa az, amit a Dorfschmiede egyes\u00fclet a Dorfschmiede sz\u00f6vets\u00e9ggel k\u00f6z\u00f6sen folytat, mindenekel\u0151tt Theresa Mai, a Wohnwagon \u00e9s a Dorfschmiede t\u00e1rsalap\u00edt\u00f3ja \u00e9s \u00fcgyvezet\u0151 igazgat\u00f3ja, valamint Michael Kreuzer, Gutenstein telep\u00fcl\u00e9s polg\u00e1rmestere, aki szint\u00e9n akt\u00edv tagja a Dorfschmiede eln\u00f6ks\u00e9g\u00e9nek.<\/p><p>A \"Dorfschmiede\"-vel egy k\u00eds\u00e9rleti projekt n\u00f6vekszik, amelyben Theresa \u00e9s Michael k\u00eds\u00e9rletk\u00e9nt \u00e9s tanul\u00e1si ter\u00fcletk\u00e9nt \u00edrj\u00e1k le azt, amit csin\u00e1lnak, amelyet m\u00e1s projektek inspir\u00e1ci\u00f3jak\u00e9nt is \u00e9rtelmeznek. A helysz\u00ednen tartott t\u00e1rlatvezet\u00e9sek \u00e9s m\u0171helymunk\u00e1k keret\u00e9ben megosztj\u00e1k tapasztalataikat, \u00e9s \u00edgy megk\u00f6nny\u00edtik m\u00e1sok sz\u00e1m\u00e1ra, hogy k\u00f6vess\u00e9k az \u00fatjukat. Ez egy nagy \u00f6tlet, amelyet l\u00e9p\u00e9sr\u0151l l\u00e9p\u00e9sre szeretn\u00e9nek megval\u00f3s\u00edtani.<\/p><p>A B\u00e9cs k\u00f6zel\u00e9ben, a gy\u00f6ny\u00f6r\u0171 Als\u00f3-Ausztri\u00e1ban tal\u00e1lhat\u00f3 Gutenstein k\u00f6z\u00f6ss\u00e9gben m\u00e1r megval\u00f3s\u00edtott sz\u00e1mos projektj\u00fck k\u00f6z\u00f6tt sok Gradido-tartalmat is tal\u00e1lunk. Joachim Brandst\u00e4tter megh\u00edvta Theres\u00e1t \u00e9s Berndet egy interj\u00fara, ahol a \"k\u00f6z\u00f6ss\u00e9g\" \u00e9s a \"h\u00e1rmas j\u00f3\" t\u00e9m\u00e1j\u00e1r\u00f3l fognak besz\u00e9lni, \u00e9s tov\u00e1bbi kapcsol\u00f3d\u00e1si pontokat szeretn\u00e9nek l\u00e9trehozni annak \u00e9rdek\u00e9ben, hogy a k\u00f6vetkez\u0151 l\u00e9p\u00e9seket egy \"h\u00e1lap\u00e9nz\" mint k\u00eds\u00e9rleti projekt seg\u00edts\u00e9g\u00e9vel megtehess\u00e9k.<\/p><p>Legyetek k\u00edv\u00e1ncsiak, mit mondanak Theresa, Bernd \u00e9s Joachim!<\/p><p><br \/>Tov\u00e1bbi inform\u00e1ci\u00f3k a falusi kov\u00e1csm\u0171helyr\u0151l:<strong><br \/><\/strong><a href=\"https:\/\/www.dorfschmiede.net\/\">https:\/\/www.dorfschmiede.net\/<\/a><br \/><br \/><\/p><p>Wohnwagon az alap\u00edt\u00f3 Theres\u00e1val<strong><em><br \/><\/em><\/strong><a href=\"https:\/\/wohnwagon.at\/\">https:\/\/wohnwagon.at\/<\/a><br \/><br \/><\/p><p>Gutenstein telep\u00fcl\u00e9s<strong><em><br \/><\/em><\/strong><a href=\"https:\/\/www.gutenstein.at\/\">https:\/\/www.gutenstein.at\/<\/a><br \/><br \/><\/p><p>A \"h\u00e1rmas j\u00f3\" k\u00f6r\u00fcli potenci\u00e1l fejleszt\u00e9se Joachimmal<strong><em><br \/><\/em><\/strong><a href=\"https:\/\/www.ausdruckinsog.jetzt\/\">https:\/\/www.ausdruckinsog.jetzt\/<\/a> | <a href=\"https:\/\/t.me\/LIFEvibote\">https:\/\/t.me\/LIFEvibote<\/a><br \/><br \/><\/p><p>Telegram csatorna Gradido<strong><em><br \/><\/em><\/strong><a href=\"https:\/\/t.me\/Gradido\">https:\/\/t.me\/Gradido<\/a><br \/><br \/><\/p><p>Telegram csatorna Gradido Potenci\u00e1lis fejleszt\u00e9s<strong><em><br \/><\/em><\/strong><a href=\"https:\/\/t.me\/gradidopotenzialentfaltung\">https:\/\/t.me\/gradidopotenzialentfaltung<\/a><\/p>\t\t\t\t\t\t\t\t<\/div>\n\t\t\t\t<\/div>\n\t\t\t\t\t<\/div>\n\t\t<\/div>\n\t\t\t\t<div class=\"elementor-column elementor-col-50 elementor-top-column elementor-element elementor-element-e0d795e\" data-id=\"e0d795e\" data-element_type=\"column\" data-e-type=\"column\">\n\t\t\t<div class=\"elementor-widget-wrap elementor-element-populated\">\n\t\t\t\t\t\t<div class=\"elementor-element elementor-element-8c61bad elementor-widget elementor-widget-image\" data-id=\"8c61bad\" data-element_type=\"widget\" data-e-type=\"widget\" data-widget_type=\"image.default\">\n\t\t\t\t<div class=\"elementor-widget-container\">\n\t\t\t\t\t\t\t\t\t\t\t\t\t\t\t<img fetchpriority=\"high\" decoding=\"async\" width=\"800\" height=\"800\" src=\"https:\/\/gradido.net\/wp-content\/uploads\/2022\/11\/gradido_podcast_mai-1024x1024.jpg\" class=\"attachment-large size-large wp-image-5915\" alt=\"\" srcset=\"https:\/\/gradido.net\/wp-content\/uploads\/2022\/11\/gradido_podcast_mai-1024x1024.jpg 1024w, https:\/\/gradido.net\/wp-content\/uploads\/2022\/11\/gradido_podcast_mai-300x300.jpg 300w, https:\/\/gradido.net\/wp-content\/uploads\/2022\/11\/gradido_podcast_mai-150x150.jpg 150w, https:\/\/gradido.net\/wp-content\/uploads\/2022\/11\/gradido_podcast_mai-768x768.jpg 768w, https:\/\/gradido.net\/wp-content\/uploads\/2022\/11\/gradido_podcast_mai-12x12.jpg 12w, https:\/\/gradido.net\/wp-content\/uploads\/2022\/11\/gradido_podcast_mai.jpg 1400w\" sizes=\"(max-width: 800px) 100vw, 800px\" \/>\t\t\t\t\t\t\t\t\t\t\t\t\t\t\t<\/div>\n\t\t\t\t<\/div>\n\t\t\t\t<div class=\"elementor-element elementor-element-ceab137 elementor-widget elementor-widget-text-editor\" data-id=\"ceab137\" data-element_type=\"widget\" data-e-type=\"widget\" data-widget_type=\"text-editor.default\">\n\t\t\t\t<div class=\"elementor-widget-container\">\n\t\t\t\t\t\t\t\t\t<p><a href=\"https:\/\/youtu.be\/657Vq_h9ZKI\" target=\"_blank\" rel=\"noopener\">Hallgassa meg a YouTube-on<\/a><\/p>\t\t\t\t\t\t\t\t<\/div>\n\t\t\t\t<\/div>\n\t\t\t\t\t<\/div>\n\t\t<\/div>\n\t\t\t\t\t<\/div>\n\t\t<\/section>\n\t\t\t\t<section class=\"elementor-section elementor-top-section elementor-element elementor-element-d051609 elementor-section-boxed elementor-section-height-default elementor-section-height-default\" data-id=\"d051609\" data-element_type=\"section\" data-e-type=\"section\">\n\t\t\t\t\t\t<div class=\"elementor-container elementor-column-gap-default\">\n\t\t\t\t\t<div class=\"elementor-column elementor-col-100 elementor-top-column elementor-element elementor-element-13cc168\" data-id=\"13cc168\" data-element_type=\"column\" data-e-type=\"column\">\n\t\t\t<div class=\"elementor-widget-wrap elementor-element-populated\">\n\t\t\t\t\t\t<div class=\"elementor-element elementor-element-b43b3ee elementor-widget elementor-widget-heading\" data-id=\"b43b3ee\" data-element_type=\"widget\" data-e-type=\"widget\" data-widget_type=\"heading.default\">\n\t\t\t\t<div class=\"elementor-widget-container\">\n\t\t\t\t\t<h2 class=\"elementor-heading-title elementor-size-default\">\u00c1tirat (automatikusan leford\u00edtva)<\/h2>\t\t\t\t<\/div>\n\t\t\t\t<\/div>\n\t\t\t\t\t<\/div>\n\t\t<\/div>\n\t\t\t\t\t<\/div>\n\t\t<\/section>\n\t\t\t\t<section class=\"elementor-section elementor-top-section elementor-element elementor-element-474427c elementor-section-boxed elementor-section-height-default elementor-section-height-default\" data-id=\"474427c\" data-element_type=\"section\" data-e-type=\"section\">\n\t\t\t\t\t\t<div class=\"elementor-container elementor-column-gap-default\">\n\t\t\t\t\t<div class=\"elementor-column elementor-col-100 elementor-top-column elementor-element elementor-element-6041f12\" data-id=\"6041f12\" data-element_type=\"column\" data-e-type=\"column\">\n\t\t\t<div class=\"elementor-widget-wrap elementor-element-populated\">\n\t\t\t\t\t\t\t<\/div>\n\t\t<\/div>\n\t\t\t\t\t<\/div>\n\t\t<\/section>\n\t\t\t\t<\/div>","protected":false},"excerpt":{"rendered":"<p>Verbindungen st\u00e4rken, wirtschaftlich &#038; sozial. So lautet das Motto der Dorfschmiede, wo es darum geht, lebendige D\u00f6rfer zu schaffen, die ein stabiles, autarkes Netz, in dem wir leben und wirken, erm\u00f6glichen. [37:45]<\/p>\n","protected":false},"author":12,"featured_media":5916,"comment_status":"closed","ping_status":"closed","sticky":false,"template":"","format":"standard","meta":{"footnotes":""},"categories":[19],"tags":[16],"class_list":["post-5918","post","type-post","status-publish","format-standard","has-post-thumbnail","hentry","category-podcast","tag-grundeinkommen"],"yoast_head":"<!-- This site is optimized with the Yoast SEO plugin v27.5 - https:\/\/yoast.com\/product\/yoast-seo-wordpress\/ -->\n<title>Great Cooperation: die Dorfschmiede \u2013 Verbindungen st\u00e4rken - wirtschaftlich &amp; sozial - Gradido<\/title>\n<meta name=\"description\" content=\"Verbindungen st\u00e4rken, wirtschaftlich &amp; sozial. So lautet das Motto der Dorfschmiede, wo es darum geht, lebendige D\u00f6rfer zu schaffen, die ein stabiles, autarkes Netz, in dem wir leben und wirken, erm\u00f6glichen.\" \/>\n<meta name=\"robots\" content=\"index, follow, max-snippet:-1, max-image-preview:large, max-video-preview:-1\" \/>\n<link rel=\"canonical\" href=\"https:\/\/gradido.net\/hu\/episode-44\/\" \/>\n<meta property=\"og:locale\" content=\"hu_HU\" \/>\n<meta property=\"og:type\" content=\"article\" \/>\n<meta property=\"og:title\" content=\"Great Cooperation: die Dorfschmiede \u2013 Verbindungen st\u00e4rken - wirtschaftlich &amp; sozial - Gradido\" \/>\n<meta property=\"og:description\" content=\"Verbindungen st\u00e4rken, wirtschaftlich &amp; sozial. So lautet das Motto der Dorfschmiede, wo es darum geht, lebendige D\u00f6rfer zu schaffen, die ein stabiles, autarkes Netz, in dem wir leben und wirken, erm\u00f6glichen.\" \/>\n<meta property=\"og:url\" content=\"https:\/\/gradido.net\/hu\/episode-44\/\" \/>\n<meta property=\"og:site_name\" content=\"Gradido\" \/>\n<meta property=\"article:published_time\" content=\"2022-11-19T08:00:52+00:00\" \/>\n<meta property=\"article:modified_time\" content=\"2022-11-19T18:10:59+00:00\" \/>\n<meta property=\"og:image\" content=\"https:\/\/gradido.net\/wp-content\/uploads\/2022\/11\/podcast_www_mai.jpg\" \/>\n\t<meta property=\"og:image:width\" content=\"700\" \/>\n\t<meta property=\"og:image:height\" content=\"475\" \/>\n\t<meta property=\"og:image:type\" content=\"image\/jpeg\" \/>\n<meta name=\"author\" content=\"Philipp Kessler\" \/>\n<meta name=\"twitter:card\" content=\"summary_large_image\" \/>\n<meta name=\"twitter:label1\" content=\"Szerz\u0151:\" \/>\n\t<meta name=\"twitter:data1\" content=\"Philipp Kessler\" \/>\n\t<meta name=\"twitter:label2\" content=\"Becs\u00fclt olvas\u00e1si id\u0151\" \/>\n\t<meta name=\"twitter:data2\" content=\"2 perc\" \/>\n<script type=\"application\/ld+json\" class=\"yoast-schema-graph\">{\"@context\":\"https:\\\/\\\/schema.org\",\"@graph\":[{\"@type\":\"Article\",\"@id\":\"https:\\\/\\\/gradido.net\\\/et\\\/episode-44\\\/#article\",\"isPartOf\":{\"@id\":\"https:\\\/\\\/gradido.net\\\/et\\\/episode-44\\\/\"},\"author\":{\"name\":\"Philipp Kessler\",\"@id\":\"https:\\\/\\\/gradido.net\\\/de\\\/#\\\/schema\\\/person\\\/f57399104ec77f2a2d5a68f479b0492f\"},\"headline\":\"Great Cooperation: die Dorfschmiede \u2013 Verbindungen st\u00e4rken &#8211; wirtschaftlich &#038; sozial\",\"datePublished\":\"2022-11-19T08:00:52+00:00\",\"dateModified\":\"2022-11-19T18:10:59+00:00\",\"mainEntityOfPage\":{\"@id\":\"https:\\\/\\\/gradido.net\\\/et\\\/episode-44\\\/\"},\"wordCount\":309,\"publisher\":{\"@id\":\"https:\\\/\\\/gradido.net\\\/de\\\/#organization\"},\"image\":{\"@id\":\"https:\\\/\\\/gradido.net\\\/et\\\/episode-44\\\/#primaryimage\"},\"thumbnailUrl\":\"https:\\\/\\\/gradido.net\\\/wp-content\\\/uploads\\\/2022\\\/11\\\/podcast_www_mai.jpg\",\"keywords\":[\"Grundeinkommen\"],\"articleSection\":[\"Podcast\"],\"inLanguage\":\"hu\"},{\"@type\":\"WebPage\",\"@id\":\"https:\\\/\\\/gradido.net\\\/et\\\/episode-44\\\/\",\"url\":\"https:\\\/\\\/gradido.net\\\/et\\\/episode-44\\\/\",\"name\":\"Great Cooperation: die Dorfschmiede \u2013 Verbindungen st\u00e4rken - wirtschaftlich & sozial - Gradido\",\"isPartOf\":{\"@id\":\"https:\\\/\\\/gradido.net\\\/de\\\/#website\"},\"primaryImageOfPage\":{\"@id\":\"https:\\\/\\\/gradido.net\\\/et\\\/episode-44\\\/#primaryimage\"},\"image\":{\"@id\":\"https:\\\/\\\/gradido.net\\\/et\\\/episode-44\\\/#primaryimage\"},\"thumbnailUrl\":\"https:\\\/\\\/gradido.net\\\/wp-content\\\/uploads\\\/2022\\\/11\\\/podcast_www_mai.jpg\",\"datePublished\":\"2022-11-19T08:00:52+00:00\",\"dateModified\":\"2022-11-19T18:10:59+00:00\",\"description\":\"Verbindungen st\u00e4rken, wirtschaftlich & sozial. So lautet das Motto der Dorfschmiede, wo es darum geht, lebendige D\u00f6rfer zu schaffen, die ein stabiles, autarkes Netz, in dem wir leben und wirken, erm\u00f6glichen.\",\"breadcrumb\":{\"@id\":\"https:\\\/\\\/gradido.net\\\/et\\\/episode-44\\\/#breadcrumb\"},\"inLanguage\":\"hu\",\"potentialAction\":[{\"@type\":\"ReadAction\",\"target\":[\"https:\\\/\\\/gradido.net\\\/et\\\/episode-44\\\/\"]}]},{\"@type\":\"ImageObject\",\"inLanguage\":\"hu\",\"@id\":\"https:\\\/\\\/gradido.net\\\/et\\\/episode-44\\\/#primaryimage\",\"url\":\"https:\\\/\\\/gradido.net\\\/wp-content\\\/uploads\\\/2022\\\/11\\\/podcast_www_mai.jpg\",\"contentUrl\":\"https:\\\/\\\/gradido.net\\\/wp-content\\\/uploads\\\/2022\\\/11\\\/podcast_www_mai.jpg\",\"width\":700,\"height\":475},{\"@type\":\"BreadcrumbList\",\"@id\":\"https:\\\/\\\/gradido.net\\\/et\\\/episode-44\\\/#breadcrumb\",\"itemListElement\":[{\"@type\":\"ListItem\",\"position\":1,\"name\":\"Startseite\",\"item\":\"https:\\\/\\\/gradido.net\\\/\"},{\"@type\":\"ListItem\",\"position\":2,\"name\":\"Great Cooperation: die Dorfschmiede \u2013 Verbindungen st\u00e4rken &#8211; wirtschaftlich &#038; sozial\"}]},{\"@type\":\"WebSite\",\"@id\":\"https:\\\/\\\/gradido.net\\\/de\\\/#website\",\"url\":\"https:\\\/\\\/gradido.net\\\/de\\\/\",\"name\":\"Gradido\",\"description\":\"Die neue W\u00e4hrung hei\u00dft Dankbarkeit\",\"publisher\":{\"@id\":\"https:\\\/\\\/gradido.net\\\/de\\\/#organization\"},\"potentialAction\":[{\"@type\":\"SearchAction\",\"target\":{\"@type\":\"EntryPoint\",\"urlTemplate\":\"https:\\\/\\\/gradido.net\\\/de\\\/?s={search_term_string}\"},\"query-input\":{\"@type\":\"PropertyValueSpecification\",\"valueRequired\":true,\"valueName\":\"search_term_string\"}}],\"inLanguage\":\"hu\"},{\"@type\":\"Organization\",\"@id\":\"https:\\\/\\\/gradido.net\\\/de\\\/#organization\",\"name\":\"Gradido\",\"url\":\"https:\\\/\\\/gradido.net\\\/de\\\/\",\"logo\":{\"@type\":\"ImageObject\",\"inLanguage\":\"hu\",\"@id\":\"https:\\\/\\\/gradido.net\\\/de\\\/#\\\/schema\\\/logo\\\/image\\\/\",\"url\":\"https:\\\/\\\/gradido.net\\\/wp-content\\\/uploads\\\/2022\\\/04\\\/gradido-social.jpg\",\"contentUrl\":\"https:\\\/\\\/gradido.net\\\/wp-content\\\/uploads\\\/2022\\\/04\\\/gradido-social.jpg\",\"width\":527,\"height\":273,\"caption\":\"Gradido\"},\"image\":{\"@id\":\"https:\\\/\\\/gradido.net\\\/de\\\/#\\\/schema\\\/logo\\\/image\\\/\"}},{\"@type\":\"Person\",\"@id\":\"https:\\\/\\\/gradido.net\\\/de\\\/#\\\/schema\\\/person\\\/f57399104ec77f2a2d5a68f479b0492f\",\"name\":\"Philipp Kessler\",\"url\":\"https:\\\/\\\/gradido.net\\\/hu\\\/author\\\/philipp\\\/\"}]}<\/script>\n<!-- \/ Yoast SEO plugin. -->","yoast_head_json":{"title":"Nagyszer\u0171 egy\u00fcttm\u0171k\u00f6d\u00e9s: a falu kov\u00e1csa - A kapcsolatok er\u0151s\u00edt\u00e9se - Gazdas\u00e1gi \u00e9s szoci\u00e1lis - Gradido","description":"A kapcsolatok er\u0151s\u00edt\u00e9se, gazdas\u00e1gilag \u00e9s t\u00e1rsadalmilag. Ez a Dorfschmiede mott\u00f3ja, ahol a c\u00e9l olyan \u00e9lettel teli falvak l\u00e9trehoz\u00e1sa, amelyek stabil, \u00f6nell\u00e1t\u00f3 h\u00e1l\u00f3zatot tesznek lehet\u0151v\u00e9, amelyben \u00e9l\u00fcnk \u00e9s dolgozunk.","robots":{"index":"index","follow":"follow","max-snippet":"max-snippet:-1","max-image-preview":"max-image-preview:large","max-video-preview":"max-video-preview:-1"},"canonical":"https:\/\/gradido.net\/hu\/episode-44\/","og_locale":"hu_HU","og_type":"article","og_title":"Great Cooperation: die Dorfschmiede \u2013 Verbindungen st\u00e4rken - wirtschaftlich & sozial - Gradido","og_description":"Verbindungen st\u00e4rken, wirtschaftlich & sozial. So lautet das Motto der Dorfschmiede, wo es darum geht, lebendige D\u00f6rfer zu schaffen, die ein stabiles, autarkes Netz, in dem wir leben und wirken, erm\u00f6glichen.","og_url":"https:\/\/gradido.net\/hu\/episode-44\/","og_site_name":"Gradido","article_published_time":"2022-11-19T08:00:52+00:00","article_modified_time":"2022-11-19T18:10:59+00:00","og_image":[{"width":700,"height":475,"url":"https:\/\/gradido.net\/wp-content\/uploads\/2022\/11\/podcast_www_mai.jpg","type":"image\/jpeg"}],"author":"Philipp Kessler","twitter_card":"summary_large_image","twitter_misc":{"Szerz\u0151:":"Philipp Kessler","Becs\u00fclt olvas\u00e1si id\u0151":"2 perc"},"schema":{"@context":"https:\/\/schema.org","@graph":[{"@type":"Article","@id":"https:\/\/gradido.net\/et\/episode-44\/#article","isPartOf":{"@id":"https:\/\/gradido.net\/et\/episode-44\/"},"author":{"name":"Philipp Kessler","@id":"https:\/\/gradido.net\/de\/#\/schema\/person\/f57399104ec77f2a2d5a68f479b0492f"},"headline":"Great Cooperation: die Dorfschmiede \u2013 Verbindungen st\u00e4rken &#8211; wirtschaftlich &#038; sozial","datePublished":"2022-11-19T08:00:52+00:00","dateModified":"2022-11-19T18:10:59+00:00","mainEntityOfPage":{"@id":"https:\/\/gradido.net\/et\/episode-44\/"},"wordCount":309,"publisher":{"@id":"https:\/\/gradido.net\/de\/#organization"},"image":{"@id":"https:\/\/gradido.net\/et\/episode-44\/#primaryimage"},"thumbnailUrl":"https:\/\/gradido.net\/wp-content\/uploads\/2022\/11\/podcast_www_mai.jpg","keywords":["Grundeinkommen"],"articleSection":["Podcast"],"inLanguage":"hu"},{"@type":"WebPage","@id":"https:\/\/gradido.net\/et\/episode-44\/","url":"https:\/\/gradido.net\/et\/episode-44\/","name":"Nagyszer\u0171 egy\u00fcttm\u0171k\u00f6d\u00e9s: a falu kov\u00e1csa - A kapcsolatok er\u0151s\u00edt\u00e9se - Gazdas\u00e1gi \u00e9s szoci\u00e1lis - Gradido","isPartOf":{"@id":"https:\/\/gradido.net\/de\/#website"},"primaryImageOfPage":{"@id":"https:\/\/gradido.net\/et\/episode-44\/#primaryimage"},"image":{"@id":"https:\/\/gradido.net\/et\/episode-44\/#primaryimage"},"thumbnailUrl":"https:\/\/gradido.net\/wp-content\/uploads\/2022\/11\/podcast_www_mai.jpg","datePublished":"2022-11-19T08:00:52+00:00","dateModified":"2022-11-19T18:10:59+00:00","description":"A kapcsolatok er\u0151s\u00edt\u00e9se, gazdas\u00e1gilag \u00e9s t\u00e1rsadalmilag. Ez a Dorfschmiede mott\u00f3ja, ahol a c\u00e9l olyan \u00e9lettel teli falvak l\u00e9trehoz\u00e1sa, amelyek stabil, \u00f6nell\u00e1t\u00f3 h\u00e1l\u00f3zatot tesznek lehet\u0151v\u00e9, amelyben \u00e9l\u00fcnk \u00e9s dolgozunk.","breadcrumb":{"@id":"https:\/\/gradido.net\/et\/episode-44\/#breadcrumb"},"inLanguage":"hu","potentialAction":[{"@type":"ReadAction","target":["https:\/\/gradido.net\/et\/episode-44\/"]}]},{"@type":"ImageObject","inLanguage":"hu","@id":"https:\/\/gradido.net\/et\/episode-44\/#primaryimage","url":"https:\/\/gradido.net\/wp-content\/uploads\/2022\/11\/podcast_www_mai.jpg","contentUrl":"https:\/\/gradido.net\/wp-content\/uploads\/2022\/11\/podcast_www_mai.jpg","width":700,"height":475},{"@type":"BreadcrumbList","@id":"https:\/\/gradido.net\/et\/episode-44\/#breadcrumb","itemListElement":[{"@type":"ListItem","position":1,"name":"Startseite","item":"https:\/\/gradido.net\/"},{"@type":"ListItem","position":2,"name":"Great Cooperation: die Dorfschmiede \u2013 Verbindungen st\u00e4rken &#8211; wirtschaftlich &#038; sozial"}]},{"@type":"WebSite","@id":"https:\/\/gradido.net\/de\/#website","url":"https:\/\/gradido.net\/de\/","name":"Gradido","description":"Az \u00faj p\u00e9nznem a h\u00e1la","publisher":{"@id":"https:\/\/gradido.net\/de\/#organization"},"potentialAction":[{"@type":"SearchAction","target":{"@type":"EntryPoint","urlTemplate":"https:\/\/gradido.net\/de\/?s={search_term_string}"},"query-input":{"@type":"PropertyValueSpecification","valueRequired":true,"valueName":"search_term_string"}}],"inLanguage":"hu"},{"@type":"Organization","@id":"https:\/\/gradido.net\/de\/#organization","name":"Gradido","url":"https:\/\/gradido.net\/de\/","logo":{"@type":"ImageObject","inLanguage":"hu","@id":"https:\/\/gradido.net\/de\/#\/schema\/logo\/image\/","url":"https:\/\/gradido.net\/wp-content\/uploads\/2022\/04\/gradido-social.jpg","contentUrl":"https:\/\/gradido.net\/wp-content\/uploads\/2022\/04\/gradido-social.jpg","width":527,"height":273,"caption":"Gradido"},"image":{"@id":"https:\/\/gradido.net\/de\/#\/schema\/logo\/image\/"}},{"@type":"Person","@id":"https:\/\/gradido.net\/de\/#\/schema\/person\/f57399104ec77f2a2d5a68f479b0492f","name":"Philipp Kessler","url":"https:\/\/gradido.net\/hu\/author\/philipp\/"}]}},"_links":{"self":[{"href":"https:\/\/gradido.net\/hu\/wp-json\/wp\/v2\/posts\/5918","targetHints":{"allow":["GET"]}}],"collection":[{"href":"https:\/\/gradido.net\/hu\/wp-json\/wp\/v2\/posts"}],"about":[{"href":"https:\/\/gradido.net\/hu\/wp-json\/wp\/v2\/types\/post"}],"author":[{"embeddable":true,"href":"https:\/\/gradido.net\/hu\/wp-json\/wp\/v2\/users\/12"}],"replies":[{"embeddable":true,"href":"https:\/\/gradido.net\/hu\/wp-json\/wp\/v2\/comments?post=5918"}],"version-history":[{"count":11,"href":"https:\/\/gradido.net\/hu\/wp-json\/wp\/v2\/posts\/5918\/revisions"}],"predecessor-version":[{"id":5933,"href":"https:\/\/gradido.net\/hu\/wp-json\/wp\/v2\/posts\/5918\/revisions\/5933"}],"wp:featuredmedia":[{"embeddable":true,"href":"https:\/\/gradido.net\/hu\/wp-json\/wp\/v2\/media\/5916"}],"wp:attachment":[{"href":"https:\/\/gradido.net\/hu\/wp-json\/wp\/v2\/media?parent=5918"}],"wp:term":[{"taxonomy":"category","embeddable":true,"href":"https:\/\/gradido.net\/hu\/wp-json\/wp\/v2\/categories?post=5918"},{"taxonomy":"post_tag","embeddable":true,"href":"https:\/\/gradido.net\/hu\/wp-json\/wp\/v2\/tags?post=5918"}],"curies":[{"name":"wp","href":"https:\/\/api.w.org\/{rel}","templated":true}]}}