{"id":5954,"date":"2022-11-26T09:29:13","date_gmt":"2022-11-26T08:29:13","guid":{"rendered":"https:\/\/gradido.net\/?p=5954"},"modified":"2026-04-24T08:10:17","modified_gmt":"2026-04-24T06:10:17","slug":"great-cooperation-gradido-und-unternehmernetzwerke","status":"publish","type":"post","link":"https:\/\/gradido.net\/hu\/great-cooperation-gradido-und-unternehmernetzwerke\/","title":{"rendered":"Nagyszer\u0171 egy\u00fcttm\u0171k\u00f6d\u00e9s - Gradido \u00e9s v\u00e1llalkoz\u00f3i h\u00e1l\u00f3zatok"},"content":{"rendered":"<div data-elementor-type=\"wp-post\" data-elementor-id=\"5954\" class=\"elementor elementor-5954\" data-elementor-post-type=\"post\">\n\t\t\t\t\t\t<section class=\"elementor-section elementor-top-section elementor-element elementor-element-496e1d53 elementor-section-boxed elementor-section-height-default elementor-section-height-default\" data-id=\"496e1d53\" data-element_type=\"section\" data-e-type=\"section\">\n\t\t\t\t\t\t<div class=\"elementor-container elementor-column-gap-default\">\n\t\t\t\t\t<div class=\"elementor-column elementor-col-100 elementor-top-column elementor-element elementor-element-461d7be0\" data-id=\"461d7be0\" data-element_type=\"column\" data-e-type=\"column\">\n\t\t\t<div class=\"elementor-widget-wrap elementor-element-populated\">\n\t\t\t\t\t\t<div class=\"elementor-element elementor-element-cd9ebe2 elementor-widget elementor-widget-text-editor\" data-id=\"cd9ebe2\" data-element_type=\"widget\" data-e-type=\"widget\" data-widget_type=\"text-editor.default\">\n\t\t\t\t<div class=\"elementor-widget-container\">\n\t\t\t\t\t\t\t\t\t<p style=\"text-align: right;\"><em>\"Ha mindenki egy\u00fctt n\u00e9z el\u0151re, a siker mag\u00e1t\u00f3l j\u00f6n.\"<\/em><\/p><p style=\"text-align: right;\"><em>- Henry Ford<\/em><\/p><p>Kedves Olvas\u00f3!<\/p><p>\u00d6n is azt k\u00edv\u00e1nja, hogy a mindennapi sz\u00fcks\u00e9gletek min\u00e9l hamarabb el\u00e9rhet\u0151v\u00e9 v\u00e1ljanak a Gradido sz\u00e1m\u00e1ra, \u00e9s hogy az emberi csal\u00e1d sz\u00e1m\u00e1ra a glob\u00e1lis j\u00f3l\u00e9t \u00e9s b\u00e9ke \u00e1lma val\u00f3s\u00e1gg\u00e1 v\u00e1ljon?<\/p><p>De a glob\u00e1lis j\u00f3l\u00e9t \u00e9s b\u00e9ke helyett, \u00fagy t\u0171nik, \u00e9ppen az ellenkez\u0151je t\u00f6rt\u00e9nik. M\u00e9g itt K\u00f6z\u00e9p-Eur\u00f3p\u00e1ban is egyre t\u00f6bb ember cs\u00faszik a szeg\u00e9nys\u00e9gbe, \u00e9s t\u00f6meges cs\u0151d\u00f6k fenyegetnek - nem is besz\u00e9lve a sok m\u00e1s probl\u00e9m\u00e1r\u00f3l. Tudunk-e mi, \"kisemberek\" m\u00e9g id\u0151ben hat\u00e9kony ellenl\u00e9p\u00e9seket tenni, hogy egym\u00e1s megbecs\u00fcl\u00e9s\u00e9ben, h\u00e1l\u00e1j\u00e1ban \u00e9s szeretet\u00e9ben megteremts\u00fck az \u00e9lhet\u0151 j\u00f6v\u0151t? Tartozunk annyival magunknak, gyermekeinknek \u00e9s a vil\u00e1g \u00f6sszes gyermek\u00e9nek, hogy minden rendelkez\u00e9s\u00fcnkre \u00e1ll\u00f3 eszk\u00f6zzel v\u00e1llaljuk ezt.<\/p><h3>A j\u00f6v\u0151 \"v\u00e1llal\u00e1sa<\/h3><p>Ha m\u00e1r a \"v\u00e1llalkoz\u00e1sokn\u00e1l\" tartunk: gyakran az \u00f6nfoglalkoztat\u00f3k \u00e9s a v\u00e1llalkoz\u00f3k azok, akik kompetenci\u00e1jukat \u00e9s szaktud\u00e1sukat, valamint a sz\u00fcks\u00e9ges eszk\u00f6z\u00f6ket arra haszn\u00e1lj\u00e1k, hogy sz\u00edvvel-l\u00e9lekkel pozit\u00edvan alak\u00edts\u00e1k a j\u00f6v\u0151t. Egyre t\u00f6bben ismerik fel az id\u0151k jeleit \u00e9s kezdenek h\u00e1l\u00f3zatba kapcsol\u00f3dni. Nemr\u00e9giben egy v\u00e1llalkoz\u00f3i h\u00e1l\u00f3zat helyi csoportja megh\u00edvta Berndet a Gradido bemutat\u00e1s\u00e1ra. Ezt k\u00f6vet\u0151en rengeteg k\u00e9rd\u00e9sre v\u00e1laszolt - a jelenl\u00e9v\u0151 mintegy 30 hallgat\u00f3 teljes megel\u00e9ged\u00e9s\u00e9re, ahogy a m\u0171sorvezet\u0151 elmondta.<\/p>\t\t\t\t\t\t\t\t<\/div>\n\t\t\t\t<\/div>\n\t\t\t\t<div class=\"elementor-element elementor-element-f6b06e6 elementor-widget elementor-widget-video\" data-id=\"f6b06e6\" data-element_type=\"widget\" data-e-type=\"widget\" data-settings=\"{&quot;video_type&quot;:&quot;vimeo&quot;}\" data-widget_type=\"video.default\">\n\t\t\t\t<div class=\"elementor-widget-container\">\n\t\t\t\t\t\t\t<div class=\"elementor-wrapper elementor-open-inline\">\n\t\t\t<iframe hcb-fetch-image-from=\"https:\/\/vimeo.com\/807035387\" class=\"elementor-video-iframe\" allowfullscreen allow=\"clipboard-write\" title=\"vimeo Video predvajalnik\" src=\"https:\/\/player.vimeo.com\/video\/807035387?color&amp;autopause=0&amp;loop=0&amp;muted=0&amp;title=1&amp;portrait=1&amp;byline=1#t=\" data-no-translation-title=\"\"><\/iframe>\t\t<\/div>\n\t\t\t\t\t\t<\/div>\n\t\t\t\t<\/div>\n\t\t\t\t<div class=\"elementor-element elementor-element-17272f9 elementor-widget elementor-widget-text-editor\" data-id=\"17272f9\" data-element_type=\"widget\" data-e-type=\"widget\" data-widget_type=\"text-editor.default\">\n\t\t\t\t<div class=\"elementor-widget-container\">\n\t\t\t\t\t\t\t\t\t<p><a href=\"https:\/\/vimeo.com\/807035387\" target=\"_blank\" rel=\"noopener\">&gt;&gt;&gt;N\u00e9zze meg k\u00f6zvetlen\u00fcl a Vime\u00f3n<\/a><\/p><h3>Min\u00e9l nagyobb a v\u00e1ls\u00e1g, ann\u00e1l nagyobb a lehet\u0151s\u00e9g<\/h3><p>Most, hogy az ad\u00f3ss\u00e1gp\u00e9nzrendszer v\u00e9gzetes k\u00f6vetkezm\u00e9nyei nyilv\u00e1nval\u00f3v\u00e1 v\u00e1lnak, egyre t\u00f6bb ember \u00e9bred fel, \u00e9s kezd alternat\u00edv strukt\u00far\u00e1kat kialak\u00edtani. Az \u00edgy l\u00e9trej\u00f6v\u0151 k\u00f6z\u00f6ss\u00e9gekben t\u00f6rt\u00e9nelmi lehet\u0151s\u00e9g\u00fcnk van arra, hogy egy\u00fctt hozzunk l\u00e9tre egy \u00faj p\u00e9nzrendszert, amely a megbecs\u00fcl\u00e9sen, a h\u00e1l\u00e1n \u00e9s a szereteten alapul. A Gradid\u00f3t decentraliz\u00e1ltan mi, emberek hozzuk l\u00e9tre nek\u00fcnk, embereknek, h\u00e1l\u00f3zatba kapcsolt k\u00f6z\u00f6ss\u00e9gekben. Minden ember hozz\u00e1j\u00e1rulhat a k\u00f6zj\u00f3hoz a saj\u00e1t k\u00fcl\u00f6nleges adotts\u00e1gaival, \u00e9s \u00edgy megteremtheti az Akt\u00edv Alapj\u00f6vedelmet. Az \u00edgy l\u00e9trehozott Gradid\u00f3k ezut\u00e1n rendelkez\u00e9sre \u00e1llnak az egym\u00e1s k\u00f6z\u00f6tti cser\u00e9re.<\/p><p>Mint tudj\u00e1k, bolyg\u00f3nk a vil\u00e1g n\u00e9pess\u00e9g\u00e9nek t\u00f6bbsz\u00f6r\u00f6s\u00e9t k\u00e9pes ell\u00e1tni j\u00f3 min\u0151s\u00e9g\u0171 bio\u00e9lelmiszerekkel. De erre nincsenek p\u00e9nz\u00fcgyi eszk\u00f6z\u00f6k, mert a r\u00e9gi rendszerben a p\u00e9nz a 0,01% elk\u00e9pzelhetetlen szupergazdagokhoz \u00e1ramlik, akik a saj\u00e1t programjukat k\u00f6vetik.<\/p><p><strong>A megold\u00e1s teh\u00e1t egy\u00e9rtelm\u0171: <br \/><\/strong><strong>A Gradid\u00f3val mi, az emberek egy \u00faj p\u00e9nz\u00fcgyi rendszert \u00e9p\u00edt\u00fcnk alulr\u00f3l, amely elavultt\u00e1 teszi a r\u00e9gi rendszert.<\/strong><\/p><h3>Egy\u00fctt sikeresek vagyunk<\/h3><p>El\u0151sz\u00f6r csak sz\u00f3rv\u00e1nyosan, majd egyre t\u00f6bb helyen, \u00e9s hirtelen minden\u00fctt, a Gradido k\u00f6z\u00f6ss\u00e9gek gombak\u00e9nt n\u0151nek ki a f\u00f6ldb\u0151l. A sz\u00e1mos k\u00f6z\u00f6ss\u00e9g decentraliz\u00e1ltan h\u00e1l\u00f3zatba szervez\u0151d\u00f6tt, \u00e9s m\u00e1r nem lehet \u0151ket meg\u00e1ll\u00edtani. Egy\u00fctt megteremthet\u00fcnk mindent, amire sz\u00fcks\u00e9g\u00fcnk van a teljes \u00e9lethez. Akkor m\u00e1r nincs sz\u00fcks\u00e9g\u00fcnk a szupergazdagok p\u00e9nz\u00e9re: \"K\u00e9pzelj\u00fck el, hogy a vil\u00e1g \u00f6sszes p\u00e9nze megvan, de senkinek sem kell!\". - Akkor szabadok vagyunk!<\/p><h3>Ezer k\u00f6sz\u00f6net a t\u00e1mogat\u00e1s\u00e9rt!<\/h3><p>Ezen a ponton mindannyiuknak sz\u00edvb\u0151l k\u00f6sz\u00f6nj\u00fck, hogy hozz\u00e1j\u00e1rultak a nagy k\u00f6z\u00f6s c\u00e9lhoz: az emberi csal\u00e1d felszabad\u00edt\u00e1s\u00e1hoz, a j\u00f3l\u00e9tben, b\u00e9k\u00e9ben \u00e9s harm\u00f3ni\u00e1ban a term\u00e9szettel. Ti vagytok a j\u00f6v\u0151 igazi h\u0151sei, mert tudj\u00e1tok: minden a nagy eg\u00e9szr\u0151l sz\u00f3l.<\/p><p>A Gradid\u00f3t adom\u00e1nyokb\u00f3l finansz\u00edrozz\u00e1k. Az \u00d6n\u00f6k nagylelk\u0171 t\u00e1mogat\u00f3i hozz\u00e1j\u00e1rul\u00e1s\u00e1nak k\u00f6sz\u00f6nhet\u0151en tov\u00e1bbra is finansz\u00edrozni tudjuk a decentraliz\u00e1lt \u00e9s sk\u00e1l\u00e1zhat\u00f3 Gradido sz\u00e1mla fejleszt\u00e9s\u00e9t, hogy a megfelel\u0151 id\u0151ben minden ember - bele\u00e9rtve a legszeg\u00e9nyebbeket is - sz\u00e1m\u00e1ra ingyenesen el\u00e9rhet\u0151 legyen.<\/p><h3>Sz\u00fcks\u00e9g\u00fcnk van r\u00e1d<\/h3><p>Term\u00e9szetesen akkor is sz\u00edvesen l\u00e1tunk, ha nem tudsz vagy nem akarsz anyagi t\u00e1mogat\u00e1st ny\u00fajtani, mert mindenkinek megvannak a maga k\u00fcl\u00f6nleges adotts\u00e1gai. Van, akinek van ideje, van, akinek van p\u00e9nze. M\u00e1sok m\u00e1s forr\u00e1sokkal rendelkeznek, megint m\u00e1sok mindenb\u0151l egy kicsit. Mindenki hozz\u00e1j\u00e1rulhat - te is!<\/p><p><strong>M\u00e9g nincs ingyenes Gradido fi\u00f3kod?<\/strong><br \/><a href=\"https:\/\/gdd.gradido.net\/\" target=\"_blank\" rel=\"noopener\"><strong>&gt;&gt;&gt;Regisztr\u00e1ljon m\u00e9g ma!<\/strong>\u00a0<\/a><\/p><p><strong>\u00c9rdekli a t\u00e1mogat\u00e1si programunk, \u00e9s szeretne t\u00f6bb mint 18-szoros GradidoTransformot kapni k\u00f6sz\u00f6netk\u00e9ppen?<\/strong><br \/><a href=\"https:\/\/gradido.net\/hu\/donations\/\"><strong>&gt;&gt;&gt;T\u00e1j\u00e9koztassa mag\u00e1t itt!<\/strong><\/a>\u00a0<\/p><p>A m\u00e1sodik legnagyobb kriptot\u0151zsde, az \"FTX\" \u00f6sszeoml\u00e1sa, amelynek \u00fcgyfelei t\u00f6bb milli\u00e1rdt\u00f3l szabadultak meg, nemr\u00e9g ism\u00e9t megmutatta, hogy a BitCoin &amp; Co. nem jelentenek megold\u00e1st.<\/p><p>\"Henry Ford mondta: \"Ha mindenki egy\u00fctt n\u00e9z el\u0151re, a siker mag\u00e1t\u00f3l j\u00f6n. \u00d6sszefog\u00e1ssal olyan j\u00f6v\u0151t teremt\u00fcnk, amely mindenki sz\u00e1m\u00e1ra \u00e9lhet\u0151. A nyomor, az \u00e9hez\u00e9s, a k\u00f6rnyezetpuszt\u00edt\u00e1s \u00e9s a h\u00e1bor\u00fak v\u00e9get \u00e9rnek, \u00e9s senkinek sem kell majd elmenek\u00fclnie otthonr\u00f3l. Gy\u00f6ny\u00f6r\u0171 F\u00f6ld\u00fcnk ism\u00e9t azz\u00e1 a paradicsomm\u00e1 v\u00e1lik, aminek feltehet\u0151en valaha is sz\u00e1nt\u00e1k - sz\u00e1munkra, gyermekeink \u00e9s a vil\u00e1g \u00f6sszes gyermeke sz\u00e1m\u00e1ra.<\/p><p>Ezerszer k\u00f6sz\u00f6nj\u00fck, hogy vel\u00fcnk vagytok, \u00e9s egy\u00fctt teremtitek az \u00e9lhet\u0151 j\u00f6v\u0151t!<\/p><p>\u00dcdv\u00f6zlettel<\/p><p><img decoding=\"async\" class=\"alignnone wp-image-4614 size-medium\" src=\"https:\/\/gradido.net\/wp-content\/uploads\/2022\/06\/MargretBernd_2022-300x74.png\" alt=\"\" width=\"300\" height=\"74\" srcset=\"https:\/\/gradido.net\/wp-content\/uploads\/2022\/06\/MargretBernd_2022-300x74.png 300w, https:\/\/gradido.net\/wp-content\/uploads\/2022\/06\/MargretBernd_2022-18x4.png 18w, https:\/\/gradido.net\/wp-content\/uploads\/2022\/06\/MargretBernd_2022.png 431w\" sizes=\"(max-width: 300px) 100vw, 300px\" \/><\/p><p>Margret Baier \u00e9s Bernd H\u00fcckst\u00e4dt<br \/>Gradido alap\u00edt\u00f3ja \u00e9s fejleszt\u0151je<\/p>\t\t\t\t\t\t\t\t<\/div>\n\t\t\t\t<\/div>\n\t\t\t\t\t<\/div>\n\t\t<\/div>\n\t\t\t\t\t<\/div>\n\t\t<\/section>\n\t\t\t\t<section class=\"elementor-section elementor-top-section elementor-element elementor-element-71f3d21 elementor-section-boxed elementor-section-height-default elementor-section-height-default\" data-id=\"71f3d21\" data-element_type=\"section\" data-e-type=\"section\">\n\t\t\t\t\t\t<div class=\"elementor-container elementor-column-gap-default\">\n\t\t\t\t\t<div class=\"elementor-column elementor-col-100 elementor-top-column elementor-element elementor-element-265a760\" data-id=\"265a760\" data-element_type=\"column\" data-e-type=\"column\">\n\t\t\t<div class=\"elementor-widget-wrap elementor-element-populated\">\n\t\t\t\t\t\t<div class=\"elementor-element elementor-element-dd32989 elementor-widget elementor-widget-global elementor-global-9341 elementor-widget-text-editor\" data-id=\"dd32989\" data-element_type=\"widget\" data-e-type=\"widget\" data-widget_type=\"text-editor.default\">\n\t\t\t\t<div class=\"elementor-widget-container\">\n\t\t\t\t\t\t\t\t\t<p><strong>PS:\u00a0<span style=\"color: #ff6600;\"><a style=\"color: #ff6600;\" href=\"https:\/\/gradido.net\/hu\/donations\/\">A Gradido egyre n\u00f6vekv\u0151 fontoss\u00e1ga miatt 2026. j\u00fanius 26-\u00e1n megism\u00e9telj\u00fck h\u00e1laad\u00f3 kamp\u00e1nyunkat:<\/a>\u00a0<\/span><span style=\"color: #0000ff;\"><a style=\"color: #0000ff;\" href=\"https:\/\/gradido.net\/hu\/donations\/\">A szponzori hozz\u00e1j\u00e1rul\u00e1sod\u00e9rt j\u00e1r\u00f3 t\u00f6bbsz\u00f6r\u00f6s GradidoTransform mellett 2016.06.26-\u00e1n 26%-vel n\u00f6velj\u00fck az \u00f6sszes GDT sz\u00e1mlaegyenleg\u00e9t. Szponzor\u00e1lj most \u00e9s \u00e9lvezd a t\u00f6bbsz\u00f6r\u00f6s GDT \u00f6sszeget!<\/a><\/span><\/strong><\/p>\t\t\t\t\t\t\t\t<\/div>\n\t\t\t\t<\/div>\n\t\t\t\t\t<\/div>\n\t\t<\/div>\n\t\t\t\t\t<\/div>\n\t\t<\/section>\n\t\t\t\t<\/div>","protected":false},"excerpt":{"rendered":"<p>Most, hogy az ad\u00f3ss\u00e1gp\u00e9nzrendszer v\u00e9gzetes k\u00f6vetkezm\u00e9nyei nyilv\u00e1nval\u00f3v\u00e1 v\u00e1lnak, egyre t\u00f6bb ember \u00e9bred fel, \u00e9s kezd alternat\u00edv strukt\u00far\u00e1kat kialak\u00edtani. Az \u00edgy l\u00e9trej\u00f6v\u0151 k\u00f6z\u00f6ss\u00e9gekben t\u00f6rt\u00e9nelmi lehet\u0151s\u00e9g\u00fcnk van arra, hogy k\u00f6z\u00f6sen egy \u00faj p\u00e9nzrendszert hozzunk l\u00e9tre, amely a megbecs\u00fcl\u00e9sen, a h\u00e1l\u00e1n \u00e9s a szereteten alapul.<\/p>","protected":false},"author":2,"featured_media":5956,"comment_status":"closed","ping_status":"closed","sticky":false,"template":"","format":"standard","meta":{"footnotes":""},"categories":[11,54],"tags":[],"class_list":["post-5954","post","type-post","status-publish","format-standard","has-post-thumbnail","hentry","category-blog","category-community"],"yoast_head":"<!-- This site is optimized with the Yoast SEO plugin v27.5 - https:\/\/yoast.com\/product\/yoast-seo-wordpress\/ -->\n<title>Great Cooperation \u2013 Gradido und Unternehmernetzwerke - Gradido<\/title>\n<meta name=\"description\" content=\"Jetzt, wo die fatalen Folgen des Schuldgeldsystems un\u00fcbersehbar werden, wachen immer mehr Menschen auf und beginnen alternative Strukturen zu bilden. In den so entstehenden Communities haben wir die historische Chance, gemeinsam ein neues Geldsystem zu erschaffen, das auf Wertsch\u00e4tzung, Dankbarkeit und Liebe gr\u00fcndet.\" \/>\n<meta name=\"robots\" content=\"index, follow, max-snippet:-1, max-image-preview:large, max-video-preview:-1\" \/>\n<link rel=\"canonical\" href=\"https:\/\/gradido.net\/hu\/great-cooperation-gradido-und-unternehmernetzwerke\/\" \/>\n<meta property=\"og:locale\" content=\"hu_HU\" \/>\n<meta property=\"og:type\" content=\"article\" \/>\n<meta property=\"og:title\" content=\"Great Cooperation \u2013 Gradido und Unternehmernetzwerke - Gradido\" \/>\n<meta property=\"og:description\" content=\"Jetzt, wo die fatalen Folgen des Schuldgeldsystems un\u00fcbersehbar werden, wachen immer mehr Menschen auf und beginnen alternative Strukturen zu bilden. In den so entstehenden Communities haben wir die historische Chance, gemeinsam ein neues Geldsystem zu erschaffen, das auf Wertsch\u00e4tzung, Dankbarkeit und Liebe gr\u00fcndet.\" \/>\n<meta property=\"og:url\" content=\"https:\/\/gradido.net\/hu\/great-cooperation-gradido-und-unternehmernetzwerke\/\" \/>\n<meta property=\"og:site_name\" content=\"Gradido\" \/>\n<meta property=\"article:published_time\" content=\"2022-11-26T08:29:13+00:00\" \/>\n<meta property=\"article:modified_time\" content=\"2026-04-24T06:10:17+00:00\" \/>\n<meta property=\"og:image\" content=\"https:\/\/gradido.net\/wp-content\/uploads\/2022\/11\/Unternehmer-Netzwerk-1.jpg\" \/>\n\t<meta property=\"og:image:width\" content=\"1500\" \/>\n\t<meta property=\"og:image:height\" content=\"850\" \/>\n\t<meta property=\"og:image:type\" content=\"image\/jpeg\" \/>\n<meta name=\"author\" content=\"Bernd H\u00fcckst\u00e4dt\" \/>\n<meta name=\"twitter:card\" content=\"summary_large_image\" \/>\n<meta name=\"twitter:label1\" content=\"Szerz\u0151:\" \/>\n\t<meta name=\"twitter:data1\" content=\"Bernd H\u00fcckst\u00e4dt\" \/>\n\t<meta name=\"twitter:label2\" content=\"Becs\u00fclt olvas\u00e1si id\u0151\" \/>\n\t<meta name=\"twitter:data2\" content=\"5 perc\" \/>\n<script type=\"application\/ld+json\" class=\"yoast-schema-graph\">{\"@context\":\"https:\\\/\\\/schema.org\",\"@graph\":[{\"@type\":\"Article\",\"@id\":\"https:\\\/\\\/gradido.net\\\/great-cooperation-gradido-und-unternehmernetzwerke\\\/#article\",\"isPartOf\":{\"@id\":\"https:\\\/\\\/gradido.net\\\/great-cooperation-gradido-und-unternehmernetzwerke\\\/\"},\"author\":{\"name\":\"Bernd H\u00fcckst\u00e4dt\",\"@id\":\"https:\\\/\\\/gradido.net\\\/de\\\/#\\\/schema\\\/person\\\/9c503a004ad15a1ddecadce2218db5d1\"},\"headline\":\"Great Cooperation \u2013 Gradido und Unternehmernetzwerke\",\"datePublished\":\"2022-11-26T08:29:13+00:00\",\"dateModified\":\"2026-04-24T06:10:17+00:00\",\"mainEntityOfPage\":{\"@id\":\"https:\\\/\\\/gradido.net\\\/great-cooperation-gradido-und-unternehmernetzwerke\\\/\"},\"wordCount\":840,\"publisher\":{\"@id\":\"https:\\\/\\\/gradido.net\\\/de\\\/#organization\"},\"image\":{\"@id\":\"https:\\\/\\\/gradido.net\\\/great-cooperation-gradido-und-unternehmernetzwerke\\\/#primaryimage\"},\"thumbnailUrl\":\"https:\\\/\\\/gradido.net\\\/wp-content\\\/uploads\\\/2022\\\/11\\\/Unternehmer-Netzwerk-1.jpg\",\"articleSection\":[\"Blog\",\"Community\"],\"inLanguage\":\"hu\"},{\"@type\":\"WebPage\",\"@id\":\"https:\\\/\\\/gradido.net\\\/great-cooperation-gradido-und-unternehmernetzwerke\\\/\",\"url\":\"https:\\\/\\\/gradido.net\\\/great-cooperation-gradido-und-unternehmernetzwerke\\\/\",\"name\":\"Great Cooperation \u2013 Gradido und Unternehmernetzwerke - Gradido\",\"isPartOf\":{\"@id\":\"https:\\\/\\\/gradido.net\\\/de\\\/#website\"},\"primaryImageOfPage\":{\"@id\":\"https:\\\/\\\/gradido.net\\\/great-cooperation-gradido-und-unternehmernetzwerke\\\/#primaryimage\"},\"image\":{\"@id\":\"https:\\\/\\\/gradido.net\\\/great-cooperation-gradido-und-unternehmernetzwerke\\\/#primaryimage\"},\"thumbnailUrl\":\"https:\\\/\\\/gradido.net\\\/wp-content\\\/uploads\\\/2022\\\/11\\\/Unternehmer-Netzwerk-1.jpg\",\"datePublished\":\"2022-11-26T08:29:13+00:00\",\"dateModified\":\"2026-04-24T06:10:17+00:00\",\"description\":\"Jetzt, wo die fatalen Folgen des Schuldgeldsystems un\u00fcbersehbar werden, wachen immer mehr Menschen auf und beginnen alternative Strukturen zu bilden. In den so entstehenden Communities haben wir die historische Chance, gemeinsam ein neues Geldsystem zu erschaffen, das auf Wertsch\u00e4tzung, Dankbarkeit und Liebe gr\u00fcndet.\",\"breadcrumb\":{\"@id\":\"https:\\\/\\\/gradido.net\\\/great-cooperation-gradido-und-unternehmernetzwerke\\\/#breadcrumb\"},\"inLanguage\":\"hu\",\"potentialAction\":[{\"@type\":\"ReadAction\",\"target\":[\"https:\\\/\\\/gradido.net\\\/great-cooperation-gradido-und-unternehmernetzwerke\\\/\"]}]},{\"@type\":\"ImageObject\",\"inLanguage\":\"hu\",\"@id\":\"https:\\\/\\\/gradido.net\\\/great-cooperation-gradido-und-unternehmernetzwerke\\\/#primaryimage\",\"url\":\"https:\\\/\\\/gradido.net\\\/wp-content\\\/uploads\\\/2022\\\/11\\\/Unternehmer-Netzwerk-1.jpg\",\"contentUrl\":\"https:\\\/\\\/gradido.net\\\/wp-content\\\/uploads\\\/2022\\\/11\\\/Unternehmer-Netzwerk-1.jpg\",\"width\":1500,\"height\":850},{\"@type\":\"BreadcrumbList\",\"@id\":\"https:\\\/\\\/gradido.net\\\/great-cooperation-gradido-und-unternehmernetzwerke\\\/#breadcrumb\",\"itemListElement\":[{\"@type\":\"ListItem\",\"position\":1,\"name\":\"Startseite\",\"item\":\"https:\\\/\\\/gradido.net\\\/\"},{\"@type\":\"ListItem\",\"position\":2,\"name\":\"Great Cooperation \u2013 Gradido und Unternehmernetzwerke\"}]},{\"@type\":\"WebSite\",\"@id\":\"https:\\\/\\\/gradido.net\\\/de\\\/#website\",\"url\":\"https:\\\/\\\/gradido.net\\\/de\\\/\",\"name\":\"Gradido\",\"description\":\"Die neue W\u00e4hrung hei\u00dft Dankbarkeit\",\"publisher\":{\"@id\":\"https:\\\/\\\/gradido.net\\\/de\\\/#organization\"},\"potentialAction\":[{\"@type\":\"SearchAction\",\"target\":{\"@type\":\"EntryPoint\",\"urlTemplate\":\"https:\\\/\\\/gradido.net\\\/de\\\/?s={search_term_string}\"},\"query-input\":{\"@type\":\"PropertyValueSpecification\",\"valueRequired\":true,\"valueName\":\"search_term_string\"}}],\"inLanguage\":\"hu\"},{\"@type\":\"Organization\",\"@id\":\"https:\\\/\\\/gradido.net\\\/de\\\/#organization\",\"name\":\"Gradido\",\"url\":\"https:\\\/\\\/gradido.net\\\/de\\\/\",\"logo\":{\"@type\":\"ImageObject\",\"inLanguage\":\"hu\",\"@id\":\"https:\\\/\\\/gradido.net\\\/de\\\/#\\\/schema\\\/logo\\\/image\\\/\",\"url\":\"https:\\\/\\\/gradido.net\\\/wp-content\\\/uploads\\\/2022\\\/04\\\/gradido-social.jpg\",\"contentUrl\":\"https:\\\/\\\/gradido.net\\\/wp-content\\\/uploads\\\/2022\\\/04\\\/gradido-social.jpg\",\"width\":527,\"height\":273,\"caption\":\"Gradido\"},\"image\":{\"@id\":\"https:\\\/\\\/gradido.net\\\/de\\\/#\\\/schema\\\/logo\\\/image\\\/\"}},{\"@type\":\"Person\",\"@id\":\"https:\\\/\\\/gradido.net\\\/de\\\/#\\\/schema\\\/person\\\/9c503a004ad15a1ddecadce2218db5d1\",\"name\":\"Bernd H\u00fcckst\u00e4dt\",\"sameAs\":[\"https:\\\/\\\/gradido.net\"],\"url\":\"https:\\\/\\\/gradido.net\\\/hu\\\/author\\\/bernd\\\/\"}]}<\/script>\n<!-- \/ Yoast SEO plugin. -->","yoast_head_json":{"title":"Nagyszer\u0171 egy\u00fcttm\u0171k\u00f6d\u00e9s - Gradido \u00e9s v\u00e1llalkoz\u00f3i h\u00e1l\u00f3zatok - Gradido","description":"Most, hogy az ad\u00f3ss\u00e1gp\u00e9nzrendszer v\u00e9gzetes k\u00f6vetkezm\u00e9nyei nyilv\u00e1nval\u00f3v\u00e1 v\u00e1lnak, egyre t\u00f6bb ember \u00e9bred fel, \u00e9s kezd alternat\u00edv strukt\u00far\u00e1kat kialak\u00edtani. Az \u00edgy l\u00e9trej\u00f6v\u0151 k\u00f6z\u00f6ss\u00e9gekben t\u00f6rt\u00e9nelmi lehet\u0151s\u00e9g\u00fcnk van arra, hogy k\u00f6z\u00f6sen egy \u00faj p\u00e9nzrendszert hozzunk l\u00e9tre, amely a megbecs\u00fcl\u00e9sen, a h\u00e1l\u00e1n \u00e9s a szereteten alapul.","robots":{"index":"index","follow":"follow","max-snippet":"max-snippet:-1","max-image-preview":"max-image-preview:large","max-video-preview":"max-video-preview:-1"},"canonical":"https:\/\/gradido.net\/hu\/great-cooperation-gradido-und-unternehmernetzwerke\/","og_locale":"hu_HU","og_type":"article","og_title":"Great Cooperation \u2013 Gradido und Unternehmernetzwerke - Gradido","og_description":"Jetzt, wo die fatalen Folgen des Schuldgeldsystems un\u00fcbersehbar werden, wachen immer mehr Menschen auf und beginnen alternative Strukturen zu bilden. In den so entstehenden Communities haben wir die historische Chance, gemeinsam ein neues Geldsystem zu erschaffen, das auf Wertsch\u00e4tzung, Dankbarkeit und Liebe gr\u00fcndet.","og_url":"https:\/\/gradido.net\/hu\/great-cooperation-gradido-und-unternehmernetzwerke\/","og_site_name":"Gradido","article_published_time":"2022-11-26T08:29:13+00:00","article_modified_time":"2026-04-24T06:10:17+00:00","og_image":[{"width":1500,"height":850,"url":"https:\/\/gradido.net\/wp-content\/uploads\/2022\/11\/Unternehmer-Netzwerk-1.jpg","type":"image\/jpeg"}],"author":"Bernd H\u00fcckst\u00e4dt","twitter_card":"summary_large_image","twitter_misc":{"Szerz\u0151:":"Bernd H\u00fcckst\u00e4dt","Becs\u00fclt olvas\u00e1si id\u0151":"5 perc"},"schema":{"@context":"https:\/\/schema.org","@graph":[{"@type":"Article","@id":"https:\/\/gradido.net\/great-cooperation-gradido-und-unternehmernetzwerke\/#article","isPartOf":{"@id":"https:\/\/gradido.net\/great-cooperation-gradido-und-unternehmernetzwerke\/"},"author":{"name":"Bernd H\u00fcckst\u00e4dt","@id":"https:\/\/gradido.net\/de\/#\/schema\/person\/9c503a004ad15a1ddecadce2218db5d1"},"headline":"Great Cooperation \u2013 Gradido und Unternehmernetzwerke","datePublished":"2022-11-26T08:29:13+00:00","dateModified":"2026-04-24T06:10:17+00:00","mainEntityOfPage":{"@id":"https:\/\/gradido.net\/great-cooperation-gradido-und-unternehmernetzwerke\/"},"wordCount":840,"publisher":{"@id":"https:\/\/gradido.net\/de\/#organization"},"image":{"@id":"https:\/\/gradido.net\/great-cooperation-gradido-und-unternehmernetzwerke\/#primaryimage"},"thumbnailUrl":"https:\/\/gradido.net\/wp-content\/uploads\/2022\/11\/Unternehmer-Netzwerk-1.jpg","articleSection":["Blog","Community"],"inLanguage":"hu"},{"@type":"WebPage","@id":"https:\/\/gradido.net\/great-cooperation-gradido-und-unternehmernetzwerke\/","url":"https:\/\/gradido.net\/great-cooperation-gradido-und-unternehmernetzwerke\/","name":"Nagyszer\u0171 egy\u00fcttm\u0171k\u00f6d\u00e9s - Gradido \u00e9s v\u00e1llalkoz\u00f3i h\u00e1l\u00f3zatok - Gradido","isPartOf":{"@id":"https:\/\/gradido.net\/de\/#website"},"primaryImageOfPage":{"@id":"https:\/\/gradido.net\/great-cooperation-gradido-und-unternehmernetzwerke\/#primaryimage"},"image":{"@id":"https:\/\/gradido.net\/great-cooperation-gradido-und-unternehmernetzwerke\/#primaryimage"},"thumbnailUrl":"https:\/\/gradido.net\/wp-content\/uploads\/2022\/11\/Unternehmer-Netzwerk-1.jpg","datePublished":"2022-11-26T08:29:13+00:00","dateModified":"2026-04-24T06:10:17+00:00","description":"Most, hogy az ad\u00f3ss\u00e1gp\u00e9nzrendszer v\u00e9gzetes k\u00f6vetkezm\u00e9nyei nyilv\u00e1nval\u00f3v\u00e1 v\u00e1lnak, egyre t\u00f6bb ember \u00e9bred fel, \u00e9s kezd alternat\u00edv strukt\u00far\u00e1kat kialak\u00edtani. Az \u00edgy l\u00e9trej\u00f6v\u0151 k\u00f6z\u00f6ss\u00e9gekben t\u00f6rt\u00e9nelmi lehet\u0151s\u00e9g\u00fcnk van arra, hogy k\u00f6z\u00f6sen egy \u00faj p\u00e9nzrendszert hozzunk l\u00e9tre, amely a megbecs\u00fcl\u00e9sen, a h\u00e1l\u00e1n \u00e9s a szereteten alapul.","breadcrumb":{"@id":"https:\/\/gradido.net\/great-cooperation-gradido-und-unternehmernetzwerke\/#breadcrumb"},"inLanguage":"hu","potentialAction":[{"@type":"ReadAction","target":["https:\/\/gradido.net\/great-cooperation-gradido-und-unternehmernetzwerke\/"]}]},{"@type":"ImageObject","inLanguage":"hu","@id":"https:\/\/gradido.net\/great-cooperation-gradido-und-unternehmernetzwerke\/#primaryimage","url":"https:\/\/gradido.net\/wp-content\/uploads\/2022\/11\/Unternehmer-Netzwerk-1.jpg","contentUrl":"https:\/\/gradido.net\/wp-content\/uploads\/2022\/11\/Unternehmer-Netzwerk-1.jpg","width":1500,"height":850},{"@type":"BreadcrumbList","@id":"https:\/\/gradido.net\/great-cooperation-gradido-und-unternehmernetzwerke\/#breadcrumb","itemListElement":[{"@type":"ListItem","position":1,"name":"Startseite","item":"https:\/\/gradido.net\/"},{"@type":"ListItem","position":2,"name":"Great Cooperation \u2013 Gradido und Unternehmernetzwerke"}]},{"@type":"WebSite","@id":"https:\/\/gradido.net\/de\/#website","url":"https:\/\/gradido.net\/de\/","name":"Gradido","description":"Az \u00faj p\u00e9nznem a h\u00e1la","publisher":{"@id":"https:\/\/gradido.net\/de\/#organization"},"potentialAction":[{"@type":"SearchAction","target":{"@type":"EntryPoint","urlTemplate":"https:\/\/gradido.net\/de\/?s={search_term_string}"},"query-input":{"@type":"PropertyValueSpecification","valueRequired":true,"valueName":"search_term_string"}}],"inLanguage":"hu"},{"@type":"Organization","@id":"https:\/\/gradido.net\/de\/#organization","name":"Gradido","url":"https:\/\/gradido.net\/de\/","logo":{"@type":"ImageObject","inLanguage":"hu","@id":"https:\/\/gradido.net\/de\/#\/schema\/logo\/image\/","url":"https:\/\/gradido.net\/wp-content\/uploads\/2022\/04\/gradido-social.jpg","contentUrl":"https:\/\/gradido.net\/wp-content\/uploads\/2022\/04\/gradido-social.jpg","width":527,"height":273,"caption":"Gradido"},"image":{"@id":"https:\/\/gradido.net\/de\/#\/schema\/logo\/image\/"}},{"@type":"Person","@id":"https:\/\/gradido.net\/de\/#\/schema\/person\/9c503a004ad15a1ddecadce2218db5d1","name":"Bernd H\u00fcckst\u00e4dt","sameAs":["https:\/\/gradido.net"],"url":"https:\/\/gradido.net\/hu\/author\/bernd\/"}]}},"_links":{"self":[{"href":"https:\/\/gradido.net\/hu\/wp-json\/wp\/v2\/posts\/5954","targetHints":{"allow":["GET"]}}],"collection":[{"href":"https:\/\/gradido.net\/hu\/wp-json\/wp\/v2\/posts"}],"about":[{"href":"https:\/\/gradido.net\/hu\/wp-json\/wp\/v2\/types\/post"}],"author":[{"embeddable":true,"href":"https:\/\/gradido.net\/hu\/wp-json\/wp\/v2\/users\/2"}],"replies":[{"embeddable":true,"href":"https:\/\/gradido.net\/hu\/wp-json\/wp\/v2\/comments?post=5954"}],"version-history":[{"count":46,"href":"https:\/\/gradido.net\/hu\/wp-json\/wp\/v2\/posts\/5954\/revisions"}],"predecessor-version":[{"id":13599,"href":"https:\/\/gradido.net\/hu\/wp-json\/wp\/v2\/posts\/5954\/revisions\/13599"}],"wp:featuredmedia":[{"embeddable":true,"href":"https:\/\/gradido.net\/hu\/wp-json\/wp\/v2\/media\/5956"}],"wp:attachment":[{"href":"https:\/\/gradido.net\/hu\/wp-json\/wp\/v2\/media?parent=5954"}],"wp:term":[{"taxonomy":"category","embeddable":true,"href":"https:\/\/gradido.net\/hu\/wp-json\/wp\/v2\/categories?post=5954"},{"taxonomy":"post_tag","embeddable":true,"href":"https:\/\/gradido.net\/hu\/wp-json\/wp\/v2\/tags?post=5954"}],"curies":[{"name":"wp","href":"https:\/\/api.w.org\/{rel}","templated":true}]}}