{"id":6017,"date":"2023-01-01T00:17:31","date_gmt":"2022-12-31T23:17:31","guid":{"rendered":"https:\/\/gradido.net\/?p=6017"},"modified":"2026-04-24T08:09:27","modified_gmt":"2026-04-24T06:09:27","slug":"gradido-konto-2023-neues-design-und-dezentrale-communities","status":"publish","type":"post","link":"https:\/\/gradido.net\/hu\/gradido-konto-2023-neues-design-und-dezentrale-communities\/","title":{"rendered":"Gradido sz\u00e1mla 2023: \u00faj tervez\u00e9s \u00e9s decentraliz\u00e1lt k\u00f6z\u00f6ss\u00e9gek"},"content":{"rendered":"<div data-elementor-type=\"wp-post\" data-elementor-id=\"6017\" class=\"elementor elementor-6017\" data-elementor-post-type=\"post\">\n\t\t\t\t\t\t<section class=\"elementor-section elementor-top-section elementor-element elementor-element-496e1d53 elementor-section-boxed elementor-section-height-default elementor-section-height-default\" data-id=\"496e1d53\" data-element_type=\"section\" data-e-type=\"section\">\n\t\t\t\t\t\t<div class=\"elementor-container elementor-column-gap-default\">\n\t\t\t\t\t<div class=\"elementor-column elementor-col-100 elementor-top-column elementor-element elementor-element-461d7be0\" data-id=\"461d7be0\" data-element_type=\"column\" data-e-type=\"column\">\n\t\t\t<div class=\"elementor-widget-wrap elementor-element-populated\">\n\t\t\t\t\t\t<div class=\"elementor-element elementor-element-cd9ebe2 elementor-widget elementor-widget-text-editor\" data-id=\"cd9ebe2\" data-element_type=\"widget\" data-e-type=\"widget\" data-widget_type=\"text-editor.default\">\n\t\t\t\t<div class=\"elementor-widget-container\">\n\t\t\t\t\t\t\t\t\t<p style=\"text-align: right;\"><em>\"Csod\u00e1ljuk a pillang\u00f3 sz\u00e9ps\u00e9g\u00e9t, de ritk\u00e1n vessz\u00fck tudom\u00e1sul, hogy milyen v\u00e1ltoz\u00e1sokon kellett kereszt\u00fclmennie ahhoz, hogy ilyen gy\u00f6ny\u00f6r\u0171v\u00e9 v\u00e1ljon.\"<\/em><br \/><em>\u00a0<\/em><br \/><em>- Maya Angelou <br \/>amerikai-amerikai \u00edr\u00f3, professzor \u00e9s emberi jogi aktivista <br \/>1928 - 2014<\/em><\/p><p style=\"text-align: left;\">Kedves Olvas\u00f3!<\/p><p>Miel\u0151tt r\u00e1t\u00e9rn\u00e9nk a mai fontos t\u00e9m\u00e1ra, engedj\u00e9k meg, hogy feltegy\u00fck a k\u00e9rd\u00e9st:<\/p><h4>\"Imago sejt vagy\"?<\/h4><p>Imago - Mi???<br \/>Most, amikor a herny\u00f3 ideje v\u00e9get \u00e9r, \u00faj t\u00edpus\u00fa sejtek k\u00e9pz\u0151dnek - eleinte sz\u00f3rv\u00e1nyosan -, amelyek m\u00e1r az \u00e9lettel teli, sz\u00ednes pillang\u00f3 k\u00e9p\u00e9t hordozz\u00e1k. Ezeket \"imago sejteknek\" nevezik. Kezdetben a r\u00e9gi herny\u00f3sejtek hevesen harcolnak ellen\u00fck. De ahogy telik az id\u0151, az Imago sejtek egyre t\u00f6bb \u00e9s t\u00f6bb lesz. Felismerik egym\u00e1st \u00e9s kapcsol\u00f3dnak. P\u00e1rhuzamos strukt\u00far\u00e1kat hoznak l\u00e9tre, \u00e9s a lehet\u0151 legk\u00e9nyelmesebben berendezkednek egy herny\u00f3n bel\u00fcl. Minden Imago sejt a saj\u00e1t k\u00fcl\u00f6nleges k\u00e9pess\u00e9geit hozza a k\u00f6z\u00f6ss\u00e9gbe. Az \u00faj sejtk\u00f6z\u00f6ss\u00e9gek apr\u00e1nk\u00e9nt egyre nagyobbak \u00e9s sz\u00e1mosabbak lesznek. Mint a gomb\u00e1k, \u00fagy bukkannak fel minden\u00fctt, \u00e9s egyetlen nagy eg\u00e9ssz\u00e9 \u00e1llnak \u00f6ssze, am\u00edg a r\u00e9gi herny\u00f3 m\u00e1r nem lesz ott. Azt\u00e1n egyszer csak egy gy\u00f6ny\u00f6r\u0171 pillang\u00f3 kikel a b\u00e1bb\u00f3l, \u00e9s k\u00f6nnyed\u00e9n \u00e9s \u00f6r\u00f6mmel emelkedik a leveg\u0151be.<\/p>\t\t\t\t\t\t\t\t<\/div>\n\t\t\t\t<\/div>\n\t\t\t\t<div class=\"elementor-element elementor-element-f16312a elementor-widget elementor-widget-image\" data-id=\"f16312a\" data-element_type=\"widget\" data-e-type=\"widget\" data-widget_type=\"image.default\">\n\t\t\t\t<div class=\"elementor-widget-container\">\n\t\t\t\t\t\t\t\t\t\t\t\t\t\t\t<img fetchpriority=\"high\" decoding=\"async\" width=\"1200\" height=\"288\" src=\"https:\/\/gradido.net\/wp-content\/uploads\/2022\/12\/Raupe-Schmetterling.jpg\" class=\"attachment-full size-full wp-image-6023\" alt=\"Metamorf\u00f3zis herny\u00f3b\u00f3l pillang\u00f3v\u00e1\" srcset=\"https:\/\/gradido.net\/wp-content\/uploads\/2022\/12\/Raupe-Schmetterling.jpg 1200w, https:\/\/gradido.net\/wp-content\/uploads\/2022\/12\/Raupe-Schmetterling-300x72.jpg 300w, https:\/\/gradido.net\/wp-content\/uploads\/2022\/12\/Raupe-Schmetterling-1024x246.jpg 1024w, https:\/\/gradido.net\/wp-content\/uploads\/2022\/12\/Raupe-Schmetterling-768x184.jpg 768w, https:\/\/gradido.net\/wp-content\/uploads\/2022\/12\/Raupe-Schmetterling-18x4.jpg 18w\" sizes=\"(max-width: 1200px) 100vw, 1200px\" \/>\t\t\t\t\t\t\t\t\t\t\t\t\t\t\t<\/div>\n\t\t\t\t<\/div>\n\t\t\t\t<div class=\"elementor-element elementor-element-17272f9 elementor-widget elementor-widget-text-editor\" data-id=\"17272f9\" data-element_type=\"widget\" data-e-type=\"widget\" data-widget_type=\"text-editor.default\">\n\t\t\t\t<div class=\"elementor-widget-container\">\n\t\t\t\t\t\t\t\t\t<p>Te is Imago sejt vagy? Igen? Akkor \u00e9szre fogod venni, hogy egyre t\u00f6bb \u00e9s t\u00f6bb emberrel tal\u00e1lkozol, akik - mindenki a maga m\u00f3dj\u00e1n - hozz\u00e1j\u00e1rulnak a r\u00e9gi herny\u00f3rendszer \u00e1talakul\u00e1s\u00e1hoz az emberi csal\u00e1d \u00faj pillang\u00f3 korszak\u00e1v\u00e1.<\/p><p><strong>Az \u00faj id\u0151t a megbecs\u00fcl\u00e9s, a h\u00e1la \u00e9s a szeretetteljes egy\u00fcttl\u00e9t fogja jellemezni - \u00e9s mindezt nagyon k\u00fcl\u00f6nb\u00f6z\u0151 emberek k\u00f6z\u00f6tt.<\/strong><\/p><p>De addig m\u00e9g sok l\u00e9p\u00e9st kell megtenni. Mert mik\u00f6zben odakint minden egyre dr\u00e1g\u00e1bb \u00e9s bizonytalanabb, k\u00fclf\u00f6ld\u00f6n doll\u00e1rmilli\u00e1rdokat \u00e9getnek el, a r\u00e9gi ad\u00f3ss\u00e1g-p\u00e9nz rendszer egyre hangosabb csattan\u00e1ssal omlik \u00f6ssze \u00e9s a szok\u00e1sos gyan\u00fas\u00edtottak <a href=\"https:\/\/www.centerforhealthsecurity.org\/our-work\/exercises\/2022-catastrophic-contagion\/\" target=\"_blank\" rel=\"noopener\">a k\u00f6vetkez\u0151 katasztrof\u00e1lis vil\u00e1gj\u00e1rv\u00e1ny<\/a> pr\u00f3b\u00e1k - ez\u00fattal a gyermekeinkre(!) \u00f6sszpontos\u00edtva - felmer\u00fcl az agg\u00f3d\u00f3 k\u00e9rd\u00e9s:<\/p><p><strong>Az X. napon, amikor a Gradid\u00f3ra vil\u00e1gszerte sz\u00fcks\u00e9g van, k\u00e9szen \u00e1llunk-e arra, hogy egy\u00fctt egy igazs\u00e1gos \u00e9s b\u00e9k\u00e9s monet\u00e1ris \u00e9s gazdas\u00e1gi rendszert hozzunk l\u00e9tre a F\u00f6ld\u00f6n - \u00f6nmagunk, gyermekeink \u00e9s a F\u00f6ld minden gyermeke \u00e9rdek\u00e9ben?<\/strong>\u00a0<\/p><p>Gyakran a csendesebb emberek azok, akik csendben, szorgalmasan, sz\u00edvvel-l\u00e9lekkel megteremtik a nagyszer\u0171 fejleszt\u00e9sek alapjait. A <a href=\"https:\/\/gradido.net\/hu\/team\/\">Fejleszt\u0151<\/a> az elm\u00falt h\u00f3napokban nagyszer\u0171 el\u0151k\u00e9sz\u00edt\u0151 munk\u00e1t v\u00e9geztek, amely 2023-ban be fog teljesedni. Egyr\u00e9szt a legbiztons\u00e1gosabb technol\u00f3gi\u00e1kat v\u00e1lasztj\u00e1k a fejleszt\u00e9shez, m\u00e1sr\u00e9szt mindent megtesznek az\u00e9rt, hogy a m\u0171k\u00f6d\u00e9s a lehet\u0151 legegyszer\u0171bb \u00e9s legintuit\u00edvabb legyen a felhaszn\u00e1l\u00f3k sz\u00e1m\u00e1ra. Tal\u00e1n \u00d6n is \u00e9szrevette m\u00e1r, hogy egyre k\u00f6nnyebben boldogul, \u00e9s m\u00e1r alig van sz\u00fcks\u00e9ge t\u00e1mogat\u00e1sra?<\/p><p><strong>Mi, Imago-emberek sokan vagyunk \u00e9s egyre t\u00f6bben. Nem mindenki foglalkozik a p\u00e9nz\u00fcgyi rendszer b\u00e9k\u00e9s \u00e1talak\u00edt\u00e1s\u00e1val, \u00e9s m\u00e9g mindig kevesen \u00e9rtik meg, hogy ez az az archim\u00e9deszi pont, ahol meg kell h\u00fazni a kart a v\u00e1ltoz\u00e1shoz - az emberi csal\u00e1d felszabad\u00edt\u00e1s\u00e1hoz.<\/strong><\/p>\t\t\t\t\t\t\t\t<\/div>\n\t\t\t\t<\/div>\n\t\t\t\t<div class=\"elementor-element elementor-element-483438c elementor-widget elementor-widget-image\" data-id=\"483438c\" data-element_type=\"widget\" data-e-type=\"widget\" data-widget_type=\"image.default\">\n\t\t\t\t<div class=\"elementor-widget-container\">\n\t\t\t\t\t\t\t\t\t\t\t\t\t\t\t<img decoding=\"async\" width=\"1300\" height=\"600\" src=\"https:\/\/gradido.net\/wp-content\/uploads\/2022\/12\/Hebel_Archimedes.jpg\" class=\"attachment-full size-full wp-image-6033\" alt=\"\" srcset=\"https:\/\/gradido.net\/wp-content\/uploads\/2022\/12\/Hebel_Archimedes.jpg 1300w, https:\/\/gradido.net\/wp-content\/uploads\/2022\/12\/Hebel_Archimedes-300x138.jpg 300w, https:\/\/gradido.net\/wp-content\/uploads\/2022\/12\/Hebel_Archimedes-1024x473.jpg 1024w, https:\/\/gradido.net\/wp-content\/uploads\/2022\/12\/Hebel_Archimedes-768x354.jpg 768w, https:\/\/gradido.net\/wp-content\/uploads\/2022\/12\/Hebel_Archimedes-18x8.jpg 18w\" sizes=\"(max-width: 1300px) 100vw, 1300px\" \/>\t\t\t\t\t\t\t\t\t\t\t\t\t\t\t<\/div>\n\t\t\t\t<\/div>\n\t\t\t\t<div class=\"elementor-element elementor-element-b136aa9 elementor-widget elementor-widget-text-editor\" data-id=\"b136aa9\" data-element_type=\"widget\" data-e-type=\"widget\" data-widget_type=\"text-editor.default\">\n\t\t\t\t<div class=\"elementor-widget-container\">\n\t\t\t\t\t\t\t\t\t<p>Mert akinek hatalma van a p\u00e9nz felett, az\u00e9 a hatalom. Vagy m\u00e1sk\u00e9pp fogalmazva:<\/p><p style=\"text-align: right;\"><strong><em>\"Adj\u00e1tok \u00e1t nekem az ir\u00e1ny\u00edt\u00e1st egy nemzet valut\u00e1ja felett, \u00e9s nem \u00e9rdekel, ki hozza a t\u00f6rv\u00e9nyeket!\"<\/em><\/strong><\/p><p style=\"text-align: right;\"><em>- Mayer Amschel Rothschild<\/em><br \/><em>(1744 - 1812), n\u00e9met nemes \u00e9s bank\u00e1r.<\/em><\/p><p>A Gradido seg\u00edts\u00e9g\u00e9vel az emberi csal\u00e1dnak olyan eszk\u00f6z\u00f6k vannak a kez\u00fcnkben, amelyekkel visszaszerezhetj\u00fck a p\u00e9nz feletti uralmat, \u00e9s megteremthetj\u00fck a j\u00f3l\u00e9tet \u00e9s a b\u00e9k\u00e9t mindenki sz\u00e1m\u00e1ra - a term\u00e9szettel harm\u00f3ni\u00e1ban. Ez a decentraliz\u00e1lt, h\u00e1l\u00f3zatba kapcsolt k\u00f6z\u00f6ss\u00e9gekben az egyes emberek \u00e1ltali p\u00e9nzteremt\u00e9ssel kezd\u0151dik, a szabads\u00e1gon kereszt\u00fcl a saj\u00e1t maguk \u00e1ltal l\u00e9trehozott Akt\u00edv Alapj\u00f6vedelem, a szociokratikus d\u00f6nt\u00e9shozatali strukt\u00far\u00e1kon kereszt\u00fcl az \u00e1llami k\u00f6lts\u00e9gvet\u00e9s \u00e9s az Egyenl\u00edt\u00e9si \u00e9s K\u00f6rnyezetv\u00e9delmi Alap felhaszn\u00e1l\u00e1s\u00e1ig.<\/p><p>Ahhoz, hogy a Gradido k\u00f6nnyen terjedjen, sz\u00f3rakoztat\u00f3nak kell lennie. \u00cdgy a fiatalok sz\u00e1m\u00e1ra is vonz\u00f3v\u00e1 v\u00e1lik. K\u00f6nnyen haszn\u00e1lhat\u00f3 j\u00e1t\u00e9kos eszk\u00f6zz\u00e9 v\u00e1lhat a potenci\u00e1l, az \u00f6nbizalom \u00e9s a kreativit\u00e1s fejleszt\u00e9s\u00e9hez.<\/p><p><strong>Cser\u00e9be a Gradido sz\u00e1mla egy modern, vonz\u00f3, k\u00f6nny\u0171, kerek diz\u00e1jnt kap, amely annyira univerz\u00e1lis, hogy m\u00e9g mindig nyitva tartja a sz\u00e1mos j\u00f6v\u0151beli funkci\u00f3t, amelyek m\u00e9g nem \u00e9rkeztek el.<\/strong><\/p><p>Eredetileg kar\u00e1csonyi aj\u00e1nd\u00e9knak sz\u00e1nt\u00e1k a Gradido k\u00f6z\u00f6ss\u00e9g sz\u00e1m\u00e1ra. Most m\u00e1r v\u00e1rhatunk janu\u00e1r k\u00f6zep\u00e9ig, \u00e9s addig is \u00e9lvezhetj\u00fck a v\u00e1rakoz\u00e1st. \ud83d\ude0a<\/p><h3>L\u00e1ssuk, mit \u00e9rtek el programoz\u00f3ink az elm\u00falt egy \u00e9v sor\u00e1n<\/h3><p>A k\u00f6vetkez\u0151 funkci\u00f3kat 2022-ben fejlesztett\u00e9k ki:<\/p><ol><li>\u00daj honlap reszponz\u00edv kialak\u00edt\u00e1sban (sz\u00e1m\u00edt\u00f3g\u00e9pre \u00e9s mobilra is alkalmas)<\/li><li>T\u00f6bbnyelv\u0171s\u00e9g<\/li><li>\u00d6t nyelv integr\u00e1lva, tov\u00e1bbi kett\u0151 el\u0151k\u00e9sz\u00edt\u00e9s alatt<\/li><li>Gradido link \u00e9s QR-k\u00f3d: egyszer\u0171en k\u00fcldje el b\u00e1rmelyik Gradido-nak.<\/li><li>Automatiz\u00e1lt linkek \u00e9s QR-k\u00f3dok a kreditek ind\u00edt\u00e1s\u00e1hoz stb.<\/li><li>A k\u00f6zhaszn\u00fa hozz\u00e1j\u00e1rul\u00e1sokat k\u00f6zvetlen\u00fcl a sz\u00e1ml\u00e1ra kell k\u00f6nyvelni<\/li><li>P\u00e1rbesz\u00e9det folytatni a felhaszn\u00e1l\u00f3kkal a k\u00f6z\u00e9rdek\u0171 hozz\u00e1j\u00e1rul\u00e1sokr\u00f3l sz\u00f3l\u00f3 lek\u00e9rdez\u00e9seken kereszt\u00fcl.<\/li><li>E-mail \u00e9rtes\u00edt\u00e9sek a hozz\u00e1sz\u00f3l\u00e1sok komment\u00e1l\u00e1sakor \u00e9s a k\u00f6z\u00f6s j\u00f3 hozz\u00e1sz\u00f3l\u00e1sok meger\u0151s\u00edt\u00e9sekor<\/li><li>Sok tov\u00e1bbi fejleszt\u00e9s<\/li><li>A decentraliz\u00e1lt k\u00f6z\u00f6ss\u00e9gi szerverek el\u0151k\u00e9sz\u00edt\u00e9se<\/li><li>Az \u00faj formatervez\u00e9s el\u0151k\u00e9sz\u00edt\u00e9se<\/li><li>Automatikus tesztek<\/li><li>LogFile-ok, azaz a legt\u00f6bb m\u0171velet napl\u00f3z\u00e1sa, hogy gyorsan nyomon lehessen k\u00f6vetni az esetleges hib\u00e1kat.<\/li><\/ol><p><span style=\"color: #ffffff;\">.<\/span><\/p><p>Az utols\u00f3 k\u00e9t pont hatalmas munka, amelyb\u0151l val\u00f3sz\u00edn\u0171leg nagy hasznot h\u00faztatok an\u00e9lk\u00fcl, hogy \u00e9szrevett\u00e9tek volna.<\/p><p><strong>Vagy \u00e9szrevetted,<\/strong><\/p><ul><li>hogy a szoftver a sok friss\u00edt\u00e9s sor\u00e1n is megb\u00edzhat\u00f3an m\u0171k\u00f6d\u00f6tt,<\/li><li>hogy nem v\u00e1ltak \u00e9szrevehet\u0151v\u00e9 hackert\u00e1mad\u00e1sok,<\/li><li>hogy a Gradido fi\u00f3k gyakorlatilag mindig online volt,<\/li><li>hogy a Gradido-t linkeken (k\u00eds\u00e9r\u0151sz\u00f6veggel) \u00e9s QR-k\u00f3dokon kereszt\u00fcl gond n\u00e9lk\u00fcl elk\u00fcldheti \u00e9s fogadhatja?<\/li><\/ul><p><span style=\"color: #ffffff;\">.<\/span><\/p><p>A magas szint\u0171 biztons\u00e1g \u00e9rdek\u00e9ben gyakorlatilag az \u00f6sszes funkci\u00f3ra egyidej\u0171leg automatikus teszteket is \u00edrunk. A jelenlegi vizsg\u00e1lati lefedetts\u00e9g a legt\u00f6bb ter\u00fcleten k\u00f6r\u00fclbel\u00fcl 95%. Minden v\u00e1ltoztat\u00e1snak el\u0151sz\u00f6r \u00e1t kell esnie az \u00f6sszes teszten, k\u00fcl\u00f6nben nem ker\u00fcl be a szoftverbe.<\/p><h2>Sz\u00edv\u00fcnk m\u00e9ly\u00e9b\u0151l k\u00f6sz\u00f6nj\u00fck<\/h2><p>Mindezt csod\u00e1latos k\u00f6z\u00f6ss\u00e9g\u00fcnknek k\u00f6sz\u00f6nhetj\u00fck, nektek, kedves Imago-iak, akik nagylelk\u0171 hozz\u00e1j\u00e1rul\u00e1sotokkal \u00e9s tags\u00e1gotokkal biztos\u00edtott\u00e1tok, hogy programoz\u00f3ink elv\u00e9gezhess\u00e9k \u00e9rt\u00e9kes munk\u00e1jukat. \u00dagy \u00e9rezz\u00fck, hogy a sz\u00edvetek benne van. Biztoss\u00e1got adsz nek\u00fcnk, hogy egy\u00fctt a helyes \u00faton j\u00e1runk.<\/p><p>Sz\u00edvb\u0151l k\u00f6sz\u00f6nj\u00fck a GradidoTransform t\u00f6bbsz\u00f6r\u00f6s\u00e9ben ny\u00fajtott t\u00e1mogat\u00f3i hozz\u00e1j\u00e1rul\u00e1sait. Mint azt val\u00f3sz\u00edn\u0171leg m\u00e1r tudja, minden egyes eur\u00f3 ut\u00e1n legal\u00e1bb 15 GDT-t \u00edrunk j\u00f3v\u00e1 a Gradido sz\u00e1ml\u00e1j\u00e1n. 1.000 \u20ac-t\u00f3l 16-szoros, 10.000 \u20ac-t\u00f3l pedig 18-szoros. GradidoTransform (GDT) h\u00e1lapontok az \u00e1talakul\u00e1s idej\u00e9re. A Gradid\u00f3val ellent\u00e9tben ezek nem tartoznak a muland\u00f3s\u00e1g hat\u00e1lya al\u00e1. Ezek az \u00e1talakul\u00e1st szolg\u00e1lj\u00e1k, \u00e9s k\u00e9s\u0151bb 1:1 ar\u00e1nyban Gradid\u00f3v\u00e1 alak\u00edthat\u00f3k \u00e1t - csod\u00e1latos \"indul\u00f3 t\u0151k\u00e9t\" jelentenek az \u00faj id\u0151 sz\u00e1m\u00e1ra.<\/p><h3>Akci\u00f3 'H\u00e1l\u00e1s m\u00e1rcius 23' - Plusz 23% GDT 23.03.23-\u00e1n<\/h3><p>2023. m\u00e1rcius 23-\u00e1n minden GDT-sz\u00e1mlaegyenleget tov\u00e1bbi 23 %-vel n\u00f6vel\u00fcnk. Az ezen a napon \u00e9jf\u00e9lig be\u00e9rkez\u0151 \u00f6sszes finansz\u00edroz\u00e1si hozz\u00e1j\u00e1rul\u00e1s r\u00e9szt vesz a prom\u00f3ci\u00f3ban.<\/p><p>Ezzel a finansz\u00edroz\u00e1si koncepci\u00f3val k\u00fcl\u00f6n\u00f6sen nagy m\u00e9rt\u00e9kben szeretn\u00e9nk k\u00f6sz\u00f6netet mondani azoknak a csod\u00e1latos embereknek, akik m\u00e1r a projekt jelenlegi szakasz\u00e1ban is t\u00e1mogatj\u00e1k a Gradid\u00f3t, \u00e9s ezzel bizalmat szavaznak neki.<\/p>\t\t\t\t\t\t\t\t<\/div>\n\t\t\t\t<\/div>\n\t\t\t\t<div class=\"elementor-element elementor-element-4408cdf elementor-align-center elementor-widget elementor-widget-button\" data-id=\"4408cdf\" data-element_type=\"widget\" data-e-type=\"widget\" data-widget_type=\"button.default\">\n\t\t\t\t<div class=\"elementor-widget-container\">\n\t\t\t\t\t\t\t\t\t<div class=\"elementor-button-wrapper\">\n\t\t\t\t\t<a class=\"elementor-button elementor-button-link elementor-size-sm\" href=\"\/hu\/donations\/\">\n\t\t\t\t\t\t<span class=\"elementor-button-content-wrapper\">\n\t\t\t\t\t\t\t\t\t<span class=\"elementor-button-text\">Prom\u00f3zz most \u00e9s szerezd meg a GDT sokszoros\u00e1t!<\/span>\n\t\t\t\t\t<\/span>\n\t\t\t\t\t<\/a>\n\t\t\t\t<\/div>\n\t\t\t\t\t\t\t\t<\/div>\n\t\t\t\t<\/div>\n\t\t\t\t<div class=\"elementor-element elementor-element-d74dfa0 elementor-widget elementor-widget-text-editor\" data-id=\"d74dfa0\" data-element_type=\"widget\" data-e-type=\"widget\" data-widget_type=\"text-editor.default\">\n\t\t\t\t<div class=\"elementor-widget-container\">\n\t\t\t\t\t\t\t\t\t<p><strong>Sok jel utal arra, hogy 2023 sorsd\u00f6nt\u0151 \u00e9v lesz. Most az a fontos, hogy \u00f6sszetartsunk, \u00e9s mindent, ami emberileg lehets\u00e9ges, mozg\u00e1sba hozzunk, hogy egy \u00e9lhet\u0151 j\u00f6v\u0151t teremts\u00fcnk magunk \u00e9s gyermekeink sz\u00e1m\u00e1ra.<\/strong><\/p><h2>Mit fogsz mondani nekik?<\/h2><p>Amikor a fiatalok k\u00e9s\u0151bb megk\u00e9rdezik t\u0151led: \"Te is Imago sejt volt\u00e1l akkoriban? Hozz\u00e1j\u00e1rult\u00e1l-e a rendelkez\u00e9sedre \u00e1ll\u00f3 eszk\u00f6z\u00f6kkel a b\u00e9k\u00e9s \u00e1talakul\u00e1shoz? Vagy ink\u00e1bb megv\u00e1rtad, am\u00edg a t\u00f6bbiek befejezik a munk\u00e1jukat?\" - Mit fogsz mondani nekik?<\/p><p>Azt k\u00edv\u00e1njuk, hogy \u00f6r\u00f6mmel n\u00e9zzetek a szem\u00fckbe, \u00e9s mondj\u00e1tok: \"Igen, akkoriban \u00e9n is ilyen Imago-sejt voltam. Gyakran nem volt k\u00f6nny\u0171, de b\u00fcszke vagyok arra, hogy kivehettem a r\u00e9szemet abban, hogy gy\u00f6ny\u00f6r\u0171 F\u00f6ld\u00fcnk azz\u00e1 a paradicsomm\u00e1 v\u00e1ljon, aminek val\u00f3sz\u00edn\u0171leg valaha is lennie kellett volna. \u00c9s v\u00e9gtelen\u00fcl h\u00e1l\u00e1s vagyok, hogy most m\u00e1r emberi csal\u00e1dk\u00e9nt egy\u00fctt \u00e9lhet\u00fcnk egy olyan \u00e9letet, amelyet \u00e9rdemes \u00e9lni - j\u00f3l\u00e9tben, b\u00e9k\u00e9ben \u00e9s a term\u00e9szettel harm\u00f3ni\u00e1ban.\"<\/p><p>Ezerszer k\u00f6sz\u00f6nj\u00fck, hogy vel\u00fcnk vagytok, \u00e9s vel\u00fcnk egy\u00fctt teremtitek meg az \u00e9lhet\u0151 j\u00f6v\u0151t!<\/p><p>Csod\u00e1latos 2023-at k\u00edv\u00e1nok neked \u00e9s szeretteidnek!<\/p><p>\u00dcdv\u00f6zlettel<\/p><p><img decoding=\"async\" class=\"alignnone wp-image-4614 size-medium\" src=\"https:\/\/gradido.net\/wp-content\/uploads\/2022\/06\/MargretBernd_2022-300x74.png\" alt=\"\" width=\"300\" height=\"74\" srcset=\"https:\/\/gradido.net\/wp-content\/uploads\/2022\/06\/MargretBernd_2022-300x74.png 300w, https:\/\/gradido.net\/wp-content\/uploads\/2022\/06\/MargretBernd_2022-18x4.png 18w, https:\/\/gradido.net\/wp-content\/uploads\/2022\/06\/MargretBernd_2022.png 431w\" sizes=\"(max-width: 300px) 100vw, 300px\" \/><\/p><p>Margret Baier \u00e9s Bernd H\u00fcckst\u00e4dt<br \/>Gradido alap\u00edt\u00f3ja \u00e9s fejleszt\u0151je<\/p>\t\t\t\t\t\t\t\t<\/div>\n\t\t\t\t<\/div>\n\t\t\t\t\t<\/div>\n\t\t<\/div>\n\t\t\t\t\t<\/div>\n\t\t<\/section>\n\t\t\t\t<section class=\"elementor-section elementor-top-section elementor-element elementor-element-b5881ca elementor-section-boxed elementor-section-height-default elementor-section-height-default\" data-id=\"b5881ca\" data-element_type=\"section\" data-e-type=\"section\">\n\t\t\t\t\t\t<div class=\"elementor-container elementor-column-gap-default\">\n\t\t\t\t\t<div class=\"elementor-column elementor-col-100 elementor-top-column elementor-element elementor-element-838f41e\" data-id=\"838f41e\" data-element_type=\"column\" data-e-type=\"column\">\n\t\t\t<div class=\"elementor-widget-wrap elementor-element-populated\">\n\t\t\t\t\t\t<div class=\"elementor-element elementor-element-1b0e402 elementor-widget elementor-widget-global elementor-global-9341 elementor-widget-text-editor\" data-id=\"1b0e402\" data-element_type=\"widget\" data-e-type=\"widget\" data-widget_type=\"text-editor.default\">\n\t\t\t\t<div class=\"elementor-widget-container\">\n\t\t\t\t\t\t\t\t\t<p><strong>PS:\u00a0<span style=\"color: #ff6600;\"><a style=\"color: #ff6600;\" href=\"https:\/\/gradido.net\/hu\/donations\/\">A Gradido egyre n\u00f6vekv\u0151 fontoss\u00e1ga miatt 2026. j\u00fanius 26-\u00e1n megism\u00e9telj\u00fck h\u00e1laad\u00f3 kamp\u00e1nyunkat:<\/a>\u00a0<\/span><span style=\"color: #0000ff;\"><a style=\"color: #0000ff;\" href=\"https:\/\/gradido.net\/hu\/donations\/\">A szponzori hozz\u00e1j\u00e1rul\u00e1sod\u00e9rt j\u00e1r\u00f3 t\u00f6bbsz\u00f6r\u00f6s GradidoTransform mellett 2016.06.26-\u00e1n 26%-vel n\u00f6velj\u00fck az \u00f6sszes GDT sz\u00e1mlaegyenleg\u00e9t. Szponzor\u00e1lj most \u00e9s \u00e9lvezd a t\u00f6bbsz\u00f6r\u00f6s GDT \u00f6sszeget!<\/a><\/span><\/strong><\/p>\t\t\t\t\t\t\t\t<\/div>\n\t\t\t\t<\/div>\n\t\t\t\t\t<\/div>\n\t\t<\/div>\n\t\t\t\t\t<\/div>\n\t\t<\/section>\n\t\t\t\t<\/div>","protected":false},"excerpt":{"rendered":"<p>Gyakran a csendesebb emberek azok, akik csendben, szorgalmasan, sz\u00edvvel-l\u00e9lekkel megalapozz\u00e1k a t\u00f6rt\u00e9nelmi fejl\u0151d\u00e9st. Programoz\u00f3ink az elm\u00falt \u00e9vben nagyszer\u0171 alapmunk\u00e1t v\u00e9geztek, amely 2023-ban fog megval\u00f3sulni.<\/p>","protected":false},"author":2,"featured_media":6018,"comment_status":"closed","ping_status":"closed","sticky":false,"template":"","format":"standard","meta":{"footnotes":""},"categories":[11,55],"tags":[],"class_list":["post-6017","post","type-post","status-publish","format-standard","has-post-thumbnail","hentry","category-blog","category-gradido-konto"],"yoast_head":"<!-- This site is optimized with the Yoast SEO plugin v27.4 - https:\/\/yoast.com\/product\/yoast-seo-wordpress\/ -->\n<title>Gradido-Konto 2023: neues Design und dezentrale Communities - Gradido<\/title>\n<meta name=\"description\" content=\"Oft sind es die leiseren Menschen, die still, flei\u00dfig und mit Herzblut die Grundlagen f\u00fcr historische Entwicklungen schaffen. Unsere Programmierer haben im vergangenen Jahr gro\u00dfartige Vorarbeiten gemacht, die 2023 zum Tragen kommen werden.\" \/>\n<meta name=\"robots\" content=\"index, follow, max-snippet:-1, max-image-preview:large, max-video-preview:-1\" \/>\n<link rel=\"canonical\" href=\"https:\/\/gradido.net\/hu\/gradido-konto-2023-neues-design-und-dezentrale-communities\/\" \/>\n<meta property=\"og:locale\" content=\"hu_HU\" \/>\n<meta property=\"og:type\" content=\"article\" \/>\n<meta property=\"og:title\" content=\"Gradido-Konto 2023: neues Design und dezentrale Communities - Gradido\" \/>\n<meta property=\"og:description\" content=\"Oft sind es die leiseren Menschen, die still, flei\u00dfig und mit Herzblut die Grundlagen f\u00fcr historische Entwicklungen schaffen. Unsere Programmierer haben im vergangenen Jahr gro\u00dfartige Vorarbeiten gemacht, die 2023 zum Tragen kommen werden.\" \/>\n<meta property=\"og:url\" content=\"https:\/\/gradido.net\/hu\/gradido-konto-2023-neues-design-und-dezentrale-communities\/\" \/>\n<meta property=\"og:site_name\" content=\"Gradido\" \/>\n<meta property=\"article:published_time\" content=\"2022-12-31T23:17:31+00:00\" \/>\n<meta property=\"article:modified_time\" content=\"2026-04-24T06:09:27+00:00\" \/>\n<meta property=\"og:image\" content=\"https:\/\/gradido.net\/wp-content\/uploads\/2022\/12\/Test_fertig_1920.jpg\" \/>\n\t<meta property=\"og:image:width\" content=\"1920\" \/>\n\t<meta property=\"og:image:height\" content=\"1067\" \/>\n\t<meta property=\"og:image:type\" content=\"image\/jpeg\" \/>\n<meta name=\"author\" content=\"Bernd H\u00fcckst\u00e4dt\" \/>\n<meta name=\"twitter:card\" content=\"summary_large_image\" \/>\n<meta name=\"twitter:label1\" content=\"Szerz\u0151:\" \/>\n\t<meta name=\"twitter:data1\" content=\"Bernd H\u00fcckst\u00e4dt\" \/>\n\t<meta name=\"twitter:label2\" content=\"Becs\u00fclt olvas\u00e1si id\u0151\" \/>\n\t<meta name=\"twitter:data2\" content=\"9 perc\" \/>\n<script type=\"application\/ld+json\" class=\"yoast-schema-graph\">{\"@context\":\"https:\\\/\\\/schema.org\",\"@graph\":[{\"@type\":\"Article\",\"@id\":\"https:\\\/\\\/gradido.net\\\/gradido-konto-2023-neues-design-und-dezentrale-communities\\\/#article\",\"isPartOf\":{\"@id\":\"https:\\\/\\\/gradido.net\\\/gradido-konto-2023-neues-design-und-dezentrale-communities\\\/\"},\"author\":{\"name\":\"Bernd H\u00fcckst\u00e4dt\",\"@id\":\"https:\\\/\\\/gradido.net\\\/de\\\/#\\\/schema\\\/person\\\/9c503a004ad15a1ddecadce2218db5d1\"},\"headline\":\"Gradido-Konto 2023: neues Design und dezentrale Communities\",\"datePublished\":\"2022-12-31T23:17:31+00:00\",\"dateModified\":\"2026-04-24T06:09:27+00:00\",\"mainEntityOfPage\":{\"@id\":\"https:\\\/\\\/gradido.net\\\/gradido-konto-2023-neues-design-und-dezentrale-communities\\\/\"},\"wordCount\":1390,\"publisher\":{\"@id\":\"https:\\\/\\\/gradido.net\\\/de\\\/#organization\"},\"image\":{\"@id\":\"https:\\\/\\\/gradido.net\\\/gradido-konto-2023-neues-design-und-dezentrale-communities\\\/#primaryimage\"},\"thumbnailUrl\":\"https:\\\/\\\/gradido.net\\\/wp-content\\\/uploads\\\/2022\\\/12\\\/Test_fertig_1920.jpg\",\"articleSection\":[\"Blog\",\"Gradido-Konto\"],\"inLanguage\":\"hu\"},{\"@type\":\"WebPage\",\"@id\":\"https:\\\/\\\/gradido.net\\\/gradido-konto-2023-neues-design-und-dezentrale-communities\\\/\",\"url\":\"https:\\\/\\\/gradido.net\\\/gradido-konto-2023-neues-design-und-dezentrale-communities\\\/\",\"name\":\"Gradido-Konto 2023: neues Design und dezentrale Communities - Gradido\",\"isPartOf\":{\"@id\":\"https:\\\/\\\/gradido.net\\\/de\\\/#website\"},\"primaryImageOfPage\":{\"@id\":\"https:\\\/\\\/gradido.net\\\/gradido-konto-2023-neues-design-und-dezentrale-communities\\\/#primaryimage\"},\"image\":{\"@id\":\"https:\\\/\\\/gradido.net\\\/gradido-konto-2023-neues-design-und-dezentrale-communities\\\/#primaryimage\"},\"thumbnailUrl\":\"https:\\\/\\\/gradido.net\\\/wp-content\\\/uploads\\\/2022\\\/12\\\/Test_fertig_1920.jpg\",\"datePublished\":\"2022-12-31T23:17:31+00:00\",\"dateModified\":\"2026-04-24T06:09:27+00:00\",\"description\":\"Oft sind es die leiseren Menschen, die still, flei\u00dfig und mit Herzblut die Grundlagen f\u00fcr historische Entwicklungen schaffen. Unsere Programmierer haben im vergangenen Jahr gro\u00dfartige Vorarbeiten gemacht, die 2023 zum Tragen kommen werden.\",\"breadcrumb\":{\"@id\":\"https:\\\/\\\/gradido.net\\\/gradido-konto-2023-neues-design-und-dezentrale-communities\\\/#breadcrumb\"},\"inLanguage\":\"hu\",\"potentialAction\":[{\"@type\":\"ReadAction\",\"target\":[\"https:\\\/\\\/gradido.net\\\/gradido-konto-2023-neues-design-und-dezentrale-communities\\\/\"]}]},{\"@type\":\"ImageObject\",\"inLanguage\":\"hu\",\"@id\":\"https:\\\/\\\/gradido.net\\\/gradido-konto-2023-neues-design-und-dezentrale-communities\\\/#primaryimage\",\"url\":\"https:\\\/\\\/gradido.net\\\/wp-content\\\/uploads\\\/2022\\\/12\\\/Test_fertig_1920.jpg\",\"contentUrl\":\"https:\\\/\\\/gradido.net\\\/wp-content\\\/uploads\\\/2022\\\/12\\\/Test_fertig_1920.jpg\",\"width\":1920,\"height\":1067},{\"@type\":\"BreadcrumbList\",\"@id\":\"https:\\\/\\\/gradido.net\\\/gradido-konto-2023-neues-design-und-dezentrale-communities\\\/#breadcrumb\",\"itemListElement\":[{\"@type\":\"ListItem\",\"position\":1,\"name\":\"Startseite\",\"item\":\"https:\\\/\\\/gradido.net\\\/\"},{\"@type\":\"ListItem\",\"position\":2,\"name\":\"Gradido-Konto 2023: neues Design und dezentrale Communities\"}]},{\"@type\":\"WebSite\",\"@id\":\"https:\\\/\\\/gradido.net\\\/de\\\/#website\",\"url\":\"https:\\\/\\\/gradido.net\\\/de\\\/\",\"name\":\"Gradido\",\"description\":\"Die neue W\u00e4hrung hei\u00dft Dankbarkeit\",\"publisher\":{\"@id\":\"https:\\\/\\\/gradido.net\\\/de\\\/#organization\"},\"potentialAction\":[{\"@type\":\"SearchAction\",\"target\":{\"@type\":\"EntryPoint\",\"urlTemplate\":\"https:\\\/\\\/gradido.net\\\/de\\\/?s={search_term_string}\"},\"query-input\":{\"@type\":\"PropertyValueSpecification\",\"valueRequired\":true,\"valueName\":\"search_term_string\"}}],\"inLanguage\":\"hu\"},{\"@type\":\"Organization\",\"@id\":\"https:\\\/\\\/gradido.net\\\/de\\\/#organization\",\"name\":\"Gradido\",\"url\":\"https:\\\/\\\/gradido.net\\\/de\\\/\",\"logo\":{\"@type\":\"ImageObject\",\"inLanguage\":\"hu\",\"@id\":\"https:\\\/\\\/gradido.net\\\/de\\\/#\\\/schema\\\/logo\\\/image\\\/\",\"url\":\"https:\\\/\\\/gradido.net\\\/wp-content\\\/uploads\\\/2022\\\/04\\\/gradido-social.jpg\",\"contentUrl\":\"https:\\\/\\\/gradido.net\\\/wp-content\\\/uploads\\\/2022\\\/04\\\/gradido-social.jpg\",\"width\":527,\"height\":273,\"caption\":\"Gradido\"},\"image\":{\"@id\":\"https:\\\/\\\/gradido.net\\\/de\\\/#\\\/schema\\\/logo\\\/image\\\/\"}},{\"@type\":\"Person\",\"@id\":\"https:\\\/\\\/gradido.net\\\/de\\\/#\\\/schema\\\/person\\\/9c503a004ad15a1ddecadce2218db5d1\",\"name\":\"Bernd H\u00fcckst\u00e4dt\",\"sameAs\":[\"https:\\\/\\\/gradido.net\"],\"url\":\"https:\\\/\\\/gradido.net\\\/hu\\\/author\\\/bernd\\\/\"}]}<\/script>\n<!-- \/ Yoast SEO plugin. -->","yoast_head_json":{"title":"Gradido Account 2023: \u00faj design \u00e9s decentraliz\u00e1lt k\u00f6z\u00f6ss\u00e9gek - Gradido","description":"Gyakran a csendesebb emberek azok, akik csendben, szorgalmasan, sz\u00edvvel-l\u00e9lekkel megalapozz\u00e1k a t\u00f6rt\u00e9nelmi fejl\u0151d\u00e9st. Programoz\u00f3ink az elm\u00falt \u00e9vben nagyszer\u0171 alapmunk\u00e1t v\u00e9geztek, amely 2023-ban fog megval\u00f3sulni.","robots":{"index":"index","follow":"follow","max-snippet":"max-snippet:-1","max-image-preview":"max-image-preview:large","max-video-preview":"max-video-preview:-1"},"canonical":"https:\/\/gradido.net\/hu\/gradido-konto-2023-neues-design-und-dezentrale-communities\/","og_locale":"hu_HU","og_type":"article","og_title":"Gradido-Konto 2023: neues Design und dezentrale Communities - Gradido","og_description":"Oft sind es die leiseren Menschen, die still, flei\u00dfig und mit Herzblut die Grundlagen f\u00fcr historische Entwicklungen schaffen. Unsere Programmierer haben im vergangenen Jahr gro\u00dfartige Vorarbeiten gemacht, die 2023 zum Tragen kommen werden.","og_url":"https:\/\/gradido.net\/hu\/gradido-konto-2023-neues-design-und-dezentrale-communities\/","og_site_name":"Gradido","article_published_time":"2022-12-31T23:17:31+00:00","article_modified_time":"2026-04-24T06:09:27+00:00","og_image":[{"width":1920,"height":1067,"url":"https:\/\/gradido.net\/wp-content\/uploads\/2022\/12\/Test_fertig_1920.jpg","type":"image\/jpeg"}],"author":"Bernd H\u00fcckst\u00e4dt","twitter_card":"summary_large_image","twitter_misc":{"Szerz\u0151:":"Bernd H\u00fcckst\u00e4dt","Becs\u00fclt olvas\u00e1si id\u0151":"9 perc"},"schema":{"@context":"https:\/\/schema.org","@graph":[{"@type":"Article","@id":"https:\/\/gradido.net\/gradido-konto-2023-neues-design-und-dezentrale-communities\/#article","isPartOf":{"@id":"https:\/\/gradido.net\/gradido-konto-2023-neues-design-und-dezentrale-communities\/"},"author":{"name":"Bernd H\u00fcckst\u00e4dt","@id":"https:\/\/gradido.net\/de\/#\/schema\/person\/9c503a004ad15a1ddecadce2218db5d1"},"headline":"Gradido-Konto 2023: neues Design und dezentrale Communities","datePublished":"2022-12-31T23:17:31+00:00","dateModified":"2026-04-24T06:09:27+00:00","mainEntityOfPage":{"@id":"https:\/\/gradido.net\/gradido-konto-2023-neues-design-und-dezentrale-communities\/"},"wordCount":1390,"publisher":{"@id":"https:\/\/gradido.net\/de\/#organization"},"image":{"@id":"https:\/\/gradido.net\/gradido-konto-2023-neues-design-und-dezentrale-communities\/#primaryimage"},"thumbnailUrl":"https:\/\/gradido.net\/wp-content\/uploads\/2022\/12\/Test_fertig_1920.jpg","articleSection":["Blog","Gradido-Konto"],"inLanguage":"hu"},{"@type":"WebPage","@id":"https:\/\/gradido.net\/gradido-konto-2023-neues-design-und-dezentrale-communities\/","url":"https:\/\/gradido.net\/gradido-konto-2023-neues-design-und-dezentrale-communities\/","name":"Gradido Account 2023: \u00faj design \u00e9s decentraliz\u00e1lt k\u00f6z\u00f6ss\u00e9gek - Gradido","isPartOf":{"@id":"https:\/\/gradido.net\/de\/#website"},"primaryImageOfPage":{"@id":"https:\/\/gradido.net\/gradido-konto-2023-neues-design-und-dezentrale-communities\/#primaryimage"},"image":{"@id":"https:\/\/gradido.net\/gradido-konto-2023-neues-design-und-dezentrale-communities\/#primaryimage"},"thumbnailUrl":"https:\/\/gradido.net\/wp-content\/uploads\/2022\/12\/Test_fertig_1920.jpg","datePublished":"2022-12-31T23:17:31+00:00","dateModified":"2026-04-24T06:09:27+00:00","description":"Gyakran a csendesebb emberek azok, akik csendben, szorgalmasan, sz\u00edvvel-l\u00e9lekkel megalapozz\u00e1k a t\u00f6rt\u00e9nelmi fejl\u0151d\u00e9st. Programoz\u00f3ink az elm\u00falt \u00e9vben nagyszer\u0171 alapmunk\u00e1t v\u00e9geztek, amely 2023-ban fog megval\u00f3sulni.","breadcrumb":{"@id":"https:\/\/gradido.net\/gradido-konto-2023-neues-design-und-dezentrale-communities\/#breadcrumb"},"inLanguage":"hu","potentialAction":[{"@type":"ReadAction","target":["https:\/\/gradido.net\/gradido-konto-2023-neues-design-und-dezentrale-communities\/"]}]},{"@type":"ImageObject","inLanguage":"hu","@id":"https:\/\/gradido.net\/gradido-konto-2023-neues-design-und-dezentrale-communities\/#primaryimage","url":"https:\/\/gradido.net\/wp-content\/uploads\/2022\/12\/Test_fertig_1920.jpg","contentUrl":"https:\/\/gradido.net\/wp-content\/uploads\/2022\/12\/Test_fertig_1920.jpg","width":1920,"height":1067},{"@type":"BreadcrumbList","@id":"https:\/\/gradido.net\/gradido-konto-2023-neues-design-und-dezentrale-communities\/#breadcrumb","itemListElement":[{"@type":"ListItem","position":1,"name":"Startseite","item":"https:\/\/gradido.net\/"},{"@type":"ListItem","position":2,"name":"Gradido-Konto 2023: neues Design und dezentrale Communities"}]},{"@type":"WebSite","@id":"https:\/\/gradido.net\/de\/#website","url":"https:\/\/gradido.net\/de\/","name":"Gradido","description":"Az \u00faj p\u00e9nznem a h\u00e1la","publisher":{"@id":"https:\/\/gradido.net\/de\/#organization"},"potentialAction":[{"@type":"SearchAction","target":{"@type":"EntryPoint","urlTemplate":"https:\/\/gradido.net\/de\/?s={search_term_string}"},"query-input":{"@type":"PropertyValueSpecification","valueRequired":true,"valueName":"search_term_string"}}],"inLanguage":"hu"},{"@type":"Organization","@id":"https:\/\/gradido.net\/de\/#organization","name":"Gradido","url":"https:\/\/gradido.net\/de\/","logo":{"@type":"ImageObject","inLanguage":"hu","@id":"https:\/\/gradido.net\/de\/#\/schema\/logo\/image\/","url":"https:\/\/gradido.net\/wp-content\/uploads\/2022\/04\/gradido-social.jpg","contentUrl":"https:\/\/gradido.net\/wp-content\/uploads\/2022\/04\/gradido-social.jpg","width":527,"height":273,"caption":"Gradido"},"image":{"@id":"https:\/\/gradido.net\/de\/#\/schema\/logo\/image\/"}},{"@type":"Person","@id":"https:\/\/gradido.net\/de\/#\/schema\/person\/9c503a004ad15a1ddecadce2218db5d1","name":"Bernd H\u00fcckst\u00e4dt","sameAs":["https:\/\/gradido.net"],"url":"https:\/\/gradido.net\/hu\/author\/bernd\/"}]}},"_links":{"self":[{"href":"https:\/\/gradido.net\/hu\/wp-json\/wp\/v2\/posts\/6017","targetHints":{"allow":["GET"]}}],"collection":[{"href":"https:\/\/gradido.net\/hu\/wp-json\/wp\/v2\/posts"}],"about":[{"href":"https:\/\/gradido.net\/hu\/wp-json\/wp\/v2\/types\/post"}],"author":[{"embeddable":true,"href":"https:\/\/gradido.net\/hu\/wp-json\/wp\/v2\/users\/2"}],"replies":[{"embeddable":true,"href":"https:\/\/gradido.net\/hu\/wp-json\/wp\/v2\/comments?post=6017"}],"version-history":[{"count":76,"href":"https:\/\/gradido.net\/hu\/wp-json\/wp\/v2\/posts\/6017\/revisions"}],"predecessor-version":[{"id":13598,"href":"https:\/\/gradido.net\/hu\/wp-json\/wp\/v2\/posts\/6017\/revisions\/13598"}],"wp:featuredmedia":[{"embeddable":true,"href":"https:\/\/gradido.net\/hu\/wp-json\/wp\/v2\/media\/6018"}],"wp:attachment":[{"href":"https:\/\/gradido.net\/hu\/wp-json\/wp\/v2\/media?parent=6017"}],"wp:term":[{"taxonomy":"category","embeddable":true,"href":"https:\/\/gradido.net\/hu\/wp-json\/wp\/v2\/categories?post=6017"},{"taxonomy":"post_tag","embeddable":true,"href":"https:\/\/gradido.net\/hu\/wp-json\/wp\/v2\/tags?post=6017"}],"curies":[{"name":"wp","href":"https:\/\/api.w.org\/{rel}","templated":true}]}}