{"id":616,"date":"2020-05-26T15:29:00","date_gmt":"2020-05-26T13:29:00","guid":{"rendered":"http:\/\/neu.gradido.net\/?p=616"},"modified":"2021-12-10T13:08:25","modified_gmt":"2021-12-10T12:08:25","slug":"corona-krise-zeit-fuer-die-natuerliche-oekonomie-des-lebens","status":"publish","type":"post","link":"https:\/\/gradido.net\/hu\/corona-krise-zeit-fuer-die-natuerliche-oekonomie-des-lebens\/","title":{"rendered":"Corona-v\u00e1ls\u00e1g: az \u00e9let term\u00e9szetes gazdas\u00e1g\u00e1nak ideje"},"content":{"rendered":"<div data-elementor-type=\"wp-post\" data-elementor-id=\"616\" class=\"elementor elementor-616\" data-elementor-post-type=\"post\">\n\t\t\t\t\t\t<section class=\"elementor-section elementor-top-section elementor-element elementor-element-f9a81c7 elementor-section-boxed elementor-section-height-default elementor-section-height-default\" data-id=\"f9a81c7\" data-element_type=\"section\" data-e-type=\"section\">\n\t\t\t\t\t\t<div class=\"elementor-container elementor-column-gap-default\">\n\t\t\t\t\t<div class=\"elementor-column elementor-col-100 elementor-top-column elementor-element elementor-element-31d55dd\" data-id=\"31d55dd\" data-element_type=\"column\" data-e-type=\"column\">\n\t\t\t<div class=\"elementor-widget-wrap elementor-element-populated\">\n\t\t\t\t\t\t<div class=\"elementor-element elementor-element-6cca0d4 elementor-widget elementor-widget-text-editor\" data-id=\"6cca0d4\" data-element_type=\"widget\" data-e-type=\"widget\" data-widget_type=\"text-editor.default\">\n\t\t\t\t<div class=\"elementor-widget-container\">\n\t\t\t\t\t\t\t\t\t<h2>A gazdas\u00e1gi bionika t\u00e1mogatja a glob\u00e1lis k\u00f6zj\u00f3 valut\u00e1t<\/h2>\n<p><strong>K\u00fcnzelsau, 2020. m\u00e1jus 26. - A Corona-v\u00e1ls\u00e1g r\u00f6vid id\u0151 alatt alapvet\u0151en megv\u00e1ltoztatta vil\u00e1gunkat. A milli\u00e1rdos seg\u00e9lyprogramok ellen\u00e9re a gazdas\u00e1g szabades\u00e9sben van. A glob\u00e1lis p\u00e9nz\u00fcgyi rendszer \u00f6sszeoml\u00e1ssal fenyeget, amit t\u00f6meges fizet\u00e9sk\u00e9ptelens\u00e9g, rekordmunka n\u00e9lk\u00fclis\u00e9g \u00e9s m\u00e9lyszeg\u00e9nys\u00e9g k\u00f6vet. Az emberis\u00e9g csak egy fenntarthat\u00f3 \u00faj monet\u00e1ris rendszerrel, amelyben a gazdas\u00e1gi, \u00f6kol\u00f3giai \u00e9s t\u00e1rsadalmi \u00f6szt\u00f6nz\u0151k ugyanabba az ir\u00e1nyba mutatnak, k\u00e9pes legy\u0151zni ezeket a kih\u00edv\u00e1sokat. A Gradido Academy for Economic Bionics egy ilyen rendszert fejlesztett ki. Az \u00faj, k\u00f6zj\u00f3nak sz\u00e1m\u00edt\u00f3 \"Gradido\" p\u00e9nznem vil\u00e1gszerte k\u00e9pes j\u00f3l\u00e9tet \u00e9s b\u00e9k\u00e9t teremteni.<\/strong><\/p>\n<p><strong><!-- \/wp:paragraph --><!-- wp:paragraph --><\/strong><\/p>\n<p><strong>A Gradido Akad\u00e9mia m\u00e1r 20 \u00e9ve fejleszti a term\u00e9szet mint\u00e1j\u00e1ra a k\u00f6zj\u00f3 valut\u00e1t. A term\u00e9szetben minden a keletkez\u00e9s \u00e9s elm\u00fal\u00e1s \u00e1lland\u00f3 k\u00f6rforg\u00e1s\u00e1ban, ciklikusan zajlik. Ez az egyetlen m\u00f3dja annak, hogy biztos\u00edtsuk bolyg\u00f3nk folyamatos meg\u00fajul\u00e1s\u00e1t. Ennek az \"\u00e9let k\u00f6rforg\u00e1s\u00e1nak\" megfelel\u0151en m\u0171k\u00f6dik a \"Gradido\" egyens\u00falyoz\u00f3 rendszer is, amely az eg\u00e9sz emberis\u00e9g sz\u00e1m\u00e1ra nemcsak stabil meg\u00e9lhet\u00e9st, hanem ak\u00e1r j\u00f3l\u00e9tet \u00e9s b\u00e9k\u00e9s egy\u00fctt\u00e9l\u00e9st is biztos\u00edthatna.<\/strong><\/p>\n<p><!-- \/wp:paragraph --><!-- wp:paragraph --><\/p>\n<p><strong>A gazdas\u00e1gi vil\u00e1gj\u00e1rv\u00e1ny elker\u00fclhetetlen volt<\/strong><br>A v\u00edrus nem oka, hanem csak kiv\u00e1lt\u00f3ja a vil\u00e1gm\u00e9ret\u0171 \"gazdas\u00e1gi vil\u00e1gj\u00e1rv\u00e1nynak\" - magyar\u00e1zz\u00e1k Margret Baier \u00e9s Bernd H\u00fcckst\u00e4dt gazdas\u00e1gi bionikai szak\u00e9rt\u0151k. \"Ahogy a k\u0151 csak elind\u00edtja a lavin\u00e1t, \u00e9s az az\u00e9rt zuhan a v\u00f6lgybe, mert a talaj nem volt el\u00e9g stabil, \u00fagy a Corona-v\u00edrus is csak az\u00e9rt tudta elind\u00edtani a glob\u00e1lis gazdas\u00e1gi \u00e9s p\u00e9nz\u00fcgyi rendszer jelenlegi v\u00e1ls\u00e1g\u00e1t, mert a jelenlegi vil\u00e1g p\u00e9nz\u00fcgyi rendszere rendk\u00edv\u00fcl instabil\" - magyar\u00e1zza H\u00fcckst\u00e4dt. A Gradido Akad\u00e9mia alap\u00edt\u00f3i azzal a k\u00e9rd\u00e9ssel foglalkoznak, hogy mit tanulhat a gazdas\u00e1g a term\u00e9szett\u0151l. Ahogyan minden rep\u00fcl\u0151m\u00e9rn\u00f6knek tanulm\u00e1nyoznia kell a madarak rep\u00fcl\u00e9s\u00e9t, a gazdas\u00e1gi bionikus is azt vizsg\u00e1lja, hogy milyen term\u00e9szeti folyamatok lehetnek a sikeres gazdas\u00e1gi folyamatok modelljei. A Gradido Akad\u00e9mia meg\u00e1llap\u00edt\u00e1sai szerint a szoci\u00e1lis piacgazdas\u00e1g deklar\u00e1lt c\u00e9lja, hogy mindenki sz\u00e1m\u00e1ra j\u00f3l\u00e9tet teremtsen, a jelenlegi p\u00e9nz\u00fcgyi rendszerrel egy\u00e1ltal\u00e1n nem \u00e9rhet\u0151 el. Ehelyett a rendszer velej\u00e1r\u00f3ja, hogy egyesek hitele m\u00e1sok ad\u00f3ss\u00e1ga. V\u00e9gzetes k\u00f6vetkezm\u00e9ny: az uralkod\u00f3 gazdas\u00e1gi rendszer katasztrof\u00e1lis \u00f6szt\u00f6nz\u0151ket teremt az emberek \u00e9s a term\u00e9szet kizs\u00e1km\u00e1nyol\u00e1s\u00e1ra. Ennek elker\u00fclhetetlen k\u00f6vetkezm\u00e9nyei a vil\u00e1gm\u00e9ret\u0171 szeg\u00e9nys\u00e9g, a h\u00e1bor\u00fak \u00e9s a katasztrof\u00e1lis k\u00f6rnyezetpuszt\u00edt\u00e1s. Az emberis\u00e9g \u00e9s bolyg\u00f3nk j\u00f6v\u0151je \u00edgy egzisztenci\u00e1lisan vesz\u00e9lyeztetett.<\/p>\n<p><!-- \/wp:paragraph --><!-- wp:paragraph --><\/p>\n<p><strong>A gazdas\u00e1gi bionika \u00f3r\u00e1ja<\/strong><br>A \"Gradido-valuta\" feltal\u00e1l\u00f3i most lehet\u0151s\u00e9get l\u00e1tnak arra, hogy v\u00e9gleg megt\u00f6rj\u00e9k ezt a szents\u00e9gtelen \u00f6rd\u00f6gi k\u00f6rt. A vil\u00e1gm\u00e9ret\u0171 Corona Lockdown nemcsak az \u00fajragondol\u00e1s sz\u00fcks\u00e9gess\u00e9g\u00e9t, hanem az uralkod\u00f3 gazdas\u00e1gi rendszer t\u00f6r\u00e9kenys\u00e9g\u00e9nek egy\u00e9rtelm\u0171 felismer\u00e9s\u00e9t is megteremti. Ez egyben \u00faj \u00e9rz\u00e9kenys\u00e9get is nyit a term\u00e9szet sikermodelljei sz\u00e1m\u00e1ra, amelyek m\u00e1r n\u00e9gy \u00e9s f\u00e9l milli\u00e1rd \u00e9ve bizony\u00edtottak. K\u00f6vetkez\u00e9sk\u00e9ppen a t\u00e1rsadalom egyre nagyobb v\u00e1rakoz\u00e1ssal tekint a gazdas\u00e1gi bionika m\u00e9g mindig fiatal tudom\u00e1ny\u00e1ra \u00e9s a korunk egzisztenci\u00e1lis k\u00e9rd\u00e9seire adott v\u00e1laszaira.<\/p>\n<p><!-- \/wp:paragraph --><!-- wp:paragraph --><\/p>\n<p><strong>A Gradido Akad\u00e9mia<\/strong><br>A \"Gradido\" n\u00e9v az angol h\u00e1la, m\u00e9lt\u00f3s\u00e1g \u00e9s adom\u00e1ny kifejez\u00e9sekb\u0151l tev\u0151dik \u00f6ssze. Ez\u00e1ltal egyes\u00edti az \u00faj gazdas\u00e1gi kult\u00fara h\u00e1rom alapvet\u0151 \u00e9rt\u00e9k\u00e9t, azaz az eg\u00e9szs\u00e9ges gazdas\u00e1gi tev\u00e9kenys\u00e9g lehet\u0151v\u00e9 t\u00e9tel\u00e9t \u00e9s biztos\u00edt\u00e1s\u00e1t mindenki jav\u00e1ra. A \"Gradido\" etikai alapelve az egy\u00e9n j\u00f3l\u00e9t\u00e9nek a k\u00f6z\u00f6ss\u00e9g \u00e9s a nagyobb eg\u00e9sz - a term\u00e9szet \u00e9s a k\u00f6rnyezet - j\u00f3l\u00e9t\u00e9vel val\u00f3 \u00f6sszehangol\u00e1s\u00e1n alapul. Az \"\u00e9let k\u00f6rforg\u00e1sa\" a term\u00e9szet alapvet\u0151 receptje a sikerhez. A term\u00e9szet azt a szab\u00e1lyt k\u00f6veti, hogy csak ott, ahol valami elm\u00falik, keletkezhet valami \u00faj, \u00e9s \u00edgy hossz\u00fa t\u00e1v\u00fa fejl\u0151d\u00e9s (evol\u00faci\u00f3) lehets\u00e9ges. Ha gazdas\u00e1gunk ezt a term\u00e9szetes ciklust k\u00f6vetn\u00e9, a gazdas\u00e1gi bionika szak\u00e9rt\u0151i szerint gyakorlatilag a vil\u00e1g \u00f6sszes p\u00e9nzzel kapcsolatos probl\u00e9m\u00e1ja megold\u00f3dna. A jelenlegi vil\u00e1ggazdas\u00e1gi rendszer azonban \u00e9ppen az ellenkez\u0151 hat\u00e1st v\u00e1ltja ki. Exponenci\u00e1lis gazdas\u00e1gi n\u00f6veked\u00e9sre t\u00f6rekszik, ami a rendszer term\u00e9szet\u00e9b\u0151l ad\u00f3d\u00f3an mindig \u00f6sszeoml\u00e1shoz vezet.<\/p>\n<p><!-- \/wp:paragraph --><!-- wp:paragraph --><\/p>\n<p><strong>A Gradido p\u00e9nznem<\/strong><br>A Gradido Akad\u00e9mia modellj\u00e9ben a keletkez\u00e9s \u00e9s elm\u00fal\u00e1s ciklusa a rendszeres p\u00e9nzteremt\u00e9s \u00e9s a p\u00e9nz tervezett muland\u00f3s\u00e1ga r\u00e9v\u00e9n integr\u00e1l\u00f3dik. A p\u00e9nzt a n\u00e9pess\u00e9gfejl\u0151d\u00e9s alapj\u00e1n hozz\u00e1k l\u00e9tre. Ez kik\u00fcsz\u00f6b\u00f6li a k\u00f6nyvp\u00e9nz korl\u00e1tlan szapor\u00edt\u00e1s\u00e1t, \u00e9s term\u00e9szetes alapokra helyezi a p\u00e9nzk\u00edn\u00e1lat alakul\u00e1s\u00e1t. A Gradido Academy modellj\u00e9ben a p\u00e9nz eloszt\u00e1sa a h\u00e1rom pill\u00e9r elve szerint t\u00f6rt\u00e9nik: a vil\u00e1g minden egyes polg\u00e1ra sz\u00e1m\u00e1ra \u00f6sszesen 3000 \"gradido\" - ez a p\u00e9nznem neve - ker\u00fcl meg\u00e1llap\u00edt\u00e1sra. Egyharmad\u00e1t minden polg\u00e1r akt\u00edv alapj\u00f6vedelemk\u00e9nt kapja, a m\u00e1sodik harmad\u00e1t az \u00e1llam kapja a k\u00f6z\u00f6ss\u00e9gnek ny\u00fajtott szolg\u00e1ltat\u00e1sai\u00e9rt, a harmadik r\u00e9sz pedig a kompenz\u00e1ci\u00f3s \u00e9s k\u00f6rnyezetv\u00e9delmi alapba ker\u00fcl, hogy lehet\u0151v\u00e9 tegye a gazdas\u00e1gi \u00e9s \u00f6kol\u00f3giai \u00f6r\u00f6ks\u00e9gek felsz\u00e1mol\u00e1s\u00e1t. Az ok, ami\u00e9rt a p\u00e9nzt pontosan \u00edgy osztj\u00e1k el, a \"H\u00e1romszoros J\u00f3\" etik\u00e1j\u00e1ban gy\u00f6kerezik. Az egy\u00e9n a k\u00f6z\u00f6ss\u00e9g, az \u00e1llam r\u00e9sze, ez pedig a \"nagy eg\u00e9sz\", az \u00f6kosziszt\u00e9ma r\u00e9sze. Ha e h\u00e1rom szempont k\u00f6z\u00fcl valamelyiket elhanyagoljuk, az eg\u00e9sz rendszer egyens\u00falya megbomlik. Minden \u00e9vben a l\u00e9trehozott p\u00e9nz 50 sz\u00e1zal\u00e9ka lej\u00e1r. A p\u00e9nzk\u00edn\u00e1latot ez a tervezett \u00e1talakul\u00e1si \u00e9s boml\u00e1si ciklus tartja stabilan \u00e9s a rendszer egyens\u00falyban.<strong>.<\/strong>&nbsp;A Gradido-valuta bevezet\u00e9se vil\u00e1gszerte \u00e9s az egyes orsz\u00e1gokban is t\u00f6rt\u00e9nhet, a megl\u00e9v\u0151 rendszerrel p\u00e1rhuzamosan szakaszosan tervezhet\u0151, \u00edgy minden elemet kock\u00e1zatmentesen lehet tesztelni \u00e9s sz\u00fcks\u00e9g eset\u00e9n optimaliz\u00e1lni.<\/p>\n<p><!-- \/wp:paragraph --><!-- wp:paragraph --><\/p>\n<p><strong>Szenved\u00e9ly \u00e9s felel\u0151ss\u00e9g<\/strong><br>\"Mivel a Nemzetk\u00f6zi Valutaalap (IMF) az elm\u00falt 90 \u00e9v legs\u00falyosabb gazdas\u00e1gi v\u00e1ls\u00e1g\u00e1t prognosztiz\u00e1lja, \u00faj megold\u00e1sokra van sz\u00fcks\u00e9g. A Gradido sz\u00e1m\u00e1ra val\u00f3ban meg\u00e9rett az id\u0151, \u00e9s \u00fagy l\u00e1tjuk, hogy a mi felel\u0151ss\u00e9g\u00fcnk, hogy ezt a modellt bevigy\u00fck a politikai vit\u00e1ba\" - hangs\u00falyozza Bernd H\u00fcckst\u00e4dt. Margret Baier hozz\u00e1tette: \"Olyan megold\u00e1st tal\u00e1ltunk, amely a term\u00e9szet elveihez igazodik, \u00e9s amely a jelen \u00e9s a j\u00f6v\u0151 gener\u00e1ci\u00f3i sz\u00e1m\u00e1ra biztos\u00edtja az \u00e9lhet\u0151 j\u00f6v\u0151t. \u00cdgy val\u00f3ban siker\u00fclhet val\u00f3ra v\u00e1ltani az emberis\u00e9g egyik legnagyobb \u00e1lm\u00e1t, \u00e9s a term\u00e9szettel harm\u00f3ni\u00e1ban tart\u00f3s b\u00e9k\u00e9t \u00e9s j\u00f3l\u00e9tet teremteni a F\u00f6ld\u00f6n \u00e9l\u0151 emberek sz\u00e1m\u00e1ra.\" Tov\u00e1bbi inform\u00e1ci\u00f3\u00e9rt l\u00e1sd&nbsp;<a href=\"https:\/\/gradido.net\/hu\/\" target=\"_blank\" rel=\"noreferrer noopener\" data-type=\"URL\" data-id=\"https:\/\/gradido.net\/\">www.gradido.net<\/a><\/p>\n<p><!-- \/wp:paragraph --><\/p>\t\t\t\t\t\t\t\t<\/div>\n\t\t\t\t<\/div>\n\t\t\t\t\t<\/div>\n\t\t<\/div>\n\t\t\t\t\t<\/div>\n\t\t<\/section>\n\t\t\t\t<\/div>","protected":false},"excerpt":{"rendered":"<p>Wirtschaftsbioniker setzen auf weltweite Gemeinwohlw\u00e4hrung K\u00fcnzelsau, 26. Mai 2020 \u2013 Die Corona-Krise hat unsere Welt binnen k\u00fcrzester Zeit grundlegend ver\u00e4ndert. Trotz billionenschwerer Hilfsprogramme befindet sich die Wirtschaft im freien Fall. Das weltweite Finanzsystem droht zu scheitern, gefolgt von Masseninsolvenzen, Rekordarbeitslosigkeit und bitterer Armut. Nur mit einem zukunftsf\u00e4higen neuen Geldsystem, bei dem die \u00f6konomischen, \u00f6kologischen und [&hellip;]<\/p>\n","protected":false},"author":1,"featured_media":858,"comment_status":"closed","ping_status":"closed","sticky":false,"template":"","format":"standard","meta":{"footnotes":""},"categories":[8],"tags":[15],"class_list":["post-616","post","type-post","status-publish","format-standard","has-post-thumbnail","hentry","category-pressemitteilung","tag-wirtschaftsbionik"],"yoast_head":"<!-- This site is optimized with the Yoast SEO plugin v27.5 - https:\/\/yoast.com\/product\/yoast-seo-wordpress\/ -->\n<title>Corona-Krise: Zeit f\u00fcr die \u201eNat\u00fcrliche \u00d6konomie des Lebens\u201c - Gradido<\/title>\n<meta name=\"robots\" content=\"index, follow, max-snippet:-1, max-image-preview:large, max-video-preview:-1\" \/>\n<link rel=\"canonical\" href=\"https:\/\/gradido.net\/hu\/corona-krise-zeit-fuer-die-natuerliche-oekonomie-des-lebens\/\" \/>\n<meta property=\"og:locale\" content=\"hu_HU\" \/>\n<meta property=\"og:type\" content=\"article\" \/>\n<meta property=\"og:title\" content=\"Corona-Krise: Zeit f\u00fcr die \u201eNat\u00fcrliche \u00d6konomie des Lebens\u201c - Gradido\" \/>\n<meta property=\"og:description\" content=\"Wirtschaftsbioniker setzen auf weltweite Gemeinwohlw\u00e4hrung K\u00fcnzelsau, 26. Mai 2020 \u2013 Die Corona-Krise hat unsere Welt binnen k\u00fcrzester Zeit grundlegend ver\u00e4ndert. Trotz billionenschwerer Hilfsprogramme befindet sich die Wirtschaft im freien Fall. Das weltweite Finanzsystem droht zu scheitern, gefolgt von Masseninsolvenzen, Rekordarbeitslosigkeit und bitterer Armut. Nur mit einem zukunftsf\u00e4higen neuen Geldsystem, bei dem die \u00f6konomischen, \u00f6kologischen und [&hellip;]\" \/>\n<meta property=\"og:url\" content=\"https:\/\/gradido.net\/hu\/corona-krise-zeit-fuer-die-natuerliche-oekonomie-des-lebens\/\" \/>\n<meta property=\"og:site_name\" content=\"Gradido\" \/>\n<meta property=\"article:published_time\" content=\"2020-05-26T13:29:00+00:00\" \/>\n<meta property=\"article:modified_time\" content=\"2021-12-10T12:08:25+00:00\" \/>\n<meta property=\"og:image\" content=\"https:\/\/gradido.net\/wp-content\/uploads\/2020\/05\/gemeinwohlwaehrung.jpg\" \/>\n\t<meta property=\"og:image:width\" content=\"1000\" \/>\n\t<meta property=\"og:image:height\" content=\"684\" \/>\n\t<meta property=\"og:image:type\" content=\"image\/jpeg\" \/>\n<meta name=\"author\" content=\"GR4dmin\" \/>\n<meta name=\"twitter:card\" content=\"summary_large_image\" \/>\n<meta name=\"twitter:label1\" content=\"Szerz\u0151:\" \/>\n\t<meta name=\"twitter:data1\" content=\"GR4dmin\" \/>\n\t<meta name=\"twitter:label2\" content=\"Becs\u00fclt olvas\u00e1si id\u0151\" \/>\n\t<meta name=\"twitter:data2\" content=\"5 perc\" \/>\n<script type=\"application\/ld+json\" class=\"yoast-schema-graph\">{\"@context\":\"https:\\\/\\\/schema.org\",\"@graph\":[{\"@type\":\"Article\",\"@id\":\"https:\\\/\\\/gradido.net\\\/et\\\/corona-krise-zeit-fuer-die-natuerliche-oekonomie-des-lebens\\\/#article\",\"isPartOf\":{\"@id\":\"https:\\\/\\\/gradido.net\\\/et\\\/corona-krise-zeit-fuer-die-natuerliche-oekonomie-des-lebens\\\/\"},\"author\":{\"name\":\"GR4dmin\",\"@id\":\"https:\\\/\\\/gradido.net\\\/de\\\/#\\\/schema\\\/person\\\/9f913f37a47e7a82ad686b58fc907588\"},\"headline\":\"Corona-Krise: Zeit f\u00fcr die \u201eNat\u00fcrliche \u00d6konomie des Lebens\u201c\",\"datePublished\":\"2020-05-26T13:29:00+00:00\",\"dateModified\":\"2021-12-10T12:08:25+00:00\",\"mainEntityOfPage\":{\"@id\":\"https:\\\/\\\/gradido.net\\\/et\\\/corona-krise-zeit-fuer-die-natuerliche-oekonomie-des-lebens\\\/\"},\"wordCount\":983,\"publisher\":{\"@id\":\"https:\\\/\\\/gradido.net\\\/de\\\/#organization\"},\"image\":{\"@id\":\"https:\\\/\\\/gradido.net\\\/et\\\/corona-krise-zeit-fuer-die-natuerliche-oekonomie-des-lebens\\\/#primaryimage\"},\"thumbnailUrl\":\"https:\\\/\\\/gradido.net\\\/wp-content\\\/uploads\\\/2020\\\/05\\\/gemeinwohlwaehrung.jpg\",\"keywords\":[\"Wirtschaftsbionik\"],\"articleSection\":[\"Pressemitteilung\"],\"inLanguage\":\"hu\"},{\"@type\":\"WebPage\",\"@id\":\"https:\\\/\\\/gradido.net\\\/et\\\/corona-krise-zeit-fuer-die-natuerliche-oekonomie-des-lebens\\\/\",\"url\":\"https:\\\/\\\/gradido.net\\\/et\\\/corona-krise-zeit-fuer-die-natuerliche-oekonomie-des-lebens\\\/\",\"name\":\"Corona-Krise: Zeit f\u00fcr die \u201eNat\u00fcrliche \u00d6konomie des Lebens\u201c - Gradido\",\"isPartOf\":{\"@id\":\"https:\\\/\\\/gradido.net\\\/de\\\/#website\"},\"primaryImageOfPage\":{\"@id\":\"https:\\\/\\\/gradido.net\\\/et\\\/corona-krise-zeit-fuer-die-natuerliche-oekonomie-des-lebens\\\/#primaryimage\"},\"image\":{\"@id\":\"https:\\\/\\\/gradido.net\\\/et\\\/corona-krise-zeit-fuer-die-natuerliche-oekonomie-des-lebens\\\/#primaryimage\"},\"thumbnailUrl\":\"https:\\\/\\\/gradido.net\\\/wp-content\\\/uploads\\\/2020\\\/05\\\/gemeinwohlwaehrung.jpg\",\"datePublished\":\"2020-05-26T13:29:00+00:00\",\"dateModified\":\"2021-12-10T12:08:25+00:00\",\"breadcrumb\":{\"@id\":\"https:\\\/\\\/gradido.net\\\/et\\\/corona-krise-zeit-fuer-die-natuerliche-oekonomie-des-lebens\\\/#breadcrumb\"},\"inLanguage\":\"hu\",\"potentialAction\":[{\"@type\":\"ReadAction\",\"target\":[\"https:\\\/\\\/gradido.net\\\/et\\\/corona-krise-zeit-fuer-die-natuerliche-oekonomie-des-lebens\\\/\"]}]},{\"@type\":\"ImageObject\",\"inLanguage\":\"hu\",\"@id\":\"https:\\\/\\\/gradido.net\\\/et\\\/corona-krise-zeit-fuer-die-natuerliche-oekonomie-des-lebens\\\/#primaryimage\",\"url\":\"https:\\\/\\\/gradido.net\\\/wp-content\\\/uploads\\\/2020\\\/05\\\/gemeinwohlwaehrung.jpg\",\"contentUrl\":\"https:\\\/\\\/gradido.net\\\/wp-content\\\/uploads\\\/2020\\\/05\\\/gemeinwohlwaehrung.jpg\",\"width\":1000,\"height\":684},{\"@type\":\"BreadcrumbList\",\"@id\":\"https:\\\/\\\/gradido.net\\\/et\\\/corona-krise-zeit-fuer-die-natuerliche-oekonomie-des-lebens\\\/#breadcrumb\",\"itemListElement\":[{\"@type\":\"ListItem\",\"position\":1,\"name\":\"Startseite\",\"item\":\"https:\\\/\\\/gradido.net\\\/\"},{\"@type\":\"ListItem\",\"position\":2,\"name\":\"Corona-Krise: Zeit f\u00fcr die \u201eNat\u00fcrliche \u00d6konomie des Lebens\u201c\"}]},{\"@type\":\"WebSite\",\"@id\":\"https:\\\/\\\/gradido.net\\\/de\\\/#website\",\"url\":\"https:\\\/\\\/gradido.net\\\/de\\\/\",\"name\":\"Gradido\",\"description\":\"Die neue W\u00e4hrung hei\u00dft Dankbarkeit\",\"publisher\":{\"@id\":\"https:\\\/\\\/gradido.net\\\/de\\\/#organization\"},\"potentialAction\":[{\"@type\":\"SearchAction\",\"target\":{\"@type\":\"EntryPoint\",\"urlTemplate\":\"https:\\\/\\\/gradido.net\\\/de\\\/?s={search_term_string}\"},\"query-input\":{\"@type\":\"PropertyValueSpecification\",\"valueRequired\":true,\"valueName\":\"search_term_string\"}}],\"inLanguage\":\"hu\"},{\"@type\":\"Organization\",\"@id\":\"https:\\\/\\\/gradido.net\\\/de\\\/#organization\",\"name\":\"Gradido\",\"url\":\"https:\\\/\\\/gradido.net\\\/de\\\/\",\"logo\":{\"@type\":\"ImageObject\",\"inLanguage\":\"hu\",\"@id\":\"https:\\\/\\\/gradido.net\\\/de\\\/#\\\/schema\\\/logo\\\/image\\\/\",\"url\":\"https:\\\/\\\/gradido.net\\\/wp-content\\\/uploads\\\/2022\\\/04\\\/gradido-social.jpg\",\"contentUrl\":\"https:\\\/\\\/gradido.net\\\/wp-content\\\/uploads\\\/2022\\\/04\\\/gradido-social.jpg\",\"width\":527,\"height\":273,\"caption\":\"Gradido\"},\"image\":{\"@id\":\"https:\\\/\\\/gradido.net\\\/de\\\/#\\\/schema\\\/logo\\\/image\\\/\"}},{\"@type\":\"Person\",\"@id\":\"https:\\\/\\\/gradido.net\\\/de\\\/#\\\/schema\\\/person\\\/9f913f37a47e7a82ad686b58fc907588\",\"name\":\"GR4dmin\",\"sameAs\":[\"https:\\\/\\\/gradido.net\"],\"url\":\"https:\\\/\\\/gradido.net\\\/hu\\\/author\\\/gr4dmin\\\/\"}]}<\/script>\n<!-- \/ Yoast SEO plugin. -->","yoast_head_json":{"title":"Corona-v\u00e1ls\u00e1g: Itt az ideje az \"\u00e9let term\u00e9szetes gazdas\u00e1g\u00e1nak\" - Gradido","robots":{"index":"index","follow":"follow","max-snippet":"max-snippet:-1","max-image-preview":"max-image-preview:large","max-video-preview":"max-video-preview:-1"},"canonical":"https:\/\/gradido.net\/hu\/corona-krise-zeit-fuer-die-natuerliche-oekonomie-des-lebens\/","og_locale":"hu_HU","og_type":"article","og_title":"Corona-Krise: Zeit f\u00fcr die \u201eNat\u00fcrliche \u00d6konomie des Lebens\u201c - Gradido","og_description":"Wirtschaftsbioniker setzen auf weltweite Gemeinwohlw\u00e4hrung K\u00fcnzelsau, 26. Mai 2020 \u2013 Die Corona-Krise hat unsere Welt binnen k\u00fcrzester Zeit grundlegend ver\u00e4ndert. Trotz billionenschwerer Hilfsprogramme befindet sich die Wirtschaft im freien Fall. Das weltweite Finanzsystem droht zu scheitern, gefolgt von Masseninsolvenzen, Rekordarbeitslosigkeit und bitterer Armut. Nur mit einem zukunftsf\u00e4higen neuen Geldsystem, bei dem die \u00f6konomischen, \u00f6kologischen und [&hellip;]","og_url":"https:\/\/gradido.net\/hu\/corona-krise-zeit-fuer-die-natuerliche-oekonomie-des-lebens\/","og_site_name":"Gradido","article_published_time":"2020-05-26T13:29:00+00:00","article_modified_time":"2021-12-10T12:08:25+00:00","og_image":[{"width":1000,"height":684,"url":"https:\/\/gradido.net\/wp-content\/uploads\/2020\/05\/gemeinwohlwaehrung.jpg","type":"image\/jpeg"}],"author":"GR4dmin","twitter_card":"summary_large_image","twitter_misc":{"Szerz\u0151:":"GR4dmin","Becs\u00fclt olvas\u00e1si id\u0151":"5 perc"},"schema":{"@context":"https:\/\/schema.org","@graph":[{"@type":"Article","@id":"https:\/\/gradido.net\/et\/corona-krise-zeit-fuer-die-natuerliche-oekonomie-des-lebens\/#article","isPartOf":{"@id":"https:\/\/gradido.net\/et\/corona-krise-zeit-fuer-die-natuerliche-oekonomie-des-lebens\/"},"author":{"name":"GR4dmin","@id":"https:\/\/gradido.net\/de\/#\/schema\/person\/9f913f37a47e7a82ad686b58fc907588"},"headline":"Corona-Krise: Zeit f\u00fcr die \u201eNat\u00fcrliche \u00d6konomie des Lebens\u201c","datePublished":"2020-05-26T13:29:00+00:00","dateModified":"2021-12-10T12:08:25+00:00","mainEntityOfPage":{"@id":"https:\/\/gradido.net\/et\/corona-krise-zeit-fuer-die-natuerliche-oekonomie-des-lebens\/"},"wordCount":983,"publisher":{"@id":"https:\/\/gradido.net\/de\/#organization"},"image":{"@id":"https:\/\/gradido.net\/et\/corona-krise-zeit-fuer-die-natuerliche-oekonomie-des-lebens\/#primaryimage"},"thumbnailUrl":"https:\/\/gradido.net\/wp-content\/uploads\/2020\/05\/gemeinwohlwaehrung.jpg","keywords":["Wirtschaftsbionik"],"articleSection":["Pressemitteilung"],"inLanguage":"hu"},{"@type":"WebPage","@id":"https:\/\/gradido.net\/et\/corona-krise-zeit-fuer-die-natuerliche-oekonomie-des-lebens\/","url":"https:\/\/gradido.net\/et\/corona-krise-zeit-fuer-die-natuerliche-oekonomie-des-lebens\/","name":"Corona-v\u00e1ls\u00e1g: Itt az ideje az \"\u00e9let term\u00e9szetes gazdas\u00e1g\u00e1nak\" - Gradido","isPartOf":{"@id":"https:\/\/gradido.net\/de\/#website"},"primaryImageOfPage":{"@id":"https:\/\/gradido.net\/et\/corona-krise-zeit-fuer-die-natuerliche-oekonomie-des-lebens\/#primaryimage"},"image":{"@id":"https:\/\/gradido.net\/et\/corona-krise-zeit-fuer-die-natuerliche-oekonomie-des-lebens\/#primaryimage"},"thumbnailUrl":"https:\/\/gradido.net\/wp-content\/uploads\/2020\/05\/gemeinwohlwaehrung.jpg","datePublished":"2020-05-26T13:29:00+00:00","dateModified":"2021-12-10T12:08:25+00:00","breadcrumb":{"@id":"https:\/\/gradido.net\/et\/corona-krise-zeit-fuer-die-natuerliche-oekonomie-des-lebens\/#breadcrumb"},"inLanguage":"hu","potentialAction":[{"@type":"ReadAction","target":["https:\/\/gradido.net\/et\/corona-krise-zeit-fuer-die-natuerliche-oekonomie-des-lebens\/"]}]},{"@type":"ImageObject","inLanguage":"hu","@id":"https:\/\/gradido.net\/et\/corona-krise-zeit-fuer-die-natuerliche-oekonomie-des-lebens\/#primaryimage","url":"https:\/\/gradido.net\/wp-content\/uploads\/2020\/05\/gemeinwohlwaehrung.jpg","contentUrl":"https:\/\/gradido.net\/wp-content\/uploads\/2020\/05\/gemeinwohlwaehrung.jpg","width":1000,"height":684},{"@type":"BreadcrumbList","@id":"https:\/\/gradido.net\/et\/corona-krise-zeit-fuer-die-natuerliche-oekonomie-des-lebens\/#breadcrumb","itemListElement":[{"@type":"ListItem","position":1,"name":"Startseite","item":"https:\/\/gradido.net\/"},{"@type":"ListItem","position":2,"name":"Corona-Krise: Zeit f\u00fcr die \u201eNat\u00fcrliche \u00d6konomie des Lebens\u201c"}]},{"@type":"WebSite","@id":"https:\/\/gradido.net\/de\/#website","url":"https:\/\/gradido.net\/de\/","name":"Gradido","description":"Az \u00faj p\u00e9nznem a h\u00e1la","publisher":{"@id":"https:\/\/gradido.net\/de\/#organization"},"potentialAction":[{"@type":"SearchAction","target":{"@type":"EntryPoint","urlTemplate":"https:\/\/gradido.net\/de\/?s={search_term_string}"},"query-input":{"@type":"PropertyValueSpecification","valueRequired":true,"valueName":"search_term_string"}}],"inLanguage":"hu"},{"@type":"Organization","@id":"https:\/\/gradido.net\/de\/#organization","name":"Gradido","url":"https:\/\/gradido.net\/de\/","logo":{"@type":"ImageObject","inLanguage":"hu","@id":"https:\/\/gradido.net\/de\/#\/schema\/logo\/image\/","url":"https:\/\/gradido.net\/wp-content\/uploads\/2022\/04\/gradido-social.jpg","contentUrl":"https:\/\/gradido.net\/wp-content\/uploads\/2022\/04\/gradido-social.jpg","width":527,"height":273,"caption":"Gradido"},"image":{"@id":"https:\/\/gradido.net\/de\/#\/schema\/logo\/image\/"}},{"@type":"Person","@id":"https:\/\/gradido.net\/de\/#\/schema\/person\/9f913f37a47e7a82ad686b58fc907588","name":"GR4dmin","sameAs":["https:\/\/gradido.net"],"url":"https:\/\/gradido.net\/hu\/author\/gr4dmin\/"}]}},"_links":{"self":[{"href":"https:\/\/gradido.net\/hu\/wp-json\/wp\/v2\/posts\/616","targetHints":{"allow":["GET"]}}],"collection":[{"href":"https:\/\/gradido.net\/hu\/wp-json\/wp\/v2\/posts"}],"about":[{"href":"https:\/\/gradido.net\/hu\/wp-json\/wp\/v2\/types\/post"}],"author":[{"embeddable":true,"href":"https:\/\/gradido.net\/hu\/wp-json\/wp\/v2\/users\/1"}],"replies":[{"embeddable":true,"href":"https:\/\/gradido.net\/hu\/wp-json\/wp\/v2\/comments?post=616"}],"version-history":[{"count":15,"href":"https:\/\/gradido.net\/hu\/wp-json\/wp\/v2\/posts\/616\/revisions"}],"predecessor-version":[{"id":3718,"href":"https:\/\/gradido.net\/hu\/wp-json\/wp\/v2\/posts\/616\/revisions\/3718"}],"wp:featuredmedia":[{"embeddable":true,"href":"https:\/\/gradido.net\/hu\/wp-json\/wp\/v2\/media\/858"}],"wp:attachment":[{"href":"https:\/\/gradido.net\/hu\/wp-json\/wp\/v2\/media?parent=616"}],"wp:term":[{"taxonomy":"category","embeddable":true,"href":"https:\/\/gradido.net\/hu\/wp-json\/wp\/v2\/categories?post=616"},{"taxonomy":"post_tag","embeddable":true,"href":"https:\/\/gradido.net\/hu\/wp-json\/wp\/v2\/tags?post=616"}],"curies":[{"name":"wp","href":"https:\/\/api.w.org\/{rel}","templated":true}]}}