{"id":633,"date":"2020-06-17T15:56:00","date_gmt":"2020-06-17T13:56:00","guid":{"rendered":"http:\/\/neu.gradido.net\/?p=633"},"modified":"2021-12-10T13:07:39","modified_gmt":"2021-12-10T12:07:39","slug":"grundeinkommen-statt-familienbonus","status":"publish","type":"post","link":"https:\/\/gradido.net\/hu\/grundeinkommen-statt-familienbonus\/","title":{"rendered":"Alapj\u00f6vedelem csal\u00e1di p\u00f3tl\u00e9k helyett"},"content":{"rendered":"<div data-elementor-type=\"wp-post\" data-elementor-id=\"633\" class=\"elementor elementor-633\" data-elementor-post-type=\"post\">\n\t\t\t\t\t\t<section class=\"elementor-section elementor-top-section elementor-element elementor-element-1290ed7f elementor-section-boxed elementor-section-height-default elementor-section-height-default\" data-id=\"1290ed7f\" data-element_type=\"section\" data-e-type=\"section\">\n\t\t\t\t\t\t<div class=\"elementor-container elementor-column-gap-default\">\n\t\t\t\t\t<div class=\"elementor-column elementor-col-100 elementor-top-column elementor-element elementor-element-55c8895b\" data-id=\"55c8895b\" data-element_type=\"column\" data-e-type=\"column\">\n\t\t\t<div class=\"elementor-widget-wrap elementor-element-populated\">\n\t\t\t\t\t\t<div class=\"elementor-element elementor-element-96a8bad elementor-widget elementor-widget-text-editor\" data-id=\"96a8bad\" data-element_type=\"widget\" data-e-type=\"widget\" data-widget_type=\"text-editor.default\">\n\t\t\t\t<div class=\"elementor-widget-container\">\n\t\t\t\t\t\t\t\t\t<h3>A Gradido modell j\u00f6v\u0151t \u00edg\u00e9r\u0151 biztons\u00e1got \u00edg\u00e9r<\/h3>\n<p><strong>K\u00fcnzelsau, 2020. j\u00fanius 17. - A Corona-v\u00e1ls\u00e1g sok csal\u00e1d sz\u00e1m\u00e1ra komoly anyagi terhet is jelent. A gyermekenk\u00e9nt 300 eur\u00f3s egyszeri \"csal\u00e1di p\u00f3tl\u00e9k\" aligha enyh\u00edtheti a helyzet\u00fcket. Ink\u00e1bb hat\u00e1rozott ir\u00e1nyv\u00e1lt\u00e1s \u00e9s kreat\u00edv csal\u00e1dpolitika a napirenden. Az evol\u00faci\u00f3s Gradido p\u00e9nz\u00fcgyi rendszer \"akt\u00edv alapj\u00f6vedelme\" k\u00e9pes biztos\u00edtani a sz\u00fcl\u0151k \u00e9s a gyermekek l\u00e9t\u00e9t. Ma \u00e9s a j\u00f6v\u0151ben.&nbsp;<\/strong><\/p>\n<p>Az akt\u00edv alapj\u00f6vedelem (AGE) a \"felt\u00e9tel n\u00e9lk\u00fcli r\u00e9szv\u00e9tel\" gondolat\u00e1b\u00f3l ered. Akik \u00e9lni akarnak vele, tehets\u00e9g\u00fckkel \u00e9s hajlamaikkal hozz\u00e1j\u00e1rulnak a k\u00f6z\u00f6ss\u00e9ghez. Ezekre a tev\u00e9kenys\u00e9gekre havonta legfeljebb 50 \u00f3r\u00e1t kell becs\u00fclni. Az \u00f3rab\u00e9r 20 \"Gradido\" (GDD), a havi alapj\u00f6vedelem teh\u00e1t 1000 GDD. Ezent\u00fal minden ember alapvet\u0151 sz\u00fcks\u00e9gletei biztos\u00edtva lenn\u00e9nek.<\/p>\n<p>Csak egy fenntarthat\u00f3 \u00faj gazdas\u00e1gi \u00e9s p\u00e9nz\u00fcgyi rendszerrel lehet megbirk\u00f3zni a 21. sz\u00e1zad kih\u00edv\u00e1saival. A Gradido Academy for Economic Bionics az elm\u00falt 20 \u00e9vben kifejlesztett egy ilyen rendszert. A \"Gradido\" kiegyens\u00falyoz\u00f3 rendszer a term\u00e9szet modellje szerint m\u0171k\u00f6dik, \u00e9s tart\u00f3s j\u00f3l\u00e9tet \u00e9s b\u00e9k\u00e9s egy\u00fctt\u00e9l\u00e9st biztos\u00edthat sz\u00e1munkra \u00e9s a j\u00f6v\u0151 nemzed\u00e9kek sz\u00e1m\u00e1ra.<\/p>\n<p>A Gradido modell szerinti \"akt\u00edv alapj\u00f6vedelemr\u0151l\" b\u0151vebb inform\u00e1ci\u00f3\u00e9rt l\u00e1sd a k\u00f6vetkez\u0151t&nbsp;<a href=\"https:\/\/gradido.net\/hu\/basic-income\/\">https:\/\/gradido.net\/de\/basic-income\/<\/a><\/p>\n<p><strong>A Gradido Akad\u00e9mi\u00e1r\u00f3l<\/strong><\/p>\n<p>A Gradido Academy for Economic Bionics kifejlesztett egy alternat\u00edv \"k\u00f6zj\u00f3 valut\u00e1t\", amely a term\u00e9szet mint\u00e1j\u00e1ra k\u00e9sz\u00fclt. A term\u00e9szet azt a szab\u00e1lyt k\u00f6veti, hogy csak ott, ahol valami elm\u00falik, keletkezhet valami \u00faj, \u00e9s \u00edgy hossz\u00fa t\u00e1v\u00fa fejl\u0151d\u00e9s (evol\u00faci\u00f3) lehets\u00e9ges. A siker receptje az \"\u00e9let k\u00f6rforg\u00e1sa\". Ha a mi gazdas\u00e1gunk is ezt a term\u00e9szetes ciklust k\u00f6vetn\u00e9, az a gazdas\u00e1gi bionika szak\u00e9rt\u0151i szerint gyakorlatilag a vil\u00e1g \u00f6sszes p\u00e9nzzel kapcsolatos probl\u00e9m\u00e1j\u00e1t megoldan\u00e1. A Gradido modell azon az elk\u00e9pzel\u00e9sen alapul, hogy nemcsak minden szem\u00e9ly, hanem minden \u00e1llam is kap egy hitelalapon l\u00e9trehozott j\u00f6vedelmet. Ezzel minden feladat\u00e1t ad\u00f3beszed\u00e9s n\u00e9lk\u00fcl is el tudja l\u00e1tni. A defl\u00e1ci\u00f3 vagy az infl\u00e1ci\u00f3 m\u00e1r a m\u00falt\u00e9. A gazdas\u00e1g megszabadul az \u00e1lland\u00f3 n\u00f6veked\u00e9si k\u00e9nyszert\u0151l, a p\u00e9nz\u00fcgyi rendszer \u00f6sszeoml\u00e1s\u00e1nak vesz\u00e9lye v\u00e9gre elh\u00e1rul. (<a href=\"https:\/\/gradido.net\/hu\/\">www.gradido.net<\/a>)<\/p>\t\t\t\t\t\t\t\t<\/div>\n\t\t\t\t<\/div>\n\t\t\t\t\t<\/div>\n\t\t<\/div>\n\t\t\t\t\t<\/div>\n\t\t<\/section>\n\t\t\t\t<\/div>","protected":false},"excerpt":{"rendered":"<p>Gradido-Modell verspricht Sicherheit mit Zukunft K\u00fcnzelsau, 17. Juni 2020 \u2013 Vielen Familien beschert die Corona-Krise auch gravierende finanzielle Belastungen. Der einmalige \u201aFamilienbonus\u2018 von 300 Euro pro Kind kann deren Notlage kaum lindern. Vielmehr sind ein entschiedener Kurswechsel und kreative Familienpolitik das Gebot der Stunde. Das \u201aAktive Grundeinkommen\u2018 des evolution\u00e4ren Gradido-Finanzsystems hat das Potential, die Existenz [&hellip;]<\/p>\n","protected":false},"author":1,"featured_media":228,"comment_status":"closed","ping_status":"closed","sticky":false,"template":"","format":"standard","meta":{"footnotes":""},"categories":[8],"tags":[16],"class_list":["post-633","post","type-post","status-publish","format-standard","has-post-thumbnail","hentry","category-pressemitteilung","tag-grundeinkommen"],"yoast_head":"<!-- This site is optimized with the Yoast SEO plugin v27.5 - https:\/\/yoast.com\/product\/yoast-seo-wordpress\/ -->\n<title>Grundeinkommen statt Familienbonus - Gradido<\/title>\n<meta name=\"robots\" content=\"index, follow, max-snippet:-1, max-image-preview:large, max-video-preview:-1\" \/>\n<link rel=\"canonical\" href=\"https:\/\/gradido.net\/hu\/grundeinkommen-statt-familienbonus\/\" \/>\n<meta property=\"og:locale\" content=\"hu_HU\" \/>\n<meta property=\"og:type\" content=\"article\" \/>\n<meta property=\"og:title\" content=\"Grundeinkommen statt Familienbonus - Gradido\" \/>\n<meta property=\"og:description\" content=\"Gradido-Modell verspricht Sicherheit mit Zukunft K\u00fcnzelsau, 17. Juni 2020 \u2013 Vielen Familien beschert die Corona-Krise auch gravierende finanzielle Belastungen. Der einmalige \u201aFamilienbonus\u2018 von 300 Euro pro Kind kann deren Notlage kaum lindern. Vielmehr sind ein entschiedener Kurswechsel und kreative Familienpolitik das Gebot der Stunde. Das \u201aAktive Grundeinkommen\u2018 des evolution\u00e4ren Gradido-Finanzsystems hat das Potential, die Existenz [&hellip;]\" \/>\n<meta property=\"og:url\" content=\"https:\/\/gradido.net\/hu\/grundeinkommen-statt-familienbonus\/\" \/>\n<meta property=\"og:site_name\" content=\"Gradido\" \/>\n<meta property=\"article:published_time\" content=\"2020-06-17T13:56:00+00:00\" \/>\n<meta property=\"article:modified_time\" content=\"2021-12-10T12:07:39+00:00\" \/>\n<meta property=\"og:image\" content=\"https:\/\/gradido.net\/wp-content\/uploads\/2020\/06\/family-hand.jpg\" \/>\n\t<meta property=\"og:image:width\" content=\"1000\" \/>\n\t<meta property=\"og:image:height\" content=\"667\" \/>\n\t<meta property=\"og:image:type\" content=\"image\/jpeg\" \/>\n<meta name=\"author\" content=\"GR4dmin\" \/>\n<meta name=\"twitter:card\" content=\"summary_large_image\" \/>\n<meta name=\"twitter:label1\" content=\"Szerz\u0151:\" \/>\n\t<meta name=\"twitter:data1\" content=\"GR4dmin\" \/>\n\t<meta name=\"twitter:label2\" content=\"Becs\u00fclt olvas\u00e1si id\u0151\" \/>\n\t<meta name=\"twitter:data2\" content=\"2 perc\" \/>\n<script type=\"application\/ld+json\" class=\"yoast-schema-graph\">{\"@context\":\"https:\\\/\\\/schema.org\",\"@graph\":[{\"@type\":\"Article\",\"@id\":\"https:\\\/\\\/gradido.net\\\/tr\\\/grundeinkommen-statt-familienbonus\\\/#article\",\"isPartOf\":{\"@id\":\"https:\\\/\\\/gradido.net\\\/tr\\\/grundeinkommen-statt-familienbonus\\\/\"},\"author\":{\"name\":\"GR4dmin\",\"@id\":\"https:\\\/\\\/gradido.net\\\/de\\\/#\\\/schema\\\/person\\\/9f913f37a47e7a82ad686b58fc907588\"},\"headline\":\"Grundeinkommen statt Familienbonus\",\"datePublished\":\"2020-06-17T13:56:00+00:00\",\"dateModified\":\"2021-12-10T12:07:39+00:00\",\"mainEntityOfPage\":{\"@id\":\"https:\\\/\\\/gradido.net\\\/tr\\\/grundeinkommen-statt-familienbonus\\\/\"},\"wordCount\":336,\"publisher\":{\"@id\":\"https:\\\/\\\/gradido.net\\\/de\\\/#organization\"},\"image\":{\"@id\":\"https:\\\/\\\/gradido.net\\\/tr\\\/grundeinkommen-statt-familienbonus\\\/#primaryimage\"},\"thumbnailUrl\":\"https:\\\/\\\/gradido.net\\\/wp-content\\\/uploads\\\/2020\\\/06\\\/family-hand.jpg\",\"keywords\":[\"Grundeinkommen\"],\"articleSection\":[\"Pressemitteilung\"],\"inLanguage\":\"hu\"},{\"@type\":\"WebPage\",\"@id\":\"https:\\\/\\\/gradido.net\\\/tr\\\/grundeinkommen-statt-familienbonus\\\/\",\"url\":\"https:\\\/\\\/gradido.net\\\/tr\\\/grundeinkommen-statt-familienbonus\\\/\",\"name\":\"Grundeinkommen statt Familienbonus - Gradido\",\"isPartOf\":{\"@id\":\"https:\\\/\\\/gradido.net\\\/de\\\/#website\"},\"primaryImageOfPage\":{\"@id\":\"https:\\\/\\\/gradido.net\\\/tr\\\/grundeinkommen-statt-familienbonus\\\/#primaryimage\"},\"image\":{\"@id\":\"https:\\\/\\\/gradido.net\\\/tr\\\/grundeinkommen-statt-familienbonus\\\/#primaryimage\"},\"thumbnailUrl\":\"https:\\\/\\\/gradido.net\\\/wp-content\\\/uploads\\\/2020\\\/06\\\/family-hand.jpg\",\"datePublished\":\"2020-06-17T13:56:00+00:00\",\"dateModified\":\"2021-12-10T12:07:39+00:00\",\"breadcrumb\":{\"@id\":\"https:\\\/\\\/gradido.net\\\/tr\\\/grundeinkommen-statt-familienbonus\\\/#breadcrumb\"},\"inLanguage\":\"hu\",\"potentialAction\":[{\"@type\":\"ReadAction\",\"target\":[\"https:\\\/\\\/gradido.net\\\/tr\\\/grundeinkommen-statt-familienbonus\\\/\"]}]},{\"@type\":\"ImageObject\",\"inLanguage\":\"hu\",\"@id\":\"https:\\\/\\\/gradido.net\\\/tr\\\/grundeinkommen-statt-familienbonus\\\/#primaryimage\",\"url\":\"https:\\\/\\\/gradido.net\\\/wp-content\\\/uploads\\\/2020\\\/06\\\/family-hand.jpg\",\"contentUrl\":\"https:\\\/\\\/gradido.net\\\/wp-content\\\/uploads\\\/2020\\\/06\\\/family-hand.jpg\",\"width\":1000,\"height\":667},{\"@type\":\"BreadcrumbList\",\"@id\":\"https:\\\/\\\/gradido.net\\\/tr\\\/grundeinkommen-statt-familienbonus\\\/#breadcrumb\",\"itemListElement\":[{\"@type\":\"ListItem\",\"position\":1,\"name\":\"Startseite\",\"item\":\"https:\\\/\\\/gradido.net\\\/\"},{\"@type\":\"ListItem\",\"position\":2,\"name\":\"Grundeinkommen statt Familienbonus\"}]},{\"@type\":\"WebSite\",\"@id\":\"https:\\\/\\\/gradido.net\\\/de\\\/#website\",\"url\":\"https:\\\/\\\/gradido.net\\\/de\\\/\",\"name\":\"Gradido\",\"description\":\"Die neue W\u00e4hrung hei\u00dft Dankbarkeit\",\"publisher\":{\"@id\":\"https:\\\/\\\/gradido.net\\\/de\\\/#organization\"},\"potentialAction\":[{\"@type\":\"SearchAction\",\"target\":{\"@type\":\"EntryPoint\",\"urlTemplate\":\"https:\\\/\\\/gradido.net\\\/de\\\/?s={search_term_string}\"},\"query-input\":{\"@type\":\"PropertyValueSpecification\",\"valueRequired\":true,\"valueName\":\"search_term_string\"}}],\"inLanguage\":\"hu\"},{\"@type\":\"Organization\",\"@id\":\"https:\\\/\\\/gradido.net\\\/de\\\/#organization\",\"name\":\"Gradido\",\"url\":\"https:\\\/\\\/gradido.net\\\/de\\\/\",\"logo\":{\"@type\":\"ImageObject\",\"inLanguage\":\"hu\",\"@id\":\"https:\\\/\\\/gradido.net\\\/de\\\/#\\\/schema\\\/logo\\\/image\\\/\",\"url\":\"https:\\\/\\\/gradido.net\\\/wp-content\\\/uploads\\\/2022\\\/04\\\/gradido-social.jpg\",\"contentUrl\":\"https:\\\/\\\/gradido.net\\\/wp-content\\\/uploads\\\/2022\\\/04\\\/gradido-social.jpg\",\"width\":527,\"height\":273,\"caption\":\"Gradido\"},\"image\":{\"@id\":\"https:\\\/\\\/gradido.net\\\/de\\\/#\\\/schema\\\/logo\\\/image\\\/\"}},{\"@type\":\"Person\",\"@id\":\"https:\\\/\\\/gradido.net\\\/de\\\/#\\\/schema\\\/person\\\/9f913f37a47e7a82ad686b58fc907588\",\"name\":\"GR4dmin\",\"sameAs\":[\"https:\\\/\\\/gradido.net\"],\"url\":\"https:\\\/\\\/gradido.net\\\/hu\\\/author\\\/gr4dmin\\\/\"}]}<\/script>\n<!-- \/ Yoast SEO plugin. -->","yoast_head_json":{"title":"Alapj\u00f6vedelem a csal\u00e1di p\u00f3tl\u00e9k helyett - Gradido","robots":{"index":"index","follow":"follow","max-snippet":"max-snippet:-1","max-image-preview":"max-image-preview:large","max-video-preview":"max-video-preview:-1"},"canonical":"https:\/\/gradido.net\/hu\/grundeinkommen-statt-familienbonus\/","og_locale":"hu_HU","og_type":"article","og_title":"Grundeinkommen statt Familienbonus - Gradido","og_description":"Gradido-Modell verspricht Sicherheit mit Zukunft K\u00fcnzelsau, 17. Juni 2020 \u2013 Vielen Familien beschert die Corona-Krise auch gravierende finanzielle Belastungen. Der einmalige \u201aFamilienbonus\u2018 von 300 Euro pro Kind kann deren Notlage kaum lindern. Vielmehr sind ein entschiedener Kurswechsel und kreative Familienpolitik das Gebot der Stunde. Das \u201aAktive Grundeinkommen\u2018 des evolution\u00e4ren Gradido-Finanzsystems hat das Potential, die Existenz [&hellip;]","og_url":"https:\/\/gradido.net\/hu\/grundeinkommen-statt-familienbonus\/","og_site_name":"Gradido","article_published_time":"2020-06-17T13:56:00+00:00","article_modified_time":"2021-12-10T12:07:39+00:00","og_image":[{"width":1000,"height":667,"url":"https:\/\/gradido.net\/wp-content\/uploads\/2020\/06\/family-hand.jpg","type":"image\/jpeg"}],"author":"GR4dmin","twitter_card":"summary_large_image","twitter_misc":{"Szerz\u0151:":"GR4dmin","Becs\u00fclt olvas\u00e1si id\u0151":"2 perc"},"schema":{"@context":"https:\/\/schema.org","@graph":[{"@type":"Article","@id":"https:\/\/gradido.net\/tr\/grundeinkommen-statt-familienbonus\/#article","isPartOf":{"@id":"https:\/\/gradido.net\/tr\/grundeinkommen-statt-familienbonus\/"},"author":{"name":"GR4dmin","@id":"https:\/\/gradido.net\/de\/#\/schema\/person\/9f913f37a47e7a82ad686b58fc907588"},"headline":"Grundeinkommen statt Familienbonus","datePublished":"2020-06-17T13:56:00+00:00","dateModified":"2021-12-10T12:07:39+00:00","mainEntityOfPage":{"@id":"https:\/\/gradido.net\/tr\/grundeinkommen-statt-familienbonus\/"},"wordCount":336,"publisher":{"@id":"https:\/\/gradido.net\/de\/#organization"},"image":{"@id":"https:\/\/gradido.net\/tr\/grundeinkommen-statt-familienbonus\/#primaryimage"},"thumbnailUrl":"https:\/\/gradido.net\/wp-content\/uploads\/2020\/06\/family-hand.jpg","keywords":["Grundeinkommen"],"articleSection":["Pressemitteilung"],"inLanguage":"hu"},{"@type":"WebPage","@id":"https:\/\/gradido.net\/tr\/grundeinkommen-statt-familienbonus\/","url":"https:\/\/gradido.net\/tr\/grundeinkommen-statt-familienbonus\/","name":"Alapj\u00f6vedelem a csal\u00e1di p\u00f3tl\u00e9k helyett - Gradido","isPartOf":{"@id":"https:\/\/gradido.net\/de\/#website"},"primaryImageOfPage":{"@id":"https:\/\/gradido.net\/tr\/grundeinkommen-statt-familienbonus\/#primaryimage"},"image":{"@id":"https:\/\/gradido.net\/tr\/grundeinkommen-statt-familienbonus\/#primaryimage"},"thumbnailUrl":"https:\/\/gradido.net\/wp-content\/uploads\/2020\/06\/family-hand.jpg","datePublished":"2020-06-17T13:56:00+00:00","dateModified":"2021-12-10T12:07:39+00:00","breadcrumb":{"@id":"https:\/\/gradido.net\/tr\/grundeinkommen-statt-familienbonus\/#breadcrumb"},"inLanguage":"hu","potentialAction":[{"@type":"ReadAction","target":["https:\/\/gradido.net\/tr\/grundeinkommen-statt-familienbonus\/"]}]},{"@type":"ImageObject","inLanguage":"hu","@id":"https:\/\/gradido.net\/tr\/grundeinkommen-statt-familienbonus\/#primaryimage","url":"https:\/\/gradido.net\/wp-content\/uploads\/2020\/06\/family-hand.jpg","contentUrl":"https:\/\/gradido.net\/wp-content\/uploads\/2020\/06\/family-hand.jpg","width":1000,"height":667},{"@type":"BreadcrumbList","@id":"https:\/\/gradido.net\/tr\/grundeinkommen-statt-familienbonus\/#breadcrumb","itemListElement":[{"@type":"ListItem","position":1,"name":"Startseite","item":"https:\/\/gradido.net\/"},{"@type":"ListItem","position":2,"name":"Grundeinkommen statt Familienbonus"}]},{"@type":"WebSite","@id":"https:\/\/gradido.net\/de\/#website","url":"https:\/\/gradido.net\/de\/","name":"Gradido","description":"Az \u00faj p\u00e9nznem a h\u00e1la","publisher":{"@id":"https:\/\/gradido.net\/de\/#organization"},"potentialAction":[{"@type":"SearchAction","target":{"@type":"EntryPoint","urlTemplate":"https:\/\/gradido.net\/de\/?s={search_term_string}"},"query-input":{"@type":"PropertyValueSpecification","valueRequired":true,"valueName":"search_term_string"}}],"inLanguage":"hu"},{"@type":"Organization","@id":"https:\/\/gradido.net\/de\/#organization","name":"Gradido","url":"https:\/\/gradido.net\/de\/","logo":{"@type":"ImageObject","inLanguage":"hu","@id":"https:\/\/gradido.net\/de\/#\/schema\/logo\/image\/","url":"https:\/\/gradido.net\/wp-content\/uploads\/2022\/04\/gradido-social.jpg","contentUrl":"https:\/\/gradido.net\/wp-content\/uploads\/2022\/04\/gradido-social.jpg","width":527,"height":273,"caption":"Gradido"},"image":{"@id":"https:\/\/gradido.net\/de\/#\/schema\/logo\/image\/"}},{"@type":"Person","@id":"https:\/\/gradido.net\/de\/#\/schema\/person\/9f913f37a47e7a82ad686b58fc907588","name":"GR4dmin","sameAs":["https:\/\/gradido.net"],"url":"https:\/\/gradido.net\/hu\/author\/gr4dmin\/"}]}},"_links":{"self":[{"href":"https:\/\/gradido.net\/hu\/wp-json\/wp\/v2\/posts\/633","targetHints":{"allow":["GET"]}}],"collection":[{"href":"https:\/\/gradido.net\/hu\/wp-json\/wp\/v2\/posts"}],"about":[{"href":"https:\/\/gradido.net\/hu\/wp-json\/wp\/v2\/types\/post"}],"author":[{"embeddable":true,"href":"https:\/\/gradido.net\/hu\/wp-json\/wp\/v2\/users\/1"}],"replies":[{"embeddable":true,"href":"https:\/\/gradido.net\/hu\/wp-json\/wp\/v2\/comments?post=633"}],"version-history":[{"count":10,"href":"https:\/\/gradido.net\/hu\/wp-json\/wp\/v2\/posts\/633\/revisions"}],"predecessor-version":[{"id":3715,"href":"https:\/\/gradido.net\/hu\/wp-json\/wp\/v2\/posts\/633\/revisions\/3715"}],"wp:featuredmedia":[{"embeddable":true,"href":"https:\/\/gradido.net\/hu\/wp-json\/wp\/v2\/media\/228"}],"wp:attachment":[{"href":"https:\/\/gradido.net\/hu\/wp-json\/wp\/v2\/media?parent=633"}],"wp:term":[{"taxonomy":"category","embeddable":true,"href":"https:\/\/gradido.net\/hu\/wp-json\/wp\/v2\/categories?post=633"},{"taxonomy":"post_tag","embeddable":true,"href":"https:\/\/gradido.net\/hu\/wp-json\/wp\/v2\/tags?post=633"}],"curies":[{"name":"wp","href":"https:\/\/api.w.org\/{rel}","templated":true}]}}