{"id":639,"date":"2020-06-30T16:02:00","date_gmt":"2020-06-30T14:02:00","guid":{"rendered":"http:\/\/neu.gradido.net\/?p=639"},"modified":"2021-12-10T13:06:49","modified_gmt":"2021-12-10T12:06:49","slug":"versorgung-statt-verschuldung","status":"publish","type":"post","link":"https:\/\/gradido.net\/hu\/versorgung-statt-verschuldung\/","title":{"rendered":"Ad\u00f3ss\u00e1g helyett k\u00edn\u00e1lat"},"content":{"rendered":"<div data-elementor-type=\"wp-post\" data-elementor-id=\"639\" class=\"elementor elementor-639\" data-elementor-post-type=\"post\">\n\t\t\t\t\t\t<section class=\"elementor-section elementor-top-section elementor-element elementor-element-44441480 elementor-section-boxed elementor-section-height-default elementor-section-height-default\" data-id=\"44441480\" data-element_type=\"section\" data-e-type=\"section\">\n\t\t\t\t\t\t<div class=\"elementor-container elementor-column-gap-default\">\n\t\t\t\t\t<div class=\"elementor-column elementor-col-100 elementor-top-column elementor-element elementor-element-b1bdbce\" data-id=\"b1bdbce\" data-element_type=\"column\" data-e-type=\"column\">\n\t\t\t<div class=\"elementor-widget-wrap elementor-element-populated\">\n\t\t\t\t\t\t<div class=\"elementor-element elementor-element-6881bb09 elementor-widget elementor-widget-text-editor\" data-id=\"6881bb09\" data-element_type=\"widget\" data-e-type=\"widget\" data-widget_type=\"text-editor.default\">\n\t\t\t\t<div class=\"elementor-widget-container\">\n\t\t\t\t\t\t\t\t\t<h3>\u00daj p\u00e9nz\u00fcgyi rendszer az ad\u00f3ss\u00e1gmentes lesz\u00e1rmazottak\u00e9rt<\/h3>\n<p><strong>K\u00fcnzelsau, 2020. j\u00fanius 30. - A milli\u00e1rdos ment\u0151alapok a Corona-v\u00e1ls\u00e1g puszt\u00edt\u00f3 gazdas\u00e1gi k\u00f6vetkezm\u00e9nyeit hivatottak enyh\u00edteni. A sz\u00fcks\u00e9g ugyanolyan \u00f3ri\u00e1si, mint az aggodalom amiatt, hogy a j\u00f6v\u0151 gener\u00e1ci\u00f3i hogyan fogj\u00e1k visszafizetni ezt a gigantikus ad\u00f3ss\u00e1ghegyet. A Gradido Akad\u00e9mia gazdas\u00e1gi bionikai szak\u00e9rt\u0151i szerint p\u00e9nz\u00fcgyi \u00e9s gazdas\u00e1gi rendszer\u00fcnk e kih\u00edv\u00e1s miatt \u00f6sszeomolhat. A j\u00f6v\u0151vel rendelkez\u0151 alternat\u00edv\u00e1juk a \"Gradido modell\".<\/strong><\/p>\n<p>Az uralkod\u00f3 p\u00e9nz\u00fcgyi rendszerben egyesek hitele mindig m\u00e1sok ad\u00f3ss\u00e1ga. Ezt a rendszerszint\u0171 mechanizmust csak a monet\u00e1ris rendszer \u00e1talak\u00edt\u00e1s\u00e1val lehet megt\u00f6rni. A Gradido Academy for Economic Bionics m\u00e1r 20 \u00e9ve fejleszti a \"k\u00f6zj\u00f3 p\u00e9nznemet\", amely a term\u00e9szet modellj\u00e9n alapul, \u00e9s teljesen \u00faj lehet\u0151s\u00e9geket nyit meg. A \"Gradido-modellben\", a term\u00e9szetes modellen alapul\u00f3 p\u00e9nz\u00fcgyi \u00e9s gazdas\u00e1gi rendszerben a p\u00e9nzteremt\u00e9s teljesen ad\u00f3ss\u00e1gmentes. A \"h\u00e1rmas j\u00f3\" alapelv\u00e9nek megfelel\u0151en az alapell\u00e1t\u00e1s minden egy\u00e9n, az \u00e1llami k\u00f6lts\u00e9gvet\u00e9sek \u00e9s egy vil\u00e1gm\u00e9ret\u0171 k\u00f6rnyezetv\u00e9delmi alap sz\u00e1m\u00e1ra biztos\u00edtott.<\/p>\n<h4>\u00c9letp\u00e9nz a p\u00e9nzad\u00f3ss\u00e1g helyett<\/h4>\n<p>Minden szem\u00e9lyre havonta h\u00e1romszor 1000 gradido (GDD) jut:<\/p>\n<p>1,000 GDD az akt\u00edv alapj\u00f6vedelemhez<br>1,000 GDD az \u00e1llami k\u00f6lts\u00e9gvet\u00e9s sz\u00e1m\u00e1ra, bele\u00e9rtve az eg\u00e9szs\u00e9g\u00fcgyi \u00e1gazatot is<br>1,000 GDD a K\u00e1renyh\u00edt\u00e9si \u00e9s K\u00f6rnyezetv\u00e9delmi Alap (AUF) sz\u00e1m\u00e1ra<\/p>\n<h4>V\u00e9szp\u00e9nz p\u00e9nz\u00fcgyi \u00f6sszeoml\u00e1s eset\u00e9n<\/h4>\n<p>Amennyiben a fenn\u00e1ll\u00f3 p\u00e9nz\u00fcgyi rendszer a hatalmas jelenlegi terhek miatt val\u00f3ban \u00f6sszeomlana, a \"Gradido\" egyel\u0151re v\u00e9szp\u00e9nzk\u00e9nt szolg\u00e1lhatna, \u00e9s \u00edgy fenntarthatn\u00e1 a gazdas\u00e1gi \u00e9letet. Annak \u00e9rdek\u00e9ben, hogy egy ilyen v\u00e9szhelyzetben azonnal rendelkez\u00e9sre \u00e1lljon, a gazdas\u00e1gi bionika szak\u00e9rt\u0151i a \"Gradido\" bevezet\u00e9s\u00e9n dolgoznak a megl\u00e9v\u0151 valut\u00e1kkal p\u00e1rhuzamosan, egy b\u00f3nuszrendszer seg\u00edts\u00e9g\u00e9vel.<\/p>\n<p>A \"Gradido modell\" r\u00e9szletei a k\u00f6vetkez\u0151 c\u00edmen tal\u00e1lhat\u00f3k meg&nbsp;<a href=\"https:\/\/gradido.net\/hu\/coin\/\">https:\/\/gradido.net\/de\/coin<\/a><\/p>\n<p><\/p>\n<h4>A Gradido Akad\u00e9mi\u00e1r\u00f3l<\/h4>\n<p>A Gradido Academy for Economic Bionics kifejlesztett egy alternat\u00edv \"k\u00f6zj\u00f3 valut\u00e1t\", amely a term\u00e9szet mint\u00e1j\u00e1ra k\u00e9sz\u00fclt. A term\u00e9szet azt a szab\u00e1lyt k\u00f6veti, hogy csak ott, ahol valami elm\u00falik, keletkezhet valami \u00faj, \u00e9s \u00edgy hossz\u00fa t\u00e1v\u00fa fejl\u0151d\u00e9s (evol\u00faci\u00f3) lehets\u00e9ges. A siker receptje az \"\u00e9let k\u00f6rforg\u00e1sa\". Ha a mi gazdas\u00e1gunk is ezt a term\u00e9szetes ciklust k\u00f6vetn\u00e9, az a gazdas\u00e1gi bionika szak\u00e9rt\u0151i szerint gyakorlatilag a vil\u00e1g \u00f6sszes p\u00e9nzzel kapcsolatos probl\u00e9m\u00e1j\u00e1t megoldan\u00e1. A Gradido modell azon az elk\u00e9pzel\u00e9sen alapul, hogy nemcsak minden szem\u00e9ly, hanem minden \u00e1llam is kap egy hitelalapon l\u00e9trehozott j\u00f6vedelmet. Ezzel minden feladat\u00e1t ad\u00f3beszed\u00e9s n\u00e9lk\u00fcl is el tudja l\u00e1tni. A defl\u00e1ci\u00f3 vagy az infl\u00e1ci\u00f3 m\u00e1r a m\u00falt\u00e9. A gazdas\u00e1g megszabadul az \u00e1lland\u00f3 n\u00f6veked\u00e9si k\u00e9nyszert\u0151l, a p\u00e9nz\u00fcgyi rendszer \u00f6sszeoml\u00e1s\u00e1nak vesz\u00e9lye v\u00e9gre elh\u00e1rul. (<a href=\"https:\/\/gradido.net\/hu\/\">www.gradido.net<\/a>)<\/p>\t\t\t\t\t\t\t\t<\/div>\n\t\t\t\t<\/div>\n\t\t\t\t\t<\/div>\n\t\t<\/div>\n\t\t\t\t\t<\/div>\n\t\t<\/section>\n\t\t\t\t<\/div>","protected":false},"excerpt":{"rendered":"<p>Neues Finanzsystem f\u00fcr schuldenfreie Nachkommen K\u00fcnzelsau, 30. Juni 2020 \u2013 Milliardenschwere Rettungsfonds sollen die verheerenden wirtschaftlichen Folgen der Coronakrise mildern. Der Bedarf ist ebenso gewaltig wie die Sorge darum, wie k\u00fcnftige Generationen diesen gigantischen Schuldenberg abtragen sollen. Den Wirtschaftsbionikern der Gradido-Akademie zufolge k\u00f6nnte unser Finanz- und Wirt-schaftssystem an dieser Herausforderung scheitern. Ihre Alternative mit Zukunft [&hellip;]<\/p>\n","protected":false},"author":1,"featured_media":227,"comment_status":"closed","ping_status":"closed","sticky":false,"template":"","format":"standard","meta":{"footnotes":""},"categories":[8],"tags":[14],"class_list":["post-639","post","type-post","status-publish","format-standard","has-post-thumbnail","hentry","category-pressemitteilung","tag-finanzsystem"],"yoast_head":"<!-- This site is optimized with the Yoast SEO plugin v27.5 - https:\/\/yoast.com\/product\/yoast-seo-wordpress\/ -->\n<title>Versorgung statt Verschuldung - Gradido<\/title>\n<meta name=\"robots\" content=\"index, follow, max-snippet:-1, max-image-preview:large, max-video-preview:-1\" \/>\n<link rel=\"canonical\" href=\"https:\/\/gradido.net\/hu\/versorgung-statt-verschuldung\/\" \/>\n<meta property=\"og:locale\" content=\"hu_HU\" \/>\n<meta property=\"og:type\" content=\"article\" \/>\n<meta property=\"og:title\" content=\"Versorgung statt Verschuldung - Gradido\" \/>\n<meta property=\"og:description\" content=\"Neues Finanzsystem f\u00fcr schuldenfreie Nachkommen K\u00fcnzelsau, 30. Juni 2020 \u2013 Milliardenschwere Rettungsfonds sollen die verheerenden wirtschaftlichen Folgen der Coronakrise mildern. Der Bedarf ist ebenso gewaltig wie die Sorge darum, wie k\u00fcnftige Generationen diesen gigantischen Schuldenberg abtragen sollen. Den Wirtschaftsbionikern der Gradido-Akademie zufolge k\u00f6nnte unser Finanz- und Wirt-schaftssystem an dieser Herausforderung scheitern. Ihre Alternative mit Zukunft [&hellip;]\" \/>\n<meta property=\"og:url\" content=\"https:\/\/gradido.net\/hu\/versorgung-statt-verschuldung\/\" \/>\n<meta property=\"og:site_name\" content=\"Gradido\" \/>\n<meta property=\"article:published_time\" content=\"2020-06-30T14:02:00+00:00\" \/>\n<meta property=\"article:modified_time\" content=\"2021-12-10T12:06:49+00:00\" \/>\n<meta property=\"og:image\" content=\"https:\/\/gradido.net\/wp-content\/uploads\/2020\/06\/mother.jpg\" \/>\n\t<meta property=\"og:image:width\" content=\"1000\" \/>\n\t<meta property=\"og:image:height\" content=\"667\" \/>\n\t<meta property=\"og:image:type\" content=\"image\/jpeg\" \/>\n<meta name=\"author\" content=\"GR4dmin\" \/>\n<meta name=\"twitter:card\" content=\"summary_large_image\" \/>\n<meta name=\"twitter:label1\" content=\"Szerz\u0151:\" \/>\n\t<meta name=\"twitter:data1\" content=\"GR4dmin\" \/>\n\t<meta name=\"twitter:label2\" content=\"Becs\u00fclt olvas\u00e1si id\u0151\" \/>\n\t<meta name=\"twitter:data2\" content=\"2 perc\" \/>\n<script type=\"application\/ld+json\" class=\"yoast-schema-graph\">{\"@context\":\"https:\\\/\\\/schema.org\",\"@graph\":[{\"@type\":\"Article\",\"@id\":\"https:\\\/\\\/gradido.net\\\/fi\\\/versorgung-statt-verschuldung\\\/#article\",\"isPartOf\":{\"@id\":\"https:\\\/\\\/gradido.net\\\/fi\\\/versorgung-statt-verschuldung\\\/\"},\"author\":{\"name\":\"GR4dmin\",\"@id\":\"https:\\\/\\\/gradido.net\\\/de\\\/#\\\/schema\\\/person\\\/9f913f37a47e7a82ad686b58fc907588\"},\"headline\":\"Versorgung statt Verschuldung\",\"datePublished\":\"2020-06-30T14:02:00+00:00\",\"dateModified\":\"2021-12-10T12:06:49+00:00\",\"mainEntityOfPage\":{\"@id\":\"https:\\\/\\\/gradido.net\\\/fi\\\/versorgung-statt-verschuldung\\\/\"},\"wordCount\":409,\"publisher\":{\"@id\":\"https:\\\/\\\/gradido.net\\\/de\\\/#organization\"},\"image\":{\"@id\":\"https:\\\/\\\/gradido.net\\\/fi\\\/versorgung-statt-verschuldung\\\/#primaryimage\"},\"thumbnailUrl\":\"https:\\\/\\\/gradido.net\\\/wp-content\\\/uploads\\\/2020\\\/06\\\/mother.jpg\",\"keywords\":[\"Finanzsystem\"],\"articleSection\":[\"Pressemitteilung\"],\"inLanguage\":\"hu\"},{\"@type\":\"WebPage\",\"@id\":\"https:\\\/\\\/gradido.net\\\/fi\\\/versorgung-statt-verschuldung\\\/\",\"url\":\"https:\\\/\\\/gradido.net\\\/fi\\\/versorgung-statt-verschuldung\\\/\",\"name\":\"Versorgung statt Verschuldung - Gradido\",\"isPartOf\":{\"@id\":\"https:\\\/\\\/gradido.net\\\/de\\\/#website\"},\"primaryImageOfPage\":{\"@id\":\"https:\\\/\\\/gradido.net\\\/fi\\\/versorgung-statt-verschuldung\\\/#primaryimage\"},\"image\":{\"@id\":\"https:\\\/\\\/gradido.net\\\/fi\\\/versorgung-statt-verschuldung\\\/#primaryimage\"},\"thumbnailUrl\":\"https:\\\/\\\/gradido.net\\\/wp-content\\\/uploads\\\/2020\\\/06\\\/mother.jpg\",\"datePublished\":\"2020-06-30T14:02:00+00:00\",\"dateModified\":\"2021-12-10T12:06:49+00:00\",\"breadcrumb\":{\"@id\":\"https:\\\/\\\/gradido.net\\\/fi\\\/versorgung-statt-verschuldung\\\/#breadcrumb\"},\"inLanguage\":\"hu\",\"potentialAction\":[{\"@type\":\"ReadAction\",\"target\":[\"https:\\\/\\\/gradido.net\\\/fi\\\/versorgung-statt-verschuldung\\\/\"]}]},{\"@type\":\"ImageObject\",\"inLanguage\":\"hu\",\"@id\":\"https:\\\/\\\/gradido.net\\\/fi\\\/versorgung-statt-verschuldung\\\/#primaryimage\",\"url\":\"https:\\\/\\\/gradido.net\\\/wp-content\\\/uploads\\\/2020\\\/06\\\/mother.jpg\",\"contentUrl\":\"https:\\\/\\\/gradido.net\\\/wp-content\\\/uploads\\\/2020\\\/06\\\/mother.jpg\",\"width\":1000,\"height\":667},{\"@type\":\"BreadcrumbList\",\"@id\":\"https:\\\/\\\/gradido.net\\\/fi\\\/versorgung-statt-verschuldung\\\/#breadcrumb\",\"itemListElement\":[{\"@type\":\"ListItem\",\"position\":1,\"name\":\"Startseite\",\"item\":\"https:\\\/\\\/gradido.net\\\/\"},{\"@type\":\"ListItem\",\"position\":2,\"name\":\"Versorgung statt Verschuldung\"}]},{\"@type\":\"WebSite\",\"@id\":\"https:\\\/\\\/gradido.net\\\/de\\\/#website\",\"url\":\"https:\\\/\\\/gradido.net\\\/de\\\/\",\"name\":\"Gradido\",\"description\":\"Die neue W\u00e4hrung hei\u00dft Dankbarkeit\",\"publisher\":{\"@id\":\"https:\\\/\\\/gradido.net\\\/de\\\/#organization\"},\"potentialAction\":[{\"@type\":\"SearchAction\",\"target\":{\"@type\":\"EntryPoint\",\"urlTemplate\":\"https:\\\/\\\/gradido.net\\\/de\\\/?s={search_term_string}\"},\"query-input\":{\"@type\":\"PropertyValueSpecification\",\"valueRequired\":true,\"valueName\":\"search_term_string\"}}],\"inLanguage\":\"hu\"},{\"@type\":\"Organization\",\"@id\":\"https:\\\/\\\/gradido.net\\\/de\\\/#organization\",\"name\":\"Gradido\",\"url\":\"https:\\\/\\\/gradido.net\\\/de\\\/\",\"logo\":{\"@type\":\"ImageObject\",\"inLanguage\":\"hu\",\"@id\":\"https:\\\/\\\/gradido.net\\\/de\\\/#\\\/schema\\\/logo\\\/image\\\/\",\"url\":\"https:\\\/\\\/gradido.net\\\/wp-content\\\/uploads\\\/2022\\\/04\\\/gradido-social.jpg\",\"contentUrl\":\"https:\\\/\\\/gradido.net\\\/wp-content\\\/uploads\\\/2022\\\/04\\\/gradido-social.jpg\",\"width\":527,\"height\":273,\"caption\":\"Gradido\"},\"image\":{\"@id\":\"https:\\\/\\\/gradido.net\\\/de\\\/#\\\/schema\\\/logo\\\/image\\\/\"}},{\"@type\":\"Person\",\"@id\":\"https:\\\/\\\/gradido.net\\\/de\\\/#\\\/schema\\\/person\\\/9f913f37a47e7a82ad686b58fc907588\",\"name\":\"GR4dmin\",\"sameAs\":[\"https:\\\/\\\/gradido.net\"],\"url\":\"https:\\\/\\\/gradido.net\\\/hu\\\/author\\\/gr4dmin\\\/\"}]}<\/script>\n<!-- \/ Yoast SEO plugin. -->","yoast_head_json":{"title":"Ad\u00f3ss\u00e1g helyett k\u00edn\u00e1lat - Gradido","robots":{"index":"index","follow":"follow","max-snippet":"max-snippet:-1","max-image-preview":"max-image-preview:large","max-video-preview":"max-video-preview:-1"},"canonical":"https:\/\/gradido.net\/hu\/versorgung-statt-verschuldung\/","og_locale":"hu_HU","og_type":"article","og_title":"Versorgung statt Verschuldung - Gradido","og_description":"Neues Finanzsystem f\u00fcr schuldenfreie Nachkommen K\u00fcnzelsau, 30. Juni 2020 \u2013 Milliardenschwere Rettungsfonds sollen die verheerenden wirtschaftlichen Folgen der Coronakrise mildern. Der Bedarf ist ebenso gewaltig wie die Sorge darum, wie k\u00fcnftige Generationen diesen gigantischen Schuldenberg abtragen sollen. Den Wirtschaftsbionikern der Gradido-Akademie zufolge k\u00f6nnte unser Finanz- und Wirt-schaftssystem an dieser Herausforderung scheitern. Ihre Alternative mit Zukunft [&hellip;]","og_url":"https:\/\/gradido.net\/hu\/versorgung-statt-verschuldung\/","og_site_name":"Gradido","article_published_time":"2020-06-30T14:02:00+00:00","article_modified_time":"2021-12-10T12:06:49+00:00","og_image":[{"width":1000,"height":667,"url":"https:\/\/gradido.net\/wp-content\/uploads\/2020\/06\/mother.jpg","type":"image\/jpeg"}],"author":"GR4dmin","twitter_card":"summary_large_image","twitter_misc":{"Szerz\u0151:":"GR4dmin","Becs\u00fclt olvas\u00e1si id\u0151":"2 perc"},"schema":{"@context":"https:\/\/schema.org","@graph":[{"@type":"Article","@id":"https:\/\/gradido.net\/fi\/versorgung-statt-verschuldung\/#article","isPartOf":{"@id":"https:\/\/gradido.net\/fi\/versorgung-statt-verschuldung\/"},"author":{"name":"GR4dmin","@id":"https:\/\/gradido.net\/de\/#\/schema\/person\/9f913f37a47e7a82ad686b58fc907588"},"headline":"Versorgung statt Verschuldung","datePublished":"2020-06-30T14:02:00+00:00","dateModified":"2021-12-10T12:06:49+00:00","mainEntityOfPage":{"@id":"https:\/\/gradido.net\/fi\/versorgung-statt-verschuldung\/"},"wordCount":409,"publisher":{"@id":"https:\/\/gradido.net\/de\/#organization"},"image":{"@id":"https:\/\/gradido.net\/fi\/versorgung-statt-verschuldung\/#primaryimage"},"thumbnailUrl":"https:\/\/gradido.net\/wp-content\/uploads\/2020\/06\/mother.jpg","keywords":["Finanzsystem"],"articleSection":["Pressemitteilung"],"inLanguage":"hu"},{"@type":"WebPage","@id":"https:\/\/gradido.net\/fi\/versorgung-statt-verschuldung\/","url":"https:\/\/gradido.net\/fi\/versorgung-statt-verschuldung\/","name":"Ad\u00f3ss\u00e1g helyett k\u00edn\u00e1lat - Gradido","isPartOf":{"@id":"https:\/\/gradido.net\/de\/#website"},"primaryImageOfPage":{"@id":"https:\/\/gradido.net\/fi\/versorgung-statt-verschuldung\/#primaryimage"},"image":{"@id":"https:\/\/gradido.net\/fi\/versorgung-statt-verschuldung\/#primaryimage"},"thumbnailUrl":"https:\/\/gradido.net\/wp-content\/uploads\/2020\/06\/mother.jpg","datePublished":"2020-06-30T14:02:00+00:00","dateModified":"2021-12-10T12:06:49+00:00","breadcrumb":{"@id":"https:\/\/gradido.net\/fi\/versorgung-statt-verschuldung\/#breadcrumb"},"inLanguage":"hu","potentialAction":[{"@type":"ReadAction","target":["https:\/\/gradido.net\/fi\/versorgung-statt-verschuldung\/"]}]},{"@type":"ImageObject","inLanguage":"hu","@id":"https:\/\/gradido.net\/fi\/versorgung-statt-verschuldung\/#primaryimage","url":"https:\/\/gradido.net\/wp-content\/uploads\/2020\/06\/mother.jpg","contentUrl":"https:\/\/gradido.net\/wp-content\/uploads\/2020\/06\/mother.jpg","width":1000,"height":667},{"@type":"BreadcrumbList","@id":"https:\/\/gradido.net\/fi\/versorgung-statt-verschuldung\/#breadcrumb","itemListElement":[{"@type":"ListItem","position":1,"name":"Startseite","item":"https:\/\/gradido.net\/"},{"@type":"ListItem","position":2,"name":"Versorgung statt Verschuldung"}]},{"@type":"WebSite","@id":"https:\/\/gradido.net\/de\/#website","url":"https:\/\/gradido.net\/de\/","name":"Gradido","description":"Az \u00faj p\u00e9nznem a h\u00e1la","publisher":{"@id":"https:\/\/gradido.net\/de\/#organization"},"potentialAction":[{"@type":"SearchAction","target":{"@type":"EntryPoint","urlTemplate":"https:\/\/gradido.net\/de\/?s={search_term_string}"},"query-input":{"@type":"PropertyValueSpecification","valueRequired":true,"valueName":"search_term_string"}}],"inLanguage":"hu"},{"@type":"Organization","@id":"https:\/\/gradido.net\/de\/#organization","name":"Gradido","url":"https:\/\/gradido.net\/de\/","logo":{"@type":"ImageObject","inLanguage":"hu","@id":"https:\/\/gradido.net\/de\/#\/schema\/logo\/image\/","url":"https:\/\/gradido.net\/wp-content\/uploads\/2022\/04\/gradido-social.jpg","contentUrl":"https:\/\/gradido.net\/wp-content\/uploads\/2022\/04\/gradido-social.jpg","width":527,"height":273,"caption":"Gradido"},"image":{"@id":"https:\/\/gradido.net\/de\/#\/schema\/logo\/image\/"}},{"@type":"Person","@id":"https:\/\/gradido.net\/de\/#\/schema\/person\/9f913f37a47e7a82ad686b58fc907588","name":"GR4dmin","sameAs":["https:\/\/gradido.net"],"url":"https:\/\/gradido.net\/hu\/author\/gr4dmin\/"}]}},"_links":{"self":[{"href":"https:\/\/gradido.net\/hu\/wp-json\/wp\/v2\/posts\/639","targetHints":{"allow":["GET"]}}],"collection":[{"href":"https:\/\/gradido.net\/hu\/wp-json\/wp\/v2\/posts"}],"about":[{"href":"https:\/\/gradido.net\/hu\/wp-json\/wp\/v2\/types\/post"}],"author":[{"embeddable":true,"href":"https:\/\/gradido.net\/hu\/wp-json\/wp\/v2\/users\/1"}],"replies":[{"embeddable":true,"href":"https:\/\/gradido.net\/hu\/wp-json\/wp\/v2\/comments?post=639"}],"version-history":[{"count":10,"href":"https:\/\/gradido.net\/hu\/wp-json\/wp\/v2\/posts\/639\/revisions"}],"predecessor-version":[{"id":3712,"href":"https:\/\/gradido.net\/hu\/wp-json\/wp\/v2\/posts\/639\/revisions\/3712"}],"wp:featuredmedia":[{"embeddable":true,"href":"https:\/\/gradido.net\/hu\/wp-json\/wp\/v2\/media\/227"}],"wp:attachment":[{"href":"https:\/\/gradido.net\/hu\/wp-json\/wp\/v2\/media?parent=639"}],"wp:term":[{"taxonomy":"category","embeddable":true,"href":"https:\/\/gradido.net\/hu\/wp-json\/wp\/v2\/categories?post=639"},{"taxonomy":"post_tag","embeddable":true,"href":"https:\/\/gradido.net\/hu\/wp-json\/wp\/v2\/tags?post=639"}],"curies":[{"name":"wp","href":"https:\/\/api.w.org\/{rel}","templated":true}]}}