{"id":6597,"date":"2023-04-29T06:00:10","date_gmt":"2023-04-29T04:00:10","guid":{"rendered":"https:\/\/gradido.net\/?p=6597"},"modified":"2023-04-24T22:38:39","modified_gmt":"2023-04-24T20:38:39","slug":"episode-47","status":"publish","type":"post","link":"https:\/\/gradido.net\/hu\/episode-47\/","title":{"rendered":"\"Future Now Camp 3: Tudatos p\u00e9nz - eg\u00e9szs\u00e9ges vil\u00e1g\" - Gradido in Focus"},"content":{"rendered":"<div data-elementor-type=\"wp-post\" data-elementor-id=\"6597\" class=\"elementor elementor-6597\" data-elementor-post-type=\"post\">\n\t\t\t\t\t\t<section class=\"elementor-section elementor-top-section elementor-element elementor-element-496e1d53 elementor-section-boxed elementor-section-height-default elementor-section-height-default\" data-id=\"496e1d53\" data-element_type=\"section\" data-e-type=\"section\">\n\t\t\t\t\t\t<div class=\"elementor-container elementor-column-gap-default\">\n\t\t\t\t\t<div class=\"elementor-column elementor-col-100 elementor-top-column elementor-element elementor-element-461d7be0\" data-id=\"461d7be0\" data-element_type=\"column\" data-e-type=\"column\">\n\t\t\t<div class=\"elementor-widget-wrap elementor-element-populated\">\n\t\t\t\t\t\t<div class=\"elementor-element elementor-element-cd9ebe2 elementor-widget elementor-widget-text-editor\" data-id=\"cd9ebe2\" data-element_type=\"widget\" data-e-type=\"widget\" data-widget_type=\"text-editor.default\">\n\t\t\t\t<div class=\"elementor-widget-container\">\n\t\t\t\t\t\t\t\t\t<h2>Vend\u00e9g: Teresa Karayel \u00e9s Dr. Markus Gollmann<\/h2>\t\t\t\t\t\t\t\t<\/div>\n\t\t\t\t<\/div>\n\t\t\t\t\t<\/div>\n\t\t<\/div>\n\t\t\t\t\t<\/div>\n\t\t<\/section>\n\t\t\t\t<section class=\"elementor-section elementor-top-section elementor-element elementor-element-2f93e3c3 elementor-section-boxed elementor-section-height-default elementor-section-height-default\" data-id=\"2f93e3c3\" data-element_type=\"section\" data-e-type=\"section\">\n\t\t\t\t\t\t<div class=\"elementor-container elementor-column-gap-default\">\n\t\t\t\t\t<div class=\"elementor-column elementor-col-100 elementor-top-column elementor-element elementor-element-5a9dfd19\" data-id=\"5a9dfd19\" data-element_type=\"column\" data-e-type=\"column\">\n\t\t\t<div class=\"elementor-widget-wrap elementor-element-populated\">\n\t\t\t\t\t\t<div class=\"elementor-element elementor-element-9cdb6b8 elementor-widget elementor-widget-html\" data-id=\"9cdb6b8\" data-element_type=\"widget\" data-e-type=\"widget\" data-widget_type=\"html.default\">\n\t\t\t\t<div class=\"elementor-widget-container\">\n\t\t\t\t\t<script class=\"podigee-podcast-player\" src=\"https:\/\/player.podigee-cdn.net\/podcast-player\/javascripts\/podigee-podcast-player.js\" data-configuration=\"https:\/\/gradido.podigee.io\/47-new-episode\/embed?context=external&token=3Hjw3_uXkffA5w8RauYQQg\"><\/script>\t\t\t\t<\/div>\n\t\t\t\t<\/div>\n\t\t\t\t\t<\/div>\n\t\t<\/div>\n\t\t\t\t\t<\/div>\n\t\t<\/section>\n\t\t\t\t<section class=\"elementor-section elementor-top-section elementor-element elementor-element-585c640 elementor-section-boxed elementor-section-height-default elementor-section-height-default\" data-id=\"585c640\" data-element_type=\"section\" data-e-type=\"section\">\n\t\t\t\t\t\t<div class=\"elementor-container elementor-column-gap-default\">\n\t\t\t\t\t<div class=\"elementor-column elementor-col-50 elementor-top-column elementor-element elementor-element-13c250b\" data-id=\"13c250b\" data-element_type=\"column\" data-e-type=\"column\">\n\t\t\t<div class=\"elementor-widget-wrap elementor-element-populated\">\n\t\t\t\t\t\t<div class=\"elementor-element elementor-element-0561949 elementor-widget elementor-widget-text-editor\" data-id=\"0561949\" data-element_type=\"widget\" data-e-type=\"widget\" data-widget_type=\"text-editor.default\">\n\t\t\t\t<div class=\"elementor-widget-container\">\n\t\t\t\t\t\t\t\t\t<p>A Gradido Podcast leg\u00fajabb epiz\u00f3dja a k\u00f6zelg\u0151 \"Zukunft Jetzt Camp 3\"-r\u00f3l sz\u00f3l, amely augusztus v\u00e9g\u00e9n ker\u00fcl megrendez\u00e9sre a pfalzi Klingenm\u00fcnsterben. A \"Tudatos p\u00e9nz - eg\u00e9szs\u00e9ges vil\u00e1g\" mott\u00f3 alatt a Gradido ez\u00fattal val\u00f3s id\u0151ben fog \u00e9lni.<\/p><p>A podcast epiz\u00f3d k\u00e9t vend\u00e9ge, Teresa Karayel \u00e9s Dr. Markus Gollmann, a szervez\u0151csapat tagjai, \u00e9s lelkesek a Gradido \u00e9s k\u00fcl\u00f6n\u00f6sen a Gradido fi\u00f3k fejleszt\u00e9se ir\u00e1nt. Sok k\u00e9rd\u00e9s\u00fck van azzal kapcsolatban, hogyan lehet a Gradid\u00f3t egy ilyen esem\u00e9nybe integr\u00e1lni, \u00e9s az epiz\u00f3dban szerepet cser\u00e9lnek a h\u00e1zigazd\u00e1val, Bernd H\u00fcckst\u00e4dt-tel.<\/p><p>Egy\u00fctt bepillantanak egy ilyen esem\u00e9ny kulissz\u00e1i m\u00f6g\u00e9, \u00e9s megmutatj\u00e1k, hogyan val\u00f3sul meg ott a Gradido. A hangs\u00falyt arra is helyezik, hogy a Gradido hogyan seg\u00edthet tudatos\u00edtani az eg\u00e9szs\u00e9ges \u00e9s fenntarthat\u00f3 j\u00f6v\u0151t.<\/p><p>Ez az epiz\u00f3d k\u00fcl\u00f6n\u00f6sen \u00e9rdekes mindazok sz\u00e1m\u00e1ra, akik maguk is terveznek egy rendezv\u00e9nyt, \u00e9s szeretn\u00e9k integr\u00e1lni a Gradid\u00f3t. Hasznos tippek \u00e9s tr\u00fckk\u00f6k hangzanak el itt arr\u00f3l, hogyan lehet a Gradid\u00f3t sikeresen bevezetni.<\/p><p>\u00d6sszess\u00e9g\u00e9ben a Gradido Podcast ezen epiz\u00f3dja izgalmas betekint\u00e9st ny\u00fajt a k\u00f6zelg\u0151 \"Future Now Camp 3\"-ba, \u00e9s megmutatja, hogyan j\u00e1rulhat hozz\u00e1 a Gradido egy jobb j\u00f6v\u0151 kialak\u00edt\u00e1s\u00e1hoz. Ha teh\u00e1t t\u00f6bbet szeretn\u00e9l megtudni a Gradid\u00f3r\u00f3l \u00e9s annak alkalmaz\u00e1s\u00e1r\u00f3l, mindenk\u00e9ppen hallgasd meg!<\/p><div>A t\u00e1bor sz\u00f3r\u00f3lapja: <a href=\"https:\/\/frieden-in-der-beziehung.de\/wp-content\/uploads\/2023\/03\/Anmeldeflyer-2023-Bewusstes-Geld-Gesunde-Welt-1.pdf\">https:\/\/frieden-in-der-beziehung.de\/wp-content\/uploads\/2023\/03\/Anmeldeflyer-2023-Bewusstes-Geld-Gesunde-Welt-1.pdf<\/a><\/div><div>\u00a0<\/div><div>Dokus 2022 t\u00e1bor: <a href=\"https:\/\/youtu.be\/n9QdEq8BwRw\">https:\/\/youtu.be\/n9QdEq8BwRw<\/a> <a href=\"https:\/\/youtu.be\/Lfije0XL2qg\">https:\/\/youtu.be\/Lfije0XL2qg<\/a><\/div>\t\t\t\t\t\t\t\t<\/div>\n\t\t\t\t<\/div>\n\t\t\t\t\t<\/div>\n\t\t<\/div>\n\t\t\t\t<div class=\"elementor-column elementor-col-50 elementor-top-column elementor-element elementor-element-e0d795e\" data-id=\"e0d795e\" data-element_type=\"column\" data-e-type=\"column\">\n\t\t\t<div class=\"elementor-widget-wrap elementor-element-populated\">\n\t\t\t\t\t\t<div class=\"elementor-element elementor-element-8c61bad elementor-widget elementor-widget-image\" data-id=\"8c61bad\" data-element_type=\"widget\" data-e-type=\"widget\" data-widget_type=\"image.default\">\n\t\t\t\t<div class=\"elementor-widget-container\">\n\t\t\t\t\t\t\t\t\t\t\t\t\t\t\t<img fetchpriority=\"high\" decoding=\"async\" width=\"800\" height=\"800\" src=\"https:\/\/gradido.net\/wp-content\/uploads\/2023\/04\/gradido_podcast_gollmann_karayel-1024x1024.jpg\" class=\"attachment-large size-large wp-image-6536\" alt=\"\" srcset=\"https:\/\/gradido.net\/wp-content\/uploads\/2023\/04\/gradido_podcast_gollmann_karayel-1024x1024.jpg 1024w, https:\/\/gradido.net\/wp-content\/uploads\/2023\/04\/gradido_podcast_gollmann_karayel-300x300.jpg 300w, https:\/\/gradido.net\/wp-content\/uploads\/2023\/04\/gradido_podcast_gollmann_karayel-150x150.jpg 150w, https:\/\/gradido.net\/wp-content\/uploads\/2023\/04\/gradido_podcast_gollmann_karayel-768x768.jpg 768w, https:\/\/gradido.net\/wp-content\/uploads\/2023\/04\/gradido_podcast_gollmann_karayel-12x12.jpg 12w, https:\/\/gradido.net\/wp-content\/uploads\/2023\/04\/gradido_podcast_gollmann_karayel.jpg 1400w\" sizes=\"(max-width: 800px) 100vw, 800px\" \/>\t\t\t\t\t\t\t\t\t\t\t\t\t\t\t<\/div>\n\t\t\t\t<\/div>\n\t\t\t\t<div class=\"elementor-element elementor-element-ceab137 elementor-widget elementor-widget-text-editor\" data-id=\"ceab137\" data-element_type=\"widget\" data-e-type=\"widget\" data-widget_type=\"text-editor.default\">\n\t\t\t\t<div class=\"elementor-widget-container\">\n\t\t\t\t\t\t\t\t\t<p><a href=\"https:\/\/youtu.be\/Qyn-N5osuTQ\" target=\"_blank\" rel=\"noopener\">Hallgassa meg a YouTube-on<\/a><\/p>\t\t\t\t\t\t\t\t<\/div>\n\t\t\t\t<\/div>\n\t\t\t\t\t<\/div>\n\t\t<\/div>\n\t\t\t\t\t<\/div>\n\t\t<\/section>\n\t\t\t\t<section class=\"elementor-section elementor-top-section elementor-element elementor-element-d051609 elementor-section-boxed elementor-section-height-default elementor-section-height-default\" data-id=\"d051609\" data-element_type=\"section\" data-e-type=\"section\">\n\t\t\t\t\t\t<div class=\"elementor-container elementor-column-gap-default\">\n\t\t\t\t\t<div class=\"elementor-column elementor-col-100 elementor-top-column elementor-element elementor-element-13cc168\" data-id=\"13cc168\" data-element_type=\"column\" data-e-type=\"column\">\n\t\t\t<div class=\"elementor-widget-wrap elementor-element-populated\">\n\t\t\t\t\t\t<div class=\"elementor-element elementor-element-b43b3ee elementor-widget elementor-widget-heading\" data-id=\"b43b3ee\" data-element_type=\"widget\" data-e-type=\"widget\" data-widget_type=\"heading.default\">\n\t\t\t\t<div class=\"elementor-widget-container\">\n\t\t\t\t\t<h2 class=\"elementor-heading-title elementor-size-default\">\u00c1tirat (automatikusan leford\u00edtva)<\/h2>\t\t\t\t<\/div>\n\t\t\t\t<\/div>\n\t\t\t\t\t<\/div>\n\t\t<\/div>\n\t\t\t\t\t<\/div>\n\t\t<\/section>\n\t\t\t\t<section class=\"elementor-section elementor-top-section elementor-element elementor-element-474427c elementor-section-boxed elementor-section-height-default elementor-section-height-default\" data-id=\"474427c\" data-element_type=\"section\" data-e-type=\"section\">\n\t\t\t\t\t\t<div class=\"elementor-container elementor-column-gap-default\">\n\t\t\t\t\t<div class=\"elementor-column elementor-col-100 elementor-top-column elementor-element elementor-element-6041f12\" data-id=\"6041f12\" data-element_type=\"column\" data-e-type=\"column\">\n\t\t\t<div class=\"elementor-widget-wrap elementor-element-populated\">\n\t\t\t\t\t\t\t<\/div>\n\t\t<\/div>\n\t\t\t\t\t<\/div>\n\t\t<\/section>\n\t\t\t\t<\/div>","protected":false},"excerpt":{"rendered":"<p>A Gradido Podcast leg\u00fajabb epiz\u00f3dj\u00e1ban mindent megtudhatsz a \"Tudatos p\u00e9nz - eg\u00e9szs\u00e9ges vil\u00e1g\" mott\u00f3j\u00fa, k\u00f6zelg\u0151 \"Future Now Camp 3\"-r\u00f3l, ahol a Gradido val\u00f3s id\u0151ben fog zajlani. Vend\u00e9geink, Teresa Karayel \u00e9s Dr. Markus Gollmann megmutatj\u00e1k, hogyan lehet a Gradid\u00f3t sikeresen integr\u00e1lni egy rendezv\u00e9nybe, \u00e9s \u00e9rt\u00e9kes tippeket adnak a megval\u00f3s\u00edt\u00e1shoz. Ez az epiz\u00f3d \u00edgy izgalmas betekint\u00e9st ny\u00fajt a Gradido alkalmaz\u00e1s\u00e1ba egy jobb j\u00f6v\u0151 \u00e9rdek\u00e9ben.<\/p>","protected":false},"author":12,"featured_media":6537,"comment_status":"closed","ping_status":"closed","sticky":false,"template":"","format":"standard","meta":{"footnotes":""},"categories":[19],"tags":[40,37,41,43,32,38,35,39,42,36],"class_list":["post-6597","post","type-post","status-publish","format-standard","has-post-thumbnail","hentry","category-podcast","tag-alternative-waehrung","tag-bewusstes-geld","tag-echtzeit-oekonomie","tag-event-management","tag-geldsystem","tag-gesunde-welt","tag-gradido","tag-nachhaltige-zukunft","tag-veranstaltungsplanung","tag-zukunft-jetzt-camp-3"],"yoast_head":"<!-- This site is optimized with the Yoast SEO plugin v27.4 - https:\/\/yoast.com\/product\/yoast-seo-wordpress\/ -->\n<title>&quot;Zukunft Jetzt Camp 3: Bewusstes Geld - Gesunde Welt&quot; - Gradido im Fokus - Gradido<\/title>\n<meta name=\"description\" content=\"Erfahre in der neuesten Episode des Gradido Podcasts alles \u00fcber das bevorstehende &quot;Zukunft Jetzt Camp 3&quot; unter dem Motto &quot;Bewusstes Geld - Gesunde Welt&quot;, bei dem Gradido real in Echtzeit gelebt werden wird. Die G\u00e4ste Teresa Karayel und Dr. Markus Gollmann zeigen, wie Gradido erfolgreich bei einer Veranstaltung integriert werden kann und geben wertvolle Tipps f\u00fcr die Umsetzung. Diese Episode bietet somit einen spannenden Einblick in die Anwendung von Gradido f\u00fcr eine bessere Zukunft.\" \/>\n<meta name=\"robots\" content=\"index, follow, max-snippet:-1, max-image-preview:large, max-video-preview:-1\" \/>\n<link rel=\"canonical\" href=\"https:\/\/gradido.net\/hu\/episode-47\/\" \/>\n<meta property=\"og:locale\" content=\"hu_HU\" \/>\n<meta property=\"og:type\" content=\"article\" \/>\n<meta property=\"og:title\" content=\"&quot;Zukunft Jetzt Camp 3: Bewusstes Geld - Gesunde Welt&quot; - Gradido im Fokus - Gradido\" \/>\n<meta property=\"og:description\" content=\"Erfahre in der neuesten Episode des Gradido Podcasts alles \u00fcber das bevorstehende &quot;Zukunft Jetzt Camp 3&quot; unter dem Motto &quot;Bewusstes Geld - Gesunde Welt&quot;, bei dem Gradido real in Echtzeit gelebt werden wird. Die G\u00e4ste Teresa Karayel und Dr. Markus Gollmann zeigen, wie Gradido erfolgreich bei einer Veranstaltung integriert werden kann und geben wertvolle Tipps f\u00fcr die Umsetzung. Diese Episode bietet somit einen spannenden Einblick in die Anwendung von Gradido f\u00fcr eine bessere Zukunft.\" \/>\n<meta property=\"og:url\" content=\"https:\/\/gradido.net\/hu\/episode-47\/\" \/>\n<meta property=\"og:site_name\" content=\"Gradido\" \/>\n<meta property=\"article:published_time\" content=\"2023-04-29T04:00:10+00:00\" \/>\n<meta property=\"og:image\" content=\"https:\/\/gradido.net\/wp-content\/uploads\/2023\/04\/podcast_www_gollmann_karayel.jpg\" \/>\n\t<meta property=\"og:image:width\" content=\"700\" \/>\n\t<meta property=\"og:image:height\" content=\"475\" \/>\n\t<meta property=\"og:image:type\" content=\"image\/jpeg\" \/>\n<meta name=\"author\" content=\"Philipp Kessler\" \/>\n<meta name=\"twitter:card\" content=\"summary_large_image\" \/>\n<meta name=\"twitter:label1\" content=\"Szerz\u0151:\" \/>\n\t<meta name=\"twitter:data1\" content=\"Philipp Kessler\" \/>\n\t<meta name=\"twitter:label2\" content=\"Becs\u00fclt olvas\u00e1si id\u0151\" \/>\n\t<meta name=\"twitter:data2\" content=\"3 perc\" \/>\n<script type=\"application\/ld+json\" class=\"yoast-schema-graph\">{\"@context\":\"https:\\\/\\\/schema.org\",\"@graph\":[{\"@type\":\"Article\",\"@id\":\"https:\\\/\\\/gradido.net\\\/de\\\/episode-47\\\/#article\",\"isPartOf\":{\"@id\":\"https:\\\/\\\/gradido.net\\\/de\\\/episode-47\\\/\"},\"author\":{\"name\":\"Philipp Kessler\",\"@id\":\"https:\\\/\\\/gradido.net\\\/de\\\/#\\\/schema\\\/person\\\/f57399104ec77f2a2d5a68f479b0492f\"},\"headline\":\"&#8222;Zukunft Jetzt Camp 3: Bewusstes Geld &#8211; Gesunde Welt&#8220; &#8211; Gradido im Fokus\",\"datePublished\":\"2023-04-29T04:00:10+00:00\",\"mainEntityOfPage\":{\"@id\":\"https:\\\/\\\/gradido.net\\\/de\\\/episode-47\\\/\"},\"wordCount\":263,\"publisher\":{\"@id\":\"https:\\\/\\\/gradido.net\\\/de\\\/#organization\"},\"image\":{\"@id\":\"https:\\\/\\\/gradido.net\\\/de\\\/episode-47\\\/#primaryimage\"},\"thumbnailUrl\":\"https:\\\/\\\/gradido.net\\\/wp-content\\\/uploads\\\/2023\\\/04\\\/podcast_www_gollmann_karayel.jpg\",\"keywords\":[\"alternative W\u00e4hrung\",\"Bewusstes Geld\",\"Echtzeit-\u00d6konomie\",\"Event-Management\",\"Geldsystem\",\"Gesunde Welt\",\"Gradido\",\"nachhaltige Zukunft\",\"Veranstaltungsplanung\",\"Zukunft Jetzt Camp 3\"],\"articleSection\":[\"Podcast\"],\"inLanguage\":\"hu\"},{\"@type\":\"WebPage\",\"@id\":\"https:\\\/\\\/gradido.net\\\/de\\\/episode-47\\\/\",\"url\":\"https:\\\/\\\/gradido.net\\\/de\\\/episode-47\\\/\",\"name\":\"\\\"Zukunft Jetzt Camp 3: Bewusstes Geld - Gesunde Welt\\\" - Gradido im Fokus - Gradido\",\"isPartOf\":{\"@id\":\"https:\\\/\\\/gradido.net\\\/de\\\/#website\"},\"primaryImageOfPage\":{\"@id\":\"https:\\\/\\\/gradido.net\\\/de\\\/episode-47\\\/#primaryimage\"},\"image\":{\"@id\":\"https:\\\/\\\/gradido.net\\\/de\\\/episode-47\\\/#primaryimage\"},\"thumbnailUrl\":\"https:\\\/\\\/gradido.net\\\/wp-content\\\/uploads\\\/2023\\\/04\\\/podcast_www_gollmann_karayel.jpg\",\"datePublished\":\"2023-04-29T04:00:10+00:00\",\"description\":\"Erfahre in der neuesten Episode des Gradido Podcasts alles \u00fcber das bevorstehende \\\"Zukunft Jetzt Camp 3\\\" unter dem Motto \\\"Bewusstes Geld - Gesunde Welt\\\", bei dem Gradido real in Echtzeit gelebt werden wird. Die G\u00e4ste Teresa Karayel und Dr. Markus Gollmann zeigen, wie Gradido erfolgreich bei einer Veranstaltung integriert werden kann und geben wertvolle Tipps f\u00fcr die Umsetzung. Diese Episode bietet somit einen spannenden Einblick in die Anwendung von Gradido f\u00fcr eine bessere Zukunft.\",\"breadcrumb\":{\"@id\":\"https:\\\/\\\/gradido.net\\\/de\\\/episode-47\\\/#breadcrumb\"},\"inLanguage\":\"hu\",\"potentialAction\":[{\"@type\":\"ReadAction\",\"target\":[\"https:\\\/\\\/gradido.net\\\/de\\\/episode-47\\\/\"]}]},{\"@type\":\"ImageObject\",\"inLanguage\":\"hu\",\"@id\":\"https:\\\/\\\/gradido.net\\\/de\\\/episode-47\\\/#primaryimage\",\"url\":\"https:\\\/\\\/gradido.net\\\/wp-content\\\/uploads\\\/2023\\\/04\\\/podcast_www_gollmann_karayel.jpg\",\"contentUrl\":\"https:\\\/\\\/gradido.net\\\/wp-content\\\/uploads\\\/2023\\\/04\\\/podcast_www_gollmann_karayel.jpg\",\"width\":700,\"height\":475},{\"@type\":\"BreadcrumbList\",\"@id\":\"https:\\\/\\\/gradido.net\\\/de\\\/episode-47\\\/#breadcrumb\",\"itemListElement\":[{\"@type\":\"ListItem\",\"position\":1,\"name\":\"Startseite\",\"item\":\"https:\\\/\\\/gradido.net\\\/\"},{\"@type\":\"ListItem\",\"position\":2,\"name\":\"&#8222;Zukunft Jetzt Camp 3: Bewusstes Geld &#8211; Gesunde Welt&#8220; &#8211; Gradido im Fokus\"}]},{\"@type\":\"WebSite\",\"@id\":\"https:\\\/\\\/gradido.net\\\/de\\\/#website\",\"url\":\"https:\\\/\\\/gradido.net\\\/de\\\/\",\"name\":\"Gradido\",\"description\":\"Die neue W\u00e4hrung hei\u00dft Dankbarkeit\",\"publisher\":{\"@id\":\"https:\\\/\\\/gradido.net\\\/de\\\/#organization\"},\"potentialAction\":[{\"@type\":\"SearchAction\",\"target\":{\"@type\":\"EntryPoint\",\"urlTemplate\":\"https:\\\/\\\/gradido.net\\\/de\\\/?s={search_term_string}\"},\"query-input\":{\"@type\":\"PropertyValueSpecification\",\"valueRequired\":true,\"valueName\":\"search_term_string\"}}],\"inLanguage\":\"hu\"},{\"@type\":\"Organization\",\"@id\":\"https:\\\/\\\/gradido.net\\\/de\\\/#organization\",\"name\":\"Gradido\",\"url\":\"https:\\\/\\\/gradido.net\\\/de\\\/\",\"logo\":{\"@type\":\"ImageObject\",\"inLanguage\":\"hu\",\"@id\":\"https:\\\/\\\/gradido.net\\\/de\\\/#\\\/schema\\\/logo\\\/image\\\/\",\"url\":\"https:\\\/\\\/gradido.net\\\/wp-content\\\/uploads\\\/2022\\\/04\\\/gradido-social.jpg\",\"contentUrl\":\"https:\\\/\\\/gradido.net\\\/wp-content\\\/uploads\\\/2022\\\/04\\\/gradido-social.jpg\",\"width\":527,\"height\":273,\"caption\":\"Gradido\"},\"image\":{\"@id\":\"https:\\\/\\\/gradido.net\\\/de\\\/#\\\/schema\\\/logo\\\/image\\\/\"}},{\"@type\":\"Person\",\"@id\":\"https:\\\/\\\/gradido.net\\\/de\\\/#\\\/schema\\\/person\\\/f57399104ec77f2a2d5a68f479b0492f\",\"name\":\"Philipp Kessler\",\"url\":\"https:\\\/\\\/gradido.net\\\/hu\\\/author\\\/philipp\\\/\"}]}<\/script>\n<!-- \/ Yoast SEO plugin. -->","yoast_head_json":{"title":"\"Future Now Camp 3: Tudatos p\u00e9nz - eg\u00e9szs\u00e9ges vil\u00e1g\" - Gradido in Focus - Gradido","description":"A Gradido Podcast leg\u00fajabb epiz\u00f3dj\u00e1ban mindent megtudhatsz a \"Tudatos p\u00e9nz - eg\u00e9szs\u00e9ges vil\u00e1g\" mott\u00f3j\u00fa, k\u00f6zelg\u0151 \"Future Now Camp 3\"-r\u00f3l, ahol a Gradido val\u00f3s id\u0151ben fog zajlani. Vend\u00e9geink, Teresa Karayel \u00e9s Dr. Markus Gollmann megmutatj\u00e1k, hogyan lehet a Gradid\u00f3t sikeresen integr\u00e1lni egy rendezv\u00e9nybe, \u00e9s \u00e9rt\u00e9kes tippeket adnak a megval\u00f3s\u00edt\u00e1shoz. Ez az epiz\u00f3d \u00edgy izgalmas betekint\u00e9st ny\u00fajt a Gradido alkalmaz\u00e1s\u00e1ba egy jobb j\u00f6v\u0151 \u00e9rdek\u00e9ben.","robots":{"index":"index","follow":"follow","max-snippet":"max-snippet:-1","max-image-preview":"max-image-preview:large","max-video-preview":"max-video-preview:-1"},"canonical":"https:\/\/gradido.net\/hu\/episode-47\/","og_locale":"hu_HU","og_type":"article","og_title":"\"Zukunft Jetzt Camp 3: Bewusstes Geld - Gesunde Welt\" - Gradido im Fokus - Gradido","og_description":"Erfahre in der neuesten Episode des Gradido Podcasts alles \u00fcber das bevorstehende \"Zukunft Jetzt Camp 3\" unter dem Motto \"Bewusstes Geld - Gesunde Welt\", bei dem Gradido real in Echtzeit gelebt werden wird. Die G\u00e4ste Teresa Karayel und Dr. Markus Gollmann zeigen, wie Gradido erfolgreich bei einer Veranstaltung integriert werden kann und geben wertvolle Tipps f\u00fcr die Umsetzung. Diese Episode bietet somit einen spannenden Einblick in die Anwendung von Gradido f\u00fcr eine bessere Zukunft.","og_url":"https:\/\/gradido.net\/hu\/episode-47\/","og_site_name":"Gradido","article_published_time":"2023-04-29T04:00:10+00:00","og_image":[{"width":700,"height":475,"url":"https:\/\/gradido.net\/wp-content\/uploads\/2023\/04\/podcast_www_gollmann_karayel.jpg","type":"image\/jpeg"}],"author":"Philipp Kessler","twitter_card":"summary_large_image","twitter_misc":{"Szerz\u0151:":"Philipp Kessler","Becs\u00fclt olvas\u00e1si id\u0151":"3 perc"},"schema":{"@context":"https:\/\/schema.org","@graph":[{"@type":"Article","@id":"https:\/\/gradido.net\/de\/episode-47\/#article","isPartOf":{"@id":"https:\/\/gradido.net\/de\/episode-47\/"},"author":{"name":"Philipp Kessler","@id":"https:\/\/gradido.net\/de\/#\/schema\/person\/f57399104ec77f2a2d5a68f479b0492f"},"headline":"&#8222;Zukunft Jetzt Camp 3: Bewusstes Geld &#8211; Gesunde Welt&#8220; &#8211; Gradido im Fokus","datePublished":"2023-04-29T04:00:10+00:00","mainEntityOfPage":{"@id":"https:\/\/gradido.net\/de\/episode-47\/"},"wordCount":263,"publisher":{"@id":"https:\/\/gradido.net\/de\/#organization"},"image":{"@id":"https:\/\/gradido.net\/de\/episode-47\/#primaryimage"},"thumbnailUrl":"https:\/\/gradido.net\/wp-content\/uploads\/2023\/04\/podcast_www_gollmann_karayel.jpg","keywords":["alternative W\u00e4hrung","Bewusstes Geld","Echtzeit-\u00d6konomie","Event-Management","Geldsystem","Gesunde Welt","Gradido","nachhaltige Zukunft","Veranstaltungsplanung","Zukunft Jetzt Camp 3"],"articleSection":["Podcast"],"inLanguage":"hu"},{"@type":"WebPage","@id":"https:\/\/gradido.net\/de\/episode-47\/","url":"https:\/\/gradido.net\/de\/episode-47\/","name":"\"Future Now Camp 3: Tudatos p\u00e9nz - eg\u00e9szs\u00e9ges vil\u00e1g\" - Gradido in Focus - Gradido","isPartOf":{"@id":"https:\/\/gradido.net\/de\/#website"},"primaryImageOfPage":{"@id":"https:\/\/gradido.net\/de\/episode-47\/#primaryimage"},"image":{"@id":"https:\/\/gradido.net\/de\/episode-47\/#primaryimage"},"thumbnailUrl":"https:\/\/gradido.net\/wp-content\/uploads\/2023\/04\/podcast_www_gollmann_karayel.jpg","datePublished":"2023-04-29T04:00:10+00:00","description":"A Gradido Podcast leg\u00fajabb epiz\u00f3dj\u00e1ban mindent megtudhatsz a \"Tudatos p\u00e9nz - eg\u00e9szs\u00e9ges vil\u00e1g\" mott\u00f3j\u00fa, k\u00f6zelg\u0151 \"Future Now Camp 3\"-r\u00f3l, ahol a Gradido val\u00f3s id\u0151ben fog zajlani. Vend\u00e9geink, Teresa Karayel \u00e9s Dr. Markus Gollmann megmutatj\u00e1k, hogyan lehet a Gradid\u00f3t sikeresen integr\u00e1lni egy rendezv\u00e9nybe, \u00e9s \u00e9rt\u00e9kes tippeket adnak a megval\u00f3s\u00edt\u00e1shoz. Ez az epiz\u00f3d \u00edgy izgalmas betekint\u00e9st ny\u00fajt a Gradido alkalmaz\u00e1s\u00e1ba egy jobb j\u00f6v\u0151 \u00e9rdek\u00e9ben.","breadcrumb":{"@id":"https:\/\/gradido.net\/de\/episode-47\/#breadcrumb"},"inLanguage":"hu","potentialAction":[{"@type":"ReadAction","target":["https:\/\/gradido.net\/de\/episode-47\/"]}]},{"@type":"ImageObject","inLanguage":"hu","@id":"https:\/\/gradido.net\/de\/episode-47\/#primaryimage","url":"https:\/\/gradido.net\/wp-content\/uploads\/2023\/04\/podcast_www_gollmann_karayel.jpg","contentUrl":"https:\/\/gradido.net\/wp-content\/uploads\/2023\/04\/podcast_www_gollmann_karayel.jpg","width":700,"height":475},{"@type":"BreadcrumbList","@id":"https:\/\/gradido.net\/de\/episode-47\/#breadcrumb","itemListElement":[{"@type":"ListItem","position":1,"name":"Startseite","item":"https:\/\/gradido.net\/"},{"@type":"ListItem","position":2,"name":"&#8222;Zukunft Jetzt Camp 3: Bewusstes Geld &#8211; Gesunde Welt&#8220; &#8211; Gradido im Fokus"}]},{"@type":"WebSite","@id":"https:\/\/gradido.net\/de\/#website","url":"https:\/\/gradido.net\/de\/","name":"Gradido","description":"Az \u00faj p\u00e9nznem a h\u00e1la","publisher":{"@id":"https:\/\/gradido.net\/de\/#organization"},"potentialAction":[{"@type":"SearchAction","target":{"@type":"EntryPoint","urlTemplate":"https:\/\/gradido.net\/de\/?s={search_term_string}"},"query-input":{"@type":"PropertyValueSpecification","valueRequired":true,"valueName":"search_term_string"}}],"inLanguage":"hu"},{"@type":"Organization","@id":"https:\/\/gradido.net\/de\/#organization","name":"Gradido","url":"https:\/\/gradido.net\/de\/","logo":{"@type":"ImageObject","inLanguage":"hu","@id":"https:\/\/gradido.net\/de\/#\/schema\/logo\/image\/","url":"https:\/\/gradido.net\/wp-content\/uploads\/2022\/04\/gradido-social.jpg","contentUrl":"https:\/\/gradido.net\/wp-content\/uploads\/2022\/04\/gradido-social.jpg","width":527,"height":273,"caption":"Gradido"},"image":{"@id":"https:\/\/gradido.net\/de\/#\/schema\/logo\/image\/"}},{"@type":"Person","@id":"https:\/\/gradido.net\/de\/#\/schema\/person\/f57399104ec77f2a2d5a68f479b0492f","name":"Philipp Kessler","url":"https:\/\/gradido.net\/hu\/author\/philipp\/"}]}},"_links":{"self":[{"href":"https:\/\/gradido.net\/hu\/wp-json\/wp\/v2\/posts\/6597","targetHints":{"allow":["GET"]}}],"collection":[{"href":"https:\/\/gradido.net\/hu\/wp-json\/wp\/v2\/posts"}],"about":[{"href":"https:\/\/gradido.net\/hu\/wp-json\/wp\/v2\/types\/post"}],"author":[{"embeddable":true,"href":"https:\/\/gradido.net\/hu\/wp-json\/wp\/v2\/users\/12"}],"replies":[{"embeddable":true,"href":"https:\/\/gradido.net\/hu\/wp-json\/wp\/v2\/comments?post=6597"}],"version-history":[{"count":11,"href":"https:\/\/gradido.net\/hu\/wp-json\/wp\/v2\/posts\/6597\/revisions"}],"predecessor-version":[{"id":6608,"href":"https:\/\/gradido.net\/hu\/wp-json\/wp\/v2\/posts\/6597\/revisions\/6608"}],"wp:featuredmedia":[{"embeddable":true,"href":"https:\/\/gradido.net\/hu\/wp-json\/wp\/v2\/media\/6537"}],"wp:attachment":[{"href":"https:\/\/gradido.net\/hu\/wp-json\/wp\/v2\/media?parent=6597"}],"wp:term":[{"taxonomy":"category","embeddable":true,"href":"https:\/\/gradido.net\/hu\/wp-json\/wp\/v2\/categories?post=6597"},{"taxonomy":"post_tag","embeddable":true,"href":"https:\/\/gradido.net\/hu\/wp-json\/wp\/v2\/tags?post=6597"}],"curies":[{"name":"wp","href":"https:\/\/api.w.org\/{rel}","templated":true}]}}