{"id":6837,"date":"2023-06-10T18:26:14","date_gmt":"2023-06-10T16:26:14","guid":{"rendered":"https:\/\/gradido.net\/?p=6837"},"modified":"2026-04-24T08:05:49","modified_gmt":"2026-04-24T06:05:49","slug":"webinar-wohlstand-und-frieden-fuer-die-menschheitsfamilie","status":"publish","type":"post","link":"https:\/\/gradido.net\/hu\/webinar-wohlstand-und-frieden-fuer-die-menschheitsfamilie\/","title":{"rendered":"Webin\u00e1rium: J\u00f3l\u00e9t \u00e9s b\u00e9ke az emberi csal\u00e1d sz\u00e1m\u00e1ra"},"content":{"rendered":"<div data-elementor-type=\"wp-post\" data-elementor-id=\"6837\" class=\"elementor elementor-6837\" data-elementor-post-type=\"post\">\n\t\t\t\t\t\t<section class=\"elementor-section elementor-top-section elementor-element elementor-element-496e1d53 elementor-section-boxed elementor-section-height-default elementor-section-height-default\" data-id=\"496e1d53\" data-element_type=\"section\" data-e-type=\"section\">\n\t\t\t\t\t\t<div class=\"elementor-container elementor-column-gap-default\">\n\t\t\t\t\t<div class=\"elementor-column elementor-col-100 elementor-top-column elementor-element elementor-element-461d7be0\" data-id=\"461d7be0\" data-element_type=\"column\" data-e-type=\"column\">\n\t\t\t<div class=\"elementor-widget-wrap elementor-element-populated\">\n\t\t\t\t\t\t<div class=\"elementor-element elementor-element-cd9ebe2 elementor-widget elementor-widget-text-editor\" data-id=\"cd9ebe2\" data-element_type=\"widget\" data-e-type=\"widget\" data-widget_type=\"text-editor.default\">\n\t\t\t\t<div class=\"elementor-widget-container\">\n\t\t\t\t\t\t\t\t\t<h3 style=\"text-align: left;\"><span style=\"background-color: var( --e-global-color-1939326 );\">Hogyan teremts\u00fcnk nagyszer\u0171 j\u00f6v\u0151t magunknak \u00e9s szeretteinknek?<\/span><span style=\"background-color: var( --e-global-color-1939326 ); color: var( --e-global-color-text );\">\u00a0<\/span><\/h3><p>Ezen a webin\u00e1riumon m\u00e9lyrehat\u00f3 ismereteket kapsz a r\u00e9gi p\u00e9nzrendszer v\u00e9gzetes hib\u00e1ir\u00f3l, az egyetlen \u00e9sszer\u0171, a term\u00e9szet modellj\u00e9n alapul\u00f3 megold\u00e1sr\u00f3l, \u00e9s t\u00f6k\u00e9letes \u00fatmutat\u00f3t arr\u00f3l, hogyan alak\u00edtsd akt\u00edvan \u00e9s \u00f6r\u00f6mmel a j\u00f6v\u0151t - magad, gyermekeid \u00e9s a F\u00f6ld \u00f6sszes gyermeke sz\u00e1m\u00e1ra.<\/p><div><em>Ez egy r\u00f6gz\u00edtett webin\u00e1rium \u00e9l\u0151 szerepl\u0151vel.<\/em><\/div><div><em>Nyugodtan tegye fel k\u00e9rd\u00e9seit a cseveg\u00e9sben. Ezt k\u00f6vet\u0151en e-mailben v\u00e1laszolunk r\u00e1juk.<\/em><\/div>\t\t\t\t\t\t\t\t<\/div>\n\t\t\t\t<\/div>\n\t\t\t\t<div class=\"elementor-element elementor-element-381a286 elementor-widget elementor-widget-html\" data-id=\"381a286\" data-element_type=\"widget\" data-e-type=\"widget\" data-widget_type=\"html.default\">\n\t\t\t\t<div class=\"elementor-widget-container\">\n\t\t\t\t\t<section style=\"width:100%;height:auto;text-align:center;\">\n            <iframe id=\"wbn-27052-iframe\" frameborder=\"0\" allowfullscreen\n style=\"width:100%;max-width:523px;\" \n                height=\"816\" title=\"Gradido - J\u00f3l\u00e9t \u00e9s b\u00e9ke az emberi csal\u00e1dnak\"\n                src=\"https:\/\/21008.webinaris.co\/customer\/registration\/viewer\/27052\/21008?form=iframe&v=4&mode=N\">\n            <\/iframe>\n            <\/section>\n    <script type=\"text\/javascript\" src=\"https:\/\/21008.webinaris.co\/iframe\/quellcode.min.js?v=4\"><\/script>\n    <script type=\"text\/javascript\">wbnIframe.getInstance().init(\"wbn-27052-iframe\")<\/script>\t\t\t\t<\/div>\n\t\t\t\t<\/div>\n\t\t\t\t<div class=\"elementor-element elementor-element-fbd9531 elementor-widget elementor-widget-text-editor\" data-id=\"fbd9531\" data-element_type=\"widget\" data-e-type=\"widget\" data-widget_type=\"text-editor.default\">\n\t\t\t\t<div class=\"elementor-widget-container\">\n\t\t\t\t\t\t\t\t\t<p><img fetchpriority=\"high\" decoding=\"async\" class=\"wp-image-6846 alignleft\" src=\"https:\/\/gradido.net\/wp-content\/uploads\/2023\/06\/Bernd_Transparent.png\" alt=\"\" width=\"229\" height=\"229\" srcset=\"https:\/\/gradido.net\/wp-content\/uploads\/2023\/06\/Bernd_Transparent.png 500w, https:\/\/gradido.net\/wp-content\/uploads\/2023\/06\/Bernd_Transparent-300x300.png 300w, https:\/\/gradido.net\/wp-content\/uploads\/2023\/06\/Bernd_Transparent-150x150.png 150w, https:\/\/gradido.net\/wp-content\/uploads\/2023\/06\/Bernd_Transparent-12x12.png 12w\" sizes=\"(max-width: 229px) 100vw, 229px\" \/><\/p><p>\u00a0<\/p><p>\u00a0<\/p><p>\u00a0<\/p><p>A moder\u00e1torod:<br \/><b>Bernd H\u00fcckst\u00e4dt<\/b><br \/>Gradido alap\u00edt\u00f3ja \u00e9s fejleszt\u0151je<\/p><p style=\"text-align: left;\"><span style=\"background-color: var( --e-global-color-1939326 ); color: var( --e-global-color-text );\">\u00a0<\/span><\/p>\t\t\t\t\t\t\t\t<\/div>\n\t\t\t\t<\/div>\n\t\t\t\t\t<\/div>\n\t\t<\/div>\n\t\t\t\t\t<\/div>\n\t\t<\/section>\n\t\t\t\t<section class=\"elementor-section elementor-top-section elementor-element elementor-element-14532fe elementor-section-boxed elementor-section-height-default elementor-section-height-default\" data-id=\"14532fe\" data-element_type=\"section\" data-e-type=\"section\">\n\t\t\t\t\t\t<div class=\"elementor-container elementor-column-gap-default\">\n\t\t\t\t\t<div class=\"elementor-column elementor-col-100 elementor-top-column elementor-element elementor-element-65d2298\" data-id=\"65d2298\" data-element_type=\"column\" data-e-type=\"column\">\n\t\t\t<div class=\"elementor-widget-wrap elementor-element-populated\">\n\t\t\t\t\t\t<div class=\"elementor-element elementor-element-9d3c669 elementor-widget elementor-widget-text-editor\" data-id=\"9d3c669\" data-element_type=\"widget\" data-e-type=\"widget\" data-widget_type=\"text-editor.default\">\n\t\t\t\t<div class=\"elementor-widget-container\">\n\t\t\t\t\t\t\t\t\t<h3>Ezt fogja megtudni ezen az ingyenes webin\u00e1riumon:<\/h3><ul><li>A p\u00e9nz\u00fcgyi rendszer 3 v\u00e9gzetes hib\u00e1ja, amelyek elker\u00fclhetetlen\u00fcl szeg\u00e9nys\u00e9ghez, h\u00e1bor\u00fakhoz \u00e9s k\u00f6rnyezetpuszt\u00edt\u00e1shoz vezetnek.<\/li><li>A term\u00e9szet 4 zseni\u00e1lis tal\u00e1lm\u00e1nya, amelyek t\u00f6bb mint 4 \u00e9s f\u00e9l milli\u00e1rd \u00e9ve sikeresen m\u0171k\u00f6dnek \u00e9s \u00faj \u00e9letet teremtenek.<\/li><li>Az 5 l\u00e9p\u00e9ses terv a r\u00e9gi p\u00e9nz\u00fcgyi rendszerb\u0151l az \u00c9let Term\u00e9szetes Gazdas\u00e1g\u00e1ba val\u00f3 b\u00e9k\u00e9s \u00e1talakul\u00e1shoz - \u00e9s hogyan tudsz m\u00e1r most a \"Gradido h\u00e1lap\u00e9nzzel\" cser\u00e9lni mindenki jav\u00e1ra.<\/li><\/ul>\t\t\t\t\t\t\t\t<\/div>\n\t\t\t\t<\/div>\n\t\t\t\t<div class=\"elementor-element elementor-element-0d88a77 elementor-widget elementor-widget-text-editor\" data-id=\"0d88a77\" data-element_type=\"widget\" data-e-type=\"widget\" data-widget_type=\"text-editor.default\">\n\t\t\t\t<div class=\"elementor-widget-container\">\n\t\t\t\t\t\t\t\t\t<h4>V\u00e1lasszon id\u0151pontot, \u00e9s tudja meg, hogyan jav\u00edthatja jelent\u0151sen az \u00e9let\u00e9t az ingyenes Gradido fi\u00f3kj\u00e1val!<\/h4>\t\t\t\t\t\t\t\t<\/div>\n\t\t\t\t<\/div>\n\t\t\t\t<div class=\"elementor-element elementor-element-199ab12 elementor-widget elementor-widget-text-editor\" data-id=\"199ab12\" data-element_type=\"widget\" data-e-type=\"widget\" data-widget_type=\"text-editor.default\">\n\t\t\t\t<div class=\"elementor-widget-container\">\n\t\t\t\t\t\t\t\t\t<h3 data-pm-slice=\"1 1 []\" data-en-clipboard=\"true\">A moder\u00e1torr\u00f3l:<\/h3><div data-pm-slice=\"1 1 []\" data-en-clipboard=\"true\">Bernd H\u00fcckst\u00e4dtet m\u00e1r gyermekkora \u00f3ta foglalkoztatja a szeg\u00e9nyek \u00e9s gazdagok k\u00f6z\u00f6tti egyre m\u00e9ly\u00fcl\u0151 szakad\u00e9k, \u00e9s megold\u00e1sokat keres. V\u00e9g\u00fcl a term\u00e9szet intenz\u00edv megfigyel\u00e9s\u00e9vel tal\u00e1lta meg \u0151ket. K\u00f6r\u00fclbel\u00fcl 20 \u00e9vvel ezel\u0151tt Margret Baierrel egy\u00fctt megalap\u00edtotta a Gradido Academy for Economic Bionics nev\u0171 akad\u00e9mi\u00e1t. \u0150 az \u00e9let term\u00e9szetes gazdas\u00e1g\u00e1nak \u00e9s a \"Gradido h\u00e1lap\u00e9nznek\" a f\u0151 kidolgoz\u00f3ja.<\/div><div data-pm-slice=\"1 1 []\" data-en-clipboard=\"true\">\u00a0<\/div><div data-pm-slice=\"1 1 []\" data-en-clipboard=\"true\">Egy\u00fctt hozzuk a vil\u00e1gra a Gradid\u00f3t!<\/div><div data-pm-slice=\"1 1 []\" data-en-clipboard=\"true\">\u00a0<\/div><div data-pm-slice=\"1 1 []\" data-en-clipboard=\"true\">Ezer k\u00f6sz\u00f6net, hogy vel\u00fcnk volt\u00e1l, \u00e9s \u00fcdv\u00f6zletemet k\u00fcld\u00f6m<\/div><div data-pm-slice=\"1 1 []\" data-en-clipboard=\"true\">\u00a0<\/div><div data-pm-slice=\"1 1 []\" data-en-clipboard=\"true\">\u00dcdv\u00f6zlettel<\/div><p><img decoding=\"async\" class=\"alignnone wp-image-4614 size-medium\" src=\"https:\/\/gradido.net\/wp-content\/uploads\/2022\/06\/MargretBernd_2022-300x74.png\" alt=\"\" width=\"300\" height=\"74\" srcset=\"https:\/\/gradido.net\/wp-content\/uploads\/2022\/06\/MargretBernd_2022-300x74.png 300w, https:\/\/gradido.net\/wp-content\/uploads\/2022\/06\/MargretBernd_2022-18x4.png 18w, https:\/\/gradido.net\/wp-content\/uploads\/2022\/06\/MargretBernd_2022.png 431w\" sizes=\"(max-width: 300px) 100vw, 300px\" \/><\/p><p>Margret Baier \u00e9s Bernd H\u00fcckst\u00e4dt<br \/>Gradido alap\u00edt\u00f3ja \u00e9s fejleszt\u0151je<\/p>\t\t\t\t\t\t\t\t<\/div>\n\t\t\t\t<\/div>\n\t\t\t\t\t<\/div>\n\t\t<\/div>\n\t\t\t\t\t<\/div>\n\t\t<\/section>\n\t\t\t\t<section class=\"elementor-section elementor-top-section elementor-element elementor-element-4c536e0 elementor-section-boxed elementor-section-height-default elementor-section-height-default\" data-id=\"4c536e0\" data-element_type=\"section\" data-e-type=\"section\">\n\t\t\t\t\t\t<div class=\"elementor-container elementor-column-gap-default\">\n\t\t\t\t\t<div class=\"elementor-column elementor-col-100 elementor-top-column elementor-element elementor-element-7ddc834\" data-id=\"7ddc834\" data-element_type=\"column\" data-e-type=\"column\">\n\t\t\t<div class=\"elementor-widget-wrap elementor-element-populated\">\n\t\t\t\t\t\t<div class=\"elementor-element elementor-element-ca7bfd6 elementor-widget elementor-widget-global elementor-global-9341 elementor-widget-text-editor\" data-id=\"ca7bfd6\" data-element_type=\"widget\" data-e-type=\"widget\" data-widget_type=\"text-editor.default\">\n\t\t\t\t<div class=\"elementor-widget-container\">\n\t\t\t\t\t\t\t\t\t<p><strong>PS:\u00a0<span style=\"color: #ff6600;\"><a style=\"color: #ff6600;\" href=\"https:\/\/gradido.net\/hu\/donations\/\">A Gradido egyre n\u00f6vekv\u0151 fontoss\u00e1ga miatt 2026. j\u00fanius 26-\u00e1n megism\u00e9telj\u00fck h\u00e1laad\u00f3 kamp\u00e1nyunkat:<\/a>\u00a0<\/span><span style=\"color: #0000ff;\"><a style=\"color: #0000ff;\" href=\"https:\/\/gradido.net\/hu\/donations\/\">A szponzori hozz\u00e1j\u00e1rul\u00e1sod\u00e9rt j\u00e1r\u00f3 t\u00f6bbsz\u00f6r\u00f6s GradidoTransform mellett 2016.06.26-\u00e1n 26%-vel n\u00f6velj\u00fck az \u00f6sszes GDT sz\u00e1mlaegyenleg\u00e9t. Szponzor\u00e1lj most \u00e9s \u00e9lvezd a t\u00f6bbsz\u00f6r\u00f6s GDT \u00f6sszeget!<\/a><\/span><\/strong><\/p>\t\t\t\t\t\t\t\t<\/div>\n\t\t\t\t<\/div>\n\t\t\t\t\t<\/div>\n\t\t<\/div>\n\t\t\t\t\t<\/div>\n\t\t<\/section>\n\t\t\t\t<\/div>","protected":false},"excerpt":{"rendered":"<p>A legend\u00e1s webin\u00e1rium a Gradido alap\u00edt\u00f3j\u00e1val: m\u00e9lyrehat\u00f3 ismereteket kapsz a r\u00e9gi p\u00e9nzrendszer v\u00e9gzetes hib\u00e1ir\u00f3l, az egyetlen \u00e9sszer\u0171, a term\u00e9szet modellj\u00e9n alapul\u00f3 megold\u00e1sr\u00f3l \u00e9s a t\u00f6k\u00e9letes \u00fatmutat\u00f3t arr\u00f3l, hogyan alak\u00edtsd akt\u00edvan \u00e9s \u00f6r\u00f6mmel a j\u00f6v\u0151t. - \u00daJ ID\u0150PONTOK VANNAK!<\/p>","protected":false},"author":2,"featured_media":6838,"comment_status":"closed","ping_status":"closed","sticky":false,"template":"","format":"standard","meta":{"footnotes":""},"categories":[11,54,55],"tags":[22],"class_list":["post-6837","post","type-post","status-publish","format-standard","has-post-thumbnail","hentry","category-blog","category-community","category-gradido-konto","tag-bild-oben"],"yoast_head":"<!-- This site is optimized with the Yoast SEO plugin v27.5 - https:\/\/yoast.com\/product\/yoast-seo-wordpress\/ -->\n<title>Webinar: Wohlstand und Frieden f\u00fcr die Menschheitsfamilie - Gradido<\/title>\n<meta name=\"description\" content=\"Das legend\u00e4re Webinar mit dem Gradido-Gr\u00fcnder: Du bekommst fundiertes Wissen \u00fcber die fatalen Fehler des alten Geldsystems, die einzig sinnvolle L\u00f6sung nach dem Vorbild der Natur und den perfekten Leitfaden, wie du aktiv und mit Freude die Zukunft mitgestaltest. \u2013 ES GIBT NEUE TERMINE!\" \/>\n<meta name=\"robots\" content=\"index, follow, max-snippet:-1, max-image-preview:large, max-video-preview:-1\" \/>\n<link rel=\"canonical\" href=\"https:\/\/gradido.net\/hu\/webinar-wohlstand-und-frieden-fuer-die-menschheitsfamilie\/\" \/>\n<meta property=\"og:locale\" content=\"hu_HU\" \/>\n<meta property=\"og:type\" content=\"article\" \/>\n<meta property=\"og:title\" content=\"Webinar: Wohlstand und Frieden f\u00fcr die Menschheitsfamilie - Gradido\" \/>\n<meta property=\"og:description\" content=\"Das legend\u00e4re Webinar mit dem Gradido-Gr\u00fcnder: Du bekommst fundiertes Wissen \u00fcber die fatalen Fehler des alten Geldsystems, die einzig sinnvolle L\u00f6sung nach dem Vorbild der Natur und den perfekten Leitfaden, wie du aktiv und mit Freude die Zukunft mitgestaltest. \u2013 ES GIBT NEUE TERMINE!\" \/>\n<meta property=\"og:url\" content=\"https:\/\/gradido.net\/hu\/webinar-wohlstand-und-frieden-fuer-die-menschheitsfamilie\/\" \/>\n<meta property=\"og:site_name\" content=\"Gradido\" \/>\n<meta property=\"article:published_time\" content=\"2023-06-10T16:26:14+00:00\" \/>\n<meta property=\"article:modified_time\" content=\"2026-04-24T06:05:49+00:00\" \/>\n<meta property=\"og:image\" content=\"https:\/\/gradido.net\/wp-content\/uploads\/2023\/06\/Webinar.png\" \/>\n\t<meta property=\"og:image:width\" content=\"2460\" \/>\n\t<meta property=\"og:image:height\" content=\"1158\" \/>\n\t<meta property=\"og:image:type\" content=\"image\/png\" \/>\n<meta name=\"author\" content=\"Bernd H\u00fcckst\u00e4dt\" \/>\n<meta name=\"twitter:card\" content=\"summary_large_image\" \/>\n<meta name=\"twitter:label1\" content=\"Szerz\u0151:\" \/>\n\t<meta name=\"twitter:data1\" content=\"Bernd H\u00fcckst\u00e4dt\" \/>\n\t<meta name=\"twitter:label2\" content=\"Becs\u00fclt olvas\u00e1si id\u0151\" \/>\n\t<meta name=\"twitter:data2\" content=\"3 perc\" \/>\n<script type=\"application\/ld+json\" class=\"yoast-schema-graph\">{\"@context\":\"https:\\\/\\\/schema.org\",\"@graph\":[{\"@type\":\"Article\",\"@id\":\"https:\\\/\\\/gradido.net\\\/webinar-wohlstand-und-frieden-fuer-die-menschheitsfamilie\\\/#article\",\"isPartOf\":{\"@id\":\"https:\\\/\\\/gradido.net\\\/webinar-wohlstand-und-frieden-fuer-die-menschheitsfamilie\\\/\"},\"author\":{\"name\":\"Bernd H\u00fcckst\u00e4dt\",\"@id\":\"https:\\\/\\\/gradido.net\\\/de\\\/#\\\/schema\\\/person\\\/9c503a004ad15a1ddecadce2218db5d1\"},\"headline\":\"Webinar: Wohlstand und Frieden f\u00fcr die Menschheitsfamilie\",\"datePublished\":\"2023-06-10T16:26:14+00:00\",\"dateModified\":\"2026-04-24T06:05:49+00:00\",\"mainEntityOfPage\":{\"@id\":\"https:\\\/\\\/gradido.net\\\/webinar-wohlstand-und-frieden-fuer-die-menschheitsfamilie\\\/\"},\"wordCount\":331,\"publisher\":{\"@id\":\"https:\\\/\\\/gradido.net\\\/de\\\/#organization\"},\"image\":{\"@id\":\"https:\\\/\\\/gradido.net\\\/webinar-wohlstand-und-frieden-fuer-die-menschheitsfamilie\\\/#primaryimage\"},\"thumbnailUrl\":\"https:\\\/\\\/gradido.net\\\/wp-content\\\/uploads\\\/2023\\\/06\\\/Webinar.png\",\"keywords\":[\"Bild oben\"],\"articleSection\":[\"Blog\",\"Community\",\"Gradido-Konto\"],\"inLanguage\":\"hu\"},{\"@type\":\"WebPage\",\"@id\":\"https:\\\/\\\/gradido.net\\\/webinar-wohlstand-und-frieden-fuer-die-menschheitsfamilie\\\/\",\"url\":\"https:\\\/\\\/gradido.net\\\/webinar-wohlstand-und-frieden-fuer-die-menschheitsfamilie\\\/\",\"name\":\"Webinar: Wohlstand und Frieden f\u00fcr die Menschheitsfamilie - Gradido\",\"isPartOf\":{\"@id\":\"https:\\\/\\\/gradido.net\\\/de\\\/#website\"},\"primaryImageOfPage\":{\"@id\":\"https:\\\/\\\/gradido.net\\\/webinar-wohlstand-und-frieden-fuer-die-menschheitsfamilie\\\/#primaryimage\"},\"image\":{\"@id\":\"https:\\\/\\\/gradido.net\\\/webinar-wohlstand-und-frieden-fuer-die-menschheitsfamilie\\\/#primaryimage\"},\"thumbnailUrl\":\"https:\\\/\\\/gradido.net\\\/wp-content\\\/uploads\\\/2023\\\/06\\\/Webinar.png\",\"datePublished\":\"2023-06-10T16:26:14+00:00\",\"dateModified\":\"2026-04-24T06:05:49+00:00\",\"description\":\"Das legend\u00e4re Webinar mit dem Gradido-Gr\u00fcnder: Du bekommst fundiertes Wissen \u00fcber die fatalen Fehler des alten Geldsystems, die einzig sinnvolle L\u00f6sung nach dem Vorbild der Natur und den perfekten Leitfaden, wie du aktiv und mit Freude die Zukunft mitgestaltest. \u2013 ES GIBT NEUE TERMINE!\",\"breadcrumb\":{\"@id\":\"https:\\\/\\\/gradido.net\\\/webinar-wohlstand-und-frieden-fuer-die-menschheitsfamilie\\\/#breadcrumb\"},\"inLanguage\":\"hu\",\"potentialAction\":[{\"@type\":\"ReadAction\",\"target\":[\"https:\\\/\\\/gradido.net\\\/webinar-wohlstand-und-frieden-fuer-die-menschheitsfamilie\\\/\"]}]},{\"@type\":\"ImageObject\",\"inLanguage\":\"hu\",\"@id\":\"https:\\\/\\\/gradido.net\\\/webinar-wohlstand-und-frieden-fuer-die-menschheitsfamilie\\\/#primaryimage\",\"url\":\"https:\\\/\\\/gradido.net\\\/wp-content\\\/uploads\\\/2023\\\/06\\\/Webinar.png\",\"contentUrl\":\"https:\\\/\\\/gradido.net\\\/wp-content\\\/uploads\\\/2023\\\/06\\\/Webinar.png\",\"width\":2460,\"height\":1158},{\"@type\":\"BreadcrumbList\",\"@id\":\"https:\\\/\\\/gradido.net\\\/webinar-wohlstand-und-frieden-fuer-die-menschheitsfamilie\\\/#breadcrumb\",\"itemListElement\":[{\"@type\":\"ListItem\",\"position\":1,\"name\":\"Startseite\",\"item\":\"https:\\\/\\\/gradido.net\\\/\"},{\"@type\":\"ListItem\",\"position\":2,\"name\":\"Webinar: Wohlstand und Frieden f\u00fcr die Menschheitsfamilie\"}]},{\"@type\":\"WebSite\",\"@id\":\"https:\\\/\\\/gradido.net\\\/de\\\/#website\",\"url\":\"https:\\\/\\\/gradido.net\\\/de\\\/\",\"name\":\"Gradido\",\"description\":\"Die neue W\u00e4hrung hei\u00dft Dankbarkeit\",\"publisher\":{\"@id\":\"https:\\\/\\\/gradido.net\\\/de\\\/#organization\"},\"potentialAction\":[{\"@type\":\"SearchAction\",\"target\":{\"@type\":\"EntryPoint\",\"urlTemplate\":\"https:\\\/\\\/gradido.net\\\/de\\\/?s={search_term_string}\"},\"query-input\":{\"@type\":\"PropertyValueSpecification\",\"valueRequired\":true,\"valueName\":\"search_term_string\"}}],\"inLanguage\":\"hu\"},{\"@type\":\"Organization\",\"@id\":\"https:\\\/\\\/gradido.net\\\/de\\\/#organization\",\"name\":\"Gradido\",\"url\":\"https:\\\/\\\/gradido.net\\\/de\\\/\",\"logo\":{\"@type\":\"ImageObject\",\"inLanguage\":\"hu\",\"@id\":\"https:\\\/\\\/gradido.net\\\/de\\\/#\\\/schema\\\/logo\\\/image\\\/\",\"url\":\"https:\\\/\\\/gradido.net\\\/wp-content\\\/uploads\\\/2022\\\/04\\\/gradido-social.jpg\",\"contentUrl\":\"https:\\\/\\\/gradido.net\\\/wp-content\\\/uploads\\\/2022\\\/04\\\/gradido-social.jpg\",\"width\":527,\"height\":273,\"caption\":\"Gradido\"},\"image\":{\"@id\":\"https:\\\/\\\/gradido.net\\\/de\\\/#\\\/schema\\\/logo\\\/image\\\/\"}},{\"@type\":\"Person\",\"@id\":\"https:\\\/\\\/gradido.net\\\/de\\\/#\\\/schema\\\/person\\\/9c503a004ad15a1ddecadce2218db5d1\",\"name\":\"Bernd H\u00fcckst\u00e4dt\",\"sameAs\":[\"https:\\\/\\\/gradido.net\"],\"url\":\"https:\\\/\\\/gradido.net\\\/hu\\\/author\\\/bernd\\\/\"}]}<\/script>\n<!-- \/ Yoast SEO plugin. -->","yoast_head_json":{"title":"Webin\u00e1rium: J\u00f3l\u00e9t \u00e9s b\u00e9ke az emberi csal\u00e1d sz\u00e1m\u00e1ra - Gradido","description":"A legend\u00e1s webin\u00e1rium a Gradido alap\u00edt\u00f3j\u00e1val: m\u00e9lyrehat\u00f3 ismereteket kapsz a r\u00e9gi p\u00e9nzrendszer v\u00e9gzetes hib\u00e1ir\u00f3l, az egyetlen \u00e9sszer\u0171, a term\u00e9szet modellj\u00e9n alapul\u00f3 megold\u00e1sr\u00f3l \u00e9s a t\u00f6k\u00e9letes \u00fatmutat\u00f3t arr\u00f3l, hogyan alak\u00edtsd akt\u00edvan \u00e9s \u00f6r\u00f6mmel a j\u00f6v\u0151t. - \u00daJ ID\u0150PONTOK VANNAK!","robots":{"index":"index","follow":"follow","max-snippet":"max-snippet:-1","max-image-preview":"max-image-preview:large","max-video-preview":"max-video-preview:-1"},"canonical":"https:\/\/gradido.net\/hu\/webinar-wohlstand-und-frieden-fuer-die-menschheitsfamilie\/","og_locale":"hu_HU","og_type":"article","og_title":"Webinar: Wohlstand und Frieden f\u00fcr die Menschheitsfamilie - Gradido","og_description":"Das legend\u00e4re Webinar mit dem Gradido-Gr\u00fcnder: Du bekommst fundiertes Wissen \u00fcber die fatalen Fehler des alten Geldsystems, die einzig sinnvolle L\u00f6sung nach dem Vorbild der Natur und den perfekten Leitfaden, wie du aktiv und mit Freude die Zukunft mitgestaltest. \u2013 ES GIBT NEUE TERMINE!","og_url":"https:\/\/gradido.net\/hu\/webinar-wohlstand-und-frieden-fuer-die-menschheitsfamilie\/","og_site_name":"Gradido","article_published_time":"2023-06-10T16:26:14+00:00","article_modified_time":"2026-04-24T06:05:49+00:00","og_image":[{"width":2460,"height":1158,"url":"https:\/\/gradido.net\/wp-content\/uploads\/2023\/06\/Webinar.png","type":"image\/png"}],"author":"Bernd H\u00fcckst\u00e4dt","twitter_card":"summary_large_image","twitter_misc":{"Szerz\u0151:":"Bernd H\u00fcckst\u00e4dt","Becs\u00fclt olvas\u00e1si id\u0151":"3 perc"},"schema":{"@context":"https:\/\/schema.org","@graph":[{"@type":"Article","@id":"https:\/\/gradido.net\/webinar-wohlstand-und-frieden-fuer-die-menschheitsfamilie\/#article","isPartOf":{"@id":"https:\/\/gradido.net\/webinar-wohlstand-und-frieden-fuer-die-menschheitsfamilie\/"},"author":{"name":"Bernd H\u00fcckst\u00e4dt","@id":"https:\/\/gradido.net\/de\/#\/schema\/person\/9c503a004ad15a1ddecadce2218db5d1"},"headline":"Webinar: Wohlstand und Frieden f\u00fcr die Menschheitsfamilie","datePublished":"2023-06-10T16:26:14+00:00","dateModified":"2026-04-24T06:05:49+00:00","mainEntityOfPage":{"@id":"https:\/\/gradido.net\/webinar-wohlstand-und-frieden-fuer-die-menschheitsfamilie\/"},"wordCount":331,"publisher":{"@id":"https:\/\/gradido.net\/de\/#organization"},"image":{"@id":"https:\/\/gradido.net\/webinar-wohlstand-und-frieden-fuer-die-menschheitsfamilie\/#primaryimage"},"thumbnailUrl":"https:\/\/gradido.net\/wp-content\/uploads\/2023\/06\/Webinar.png","keywords":["Bild oben"],"articleSection":["Blog","Community","Gradido-Konto"],"inLanguage":"hu"},{"@type":"WebPage","@id":"https:\/\/gradido.net\/webinar-wohlstand-und-frieden-fuer-die-menschheitsfamilie\/","url":"https:\/\/gradido.net\/webinar-wohlstand-und-frieden-fuer-die-menschheitsfamilie\/","name":"Webin\u00e1rium: J\u00f3l\u00e9t \u00e9s b\u00e9ke az emberi csal\u00e1d sz\u00e1m\u00e1ra - Gradido","isPartOf":{"@id":"https:\/\/gradido.net\/de\/#website"},"primaryImageOfPage":{"@id":"https:\/\/gradido.net\/webinar-wohlstand-und-frieden-fuer-die-menschheitsfamilie\/#primaryimage"},"image":{"@id":"https:\/\/gradido.net\/webinar-wohlstand-und-frieden-fuer-die-menschheitsfamilie\/#primaryimage"},"thumbnailUrl":"https:\/\/gradido.net\/wp-content\/uploads\/2023\/06\/Webinar.png","datePublished":"2023-06-10T16:26:14+00:00","dateModified":"2026-04-24T06:05:49+00:00","description":"A legend\u00e1s webin\u00e1rium a Gradido alap\u00edt\u00f3j\u00e1val: m\u00e9lyrehat\u00f3 ismereteket kapsz a r\u00e9gi p\u00e9nzrendszer v\u00e9gzetes hib\u00e1ir\u00f3l, az egyetlen \u00e9sszer\u0171, a term\u00e9szet modellj\u00e9n alapul\u00f3 megold\u00e1sr\u00f3l \u00e9s a t\u00f6k\u00e9letes \u00fatmutat\u00f3t arr\u00f3l, hogyan alak\u00edtsd akt\u00edvan \u00e9s \u00f6r\u00f6mmel a j\u00f6v\u0151t. - \u00daJ ID\u0150PONTOK VANNAK!","breadcrumb":{"@id":"https:\/\/gradido.net\/webinar-wohlstand-und-frieden-fuer-die-menschheitsfamilie\/#breadcrumb"},"inLanguage":"hu","potentialAction":[{"@type":"ReadAction","target":["https:\/\/gradido.net\/webinar-wohlstand-und-frieden-fuer-die-menschheitsfamilie\/"]}]},{"@type":"ImageObject","inLanguage":"hu","@id":"https:\/\/gradido.net\/webinar-wohlstand-und-frieden-fuer-die-menschheitsfamilie\/#primaryimage","url":"https:\/\/gradido.net\/wp-content\/uploads\/2023\/06\/Webinar.png","contentUrl":"https:\/\/gradido.net\/wp-content\/uploads\/2023\/06\/Webinar.png","width":2460,"height":1158},{"@type":"BreadcrumbList","@id":"https:\/\/gradido.net\/webinar-wohlstand-und-frieden-fuer-die-menschheitsfamilie\/#breadcrumb","itemListElement":[{"@type":"ListItem","position":1,"name":"Startseite","item":"https:\/\/gradido.net\/"},{"@type":"ListItem","position":2,"name":"Webinar: Wohlstand und Frieden f\u00fcr die Menschheitsfamilie"}]},{"@type":"WebSite","@id":"https:\/\/gradido.net\/de\/#website","url":"https:\/\/gradido.net\/de\/","name":"Gradido","description":"Az \u00faj p\u00e9nznem a h\u00e1la","publisher":{"@id":"https:\/\/gradido.net\/de\/#organization"},"potentialAction":[{"@type":"SearchAction","target":{"@type":"EntryPoint","urlTemplate":"https:\/\/gradido.net\/de\/?s={search_term_string}"},"query-input":{"@type":"PropertyValueSpecification","valueRequired":true,"valueName":"search_term_string"}}],"inLanguage":"hu"},{"@type":"Organization","@id":"https:\/\/gradido.net\/de\/#organization","name":"Gradido","url":"https:\/\/gradido.net\/de\/","logo":{"@type":"ImageObject","inLanguage":"hu","@id":"https:\/\/gradido.net\/de\/#\/schema\/logo\/image\/","url":"https:\/\/gradido.net\/wp-content\/uploads\/2022\/04\/gradido-social.jpg","contentUrl":"https:\/\/gradido.net\/wp-content\/uploads\/2022\/04\/gradido-social.jpg","width":527,"height":273,"caption":"Gradido"},"image":{"@id":"https:\/\/gradido.net\/de\/#\/schema\/logo\/image\/"}},{"@type":"Person","@id":"https:\/\/gradido.net\/de\/#\/schema\/person\/9c503a004ad15a1ddecadce2218db5d1","name":"Bernd H\u00fcckst\u00e4dt","sameAs":["https:\/\/gradido.net"],"url":"https:\/\/gradido.net\/hu\/author\/bernd\/"}]}},"_links":{"self":[{"href":"https:\/\/gradido.net\/hu\/wp-json\/wp\/v2\/posts\/6837","targetHints":{"allow":["GET"]}}],"collection":[{"href":"https:\/\/gradido.net\/hu\/wp-json\/wp\/v2\/posts"}],"about":[{"href":"https:\/\/gradido.net\/hu\/wp-json\/wp\/v2\/types\/post"}],"author":[{"embeddable":true,"href":"https:\/\/gradido.net\/hu\/wp-json\/wp\/v2\/users\/2"}],"replies":[{"embeddable":true,"href":"https:\/\/gradido.net\/hu\/wp-json\/wp\/v2\/comments?post=6837"}],"version-history":[{"count":55,"href":"https:\/\/gradido.net\/hu\/wp-json\/wp\/v2\/posts\/6837\/revisions"}],"predecessor-version":[{"id":13590,"href":"https:\/\/gradido.net\/hu\/wp-json\/wp\/v2\/posts\/6837\/revisions\/13590"}],"wp:featuredmedia":[{"embeddable":true,"href":"https:\/\/gradido.net\/hu\/wp-json\/wp\/v2\/media\/6838"}],"wp:attachment":[{"href":"https:\/\/gradido.net\/hu\/wp-json\/wp\/v2\/media?parent=6837"}],"wp:term":[{"taxonomy":"category","embeddable":true,"href":"https:\/\/gradido.net\/hu\/wp-json\/wp\/v2\/categories?post=6837"},{"taxonomy":"post_tag","embeddable":true,"href":"https:\/\/gradido.net\/hu\/wp-json\/wp\/v2\/tags?post=6837"}],"curies":[{"name":"wp","href":"https:\/\/api.w.org\/{rel}","templated":true}]}}