{"id":7278,"date":"2023-08-22T05:59:47","date_gmt":"2023-08-22T03:59:47","guid":{"rendered":"https:\/\/gradido.net\/?p=7278"},"modified":"2026-04-23T07:13:06","modified_gmt":"2026-04-23T05:13:06","slug":"lieblingsstadt-5-wolfgang-wird-arbeitslos-gemeinsam-finden-sie-eine-geniale-loesung","status":"publish","type":"post","link":"https:\/\/gradido.net\/hu\/lieblingsstadt-5-wolfgang-wird-arbeitslos-gemeinsam-finden-sie-eine-geniale-loesung\/","title":{"rendered":"Kedvenc v\u00e1ros 5 - Wolfgang munkan\u00e9lk\u00fcliv\u00e9 v\u00e1lik - egy\u00fctt tal\u00e1lnak egy zseni\u00e1lis megold\u00e1st."},"content":{"rendered":"<div data-elementor-type=\"wp-post\" data-elementor-id=\"7278\" class=\"elementor elementor-7278\" data-elementor-post-type=\"post\">\n\t\t\t\t\t\t<section class=\"elementor-section elementor-top-section elementor-element elementor-element-496e1d53 elementor-section-boxed elementor-section-height-default elementor-section-height-default\" data-id=\"496e1d53\" data-element_type=\"section\" data-e-type=\"section\">\n\t\t\t\t\t\t<div class=\"elementor-container elementor-column-gap-default\">\n\t\t\t\t\t<div class=\"elementor-column elementor-col-100 elementor-top-column elementor-element elementor-element-461d7be0\" data-id=\"461d7be0\" data-element_type=\"column\" data-e-type=\"column\">\n\t\t\t<div class=\"elementor-widget-wrap elementor-element-populated\">\n\t\t\t\t\t\t<div class=\"elementor-element elementor-element-cd9ebe2 elementor-widget elementor-widget-text-editor\" data-id=\"cd9ebe2\" data-element_type=\"widget\" data-e-type=\"widget\" data-widget_type=\"text-editor.default\">\n\t\t\t\t<div class=\"elementor-widget-container\">\n\t\t\t\t\t\t\t\t\t<p style=\"text-align: right;\"><em>\"Szeretem a munk\u00e1mat \u00e9s szeretem az embereket. \u00c9s amikor t\u0171z van, mindent megteszek, hogy megmentsem az emberek \u00e9let\u00e9t.\"<\/em><\/p><p>Kedves Olvas\u00f3!<\/p><p>Wolfgang \u00e9vekig a hagyom\u00e1nyos, kedvenc v\u00e1rosi cip\u0151manufakt\u00far\u00e1ban dolgozott. Az \u00e1ltaluk gy\u00e1rtott cip\u0151ket min\u0151s\u00e9g\u00fck \u00e9s t\u00f6k\u00e9letes kivitelez\u00e9s\u00fck miatt messze a v\u00e1ros hat\u00e1rain t\u00fal is ismert\u00e9k \u00e9s szerett\u00e9k. De mint oly sok m\u00e1s v\u00e1llalat, a \"Lieblingsst\u00e4dter\" sem tudott ellen\u00e1llni a nemzetk\u00f6zi verseny k\u00f6ny\u00f6rtelen nyom\u00e1s\u00e1nak. Egy nap cs\u0151d\u00f6t kellett jelenteni\u00fck, \u00e9s sok polg\u00e1r elvesztette addig biztos munkahely\u00e9t.<\/p><p>Wolfgang is k\u00f6z\u00e9j\u00fck tartozik. A manufakt\u00fara megment\u00e9se \u00e9rdek\u00e9ben egy \u00e9vvel ezel\u0151tt beleegyezett, hogy csak r\u00e9szmunkaid\u0151ben dolgozik, \u00edgy b\u00e9re j\u00f3 fel\u00e9re cs\u00f6kkent. Les\u00fajt\u00f3 k\u00f6vetkezm\u00e9nyekkel, mert a munkan\u00e9lk\u00fcli seg\u00e9ly mind\u00f6ssze 60 % az utols\u00f3 munkab\u00e9r\u00e9nek. Sok\u00e9ves munkatapasztalata ellen\u00e9re nehezen elhelyezhet\u0151nek min\u0151s\u00edtett\u00e9k, mert t\u00fals\u00e1gosan speci\u00e1lis a k\u00e9pzetts\u00e9ge.<\/p><p>Wolfgang \u00e9letm\u00f3dja drasztikusan megv\u00e1ltozott. A Pizzeria Napoli rendszeres l\u00e1togat\u00e1sai, amelyek oly sokat jelentettek sz\u00e1m\u00e1ra, most m\u00e1r nem voltak lehets\u00e9gesek.<\/p>\t\t\t\t\t\t\t\t<\/div>\n\t\t\t\t<\/div>\n\t\t\t\t<div class=\"elementor-element elementor-element-42ba56c elementor-widget elementor-widget-text-editor\" data-id=\"42ba56c\" data-element_type=\"widget\" data-e-type=\"widget\" data-widget_type=\"text-editor.default\">\n\t\t\t\t<div class=\"elementor-widget-container\">\n\t\t\t\t\t\t\t\t\t<h3>B\u00e1tor h\u0151s \u00e9s megment\u0151 angyal<\/h3><p>Wolfgang fiatalon csatlakozott az \u00f6nk\u00e9ntes t\u0171zolt\u00f3s\u00e1ghoz. T\u00f6bbsz\u00f6r is \u00e9letvesz\u00e9lybe sodorta mag\u00e1t, hogy embereket mentsen, s\u00falyos \u00e9g\u00e9si s\u00e9r\u00fcl\u00e9seket szenvedett, amelyek szerencs\u00e9re j\u00f3l gy\u00f3gyultak.<\/p>\t\t\t\t\t\t\t\t<\/div>\n\t\t\t\t<\/div>\n\t\t\t\t<div class=\"elementor-element elementor-element-b482206 elementor-widget elementor-widget-image\" data-id=\"b482206\" data-element_type=\"widget\" data-e-type=\"widget\" data-widget_type=\"image.default\">\n\t\t\t\t<div class=\"elementor-widget-container\">\n\t\t\t\t\t\t\t\t\t\t\t\t\t\t\t<img fetchpriority=\"high\" decoding=\"async\" width=\"500\" height=\"281\" src=\"https:\/\/gradido.net\/wp-content\/uploads\/2023\/08\/Rettet_Kind_500.jpg\" class=\"attachment-full size-full wp-image-7283\" alt=\"\" srcset=\"https:\/\/gradido.net\/wp-content\/uploads\/2023\/08\/Rettet_Kind_500.jpg 500w, https:\/\/gradido.net\/wp-content\/uploads\/2023\/08\/Rettet_Kind_500-300x169.jpg 300w, https:\/\/gradido.net\/wp-content\/uploads\/2023\/08\/Rettet_Kind_500-18x10.jpg 18w\" sizes=\"(max-width: 500px) 100vw, 500px\" \/>\t\t\t\t\t\t\t\t\t\t\t\t\t\t\t<\/div>\n\t\t\t\t<\/div>\n\t\t\t\t<div class=\"elementor-element elementor-element-c5e61d4 elementor-widget elementor-widget-text-editor\" data-id=\"c5e61d4\" data-element_type=\"widget\" data-e-type=\"widget\" data-widget_type=\"text-editor.default\">\n\t\t\t\t<div class=\"elementor-widget-container\">\n\t\t\t\t\t\t\t\t\t<p>Nagyon j\u00f3l eml\u00e9kszik a r\u00e9gi pizz\u00e9ria t\u0171z\u00e9re, ahol kimentette a l\u00e1ngok k\u00f6z\u00fcl Alessi\u00e1t, Giulia \u00e9s Antonio l\u00e1ny\u00e1t. A r\u00e9gi h\u00e1z akkoriban teljesen le\u00e9gett. A t\u0171zolt\u00f3k b\u00e1tor seg\u00edts\u00e9g\u00e9nek k\u00f6sz\u00f6nhet\u0151en senki sem s\u00e9r\u00fclt meg. Giuli\u00e1nak \u00e9s Toninak \u00faj helyis\u00e9get kellett keresnie, \u00e9s az \u00f3v\u00e1rosban tal\u00e1ltak r\u00e1 egy gy\u00f6ny\u00f6r\u0171, a Gr\u00fcnderzeitb\u0151l sz\u00e1rmaz\u00f3 k\u0151h\u00e1zban.<\/p><h3>\u00d6nhib\u00e1jukon k\u00edv\u00fcl szeg\u00e9nyek - \u00e9s N\u00e9metorsz\u00e1gban!<\/h3><p>\u00c9s most Wolfgangnak le kellene mondania a finom pizz\u00e1r\u00f3l, a j\u00f3 borr\u00f3l \u00e9s a bar\u00e1tai kedves t\u00e1rsas\u00e1g\u00e1r\u00f3l, mert nincs p\u00e9nze kifizetni a sz\u00e1ml\u00e1t? Toni biztosan megh\u00edvn\u00e1 \u0151t. De koldulni? Nem, azt soha nem tenn\u00e9 meg!<\/p><h3>F\u00e9ny az alag\u00fat v\u00e9g\u00e9n<\/h3>\t\t\t\t\t\t\t\t<\/div>\n\t\t\t\t<\/div>\n\t\t\t\t<div class=\"elementor-element elementor-element-f223bb6 elementor-widget elementor-widget-image\" data-id=\"f223bb6\" data-element_type=\"widget\" data-e-type=\"widget\" data-widget_type=\"image.default\">\n\t\t\t\t<div class=\"elementor-widget-container\">\n\t\t\t\t\t\t\t\t\t\t\t\t\t\t\t<img decoding=\"async\" src=\"https:\/\/gradido.net\/wp-content\/uploads\/elementor\/thumbs\/gradido_willkommen-qh4sa6qrtxpi7no868dzryzxtv0zvq4mm4m6twz9h4.png\" title=\"gradido_welcome\" alt=\"gradido_welcome\" loading=\"lazy\" \/>\t\t\t\t\t\t\t\t\t\t\t\t\t\t\t<\/div>\n\t\t\t\t<\/div>\n\t\t\t\t<div class=\"elementor-element elementor-element-0499f3c elementor-widget elementor-widget-text-editor\" data-id=\"0499f3c\" data-element_type=\"widget\" data-e-type=\"widget\" data-widget_type=\"text-editor.default\">\n\t\t\t\t<div class=\"elementor-widget-container\">\n\t\t\t\t\t\t\t\t\t<p>Egy nap hallott a Gradido Napokr\u00f3l - a pizz\u00e9ria kezdem\u00e9nyez\u00e9s\u00e9r\u0151l a Gradido projekt keret\u00e9ben. Az anyagilag kev\u00e9sb\u00e9 tehet\u0151s vend\u00e9gek a Gradido alkalm\u00e1b\u00f3l hetente k\u00e9t napot ehetnek \u00e9s ihatnak ott. Van el\u00e9g Gradido, mert mi\u00f3ta Michael Miteinand polg\u00e1rmester bevezette az innovat\u00edv \"Gradido\" k\u00f6zj\u00f3 d\u00edjaz\u00e1si rendszert, a t\u0171zolt\u00f3 szolg\u00e1lat\u00e9rt \u00f3r\u00e1nk\u00e9nt 20 Gradido-t kap.<\/p><h3>Wolfgang felb\u00e1torodik - \u00e9s k\u00f6zbel\u00e9p<\/h3>\t\t\t\t\t\t\t\t<\/div>\n\t\t\t\t<\/div>\n\t\t\t\t<div class=\"elementor-element elementor-element-392458a elementor-widget elementor-widget-image\" data-id=\"392458a\" data-element_type=\"widget\" data-e-type=\"widget\" data-widget_type=\"image.default\">\n\t\t\t\t<div class=\"elementor-widget-container\">\n\t\t\t\t\t\t\t\t\t\t\t\t\t\t\t<img decoding=\"async\" width=\"500\" height=\"375\" src=\"https:\/\/gradido.net\/wp-content\/uploads\/2023\/08\/Pizzeria_Tu\u0308r_500.jpg\" class=\"attachment-full size-full wp-image-7285\" alt=\"\" srcset=\"https:\/\/gradido.net\/wp-content\/uploads\/2023\/08\/Pizzeria_Tu\u0308r_500.jpg 500w, https:\/\/gradido.net\/wp-content\/uploads\/2023\/08\/Pizzeria_Tu\u0308r_500-300x225.jpg 300w, https:\/\/gradido.net\/wp-content\/uploads\/2023\/08\/Pizzeria_Tu\u0308r_500-16x12.jpg 16w\" sizes=\"(max-width: 500px) 100vw, 500px\" \/>\t\t\t\t\t\t\t\t\t\t\t\t\t\t\t<\/div>\n\t\t\t\t<\/div>\n\t\t\t\t<div class=\"elementor-element elementor-element-8fcbf61 elementor-widget elementor-widget-text-editor\" data-id=\"8fcbf61\" data-element_type=\"widget\" data-e-type=\"widget\" data-widget_type=\"text-editor.default\">\n\t\t\t\t<div class=\"elementor-widget-container\">\n\t\t\t\t\t\t\t\t\t<p>Wolfgang dobog\u00f3 sz\u00edvvel, felt\u0171n\u00e9s n\u00e9lk\u00fcl lopakodik a pizz\u00e9ria k\u00f6r\u00fcl. K\u00e9pzelj\u00fck csak el: a b\u00e1tor, er\u0151s f\u00e9rfi, aki m\u00e1r t\u00f6bb embert megmentett a l\u00e1ngokt\u00f3l, anyagi szeg\u00e9nys\u00e9g\u00e9t sz\u00e9gyellve nem mer bel\u00e9pni!\u00a0<\/p><p>V\u00e9g\u00fcl felb\u00e1torodik. Sz\u00e9gyenl\u0151sen bel\u00e9p az ajt\u00f3n - \u00e9s nagy meglepet\u00e9s\u00e9re \u00e9s \u00f6r\u00f6m\u00e9re Giulia \u00e9s Antonio t\u00e1rt karokkal fogadj\u00e1k: \"Il nostro caro amico \u00e8 tornato!\". (\"Kedves bar\u00e1tunk visszat\u00e9rt!\") A jelenl\u00e9v\u0151 vend\u00e9gek ujjonganak. Wolfgangnak \u00f6r\u00f6mk\u00f6nnyek sz\u00f6knek a szem\u00e9be. M\u00e9lyen meghat\u00f3dva le\u00fcl a t\u00f6rzsasztalhoz a bar\u00e1taival.<\/p><h3>Egy k\u00f6z\u00f6s \u00f6tlet egy grandi\u00f3zus tervhez<\/h3><p>Wolfgang bar\u00e1tai megold\u00e1sorient\u00e1lt emberek. Egy\u00fctt kidolgoznak egy grandi\u00f3zus tervet, amelyet azt\u00e1n a polg\u00e1rmesternek akarnak bemutatni.<\/p>\t\t\t\t\t\t\t\t<\/div>\n\t\t\t\t<\/div>\n\t\t\t\t<div class=\"elementor-element elementor-element-876c3ba elementor-widget elementor-widget-image\" data-id=\"876c3ba\" data-element_type=\"widget\" data-e-type=\"widget\" data-widget_type=\"image.default\">\n\t\t\t\t<div class=\"elementor-widget-container\">\n\t\t\t\t\t\t\t\t\t\t\t\t\t\t\t<img decoding=\"async\" width=\"800\" height=\"400\" src=\"https:\/\/gradido.net\/wp-content\/uploads\/2023\/08\/Idee_800.png\" class=\"attachment-large size-large wp-image-7299\" alt=\"\" srcset=\"https:\/\/gradido.net\/wp-content\/uploads\/2023\/08\/Idee_800.png 800w, https:\/\/gradido.net\/wp-content\/uploads\/2023\/08\/Idee_800-300x150.png 300w, https:\/\/gradido.net\/wp-content\/uploads\/2023\/08\/Idee_800-768x384.png 768w, https:\/\/gradido.net\/wp-content\/uploads\/2023\/08\/Idee_800-18x9.png 18w\" sizes=\"(max-width: 800px) 100vw, 800px\" \/>\t\t\t\t\t\t\t\t\t\t\t\t\t\t\t<\/div>\n\t\t\t\t<\/div>\n\t\t\t\t<div class=\"elementor-element elementor-element-1fc6d53 elementor-widget elementor-widget-text-editor\" data-id=\"1fc6d53\" data-element_type=\"widget\" data-e-type=\"widget\" data-widget_type=\"text-editor.default\">\n\t\t\t\t<div class=\"elementor-widget-container\">\n\t\t\t\t\t\t\t\t\t<p>Annak \u00e9rdek\u00e9ben, hogy Wolfgang szaktud\u00e1s\u00e1t kihaszn\u00e1lj\u00e1k, \u00e9s egy\u00fattal a k\u00f6z\u00f6ss\u00e9get is seg\u00edts\u00e9k, fontol\u00f3ra veszik a cip\u0151manufakt\u00fara \u00f6nk\u00e9ntes alapon t\u00f6rt\u00e9n\u0151 folytat\u00e1s\u00e1t. Az egyik vend\u00e9g azt javasolja, hogy ind\u00edtsanak egy \u00faj m\u00e1rk\u00e1t a <strong>'Kedvenc v\u00e1rosi \u00f6nk\u00e9ntes'<\/strong> l\u00e9trehozni. A kor\u00e1bbi alkalmazottak kezdetben \u00f6nk\u00e9nt jelentkeztek, hogy \u00fajra cip\u0151ket k\u00e9sz\u00edtsenek, m\u00e9gpedig olyan hagyom\u00e1nyos mint\u00e1kban \u00e9s kiv\u00e1l\u00f3 min\u0151s\u00e9gben, amelyekr\u0151l a Lieblingsst\u00e4dter olyan h\u00edres.\u00a0<\/p><p>Az \u00f6nk\u00e9ntes munk\u00e1t Gradido pontokkal honor\u00e1lj\u00e1k, a cip\u0151ket pedig Gradido kedvezm\u00e9nyekkel k\u00edn\u00e1lj\u00e1k online. \u00cdgy az \u00f6nk\u00e9ntesek az eg\u00e9sz n\u00e9met nyelvter\u00fcleten kiv\u00e1l\u00f3 min\u0151s\u00e9g\u0171 cip\u0151kh\u00f6z juthatnak rendk\u00edv\u00fcl kedvez\u0151 \u00e1ron. Egy kis szerencs\u00e9vel \u00e9s marketing know-how-val a \"Lieblingsst\u00e4dter Ehrenamt\" kultikus m\u00e1rk\u00e1v\u00e1 fejl\u0151dik, amelyr\u0151l az \u00f6nk\u00e9ntesek felismerhetik egym\u00e1st...<\/p>\t\t\t\t\t\t\t\t<\/div>\n\t\t\t\t<\/div>\n\t\t\t\t<div class=\"elementor-element elementor-element-84f7bbd elementor-widget elementor-widget-image\" data-id=\"84f7bbd\" data-element_type=\"widget\" data-e-type=\"widget\" data-widget_type=\"image.default\">\n\t\t\t\t<div class=\"elementor-widget-container\">\n\t\t\t\t\t\t\t\t\t\t\t\t\t\t\t<img loading=\"lazy\" decoding=\"async\" width=\"500\" height=\"264\" src=\"https:\/\/gradido.net\/wp-content\/uploads\/2023\/08\/Wein_500.jpg\" class=\"attachment-full size-full wp-image-7286\" alt=\"\" srcset=\"https:\/\/gradido.net\/wp-content\/uploads\/2023\/08\/Wein_500.jpg 500w, https:\/\/gradido.net\/wp-content\/uploads\/2023\/08\/Wein_500-300x158.jpg 300w, https:\/\/gradido.net\/wp-content\/uploads\/2023\/08\/Wein_500-18x10.jpg 18w\" sizes=\"(max-width: 500px) 100vw, 500px\" \/>\t\t\t\t\t\t\t\t\t\t\t\t\t\t\t<\/div>\n\t\t\t\t<\/div>\n\t\t\t\t<div class=\"elementor-element elementor-element-abb92cd elementor-widget elementor-widget-text-editor\" data-id=\"abb92cd\" data-element_type=\"widget\" data-e-type=\"widget\" data-widget_type=\"text-editor.default\">\n\t\t\t\t<div class=\"elementor-widget-container\">\n\t\t\t\t\t\t\t\t\t<p>Az \u00f6tletek csak \u00fagy folytak ezen a hossz\u00fa est\u00e9n - ak\u00e1rcsak a j\u00f3 olasz bor.<\/p><p>\u00cdgy kezd\u0151dik egy \u00faj, izgalmas fejezet Wolfgang \u00e9s bar\u00e1tai sz\u00e1m\u00e1ra a Pizzeria Napoliban - \u00e9s eg\u00e9sz Lieblingsstadt sz\u00e1m\u00e1ra.<\/p>\t\t\t\t\t\t\t\t<\/div>\n\t\t\t\t<\/div>\n\t\t\t\t<div class=\"elementor-element elementor-element-e858257 elementor-widget-divider--view-line elementor-widget elementor-widget-divider\" data-id=\"e858257\" data-element_type=\"widget\" data-e-type=\"widget\" data-widget_type=\"divider.default\">\n\t\t\t\t<div class=\"elementor-widget-container\">\n\t\t\t\t\t\t\t<div class=\"elementor-divider\">\n\t\t\t<span class=\"elementor-divider-separator\">\n\t\t\t\t\t\t<\/span>\n\t\t<\/div>\n\t\t\t\t\t\t<\/div>\n\t\t\t\t<\/div>\n\t\t\t\t<div class=\"elementor-element elementor-element-d74dfa0 elementor-widget elementor-widget-text-editor\" data-id=\"d74dfa0\" data-element_type=\"widget\" data-e-type=\"widget\" data-widget_type=\"text-editor.default\">\n\t\t\t\t<div class=\"elementor-widget-container\">\n\t\t\t\t\t\t\t\t\t<div data-pm-slice=\"1 1 []\" data-en-clipboard=\"true\"><p>Sorozatunk \u00f6t\u00f6dik bejegyz\u00e9s\u00e9ben <strong>\"Gradido a kedvenc v\u00e1rosban\"<\/strong> megtudjuk, hogy a jelenlegi turb\u00f3kapitalizmus hogyan r\u00e1ntja a szakad\u00e9kba a hib\u00e1tlan polg\u00e1rokat, f\u00fcggetlen\u00fcl a kor\u00e1bban el\u00e9rt nagyszer\u0171 eredm\u00e9nyekt\u0151l.<\/p><p>Tan\u00fai lehet\u00fcnk annak is, hogy a kedvenc v\u00e1roslak\u00f3k hogyan seg\u00edtik magukat kreativit\u00e1ssal \u00e9s k\u00f6z\u00f6ss\u00e9gi szellemmel.  Ennek sor\u00e1n a Gradido jutalmaz\u00e1si rendszer\u00e9t arra haszn\u00e1lj\u00e1k, hogy visszavegy\u00e9k a hatalmat a k\u00f6z\u00f6s sorsuk felett.<\/p><p>A k\u00f6vetkez\u0151 epiz\u00f3dban a kedvenc v\u00e1rosi cip\u0151gy\u00e1r megment\u00e9s\u00e9r\u0151l van sz\u00f3, amely m\u00e1s v\u00e1llalati ment\u00e9sek mint\u00e1j\u00e1v\u00e1 v\u00e1lik.<\/p><p><strong>B\u00e1tran tov\u00e1bb\u00edtsa ezt a sorozatot a v\u00e1rosi tan\u00e1csnak, egyes\u00fcleteknek \u00e9s keresked\u0151knek!<\/strong><\/p><p>Ha most nem cseleksz\u00fcnk egy\u00fctt, a lefel\u00e9 tart\u00f3 tendencia folytat\u00f3dni fog, a gazdas\u00e1g a falnak fog menni, a k\u00f6z\u00e9poszt\u00e1ly al\u00e1\u00e1ssa mag\u00e1t, \u00e9s sok \u00f6nkorm\u00e1nyzat \u00f6ssze fog omlani az ad\u00f3ss\u00e1gteher alatt.\u00a0<\/p><p>A Gradid\u00f3val a pozit\u00edv \u00e9let- \u00e9s sikerszervez\u00e9s hat\u00e9kony eszk\u00f6ze van a kez\u00fcnkben. Egy\u00fctt alak\u00edtjuk \u00e1t v\u00e1rosainkat \u00e9s k\u00f6z\u00f6ss\u00e9geinket vibr\u00e1l\u00f3, vir\u00e1gz\u00f3 o\u00e1zisokk\u00e1 - kedvenc helyeinkk\u00e9!<\/p><p>\u00dcdv\u00f6zlettel<\/p><\/div><p>\u00dcdv\u00f6zlettel<\/p><p><img loading=\"lazy\" decoding=\"async\" class=\"alignnone wp-image-4614 size-medium\" src=\"https:\/\/gradido.net\/wp-content\/uploads\/2022\/06\/MargretBernd_2022-300x74.png\" alt=\"\" width=\"300\" height=\"74\" srcset=\"https:\/\/gradido.net\/wp-content\/uploads\/2022\/06\/MargretBernd_2022-300x74.png 300w, https:\/\/gradido.net\/wp-content\/uploads\/2022\/06\/MargretBernd_2022-18x4.png 18w, https:\/\/gradido.net\/wp-content\/uploads\/2022\/06\/MargretBernd_2022.png 431w\" sizes=\"(max-width: 300px) 100vw, 300px\" \/><\/p><p>Margret Baier \u00e9s Bernd H\u00fcckst\u00e4dt<br \/>Gradido alap\u00edt\u00f3ja \u00e9s fejleszt\u0151je<\/p>\t\t\t\t\t\t\t\t<\/div>\n\t\t\t\t<\/div>\n\t\t\t\t\t<\/div>\n\t\t<\/div>\n\t\t\t\t\t<\/div>\n\t\t<\/section>\n\t\t\t\t<section class=\"elementor-section elementor-top-section elementor-element elementor-element-c8ffe78 elementor-section-boxed elementor-section-height-default elementor-section-height-default\" data-id=\"c8ffe78\" data-element_type=\"section\" data-e-type=\"section\">\n\t\t\t\t\t\t<div class=\"elementor-container elementor-column-gap-default\">\n\t\t\t\t\t<div class=\"elementor-column elementor-col-100 elementor-top-column elementor-element elementor-element-4330b09\" data-id=\"4330b09\" data-element_type=\"column\" data-e-type=\"column\">\n\t\t\t<div class=\"elementor-widget-wrap elementor-element-populated\">\n\t\t\t\t\t\t<div class=\"elementor-element elementor-element-3db9a1b elementor-position-inline-start white-links elementor-widget__width-initial elementor-view-default elementor-mobile-position-block-start elementor-widget elementor-widget-icon-box\" data-id=\"3db9a1b\" data-element_type=\"widget\" data-e-type=\"widget\" data-no-translation=\"\" data-widget_type=\"icon-box.default\">\n\t\t\t\t<div class=\"elementor-widget-container\">\n\t\t\t\t\t<style>.elementor-element-3db9a1b{display:none !important}<\/style>\t\t\t\t<\/div>\n\t\t\t\t<\/div>\n\t\t\t\t\t<\/div>\n\t\t<\/div>\n\t\t\t\t\t<\/div>\n\t\t<\/section>\n\t\t\t\t<section class=\"elementor-section elementor-top-section elementor-element elementor-element-14532fe elementor-section-boxed elementor-section-height-default elementor-section-height-default\" data-id=\"14532fe\" data-element_type=\"section\" data-e-type=\"section\">\n\t\t\t\t\t\t<div class=\"elementor-container elementor-column-gap-default\">\n\t\t\t\t\t<div class=\"elementor-column elementor-col-100 elementor-top-column elementor-element elementor-element-65d2298\" data-id=\"65d2298\" data-element_type=\"column\" data-e-type=\"column\">\n\t\t\t<div class=\"elementor-widget-wrap elementor-element-populated\">\n\t\t\t\t\t\t<div class=\"elementor-element elementor-element-076e4ff elementor-widget elementor-widget-global elementor-global-9341 elementor-widget-text-editor\" data-id=\"076e4ff\" data-element_type=\"widget\" data-e-type=\"widget\" data-widget_type=\"text-editor.default\">\n\t\t\t\t<div class=\"elementor-widget-container\">\n\t\t\t\t\t\t\t\t\t<p><strong>PS:\u00a0<span style=\"color: #ff6600;\"><a style=\"color: #ff6600;\" href=\"https:\/\/gradido.net\/hu\/donations\/\">A Gradido egyre n\u00f6vekv\u0151 fontoss\u00e1ga miatt 2026. j\u00fanius 26-\u00e1n megism\u00e9telj\u00fck h\u00e1laad\u00f3 kamp\u00e1nyunkat:<\/a>\u00a0<\/span><span style=\"color: #0000ff;\"><a style=\"color: #0000ff;\" href=\"https:\/\/gradido.net\/hu\/donations\/\">A szponzori hozz\u00e1j\u00e1rul\u00e1sod\u00e9rt j\u00e1r\u00f3 t\u00f6bbsz\u00f6r\u00f6s GradidoTransform mellett 2016.06.26-\u00e1n 26%-vel n\u00f6velj\u00fck az \u00f6sszes GDT sz\u00e1mlaegyenleg\u00e9t. Szponzor\u00e1lj most \u00e9s \u00e9lvezd a t\u00f6bbsz\u00f6r\u00f6s GDT \u00f6sszeget!<\/a><\/span><\/strong><\/p>\t\t\t\t\t\t\t\t<\/div>\n\t\t\t\t<\/div>\n\t\t\t\t\t<\/div>\n\t\t<\/div>\n\t\t\t\t\t<\/div>\n\t\t<\/section>\n\t\t\t\t<\/div>","protected":false},"excerpt":{"rendered":"<p>A \"Lieblingsst\u00e4dter Schuhmanufaktur\" nem tud helyt\u00e1llni a nemzetk\u00f6zi versenyben, \u00e9s cs\u0151d\u00f6t kell jelentenie. Sok polg\u00e1r vesz\u00edti el a munk\u00e1j\u00e1t. Wolfgang is k\u00f6zt\u00fck van. Bar\u00e1taival egy\u00fctt zseni\u00e1lis \u00f6tlete t\u00e1mad...<\/p>","protected":false},"author":2,"featured_media":7282,"comment_status":"closed","ping_status":"closed","sticky":false,"template":"","format":"standard","meta":{"footnotes":""},"categories":[11,53],"tags":[22],"class_list":["post-7278","post","type-post","status-publish","format-standard","has-post-thumbnail","hentry","category-blog","category-lieblingsstadt","tag-bild-oben"],"yoast_head":"<!-- This site is optimized with the Yoast SEO plugin v27.5 - https:\/\/yoast.com\/product\/yoast-seo-wordpress\/ -->\n<title>Lieblingsstadt 5 \u2013 Wolfgang wird arbeitslos \u2013 gemeinsam finden sie eine geniale L\u00f6sung - Gradido<\/title>\n<meta name=\"description\" content=\"Die \u201aLieblingsst\u00e4dter Schuhmanufaktur\u2018 kann der internationalen Konkurrenz nicht standhalten und muss Konkurs anmelden. Viele B\u00fcrger verlieren ihren Arbeitsplatz. Wolfgang ist einer von ihnen. Gemeinsam mit seinen Freunden hat er die z\u00fcndende Idee\u2026\" \/>\n<meta name=\"robots\" content=\"index, follow, max-snippet:-1, max-image-preview:large, max-video-preview:-1\" \/>\n<link rel=\"canonical\" href=\"https:\/\/gradido.net\/hu\/lieblingsstadt-5-wolfgang-wird-arbeitslos-gemeinsam-finden-sie-eine-geniale-loesung\/\" \/>\n<meta property=\"og:locale\" content=\"hu_HU\" \/>\n<meta property=\"og:type\" content=\"article\" \/>\n<meta property=\"og:title\" content=\"Lieblingsstadt 5 \u2013 Wolfgang wird arbeitslos \u2013 gemeinsam finden sie eine geniale L\u00f6sung - Gradido\" \/>\n<meta property=\"og:description\" content=\"Die \u201aLieblingsst\u00e4dter Schuhmanufaktur\u2018 kann der internationalen Konkurrenz nicht standhalten und muss Konkurs anmelden. Viele B\u00fcrger verlieren ihren Arbeitsplatz. Wolfgang ist einer von ihnen. Gemeinsam mit seinen Freunden hat er die z\u00fcndende Idee\u2026\" \/>\n<meta property=\"og:url\" content=\"https:\/\/gradido.net\/hu\/lieblingsstadt-5-wolfgang-wird-arbeitslos-gemeinsam-finden-sie-eine-geniale-loesung\/\" \/>\n<meta property=\"og:site_name\" content=\"Gradido\" \/>\n<meta property=\"article:published_time\" content=\"2023-08-22T03:59:47+00:00\" \/>\n<meta property=\"article:modified_time\" content=\"2026-04-23T05:13:06+00:00\" \/>\n<meta property=\"og:image\" content=\"https:\/\/gradido.net\/wp-content\/uploads\/2023\/08\/Wolfgang_1920_3.jpg\" \/>\n\t<meta property=\"og:image:width\" content=\"1920\" \/>\n\t<meta property=\"og:image:height\" content=\"1200\" \/>\n\t<meta property=\"og:image:type\" content=\"image\/jpeg\" \/>\n<meta name=\"author\" content=\"Bernd H\u00fcckst\u00e4dt\" \/>\n<meta name=\"twitter:card\" content=\"summary_large_image\" \/>\n<meta name=\"twitter:label1\" content=\"Szerz\u0151:\" \/>\n\t<meta name=\"twitter:data1\" content=\"Bernd H\u00fcckst\u00e4dt\" \/>\n\t<meta name=\"twitter:label2\" content=\"Becs\u00fclt olvas\u00e1si id\u0151\" \/>\n\t<meta name=\"twitter:data2\" content=\"7 perc\" \/>\n<script type=\"application\/ld+json\" class=\"yoast-schema-graph\">{\"@context\":\"https:\\\/\\\/schema.org\",\"@graph\":[{\"@type\":\"Article\",\"@id\":\"https:\\\/\\\/gradido.net\\\/lieblingsstadt-5-wolfgang-wird-arbeitslos-gemeinsam-finden-sie-eine-geniale-loesung\\\/#article\",\"isPartOf\":{\"@id\":\"https:\\\/\\\/gradido.net\\\/lieblingsstadt-5-wolfgang-wird-arbeitslos-gemeinsam-finden-sie-eine-geniale-loesung\\\/\"},\"author\":{\"name\":\"Bernd H\u00fcckst\u00e4dt\",\"@id\":\"https:\\\/\\\/gradido.net\\\/de\\\/#\\\/schema\\\/person\\\/9c503a004ad15a1ddecadce2218db5d1\"},\"headline\":\"Lieblingsstadt 5 \u2013 Wolfgang wird arbeitslos \u2013 gemeinsam finden sie eine geniale L\u00f6sung\",\"datePublished\":\"2023-08-22T03:59:47+00:00\",\"dateModified\":\"2026-04-23T05:13:06+00:00\",\"mainEntityOfPage\":{\"@id\":\"https:\\\/\\\/gradido.net\\\/lieblingsstadt-5-wolfgang-wird-arbeitslos-gemeinsam-finden-sie-eine-geniale-loesung\\\/\"},\"wordCount\":953,\"publisher\":{\"@id\":\"https:\\\/\\\/gradido.net\\\/de\\\/#organization\"},\"image\":{\"@id\":\"https:\\\/\\\/gradido.net\\\/lieblingsstadt-5-wolfgang-wird-arbeitslos-gemeinsam-finden-sie-eine-geniale-loesung\\\/#primaryimage\"},\"thumbnailUrl\":\"https:\\\/\\\/gradido.net\\\/wp-content\\\/uploads\\\/2023\\\/08\\\/Wolfgang_1920_3.jpg\",\"keywords\":[\"Bild oben\"],\"articleSection\":[\"Blog\",\"Lieblingsstadt\"],\"inLanguage\":\"hu\"},{\"@type\":\"WebPage\",\"@id\":\"https:\\\/\\\/gradido.net\\\/lieblingsstadt-5-wolfgang-wird-arbeitslos-gemeinsam-finden-sie-eine-geniale-loesung\\\/\",\"url\":\"https:\\\/\\\/gradido.net\\\/lieblingsstadt-5-wolfgang-wird-arbeitslos-gemeinsam-finden-sie-eine-geniale-loesung\\\/\",\"name\":\"Lieblingsstadt 5 \u2013 Wolfgang wird arbeitslos \u2013 gemeinsam finden sie eine geniale L\u00f6sung - Gradido\",\"isPartOf\":{\"@id\":\"https:\\\/\\\/gradido.net\\\/de\\\/#website\"},\"primaryImageOfPage\":{\"@id\":\"https:\\\/\\\/gradido.net\\\/lieblingsstadt-5-wolfgang-wird-arbeitslos-gemeinsam-finden-sie-eine-geniale-loesung\\\/#primaryimage\"},\"image\":{\"@id\":\"https:\\\/\\\/gradido.net\\\/lieblingsstadt-5-wolfgang-wird-arbeitslos-gemeinsam-finden-sie-eine-geniale-loesung\\\/#primaryimage\"},\"thumbnailUrl\":\"https:\\\/\\\/gradido.net\\\/wp-content\\\/uploads\\\/2023\\\/08\\\/Wolfgang_1920_3.jpg\",\"datePublished\":\"2023-08-22T03:59:47+00:00\",\"dateModified\":\"2026-04-23T05:13:06+00:00\",\"description\":\"Die \u201aLieblingsst\u00e4dter Schuhmanufaktur\u2018 kann der internationalen Konkurrenz nicht standhalten und muss Konkurs anmelden. Viele B\u00fcrger verlieren ihren Arbeitsplatz. Wolfgang ist einer von ihnen. Gemeinsam mit seinen Freunden hat er die z\u00fcndende Idee\u2026\",\"breadcrumb\":{\"@id\":\"https:\\\/\\\/gradido.net\\\/lieblingsstadt-5-wolfgang-wird-arbeitslos-gemeinsam-finden-sie-eine-geniale-loesung\\\/#breadcrumb\"},\"inLanguage\":\"hu\",\"potentialAction\":[{\"@type\":\"ReadAction\",\"target\":[\"https:\\\/\\\/gradido.net\\\/lieblingsstadt-5-wolfgang-wird-arbeitslos-gemeinsam-finden-sie-eine-geniale-loesung\\\/\"]}]},{\"@type\":\"ImageObject\",\"inLanguage\":\"hu\",\"@id\":\"https:\\\/\\\/gradido.net\\\/lieblingsstadt-5-wolfgang-wird-arbeitslos-gemeinsam-finden-sie-eine-geniale-loesung\\\/#primaryimage\",\"url\":\"https:\\\/\\\/gradido.net\\\/wp-content\\\/uploads\\\/2023\\\/08\\\/Wolfgang_1920_3.jpg\",\"contentUrl\":\"https:\\\/\\\/gradido.net\\\/wp-content\\\/uploads\\\/2023\\\/08\\\/Wolfgang_1920_3.jpg\",\"width\":1920,\"height\":1200},{\"@type\":\"BreadcrumbList\",\"@id\":\"https:\\\/\\\/gradido.net\\\/lieblingsstadt-5-wolfgang-wird-arbeitslos-gemeinsam-finden-sie-eine-geniale-loesung\\\/#breadcrumb\",\"itemListElement\":[{\"@type\":\"ListItem\",\"position\":1,\"name\":\"Startseite\",\"item\":\"https:\\\/\\\/gradido.net\\\/\"},{\"@type\":\"ListItem\",\"position\":2,\"name\":\"Lieblingsstadt 5 \u2013 Wolfgang wird arbeitslos \u2013 gemeinsam finden sie eine geniale L\u00f6sung\"}]},{\"@type\":\"WebSite\",\"@id\":\"https:\\\/\\\/gradido.net\\\/de\\\/#website\",\"url\":\"https:\\\/\\\/gradido.net\\\/de\\\/\",\"name\":\"Gradido\",\"description\":\"Die neue W\u00e4hrung hei\u00dft Dankbarkeit\",\"publisher\":{\"@id\":\"https:\\\/\\\/gradido.net\\\/de\\\/#organization\"},\"potentialAction\":[{\"@type\":\"SearchAction\",\"target\":{\"@type\":\"EntryPoint\",\"urlTemplate\":\"https:\\\/\\\/gradido.net\\\/de\\\/?s={search_term_string}\"},\"query-input\":{\"@type\":\"PropertyValueSpecification\",\"valueRequired\":true,\"valueName\":\"search_term_string\"}}],\"inLanguage\":\"hu\"},{\"@type\":\"Organization\",\"@id\":\"https:\\\/\\\/gradido.net\\\/de\\\/#organization\",\"name\":\"Gradido\",\"url\":\"https:\\\/\\\/gradido.net\\\/de\\\/\",\"logo\":{\"@type\":\"ImageObject\",\"inLanguage\":\"hu\",\"@id\":\"https:\\\/\\\/gradido.net\\\/de\\\/#\\\/schema\\\/logo\\\/image\\\/\",\"url\":\"https:\\\/\\\/gradido.net\\\/wp-content\\\/uploads\\\/2022\\\/04\\\/gradido-social.jpg\",\"contentUrl\":\"https:\\\/\\\/gradido.net\\\/wp-content\\\/uploads\\\/2022\\\/04\\\/gradido-social.jpg\",\"width\":527,\"height\":273,\"caption\":\"Gradido\"},\"image\":{\"@id\":\"https:\\\/\\\/gradido.net\\\/de\\\/#\\\/schema\\\/logo\\\/image\\\/\"}},{\"@type\":\"Person\",\"@id\":\"https:\\\/\\\/gradido.net\\\/de\\\/#\\\/schema\\\/person\\\/9c503a004ad15a1ddecadce2218db5d1\",\"name\":\"Bernd H\u00fcckst\u00e4dt\",\"sameAs\":[\"https:\\\/\\\/gradido.net\"],\"url\":\"https:\\\/\\\/gradido.net\\\/hu\\\/author\\\/bernd\\\/\"}]}<\/script>\n<!-- \/ Yoast SEO plugin. -->","yoast_head_json":{"title":"Kedvenc v\u00e1ros 5 - Wolfgang munkan\u00e9lk\u00fcliv\u00e9 v\u00e1lik - egy\u00fctt tal\u00e1lnak egy zseni\u00e1lis megold\u00e1st - Gradido","description":"A \"Lieblingsst\u00e4dter Schuhmanufaktur\" nem tud helyt\u00e1llni a nemzetk\u00f6zi versenyben, \u00e9s cs\u0151d\u00f6t kell jelentenie. Sok polg\u00e1r vesz\u00edti el a munk\u00e1j\u00e1t. Wolfgang is k\u00f6zt\u00fck van. Bar\u00e1taival egy\u00fctt zseni\u00e1lis \u00f6tlete t\u00e1mad...","robots":{"index":"index","follow":"follow","max-snippet":"max-snippet:-1","max-image-preview":"max-image-preview:large","max-video-preview":"max-video-preview:-1"},"canonical":"https:\/\/gradido.net\/hu\/lieblingsstadt-5-wolfgang-wird-arbeitslos-gemeinsam-finden-sie-eine-geniale-loesung\/","og_locale":"hu_HU","og_type":"article","og_title":"Lieblingsstadt 5 \u2013 Wolfgang wird arbeitslos \u2013 gemeinsam finden sie eine geniale L\u00f6sung - Gradido","og_description":"Die \u201aLieblingsst\u00e4dter Schuhmanufaktur\u2018 kann der internationalen Konkurrenz nicht standhalten und muss Konkurs anmelden. Viele B\u00fcrger verlieren ihren Arbeitsplatz. Wolfgang ist einer von ihnen. Gemeinsam mit seinen Freunden hat er die z\u00fcndende Idee\u2026","og_url":"https:\/\/gradido.net\/hu\/lieblingsstadt-5-wolfgang-wird-arbeitslos-gemeinsam-finden-sie-eine-geniale-loesung\/","og_site_name":"Gradido","article_published_time":"2023-08-22T03:59:47+00:00","article_modified_time":"2026-04-23T05:13:06+00:00","og_image":[{"width":1920,"height":1200,"url":"https:\/\/gradido.net\/wp-content\/uploads\/2023\/08\/Wolfgang_1920_3.jpg","type":"image\/jpeg"}],"author":"Bernd H\u00fcckst\u00e4dt","twitter_card":"summary_large_image","twitter_misc":{"Szerz\u0151:":"Bernd H\u00fcckst\u00e4dt","Becs\u00fclt olvas\u00e1si id\u0151":"7 perc"},"schema":{"@context":"https:\/\/schema.org","@graph":[{"@type":"Article","@id":"https:\/\/gradido.net\/lieblingsstadt-5-wolfgang-wird-arbeitslos-gemeinsam-finden-sie-eine-geniale-loesung\/#article","isPartOf":{"@id":"https:\/\/gradido.net\/lieblingsstadt-5-wolfgang-wird-arbeitslos-gemeinsam-finden-sie-eine-geniale-loesung\/"},"author":{"name":"Bernd H\u00fcckst\u00e4dt","@id":"https:\/\/gradido.net\/de\/#\/schema\/person\/9c503a004ad15a1ddecadce2218db5d1"},"headline":"Lieblingsstadt 5 \u2013 Wolfgang wird arbeitslos \u2013 gemeinsam finden sie eine geniale L\u00f6sung","datePublished":"2023-08-22T03:59:47+00:00","dateModified":"2026-04-23T05:13:06+00:00","mainEntityOfPage":{"@id":"https:\/\/gradido.net\/lieblingsstadt-5-wolfgang-wird-arbeitslos-gemeinsam-finden-sie-eine-geniale-loesung\/"},"wordCount":953,"publisher":{"@id":"https:\/\/gradido.net\/de\/#organization"},"image":{"@id":"https:\/\/gradido.net\/lieblingsstadt-5-wolfgang-wird-arbeitslos-gemeinsam-finden-sie-eine-geniale-loesung\/#primaryimage"},"thumbnailUrl":"https:\/\/gradido.net\/wp-content\/uploads\/2023\/08\/Wolfgang_1920_3.jpg","keywords":["Bild oben"],"articleSection":["Blog","Lieblingsstadt"],"inLanguage":"hu"},{"@type":"WebPage","@id":"https:\/\/gradido.net\/lieblingsstadt-5-wolfgang-wird-arbeitslos-gemeinsam-finden-sie-eine-geniale-loesung\/","url":"https:\/\/gradido.net\/lieblingsstadt-5-wolfgang-wird-arbeitslos-gemeinsam-finden-sie-eine-geniale-loesung\/","name":"Kedvenc v\u00e1ros 5 - Wolfgang munkan\u00e9lk\u00fcliv\u00e9 v\u00e1lik - egy\u00fctt tal\u00e1lnak egy zseni\u00e1lis megold\u00e1st - Gradido","isPartOf":{"@id":"https:\/\/gradido.net\/de\/#website"},"primaryImageOfPage":{"@id":"https:\/\/gradido.net\/lieblingsstadt-5-wolfgang-wird-arbeitslos-gemeinsam-finden-sie-eine-geniale-loesung\/#primaryimage"},"image":{"@id":"https:\/\/gradido.net\/lieblingsstadt-5-wolfgang-wird-arbeitslos-gemeinsam-finden-sie-eine-geniale-loesung\/#primaryimage"},"thumbnailUrl":"https:\/\/gradido.net\/wp-content\/uploads\/2023\/08\/Wolfgang_1920_3.jpg","datePublished":"2023-08-22T03:59:47+00:00","dateModified":"2026-04-23T05:13:06+00:00","description":"A \"Lieblingsst\u00e4dter Schuhmanufaktur\" nem tud helyt\u00e1llni a nemzetk\u00f6zi versenyben, \u00e9s cs\u0151d\u00f6t kell jelentenie. Sok polg\u00e1r vesz\u00edti el a munk\u00e1j\u00e1t. Wolfgang is k\u00f6zt\u00fck van. Bar\u00e1taival egy\u00fctt zseni\u00e1lis \u00f6tlete t\u00e1mad...","breadcrumb":{"@id":"https:\/\/gradido.net\/lieblingsstadt-5-wolfgang-wird-arbeitslos-gemeinsam-finden-sie-eine-geniale-loesung\/#breadcrumb"},"inLanguage":"hu","potentialAction":[{"@type":"ReadAction","target":["https:\/\/gradido.net\/lieblingsstadt-5-wolfgang-wird-arbeitslos-gemeinsam-finden-sie-eine-geniale-loesung\/"]}]},{"@type":"ImageObject","inLanguage":"hu","@id":"https:\/\/gradido.net\/lieblingsstadt-5-wolfgang-wird-arbeitslos-gemeinsam-finden-sie-eine-geniale-loesung\/#primaryimage","url":"https:\/\/gradido.net\/wp-content\/uploads\/2023\/08\/Wolfgang_1920_3.jpg","contentUrl":"https:\/\/gradido.net\/wp-content\/uploads\/2023\/08\/Wolfgang_1920_3.jpg","width":1920,"height":1200},{"@type":"BreadcrumbList","@id":"https:\/\/gradido.net\/lieblingsstadt-5-wolfgang-wird-arbeitslos-gemeinsam-finden-sie-eine-geniale-loesung\/#breadcrumb","itemListElement":[{"@type":"ListItem","position":1,"name":"Startseite","item":"https:\/\/gradido.net\/"},{"@type":"ListItem","position":2,"name":"Lieblingsstadt 5 \u2013 Wolfgang wird arbeitslos \u2013 gemeinsam finden sie eine geniale L\u00f6sung"}]},{"@type":"WebSite","@id":"https:\/\/gradido.net\/de\/#website","url":"https:\/\/gradido.net\/de\/","name":"Gradido","description":"Az \u00faj p\u00e9nznem a h\u00e1la","publisher":{"@id":"https:\/\/gradido.net\/de\/#organization"},"potentialAction":[{"@type":"SearchAction","target":{"@type":"EntryPoint","urlTemplate":"https:\/\/gradido.net\/de\/?s={search_term_string}"},"query-input":{"@type":"PropertyValueSpecification","valueRequired":true,"valueName":"search_term_string"}}],"inLanguage":"hu"},{"@type":"Organization","@id":"https:\/\/gradido.net\/de\/#organization","name":"Gradido","url":"https:\/\/gradido.net\/de\/","logo":{"@type":"ImageObject","inLanguage":"hu","@id":"https:\/\/gradido.net\/de\/#\/schema\/logo\/image\/","url":"https:\/\/gradido.net\/wp-content\/uploads\/2022\/04\/gradido-social.jpg","contentUrl":"https:\/\/gradido.net\/wp-content\/uploads\/2022\/04\/gradido-social.jpg","width":527,"height":273,"caption":"Gradido"},"image":{"@id":"https:\/\/gradido.net\/de\/#\/schema\/logo\/image\/"}},{"@type":"Person","@id":"https:\/\/gradido.net\/de\/#\/schema\/person\/9c503a004ad15a1ddecadce2218db5d1","name":"Bernd H\u00fcckst\u00e4dt","sameAs":["https:\/\/gradido.net"],"url":"https:\/\/gradido.net\/hu\/author\/bernd\/"}]}},"_links":{"self":[{"href":"https:\/\/gradido.net\/hu\/wp-json\/wp\/v2\/posts\/7278","targetHints":{"allow":["GET"]}}],"collection":[{"href":"https:\/\/gradido.net\/hu\/wp-json\/wp\/v2\/posts"}],"about":[{"href":"https:\/\/gradido.net\/hu\/wp-json\/wp\/v2\/types\/post"}],"author":[{"embeddable":true,"href":"https:\/\/gradido.net\/hu\/wp-json\/wp\/v2\/users\/2"}],"replies":[{"embeddable":true,"href":"https:\/\/gradido.net\/hu\/wp-json\/wp\/v2\/comments?post=7278"}],"version-history":[{"count":59,"href":"https:\/\/gradido.net\/hu\/wp-json\/wp\/v2\/posts\/7278\/revisions"}],"predecessor-version":[{"id":13545,"href":"https:\/\/gradido.net\/hu\/wp-json\/wp\/v2\/posts\/7278\/revisions\/13545"}],"wp:featuredmedia":[{"embeddable":true,"href":"https:\/\/gradido.net\/hu\/wp-json\/wp\/v2\/media\/7282"}],"wp:attachment":[{"href":"https:\/\/gradido.net\/hu\/wp-json\/wp\/v2\/media?parent=7278"}],"wp:term":[{"taxonomy":"category","embeddable":true,"href":"https:\/\/gradido.net\/hu\/wp-json\/wp\/v2\/categories?post=7278"},{"taxonomy":"post_tag","embeddable":true,"href":"https:\/\/gradido.net\/hu\/wp-json\/wp\/v2\/tags?post=7278"}],"curies":[{"name":"wp","href":"https:\/\/api.w.org\/{rel}","templated":true}]}}