{"id":7693,"date":"2023-09-25T06:55:22","date_gmt":"2023-09-25T04:55:22","guid":{"rendered":"https:\/\/gradido.net\/?p=7693"},"modified":"2026-04-23T07:06:15","modified_gmt":"2026-04-23T05:06:15","slug":"lieblingsstadt-13-mit-freunden-unterwegs-der-ehrenamtliche-fahrdienst-lieblingsstaedter-kutscher","status":"publish","type":"post","link":"https:\/\/gradido.net\/hu\/lieblingsstadt-13-mit-freunden-unterwegs-der-ehrenamtliche-fahrdienst-lieblingsstaedter-kutscher\/","title":{"rendered":"Kedvenc v\u00e1ros 13 - \u00daton a bar\u00e1tokkal: a \"Lieblingsst\u00e4dter Kutscher\" (Kedvenc v\u00e1rosi kocsisok) \u00f6nk\u00e9ntes vezet\u00e9si szolg\u00e1ltat\u00e1sa"},"content":{"rendered":"<div data-elementor-type=\"wp-post\" data-elementor-id=\"7693\" class=\"elementor elementor-7693\" data-elementor-post-type=\"post\">\n\t\t\t\t\t\t<section class=\"elementor-section elementor-top-section elementor-element elementor-element-496e1d53 elementor-section-boxed elementor-section-height-default elementor-section-height-default\" data-id=\"496e1d53\" data-element_type=\"section\" data-e-type=\"section\">\n\t\t\t\t\t\t<div class=\"elementor-container elementor-column-gap-default\">\n\t\t\t\t\t<div class=\"elementor-column elementor-col-100 elementor-top-column elementor-element elementor-element-461d7be0\" data-id=\"461d7be0\" data-element_type=\"column\" data-e-type=\"column\">\n\t\t\t<div class=\"elementor-widget-wrap elementor-element-populated\">\n\t\t\t\t\t\t<div class=\"elementor-element elementor-element-cd9ebe2 elementor-widget elementor-widget-text-editor\" data-id=\"cd9ebe2\" data-element_type=\"widget\" data-e-type=\"widget\" data-widget_type=\"text-editor.default\">\n\t\t\t\t<div class=\"elementor-widget-container\">\n\t\t\t\t\t\t\t\t\t<p style=\"text-align: right;\"><em>\"Amit a nemzetk\u00f6zi g\u00e9pj\u00e1rm\u0171vezet\u0151i szolg\u00e1latok csin\u00e1lnak, azt mi jobban tudjuk csin\u00e1lni - region\u00e1lisan, \u00f6nk\u00e9ntesen \u00e9s \u00f6r\u00f6mmel!\"<\/em><\/p><p>Kedves Olvas\u00f3!<\/p><p>az idilli Lieblingsstadtban a polg\u00e1roknak k\u00f6z\u00f6s c\u00e9ljuk van: egy z\u00f6ld, kis forgalm\u00fa v\u00e1ros. Parkol\u00f3k helyett v\u00e1rosi kertekr\u0151l \u00e9s t\u00e1gas z\u00f6ld ter\u00fcletekr\u0151l \u00e1lmodnak. De van egy probl\u00e9ma...<\/p><p>A t\u00f6megk\u00f6zleked\u00e9s ritk\u00e1n k\u00f6zlekedik, \u00e9s kor\u00e1ntsem fedi le a v\u00e1ros minden ter\u00fclet\u00e9t. A k\u00fclv\u00e1rosok \u00e9s a k\u00f6rnyez\u0151 falvak k\u00fcl\u00f6n\u00f6sen rosszul vannak kiszolg\u00e1lva. Sok polg\u00e1r nem engedheti meg mag\u00e1nak a saj\u00e1t aut\u00f3t, vagy k\u00f6rnyezetv\u00e9delmi okokb\u00f3l nem akar saj\u00e1t aut\u00f3val rendelkezni. R\u00e1ad\u00e1sul a v\u00e1rosk\u00f6zpontban sz\u00e1nd\u00e9kosan kev\u00e9s a parkol\u00f3hely.<\/p><p>De hogyan j\u00f6jjenek az emberek a v\u00e1rosba? \u00daj kih\u00edv\u00e1s Michael Miteinand polg\u00e1rmester \u00e9s elk\u00f6telezett csapata sz\u00e1m\u00e1ra!\u00a0<\/p><h3>\u00d6nk\u00e9ntes vezet\u00e9si szolg\u00e1lat<\/h3><p>A t\u00f6bbi Gradido projekt nagy siker\u00e9n felbuzdulva gyorsan megtal\u00e1lj\u00e1k a megold\u00e1st:<\/p><p>A polg\u00e1rokkal egy\u00fctt fejlesztik az \u00f6nk\u00e9ntes g\u00e9pj\u00e1rm\u0171vezet\u0151i szolg\u00e1latot. <strong>'Kedvenc v\u00e1rosi kocsis<\/strong>': Az \u00f6nk\u00e9ntesek biztos\u00edtj\u00e1k aut\u00f3jukat, \u00e9s k\u00f6rbeviszik az embereket a v\u00e1rosban \u00e9s a k\u00f6rnyez\u0151 falvakban. Id\u0151s embereket visznek orvoshoz, gyerekeket hoznak el az iskol\u00e1b\u00f3l, \u00e9s a dolgoz\u00f3 embereket biztons\u00e1gosan elviszik a munkahely\u00fckre. Bev\u00e1s\u00e1rl\u00e1si szolg\u00e1ltat\u00e1sokat szerveznek \u00e9s m\u00e9g sok minden m\u00e1st. Mindent az \u00f6nk\u00e9ntesek koordin\u00e1lnak a polg\u00e1r\u0151rs\u00e9gen bel\u00fcl. Jelenleg m\u00e9g telefonon \u00e9s cseveg\u00e9ssel t\u00f6rt\u00e9nik, de a j\u00f6v\u0151ben lesz egy<strong>Coachman App'<\/strong> adj.<\/p>\t\t\t\t\t\t\t\t<\/div>\n\t\t\t\t<\/div>\n\t\t\t\t<div class=\"elementor-element elementor-element-b482206 elementor-widget elementor-widget-image\" data-id=\"b482206\" data-element_type=\"widget\" data-e-type=\"widget\" data-widget_type=\"image.default\">\n\t\t\t\t<div class=\"elementor-widget-container\">\n\t\t\t\t\t\t\t\t\t\t\t\t\t\t\t<img fetchpriority=\"high\" decoding=\"async\" width=\"500\" height=\"312\" src=\"https:\/\/gradido.net\/wp-content\/uploads\/2023\/09\/Fahrgemeinschaft_500.jpg\" class=\"attachment-full size-full wp-image-7699\" alt=\"\" srcset=\"https:\/\/gradido.net\/wp-content\/uploads\/2023\/09\/Fahrgemeinschaft_500.jpg 500w, https:\/\/gradido.net\/wp-content\/uploads\/2023\/09\/Fahrgemeinschaft_500-300x187.jpg 300w, https:\/\/gradido.net\/wp-content\/uploads\/2023\/09\/Fahrgemeinschaft_500-18x12.jpg 18w\" sizes=\"(max-width: 500px) 100vw, 500px\" \/>\t\t\t\t\t\t\t\t\t\t\t\t\t\t\t<\/div>\n\t\t\t\t<\/div>\n\t\t\t\t<div class=\"elementor-element elementor-element-c5e61d4 elementor-widget elementor-widget-text-editor\" data-id=\"c5e61d4\" data-element_type=\"widget\" data-e-type=\"widget\" data-widget_type=\"text-editor.default\">\n\t\t\t\t<div class=\"elementor-widget-container\">\n\t\t\t\t\t\t\t\t\t<p>Az \u00fatvonalakat \u00fagy tervezt\u00e9k meg, hogy a lehet\u0151 legt\u00f6bb utast egy\u00fctt sz\u00e1ll\u00edts\u00e1k. \u00cdgy az emberek kapcsolatba ker\u00fclnek egym\u00e1ssal, \u00e9s a fuvaroz\u00e1s a k\u00f6z\u00f6ss\u00e9g \u00e9s a k\u00f6rnyezettudatoss\u00e1g szimb\u00f3lum\u00e1v\u00e1 v\u00e1lik.\u00a0<\/p><h3>Gradido\" javadalmaz\u00e1si rendszer<\/h3><p>Minden Lieblingsst\u00e4dter \u00f6nk\u00e9ntes projekt k\u00fcl\u00f6nlegess\u00e9ge a Gradido d\u00edjaz\u00e1si rendszer integr\u00e1l\u00e1sa. A fuvarok\u00e9rt nem eur\u00f3ban fizetnek, hanem Gradid\u00f3kkal honor\u00e1lj\u00e1k \u0151ket. Vagyis nem eg\u00e9szen: a kocsis a j\u00e1rm\u0171ve \u00fczemanyag\u00e1ra \u00e9s karbantart\u00e1s\u00e1ra sz\u00edvesen fogad el eur\u00f3ban is adom\u00e1nyokat. Minden utas annyit ad, amennyit tud \u00e9s akar - egyesek t\u00f6bbet, m\u00e1sok kevesebbet. \u00cdgy a kocsisok nemcsak a k\u00f6lts\u00e9geiket fedezik, hanem a h\u00f3nap v\u00e9g\u00e9n m\u00e9g marad is valami.\u00a0<\/p><p>A Gradid\u00f3k mindenf\u00e9le el\u0151nyben r\u00e9szes\u00fclnek - a nagyvonal\u00fa Gradido-kedvezm\u00e9nyekt\u0151l kezdve az \u00fczletekben \u00e9s a szomsz\u00e9ds\u00e1gi seg\u00edts\u00e9gny\u00fajt\u00e1son \u00e1t a GradidoCaf\u00e9 \u00e9s az egy\u00fcttm\u0171k\u00f6d\u0151 \u00e9ttermek finom \u00e9teleiig \u00e9s italaiig.<\/p><h3>Annyi el\u0151nye van - teljes siker!<\/h3><p>A Lieblingsstadtban az emberek seg\u00edtik egym\u00e1st, \u00e9s ezzel egyidej\u0171leg cs\u00f6kkentik a v\u00e1ros forgalm\u00e1t. Az utc\u00e1k csendesebbek \u00e9s a leveg\u0151 tiszt\u00e1bb lesz. A parkol\u00f3helyek megtakar\u00edt\u00e1s\u00e1val z\u00f6ldter\u00fcleteket \u0151riznek meg vagy hoznak l\u00e9tre \u00fajakat.<\/p><p>A \"kedvenc v\u00e1rosi kocsis\" vezet\u00e9si szolg\u00e1ltat\u00e1s sikeress\u00e9 v\u00e1lik, \u00e9s m\u00e1s v\u00e1rosokat is hasonl\u00f3 projektek elind\u00edt\u00e1s\u00e1ra \u00f6szt\u00f6n\u00f6z. Michael Miteinand polg\u00e1rmester \u00e9s csapata b\u00fcszke v\u00e1ros\u00e1ra, polg\u00e1raira \u00e9s a Gradido zseni\u00e1lis koncepci\u00f3j\u00e1ra, amely seg\u00edtett megval\u00f3s\u00edtani a z\u00f6ld v\u00e1rosr\u00f3l sz\u0151tt \u00e1lmot.<\/p>\t\t\t\t\t\t\t\t<\/div>\n\t\t\t\t<\/div>\n\t\t\t\t<div class=\"elementor-element elementor-element-e858257 elementor-widget-divider--view-line elementor-widget elementor-widget-divider\" data-id=\"e858257\" data-element_type=\"widget\" data-e-type=\"widget\" data-widget_type=\"divider.default\">\n\t\t\t\t<div class=\"elementor-widget-container\">\n\t\t\t\t\t\t\t<div class=\"elementor-divider\">\n\t\t\t<span class=\"elementor-divider-separator\">\n\t\t\t\t\t\t<\/span>\n\t\t<\/div>\n\t\t\t\t\t\t<\/div>\n\t\t\t\t<\/div>\n\t\t\t\t<div class=\"elementor-element elementor-element-d74dfa0 elementor-widget elementor-widget-text-editor\" data-id=\"d74dfa0\" data-element_type=\"widget\" data-e-type=\"widget\" data-widget_type=\"text-editor.default\">\n\t\t\t\t<div class=\"elementor-widget-container\">\n\t\t\t\t\t\t\t\t\t<div data-pm-slice=\"1 1 []\" data-en-clipboard=\"true\"><p>A <strong>\"Nagyszer\u0171 egy\u00fcttm\u0171k\u00f6d\u00e9s<\/strong> egyre t\u00f6bb ter\u00fcletre terjed ki. A n\u00e9pszer\u0171 sorozat 13. epiz\u00f3dj\u00e1ban <strong>\"Gradido a kedvenc v\u00e1rosban\" <\/strong>A kedvenc v\u00e1ros a mobilit\u00e1si fordulat \u00f6nk\u00e9ntes v\u00e1ltozat\u00e1t dolgozza ki. Mint mindig, az egy\u00fcttm\u0171k\u00f6d\u00e9s sokszor jobb, mint a verseny. Az \u00f6nk\u00e9ntess\u00e9g - t\u00e1rsadalmunk alappill\u00e9re - nagyr\u00e9szt az egy\u00fcttm\u0171k\u00f6d\u00e9sen alapul. A \"Gradido\" \u00f6nk\u00e9ntes d\u00edjaz\u00e1si rendszer seg\u00edts\u00e9g\u00e9vel az \u00f6nk\u00e9ntes munk\u00e1t \u00f3r\u00e1nk\u00e9nt 20 Gradid\u00f3val honor\u00e1lj\u00e1k.<\/p><p>A Gradidos sz\u00e1m\u00e1ra sz\u00e1mos kedvezm\u00e9nyt \u00e9s kedvezm\u00e9nyt biztos\u00edtanak, amelyeket a helyi v\u00e1llalkoz\u00e1sokn\u00e1l lehet bev\u00e1ltani. Emellett \u00e9l\u00e9nk eszmecsere folyik a polg\u00e1rok k\u00f6z\u00f6tt. Ez cs\u00f6kkenti a k\u00f6lts\u00e9geket minden \u00e9rintett sz\u00e1m\u00e1ra, \u00e9s nagyszer\u0171 projektek v\u00e1lnak megval\u00f3s\u00edthat\u00f3v\u00e1. Egy win-win-win helyzet mindenki sz\u00e1m\u00e1ra!<\/p><p><strong>B\u00e1tran tov\u00e1bb\u00edtsa ezt a sorozatot a v\u00e1rosi tan\u00e1csnak, egyes\u00fcleteknek \u00e9s keresked\u0151knek!<\/strong><\/p><p>Ha most nem tesz\u00fcnk semmit, a <strong>Lefel\u00e9 tart\u00f3 spir\u00e1l<\/strong> el. Egyre ink\u00e1bb f\u00fcgg\u00fcnk a k\u00fclf\u00f6ldi v\u00e1llalatokt\u00f3l, a hazai gazdas\u00e1gunk pedig t\u00f6nkremegy.<\/p><p>A Gradid\u00f3val \u00e9s a Nagy Egy\u00fcttm\u0171k\u00f6d\u00e9ssel gener\u00e1lunk <strong>Felfel\u00e9 ir\u00e1nyul\u00f3 spir\u00e1lok<\/strong> a j\u00f6v\u0151 fenntarthat\u00f3 m\u00f3don t\u00f6rt\u00e9n\u0151 pozit\u00edv alak\u00edt\u00e1sa. K\u00f6z\u00f6sen alak\u00edtjuk \u00e1t v\u00e1rosainkat \u00e9s telep\u00fcl\u00e9seinket vibr\u00e1l\u00f3, vir\u00e1gz\u00f3 o\u00e1zisokk\u00e1 - a kedvenc helyeinkk\u00e9!<\/p><p>\u00dcdv\u00f6zlettel<\/p><\/div><p>\u00dcdv\u00f6zlettel<\/p><p><img decoding=\"async\" class=\"alignnone wp-image-4614 size-medium\" src=\"https:\/\/gradido.net\/wp-content\/uploads\/2022\/06\/MargretBernd_2022-300x74.png\" alt=\"\" width=\"300\" height=\"74\" srcset=\"https:\/\/gradido.net\/wp-content\/uploads\/2022\/06\/MargretBernd_2022-300x74.png 300w, https:\/\/gradido.net\/wp-content\/uploads\/2022\/06\/MargretBernd_2022-18x4.png 18w, https:\/\/gradido.net\/wp-content\/uploads\/2022\/06\/MargretBernd_2022.png 431w\" sizes=\"(max-width: 300px) 100vw, 300px\" \/><\/p><p>Margret Baier \u00e9s Bernd H\u00fcckst\u00e4dt<br \/>Gradido alap\u00edt\u00f3ja \u00e9s fejleszt\u0151je<\/p>\t\t\t\t\t\t\t\t<\/div>\n\t\t\t\t<\/div>\n\t\t\t\t\t<\/div>\n\t\t<\/div>\n\t\t\t\t\t<\/div>\n\t\t<\/section>\n\t\t\t\t<section class=\"elementor-section elementor-top-section elementor-element elementor-element-41e30ef elementor-section-boxed elementor-section-height-default elementor-section-height-default\" data-id=\"41e30ef\" data-element_type=\"section\" data-e-type=\"section\">\n\t\t\t\t\t\t<div class=\"elementor-container elementor-column-gap-default\">\n\t\t\t\t\t<div class=\"elementor-column elementor-col-100 elementor-top-column elementor-element elementor-element-35217b3\" data-id=\"35217b3\" data-element_type=\"column\" data-e-type=\"column\">\n\t\t\t<div class=\"elementor-widget-wrap elementor-element-populated\">\n\t\t\t\t\t\t<div class=\"elementor-element elementor-element-14656db elementor-position-inline-start white-links elementor-widget__width-initial elementor-view-default elementor-mobile-position-block-start elementor-widget elementor-widget-icon-box\" data-id=\"14656db\" data-element_type=\"widget\" data-e-type=\"widget\" data-no-translation=\"\" data-widget_type=\"icon-box.default\">\n\t\t\t\t<div class=\"elementor-widget-container\">\n\t\t\t\t\t<style>.elementor-element-14656db{display:none !important}<\/style>\t\t\t\t<\/div>\n\t\t\t\t<\/div>\n\t\t\t\t\t<\/div>\n\t\t<\/div>\n\t\t\t\t\t<\/div>\n\t\t<\/section>\n\t\t\t\t<section class=\"elementor-section elementor-top-section elementor-element elementor-element-14532fe elementor-section-boxed elementor-section-height-default elementor-section-height-default\" data-id=\"14532fe\" data-element_type=\"section\" data-e-type=\"section\">\n\t\t\t\t\t\t<div class=\"elementor-container elementor-column-gap-default\">\n\t\t\t\t\t<div class=\"elementor-column elementor-col-100 elementor-top-column elementor-element elementor-element-65d2298\" data-id=\"65d2298\" data-element_type=\"column\" data-e-type=\"column\">\n\t\t\t<div class=\"elementor-widget-wrap elementor-element-populated\">\n\t\t\t\t\t\t<div class=\"elementor-element elementor-element-d316072 elementor-widget elementor-widget-global elementor-global-9341 elementor-widget-text-editor\" data-id=\"d316072\" data-element_type=\"widget\" data-e-type=\"widget\" data-widget_type=\"text-editor.default\">\n\t\t\t\t<div class=\"elementor-widget-container\">\n\t\t\t\t\t\t\t\t\t<p><strong>PS:\u00a0<span style=\"color: #ff6600;\"><a style=\"color: #ff6600;\" href=\"https:\/\/gradido.net\/hu\/donations\/\">A Gradido egyre n\u00f6vekv\u0151 fontoss\u00e1ga miatt 2026. j\u00fanius 26-\u00e1n megism\u00e9telj\u00fck h\u00e1laad\u00f3 kamp\u00e1nyunkat:<\/a>\u00a0<\/span><span style=\"color: #0000ff;\"><a style=\"color: #0000ff;\" href=\"https:\/\/gradido.net\/hu\/donations\/\">A szponzori hozz\u00e1j\u00e1rul\u00e1sod\u00e9rt j\u00e1r\u00f3 t\u00f6bbsz\u00f6r\u00f6s GradidoTransform mellett 2016.06.26-\u00e1n 26%-vel n\u00f6velj\u00fck az \u00f6sszes GDT sz\u00e1mlaegyenleg\u00e9t. Szponzor\u00e1lj most \u00e9s \u00e9lvezd a t\u00f6bbsz\u00f6r\u00f6s GDT \u00f6sszeget!<\/a><\/span><\/strong><\/p>\t\t\t\t\t\t\t\t<\/div>\n\t\t\t\t<\/div>\n\t\t\t\t\t<\/div>\n\t\t<\/div>\n\t\t\t\t\t<\/div>\n\t\t<\/section>\n\t\t\t\t<\/div>","protected":false},"excerpt":{"rendered":"<p>Az \u00f6nk\u00e9ntesek k\u00f6rbeviszik az embereket a v\u00e1rosban \u00e9s a k\u00f6rnyez\u0151 falvakban. Id\u0151s embereket visznek orvoshoz, gyerekeket hoznak el az iskol\u00e1b\u00f3l, \u00e9s a dolgoz\u00f3 embereket biztons\u00e1gosan elviszik a munkahely\u00fckre. Bev\u00e1s\u00e1rl\u00e1si szolg\u00e1ltat\u00e1sokat szerveznek \u00e9s m\u00e9g sok minden m\u00e1st.<\/p>","protected":false},"author":2,"featured_media":7694,"comment_status":"closed","ping_status":"closed","sticky":false,"template":"","format":"standard","meta":{"footnotes":""},"categories":[11,53],"tags":[],"class_list":["post-7693","post","type-post","status-publish","format-standard","has-post-thumbnail","hentry","category-blog","category-lieblingsstadt"],"yoast_head":"<!-- This site is optimized with the Yoast SEO plugin v27.5 - https:\/\/yoast.com\/product\/yoast-seo-wordpress\/ -->\n<title>Lieblingsstadt 13 \u2013 Mit Freu(n)den unterwegs: Der Ehrenamtliche Fahrdienst \u201aLieblingsst\u00e4dter Kutscher\u2018 - Gradido<\/title>\n<meta name=\"description\" content=\"Freiwillige Helfer fahren Menschen durch die Stadt und die umliegenden D\u00f6rfer. Sie fahren \u00e4ltere Menschen zum Arzt, holen Kinder von der Schule ab und bringen Berufst\u00e4tige sicher zur Arbeit. Sie organisieren Einkaufsdienste und vieles mehr.\" \/>\n<meta name=\"robots\" content=\"index, follow, max-snippet:-1, max-image-preview:large, max-video-preview:-1\" \/>\n<link rel=\"canonical\" href=\"https:\/\/gradido.net\/hu\/lieblingsstadt-13-mit-freunden-unterwegs-der-ehrenamtliche-fahrdienst-lieblingsstaedter-kutscher\/\" \/>\n<meta property=\"og:locale\" content=\"hu_HU\" \/>\n<meta property=\"og:type\" content=\"article\" \/>\n<meta property=\"og:title\" content=\"Lieblingsstadt 13 \u2013 Mit Freu(n)den unterwegs: Der Ehrenamtliche Fahrdienst \u201aLieblingsst\u00e4dter Kutscher\u2018 - Gradido\" \/>\n<meta property=\"og:description\" content=\"Freiwillige Helfer fahren Menschen durch die Stadt und die umliegenden D\u00f6rfer. Sie fahren \u00e4ltere Menschen zum Arzt, holen Kinder von der Schule ab und bringen Berufst\u00e4tige sicher zur Arbeit. Sie organisieren Einkaufsdienste und vieles mehr.\" \/>\n<meta property=\"og:url\" content=\"https:\/\/gradido.net\/hu\/lieblingsstadt-13-mit-freunden-unterwegs-der-ehrenamtliche-fahrdienst-lieblingsstaedter-kutscher\/\" \/>\n<meta property=\"og:site_name\" content=\"Gradido\" \/>\n<meta property=\"article:published_time\" content=\"2023-09-25T04:55:22+00:00\" \/>\n<meta property=\"article:modified_time\" content=\"2026-04-23T05:06:15+00:00\" \/>\n<meta property=\"og:image\" content=\"https:\/\/gradido.net\/wp-content\/uploads\/2023\/09\/Kutscherin_1800.jpg\" \/>\n\t<meta property=\"og:image:width\" content=\"1800\" \/>\n\t<meta property=\"og:image:height\" content=\"1200\" \/>\n\t<meta property=\"og:image:type\" content=\"image\/jpeg\" \/>\n<meta name=\"author\" content=\"Bernd H\u00fcckst\u00e4dt\" \/>\n<meta name=\"twitter:card\" content=\"summary_large_image\" \/>\n<meta name=\"twitter:label1\" content=\"Szerz\u0151:\" \/>\n\t<meta name=\"twitter:data1\" content=\"Bernd H\u00fcckst\u00e4dt\" \/>\n\t<meta name=\"twitter:label2\" content=\"Becs\u00fclt olvas\u00e1si id\u0151\" \/>\n\t<meta name=\"twitter:data2\" content=\"5 perc\" \/>\n<script type=\"application\/ld+json\" class=\"yoast-schema-graph\">{\"@context\":\"https:\\\/\\\/schema.org\",\"@graph\":[{\"@type\":\"Article\",\"@id\":\"https:\\\/\\\/gradido.net\\\/lieblingsstadt-13-mit-freunden-unterwegs-der-ehrenamtliche-fahrdienst-lieblingsstaedter-kutscher\\\/#article\",\"isPartOf\":{\"@id\":\"https:\\\/\\\/gradido.net\\\/lieblingsstadt-13-mit-freunden-unterwegs-der-ehrenamtliche-fahrdienst-lieblingsstaedter-kutscher\\\/\"},\"author\":{\"name\":\"Bernd H\u00fcckst\u00e4dt\",\"@id\":\"https:\\\/\\\/gradido.net\\\/de\\\/#\\\/schema\\\/person\\\/9c503a004ad15a1ddecadce2218db5d1\"},\"headline\":\"Lieblingsstadt 13 \u2013 Mit Freu(n)den unterwegs: Der Ehrenamtliche Fahrdienst \u201aLieblingsst\u00e4dter Kutscher\u2018\",\"datePublished\":\"2023-09-25T04:55:22+00:00\",\"dateModified\":\"2026-04-23T05:06:15+00:00\",\"mainEntityOfPage\":{\"@id\":\"https:\\\/\\\/gradido.net\\\/lieblingsstadt-13-mit-freunden-unterwegs-der-ehrenamtliche-fahrdienst-lieblingsstaedter-kutscher\\\/\"},\"wordCount\":752,\"publisher\":{\"@id\":\"https:\\\/\\\/gradido.net\\\/de\\\/#organization\"},\"image\":{\"@id\":\"https:\\\/\\\/gradido.net\\\/lieblingsstadt-13-mit-freunden-unterwegs-der-ehrenamtliche-fahrdienst-lieblingsstaedter-kutscher\\\/#primaryimage\"},\"thumbnailUrl\":\"https:\\\/\\\/gradido.net\\\/wp-content\\\/uploads\\\/2023\\\/09\\\/Kutscherin_1800.jpg\",\"articleSection\":[\"Blog\",\"Lieblingsstadt\"],\"inLanguage\":\"hu\"},{\"@type\":\"WebPage\",\"@id\":\"https:\\\/\\\/gradido.net\\\/lieblingsstadt-13-mit-freunden-unterwegs-der-ehrenamtliche-fahrdienst-lieblingsstaedter-kutscher\\\/\",\"url\":\"https:\\\/\\\/gradido.net\\\/lieblingsstadt-13-mit-freunden-unterwegs-der-ehrenamtliche-fahrdienst-lieblingsstaedter-kutscher\\\/\",\"name\":\"Lieblingsstadt 13 \u2013 Mit Freu(n)den unterwegs: Der Ehrenamtliche Fahrdienst \u201aLieblingsst\u00e4dter Kutscher\u2018 - Gradido\",\"isPartOf\":{\"@id\":\"https:\\\/\\\/gradido.net\\\/de\\\/#website\"},\"primaryImageOfPage\":{\"@id\":\"https:\\\/\\\/gradido.net\\\/lieblingsstadt-13-mit-freunden-unterwegs-der-ehrenamtliche-fahrdienst-lieblingsstaedter-kutscher\\\/#primaryimage\"},\"image\":{\"@id\":\"https:\\\/\\\/gradido.net\\\/lieblingsstadt-13-mit-freunden-unterwegs-der-ehrenamtliche-fahrdienst-lieblingsstaedter-kutscher\\\/#primaryimage\"},\"thumbnailUrl\":\"https:\\\/\\\/gradido.net\\\/wp-content\\\/uploads\\\/2023\\\/09\\\/Kutscherin_1800.jpg\",\"datePublished\":\"2023-09-25T04:55:22+00:00\",\"dateModified\":\"2026-04-23T05:06:15+00:00\",\"description\":\"Freiwillige Helfer fahren Menschen durch die Stadt und die umliegenden D\u00f6rfer. Sie fahren \u00e4ltere Menschen zum Arzt, holen Kinder von der Schule ab und bringen Berufst\u00e4tige sicher zur Arbeit. Sie organisieren Einkaufsdienste und vieles mehr.\",\"breadcrumb\":{\"@id\":\"https:\\\/\\\/gradido.net\\\/lieblingsstadt-13-mit-freunden-unterwegs-der-ehrenamtliche-fahrdienst-lieblingsstaedter-kutscher\\\/#breadcrumb\"},\"inLanguage\":\"hu\",\"potentialAction\":[{\"@type\":\"ReadAction\",\"target\":[\"https:\\\/\\\/gradido.net\\\/lieblingsstadt-13-mit-freunden-unterwegs-der-ehrenamtliche-fahrdienst-lieblingsstaedter-kutscher\\\/\"]}]},{\"@type\":\"ImageObject\",\"inLanguage\":\"hu\",\"@id\":\"https:\\\/\\\/gradido.net\\\/lieblingsstadt-13-mit-freunden-unterwegs-der-ehrenamtliche-fahrdienst-lieblingsstaedter-kutscher\\\/#primaryimage\",\"url\":\"https:\\\/\\\/gradido.net\\\/wp-content\\\/uploads\\\/2023\\\/09\\\/Kutscherin_1800.jpg\",\"contentUrl\":\"https:\\\/\\\/gradido.net\\\/wp-content\\\/uploads\\\/2023\\\/09\\\/Kutscherin_1800.jpg\",\"width\":1800,\"height\":1200},{\"@type\":\"BreadcrumbList\",\"@id\":\"https:\\\/\\\/gradido.net\\\/lieblingsstadt-13-mit-freunden-unterwegs-der-ehrenamtliche-fahrdienst-lieblingsstaedter-kutscher\\\/#breadcrumb\",\"itemListElement\":[{\"@type\":\"ListItem\",\"position\":1,\"name\":\"Startseite\",\"item\":\"https:\\\/\\\/gradido.net\\\/\"},{\"@type\":\"ListItem\",\"position\":2,\"name\":\"Lieblingsstadt 13 \u2013 Mit Freu(n)den unterwegs: Der Ehrenamtliche Fahrdienst \u201aLieblingsst\u00e4dter Kutscher\u2018\"}]},{\"@type\":\"WebSite\",\"@id\":\"https:\\\/\\\/gradido.net\\\/de\\\/#website\",\"url\":\"https:\\\/\\\/gradido.net\\\/de\\\/\",\"name\":\"Gradido\",\"description\":\"Die neue W\u00e4hrung hei\u00dft Dankbarkeit\",\"publisher\":{\"@id\":\"https:\\\/\\\/gradido.net\\\/de\\\/#organization\"},\"potentialAction\":[{\"@type\":\"SearchAction\",\"target\":{\"@type\":\"EntryPoint\",\"urlTemplate\":\"https:\\\/\\\/gradido.net\\\/de\\\/?s={search_term_string}\"},\"query-input\":{\"@type\":\"PropertyValueSpecification\",\"valueRequired\":true,\"valueName\":\"search_term_string\"}}],\"inLanguage\":\"hu\"},{\"@type\":\"Organization\",\"@id\":\"https:\\\/\\\/gradido.net\\\/de\\\/#organization\",\"name\":\"Gradido\",\"url\":\"https:\\\/\\\/gradido.net\\\/de\\\/\",\"logo\":{\"@type\":\"ImageObject\",\"inLanguage\":\"hu\",\"@id\":\"https:\\\/\\\/gradido.net\\\/de\\\/#\\\/schema\\\/logo\\\/image\\\/\",\"url\":\"https:\\\/\\\/gradido.net\\\/wp-content\\\/uploads\\\/2022\\\/04\\\/gradido-social.jpg\",\"contentUrl\":\"https:\\\/\\\/gradido.net\\\/wp-content\\\/uploads\\\/2022\\\/04\\\/gradido-social.jpg\",\"width\":527,\"height\":273,\"caption\":\"Gradido\"},\"image\":{\"@id\":\"https:\\\/\\\/gradido.net\\\/de\\\/#\\\/schema\\\/logo\\\/image\\\/\"}},{\"@type\":\"Person\",\"@id\":\"https:\\\/\\\/gradido.net\\\/de\\\/#\\\/schema\\\/person\\\/9c503a004ad15a1ddecadce2218db5d1\",\"name\":\"Bernd H\u00fcckst\u00e4dt\",\"sameAs\":[\"https:\\\/\\\/gradido.net\"],\"url\":\"https:\\\/\\\/gradido.net\\\/hu\\\/author\\\/bernd\\\/\"}]}<\/script>\n<!-- \/ Yoast SEO plugin. -->","yoast_head_json":{"title":"Kedvenc v\u00e1ros 13 - \u00daton a bar\u00e1tokkal: a \"Lieblingsst\u00e4dter Kutscher\" \u00f6nk\u00e9ntes vezet\u00e9si szolg\u00e1ltat\u00e1s - Gradido","description":"Az \u00f6nk\u00e9ntesek k\u00f6rbeviszik az embereket a v\u00e1rosban \u00e9s a k\u00f6rnyez\u0151 falvakban. Id\u0151s embereket visznek orvoshoz, gyerekeket hoznak el az iskol\u00e1b\u00f3l, \u00e9s a dolgoz\u00f3 embereket biztons\u00e1gosan elviszik a munkahely\u00fckre. Bev\u00e1s\u00e1rl\u00e1si szolg\u00e1ltat\u00e1sokat szerveznek \u00e9s m\u00e9g sok minden m\u00e1st.","robots":{"index":"index","follow":"follow","max-snippet":"max-snippet:-1","max-image-preview":"max-image-preview:large","max-video-preview":"max-video-preview:-1"},"canonical":"https:\/\/gradido.net\/hu\/lieblingsstadt-13-mit-freunden-unterwegs-der-ehrenamtliche-fahrdienst-lieblingsstaedter-kutscher\/","og_locale":"hu_HU","og_type":"article","og_title":"Lieblingsstadt 13 \u2013 Mit Freu(n)den unterwegs: Der Ehrenamtliche Fahrdienst \u201aLieblingsst\u00e4dter Kutscher\u2018 - Gradido","og_description":"Freiwillige Helfer fahren Menschen durch die Stadt und die umliegenden D\u00f6rfer. Sie fahren \u00e4ltere Menschen zum Arzt, holen Kinder von der Schule ab und bringen Berufst\u00e4tige sicher zur Arbeit. Sie organisieren Einkaufsdienste und vieles mehr.","og_url":"https:\/\/gradido.net\/hu\/lieblingsstadt-13-mit-freunden-unterwegs-der-ehrenamtliche-fahrdienst-lieblingsstaedter-kutscher\/","og_site_name":"Gradido","article_published_time":"2023-09-25T04:55:22+00:00","article_modified_time":"2026-04-23T05:06:15+00:00","og_image":[{"width":1800,"height":1200,"url":"https:\/\/gradido.net\/wp-content\/uploads\/2023\/09\/Kutscherin_1800.jpg","type":"image\/jpeg"}],"author":"Bernd H\u00fcckst\u00e4dt","twitter_card":"summary_large_image","twitter_misc":{"Szerz\u0151:":"Bernd H\u00fcckst\u00e4dt","Becs\u00fclt olvas\u00e1si id\u0151":"5 perc"},"schema":{"@context":"https:\/\/schema.org","@graph":[{"@type":"Article","@id":"https:\/\/gradido.net\/lieblingsstadt-13-mit-freunden-unterwegs-der-ehrenamtliche-fahrdienst-lieblingsstaedter-kutscher\/#article","isPartOf":{"@id":"https:\/\/gradido.net\/lieblingsstadt-13-mit-freunden-unterwegs-der-ehrenamtliche-fahrdienst-lieblingsstaedter-kutscher\/"},"author":{"name":"Bernd H\u00fcckst\u00e4dt","@id":"https:\/\/gradido.net\/de\/#\/schema\/person\/9c503a004ad15a1ddecadce2218db5d1"},"headline":"Lieblingsstadt 13 \u2013 Mit Freu(n)den unterwegs: Der Ehrenamtliche Fahrdienst \u201aLieblingsst\u00e4dter Kutscher\u2018","datePublished":"2023-09-25T04:55:22+00:00","dateModified":"2026-04-23T05:06:15+00:00","mainEntityOfPage":{"@id":"https:\/\/gradido.net\/lieblingsstadt-13-mit-freunden-unterwegs-der-ehrenamtliche-fahrdienst-lieblingsstaedter-kutscher\/"},"wordCount":752,"publisher":{"@id":"https:\/\/gradido.net\/de\/#organization"},"image":{"@id":"https:\/\/gradido.net\/lieblingsstadt-13-mit-freunden-unterwegs-der-ehrenamtliche-fahrdienst-lieblingsstaedter-kutscher\/#primaryimage"},"thumbnailUrl":"https:\/\/gradido.net\/wp-content\/uploads\/2023\/09\/Kutscherin_1800.jpg","articleSection":["Blog","Lieblingsstadt"],"inLanguage":"hu"},{"@type":"WebPage","@id":"https:\/\/gradido.net\/lieblingsstadt-13-mit-freunden-unterwegs-der-ehrenamtliche-fahrdienst-lieblingsstaedter-kutscher\/","url":"https:\/\/gradido.net\/lieblingsstadt-13-mit-freunden-unterwegs-der-ehrenamtliche-fahrdienst-lieblingsstaedter-kutscher\/","name":"Kedvenc v\u00e1ros 13 - \u00daton a bar\u00e1tokkal: a \"Lieblingsst\u00e4dter Kutscher\" \u00f6nk\u00e9ntes vezet\u00e9si szolg\u00e1ltat\u00e1s - Gradido","isPartOf":{"@id":"https:\/\/gradido.net\/de\/#website"},"primaryImageOfPage":{"@id":"https:\/\/gradido.net\/lieblingsstadt-13-mit-freunden-unterwegs-der-ehrenamtliche-fahrdienst-lieblingsstaedter-kutscher\/#primaryimage"},"image":{"@id":"https:\/\/gradido.net\/lieblingsstadt-13-mit-freunden-unterwegs-der-ehrenamtliche-fahrdienst-lieblingsstaedter-kutscher\/#primaryimage"},"thumbnailUrl":"https:\/\/gradido.net\/wp-content\/uploads\/2023\/09\/Kutscherin_1800.jpg","datePublished":"2023-09-25T04:55:22+00:00","dateModified":"2026-04-23T05:06:15+00:00","description":"Az \u00f6nk\u00e9ntesek k\u00f6rbeviszik az embereket a v\u00e1rosban \u00e9s a k\u00f6rnyez\u0151 falvakban. Id\u0151s embereket visznek orvoshoz, gyerekeket hoznak el az iskol\u00e1b\u00f3l, \u00e9s a dolgoz\u00f3 embereket biztons\u00e1gosan elviszik a munkahely\u00fckre. Bev\u00e1s\u00e1rl\u00e1si szolg\u00e1ltat\u00e1sokat szerveznek \u00e9s m\u00e9g sok minden m\u00e1st.","breadcrumb":{"@id":"https:\/\/gradido.net\/lieblingsstadt-13-mit-freunden-unterwegs-der-ehrenamtliche-fahrdienst-lieblingsstaedter-kutscher\/#breadcrumb"},"inLanguage":"hu","potentialAction":[{"@type":"ReadAction","target":["https:\/\/gradido.net\/lieblingsstadt-13-mit-freunden-unterwegs-der-ehrenamtliche-fahrdienst-lieblingsstaedter-kutscher\/"]}]},{"@type":"ImageObject","inLanguage":"hu","@id":"https:\/\/gradido.net\/lieblingsstadt-13-mit-freunden-unterwegs-der-ehrenamtliche-fahrdienst-lieblingsstaedter-kutscher\/#primaryimage","url":"https:\/\/gradido.net\/wp-content\/uploads\/2023\/09\/Kutscherin_1800.jpg","contentUrl":"https:\/\/gradido.net\/wp-content\/uploads\/2023\/09\/Kutscherin_1800.jpg","width":1800,"height":1200},{"@type":"BreadcrumbList","@id":"https:\/\/gradido.net\/lieblingsstadt-13-mit-freunden-unterwegs-der-ehrenamtliche-fahrdienst-lieblingsstaedter-kutscher\/#breadcrumb","itemListElement":[{"@type":"ListItem","position":1,"name":"Startseite","item":"https:\/\/gradido.net\/"},{"@type":"ListItem","position":2,"name":"Lieblingsstadt 13 \u2013 Mit Freu(n)den unterwegs: Der Ehrenamtliche Fahrdienst \u201aLieblingsst\u00e4dter Kutscher\u2018"}]},{"@type":"WebSite","@id":"https:\/\/gradido.net\/de\/#website","url":"https:\/\/gradido.net\/de\/","name":"Gradido","description":"Az \u00faj p\u00e9nznem a h\u00e1la","publisher":{"@id":"https:\/\/gradido.net\/de\/#organization"},"potentialAction":[{"@type":"SearchAction","target":{"@type":"EntryPoint","urlTemplate":"https:\/\/gradido.net\/de\/?s={search_term_string}"},"query-input":{"@type":"PropertyValueSpecification","valueRequired":true,"valueName":"search_term_string"}}],"inLanguage":"hu"},{"@type":"Organization","@id":"https:\/\/gradido.net\/de\/#organization","name":"Gradido","url":"https:\/\/gradido.net\/de\/","logo":{"@type":"ImageObject","inLanguage":"hu","@id":"https:\/\/gradido.net\/de\/#\/schema\/logo\/image\/","url":"https:\/\/gradido.net\/wp-content\/uploads\/2022\/04\/gradido-social.jpg","contentUrl":"https:\/\/gradido.net\/wp-content\/uploads\/2022\/04\/gradido-social.jpg","width":527,"height":273,"caption":"Gradido"},"image":{"@id":"https:\/\/gradido.net\/de\/#\/schema\/logo\/image\/"}},{"@type":"Person","@id":"https:\/\/gradido.net\/de\/#\/schema\/person\/9c503a004ad15a1ddecadce2218db5d1","name":"Bernd H\u00fcckst\u00e4dt","sameAs":["https:\/\/gradido.net"],"url":"https:\/\/gradido.net\/hu\/author\/bernd\/"}]}},"_links":{"self":[{"href":"https:\/\/gradido.net\/hu\/wp-json\/wp\/v2\/posts\/7693","targetHints":{"allow":["GET"]}}],"collection":[{"href":"https:\/\/gradido.net\/hu\/wp-json\/wp\/v2\/posts"}],"about":[{"href":"https:\/\/gradido.net\/hu\/wp-json\/wp\/v2\/types\/post"}],"author":[{"embeddable":true,"href":"https:\/\/gradido.net\/hu\/wp-json\/wp\/v2\/users\/2"}],"replies":[{"embeddable":true,"href":"https:\/\/gradido.net\/hu\/wp-json\/wp\/v2\/comments?post=7693"}],"version-history":[{"count":43,"href":"https:\/\/gradido.net\/hu\/wp-json\/wp\/v2\/posts\/7693\/revisions"}],"predecessor-version":[{"id":13537,"href":"https:\/\/gradido.net\/hu\/wp-json\/wp\/v2\/posts\/7693\/revisions\/13537"}],"wp:featuredmedia":[{"embeddable":true,"href":"https:\/\/gradido.net\/hu\/wp-json\/wp\/v2\/media\/7694"}],"wp:attachment":[{"href":"https:\/\/gradido.net\/hu\/wp-json\/wp\/v2\/media?parent=7693"}],"wp:term":[{"taxonomy":"category","embeddable":true,"href":"https:\/\/gradido.net\/hu\/wp-json\/wp\/v2\/categories?post=7693"},{"taxonomy":"post_tag","embeddable":true,"href":"https:\/\/gradido.net\/hu\/wp-json\/wp\/v2\/tags?post=7693"}],"curies":[{"name":"wp","href":"https:\/\/api.w.org\/{rel}","templated":true}]}}