{"id":9470,"date":"2024-08-30T11:25:03","date_gmt":"2024-08-30T09:25:03","guid":{"rendered":"https:\/\/gradido.net\/?p=9470"},"modified":"2026-04-24T07:59:50","modified_gmt":"2026-04-24T05:59:50","slug":"entdecke-die-neuen-gradido-kreise","status":"publish","type":"post","link":"https:\/\/gradido.net\/hu\/entdecke-die-neuen-gradido-kreise\/","title":{"rendered":"Fedezze fel az \u00faj Gradido k\u00f6r\u00f6ket"},"content":{"rendered":"<div data-elementor-type=\"wp-post\" data-elementor-id=\"9470\" class=\"elementor elementor-9470\" data-elementor-post-type=\"post\">\n\t\t\t\t\t\t<section class=\"elementor-section elementor-top-section elementor-element elementor-element-496e1d53 elementor-section-boxed elementor-section-height-default elementor-section-height-default\" data-id=\"496e1d53\" data-element_type=\"section\" data-e-type=\"section\">\n\t\t\t\t\t\t<div class=\"elementor-container elementor-column-gap-default\">\n\t\t\t\t\t<div class=\"elementor-column elementor-col-100 elementor-top-column elementor-element elementor-element-461d7be0\" data-id=\"461d7be0\" data-element_type=\"column\" data-e-type=\"column\">\n\t\t\t<div class=\"elementor-widget-wrap elementor-element-populated\">\n\t\t\t\t\t\t<div class=\"elementor-element elementor-element-cd9ebe2 elementor-widget elementor-widget-text-editor\" data-id=\"cd9ebe2\" data-element_type=\"widget\" data-e-type=\"widget\" data-widget_type=\"text-editor.default\">\n\t\t\t\t<div class=\"elementor-widget-container\">\n\t\t\t\t\t\t\t\t\t<p>Kedves Olvas\u00f3!<\/p><p>L\u00e1ttad m\u00e1r?<br \/>M\u00e1jus v\u00e9ge \u00f3ta m\u0171k\u00f6dik az \u00faj k\u00f6z\u00f6ss\u00e9gi platformunk, amelyet Gradido K\u00f6r\u00f6knek h\u00edvunk. Mostant\u00f3l biztons\u00e1gos szob\u00e1kban (\u00fagynevezett \"Spaces\") kommunik\u00e1lhatsz m\u00e1s Gradido r\u00e9sztvev\u0151kkel, \u00e9s egyre t\u00f6bb kapcsolatot teremthetsz. Kor\u00e1bban ez csak olyan nagy platformokon kereszt\u00fcl volt lehets\u00e9ges, mint a Telegram. \u00c9s mint tal\u00e1n tudj\u00e1tok, annak vez\u00e9rigazgat\u00f3j\u00e1t nemr\u00e9g letart\u00f3ztatt\u00e1k Franciaorsz\u00e1gban, mert a felhaszn\u00e1l\u00f3i adatok \u00e1tad\u00e1s\u00e1t k\u00e9rt\u00e9k t\u0151le.<\/p><p>A Gradid\u00f3n\u00e1l nagy jelent\u0151s\u00e9get tulajdon\u00edtunk az \u00d6n adatainak v\u00e9delm\u00e9nek. Fontos sz\u00e1munkra, hogy \u00d6n egy v\u00e9dett t\u00e9rben kommunik\u00e1lhasson. Ez\u00e9rt dolgozunk m\u00e1r j\u00f3 ideje a decentraliz\u00e1lt szerverek lehet\u0151s\u00e9g\u00e9nek megteremt\u00e9s\u00e9n. A Gradido k\u00f6r\u00f6k az egyes decentraliz\u00e1lt k\u00f6z\u00f6ss\u00e9gekhez vannak rendelve.<\/p><p>K\u00f6nnyen eljuthatsz oda, ha a Gradido fi\u00f3kodban a \"K\u00f6r\u00f6k\" men\u00fcpontra kattintasz.<\/p><p><img fetchpriority=\"high\" decoding=\"async\" class=\"alignnone size-full wp-image-9473\" src=\"https:\/\/gradido.net\/wp-content\/uploads\/2024\/09\/Einstellungen.jpg\" alt=\"\" width=\"600\" height=\"400\" srcset=\"https:\/\/gradido.net\/wp-content\/uploads\/2024\/09\/Einstellungen.jpg 600w, https:\/\/gradido.net\/wp-content\/uploads\/2024\/09\/Einstellungen-300x200.jpg 300w, https:\/\/gradido.net\/wp-content\/uploads\/2024\/09\/Einstellungen-18x12.jpg 18w\" sizes=\"(max-width: 600px) 100vw, 600px\" \/><\/p><p>El\u0151zetesen a be\u00e1ll\u00edt\u00e1sokhoz\/k\u00f6z\u00f6ss\u00e9ghez is elvihetnek. Ott megadhatod, hogy a neved hogyan jelenjen meg. Itt is nagy hangs\u00falyt fektet\u00fcnk az adatv\u00e9delemre: megadhatja, hogy csak a kezd\u0151bet\u0171i, a teljes kereszt- \u00e9s vezet\u00e9kneve vagy a felhaszn\u00e1l\u00f3neve jelenjen meg - ahogyan \u00d6n szeretn\u00e9, hogy a Gradido-k\u00f6r\u00f6kben j\u00f3l \u00e9s biztons\u00e1gban \u00e9rezze mag\u00e1t.<\/p><p>Teh\u00e1t jelentkezzen be a Gradido fi\u00f3kj\u00e1ba, aktiv\u00e1lja a k\u00f6r\u00f6ket \u00e9s kommunik\u00e1ljon a t\u00f6bbi Gradido r\u00e9sztvev\u0151vel. Mint mondtam, nem tudjuk, mennyire biztons\u00e1gosak az adataid a nagy platformokon.\u00a0<\/p><p>Ha egyre t\u00f6bben \u00e9s t\u00f6bben hozz\u00e1k a Gradid\u00f3t a vil\u00e1gba decentraliz\u00e1lt szervereken, akkor meg\u00e1ll\u00edthatatlanok lesz\u00fcnk. Egy\u00fctt megteremtj\u00fck a glob\u00e1lis j\u00f3l\u00e9t, a b\u00e9ke \u00e9s a term\u00e9szettel val\u00f3 harm\u00f3nia vil\u00e1g\u00e1t - egy olyan vil\u00e1got, amelyben \u00e9rdemes \u00e9lni, amelyben mi magunk, a gyermekeink \u00e9s gyermekeink gyermekei b\u00e9k\u00e9ben, \u00f6r\u00f6mben \u00e9s szabads\u00e1gban \u00e9lnek majd.<\/p>\t\t\t\t\t\t\t\t<\/div>\n\t\t\t\t<\/div>\n\t\t\t\t<div class=\"elementor-element elementor-element-d74dfa0 elementor-widget elementor-widget-text-editor\" data-id=\"d74dfa0\" data-element_type=\"widget\" data-e-type=\"widget\" data-widget_type=\"text-editor.default\">\n\t\t\t\t<div class=\"elementor-widget-container\">\n\t\t\t\t\t\t\t\t\t<div data-pm-slice=\"1 1 []\" data-en-clipboard=\"true\"><p>\u00dcdv\u00f6zlettel a ny\u00e1r v\u00e9g\u00e9n<\/p><\/div><p>\u00dcdv\u00f6zlettel<\/p><p><img decoding=\"async\" class=\"alignnone wp-image-4614 size-medium\" src=\"https:\/\/gradido.net\/wp-content\/uploads\/2022\/06\/MargretBernd_2022-300x74.png\" alt=\"\" width=\"300\" height=\"74\" srcset=\"https:\/\/gradido.net\/wp-content\/uploads\/2022\/06\/MargretBernd_2022-300x74.png 300w, https:\/\/gradido.net\/wp-content\/uploads\/2022\/06\/MargretBernd_2022-18x4.png 18w, https:\/\/gradido.net\/wp-content\/uploads\/2022\/06\/MargretBernd_2022.png 431w\" sizes=\"(max-width: 300px) 100vw, 300px\" \/><\/p><p>Margret Baier \u00e9s Bernd H\u00fcckst\u00e4dt<br \/>Gradido alap\u00edt\u00f3ja \u00e9s fejleszt\u0151je<\/p>\t\t\t\t\t\t\t\t<\/div>\n\t\t\t\t<\/div>\n\t\t\t\t\t<\/div>\n\t\t<\/div>\n\t\t\t\t\t<\/div>\n\t\t<\/section>\n\t\t\t\t<section class=\"elementor-section elementor-top-section elementor-element elementor-element-14532fe elementor-section-boxed elementor-section-height-default elementor-section-height-default\" data-id=\"14532fe\" data-element_type=\"section\" data-e-type=\"section\">\n\t\t\t\t\t\t<div class=\"elementor-container elementor-column-gap-default\">\n\t\t\t\t\t<div class=\"elementor-column elementor-col-100 elementor-top-column elementor-element elementor-element-65d2298\" data-id=\"65d2298\" data-element_type=\"column\" data-e-type=\"column\">\n\t\t\t<div class=\"elementor-widget-wrap elementor-element-populated\">\n\t\t\t\t\t\t<div class=\"elementor-element elementor-element-bea124f elementor-widget elementor-widget-global elementor-global-9341 elementor-widget-text-editor\" data-id=\"bea124f\" data-element_type=\"widget\" data-e-type=\"widget\" data-widget_type=\"text-editor.default\">\n\t\t\t\t<div class=\"elementor-widget-container\">\n\t\t\t\t\t\t\t\t\t<p><strong>PS:\u00a0<span style=\"color: #ff6600;\"><a style=\"color: #ff6600;\" href=\"https:\/\/gradido.net\/hu\/donations\/\">A Gradido egyre n\u00f6vekv\u0151 fontoss\u00e1ga miatt 2026. j\u00fanius 26-\u00e1n megism\u00e9telj\u00fck h\u00e1laad\u00f3 kamp\u00e1nyunkat:<\/a>\u00a0<\/span><span style=\"color: #0000ff;\"><a style=\"color: #0000ff;\" href=\"https:\/\/gradido.net\/hu\/donations\/\">A szponzori hozz\u00e1j\u00e1rul\u00e1sod\u00e9rt j\u00e1r\u00f3 t\u00f6bbsz\u00f6r\u00f6s GradidoTransform mellett 2016.06.26-\u00e1n 26%-vel n\u00f6velj\u00fck az \u00f6sszes GDT sz\u00e1mlaegyenleg\u00e9t. Szponzor\u00e1lj most \u00e9s \u00e9lvezd a t\u00f6bbsz\u00f6r\u00f6s GDT \u00f6sszeget!<\/a><\/span><\/strong><\/p>\t\t\t\t\t\t\t\t<\/div>\n\t\t\t\t<\/div>\n\t\t\t\t\t<\/div>\n\t\t<\/div>\n\t\t\t\t\t<\/div>\n\t\t<\/section>\n\t\t\t\t<section class=\"elementor-section elementor-top-section elementor-element elementor-element-29dfc07 elementor-section-boxed elementor-section-height-default elementor-section-height-default\" data-id=\"29dfc07\" data-element_type=\"section\" data-e-type=\"section\">\n\t\t\t\t\t\t<div class=\"elementor-container elementor-column-gap-default\">\n\t\t\t\t\t<div class=\"elementor-column elementor-col-100 elementor-top-column elementor-element elementor-element-d37ec5a\" data-id=\"d37ec5a\" data-element_type=\"column\" data-e-type=\"column\">\n\t\t\t<div class=\"elementor-widget-wrap\">\n\t\t\t\t\t\t\t<\/div>\n\t\t<\/div>\n\t\t\t\t\t<\/div>\n\t\t<\/section>\n\t\t\t\t<\/div>","protected":false},"excerpt":{"rendered":"<p>L\u00e1ttad m\u00e1r? M\u00e1jus v\u00e9ge \u00f3ta m\u0171k\u00f6dik az \u00faj k\u00f6z\u00f6ss\u00e9gi platformunk, amelyet Gradido K\u00f6r\u00f6knek h\u00edvunk. Mostant\u00f3l biztons\u00e1gos terekben (\u00fagynevezett \"Spaces\") kommunik\u00e1lhatsz m\u00e1s Gradido r\u00e9sztvev\u0151kkel, \u00e9s egyre t\u00f6bb \u00e9s t\u00f6bb kapcsolatot teremthetsz.<\/p>","protected":false},"author":2,"featured_media":9472,"comment_status":"closed","ping_status":"closed","sticky":false,"template":"","format":"standard","meta":{"footnotes":""},"categories":[11,54,55],"tags":[],"class_list":["post-9470","post","type-post","status-publish","format-standard","has-post-thumbnail","hentry","category-blog","category-community","category-gradido-konto"],"yoast_head":"<!-- This site is optimized with the Yoast SEO plugin v27.5 - https:\/\/yoast.com\/product\/yoast-seo-wordpress\/ -->\n<title>Entdecke die neuen Gradido-Kreise - Gradido<\/title>\n<meta name=\"description\" content=\"Hast Du es schon gesehen? Seit Ende Mai haben wir unsere neue Community-Plattform, die wir Gradido-Kreise nennen. Jetzt kannst Du in sicheren R\u00e4umen (genannt \u201eSpaces\u201c)\u00a0 mit anderen Gradido-Teilnehmerinnen und Teilnehmern kommunizieren und so immer mehr in Kontakt kommen.\" \/>\n<meta name=\"robots\" content=\"index, follow, max-snippet:-1, max-image-preview:large, max-video-preview:-1\" \/>\n<link rel=\"canonical\" href=\"https:\/\/gradido.net\/hu\/entdecke-die-neuen-gradido-kreise\/\" \/>\n<meta property=\"og:locale\" content=\"hu_HU\" \/>\n<meta property=\"og:type\" content=\"article\" \/>\n<meta property=\"og:title\" content=\"Entdecke die neuen Gradido-Kreise - Gradido\" \/>\n<meta property=\"og:description\" content=\"Hast Du es schon gesehen? Seit Ende Mai haben wir unsere neue Community-Plattform, die wir Gradido-Kreise nennen. Jetzt kannst Du in sicheren R\u00e4umen (genannt \u201eSpaces\u201c)\u00a0 mit anderen Gradido-Teilnehmerinnen und Teilnehmern kommunizieren und so immer mehr in Kontakt kommen.\" \/>\n<meta property=\"og:url\" content=\"https:\/\/gradido.net\/hu\/entdecke-die-neuen-gradido-kreise\/\" \/>\n<meta property=\"og:site_name\" content=\"Gradido\" \/>\n<meta property=\"article:published_time\" content=\"2024-08-30T09:25:03+00:00\" \/>\n<meta property=\"article:modified_time\" content=\"2026-04-24T05:59:50+00:00\" \/>\n<meta property=\"og:image\" content=\"https:\/\/gradido.net\/wp-content\/uploads\/2024\/09\/Gradido-Kreise.jpg\" \/>\n\t<meta property=\"og:image:width\" content=\"1280\" \/>\n\t<meta property=\"og:image:height\" content=\"720\" \/>\n\t<meta property=\"og:image:type\" content=\"image\/jpeg\" \/>\n<meta name=\"author\" content=\"Bernd H\u00fcckst\u00e4dt\" \/>\n<meta name=\"twitter:card\" content=\"summary_large_image\" \/>\n<meta name=\"twitter:label1\" content=\"Szerz\u0151:\" \/>\n\t<meta name=\"twitter:data1\" content=\"Bernd H\u00fcckst\u00e4dt\" \/>\n\t<meta name=\"twitter:label2\" content=\"Becs\u00fclt olvas\u00e1si id\u0151\" \/>\n\t<meta name=\"twitter:data2\" content=\"3 perc\" \/>\n<script type=\"application\/ld+json\" class=\"yoast-schema-graph\">{\"@context\":\"https:\\\/\\\/schema.org\",\"@graph\":[{\"@type\":\"Article\",\"@id\":\"https:\\\/\\\/gradido.net\\\/entdecke-die-neuen-gradido-kreise\\\/#article\",\"isPartOf\":{\"@id\":\"https:\\\/\\\/gradido.net\\\/entdecke-die-neuen-gradido-kreise\\\/\"},\"author\":{\"name\":\"Bernd H\u00fcckst\u00e4dt\",\"@id\":\"https:\\\/\\\/gradido.net\\\/de\\\/#\\\/schema\\\/person\\\/9c503a004ad15a1ddecadce2218db5d1\"},\"headline\":\"Entdecke die neuen Gradido-Kreise\",\"datePublished\":\"2024-08-30T09:25:03+00:00\",\"dateModified\":\"2026-04-24T05:59:50+00:00\",\"mainEntityOfPage\":{\"@id\":\"https:\\\/\\\/gradido.net\\\/entdecke-die-neuen-gradido-kreise\\\/\"},\"wordCount\":359,\"publisher\":{\"@id\":\"https:\\\/\\\/gradido.net\\\/de\\\/#organization\"},\"image\":{\"@id\":\"https:\\\/\\\/gradido.net\\\/entdecke-die-neuen-gradido-kreise\\\/#primaryimage\"},\"thumbnailUrl\":\"https:\\\/\\\/gradido.net\\\/wp-content\\\/uploads\\\/2024\\\/09\\\/Gradido-Kreise.jpg\",\"articleSection\":[\"Blog\",\"Community\",\"Gradido-Konto\"],\"inLanguage\":\"hu\"},{\"@type\":\"WebPage\",\"@id\":\"https:\\\/\\\/gradido.net\\\/entdecke-die-neuen-gradido-kreise\\\/\",\"url\":\"https:\\\/\\\/gradido.net\\\/entdecke-die-neuen-gradido-kreise\\\/\",\"name\":\"Entdecke die neuen Gradido-Kreise - Gradido\",\"isPartOf\":{\"@id\":\"https:\\\/\\\/gradido.net\\\/de\\\/#website\"},\"primaryImageOfPage\":{\"@id\":\"https:\\\/\\\/gradido.net\\\/entdecke-die-neuen-gradido-kreise\\\/#primaryimage\"},\"image\":{\"@id\":\"https:\\\/\\\/gradido.net\\\/entdecke-die-neuen-gradido-kreise\\\/#primaryimage\"},\"thumbnailUrl\":\"https:\\\/\\\/gradido.net\\\/wp-content\\\/uploads\\\/2024\\\/09\\\/Gradido-Kreise.jpg\",\"datePublished\":\"2024-08-30T09:25:03+00:00\",\"dateModified\":\"2026-04-24T05:59:50+00:00\",\"description\":\"Hast Du es schon gesehen? Seit Ende Mai haben wir unsere neue Community-Plattform, die wir Gradido-Kreise nennen. Jetzt kannst Du in sicheren R\u00e4umen (genannt \u201eSpaces\u201c)\u00a0 mit anderen Gradido-Teilnehmerinnen und Teilnehmern kommunizieren und so immer mehr in Kontakt kommen.\",\"breadcrumb\":{\"@id\":\"https:\\\/\\\/gradido.net\\\/entdecke-die-neuen-gradido-kreise\\\/#breadcrumb\"},\"inLanguage\":\"hu\",\"potentialAction\":[{\"@type\":\"ReadAction\",\"target\":[\"https:\\\/\\\/gradido.net\\\/entdecke-die-neuen-gradido-kreise\\\/\"]}]},{\"@type\":\"ImageObject\",\"inLanguage\":\"hu\",\"@id\":\"https:\\\/\\\/gradido.net\\\/entdecke-die-neuen-gradido-kreise\\\/#primaryimage\",\"url\":\"https:\\\/\\\/gradido.net\\\/wp-content\\\/uploads\\\/2024\\\/09\\\/Gradido-Kreise.jpg\",\"contentUrl\":\"https:\\\/\\\/gradido.net\\\/wp-content\\\/uploads\\\/2024\\\/09\\\/Gradido-Kreise.jpg\",\"width\":1280,\"height\":720},{\"@type\":\"BreadcrumbList\",\"@id\":\"https:\\\/\\\/gradido.net\\\/entdecke-die-neuen-gradido-kreise\\\/#breadcrumb\",\"itemListElement\":[{\"@type\":\"ListItem\",\"position\":1,\"name\":\"Startseite\",\"item\":\"https:\\\/\\\/gradido.net\\\/\"},{\"@type\":\"ListItem\",\"position\":2,\"name\":\"Entdecke die neuen Gradido-Kreise\"}]},{\"@type\":\"WebSite\",\"@id\":\"https:\\\/\\\/gradido.net\\\/de\\\/#website\",\"url\":\"https:\\\/\\\/gradido.net\\\/de\\\/\",\"name\":\"Gradido\",\"description\":\"Die neue W\u00e4hrung hei\u00dft Dankbarkeit\",\"publisher\":{\"@id\":\"https:\\\/\\\/gradido.net\\\/de\\\/#organization\"},\"potentialAction\":[{\"@type\":\"SearchAction\",\"target\":{\"@type\":\"EntryPoint\",\"urlTemplate\":\"https:\\\/\\\/gradido.net\\\/de\\\/?s={search_term_string}\"},\"query-input\":{\"@type\":\"PropertyValueSpecification\",\"valueRequired\":true,\"valueName\":\"search_term_string\"}}],\"inLanguage\":\"hu\"},{\"@type\":\"Organization\",\"@id\":\"https:\\\/\\\/gradido.net\\\/de\\\/#organization\",\"name\":\"Gradido\",\"url\":\"https:\\\/\\\/gradido.net\\\/de\\\/\",\"logo\":{\"@type\":\"ImageObject\",\"inLanguage\":\"hu\",\"@id\":\"https:\\\/\\\/gradido.net\\\/de\\\/#\\\/schema\\\/logo\\\/image\\\/\",\"url\":\"https:\\\/\\\/gradido.net\\\/wp-content\\\/uploads\\\/2022\\\/04\\\/gradido-social.jpg\",\"contentUrl\":\"https:\\\/\\\/gradido.net\\\/wp-content\\\/uploads\\\/2022\\\/04\\\/gradido-social.jpg\",\"width\":527,\"height\":273,\"caption\":\"Gradido\"},\"image\":{\"@id\":\"https:\\\/\\\/gradido.net\\\/de\\\/#\\\/schema\\\/logo\\\/image\\\/\"}},{\"@type\":\"Person\",\"@id\":\"https:\\\/\\\/gradido.net\\\/de\\\/#\\\/schema\\\/person\\\/9c503a004ad15a1ddecadce2218db5d1\",\"name\":\"Bernd H\u00fcckst\u00e4dt\",\"sameAs\":[\"https:\\\/\\\/gradido.net\"],\"url\":\"https:\\\/\\\/gradido.net\\\/hu\\\/author\\\/bernd\\\/\"}]}<\/script>\n<!-- \/ Yoast SEO plugin. -->","yoast_head_json":{"title":"Fedezze fel az \u00faj Gradido k\u00f6r\u00f6ket - Gradido","description":"L\u00e1ttad m\u00e1r? M\u00e1jus v\u00e9ge \u00f3ta m\u0171k\u00f6dik az \u00faj k\u00f6z\u00f6ss\u00e9gi platformunk, amelyet Gradido K\u00f6r\u00f6knek h\u00edvunk. Mostant\u00f3l biztons\u00e1gos terekben (\u00fagynevezett \"Spaces\") kommunik\u00e1lhatsz m\u00e1s Gradido r\u00e9sztvev\u0151kkel, \u00e9s egyre t\u00f6bb \u00e9s t\u00f6bb kapcsolatot teremthetsz.","robots":{"index":"index","follow":"follow","max-snippet":"max-snippet:-1","max-image-preview":"max-image-preview:large","max-video-preview":"max-video-preview:-1"},"canonical":"https:\/\/gradido.net\/hu\/entdecke-die-neuen-gradido-kreise\/","og_locale":"hu_HU","og_type":"article","og_title":"Entdecke die neuen Gradido-Kreise - Gradido","og_description":"Hast Du es schon gesehen? Seit Ende Mai haben wir unsere neue Community-Plattform, die wir Gradido-Kreise nennen. Jetzt kannst Du in sicheren R\u00e4umen (genannt \u201eSpaces\u201c)\u00a0 mit anderen Gradido-Teilnehmerinnen und Teilnehmern kommunizieren und so immer mehr in Kontakt kommen.","og_url":"https:\/\/gradido.net\/hu\/entdecke-die-neuen-gradido-kreise\/","og_site_name":"Gradido","article_published_time":"2024-08-30T09:25:03+00:00","article_modified_time":"2026-04-24T05:59:50+00:00","og_image":[{"width":1280,"height":720,"url":"https:\/\/gradido.net\/wp-content\/uploads\/2024\/09\/Gradido-Kreise.jpg","type":"image\/jpeg"}],"author":"Bernd H\u00fcckst\u00e4dt","twitter_card":"summary_large_image","twitter_misc":{"Szerz\u0151:":"Bernd H\u00fcckst\u00e4dt","Becs\u00fclt olvas\u00e1si id\u0151":"3 perc"},"schema":{"@context":"https:\/\/schema.org","@graph":[{"@type":"Article","@id":"https:\/\/gradido.net\/entdecke-die-neuen-gradido-kreise\/#article","isPartOf":{"@id":"https:\/\/gradido.net\/entdecke-die-neuen-gradido-kreise\/"},"author":{"name":"Bernd H\u00fcckst\u00e4dt","@id":"https:\/\/gradido.net\/de\/#\/schema\/person\/9c503a004ad15a1ddecadce2218db5d1"},"headline":"Entdecke die neuen Gradido-Kreise","datePublished":"2024-08-30T09:25:03+00:00","dateModified":"2026-04-24T05:59:50+00:00","mainEntityOfPage":{"@id":"https:\/\/gradido.net\/entdecke-die-neuen-gradido-kreise\/"},"wordCount":359,"publisher":{"@id":"https:\/\/gradido.net\/de\/#organization"},"image":{"@id":"https:\/\/gradido.net\/entdecke-die-neuen-gradido-kreise\/#primaryimage"},"thumbnailUrl":"https:\/\/gradido.net\/wp-content\/uploads\/2024\/09\/Gradido-Kreise.jpg","articleSection":["Blog","Community","Gradido-Konto"],"inLanguage":"hu"},{"@type":"WebPage","@id":"https:\/\/gradido.net\/entdecke-die-neuen-gradido-kreise\/","url":"https:\/\/gradido.net\/entdecke-die-neuen-gradido-kreise\/","name":"Fedezze fel az \u00faj Gradido k\u00f6r\u00f6ket - Gradido","isPartOf":{"@id":"https:\/\/gradido.net\/de\/#website"},"primaryImageOfPage":{"@id":"https:\/\/gradido.net\/entdecke-die-neuen-gradido-kreise\/#primaryimage"},"image":{"@id":"https:\/\/gradido.net\/entdecke-die-neuen-gradido-kreise\/#primaryimage"},"thumbnailUrl":"https:\/\/gradido.net\/wp-content\/uploads\/2024\/09\/Gradido-Kreise.jpg","datePublished":"2024-08-30T09:25:03+00:00","dateModified":"2026-04-24T05:59:50+00:00","description":"L\u00e1ttad m\u00e1r? M\u00e1jus v\u00e9ge \u00f3ta m\u0171k\u00f6dik az \u00faj k\u00f6z\u00f6ss\u00e9gi platformunk, amelyet Gradido K\u00f6r\u00f6knek h\u00edvunk. Mostant\u00f3l biztons\u00e1gos terekben (\u00fagynevezett \"Spaces\") kommunik\u00e1lhatsz m\u00e1s Gradido r\u00e9sztvev\u0151kkel, \u00e9s egyre t\u00f6bb \u00e9s t\u00f6bb kapcsolatot teremthetsz.","breadcrumb":{"@id":"https:\/\/gradido.net\/entdecke-die-neuen-gradido-kreise\/#breadcrumb"},"inLanguage":"hu","potentialAction":[{"@type":"ReadAction","target":["https:\/\/gradido.net\/entdecke-die-neuen-gradido-kreise\/"]}]},{"@type":"ImageObject","inLanguage":"hu","@id":"https:\/\/gradido.net\/entdecke-die-neuen-gradido-kreise\/#primaryimage","url":"https:\/\/gradido.net\/wp-content\/uploads\/2024\/09\/Gradido-Kreise.jpg","contentUrl":"https:\/\/gradido.net\/wp-content\/uploads\/2024\/09\/Gradido-Kreise.jpg","width":1280,"height":720},{"@type":"BreadcrumbList","@id":"https:\/\/gradido.net\/entdecke-die-neuen-gradido-kreise\/#breadcrumb","itemListElement":[{"@type":"ListItem","position":1,"name":"Startseite","item":"https:\/\/gradido.net\/"},{"@type":"ListItem","position":2,"name":"Entdecke die neuen Gradido-Kreise"}]},{"@type":"WebSite","@id":"https:\/\/gradido.net\/de\/#website","url":"https:\/\/gradido.net\/de\/","name":"Gradido","description":"Az \u00faj p\u00e9nznem a h\u00e1la","publisher":{"@id":"https:\/\/gradido.net\/de\/#organization"},"potentialAction":[{"@type":"SearchAction","target":{"@type":"EntryPoint","urlTemplate":"https:\/\/gradido.net\/de\/?s={search_term_string}"},"query-input":{"@type":"PropertyValueSpecification","valueRequired":true,"valueName":"search_term_string"}}],"inLanguage":"hu"},{"@type":"Organization","@id":"https:\/\/gradido.net\/de\/#organization","name":"Gradido","url":"https:\/\/gradido.net\/de\/","logo":{"@type":"ImageObject","inLanguage":"hu","@id":"https:\/\/gradido.net\/de\/#\/schema\/logo\/image\/","url":"https:\/\/gradido.net\/wp-content\/uploads\/2022\/04\/gradido-social.jpg","contentUrl":"https:\/\/gradido.net\/wp-content\/uploads\/2022\/04\/gradido-social.jpg","width":527,"height":273,"caption":"Gradido"},"image":{"@id":"https:\/\/gradido.net\/de\/#\/schema\/logo\/image\/"}},{"@type":"Person","@id":"https:\/\/gradido.net\/de\/#\/schema\/person\/9c503a004ad15a1ddecadce2218db5d1","name":"Bernd H\u00fcckst\u00e4dt","sameAs":["https:\/\/gradido.net"],"url":"https:\/\/gradido.net\/hu\/author\/bernd\/"}]}},"_links":{"self":[{"href":"https:\/\/gradido.net\/hu\/wp-json\/wp\/v2\/posts\/9470","targetHints":{"allow":["GET"]}}],"collection":[{"href":"https:\/\/gradido.net\/hu\/wp-json\/wp\/v2\/posts"}],"about":[{"href":"https:\/\/gradido.net\/hu\/wp-json\/wp\/v2\/types\/post"}],"author":[{"embeddable":true,"href":"https:\/\/gradido.net\/hu\/wp-json\/wp\/v2\/users\/2"}],"replies":[{"embeddable":true,"href":"https:\/\/gradido.net\/hu\/wp-json\/wp\/v2\/comments?post=9470"}],"version-history":[{"count":17,"href":"https:\/\/gradido.net\/hu\/wp-json\/wp\/v2\/posts\/9470\/revisions"}],"predecessor-version":[{"id":13583,"href":"https:\/\/gradido.net\/hu\/wp-json\/wp\/v2\/posts\/9470\/revisions\/13583"}],"wp:featuredmedia":[{"embeddable":true,"href":"https:\/\/gradido.net\/hu\/wp-json\/wp\/v2\/media\/9472"}],"wp:attachment":[{"href":"https:\/\/gradido.net\/hu\/wp-json\/wp\/v2\/media?parent=9470"}],"wp:term":[{"taxonomy":"category","embeddable":true,"href":"https:\/\/gradido.net\/hu\/wp-json\/wp\/v2\/categories?post=9470"},{"taxonomy":"post_tag","embeddable":true,"href":"https:\/\/gradido.net\/hu\/wp-json\/wp\/v2\/tags?post=9470"}],"curies":[{"name":"wp","href":"https:\/\/api.w.org\/{rel}","templated":true}]}}