{"id":10429,"date":"2025-06-04T11:09:11","date_gmt":"2025-06-04T09:09:11","guid":{"rendered":"https:\/\/gradido.net\/?p=10429"},"modified":"2026-04-24T07:21:44","modified_gmt":"2026-04-24T05:21:44","slug":"inspirationsflug-regenerative-wirtschaft","status":"publish","type":"post","link":"https:\/\/gradido.net\/it\/inspirationsflug-regenerative-wirtschaft\/","title":{"rendered":"VOLO D'ISPIRAZIONE SUL TEMA DELL'ECONOMIA RIGENERATIVA"},"content":{"rendered":"<div data-elementor-type=\"wp-post\" data-elementor-id=\"10429\" class=\"elementor elementor-10429\" data-elementor-post-type=\"post\">\n\t\t\t\t\t\t<section class=\"elementor-section elementor-top-section elementor-element elementor-element-496e1d53 elementor-section-boxed elementor-section-height-default elementor-section-height-default\" data-id=\"496e1d53\" data-element_type=\"section\" data-e-type=\"section\">\n\t\t\t\t\t\t<div class=\"elementor-container elementor-column-gap-default\">\n\t\t\t\t\t<div class=\"elementor-column elementor-col-100 elementor-top-column elementor-element elementor-element-461d7be0\" data-id=\"461d7be0\" data-element_type=\"column\" data-e-type=\"column\">\n\t\t\t<div class=\"elementor-widget-wrap elementor-element-populated\">\n\t\t\t\t\t\t<div class=\"elementor-element elementor-element-cd9ebe2 elementor-widget elementor-widget-text-editor\" data-id=\"cd9ebe2\" data-element_type=\"widget\" data-e-type=\"widget\" data-widget_type=\"text-editor.default\">\n\t\t\t\t<div class=\"elementor-widget-container\">\n\t\t\t\t\t\t\t\t\t<p style=\"text-align: right;\"><em>Con Franz H\u00f6rmann, Harald Friedl e Bernd H\u00fcckst\u00e4dt<\/em><\/p><p>Caro lettore,<\/p><p>Luned\u00ec, LIVING EARTH ha organizzato un evento su OKITALK. <a href=\"https:\/\/www.youtube.com\/watch?v=VRbRYfW58ws\" target=\"_blank\" rel=\"noopener\" data-cke-saved-href=\"https:\/\/www.youtube.com\/watch?v=VRbRYfW58ws\">grande programma<\/a> sul tema dell'ECONOMIA RIGENERATIVA con Franz H\u00f6rmann, Harald Friedl e Bernd von Gradido, moderati da Catharina Roland:<\/p><h2 style=\"text-align: center;\">VOLO D'ISPIRAZIONE SUL TEMA DELL'ECONOMIA RIGENERATIVA<\/h2><p style=\"text-align: center;\">ECONOMIA RIGENERATIVA significa<br \/>\"un sistema economico che va oltre la pura idea della creazione di valore<br \/>e si concentra sul ripristino e sul miglioramento degli ecosistemi e delle societ\u00e0.<br \/>Si sforza di restituire pi\u00f9 di quanto prende, sia dal punto di vista ecologico che sociale,<br \/>e si concentra sulla creazione di valore positivo per la natura e la societ\u00e0\".<\/p><p style=\"text-align: center;\">Come pu\u00f2 apparire nella pratica?<\/p><p style=\"text-align: center;\">All'inizio di questo meraviglioso volo d'ispirazione<br \/>- che ribalta gioiosamente il pensiero convenzionale sull'economia - e<br \/>esaminiamo le immagini tradizionali che riceviamo dai media e dal sistema educativo.<br \/>su noi esseri umani e su come viviamo insieme.<br \/>Offriamo quindi nuovi approcci e opzioni di intervento<br \/>- nuovi sistemi economici, che tuttavia preferiremmo vedere come \"sistemi di offerta\".<br \/>e nuove forme di sistemi monetari, che preferiamo chiamare \"sistemi di remunerazione\".<\/p><p style=\"text-align: center;\">Harald Friedl spiega il principio dell'economia circolare,<br \/>In altre parole, come pu\u00f2 apparire in pratica l'economia circolare.<\/p><p style=\"text-align: center;\">Franz H\u00f6rmann ci porta in un futuro prossimo in cui queste tecnologie esisteranno ufficialmente,<br \/>di cui ancora oggi si parla solo di sfuggita.<\/p><p style=\"text-align: center;\">E Bernd H\u00fcckst\u00e4dt ce lo spiega in modo molto chiaro e invitante,<br \/>Come funziona il Gradido<br \/>- un \"sistema di remunerazione\", che abbiamo presentato anche nel MANIFESTO DELLA NUOVA TERRA.<\/p><p style=\"text-align: center;\">Si prega di leggere anche il<br \/><a href=\"https:\/\/livingearth.one\/manifest_geldsystem\" target=\"_blank\" rel=\"noopener\" data-cke-saved-href=\"https:\/\/livingearth.one\/manifest_geldsystem\">MANIFESTAZIONE DELLA NUOVA TERRA - Capitolo 7 \"SISTEMA MONETARIO<\/a>,\u00a0<br \/>Un capitolo che - grazie a questo volo d'ispirazione e a Franz H\u00f6rmann<br \/>- molto probabilmente avr\u00e0 presto un nuovo nome.<\/p><p style=\"text-align: center;\">Per saperne di pi\u00f9 sull'ECONOMIA RIGENERATIVA<br \/>si trova anche qui:<br \/><a href=\"https:\/\/livingearth.one\/manifest_wirtschaft-und-produktionskreisl_ufe\" target=\"_blank\" rel=\"noopener\" data-cke-saved-href=\"https:\/\/livingearth.one\/manifest_wirtschaft-und-produktionskreisl_ufe\">MANIFESTAZIONE DELLA NUOVA TERRA - Capitolo \"ECONOMIA E CIRCUITI DI PRODUZIONE<\/a><\/p><p style=\"text-align: center;\">Divertitevi con una nuova prospettiva sulla nostra vita:<\/p><p style=\"text-align: center;\"><a href=\"https:\/\/www.youtube.com\/watch?v=VRbRYfW58ws\" target=\"_blank\" rel=\"noopener\" data-cke-saved-href=\"https:\/\/www.youtube.com\/watch?v=VRbRYfW58ws\"><img decoding=\"async\" src=\"https:\/\/assets.klicktipp.com\/userimages\/26450\/images\/Inspirationsflug_YouTube.jpg\" alt=\"\" data-cke-saved-src=\"https:\/\/assets.klicktipp.com\/userimages\/26450\/images\/Inspirationsflug_YouTube.jpg\" \/><\/a><\/p><p style=\"text-align: center;\">Ulteriori informazioni su assistenti di volo meravigliosi e ispirati:<\/p><p style=\"text-align: center;\">Franz H\u00f6rmann<br \/><a href=\"http:\/\/www.franzhoermann.com\">www.franzhoermann.com<\/a><\/p><p style=\"text-align: center;\">Bernd H\u00fcckst\u00e4dt<br \/><a href=\"https:\/\/gradido.net\/it\/\">https:\/\/gradido.net<\/a><\/p><p style=\"text-align: center;\">Harald Friedl\u00a0<br \/><a href=\"https:\/\/www.haraldfriedl.earth\" target=\"_blank\" rel=\"noopener\">https:\/\/www.haraldfriedl.earth<\/a><\/p><p style=\"text-align: center;\">Il pilota di questo volo \u00e8: Catharina Roland<br \/><a href=\"http:\/\/www.livingearth.one\" target=\"_blank\" rel=\"noopener\">www.livingearth.one<\/a><br \/><a href=\"http:\/\/www.awake2paradise.com\" target=\"_blank\" rel=\"noopener\">www.awake2paradise.com<\/a><\/p><p>Vi auguriamo una buona visione e vi auguriamo buone intuizioni.<\/p><p>Con i migliori saluti<\/p>\t\t\t\t\t\t\t\t<\/div>\n\t\t\t\t<\/div>\n\t\t\t\t<div class=\"elementor-element elementor-element-d74dfa0 elementor-widget elementor-widget-text-editor\" data-id=\"d74dfa0\" data-element_type=\"widget\" data-e-type=\"widget\" data-widget_type=\"text-editor.default\">\n\t\t\t\t<div class=\"elementor-widget-container\">\n\t\t\t\t\t\t\t\t\t<div data-pm-slice=\"1 1 []\" data-en-clipboard=\"true\"><p><span style=\"font-family: -apple-system, BlinkMacSystemFont, 'Segoe UI', Roboto, 'Helvetica Neue', Arial, 'Noto Sans', sans-serif, 'Apple Color Emoji', 'Segoe UI Emoji', 'Segoe UI Symbol', 'Noto Color Emoji';\">Il tuo<\/span><\/p><\/div><p><img decoding=\"async\" class=\"alignnone wp-image-4614 size-medium\" src=\"https:\/\/gradido.net\/wp-content\/uploads\/2022\/06\/MargretBernd_2022-300x74.png\" alt=\"\" width=\"300\" height=\"74\" srcset=\"https:\/\/gradido.net\/wp-content\/uploads\/2022\/06\/MargretBernd_2022-300x74.png 300w, https:\/\/gradido.net\/wp-content\/uploads\/2022\/06\/MargretBernd_2022-18x4.png 18w, https:\/\/gradido.net\/wp-content\/uploads\/2022\/06\/MargretBernd_2022.png 431w\" sizes=\"(max-width: 300px) 100vw, 300px\" \/><\/p><p>Margret Baier e Bernd H\u00fcckst\u00e4dt<br \/>Fondatore e sviluppatore di Gradido<\/p>\t\t\t\t\t\t\t\t<\/div>\n\t\t\t\t<\/div>\n\t\t\t\t\t<\/div>\n\t\t<\/div>\n\t\t\t\t\t<\/div>\n\t\t<\/section>\n\t\t\t\t<section class=\"elementor-section elementor-top-section elementor-element elementor-element-14532fe elementor-section-boxed elementor-section-height-default elementor-section-height-default\" data-id=\"14532fe\" data-element_type=\"section\" data-e-type=\"section\">\n\t\t\t\t\t\t<div class=\"elementor-container elementor-column-gap-default\">\n\t\t\t\t\t<div class=\"elementor-column elementor-col-100 elementor-top-column elementor-element elementor-element-65d2298\" data-id=\"65d2298\" data-element_type=\"column\" data-e-type=\"column\">\n\t\t\t<div class=\"elementor-widget-wrap elementor-element-populated\">\n\t\t\t\t\t\t<div class=\"elementor-element elementor-element-bea124f elementor-widget elementor-widget-global elementor-global-9341 elementor-widget-text-editor\" data-id=\"bea124f\" data-element_type=\"widget\" data-e-type=\"widget\" data-widget_type=\"text-editor.default\">\n\t\t\t\t<div class=\"elementor-widget-container\">\n\t\t\t\t\t\t\t\t\t<p><strong>PS:\u00a0<span style=\"color: #ff6600;\"><a style=\"color: #ff6600;\" href=\"https:\/\/gradido.net\/it\/donations\/\">Data l'importanza sempre crescente del Gradido, ripetiamo la nostra campagna di gratitudine il 26 giugno 2026:<\/a>\u00a0<\/span><span style=\"color: #0000ff;\"><a style=\"color: #0000ff;\" href=\"https:\/\/gradido.net\/it\/donations\/\">Oltre al GradidoTransform multiplo per il vostro contributo di sponsorizzazione, aumenteremo tutti i saldi dei conti GDT di 26% il 26\/06\/2016. Sponsorizzate ora e godetevi l'importo multiplo di GDT!<\/a><\/span><\/strong><\/p>\t\t\t\t\t\t\t\t<\/div>\n\t\t\t\t<\/div>\n\t\t\t\t\t<\/div>\n\t\t<\/div>\n\t\t\t\t\t<\/div>\n\t\t<\/section>\n\t\t\t\t<section class=\"elementor-section elementor-top-section elementor-element elementor-element-29dfc07 elementor-section-boxed elementor-section-height-default elementor-section-height-default\" data-id=\"29dfc07\" data-element_type=\"section\" data-e-type=\"section\">\n\t\t\t\t\t\t<div class=\"elementor-container elementor-column-gap-default\">\n\t\t\t\t\t<div class=\"elementor-column elementor-col-100 elementor-top-column elementor-element elementor-element-d37ec5a\" data-id=\"d37ec5a\" data-element_type=\"column\" data-e-type=\"column\">\n\t\t\t<div class=\"elementor-widget-wrap\">\n\t\t\t\t\t\t\t<\/div>\n\t\t<\/div>\n\t\t\t\t\t<\/div>\n\t\t<\/section>\n\t\t\t\t<section class=\"elementor-section elementor-top-section elementor-element elementor-element-b3bbb9b elementor-section-boxed elementor-section-height-default elementor-section-height-default\" data-id=\"b3bbb9b\" data-element_type=\"section\" data-e-type=\"section\">\n\t\t\t\t\t\t<div class=\"elementor-container elementor-column-gap-default\">\n\t\t\t\t\t<div class=\"elementor-column elementor-col-100 elementor-top-column elementor-element elementor-element-a7e88ad\" data-id=\"a7e88ad\" data-element_type=\"column\" data-e-type=\"column\">\n\t\t\t<div class=\"elementor-widget-wrap\">\n\t\t\t\t\t\t\t<\/div>\n\t\t<\/div>\n\t\t\t\t\t<\/div>\n\t\t<\/section>\n\t\t\t\t<\/div>","protected":false},"excerpt":{"rendered":"<p>Per ECONOMIA RIGENERATIVA si intende \"un sistema economico che va oltre l'idea della pura creazione di valore e si concentra sul ripristino e sul miglioramento degli ecosistemi e delle societ\u00e0. Si sforza di restituire pi\u00f9 di quanto prende, sia dal punto di vista ambientale che sociale, e si concentra sulla creazione di valore positivo per la natura e la societ\u00e0\".<\/p>","protected":false},"author":2,"featured_media":10431,"comment_status":"closed","ping_status":"closed","sticky":false,"template":"","format":"standard","meta":{"footnotes":""},"categories":[11,54],"tags":[],"class_list":["post-10429","post","type-post","status-publish","format-standard","has-post-thumbnail","hentry","category-blog","category-community"],"yoast_head":"<!-- This site is optimized with the Yoast SEO plugin v27.4 - https:\/\/yoast.com\/product\/yoast-seo-wordpress\/ -->\n<title>INSPIRATIONSFLUG ZUM THEMA REGENERATIVE WIRTSCHAFT - Gradido<\/title>\n<meta name=\"description\" content=\"REGENERATIVE WIRTSCHAFT bedeutet &quot;ein Wirtschaftssystem, das \u00fcber den reinen Wertsch\u00f6pfungsgedanken hinausgeht und sich auf die Wiederherstellung und Verbesserung von \u00d6kosystemen und Gesellschaften konzentriert. Sie strebt an, mehr zur\u00fcckzugeben, als sie nimmt, sowohl \u00f6kologisch als auch sozial, und legt den Fokus auf die Schaffung von positivem Wert f\u00fcr Natur und Gesellschaft.&quot;\" \/>\n<meta name=\"robots\" content=\"index, follow, max-snippet:-1, max-image-preview:large, max-video-preview:-1\" \/>\n<link rel=\"canonical\" href=\"https:\/\/gradido.net\/it\/inspirationsflug-regenerative-wirtschaft\/\" \/>\n<meta property=\"og:locale\" content=\"it_IT\" \/>\n<meta property=\"og:type\" content=\"article\" \/>\n<meta property=\"og:title\" content=\"INSPIRATIONSFLUG ZUM THEMA REGENERATIVE WIRTSCHAFT - Gradido\" \/>\n<meta property=\"og:description\" content=\"REGENERATIVE WIRTSCHAFT bedeutet &quot;ein Wirtschaftssystem, das \u00fcber den reinen Wertsch\u00f6pfungsgedanken hinausgeht und sich auf die Wiederherstellung und Verbesserung von \u00d6kosystemen und Gesellschaften konzentriert. Sie strebt an, mehr zur\u00fcckzugeben, als sie nimmt, sowohl \u00f6kologisch als auch sozial, und legt den Fokus auf die Schaffung von positivem Wert f\u00fcr Natur und Gesellschaft.&quot;\" \/>\n<meta property=\"og:url\" content=\"https:\/\/gradido.net\/it\/inspirationsflug-regenerative-wirtschaft\/\" \/>\n<meta property=\"og:site_name\" content=\"Gradido\" \/>\n<meta property=\"article:published_time\" content=\"2025-06-04T09:09:11+00:00\" \/>\n<meta property=\"article:modified_time\" content=\"2026-04-24T05:21:44+00:00\" \/>\n<meta property=\"og:image\" content=\"https:\/\/gradido.net\/wp-content\/uploads\/2025\/06\/Titel-INSPIRATIONSLFUG-short-scaled.webp\" \/>\n\t<meta property=\"og:image:width\" content=\"2560\" \/>\n\t<meta property=\"og:image:height\" content=\"1085\" \/>\n\t<meta property=\"og:image:type\" content=\"image\/webp\" \/>\n<meta name=\"author\" content=\"Bernd H\u00fcckst\u00e4dt\" \/>\n<meta name=\"twitter:card\" content=\"summary_large_image\" \/>\n<meta name=\"twitter:label1\" content=\"Scritto da\" \/>\n\t<meta name=\"twitter:data1\" content=\"Bernd H\u00fcckst\u00e4dt\" \/>\n\t<meta name=\"twitter:label2\" content=\"Tempo di lettura stimato\" \/>\n\t<meta name=\"twitter:data2\" content=\"3 minuti\" \/>\n<script type=\"application\/ld+json\" class=\"yoast-schema-graph\">{\"@context\":\"https:\\\/\\\/schema.org\",\"@graph\":[{\"@type\":\"Article\",\"@id\":\"https:\\\/\\\/gradido.net\\\/inspirationsflug-regenerative-wirtschaft\\\/#article\",\"isPartOf\":{\"@id\":\"https:\\\/\\\/gradido.net\\\/inspirationsflug-regenerative-wirtschaft\\\/\"},\"author\":{\"name\":\"Bernd H\u00fcckst\u00e4dt\",\"@id\":\"https:\\\/\\\/gradido.net\\\/de\\\/#\\\/schema\\\/person\\\/9c503a004ad15a1ddecadce2218db5d1\"},\"headline\":\"INSPIRATIONSFLUG ZUM THEMA REGENERATIVE WIRTSCHAFT\",\"datePublished\":\"2025-06-04T09:09:11+00:00\",\"dateModified\":\"2026-04-24T05:21:44+00:00\",\"mainEntityOfPage\":{\"@id\":\"https:\\\/\\\/gradido.net\\\/inspirationsflug-regenerative-wirtschaft\\\/\"},\"wordCount\":427,\"publisher\":{\"@id\":\"https:\\\/\\\/gradido.net\\\/de\\\/#organization\"},\"image\":{\"@id\":\"https:\\\/\\\/gradido.net\\\/inspirationsflug-regenerative-wirtschaft\\\/#primaryimage\"},\"thumbnailUrl\":\"https:\\\/\\\/gradido.net\\\/wp-content\\\/uploads\\\/2025\\\/06\\\/Titel-INSPIRATIONSLFUG-short-scaled.webp\",\"articleSection\":[\"Blog\",\"Community\"],\"inLanguage\":\"it-IT\"},{\"@type\":\"WebPage\",\"@id\":\"https:\\\/\\\/gradido.net\\\/inspirationsflug-regenerative-wirtschaft\\\/\",\"url\":\"https:\\\/\\\/gradido.net\\\/inspirationsflug-regenerative-wirtschaft\\\/\",\"name\":\"INSPIRATIONSFLUG ZUM THEMA REGENERATIVE WIRTSCHAFT - Gradido\",\"isPartOf\":{\"@id\":\"https:\\\/\\\/gradido.net\\\/de\\\/#website\"},\"primaryImageOfPage\":{\"@id\":\"https:\\\/\\\/gradido.net\\\/inspirationsflug-regenerative-wirtschaft\\\/#primaryimage\"},\"image\":{\"@id\":\"https:\\\/\\\/gradido.net\\\/inspirationsflug-regenerative-wirtschaft\\\/#primaryimage\"},\"thumbnailUrl\":\"https:\\\/\\\/gradido.net\\\/wp-content\\\/uploads\\\/2025\\\/06\\\/Titel-INSPIRATIONSLFUG-short-scaled.webp\",\"datePublished\":\"2025-06-04T09:09:11+00:00\",\"dateModified\":\"2026-04-24T05:21:44+00:00\",\"description\":\"REGENERATIVE WIRTSCHAFT bedeutet \\\"ein Wirtschaftssystem, das \u00fcber den reinen Wertsch\u00f6pfungsgedanken hinausgeht und sich auf die Wiederherstellung und Verbesserung von \u00d6kosystemen und Gesellschaften konzentriert. Sie strebt an, mehr zur\u00fcckzugeben, als sie nimmt, sowohl \u00f6kologisch als auch sozial, und legt den Fokus auf die Schaffung von positivem Wert f\u00fcr Natur und Gesellschaft.\\\"\",\"breadcrumb\":{\"@id\":\"https:\\\/\\\/gradido.net\\\/inspirationsflug-regenerative-wirtschaft\\\/#breadcrumb\"},\"inLanguage\":\"it-IT\",\"potentialAction\":[{\"@type\":\"ReadAction\",\"target\":[\"https:\\\/\\\/gradido.net\\\/inspirationsflug-regenerative-wirtschaft\\\/\"]}]},{\"@type\":\"ImageObject\",\"inLanguage\":\"it-IT\",\"@id\":\"https:\\\/\\\/gradido.net\\\/inspirationsflug-regenerative-wirtschaft\\\/#primaryimage\",\"url\":\"https:\\\/\\\/gradido.net\\\/wp-content\\\/uploads\\\/2025\\\/06\\\/Titel-INSPIRATIONSLFUG-short-scaled.webp\",\"contentUrl\":\"https:\\\/\\\/gradido.net\\\/wp-content\\\/uploads\\\/2025\\\/06\\\/Titel-INSPIRATIONSLFUG-short-scaled.webp\",\"width\":2560,\"height\":1085},{\"@type\":\"BreadcrumbList\",\"@id\":\"https:\\\/\\\/gradido.net\\\/inspirationsflug-regenerative-wirtschaft\\\/#breadcrumb\",\"itemListElement\":[{\"@type\":\"ListItem\",\"position\":1,\"name\":\"Startseite\",\"item\":\"https:\\\/\\\/gradido.net\\\/\"},{\"@type\":\"ListItem\",\"position\":2,\"name\":\"INSPIRATIONSFLUG ZUM THEMA REGENERATIVE WIRTSCHAFT\"}]},{\"@type\":\"WebSite\",\"@id\":\"https:\\\/\\\/gradido.net\\\/de\\\/#website\",\"url\":\"https:\\\/\\\/gradido.net\\\/de\\\/\",\"name\":\"Gradido\",\"description\":\"Die neue W\u00e4hrung hei\u00dft Dankbarkeit\",\"publisher\":{\"@id\":\"https:\\\/\\\/gradido.net\\\/de\\\/#organization\"},\"potentialAction\":[{\"@type\":\"SearchAction\",\"target\":{\"@type\":\"EntryPoint\",\"urlTemplate\":\"https:\\\/\\\/gradido.net\\\/de\\\/?s={search_term_string}\"},\"query-input\":{\"@type\":\"PropertyValueSpecification\",\"valueRequired\":true,\"valueName\":\"search_term_string\"}}],\"inLanguage\":\"it-IT\"},{\"@type\":\"Organization\",\"@id\":\"https:\\\/\\\/gradido.net\\\/de\\\/#organization\",\"name\":\"Gradido\",\"url\":\"https:\\\/\\\/gradido.net\\\/de\\\/\",\"logo\":{\"@type\":\"ImageObject\",\"inLanguage\":\"it-IT\",\"@id\":\"https:\\\/\\\/gradido.net\\\/de\\\/#\\\/schema\\\/logo\\\/image\\\/\",\"url\":\"https:\\\/\\\/gradido.net\\\/wp-content\\\/uploads\\\/2022\\\/04\\\/gradido-social.jpg\",\"contentUrl\":\"https:\\\/\\\/gradido.net\\\/wp-content\\\/uploads\\\/2022\\\/04\\\/gradido-social.jpg\",\"width\":527,\"height\":273,\"caption\":\"Gradido\"},\"image\":{\"@id\":\"https:\\\/\\\/gradido.net\\\/de\\\/#\\\/schema\\\/logo\\\/image\\\/\"}},{\"@type\":\"Person\",\"@id\":\"https:\\\/\\\/gradido.net\\\/de\\\/#\\\/schema\\\/person\\\/9c503a004ad15a1ddecadce2218db5d1\",\"name\":\"Bernd H\u00fcckst\u00e4dt\",\"sameAs\":[\"https:\\\/\\\/gradido.net\"],\"url\":\"https:\\\/\\\/gradido.net\\\/it\\\/author\\\/bernd\\\/\"}]}<\/script>\n<!-- \/ Yoast SEO plugin. -->","yoast_head_json":{"title":"VOLO DI ISPIRAZIONE SUL TEMA DELL'ECONOMIA RIGENERATIVA - Gradido","description":"Per ECONOMIA RIGENERATIVA si intende \"un sistema economico che va oltre l'idea della pura creazione di valore e si concentra sul ripristino e sul miglioramento degli ecosistemi e delle societ\u00e0. Si sforza di restituire pi\u00f9 di quanto prende, sia dal punto di vista ambientale che sociale, e si concentra sulla creazione di valore positivo per la natura e la societ\u00e0\".","robots":{"index":"index","follow":"follow","max-snippet":"max-snippet:-1","max-image-preview":"max-image-preview:large","max-video-preview":"max-video-preview:-1"},"canonical":"https:\/\/gradido.net\/it\/inspirationsflug-regenerative-wirtschaft\/","og_locale":"it_IT","og_type":"article","og_title":"INSPIRATIONSFLUG ZUM THEMA REGENERATIVE WIRTSCHAFT - Gradido","og_description":"REGENERATIVE WIRTSCHAFT bedeutet \"ein Wirtschaftssystem, das \u00fcber den reinen Wertsch\u00f6pfungsgedanken hinausgeht und sich auf die Wiederherstellung und Verbesserung von \u00d6kosystemen und Gesellschaften konzentriert. Sie strebt an, mehr zur\u00fcckzugeben, als sie nimmt, sowohl \u00f6kologisch als auch sozial, und legt den Fokus auf die Schaffung von positivem Wert f\u00fcr Natur und Gesellschaft.\"","og_url":"https:\/\/gradido.net\/it\/inspirationsflug-regenerative-wirtschaft\/","og_site_name":"Gradido","article_published_time":"2025-06-04T09:09:11+00:00","article_modified_time":"2026-04-24T05:21:44+00:00","og_image":[{"width":2560,"height":1085,"url":"https:\/\/gradido.net\/wp-content\/uploads\/2025\/06\/Titel-INSPIRATIONSLFUG-short-scaled.webp","type":"image\/webp"}],"author":"Bernd H\u00fcckst\u00e4dt","twitter_card":"summary_large_image","twitter_misc":{"Scritto da":"Bernd H\u00fcckst\u00e4dt","Tempo di lettura stimato":"3 minuti"},"schema":{"@context":"https:\/\/schema.org","@graph":[{"@type":"Article","@id":"https:\/\/gradido.net\/inspirationsflug-regenerative-wirtschaft\/#article","isPartOf":{"@id":"https:\/\/gradido.net\/inspirationsflug-regenerative-wirtschaft\/"},"author":{"name":"Bernd H\u00fcckst\u00e4dt","@id":"https:\/\/gradido.net\/de\/#\/schema\/person\/9c503a004ad15a1ddecadce2218db5d1"},"headline":"INSPIRATIONSFLUG ZUM THEMA REGENERATIVE WIRTSCHAFT","datePublished":"2025-06-04T09:09:11+00:00","dateModified":"2026-04-24T05:21:44+00:00","mainEntityOfPage":{"@id":"https:\/\/gradido.net\/inspirationsflug-regenerative-wirtschaft\/"},"wordCount":427,"publisher":{"@id":"https:\/\/gradido.net\/de\/#organization"},"image":{"@id":"https:\/\/gradido.net\/inspirationsflug-regenerative-wirtschaft\/#primaryimage"},"thumbnailUrl":"https:\/\/gradido.net\/wp-content\/uploads\/2025\/06\/Titel-INSPIRATIONSLFUG-short-scaled.webp","articleSection":["Blog","Community"],"inLanguage":"it-IT"},{"@type":"WebPage","@id":"https:\/\/gradido.net\/inspirationsflug-regenerative-wirtschaft\/","url":"https:\/\/gradido.net\/inspirationsflug-regenerative-wirtschaft\/","name":"VOLO DI ISPIRAZIONE SUL TEMA DELL'ECONOMIA RIGENERATIVA - Gradido","isPartOf":{"@id":"https:\/\/gradido.net\/de\/#website"},"primaryImageOfPage":{"@id":"https:\/\/gradido.net\/inspirationsflug-regenerative-wirtschaft\/#primaryimage"},"image":{"@id":"https:\/\/gradido.net\/inspirationsflug-regenerative-wirtschaft\/#primaryimage"},"thumbnailUrl":"https:\/\/gradido.net\/wp-content\/uploads\/2025\/06\/Titel-INSPIRATIONSLFUG-short-scaled.webp","datePublished":"2025-06-04T09:09:11+00:00","dateModified":"2026-04-24T05:21:44+00:00","description":"Per ECONOMIA RIGENERATIVA si intende \"un sistema economico che va oltre l'idea della pura creazione di valore e si concentra sul ripristino e sul miglioramento degli ecosistemi e delle societ\u00e0. Si sforza di restituire pi\u00f9 di quanto prende, sia dal punto di vista ambientale che sociale, e si concentra sulla creazione di valore positivo per la natura e la societ\u00e0\".","breadcrumb":{"@id":"https:\/\/gradido.net\/inspirationsflug-regenerative-wirtschaft\/#breadcrumb"},"inLanguage":"it-IT","potentialAction":[{"@type":"ReadAction","target":["https:\/\/gradido.net\/inspirationsflug-regenerative-wirtschaft\/"]}]},{"@type":"ImageObject","inLanguage":"it-IT","@id":"https:\/\/gradido.net\/inspirationsflug-regenerative-wirtschaft\/#primaryimage","url":"https:\/\/gradido.net\/wp-content\/uploads\/2025\/06\/Titel-INSPIRATIONSLFUG-short-scaled.webp","contentUrl":"https:\/\/gradido.net\/wp-content\/uploads\/2025\/06\/Titel-INSPIRATIONSLFUG-short-scaled.webp","width":2560,"height":1085},{"@type":"BreadcrumbList","@id":"https:\/\/gradido.net\/inspirationsflug-regenerative-wirtschaft\/#breadcrumb","itemListElement":[{"@type":"ListItem","position":1,"name":"Startseite","item":"https:\/\/gradido.net\/"},{"@type":"ListItem","position":2,"name":"INSPIRATIONSFLUG ZUM THEMA REGENERATIVE WIRTSCHAFT"}]},{"@type":"WebSite","@id":"https:\/\/gradido.net\/de\/#website","url":"https:\/\/gradido.net\/de\/","name":"Gradido","description":"La nuova moneta \u00e8 la gratitudine","publisher":{"@id":"https:\/\/gradido.net\/de\/#organization"},"potentialAction":[{"@type":"SearchAction","target":{"@type":"EntryPoint","urlTemplate":"https:\/\/gradido.net\/de\/?s={search_term_string}"},"query-input":{"@type":"PropertyValueSpecification","valueRequired":true,"valueName":"search_term_string"}}],"inLanguage":"it-IT"},{"@type":"Organization","@id":"https:\/\/gradido.net\/de\/#organization","name":"Gradido","url":"https:\/\/gradido.net\/de\/","logo":{"@type":"ImageObject","inLanguage":"it-IT","@id":"https:\/\/gradido.net\/de\/#\/schema\/logo\/image\/","url":"https:\/\/gradido.net\/wp-content\/uploads\/2022\/04\/gradido-social.jpg","contentUrl":"https:\/\/gradido.net\/wp-content\/uploads\/2022\/04\/gradido-social.jpg","width":527,"height":273,"caption":"Gradido"},"image":{"@id":"https:\/\/gradido.net\/de\/#\/schema\/logo\/image\/"}},{"@type":"Person","@id":"https:\/\/gradido.net\/de\/#\/schema\/person\/9c503a004ad15a1ddecadce2218db5d1","name":"Bernd H\u00fcckst\u00e4dt","sameAs":["https:\/\/gradido.net"],"url":"https:\/\/gradido.net\/it\/author\/bernd\/"}]}},"_links":{"self":[{"href":"https:\/\/gradido.net\/it\/wp-json\/wp\/v2\/posts\/10429","targetHints":{"allow":["GET"]}}],"collection":[{"href":"https:\/\/gradido.net\/it\/wp-json\/wp\/v2\/posts"}],"about":[{"href":"https:\/\/gradido.net\/it\/wp-json\/wp\/v2\/types\/post"}],"author":[{"embeddable":true,"href":"https:\/\/gradido.net\/it\/wp-json\/wp\/v2\/users\/2"}],"replies":[{"embeddable":true,"href":"https:\/\/gradido.net\/it\/wp-json\/wp\/v2\/comments?post=10429"}],"version-history":[{"count":12,"href":"https:\/\/gradido.net\/it\/wp-json\/wp\/v2\/posts\/10429\/revisions"}],"predecessor-version":[{"id":13574,"href":"https:\/\/gradido.net\/it\/wp-json\/wp\/v2\/posts\/10429\/revisions\/13574"}],"wp:featuredmedia":[{"embeddable":true,"href":"https:\/\/gradido.net\/it\/wp-json\/wp\/v2\/media\/10431"}],"wp:attachment":[{"href":"https:\/\/gradido.net\/it\/wp-json\/wp\/v2\/media?parent=10429"}],"wp:term":[{"taxonomy":"category","embeddable":true,"href":"https:\/\/gradido.net\/it\/wp-json\/wp\/v2\/categories?post=10429"},{"taxonomy":"post_tag","embeddable":true,"href":"https:\/\/gradido.net\/it\/wp-json\/wp\/v2\/tags?post=10429"}],"curies":[{"name":"wp","href":"https:\/\/api.w.org\/{rel}","templated":true}]}}