{"id":11586,"date":"2025-09-14T09:35:05","date_gmt":"2025-09-14T07:35:05","guid":{"rendered":"https:\/\/gradido.net\/?p=11586"},"modified":"2026-04-24T07:19:18","modified_gmt":"2026-04-24T05:19:18","slug":"welt-mutter-kongress","status":"publish","type":"post","link":"https:\/\/gradido.net\/it\/welt-mutter-kongress\/","title":{"rendered":"Invito al Congresso Mondiale delle Madri 15-26 settembre 2025"},"content":{"rendered":"<div data-elementor-type=\"wp-post\" data-elementor-id=\"11586\" class=\"elementor elementor-11586\" data-elementor-post-type=\"post\">\n\t\t\t\t\t\t<section class=\"elementor-section elementor-top-section elementor-element elementor-element-496e1d53 elementor-section-boxed elementor-section-height-default elementor-section-height-default\" data-id=\"496e1d53\" data-element_type=\"section\" data-e-type=\"section\">\n\t\t\t\t\t\t<div class=\"elementor-container elementor-column-gap-default\">\n\t\t\t\t\t<div class=\"elementor-column elementor-col-100 elementor-top-column elementor-element elementor-element-461d7be0\" data-id=\"461d7be0\" data-element_type=\"column\" data-e-type=\"column\">\n\t\t\t<div class=\"elementor-widget-wrap elementor-element-populated\">\n\t\t\t\t\t\t<div class=\"elementor-element elementor-element-cd9ebe2 elementor-widget elementor-widget-text-editor\" data-id=\"cd9ebe2\" data-element_type=\"widget\" data-e-type=\"widget\" data-widget_type=\"text-editor.default\">\n\t\t\t\t<div class=\"elementor-widget-container\">\n\t\t\t\t\t\t\t\t\t<p style=\"text-align: right;\"><em>\"L'amore \u00e8 l'origine, la meta e il compimento di tutte le cose\".<\/em> <br \/><em>- Friedrich von Schlegel<\/em><\/p><div><p>Caro lettore,<\/p><p>Nel mezzo delle sfide della vita quotidiana, quando le aspettative, i dubbi e la stanchezza mettono in ombra la gioia, cresce il desiderio di una nuova vitalit\u00e0 e di una connessione autentica. Come sarebbe riconnettersi con se stessi, aprire il cuore alla vita e percorrere un cammino libero e amorevole insieme agli altri?<\/p><p><strong>Il Congresso Mondiale delle Madri vi invita cordialmente a dodici giorni pieni di ispirazione, impulsi di guarigione e vivace comunione:<\/strong><\/p><ul><li>Iniziate ogni giorno con una meditazione mattutina rilassante, apritevi a una nuova forza e a una guida interiore.<\/li><li>Lasciatevi regalare la sera con meravigliosi workshop pieni di saggezza, dissoluzione di vecchi schemi e applicazioni pratiche.<\/li><li>Durante il congresso sarete accompagnati amorevolmente - un canale telegramma dedicato vi dar\u00e0 ogni giorno energia, scambio e ispirazione, in modo che ogni esperienza vi porti con s\u00e9 con delicatezza e sicurezza.<\/li><li>Tutti i contenuti sono offerti anche con sottotitoli in inglese, in modo che la forza di questa unione raggiunga i cuori di tutto il mondo.<\/li><\/ul><h3>Il vostro accesso al campo della conoscenza e dell'esperienza:<\/h3><p>Ogni giorno sono disponibili contributi stimolanti di oltre 30 relatori, tra cui<\/p><p>Urs Wirths, Scarlett, Lisa Elisaweta Wall, Christiane Trautwein-Lykke, Uwe Albrecht, Chiara Di Giusto, Eva Abert, Susanne Dulle, Julia Mandel, Sigrid Reutter, Armin Kittl, Modita Wieser, Yvonne Waldraff, Detlef Werner Saraburg, Alicia Kusumitra, Anna Roth, Anja Sch\u00e4fer, Lina Oswald, Arno M\u00fcller, Felipa, Leonarda, Anita - sacerdotesse del Per\u00f9, Salome Carrasco, Niklas Lentz, Dragica Schadegg, Frank Jacob, Bernd von Gradido, Martin Altherr, Tanja Gruber, Nils \u00d6rum, Melanie Missing, Klaus Rempe, Eric Standop, Joachim Nusch, Saeed Habibzadeh e molti altri.<\/p><p>Con l'iscrizione riceverete in regalo la vostra guida congressuale personale via e-mail e preziosi voucher per i pacchetti congressuali.<\/p><h3>Fate di questo tempo il vostro viaggio speciale:<\/h3><p>La porta \u00e8 aperta a un viaggio pieno di ricordi, ispirazione e nuova voglia di vivere, per voi, la vostra famiglia e le generazioni future.<\/p><p><strong>Registratevi ora gratuitamente:<\/strong><br \/>\ud83d\udc49 <a href=\"https:\/\/www.weltmutterkongress.de\/#aff=gradido\" target=\"_blank\" rel=\"noopener\">Registrati qui gratuitamente<\/a><\/p><p>Grazie di cuore per essere con noi! Insieme stiamo creando uno spazio di connessione, guarigione e speranza per la nuova era.<\/p><p>Dal cuore<\/p><div data-pm-slice=\"1 1 []\" data-en-clipboard=\"true\"><p><span style=\"font-family: -apple-system, BlinkMacSystemFont, 'Segoe UI', Roboto, 'Helvetica Neue', Arial, 'Noto Sans', sans-serif, 'Apple Color Emoji', 'Segoe UI Emoji', 'Segoe UI Symbol', 'Noto Color Emoji';\">Il tuo<\/span><\/p><\/div><p><img decoding=\"async\" class=\"alignnone wp-image-4614 size-medium\" src=\"https:\/\/gradido.net\/wp-content\/uploads\/2022\/06\/MargretBernd_2022-300x74.png\" alt=\"\" width=\"300\" height=\"74\" srcset=\"https:\/\/gradido.net\/wp-content\/uploads\/2022\/06\/MargretBernd_2022-300x74.png 300w, https:\/\/gradido.net\/wp-content\/uploads\/2022\/06\/MargretBernd_2022-18x4.png 18w, https:\/\/gradido.net\/wp-content\/uploads\/2022\/06\/MargretBernd_2022.png 431w\" sizes=\"(max-width: 300px) 100vw, 300px\" \/><\/p><p>Margret Baier e Bernd H\u00fcckst\u00e4dt<br \/>Fondatore e sviluppatore di Gradido<\/p><\/div>\t\t\t\t\t\t\t\t<\/div>\n\t\t\t\t<\/div>\n\t\t\t\t<div class=\"elementor-element elementor-element-db3fa8e elementor-widget-divider--view-line elementor-widget elementor-widget-divider\" data-id=\"db3fa8e\" data-element_type=\"widget\" data-e-type=\"widget\" data-widget_type=\"divider.default\">\n\t\t\t\t<div class=\"elementor-widget-container\">\n\t\t\t\t\t\t\t<div class=\"elementor-divider\">\n\t\t\t<span class=\"elementor-divider-separator\">\n\t\t\t\t\t\t<\/span>\n\t\t<\/div>\n\t\t\t\t\t\t<\/div>\n\t\t\t\t<\/div>\n\t\t\t\t\t<\/div>\n\t\t<\/div>\n\t\t\t\t\t<\/div>\n\t\t<\/section>\n\t\t\t\t<section class=\"elementor-section elementor-top-section elementor-element elementor-element-14532fe elementor-section-boxed elementor-section-height-default elementor-section-height-default\" data-id=\"14532fe\" data-element_type=\"section\" data-e-type=\"section\">\n\t\t\t\t\t\t<div class=\"elementor-container elementor-column-gap-default\">\n\t\t\t\t\t<div class=\"elementor-column elementor-col-100 elementor-top-column elementor-element elementor-element-65d2298\" data-id=\"65d2298\" data-element_type=\"column\" data-e-type=\"column\">\n\t\t\t<div class=\"elementor-widget-wrap elementor-element-populated\">\n\t\t\t\t\t\t<div class=\"elementor-element elementor-element-bea124f elementor-widget elementor-widget-global elementor-global-9341 elementor-widget-text-editor\" data-id=\"bea124f\" data-element_type=\"widget\" data-e-type=\"widget\" data-widget_type=\"text-editor.default\">\n\t\t\t\t<div class=\"elementor-widget-container\">\n\t\t\t\t\t\t\t\t\t<p><strong>PS:\u00a0<span style=\"color: #ff6600;\"><a style=\"color: #ff6600;\" href=\"https:\/\/gradido.net\/it\/donations\/\">Data l'importanza sempre crescente del Gradido, ripetiamo la nostra campagna di gratitudine il 26 giugno 2026:<\/a>\u00a0<\/span><span style=\"color: #0000ff;\"><a style=\"color: #0000ff;\" href=\"https:\/\/gradido.net\/it\/donations\/\">Oltre al GradidoTransform multiplo per il vostro contributo di sponsorizzazione, aumenteremo tutti i saldi dei conti GDT di 26% il 26\/06\/2016. Sponsorizzate ora e godetevi l'importo multiplo di GDT!<\/a><\/span><\/strong><\/p>\t\t\t\t\t\t\t\t<\/div>\n\t\t\t\t<\/div>\n\t\t\t\t\t<\/div>\n\t\t<\/div>\n\t\t\t\t\t<\/div>\n\t\t<\/section>\n\t\t\t\t<section class=\"elementor-section elementor-top-section elementor-element elementor-element-29dfc07 elementor-section-boxed elementor-section-height-default elementor-section-height-default\" data-id=\"29dfc07\" data-element_type=\"section\" data-e-type=\"section\">\n\t\t\t\t\t\t<div class=\"elementor-container elementor-column-gap-default\">\n\t\t\t\t\t<div class=\"elementor-column elementor-col-100 elementor-top-column elementor-element elementor-element-d37ec5a\" data-id=\"d37ec5a\" data-element_type=\"column\" data-e-type=\"column\">\n\t\t\t<div class=\"elementor-widget-wrap\">\n\t\t\t\t\t\t\t<\/div>\n\t\t<\/div>\n\t\t\t\t\t<\/div>\n\t\t<\/section>\n\t\t\t\t<section class=\"elementor-section elementor-top-section elementor-element elementor-element-b3bbb9b elementor-section-boxed elementor-section-height-default elementor-section-height-default\" data-id=\"b3bbb9b\" data-element_type=\"section\" data-e-type=\"section\">\n\t\t\t\t\t\t<div class=\"elementor-container elementor-column-gap-default\">\n\t\t\t\t\t<div class=\"elementor-column elementor-col-100 elementor-top-column elementor-element elementor-element-a7e88ad\" data-id=\"a7e88ad\" data-element_type=\"column\" data-e-type=\"column\">\n\t\t\t<div class=\"elementor-widget-wrap\">\n\t\t\t\t\t\t\t<\/div>\n\t\t<\/div>\n\t\t\t\t\t<\/div>\n\t\t<\/section>\n\t\t\t\t<\/div>","protected":false},"excerpt":{"rendered":"<p>Come sarebbe riconnettersi con se stessi, aprire il cuore alla vita e percorrere un cammino libero e amorevole insieme agli altri? Il Congresso Mondiale delle Madri vi invita cordialmente a dodici giorni pieni di ispirazione, impulsi di guarigione e comunit\u00e0 vivace.<\/p>","protected":false},"author":2,"featured_media":11587,"comment_status":"closed","ping_status":"closed","sticky":false,"template":"","format":"standard","meta":{"footnotes":""},"categories":[11,54],"tags":[22],"class_list":["post-11586","post","type-post","status-publish","format-standard","has-post-thumbnail","hentry","category-blog","category-community","tag-bild-oben"],"yoast_head":"<!-- This site is optimized with the Yoast SEO plugin v27.5 - https:\/\/yoast.com\/product\/yoast-seo-wordpress\/ -->\n<title>Einladung zum Welt Mutter Kongress 15.-26. September 2025 - Gradido<\/title>\n<meta name=\"description\" content=\"Wie w\u00e4re es, wieder ganz bei Dir selbst anzukommen, Dein Herz f\u00fcr das Leben zu \u00f6ffnen und gemeinsam mit anderen einen freien, liebevollen Weg zu gehen? Der Welt Mutter Kongress l\u00e4dt Dich herzlich ein \u2013 zu zw\u00f6lf Tagen voller Inspirationen, heilsamer Impulse und lebendiger Gemeinschaft.\" \/>\n<meta name=\"robots\" content=\"index, follow, max-snippet:-1, max-image-preview:large, max-video-preview:-1\" \/>\n<link rel=\"canonical\" href=\"https:\/\/gradido.net\/it\/welt-mutter-kongress\/\" \/>\n<meta property=\"og:locale\" content=\"it_IT\" \/>\n<meta property=\"og:type\" content=\"article\" \/>\n<meta property=\"og:title\" content=\"Einladung zum Welt Mutter Kongress 15.-26. September 2025 - Gradido\" \/>\n<meta property=\"og:description\" content=\"Wie w\u00e4re es, wieder ganz bei Dir selbst anzukommen, Dein Herz f\u00fcr das Leben zu \u00f6ffnen und gemeinsam mit anderen einen freien, liebevollen Weg zu gehen? Der Welt Mutter Kongress l\u00e4dt Dich herzlich ein \u2013 zu zw\u00f6lf Tagen voller Inspirationen, heilsamer Impulse und lebendiger Gemeinschaft.\" \/>\n<meta property=\"og:url\" content=\"https:\/\/gradido.net\/it\/welt-mutter-kongress\/\" \/>\n<meta property=\"og:site_name\" content=\"Gradido\" \/>\n<meta property=\"article:published_time\" content=\"2025-09-14T07:35:05+00:00\" \/>\n<meta property=\"article:modified_time\" content=\"2026-04-24T05:19:18+00:00\" \/>\n<meta property=\"og:image\" content=\"https:\/\/gradido.net\/wp-content\/uploads\/2025\/09\/Welt-Mutter-Kongress.jpg\" \/>\n\t<meta property=\"og:image:width\" content=\"1280\" \/>\n\t<meta property=\"og:image:height\" content=\"698\" \/>\n\t<meta property=\"og:image:type\" content=\"image\/jpeg\" \/>\n<meta name=\"author\" content=\"Bernd H\u00fcckst\u00e4dt\" \/>\n<meta name=\"twitter:card\" content=\"summary_large_image\" \/>\n<meta name=\"twitter:label1\" content=\"Scritto da\" \/>\n\t<meta name=\"twitter:data1\" content=\"Bernd H\u00fcckst\u00e4dt\" \/>\n\t<meta name=\"twitter:label2\" content=\"Tempo di lettura stimato\" \/>\n\t<meta name=\"twitter:data2\" content=\"3 minuti\" \/>\n<script type=\"application\/ld+json\" class=\"yoast-schema-graph\">{\"@context\":\"https:\\\/\\\/schema.org\",\"@graph\":[{\"@type\":\"Article\",\"@id\":\"https:\\\/\\\/gradido.net\\\/welt-mutter-kongress\\\/#article\",\"isPartOf\":{\"@id\":\"https:\\\/\\\/gradido.net\\\/welt-mutter-kongress\\\/\"},\"author\":{\"name\":\"Bernd H\u00fcckst\u00e4dt\",\"@id\":\"https:\\\/\\\/gradido.net\\\/de\\\/#\\\/schema\\\/person\\\/9c503a004ad15a1ddecadce2218db5d1\"},\"headline\":\"Einladung zum Welt Mutter Kongress 15.-26. September 2025\",\"datePublished\":\"2025-09-14T07:35:05+00:00\",\"dateModified\":\"2026-04-24T05:19:18+00:00\",\"mainEntityOfPage\":{\"@id\":\"https:\\\/\\\/gradido.net\\\/welt-mutter-kongress\\\/\"},\"wordCount\":419,\"publisher\":{\"@id\":\"https:\\\/\\\/gradido.net\\\/de\\\/#organization\"},\"image\":{\"@id\":\"https:\\\/\\\/gradido.net\\\/welt-mutter-kongress\\\/#primaryimage\"},\"thumbnailUrl\":\"https:\\\/\\\/gradido.net\\\/wp-content\\\/uploads\\\/2025\\\/09\\\/Welt-Mutter-Kongress.jpg\",\"keywords\":[\"Bild oben\"],\"articleSection\":[\"Blog\",\"Community\"],\"inLanguage\":\"it-IT\"},{\"@type\":\"WebPage\",\"@id\":\"https:\\\/\\\/gradido.net\\\/welt-mutter-kongress\\\/\",\"url\":\"https:\\\/\\\/gradido.net\\\/welt-mutter-kongress\\\/\",\"name\":\"Einladung zum Welt Mutter Kongress 15.-26. September 2025 - Gradido\",\"isPartOf\":{\"@id\":\"https:\\\/\\\/gradido.net\\\/de\\\/#website\"},\"primaryImageOfPage\":{\"@id\":\"https:\\\/\\\/gradido.net\\\/welt-mutter-kongress\\\/#primaryimage\"},\"image\":{\"@id\":\"https:\\\/\\\/gradido.net\\\/welt-mutter-kongress\\\/#primaryimage\"},\"thumbnailUrl\":\"https:\\\/\\\/gradido.net\\\/wp-content\\\/uploads\\\/2025\\\/09\\\/Welt-Mutter-Kongress.jpg\",\"datePublished\":\"2025-09-14T07:35:05+00:00\",\"dateModified\":\"2026-04-24T05:19:18+00:00\",\"description\":\"Wie w\u00e4re es, wieder ganz bei Dir selbst anzukommen, Dein Herz f\u00fcr das Leben zu \u00f6ffnen und gemeinsam mit anderen einen freien, liebevollen Weg zu gehen? Der Welt Mutter Kongress l\u00e4dt Dich herzlich ein \u2013 zu zw\u00f6lf Tagen voller Inspirationen, heilsamer Impulse und lebendiger Gemeinschaft.\",\"breadcrumb\":{\"@id\":\"https:\\\/\\\/gradido.net\\\/welt-mutter-kongress\\\/#breadcrumb\"},\"inLanguage\":\"it-IT\",\"potentialAction\":[{\"@type\":\"ReadAction\",\"target\":[\"https:\\\/\\\/gradido.net\\\/welt-mutter-kongress\\\/\"]}]},{\"@type\":\"ImageObject\",\"inLanguage\":\"it-IT\",\"@id\":\"https:\\\/\\\/gradido.net\\\/welt-mutter-kongress\\\/#primaryimage\",\"url\":\"https:\\\/\\\/gradido.net\\\/wp-content\\\/uploads\\\/2025\\\/09\\\/Welt-Mutter-Kongress.jpg\",\"contentUrl\":\"https:\\\/\\\/gradido.net\\\/wp-content\\\/uploads\\\/2025\\\/09\\\/Welt-Mutter-Kongress.jpg\",\"width\":1280,\"height\":698},{\"@type\":\"BreadcrumbList\",\"@id\":\"https:\\\/\\\/gradido.net\\\/welt-mutter-kongress\\\/#breadcrumb\",\"itemListElement\":[{\"@type\":\"ListItem\",\"position\":1,\"name\":\"Startseite\",\"item\":\"https:\\\/\\\/gradido.net\\\/\"},{\"@type\":\"ListItem\",\"position\":2,\"name\":\"Einladung zum Welt Mutter Kongress 15.-26. September 2025\"}]},{\"@type\":\"WebSite\",\"@id\":\"https:\\\/\\\/gradido.net\\\/de\\\/#website\",\"url\":\"https:\\\/\\\/gradido.net\\\/de\\\/\",\"name\":\"Gradido\",\"description\":\"Die neue W\u00e4hrung hei\u00dft Dankbarkeit\",\"publisher\":{\"@id\":\"https:\\\/\\\/gradido.net\\\/de\\\/#organization\"},\"potentialAction\":[{\"@type\":\"SearchAction\",\"target\":{\"@type\":\"EntryPoint\",\"urlTemplate\":\"https:\\\/\\\/gradido.net\\\/de\\\/?s={search_term_string}\"},\"query-input\":{\"@type\":\"PropertyValueSpecification\",\"valueRequired\":true,\"valueName\":\"search_term_string\"}}],\"inLanguage\":\"it-IT\"},{\"@type\":\"Organization\",\"@id\":\"https:\\\/\\\/gradido.net\\\/de\\\/#organization\",\"name\":\"Gradido\",\"url\":\"https:\\\/\\\/gradido.net\\\/de\\\/\",\"logo\":{\"@type\":\"ImageObject\",\"inLanguage\":\"it-IT\",\"@id\":\"https:\\\/\\\/gradido.net\\\/de\\\/#\\\/schema\\\/logo\\\/image\\\/\",\"url\":\"https:\\\/\\\/gradido.net\\\/wp-content\\\/uploads\\\/2022\\\/04\\\/gradido-social.jpg\",\"contentUrl\":\"https:\\\/\\\/gradido.net\\\/wp-content\\\/uploads\\\/2022\\\/04\\\/gradido-social.jpg\",\"width\":527,\"height\":273,\"caption\":\"Gradido\"},\"image\":{\"@id\":\"https:\\\/\\\/gradido.net\\\/de\\\/#\\\/schema\\\/logo\\\/image\\\/\"}},{\"@type\":\"Person\",\"@id\":\"https:\\\/\\\/gradido.net\\\/de\\\/#\\\/schema\\\/person\\\/9c503a004ad15a1ddecadce2218db5d1\",\"name\":\"Bernd H\u00fcckst\u00e4dt\",\"sameAs\":[\"https:\\\/\\\/gradido.net\"],\"url\":\"https:\\\/\\\/gradido.net\\\/it\\\/author\\\/bernd\\\/\"}]}<\/script>\n<!-- \/ Yoast SEO plugin. -->","yoast_head_json":{"title":"Invito al Congresso Mondiale delle Madri 15-26 settembre 2025 - Gradido","description":"Come sarebbe riconnettersi con se stessi, aprire il cuore alla vita e percorrere un cammino libero e amorevole insieme agli altri? Il Congresso Mondiale delle Madri vi invita cordialmente a dodici giorni pieni di ispirazione, impulsi di guarigione e comunit\u00e0 vivace.","robots":{"index":"index","follow":"follow","max-snippet":"max-snippet:-1","max-image-preview":"max-image-preview:large","max-video-preview":"max-video-preview:-1"},"canonical":"https:\/\/gradido.net\/it\/welt-mutter-kongress\/","og_locale":"it_IT","og_type":"article","og_title":"Einladung zum Welt Mutter Kongress 15.-26. September 2025 - Gradido","og_description":"Wie w\u00e4re es, wieder ganz bei Dir selbst anzukommen, Dein Herz f\u00fcr das Leben zu \u00f6ffnen und gemeinsam mit anderen einen freien, liebevollen Weg zu gehen? Der Welt Mutter Kongress l\u00e4dt Dich herzlich ein \u2013 zu zw\u00f6lf Tagen voller Inspirationen, heilsamer Impulse und lebendiger Gemeinschaft.","og_url":"https:\/\/gradido.net\/it\/welt-mutter-kongress\/","og_site_name":"Gradido","article_published_time":"2025-09-14T07:35:05+00:00","article_modified_time":"2026-04-24T05:19:18+00:00","og_image":[{"width":1280,"height":698,"url":"https:\/\/gradido.net\/wp-content\/uploads\/2025\/09\/Welt-Mutter-Kongress.jpg","type":"image\/jpeg"}],"author":"Bernd H\u00fcckst\u00e4dt","twitter_card":"summary_large_image","twitter_misc":{"Scritto da":"Bernd H\u00fcckst\u00e4dt","Tempo di lettura stimato":"3 minuti"},"schema":{"@context":"https:\/\/schema.org","@graph":[{"@type":"Article","@id":"https:\/\/gradido.net\/welt-mutter-kongress\/#article","isPartOf":{"@id":"https:\/\/gradido.net\/welt-mutter-kongress\/"},"author":{"name":"Bernd H\u00fcckst\u00e4dt","@id":"https:\/\/gradido.net\/de\/#\/schema\/person\/9c503a004ad15a1ddecadce2218db5d1"},"headline":"Einladung zum Welt Mutter Kongress 15.-26. September 2025","datePublished":"2025-09-14T07:35:05+00:00","dateModified":"2026-04-24T05:19:18+00:00","mainEntityOfPage":{"@id":"https:\/\/gradido.net\/welt-mutter-kongress\/"},"wordCount":419,"publisher":{"@id":"https:\/\/gradido.net\/de\/#organization"},"image":{"@id":"https:\/\/gradido.net\/welt-mutter-kongress\/#primaryimage"},"thumbnailUrl":"https:\/\/gradido.net\/wp-content\/uploads\/2025\/09\/Welt-Mutter-Kongress.jpg","keywords":["Bild oben"],"articleSection":["Blog","Community"],"inLanguage":"it-IT"},{"@type":"WebPage","@id":"https:\/\/gradido.net\/welt-mutter-kongress\/","url":"https:\/\/gradido.net\/welt-mutter-kongress\/","name":"Invito al Congresso Mondiale delle Madri 15-26 settembre 2025 - Gradido","isPartOf":{"@id":"https:\/\/gradido.net\/de\/#website"},"primaryImageOfPage":{"@id":"https:\/\/gradido.net\/welt-mutter-kongress\/#primaryimage"},"image":{"@id":"https:\/\/gradido.net\/welt-mutter-kongress\/#primaryimage"},"thumbnailUrl":"https:\/\/gradido.net\/wp-content\/uploads\/2025\/09\/Welt-Mutter-Kongress.jpg","datePublished":"2025-09-14T07:35:05+00:00","dateModified":"2026-04-24T05:19:18+00:00","description":"Come sarebbe riconnettersi con se stessi, aprire il cuore alla vita e percorrere un cammino libero e amorevole insieme agli altri? Il Congresso Mondiale delle Madri vi invita cordialmente a dodici giorni pieni di ispirazione, impulsi di guarigione e comunit\u00e0 vivace.","breadcrumb":{"@id":"https:\/\/gradido.net\/welt-mutter-kongress\/#breadcrumb"},"inLanguage":"it-IT","potentialAction":[{"@type":"ReadAction","target":["https:\/\/gradido.net\/welt-mutter-kongress\/"]}]},{"@type":"ImageObject","inLanguage":"it-IT","@id":"https:\/\/gradido.net\/welt-mutter-kongress\/#primaryimage","url":"https:\/\/gradido.net\/wp-content\/uploads\/2025\/09\/Welt-Mutter-Kongress.jpg","contentUrl":"https:\/\/gradido.net\/wp-content\/uploads\/2025\/09\/Welt-Mutter-Kongress.jpg","width":1280,"height":698},{"@type":"BreadcrumbList","@id":"https:\/\/gradido.net\/welt-mutter-kongress\/#breadcrumb","itemListElement":[{"@type":"ListItem","position":1,"name":"Startseite","item":"https:\/\/gradido.net\/"},{"@type":"ListItem","position":2,"name":"Einladung zum Welt Mutter Kongress 15.-26. September 2025"}]},{"@type":"WebSite","@id":"https:\/\/gradido.net\/de\/#website","url":"https:\/\/gradido.net\/de\/","name":"Gradido","description":"La nuova moneta \u00e8 la gratitudine","publisher":{"@id":"https:\/\/gradido.net\/de\/#organization"},"potentialAction":[{"@type":"SearchAction","target":{"@type":"EntryPoint","urlTemplate":"https:\/\/gradido.net\/de\/?s={search_term_string}"},"query-input":{"@type":"PropertyValueSpecification","valueRequired":true,"valueName":"search_term_string"}}],"inLanguage":"it-IT"},{"@type":"Organization","@id":"https:\/\/gradido.net\/de\/#organization","name":"Gradido","url":"https:\/\/gradido.net\/de\/","logo":{"@type":"ImageObject","inLanguage":"it-IT","@id":"https:\/\/gradido.net\/de\/#\/schema\/logo\/image\/","url":"https:\/\/gradido.net\/wp-content\/uploads\/2022\/04\/gradido-social.jpg","contentUrl":"https:\/\/gradido.net\/wp-content\/uploads\/2022\/04\/gradido-social.jpg","width":527,"height":273,"caption":"Gradido"},"image":{"@id":"https:\/\/gradido.net\/de\/#\/schema\/logo\/image\/"}},{"@type":"Person","@id":"https:\/\/gradido.net\/de\/#\/schema\/person\/9c503a004ad15a1ddecadce2218db5d1","name":"Bernd H\u00fcckst\u00e4dt","sameAs":["https:\/\/gradido.net"],"url":"https:\/\/gradido.net\/it\/author\/bernd\/"}]}},"_links":{"self":[{"href":"https:\/\/gradido.net\/it\/wp-json\/wp\/v2\/posts\/11586","targetHints":{"allow":["GET"]}}],"collection":[{"href":"https:\/\/gradido.net\/it\/wp-json\/wp\/v2\/posts"}],"about":[{"href":"https:\/\/gradido.net\/it\/wp-json\/wp\/v2\/types\/post"}],"author":[{"embeddable":true,"href":"https:\/\/gradido.net\/it\/wp-json\/wp\/v2\/users\/2"}],"replies":[{"embeddable":true,"href":"https:\/\/gradido.net\/it\/wp-json\/wp\/v2\/comments?post=11586"}],"version-history":[{"count":11,"href":"https:\/\/gradido.net\/it\/wp-json\/wp\/v2\/posts\/11586\/revisions"}],"predecessor-version":[{"id":11598,"href":"https:\/\/gradido.net\/it\/wp-json\/wp\/v2\/posts\/11586\/revisions\/11598"}],"wp:featuredmedia":[{"embeddable":true,"href":"https:\/\/gradido.net\/it\/wp-json\/wp\/v2\/media\/11587"}],"wp:attachment":[{"href":"https:\/\/gradido.net\/it\/wp-json\/wp\/v2\/media?parent=11586"}],"wp:term":[{"taxonomy":"category","embeddable":true,"href":"https:\/\/gradido.net\/it\/wp-json\/wp\/v2\/categories?post=11586"},{"taxonomy":"post_tag","embeddable":true,"href":"https:\/\/gradido.net\/it\/wp-json\/wp\/v2\/tags?post=11586"}],"curies":[{"name":"wp","href":"https:\/\/api.w.org\/{rel}","templated":true}]}}