{"id":2978,"date":"2021-07-13T09:05:42","date_gmt":"2021-07-13T07:05:42","guid":{"rendered":"https:\/\/gradido.net\/?p=2978"},"modified":"2021-12-11T21:05:20","modified_gmt":"2021-12-11T20:05:20","slug":"gradido-akademie-laedt-rentner-zu-erfuelltem-lebensabend-ein","status":"publish","type":"post","link":"https:\/\/gradido.net\/it\/gradido-akademie-laedt-rentner-zu-erfuelltem-lebensabend-ein\/","title":{"rendered":"La Gradido Academy invita i pensionati a una serata di vita appagante"},"content":{"rendered":"<div data-elementor-type=\"wp-post\" data-elementor-id=\"2978\" class=\"elementor elementor-2978\" data-elementor-post-type=\"post\">\n\t\t\t\t\t\t<section class=\"elementor-section elementor-top-section elementor-element elementor-element-496e1d53 elementor-section-boxed elementor-section-height-default elementor-section-height-default\" data-id=\"496e1d53\" data-element_type=\"section\" data-e-type=\"section\">\n\t\t\t\t\t\t<div class=\"elementor-container elementor-column-gap-default\">\n\t\t\t\t\t<div class=\"elementor-column elementor-col-100 elementor-top-column elementor-element elementor-element-461d7be0\" data-id=\"461d7be0\" data-element_type=\"column\" data-e-type=\"column\">\n\t\t\t<div class=\"elementor-widget-wrap elementor-element-populated\">\n\t\t\t\t\t\t<div class=\"elementor-element elementor-element-cd9ebe2 elementor-widget elementor-widget-text-editor\" data-id=\"cd9ebe2\" data-element_type=\"widget\" data-e-type=\"widget\" data-widget_type=\"text-editor.default\">\n\t\t\t\t<div class=\"elementor-widget-container\">\n\t\t\t\t\t\t\t\t\t<h2>Povero e solo in et\u00e0 avanzata?<\/h2><p><strong>K\u00fcnzelsau,13.07.2021 - Le prospettive per i pensionati sono desolanti: a causa della minaccia della povert\u00e0 in et\u00e0 avanzata e della crescente solitudine, la \"meritata pensione\" diventa spesso un vero e proprio scenario dell'orrore. Gli studi attuali prevedono un aumento costante della povert\u00e0 degli anziani. I medici avvertono dei rischi per la salute del crescente isolamento sociale. Mentre i politici discutono sul prolungamento della vita lavorativa e sull'aumento dei contributi pensionistici, gli esperti di bionica economica della Accademia Gradido hanno da tempo sviluppato un approccio convincente per provvedere alle persone in pensione. E nella concezione del loro nuovo modello economico e finanziario, hanno anche ancorato una via d'uscita dalla solitudine della vecchiaia.<\/strong><\/p><h3>Un pensionato su cinque potrebbe presto essere a rischio di povert\u00e0 di vecchiaia<\/h3><p>Anche se sempre pi\u00f9 pensionati hanno un reddito medio, la Fondazione Bertelsmann ha gi\u00e0 identificato un rischio di povert\u00e0 di vecchiaia in costante crescita nel 2017 nello studio \"Sviluppo della povert\u00e0 tra gli anziani fino al 2036\". I pensionati il cui reddito netto \u00e8 inferiore a 958 euro sono considerati a rischio di povert\u00e0. Con il rischio di povert\u00e0 tra i futuri pensionati che aumenta dal 16% nel 2015 al 20% nel 2036, un nuovo pensionato su cinque potrebbe presto essere a rischio di povert\u00e0 di vecchiaia. A causa dei cambiamenti demografici, sempre meno persone che lavorano devono pagare per sempre pi\u00f9 pensionati.<\/p><h3>Il contratto intergenerazionale \u00e8 fallito<\/h3><p>\"Finch\u00e9 il credito di alcuni \u00e8 il debito di altri, nessun modello economico e finanziario funzioner\u00e0 a lungo termine\", cos\u00ec Bernd H\u00fcckst\u00e4dt, cofondatore dell'Accademia Gradido, analizza il minaccioso sviluppo attuale. Basandosi sui millenari modelli di successo della natura, gli esperti di bionica economica dell'istituto di ricerca indipendente hanno passato due decenni a sviluppare un concetto di bene comune che si basa sull'abbandono del principio del denaro-debito e sull'introduzione del Gradido (GDD). Il concetto etico di base del nuovo tipo di sistema economico e finanziario \u00e8 orientato verso il \"Triplo Bene\" per creare le migliori opportunit\u00e0 di vita e di sviluppo per l'individuo, per assicurare la vita sociale della comunit\u00e0 e per proteggere la natura al meglio delle nostre possibilit\u00e0. Persone di tutte le et\u00e0 hanno l'opportunit\u00e0 di ricevere 1000 Gradido (GDD) al mese come \"Reddito di base attivo\". In cambio, assumono compiti nella comunit\u00e0 che amano fare e che fanno particolarmente bene. La comunit\u00e0 riceve anche 1000 Gradido (GDD) per persona e mese, il che rende superflue le tasse. Il terzo pilastro \u00e8 un altro 1000 Gradido, che viene creato mensilmente per un fondo ambientale e dedicato alla protezione della natura. \u00a0<\/p><h3>Sicurezza e cura per tutta la vita<\/h3><p>Oltre al \"Reddito di base attivo\", le persone anziane ricevono un ulteriore 1000 Gradido al mese sotto forma di \"Reddito di base incondizionato\" e sono cos\u00ec ottimamente assistite fino alla fine della loro vita. \"Qui abbiamo creato soluzioni flessibili per poter garantire la cura di ogni individuo. Il nostro obiettivo \u00e8 quello di togliere alle persone la paura di invecchiare e ridare loro la dignit\u00e0, la salute e la gioia di vivere - fino all'ultimo giorno di vita\", dice Margret Baier, direttore generale dell'Accademia.<\/p><h3>La partecipazione sociale \u00e8 essenziale per la qualit\u00e0 della vita in et\u00e0 avanzata<\/h3><p>Per raggiungere questo obiettivo, il modello Gradido si basa anche sulla \"partecipazione incondizionata\" alla vita della comunit\u00e0. Permette ad ogni persona di essere coinvolta nel bene comune finch\u00e9 \u00e8 il suo desiderio e di rimanere parte della vita sociale. \"Spesso le persone anziane non ricevono pi\u00f9 alcuna affermazione positiva e quindi sviluppano la sensazione di non essere pi\u00f9 necessari. Questo paralizza e danneggia la salute, perch\u00e9 la partecipazione alla vita sociale \u00e8 indispensabile anche in et\u00e0 avanzata\", spiega Margret Baier, \"inoltre, attraverso l'impegno volontario delle persone anziane si possono svolgere importanti compiti sociali, che altrimenti sarebbero quasi impossibili da gestire\".<\/p><h3>La solitudine pu\u00f2 raddoppiare il rischio di demenza<\/h3><p>La solitudine in et\u00e0 avanzata e gli stati d'animo depressivi influenzano sia la salute mentale che quella fisica. \"Se le persone sono socialmente isolate e hanno pochi contatti sociali per un lungo periodo di tempo, questo pu\u00f2 anche causare gravi sintomi fisici\", sottolinea Andreas Meyer-Lindenberg, psichiatra e direttore dell'Istituto Centrale di Salute Mentale di Mannheim. Dopo uno studio di quattro anni su 800 anziani, i ricercatori americani hanno scoperto che la solitudine raddoppia il rischio di sviluppare la demenza senile.<\/p><h3>Gradido promette assistenza fino alla fine della vita<\/h3><p>\"Il nostro obiettivo \u00e8 che tutte le persone possano vivere in modo sicuro, pieno, il pi\u00f9 sano possibile e felicemente dal primo all'ultimo giorno della loro vita\", spiega Bernd H\u00fcckst\u00e4dt e aggiunge: \"Poich\u00e9 il numero di coloro la cui vita quotidiana \u00e8 lontana da queste condizioni paradisiache cresce ogni giorno, \u00e8 giunto il momento di ripensarci. Invitiamo quindi le persone di tutte le et\u00e0 che la pensano come noi a sostenerci nel nostro sforzo per una trasformazione pacifica e a collaborare con l'Accademia Gradido\".<\/p><p>Dettagli sul modello Gradido e il podcast Gradido su <a href=\"https:\/\/gradido.net\/it\/\">www.gradido.net<\/a><\/p>\t\t\t\t\t\t\t\t<\/div>\n\t\t\t\t<\/div>\n\t\t\t\t<div class=\"elementor-element elementor-element-e9ff241 elementor-widget elementor-widget-text-editor\" data-id=\"e9ff241\" data-element_type=\"widget\" data-e-type=\"widget\" data-widget_type=\"text-editor.default\">\n\t\t\t\t<div class=\"elementor-widget-container\">\n\t\t\t\t\t\t\t\t\t<p><strong>Informazioni sulla Accademia Gradido<\/strong><br>L'Accademia Gradido per la bionica economica ha sviluppato una \"moneta del bene comune\" alternativa basata sui modelli della natura. La natura segue la regola che solo dove qualcosa passa pu\u00f2 emergere qualcosa di nuovo, e quindi \u00e8 possibile un miglioramento a lungo termine (evoluzione). La sua ricetta per il successo \u00e8 il \"ciclo della vita\". Se anche la nostra economia seguisse questo ciclo naturale, allora, secondo la valutazione dei esperti di bionica economica, si potrebbero risolvere praticamente tutti i problemi monetari del mondo. Il modello Gradido si basa sull'idea che non solo ogni persona, ma anche ogni Stato riceve un reddito generato su base di attivi. In questo modo pu\u00f2 svolgere tutti i suoi compiti senza dover riscuotere le tasse. La deflazione o l'inflazione appartengono al passato. L'economia \u00e8 liberata dalla costante costrizione a crescere, il pericolo di un crollo del sistema finanziario \u00e8 finalmente scongiurato.<a href=\"https:\/\/gradido.net\/it\/\">www.gradido.net<\/a>)<\/p>\t\t\t\t\t\t\t\t<\/div>\n\t\t\t\t<\/div>\n\t\t\t\t\t<\/div>\n\t\t<\/div>\n\t\t\t\t\t<\/div>\n\t\t<\/section>\n\t\t\t\t<\/div>","protected":false},"excerpt":{"rendered":"<p>Arm und einsam im Alter? K\u00fcnzelsau,13.07.2021 \u2013 Die Aussichten f\u00fcr Rentner sind d\u00fcster: Wegen drohender Altersarmut und wachsender Vereinsamung wird der \u201awohlverdiente Ruhestand\u2018 nicht selten zu einem echten Schreckensszenario. Aktuelle Studien rechnen mit einem steten Anstieg der Altersarmut. Mediziner warnen vor den Gesundheitsrisiken durch die wachsende soziale Isolation. W\u00e4hrend die Politik \u00fcber eine Verl\u00e4ngerung der [&hellip;]<\/p>\n","protected":false},"author":2,"featured_media":2977,"comment_status":"closed","ping_status":"closed","sticky":false,"template":"","format":"standard","meta":{"footnotes":""},"categories":[8],"tags":[],"class_list":["post-2978","post","type-post","status-publish","format-standard","has-post-thumbnail","hentry","category-pressemitteilung"],"yoast_head":"<!-- This site is optimized with the Yoast SEO plugin v27.5 - https:\/\/yoast.com\/product\/yoast-seo-wordpress\/ -->\n<title>Gradido-Akademie l\u00e4dt Rentner zu erf\u00fclltem Lebensabend ein - Gradido<\/title>\n<meta name=\"robots\" content=\"index, follow, max-snippet:-1, max-image-preview:large, max-video-preview:-1\" \/>\n<link rel=\"canonical\" href=\"https:\/\/gradido.net\/it\/gradido-akademie-laedt-rentner-zu-erfuelltem-lebensabend-ein\/\" \/>\n<meta property=\"og:locale\" content=\"it_IT\" \/>\n<meta property=\"og:type\" content=\"article\" \/>\n<meta property=\"og:title\" content=\"Gradido-Akademie l\u00e4dt Rentner zu erf\u00fclltem Lebensabend ein - Gradido\" \/>\n<meta property=\"og:description\" content=\"Arm und einsam im Alter? K\u00fcnzelsau,13.07.2021 \u2013 Die Aussichten f\u00fcr Rentner sind d\u00fcster: Wegen drohender Altersarmut und wachsender Vereinsamung wird der \u201awohlverdiente Ruhestand\u2018 nicht selten zu einem echten Schreckensszenario. Aktuelle Studien rechnen mit einem steten Anstieg der Altersarmut. Mediziner warnen vor den Gesundheitsrisiken durch die wachsende soziale Isolation. W\u00e4hrend die Politik \u00fcber eine Verl\u00e4ngerung der [&hellip;]\" \/>\n<meta property=\"og:url\" content=\"https:\/\/gradido.net\/it\/gradido-akademie-laedt-rentner-zu-erfuelltem-lebensabend-ein\/\" \/>\n<meta property=\"og:site_name\" content=\"Gradido\" \/>\n<meta property=\"article:published_time\" content=\"2021-07-13T07:05:42+00:00\" \/>\n<meta property=\"article:modified_time\" content=\"2021-12-11T20:05:20+00:00\" \/>\n<meta property=\"og:image\" content=\"https:\/\/gradido.net\/wp-content\/uploads\/2021\/07\/alter_ohne_armut_und_einsamkeit.jpg\" \/>\n\t<meta property=\"og:image:width\" content=\"1458\" \/>\n\t<meta property=\"og:image:height\" content=\"990\" \/>\n\t<meta property=\"og:image:type\" content=\"image\/jpeg\" \/>\n<meta name=\"author\" content=\"Bernd H\u00fcckst\u00e4dt\" \/>\n<meta name=\"twitter:card\" content=\"summary_large_image\" \/>\n<meta name=\"twitter:label1\" content=\"Scritto da\" \/>\n\t<meta name=\"twitter:data1\" content=\"Bernd H\u00fcckst\u00e4dt\" \/>\n\t<meta name=\"twitter:label2\" content=\"Tempo di lettura stimato\" \/>\n\t<meta name=\"twitter:data2\" content=\"5 minuti\" \/>\n<script type=\"application\/ld+json\" class=\"yoast-schema-graph\">{\"@context\":\"https:\\\/\\\/schema.org\",\"@graph\":[{\"@type\":\"Article\",\"@id\":\"https:\\\/\\\/gradido.net\\\/el\\\/gradido-akademie-laedt-rentner-zu-erfuelltem-lebensabend-ein\\\/#article\",\"isPartOf\":{\"@id\":\"https:\\\/\\\/gradido.net\\\/el\\\/gradido-akademie-laedt-rentner-zu-erfuelltem-lebensabend-ein\\\/\"},\"author\":{\"name\":\"Bernd H\u00fcckst\u00e4dt\",\"@id\":\"https:\\\/\\\/gradido.net\\\/de\\\/#\\\/schema\\\/person\\\/9c503a004ad15a1ddecadce2218db5d1\"},\"headline\":\"Gradido-Akademie l\u00e4dt Rentner zu erf\u00fclltem Lebensabend ein\",\"datePublished\":\"2021-07-13T07:05:42+00:00\",\"dateModified\":\"2021-12-11T20:05:20+00:00\",\"mainEntityOfPage\":{\"@id\":\"https:\\\/\\\/gradido.net\\\/el\\\/gradido-akademie-laedt-rentner-zu-erfuelltem-lebensabend-ein\\\/\"},\"wordCount\":926,\"publisher\":{\"@id\":\"https:\\\/\\\/gradido.net\\\/de\\\/#organization\"},\"image\":{\"@id\":\"https:\\\/\\\/gradido.net\\\/el\\\/gradido-akademie-laedt-rentner-zu-erfuelltem-lebensabend-ein\\\/#primaryimage\"},\"thumbnailUrl\":\"https:\\\/\\\/gradido.net\\\/wp-content\\\/uploads\\\/2021\\\/07\\\/alter_ohne_armut_und_einsamkeit.jpg\",\"articleSection\":[\"Pressemitteilung\"],\"inLanguage\":\"it-IT\"},{\"@type\":\"WebPage\",\"@id\":\"https:\\\/\\\/gradido.net\\\/el\\\/gradido-akademie-laedt-rentner-zu-erfuelltem-lebensabend-ein\\\/\",\"url\":\"https:\\\/\\\/gradido.net\\\/el\\\/gradido-akademie-laedt-rentner-zu-erfuelltem-lebensabend-ein\\\/\",\"name\":\"Gradido-Akademie l\u00e4dt Rentner zu erf\u00fclltem Lebensabend ein - Gradido\",\"isPartOf\":{\"@id\":\"https:\\\/\\\/gradido.net\\\/de\\\/#website\"},\"primaryImageOfPage\":{\"@id\":\"https:\\\/\\\/gradido.net\\\/el\\\/gradido-akademie-laedt-rentner-zu-erfuelltem-lebensabend-ein\\\/#primaryimage\"},\"image\":{\"@id\":\"https:\\\/\\\/gradido.net\\\/el\\\/gradido-akademie-laedt-rentner-zu-erfuelltem-lebensabend-ein\\\/#primaryimage\"},\"thumbnailUrl\":\"https:\\\/\\\/gradido.net\\\/wp-content\\\/uploads\\\/2021\\\/07\\\/alter_ohne_armut_und_einsamkeit.jpg\",\"datePublished\":\"2021-07-13T07:05:42+00:00\",\"dateModified\":\"2021-12-11T20:05:20+00:00\",\"breadcrumb\":{\"@id\":\"https:\\\/\\\/gradido.net\\\/el\\\/gradido-akademie-laedt-rentner-zu-erfuelltem-lebensabend-ein\\\/#breadcrumb\"},\"inLanguage\":\"it-IT\",\"potentialAction\":[{\"@type\":\"ReadAction\",\"target\":[\"https:\\\/\\\/gradido.net\\\/el\\\/gradido-akademie-laedt-rentner-zu-erfuelltem-lebensabend-ein\\\/\"]}]},{\"@type\":\"ImageObject\",\"inLanguage\":\"it-IT\",\"@id\":\"https:\\\/\\\/gradido.net\\\/el\\\/gradido-akademie-laedt-rentner-zu-erfuelltem-lebensabend-ein\\\/#primaryimage\",\"url\":\"https:\\\/\\\/gradido.net\\\/wp-content\\\/uploads\\\/2021\\\/07\\\/alter_ohne_armut_und_einsamkeit.jpg\",\"contentUrl\":\"https:\\\/\\\/gradido.net\\\/wp-content\\\/uploads\\\/2021\\\/07\\\/alter_ohne_armut_und_einsamkeit.jpg\",\"width\":1458,\"height\":990},{\"@type\":\"BreadcrumbList\",\"@id\":\"https:\\\/\\\/gradido.net\\\/el\\\/gradido-akademie-laedt-rentner-zu-erfuelltem-lebensabend-ein\\\/#breadcrumb\",\"itemListElement\":[{\"@type\":\"ListItem\",\"position\":1,\"name\":\"Startseite\",\"item\":\"https:\\\/\\\/gradido.net\\\/\"},{\"@type\":\"ListItem\",\"position\":2,\"name\":\"Gradido-Akademie l\u00e4dt Rentner zu erf\u00fclltem Lebensabend ein\"}]},{\"@type\":\"WebSite\",\"@id\":\"https:\\\/\\\/gradido.net\\\/de\\\/#website\",\"url\":\"https:\\\/\\\/gradido.net\\\/de\\\/\",\"name\":\"Gradido\",\"description\":\"Die neue W\u00e4hrung hei\u00dft Dankbarkeit\",\"publisher\":{\"@id\":\"https:\\\/\\\/gradido.net\\\/de\\\/#organization\"},\"potentialAction\":[{\"@type\":\"SearchAction\",\"target\":{\"@type\":\"EntryPoint\",\"urlTemplate\":\"https:\\\/\\\/gradido.net\\\/de\\\/?s={search_term_string}\"},\"query-input\":{\"@type\":\"PropertyValueSpecification\",\"valueRequired\":true,\"valueName\":\"search_term_string\"}}],\"inLanguage\":\"it-IT\"},{\"@type\":\"Organization\",\"@id\":\"https:\\\/\\\/gradido.net\\\/de\\\/#organization\",\"name\":\"Gradido\",\"url\":\"https:\\\/\\\/gradido.net\\\/de\\\/\",\"logo\":{\"@type\":\"ImageObject\",\"inLanguage\":\"it-IT\",\"@id\":\"https:\\\/\\\/gradido.net\\\/de\\\/#\\\/schema\\\/logo\\\/image\\\/\",\"url\":\"https:\\\/\\\/gradido.net\\\/wp-content\\\/uploads\\\/2022\\\/04\\\/gradido-social.jpg\",\"contentUrl\":\"https:\\\/\\\/gradido.net\\\/wp-content\\\/uploads\\\/2022\\\/04\\\/gradido-social.jpg\",\"width\":527,\"height\":273,\"caption\":\"Gradido\"},\"image\":{\"@id\":\"https:\\\/\\\/gradido.net\\\/de\\\/#\\\/schema\\\/logo\\\/image\\\/\"}},{\"@type\":\"Person\",\"@id\":\"https:\\\/\\\/gradido.net\\\/de\\\/#\\\/schema\\\/person\\\/9c503a004ad15a1ddecadce2218db5d1\",\"name\":\"Bernd H\u00fcckst\u00e4dt\",\"sameAs\":[\"https:\\\/\\\/gradido.net\"],\"url\":\"https:\\\/\\\/gradido.net\\\/it\\\/author\\\/bernd\\\/\"}]}<\/script>\n<!-- \/ Yoast SEO plugin. -->","yoast_head_json":{"title":"Gradido Academy invita i pensionati a una pensione soddisfacente - Gradido","robots":{"index":"index","follow":"follow","max-snippet":"max-snippet:-1","max-image-preview":"max-image-preview:large","max-video-preview":"max-video-preview:-1"},"canonical":"https:\/\/gradido.net\/it\/gradido-akademie-laedt-rentner-zu-erfuelltem-lebensabend-ein\/","og_locale":"it_IT","og_type":"article","og_title":"Gradido-Akademie l\u00e4dt Rentner zu erf\u00fclltem Lebensabend ein - Gradido","og_description":"Arm und einsam im Alter? K\u00fcnzelsau,13.07.2021 \u2013 Die Aussichten f\u00fcr Rentner sind d\u00fcster: Wegen drohender Altersarmut und wachsender Vereinsamung wird der \u201awohlverdiente Ruhestand\u2018 nicht selten zu einem echten Schreckensszenario. Aktuelle Studien rechnen mit einem steten Anstieg der Altersarmut. Mediziner warnen vor den Gesundheitsrisiken durch die wachsende soziale Isolation. W\u00e4hrend die Politik \u00fcber eine Verl\u00e4ngerung der [&hellip;]","og_url":"https:\/\/gradido.net\/it\/gradido-akademie-laedt-rentner-zu-erfuelltem-lebensabend-ein\/","og_site_name":"Gradido","article_published_time":"2021-07-13T07:05:42+00:00","article_modified_time":"2021-12-11T20:05:20+00:00","og_image":[{"width":1458,"height":990,"url":"https:\/\/gradido.net\/wp-content\/uploads\/2021\/07\/alter_ohne_armut_und_einsamkeit.jpg","type":"image\/jpeg"}],"author":"Bernd H\u00fcckst\u00e4dt","twitter_card":"summary_large_image","twitter_misc":{"Scritto da":"Bernd H\u00fcckst\u00e4dt","Tempo di lettura stimato":"5 minuti"},"schema":{"@context":"https:\/\/schema.org","@graph":[{"@type":"Article","@id":"https:\/\/gradido.net\/el\/gradido-akademie-laedt-rentner-zu-erfuelltem-lebensabend-ein\/#article","isPartOf":{"@id":"https:\/\/gradido.net\/el\/gradido-akademie-laedt-rentner-zu-erfuelltem-lebensabend-ein\/"},"author":{"name":"Bernd H\u00fcckst\u00e4dt","@id":"https:\/\/gradido.net\/de\/#\/schema\/person\/9c503a004ad15a1ddecadce2218db5d1"},"headline":"Gradido-Akademie l\u00e4dt Rentner zu erf\u00fclltem Lebensabend ein","datePublished":"2021-07-13T07:05:42+00:00","dateModified":"2021-12-11T20:05:20+00:00","mainEntityOfPage":{"@id":"https:\/\/gradido.net\/el\/gradido-akademie-laedt-rentner-zu-erfuelltem-lebensabend-ein\/"},"wordCount":926,"publisher":{"@id":"https:\/\/gradido.net\/de\/#organization"},"image":{"@id":"https:\/\/gradido.net\/el\/gradido-akademie-laedt-rentner-zu-erfuelltem-lebensabend-ein\/#primaryimage"},"thumbnailUrl":"https:\/\/gradido.net\/wp-content\/uploads\/2021\/07\/alter_ohne_armut_und_einsamkeit.jpg","articleSection":["Pressemitteilung"],"inLanguage":"it-IT"},{"@type":"WebPage","@id":"https:\/\/gradido.net\/el\/gradido-akademie-laedt-rentner-zu-erfuelltem-lebensabend-ein\/","url":"https:\/\/gradido.net\/el\/gradido-akademie-laedt-rentner-zu-erfuelltem-lebensabend-ein\/","name":"Gradido Academy invita i pensionati a una pensione soddisfacente - Gradido","isPartOf":{"@id":"https:\/\/gradido.net\/de\/#website"},"primaryImageOfPage":{"@id":"https:\/\/gradido.net\/el\/gradido-akademie-laedt-rentner-zu-erfuelltem-lebensabend-ein\/#primaryimage"},"image":{"@id":"https:\/\/gradido.net\/el\/gradido-akademie-laedt-rentner-zu-erfuelltem-lebensabend-ein\/#primaryimage"},"thumbnailUrl":"https:\/\/gradido.net\/wp-content\/uploads\/2021\/07\/alter_ohne_armut_und_einsamkeit.jpg","datePublished":"2021-07-13T07:05:42+00:00","dateModified":"2021-12-11T20:05:20+00:00","breadcrumb":{"@id":"https:\/\/gradido.net\/el\/gradido-akademie-laedt-rentner-zu-erfuelltem-lebensabend-ein\/#breadcrumb"},"inLanguage":"it-IT","potentialAction":[{"@type":"ReadAction","target":["https:\/\/gradido.net\/el\/gradido-akademie-laedt-rentner-zu-erfuelltem-lebensabend-ein\/"]}]},{"@type":"ImageObject","inLanguage":"it-IT","@id":"https:\/\/gradido.net\/el\/gradido-akademie-laedt-rentner-zu-erfuelltem-lebensabend-ein\/#primaryimage","url":"https:\/\/gradido.net\/wp-content\/uploads\/2021\/07\/alter_ohne_armut_und_einsamkeit.jpg","contentUrl":"https:\/\/gradido.net\/wp-content\/uploads\/2021\/07\/alter_ohne_armut_und_einsamkeit.jpg","width":1458,"height":990},{"@type":"BreadcrumbList","@id":"https:\/\/gradido.net\/el\/gradido-akademie-laedt-rentner-zu-erfuelltem-lebensabend-ein\/#breadcrumb","itemListElement":[{"@type":"ListItem","position":1,"name":"Startseite","item":"https:\/\/gradido.net\/"},{"@type":"ListItem","position":2,"name":"Gradido-Akademie l\u00e4dt Rentner zu erf\u00fclltem Lebensabend ein"}]},{"@type":"WebSite","@id":"https:\/\/gradido.net\/de\/#website","url":"https:\/\/gradido.net\/de\/","name":"Gradido","description":"La nuova moneta \u00e8 la gratitudine","publisher":{"@id":"https:\/\/gradido.net\/de\/#organization"},"potentialAction":[{"@type":"SearchAction","target":{"@type":"EntryPoint","urlTemplate":"https:\/\/gradido.net\/de\/?s={search_term_string}"},"query-input":{"@type":"PropertyValueSpecification","valueRequired":true,"valueName":"search_term_string"}}],"inLanguage":"it-IT"},{"@type":"Organization","@id":"https:\/\/gradido.net\/de\/#organization","name":"Gradido","url":"https:\/\/gradido.net\/de\/","logo":{"@type":"ImageObject","inLanguage":"it-IT","@id":"https:\/\/gradido.net\/de\/#\/schema\/logo\/image\/","url":"https:\/\/gradido.net\/wp-content\/uploads\/2022\/04\/gradido-social.jpg","contentUrl":"https:\/\/gradido.net\/wp-content\/uploads\/2022\/04\/gradido-social.jpg","width":527,"height":273,"caption":"Gradido"},"image":{"@id":"https:\/\/gradido.net\/de\/#\/schema\/logo\/image\/"}},{"@type":"Person","@id":"https:\/\/gradido.net\/de\/#\/schema\/person\/9c503a004ad15a1ddecadce2218db5d1","name":"Bernd H\u00fcckst\u00e4dt","sameAs":["https:\/\/gradido.net"],"url":"https:\/\/gradido.net\/it\/author\/bernd\/"}]}},"_links":{"self":[{"href":"https:\/\/gradido.net\/it\/wp-json\/wp\/v2\/posts\/2978","targetHints":{"allow":["GET"]}}],"collection":[{"href":"https:\/\/gradido.net\/it\/wp-json\/wp\/v2\/posts"}],"about":[{"href":"https:\/\/gradido.net\/it\/wp-json\/wp\/v2\/types\/post"}],"author":[{"embeddable":true,"href":"https:\/\/gradido.net\/it\/wp-json\/wp\/v2\/users\/2"}],"replies":[{"embeddable":true,"href":"https:\/\/gradido.net\/it\/wp-json\/wp\/v2\/comments?post=2978"}],"version-history":[{"count":10,"href":"https:\/\/gradido.net\/it\/wp-json\/wp\/v2\/posts\/2978\/revisions"}],"predecessor-version":[{"id":3778,"href":"https:\/\/gradido.net\/it\/wp-json\/wp\/v2\/posts\/2978\/revisions\/3778"}],"wp:featuredmedia":[{"embeddable":true,"href":"https:\/\/gradido.net\/it\/wp-json\/wp\/v2\/media\/2977"}],"wp:attachment":[{"href":"https:\/\/gradido.net\/it\/wp-json\/wp\/v2\/media?parent=2978"}],"wp:term":[{"taxonomy":"category","embeddable":true,"href":"https:\/\/gradido.net\/it\/wp-json\/wp\/v2\/categories?post=2978"},{"taxonomy":"post_tag","embeddable":true,"href":"https:\/\/gradido.net\/it\/wp-json\/wp\/v2\/tags?post=2978"}],"curies":[{"name":"wp","href":"https:\/\/api.w.org\/{rel}","templated":true}]}}