{"id":3931,"date":"2022-01-25T16:00:47","date_gmt":"2022-01-25T15:00:47","guid":{"rendered":"https:\/\/gradido.net\/?p=3931"},"modified":"2022-01-25T16:06:17","modified_gmt":"2022-01-25T15:06:17","slug":"zusammenwachsen-statt-in-zwietracht-scheitern","status":"publish","type":"post","link":"https:\/\/gradido.net\/it\/zusammenwachsen-statt-in-zwietracht-scheitern\/","title":{"rendered":"Crescere insieme invece di fallire nella discordia"},"content":{"rendered":"<div data-elementor-type=\"wp-post\" data-elementor-id=\"3931\" class=\"elementor elementor-3931\" data-elementor-post-type=\"post\">\n\t\t\t\t\t\t<section class=\"elementor-section elementor-top-section elementor-element elementor-element-496e1d53 elementor-section-boxed elementor-section-height-default elementor-section-height-default\" data-id=\"496e1d53\" data-element_type=\"section\" data-e-type=\"section\">\n\t\t\t\t\t\t<div class=\"elementor-container elementor-column-gap-default\">\n\t\t\t\t\t<div class=\"elementor-column elementor-col-100 elementor-top-column elementor-element elementor-element-461d7be0\" data-id=\"461d7be0\" data-element_type=\"column\" data-e-type=\"column\">\n\t\t\t<div class=\"elementor-widget-wrap elementor-element-populated\">\n\t\t\t\t\t\t<div class=\"elementor-element elementor-element-cd9ebe2 elementor-widget elementor-widget-text-editor\" data-id=\"cd9ebe2\" data-element_type=\"widget\" data-e-type=\"widget\" data-widget_type=\"text-editor.default\">\n\t\t\t\t<div class=\"elementor-widget-container\">\n\t\t\t\t\t\t\t\t\t<h2>Il Gradido apre la strada alla pace sociale<\/h2><p><strong>K\u00fcnzelsau, 25.01.2022 - Il nuovo anno \u00e8 appena iniziato, eppure getta la sua ombra davanti a s\u00e9: in tutto il paese, le proteste dei cittadini stanno aumentando e le relazioni tra gli individui stanno diventando sempre pi\u00f9 tese. I diritti fondamentali inalienabili e l'ordine sociale sembrano ugualmente minacciati. Molte persone sono rimaste senza parole, sconvolte e impotenti di fronte agli inquietanti sviluppi della divisione della societ\u00e0. Gli esperti di bionica economica dell' Accademia Gradido hanno identificato il sistema economico e finanziario esistente come la vera causa di questi sviluppi di vasta portata, che ora si stanno diffondendo ovunque. Di conseguenza, negli ultimi due decenni \u00e8 stato sviluppato un modello alternativo nell'istituto di ricerca libero che rende possibile la vita in costante pace sociale. Basandosi su quelle leggi della natura che hanno sempre saputo affermarsi con successo dall'inizio del mondo, il concetto di Gradido apre prospettive promettenti.<\/strong><\/p><h3>Nessuna alternativa alla divisione sociale?<\/h3><p>Alla luce della continua crisi di Corona, i tedeschi sono sempre pi\u00f9 preoccupati per una spaccatura della societ\u00e0. Per il nuovo anno, il 70% della popolazione tedesca si aspetta un aumento della divisione, secondo un sondaggio pubblicato ad Amburgo dalla Fondazione BAT per le questioni future. Ampi settori della popolazione sono insoddisfatti, spaventati e delusi. Questo \u00e8 confermato anche dal rappresentante 'Future Study 2021' dell'Istituto Rheingold di Colonia in collaborazione con la Identity Foundation di D\u00fcsseldorf. Secondo lo studio, molti degli intervistati si trovano in un acuto dilemma di fattibilit\u00e0. Riconoscono i grandi problemi del futuro, ma non hanno idea di come queste sfide del secolo possano essere superate. Secondo lo studio, la pi\u00f9 grande paura per il futuro riguarda il \"cambiamento climatico sociale\" con la sua progressiva polarizzazione e la deriva della societ\u00e0.<\/p><h3>Crescere insieme attraverso l'equilibrio sociale<\/h3><p>\"L'angoscia esistenziale crescente e l'ingiustizia sempre maggiore nelle condizioni di vita portano inevitabilmente alla discordia\", dice Margret Baier, titolare dell'Accademia Gradido per la bionica economica, e aggiunge: \"Il modello Gradido aumenta la prosperit\u00e0 per tutti e riporta le persone insieme\". Anche l'editorialista della S\u00fcddeutsche Zeitung, Jagoda Marini\u0107, scrive sotto il titolo 'Uguale disuguale': \"Coloro che esigono la coesione devono perseguire l'obiettivo fondamentale di aumentare il livello della comunit\u00e0, invece di permettere che la privatizzazione si normalizzi per i pi\u00f9 ricchi...\" (SZ.de, 07.01.2022)<\/p><h3>Un sistema finanziario equo - la chiave per una nuova unione?<\/h3><p>Basato sull'omonima moneta del bene comune, il modello Gradido mostra un percorso praticabile verso una nuova giustizia sociale e un'esistenza vivibile per tutte le classi sociali. L'introduzione di un \"Reddito di Base Attivo\" volontario assicura il sostentamento di ogni persona. Pu\u00f2 essere rivendicato - indipendentemente dall'et\u00e0 e dalla professione - per l'assunzione di quei compiti per la comunit\u00e0 che uno fa particolarmente bene e con piacere. I bambini piccoli e le persone anziane e malate ricevono il reddito di base incondizionatamente. La paura dell'esistenza diventerebbe cos\u00ec una cosa del passato.<\/p><h3>La creazione di denaro secondo il 'Triplo Bene' mantiene il bilancio statale e l'ambiente sano<\/h3><p>Oltre al 'Reddito di Base Attivo' di 1.000 Gradido (un Gradido corrisponde a circa un euro), 1.000 Gradido a persona sono creati per il bilancio dello Stato, compresi i servizi sanitari e sociali e altri 1.000 Gradido per un 'Fondo di Compensazione ambientale'. Tasse e altri prelievi non sono necessari nel modello Gradido e quindi non sono previsti.<\/p><h3>Il ciclo della vita chiude i divari sociali<\/h3><p>La stabilit\u00e0 del denaro \u00e8 garantita dall'orientamento al ciclo del divenire e del decadere, la base di tutte le leggi di successo della natura. In un mese, il denaro si riduce continuamente di 5,6 %. Questo crea un sistema di autoregolazione che mantiene costante l'offerta di denaro e quindi i prezzi. Come risultato, le persone possono di nuovo guardare ad un futuro sicuro e degno di essere vissuto. Si attenuano le disuguaglianze e si promuove la pace sociale.<\/p><h3>La crisi richiede una correzione di rotta<\/h3><p>\"Stiamo vivendo un'inversione di tendenza\", conclude Stephan Gr\u00fcnewald, psicologo e fondatore del Rheingold Institute, dopo aver analizzato la \"Zukunftsstudie 2021\". \u00c8 ancora aperto, tuttavia, se le tendenze al ritiro e all'ulteriore parcellizzazione si rafforzeranno, o se le forze di crescita sociale e il superamento delle linee di divisione saranno superate raccogliendo sfide comuni.<\/p><h3>Grande cooperazione per la pace sociale<\/h3><p>\"Il fallimento fondamentale del principio del debito-denaro racchiude un'opportunit\u00e0 storica di percorrere nuove strade per un futuro degno di essere vissuto con il modello Gradido\", dice Bernd H\u00fcckst\u00e4dt, esperto di bionica economic\u00e0 e cofondatore dell'Accademia Gradido, \"insieme possiamo letteralmente creare un paradiso per tutti\". L'Accademia Gradido invita quindi tutte le persone ad una \"Grande Cooperazione\" per contribuire attivamente e consapevolmente a plasmare la trasformazione pacifica del sistema monetario come base per un futuro adatto ai nipoti. Con il Gradido, l'\"Economia Naturale della Vita\", la famiglia umana ha in mano il progetto di un sistema finanziario sano che segue le leggi della natura e quindi ha il potenziale per consentire la prosperit\u00e0 e la pace globale.<\/p><p>Dettagli sul modello Gradido e la 'Grande Cooperazione' su <a href=\"https:\/\/gradido.net\/it\/\">www.gradido.net<\/a><\/p>\t\t\t\t\t\t\t\t<\/div>\n\t\t\t\t<\/div>\n\t\t\t\t<div class=\"elementor-element elementor-element-e9ff241 elementor-widget elementor-widget-text-editor\" data-id=\"e9ff241\" data-element_type=\"widget\" data-e-type=\"widget\" data-widget_type=\"text-editor.default\">\n\t\t\t\t<div class=\"elementor-widget-container\">\n\t\t\t\t\t\t\t\t\t<p><strong>Informazioni sulla Accademia Gradido<\/strong><br>L'Accademia Gradido per la bionica economica ha sviluppato una \"moneta del bene comune\" alternativa basata sui modelli della natura. La natura segue la regola che solo dove qualcosa passa pu\u00f2 emergere qualcosa di nuovo, e quindi \u00e8 possibile un miglioramento a lungo termine (evoluzione). La sua ricetta per il successo \u00e8 il \"ciclo della vita\". Se anche la nostra economia seguisse questo ciclo naturale, allora, secondo la valutazione dei esperti di bionica economica, si potrebbero risolvere praticamente tutti i problemi monetari del mondo. Il modello Gradido si basa sull'idea che non solo ogni persona, ma anche ogni Stato riceve un reddito generato su base di attivi. In questo modo pu\u00f2 svolgere tutti i suoi compiti senza dover riscuotere le tasse. La deflazione o l'inflazione appartengono al passato. L'economia \u00e8 liberata dalla costante costrizione a crescere, il pericolo di un crollo del sistema finanziario \u00e8 finalmente scongiurato.<a href=\"https:\/\/gradido.net\/it\/\">www.gradido.net<\/a>)<\/p>\t\t\t\t\t\t\t\t<\/div>\n\t\t\t\t<\/div>\n\t\t\t\t\t<\/div>\n\t\t<\/div>\n\t\t\t\t\t<\/div>\n\t\t<\/section>\n\t\t\t\t<\/div>","protected":false},"excerpt":{"rendered":"<p>Gradido ebnet Weg zu sozialem Frieden K\u00fcnzelsau, 25.01.2022 \u2013 Das neue Jahr hat kaum begonnen und doch wirft es seine Schatten voraus: Landesweit mehren sich die B\u00fcrgerproteste und die Verrohung des Umgangs miteinander nimmt weiter zu. Unver\u00e4u\u00dferliche Grundrechte und die gesellschaftliche Ordnung erscheinen gleicherma\u00dfen bedroht. Viele Menschen stehen der verst\u00f6renden Entwicklung einer Spaltung in der [&hellip;]<\/p>\n","protected":false},"author":2,"featured_media":3933,"comment_status":"closed","ping_status":"closed","sticky":false,"template":"","format":"standard","meta":{"footnotes":""},"categories":[8],"tags":[],"class_list":["post-3931","post","type-post","status-publish","format-standard","has-post-thumbnail","hentry","category-pressemitteilung"],"yoast_head":"<!-- This site is optimized with the Yoast SEO plugin v27.5 - https:\/\/yoast.com\/product\/yoast-seo-wordpress\/ -->\n<title>Zusammenwachsen statt in Zwietracht scheitern - Gradido<\/title>\n<meta name=\"robots\" content=\"index, follow, max-snippet:-1, max-image-preview:large, max-video-preview:-1\" \/>\n<link rel=\"canonical\" href=\"https:\/\/gradido.net\/it\/zusammenwachsen-statt-in-zwietracht-scheitern\/\" \/>\n<meta property=\"og:locale\" content=\"it_IT\" \/>\n<meta property=\"og:type\" content=\"article\" \/>\n<meta property=\"og:title\" content=\"Zusammenwachsen statt in Zwietracht scheitern - Gradido\" \/>\n<meta property=\"og:description\" content=\"Gradido ebnet Weg zu sozialem Frieden K\u00fcnzelsau, 25.01.2022 \u2013 Das neue Jahr hat kaum begonnen und doch wirft es seine Schatten voraus: Landesweit mehren sich die B\u00fcrgerproteste und die Verrohung des Umgangs miteinander nimmt weiter zu. Unver\u00e4u\u00dferliche Grundrechte und die gesellschaftliche Ordnung erscheinen gleicherma\u00dfen bedroht. Viele Menschen stehen der verst\u00f6renden Entwicklung einer Spaltung in der [&hellip;]\" \/>\n<meta property=\"og:url\" content=\"https:\/\/gradido.net\/it\/zusammenwachsen-statt-in-zwietracht-scheitern\/\" \/>\n<meta property=\"og:site_name\" content=\"Gradido\" \/>\n<meta property=\"article:published_time\" content=\"2022-01-25T15:00:47+00:00\" \/>\n<meta property=\"article:modified_time\" content=\"2022-01-25T15:06:17+00:00\" \/>\n<meta property=\"og:image\" content=\"https:\/\/gradido.net\/wp-content\/uploads\/2022\/01\/zusammenwachsen_statt_zwietracht.jpg\" \/>\n\t<meta property=\"og:image:width\" content=\"1458\" \/>\n\t<meta property=\"og:image:height\" content=\"990\" \/>\n\t<meta property=\"og:image:type\" content=\"image\/jpeg\" \/>\n<meta name=\"author\" content=\"Bernd H\u00fcckst\u00e4dt\" \/>\n<meta name=\"twitter:card\" content=\"summary_large_image\" \/>\n<meta name=\"twitter:label1\" content=\"Scritto da\" \/>\n\t<meta name=\"twitter:data1\" content=\"Bernd H\u00fcckst\u00e4dt\" \/>\n\t<meta name=\"twitter:label2\" content=\"Tempo di lettura stimato\" \/>\n\t<meta name=\"twitter:data2\" content=\"5 minuti\" \/>\n<script type=\"application\/ld+json\" class=\"yoast-schema-graph\">{\"@context\":\"https:\\\/\\\/schema.org\",\"@graph\":[{\"@type\":\"Article\",\"@id\":\"https:\\\/\\\/gradido.net\\\/ru\\\/zusammenwachsen-statt-in-zwietracht-scheitern\\\/#article\",\"isPartOf\":{\"@id\":\"https:\\\/\\\/gradido.net\\\/ru\\\/zusammenwachsen-statt-in-zwietracht-scheitern\\\/\"},\"author\":{\"name\":\"Bernd H\u00fcckst\u00e4dt\",\"@id\":\"https:\\\/\\\/gradido.net\\\/de\\\/#\\\/schema\\\/person\\\/9c503a004ad15a1ddecadce2218db5d1\"},\"headline\":\"Zusammenwachsen statt in Zwietracht scheitern\",\"datePublished\":\"2022-01-25T15:00:47+00:00\",\"dateModified\":\"2022-01-25T15:06:17+00:00\",\"mainEntityOfPage\":{\"@id\":\"https:\\\/\\\/gradido.net\\\/ru\\\/zusammenwachsen-statt-in-zwietracht-scheitern\\\/\"},\"wordCount\":914,\"publisher\":{\"@id\":\"https:\\\/\\\/gradido.net\\\/de\\\/#organization\"},\"image\":{\"@id\":\"https:\\\/\\\/gradido.net\\\/ru\\\/zusammenwachsen-statt-in-zwietracht-scheitern\\\/#primaryimage\"},\"thumbnailUrl\":\"https:\\\/\\\/gradido.net\\\/wp-content\\\/uploads\\\/2022\\\/01\\\/zusammenwachsen_statt_zwietracht.jpg\",\"articleSection\":[\"Pressemitteilung\"],\"inLanguage\":\"it-IT\"},{\"@type\":\"WebPage\",\"@id\":\"https:\\\/\\\/gradido.net\\\/ru\\\/zusammenwachsen-statt-in-zwietracht-scheitern\\\/\",\"url\":\"https:\\\/\\\/gradido.net\\\/ru\\\/zusammenwachsen-statt-in-zwietracht-scheitern\\\/\",\"name\":\"Zusammenwachsen statt in Zwietracht scheitern - Gradido\",\"isPartOf\":{\"@id\":\"https:\\\/\\\/gradido.net\\\/de\\\/#website\"},\"primaryImageOfPage\":{\"@id\":\"https:\\\/\\\/gradido.net\\\/ru\\\/zusammenwachsen-statt-in-zwietracht-scheitern\\\/#primaryimage\"},\"image\":{\"@id\":\"https:\\\/\\\/gradido.net\\\/ru\\\/zusammenwachsen-statt-in-zwietracht-scheitern\\\/#primaryimage\"},\"thumbnailUrl\":\"https:\\\/\\\/gradido.net\\\/wp-content\\\/uploads\\\/2022\\\/01\\\/zusammenwachsen_statt_zwietracht.jpg\",\"datePublished\":\"2022-01-25T15:00:47+00:00\",\"dateModified\":\"2022-01-25T15:06:17+00:00\",\"breadcrumb\":{\"@id\":\"https:\\\/\\\/gradido.net\\\/ru\\\/zusammenwachsen-statt-in-zwietracht-scheitern\\\/#breadcrumb\"},\"inLanguage\":\"it-IT\",\"potentialAction\":[{\"@type\":\"ReadAction\",\"target\":[\"https:\\\/\\\/gradido.net\\\/ru\\\/zusammenwachsen-statt-in-zwietracht-scheitern\\\/\"]}]},{\"@type\":\"ImageObject\",\"inLanguage\":\"it-IT\",\"@id\":\"https:\\\/\\\/gradido.net\\\/ru\\\/zusammenwachsen-statt-in-zwietracht-scheitern\\\/#primaryimage\",\"url\":\"https:\\\/\\\/gradido.net\\\/wp-content\\\/uploads\\\/2022\\\/01\\\/zusammenwachsen_statt_zwietracht.jpg\",\"contentUrl\":\"https:\\\/\\\/gradido.net\\\/wp-content\\\/uploads\\\/2022\\\/01\\\/zusammenwachsen_statt_zwietracht.jpg\",\"width\":1458,\"height\":990},{\"@type\":\"BreadcrumbList\",\"@id\":\"https:\\\/\\\/gradido.net\\\/ru\\\/zusammenwachsen-statt-in-zwietracht-scheitern\\\/#breadcrumb\",\"itemListElement\":[{\"@type\":\"ListItem\",\"position\":1,\"name\":\"Startseite\",\"item\":\"https:\\\/\\\/gradido.net\\\/\"},{\"@type\":\"ListItem\",\"position\":2,\"name\":\"Zusammenwachsen statt in Zwietracht scheitern\"}]},{\"@type\":\"WebSite\",\"@id\":\"https:\\\/\\\/gradido.net\\\/de\\\/#website\",\"url\":\"https:\\\/\\\/gradido.net\\\/de\\\/\",\"name\":\"Gradido\",\"description\":\"Die neue W\u00e4hrung hei\u00dft Dankbarkeit\",\"publisher\":{\"@id\":\"https:\\\/\\\/gradido.net\\\/de\\\/#organization\"},\"potentialAction\":[{\"@type\":\"SearchAction\",\"target\":{\"@type\":\"EntryPoint\",\"urlTemplate\":\"https:\\\/\\\/gradido.net\\\/de\\\/?s={search_term_string}\"},\"query-input\":{\"@type\":\"PropertyValueSpecification\",\"valueRequired\":true,\"valueName\":\"search_term_string\"}}],\"inLanguage\":\"it-IT\"},{\"@type\":\"Organization\",\"@id\":\"https:\\\/\\\/gradido.net\\\/de\\\/#organization\",\"name\":\"Gradido\",\"url\":\"https:\\\/\\\/gradido.net\\\/de\\\/\",\"logo\":{\"@type\":\"ImageObject\",\"inLanguage\":\"it-IT\",\"@id\":\"https:\\\/\\\/gradido.net\\\/de\\\/#\\\/schema\\\/logo\\\/image\\\/\",\"url\":\"https:\\\/\\\/gradido.net\\\/wp-content\\\/uploads\\\/2022\\\/04\\\/gradido-social.jpg\",\"contentUrl\":\"https:\\\/\\\/gradido.net\\\/wp-content\\\/uploads\\\/2022\\\/04\\\/gradido-social.jpg\",\"width\":527,\"height\":273,\"caption\":\"Gradido\"},\"image\":{\"@id\":\"https:\\\/\\\/gradido.net\\\/de\\\/#\\\/schema\\\/logo\\\/image\\\/\"}},{\"@type\":\"Person\",\"@id\":\"https:\\\/\\\/gradido.net\\\/de\\\/#\\\/schema\\\/person\\\/9c503a004ad15a1ddecadce2218db5d1\",\"name\":\"Bernd H\u00fcckst\u00e4dt\",\"sameAs\":[\"https:\\\/\\\/gradido.net\"],\"url\":\"https:\\\/\\\/gradido.net\\\/it\\\/author\\\/bernd\\\/\"}]}<\/script>\n<!-- \/ Yoast SEO plugin. -->","yoast_head_json":{"title":"Crescere insieme invece di fallire nella discordia - Gradido","robots":{"index":"index","follow":"follow","max-snippet":"max-snippet:-1","max-image-preview":"max-image-preview:large","max-video-preview":"max-video-preview:-1"},"canonical":"https:\/\/gradido.net\/it\/zusammenwachsen-statt-in-zwietracht-scheitern\/","og_locale":"it_IT","og_type":"article","og_title":"Zusammenwachsen statt in Zwietracht scheitern - Gradido","og_description":"Gradido ebnet Weg zu sozialem Frieden K\u00fcnzelsau, 25.01.2022 \u2013 Das neue Jahr hat kaum begonnen und doch wirft es seine Schatten voraus: Landesweit mehren sich die B\u00fcrgerproteste und die Verrohung des Umgangs miteinander nimmt weiter zu. Unver\u00e4u\u00dferliche Grundrechte und die gesellschaftliche Ordnung erscheinen gleicherma\u00dfen bedroht. Viele Menschen stehen der verst\u00f6renden Entwicklung einer Spaltung in der [&hellip;]","og_url":"https:\/\/gradido.net\/it\/zusammenwachsen-statt-in-zwietracht-scheitern\/","og_site_name":"Gradido","article_published_time":"2022-01-25T15:00:47+00:00","article_modified_time":"2022-01-25T15:06:17+00:00","og_image":[{"width":1458,"height":990,"url":"https:\/\/gradido.net\/wp-content\/uploads\/2022\/01\/zusammenwachsen_statt_zwietracht.jpg","type":"image\/jpeg"}],"author":"Bernd H\u00fcckst\u00e4dt","twitter_card":"summary_large_image","twitter_misc":{"Scritto da":"Bernd H\u00fcckst\u00e4dt","Tempo di lettura stimato":"5 minuti"},"schema":{"@context":"https:\/\/schema.org","@graph":[{"@type":"Article","@id":"https:\/\/gradido.net\/ru\/zusammenwachsen-statt-in-zwietracht-scheitern\/#article","isPartOf":{"@id":"https:\/\/gradido.net\/ru\/zusammenwachsen-statt-in-zwietracht-scheitern\/"},"author":{"name":"Bernd H\u00fcckst\u00e4dt","@id":"https:\/\/gradido.net\/de\/#\/schema\/person\/9c503a004ad15a1ddecadce2218db5d1"},"headline":"Zusammenwachsen statt in Zwietracht scheitern","datePublished":"2022-01-25T15:00:47+00:00","dateModified":"2022-01-25T15:06:17+00:00","mainEntityOfPage":{"@id":"https:\/\/gradido.net\/ru\/zusammenwachsen-statt-in-zwietracht-scheitern\/"},"wordCount":914,"publisher":{"@id":"https:\/\/gradido.net\/de\/#organization"},"image":{"@id":"https:\/\/gradido.net\/ru\/zusammenwachsen-statt-in-zwietracht-scheitern\/#primaryimage"},"thumbnailUrl":"https:\/\/gradido.net\/wp-content\/uploads\/2022\/01\/zusammenwachsen_statt_zwietracht.jpg","articleSection":["Pressemitteilung"],"inLanguage":"it-IT"},{"@type":"WebPage","@id":"https:\/\/gradido.net\/ru\/zusammenwachsen-statt-in-zwietracht-scheitern\/","url":"https:\/\/gradido.net\/ru\/zusammenwachsen-statt-in-zwietracht-scheitern\/","name":"Crescere insieme invece di fallire nella discordia - Gradido","isPartOf":{"@id":"https:\/\/gradido.net\/de\/#website"},"primaryImageOfPage":{"@id":"https:\/\/gradido.net\/ru\/zusammenwachsen-statt-in-zwietracht-scheitern\/#primaryimage"},"image":{"@id":"https:\/\/gradido.net\/ru\/zusammenwachsen-statt-in-zwietracht-scheitern\/#primaryimage"},"thumbnailUrl":"https:\/\/gradido.net\/wp-content\/uploads\/2022\/01\/zusammenwachsen_statt_zwietracht.jpg","datePublished":"2022-01-25T15:00:47+00:00","dateModified":"2022-01-25T15:06:17+00:00","breadcrumb":{"@id":"https:\/\/gradido.net\/ru\/zusammenwachsen-statt-in-zwietracht-scheitern\/#breadcrumb"},"inLanguage":"it-IT","potentialAction":[{"@type":"ReadAction","target":["https:\/\/gradido.net\/ru\/zusammenwachsen-statt-in-zwietracht-scheitern\/"]}]},{"@type":"ImageObject","inLanguage":"it-IT","@id":"https:\/\/gradido.net\/ru\/zusammenwachsen-statt-in-zwietracht-scheitern\/#primaryimage","url":"https:\/\/gradido.net\/wp-content\/uploads\/2022\/01\/zusammenwachsen_statt_zwietracht.jpg","contentUrl":"https:\/\/gradido.net\/wp-content\/uploads\/2022\/01\/zusammenwachsen_statt_zwietracht.jpg","width":1458,"height":990},{"@type":"BreadcrumbList","@id":"https:\/\/gradido.net\/ru\/zusammenwachsen-statt-in-zwietracht-scheitern\/#breadcrumb","itemListElement":[{"@type":"ListItem","position":1,"name":"Startseite","item":"https:\/\/gradido.net\/"},{"@type":"ListItem","position":2,"name":"Zusammenwachsen statt in Zwietracht scheitern"}]},{"@type":"WebSite","@id":"https:\/\/gradido.net\/de\/#website","url":"https:\/\/gradido.net\/de\/","name":"Gradido","description":"La nuova moneta \u00e8 la gratitudine","publisher":{"@id":"https:\/\/gradido.net\/de\/#organization"},"potentialAction":[{"@type":"SearchAction","target":{"@type":"EntryPoint","urlTemplate":"https:\/\/gradido.net\/de\/?s={search_term_string}"},"query-input":{"@type":"PropertyValueSpecification","valueRequired":true,"valueName":"search_term_string"}}],"inLanguage":"it-IT"},{"@type":"Organization","@id":"https:\/\/gradido.net\/de\/#organization","name":"Gradido","url":"https:\/\/gradido.net\/de\/","logo":{"@type":"ImageObject","inLanguage":"it-IT","@id":"https:\/\/gradido.net\/de\/#\/schema\/logo\/image\/","url":"https:\/\/gradido.net\/wp-content\/uploads\/2022\/04\/gradido-social.jpg","contentUrl":"https:\/\/gradido.net\/wp-content\/uploads\/2022\/04\/gradido-social.jpg","width":527,"height":273,"caption":"Gradido"},"image":{"@id":"https:\/\/gradido.net\/de\/#\/schema\/logo\/image\/"}},{"@type":"Person","@id":"https:\/\/gradido.net\/de\/#\/schema\/person\/9c503a004ad15a1ddecadce2218db5d1","name":"Bernd H\u00fcckst\u00e4dt","sameAs":["https:\/\/gradido.net"],"url":"https:\/\/gradido.net\/it\/author\/bernd\/"}]}},"_links":{"self":[{"href":"https:\/\/gradido.net\/it\/wp-json\/wp\/v2\/posts\/3931","targetHints":{"allow":["GET"]}}],"collection":[{"href":"https:\/\/gradido.net\/it\/wp-json\/wp\/v2\/posts"}],"about":[{"href":"https:\/\/gradido.net\/it\/wp-json\/wp\/v2\/types\/post"}],"author":[{"embeddable":true,"href":"https:\/\/gradido.net\/it\/wp-json\/wp\/v2\/users\/2"}],"replies":[{"embeddable":true,"href":"https:\/\/gradido.net\/it\/wp-json\/wp\/v2\/comments?post=3931"}],"version-history":[{"count":4,"href":"https:\/\/gradido.net\/it\/wp-json\/wp\/v2\/posts\/3931\/revisions"}],"predecessor-version":[{"id":3936,"href":"https:\/\/gradido.net\/it\/wp-json\/wp\/v2\/posts\/3931\/revisions\/3936"}],"wp:featuredmedia":[{"embeddable":true,"href":"https:\/\/gradido.net\/it\/wp-json\/wp\/v2\/media\/3933"}],"wp:attachment":[{"href":"https:\/\/gradido.net\/it\/wp-json\/wp\/v2\/media?parent=3931"}],"wp:term":[{"taxonomy":"category","embeddable":true,"href":"https:\/\/gradido.net\/it\/wp-json\/wp\/v2\/categories?post=3931"},{"taxonomy":"post_tag","embeddable":true,"href":"https:\/\/gradido.net\/it\/wp-json\/wp\/v2\/tags?post=3931"}],"curies":[{"name":"wp","href":"https:\/\/api.w.org\/{rel}","templated":true}]}}