{"id":4410,"date":"2022-05-15T16:05:23","date_gmt":"2022-05-15T14:05:23","guid":{"rendered":"https:\/\/gradido.net\/?p=4410"},"modified":"2026-04-24T08:20:33","modified_gmt":"2026-04-24T06:20:33","slug":"gradido-interview-im-walnussblatt","status":"publish","type":"post","link":"https:\/\/gradido.net\/it\/gradido-interview-im-walnussblatt\/","title":{"rendered":"Intervista a Gradido in \"WALNUSSblatt"},"content":{"rendered":"<div data-elementor-type=\"wp-post\" data-elementor-id=\"4410\" class=\"elementor elementor-4410\" data-elementor-post-type=\"post\">\n\t\t\t\t\t\t<section class=\"elementor-section elementor-top-section elementor-element elementor-element-496e1d53 elementor-section-boxed elementor-section-height-default elementor-section-height-default\" data-id=\"496e1d53\" data-element_type=\"section\" data-e-type=\"section\">\n\t\t\t\t\t\t<div class=\"elementor-container elementor-column-gap-default\">\n\t\t\t\t\t<div class=\"elementor-column elementor-col-100 elementor-top-column elementor-element elementor-element-461d7be0\" data-id=\"461d7be0\" data-element_type=\"column\" data-e-type=\"column\">\n\t\t\t<div class=\"elementor-widget-wrap elementor-element-populated\">\n\t\t\t\t\t\t<div class=\"elementor-element elementor-element-cd9ebe2 elementor-widget elementor-widget-text-editor\" data-id=\"cd9ebe2\" data-element_type=\"widget\" data-e-type=\"widget\" data-widget_type=\"text-editor.default\">\n\t\t\t\t<div class=\"elementor-widget-container\">\n\t\t\t\t\t\t\t\t\t<blockquote><p style=\"text-align: right;\"><em>\"Pi\u00f9 ero disposto a distaccarmi mentalmente ed emotivamente dal sistema del denaro fiat che ci domina, pi\u00f9 Gradido diventava eccitante e coerente\".<\/em><\/p><p style=\"text-align: right;\"><em>- Pedro Force<\/em><br \/><em>Editore del WALNUSSblatt<\/em><\/p><\/blockquote><p>Caro lettore,<\/p><p>Chiamiamo tutte queste persone \"eroi della trasformazione\" che ora stanno usando i loro doni molto speciali per diffondere il Gradido, perch\u00e9 portano con s\u00e9 il sogno di un mondo migliore in cui tutte le persone abbiano una vita dignitosa, nella prosperit\u00e0, nella pace e nell'armonia con la natura.<\/p><p>\u00c8 noto che a ci\u00f2 si oppone il \"sistema del denaro fiat\", ostile alla vita. L'unica domanda da porsi \u00e8 se noi, come famiglia umana, riusciremo a plasmare in tempo un buon futuro per noi stessi, in cui sia piacevole vivere.<\/p><p>\u00c8 ancora pi\u00f9 gratificante quando i giornalisti vedono con il cuore e scrivono del Gradido, la moneta basata sulla gratitudine e sull'apprezzamento che segue le leggi della natura che hanno avuto successo per miliardi di anni. Un giornalista con spirito, cuore e mente \u00e8 Pedro Kraft, che ha creato il suo \"WALNUSSblatt\" come piattaforma di comunicazione per mettere in contatto persone che pensano con la propria testa e per accompagnare i processi di trasformazione.<\/p><p>Il numero attuale tratta il grande tema: \"La via della pace: l'amore\". Con il titolo \"Gradido - la nuova moneta si chiama gratitudine\", Pedro riporta un'intervista con Bernd che vale la pena di leggere sul nuovo orientamento e sullo stato attuale di Gradido come strumento elementare di pace.<\/p><p><a href=\"https:\/\/gradido.net\/wp-content\/uploads\/2022\/05\/Gradido_Walnussblatt.pdf\">All'intervista (download in PDF)<\/a><\/p><p>Non perdetevi questa interessante lettura. La strada da percorrere diventa sempre pi\u00f9 chiara. Insieme inondiamo la rete con ondate di gratitudine, finch\u00e9 la gratitudine e l'apprezzamento non diventeranno la nuova moneta mondiale e noi, come famiglia umana, creeremo insieme la nuova terra, pacifica.<\/p><p>Con amore e gratitudine<\/p><p>Il tuo<\/p><p><img decoding=\"async\" class=\"alignnone wp-image-4614 size-medium\" src=\"https:\/\/gradido.net\/wp-content\/uploads\/2022\/06\/MargretBernd_2022-300x74.png\" alt=\"\" width=\"300\" height=\"74\" srcset=\"https:\/\/gradido.net\/wp-content\/uploads\/2022\/06\/MargretBernd_2022-300x74.png 300w, https:\/\/gradido.net\/wp-content\/uploads\/2022\/06\/MargretBernd_2022-18x4.png 18w, https:\/\/gradido.net\/wp-content\/uploads\/2022\/06\/MargretBernd_2022.png 431w\" sizes=\"(max-width: 300px) 100vw, 300px\" \/><\/p><p>Margret Baier e Bernd H\u00fcckst\u00e4dt<br \/>Fondatore e sviluppatore di Gradido<\/p>\t\t\t\t\t\t\t\t<\/div>\n\t\t\t\t<\/div>\n\t\t\t\t\t<\/div>\n\t\t<\/div>\n\t\t\t\t\t<\/div>\n\t\t<\/section>\n\t\t\t\t<\/div>","protected":false},"excerpt":{"rendered":"<p>Il numero attuale tratta il grande tema: \"La via della pace: l'amore\". Con il titolo \"Gradido - la nuova moneta si chiama gratitudine\", Pedro riporta un'intervista con Bernd che vale la pena di leggere sul nuovo orientamento e sullo stato attuale di Gradido come strumento elementare di pace.<\/p>","protected":false},"author":2,"featured_media":4428,"comment_status":"closed","ping_status":"closed","sticky":false,"template":"","format":"standard","meta":{"footnotes":""},"categories":[11,54,8,56],"tags":[22],"class_list":["post-4410","post","type-post","status-publish","format-standard","has-post-thumbnail","hentry","category-blog","category-community","category-pressemitteilung","category-psychologie","tag-bild-oben"],"yoast_head":"<!-- This site is optimized with the Yoast SEO plugin v27.5 - https:\/\/yoast.com\/product\/yoast-seo-wordpress\/ -->\n<title>Gradido-Interview im \u201aWALNUSSblatt\u2018 - Gradido<\/title>\n<meta name=\"description\" content=\"Das aktuelle Heft behandelt das gro\u00dfe Thema: \u00bbDer Weg zum Frieden: die Liebe\u00ab. Mit dem Titel \u201aGradido \u2013 die neue W\u00e4hrung hei\u00dft Dankbarkeit\u2018 bringt Pedro hier ein lesenswertes Interview mit Bernd \u00fcber die neue Ausrichtung und den aktuellen Stand von Gradido als elementares Friedenswerkzeug.\" \/>\n<meta name=\"robots\" content=\"index, follow, max-snippet:-1, max-image-preview:large, max-video-preview:-1\" \/>\n<link rel=\"canonical\" href=\"https:\/\/gradido.net\/it\/gradido-interview-im-walnussblatt\/\" \/>\n<meta property=\"og:locale\" content=\"it_IT\" \/>\n<meta property=\"og:type\" content=\"article\" \/>\n<meta property=\"og:title\" content=\"Gradido-Interview im \u201aWALNUSSblatt\u2018 - Gradido\" \/>\n<meta property=\"og:description\" content=\"Das aktuelle Heft behandelt das gro\u00dfe Thema: \u00bbDer Weg zum Frieden: die Liebe\u00ab. Mit dem Titel \u201aGradido \u2013 die neue W\u00e4hrung hei\u00dft Dankbarkeit\u2018 bringt Pedro hier ein lesenswertes Interview mit Bernd \u00fcber die neue Ausrichtung und den aktuellen Stand von Gradido als elementares Friedenswerkzeug.\" \/>\n<meta property=\"og:url\" content=\"https:\/\/gradido.net\/it\/gradido-interview-im-walnussblatt\/\" \/>\n<meta property=\"og:site_name\" content=\"Gradido\" \/>\n<meta property=\"article:published_time\" content=\"2022-05-15T14:05:23+00:00\" \/>\n<meta property=\"article:modified_time\" content=\"2026-04-24T06:20:33+00:00\" \/>\n<meta property=\"og:image\" content=\"https:\/\/gradido.net\/wp-content\/uploads\/2022\/05\/Walnussblatt_Blog4.jpg\" \/>\n\t<meta property=\"og:image:width\" content=\"1500\" \/>\n\t<meta property=\"og:image:height\" content=\"1000\" \/>\n\t<meta property=\"og:image:type\" content=\"image\/jpeg\" \/>\n<meta name=\"author\" content=\"Bernd H\u00fcckst\u00e4dt\" \/>\n<meta name=\"twitter:card\" content=\"summary_large_image\" \/>\n<meta name=\"twitter:label1\" content=\"Scritto da\" \/>\n\t<meta name=\"twitter:data1\" content=\"Bernd H\u00fcckst\u00e4dt\" \/>\n\t<meta name=\"twitter:label2\" content=\"Tempo di lettura stimato\" \/>\n\t<meta name=\"twitter:data2\" content=\"2 minuti\" \/>\n<script type=\"application\/ld+json\" class=\"yoast-schema-graph\">{\"@context\":\"https:\\\/\\\/schema.org\",\"@graph\":[{\"@type\":\"Article\",\"@id\":\"https:\\\/\\\/gradido.net\\\/gradido-interview-im-walnussblatt\\\/#article\",\"isPartOf\":{\"@id\":\"https:\\\/\\\/gradido.net\\\/gradido-interview-im-walnussblatt\\\/\"},\"author\":{\"name\":\"Bernd H\u00fcckst\u00e4dt\",\"@id\":\"https:\\\/\\\/gradido.net\\\/de\\\/#\\\/schema\\\/person\\\/9c503a004ad15a1ddecadce2218db5d1\"},\"headline\":\"Gradido-Interview im \u201aWALNUSSblatt\u2018\",\"datePublished\":\"2022-05-15T14:05:23+00:00\",\"dateModified\":\"2026-04-24T06:20:33+00:00\",\"mainEntityOfPage\":{\"@id\":\"https:\\\/\\\/gradido.net\\\/gradido-interview-im-walnussblatt\\\/\"},\"wordCount\":297,\"publisher\":{\"@id\":\"https:\\\/\\\/gradido.net\\\/de\\\/#organization\"},\"image\":{\"@id\":\"https:\\\/\\\/gradido.net\\\/gradido-interview-im-walnussblatt\\\/#primaryimage\"},\"thumbnailUrl\":\"https:\\\/\\\/gradido.net\\\/wp-content\\\/uploads\\\/2022\\\/05\\\/Walnussblatt_Blog4.jpg\",\"keywords\":[\"Bild oben\"],\"articleSection\":[\"Blog\",\"Community\",\"Pressemitteilung\",\"Psychologie\"],\"inLanguage\":\"it-IT\"},{\"@type\":\"WebPage\",\"@id\":\"https:\\\/\\\/gradido.net\\\/gradido-interview-im-walnussblatt\\\/\",\"url\":\"https:\\\/\\\/gradido.net\\\/gradido-interview-im-walnussblatt\\\/\",\"name\":\"Gradido-Interview im \u201aWALNUSSblatt\u2018 - Gradido\",\"isPartOf\":{\"@id\":\"https:\\\/\\\/gradido.net\\\/de\\\/#website\"},\"primaryImageOfPage\":{\"@id\":\"https:\\\/\\\/gradido.net\\\/gradido-interview-im-walnussblatt\\\/#primaryimage\"},\"image\":{\"@id\":\"https:\\\/\\\/gradido.net\\\/gradido-interview-im-walnussblatt\\\/#primaryimage\"},\"thumbnailUrl\":\"https:\\\/\\\/gradido.net\\\/wp-content\\\/uploads\\\/2022\\\/05\\\/Walnussblatt_Blog4.jpg\",\"datePublished\":\"2022-05-15T14:05:23+00:00\",\"dateModified\":\"2026-04-24T06:20:33+00:00\",\"description\":\"Das aktuelle Heft behandelt das gro\u00dfe Thema: \u00bbDer Weg zum Frieden: die Liebe\u00ab. Mit dem Titel \u201aGradido \u2013 die neue W\u00e4hrung hei\u00dft Dankbarkeit\u2018 bringt Pedro hier ein lesenswertes Interview mit Bernd \u00fcber die neue Ausrichtung und den aktuellen Stand von Gradido als elementares Friedenswerkzeug.\",\"breadcrumb\":{\"@id\":\"https:\\\/\\\/gradido.net\\\/gradido-interview-im-walnussblatt\\\/#breadcrumb\"},\"inLanguage\":\"it-IT\",\"potentialAction\":[{\"@type\":\"ReadAction\",\"target\":[\"https:\\\/\\\/gradido.net\\\/gradido-interview-im-walnussblatt\\\/\"]}]},{\"@type\":\"ImageObject\",\"inLanguage\":\"it-IT\",\"@id\":\"https:\\\/\\\/gradido.net\\\/gradido-interview-im-walnussblatt\\\/#primaryimage\",\"url\":\"https:\\\/\\\/gradido.net\\\/wp-content\\\/uploads\\\/2022\\\/05\\\/Walnussblatt_Blog4.jpg\",\"contentUrl\":\"https:\\\/\\\/gradido.net\\\/wp-content\\\/uploads\\\/2022\\\/05\\\/Walnussblatt_Blog4.jpg\",\"width\":1500,\"height\":1000},{\"@type\":\"BreadcrumbList\",\"@id\":\"https:\\\/\\\/gradido.net\\\/gradido-interview-im-walnussblatt\\\/#breadcrumb\",\"itemListElement\":[{\"@type\":\"ListItem\",\"position\":1,\"name\":\"Startseite\",\"item\":\"https:\\\/\\\/gradido.net\\\/\"},{\"@type\":\"ListItem\",\"position\":2,\"name\":\"Gradido-Interview im \u201aWALNUSSblatt\u2018\"}]},{\"@type\":\"WebSite\",\"@id\":\"https:\\\/\\\/gradido.net\\\/de\\\/#website\",\"url\":\"https:\\\/\\\/gradido.net\\\/de\\\/\",\"name\":\"Gradido\",\"description\":\"Die neue W\u00e4hrung hei\u00dft Dankbarkeit\",\"publisher\":{\"@id\":\"https:\\\/\\\/gradido.net\\\/de\\\/#organization\"},\"potentialAction\":[{\"@type\":\"SearchAction\",\"target\":{\"@type\":\"EntryPoint\",\"urlTemplate\":\"https:\\\/\\\/gradido.net\\\/de\\\/?s={search_term_string}\"},\"query-input\":{\"@type\":\"PropertyValueSpecification\",\"valueRequired\":true,\"valueName\":\"search_term_string\"}}],\"inLanguage\":\"it-IT\"},{\"@type\":\"Organization\",\"@id\":\"https:\\\/\\\/gradido.net\\\/de\\\/#organization\",\"name\":\"Gradido\",\"url\":\"https:\\\/\\\/gradido.net\\\/de\\\/\",\"logo\":{\"@type\":\"ImageObject\",\"inLanguage\":\"it-IT\",\"@id\":\"https:\\\/\\\/gradido.net\\\/de\\\/#\\\/schema\\\/logo\\\/image\\\/\",\"url\":\"https:\\\/\\\/gradido.net\\\/wp-content\\\/uploads\\\/2022\\\/04\\\/gradido-social.jpg\",\"contentUrl\":\"https:\\\/\\\/gradido.net\\\/wp-content\\\/uploads\\\/2022\\\/04\\\/gradido-social.jpg\",\"width\":527,\"height\":273,\"caption\":\"Gradido\"},\"image\":{\"@id\":\"https:\\\/\\\/gradido.net\\\/de\\\/#\\\/schema\\\/logo\\\/image\\\/\"}},{\"@type\":\"Person\",\"@id\":\"https:\\\/\\\/gradido.net\\\/de\\\/#\\\/schema\\\/person\\\/9c503a004ad15a1ddecadce2218db5d1\",\"name\":\"Bernd H\u00fcckst\u00e4dt\",\"sameAs\":[\"https:\\\/\\\/gradido.net\"],\"url\":\"https:\\\/\\\/gradido.net\\\/it\\\/author\\\/bernd\\\/\"}]}<\/script>\n<!-- \/ Yoast SEO plugin. -->","yoast_head_json":{"title":"Intervista a Gradido nel \"WALNUSSblatt\" - Gradido","description":"Il numero attuale tratta il grande tema: \"La via della pace: l'amore\". Con il titolo \"Gradido - la nuova moneta si chiama gratitudine\", Pedro riporta un'intervista con Bernd che vale la pena di leggere sul nuovo orientamento e sullo stato attuale di Gradido come strumento elementare di pace.","robots":{"index":"index","follow":"follow","max-snippet":"max-snippet:-1","max-image-preview":"max-image-preview:large","max-video-preview":"max-video-preview:-1"},"canonical":"https:\/\/gradido.net\/it\/gradido-interview-im-walnussblatt\/","og_locale":"it_IT","og_type":"article","og_title":"Gradido-Interview im \u201aWALNUSSblatt\u2018 - Gradido","og_description":"Das aktuelle Heft behandelt das gro\u00dfe Thema: \u00bbDer Weg zum Frieden: die Liebe\u00ab. Mit dem Titel \u201aGradido \u2013 die neue W\u00e4hrung hei\u00dft Dankbarkeit\u2018 bringt Pedro hier ein lesenswertes Interview mit Bernd \u00fcber die neue Ausrichtung und den aktuellen Stand von Gradido als elementares Friedenswerkzeug.","og_url":"https:\/\/gradido.net\/it\/gradido-interview-im-walnussblatt\/","og_site_name":"Gradido","article_published_time":"2022-05-15T14:05:23+00:00","article_modified_time":"2026-04-24T06:20:33+00:00","og_image":[{"width":1500,"height":1000,"url":"https:\/\/gradido.net\/wp-content\/uploads\/2022\/05\/Walnussblatt_Blog4.jpg","type":"image\/jpeg"}],"author":"Bernd H\u00fcckst\u00e4dt","twitter_card":"summary_large_image","twitter_misc":{"Scritto da":"Bernd H\u00fcckst\u00e4dt","Tempo di lettura stimato":"2 minuti"},"schema":{"@context":"https:\/\/schema.org","@graph":[{"@type":"Article","@id":"https:\/\/gradido.net\/gradido-interview-im-walnussblatt\/#article","isPartOf":{"@id":"https:\/\/gradido.net\/gradido-interview-im-walnussblatt\/"},"author":{"name":"Bernd H\u00fcckst\u00e4dt","@id":"https:\/\/gradido.net\/de\/#\/schema\/person\/9c503a004ad15a1ddecadce2218db5d1"},"headline":"Gradido-Interview im \u201aWALNUSSblatt\u2018","datePublished":"2022-05-15T14:05:23+00:00","dateModified":"2026-04-24T06:20:33+00:00","mainEntityOfPage":{"@id":"https:\/\/gradido.net\/gradido-interview-im-walnussblatt\/"},"wordCount":297,"publisher":{"@id":"https:\/\/gradido.net\/de\/#organization"},"image":{"@id":"https:\/\/gradido.net\/gradido-interview-im-walnussblatt\/#primaryimage"},"thumbnailUrl":"https:\/\/gradido.net\/wp-content\/uploads\/2022\/05\/Walnussblatt_Blog4.jpg","keywords":["Bild oben"],"articleSection":["Blog","Community","Pressemitteilung","Psychologie"],"inLanguage":"it-IT"},{"@type":"WebPage","@id":"https:\/\/gradido.net\/gradido-interview-im-walnussblatt\/","url":"https:\/\/gradido.net\/gradido-interview-im-walnussblatt\/","name":"Intervista a Gradido nel \"WALNUSSblatt\" - Gradido","isPartOf":{"@id":"https:\/\/gradido.net\/de\/#website"},"primaryImageOfPage":{"@id":"https:\/\/gradido.net\/gradido-interview-im-walnussblatt\/#primaryimage"},"image":{"@id":"https:\/\/gradido.net\/gradido-interview-im-walnussblatt\/#primaryimage"},"thumbnailUrl":"https:\/\/gradido.net\/wp-content\/uploads\/2022\/05\/Walnussblatt_Blog4.jpg","datePublished":"2022-05-15T14:05:23+00:00","dateModified":"2026-04-24T06:20:33+00:00","description":"Il numero attuale tratta il grande tema: \"La via della pace: l'amore\". Con il titolo \"Gradido - la nuova moneta si chiama gratitudine\", Pedro riporta un'intervista con Bernd che vale la pena di leggere sul nuovo orientamento e sullo stato attuale di Gradido come strumento elementare di pace.","breadcrumb":{"@id":"https:\/\/gradido.net\/gradido-interview-im-walnussblatt\/#breadcrumb"},"inLanguage":"it-IT","potentialAction":[{"@type":"ReadAction","target":["https:\/\/gradido.net\/gradido-interview-im-walnussblatt\/"]}]},{"@type":"ImageObject","inLanguage":"it-IT","@id":"https:\/\/gradido.net\/gradido-interview-im-walnussblatt\/#primaryimage","url":"https:\/\/gradido.net\/wp-content\/uploads\/2022\/05\/Walnussblatt_Blog4.jpg","contentUrl":"https:\/\/gradido.net\/wp-content\/uploads\/2022\/05\/Walnussblatt_Blog4.jpg","width":1500,"height":1000},{"@type":"BreadcrumbList","@id":"https:\/\/gradido.net\/gradido-interview-im-walnussblatt\/#breadcrumb","itemListElement":[{"@type":"ListItem","position":1,"name":"Startseite","item":"https:\/\/gradido.net\/"},{"@type":"ListItem","position":2,"name":"Gradido-Interview im \u201aWALNUSSblatt\u2018"}]},{"@type":"WebSite","@id":"https:\/\/gradido.net\/de\/#website","url":"https:\/\/gradido.net\/de\/","name":"Gradido","description":"La nuova moneta \u00e8 la gratitudine","publisher":{"@id":"https:\/\/gradido.net\/de\/#organization"},"potentialAction":[{"@type":"SearchAction","target":{"@type":"EntryPoint","urlTemplate":"https:\/\/gradido.net\/de\/?s={search_term_string}"},"query-input":{"@type":"PropertyValueSpecification","valueRequired":true,"valueName":"search_term_string"}}],"inLanguage":"it-IT"},{"@type":"Organization","@id":"https:\/\/gradido.net\/de\/#organization","name":"Gradido","url":"https:\/\/gradido.net\/de\/","logo":{"@type":"ImageObject","inLanguage":"it-IT","@id":"https:\/\/gradido.net\/de\/#\/schema\/logo\/image\/","url":"https:\/\/gradido.net\/wp-content\/uploads\/2022\/04\/gradido-social.jpg","contentUrl":"https:\/\/gradido.net\/wp-content\/uploads\/2022\/04\/gradido-social.jpg","width":527,"height":273,"caption":"Gradido"},"image":{"@id":"https:\/\/gradido.net\/de\/#\/schema\/logo\/image\/"}},{"@type":"Person","@id":"https:\/\/gradido.net\/de\/#\/schema\/person\/9c503a004ad15a1ddecadce2218db5d1","name":"Bernd H\u00fcckst\u00e4dt","sameAs":["https:\/\/gradido.net"],"url":"https:\/\/gradido.net\/it\/author\/bernd\/"}]}},"_links":{"self":[{"href":"https:\/\/gradido.net\/it\/wp-json\/wp\/v2\/posts\/4410","targetHints":{"allow":["GET"]}}],"collection":[{"href":"https:\/\/gradido.net\/it\/wp-json\/wp\/v2\/posts"}],"about":[{"href":"https:\/\/gradido.net\/it\/wp-json\/wp\/v2\/types\/post"}],"author":[{"embeddable":true,"href":"https:\/\/gradido.net\/it\/wp-json\/wp\/v2\/users\/2"}],"replies":[{"embeddable":true,"href":"https:\/\/gradido.net\/it\/wp-json\/wp\/v2\/comments?post=4410"}],"version-history":[{"count":19,"href":"https:\/\/gradido.net\/it\/wp-json\/wp\/v2\/posts\/4410\/revisions"}],"predecessor-version":[{"id":13610,"href":"https:\/\/gradido.net\/it\/wp-json\/wp\/v2\/posts\/4410\/revisions\/13610"}],"wp:featuredmedia":[{"embeddable":true,"href":"https:\/\/gradido.net\/it\/wp-json\/wp\/v2\/media\/4428"}],"wp:attachment":[{"href":"https:\/\/gradido.net\/it\/wp-json\/wp\/v2\/media?parent=4410"}],"wp:term":[{"taxonomy":"category","embeddable":true,"href":"https:\/\/gradido.net\/it\/wp-json\/wp\/v2\/categories?post=4410"},{"taxonomy":"post_tag","embeddable":true,"href":"https:\/\/gradido.net\/it\/wp-json\/wp\/v2\/tags?post=4410"}],"curies":[{"name":"wp","href":"https:\/\/api.w.org\/{rel}","templated":true}]}}