{"id":4464,"date":"2022-05-24T13:08:08","date_gmt":"2022-05-24T11:08:08","guid":{"rendered":"https:\/\/gradido.net\/?p=4464"},"modified":"2026-04-24T08:19:29","modified_gmt":"2026-04-24T06:19:29","slug":"weltbevoelkerung-wir-sind-viele-das-ist-gut","status":"publish","type":"post","link":"https:\/\/gradido.net\/it\/weltbevoelkerung-wir-sind-viele-das-ist-gut\/","title":{"rendered":"Popolazione mondiale: siamo in tanti. Questo \u00e8 un bene."},"content":{"rendered":"<div data-elementor-type=\"wp-post\" data-elementor-id=\"4464\" class=\"elementor elementor-4464\" data-elementor-post-type=\"post\">\n\t\t\t\t\t\t<section class=\"elementor-section elementor-top-section elementor-element elementor-element-496e1d53 elementor-section-boxed elementor-section-height-default elementor-section-height-default\" data-id=\"496e1d53\" data-element_type=\"section\" data-e-type=\"section\">\n\t\t\t\t\t\t<div class=\"elementor-container elementor-column-gap-default\">\n\t\t\t\t\t<div class=\"elementor-column elementor-col-100 elementor-top-column elementor-element elementor-element-461d7be0\" data-id=\"461d7be0\" data-element_type=\"column\" data-e-type=\"column\">\n\t\t\t<div class=\"elementor-widget-wrap elementor-element-populated\">\n\t\t\t\t\t\t<div class=\"elementor-element elementor-element-cd9ebe2 elementor-widget elementor-widget-text-editor\" data-id=\"cd9ebe2\" data-element_type=\"widget\" data-e-type=\"widget\" data-widget_type=\"text-editor.default\">\n\t\t\t\t<div class=\"elementor-widget-container\">\n\t\t\t\t\t\t\t\t\t<blockquote><p style=\"text-align: right;\"><em>\"La popolazione mondiale nel 2022 sar\u00e0 di circa 8 miliardi di persone. \u00c8 un numero sufficiente di persone perch\u00e9 il \"sistema umano\" salti al livello successivo. <\/em><br \/><em>\u00c8 sensazionale. \u00c8 una novit\u00e0 assoluta\".<\/em><\/p><p style=\"text-align: right;\"><em>- Karl Gamper<\/em><br \/><em>Autore di \"Insieme siamo brillanti<\/em><\/p><\/blockquote><p>Caro lettore,<\/p><p>come essere umano responsabile, informato e compassionevole, sapete che possiamo fornire a tre o pi\u00f9 volte la popolazione mondiale cibo biologicamente prezioso e allo stesso tempo sostenere la nostra terra nel suo processo di guarigione. Se viviamo e gestiamo in armonia con la natura, possiamo creare un paradiso sulla terra come famiglia umana.<\/p><p>D'altra parte, ci sono potenti interessi economici e geopolitici che cercano di farci credere che abbiamo una sovrappopolazione e che presumibilmente dobbiamo ridurre la popolazione mondiale. Il loro potere si basa sul vecchio sistema monetario ed economico in crisi. Possiamo noi umani creare un mondo pacifico per il bene nostro, dei nostri figli e di tutti i bambini del mondo?<\/p><h3>La scienza naturale fornisce risposte<\/h3><p>Nella Gradido Academy abbiamo studiato per decenni le geniali leggi di successo della natura. Insieme a voi, cari compagni, formiamo il progetto di ricerca internazionale Gradido - un movimento in crescita. Il nostro obiettivo comune \u00e8 rendere possibili la prosperit\u00e0 e la pace per tutti i popoli del mondo. Sempre nuove scoperte scientifiche ci portano a raggiungere questo obiettivo.<\/p><h3>8 miliardi di persone sono la soluzione<\/h3><p>Una simile intuizione ci \u00e8 stata fornita dal noto copywriter, coach e autore di libri Karl Gamper, che fa riferimento alle ricerche del chimico russo e premio Nobel Ilya Prigogine. Questi non dicono altro che un sistema ha bisogno di una certa quantit\u00e0 di parti individuali per passare al livello superiore di organizzazione. Le fiamme delle candele, le strutture delle nuvole, i tornado, gli stati delle formiche... sono tutti esempi di come si formino nuove strutture d'ordine una volta raggiunta una certa quantit\u00e0. Il cambiamento deriva dalla quantit\u00e0 dei singoli pezzi.<\/p><p>Per la famiglia umana, sono circa 8 miliardi. In altre parole, la crescita della popolazione non \u00e8 il problema, ma la soluzione. Non lasciamoci quindi turbare dagli eventi caotici che accompagnano questo cambiamento!<\/p><h3>Cambiare i valori verso la pace e l'amore<\/h3><p>Come si fa sentire il cambiamento? A livello mentale, \u00e8 la consapevolezza che i grandi problemi del nostro tempo possono essere risolti solo insieme. Se vogliamo risolvere i problemi ambientali, possiamo farlo solo insieme. Anche la povert\u00e0 e la fame possono essere risolte solo insieme. E comunque la pace si pu\u00f2 raggiungere solo insieme. Il futuro sar\u00e0 pacifico o non ci sar\u00e0.<\/p><p>A livello del cuore \u00e8 il volgersi verso l'amore. Sempre pi\u00f9 persone si rendono conto che siamo tutti parte del tutto - una famiglia umana, integrata nella natura che ci circonda.<\/p><h3>Mille grazie perch\u00e9 siete con noi\u00a0<\/h3><p>Ora sappiamo che gli 8 miliardi di persone sono la soluzione, non il problema. S\u00ec, possiamo essere grati a ogni singolo essere umano perch\u00e9 contribuisce alla capacit\u00e0 dell'umanit\u00e0 di passare al prossimo stadio evolutivo.<\/p><p>Invece di voler ridurre la popolazione mondiale, come corrisponderebbe al dogma della scarsit\u00e0 della vecchia economia, noi di Gradido ringraziamo ogni essere umano per la sua esistenza. Con il Reddito di Base Attivo di 1000 Gradido al mese = 'Mille Grazie', diciamo a te e a ogni altro cittadino della terra \"Mille Grazie, perch\u00e9 sei con noi!\".<\/p><p><strong>La gratitudine e la riconoscenza ci aiutano a sviluppare il nostro pieno potenziale. Ci portano all'amore, alla pace interiore, alla cura e alla compassione.<\/strong><\/p><h3>La nuova moneta \u00e8 la gratitudine<\/h3><p>Portando il Gradido nel mondo, lavoriamo attivamente per la pace. Ora \u00e8 molto semplice:<\/p><ol><li>Registrate la vostra scheda gratuita <a href=\"https:\/\/gdd.gradido.net\/\" target=\"_blank\" rel=\"noopener\">Conto Gradido<\/a> e l'area riservata ai membri, se non ce l'avete ancora.<\/li><li>Nell'area membri\/modulo \"Partecipazione incondizionata e reddito di base attivo\", scrivete nel mese corrispondente un commento su tutto ci\u00f2 che avete fatto per il bene comune nell'ultimo mese, e vi verr\u00e0 accreditato il vostro reddito di base Gradido.<\/li><li>Ora avete Gradidos sul vostro account e potete inviare Gradidos a chiunque nel mondo tramite link o codice QR per dimostrargli la vostra gratitudine e il vostro apprezzamento.<\/li><\/ol><h3>Funziona solo insieme<\/h3><p>In questi tempi difficili di cambiamento, \u00e8 importante che ci sosteniamo a vicenda. Pertanto, mantenete i contatti con le persone che hanno adottato il vostro Gradidos. Probabilmente la pensano come voi. Insieme costruirete una rete di persone che la pensano come voi e che potranno condividere sempre di pi\u00f9 con Gradido, oltre a darsi reciprocamente sicurezza e protezione in altri modi. Non esitate a utilizzare il nostro <a href=\"https:\/\/t.me\/Gradido\" target=\"_blank\" rel=\"noopener\">Gruppi Telegram<\/a> per lo scambio e\/o creare il proprio gruppo.<\/p><p>Grazie per essere parte del movimento Gradido! Insieme stiamo dando il nostro contributo alla pace e alla prosperit\u00e0 per l'intera famiglia umana in armonia con la natura. Non dobbiamo trattenere questa preziosa conoscenza. Insieme a 8 miliardi di persone, la famiglia umana \u00e8 matura per saltare al prossimo stadio evolutivo e creare un paradiso in cui vivere insieme nella gioia del cuore.<\/p><p>Dal cuore<\/p><p>Il tuo<\/p><p><img decoding=\"async\" class=\"alignnone wp-image-4614 size-medium\" src=\"https:\/\/gradido.net\/wp-content\/uploads\/2022\/06\/MargretBernd_2022-300x74.png\" alt=\"\" width=\"300\" height=\"74\" srcset=\"https:\/\/gradido.net\/wp-content\/uploads\/2022\/06\/MargretBernd_2022-300x74.png 300w, https:\/\/gradido.net\/wp-content\/uploads\/2022\/06\/MargretBernd_2022-18x4.png 18w, https:\/\/gradido.net\/wp-content\/uploads\/2022\/06\/MargretBernd_2022.png 431w\" sizes=\"(max-width: 300px) 100vw, 300px\" \/><\/p><p>Margret Baier e Bernd H\u00fcckst\u00e4dt<br \/>Fondatore e sviluppatore di Gradido<\/p>\t\t\t\t\t\t\t\t<\/div>\n\t\t\t\t<\/div>\n\t\t\t\t\t<\/div>\n\t\t<\/div>\n\t\t\t\t\t<\/div>\n\t\t<\/section>\n\t\t\t\t<\/div>","protected":false},"excerpt":{"rendered":"<p>8 miliardi di persone sono la soluzione, non il problema. Possiamo essere grati a ogni singolo essere umano perch\u00e9 contribuisce alla capacit\u00e0 dell'umanit\u00e0 di passare al prossimo stadio evolutivo.<\/p>","protected":false},"author":2,"featured_media":4465,"comment_status":"closed","ping_status":"closed","sticky":false,"template":"","format":"standard","meta":{"footnotes":""},"categories":[11,54,56],"tags":[22,49],"class_list":["post-4464","post","type-post","status-publish","format-standard","has-post-thumbnail","hentry","category-blog","category-community","category-psychologie","tag-bild-oben","tag-grosse-kooperation"],"yoast_head":"<!-- This site is optimized with the Yoast SEO plugin v27.5 - https:\/\/yoast.com\/product\/yoast-seo-wordpress\/ -->\n<title>Weltbev\u00f6lkerung: Wir sind viele. Das ist gut. - Gradido<\/title>\n<meta name=\"description\" content=\"8 Milliarden Menschen sind die L\u00f6sung und nicht das Problem. Wir k\u00f6nnen jedem Menschen dankbar sein, weil er beitr\u00e4gt, dass die Menschheit auf die n\u00e4chsth\u00f6here Evolutionsstufe wechseln kann.\" \/>\n<meta name=\"robots\" content=\"index, follow, max-snippet:-1, max-image-preview:large, max-video-preview:-1\" \/>\n<link rel=\"canonical\" href=\"https:\/\/gradido.net\/it\/weltbevoelkerung-wir-sind-viele-das-ist-gut\/\" \/>\n<meta property=\"og:locale\" content=\"it_IT\" \/>\n<meta property=\"og:type\" content=\"article\" \/>\n<meta property=\"og:title\" content=\"Weltbev\u00f6lkerung: Wir sind viele. Das ist gut. - Gradido\" \/>\n<meta property=\"og:description\" content=\"8 Milliarden Menschen sind die L\u00f6sung und nicht das Problem. Wir k\u00f6nnen jedem Menschen dankbar sein, weil er beitr\u00e4gt, dass die Menschheit auf die n\u00e4chsth\u00f6here Evolutionsstufe wechseln kann.\" \/>\n<meta property=\"og:url\" content=\"https:\/\/gradido.net\/it\/weltbevoelkerung-wir-sind-viele-das-ist-gut\/\" \/>\n<meta property=\"og:site_name\" content=\"Gradido\" \/>\n<meta property=\"article:published_time\" content=\"2022-05-24T11:08:08+00:00\" \/>\n<meta property=\"article:modified_time\" content=\"2026-04-24T06:19:29+00:00\" \/>\n<meta property=\"og:image\" content=\"https:\/\/gradido.net\/wp-content\/uploads\/2022\/05\/Weltbevoelkerung.jpg\" \/>\n\t<meta property=\"og:image:width\" content=\"1200\" \/>\n\t<meta property=\"og:image:height\" content=\"800\" \/>\n\t<meta property=\"og:image:type\" content=\"image\/jpeg\" \/>\n<meta name=\"author\" content=\"Bernd H\u00fcckst\u00e4dt\" \/>\n<meta name=\"twitter:card\" content=\"summary_large_image\" \/>\n<meta name=\"twitter:label1\" content=\"Scritto da\" \/>\n\t<meta name=\"twitter:data1\" content=\"Bernd H\u00fcckst\u00e4dt\" \/>\n\t<meta name=\"twitter:label2\" content=\"Tempo di lettura stimato\" \/>\n\t<meta name=\"twitter:data2\" content=\"5 minuti\" \/>\n<script type=\"application\/ld+json\" class=\"yoast-schema-graph\">{\"@context\":\"https:\\\/\\\/schema.org\",\"@graph\":[{\"@type\":\"Article\",\"@id\":\"https:\\\/\\\/gradido.net\\\/weltbevoelkerung-wir-sind-viele-das-ist-gut\\\/#article\",\"isPartOf\":{\"@id\":\"https:\\\/\\\/gradido.net\\\/weltbevoelkerung-wir-sind-viele-das-ist-gut\\\/\"},\"author\":{\"name\":\"Bernd H\u00fcckst\u00e4dt\",\"@id\":\"https:\\\/\\\/gradido.net\\\/de\\\/#\\\/schema\\\/person\\\/9c503a004ad15a1ddecadce2218db5d1\"},\"headline\":\"Weltbev\u00f6lkerung: Wir sind viele. Das ist gut.\",\"datePublished\":\"2022-05-24T11:08:08+00:00\",\"dateModified\":\"2026-04-24T06:19:29+00:00\",\"mainEntityOfPage\":{\"@id\":\"https:\\\/\\\/gradido.net\\\/weltbevoelkerung-wir-sind-viele-das-ist-gut\\\/\"},\"wordCount\":831,\"publisher\":{\"@id\":\"https:\\\/\\\/gradido.net\\\/de\\\/#organization\"},\"image\":{\"@id\":\"https:\\\/\\\/gradido.net\\\/weltbevoelkerung-wir-sind-viele-das-ist-gut\\\/#primaryimage\"},\"thumbnailUrl\":\"https:\\\/\\\/gradido.net\\\/wp-content\\\/uploads\\\/2022\\\/05\\\/Weltbevoelkerung.jpg\",\"keywords\":[\"Bild oben\",\"Gro\u00dfe Kooperation\"],\"articleSection\":[\"Blog\",\"Community\",\"Psychologie\"],\"inLanguage\":\"it-IT\"},{\"@type\":\"WebPage\",\"@id\":\"https:\\\/\\\/gradido.net\\\/weltbevoelkerung-wir-sind-viele-das-ist-gut\\\/\",\"url\":\"https:\\\/\\\/gradido.net\\\/weltbevoelkerung-wir-sind-viele-das-ist-gut\\\/\",\"name\":\"Weltbev\u00f6lkerung: Wir sind viele. Das ist gut. - Gradido\",\"isPartOf\":{\"@id\":\"https:\\\/\\\/gradido.net\\\/de\\\/#website\"},\"primaryImageOfPage\":{\"@id\":\"https:\\\/\\\/gradido.net\\\/weltbevoelkerung-wir-sind-viele-das-ist-gut\\\/#primaryimage\"},\"image\":{\"@id\":\"https:\\\/\\\/gradido.net\\\/weltbevoelkerung-wir-sind-viele-das-ist-gut\\\/#primaryimage\"},\"thumbnailUrl\":\"https:\\\/\\\/gradido.net\\\/wp-content\\\/uploads\\\/2022\\\/05\\\/Weltbevoelkerung.jpg\",\"datePublished\":\"2022-05-24T11:08:08+00:00\",\"dateModified\":\"2026-04-24T06:19:29+00:00\",\"description\":\"8 Milliarden Menschen sind die L\u00f6sung und nicht das Problem. Wir k\u00f6nnen jedem Menschen dankbar sein, weil er beitr\u00e4gt, dass die Menschheit auf die n\u00e4chsth\u00f6here Evolutionsstufe wechseln kann.\",\"breadcrumb\":{\"@id\":\"https:\\\/\\\/gradido.net\\\/weltbevoelkerung-wir-sind-viele-das-ist-gut\\\/#breadcrumb\"},\"inLanguage\":\"it-IT\",\"potentialAction\":[{\"@type\":\"ReadAction\",\"target\":[\"https:\\\/\\\/gradido.net\\\/weltbevoelkerung-wir-sind-viele-das-ist-gut\\\/\"]}]},{\"@type\":\"ImageObject\",\"inLanguage\":\"it-IT\",\"@id\":\"https:\\\/\\\/gradido.net\\\/weltbevoelkerung-wir-sind-viele-das-ist-gut\\\/#primaryimage\",\"url\":\"https:\\\/\\\/gradido.net\\\/wp-content\\\/uploads\\\/2022\\\/05\\\/Weltbevoelkerung.jpg\",\"contentUrl\":\"https:\\\/\\\/gradido.net\\\/wp-content\\\/uploads\\\/2022\\\/05\\\/Weltbevoelkerung.jpg\",\"width\":1200,\"height\":800},{\"@type\":\"BreadcrumbList\",\"@id\":\"https:\\\/\\\/gradido.net\\\/weltbevoelkerung-wir-sind-viele-das-ist-gut\\\/#breadcrumb\",\"itemListElement\":[{\"@type\":\"ListItem\",\"position\":1,\"name\":\"Startseite\",\"item\":\"https:\\\/\\\/gradido.net\\\/\"},{\"@type\":\"ListItem\",\"position\":2,\"name\":\"Weltbev\u00f6lkerung: Wir sind viele. Das ist gut.\"}]},{\"@type\":\"WebSite\",\"@id\":\"https:\\\/\\\/gradido.net\\\/de\\\/#website\",\"url\":\"https:\\\/\\\/gradido.net\\\/de\\\/\",\"name\":\"Gradido\",\"description\":\"Die neue W\u00e4hrung hei\u00dft Dankbarkeit\",\"publisher\":{\"@id\":\"https:\\\/\\\/gradido.net\\\/de\\\/#organization\"},\"potentialAction\":[{\"@type\":\"SearchAction\",\"target\":{\"@type\":\"EntryPoint\",\"urlTemplate\":\"https:\\\/\\\/gradido.net\\\/de\\\/?s={search_term_string}\"},\"query-input\":{\"@type\":\"PropertyValueSpecification\",\"valueRequired\":true,\"valueName\":\"search_term_string\"}}],\"inLanguage\":\"it-IT\"},{\"@type\":\"Organization\",\"@id\":\"https:\\\/\\\/gradido.net\\\/de\\\/#organization\",\"name\":\"Gradido\",\"url\":\"https:\\\/\\\/gradido.net\\\/de\\\/\",\"logo\":{\"@type\":\"ImageObject\",\"inLanguage\":\"it-IT\",\"@id\":\"https:\\\/\\\/gradido.net\\\/de\\\/#\\\/schema\\\/logo\\\/image\\\/\",\"url\":\"https:\\\/\\\/gradido.net\\\/wp-content\\\/uploads\\\/2022\\\/04\\\/gradido-social.jpg\",\"contentUrl\":\"https:\\\/\\\/gradido.net\\\/wp-content\\\/uploads\\\/2022\\\/04\\\/gradido-social.jpg\",\"width\":527,\"height\":273,\"caption\":\"Gradido\"},\"image\":{\"@id\":\"https:\\\/\\\/gradido.net\\\/de\\\/#\\\/schema\\\/logo\\\/image\\\/\"}},{\"@type\":\"Person\",\"@id\":\"https:\\\/\\\/gradido.net\\\/de\\\/#\\\/schema\\\/person\\\/9c503a004ad15a1ddecadce2218db5d1\",\"name\":\"Bernd H\u00fcckst\u00e4dt\",\"sameAs\":[\"https:\\\/\\\/gradido.net\"],\"url\":\"https:\\\/\\\/gradido.net\\\/it\\\/author\\\/bernd\\\/\"}]}<\/script>\n<!-- \/ Yoast SEO plugin. -->","yoast_head_json":{"title":"Popolazione mondiale: siamo in tanti. \u00c8 un bene. - Gradido","description":"8 miliardi di persone sono la soluzione, non il problema. Possiamo essere grati a ogni essere umano perch\u00e9 contribuisce a far passare l'umanit\u00e0 al prossimo stadio evolutivo.","robots":{"index":"index","follow":"follow","max-snippet":"max-snippet:-1","max-image-preview":"max-image-preview:large","max-video-preview":"max-video-preview:-1"},"canonical":"https:\/\/gradido.net\/it\/weltbevoelkerung-wir-sind-viele-das-ist-gut\/","og_locale":"it_IT","og_type":"article","og_title":"Weltbev\u00f6lkerung: Wir sind viele. Das ist gut. - Gradido","og_description":"8 Milliarden Menschen sind die L\u00f6sung und nicht das Problem. Wir k\u00f6nnen jedem Menschen dankbar sein, weil er beitr\u00e4gt, dass die Menschheit auf die n\u00e4chsth\u00f6here Evolutionsstufe wechseln kann.","og_url":"https:\/\/gradido.net\/it\/weltbevoelkerung-wir-sind-viele-das-ist-gut\/","og_site_name":"Gradido","article_published_time":"2022-05-24T11:08:08+00:00","article_modified_time":"2026-04-24T06:19:29+00:00","og_image":[{"width":1200,"height":800,"url":"https:\/\/gradido.net\/wp-content\/uploads\/2022\/05\/Weltbevoelkerung.jpg","type":"image\/jpeg"}],"author":"Bernd H\u00fcckst\u00e4dt","twitter_card":"summary_large_image","twitter_misc":{"Scritto da":"Bernd H\u00fcckst\u00e4dt","Tempo di lettura stimato":"5 minuti"},"schema":{"@context":"https:\/\/schema.org","@graph":[{"@type":"Article","@id":"https:\/\/gradido.net\/weltbevoelkerung-wir-sind-viele-das-ist-gut\/#article","isPartOf":{"@id":"https:\/\/gradido.net\/weltbevoelkerung-wir-sind-viele-das-ist-gut\/"},"author":{"name":"Bernd H\u00fcckst\u00e4dt","@id":"https:\/\/gradido.net\/de\/#\/schema\/person\/9c503a004ad15a1ddecadce2218db5d1"},"headline":"Weltbev\u00f6lkerung: Wir sind viele. Das ist gut.","datePublished":"2022-05-24T11:08:08+00:00","dateModified":"2026-04-24T06:19:29+00:00","mainEntityOfPage":{"@id":"https:\/\/gradido.net\/weltbevoelkerung-wir-sind-viele-das-ist-gut\/"},"wordCount":831,"publisher":{"@id":"https:\/\/gradido.net\/de\/#organization"},"image":{"@id":"https:\/\/gradido.net\/weltbevoelkerung-wir-sind-viele-das-ist-gut\/#primaryimage"},"thumbnailUrl":"https:\/\/gradido.net\/wp-content\/uploads\/2022\/05\/Weltbevoelkerung.jpg","keywords":["Bild oben","Gro\u00dfe Kooperation"],"articleSection":["Blog","Community","Psychologie"],"inLanguage":"it-IT"},{"@type":"WebPage","@id":"https:\/\/gradido.net\/weltbevoelkerung-wir-sind-viele-das-ist-gut\/","url":"https:\/\/gradido.net\/weltbevoelkerung-wir-sind-viele-das-ist-gut\/","name":"Popolazione mondiale: siamo in tanti. \u00c8 un bene. - Gradido","isPartOf":{"@id":"https:\/\/gradido.net\/de\/#website"},"primaryImageOfPage":{"@id":"https:\/\/gradido.net\/weltbevoelkerung-wir-sind-viele-das-ist-gut\/#primaryimage"},"image":{"@id":"https:\/\/gradido.net\/weltbevoelkerung-wir-sind-viele-das-ist-gut\/#primaryimage"},"thumbnailUrl":"https:\/\/gradido.net\/wp-content\/uploads\/2022\/05\/Weltbevoelkerung.jpg","datePublished":"2022-05-24T11:08:08+00:00","dateModified":"2026-04-24T06:19:29+00:00","description":"8 miliardi di persone sono la soluzione, non il problema. Possiamo essere grati a ogni essere umano perch\u00e9 contribuisce a far passare l'umanit\u00e0 al prossimo stadio evolutivo.","breadcrumb":{"@id":"https:\/\/gradido.net\/weltbevoelkerung-wir-sind-viele-das-ist-gut\/#breadcrumb"},"inLanguage":"it-IT","potentialAction":[{"@type":"ReadAction","target":["https:\/\/gradido.net\/weltbevoelkerung-wir-sind-viele-das-ist-gut\/"]}]},{"@type":"ImageObject","inLanguage":"it-IT","@id":"https:\/\/gradido.net\/weltbevoelkerung-wir-sind-viele-das-ist-gut\/#primaryimage","url":"https:\/\/gradido.net\/wp-content\/uploads\/2022\/05\/Weltbevoelkerung.jpg","contentUrl":"https:\/\/gradido.net\/wp-content\/uploads\/2022\/05\/Weltbevoelkerung.jpg","width":1200,"height":800},{"@type":"BreadcrumbList","@id":"https:\/\/gradido.net\/weltbevoelkerung-wir-sind-viele-das-ist-gut\/#breadcrumb","itemListElement":[{"@type":"ListItem","position":1,"name":"Startseite","item":"https:\/\/gradido.net\/"},{"@type":"ListItem","position":2,"name":"Weltbev\u00f6lkerung: Wir sind viele. Das ist gut."}]},{"@type":"WebSite","@id":"https:\/\/gradido.net\/de\/#website","url":"https:\/\/gradido.net\/de\/","name":"Gradido","description":"La nuova moneta \u00e8 la gratitudine","publisher":{"@id":"https:\/\/gradido.net\/de\/#organization"},"potentialAction":[{"@type":"SearchAction","target":{"@type":"EntryPoint","urlTemplate":"https:\/\/gradido.net\/de\/?s={search_term_string}"},"query-input":{"@type":"PropertyValueSpecification","valueRequired":true,"valueName":"search_term_string"}}],"inLanguage":"it-IT"},{"@type":"Organization","@id":"https:\/\/gradido.net\/de\/#organization","name":"Gradido","url":"https:\/\/gradido.net\/de\/","logo":{"@type":"ImageObject","inLanguage":"it-IT","@id":"https:\/\/gradido.net\/de\/#\/schema\/logo\/image\/","url":"https:\/\/gradido.net\/wp-content\/uploads\/2022\/04\/gradido-social.jpg","contentUrl":"https:\/\/gradido.net\/wp-content\/uploads\/2022\/04\/gradido-social.jpg","width":527,"height":273,"caption":"Gradido"},"image":{"@id":"https:\/\/gradido.net\/de\/#\/schema\/logo\/image\/"}},{"@type":"Person","@id":"https:\/\/gradido.net\/de\/#\/schema\/person\/9c503a004ad15a1ddecadce2218db5d1","name":"Bernd H\u00fcckst\u00e4dt","sameAs":["https:\/\/gradido.net"],"url":"https:\/\/gradido.net\/it\/author\/bernd\/"}]}},"_links":{"self":[{"href":"https:\/\/gradido.net\/it\/wp-json\/wp\/v2\/posts\/4464","targetHints":{"allow":["GET"]}}],"collection":[{"href":"https:\/\/gradido.net\/it\/wp-json\/wp\/v2\/posts"}],"about":[{"href":"https:\/\/gradido.net\/it\/wp-json\/wp\/v2\/types\/post"}],"author":[{"embeddable":true,"href":"https:\/\/gradido.net\/it\/wp-json\/wp\/v2\/users\/2"}],"replies":[{"embeddable":true,"href":"https:\/\/gradido.net\/it\/wp-json\/wp\/v2\/comments?post=4464"}],"version-history":[{"count":10,"href":"https:\/\/gradido.net\/it\/wp-json\/wp\/v2\/posts\/4464\/revisions"}],"predecessor-version":[{"id":8315,"href":"https:\/\/gradido.net\/it\/wp-json\/wp\/v2\/posts\/4464\/revisions\/8315"}],"wp:featuredmedia":[{"embeddable":true,"href":"https:\/\/gradido.net\/it\/wp-json\/wp\/v2\/media\/4465"}],"wp:attachment":[{"href":"https:\/\/gradido.net\/it\/wp-json\/wp\/v2\/media?parent=4464"}],"wp:term":[{"taxonomy":"category","embeddable":true,"href":"https:\/\/gradido.net\/it\/wp-json\/wp\/v2\/categories?post=4464"},{"taxonomy":"post_tag","embeddable":true,"href":"https:\/\/gradido.net\/it\/wp-json\/wp\/v2\/tags?post=4464"}],"curies":[{"name":"wp","href":"https:\/\/api.w.org\/{rel}","templated":true}]}}