{"id":616,"date":"2020-05-26T15:29:00","date_gmt":"2020-05-26T13:29:00","guid":{"rendered":"http:\/\/neu.gradido.net\/?p=616"},"modified":"2021-12-10T13:08:25","modified_gmt":"2021-12-10T12:08:25","slug":"corona-krise-zeit-fuer-die-natuerliche-oekonomie-des-lebens","status":"publish","type":"post","link":"https:\/\/gradido.net\/it\/corona-krise-zeit-fuer-die-natuerliche-oekonomie-des-lebens\/","title":{"rendered":"Crisi Corona: \u00e8 tempo di \"Economia naturale della vita"},"content":{"rendered":"<div data-elementor-type=\"wp-post\" data-elementor-id=\"616\" class=\"elementor elementor-616\" data-elementor-post-type=\"post\">\n\t\t\t\t\t\t<section class=\"elementor-section elementor-top-section elementor-element elementor-element-f9a81c7 elementor-section-boxed elementor-section-height-default elementor-section-height-default\" data-id=\"f9a81c7\" data-element_type=\"section\" data-e-type=\"section\">\n\t\t\t\t\t\t<div class=\"elementor-container elementor-column-gap-default\">\n\t\t\t\t\t<div class=\"elementor-column elementor-col-100 elementor-top-column elementor-element elementor-element-31d55dd\" data-id=\"31d55dd\" data-element_type=\"column\" data-e-type=\"column\">\n\t\t\t<div class=\"elementor-widget-wrap elementor-element-populated\">\n\t\t\t\t\t\t<div class=\"elementor-element elementor-element-6cca0d4 elementor-widget elementor-widget-text-editor\" data-id=\"6cca0d4\" data-element_type=\"widget\" data-e-type=\"widget\" data-widget_type=\"text-editor.default\">\n\t\t\t\t<div class=\"elementor-widget-container\">\n\t\t\t\t\t\t\t\t\t<h2>La bionica economica si concentra sul bene comune globale<\/h2>\n<p><strong>K\u00fcnzelsau, 26 maggio 2020 - La crisi di Corona ha cambiato radicalmente il nostro mondo in pochissimo tempo. Nonostante i programmi di aiuto per miliardi, l'economia \u00e8 in caduta libera. Il sistema finanziario globale minaccia di fallire, seguito da insolvenze di massa, disoccupazione record e povert\u00e0 abissale. Solo con un nuovo sistema monetario sostenibile, in cui gli incentivi economici, ecologici e sociali puntano nella stessa direzione, l'umanit\u00e0 pu\u00f2 superare queste sfide. La Gradido Academy for Economic Bionics ha sviluppato un tale sistema. La nuova moneta del bene comune 'Gradido' ha il potenziale per creare prosperit\u00e0 e pace in tutto il mondo.<\/strong><\/p>\n<p><strong><!-- \/wp:paragraph --><!-- wp:paragraph --><\/strong><\/p>\n<p><strong>Da 20 anni la Gradido Academy sviluppa la moneta comune, che si basa sull'esempio della natura. Nel ciclo costante del divenire e del passare, tutto in natura \u00e8 ciclico. Questo \u00e8 l'unico modo per ottenere un rinnovamento costante sulla nostra terra. Secondo questo \"ciclo della vita\", funziona anche il sistema di equilibrio \"Gradido\", che potrebbe dare a tutta l'umanit\u00e0 non solo un sostentamento stabile, ma anche una vita di prosperit\u00e0 e di convivenza pacifica.<\/strong><\/p>\n<p><!-- \/wp:paragraph --><!-- wp:paragraph --><\/p>\n<p><strong>La pandemia economica era inevitabile<\/strong><br>Il virus non \u00e8 la causa, ma solo l'innesco della 'pandemia economica' globale, spiegano i biologi economici Margret Baier e Bernd H\u00fcckst\u00e4dt: \"Cos\u00ec come la pietra non fa altro che scatenare la valanga e farla precipitare a valle perch\u00e9 il terreno non era abbastanza stabile, il virus corona \u00e8 riuscito a scatenare l'attuale crisi del sistema economico e finanziario globale solo perch\u00e9 il sistema finanziario globale attuale \u00e8 estremamente instabile\", spiega H\u00fcckst\u00e4dt. I fondatori della Gradido Academy si interrogano su ci\u00f2 che l'economia pu\u00f2 imparare dalla natura. Proprio come ogni ingegnere aeronautico deve studiare il volo degli uccelli, il biologo industriale sta studiando quali processi naturali potrebbero essere un modello per processi economici di successo. Secondo i risultati della Gradido Academy, l'obiettivo dichiarato di un'economia sociale di mercato, ovvero creare benessere per tutti, non pu\u00f2 assolutamente essere raggiunto con l'attuale sistema finanziario. Invece, \u00e8 insito nel sistema che il patrimonio di alcuni \u00e8 il debito di altri. La conseguenza fatale: il sistema economico al potere stabilisce incentivi disastrosi per lo sfruttamento dell'uomo e della natura. Le conseguenze inevitabili sono la povert\u00e0 nel mondo, le guerre e la distruzione catastrofica dell'ambiente. Il futuro dell'umanit\u00e0 e del nostro pianeta \u00e8 quindi esistenzialmente minacciato.<\/p>\n<p><!-- \/wp:paragraph --><!-- wp:paragraph --><\/p>\n<p><strong>L'ora della bionica economica<\/strong><br>Gli inventori della \"moneta di Gradido\" vedono ora la possibilit\u00e0 di rompere definitivamente questo sfortunato circolo vizioso. Il blocco mondiale della corona non solo crea la necessit\u00e0 di un ripensamento, ma anche un chiaro riconoscimento della fragilit\u00e0 del sistema economico dominante. Apre anche una nuova sensibilit\u00e0 per i modelli di successo della natura, che da quattro miliardi e mezzo di anni stanno dimostrando il loro valore. Di conseguenza, la societ\u00e0 guarda con sempre maggiore aspettativa alla scienza ancora giovane della bionica economica e alle sue risposte alle domande esistenziali del nostro tempo.<\/p>\n<p><!-- \/wp:paragraph --><!-- wp:paragraph --><\/p>\n<p><strong>L'Accademia di Gradido<\/strong><br>Il nome \"Gradido\" \u00e8 composto dai termini inglesi per gratitudine, dignit\u00e0 umana e donazione. Unisce cos\u00ec i tre valori essenziali della nuova cultura economica, che mira a rendere possibile e a garantire una sana attivit\u00e0 economica a beneficio di tutti. Il principio etico di base di Gradido si basa sull'armonizzazione del benessere dell'individuo con quello della comunit\u00e0 e del pi\u00f9 grande insieme - in termini di natura e di ambiente. Il \"ciclo della vita\" \u00e8 la ricetta di base della natura per il successo. La natura segue la regola che solo dove qualcosa muore si possono creare nuove cose e quindi \u00e8 possibile un miglioramento a lungo termine (evoluzione). Se la nostra economia seguisse questo ciclo naturale, i biologi economici ritengono che praticamente tutti i problemi monetari del mondo potrebbero essere risolti. L'attuale sistema economico mondiale, tuttavia, ha l'effetto esattamente opposto. Lotta per una crescita economica esponenziale che, per sua stessa natura, deve portare a ripetuti crolli.<\/p>\n<p><!-- \/wp:paragraph --><!-- wp:paragraph --><\/p>\n<p><strong>La Valuta Gradido<\/strong><br>Il modello della Gradido Academy integra il ciclo del divenire e del passare attraverso la regolare creazione di denaro e la prevista transitoriet\u00e0 del denaro. Il denaro viene creato sulla base dello sviluppo della popolazione. Questo elimina l'aumento illimitato del denaro dei libri e pone lo sviluppo dell'offerta di denaro su una base naturale. Nel modello della Gradido Academy, il denaro \u00e8 distribuito secondo un principio a tre pilastri: per ogni cittadino del mondo si stima un totale di 3.000 'Gradido', il nome della moneta. Un terzo va ad ogni cittadino come reddito di base attivo, il secondo terzo va allo Stato per i suoi servizi al pubblico, e la terza parte va al fondo di compensazione e al fondo per l'ambiente per consentire il risanamento degli oneri economici ed ecologici del passato. Il motivo per cui il denaro viene distribuito esattamente in questo modo si basa sull'etica del \"triplice bene\". L'individuo fa parte della comunit\u00e0, dello stato, e lo stato fa parte del \"quadro generale\", dell'ecosistema. Se uno di questi tre aspetti viene trascurato, l'intero sistema viene sbilanciato. Entro ogni anno scade il 50 per cento del denaro creato. Questo ciclo pianificato di creazione e decadimento mantiene la massa monetaria stabile e il sistema in equilibrio.<strong>.<\/strong>&nbsp;L'introduzione della valuta Gradido pu\u00f2 avvenire sia a livello globale che nei singoli Paesi e pu\u00f2 essere attuata in fasi parallele al sistema esistente, in modo che tutti gli elementi possano essere testati senza rischi e, se necessario, ottimizzati.<\/p>\n<p><!-- \/wp:paragraph --><!-- wp:paragraph --><\/p>\n<p><strong>Passione e responsabilit\u00e0<\/strong><br>\"Ora che il Fondo Monetario Internazionale FMI prevede la peggiore crisi economica degli ultimi 90 anni, sono essenziali nuove soluzioni. I tempi sono davvero maturi per Gradido e consideriamo nostra responsabilit\u00e0 portare questo modello nella discussione politica\", sottolinea Bernd H\u00fcckst\u00e4dt. Margret Baier aggiunge: \"Abbiamo trovato una soluzione basata sui principi della natura, che garantir\u00e0 un futuro degno di essere vissuto per le generazioni presenti e future. In questo modo, possiamo davvero riuscire a realizzare uno dei pi\u00f9 grandi sogni dell'umanit\u00e0 e a portare pace e prosperit\u00e0 duratura a tutti gli uomini della terra in armonia con la natura\". Potete trovare ulteriori informazioni sotto&nbsp;<a href=\"https:\/\/gradido.net\/it\/\" target=\"_blank\" rel=\"noreferrer noopener\" data-type=\"URL\" data-id=\"https:\/\/gradido.net\/\">www.gradido.net<\/a><\/p>\n<p><!-- \/wp:paragraph --><\/p>\t\t\t\t\t\t\t\t<\/div>\n\t\t\t\t<\/div>\n\t\t\t\t\t<\/div>\n\t\t<\/div>\n\t\t\t\t\t<\/div>\n\t\t<\/section>\n\t\t\t\t<\/div>","protected":false},"excerpt":{"rendered":"<p>Wirtschaftsbioniker setzen auf weltweite Gemeinwohlw\u00e4hrung K\u00fcnzelsau, 26. Mai 2020 \u2013 Die Corona-Krise hat unsere Welt binnen k\u00fcrzester Zeit grundlegend ver\u00e4ndert. Trotz billionenschwerer Hilfsprogramme befindet sich die Wirtschaft im freien Fall. Das weltweite Finanzsystem droht zu scheitern, gefolgt von Masseninsolvenzen, Rekordarbeitslosigkeit und bitterer Armut. Nur mit einem zukunftsf\u00e4higen neuen Geldsystem, bei dem die \u00f6konomischen, \u00f6kologischen und [&hellip;]<\/p>\n","protected":false},"author":1,"featured_media":858,"comment_status":"closed","ping_status":"closed","sticky":false,"template":"","format":"standard","meta":{"footnotes":""},"categories":[8],"tags":[15],"class_list":["post-616","post","type-post","status-publish","format-standard","has-post-thumbnail","hentry","category-pressemitteilung","tag-wirtschaftsbionik"],"yoast_head":"<!-- This site is optimized with the Yoast SEO plugin v27.5 - https:\/\/yoast.com\/product\/yoast-seo-wordpress\/ -->\n<title>Corona-Krise: Zeit f\u00fcr die \u201eNat\u00fcrliche \u00d6konomie des Lebens\u201c - Gradido<\/title>\n<meta name=\"robots\" content=\"index, follow, max-snippet:-1, max-image-preview:large, max-video-preview:-1\" \/>\n<link rel=\"canonical\" href=\"https:\/\/gradido.net\/it\/corona-krise-zeit-fuer-die-natuerliche-oekonomie-des-lebens\/\" \/>\n<meta property=\"og:locale\" content=\"it_IT\" \/>\n<meta property=\"og:type\" content=\"article\" \/>\n<meta property=\"og:title\" content=\"Corona-Krise: Zeit f\u00fcr die \u201eNat\u00fcrliche \u00d6konomie des Lebens\u201c - Gradido\" \/>\n<meta property=\"og:description\" content=\"Wirtschaftsbioniker setzen auf weltweite Gemeinwohlw\u00e4hrung K\u00fcnzelsau, 26. Mai 2020 \u2013 Die Corona-Krise hat unsere Welt binnen k\u00fcrzester Zeit grundlegend ver\u00e4ndert. Trotz billionenschwerer Hilfsprogramme befindet sich die Wirtschaft im freien Fall. Das weltweite Finanzsystem droht zu scheitern, gefolgt von Masseninsolvenzen, Rekordarbeitslosigkeit und bitterer Armut. Nur mit einem zukunftsf\u00e4higen neuen Geldsystem, bei dem die \u00f6konomischen, \u00f6kologischen und [&hellip;]\" \/>\n<meta property=\"og:url\" content=\"https:\/\/gradido.net\/it\/corona-krise-zeit-fuer-die-natuerliche-oekonomie-des-lebens\/\" \/>\n<meta property=\"og:site_name\" content=\"Gradido\" \/>\n<meta property=\"article:published_time\" content=\"2020-05-26T13:29:00+00:00\" \/>\n<meta property=\"article:modified_time\" content=\"2021-12-10T12:08:25+00:00\" \/>\n<meta property=\"og:image\" content=\"https:\/\/gradido.net\/wp-content\/uploads\/2020\/05\/gemeinwohlwaehrung.jpg\" \/>\n\t<meta property=\"og:image:width\" content=\"1000\" \/>\n\t<meta property=\"og:image:height\" content=\"684\" \/>\n\t<meta property=\"og:image:type\" content=\"image\/jpeg\" \/>\n<meta name=\"author\" content=\"GR4dmin\" \/>\n<meta name=\"twitter:card\" content=\"summary_large_image\" \/>\n<meta name=\"twitter:label1\" content=\"Scritto da\" \/>\n\t<meta name=\"twitter:data1\" content=\"GR4dmin\" \/>\n\t<meta name=\"twitter:label2\" content=\"Tempo di lettura stimato\" \/>\n\t<meta name=\"twitter:data2\" content=\"5 minuti\" \/>\n<script type=\"application\/ld+json\" class=\"yoast-schema-graph\">{\"@context\":\"https:\\\/\\\/schema.org\",\"@graph\":[{\"@type\":\"Article\",\"@id\":\"https:\\\/\\\/gradido.net\\\/et\\\/corona-krise-zeit-fuer-die-natuerliche-oekonomie-des-lebens\\\/#article\",\"isPartOf\":{\"@id\":\"https:\\\/\\\/gradido.net\\\/et\\\/corona-krise-zeit-fuer-die-natuerliche-oekonomie-des-lebens\\\/\"},\"author\":{\"name\":\"GR4dmin\",\"@id\":\"https:\\\/\\\/gradido.net\\\/de\\\/#\\\/schema\\\/person\\\/9f913f37a47e7a82ad686b58fc907588\"},\"headline\":\"Corona-Krise: Zeit f\u00fcr die \u201eNat\u00fcrliche \u00d6konomie des Lebens\u201c\",\"datePublished\":\"2020-05-26T13:29:00+00:00\",\"dateModified\":\"2021-12-10T12:08:25+00:00\",\"mainEntityOfPage\":{\"@id\":\"https:\\\/\\\/gradido.net\\\/et\\\/corona-krise-zeit-fuer-die-natuerliche-oekonomie-des-lebens\\\/\"},\"wordCount\":983,\"publisher\":{\"@id\":\"https:\\\/\\\/gradido.net\\\/de\\\/#organization\"},\"image\":{\"@id\":\"https:\\\/\\\/gradido.net\\\/et\\\/corona-krise-zeit-fuer-die-natuerliche-oekonomie-des-lebens\\\/#primaryimage\"},\"thumbnailUrl\":\"https:\\\/\\\/gradido.net\\\/wp-content\\\/uploads\\\/2020\\\/05\\\/gemeinwohlwaehrung.jpg\",\"keywords\":[\"Wirtschaftsbionik\"],\"articleSection\":[\"Pressemitteilung\"],\"inLanguage\":\"it-IT\"},{\"@type\":\"WebPage\",\"@id\":\"https:\\\/\\\/gradido.net\\\/et\\\/corona-krise-zeit-fuer-die-natuerliche-oekonomie-des-lebens\\\/\",\"url\":\"https:\\\/\\\/gradido.net\\\/et\\\/corona-krise-zeit-fuer-die-natuerliche-oekonomie-des-lebens\\\/\",\"name\":\"Corona-Krise: Zeit f\u00fcr die \u201eNat\u00fcrliche \u00d6konomie des Lebens\u201c - Gradido\",\"isPartOf\":{\"@id\":\"https:\\\/\\\/gradido.net\\\/de\\\/#website\"},\"primaryImageOfPage\":{\"@id\":\"https:\\\/\\\/gradido.net\\\/et\\\/corona-krise-zeit-fuer-die-natuerliche-oekonomie-des-lebens\\\/#primaryimage\"},\"image\":{\"@id\":\"https:\\\/\\\/gradido.net\\\/et\\\/corona-krise-zeit-fuer-die-natuerliche-oekonomie-des-lebens\\\/#primaryimage\"},\"thumbnailUrl\":\"https:\\\/\\\/gradido.net\\\/wp-content\\\/uploads\\\/2020\\\/05\\\/gemeinwohlwaehrung.jpg\",\"datePublished\":\"2020-05-26T13:29:00+00:00\",\"dateModified\":\"2021-12-10T12:08:25+00:00\",\"breadcrumb\":{\"@id\":\"https:\\\/\\\/gradido.net\\\/et\\\/corona-krise-zeit-fuer-die-natuerliche-oekonomie-des-lebens\\\/#breadcrumb\"},\"inLanguage\":\"it-IT\",\"potentialAction\":[{\"@type\":\"ReadAction\",\"target\":[\"https:\\\/\\\/gradido.net\\\/et\\\/corona-krise-zeit-fuer-die-natuerliche-oekonomie-des-lebens\\\/\"]}]},{\"@type\":\"ImageObject\",\"inLanguage\":\"it-IT\",\"@id\":\"https:\\\/\\\/gradido.net\\\/et\\\/corona-krise-zeit-fuer-die-natuerliche-oekonomie-des-lebens\\\/#primaryimage\",\"url\":\"https:\\\/\\\/gradido.net\\\/wp-content\\\/uploads\\\/2020\\\/05\\\/gemeinwohlwaehrung.jpg\",\"contentUrl\":\"https:\\\/\\\/gradido.net\\\/wp-content\\\/uploads\\\/2020\\\/05\\\/gemeinwohlwaehrung.jpg\",\"width\":1000,\"height\":684},{\"@type\":\"BreadcrumbList\",\"@id\":\"https:\\\/\\\/gradido.net\\\/et\\\/corona-krise-zeit-fuer-die-natuerliche-oekonomie-des-lebens\\\/#breadcrumb\",\"itemListElement\":[{\"@type\":\"ListItem\",\"position\":1,\"name\":\"Startseite\",\"item\":\"https:\\\/\\\/gradido.net\\\/\"},{\"@type\":\"ListItem\",\"position\":2,\"name\":\"Corona-Krise: Zeit f\u00fcr die \u201eNat\u00fcrliche \u00d6konomie des Lebens\u201c\"}]},{\"@type\":\"WebSite\",\"@id\":\"https:\\\/\\\/gradido.net\\\/de\\\/#website\",\"url\":\"https:\\\/\\\/gradido.net\\\/de\\\/\",\"name\":\"Gradido\",\"description\":\"Die neue W\u00e4hrung hei\u00dft Dankbarkeit\",\"publisher\":{\"@id\":\"https:\\\/\\\/gradido.net\\\/de\\\/#organization\"},\"potentialAction\":[{\"@type\":\"SearchAction\",\"target\":{\"@type\":\"EntryPoint\",\"urlTemplate\":\"https:\\\/\\\/gradido.net\\\/de\\\/?s={search_term_string}\"},\"query-input\":{\"@type\":\"PropertyValueSpecification\",\"valueRequired\":true,\"valueName\":\"search_term_string\"}}],\"inLanguage\":\"it-IT\"},{\"@type\":\"Organization\",\"@id\":\"https:\\\/\\\/gradido.net\\\/de\\\/#organization\",\"name\":\"Gradido\",\"url\":\"https:\\\/\\\/gradido.net\\\/de\\\/\",\"logo\":{\"@type\":\"ImageObject\",\"inLanguage\":\"it-IT\",\"@id\":\"https:\\\/\\\/gradido.net\\\/de\\\/#\\\/schema\\\/logo\\\/image\\\/\",\"url\":\"https:\\\/\\\/gradido.net\\\/wp-content\\\/uploads\\\/2022\\\/04\\\/gradido-social.jpg\",\"contentUrl\":\"https:\\\/\\\/gradido.net\\\/wp-content\\\/uploads\\\/2022\\\/04\\\/gradido-social.jpg\",\"width\":527,\"height\":273,\"caption\":\"Gradido\"},\"image\":{\"@id\":\"https:\\\/\\\/gradido.net\\\/de\\\/#\\\/schema\\\/logo\\\/image\\\/\"}},{\"@type\":\"Person\",\"@id\":\"https:\\\/\\\/gradido.net\\\/de\\\/#\\\/schema\\\/person\\\/9f913f37a47e7a82ad686b58fc907588\",\"name\":\"GR4dmin\",\"sameAs\":[\"https:\\\/\\\/gradido.net\"],\"url\":\"https:\\\/\\\/gradido.net\\\/it\\\/author\\\/gr4dmin\\\/\"}]}<\/script>\n<!-- \/ Yoast SEO plugin. -->","yoast_head_json":{"title":"Crisi di Corona: \u00e8 tempo di \"economia naturale della vita\" - Gradido","robots":{"index":"index","follow":"follow","max-snippet":"max-snippet:-1","max-image-preview":"max-image-preview:large","max-video-preview":"max-video-preview:-1"},"canonical":"https:\/\/gradido.net\/it\/corona-krise-zeit-fuer-die-natuerliche-oekonomie-des-lebens\/","og_locale":"it_IT","og_type":"article","og_title":"Corona-Krise: Zeit f\u00fcr die \u201eNat\u00fcrliche \u00d6konomie des Lebens\u201c - Gradido","og_description":"Wirtschaftsbioniker setzen auf weltweite Gemeinwohlw\u00e4hrung K\u00fcnzelsau, 26. Mai 2020 \u2013 Die Corona-Krise hat unsere Welt binnen k\u00fcrzester Zeit grundlegend ver\u00e4ndert. Trotz billionenschwerer Hilfsprogramme befindet sich die Wirtschaft im freien Fall. Das weltweite Finanzsystem droht zu scheitern, gefolgt von Masseninsolvenzen, Rekordarbeitslosigkeit und bitterer Armut. Nur mit einem zukunftsf\u00e4higen neuen Geldsystem, bei dem die \u00f6konomischen, \u00f6kologischen und [&hellip;]","og_url":"https:\/\/gradido.net\/it\/corona-krise-zeit-fuer-die-natuerliche-oekonomie-des-lebens\/","og_site_name":"Gradido","article_published_time":"2020-05-26T13:29:00+00:00","article_modified_time":"2021-12-10T12:08:25+00:00","og_image":[{"width":1000,"height":684,"url":"https:\/\/gradido.net\/wp-content\/uploads\/2020\/05\/gemeinwohlwaehrung.jpg","type":"image\/jpeg"}],"author":"GR4dmin","twitter_card":"summary_large_image","twitter_misc":{"Scritto da":"GR4dmin","Tempo di lettura stimato":"5 minuti"},"schema":{"@context":"https:\/\/schema.org","@graph":[{"@type":"Article","@id":"https:\/\/gradido.net\/et\/corona-krise-zeit-fuer-die-natuerliche-oekonomie-des-lebens\/#article","isPartOf":{"@id":"https:\/\/gradido.net\/et\/corona-krise-zeit-fuer-die-natuerliche-oekonomie-des-lebens\/"},"author":{"name":"GR4dmin","@id":"https:\/\/gradido.net\/de\/#\/schema\/person\/9f913f37a47e7a82ad686b58fc907588"},"headline":"Corona-Krise: Zeit f\u00fcr die \u201eNat\u00fcrliche \u00d6konomie des Lebens\u201c","datePublished":"2020-05-26T13:29:00+00:00","dateModified":"2021-12-10T12:08:25+00:00","mainEntityOfPage":{"@id":"https:\/\/gradido.net\/et\/corona-krise-zeit-fuer-die-natuerliche-oekonomie-des-lebens\/"},"wordCount":983,"publisher":{"@id":"https:\/\/gradido.net\/de\/#organization"},"image":{"@id":"https:\/\/gradido.net\/et\/corona-krise-zeit-fuer-die-natuerliche-oekonomie-des-lebens\/#primaryimage"},"thumbnailUrl":"https:\/\/gradido.net\/wp-content\/uploads\/2020\/05\/gemeinwohlwaehrung.jpg","keywords":["Wirtschaftsbionik"],"articleSection":["Pressemitteilung"],"inLanguage":"it-IT"},{"@type":"WebPage","@id":"https:\/\/gradido.net\/et\/corona-krise-zeit-fuer-die-natuerliche-oekonomie-des-lebens\/","url":"https:\/\/gradido.net\/et\/corona-krise-zeit-fuer-die-natuerliche-oekonomie-des-lebens\/","name":"Crisi di Corona: \u00e8 tempo di \"economia naturale della vita\" - Gradido","isPartOf":{"@id":"https:\/\/gradido.net\/de\/#website"},"primaryImageOfPage":{"@id":"https:\/\/gradido.net\/et\/corona-krise-zeit-fuer-die-natuerliche-oekonomie-des-lebens\/#primaryimage"},"image":{"@id":"https:\/\/gradido.net\/et\/corona-krise-zeit-fuer-die-natuerliche-oekonomie-des-lebens\/#primaryimage"},"thumbnailUrl":"https:\/\/gradido.net\/wp-content\/uploads\/2020\/05\/gemeinwohlwaehrung.jpg","datePublished":"2020-05-26T13:29:00+00:00","dateModified":"2021-12-10T12:08:25+00:00","breadcrumb":{"@id":"https:\/\/gradido.net\/et\/corona-krise-zeit-fuer-die-natuerliche-oekonomie-des-lebens\/#breadcrumb"},"inLanguage":"it-IT","potentialAction":[{"@type":"ReadAction","target":["https:\/\/gradido.net\/et\/corona-krise-zeit-fuer-die-natuerliche-oekonomie-des-lebens\/"]}]},{"@type":"ImageObject","inLanguage":"it-IT","@id":"https:\/\/gradido.net\/et\/corona-krise-zeit-fuer-die-natuerliche-oekonomie-des-lebens\/#primaryimage","url":"https:\/\/gradido.net\/wp-content\/uploads\/2020\/05\/gemeinwohlwaehrung.jpg","contentUrl":"https:\/\/gradido.net\/wp-content\/uploads\/2020\/05\/gemeinwohlwaehrung.jpg","width":1000,"height":684},{"@type":"BreadcrumbList","@id":"https:\/\/gradido.net\/et\/corona-krise-zeit-fuer-die-natuerliche-oekonomie-des-lebens\/#breadcrumb","itemListElement":[{"@type":"ListItem","position":1,"name":"Startseite","item":"https:\/\/gradido.net\/"},{"@type":"ListItem","position":2,"name":"Corona-Krise: Zeit f\u00fcr die \u201eNat\u00fcrliche \u00d6konomie des Lebens\u201c"}]},{"@type":"WebSite","@id":"https:\/\/gradido.net\/de\/#website","url":"https:\/\/gradido.net\/de\/","name":"Gradido","description":"La nuova moneta \u00e8 la gratitudine","publisher":{"@id":"https:\/\/gradido.net\/de\/#organization"},"potentialAction":[{"@type":"SearchAction","target":{"@type":"EntryPoint","urlTemplate":"https:\/\/gradido.net\/de\/?s={search_term_string}"},"query-input":{"@type":"PropertyValueSpecification","valueRequired":true,"valueName":"search_term_string"}}],"inLanguage":"it-IT"},{"@type":"Organization","@id":"https:\/\/gradido.net\/de\/#organization","name":"Gradido","url":"https:\/\/gradido.net\/de\/","logo":{"@type":"ImageObject","inLanguage":"it-IT","@id":"https:\/\/gradido.net\/de\/#\/schema\/logo\/image\/","url":"https:\/\/gradido.net\/wp-content\/uploads\/2022\/04\/gradido-social.jpg","contentUrl":"https:\/\/gradido.net\/wp-content\/uploads\/2022\/04\/gradido-social.jpg","width":527,"height":273,"caption":"Gradido"},"image":{"@id":"https:\/\/gradido.net\/de\/#\/schema\/logo\/image\/"}},{"@type":"Person","@id":"https:\/\/gradido.net\/de\/#\/schema\/person\/9f913f37a47e7a82ad686b58fc907588","name":"GR4dmin","sameAs":["https:\/\/gradido.net"],"url":"https:\/\/gradido.net\/it\/author\/gr4dmin\/"}]}},"_links":{"self":[{"href":"https:\/\/gradido.net\/it\/wp-json\/wp\/v2\/posts\/616","targetHints":{"allow":["GET"]}}],"collection":[{"href":"https:\/\/gradido.net\/it\/wp-json\/wp\/v2\/posts"}],"about":[{"href":"https:\/\/gradido.net\/it\/wp-json\/wp\/v2\/types\/post"}],"author":[{"embeddable":true,"href":"https:\/\/gradido.net\/it\/wp-json\/wp\/v2\/users\/1"}],"replies":[{"embeddable":true,"href":"https:\/\/gradido.net\/it\/wp-json\/wp\/v2\/comments?post=616"}],"version-history":[{"count":15,"href":"https:\/\/gradido.net\/it\/wp-json\/wp\/v2\/posts\/616\/revisions"}],"predecessor-version":[{"id":3718,"href":"https:\/\/gradido.net\/it\/wp-json\/wp\/v2\/posts\/616\/revisions\/3718"}],"wp:featuredmedia":[{"embeddable":true,"href":"https:\/\/gradido.net\/it\/wp-json\/wp\/v2\/media\/858"}],"wp:attachment":[{"href":"https:\/\/gradido.net\/it\/wp-json\/wp\/v2\/media?parent=616"}],"wp:term":[{"taxonomy":"category","embeddable":true,"href":"https:\/\/gradido.net\/it\/wp-json\/wp\/v2\/categories?post=616"},{"taxonomy":"post_tag","embeddable":true,"href":"https:\/\/gradido.net\/it\/wp-json\/wp\/v2\/tags?post=616"}],"curies":[{"name":"wp","href":"https:\/\/api.w.org\/{rel}","templated":true}]}}