{"id":657,"date":"2020-09-16T16:19:00","date_gmt":"2020-09-16T14:19:00","guid":{"rendered":"http:\/\/neu.gradido.net\/?p=657"},"modified":"2021-12-11T09:19:06","modified_gmt":"2021-12-11T08:19:06","slug":"gemeinwohlwaehrung-statt-existenzverlust","status":"publish","type":"post","link":"https:\/\/gradido.net\/it\/gemeinwohlwaehrung-statt-existenzverlust\/","title":{"rendered":"Ondata di insolvenza come opportunit\u00e0"},"content":{"rendered":"<div data-elementor-type=\"wp-post\" data-elementor-id=\"657\" class=\"elementor elementor-657\" data-elementor-post-type=\"post\">\n\t\t\t\t\t\t<section class=\"elementor-section elementor-top-section elementor-element elementor-element-60efa048 elementor-section-boxed elementor-section-height-default elementor-section-height-default\" data-id=\"60efa048\" data-element_type=\"section\" data-e-type=\"section\">\n\t\t\t\t\t\t<div class=\"elementor-container elementor-column-gap-default\">\n\t\t\t\t\t<div class=\"elementor-column elementor-col-100 elementor-top-column elementor-element elementor-element-74c9f994\" data-id=\"74c9f994\" data-element_type=\"column\" data-e-type=\"column\">\n\t\t\t<div class=\"elementor-widget-wrap elementor-element-populated\">\n\t\t\t\t\t\t<div class=\"elementor-element elementor-element-35df8729 elementor-widget elementor-widget-text-editor\" data-id=\"35df8729\" data-element_type=\"widget\" data-e-type=\"widget\" data-widget_type=\"text-editor.default\">\n\t\t\t\t<div class=\"elementor-widget-container\">\n\t\t\t\t\t\t\t\t\t<div>\n<h3>Moneta buona comune invece della perdita di esistenza<\/h3>\n<p><strong>K\u00fcnzelsau, 16 settembre 2020 - Al pi\u00f9 tardi entro la fine dell'anno, una vera e propria ondata di fallimenti travolger\u00e0 la Germania. L'associazione tedesca del commercio al dettaglio (HDE) teme circa 50.000 chiusure di imprese. L'associazione tedesca degli alberghi e dei ristoranti \u00e8 alle prese con la pi\u00f9 grande crisi del dopoguerra: il 61,6% delle imprese di ospitalit\u00e0 teme per la propria esistenza. Secondo l'Associazione Tedesca dei Viaggi (DRV), l'industria del turismo ha gi\u00e0 subito perdite di vendite per 10,8 miliardi di euro in giugno a causa del blocco. Giornalisti, artisti, pubblicitari e innumerevoli piccole imprese temono anche per il loro lavoro. Gli esperti di bionica economica della Gradido Academy vedono come prospettiva dopo questa crisi un sistema economico e finanziario fondamentalmente cambiato. Il loro modello promette possibilit\u00e0 senza precedenti per la sicurezza e il riorientamento dei mezzi di sussistenza - grazie a un \"Reddito di base attivo\".<\/strong><\/p>\n<p>Le insolvenze che hanno causato o beneficiato delle misure di corona non sono ancora state registrate, in quanto il governo tedesco ha sospeso l'obbligo di presentare istanza di insolvenza durante la crisi della corona per attenuarne gli effetti. Fino alla fine dell'anno, le societ\u00e0 i cui debiti superano il patrimonio esistente possono ancora rinviare l'applicazione. Tuttavia, coloro che sono effettivamente insolventi dovranno presentare istanza di insolvenza a partire dal 1\u00b0 ottobre 2020. Ogni insolvenza non significa necessariamente che i lavoratori dipendenti perdano il lavoro, ma c'\u00e8 da aspettarsi che molti lavoratori dipendenti e autonomi restino senza lavoro entro la fine dell'anno - e c'\u00e8 molta paura.<\/p>\n<p>Poich\u00e9 l'esistenza di intere industrie \u00e8 minacciata, molte persone non saranno pi\u00f9 in grado di lavorare nella loro professione appresa, ma dovranno prendere in considerazione una nuova professione o una nuova formazione - se disponibile. Se si pensa agli esperti di bionica economica dell'Accademia di Gradido, questa crisi offre anche una grande opportunit\u00e0 per correggere cose che da tempo hanno richiesto un riorientamento fondamentale.<\/p>\n<p>\"Il sistema finanziario globale minaccia ora di fallire, seguito da insolvenze di massa, disoccupazione record e povert\u00e0 estrema\", avverte Bernd H\u00fcckst\u00e4dt, cofondatore dell'Accademia. Queste sfide possono essere affrontate solo con un nuovo sistema monetario sostenibile in cui gli incentivi economici, ecologici e sociali puntino nella stessa direzione. La Gradido Academy ha sviluppato un sistema di questo tipo.<\/p>\n<h4>La bionica economica si mette a fuoco<\/h4>\n<p>Secondo H\u00fcckst\u00e4dt, il blocco globale della corona ha reso visibile la vulnerabilit\u00e0 del sistema economico dominante - e la necessit\u00e0 di un ripensamento. La febbrile ricerca di vie d'uscita dalla crisi ha portato l'ancora giovane scienza della bionica economica a un'attenzione senza precedenti. Da oltre 20 anni la Gradido Academy si occupa di ci\u00f2 che l'economia pu\u00f2 imparare dalla natura. Cos\u00ec come ogni ingegnere aeronautico dovrebbe studiare il volo degli uccelli, l'accademia sta studiando quali processi naturali potrebbero servire da modello per processi economici di successo. Il risultato di anni di ricerca \u00e8 il bene comune 'Gradido'. Il suo scopo \u00e8 quello di garantire il sostentamento delle persone in tutto il mondo e di rendere il mondo della vita e del lavoro pi\u00f9 vario e appagante. I principi fondamentali del modello sono il \"reddito di base attivo\", la \"partecipazione incondizionata\" e il \"triplo welfare\". La paura dell'esistenza \u00e8 di appartenere al passato, cos\u00ec come l'ostracismo sociale e l'isolamento.<\/p>\n<h4>\"Reddito di base attivo\" al posto dell'indennit\u00e0 di disoccupazione<\/h4>\n<p>Grazie al \"Reddito di base attivo\" secondo il modello Gradido, ogni persona pu\u00f2 ottenere un reddito di base per il bene comune attraverso attivit\u00e0 di sua scelta. Inoltre, hanno la possibilit\u00e0 di esplorare le proprie capacit\u00e0 in un modo completamente nuovo, in modo da poter prendere una nuova strada, se necessario. Invece della sensazione di aver fallito - la paura dell'esistenza e la paura di minacciare l'isolamento sociale - le persone dovrebbero sviluppare la gioia nello sviluppo personale, la fede nelle proprie capacit\u00e0 e il desiderio di un nuovo inizio\", spiega H\u00fcckst\u00e4dt.<\/p>\n<p>Per ogni persona, 1.000 Gradido (GDD) della valuta comune \u00e8 disponibile mensilmente come reddito di base. Un Gradido corrisponde al valore di un euro. Questo \"reddito di base attivo\" si differenzia in modo significativo dal tanto discusso \"reddito di base incondizionato\" in quanto le persone di tutte le et\u00e0 contribuiscono alla comunit\u00e0 secondo le loro possibilit\u00e0 individuali per poterlo rivendicare. Un massimo di 50 ore al mese sono remunerate con 20 GDD ciascuno. Questa somma \u00e8 un importo di base, oltre ad altre fonti di reddito.<\/p>\n<h4>Partecipazione incondizionata\" per i test e lo sviluppo<\/h4>\n<p>Il \"reddito di base attivo\" garantisce cos\u00ec una \"partecipazione incondizionata\" alla vita sociale. Concretamente, ci\u00f2 significa che ognuno pu\u00f2 usare le proprie inclinazioni e le proprie capacit\u00e0 dove pi\u00f9 gli conviene. Le attivit\u00e0 pratiche, artistiche e creative sono benvenute tanto quanto l'assunzione di compiti sociali. L'idea di base della \"Partecipazione incondizionata\" \u00e8 che ognuno pu\u00f2 contribuire con i propri talenti personali a rafforzare la comunit\u00e0 e allo stesso tempo a sviluppare il proprio potenziale. In questo modo pu\u00f2 trovare il miglior modo possibile per entrare nella vita professionale o per un cambio di rotta. La \"Partecipazione incondizionata\" \u00e8 anche esplicitamente intesa ad aiutare a sviluppare nuove idee, visioni e competenze di cui l'umanit\u00e0 ha cos\u00ec urgentemente bisogno in questo momento.<\/p>\n<h4>Sicurezza in caso di crisi grazie al triplo benessere<\/h4>\n<p>Il principio etico di base di Gradido si basa sulla conciliazione del benessere dell'individuo con quello della comunit\u00e0 e del pi\u00f9 grande insieme - in termini di natura e di ambiente. Per ogni persona nel mondo, ogni mese vengono creati in totale 3.000 Gradido (GDD). Un terzo va ad ogni cittadino come \"Reddito di base attivo\", il secondo terzo viene ricevuto dallo Stato per i suoi servizi alla comunit\u00e0 e il terzo va ad un fondo di compensazione e ambientale per consentire il risanamento degli oneri economici ed ecologici. Tutto sommato, sarebbero disponibili pi\u00f9 soldi per i servizi statali e per il sistema sanitario di prima - senza debiti e senza tasse.<\/p>\n<p>\"Poich\u00e9 l'imminente ondata di insolvenze potrebbe minacciare l'esistenza di cos\u00ec tante persone, sono ormai indispensabili nuove soluzioni. I tempi sono maturi per Gradido, e noi consideriamo nostra responsabilit\u00e0 introdurre questo modello nella discussione politica\", sottolinea H\u00fcckst\u00e4dt, mentre la sua partner Margret Baier aggiunge: \"Con questa soluzione basata sui principi della natura, possiamo garantire un futuro degno di essere vissuto per le generazioni presenti e future\".<\/p>\n<p>Dettagli del \"modello Gradido\" sotto&nbsp;<a href=\"https:\/\/gradido.net\/it\/\">https:\/\/gradido.net<\/a><\/p>\n<p><\/p>\n<\/div>\n<div>\n<div>\n<p><strong>Informazioni sulla Accademia Gradido<\/strong><br>La Gradido Academy for Economic Bionics ha sviluppato una \"moneta del bene comune\" alternativa basata sui modelli della natura. La natura segue la regola che solo dove qualcosa passa pu\u00f2 emergere qualcosa di nuovo, e quindi \u00e8 possibile un miglioramento a lungo termine (evoluzione). La sua ricetta per il successo \u00e8 il \"ciclo della vita\". Se anche la nostra economia seguisse questo ciclo naturale, allora, secondo la valutazione dei biologi economici, si potrebbero risolvere praticamente tutti i problemi monetari del mondo. Il modello Gradido si basa sull'idea che non solo ogni persona, ma anche ogni Stato riceve un reddito generato su base creditizia. In questo modo pu\u00f2 svolgere tutti i suoi compiti senza dover riscuotere le tasse. La deflazione o l'inflazione appartengono al passato. L'economia \u00e8 liberata dalla costante costrizione a crescere, il pericolo di un crollo del sistema finanziario \u00e8 finalmente scongiurato.&nbsp;<a href=\"https:\/\/gradido.net\/it\/\">(www.gradido.net<\/a>)<\/p>\n<\/div>\n<\/div>\t\t\t\t\t\t\t\t<\/div>\n\t\t\t\t<\/div>\n\t\t\t\t\t<\/div>\n\t\t<\/div>\n\t\t\t\t\t<\/div>\n\t\t<\/section>\n\t\t\t\t<\/div>","protected":false},"excerpt":{"rendered":"<p>Gemeinwohlw\u00e4hrung statt Existenzverlust K\u00fcnzelsau, 16. September 2020&nbsp;\u2013 Sp\u00e4testens zum Jahresende wird eine regelrechte Pleitewelle Deutschland \u00fcberrollen. Rund 50.000 Gesch\u00e4ftsschlie\u00dfungen bef\u00fcrchtet der Handelsverband Deutschland (HDE). Der Deutsche Hotel- und Gastst\u00e4ttenverband k\u00e4mpft mit der gr\u00f6\u00dften Krise der Nachkriegszeit: 61,6 Prozent der gastgewerblichen Unternehmen bangen um ihre Existenz. Die Tourismusindustrie hatte dem Deutschem Reiseverband (DRV) zufolge bereits im [&hellip;]<\/p>\n","protected":false},"author":1,"featured_media":842,"comment_status":"closed","ping_status":"closed","sticky":false,"template":"","format":"standard","meta":{"footnotes":""},"categories":[8],"tags":[14],"class_list":["post-657","post","type-post","status-publish","format-standard","has-post-thumbnail","hentry","category-pressemitteilung","tag-finanzsystem"],"yoast_head":"<!-- This site is optimized with the Yoast SEO plugin v27.5 - https:\/\/yoast.com\/product\/yoast-seo-wordpress\/ -->\n<title>Insolvenzwelle als Chance - Gradido<\/title>\n<meta name=\"robots\" content=\"index, follow, max-snippet:-1, max-image-preview:large, max-video-preview:-1\" \/>\n<link rel=\"canonical\" href=\"https:\/\/gradido.net\/it\/gemeinwohlwaehrung-statt-existenzverlust\/\" \/>\n<meta property=\"og:locale\" content=\"it_IT\" \/>\n<meta property=\"og:type\" content=\"article\" \/>\n<meta property=\"og:title\" content=\"Insolvenzwelle als Chance - Gradido\" \/>\n<meta property=\"og:description\" content=\"Gemeinwohlw\u00e4hrung statt Existenzverlust K\u00fcnzelsau, 16. September 2020&nbsp;\u2013 Sp\u00e4testens zum Jahresende wird eine regelrechte Pleitewelle Deutschland \u00fcberrollen. Rund 50.000 Gesch\u00e4ftsschlie\u00dfungen bef\u00fcrchtet der Handelsverband Deutschland (HDE). Der Deutsche Hotel- und Gastst\u00e4ttenverband k\u00e4mpft mit der gr\u00f6\u00dften Krise der Nachkriegszeit: 61,6 Prozent der gastgewerblichen Unternehmen bangen um ihre Existenz. Die Tourismusindustrie hatte dem Deutschem Reiseverband (DRV) zufolge bereits im [&hellip;]\" \/>\n<meta property=\"og:url\" content=\"https:\/\/gradido.net\/it\/gemeinwohlwaehrung-statt-existenzverlust\/\" \/>\n<meta property=\"og:site_name\" content=\"Gradido\" \/>\n<meta property=\"article:published_time\" content=\"2020-09-16T14:19:00+00:00\" \/>\n<meta property=\"article:modified_time\" content=\"2021-12-11T08:19:06+00:00\" \/>\n<meta property=\"og:image\" content=\"https:\/\/gradido.net\/wp-content\/uploads\/2020\/09\/insolvenz-als-zweite-chance.jpg\" \/>\n\t<meta property=\"og:image:width\" content=\"1000\" \/>\n\t<meta property=\"og:image:height\" content=\"684\" \/>\n\t<meta property=\"og:image:type\" content=\"image\/jpeg\" \/>\n<meta name=\"author\" content=\"GR4dmin\" \/>\n<meta name=\"twitter:card\" content=\"summary_large_image\" \/>\n<meta name=\"twitter:label1\" content=\"Scritto da\" \/>\n\t<meta name=\"twitter:data1\" content=\"GR4dmin\" \/>\n\t<meta name=\"twitter:label2\" content=\"Tempo di lettura stimato\" \/>\n\t<meta name=\"twitter:data2\" content=\"6 minuti\" \/>\n<script type=\"application\/ld+json\" class=\"yoast-schema-graph\">{\"@context\":\"https:\\\/\\\/schema.org\",\"@graph\":[{\"@type\":\"Article\",\"@id\":\"https:\\\/\\\/gradido.net\\\/pt\\\/gemeinwohlwaehrung-statt-existenzverlust\\\/#article\",\"isPartOf\":{\"@id\":\"https:\\\/\\\/gradido.net\\\/pt\\\/gemeinwohlwaehrung-statt-existenzverlust\\\/\"},\"author\":{\"name\":\"GR4dmin\",\"@id\":\"https:\\\/\\\/gradido.net\\\/de\\\/#\\\/schema\\\/person\\\/9f913f37a47e7a82ad686b58fc907588\"},\"headline\":\"Insolvenzwelle als Chance\",\"datePublished\":\"2020-09-16T14:19:00+00:00\",\"dateModified\":\"2021-12-11T08:19:06+00:00\",\"mainEntityOfPage\":{\"@id\":\"https:\\\/\\\/gradido.net\\\/pt\\\/gemeinwohlwaehrung-statt-existenzverlust\\\/\"},\"wordCount\":1129,\"publisher\":{\"@id\":\"https:\\\/\\\/gradido.net\\\/de\\\/#organization\"},\"image\":{\"@id\":\"https:\\\/\\\/gradido.net\\\/pt\\\/gemeinwohlwaehrung-statt-existenzverlust\\\/#primaryimage\"},\"thumbnailUrl\":\"https:\\\/\\\/gradido.net\\\/wp-content\\\/uploads\\\/2020\\\/09\\\/insolvenz-als-zweite-chance.jpg\",\"keywords\":[\"Finanzsystem\"],\"articleSection\":[\"Pressemitteilung\"],\"inLanguage\":\"it-IT\"},{\"@type\":\"WebPage\",\"@id\":\"https:\\\/\\\/gradido.net\\\/pt\\\/gemeinwohlwaehrung-statt-existenzverlust\\\/\",\"url\":\"https:\\\/\\\/gradido.net\\\/pt\\\/gemeinwohlwaehrung-statt-existenzverlust\\\/\",\"name\":\"Insolvenzwelle als Chance - Gradido\",\"isPartOf\":{\"@id\":\"https:\\\/\\\/gradido.net\\\/de\\\/#website\"},\"primaryImageOfPage\":{\"@id\":\"https:\\\/\\\/gradido.net\\\/pt\\\/gemeinwohlwaehrung-statt-existenzverlust\\\/#primaryimage\"},\"image\":{\"@id\":\"https:\\\/\\\/gradido.net\\\/pt\\\/gemeinwohlwaehrung-statt-existenzverlust\\\/#primaryimage\"},\"thumbnailUrl\":\"https:\\\/\\\/gradido.net\\\/wp-content\\\/uploads\\\/2020\\\/09\\\/insolvenz-als-zweite-chance.jpg\",\"datePublished\":\"2020-09-16T14:19:00+00:00\",\"dateModified\":\"2021-12-11T08:19:06+00:00\",\"breadcrumb\":{\"@id\":\"https:\\\/\\\/gradido.net\\\/pt\\\/gemeinwohlwaehrung-statt-existenzverlust\\\/#breadcrumb\"},\"inLanguage\":\"it-IT\",\"potentialAction\":[{\"@type\":\"ReadAction\",\"target\":[\"https:\\\/\\\/gradido.net\\\/pt\\\/gemeinwohlwaehrung-statt-existenzverlust\\\/\"]}]},{\"@type\":\"ImageObject\",\"inLanguage\":\"it-IT\",\"@id\":\"https:\\\/\\\/gradido.net\\\/pt\\\/gemeinwohlwaehrung-statt-existenzverlust\\\/#primaryimage\",\"url\":\"https:\\\/\\\/gradido.net\\\/wp-content\\\/uploads\\\/2020\\\/09\\\/insolvenz-als-zweite-chance.jpg\",\"contentUrl\":\"https:\\\/\\\/gradido.net\\\/wp-content\\\/uploads\\\/2020\\\/09\\\/insolvenz-als-zweite-chance.jpg\",\"width\":1000,\"height\":684},{\"@type\":\"BreadcrumbList\",\"@id\":\"https:\\\/\\\/gradido.net\\\/pt\\\/gemeinwohlwaehrung-statt-existenzverlust\\\/#breadcrumb\",\"itemListElement\":[{\"@type\":\"ListItem\",\"position\":1,\"name\":\"Startseite\",\"item\":\"https:\\\/\\\/gradido.net\\\/\"},{\"@type\":\"ListItem\",\"position\":2,\"name\":\"Insolvenzwelle als Chance\"}]},{\"@type\":\"WebSite\",\"@id\":\"https:\\\/\\\/gradido.net\\\/de\\\/#website\",\"url\":\"https:\\\/\\\/gradido.net\\\/de\\\/\",\"name\":\"Gradido\",\"description\":\"Die neue W\u00e4hrung hei\u00dft Dankbarkeit\",\"publisher\":{\"@id\":\"https:\\\/\\\/gradido.net\\\/de\\\/#organization\"},\"potentialAction\":[{\"@type\":\"SearchAction\",\"target\":{\"@type\":\"EntryPoint\",\"urlTemplate\":\"https:\\\/\\\/gradido.net\\\/de\\\/?s={search_term_string}\"},\"query-input\":{\"@type\":\"PropertyValueSpecification\",\"valueRequired\":true,\"valueName\":\"search_term_string\"}}],\"inLanguage\":\"it-IT\"},{\"@type\":\"Organization\",\"@id\":\"https:\\\/\\\/gradido.net\\\/de\\\/#organization\",\"name\":\"Gradido\",\"url\":\"https:\\\/\\\/gradido.net\\\/de\\\/\",\"logo\":{\"@type\":\"ImageObject\",\"inLanguage\":\"it-IT\",\"@id\":\"https:\\\/\\\/gradido.net\\\/de\\\/#\\\/schema\\\/logo\\\/image\\\/\",\"url\":\"https:\\\/\\\/gradido.net\\\/wp-content\\\/uploads\\\/2022\\\/04\\\/gradido-social.jpg\",\"contentUrl\":\"https:\\\/\\\/gradido.net\\\/wp-content\\\/uploads\\\/2022\\\/04\\\/gradido-social.jpg\",\"width\":527,\"height\":273,\"caption\":\"Gradido\"},\"image\":{\"@id\":\"https:\\\/\\\/gradido.net\\\/de\\\/#\\\/schema\\\/logo\\\/image\\\/\"}},{\"@type\":\"Person\",\"@id\":\"https:\\\/\\\/gradido.net\\\/de\\\/#\\\/schema\\\/person\\\/9f913f37a47e7a82ad686b58fc907588\",\"name\":\"GR4dmin\",\"sameAs\":[\"https:\\\/\\\/gradido.net\"],\"url\":\"https:\\\/\\\/gradido.net\\\/it\\\/author\\\/gr4dmin\\\/\"}]}<\/script>\n<!-- \/ Yoast SEO plugin. -->","yoast_head_json":{"title":"L'ondata di insolvenza come opportunit\u00e0 - Gradido","robots":{"index":"index","follow":"follow","max-snippet":"max-snippet:-1","max-image-preview":"max-image-preview:large","max-video-preview":"max-video-preview:-1"},"canonical":"https:\/\/gradido.net\/it\/gemeinwohlwaehrung-statt-existenzverlust\/","og_locale":"it_IT","og_type":"article","og_title":"Insolvenzwelle als Chance - Gradido","og_description":"Gemeinwohlw\u00e4hrung statt Existenzverlust K\u00fcnzelsau, 16. September 2020&nbsp;\u2013 Sp\u00e4testens zum Jahresende wird eine regelrechte Pleitewelle Deutschland \u00fcberrollen. Rund 50.000 Gesch\u00e4ftsschlie\u00dfungen bef\u00fcrchtet der Handelsverband Deutschland (HDE). Der Deutsche Hotel- und Gastst\u00e4ttenverband k\u00e4mpft mit der gr\u00f6\u00dften Krise der Nachkriegszeit: 61,6 Prozent der gastgewerblichen Unternehmen bangen um ihre Existenz. Die Tourismusindustrie hatte dem Deutschem Reiseverband (DRV) zufolge bereits im [&hellip;]","og_url":"https:\/\/gradido.net\/it\/gemeinwohlwaehrung-statt-existenzverlust\/","og_site_name":"Gradido","article_published_time":"2020-09-16T14:19:00+00:00","article_modified_time":"2021-12-11T08:19:06+00:00","og_image":[{"width":1000,"height":684,"url":"https:\/\/gradido.net\/wp-content\/uploads\/2020\/09\/insolvenz-als-zweite-chance.jpg","type":"image\/jpeg"}],"author":"GR4dmin","twitter_card":"summary_large_image","twitter_misc":{"Scritto da":"GR4dmin","Tempo di lettura stimato":"6 minuti"},"schema":{"@context":"https:\/\/schema.org","@graph":[{"@type":"Article","@id":"https:\/\/gradido.net\/pt\/gemeinwohlwaehrung-statt-existenzverlust\/#article","isPartOf":{"@id":"https:\/\/gradido.net\/pt\/gemeinwohlwaehrung-statt-existenzverlust\/"},"author":{"name":"GR4dmin","@id":"https:\/\/gradido.net\/de\/#\/schema\/person\/9f913f37a47e7a82ad686b58fc907588"},"headline":"Insolvenzwelle als Chance","datePublished":"2020-09-16T14:19:00+00:00","dateModified":"2021-12-11T08:19:06+00:00","mainEntityOfPage":{"@id":"https:\/\/gradido.net\/pt\/gemeinwohlwaehrung-statt-existenzverlust\/"},"wordCount":1129,"publisher":{"@id":"https:\/\/gradido.net\/de\/#organization"},"image":{"@id":"https:\/\/gradido.net\/pt\/gemeinwohlwaehrung-statt-existenzverlust\/#primaryimage"},"thumbnailUrl":"https:\/\/gradido.net\/wp-content\/uploads\/2020\/09\/insolvenz-als-zweite-chance.jpg","keywords":["Finanzsystem"],"articleSection":["Pressemitteilung"],"inLanguage":"it-IT"},{"@type":"WebPage","@id":"https:\/\/gradido.net\/pt\/gemeinwohlwaehrung-statt-existenzverlust\/","url":"https:\/\/gradido.net\/pt\/gemeinwohlwaehrung-statt-existenzverlust\/","name":"L'ondata di insolvenza come opportunit\u00e0 - Gradido","isPartOf":{"@id":"https:\/\/gradido.net\/de\/#website"},"primaryImageOfPage":{"@id":"https:\/\/gradido.net\/pt\/gemeinwohlwaehrung-statt-existenzverlust\/#primaryimage"},"image":{"@id":"https:\/\/gradido.net\/pt\/gemeinwohlwaehrung-statt-existenzverlust\/#primaryimage"},"thumbnailUrl":"https:\/\/gradido.net\/wp-content\/uploads\/2020\/09\/insolvenz-als-zweite-chance.jpg","datePublished":"2020-09-16T14:19:00+00:00","dateModified":"2021-12-11T08:19:06+00:00","breadcrumb":{"@id":"https:\/\/gradido.net\/pt\/gemeinwohlwaehrung-statt-existenzverlust\/#breadcrumb"},"inLanguage":"it-IT","potentialAction":[{"@type":"ReadAction","target":["https:\/\/gradido.net\/pt\/gemeinwohlwaehrung-statt-existenzverlust\/"]}]},{"@type":"ImageObject","inLanguage":"it-IT","@id":"https:\/\/gradido.net\/pt\/gemeinwohlwaehrung-statt-existenzverlust\/#primaryimage","url":"https:\/\/gradido.net\/wp-content\/uploads\/2020\/09\/insolvenz-als-zweite-chance.jpg","contentUrl":"https:\/\/gradido.net\/wp-content\/uploads\/2020\/09\/insolvenz-als-zweite-chance.jpg","width":1000,"height":684},{"@type":"BreadcrumbList","@id":"https:\/\/gradido.net\/pt\/gemeinwohlwaehrung-statt-existenzverlust\/#breadcrumb","itemListElement":[{"@type":"ListItem","position":1,"name":"Startseite","item":"https:\/\/gradido.net\/"},{"@type":"ListItem","position":2,"name":"Insolvenzwelle als Chance"}]},{"@type":"WebSite","@id":"https:\/\/gradido.net\/de\/#website","url":"https:\/\/gradido.net\/de\/","name":"Gradido","description":"La nuova moneta \u00e8 la gratitudine","publisher":{"@id":"https:\/\/gradido.net\/de\/#organization"},"potentialAction":[{"@type":"SearchAction","target":{"@type":"EntryPoint","urlTemplate":"https:\/\/gradido.net\/de\/?s={search_term_string}"},"query-input":{"@type":"PropertyValueSpecification","valueRequired":true,"valueName":"search_term_string"}}],"inLanguage":"it-IT"},{"@type":"Organization","@id":"https:\/\/gradido.net\/de\/#organization","name":"Gradido","url":"https:\/\/gradido.net\/de\/","logo":{"@type":"ImageObject","inLanguage":"it-IT","@id":"https:\/\/gradido.net\/de\/#\/schema\/logo\/image\/","url":"https:\/\/gradido.net\/wp-content\/uploads\/2022\/04\/gradido-social.jpg","contentUrl":"https:\/\/gradido.net\/wp-content\/uploads\/2022\/04\/gradido-social.jpg","width":527,"height":273,"caption":"Gradido"},"image":{"@id":"https:\/\/gradido.net\/de\/#\/schema\/logo\/image\/"}},{"@type":"Person","@id":"https:\/\/gradido.net\/de\/#\/schema\/person\/9f913f37a47e7a82ad686b58fc907588","name":"GR4dmin","sameAs":["https:\/\/gradido.net"],"url":"https:\/\/gradido.net\/it\/author\/gr4dmin\/"}]}},"_links":{"self":[{"href":"https:\/\/gradido.net\/it\/wp-json\/wp\/v2\/posts\/657","targetHints":{"allow":["GET"]}}],"collection":[{"href":"https:\/\/gradido.net\/it\/wp-json\/wp\/v2\/posts"}],"about":[{"href":"https:\/\/gradido.net\/it\/wp-json\/wp\/v2\/types\/post"}],"author":[{"embeddable":true,"href":"https:\/\/gradido.net\/it\/wp-json\/wp\/v2\/users\/1"}],"replies":[{"embeddable":true,"href":"https:\/\/gradido.net\/it\/wp-json\/wp\/v2\/comments?post=657"}],"version-history":[{"count":9,"href":"https:\/\/gradido.net\/it\/wp-json\/wp\/v2\/posts\/657\/revisions"}],"predecessor-version":[{"id":3730,"href":"https:\/\/gradido.net\/it\/wp-json\/wp\/v2\/posts\/657\/revisions\/3730"}],"wp:featuredmedia":[{"embeddable":true,"href":"https:\/\/gradido.net\/it\/wp-json\/wp\/v2\/media\/842"}],"wp:attachment":[{"href":"https:\/\/gradido.net\/it\/wp-json\/wp\/v2\/media?parent=657"}],"wp:term":[{"taxonomy":"category","embeddable":true,"href":"https:\/\/gradido.net\/it\/wp-json\/wp\/v2\/categories?post=657"},{"taxonomy":"post_tag","embeddable":true,"href":"https:\/\/gradido.net\/it\/wp-json\/wp\/v2\/tags?post=657"}],"curies":[{"name":"wp","href":"https:\/\/api.w.org\/{rel}","templated":true}]}}