{"id":7278,"date":"2023-08-22T05:59:47","date_gmt":"2023-08-22T03:59:47","guid":{"rendered":"https:\/\/gradido.net\/?p=7278"},"modified":"2026-04-23T07:13:06","modified_gmt":"2026-04-23T05:13:06","slug":"lieblingsstadt-5-wolfgang-wird-arbeitslos-gemeinsam-finden-sie-eine-geniale-loesung","status":"publish","type":"post","link":"https:\/\/gradido.net\/it\/lieblingsstadt-5-wolfgang-wird-arbeitslos-gemeinsam-finden-sie-eine-geniale-loesung\/","title":{"rendered":"La citt\u00e0 preferita 5 - Wolfgang rimane disoccupato: insieme trovano una soluzione ingegnosa"},"content":{"rendered":"<div data-elementor-type=\"wp-post\" data-elementor-id=\"7278\" class=\"elementor elementor-7278\" data-elementor-post-type=\"post\">\n\t\t\t\t\t\t<section class=\"elementor-section elementor-top-section elementor-element elementor-element-496e1d53 elementor-section-boxed elementor-section-height-default elementor-section-height-default\" data-id=\"496e1d53\" data-element_type=\"section\" data-e-type=\"section\">\n\t\t\t\t\t\t<div class=\"elementor-container elementor-column-gap-default\">\n\t\t\t\t\t<div class=\"elementor-column elementor-col-100 elementor-top-column elementor-element elementor-element-461d7be0\" data-id=\"461d7be0\" data-element_type=\"column\" data-e-type=\"column\">\n\t\t\t<div class=\"elementor-widget-wrap elementor-element-populated\">\n\t\t\t\t\t\t<div class=\"elementor-element elementor-element-cd9ebe2 elementor-widget elementor-widget-text-editor\" data-id=\"cd9ebe2\" data-element_type=\"widget\" data-e-type=\"widget\" data-widget_type=\"text-editor.default\">\n\t\t\t\t<div class=\"elementor-widget-container\">\n\t\t\t\t\t\t\t\t\t<p style=\"text-align: right;\"><em>\"Amo il mio lavoro e amo le persone. E quando c'\u00e8 un incendio, faccio di tutto per salvare la vita delle persone\".<\/em><\/p><p>Caro lettore,<\/p><p>Per anni Wolfgang ha lavorato nella tradizionale manifattura calzaturiera preferita della citt\u00e0. Le scarpe che producevano erano conosciute e amate ben oltre i confini della citt\u00e0 per la loro qualit\u00e0 e la perfetta lavorazione artigianale. Ma come molte altre aziende, la \"Lieblingsst\u00e4dter\" non riusc\u00ec a resistere alla pressione incessante della concorrenza internazionale. Un giorno dovettero dichiarare bancarotta e molti cittadini persero il loro lavoro fino ad allora sicuro.<\/p><p>Wolfgang \u00e8 uno di loro. Per salvare la manifattura, un anno fa aveva accettato di lavorare solo part-time, riducendo cos\u00ec il suo stipendio a una buona met\u00e0. Con conseguenze devastanti, perch\u00e9 il sussidio di disoccupazione \u00e8 pari ad appena il 60 % del suo ultimo stipendio. Nonostante i molti anni di esperienza lavorativa, \u00e8 stato classificato come difficile da collocare perch\u00e9 le sue competenze erano troppo specializzate.<\/p><p>Lo stile di vita di Wolfgang cambi\u00f2 drasticamente. Le sue visite regolari alla Pizzeria Napoli, che significavano tanto per lui, non erano pi\u00f9 possibili.<\/p>\t\t\t\t\t\t\t\t<\/div>\n\t\t\t\t<\/div>\n\t\t\t\t<div class=\"elementor-element elementor-element-42ba56c elementor-widget elementor-widget-text-editor\" data-id=\"42ba56c\" data-element_type=\"widget\" data-e-type=\"widget\" data-widget_type=\"text-editor.default\">\n\t\t\t\t<div class=\"elementor-widget-container\">\n\t\t\t\t\t\t\t\t\t<h3>Eroe coraggioso e angelo salvatore<\/h3><p>Wolfgang si \u00e8 unito ai vigili del fuoco volontari da giovane. Si \u00e8 messo pi\u00f9 volte in pericolo di vita per salvare delle persone, riportando gravi ustioni che fortunatamente sono guarite bene.<\/p>\t\t\t\t\t\t\t\t<\/div>\n\t\t\t\t<\/div>\n\t\t\t\t<div class=\"elementor-element elementor-element-b482206 elementor-widget elementor-widget-image\" data-id=\"b482206\" data-element_type=\"widget\" data-e-type=\"widget\" data-widget_type=\"image.default\">\n\t\t\t\t<div class=\"elementor-widget-container\">\n\t\t\t\t\t\t\t\t\t\t\t\t\t\t\t<img fetchpriority=\"high\" decoding=\"async\" width=\"500\" height=\"281\" src=\"https:\/\/gradido.net\/wp-content\/uploads\/2023\/08\/Rettet_Kind_500.jpg\" class=\"attachment-full size-full wp-image-7283\" alt=\"\" srcset=\"https:\/\/gradido.net\/wp-content\/uploads\/2023\/08\/Rettet_Kind_500.jpg 500w, https:\/\/gradido.net\/wp-content\/uploads\/2023\/08\/Rettet_Kind_500-300x169.jpg 300w, https:\/\/gradido.net\/wp-content\/uploads\/2023\/08\/Rettet_Kind_500-18x10.jpg 18w\" sizes=\"(max-width: 500px) 100vw, 500px\" \/>\t\t\t\t\t\t\t\t\t\t\t\t\t\t\t<\/div>\n\t\t\t\t<\/div>\n\t\t\t\t<div class=\"elementor-element elementor-element-c5e61d4 elementor-widget elementor-widget-text-editor\" data-id=\"c5e61d4\" data-element_type=\"widget\" data-e-type=\"widget\" data-widget_type=\"text-editor.default\">\n\t\t\t\t<div class=\"elementor-widget-container\">\n\t\t\t\t\t\t\t\t\t<p>Ricorda molto bene l'incendio della vecchia pizzeria dove salv\u00f2 dalle fiamme Alessia, la figlia di Giulia e Antonio. La vecchia casa bruci\u00f2 completamente in quel momento. Grazie al coraggioso aiuto dei vigili del fuoco, nessuna persona rimase ferita. Giulia e Toni dovettero cercare una nuova sede e la trovarono nel centro storico, in una bella casa in pietra della Gr\u00fcnderzeit.<\/p><h3>Poveri senza colpa - e in Germania!<\/h3><p>E ora Wolfgang dovrebbe rinunciare alla deliziosa pizza, al buon vino e alla cara compagnia dei suoi amici perch\u00e9 non ha i soldi per pagare il conto? Toni lo inviterebbe sicuramente. Ma chiedere l'elemosina? No, non lo farebbe mai!<\/p><h3>La luce alla fine del tunnel<\/h3>\t\t\t\t\t\t\t\t<\/div>\n\t\t\t\t<\/div>\n\t\t\t\t<div class=\"elementor-element elementor-element-f223bb6 elementor-widget elementor-widget-image\" data-id=\"f223bb6\" data-element_type=\"widget\" data-e-type=\"widget\" data-widget_type=\"image.default\">\n\t\t\t\t<div class=\"elementor-widget-container\">\n\t\t\t\t\t\t\t\t\t\t\t\t\t\t\t<img decoding=\"async\" src=\"https:\/\/gradido.net\/wp-content\/uploads\/elementor\/thumbs\/gradido_willkommen-qh4sa6qrtxpi7no868dzryzxtv0zvq4mm4m6twz9h4.png\" title=\"gradido_benvenuto\" alt=\"gradido_benvenuto\" loading=\"lazy\" \/>\t\t\t\t\t\t\t\t\t\t\t\t\t\t\t<\/div>\n\t\t\t\t<\/div>\n\t\t\t\t<div class=\"elementor-element elementor-element-0499f3c elementor-widget elementor-widget-text-editor\" data-id=\"0499f3c\" data-element_type=\"widget\" data-e-type=\"widget\" data-widget_type=\"text-editor.default\">\n\t\t\t\t<div class=\"elementor-widget-container\">\n\t\t\t\t\t\t\t\t\t<p>Un giorno sente parlare dei Gradido Days, un'iniziativa della pizzeria nell'ambito del progetto Gradido. Gli ospiti meno abbienti possono mangiare e bere l\u00ec due giorni alla settimana per il Gradido. Ha abbastanza Gradido, perch\u00e9 da quando il sindaco Michael Miteinand ha introdotto l'innovativo sistema di remunerazione dei beni comuni \"Gradido\", viene pagato 20 Gradido all'ora per il suo servizio antincendio.<\/p><h3>Wolfgang si fa coraggio e interviene<\/h3>\t\t\t\t\t\t\t\t<\/div>\n\t\t\t\t<\/div>\n\t\t\t\t<div class=\"elementor-element elementor-element-392458a elementor-widget elementor-widget-image\" data-id=\"392458a\" data-element_type=\"widget\" data-e-type=\"widget\" data-widget_type=\"image.default\">\n\t\t\t\t<div class=\"elementor-widget-container\">\n\t\t\t\t\t\t\t\t\t\t\t\t\t\t\t<img decoding=\"async\" width=\"500\" height=\"375\" src=\"https:\/\/gradido.net\/wp-content\/uploads\/2023\/08\/Pizzeria_Tu\u0308r_500.jpg\" class=\"attachment-full size-full wp-image-7285\" alt=\"\" srcset=\"https:\/\/gradido.net\/wp-content\/uploads\/2023\/08\/Pizzeria_Tu\u0308r_500.jpg 500w, https:\/\/gradido.net\/wp-content\/uploads\/2023\/08\/Pizzeria_Tu\u0308r_500-300x225.jpg 300w, https:\/\/gradido.net\/wp-content\/uploads\/2023\/08\/Pizzeria_Tu\u0308r_500-16x12.jpg 16w\" sizes=\"(max-width: 500px) 100vw, 500px\" \/>\t\t\t\t\t\t\t\t\t\t\t\t\t\t\t<\/div>\n\t\t\t\t<\/div>\n\t\t\t\t<div class=\"elementor-element elementor-element-8fcbf61 elementor-widget elementor-widget-text-editor\" data-id=\"8fcbf61\" data-element_type=\"widget\" data-e-type=\"widget\" data-widget_type=\"text-editor.default\">\n\t\t\t\t<div class=\"elementor-widget-container\">\n\t\t\t\t\t\t\t\t\t<p>Con il cuore che batte, Wolfgang si insinua senza farsi notare nella pizzeria. Immaginate: il coraggioso uomo forte che ha gi\u00e0 salvato diverse persone dalle fiamme si vergogna della sua povert\u00e0 economica e non osa entrare!\u00a0<\/p><p>Finalmente si fa coraggio. Timidamente varca la porta e, con sua grande sorpresa e gioia, viene accolto da Giulia e Antonio a braccia aperte: \"Il nostro caro amico \u00e8 tornato!\". (Gli ospiti presenti esultano. Wolfgang ha le lacrime di gioia agli occhi. Profondamente commosso, si siede al tavolo dei clienti abituali con i suoi amici.<\/p><h3>Un'idea comune per un piano grandioso<\/h3><p>Gli amici di Wolfgang sono persone orientate alla soluzione. Insieme sviluppano un piano grandioso, che poi vogliono presentare al sindaco.<\/p>\t\t\t\t\t\t\t\t<\/div>\n\t\t\t\t<\/div>\n\t\t\t\t<div class=\"elementor-element elementor-element-876c3ba elementor-widget elementor-widget-image\" data-id=\"876c3ba\" data-element_type=\"widget\" data-e-type=\"widget\" data-widget_type=\"image.default\">\n\t\t\t\t<div class=\"elementor-widget-container\">\n\t\t\t\t\t\t\t\t\t\t\t\t\t\t\t<img decoding=\"async\" width=\"800\" height=\"400\" src=\"https:\/\/gradido.net\/wp-content\/uploads\/2023\/08\/Idee_800.png\" class=\"attachment-large size-large wp-image-7299\" alt=\"\" srcset=\"https:\/\/gradido.net\/wp-content\/uploads\/2023\/08\/Idee_800.png 800w, https:\/\/gradido.net\/wp-content\/uploads\/2023\/08\/Idee_800-300x150.png 300w, https:\/\/gradido.net\/wp-content\/uploads\/2023\/08\/Idee_800-768x384.png 768w, https:\/\/gradido.net\/wp-content\/uploads\/2023\/08\/Idee_800-18x9.png 18w\" sizes=\"(max-width: 800px) 100vw, 800px\" \/>\t\t\t\t\t\t\t\t\t\t\t\t\t\t\t<\/div>\n\t\t\t\t<\/div>\n\t\t\t\t<div class=\"elementor-element elementor-element-1fc6d53 elementor-widget elementor-widget-text-editor\" data-id=\"1fc6d53\" data-element_type=\"widget\" data-e-type=\"widget\" data-widget_type=\"text-editor.default\">\n\t\t\t\t<div class=\"elementor-widget-container\">\n\t\t\t\t\t\t\t\t\t<p>Per sfruttare l'esperienza di Wolfgang e allo stesso tempo aiutare la comunit\u00e0, pensano di continuare la produzione di scarpe su base volontaria. Uno degli ospiti suggerisce di avviare un nuovo marchio con il nome di <strong>Volontario della citt\u00e0 preferita<\/strong> per creare. Gli ex dipendenti si offrivano inizialmente come volontari per produrre nuovamente le scarpe, con i modelli tradizionali e l'alta qualit\u00e0 per cui Lieblingsst\u00e4dter \u00e8 cos\u00ec famoso.\u00a0<\/p><p>Il lavoro di volontariato \u00e8 remunerato con punti Gradido e le scarpe sono offerte online con sconti Gradido. I volontari di tutto il mondo di lingua tedesca potranno cos\u00ec godere di scarpe di alta qualit\u00e0 a prezzi estremamente convenienti. Con un po' di fortuna e di marketing, \"Lieblingsst\u00e4dter Ehrenamt\" diventer\u00e0 un marchio di culto, grazie al quale i volontari potranno riconoscersi a vicenda...<\/p>\t\t\t\t\t\t\t\t<\/div>\n\t\t\t\t<\/div>\n\t\t\t\t<div class=\"elementor-element elementor-element-84f7bbd elementor-widget elementor-widget-image\" data-id=\"84f7bbd\" data-element_type=\"widget\" data-e-type=\"widget\" data-widget_type=\"image.default\">\n\t\t\t\t<div class=\"elementor-widget-container\">\n\t\t\t\t\t\t\t\t\t\t\t\t\t\t\t<img loading=\"lazy\" decoding=\"async\" width=\"500\" height=\"264\" src=\"https:\/\/gradido.net\/wp-content\/uploads\/2023\/08\/Wein_500.jpg\" class=\"attachment-full size-full wp-image-7286\" alt=\"\" srcset=\"https:\/\/gradido.net\/wp-content\/uploads\/2023\/08\/Wein_500.jpg 500w, https:\/\/gradido.net\/wp-content\/uploads\/2023\/08\/Wein_500-300x158.jpg 300w, https:\/\/gradido.net\/wp-content\/uploads\/2023\/08\/Wein_500-18x10.jpg 18w\" sizes=\"(max-width: 500px) 100vw, 500px\" \/>\t\t\t\t\t\t\t\t\t\t\t\t\t\t\t<\/div>\n\t\t\t\t<\/div>\n\t\t\t\t<div class=\"elementor-element elementor-element-abb92cd elementor-widget elementor-widget-text-editor\" data-id=\"abb92cd\" data-element_type=\"widget\" data-e-type=\"widget\" data-widget_type=\"text-editor.default\">\n\t\t\t\t<div class=\"elementor-widget-container\">\n\t\t\t\t\t\t\t\t\t<p>Le idee sono fluite in questa lunga serata, proprio come il buon vino italiano.<\/p><p>Inizia cos\u00ec un nuovo, emozionante capitolo per Wolfgang e i suoi amici della Pizzeria Napoli - e per tutta Lieblingsstadt.<\/p>\t\t\t\t\t\t\t\t<\/div>\n\t\t\t\t<\/div>\n\t\t\t\t<div class=\"elementor-element elementor-element-e858257 elementor-widget-divider--view-line elementor-widget elementor-widget-divider\" data-id=\"e858257\" data-element_type=\"widget\" data-e-type=\"widget\" data-widget_type=\"divider.default\">\n\t\t\t\t<div class=\"elementor-widget-container\">\n\t\t\t\t\t\t\t<div class=\"elementor-divider\">\n\t\t\t<span class=\"elementor-divider-separator\">\n\t\t\t\t\t\t<\/span>\n\t\t<\/div>\n\t\t\t\t\t\t<\/div>\n\t\t\t\t<\/div>\n\t\t\t\t<div class=\"elementor-element elementor-element-d74dfa0 elementor-widget elementor-widget-text-editor\" data-id=\"d74dfa0\" data-element_type=\"widget\" data-e-type=\"widget\" data-widget_type=\"text-editor.default\">\n\t\t\t\t<div class=\"elementor-widget-container\">\n\t\t\t\t\t\t\t\t\t<div data-pm-slice=\"1 1 []\" data-en-clipboard=\"true\"><p>In questo quinto post della nostra serie <strong>\"Gradido nella citt\u00e0 preferita\"<\/strong> impariamo come l'attuale turbocapitalismo stia trascinando nel baratro cittadini irreprensibili, indipendentemente dai grandi risultati ottenuti in precedenza.<\/p><p>Assistiamo anche a come gli abitanti della citt\u00e0 favorita si aiutano con la creativit\u00e0 e lo spirito comunitario.  In questo modo, utilizzano il sistema di ricompensa Gradido per riprendere il potere sul loro destino comune.<\/p><p>L'episodio successivo \u00e8 dedicato al salvataggio del calzaturificio cittadino preferito, che diventa un modello per altri salvataggi aziendali.<\/p><p><strong>Non esitate a trasmettere questa serie al vostro consiglio comunale, alle associazioni e ai commercianti!<\/strong><\/p><p>Se non agiamo insieme adesso, la tendenza al ribasso continuer\u00e0, l'economia sar\u00e0 messa al muro, la classe media sar\u00e0 minata e molti comuni crolleranno sotto il peso del debito.\u00a0<\/p><p>Con Gradido abbiamo tra le mani uno strumento efficace per progettare una vita e un successo positivi. Insieme trasformiamo le nostre citt\u00e0 e le nostre comunit\u00e0 in oasi di vita e prosperit\u00e0 - i nostri luoghi preferiti!<\/p><p>Cordiali saluti<\/p><\/div><p>Il tuo<\/p><p><img loading=\"lazy\" decoding=\"async\" class=\"alignnone wp-image-4614 size-medium\" src=\"https:\/\/gradido.net\/wp-content\/uploads\/2022\/06\/MargretBernd_2022-300x74.png\" alt=\"\" width=\"300\" height=\"74\" srcset=\"https:\/\/gradido.net\/wp-content\/uploads\/2022\/06\/MargretBernd_2022-300x74.png 300w, https:\/\/gradido.net\/wp-content\/uploads\/2022\/06\/MargretBernd_2022-18x4.png 18w, https:\/\/gradido.net\/wp-content\/uploads\/2022\/06\/MargretBernd_2022.png 431w\" sizes=\"(max-width: 300px) 100vw, 300px\" \/><\/p><p>Margret Baier e Bernd H\u00fcckst\u00e4dt<br \/>Fondatore e sviluppatore di Gradido<\/p>\t\t\t\t\t\t\t\t<\/div>\n\t\t\t\t<\/div>\n\t\t\t\t\t<\/div>\n\t\t<\/div>\n\t\t\t\t\t<\/div>\n\t\t<\/section>\n\t\t\t\t<section class=\"elementor-section elementor-top-section elementor-element elementor-element-c8ffe78 elementor-section-boxed elementor-section-height-default elementor-section-height-default\" data-id=\"c8ffe78\" data-element_type=\"section\" data-e-type=\"section\">\n\t\t\t\t\t\t<div class=\"elementor-container elementor-column-gap-default\">\n\t\t\t\t\t<div class=\"elementor-column elementor-col-100 elementor-top-column elementor-element elementor-element-4330b09\" data-id=\"4330b09\" data-element_type=\"column\" data-e-type=\"column\">\n\t\t\t<div class=\"elementor-widget-wrap elementor-element-populated\">\n\t\t\t\t\t\t<div class=\"elementor-element elementor-element-3db9a1b elementor-position-inline-start white-links elementor-widget__width-initial elementor-view-default elementor-mobile-position-block-start elementor-widget elementor-widget-icon-box\" data-id=\"3db9a1b\" data-element_type=\"widget\" data-e-type=\"widget\" data-no-translation=\"\" data-widget_type=\"icon-box.default\">\n\t\t\t\t<div class=\"elementor-widget-container\">\n\t\t\t\t\t<style>.elementor-element-3db9a1b{display:none !important}<\/style>\t\t\t\t<\/div>\n\t\t\t\t<\/div>\n\t\t\t\t\t<\/div>\n\t\t<\/div>\n\t\t\t\t\t<\/div>\n\t\t<\/section>\n\t\t\t\t<section class=\"elementor-section elementor-top-section elementor-element elementor-element-14532fe elementor-section-boxed elementor-section-height-default elementor-section-height-default\" data-id=\"14532fe\" data-element_type=\"section\" data-e-type=\"section\">\n\t\t\t\t\t\t<div class=\"elementor-container elementor-column-gap-default\">\n\t\t\t\t\t<div class=\"elementor-column elementor-col-100 elementor-top-column elementor-element elementor-element-65d2298\" data-id=\"65d2298\" data-element_type=\"column\" data-e-type=\"column\">\n\t\t\t<div class=\"elementor-widget-wrap elementor-element-populated\">\n\t\t\t\t\t\t<div class=\"elementor-element elementor-element-076e4ff elementor-widget elementor-widget-global elementor-global-9341 elementor-widget-text-editor\" data-id=\"076e4ff\" data-element_type=\"widget\" data-e-type=\"widget\" data-widget_type=\"text-editor.default\">\n\t\t\t\t<div class=\"elementor-widget-container\">\n\t\t\t\t\t\t\t\t\t<p><strong>PS:\u00a0<span style=\"color: #ff6600;\"><a style=\"color: #ff6600;\" href=\"https:\/\/gradido.net\/it\/donations\/\">Data l'importanza sempre crescente del Gradido, ripetiamo la nostra campagna di gratitudine il 26 giugno 2026:<\/a>\u00a0<\/span><span style=\"color: #0000ff;\"><a style=\"color: #0000ff;\" href=\"https:\/\/gradido.net\/it\/donations\/\">Oltre al GradidoTransform multiplo per il vostro contributo di sponsorizzazione, aumenteremo tutti i saldi dei conti GDT di 26% il 26\/06\/2016. Sponsorizzate ora e godetevi l'importo multiplo di GDT!<\/a><\/span><\/strong><\/p>\t\t\t\t\t\t\t\t<\/div>\n\t\t\t\t<\/div>\n\t\t\t\t\t<\/div>\n\t\t<\/div>\n\t\t\t\t\t<\/div>\n\t\t<\/section>\n\t\t\t\t<\/div>","protected":false},"excerpt":{"rendered":"<p>La \"Lieblingsst\u00e4dter Schuhmanufaktur\" non pu\u00f2 reggere la concorrenza internazionale e deve dichiarare bancarotta. Molti cittadini perdono il lavoro. Wolfgang \u00e8 uno di loro. Insieme ai suoi amici ha la brillante idea...<\/p>","protected":false},"author":2,"featured_media":7282,"comment_status":"closed","ping_status":"closed","sticky":false,"template":"","format":"standard","meta":{"footnotes":""},"categories":[11,53],"tags":[22],"class_list":["post-7278","post","type-post","status-publish","format-standard","has-post-thumbnail","hentry","category-blog","category-lieblingsstadt","tag-bild-oben"],"yoast_head":"<!-- This site is optimized with the Yoast SEO plugin v27.5 - https:\/\/yoast.com\/product\/yoast-seo-wordpress\/ -->\n<title>Lieblingsstadt 5 \u2013 Wolfgang wird arbeitslos \u2013 gemeinsam finden sie eine geniale L\u00f6sung - Gradido<\/title>\n<meta name=\"description\" content=\"Die \u201aLieblingsst\u00e4dter Schuhmanufaktur\u2018 kann der internationalen Konkurrenz nicht standhalten und muss Konkurs anmelden. Viele B\u00fcrger verlieren ihren Arbeitsplatz. Wolfgang ist einer von ihnen. Gemeinsam mit seinen Freunden hat er die z\u00fcndende Idee\u2026\" \/>\n<meta name=\"robots\" content=\"index, follow, max-snippet:-1, max-image-preview:large, max-video-preview:-1\" \/>\n<link rel=\"canonical\" href=\"https:\/\/gradido.net\/it\/lieblingsstadt-5-wolfgang-wird-arbeitslos-gemeinsam-finden-sie-eine-geniale-loesung\/\" \/>\n<meta property=\"og:locale\" content=\"it_IT\" \/>\n<meta property=\"og:type\" content=\"article\" \/>\n<meta property=\"og:title\" content=\"Lieblingsstadt 5 \u2013 Wolfgang wird arbeitslos \u2013 gemeinsam finden sie eine geniale L\u00f6sung - Gradido\" \/>\n<meta property=\"og:description\" content=\"Die \u201aLieblingsst\u00e4dter Schuhmanufaktur\u2018 kann der internationalen Konkurrenz nicht standhalten und muss Konkurs anmelden. Viele B\u00fcrger verlieren ihren Arbeitsplatz. Wolfgang ist einer von ihnen. Gemeinsam mit seinen Freunden hat er die z\u00fcndende Idee\u2026\" \/>\n<meta property=\"og:url\" content=\"https:\/\/gradido.net\/it\/lieblingsstadt-5-wolfgang-wird-arbeitslos-gemeinsam-finden-sie-eine-geniale-loesung\/\" \/>\n<meta property=\"og:site_name\" content=\"Gradido\" \/>\n<meta property=\"article:published_time\" content=\"2023-08-22T03:59:47+00:00\" \/>\n<meta property=\"article:modified_time\" content=\"2026-04-23T05:13:06+00:00\" \/>\n<meta property=\"og:image\" content=\"https:\/\/gradido.net\/wp-content\/uploads\/2023\/08\/Wolfgang_1920_3.jpg\" \/>\n\t<meta property=\"og:image:width\" content=\"1920\" \/>\n\t<meta property=\"og:image:height\" content=\"1200\" \/>\n\t<meta property=\"og:image:type\" content=\"image\/jpeg\" \/>\n<meta name=\"author\" content=\"Bernd H\u00fcckst\u00e4dt\" \/>\n<meta name=\"twitter:card\" content=\"summary_large_image\" \/>\n<meta name=\"twitter:label1\" content=\"Scritto da\" \/>\n\t<meta name=\"twitter:data1\" content=\"Bernd H\u00fcckst\u00e4dt\" \/>\n\t<meta name=\"twitter:label2\" content=\"Tempo di lettura stimato\" \/>\n\t<meta name=\"twitter:data2\" content=\"7 minuti\" \/>\n<script type=\"application\/ld+json\" class=\"yoast-schema-graph\">{\"@context\":\"https:\\\/\\\/schema.org\",\"@graph\":[{\"@type\":\"Article\",\"@id\":\"https:\\\/\\\/gradido.net\\\/lieblingsstadt-5-wolfgang-wird-arbeitslos-gemeinsam-finden-sie-eine-geniale-loesung\\\/#article\",\"isPartOf\":{\"@id\":\"https:\\\/\\\/gradido.net\\\/lieblingsstadt-5-wolfgang-wird-arbeitslos-gemeinsam-finden-sie-eine-geniale-loesung\\\/\"},\"author\":{\"name\":\"Bernd H\u00fcckst\u00e4dt\",\"@id\":\"https:\\\/\\\/gradido.net\\\/de\\\/#\\\/schema\\\/person\\\/9c503a004ad15a1ddecadce2218db5d1\"},\"headline\":\"Lieblingsstadt 5 \u2013 Wolfgang wird arbeitslos \u2013 gemeinsam finden sie eine geniale L\u00f6sung\",\"datePublished\":\"2023-08-22T03:59:47+00:00\",\"dateModified\":\"2026-04-23T05:13:06+00:00\",\"mainEntityOfPage\":{\"@id\":\"https:\\\/\\\/gradido.net\\\/lieblingsstadt-5-wolfgang-wird-arbeitslos-gemeinsam-finden-sie-eine-geniale-loesung\\\/\"},\"wordCount\":953,\"publisher\":{\"@id\":\"https:\\\/\\\/gradido.net\\\/de\\\/#organization\"},\"image\":{\"@id\":\"https:\\\/\\\/gradido.net\\\/lieblingsstadt-5-wolfgang-wird-arbeitslos-gemeinsam-finden-sie-eine-geniale-loesung\\\/#primaryimage\"},\"thumbnailUrl\":\"https:\\\/\\\/gradido.net\\\/wp-content\\\/uploads\\\/2023\\\/08\\\/Wolfgang_1920_3.jpg\",\"keywords\":[\"Bild oben\"],\"articleSection\":[\"Blog\",\"Lieblingsstadt\"],\"inLanguage\":\"it-IT\"},{\"@type\":\"WebPage\",\"@id\":\"https:\\\/\\\/gradido.net\\\/lieblingsstadt-5-wolfgang-wird-arbeitslos-gemeinsam-finden-sie-eine-geniale-loesung\\\/\",\"url\":\"https:\\\/\\\/gradido.net\\\/lieblingsstadt-5-wolfgang-wird-arbeitslos-gemeinsam-finden-sie-eine-geniale-loesung\\\/\",\"name\":\"Lieblingsstadt 5 \u2013 Wolfgang wird arbeitslos \u2013 gemeinsam finden sie eine geniale L\u00f6sung - Gradido\",\"isPartOf\":{\"@id\":\"https:\\\/\\\/gradido.net\\\/de\\\/#website\"},\"primaryImageOfPage\":{\"@id\":\"https:\\\/\\\/gradido.net\\\/lieblingsstadt-5-wolfgang-wird-arbeitslos-gemeinsam-finden-sie-eine-geniale-loesung\\\/#primaryimage\"},\"image\":{\"@id\":\"https:\\\/\\\/gradido.net\\\/lieblingsstadt-5-wolfgang-wird-arbeitslos-gemeinsam-finden-sie-eine-geniale-loesung\\\/#primaryimage\"},\"thumbnailUrl\":\"https:\\\/\\\/gradido.net\\\/wp-content\\\/uploads\\\/2023\\\/08\\\/Wolfgang_1920_3.jpg\",\"datePublished\":\"2023-08-22T03:59:47+00:00\",\"dateModified\":\"2026-04-23T05:13:06+00:00\",\"description\":\"Die \u201aLieblingsst\u00e4dter Schuhmanufaktur\u2018 kann der internationalen Konkurrenz nicht standhalten und muss Konkurs anmelden. Viele B\u00fcrger verlieren ihren Arbeitsplatz. Wolfgang ist einer von ihnen. Gemeinsam mit seinen Freunden hat er die z\u00fcndende Idee\u2026\",\"breadcrumb\":{\"@id\":\"https:\\\/\\\/gradido.net\\\/lieblingsstadt-5-wolfgang-wird-arbeitslos-gemeinsam-finden-sie-eine-geniale-loesung\\\/#breadcrumb\"},\"inLanguage\":\"it-IT\",\"potentialAction\":[{\"@type\":\"ReadAction\",\"target\":[\"https:\\\/\\\/gradido.net\\\/lieblingsstadt-5-wolfgang-wird-arbeitslos-gemeinsam-finden-sie-eine-geniale-loesung\\\/\"]}]},{\"@type\":\"ImageObject\",\"inLanguage\":\"it-IT\",\"@id\":\"https:\\\/\\\/gradido.net\\\/lieblingsstadt-5-wolfgang-wird-arbeitslos-gemeinsam-finden-sie-eine-geniale-loesung\\\/#primaryimage\",\"url\":\"https:\\\/\\\/gradido.net\\\/wp-content\\\/uploads\\\/2023\\\/08\\\/Wolfgang_1920_3.jpg\",\"contentUrl\":\"https:\\\/\\\/gradido.net\\\/wp-content\\\/uploads\\\/2023\\\/08\\\/Wolfgang_1920_3.jpg\",\"width\":1920,\"height\":1200},{\"@type\":\"BreadcrumbList\",\"@id\":\"https:\\\/\\\/gradido.net\\\/lieblingsstadt-5-wolfgang-wird-arbeitslos-gemeinsam-finden-sie-eine-geniale-loesung\\\/#breadcrumb\",\"itemListElement\":[{\"@type\":\"ListItem\",\"position\":1,\"name\":\"Startseite\",\"item\":\"https:\\\/\\\/gradido.net\\\/\"},{\"@type\":\"ListItem\",\"position\":2,\"name\":\"Lieblingsstadt 5 \u2013 Wolfgang wird arbeitslos \u2013 gemeinsam finden sie eine geniale L\u00f6sung\"}]},{\"@type\":\"WebSite\",\"@id\":\"https:\\\/\\\/gradido.net\\\/de\\\/#website\",\"url\":\"https:\\\/\\\/gradido.net\\\/de\\\/\",\"name\":\"Gradido\",\"description\":\"Die neue W\u00e4hrung hei\u00dft Dankbarkeit\",\"publisher\":{\"@id\":\"https:\\\/\\\/gradido.net\\\/de\\\/#organization\"},\"potentialAction\":[{\"@type\":\"SearchAction\",\"target\":{\"@type\":\"EntryPoint\",\"urlTemplate\":\"https:\\\/\\\/gradido.net\\\/de\\\/?s={search_term_string}\"},\"query-input\":{\"@type\":\"PropertyValueSpecification\",\"valueRequired\":true,\"valueName\":\"search_term_string\"}}],\"inLanguage\":\"it-IT\"},{\"@type\":\"Organization\",\"@id\":\"https:\\\/\\\/gradido.net\\\/de\\\/#organization\",\"name\":\"Gradido\",\"url\":\"https:\\\/\\\/gradido.net\\\/de\\\/\",\"logo\":{\"@type\":\"ImageObject\",\"inLanguage\":\"it-IT\",\"@id\":\"https:\\\/\\\/gradido.net\\\/de\\\/#\\\/schema\\\/logo\\\/image\\\/\",\"url\":\"https:\\\/\\\/gradido.net\\\/wp-content\\\/uploads\\\/2022\\\/04\\\/gradido-social.jpg\",\"contentUrl\":\"https:\\\/\\\/gradido.net\\\/wp-content\\\/uploads\\\/2022\\\/04\\\/gradido-social.jpg\",\"width\":527,\"height\":273,\"caption\":\"Gradido\"},\"image\":{\"@id\":\"https:\\\/\\\/gradido.net\\\/de\\\/#\\\/schema\\\/logo\\\/image\\\/\"}},{\"@type\":\"Person\",\"@id\":\"https:\\\/\\\/gradido.net\\\/de\\\/#\\\/schema\\\/person\\\/9c503a004ad15a1ddecadce2218db5d1\",\"name\":\"Bernd H\u00fcckst\u00e4dt\",\"sameAs\":[\"https:\\\/\\\/gradido.net\"],\"url\":\"https:\\\/\\\/gradido.net\\\/it\\\/author\\\/bernd\\\/\"}]}<\/script>\n<!-- \/ Yoast SEO plugin. -->","yoast_head_json":{"title":"La citt\u00e0 preferita 5 - Wolfgang rimane senza lavoro: insieme trovano una soluzione ingegnosa - Gradido","description":"La \"Lieblingsst\u00e4dter Schuhmanufaktur\" non pu\u00f2 reggere la concorrenza internazionale e deve dichiarare bancarotta. Molti cittadini perdono il lavoro. Wolfgang \u00e8 uno di loro. Insieme ai suoi amici ha la brillante idea...","robots":{"index":"index","follow":"follow","max-snippet":"max-snippet:-1","max-image-preview":"max-image-preview:large","max-video-preview":"max-video-preview:-1"},"canonical":"https:\/\/gradido.net\/it\/lieblingsstadt-5-wolfgang-wird-arbeitslos-gemeinsam-finden-sie-eine-geniale-loesung\/","og_locale":"it_IT","og_type":"article","og_title":"Lieblingsstadt 5 \u2013 Wolfgang wird arbeitslos \u2013 gemeinsam finden sie eine geniale L\u00f6sung - Gradido","og_description":"Die \u201aLieblingsst\u00e4dter Schuhmanufaktur\u2018 kann der internationalen Konkurrenz nicht standhalten und muss Konkurs anmelden. Viele B\u00fcrger verlieren ihren Arbeitsplatz. Wolfgang ist einer von ihnen. Gemeinsam mit seinen Freunden hat er die z\u00fcndende Idee\u2026","og_url":"https:\/\/gradido.net\/it\/lieblingsstadt-5-wolfgang-wird-arbeitslos-gemeinsam-finden-sie-eine-geniale-loesung\/","og_site_name":"Gradido","article_published_time":"2023-08-22T03:59:47+00:00","article_modified_time":"2026-04-23T05:13:06+00:00","og_image":[{"width":1920,"height":1200,"url":"https:\/\/gradido.net\/wp-content\/uploads\/2023\/08\/Wolfgang_1920_3.jpg","type":"image\/jpeg"}],"author":"Bernd H\u00fcckst\u00e4dt","twitter_card":"summary_large_image","twitter_misc":{"Scritto da":"Bernd H\u00fcckst\u00e4dt","Tempo di lettura stimato":"7 minuti"},"schema":{"@context":"https:\/\/schema.org","@graph":[{"@type":"Article","@id":"https:\/\/gradido.net\/lieblingsstadt-5-wolfgang-wird-arbeitslos-gemeinsam-finden-sie-eine-geniale-loesung\/#article","isPartOf":{"@id":"https:\/\/gradido.net\/lieblingsstadt-5-wolfgang-wird-arbeitslos-gemeinsam-finden-sie-eine-geniale-loesung\/"},"author":{"name":"Bernd H\u00fcckst\u00e4dt","@id":"https:\/\/gradido.net\/de\/#\/schema\/person\/9c503a004ad15a1ddecadce2218db5d1"},"headline":"Lieblingsstadt 5 \u2013 Wolfgang wird arbeitslos \u2013 gemeinsam finden sie eine geniale L\u00f6sung","datePublished":"2023-08-22T03:59:47+00:00","dateModified":"2026-04-23T05:13:06+00:00","mainEntityOfPage":{"@id":"https:\/\/gradido.net\/lieblingsstadt-5-wolfgang-wird-arbeitslos-gemeinsam-finden-sie-eine-geniale-loesung\/"},"wordCount":953,"publisher":{"@id":"https:\/\/gradido.net\/de\/#organization"},"image":{"@id":"https:\/\/gradido.net\/lieblingsstadt-5-wolfgang-wird-arbeitslos-gemeinsam-finden-sie-eine-geniale-loesung\/#primaryimage"},"thumbnailUrl":"https:\/\/gradido.net\/wp-content\/uploads\/2023\/08\/Wolfgang_1920_3.jpg","keywords":["Bild oben"],"articleSection":["Blog","Lieblingsstadt"],"inLanguage":"it-IT"},{"@type":"WebPage","@id":"https:\/\/gradido.net\/lieblingsstadt-5-wolfgang-wird-arbeitslos-gemeinsam-finden-sie-eine-geniale-loesung\/","url":"https:\/\/gradido.net\/lieblingsstadt-5-wolfgang-wird-arbeitslos-gemeinsam-finden-sie-eine-geniale-loesung\/","name":"La citt\u00e0 preferita 5 - Wolfgang rimane senza lavoro: insieme trovano una soluzione ingegnosa - Gradido","isPartOf":{"@id":"https:\/\/gradido.net\/de\/#website"},"primaryImageOfPage":{"@id":"https:\/\/gradido.net\/lieblingsstadt-5-wolfgang-wird-arbeitslos-gemeinsam-finden-sie-eine-geniale-loesung\/#primaryimage"},"image":{"@id":"https:\/\/gradido.net\/lieblingsstadt-5-wolfgang-wird-arbeitslos-gemeinsam-finden-sie-eine-geniale-loesung\/#primaryimage"},"thumbnailUrl":"https:\/\/gradido.net\/wp-content\/uploads\/2023\/08\/Wolfgang_1920_3.jpg","datePublished":"2023-08-22T03:59:47+00:00","dateModified":"2026-04-23T05:13:06+00:00","description":"La \"Lieblingsst\u00e4dter Schuhmanufaktur\" non pu\u00f2 reggere la concorrenza internazionale e deve dichiarare bancarotta. Molti cittadini perdono il lavoro. Wolfgang \u00e8 uno di loro. Insieme ai suoi amici ha la brillante idea...","breadcrumb":{"@id":"https:\/\/gradido.net\/lieblingsstadt-5-wolfgang-wird-arbeitslos-gemeinsam-finden-sie-eine-geniale-loesung\/#breadcrumb"},"inLanguage":"it-IT","potentialAction":[{"@type":"ReadAction","target":["https:\/\/gradido.net\/lieblingsstadt-5-wolfgang-wird-arbeitslos-gemeinsam-finden-sie-eine-geniale-loesung\/"]}]},{"@type":"ImageObject","inLanguage":"it-IT","@id":"https:\/\/gradido.net\/lieblingsstadt-5-wolfgang-wird-arbeitslos-gemeinsam-finden-sie-eine-geniale-loesung\/#primaryimage","url":"https:\/\/gradido.net\/wp-content\/uploads\/2023\/08\/Wolfgang_1920_3.jpg","contentUrl":"https:\/\/gradido.net\/wp-content\/uploads\/2023\/08\/Wolfgang_1920_3.jpg","width":1920,"height":1200},{"@type":"BreadcrumbList","@id":"https:\/\/gradido.net\/lieblingsstadt-5-wolfgang-wird-arbeitslos-gemeinsam-finden-sie-eine-geniale-loesung\/#breadcrumb","itemListElement":[{"@type":"ListItem","position":1,"name":"Startseite","item":"https:\/\/gradido.net\/"},{"@type":"ListItem","position":2,"name":"Lieblingsstadt 5 \u2013 Wolfgang wird arbeitslos \u2013 gemeinsam finden sie eine geniale L\u00f6sung"}]},{"@type":"WebSite","@id":"https:\/\/gradido.net\/de\/#website","url":"https:\/\/gradido.net\/de\/","name":"Gradido","description":"La nuova moneta \u00e8 la gratitudine","publisher":{"@id":"https:\/\/gradido.net\/de\/#organization"},"potentialAction":[{"@type":"SearchAction","target":{"@type":"EntryPoint","urlTemplate":"https:\/\/gradido.net\/de\/?s={search_term_string}"},"query-input":{"@type":"PropertyValueSpecification","valueRequired":true,"valueName":"search_term_string"}}],"inLanguage":"it-IT"},{"@type":"Organization","@id":"https:\/\/gradido.net\/de\/#organization","name":"Gradido","url":"https:\/\/gradido.net\/de\/","logo":{"@type":"ImageObject","inLanguage":"it-IT","@id":"https:\/\/gradido.net\/de\/#\/schema\/logo\/image\/","url":"https:\/\/gradido.net\/wp-content\/uploads\/2022\/04\/gradido-social.jpg","contentUrl":"https:\/\/gradido.net\/wp-content\/uploads\/2022\/04\/gradido-social.jpg","width":527,"height":273,"caption":"Gradido"},"image":{"@id":"https:\/\/gradido.net\/de\/#\/schema\/logo\/image\/"}},{"@type":"Person","@id":"https:\/\/gradido.net\/de\/#\/schema\/person\/9c503a004ad15a1ddecadce2218db5d1","name":"Bernd H\u00fcckst\u00e4dt","sameAs":["https:\/\/gradido.net"],"url":"https:\/\/gradido.net\/it\/author\/bernd\/"}]}},"_links":{"self":[{"href":"https:\/\/gradido.net\/it\/wp-json\/wp\/v2\/posts\/7278","targetHints":{"allow":["GET"]}}],"collection":[{"href":"https:\/\/gradido.net\/it\/wp-json\/wp\/v2\/posts"}],"about":[{"href":"https:\/\/gradido.net\/it\/wp-json\/wp\/v2\/types\/post"}],"author":[{"embeddable":true,"href":"https:\/\/gradido.net\/it\/wp-json\/wp\/v2\/users\/2"}],"replies":[{"embeddable":true,"href":"https:\/\/gradido.net\/it\/wp-json\/wp\/v2\/comments?post=7278"}],"version-history":[{"count":59,"href":"https:\/\/gradido.net\/it\/wp-json\/wp\/v2\/posts\/7278\/revisions"}],"predecessor-version":[{"id":13545,"href":"https:\/\/gradido.net\/it\/wp-json\/wp\/v2\/posts\/7278\/revisions\/13545"}],"wp:featuredmedia":[{"embeddable":true,"href":"https:\/\/gradido.net\/it\/wp-json\/wp\/v2\/media\/7282"}],"wp:attachment":[{"href":"https:\/\/gradido.net\/it\/wp-json\/wp\/v2\/media?parent=7278"}],"wp:term":[{"taxonomy":"category","embeddable":true,"href":"https:\/\/gradido.net\/it\/wp-json\/wp\/v2\/categories?post=7278"},{"taxonomy":"post_tag","embeddable":true,"href":"https:\/\/gradido.net\/it\/wp-json\/wp\/v2\/tags?post=7278"}],"curies":[{"name":"wp","href":"https:\/\/api.w.org\/{rel}","templated":true}]}}