{"id":910,"date":"2020-09-30T23:01:23","date_gmt":"2020-09-30T21:01:23","guid":{"rendered":"https:\/\/gradido.net\/?p=910"},"modified":"2021-12-11T09:20:17","modified_gmt":"2021-12-11T08:20:17","slug":"endlich-sicherheit-mit-perspektive","status":"publish","type":"post","link":"https:\/\/gradido.net\/it\/endlich-sicherheit-mit-perspektive\/","title":{"rendered":"Finalmente sicurezza con prospettiva"},"content":{"rendered":"<div data-elementor-type=\"wp-post\" data-elementor-id=\"910\" class=\"elementor elementor-910\" data-elementor-post-type=\"post\">\n\t\t\t\t\t\t<section class=\"elementor-section elementor-top-section elementor-element elementor-element-496e1d53 elementor-section-boxed elementor-section-height-default elementor-section-height-default\" data-id=\"496e1d53\" data-element_type=\"section\" data-e-type=\"section\">\n\t\t\t\t\t\t<div class=\"elementor-container elementor-column-gap-default\">\n\t\t\t\t\t<div class=\"elementor-column elementor-col-100 elementor-top-column elementor-element elementor-element-461d7be0\" data-id=\"461d7be0\" data-element_type=\"column\" data-e-type=\"column\">\n\t\t\t<div class=\"elementor-widget-wrap elementor-element-populated\">\n\t\t\t\t\t\t<div class=\"elementor-element elementor-element-cd9ebe2 elementor-widget elementor-widget-text-editor\" data-id=\"cd9ebe2\" data-element_type=\"widget\" data-e-type=\"widget\" data-widget_type=\"text-editor.default\">\n\t\t\t\t<div class=\"elementor-widget-container\">\n\t\t\t\t\t\t\t\t\t<h2>Reddito di base attivo per artisti e giornalisti freelance<\/h2><p><strong>K\u00fcnzelsau, 30 settembre 2020 - Cosa sarebbe un paese senza i suoi poeti, pensatori, musicisti, pittori, attori, cantanti, ballerini, giornalisti, pubblicisti e cineasti? Portano colore, gioia, domande, sentimenti, ispirazioni e visioni nella nostra vita. Ora, per\u00f2, i provvedimenti della Corona minacciano l'esistenza di innumerevoli lavoratori autonomi autonomi provenienti dai settori dell'arte, della cultura e della comunicazione. Gli aiuti pubblici d'emergenza sono del tutto inadeguati, il futuro \u00e8 incerto. Le persone colpite chiedono disperatamente un paracadute di salvataggio con una prospettiva. Il \"Reddito di base attivo\" vuole soddisfare questo desiderio. Un tale \"reddito di base in cambio\" pu\u00f2 non solo evitare che la crisi distrugga i mezzi di sussistenza, ma pu\u00f2 anche offrire finalmente ad artisti, operatori culturali e produttori di media indipendenti una solida base a lungo termine per vivere e lavorare. Il \"modello Gradido\" dell'omonima accademia mira a fornire il terreno ideale per la creativit\u00e0 e la gioia della creazione e quindi a salvare dal declino una parte indispensabile della nostra societ\u00e0.<\/strong><\/p><p>Secondo un recente sondaggio dell'Associazione dei giornalisti tedeschi (DJV), quest'anno circa il 50 per cento dei giornalisti freelance ha subito perdite talmente ingenti da non riuscire pi\u00f9 a guadagnarsi da vivere. Un freelance su tre nella gilda di scrittura non riceve attualmente alcun contratto. Tra i fotogiornalisti, uno su due \u00e8 senza reddito. La crisi attuale ha colpito ancora pi\u00f9 duramente gli artisti e gli operatori culturali. La maggior parte dei creativi indipendenti \u00e8 rimasta senza reddito per mesi. Il noto attore e doppiatore Frank R\u00f6th descrive con enfasi la situazione attuale: \"Il blocco e i mesi di chiusura di teatri, palcoscenici e studi di doppiaggio, le riprese cancellate o rimandate a tempo indeterminato, l'annullamento di eventi e festival sono per noi una catastrofe e equivalgono a un divieto professionale\".<\/p><p>Gli aiuti di Stato non sono efficaci per la grande maggioranza delle persone colpite. Tuttavia, pochissimi di coloro che operano nel settore culturale dispongono di riserve finanziarie. L'incertezza fa praticamente parte della vita quotidiana. Gli attori spesso cadono attraverso tutti i punti di sutura della previdenza sociale e del diritto del lavoro. Possono avere spese di gestione, ma non hanno un locale permanente, sono assunti \"non salariati\" o pagano i contributi dell'assicurazione contro la disoccupazione in modo cos\u00ec irregolare a causa dei loro impegni a breve termine che non possono quasi mai acquisire un diritto alle proprie prestazioni.<\/p><p>Anche prima di Corona, molti artisti erano passati da un impegno all'altro e avevano vissuto in \"circostanze precarie\". Tuttavia, la passione per il lavoro creativo \u00e8 sempre stata pi\u00f9 grande della ricerca della sicurezza finanziaria. Ma l'isolamento e le conseguenze che ne derivano stanno portando a problemi economici che solo pochi artisti possono sostenere da soli. Il padre di quattro figli, R\u00f6th (61 anni), ha gi\u00e0 superato con successo molte fasi difficili della sua carriera. Ma ora un problema completamente nuovo minaccia: \"Molti attori ora appartengono al 'gruppo a rischio' a causa della loro et\u00e0. Di conseguenza, il loro impegno per le societ\u00e0 di produzione \u00e8 legato a ridicoli premi di assicurazione contro gli annullamenti. Di conseguenza, i ruoli per gli attori over 60 vengono semplicemente rimossi dalle sceneggiature o riscritti per i personaggi pi\u00f9 giovani.<\/p><p>Il lavoro normale non \u00e8 in vista nel settore dell'arte e della cultura, con le restrizioni inasprite in vista dell'inverno che si avvicina. Gli aiuti statali d'emergenza sono insufficienti, e il futuro \u00e8 quindi estremamente incerto, secondo R\u00f6th: \"Poich\u00e9 il governo federale non ha ovviamente una strategia di uscita, non c'\u00e8 alcuna prospettiva di quando e se sar\u00e0 di nuovo possibile un ritorno a una vita quotidiana autodeterminata (professionale).<\/p><p><strong>Il reddito di base attivo crea una base per vivere e lavorare<\/strong><br \/>Tuttavia, se si pensa ai biologi economici della Gradido Academy, l'attuale crisi economica e finanziaria offre anche l'opportunit\u00e0 di correggere strutture che da tempo hanno bisogno di un riorientamento fondamentale. Le incerte condizioni esistenziali dei media e la nostra attivit\u00e0 culturale sono sicuramente una di queste. Qui \u00e8 necessario creare una base che renda possibile il lavoro creativo senza paura esistenziale. Un \"reddito di base attivo\" potrebbe non solo alleviare gli effetti fatali della crisi, ma anche offrire agli artisti, agli operatori culturali e ai media del nostro Paese una base pi\u00f9 solida per vivere e lavorare e quindi fornire un terreno fertile per la creativit\u00e0.<\/p><p>Da oltre 20 anni la Gradido Academy si occupa della questione di ci\u00f2 che il business pu\u00f2 imparare dalla natura. Il risultato di questa ampia ricerca pu\u00f2 essere trovato nel nuovo modello economico e finanziario intorno alla moneta comune 'Gradido'. Il suo scopo \u00e8 quello di fornire alle persone di tutto il mondo un sostentamento sicuro e di rendere il mondo della vita e del lavoro pi\u00f9 vario e appagante. Secondo Bernd H\u00fcckst\u00e4dt, co-fondatore dell'accademia, il 'Reddito di base attivo' \u00e8 un elemento centrale del modello Gradido: \"Ognuno pu\u00f2 ottenere un 'Reddito di base attivo' con attivit\u00e0 di propria scelta per il bene comune. Le competenze artistiche e creative sono qui indispensabili tanto quanto l'assunzione di compiti pratici e sociali. Ogni mese, 1.000 Gradido (GDD) \u00e8 disponibile come reddito di base per ogni persona. Un Gradido corrisponde al valore di un euro. Un massimo di 50 ore al mese sono remunerate con 20 GDD ciascuno. Questa somma \u00e8 un importo di base, oltre ad altre fonti di reddito. L'esistenza di ogni essere umano \u00e8 cos\u00ec assicurata e l'arte e la cultura non sono pi\u00f9 quasi automaticamente connesse con le preoccupazioni esistenziali.<\/p><p>L'attore R\u00f6th e i suoi colleghi hanno una nuova speranza per il modello Gradido: \"In tempi come questi, un reddito di base di qualsiasi tipo sarebbe di grande aiuto e sostegno. Il modello Gradido \u00e8 certamente uno degli approcci pi\u00f9 radicali e utopici ad un nuovo sistema economico e finanziario, ma cosa ci serve pi\u00f9 delle utopie oggi? Dovremmo discutere seriamente di questo nuovo modo, perch\u00e9 non solo potrebbe salvare l'arte, ma potrebbe anche rivelarsi adatto ai discepoli\".<\/p><p>Per i dettagli sul \"modello Gradido\" completo vedi <a href=\"https:\/\/gradido.net\/it\/\">https:\/\/gradido.net<\/a><\/p><p><!-- \/wp:paragraph --><\/p>\t\t\t\t\t\t\t\t<\/div>\n\t\t\t\t<\/div>\n\t\t\t\t<div class=\"elementor-element elementor-element-6fa6293 elementor-widget elementor-widget-image\" data-id=\"6fa6293\" data-element_type=\"widget\" data-e-type=\"widget\" data-widget_type=\"image.default\">\n\t\t\t\t<div class=\"elementor-widget-container\">\n\t\t\t\t\t\t\t\t\t\t\t\t\t\t\t<img fetchpriority=\"high\" decoding=\"async\" width=\"500\" height=\"750\" src=\"https:\/\/gradido.net\/wp-content\/uploads\/2020\/09\/frank-roeth.jpg\" class=\"attachment-medium_large size-medium_large wp-image-914\" alt=\"\" srcset=\"https:\/\/gradido.net\/wp-content\/uploads\/2020\/09\/frank-roeth.jpg 500w, https:\/\/gradido.net\/wp-content\/uploads\/2020\/09\/frank-roeth-200x300.jpg 200w\" sizes=\"(max-width: 500px) 100vw, 500px\" \/>\t\t\t\t\t\t\t\t\t\t\t\t\t\t\t<\/div>\n\t\t\t\t<\/div>\n\t\t\t\t<div class=\"elementor-element elementor-element-1eb7204 elementor-widget elementor-widget-text-editor\" data-id=\"1eb7204\" data-element_type=\"widget\" data-e-type=\"widget\" data-widget_type=\"text-editor.default\">\n\t\t\t\t<div class=\"elementor-widget-container\">\n\t\t\t\t\t\t\t\t\t<p>Frank R\u00f6th lavora come attore da oltre 30 anni. Ispira il pubblico e la critica non solo davanti alla macchina da presa (ad esempio, come padre di Josefine Preu\u00df nella fortunata serie Lotta della ZDF), ma anche come uno dei doppiatori pi\u00f9 impegnati in Germania (Ziemlich beste Freunde, Harry Potter e molti altri). Nel 2013 \u00e8 stato premiato con l'H\u00f6rbuchpreis des Deutschen Buchhandels. (Crediti immagine: Christian Hartmann)<\/p>\t\t\t\t\t\t\t\t<\/div>\n\t\t\t\t<\/div>\n\t\t\t\t<div class=\"elementor-element elementor-element-e9ff241 elementor-widget elementor-widget-text-editor\" data-id=\"e9ff241\" data-element_type=\"widget\" data-e-type=\"widget\" data-widget_type=\"text-editor.default\">\n\t\t\t\t<div class=\"elementor-widget-container\">\n\t\t\t\t\t\t\t\t\t<p><strong>Informazioni sulla Accademia Gradido<\/strong><br>L'Accademia Gradido per la bionica economica ha sviluppato una \"moneta del bene comune\" alternativa basata sui modelli della natura. La natura segue la regola che solo dove qualcosa passa pu\u00f2 emergere qualcosa di nuovo, e quindi \u00e8 possibile un miglioramento a lungo termine (evoluzione). La sua ricetta per il successo \u00e8 il \"ciclo della vita\". Se anche la nostra economia seguisse questo ciclo naturale, allora, secondo la valutazione dei esperti di bionica economica, si potrebbero risolvere praticamente tutti i problemi monetari del mondo. Il modello Gradido si basa sull'idea che non solo ogni persona, ma anche ogni Stato riceve un reddito generato su base di attivi. In questo modo pu\u00f2 svolgere tutti i suoi compiti senza dover riscuotere le tasse. La deflazione o l'inflazione appartengono al passato. L'economia \u00e8 liberata dalla costante costrizione a crescere, il pericolo di un crollo del sistema finanziario \u00e8 finalmente scongiurato.<a href=\"https:\/\/gradido.net\/it\/\">www.gradido.net<\/a>)<\/p>\t\t\t\t\t\t\t\t<\/div>\n\t\t\t\t<\/div>\n\t\t\t\t\t<\/div>\n\t\t<\/div>\n\t\t\t\t\t<\/div>\n\t\t<\/section>\n\t\t\t\t<\/div>","protected":false},"excerpt":{"rendered":"<p>Aktives Grundeinkommen f\u00fcr K\u00fcnstler und freie Journalisten K\u00fcnzelsau, 30. September 2020 \u2013 Was w\u00e4re ein Land ohne seine Dichter, Denker, Musiker, Maler, Schauspieler, S\u00e4nger, T\u00e4nzer, Journalisten, Publizisten und Filmemacher? Sie bringen Farbe, Freude, Fragen, Gef\u00fchle, Inspiration und Visionen in unser Leben. Nun aber bedrohen die Corona-Ma\u00dfnahmen die Existenz unz\u00e4hliger Solo-Selbstst\u00e4ndiger aus Kunst, Kultur und Kommunikation. [&hellip;]<\/p>\n","protected":false},"author":1,"featured_media":921,"comment_status":"closed","ping_status":"closed","sticky":false,"template":"","format":"standard","meta":{"footnotes":""},"categories":[8],"tags":[],"class_list":["post-910","post","type-post","status-publish","format-standard","has-post-thumbnail","hentry","category-pressemitteilung"],"yoast_head":"<!-- This site is optimized with the Yoast SEO plugin v27.5 - https:\/\/yoast.com\/product\/yoast-seo-wordpress\/ -->\n<title>Endlich Sicherheit mit Perspektive - Gradido<\/title>\n<meta name=\"robots\" content=\"index, follow, max-snippet:-1, max-image-preview:large, max-video-preview:-1\" \/>\n<link rel=\"canonical\" href=\"https:\/\/gradido.net\/it\/endlich-sicherheit-mit-perspektive\/\" \/>\n<meta property=\"og:locale\" content=\"it_IT\" \/>\n<meta property=\"og:type\" content=\"article\" \/>\n<meta property=\"og:title\" content=\"Endlich Sicherheit mit Perspektive - Gradido\" \/>\n<meta property=\"og:description\" content=\"Aktives Grundeinkommen f\u00fcr K\u00fcnstler und freie Journalisten K\u00fcnzelsau, 30. September 2020 \u2013 Was w\u00e4re ein Land ohne seine Dichter, Denker, Musiker, Maler, Schauspieler, S\u00e4nger, T\u00e4nzer, Journalisten, Publizisten und Filmemacher? Sie bringen Farbe, Freude, Fragen, Gef\u00fchle, Inspiration und Visionen in unser Leben. Nun aber bedrohen die Corona-Ma\u00dfnahmen die Existenz unz\u00e4hliger Solo-Selbstst\u00e4ndiger aus Kunst, Kultur und Kommunikation. [&hellip;]\" \/>\n<meta property=\"og:url\" content=\"https:\/\/gradido.net\/it\/endlich-sicherheit-mit-perspektive\/\" \/>\n<meta property=\"og:site_name\" content=\"Gradido\" \/>\n<meta property=\"article:published_time\" content=\"2020-09-30T21:01:23+00:00\" \/>\n<meta property=\"article:modified_time\" content=\"2021-12-11T08:20:17+00:00\" \/>\n<meta property=\"og:image\" content=\"https:\/\/gradido.net\/wp-content\/uploads\/2020\/09\/endlich-sicherheit-mit-perspektive-pressemitteilung.jpg\" \/>\n\t<meta property=\"og:image:width\" content=\"1000\" \/>\n\t<meta property=\"og:image:height\" content=\"667\" \/>\n\t<meta property=\"og:image:type\" content=\"image\/jpeg\" \/>\n<meta name=\"author\" content=\"GR4dmin\" \/>\n<meta name=\"twitter:card\" content=\"summary_large_image\" \/>\n<meta name=\"twitter:label1\" content=\"Scritto da\" \/>\n\t<meta name=\"twitter:data1\" content=\"GR4dmin\" \/>\n\t<meta name=\"twitter:label2\" content=\"Tempo di lettura stimato\" \/>\n\t<meta name=\"twitter:data2\" content=\"6 minuti\" \/>\n<script type=\"application\/ld+json\" class=\"yoast-schema-graph\">{\"@context\":\"https:\\\/\\\/schema.org\",\"@graph\":[{\"@type\":\"Article\",\"@id\":\"https:\\\/\\\/gradido.net\\\/tr\\\/endlich-sicherheit-mit-perspektive\\\/#article\",\"isPartOf\":{\"@id\":\"https:\\\/\\\/gradido.net\\\/tr\\\/endlich-sicherheit-mit-perspektive\\\/\"},\"author\":{\"name\":\"GR4dmin\",\"@id\":\"https:\\\/\\\/gradido.net\\\/de\\\/#\\\/schema\\\/person\\\/9f913f37a47e7a82ad686b58fc907588\"},\"headline\":\"Endlich Sicherheit mit Perspektive\",\"datePublished\":\"2020-09-30T21:01:23+00:00\",\"dateModified\":\"2021-12-11T08:20:17+00:00\",\"mainEntityOfPage\":{\"@id\":\"https:\\\/\\\/gradido.net\\\/tr\\\/endlich-sicherheit-mit-perspektive\\\/\"},\"wordCount\":1112,\"publisher\":{\"@id\":\"https:\\\/\\\/gradido.net\\\/de\\\/#organization\"},\"image\":{\"@id\":\"https:\\\/\\\/gradido.net\\\/tr\\\/endlich-sicherheit-mit-perspektive\\\/#primaryimage\"},\"thumbnailUrl\":\"https:\\\/\\\/gradido.net\\\/wp-content\\\/uploads\\\/2020\\\/09\\\/endlich-sicherheit-mit-perspektive-pressemitteilung.jpg\",\"articleSection\":[\"Pressemitteilung\"],\"inLanguage\":\"it-IT\"},{\"@type\":\"WebPage\",\"@id\":\"https:\\\/\\\/gradido.net\\\/tr\\\/endlich-sicherheit-mit-perspektive\\\/\",\"url\":\"https:\\\/\\\/gradido.net\\\/tr\\\/endlich-sicherheit-mit-perspektive\\\/\",\"name\":\"Endlich Sicherheit mit Perspektive - Gradido\",\"isPartOf\":{\"@id\":\"https:\\\/\\\/gradido.net\\\/de\\\/#website\"},\"primaryImageOfPage\":{\"@id\":\"https:\\\/\\\/gradido.net\\\/tr\\\/endlich-sicherheit-mit-perspektive\\\/#primaryimage\"},\"image\":{\"@id\":\"https:\\\/\\\/gradido.net\\\/tr\\\/endlich-sicherheit-mit-perspektive\\\/#primaryimage\"},\"thumbnailUrl\":\"https:\\\/\\\/gradido.net\\\/wp-content\\\/uploads\\\/2020\\\/09\\\/endlich-sicherheit-mit-perspektive-pressemitteilung.jpg\",\"datePublished\":\"2020-09-30T21:01:23+00:00\",\"dateModified\":\"2021-12-11T08:20:17+00:00\",\"breadcrumb\":{\"@id\":\"https:\\\/\\\/gradido.net\\\/tr\\\/endlich-sicherheit-mit-perspektive\\\/#breadcrumb\"},\"inLanguage\":\"it-IT\",\"potentialAction\":[{\"@type\":\"ReadAction\",\"target\":[\"https:\\\/\\\/gradido.net\\\/tr\\\/endlich-sicherheit-mit-perspektive\\\/\"]}]},{\"@type\":\"ImageObject\",\"inLanguage\":\"it-IT\",\"@id\":\"https:\\\/\\\/gradido.net\\\/tr\\\/endlich-sicherheit-mit-perspektive\\\/#primaryimage\",\"url\":\"https:\\\/\\\/gradido.net\\\/wp-content\\\/uploads\\\/2020\\\/09\\\/endlich-sicherheit-mit-perspektive-pressemitteilung.jpg\",\"contentUrl\":\"https:\\\/\\\/gradido.net\\\/wp-content\\\/uploads\\\/2020\\\/09\\\/endlich-sicherheit-mit-perspektive-pressemitteilung.jpg\",\"width\":1000,\"height\":667},{\"@type\":\"BreadcrumbList\",\"@id\":\"https:\\\/\\\/gradido.net\\\/tr\\\/endlich-sicherheit-mit-perspektive\\\/#breadcrumb\",\"itemListElement\":[{\"@type\":\"ListItem\",\"position\":1,\"name\":\"Startseite\",\"item\":\"https:\\\/\\\/gradido.net\\\/\"},{\"@type\":\"ListItem\",\"position\":2,\"name\":\"Endlich Sicherheit mit Perspektive\"}]},{\"@type\":\"WebSite\",\"@id\":\"https:\\\/\\\/gradido.net\\\/de\\\/#website\",\"url\":\"https:\\\/\\\/gradido.net\\\/de\\\/\",\"name\":\"Gradido\",\"description\":\"Die neue W\u00e4hrung hei\u00dft Dankbarkeit\",\"publisher\":{\"@id\":\"https:\\\/\\\/gradido.net\\\/de\\\/#organization\"},\"potentialAction\":[{\"@type\":\"SearchAction\",\"target\":{\"@type\":\"EntryPoint\",\"urlTemplate\":\"https:\\\/\\\/gradido.net\\\/de\\\/?s={search_term_string}\"},\"query-input\":{\"@type\":\"PropertyValueSpecification\",\"valueRequired\":true,\"valueName\":\"search_term_string\"}}],\"inLanguage\":\"it-IT\"},{\"@type\":\"Organization\",\"@id\":\"https:\\\/\\\/gradido.net\\\/de\\\/#organization\",\"name\":\"Gradido\",\"url\":\"https:\\\/\\\/gradido.net\\\/de\\\/\",\"logo\":{\"@type\":\"ImageObject\",\"inLanguage\":\"it-IT\",\"@id\":\"https:\\\/\\\/gradido.net\\\/de\\\/#\\\/schema\\\/logo\\\/image\\\/\",\"url\":\"https:\\\/\\\/gradido.net\\\/wp-content\\\/uploads\\\/2022\\\/04\\\/gradido-social.jpg\",\"contentUrl\":\"https:\\\/\\\/gradido.net\\\/wp-content\\\/uploads\\\/2022\\\/04\\\/gradido-social.jpg\",\"width\":527,\"height\":273,\"caption\":\"Gradido\"},\"image\":{\"@id\":\"https:\\\/\\\/gradido.net\\\/de\\\/#\\\/schema\\\/logo\\\/image\\\/\"}},{\"@type\":\"Person\",\"@id\":\"https:\\\/\\\/gradido.net\\\/de\\\/#\\\/schema\\\/person\\\/9f913f37a47e7a82ad686b58fc907588\",\"name\":\"GR4dmin\",\"sameAs\":[\"https:\\\/\\\/gradido.net\"],\"url\":\"https:\\\/\\\/gradido.net\\\/it\\\/author\\\/gr4dmin\\\/\"}]}<\/script>\n<!-- \/ Yoast SEO plugin. -->","yoast_head_json":{"title":"Finalmente una sicurezza in prospettiva - Gradido","robots":{"index":"index","follow":"follow","max-snippet":"max-snippet:-1","max-image-preview":"max-image-preview:large","max-video-preview":"max-video-preview:-1"},"canonical":"https:\/\/gradido.net\/it\/endlich-sicherheit-mit-perspektive\/","og_locale":"it_IT","og_type":"article","og_title":"Endlich Sicherheit mit Perspektive - Gradido","og_description":"Aktives Grundeinkommen f\u00fcr K\u00fcnstler und freie Journalisten K\u00fcnzelsau, 30. September 2020 \u2013 Was w\u00e4re ein Land ohne seine Dichter, Denker, Musiker, Maler, Schauspieler, S\u00e4nger, T\u00e4nzer, Journalisten, Publizisten und Filmemacher? Sie bringen Farbe, Freude, Fragen, Gef\u00fchle, Inspiration und Visionen in unser Leben. Nun aber bedrohen die Corona-Ma\u00dfnahmen die Existenz unz\u00e4hliger Solo-Selbstst\u00e4ndiger aus Kunst, Kultur und Kommunikation. [&hellip;]","og_url":"https:\/\/gradido.net\/it\/endlich-sicherheit-mit-perspektive\/","og_site_name":"Gradido","article_published_time":"2020-09-30T21:01:23+00:00","article_modified_time":"2021-12-11T08:20:17+00:00","og_image":[{"width":1000,"height":667,"url":"https:\/\/gradido.net\/wp-content\/uploads\/2020\/09\/endlich-sicherheit-mit-perspektive-pressemitteilung.jpg","type":"image\/jpeg"}],"author":"GR4dmin","twitter_card":"summary_large_image","twitter_misc":{"Scritto da":"GR4dmin","Tempo di lettura stimato":"6 minuti"},"schema":{"@context":"https:\/\/schema.org","@graph":[{"@type":"Article","@id":"https:\/\/gradido.net\/tr\/endlich-sicherheit-mit-perspektive\/#article","isPartOf":{"@id":"https:\/\/gradido.net\/tr\/endlich-sicherheit-mit-perspektive\/"},"author":{"name":"GR4dmin","@id":"https:\/\/gradido.net\/de\/#\/schema\/person\/9f913f37a47e7a82ad686b58fc907588"},"headline":"Endlich Sicherheit mit Perspektive","datePublished":"2020-09-30T21:01:23+00:00","dateModified":"2021-12-11T08:20:17+00:00","mainEntityOfPage":{"@id":"https:\/\/gradido.net\/tr\/endlich-sicherheit-mit-perspektive\/"},"wordCount":1112,"publisher":{"@id":"https:\/\/gradido.net\/de\/#organization"},"image":{"@id":"https:\/\/gradido.net\/tr\/endlich-sicherheit-mit-perspektive\/#primaryimage"},"thumbnailUrl":"https:\/\/gradido.net\/wp-content\/uploads\/2020\/09\/endlich-sicherheit-mit-perspektive-pressemitteilung.jpg","articleSection":["Pressemitteilung"],"inLanguage":"it-IT"},{"@type":"WebPage","@id":"https:\/\/gradido.net\/tr\/endlich-sicherheit-mit-perspektive\/","url":"https:\/\/gradido.net\/tr\/endlich-sicherheit-mit-perspektive\/","name":"Finalmente una sicurezza in prospettiva - Gradido","isPartOf":{"@id":"https:\/\/gradido.net\/de\/#website"},"primaryImageOfPage":{"@id":"https:\/\/gradido.net\/tr\/endlich-sicherheit-mit-perspektive\/#primaryimage"},"image":{"@id":"https:\/\/gradido.net\/tr\/endlich-sicherheit-mit-perspektive\/#primaryimage"},"thumbnailUrl":"https:\/\/gradido.net\/wp-content\/uploads\/2020\/09\/endlich-sicherheit-mit-perspektive-pressemitteilung.jpg","datePublished":"2020-09-30T21:01:23+00:00","dateModified":"2021-12-11T08:20:17+00:00","breadcrumb":{"@id":"https:\/\/gradido.net\/tr\/endlich-sicherheit-mit-perspektive\/#breadcrumb"},"inLanguage":"it-IT","potentialAction":[{"@type":"ReadAction","target":["https:\/\/gradido.net\/tr\/endlich-sicherheit-mit-perspektive\/"]}]},{"@type":"ImageObject","inLanguage":"it-IT","@id":"https:\/\/gradido.net\/tr\/endlich-sicherheit-mit-perspektive\/#primaryimage","url":"https:\/\/gradido.net\/wp-content\/uploads\/2020\/09\/endlich-sicherheit-mit-perspektive-pressemitteilung.jpg","contentUrl":"https:\/\/gradido.net\/wp-content\/uploads\/2020\/09\/endlich-sicherheit-mit-perspektive-pressemitteilung.jpg","width":1000,"height":667},{"@type":"BreadcrumbList","@id":"https:\/\/gradido.net\/tr\/endlich-sicherheit-mit-perspektive\/#breadcrumb","itemListElement":[{"@type":"ListItem","position":1,"name":"Startseite","item":"https:\/\/gradido.net\/"},{"@type":"ListItem","position":2,"name":"Endlich Sicherheit mit Perspektive"}]},{"@type":"WebSite","@id":"https:\/\/gradido.net\/de\/#website","url":"https:\/\/gradido.net\/de\/","name":"Gradido","description":"La nuova moneta \u00e8 la gratitudine","publisher":{"@id":"https:\/\/gradido.net\/de\/#organization"},"potentialAction":[{"@type":"SearchAction","target":{"@type":"EntryPoint","urlTemplate":"https:\/\/gradido.net\/de\/?s={search_term_string}"},"query-input":{"@type":"PropertyValueSpecification","valueRequired":true,"valueName":"search_term_string"}}],"inLanguage":"it-IT"},{"@type":"Organization","@id":"https:\/\/gradido.net\/de\/#organization","name":"Gradido","url":"https:\/\/gradido.net\/de\/","logo":{"@type":"ImageObject","inLanguage":"it-IT","@id":"https:\/\/gradido.net\/de\/#\/schema\/logo\/image\/","url":"https:\/\/gradido.net\/wp-content\/uploads\/2022\/04\/gradido-social.jpg","contentUrl":"https:\/\/gradido.net\/wp-content\/uploads\/2022\/04\/gradido-social.jpg","width":527,"height":273,"caption":"Gradido"},"image":{"@id":"https:\/\/gradido.net\/de\/#\/schema\/logo\/image\/"}},{"@type":"Person","@id":"https:\/\/gradido.net\/de\/#\/schema\/person\/9f913f37a47e7a82ad686b58fc907588","name":"GR4dmin","sameAs":["https:\/\/gradido.net"],"url":"https:\/\/gradido.net\/it\/author\/gr4dmin\/"}]}},"_links":{"self":[{"href":"https:\/\/gradido.net\/it\/wp-json\/wp\/v2\/posts\/910","targetHints":{"allow":["GET"]}}],"collection":[{"href":"https:\/\/gradido.net\/it\/wp-json\/wp\/v2\/posts"}],"about":[{"href":"https:\/\/gradido.net\/it\/wp-json\/wp\/v2\/types\/post"}],"author":[{"embeddable":true,"href":"https:\/\/gradido.net\/it\/wp-json\/wp\/v2\/users\/1"}],"replies":[{"embeddable":true,"href":"https:\/\/gradido.net\/it\/wp-json\/wp\/v2\/comments?post=910"}],"version-history":[{"count":8,"href":"https:\/\/gradido.net\/it\/wp-json\/wp\/v2\/posts\/910\/revisions"}],"predecessor-version":[{"id":3733,"href":"https:\/\/gradido.net\/it\/wp-json\/wp\/v2\/posts\/910\/revisions\/3733"}],"wp:featuredmedia":[{"embeddable":true,"href":"https:\/\/gradido.net\/it\/wp-json\/wp\/v2\/media\/921"}],"wp:attachment":[{"href":"https:\/\/gradido.net\/it\/wp-json\/wp\/v2\/media?parent=910"}],"wp:term":[{"taxonomy":"category","embeddable":true,"href":"https:\/\/gradido.net\/it\/wp-json\/wp\/v2\/categories?post=910"},{"taxonomy":"post_tag","embeddable":true,"href":"https:\/\/gradido.net\/it\/wp-json\/wp\/v2\/tags?post=910"}],"curies":[{"name":"wp","href":"https:\/\/api.w.org\/{rel}","templated":true}]}}