{"id":9805,"date":"2024-11-23T17:05:09","date_gmt":"2024-11-23T16:05:09","guid":{"rendered":"https:\/\/gradido.net\/?p=9805"},"modified":"2026-04-24T07:26:43","modified_gmt":"2026-04-24T05:26:43","slug":"wir-wirken-zusammen","status":"publish","type":"post","link":"https:\/\/gradido.net\/it\/wir-wirken-zusammen\/","title":{"rendered":"Lavoriamo insieme!"},"content":{"rendered":"<div data-elementor-type=\"wp-post\" data-elementor-id=\"9805\" class=\"elementor elementor-9805\" data-elementor-post-type=\"post\">\n\t\t\t\t\t\t<section class=\"elementor-section elementor-top-section elementor-element elementor-element-496e1d53 elementor-section-boxed elementor-section-height-default elementor-section-height-default\" data-id=\"496e1d53\" data-element_type=\"section\" data-e-type=\"section\">\n\t\t\t\t\t\t<div class=\"elementor-container elementor-column-gap-default\">\n\t\t\t\t\t<div class=\"elementor-column elementor-col-100 elementor-top-column elementor-element elementor-element-461d7be0\" data-id=\"461d7be0\" data-element_type=\"column\" data-e-type=\"column\">\n\t\t\t<div class=\"elementor-widget-wrap elementor-element-populated\">\n\t\t\t\t\t\t<div class=\"elementor-element elementor-element-cd9ebe2 elementor-widget elementor-widget-text-editor\" data-id=\"cd9ebe2\" data-element_type=\"widget\" data-e-type=\"widget\" data-widget_type=\"text-editor.default\">\n\t\t\t\t<div class=\"elementor-widget-container\">\n\t\t\t\t\t\t\t\t\t<p><em>Da Alexandra Matheis<\/em><\/p><p>Eravamo appena seduti all'intervista con Andrea per il <a href=\"https:\/\/kongresswenigeristmehr.de\" target=\"_blank\" rel=\"noopener\">Congresso \"Meno \u00e8 meglio\" <\/a>e oggi uniamo le forze. Noi, cio\u00e8 Bernd e Alexandra! Il fondatore di GRADIDO e la fondatrice dell'associazione \"<a href=\"https:\/\/www.institut-neustart.com\/\" target=\"_blank\" rel=\"noopener\">Istituto per la promozione di un nuovo inizio per le persone<\/a>\".<\/p><p>Prima del colloquio, nessuno dei due sapeva dell'altro. E ora l'idea di lavorare insieme \u00e8 nell'aria.<\/p><p>Insieme? Perch\u00e9?<\/p><p>GRADIDO ha una visione di prosperit\u00e0 globale, pace e libert\u00e0 per tutti i popoli, in armonia con la natura. Dietro ci sono persone che stanno portando avanti questa trasformazione pacifica. Diffusione, sviluppo e costruzione di una rete sono i temi quotidiani.<\/p><p>L'I<a href=\"https:\/\/www.institut-neustart.com\/\">RIAVVIO DELL'ISTITUTO<\/a> (forma abbreviata) ha anche una visione, o meglio uno scopo di esistenza: \"Contribuiamo a un mondo del lavoro in cui aziende, imprenditori e dipendenti realizzano insieme una vita lavorativa felice e di successo, a beneficio di ogni individuo e della societ\u00e0\".<\/p><p>In questo modo, entrambe le iniziative contribuiscono a cambiare il mondo e a dare il loro contributo.<\/p><p>L'INSTITUT NEUSTART aiuta GRADIDO quando si tratta di persone che sono necessarie nel team. Ma anche quando si tratta di imprenditori che possono contribuire a GRADIDO. GRADIDO pu\u00f2 trarre grandi benefici dalla rete dell'INSTITUT NEUSTART.<\/p><p>In cambio, GRADIDO offre all'INSTITUT NEUSTART la creazione di un contributo al bene comune sotto forma di Gradidos. Il team dell'istituto lavora quasi senza compenso economico. \u00c8 necessario esprimere gratitudine e apprezzamento e valorizzare l'impegno del team. Con i Gradidos (Gradido = Gratitudine \/ Dignit\u00e0 \/ Donazione!)!<\/p><p>Persone, cooperazione e networking: questo \u00e8 ci\u00f2 che caratterizza entrambe le iniziative e che ora le collegher\u00e0.<\/p><p>Ringraziare gli altri ogni giorno con GRADIDO. Ci sei gi\u00e0?<\/p>\t\t\t\t\t\t\t\t<\/div>\n\t\t\t\t<\/div>\n\t\t\t\t<div class=\"elementor-element elementor-element-683060f elementor-widget elementor-widget-image\" data-id=\"683060f\" data-element_type=\"widget\" data-e-type=\"widget\" data-widget_type=\"image.default\">\n\t\t\t\t<div class=\"elementor-widget-container\">\n\t\t\t\t\t\t\t\t\t\t\t\t\t\t\t\t<a href=\"https:\/\/www.institut-neustart.com\/\" target=\"_blank\">\n\t\t\t\t\t\t\t<img fetchpriority=\"high\" decoding=\"async\" width=\"725\" height=\"1024\" src=\"https:\/\/gradido.net\/wp-content\/uploads\/2024\/11\/Bildschirmfoto-2024-11-23-um-19.06.16-725x1024.png\" class=\"attachment-large size-large wp-image-9819\" alt=\"\" srcset=\"https:\/\/gradido.net\/wp-content\/uploads\/2024\/11\/Bildschirmfoto-2024-11-23-um-19.06.16-725x1024.png 725w, https:\/\/gradido.net\/wp-content\/uploads\/2024\/11\/Bildschirmfoto-2024-11-23-um-19.06.16-212x300.png 212w, https:\/\/gradido.net\/wp-content\/uploads\/2024\/11\/Bildschirmfoto-2024-11-23-um-19.06.16-768x1085.png 768w, https:\/\/gradido.net\/wp-content\/uploads\/2024\/11\/Bildschirmfoto-2024-11-23-um-19.06.16-1087x1536.png 1087w, https:\/\/gradido.net\/wp-content\/uploads\/2024\/11\/Bildschirmfoto-2024-11-23-um-19.06.16-8x12.png 8w, https:\/\/gradido.net\/wp-content\/uploads\/2024\/11\/Bildschirmfoto-2024-11-23-um-19.06.16.png 1196w\" sizes=\"(max-width: 725px) 100vw, 725px\" \/>\t\t\t\t\t\t\t\t<\/a>\n\t\t\t\t\t\t\t\t\t\t\t\t\t\t\t<\/div>\n\t\t\t\t<\/div>\n\t\t\t\t\t<\/div>\n\t\t<\/div>\n\t\t\t\t\t<\/div>\n\t\t<\/section>\n\t\t\t\t<section class=\"elementor-section elementor-top-section elementor-element elementor-element-14532fe elementor-section-boxed elementor-section-height-default elementor-section-height-default\" data-id=\"14532fe\" data-element_type=\"section\" data-e-type=\"section\">\n\t\t\t\t\t\t<div class=\"elementor-container elementor-column-gap-default\">\n\t\t\t\t\t<div class=\"elementor-column elementor-col-100 elementor-top-column elementor-element elementor-element-65d2298\" data-id=\"65d2298\" data-element_type=\"column\" data-e-type=\"column\">\n\t\t\t<div class=\"elementor-widget-wrap elementor-element-populated\">\n\t\t\t\t\t\t<div class=\"elementor-element elementor-element-bea124f elementor-widget elementor-widget-global elementor-global-9341 elementor-widget-text-editor\" data-id=\"bea124f\" data-element_type=\"widget\" data-e-type=\"widget\" data-widget_type=\"text-editor.default\">\n\t\t\t\t<div class=\"elementor-widget-container\">\n\t\t\t\t\t\t\t\t\t<p><strong>PS:\u00a0<span style=\"color: #ff6600;\"><a style=\"color: #ff6600;\" href=\"https:\/\/gradido.net\/it\/donations\/\">Data l'importanza sempre crescente del Gradido, ripetiamo la nostra campagna di gratitudine il 26 giugno 2026:<\/a>\u00a0<\/span><span style=\"color: #0000ff;\"><a style=\"color: #0000ff;\" href=\"https:\/\/gradido.net\/it\/donations\/\">Oltre al GradidoTransform multiplo per il vostro contributo di sponsorizzazione, aumenteremo tutti i saldi dei conti GDT di 26% il 26\/06\/2016. Sponsorizzate ora e godetevi l'importo multiplo di GDT!<\/a><\/span><\/strong><\/p>\t\t\t\t\t\t\t\t<\/div>\n\t\t\t\t<\/div>\n\t\t\t\t\t<\/div>\n\t\t<\/div>\n\t\t\t\t\t<\/div>\n\t\t<\/section>\n\t\t\t\t<section class=\"elementor-section elementor-top-section elementor-element elementor-element-29dfc07 elementor-section-boxed elementor-section-height-default elementor-section-height-default\" data-id=\"29dfc07\" data-element_type=\"section\" data-e-type=\"section\">\n\t\t\t\t\t\t<div class=\"elementor-container elementor-column-gap-default\">\n\t\t\t\t\t<div class=\"elementor-column elementor-col-100 elementor-top-column elementor-element elementor-element-d37ec5a\" data-id=\"d37ec5a\" data-element_type=\"column\" data-e-type=\"column\">\n\t\t\t<div class=\"elementor-widget-wrap\">\n\t\t\t\t\t\t\t<\/div>\n\t\t<\/div>\n\t\t\t\t\t<\/div>\n\t\t<\/section>\n\t\t\t\t<\/div>","protected":false},"excerpt":{"rendered":"<p>L'INSTITUT NEUSTART (forma abbreviata) ha uno scopo di esistenza ed \u00e8: \"Diamo un contributo a un mondo del lavoro in cui le aziende, gli imprenditori e i dipendenti realizzano insieme una vita lavorativa felice e di successo - a beneficio di ogni individuo e della societ\u00e0\".<\/p>","protected":false},"author":2,"featured_media":9806,"comment_status":"closed","ping_status":"closed","sticky":false,"template":"","format":"standard","meta":{"footnotes":""},"categories":[11,54],"tags":[],"class_list":["post-9805","post","type-post","status-publish","format-standard","has-post-thumbnail","hentry","category-blog","category-community"],"yoast_head":"<!-- This site is optimized with the Yoast SEO plugin v27.5 - https:\/\/yoast.com\/product\/yoast-seo-wordpress\/ -->\n<title>Wir wirken zusammen! - Gradido<\/title>\n<meta name=\"description\" content=\"Das INSTITUT NEUSTART (Kurzform) hat einen Zweck der Existenz und dieser lautet: \u201eWir leisten einen Beitrag zu einer Arbeitswelt, in der Firmen, Unternehmer und Mitarbeiter gemeinsam ein erfolgreiches und gl\u00fcckliches Berufsleben verwirklichen \u2013 zum Wohle jedes Einzelnen und der Gesellschaft.\u201c\" \/>\n<meta name=\"robots\" content=\"index, follow, max-snippet:-1, max-image-preview:large, max-video-preview:-1\" \/>\n<link rel=\"canonical\" href=\"https:\/\/gradido.net\/it\/wir-wirken-zusammen\/\" \/>\n<meta property=\"og:locale\" content=\"it_IT\" \/>\n<meta property=\"og:type\" content=\"article\" \/>\n<meta property=\"og:title\" content=\"Wir wirken zusammen! - Gradido\" \/>\n<meta property=\"og:description\" content=\"Das INSTITUT NEUSTART (Kurzform) hat einen Zweck der Existenz und dieser lautet: \u201eWir leisten einen Beitrag zu einer Arbeitswelt, in der Firmen, Unternehmer und Mitarbeiter gemeinsam ein erfolgreiches und gl\u00fcckliches Berufsleben verwirklichen \u2013 zum Wohle jedes Einzelnen und der Gesellschaft.\u201c\" \/>\n<meta property=\"og:url\" content=\"https:\/\/gradido.net\/it\/wir-wirken-zusammen\/\" \/>\n<meta property=\"og:site_name\" content=\"Gradido\" \/>\n<meta property=\"article:published_time\" content=\"2024-11-23T16:05:09+00:00\" \/>\n<meta property=\"article:modified_time\" content=\"2026-04-24T05:26:43+00:00\" \/>\n<meta property=\"og:image\" content=\"https:\/\/gradido.net\/wp-content\/uploads\/2024\/11\/Neustart.jpg\" \/>\n\t<meta property=\"og:image:width\" content=\"1280\" \/>\n\t<meta property=\"og:image:height\" content=\"720\" \/>\n\t<meta property=\"og:image:type\" content=\"image\/jpeg\" \/>\n<meta name=\"author\" content=\"Bernd H\u00fcckst\u00e4dt\" \/>\n<meta name=\"twitter:card\" content=\"summary_large_image\" \/>\n<meta name=\"twitter:label1\" content=\"Scritto da\" \/>\n\t<meta name=\"twitter:data1\" content=\"Bernd H\u00fcckst\u00e4dt\" \/>\n\t<meta name=\"twitter:label2\" content=\"Tempo di lettura stimato\" \/>\n\t<meta name=\"twitter:data2\" content=\"3 minuti\" \/>\n<script type=\"application\/ld+json\" class=\"yoast-schema-graph\">{\"@context\":\"https:\\\/\\\/schema.org\",\"@graph\":[{\"@type\":\"Article\",\"@id\":\"https:\\\/\\\/gradido.net\\\/wir-wirken-zusammen\\\/#article\",\"isPartOf\":{\"@id\":\"https:\\\/\\\/gradido.net\\\/wir-wirken-zusammen\\\/\"},\"author\":{\"name\":\"Bernd H\u00fcckst\u00e4dt\",\"@id\":\"https:\\\/\\\/gradido.net\\\/de\\\/#\\\/schema\\\/person\\\/9c503a004ad15a1ddecadce2218db5d1\"},\"headline\":\"Wir wirken zusammen!\",\"datePublished\":\"2024-11-23T16:05:09+00:00\",\"dateModified\":\"2026-04-24T05:26:43+00:00\",\"mainEntityOfPage\":{\"@id\":\"https:\\\/\\\/gradido.net\\\/wir-wirken-zusammen\\\/\"},\"wordCount\":338,\"publisher\":{\"@id\":\"https:\\\/\\\/gradido.net\\\/de\\\/#organization\"},\"image\":{\"@id\":\"https:\\\/\\\/gradido.net\\\/wir-wirken-zusammen\\\/#primaryimage\"},\"thumbnailUrl\":\"https:\\\/\\\/gradido.net\\\/wp-content\\\/uploads\\\/2024\\\/11\\\/Neustart.jpg\",\"articleSection\":[\"Blog\",\"Community\"],\"inLanguage\":\"it-IT\"},{\"@type\":\"WebPage\",\"@id\":\"https:\\\/\\\/gradido.net\\\/wir-wirken-zusammen\\\/\",\"url\":\"https:\\\/\\\/gradido.net\\\/wir-wirken-zusammen\\\/\",\"name\":\"Wir wirken zusammen! - Gradido\",\"isPartOf\":{\"@id\":\"https:\\\/\\\/gradido.net\\\/de\\\/#website\"},\"primaryImageOfPage\":{\"@id\":\"https:\\\/\\\/gradido.net\\\/wir-wirken-zusammen\\\/#primaryimage\"},\"image\":{\"@id\":\"https:\\\/\\\/gradido.net\\\/wir-wirken-zusammen\\\/#primaryimage\"},\"thumbnailUrl\":\"https:\\\/\\\/gradido.net\\\/wp-content\\\/uploads\\\/2024\\\/11\\\/Neustart.jpg\",\"datePublished\":\"2024-11-23T16:05:09+00:00\",\"dateModified\":\"2026-04-24T05:26:43+00:00\",\"description\":\"Das INSTITUT NEUSTART (Kurzform) hat einen Zweck der Existenz und dieser lautet: \u201eWir leisten einen Beitrag zu einer Arbeitswelt, in der Firmen, Unternehmer und Mitarbeiter gemeinsam ein erfolgreiches und gl\u00fcckliches Berufsleben verwirklichen \u2013 zum Wohle jedes Einzelnen und der Gesellschaft.\u201c\",\"breadcrumb\":{\"@id\":\"https:\\\/\\\/gradido.net\\\/wir-wirken-zusammen\\\/#breadcrumb\"},\"inLanguage\":\"it-IT\",\"potentialAction\":[{\"@type\":\"ReadAction\",\"target\":[\"https:\\\/\\\/gradido.net\\\/wir-wirken-zusammen\\\/\"]}]},{\"@type\":\"ImageObject\",\"inLanguage\":\"it-IT\",\"@id\":\"https:\\\/\\\/gradido.net\\\/wir-wirken-zusammen\\\/#primaryimage\",\"url\":\"https:\\\/\\\/gradido.net\\\/wp-content\\\/uploads\\\/2024\\\/11\\\/Neustart.jpg\",\"contentUrl\":\"https:\\\/\\\/gradido.net\\\/wp-content\\\/uploads\\\/2024\\\/11\\\/Neustart.jpg\",\"width\":1280,\"height\":720},{\"@type\":\"BreadcrumbList\",\"@id\":\"https:\\\/\\\/gradido.net\\\/wir-wirken-zusammen\\\/#breadcrumb\",\"itemListElement\":[{\"@type\":\"ListItem\",\"position\":1,\"name\":\"Startseite\",\"item\":\"https:\\\/\\\/gradido.net\\\/\"},{\"@type\":\"ListItem\",\"position\":2,\"name\":\"Wir wirken zusammen!\"}]},{\"@type\":\"WebSite\",\"@id\":\"https:\\\/\\\/gradido.net\\\/de\\\/#website\",\"url\":\"https:\\\/\\\/gradido.net\\\/de\\\/\",\"name\":\"Gradido\",\"description\":\"Die neue W\u00e4hrung hei\u00dft Dankbarkeit\",\"publisher\":{\"@id\":\"https:\\\/\\\/gradido.net\\\/de\\\/#organization\"},\"potentialAction\":[{\"@type\":\"SearchAction\",\"target\":{\"@type\":\"EntryPoint\",\"urlTemplate\":\"https:\\\/\\\/gradido.net\\\/de\\\/?s={search_term_string}\"},\"query-input\":{\"@type\":\"PropertyValueSpecification\",\"valueRequired\":true,\"valueName\":\"search_term_string\"}}],\"inLanguage\":\"it-IT\"},{\"@type\":\"Organization\",\"@id\":\"https:\\\/\\\/gradido.net\\\/de\\\/#organization\",\"name\":\"Gradido\",\"url\":\"https:\\\/\\\/gradido.net\\\/de\\\/\",\"logo\":{\"@type\":\"ImageObject\",\"inLanguage\":\"it-IT\",\"@id\":\"https:\\\/\\\/gradido.net\\\/de\\\/#\\\/schema\\\/logo\\\/image\\\/\",\"url\":\"https:\\\/\\\/gradido.net\\\/wp-content\\\/uploads\\\/2022\\\/04\\\/gradido-social.jpg\",\"contentUrl\":\"https:\\\/\\\/gradido.net\\\/wp-content\\\/uploads\\\/2022\\\/04\\\/gradido-social.jpg\",\"width\":527,\"height\":273,\"caption\":\"Gradido\"},\"image\":{\"@id\":\"https:\\\/\\\/gradido.net\\\/de\\\/#\\\/schema\\\/logo\\\/image\\\/\"}},{\"@type\":\"Person\",\"@id\":\"https:\\\/\\\/gradido.net\\\/de\\\/#\\\/schema\\\/person\\\/9c503a004ad15a1ddecadce2218db5d1\",\"name\":\"Bernd H\u00fcckst\u00e4dt\",\"sameAs\":[\"https:\\\/\\\/gradido.net\"],\"url\":\"https:\\\/\\\/gradido.net\\\/it\\\/author\\\/bernd\\\/\"}]}<\/script>\n<!-- \/ Yoast SEO plugin. -->","yoast_head_json":{"title":"Lavoriamo insieme! - Gradido","description":"L'INSTITUT NEUSTART (forma abbreviata) ha uno scopo di esistenza ed \u00e8: \"Diamo un contributo a un mondo del lavoro in cui le aziende, gli imprenditori e i dipendenti realizzano insieme una vita lavorativa felice e di successo - a beneficio di ogni individuo e della societ\u00e0\".","robots":{"index":"index","follow":"follow","max-snippet":"max-snippet:-1","max-image-preview":"max-image-preview:large","max-video-preview":"max-video-preview:-1"},"canonical":"https:\/\/gradido.net\/it\/wir-wirken-zusammen\/","og_locale":"it_IT","og_type":"article","og_title":"Wir wirken zusammen! - Gradido","og_description":"Das INSTITUT NEUSTART (Kurzform) hat einen Zweck der Existenz und dieser lautet: \u201eWir leisten einen Beitrag zu einer Arbeitswelt, in der Firmen, Unternehmer und Mitarbeiter gemeinsam ein erfolgreiches und gl\u00fcckliches Berufsleben verwirklichen \u2013 zum Wohle jedes Einzelnen und der Gesellschaft.\u201c","og_url":"https:\/\/gradido.net\/it\/wir-wirken-zusammen\/","og_site_name":"Gradido","article_published_time":"2024-11-23T16:05:09+00:00","article_modified_time":"2026-04-24T05:26:43+00:00","og_image":[{"width":1280,"height":720,"url":"https:\/\/gradido.net\/wp-content\/uploads\/2024\/11\/Neustart.jpg","type":"image\/jpeg"}],"author":"Bernd H\u00fcckst\u00e4dt","twitter_card":"summary_large_image","twitter_misc":{"Scritto da":"Bernd H\u00fcckst\u00e4dt","Tempo di lettura stimato":"3 minuti"},"schema":{"@context":"https:\/\/schema.org","@graph":[{"@type":"Article","@id":"https:\/\/gradido.net\/wir-wirken-zusammen\/#article","isPartOf":{"@id":"https:\/\/gradido.net\/wir-wirken-zusammen\/"},"author":{"name":"Bernd H\u00fcckst\u00e4dt","@id":"https:\/\/gradido.net\/de\/#\/schema\/person\/9c503a004ad15a1ddecadce2218db5d1"},"headline":"Wir wirken zusammen!","datePublished":"2024-11-23T16:05:09+00:00","dateModified":"2026-04-24T05:26:43+00:00","mainEntityOfPage":{"@id":"https:\/\/gradido.net\/wir-wirken-zusammen\/"},"wordCount":338,"publisher":{"@id":"https:\/\/gradido.net\/de\/#organization"},"image":{"@id":"https:\/\/gradido.net\/wir-wirken-zusammen\/#primaryimage"},"thumbnailUrl":"https:\/\/gradido.net\/wp-content\/uploads\/2024\/11\/Neustart.jpg","articleSection":["Blog","Community"],"inLanguage":"it-IT"},{"@type":"WebPage","@id":"https:\/\/gradido.net\/wir-wirken-zusammen\/","url":"https:\/\/gradido.net\/wir-wirken-zusammen\/","name":"Lavoriamo insieme! - Gradido","isPartOf":{"@id":"https:\/\/gradido.net\/de\/#website"},"primaryImageOfPage":{"@id":"https:\/\/gradido.net\/wir-wirken-zusammen\/#primaryimage"},"image":{"@id":"https:\/\/gradido.net\/wir-wirken-zusammen\/#primaryimage"},"thumbnailUrl":"https:\/\/gradido.net\/wp-content\/uploads\/2024\/11\/Neustart.jpg","datePublished":"2024-11-23T16:05:09+00:00","dateModified":"2026-04-24T05:26:43+00:00","description":"L'INSTITUT NEUSTART (forma abbreviata) ha uno scopo di esistenza ed \u00e8: \"Diamo un contributo a un mondo del lavoro in cui le aziende, gli imprenditori e i dipendenti realizzano insieme una vita lavorativa felice e di successo - a beneficio di ogni individuo e della societ\u00e0\".","breadcrumb":{"@id":"https:\/\/gradido.net\/wir-wirken-zusammen\/#breadcrumb"},"inLanguage":"it-IT","potentialAction":[{"@type":"ReadAction","target":["https:\/\/gradido.net\/wir-wirken-zusammen\/"]}]},{"@type":"ImageObject","inLanguage":"it-IT","@id":"https:\/\/gradido.net\/wir-wirken-zusammen\/#primaryimage","url":"https:\/\/gradido.net\/wp-content\/uploads\/2024\/11\/Neustart.jpg","contentUrl":"https:\/\/gradido.net\/wp-content\/uploads\/2024\/11\/Neustart.jpg","width":1280,"height":720},{"@type":"BreadcrumbList","@id":"https:\/\/gradido.net\/wir-wirken-zusammen\/#breadcrumb","itemListElement":[{"@type":"ListItem","position":1,"name":"Startseite","item":"https:\/\/gradido.net\/"},{"@type":"ListItem","position":2,"name":"Wir wirken zusammen!"}]},{"@type":"WebSite","@id":"https:\/\/gradido.net\/de\/#website","url":"https:\/\/gradido.net\/de\/","name":"Gradido","description":"La nuova moneta \u00e8 la gratitudine","publisher":{"@id":"https:\/\/gradido.net\/de\/#organization"},"potentialAction":[{"@type":"SearchAction","target":{"@type":"EntryPoint","urlTemplate":"https:\/\/gradido.net\/de\/?s={search_term_string}"},"query-input":{"@type":"PropertyValueSpecification","valueRequired":true,"valueName":"search_term_string"}}],"inLanguage":"it-IT"},{"@type":"Organization","@id":"https:\/\/gradido.net\/de\/#organization","name":"Gradido","url":"https:\/\/gradido.net\/de\/","logo":{"@type":"ImageObject","inLanguage":"it-IT","@id":"https:\/\/gradido.net\/de\/#\/schema\/logo\/image\/","url":"https:\/\/gradido.net\/wp-content\/uploads\/2022\/04\/gradido-social.jpg","contentUrl":"https:\/\/gradido.net\/wp-content\/uploads\/2022\/04\/gradido-social.jpg","width":527,"height":273,"caption":"Gradido"},"image":{"@id":"https:\/\/gradido.net\/de\/#\/schema\/logo\/image\/"}},{"@type":"Person","@id":"https:\/\/gradido.net\/de\/#\/schema\/person\/9c503a004ad15a1ddecadce2218db5d1","name":"Bernd H\u00fcckst\u00e4dt","sameAs":["https:\/\/gradido.net"],"url":"https:\/\/gradido.net\/it\/author\/bernd\/"}]}},"_links":{"self":[{"href":"https:\/\/gradido.net\/it\/wp-json\/wp\/v2\/posts\/9805","targetHints":{"allow":["GET"]}}],"collection":[{"href":"https:\/\/gradido.net\/it\/wp-json\/wp\/v2\/posts"}],"about":[{"href":"https:\/\/gradido.net\/it\/wp-json\/wp\/v2\/types\/post"}],"author":[{"embeddable":true,"href":"https:\/\/gradido.net\/it\/wp-json\/wp\/v2\/users\/2"}],"replies":[{"embeddable":true,"href":"https:\/\/gradido.net\/it\/wp-json\/wp\/v2\/comments?post=9805"}],"version-history":[{"count":27,"href":"https:\/\/gradido.net\/it\/wp-json\/wp\/v2\/posts\/9805\/revisions"}],"predecessor-version":[{"id":13580,"href":"https:\/\/gradido.net\/it\/wp-json\/wp\/v2\/posts\/9805\/revisions\/13580"}],"wp:featuredmedia":[{"embeddable":true,"href":"https:\/\/gradido.net\/it\/wp-json\/wp\/v2\/media\/9806"}],"wp:attachment":[{"href":"https:\/\/gradido.net\/it\/wp-json\/wp\/v2\/media?parent=9805"}],"wp:term":[{"taxonomy":"category","embeddable":true,"href":"https:\/\/gradido.net\/it\/wp-json\/wp\/v2\/categories?post=9805"},{"taxonomy":"post_tag","embeddable":true,"href":"https:\/\/gradido.net\/it\/wp-json\/wp\/v2\/tags?post=9805"}],"curies":[{"name":"wp","href":"https:\/\/api.w.org\/{rel}","templated":true}]}}