{"id":9980,"date":"2025-01-01T13:20:50","date_gmt":"2025-01-01T12:20:50","guid":{"rendered":"https:\/\/gradido.net\/?p=9980"},"modified":"2026-04-24T07:25:17","modified_gmt":"2026-04-24T05:25:17","slug":"lasst-uns-2025-zum-jahr-des-gradido-machen","status":"publish","type":"post","link":"https:\/\/gradido.net\/it\/lasst-uns-2025-zum-jahr-des-gradido-machen\/","title":{"rendered":"Facciamo in modo che il 2025 sia l'anno del Gradido"},"content":{"rendered":"<div data-elementor-type=\"wp-post\" data-elementor-id=\"9980\" class=\"elementor elementor-9980\" data-elementor-post-type=\"post\">\n\t\t\t\t\t\t<section class=\"elementor-section elementor-top-section elementor-element elementor-element-496e1d53 elementor-section-boxed elementor-section-height-default elementor-section-height-default\" data-id=\"496e1d53\" data-element_type=\"section\" data-e-type=\"section\">\n\t\t\t\t\t\t<div class=\"elementor-container elementor-column-gap-default\">\n\t\t\t\t\t<div class=\"elementor-column elementor-col-100 elementor-top-column elementor-element elementor-element-461d7be0\" data-id=\"461d7be0\" data-element_type=\"column\" data-e-type=\"column\">\n\t\t\t<div class=\"elementor-widget-wrap elementor-element-populated\">\n\t\t\t\t\t\t<div class=\"elementor-element elementor-element-cd9ebe2 elementor-widget elementor-widget-text-editor\" data-id=\"cd9ebe2\" data-element_type=\"widget\" data-e-type=\"widget\" data-widget_type=\"text-editor.default\">\n\t\t\t\t<div class=\"elementor-widget-container\">\n\t\t\t\t\t\t\t\t\t<p><em>Da Eva-Maria Zander<\/em><\/p><p style=\"text-align: right;\"><em>\"Ci\u00f2 che sta davanti a noi e ci\u00f2 che sta dietro di noi sono piccole cose rispetto a ci\u00f2 che sta dentro di noi. E quando portiamo nel mondo ci\u00f2 che \u00e8 dentro di noi, accadono miracoli\".<\/em><\/p><p style=\"text-align: right;\"><em>Henry David Thoreau<\/em><\/p><p>Caro lettore,<\/p><p>Facciamo in modo che il 2025 sia l'anno del Gradido!<\/p><h4>Semplicemente:<br \/>Creando un circolo con 2-3 persone interessate.\u00a0<\/h4>\t\t\t\t\t\t\t\t<\/div>\n\t\t\t\t<\/div>\n\t\t\t\t\t<\/div>\n\t\t<\/div>\n\t\t\t\t\t<\/div>\n\t\t<\/section>\n\t\t\t\t<section class=\"elementor-section elementor-top-section elementor-element elementor-element-6fcdba0 elementor-section-boxed elementor-section-height-default elementor-section-height-default\" data-id=\"6fcdba0\" data-element_type=\"section\" data-e-type=\"section\">\n\t\t\t\t\t\t<div class=\"elementor-container elementor-column-gap-default\">\n\t\t\t\t\t<div class=\"elementor-column elementor-col-100 elementor-top-column elementor-element elementor-element-c77dfff\" data-id=\"c77dfff\" data-element_type=\"column\" data-e-type=\"column\">\n\t\t\t<div class=\"elementor-widget-wrap elementor-element-populated\">\n\t\t\t\t\t\t<div class=\"elementor-element elementor-element-562c437 elementor-widget elementor-widget-video\" data-id=\"562c437\" data-element_type=\"widget\" data-e-type=\"widget\" data-settings=\"{&quot;youtube_url&quot;:&quot;https:\\\/\\\/www.youtube.com\\\/watch?v=5dCWrKCVD5g&quot;,&quot;video_type&quot;:&quot;youtube&quot;,&quot;controls&quot;:&quot;yes&quot;}\" data-widget_type=\"video.default\">\n\t\t\t\t<div class=\"elementor-widget-container\">\n\t\t\t\t\t\t\t<div class=\"elementor-wrapper elementor-open-inline\">\n\t\t\t<div class=\"elementor-video\"><\/div>\t\t<\/div>\n\t\t\t\t\t\t<\/div>\n\t\t\t\t<\/div>\n\t\t\t\t\t<\/div>\n\t\t<\/div>\n\t\t\t\t\t<\/div>\n\t\t<\/section>\n\t\t\t\t<section class=\"elementor-section elementor-top-section elementor-element elementor-element-b21b8c5 elementor-section-boxed elementor-section-height-default elementor-section-height-default\" data-id=\"b21b8c5\" data-element_type=\"section\" data-e-type=\"section\">\n\t\t\t\t\t\t<div class=\"elementor-container elementor-column-gap-default\">\n\t\t\t\t\t<div class=\"elementor-column elementor-col-100 elementor-top-column elementor-element elementor-element-b3d9552\" data-id=\"b3d9552\" data-element_type=\"column\" data-e-type=\"column\">\n\t\t\t<div class=\"elementor-widget-wrap elementor-element-populated\">\n\t\t\t\t\t\t<div class=\"elementor-element elementor-element-b41777e elementor-widget elementor-widget-text-editor\" data-id=\"b41777e\" data-element_type=\"widget\" data-e-type=\"widget\" data-widget_type=\"text-editor.default\">\n\t\t\t\t<div class=\"elementor-widget-container\">\n\t\t\t\t\t\t\t\t\t<p>Abbiamo iniziato con un piccolo gruppo a Potsdam. E se i membri di altre citt\u00e0 ci imiteranno, nascer\u00e0 una rete di circoli Gradido e, soprattutto, una rete di persone:<\/p><h4>Ci uniamo e connettiamo pi\u00f9 rapidamente.<\/h4><p><strong><img fetchpriority=\"high\" decoding=\"async\" class=\"alignnone wp-image-9987 size-medium\" src=\"https:\/\/gradido.net\/wp-content\/uploads\/2025\/01\/2025_Schoepferkraft-213x300.jpg\" alt=\"\" width=\"213\" height=\"300\" srcset=\"https:\/\/gradido.net\/wp-content\/uploads\/2025\/01\/2025_Schoepferkraft-213x300.jpg 213w, https:\/\/gradido.net\/wp-content\/uploads\/2025\/01\/2025_Schoepferkraft-9x12.jpg 9w, https:\/\/gradido.net\/wp-content\/uploads\/2025\/01\/2025_Schoepferkraft.jpg 290w\" sizes=\"(max-width: 213px) 100vw, 213px\" \/><\/strong><\/p><p>Ognuno di noi che si connette dal cuore con il proprio potere creativo universale contribuisce alla realizzazione di un nuovo insieme e di un nuovo modo di fare impresa.<\/p><p><img decoding=\"async\" class=\"alignnone wp-image-9988 size-medium\" src=\"https:\/\/gradido.net\/wp-content\/uploads\/2025\/01\/2025_Erde-267x300.jpg\" alt=\"\" width=\"267\" height=\"300\" srcset=\"https:\/\/gradido.net\/wp-content\/uploads\/2025\/01\/2025_Erde-267x300.jpg 267w, https:\/\/gradido.net\/wp-content\/uploads\/2025\/01\/2025_Erde-11x12.jpg 11w, https:\/\/gradido.net\/wp-content\/uploads\/2025\/01\/2025_Erde.jpg 351w\" sizes=\"(max-width: 267px) 100vw, 267px\" \/><\/p><p>La terra \u00e8 sostenuta e permeata da una rete di luce; ovunque si scopra un cuore, c'\u00e8 un essere umano consapevole che si \u00e8 collegato a questa rete.<br \/>Immaginate ora che questa rete sia costituita da cerchi gradio e che copra lentamente e costantemente il globo.<\/p><h4>Ogni visione inizia con piccoli passi! Ora \u00e8 il momento di creare questi cerchi.<\/h4><p>Abbiamo messo insieme tante attivit\u00e0 meravigliose. Un primo passo in questa direzione potrebbe essere quello di fare una passeggiata con qualcuno e poi ringraziarlo con Gradido per la bella conversazione. Una volta trovate una o due persone interessate, creiamo un circolo e lo registriamo con il Gradido. Riferir\u00f2 cosa succede la prossima volta.<\/p><h4>Se ci si unisce, da questi cerchi si sprigiona un'energia incommensurabile.<\/h4><p><img decoding=\"async\" class=\"alignnone size-full wp-image-9989\" src=\"https:\/\/gradido.net\/wp-content\/uploads\/2025\/01\/2025_Erde_2.jpg\" alt=\"\" width=\"495\" height=\"556\" srcset=\"https:\/\/gradido.net\/wp-content\/uploads\/2025\/01\/2025_Erde_2.jpg 495w, https:\/\/gradido.net\/wp-content\/uploads\/2025\/01\/2025_Erde_2-267x300.jpg 267w, https:\/\/gradido.net\/wp-content\/uploads\/2025\/01\/2025_Erde_2-11x12.jpg 11w\" sizes=\"(max-width: 495px) 100vw, 495px\" \/><\/p><h4>Lavoriamo attivamente insieme ora!!!<\/h4><p>Sono impaziente di vivere un anno potente con voi e vedo gi\u00e0 l'espansione dei cerchi davanti a me.<\/p><p>Il tuo<\/p><p>Eva-Maria del Circolo di Visione<\/p><p><img loading=\"lazy\" decoding=\"async\" class=\"alignnone wp-image-9853 size-full\" src=\"https:\/\/gradido.net\/wp-content\/uploads\/2024\/11\/BildschiImpulse-e1735757552618.png\" alt=\"\" width=\"172\" height=\"200\" \/><\/p>\t\t\t\t\t\t\t\t<\/div>\n\t\t\t\t<\/div>\n\t\t\t\t\t<\/div>\n\t\t<\/div>\n\t\t\t\t\t<\/div>\n\t\t<\/section>\n\t\t\t\t<section class=\"elementor-section elementor-top-section elementor-element elementor-element-14532fe elementor-section-boxed elementor-section-height-default elementor-section-height-default\" data-id=\"14532fe\" data-element_type=\"section\" data-e-type=\"section\">\n\t\t\t\t\t\t<div class=\"elementor-container elementor-column-gap-default\">\n\t\t\t\t\t<div class=\"elementor-column elementor-col-100 elementor-top-column elementor-element elementor-element-65d2298\" data-id=\"65d2298\" data-element_type=\"column\" data-e-type=\"column\">\n\t\t\t<div class=\"elementor-widget-wrap elementor-element-populated\">\n\t\t\t\t\t\t<div class=\"elementor-element elementor-element-bea124f elementor-widget elementor-widget-global elementor-global-9341 elementor-widget-text-editor\" data-id=\"bea124f\" data-element_type=\"widget\" data-e-type=\"widget\" data-widget_type=\"text-editor.default\">\n\t\t\t\t<div class=\"elementor-widget-container\">\n\t\t\t\t\t\t\t\t\t<p><strong>PS:\u00a0<span style=\"color: #ff6600;\"><a style=\"color: #ff6600;\" href=\"https:\/\/gradido.net\/it\/donations\/\">Data l'importanza sempre crescente del Gradido, ripetiamo la nostra campagna di gratitudine il 26 giugno 2026:<\/a>\u00a0<\/span><span style=\"color: #0000ff;\"><a style=\"color: #0000ff;\" href=\"https:\/\/gradido.net\/it\/donations\/\">Oltre al GradidoTransform multiplo per il vostro contributo di sponsorizzazione, aumenteremo tutti i saldi dei conti GDT di 26% il 26\/06\/2016. Sponsorizzate ora e godetevi l'importo multiplo di GDT!<\/a><\/span><\/strong><\/p>\t\t\t\t\t\t\t\t<\/div>\n\t\t\t\t<\/div>\n\t\t\t\t\t<\/div>\n\t\t<\/div>\n\t\t\t\t\t<\/div>\n\t\t<\/section>\n\t\t\t\t<section class=\"elementor-section elementor-top-section elementor-element elementor-element-29dfc07 elementor-section-boxed elementor-section-height-default elementor-section-height-default\" data-id=\"29dfc07\" data-element_type=\"section\" data-e-type=\"section\">\n\t\t\t\t\t\t<div class=\"elementor-container elementor-column-gap-default\">\n\t\t\t\t\t<div class=\"elementor-column elementor-col-100 elementor-top-column elementor-element elementor-element-d37ec5a\" data-id=\"d37ec5a\" data-element_type=\"column\" data-e-type=\"column\">\n\t\t\t<div class=\"elementor-widget-wrap\">\n\t\t\t\t\t\t\t<\/div>\n\t\t<\/div>\n\t\t\t\t\t<\/div>\n\t\t<\/section>\n\t\t\t\t<\/div>","protected":false},"excerpt":{"rendered":"<p>Molto semplicemente: creando un circolo con 2-3 persone interessate. Abbiamo iniziato a Potsdam con un gruppo cos\u00ec piccolo. Se le persone di altri luoghi ci imiteranno, si creer\u00e0 una rete di circoli Gradido e ci conosceremo e collegheremo pi\u00f9 rapidamente.<\/p>","protected":false},"author":2,"featured_media":9981,"comment_status":"closed","ping_status":"closed","sticky":false,"template":"","format":"standard","meta":{"footnotes":""},"categories":[11,54],"tags":[22],"class_list":["post-9980","post","type-post","status-publish","format-standard","has-post-thumbnail","hentry","category-blog","category-community","tag-bild-oben"],"yoast_head":"<!-- This site is optimized with the Yoast SEO plugin v27.4 - https:\/\/yoast.com\/product\/yoast-seo-wordpress\/ -->\n<title>Lasst uns 2025 zum Jahr des Gradido machen - Gradido<\/title>\n<meta name=\"description\" content=\"Ganz einfach: Indem wir mit 2-3 Interessenten einen Kreis erschaffen. Wir sind in Potsdam mit einer so kleinen Gruppe gestartet. Wenn uns das Menschen in weiteren Ortschaften nachmachen, dann entsteht ein Netz aus Gradido-Kreisen und wir kommen schneller zueinander und in Verbindung.\" \/>\n<meta name=\"robots\" content=\"index, follow, max-snippet:-1, max-image-preview:large, max-video-preview:-1\" \/>\n<link rel=\"canonical\" href=\"https:\/\/gradido.net\/it\/lasst-uns-2025-zum-jahr-des-gradido-machen\/\" \/>\n<meta property=\"og:locale\" content=\"it_IT\" \/>\n<meta property=\"og:type\" content=\"article\" \/>\n<meta property=\"og:title\" content=\"Lasst uns 2025 zum Jahr des Gradido machen - Gradido\" \/>\n<meta property=\"og:description\" content=\"Ganz einfach: Indem wir mit 2-3 Interessenten einen Kreis erschaffen. Wir sind in Potsdam mit einer so kleinen Gruppe gestartet. Wenn uns das Menschen in weiteren Ortschaften nachmachen, dann entsteht ein Netz aus Gradido-Kreisen und wir kommen schneller zueinander und in Verbindung.\" \/>\n<meta property=\"og:url\" content=\"https:\/\/gradido.net\/it\/lasst-uns-2025-zum-jahr-des-gradido-machen\/\" \/>\n<meta property=\"og:site_name\" content=\"Gradido\" \/>\n<meta property=\"article:published_time\" content=\"2025-01-01T12:20:50+00:00\" \/>\n<meta property=\"article:modified_time\" content=\"2026-04-24T05:25:17+00:00\" \/>\n<meta property=\"og:image\" content=\"https:\/\/gradido.net\/wp-content\/uploads\/2025\/01\/Standbild.png\" \/>\n\t<meta property=\"og:image:width\" content=\"727\" \/>\n\t<meta property=\"og:image:height\" content=\"412\" \/>\n\t<meta property=\"og:image:type\" content=\"image\/png\" \/>\n<meta name=\"author\" content=\"Bernd H\u00fcckst\u00e4dt\" \/>\n<meta name=\"twitter:card\" content=\"summary_large_image\" \/>\n<meta name=\"twitter:label1\" content=\"Scritto da\" \/>\n\t<meta name=\"twitter:data1\" content=\"Bernd H\u00fcckst\u00e4dt\" \/>\n\t<meta name=\"twitter:label2\" content=\"Tempo di lettura stimato\" \/>\n\t<meta name=\"twitter:data2\" content=\"3 minuti\" \/>\n<script type=\"application\/ld+json\" class=\"yoast-schema-graph\">{\"@context\":\"https:\\\/\\\/schema.org\",\"@graph\":[{\"@type\":\"Article\",\"@id\":\"https:\\\/\\\/gradido.net\\\/lasst-uns-2025-zum-jahr-des-gradido-machen\\\/#article\",\"isPartOf\":{\"@id\":\"https:\\\/\\\/gradido.net\\\/lasst-uns-2025-zum-jahr-des-gradido-machen\\\/\"},\"author\":{\"name\":\"Bernd H\u00fcckst\u00e4dt\",\"@id\":\"https:\\\/\\\/gradido.net\\\/de\\\/#\\\/schema\\\/person\\\/9c503a004ad15a1ddecadce2218db5d1\"},\"headline\":\"Lasst uns 2025 zum Jahr des Gradido machen\",\"datePublished\":\"2025-01-01T12:20:50+00:00\",\"dateModified\":\"2026-04-24T05:25:17+00:00\",\"mainEntityOfPage\":{\"@id\":\"https:\\\/\\\/gradido.net\\\/lasst-uns-2025-zum-jahr-des-gradido-machen\\\/\"},\"wordCount\":355,\"publisher\":{\"@id\":\"https:\\\/\\\/gradido.net\\\/de\\\/#organization\"},\"image\":{\"@id\":\"https:\\\/\\\/gradido.net\\\/lasst-uns-2025-zum-jahr-des-gradido-machen\\\/#primaryimage\"},\"thumbnailUrl\":\"https:\\\/\\\/gradido.net\\\/wp-content\\\/uploads\\\/2025\\\/01\\\/Standbild.png\",\"keywords\":[\"Bild oben\"],\"articleSection\":[\"Blog\",\"Community\"],\"inLanguage\":\"it-IT\"},{\"@type\":\"WebPage\",\"@id\":\"https:\\\/\\\/gradido.net\\\/lasst-uns-2025-zum-jahr-des-gradido-machen\\\/\",\"url\":\"https:\\\/\\\/gradido.net\\\/lasst-uns-2025-zum-jahr-des-gradido-machen\\\/\",\"name\":\"Lasst uns 2025 zum Jahr des Gradido machen - Gradido\",\"isPartOf\":{\"@id\":\"https:\\\/\\\/gradido.net\\\/de\\\/#website\"},\"primaryImageOfPage\":{\"@id\":\"https:\\\/\\\/gradido.net\\\/lasst-uns-2025-zum-jahr-des-gradido-machen\\\/#primaryimage\"},\"image\":{\"@id\":\"https:\\\/\\\/gradido.net\\\/lasst-uns-2025-zum-jahr-des-gradido-machen\\\/#primaryimage\"},\"thumbnailUrl\":\"https:\\\/\\\/gradido.net\\\/wp-content\\\/uploads\\\/2025\\\/01\\\/Standbild.png\",\"datePublished\":\"2025-01-01T12:20:50+00:00\",\"dateModified\":\"2026-04-24T05:25:17+00:00\",\"description\":\"Ganz einfach: Indem wir mit 2-3 Interessenten einen Kreis erschaffen. Wir sind in Potsdam mit einer so kleinen Gruppe gestartet. Wenn uns das Menschen in weiteren Ortschaften nachmachen, dann entsteht ein Netz aus Gradido-Kreisen und wir kommen schneller zueinander und in Verbindung.\",\"breadcrumb\":{\"@id\":\"https:\\\/\\\/gradido.net\\\/lasst-uns-2025-zum-jahr-des-gradido-machen\\\/#breadcrumb\"},\"inLanguage\":\"it-IT\",\"potentialAction\":[{\"@type\":\"ReadAction\",\"target\":[\"https:\\\/\\\/gradido.net\\\/lasst-uns-2025-zum-jahr-des-gradido-machen\\\/\"]}]},{\"@type\":\"ImageObject\",\"inLanguage\":\"it-IT\",\"@id\":\"https:\\\/\\\/gradido.net\\\/lasst-uns-2025-zum-jahr-des-gradido-machen\\\/#primaryimage\",\"url\":\"https:\\\/\\\/gradido.net\\\/wp-content\\\/uploads\\\/2025\\\/01\\\/Standbild.png\",\"contentUrl\":\"https:\\\/\\\/gradido.net\\\/wp-content\\\/uploads\\\/2025\\\/01\\\/Standbild.png\",\"width\":727,\"height\":412},{\"@type\":\"BreadcrumbList\",\"@id\":\"https:\\\/\\\/gradido.net\\\/lasst-uns-2025-zum-jahr-des-gradido-machen\\\/#breadcrumb\",\"itemListElement\":[{\"@type\":\"ListItem\",\"position\":1,\"name\":\"Startseite\",\"item\":\"https:\\\/\\\/gradido.net\\\/\"},{\"@type\":\"ListItem\",\"position\":2,\"name\":\"Lasst uns 2025 zum Jahr des Gradido machen\"}]},{\"@type\":\"WebSite\",\"@id\":\"https:\\\/\\\/gradido.net\\\/de\\\/#website\",\"url\":\"https:\\\/\\\/gradido.net\\\/de\\\/\",\"name\":\"Gradido\",\"description\":\"Die neue W\u00e4hrung hei\u00dft Dankbarkeit\",\"publisher\":{\"@id\":\"https:\\\/\\\/gradido.net\\\/de\\\/#organization\"},\"potentialAction\":[{\"@type\":\"SearchAction\",\"target\":{\"@type\":\"EntryPoint\",\"urlTemplate\":\"https:\\\/\\\/gradido.net\\\/de\\\/?s={search_term_string}\"},\"query-input\":{\"@type\":\"PropertyValueSpecification\",\"valueRequired\":true,\"valueName\":\"search_term_string\"}}],\"inLanguage\":\"it-IT\"},{\"@type\":\"Organization\",\"@id\":\"https:\\\/\\\/gradido.net\\\/de\\\/#organization\",\"name\":\"Gradido\",\"url\":\"https:\\\/\\\/gradido.net\\\/de\\\/\",\"logo\":{\"@type\":\"ImageObject\",\"inLanguage\":\"it-IT\",\"@id\":\"https:\\\/\\\/gradido.net\\\/de\\\/#\\\/schema\\\/logo\\\/image\\\/\",\"url\":\"https:\\\/\\\/gradido.net\\\/wp-content\\\/uploads\\\/2022\\\/04\\\/gradido-social.jpg\",\"contentUrl\":\"https:\\\/\\\/gradido.net\\\/wp-content\\\/uploads\\\/2022\\\/04\\\/gradido-social.jpg\",\"width\":527,\"height\":273,\"caption\":\"Gradido\"},\"image\":{\"@id\":\"https:\\\/\\\/gradido.net\\\/de\\\/#\\\/schema\\\/logo\\\/image\\\/\"}},{\"@type\":\"Person\",\"@id\":\"https:\\\/\\\/gradido.net\\\/de\\\/#\\\/schema\\\/person\\\/9c503a004ad15a1ddecadce2218db5d1\",\"name\":\"Bernd H\u00fcckst\u00e4dt\",\"sameAs\":[\"https:\\\/\\\/gradido.net\"],\"url\":\"https:\\\/\\\/gradido.net\\\/it\\\/author\\\/bernd\\\/\"}]}<\/script>\n<!-- \/ Yoast SEO plugin. -->","yoast_head_json":{"title":"Facciamo in modo che il 2025 sia l'anno del Gradido - Gradido","description":"Molto semplicemente: creando un circolo con 2-3 persone interessate. Abbiamo iniziato a Potsdam con un gruppo cos\u00ec piccolo. Se le persone in altri luoghi ci copiano, si creer\u00e0 una rete di circoli Gradido e ci conosceremo e collegheremo pi\u00f9 rapidamente.","robots":{"index":"index","follow":"follow","max-snippet":"max-snippet:-1","max-image-preview":"max-image-preview:large","max-video-preview":"max-video-preview:-1"},"canonical":"https:\/\/gradido.net\/it\/lasst-uns-2025-zum-jahr-des-gradido-machen\/","og_locale":"it_IT","og_type":"article","og_title":"Lasst uns 2025 zum Jahr des Gradido machen - Gradido","og_description":"Ganz einfach: Indem wir mit 2-3 Interessenten einen Kreis erschaffen. Wir sind in Potsdam mit einer so kleinen Gruppe gestartet. Wenn uns das Menschen in weiteren Ortschaften nachmachen, dann entsteht ein Netz aus Gradido-Kreisen und wir kommen schneller zueinander und in Verbindung.","og_url":"https:\/\/gradido.net\/it\/lasst-uns-2025-zum-jahr-des-gradido-machen\/","og_site_name":"Gradido","article_published_time":"2025-01-01T12:20:50+00:00","article_modified_time":"2026-04-24T05:25:17+00:00","og_image":[{"width":727,"height":412,"url":"https:\/\/gradido.net\/wp-content\/uploads\/2025\/01\/Standbild.png","type":"image\/png"}],"author":"Bernd H\u00fcckst\u00e4dt","twitter_card":"summary_large_image","twitter_misc":{"Scritto da":"Bernd H\u00fcckst\u00e4dt","Tempo di lettura stimato":"3 minuti"},"schema":{"@context":"https:\/\/schema.org","@graph":[{"@type":"Article","@id":"https:\/\/gradido.net\/lasst-uns-2025-zum-jahr-des-gradido-machen\/#article","isPartOf":{"@id":"https:\/\/gradido.net\/lasst-uns-2025-zum-jahr-des-gradido-machen\/"},"author":{"name":"Bernd H\u00fcckst\u00e4dt","@id":"https:\/\/gradido.net\/de\/#\/schema\/person\/9c503a004ad15a1ddecadce2218db5d1"},"headline":"Lasst uns 2025 zum Jahr des Gradido machen","datePublished":"2025-01-01T12:20:50+00:00","dateModified":"2026-04-24T05:25:17+00:00","mainEntityOfPage":{"@id":"https:\/\/gradido.net\/lasst-uns-2025-zum-jahr-des-gradido-machen\/"},"wordCount":355,"publisher":{"@id":"https:\/\/gradido.net\/de\/#organization"},"image":{"@id":"https:\/\/gradido.net\/lasst-uns-2025-zum-jahr-des-gradido-machen\/#primaryimage"},"thumbnailUrl":"https:\/\/gradido.net\/wp-content\/uploads\/2025\/01\/Standbild.png","keywords":["Bild oben"],"articleSection":["Blog","Community"],"inLanguage":"it-IT"},{"@type":"WebPage","@id":"https:\/\/gradido.net\/lasst-uns-2025-zum-jahr-des-gradido-machen\/","url":"https:\/\/gradido.net\/lasst-uns-2025-zum-jahr-des-gradido-machen\/","name":"Facciamo in modo che il 2025 sia l'anno del Gradido - Gradido","isPartOf":{"@id":"https:\/\/gradido.net\/de\/#website"},"primaryImageOfPage":{"@id":"https:\/\/gradido.net\/lasst-uns-2025-zum-jahr-des-gradido-machen\/#primaryimage"},"image":{"@id":"https:\/\/gradido.net\/lasst-uns-2025-zum-jahr-des-gradido-machen\/#primaryimage"},"thumbnailUrl":"https:\/\/gradido.net\/wp-content\/uploads\/2025\/01\/Standbild.png","datePublished":"2025-01-01T12:20:50+00:00","dateModified":"2026-04-24T05:25:17+00:00","description":"Molto semplicemente: creando un circolo con 2-3 persone interessate. Abbiamo iniziato a Potsdam con un gruppo cos\u00ec piccolo. Se le persone in altri luoghi ci copiano, si creer\u00e0 una rete di circoli Gradido e ci conosceremo e collegheremo pi\u00f9 rapidamente.","breadcrumb":{"@id":"https:\/\/gradido.net\/lasst-uns-2025-zum-jahr-des-gradido-machen\/#breadcrumb"},"inLanguage":"it-IT","potentialAction":[{"@type":"ReadAction","target":["https:\/\/gradido.net\/lasst-uns-2025-zum-jahr-des-gradido-machen\/"]}]},{"@type":"ImageObject","inLanguage":"it-IT","@id":"https:\/\/gradido.net\/lasst-uns-2025-zum-jahr-des-gradido-machen\/#primaryimage","url":"https:\/\/gradido.net\/wp-content\/uploads\/2025\/01\/Standbild.png","contentUrl":"https:\/\/gradido.net\/wp-content\/uploads\/2025\/01\/Standbild.png","width":727,"height":412},{"@type":"BreadcrumbList","@id":"https:\/\/gradido.net\/lasst-uns-2025-zum-jahr-des-gradido-machen\/#breadcrumb","itemListElement":[{"@type":"ListItem","position":1,"name":"Startseite","item":"https:\/\/gradido.net\/"},{"@type":"ListItem","position":2,"name":"Lasst uns 2025 zum Jahr des Gradido machen"}]},{"@type":"WebSite","@id":"https:\/\/gradido.net\/de\/#website","url":"https:\/\/gradido.net\/de\/","name":"Gradido","description":"La nuova moneta \u00e8 la gratitudine","publisher":{"@id":"https:\/\/gradido.net\/de\/#organization"},"potentialAction":[{"@type":"SearchAction","target":{"@type":"EntryPoint","urlTemplate":"https:\/\/gradido.net\/de\/?s={search_term_string}"},"query-input":{"@type":"PropertyValueSpecification","valueRequired":true,"valueName":"search_term_string"}}],"inLanguage":"it-IT"},{"@type":"Organization","@id":"https:\/\/gradido.net\/de\/#organization","name":"Gradido","url":"https:\/\/gradido.net\/de\/","logo":{"@type":"ImageObject","inLanguage":"it-IT","@id":"https:\/\/gradido.net\/de\/#\/schema\/logo\/image\/","url":"https:\/\/gradido.net\/wp-content\/uploads\/2022\/04\/gradido-social.jpg","contentUrl":"https:\/\/gradido.net\/wp-content\/uploads\/2022\/04\/gradido-social.jpg","width":527,"height":273,"caption":"Gradido"},"image":{"@id":"https:\/\/gradido.net\/de\/#\/schema\/logo\/image\/"}},{"@type":"Person","@id":"https:\/\/gradido.net\/de\/#\/schema\/person\/9c503a004ad15a1ddecadce2218db5d1","name":"Bernd H\u00fcckst\u00e4dt","sameAs":["https:\/\/gradido.net"],"url":"https:\/\/gradido.net\/it\/author\/bernd\/"}]}},"_links":{"self":[{"href":"https:\/\/gradido.net\/it\/wp-json\/wp\/v2\/posts\/9980","targetHints":{"allow":["GET"]}}],"collection":[{"href":"https:\/\/gradido.net\/it\/wp-json\/wp\/v2\/posts"}],"about":[{"href":"https:\/\/gradido.net\/it\/wp-json\/wp\/v2\/types\/post"}],"author":[{"embeddable":true,"href":"https:\/\/gradido.net\/it\/wp-json\/wp\/v2\/users\/2"}],"replies":[{"embeddable":true,"href":"https:\/\/gradido.net\/it\/wp-json\/wp\/v2\/comments?post=9980"}],"version-history":[{"count":24,"href":"https:\/\/gradido.net\/it\/wp-json\/wp\/v2\/posts\/9980\/revisions"}],"predecessor-version":[{"id":13578,"href":"https:\/\/gradido.net\/it\/wp-json\/wp\/v2\/posts\/9980\/revisions\/13578"}],"wp:featuredmedia":[{"embeddable":true,"href":"https:\/\/gradido.net\/it\/wp-json\/wp\/v2\/media\/9981"}],"wp:attachment":[{"href":"https:\/\/gradido.net\/it\/wp-json\/wp\/v2\/media?parent=9980"}],"wp:term":[{"taxonomy":"category","embeddable":true,"href":"https:\/\/gradido.net\/it\/wp-json\/wp\/v2\/categories?post=9980"},{"taxonomy":"post_tag","embeddable":true,"href":"https:\/\/gradido.net\/it\/wp-json\/wp\/v2\/tags?post=9980"}],"curies":[{"name":"wp","href":"https:\/\/api.w.org\/{rel}","templated":true}]}}