{"id":1056,"date":"2020-11-11T12:43:41","date_gmt":"2020-11-11T11:43:41","guid":{"rendered":"https:\/\/gradido.net\/?p=1056"},"modified":"2021-12-11T13:01:11","modified_gmt":"2021-12-11T12:01:11","slug":"gastronomie-braucht-aktives-grundeinkommen","status":"publish","type":"post","link":"https:\/\/gradido.net\/lv\/gastronomie-braucht-aktives-grundeinkommen\/","title":{"rendered":"Gastronomijai nepiecie\u0161ams \"akt\u012bvais pamatien\u0101kums"},"content":{"rendered":"<div data-elementor-type=\"wp-post\" data-elementor-id=\"1056\" class=\"elementor elementor-1056\" data-elementor-post-type=\"post\">\n\t\t\t\t\t\t<section class=\"elementor-section elementor-top-section elementor-element elementor-element-496e1d53 elementor-section-boxed elementor-section-height-default elementor-section-height-default\" data-id=\"496e1d53\" data-element_type=\"section\" data-e-type=\"section\">\n\t\t\t\t\t\t<div class=\"elementor-container elementor-column-gap-default\">\n\t\t\t\t\t<div class=\"elementor-column elementor-col-100 elementor-top-column elementor-element elementor-element-461d7be0\" data-id=\"461d7be0\" data-element_type=\"column\" data-e-type=\"column\">\n\t\t\t<div class=\"elementor-widget-wrap elementor-element-populated\">\n\t\t\t\t\t\t<div class=\"elementor-element elementor-element-cd9ebe2 elementor-widget elementor-widget-text-editor\" data-id=\"cd9ebe2\" data-element_type=\"widget\" data-e-type=\"widget\" data-widget_type=\"text-editor.default\">\n\t\t\t\t<div class=\"elementor-widget-container\">\n\t\t\t\t\t\t\t\t\t<h2>Nokauts ar Lockdown?<\/h2><p><b>K\u00fcnzelsau, 11.11.2020. - Atjaunot\u0101 sl\u0113g\u0161ana sabiedrisk\u0101s \u0113din\u0101\u0161anas nozar\u0113 rada \u012bstu \u0161ausmu scen\u0101riju. Nozar\u0113 gaid\u0101ms neiedom\u0101jami liels bankrotu vilnis. T\u0101 k\u0101 \u0161ogad apgroz\u012bjums ir iev\u0113rojami samazin\u0101jies, tre\u0161da\u013cai restor\u0101nu, kafejn\u012bcu, b\u0101ru, krodzi\u0146u, b\u0101ru, \u0113din\u0101\u0161anas uz\u0146\u0113mumu un pas\u0101kumu norises vietu draud izmir\u0161ana. Un \u0161\u012b tendence pieaug. Daudzus no apdraud\u0113tajiem uz\u0146\u0113mumiem ar neskait\u0101m\u0101m darbaviet\u0101m un m\u0101cek\u013cu viet\u0101m nav iesp\u0113jams past\u0101v\u012bgi gl\u0101bt ar pied\u0101v\u0101to \"novembra atbalstu\". Tikai 24% restor\u0101nu \u012bpa\u0161nieku joproj\u0101m uzskata, ka decembr\u012b ats\u0101ks darbu. Tr\u012bs ceturtda\u013cas no vi\u0146iem pie\u0146em, ka ar\u012b vi\u0146u Ziemassv\u0113tku bizness k\u013c\u016bs par darb\u012bbas aizlieguma upuri, un rea\u0123\u0113 ar rezign\u0101ciju, dusm\u0101m vai t\u012bru izmisumu. Lai sp\u0113tu nov\u0113rst nozares piln\u012bgu sabrukumu, ir nepiecie\u0161ami principi\u0101li jauni kr\u012bzes intervences un savas past\u0101v\u0113\u0161anas nodro\u0161in\u0101\u0161anas pas\u0101kumi. \u0160im nol\u016bkam Gradido Ekonomikas bionikas akad\u0113mija ir izstr\u0101d\u0101jusi jauna veida ekonomikas un finan\u0161u sist\u0113mu. Atk\u0101pjoties no pa\u0161reiz\u0113j\u0101 par\u0101da naudas principa, inovat\u012bva pieeja naudas rad\u012b\u0161anai un \"akt\u012bvie pamatien\u0101kumi\", Gradido modelis r\u0101da daudzsolo\u0161u izeju no kr\u012bzes. <\/b><\/p><p>Ar s\u016bdz\u012bb\u0101m, l\u016bgumrakstiem un aizdedzino\u0161\u0101m v\u0113stul\u0113m asoci\u0101cijas, arodbiedr\u012bbas un skart\u0101s personas ska\u013ci un nep\u0101rprotami v\u0113r\u0161 uzman\u012bbu uz viesn\u012bcu un restor\u0101nu nozares atk\u0101rtot\u0101s sl\u0113g\u0161anas sek\u0101m. Vi\u0146i ap\u0161auba pas\u0101kumu j\u0113gu, kas v\u0113rsti uz kontaktu p\u0101rvieto\u0161anu no publiskaj\u0101m telp\u0101m uz priv\u0101taj\u0101m, un ir \u013coti v\u012blu\u0161ies, ka netiek nov\u0113rt\u0113ti izsmalcin\u0101ti koncepti un lieli finansi\u0101li ieguld\u012bjumi, lai nodro\u0161in\u0101tu maksim\u0101lu viesu dro\u0161\u012bbu. Nozares p\u0101rst\u0101vji ar\u012b no visas sirds s\u016bta trauksmes zvanus, jo neskait\u0101miem uz\u0146\u0113mumiem draud gal\u012bga boj\u0101eja atk\u0101rtotas sl\u0113g\u0161anas d\u0113\u013c. Apdraud\u0113tas ne tikai tie\u0161i skarto personu darbavietas, bet ar\u012b daudzu ar to saist\u012bto pieg\u0101des \u0137\u0113\u017eu, alus dar\u012btavu un dz\u0113rienu vairumtirgot\u0101ju darbinieku iztikas l\u012bdzek\u013ci. M\u0101cek\u013cus gaida ar\u012b posto\u0161as perspekt\u012bvas. V\u0101cijas R\u016bpniec\u012bbas un tirdzniec\u012bbas pal\u0101tu asoci\u0101cijas (DIH) veikt\u0101 aptauja atkl\u0101ja, ka \u0113din\u0101\u0161anas nozare jaunaj\u0101 m\u0101c\u012bbu gad\u0101, iesp\u0113jams, var\u0113s pied\u0101v\u0101t par 30 % maz\u0101k m\u0101cek\u013cu vietu nek\u0101 iepriek\u0161\u0113j\u0101 gad\u0101.<\/p><p>Uz\u0146\u0113m\u0113jdarb\u012bbas bionikas akad\u0113mijas Gradido l\u012bdzdibin\u0101t\u0101js Bernds Huk\u0161tads (Bernd H\u00fcckst\u00e4dt) ar pieaugo\u0161\u0101m ba\u017e\u0101m raug\u0101s uz \u0161\u0101du att\u012bst\u012bbu: \"M\u0113s nevaram stabiliz\u0113t m\u016bsu ekonomiku, solot galvu reibino\u0161as p\u0101rejas atbalsta summas k\u0101 sava veida \u0101tru risin\u0101jumu katrai nozarei, kurai \u0161ogad tiks aizliegts veikt profesiju. Pirmk\u0101rt, neviens nezina, kas jebkad atmaks\u0101s \u0161\u0101d\u0101 veid\u0101 rad\u012btos par\u0101du kalnus. No otras puses, \u0161\u012b \u0161\u0137ietami d\u0101sn\u0101 \"\u0101rk\u0101rtas pal\u012bdz\u012bba\" pat nesasniedz visus cietu\u0161os, t\u0101 jau no pa\u0161a s\u0101kuma ir nepietiekama un nerada nek\u0101du perspekt\u012bvu.\" P\u0113c Gradido akad\u0113mijas ekonomikas bionikas ekspertu dom\u0101m, milz\u012bgos pa\u0161reiz\u0113jos ekonomikas un politikas izaicin\u0101jumus var p\u0101rvar\u0113t tikai ar pav\u0113rsienu uz ilgtsp\u0113j\u012bgu un mazb\u0113rniem draudz\u012bgu ekonomikas un finan\u0161u sist\u0113mu.<\/p><h4>Gradido modelis<\/h4><p>Divdesmit p\u0113tniec\u012bbas darba gados Gradido Ekonomikas bionikas akad\u0113mija ir izstr\u0101d\u0101jusi stabilu un ilgtsp\u0113j\u012bgu ekonomikas un finan\u0161u sist\u0113mu ar t\u0101du pa\u0161u nosaukumu. T\u0101 ir balst\u012bta uz dabas pamatlikumiem un l\u012bdz ar to paredz ar\u012b atteik\u0161anos no domin\u0113jo\u0161\u0101 par\u0101da naudas principa. H\u00fcckst\u00e4dt skaidro: \"Vecaj\u0101 finan\u0161u sist\u0113m\u0101 vienas personas kred\u012bts neizb\u0113gami ir citas personas par\u0101ds. Tom\u0113r daba nepaz\u012bst par\u0101dus. L\u012bdz ar to tiek rad\u012bta kop\u0113j\u0101 labuma val\u016bta Gradido (GDD) k\u0101 kred\u012bts visiem, neradot nek\u0101dus par\u0101dus. Ar Gradido modeli var\u0113tu p\u0101rvar\u0113t t\u0101das ekonomisk\u0101s kr\u012bzes, k\u0101du piedz\u012bvojam pa\u0161laik, neapgr\u016btinot n\u0101kam\u0101s paaudzes.\"<\/p><h4>\"Akt\u012bvie pamatien\u0101kumi\" nodro\u0161ina iztikas l\u012bdzek\u013cus<\/h4><p>\"Akt\u012bv\u0101 pamatien\u0101kuma\" pamat\u0101 ir \"beznosac\u012bjumu l\u012bdzdal\u012bbas\" ideja. Katrai personai ik m\u0113nesi ir pieejami 1000 Gradido (GDD) no kop\u0113j\u0101s labuma val\u016btas k\u0101 pamatien\u0101kums. Viens Gradido atbilst viena eiro v\u0113rt\u012bbai. Maksim\u0101li 50 stundas m\u0113nes\u012b tiek apmaks\u0101tas ar 20 GDD par katru. \u0160\u012b summa ir paredz\u0113ta k\u0101 pamatsumma iztikas nodro\u0161in\u0101\u0161anai, ko var papildin\u0101t ar citiem ien\u0101kumiem. Tie, kas v\u0113las izmantot \"akt\u012bv\u0101 pamatien\u0101kuma\" priek\u0161roc\u012bbas, var dot ieguld\u012bjumu sabiedr\u012bbai jebkur\u0101 vecum\u0101 ar saviem person\u012bgajiem talantiem, tieksm\u0113m un iesp\u0113j\u0101m. T\u0101d\u0113j\u0101di pat profesion\u0101l\u0101s kr\u012bzes laik\u0101 pamatien\u0101kumus var sa\u0146emt bez nepiecie\u0161am\u012bbas pieteikties vai iziet ien\u0101kumu p\u0101rbaudi. Turkl\u0101t \"akt\u012bv\u0101 pamatien\u0101kuma\" koncepcij\u0101 ar \"beznosac\u012bjumu l\u012bdzdal\u012bbu\" ir \u0146emts v\u0113r\u0101 ar\u012b tas, ka n\u0101kotnes nodarbin\u0101t\u012bbas biogr\u0101fij\u0101 - piln\u012bgi neatkar\u012bgi no ekonomikas un finan\u0161u kr\u012bz\u0113m - vienm\u0113r b\u016bs p\u0101rtraukumi vai pat nepiln\u012bbas. Pateicoties Gradido pamatien\u0101kumam, \u0161\u0101di apv\u0113rsuma posmi zaud\u0113 savu eksistenci\u0101lo \u0161ausm\u012bgumu.<\/p><h4>\"Beznosac\u012bjumu l\u012bdzdal\u012bba\" visos dz\u012bves posmos.<\/h4><p>Katram cilv\u0113kam ir at\u013cauts uz\u0146emties uzdevumu, kas vi\u0146am pat\u012bk, lai sa\u0146emtu \"akt\u012bvo pamatien\u0101kumu\". \u0160aj\u0101 gad\u012bjum\u0101 vi\u0146\u0161 var\u0113tu b\u016bt akt\u012bvs ar\u012b noteikt\u0101 \"profesion\u0101l\u0101s darb\u012bbas aizlieguma\" laik\u0101. Bez saj\u016btas, ka ikvien\u0101 dz\u012bves un karjeras posm\u0101 var veikt j\u0113gpilnu darb\u012bbu, \"Beznosac\u012bjumu l\u012bdzdal\u012bbas\" princips sniedz ar\u012b iesp\u0113ju atkl\u0101t jaunas kaisl\u012bbas un m\u0113r\u0137us. Bez eksistenci\u0101l\u0101m bail\u0113m ikviens var dar\u012bt to, ko vi\u0146\u0161 v\u0113l\u0113tos dar\u012bt no visas sirds, citiem v\u0101rdiem sakot, sekot savam iek\u0161\u0113jam aicin\u0101jumam. Rad\u012b\u0161anas prieks ir lab\u0101kais priek\u0161noteikums, lai g\u016btu pan\u0101kumus visos l\u012bme\u0146os.<\/p><h4>Tr\u012bsk\u0101r\u0161a labkl\u0101j\u012bba un tr\u012bsk\u0101r\u0161a naudas rad\u012b\u0161ana<\/h4><p>Gradido \u0113tikas pamatprincipa pamat\u0101 ir indiv\u012bda labkl\u0101j\u012bbas saska\u0146o\u0161ana ar kopienas labkl\u0101j\u012bbu un liel\u0101ku kopumu - dabas un vides izpratn\u0113. Indiv\u012bds ir da\u013ca no kopienas, valsts, un t\u0101, savuk\u0101rt, ir da\u013ca no \"kop\u0113j\u0101s ainas\", ekosist\u0113mas. Attiec\u012bgi uz vienu iedz\u012bvot\u0101ju tiek \u0146emti 3 \u00d7 1000 gradido. 1 000 Gradido katram \"akt\u012bvajam pamatien\u0101kumam\", valsts bud\u017eetam un Izl\u012bdzin\u0101\u0161anas un vides fondam.<\/p><h4>Gradido filozofija<\/h4><p>\"M\u016bsu ideja par \"kop\u0113jo labumu\" ir t\u0101da, ka ikviens cilv\u0113ks vienm\u0113r ir nodro\u0161in\u0101ts ar vis\u0101m dz\u012bvei nepiecie\u0161amaj\u0101m liet\u0101m un zina, ka vi\u0146a v\u0113lmes un r\u016bpes tiek pie\u0146emtas,\" skaidro Gradido akad\u0113mijas l\u012bdzdibin\u0101t\u0101ja un izpilddirektore Margr\u0113ta Baire (Margret Baier), skaidrojot mode\u013ca pamatprincipu. Vi\u0146a piebilst: \"Tikai tad, ja ikvienam tiek \u013cauts b\u016bt ar\u012b dz\u012bvai kopienas da\u013cai, rodas ar\u012b solidarit\u0101te un atbild\u012bbas saj\u016bta, kas ir nepiecie\u0161amas, lai p\u0101rvar\u0113tu kr\u012bzes. \u0160\u0101d\u0101 situ\u0101cij\u0101, k\u0101da ir \u0161odien, m\u0113s var\u0113tu elast\u012bgi rea\u0123\u0113t uz aizsardz\u012bbas pas\u0101kumiem, neradot finansi\u0101las gr\u016bt\u012bbas. Ja Gradido modelis b\u016bs precedents, m\u0113s var\u0113sim rast daudz diferenc\u0113t\u0101kas pieejas risin\u0101jumiem un l\u012bdz minimumam samazin\u0101t nev\u0113lamas fat\u0101las sekas.\"<\/p><p>S\u012bk\u0101ka inform\u0101cija par visu \"Gradido modeli\" atrodama vietn\u0113 <a href=\"https:\/\/gradido.net\/lv\/\">https:\/\/gradido.net<\/a><\/p><p><!-- \/wp:paragraph --><\/p>\t\t\t\t\t\t\t\t<\/div>\n\t\t\t\t<\/div>\n\t\t\t\t<div class=\"elementor-element elementor-element-e9ff241 elementor-widget elementor-widget-text-editor\" data-id=\"e9ff241\" data-element_type=\"widget\" data-e-type=\"widget\" data-widget_type=\"text-editor.default\">\n\t\t\t\t<div class=\"elementor-widget-container\">\n\t\t\t\t\t\t\t\t\t<p><strong>Par Gradido akad\u0113miju<\/strong><br>Gradido Ekonomikas bionikas akad\u0113mija (Gradido Academy for Economic Bionics) ir izstr\u0101d\u0101jusi alternat\u012bvu \"kop\u0113j\u0101 labuma val\u016btu\", kas ir veidota p\u0113c dabas parauga. Daba iev\u0113ro likumu, ka tikai tur, kur kaut kas izz\u016bd, var rasties kaut kas jauns, un t\u0101d\u0113j\u0101di ir iesp\u0113jami ilgtermi\u0146a uzlabojumi (evol\u016bcija). T\u0101s veiksmes recepte ir \"dz\u012bves cikls\". Ja ar\u012b m\u016bsu ekonomik\u0101 notiktu \u0161is dabiskais cikls, tas atrisin\u0101tu praktiski visas ar naudu saist\u012bt\u0101s pasaules probl\u0113mas, uzskata ekonomikas bionikas eksperti. Gradido mode\u013ca pamat\u0101 ir ideja, ka ne tikai katra persona, bet ar\u012b katra valsts sa\u0146em ien\u0101kumus, kas tiek veidoti uz kred\u012bta b\u0101zes. T\u0101d\u0113j\u0101di t\u0101 var veikt visus savus uzdevumus, neiekas\u0113jot nodok\u013cus. Defl\u0101cija vai infl\u0101cija ir pag\u0101tnes lietas. Ekonomika ir atbr\u012bvota no nep\u0101rtrauktas nepiecie\u0161am\u012bbas augt, un finan\u0161u sist\u0113mas sabrukuma draudi beidzot ir nov\u0113rsti. (<a href=\"https:\/\/gradido.net\/lv\/\">www.gradido.net<\/a>)<\/p>\t\t\t\t\t\t\t\t<\/div>\n\t\t\t\t<\/div>\n\t\t\t\t\t<\/div>\n\t\t<\/div>\n\t\t\t\t\t<\/div>\n\t\t<\/section>\n\t\t\t\t<\/div>","protected":false},"excerpt":{"rendered":"<p>Knockout durch Lockdown? K\u00fcnzelsau, 11.11.2020 \u2013 Der erneute Lockdown beschert der Gastronomie ein wahres Horrorszenario. Die Branche rechnet mit einer Pleitewelle unvorstellbaren Ausma\u00dfes. Aufgrund der eklatanten Umsatzeinbu\u00dfen in diesem Jahr droht einem Drittel der Restaurants, Caf\u00e9s, Wirtsh\u00e4user, Kneipen, Bars, Caterer und Eventlocations das Aus. Tendenz steigend. Viele der bedrohten Unternehmen mit unz\u00e4hligen Arbeits- und Ausbildungspl\u00e4tzen [&hellip;]<\/p>\n","protected":false},"author":2,"featured_media":1067,"comment_status":"closed","ping_status":"closed","sticky":false,"template":"","format":"standard","meta":{"footnotes":""},"categories":[8],"tags":[],"class_list":["post-1056","post","type-post","status-publish","format-standard","has-post-thumbnail","hentry","category-pressemitteilung"],"yoast_head":"<!-- This site is optimized with the Yoast SEO plugin v27.5 - https:\/\/yoast.com\/product\/yoast-seo-wordpress\/ -->\n<title>Gastronomie braucht \u201aAktives Grundeinkommen\u2018 - Gradido<\/title>\n<meta name=\"robots\" content=\"index, follow, max-snippet:-1, max-image-preview:large, max-video-preview:-1\" \/>\n<link rel=\"canonical\" href=\"https:\/\/gradido.net\/lv\/gastronomie-braucht-aktives-grundeinkommen\/\" \/>\n<meta property=\"og:locale\" content=\"lv_LV\" \/>\n<meta property=\"og:type\" content=\"article\" \/>\n<meta property=\"og:title\" content=\"Gastronomie braucht \u201aAktives Grundeinkommen\u2018 - Gradido\" \/>\n<meta property=\"og:description\" content=\"Knockout durch Lockdown? K\u00fcnzelsau, 11.11.2020 \u2013 Der erneute Lockdown beschert der Gastronomie ein wahres Horrorszenario. Die Branche rechnet mit einer Pleitewelle unvorstellbaren Ausma\u00dfes. Aufgrund der eklatanten Umsatzeinbu\u00dfen in diesem Jahr droht einem Drittel der Restaurants, Caf\u00e9s, Wirtsh\u00e4user, Kneipen, Bars, Caterer und Eventlocations das Aus. Tendenz steigend. Viele der bedrohten Unternehmen mit unz\u00e4hligen Arbeits- und Ausbildungspl\u00e4tzen [&hellip;]\" \/>\n<meta property=\"og:url\" content=\"https:\/\/gradido.net\/lv\/gastronomie-braucht-aktives-grundeinkommen\/\" \/>\n<meta property=\"og:site_name\" content=\"Gradido\" \/>\n<meta property=\"article:published_time\" content=\"2020-11-11T11:43:41+00:00\" \/>\n<meta property=\"article:modified_time\" content=\"2021-12-11T12:01:11+00:00\" \/>\n<meta property=\"og:image\" content=\"https:\/\/gradido.net\/wp-content\/uploads\/2020\/11\/gastronomie_pausemodus.jpg\" \/>\n\t<meta property=\"og:image:width\" content=\"1079\" \/>\n\t<meta property=\"og:image:height\" content=\"720\" \/>\n\t<meta property=\"og:image:type\" content=\"image\/jpeg\" \/>\n<meta name=\"author\" content=\"Bernd H\u00fcckst\u00e4dt\" \/>\n<meta name=\"twitter:card\" content=\"summary_large_image\" \/>\n<meta name=\"twitter:label1\" content=\"Written by\" \/>\n\t<meta name=\"twitter:data1\" content=\"Bernd H\u00fcckst\u00e4dt\" \/>\n\t<meta name=\"twitter:label2\" content=\"Est. reading time\" \/>\n\t<meta name=\"twitter:data2\" content=\"6 min\u016btes\" \/>\n<script type=\"application\/ld+json\" class=\"yoast-schema-graph\">{\"@context\":\"https:\\\/\\\/schema.org\",\"@graph\":[{\"@type\":\"Article\",\"@id\":\"https:\\\/\\\/gradido.net\\\/pt\\\/gastronomie-braucht-aktives-grundeinkommen\\\/#article\",\"isPartOf\":{\"@id\":\"https:\\\/\\\/gradido.net\\\/pt\\\/gastronomie-braucht-aktives-grundeinkommen\\\/\"},\"author\":{\"name\":\"Bernd H\u00fcckst\u00e4dt\",\"@id\":\"https:\\\/\\\/gradido.net\\\/de\\\/#\\\/schema\\\/person\\\/9c503a004ad15a1ddecadce2218db5d1\"},\"headline\":\"Gastronomie braucht \u201aAktives Grundeinkommen\u2018\",\"datePublished\":\"2020-11-11T11:43:41+00:00\",\"dateModified\":\"2021-12-11T12:01:11+00:00\",\"mainEntityOfPage\":{\"@id\":\"https:\\\/\\\/gradido.net\\\/pt\\\/gastronomie-braucht-aktives-grundeinkommen\\\/\"},\"wordCount\":1170,\"publisher\":{\"@id\":\"https:\\\/\\\/gradido.net\\\/de\\\/#organization\"},\"image\":{\"@id\":\"https:\\\/\\\/gradido.net\\\/pt\\\/gastronomie-braucht-aktives-grundeinkommen\\\/#primaryimage\"},\"thumbnailUrl\":\"https:\\\/\\\/gradido.net\\\/wp-content\\\/uploads\\\/2020\\\/11\\\/gastronomie_pausemodus.jpg\",\"articleSection\":[\"Pressemitteilung\"],\"inLanguage\":\"lv-LV\"},{\"@type\":\"WebPage\",\"@id\":\"https:\\\/\\\/gradido.net\\\/pt\\\/gastronomie-braucht-aktives-grundeinkommen\\\/\",\"url\":\"https:\\\/\\\/gradido.net\\\/pt\\\/gastronomie-braucht-aktives-grundeinkommen\\\/\",\"name\":\"Gastronomie braucht \u201aAktives Grundeinkommen\u2018 - Gradido\",\"isPartOf\":{\"@id\":\"https:\\\/\\\/gradido.net\\\/de\\\/#website\"},\"primaryImageOfPage\":{\"@id\":\"https:\\\/\\\/gradido.net\\\/pt\\\/gastronomie-braucht-aktives-grundeinkommen\\\/#primaryimage\"},\"image\":{\"@id\":\"https:\\\/\\\/gradido.net\\\/pt\\\/gastronomie-braucht-aktives-grundeinkommen\\\/#primaryimage\"},\"thumbnailUrl\":\"https:\\\/\\\/gradido.net\\\/wp-content\\\/uploads\\\/2020\\\/11\\\/gastronomie_pausemodus.jpg\",\"datePublished\":\"2020-11-11T11:43:41+00:00\",\"dateModified\":\"2021-12-11T12:01:11+00:00\",\"breadcrumb\":{\"@id\":\"https:\\\/\\\/gradido.net\\\/pt\\\/gastronomie-braucht-aktives-grundeinkommen\\\/#breadcrumb\"},\"inLanguage\":\"lv-LV\",\"potentialAction\":[{\"@type\":\"ReadAction\",\"target\":[\"https:\\\/\\\/gradido.net\\\/pt\\\/gastronomie-braucht-aktives-grundeinkommen\\\/\"]}]},{\"@type\":\"ImageObject\",\"inLanguage\":\"lv-LV\",\"@id\":\"https:\\\/\\\/gradido.net\\\/pt\\\/gastronomie-braucht-aktives-grundeinkommen\\\/#primaryimage\",\"url\":\"https:\\\/\\\/gradido.net\\\/wp-content\\\/uploads\\\/2020\\\/11\\\/gastronomie_pausemodus.jpg\",\"contentUrl\":\"https:\\\/\\\/gradido.net\\\/wp-content\\\/uploads\\\/2020\\\/11\\\/gastronomie_pausemodus.jpg\",\"width\":1079,\"height\":720,\"caption\":\"Woman restaurant staff cleaning table with alcohol spray wearing glove, face shield and mask before open the restaurant\"},{\"@type\":\"BreadcrumbList\",\"@id\":\"https:\\\/\\\/gradido.net\\\/pt\\\/gastronomie-braucht-aktives-grundeinkommen\\\/#breadcrumb\",\"itemListElement\":[{\"@type\":\"ListItem\",\"position\":1,\"name\":\"Startseite\",\"item\":\"https:\\\/\\\/gradido.net\\\/\"},{\"@type\":\"ListItem\",\"position\":2,\"name\":\"Gastronomie braucht \u201aAktives Grundeinkommen\u2018\"}]},{\"@type\":\"WebSite\",\"@id\":\"https:\\\/\\\/gradido.net\\\/de\\\/#website\",\"url\":\"https:\\\/\\\/gradido.net\\\/de\\\/\",\"name\":\"Gradido\",\"description\":\"Die neue W\u00e4hrung hei\u00dft Dankbarkeit\",\"publisher\":{\"@id\":\"https:\\\/\\\/gradido.net\\\/de\\\/#organization\"},\"potentialAction\":[{\"@type\":\"SearchAction\",\"target\":{\"@type\":\"EntryPoint\",\"urlTemplate\":\"https:\\\/\\\/gradido.net\\\/de\\\/?s={search_term_string}\"},\"query-input\":{\"@type\":\"PropertyValueSpecification\",\"valueRequired\":true,\"valueName\":\"search_term_string\"}}],\"inLanguage\":\"lv-LV\"},{\"@type\":\"Organization\",\"@id\":\"https:\\\/\\\/gradido.net\\\/de\\\/#organization\",\"name\":\"Gradido\",\"url\":\"https:\\\/\\\/gradido.net\\\/de\\\/\",\"logo\":{\"@type\":\"ImageObject\",\"inLanguage\":\"lv-LV\",\"@id\":\"https:\\\/\\\/gradido.net\\\/de\\\/#\\\/schema\\\/logo\\\/image\\\/\",\"url\":\"https:\\\/\\\/gradido.net\\\/wp-content\\\/uploads\\\/2022\\\/04\\\/gradido-social.jpg\",\"contentUrl\":\"https:\\\/\\\/gradido.net\\\/wp-content\\\/uploads\\\/2022\\\/04\\\/gradido-social.jpg\",\"width\":527,\"height\":273,\"caption\":\"Gradido\"},\"image\":{\"@id\":\"https:\\\/\\\/gradido.net\\\/de\\\/#\\\/schema\\\/logo\\\/image\\\/\"}},{\"@type\":\"Person\",\"@id\":\"https:\\\/\\\/gradido.net\\\/de\\\/#\\\/schema\\\/person\\\/9c503a004ad15a1ddecadce2218db5d1\",\"name\":\"Bernd H\u00fcckst\u00e4dt\",\"sameAs\":[\"https:\\\/\\\/gradido.net\"],\"url\":\"https:\\\/\\\/gradido.net\\\/lv\\\/author\\\/bernd\\\/\"}]}<\/script>\n<!-- \/ Yoast SEO plugin. -->","yoast_head_json":{"title":"Gastronomijai ir nepiecie\u0161ams \"akt\u012bvais pamatien\u0101kums\" - Gradido","robots":{"index":"index","follow":"follow","max-snippet":"max-snippet:-1","max-image-preview":"max-image-preview:large","max-video-preview":"max-video-preview:-1"},"canonical":"https:\/\/gradido.net\/lv\/gastronomie-braucht-aktives-grundeinkommen\/","og_locale":"lv_LV","og_type":"article","og_title":"Gastronomie braucht \u201aAktives Grundeinkommen\u2018 - Gradido","og_description":"Knockout durch Lockdown? K\u00fcnzelsau, 11.11.2020 \u2013 Der erneute Lockdown beschert der Gastronomie ein wahres Horrorszenario. Die Branche rechnet mit einer Pleitewelle unvorstellbaren Ausma\u00dfes. Aufgrund der eklatanten Umsatzeinbu\u00dfen in diesem Jahr droht einem Drittel der Restaurants, Caf\u00e9s, Wirtsh\u00e4user, Kneipen, Bars, Caterer und Eventlocations das Aus. Tendenz steigend. Viele der bedrohten Unternehmen mit unz\u00e4hligen Arbeits- und Ausbildungspl\u00e4tzen [&hellip;]","og_url":"https:\/\/gradido.net\/lv\/gastronomie-braucht-aktives-grundeinkommen\/","og_site_name":"Gradido","article_published_time":"2020-11-11T11:43:41+00:00","article_modified_time":"2021-12-11T12:01:11+00:00","og_image":[{"width":1079,"height":720,"url":"https:\/\/gradido.net\/wp-content\/uploads\/2020\/11\/gastronomie_pausemodus.jpg","type":"image\/jpeg"}],"author":"Bernd H\u00fcckst\u00e4dt","twitter_card":"summary_large_image","twitter_misc":{"Written by":"Bernd H\u00fcckst\u00e4dt","Est. reading time":"6 min\u016btes"},"schema":{"@context":"https:\/\/schema.org","@graph":[{"@type":"Article","@id":"https:\/\/gradido.net\/pt\/gastronomie-braucht-aktives-grundeinkommen\/#article","isPartOf":{"@id":"https:\/\/gradido.net\/pt\/gastronomie-braucht-aktives-grundeinkommen\/"},"author":{"name":"Bernd H\u00fcckst\u00e4dt","@id":"https:\/\/gradido.net\/de\/#\/schema\/person\/9c503a004ad15a1ddecadce2218db5d1"},"headline":"Gastronomie braucht \u201aAktives Grundeinkommen\u2018","datePublished":"2020-11-11T11:43:41+00:00","dateModified":"2021-12-11T12:01:11+00:00","mainEntityOfPage":{"@id":"https:\/\/gradido.net\/pt\/gastronomie-braucht-aktives-grundeinkommen\/"},"wordCount":1170,"publisher":{"@id":"https:\/\/gradido.net\/de\/#organization"},"image":{"@id":"https:\/\/gradido.net\/pt\/gastronomie-braucht-aktives-grundeinkommen\/#primaryimage"},"thumbnailUrl":"https:\/\/gradido.net\/wp-content\/uploads\/2020\/11\/gastronomie_pausemodus.jpg","articleSection":["Pressemitteilung"],"inLanguage":"lv-LV"},{"@type":"WebPage","@id":"https:\/\/gradido.net\/pt\/gastronomie-braucht-aktives-grundeinkommen\/","url":"https:\/\/gradido.net\/pt\/gastronomie-braucht-aktives-grundeinkommen\/","name":"Gastronomijai ir nepiecie\u0161ams \"akt\u012bvais pamatien\u0101kums\" - Gradido","isPartOf":{"@id":"https:\/\/gradido.net\/de\/#website"},"primaryImageOfPage":{"@id":"https:\/\/gradido.net\/pt\/gastronomie-braucht-aktives-grundeinkommen\/#primaryimage"},"image":{"@id":"https:\/\/gradido.net\/pt\/gastronomie-braucht-aktives-grundeinkommen\/#primaryimage"},"thumbnailUrl":"https:\/\/gradido.net\/wp-content\/uploads\/2020\/11\/gastronomie_pausemodus.jpg","datePublished":"2020-11-11T11:43:41+00:00","dateModified":"2021-12-11T12:01:11+00:00","breadcrumb":{"@id":"https:\/\/gradido.net\/pt\/gastronomie-braucht-aktives-grundeinkommen\/#breadcrumb"},"inLanguage":"lv-LV","potentialAction":[{"@type":"ReadAction","target":["https:\/\/gradido.net\/pt\/gastronomie-braucht-aktives-grundeinkommen\/"]}]},{"@type":"ImageObject","inLanguage":"lv-LV","@id":"https:\/\/gradido.net\/pt\/gastronomie-braucht-aktives-grundeinkommen\/#primaryimage","url":"https:\/\/gradido.net\/wp-content\/uploads\/2020\/11\/gastronomie_pausemodus.jpg","contentUrl":"https:\/\/gradido.net\/wp-content\/uploads\/2020\/11\/gastronomie_pausemodus.jpg","width":1079,"height":720,"caption":"Woman restaurant staff cleaning table with alcohol spray wearing glove, face shield and mask before open the restaurant"},{"@type":"BreadcrumbList","@id":"https:\/\/gradido.net\/pt\/gastronomie-braucht-aktives-grundeinkommen\/#breadcrumb","itemListElement":[{"@type":"ListItem","position":1,"name":"Startseite","item":"https:\/\/gradido.net\/"},{"@type":"ListItem","position":2,"name":"Gastronomie braucht \u201aAktives Grundeinkommen\u2018"}]},{"@type":"WebSite","@id":"https:\/\/gradido.net\/de\/#website","url":"https:\/\/gradido.net\/de\/","name":"Gradido","description":"Jaun\u0101 val\u016bta ir pateic\u012bba","publisher":{"@id":"https:\/\/gradido.net\/de\/#organization"},"potentialAction":[{"@type":"SearchAction","target":{"@type":"EntryPoint","urlTemplate":"https:\/\/gradido.net\/de\/?s={search_term_string}"},"query-input":{"@type":"PropertyValueSpecification","valueRequired":true,"valueName":"search_term_string"}}],"inLanguage":"lv-LV"},{"@type":"Organization","@id":"https:\/\/gradido.net\/de\/#organization","name":"Gradido","url":"https:\/\/gradido.net\/de\/","logo":{"@type":"ImageObject","inLanguage":"lv-LV","@id":"https:\/\/gradido.net\/de\/#\/schema\/logo\/image\/","url":"https:\/\/gradido.net\/wp-content\/uploads\/2022\/04\/gradido-social.jpg","contentUrl":"https:\/\/gradido.net\/wp-content\/uploads\/2022\/04\/gradido-social.jpg","width":527,"height":273,"caption":"Gradido"},"image":{"@id":"https:\/\/gradido.net\/de\/#\/schema\/logo\/image\/"}},{"@type":"Person","@id":"https:\/\/gradido.net\/de\/#\/schema\/person\/9c503a004ad15a1ddecadce2218db5d1","name":"Bernd H\u00fcckst\u00e4dt","sameAs":["https:\/\/gradido.net"],"url":"https:\/\/gradido.net\/lv\/author\/bernd\/"}]}},"_links":{"self":[{"href":"https:\/\/gradido.net\/lv\/wp-json\/wp\/v2\/posts\/1056","targetHints":{"allow":["GET"]}}],"collection":[{"href":"https:\/\/gradido.net\/lv\/wp-json\/wp\/v2\/posts"}],"about":[{"href":"https:\/\/gradido.net\/lv\/wp-json\/wp\/v2\/types\/post"}],"author":[{"embeddable":true,"href":"https:\/\/gradido.net\/lv\/wp-json\/wp\/v2\/users\/2"}],"replies":[{"embeddable":true,"href":"https:\/\/gradido.net\/lv\/wp-json\/wp\/v2\/comments?post=1056"}],"version-history":[{"count":18,"href":"https:\/\/gradido.net\/lv\/wp-json\/wp\/v2\/posts\/1056\/revisions"}],"predecessor-version":[{"id":3742,"href":"https:\/\/gradido.net\/lv\/wp-json\/wp\/v2\/posts\/1056\/revisions\/3742"}],"wp:featuredmedia":[{"embeddable":true,"href":"https:\/\/gradido.net\/lv\/wp-json\/wp\/v2\/media\/1067"}],"wp:attachment":[{"href":"https:\/\/gradido.net\/lv\/wp-json\/wp\/v2\/media?parent=1056"}],"wp:term":[{"taxonomy":"category","embeddable":true,"href":"https:\/\/gradido.net\/lv\/wp-json\/wp\/v2\/categories?post=1056"},{"taxonomy":"post_tag","embeddable":true,"href":"https:\/\/gradido.net\/lv\/wp-json\/wp\/v2\/tags?post=1056"}],"curies":[{"name":"wp","href":"https:\/\/api.w.org\/{rel}","templated":true}]}}