{"id":11586,"date":"2025-09-14T09:35:05","date_gmt":"2025-09-14T07:35:05","guid":{"rendered":"https:\/\/gradido.net\/?p=11586"},"modified":"2026-04-24T07:19:18","modified_gmt":"2026-04-24T05:19:18","slug":"welt-mutter-kongress","status":"publish","type":"post","link":"https:\/\/gradido.net\/lv\/welt-mutter-kongress\/","title":{"rendered":"Iel\u016bgums uz Pasaules m\u0101tes kongresu 2025. gada 15.-26. septembr\u012b"},"content":{"rendered":"<div data-elementor-type=\"wp-post\" data-elementor-id=\"11586\" class=\"elementor elementor-11586\" data-elementor-post-type=\"post\">\n\t\t\t\t\t\t<section class=\"elementor-section elementor-top-section elementor-element elementor-element-496e1d53 elementor-section-boxed elementor-section-height-default elementor-section-height-default\" data-id=\"496e1d53\" data-element_type=\"section\" data-e-type=\"section\">\n\t\t\t\t\t\t<div class=\"elementor-container elementor-column-gap-default\">\n\t\t\t\t\t<div class=\"elementor-column elementor-col-100 elementor-top-column elementor-element elementor-element-461d7be0\" data-id=\"461d7be0\" data-element_type=\"column\" data-e-type=\"column\">\n\t\t\t<div class=\"elementor-widget-wrap elementor-element-populated\">\n\t\t\t\t\t\t<div class=\"elementor-element elementor-element-cd9ebe2 elementor-widget elementor-widget-text-editor\" data-id=\"cd9ebe2\" data-element_type=\"widget\" data-e-type=\"widget\" data-widget_type=\"text-editor.default\">\n\t\t\t\t<div class=\"elementor-widget-container\">\n\t\t\t\t\t\t\t\t\t<p style=\"text-align: right;\"><em>\"M\u012blest\u012bba ir visu lietu izcelsme, m\u0113r\u0137is un piepild\u012bjums.\"<\/em> <br \/><em>- Fr\u012bdrihs fon \u0160l\u0113gelis<\/em><\/p><div><p>D\u0101rgais las\u012bt\u0101j,<\/p><p>Ikdienas izaicin\u0101jumu vid\u016b, kad cer\u012bbas, \u0161aubas un nogurums aiz\u0113no prieku, pieaug ilgas p\u0113c jaunas vitalit\u0101tes un patiesas saiknes. K\u0101ds tas b\u016btu, ja atjaunotu saikni ar sevi, atv\u0113rtu savu sirdi dz\u012bvei un kop\u0101 ar citiem ietu br\u012bvu, m\u012blest\u012bbas pilnu ce\u013cu?<\/p><p><strong>Pasaules M\u0101tes kongress laipni aicina j\u016bs uz divpadsmit iedvesmas, dziedino\u0161u impulsu un dz\u012bvas sadraudz\u012bbas piln\u0101m dien\u0101m:<\/strong><\/p><ul><li>S\u0101ciet katru dienu ar nomierino\u0161u r\u012bta medit\u0101ciju, atveriet sevi jaunam sp\u0113kam un iek\u0161\u0113jai vad\u012bbai.<\/li><li>\u013baujiet sev vakar\u0101 \u013cauties br\u012bni\u0161\u0137\u012bg\u0101m darbn\u012bc\u0101m, kas ir pilnas gudr\u012bbas, veco mode\u013cu iz\u0161\u0137\u012bdin\u0101\u0161anas un praktiska pielietojuma.<\/li><li>Kongresa laik\u0101 j\u016bs m\u012b\u013ci pavad\u012bs - \u012bpa\u0161s telegrammas kan\u0101ls katru dienu sniegs jums ener\u0123iju, apmai\u0146u un iedvesmu, lai katrs p\u0101rdz\u012bvojums j\u016bs pavad\u012btu maigi un dro\u0161i.<\/li><li>Viss saturs tiek pied\u0101v\u0101ts ar\u012b ar subtitriem ang\u013cu valod\u0101, lai \u0161\u012bs kop\u012bbas sp\u0113ks sasniegtu sirdis vis\u0101 pasaul\u0113.<\/li><\/ul><h3>J\u016bsu piek\u013cuve zin\u0101\u0161anu un pieredzes laukam:<\/h3><p>Katru dienu jums ir pieejami vair\u0101k nek\u0101 30 lektoru iedvesmojo\u0161i ieteikumi, tostarp.<\/p><p>Urss Virtuss, Scarlett, Lisa Elisaveta Wall, Christiane Trautwein-Lykke, Uwe Albrehts, Chiara Di Giusto, Eva Abert, Susanne Dulle, Julia Mandel, Sigrid Reutter, Armin Kittl, Modita Wieser, Yvonne Waldraff, Detlef Werner Saraburg, Alicia Kusumitra, Anna Roth, Anja Sch\u00e4fer, Lina Oswald, Arno Millers, Felipa, Leonarda, Anita - priesteres no Peru, Salome Carrasco, Niklas Lentz, Dragica Schadegg, Frank Jacob, Bernd von Gradido, Martin Altherr, Tanja Gruber, Nils \u00d6rum, Melanie Missing, Klaus Rempe, Eric Standop, Joachim Nusch, Saeed Habibzadeh un daudzi citi.<\/p><p>J\u016bsu person\u012bgais kongresa gids un v\u0113rt\u012bgi vau\u010deri uz kongresa paket\u0113m j\u016bs gaida k\u0101 d\u0101vana kop\u0101 ar re\u0123istr\u0101ciju.<\/p><h3>Padariet \u0161o laiku par savu \u012bpa\u0161o ce\u013cojumu:<\/h3><p>Durvis ir atv\u0113rtas ce\u013cojumam, kas pilns atmi\u0146u, iedvesmas un jauna dz\u012bvesprieka - jums, j\u016bsu \u0123imenei un n\u0101kamaj\u0101m paaudz\u0113m.<\/p><p><strong>Re\u0123istr\u0113jieties tagad bez maksas:<\/strong><br \/>\ud83d\udc49 <a href=\"https:\/\/www.weltmutterkongress.de\/#aff=gradido\" target=\"_blank\" rel=\"noopener\">Re\u0123istr\u0113jieties \u0161eit bez maksas<\/a><\/p><p>Liels paldies, ka esat kop\u0101 ar mums! Kop\u0101 m\u0113s veidojam savienojuma, dziedin\u0101\u0161anas un cer\u012bbas telpu jaunajam laikmetam.<\/p><p>No sirds<\/p><div data-pm-slice=\"1 1 []\" data-en-clipboard=\"true\"><p><span style=\"font-family: -apple-system, BlinkMacSystemFont, 'Segoe UI', Roboto, 'Helvetica Neue', Arial, 'Noto Sans', sans-serif, 'Apple Color Emoji', 'Segoe UI Emoji', 'Segoe UI Symbol', 'Noto Color Emoji';\">J\u016bsu<\/span><\/p><\/div><p><img decoding=\"async\" class=\"alignnone wp-image-4614 size-medium\" src=\"https:\/\/gradido.net\/wp-content\/uploads\/2022\/06\/MargretBernd_2022-300x74.png\" alt=\"\" width=\"300\" height=\"74\" srcset=\"https:\/\/gradido.net\/wp-content\/uploads\/2022\/06\/MargretBernd_2022-300x74.png 300w, https:\/\/gradido.net\/wp-content\/uploads\/2022\/06\/MargretBernd_2022-18x4.png 18w, https:\/\/gradido.net\/wp-content\/uploads\/2022\/06\/MargretBernd_2022.png 431w\" sizes=\"(max-width: 300px) 100vw, 300px\" \/><\/p><p>Margret Baier un Bernd H\u00fcckst\u00e4dt<br \/>Gradido dibin\u0101t\u0101js un izstr\u0101d\u0101t\u0101js<\/p><\/div>\t\t\t\t\t\t\t\t<\/div>\n\t\t\t\t<\/div>\n\t\t\t\t<div class=\"elementor-element elementor-element-db3fa8e elementor-widget-divider--view-line elementor-widget elementor-widget-divider\" data-id=\"db3fa8e\" data-element_type=\"widget\" data-e-type=\"widget\" data-widget_type=\"divider.default\">\n\t\t\t\t<div class=\"elementor-widget-container\">\n\t\t\t\t\t\t\t<div class=\"elementor-divider\">\n\t\t\t<span class=\"elementor-divider-separator\">\n\t\t\t\t\t\t<\/span>\n\t\t<\/div>\n\t\t\t\t\t\t<\/div>\n\t\t\t\t<\/div>\n\t\t\t\t\t<\/div>\n\t\t<\/div>\n\t\t\t\t\t<\/div>\n\t\t<\/section>\n\t\t\t\t<section class=\"elementor-section elementor-top-section elementor-element elementor-element-14532fe elementor-section-boxed elementor-section-height-default elementor-section-height-default\" data-id=\"14532fe\" data-element_type=\"section\" data-e-type=\"section\">\n\t\t\t\t\t\t<div class=\"elementor-container elementor-column-gap-default\">\n\t\t\t\t\t<div class=\"elementor-column elementor-col-100 elementor-top-column elementor-element elementor-element-65d2298\" data-id=\"65d2298\" data-element_type=\"column\" data-e-type=\"column\">\n\t\t\t<div class=\"elementor-widget-wrap elementor-element-populated\">\n\t\t\t\t\t\t<div class=\"elementor-element elementor-element-bea124f elementor-widget elementor-widget-global elementor-global-9341 elementor-widget-text-editor\" data-id=\"bea124f\" data-element_type=\"widget\" data-e-type=\"widget\" data-widget_type=\"text-editor.default\">\n\t\t\t\t<div class=\"elementor-widget-container\">\n\t\t\t\t\t\t\t\t\t<p><strong>PS:\u00a0<span style=\"color: #ff6600;\"><a style=\"color: #ff6600;\" href=\"https:\/\/gradido.net\/lv\/donations\/\">T\u0101 k\u0101 Gradido k\u013c\u016bst arvien noz\u012bm\u012bg\u0101ks, m\u0113s atk\u0101rtojam m\u016bsu pateic\u012bbas kampa\u0146u 2026. gada 26. j\u016bnij\u0101:<\/a>\u00a0<\/span><span style=\"color: #0000ff;\"><a style=\"color: #0000ff;\" href=\"https:\/\/gradido.net\/lv\/donations\/\">Papildus vair\u0101kk\u0101rt\u0113jai GradidoTransform par j\u016bsu sponsor\u0113\u0161anas ieguld\u012bjumu, m\u0113s palielin\u0101sim visu GDT kontu atlikumus par 26% 26\/06\/2016. Sponsor\u0113jiet tagad un izbaudiet vair\u0101kk\u0101rt\u0113ju GDT summu!<\/a><\/span><\/strong><\/p>\t\t\t\t\t\t\t\t<\/div>\n\t\t\t\t<\/div>\n\t\t\t\t\t<\/div>\n\t\t<\/div>\n\t\t\t\t\t<\/div>\n\t\t<\/section>\n\t\t\t\t<section class=\"elementor-section elementor-top-section elementor-element elementor-element-29dfc07 elementor-section-boxed elementor-section-height-default elementor-section-height-default\" data-id=\"29dfc07\" data-element_type=\"section\" data-e-type=\"section\">\n\t\t\t\t\t\t<div class=\"elementor-container elementor-column-gap-default\">\n\t\t\t\t\t<div class=\"elementor-column elementor-col-100 elementor-top-column elementor-element elementor-element-d37ec5a\" data-id=\"d37ec5a\" data-element_type=\"column\" data-e-type=\"column\">\n\t\t\t<div class=\"elementor-widget-wrap\">\n\t\t\t\t\t\t\t<\/div>\n\t\t<\/div>\n\t\t\t\t\t<\/div>\n\t\t<\/section>\n\t\t\t\t<section class=\"elementor-section elementor-top-section elementor-element elementor-element-b3bbb9b elementor-section-boxed elementor-section-height-default elementor-section-height-default\" data-id=\"b3bbb9b\" data-element_type=\"section\" data-e-type=\"section\">\n\t\t\t\t\t\t<div class=\"elementor-container elementor-column-gap-default\">\n\t\t\t\t\t<div class=\"elementor-column elementor-col-100 elementor-top-column elementor-element elementor-element-a7e88ad\" data-id=\"a7e88ad\" data-element_type=\"column\" data-e-type=\"column\">\n\t\t\t<div class=\"elementor-widget-wrap\">\n\t\t\t\t\t\t\t<\/div>\n\t\t<\/div>\n\t\t\t\t\t<\/div>\n\t\t<\/section>\n\t\t\t\t<\/div>","protected":false},"excerpt":{"rendered":"<p>K\u0101ds tas b\u016btu - atjaunot saikni ar sevi, atv\u0113rt savu sirdi dz\u012bvei un iet br\u012bvu, m\u012blest\u012bbas pilnu ce\u013cu kop\u0101 ar citiem? Pasaules M\u0101tes kongress laipni aicina j\u016bs - uz divpadsmit iedvesmas, dziedino\u0161u impulsu un dz\u012bvas kopienas piln\u0101m dien\u0101m.<\/p>","protected":false},"author":2,"featured_media":11587,"comment_status":"closed","ping_status":"closed","sticky":false,"template":"","format":"standard","meta":{"footnotes":""},"categories":[11,54],"tags":[22],"class_list":["post-11586","post","type-post","status-publish","format-standard","has-post-thumbnail","hentry","category-blog","category-community","tag-bild-oben"],"yoast_head":"<!-- This site is optimized with the Yoast SEO plugin v27.5 - https:\/\/yoast.com\/product\/yoast-seo-wordpress\/ -->\n<title>Einladung zum Welt Mutter Kongress 15.-26. September 2025 - Gradido<\/title>\n<meta name=\"description\" content=\"Wie w\u00e4re es, wieder ganz bei Dir selbst anzukommen, Dein Herz f\u00fcr das Leben zu \u00f6ffnen und gemeinsam mit anderen einen freien, liebevollen Weg zu gehen? Der Welt Mutter Kongress l\u00e4dt Dich herzlich ein \u2013 zu zw\u00f6lf Tagen voller Inspirationen, heilsamer Impulse und lebendiger Gemeinschaft.\" \/>\n<meta name=\"robots\" content=\"index, follow, max-snippet:-1, max-image-preview:large, max-video-preview:-1\" \/>\n<link rel=\"canonical\" href=\"https:\/\/gradido.net\/lv\/welt-mutter-kongress\/\" \/>\n<meta property=\"og:locale\" content=\"lv_LV\" \/>\n<meta property=\"og:type\" content=\"article\" \/>\n<meta property=\"og:title\" content=\"Einladung zum Welt Mutter Kongress 15.-26. September 2025 - Gradido\" \/>\n<meta property=\"og:description\" content=\"Wie w\u00e4re es, wieder ganz bei Dir selbst anzukommen, Dein Herz f\u00fcr das Leben zu \u00f6ffnen und gemeinsam mit anderen einen freien, liebevollen Weg zu gehen? Der Welt Mutter Kongress l\u00e4dt Dich herzlich ein \u2013 zu zw\u00f6lf Tagen voller Inspirationen, heilsamer Impulse und lebendiger Gemeinschaft.\" \/>\n<meta property=\"og:url\" content=\"https:\/\/gradido.net\/lv\/welt-mutter-kongress\/\" \/>\n<meta property=\"og:site_name\" content=\"Gradido\" \/>\n<meta property=\"article:published_time\" content=\"2025-09-14T07:35:05+00:00\" \/>\n<meta property=\"article:modified_time\" content=\"2026-04-24T05:19:18+00:00\" \/>\n<meta property=\"og:image\" content=\"https:\/\/gradido.net\/wp-content\/uploads\/2025\/09\/Welt-Mutter-Kongress.jpg\" \/>\n\t<meta property=\"og:image:width\" content=\"1280\" \/>\n\t<meta property=\"og:image:height\" content=\"698\" \/>\n\t<meta property=\"og:image:type\" content=\"image\/jpeg\" \/>\n<meta name=\"author\" content=\"Bernd H\u00fcckst\u00e4dt\" \/>\n<meta name=\"twitter:card\" content=\"summary_large_image\" \/>\n<meta name=\"twitter:label1\" content=\"Written by\" \/>\n\t<meta name=\"twitter:data1\" content=\"Bernd H\u00fcckst\u00e4dt\" \/>\n\t<meta name=\"twitter:label2\" content=\"Est. reading time\" \/>\n\t<meta name=\"twitter:data2\" content=\"3 min\u016btes\" \/>\n<script type=\"application\/ld+json\" class=\"yoast-schema-graph\">{\"@context\":\"https:\\\/\\\/schema.org\",\"@graph\":[{\"@type\":\"Article\",\"@id\":\"https:\\\/\\\/gradido.net\\\/welt-mutter-kongress\\\/#article\",\"isPartOf\":{\"@id\":\"https:\\\/\\\/gradido.net\\\/welt-mutter-kongress\\\/\"},\"author\":{\"name\":\"Bernd H\u00fcckst\u00e4dt\",\"@id\":\"https:\\\/\\\/gradido.net\\\/de\\\/#\\\/schema\\\/person\\\/9c503a004ad15a1ddecadce2218db5d1\"},\"headline\":\"Einladung zum Welt Mutter Kongress 15.-26. September 2025\",\"datePublished\":\"2025-09-14T07:35:05+00:00\",\"dateModified\":\"2026-04-24T05:19:18+00:00\",\"mainEntityOfPage\":{\"@id\":\"https:\\\/\\\/gradido.net\\\/welt-mutter-kongress\\\/\"},\"wordCount\":419,\"publisher\":{\"@id\":\"https:\\\/\\\/gradido.net\\\/de\\\/#organization\"},\"image\":{\"@id\":\"https:\\\/\\\/gradido.net\\\/welt-mutter-kongress\\\/#primaryimage\"},\"thumbnailUrl\":\"https:\\\/\\\/gradido.net\\\/wp-content\\\/uploads\\\/2025\\\/09\\\/Welt-Mutter-Kongress.jpg\",\"keywords\":[\"Bild oben\"],\"articleSection\":[\"Blog\",\"Community\"],\"inLanguage\":\"lv-LV\"},{\"@type\":\"WebPage\",\"@id\":\"https:\\\/\\\/gradido.net\\\/welt-mutter-kongress\\\/\",\"url\":\"https:\\\/\\\/gradido.net\\\/welt-mutter-kongress\\\/\",\"name\":\"Einladung zum Welt Mutter Kongress 15.-26. September 2025 - Gradido\",\"isPartOf\":{\"@id\":\"https:\\\/\\\/gradido.net\\\/de\\\/#website\"},\"primaryImageOfPage\":{\"@id\":\"https:\\\/\\\/gradido.net\\\/welt-mutter-kongress\\\/#primaryimage\"},\"image\":{\"@id\":\"https:\\\/\\\/gradido.net\\\/welt-mutter-kongress\\\/#primaryimage\"},\"thumbnailUrl\":\"https:\\\/\\\/gradido.net\\\/wp-content\\\/uploads\\\/2025\\\/09\\\/Welt-Mutter-Kongress.jpg\",\"datePublished\":\"2025-09-14T07:35:05+00:00\",\"dateModified\":\"2026-04-24T05:19:18+00:00\",\"description\":\"Wie w\u00e4re es, wieder ganz bei Dir selbst anzukommen, Dein Herz f\u00fcr das Leben zu \u00f6ffnen und gemeinsam mit anderen einen freien, liebevollen Weg zu gehen? Der Welt Mutter Kongress l\u00e4dt Dich herzlich ein \u2013 zu zw\u00f6lf Tagen voller Inspirationen, heilsamer Impulse und lebendiger Gemeinschaft.\",\"breadcrumb\":{\"@id\":\"https:\\\/\\\/gradido.net\\\/welt-mutter-kongress\\\/#breadcrumb\"},\"inLanguage\":\"lv-LV\",\"potentialAction\":[{\"@type\":\"ReadAction\",\"target\":[\"https:\\\/\\\/gradido.net\\\/welt-mutter-kongress\\\/\"]}]},{\"@type\":\"ImageObject\",\"inLanguage\":\"lv-LV\",\"@id\":\"https:\\\/\\\/gradido.net\\\/welt-mutter-kongress\\\/#primaryimage\",\"url\":\"https:\\\/\\\/gradido.net\\\/wp-content\\\/uploads\\\/2025\\\/09\\\/Welt-Mutter-Kongress.jpg\",\"contentUrl\":\"https:\\\/\\\/gradido.net\\\/wp-content\\\/uploads\\\/2025\\\/09\\\/Welt-Mutter-Kongress.jpg\",\"width\":1280,\"height\":698},{\"@type\":\"BreadcrumbList\",\"@id\":\"https:\\\/\\\/gradido.net\\\/welt-mutter-kongress\\\/#breadcrumb\",\"itemListElement\":[{\"@type\":\"ListItem\",\"position\":1,\"name\":\"Startseite\",\"item\":\"https:\\\/\\\/gradido.net\\\/\"},{\"@type\":\"ListItem\",\"position\":2,\"name\":\"Einladung zum Welt Mutter Kongress 15.-26. September 2025\"}]},{\"@type\":\"WebSite\",\"@id\":\"https:\\\/\\\/gradido.net\\\/de\\\/#website\",\"url\":\"https:\\\/\\\/gradido.net\\\/de\\\/\",\"name\":\"Gradido\",\"description\":\"Die neue W\u00e4hrung hei\u00dft Dankbarkeit\",\"publisher\":{\"@id\":\"https:\\\/\\\/gradido.net\\\/de\\\/#organization\"},\"potentialAction\":[{\"@type\":\"SearchAction\",\"target\":{\"@type\":\"EntryPoint\",\"urlTemplate\":\"https:\\\/\\\/gradido.net\\\/de\\\/?s={search_term_string}\"},\"query-input\":{\"@type\":\"PropertyValueSpecification\",\"valueRequired\":true,\"valueName\":\"search_term_string\"}}],\"inLanguage\":\"lv-LV\"},{\"@type\":\"Organization\",\"@id\":\"https:\\\/\\\/gradido.net\\\/de\\\/#organization\",\"name\":\"Gradido\",\"url\":\"https:\\\/\\\/gradido.net\\\/de\\\/\",\"logo\":{\"@type\":\"ImageObject\",\"inLanguage\":\"lv-LV\",\"@id\":\"https:\\\/\\\/gradido.net\\\/de\\\/#\\\/schema\\\/logo\\\/image\\\/\",\"url\":\"https:\\\/\\\/gradido.net\\\/wp-content\\\/uploads\\\/2022\\\/04\\\/gradido-social.jpg\",\"contentUrl\":\"https:\\\/\\\/gradido.net\\\/wp-content\\\/uploads\\\/2022\\\/04\\\/gradido-social.jpg\",\"width\":527,\"height\":273,\"caption\":\"Gradido\"},\"image\":{\"@id\":\"https:\\\/\\\/gradido.net\\\/de\\\/#\\\/schema\\\/logo\\\/image\\\/\"}},{\"@type\":\"Person\",\"@id\":\"https:\\\/\\\/gradido.net\\\/de\\\/#\\\/schema\\\/person\\\/9c503a004ad15a1ddecadce2218db5d1\",\"name\":\"Bernd H\u00fcckst\u00e4dt\",\"sameAs\":[\"https:\\\/\\\/gradido.net\"],\"url\":\"https:\\\/\\\/gradido.net\\\/lv\\\/author\\\/bernd\\\/\"}]}<\/script>\n<!-- \/ Yoast SEO plugin. -->","yoast_head_json":{"title":"Iel\u016bgums uz Pasaules m\u0101tes kongresu 2025. gada 15.-26. septembr\u012b - Gradido","description":"K\u0101ds tas b\u016btu - atjaunot saikni ar sevi, atv\u0113rt savu sirdi dz\u012bvei un iet br\u012bvu, m\u012blest\u012bbas pilnu ce\u013cu kop\u0101 ar citiem? Pasaules M\u0101tes kongress laipni aicina j\u016bs - uz divpadsmit iedvesmas, dziedino\u0161u impulsu un dz\u012bvas kopienas piln\u0101m dien\u0101m.","robots":{"index":"index","follow":"follow","max-snippet":"max-snippet:-1","max-image-preview":"max-image-preview:large","max-video-preview":"max-video-preview:-1"},"canonical":"https:\/\/gradido.net\/lv\/welt-mutter-kongress\/","og_locale":"lv_LV","og_type":"article","og_title":"Einladung zum Welt Mutter Kongress 15.-26. September 2025 - Gradido","og_description":"Wie w\u00e4re es, wieder ganz bei Dir selbst anzukommen, Dein Herz f\u00fcr das Leben zu \u00f6ffnen und gemeinsam mit anderen einen freien, liebevollen Weg zu gehen? Der Welt Mutter Kongress l\u00e4dt Dich herzlich ein \u2013 zu zw\u00f6lf Tagen voller Inspirationen, heilsamer Impulse und lebendiger Gemeinschaft.","og_url":"https:\/\/gradido.net\/lv\/welt-mutter-kongress\/","og_site_name":"Gradido","article_published_time":"2025-09-14T07:35:05+00:00","article_modified_time":"2026-04-24T05:19:18+00:00","og_image":[{"width":1280,"height":698,"url":"https:\/\/gradido.net\/wp-content\/uploads\/2025\/09\/Welt-Mutter-Kongress.jpg","type":"image\/jpeg"}],"author":"Bernd H\u00fcckst\u00e4dt","twitter_card":"summary_large_image","twitter_misc":{"Written by":"Bernd H\u00fcckst\u00e4dt","Est. reading time":"3 min\u016btes"},"schema":{"@context":"https:\/\/schema.org","@graph":[{"@type":"Article","@id":"https:\/\/gradido.net\/welt-mutter-kongress\/#article","isPartOf":{"@id":"https:\/\/gradido.net\/welt-mutter-kongress\/"},"author":{"name":"Bernd H\u00fcckst\u00e4dt","@id":"https:\/\/gradido.net\/de\/#\/schema\/person\/9c503a004ad15a1ddecadce2218db5d1"},"headline":"Einladung zum Welt Mutter Kongress 15.-26. September 2025","datePublished":"2025-09-14T07:35:05+00:00","dateModified":"2026-04-24T05:19:18+00:00","mainEntityOfPage":{"@id":"https:\/\/gradido.net\/welt-mutter-kongress\/"},"wordCount":419,"publisher":{"@id":"https:\/\/gradido.net\/de\/#organization"},"image":{"@id":"https:\/\/gradido.net\/welt-mutter-kongress\/#primaryimage"},"thumbnailUrl":"https:\/\/gradido.net\/wp-content\/uploads\/2025\/09\/Welt-Mutter-Kongress.jpg","keywords":["Bild oben"],"articleSection":["Blog","Community"],"inLanguage":"lv-LV"},{"@type":"WebPage","@id":"https:\/\/gradido.net\/welt-mutter-kongress\/","url":"https:\/\/gradido.net\/welt-mutter-kongress\/","name":"Iel\u016bgums uz Pasaules m\u0101tes kongresu 2025. gada 15.-26. septembr\u012b - Gradido","isPartOf":{"@id":"https:\/\/gradido.net\/de\/#website"},"primaryImageOfPage":{"@id":"https:\/\/gradido.net\/welt-mutter-kongress\/#primaryimage"},"image":{"@id":"https:\/\/gradido.net\/welt-mutter-kongress\/#primaryimage"},"thumbnailUrl":"https:\/\/gradido.net\/wp-content\/uploads\/2025\/09\/Welt-Mutter-Kongress.jpg","datePublished":"2025-09-14T07:35:05+00:00","dateModified":"2026-04-24T05:19:18+00:00","description":"K\u0101ds tas b\u016btu - atjaunot saikni ar sevi, atv\u0113rt savu sirdi dz\u012bvei un iet br\u012bvu, m\u012blest\u012bbas pilnu ce\u013cu kop\u0101 ar citiem? Pasaules M\u0101tes kongress laipni aicina j\u016bs - uz divpadsmit iedvesmas, dziedino\u0161u impulsu un dz\u012bvas kopienas piln\u0101m dien\u0101m.","breadcrumb":{"@id":"https:\/\/gradido.net\/welt-mutter-kongress\/#breadcrumb"},"inLanguage":"lv-LV","potentialAction":[{"@type":"ReadAction","target":["https:\/\/gradido.net\/welt-mutter-kongress\/"]}]},{"@type":"ImageObject","inLanguage":"lv-LV","@id":"https:\/\/gradido.net\/welt-mutter-kongress\/#primaryimage","url":"https:\/\/gradido.net\/wp-content\/uploads\/2025\/09\/Welt-Mutter-Kongress.jpg","contentUrl":"https:\/\/gradido.net\/wp-content\/uploads\/2025\/09\/Welt-Mutter-Kongress.jpg","width":1280,"height":698},{"@type":"BreadcrumbList","@id":"https:\/\/gradido.net\/welt-mutter-kongress\/#breadcrumb","itemListElement":[{"@type":"ListItem","position":1,"name":"Startseite","item":"https:\/\/gradido.net\/"},{"@type":"ListItem","position":2,"name":"Einladung zum Welt Mutter Kongress 15.-26. September 2025"}]},{"@type":"WebSite","@id":"https:\/\/gradido.net\/de\/#website","url":"https:\/\/gradido.net\/de\/","name":"Gradido","description":"Jaun\u0101 val\u016bta ir pateic\u012bba","publisher":{"@id":"https:\/\/gradido.net\/de\/#organization"},"potentialAction":[{"@type":"SearchAction","target":{"@type":"EntryPoint","urlTemplate":"https:\/\/gradido.net\/de\/?s={search_term_string}"},"query-input":{"@type":"PropertyValueSpecification","valueRequired":true,"valueName":"search_term_string"}}],"inLanguage":"lv-LV"},{"@type":"Organization","@id":"https:\/\/gradido.net\/de\/#organization","name":"Gradido","url":"https:\/\/gradido.net\/de\/","logo":{"@type":"ImageObject","inLanguage":"lv-LV","@id":"https:\/\/gradido.net\/de\/#\/schema\/logo\/image\/","url":"https:\/\/gradido.net\/wp-content\/uploads\/2022\/04\/gradido-social.jpg","contentUrl":"https:\/\/gradido.net\/wp-content\/uploads\/2022\/04\/gradido-social.jpg","width":527,"height":273,"caption":"Gradido"},"image":{"@id":"https:\/\/gradido.net\/de\/#\/schema\/logo\/image\/"}},{"@type":"Person","@id":"https:\/\/gradido.net\/de\/#\/schema\/person\/9c503a004ad15a1ddecadce2218db5d1","name":"Bernd H\u00fcckst\u00e4dt","sameAs":["https:\/\/gradido.net"],"url":"https:\/\/gradido.net\/lv\/author\/bernd\/"}]}},"_links":{"self":[{"href":"https:\/\/gradido.net\/lv\/wp-json\/wp\/v2\/posts\/11586","targetHints":{"allow":["GET"]}}],"collection":[{"href":"https:\/\/gradido.net\/lv\/wp-json\/wp\/v2\/posts"}],"about":[{"href":"https:\/\/gradido.net\/lv\/wp-json\/wp\/v2\/types\/post"}],"author":[{"embeddable":true,"href":"https:\/\/gradido.net\/lv\/wp-json\/wp\/v2\/users\/2"}],"replies":[{"embeddable":true,"href":"https:\/\/gradido.net\/lv\/wp-json\/wp\/v2\/comments?post=11586"}],"version-history":[{"count":11,"href":"https:\/\/gradido.net\/lv\/wp-json\/wp\/v2\/posts\/11586\/revisions"}],"predecessor-version":[{"id":11598,"href":"https:\/\/gradido.net\/lv\/wp-json\/wp\/v2\/posts\/11586\/revisions\/11598"}],"wp:featuredmedia":[{"embeddable":true,"href":"https:\/\/gradido.net\/lv\/wp-json\/wp\/v2\/media\/11587"}],"wp:attachment":[{"href":"https:\/\/gradido.net\/lv\/wp-json\/wp\/v2\/media?parent=11586"}],"wp:term":[{"taxonomy":"category","embeddable":true,"href":"https:\/\/gradido.net\/lv\/wp-json\/wp\/v2\/categories?post=11586"},{"taxonomy":"post_tag","embeddable":true,"href":"https:\/\/gradido.net\/lv\/wp-json\/wp\/v2\/tags?post=11586"}],"curies":[{"name":"wp","href":"https:\/\/api.w.org\/{rel}","templated":true}]}}