{"id":12082,"date":"2025-10-05T17:35:55","date_gmt":"2025-10-05T15:35:55","guid":{"rendered":"https:\/\/gradido.net\/?p=12082"},"modified":"2026-04-24T07:15:24","modified_gmt":"2026-04-24T05:15:24","slug":"mutmacher-hartmut","status":"publish","type":"post","link":"https:\/\/gradido.net\/lv\/mutmacher-hartmut\/","title":{"rendered":"Ide\u0101l\u0101s v\u0113rt\u012bbas k\u0101 val\u016bta"},"content":{"rendered":"<div data-elementor-type=\"wp-post\" data-elementor-id=\"12082\" class=\"elementor elementor-12082\" data-elementor-post-type=\"post\">\n\t\t\t\t\t\t<section class=\"elementor-section elementor-top-section elementor-element elementor-element-496e1d53 elementor-section-boxed elementor-section-height-default elementor-section-height-default\" data-id=\"496e1d53\" data-element_type=\"section\" data-e-type=\"section\">\n\t\t\t\t\t\t<div class=\"elementor-container elementor-column-gap-default\">\n\t\t\t\t\t<div class=\"elementor-column elementor-col-100 elementor-top-column elementor-element elementor-element-461d7be0\" data-id=\"461d7be0\" data-element_type=\"column\" data-e-type=\"column\">\n\t\t\t<div class=\"elementor-widget-wrap elementor-element-populated\">\n\t\t\t\t\t\t<div class=\"elementor-element elementor-element-cd9ebe2 elementor-widget elementor-widget-text-editor\" data-id=\"cd9ebe2\" data-element_type=\"widget\" data-e-type=\"widget\" data-widget_type=\"text-editor.default\">\n\t\t\t\t<div class=\"elementor-widget-container\">\n\t\t\t\t\t\t\t\t\t<p style=\"text-align: right;\"><em>\"Klaudija man past\u0101st\u012bja par Gradido - jaunu sist\u0113mu, kur\u0101 val\u016bta ir ide\u0101li. Tas sasniedza manu dzi\u013c\u0101ko b\u016bt\u012bbu.\"<\/em> <br \/><em>-\u00a0<\/em><i> Elfs d\u0101rznieks Hartmuts<\/i><\/p><div><p>D\u0101rgais las\u012bt\u0101j,<\/p><p>K\u0101 ainavu d\u0101rzniekam, kur\u0161 v\u0113l\u0101k stud\u0113jis \u0123eomantiju - es sevi saucu par elfu d\u0101rznieku -, man 2023. gada vasar\u0101 bija stends izst\u0101d\u0113 \"Gaisma un m\u0101ksla\" Reihenau sal\u0101 Bodenes ezer\u0101. Tur es pied\u0101v\u0101ju savu gr\u0101matu \"Elfi tav\u0101 d\u0101rz\u0101\" un centos uzs\u0101kt sarunu ar apmekl\u0113t\u0101jiem.<\/p><h3>Slim\u0101 vec\u0101 monet\u0101r\u0101 sist\u0113ma<\/h3><p>Vienai no apmekl\u0113t\u0101j\u0101m - vi\u0146as v\u0101rds bija Klaudija - bija aizraujo\u0161i st\u0101sti. Tie bija par seniem naudas dar\u012bjumiem, kas diem\u017e\u0113l joproj\u0101m ir aktu\u0101li. Par da\u017eiem no tiem vi\u0146a bija uzzin\u0101jusi, str\u0101d\u0101jot par nodok\u013cu izmekl\u0113t\u0101ju. Vi\u0146a pameta \u0161o darbu p\u0113c tam, kad saprata, cik no\u017e\u0113lojami slikta ir m\u016bsu monet\u0101r\u0101 sist\u0113ma.<\/p><h3>Gradido sist\u0113ma ar ide\u0101l\u0101m v\u0113rt\u012bb\u0101m<\/h3><p>Klaudija man past\u0101st\u012bja par Gradido - jaunu sist\u0113mu, kur\u0101 val\u016bta ir ide\u0101l\u0101s v\u0113rt\u012bbas. Tas mani uzrun\u0101ja. Pag\u0101ja zin\u0101ms laiks, l\u012bdz es k\u013cuvu par t\u0101s biedru, bet tagad cen\u0161os pal\u012bdz\u0113t nodro\u0161in\u0101t, lai \u0161o centienu aug\u013ci n\u0101kotn\u0113 k\u013c\u016btu par kop\u012bgu \u012bpa\u0161umu.<\/p><p>Es noteikti esmu privili\u0123\u0113ts, jo liel\u0101k\u0101 da\u013ca manu pazi\u0146u - gan kop\u012bgaj\u0101 dz\u012bvokl\u012b, gan darb\u0101 par d\u0101rznieku elfu, gan SoLaWi - piekr\u012bt maniem uzskatiem.<\/p><h3>Jaun\u0101s zemes \"rad\u012b\u0161ana<\/h3><p>Kad \u0161odienas l\u0113mumu pie\u0146\u0113m\u0113ji b\u016bs nodevu\u0161i stafeti jaun\u0101kaj\u0101m paaudz\u0113m, p\u0101rmai\u0146as, ko m\u0113s \u0161odien cen\u0161amies pan\u0101kt, tiks \u012bstenotas.<\/p><p>Tom\u0113r jaun\u0101 zeme nerad\u012bsies ar spr\u0101dzienu no \u0101rpuses. Cilv\u0113ce ir atbild\u012bga par Gaiju, un tai pa\u0161ai ir j\u0101pan\u0101k p\u0101rmai\u0146as.<\/p><h3>Ar m\u012blest\u012bbu, cie\u0146u un pateic\u012bbu<\/h3><p>M\u0113s varam b\u016bt pateic\u012bgi par pal\u012bdz\u012bbu no gar\u012bg\u0101s, kosmisk\u0101s pasaules. Es person\u012bgi esmu pateic\u012bgs, ka arvien vair\u0101k cilv\u0113ku ar m\u012blest\u012bbu un cie\u0146u pret m\u016b\u017e\u012bgajiem dabas likumiem cen\u0161as sasniegt \u0161o m\u0113r\u0137i - un ka es varu b\u016bt da\u013ca no t\u0101!<\/p><p>\u0160\u012bs m\u012blest\u012bbas apzi\u0146\u0101 j\u016bs sveicina<br \/>elfs d\u0101rznieks Hartmuts<\/p><p><a href=\"https:\/\/elfengaertner.de\/\" target=\"_blank\" rel=\"noopener\">https:\/\/elfengaertner.de\/<\/a><\/p><\/div>\t\t\t\t\t\t\t\t<\/div>\n\t\t\t\t<\/div>\n\t\t\t\t<div class=\"elementor-element elementor-element-db3fa8e elementor-widget-divider--view-line elementor-widget elementor-widget-divider\" data-id=\"db3fa8e\" data-element_type=\"widget\" data-e-type=\"widget\" data-widget_type=\"divider.default\">\n\t\t\t\t<div class=\"elementor-widget-container\">\n\t\t\t\t\t\t\t<div class=\"elementor-divider\">\n\t\t\t<span class=\"elementor-divider-separator\">\n\t\t\t\t\t\t<\/span>\n\t\t<\/div>\n\t\t\t\t\t\t<\/div>\n\t\t\t\t<\/div>\n\t\t\t\t<div class=\"elementor-element elementor-element-d74dfa0 elementor-widget elementor-widget-text-editor\" data-id=\"d74dfa0\" data-element_type=\"widget\" data-e-type=\"widget\" data-widget_type=\"text-editor.default\">\n\t\t\t\t<div class=\"elementor-widget-container\">\n\t\t\t\t\t\t\t\t\t<div data-pm-slice=\"1 1 []\" data-en-clipboard=\"true\"><h4>Pievienojieties mums - m\u0113s ar nepaciet\u012bbu gaid\u0101m j\u016bsu aizkustino\u0161o st\u0101stu!<\/h4><p><strong>S\u016btiet savu v\u0113stuli uz: <a href=\"mailto:support@gradido.net\">support@gradido.net<\/a><\/strong><\/p><p>Kop\u0101 m\u0113s augam t\u0101l\u0101k par sevi!<\/p><p>Ar dzi\u013cu pateic\u012bbu un solidarit\u0101ti<\/p><p><span style=\"font-family: -apple-system, BlinkMacSystemFont, 'Segoe UI', Roboto, 'Helvetica Neue', Arial, 'Noto Sans', sans-serif, 'Apple Color Emoji', 'Segoe UI Emoji', 'Segoe UI Symbol', 'Noto Color Emoji';\">J\u016bsu<\/span><\/p><\/div><p><img decoding=\"async\" class=\"alignnone wp-image-4614 size-medium\" src=\"https:\/\/gradido.net\/wp-content\/uploads\/2022\/06\/MargretBernd_2022-300x74.png\" alt=\"\" width=\"300\" height=\"74\" srcset=\"https:\/\/gradido.net\/wp-content\/uploads\/2022\/06\/MargretBernd_2022-300x74.png 300w, https:\/\/gradido.net\/wp-content\/uploads\/2022\/06\/MargretBernd_2022-18x4.png 18w, https:\/\/gradido.net\/wp-content\/uploads\/2022\/06\/MargretBernd_2022.png 431w\" sizes=\"(max-width: 300px) 100vw, 300px\" \/><\/p><p>Margret Baier un Bernd H\u00fcckst\u00e4dt<br \/>Gradido dibin\u0101t\u0101js un izstr\u0101d\u0101t\u0101js<\/p>\t\t\t\t\t\t\t\t<\/div>\n\t\t\t\t<\/div>\n\t\t\t\t\t<\/div>\n\t\t<\/div>\n\t\t\t\t\t<\/div>\n\t\t<\/section>\n\t\t\t\t<section class=\"elementor-section elementor-top-section elementor-element elementor-element-14532fe elementor-section-boxed elementor-section-height-default elementor-section-height-default\" data-id=\"14532fe\" data-element_type=\"section\" data-e-type=\"section\">\n\t\t\t\t\t\t<div class=\"elementor-container elementor-column-gap-default\">\n\t\t\t\t\t<div class=\"elementor-column elementor-col-100 elementor-top-column elementor-element elementor-element-65d2298\" data-id=\"65d2298\" data-element_type=\"column\" data-e-type=\"column\">\n\t\t\t<div class=\"elementor-widget-wrap elementor-element-populated\">\n\t\t\t\t\t\t<div class=\"elementor-element elementor-element-bea124f elementor-widget elementor-widget-global elementor-global-9341 elementor-widget-text-editor\" data-id=\"bea124f\" data-element_type=\"widget\" data-e-type=\"widget\" data-widget_type=\"text-editor.default\">\n\t\t\t\t<div class=\"elementor-widget-container\">\n\t\t\t\t\t\t\t\t\t<p><strong>PS:\u00a0<span style=\"color: #ff6600;\"><a style=\"color: #ff6600;\" href=\"https:\/\/gradido.net\/lv\/donations\/\">T\u0101 k\u0101 Gradido k\u013c\u016bst arvien noz\u012bm\u012bg\u0101ks, m\u0113s atk\u0101rtojam m\u016bsu pateic\u012bbas kampa\u0146u 2026. gada 26. j\u016bnij\u0101:<\/a>\u00a0<\/span><span style=\"color: #0000ff;\"><a style=\"color: #0000ff;\" href=\"https:\/\/gradido.net\/lv\/donations\/\">Papildus vair\u0101kk\u0101rt\u0113jai GradidoTransform par j\u016bsu sponsor\u0113\u0161anas ieguld\u012bjumu, m\u0113s palielin\u0101sim visu GDT kontu atlikumus par 26% 26\/06\/2016. Sponsor\u0113jiet tagad un izbaudiet vair\u0101kk\u0101rt\u0113ju GDT summu!<\/a><\/span><\/strong><\/p>\t\t\t\t\t\t\t\t<\/div>\n\t\t\t\t<\/div>\n\t\t\t\t\t<\/div>\n\t\t<\/div>\n\t\t\t\t\t<\/div>\n\t\t<\/section>\n\t\t\t\t<section class=\"elementor-section elementor-top-section elementor-element elementor-element-29dfc07 elementor-section-boxed elementor-section-height-default elementor-section-height-default\" data-id=\"29dfc07\" data-element_type=\"section\" data-e-type=\"section\">\n\t\t\t\t\t\t<div class=\"elementor-container elementor-column-gap-default\">\n\t\t\t\t\t<div class=\"elementor-column elementor-col-100 elementor-top-column elementor-element elementor-element-d37ec5a\" data-id=\"d37ec5a\" data-element_type=\"column\" data-e-type=\"column\">\n\t\t\t<div class=\"elementor-widget-wrap\">\n\t\t\t\t\t\t\t<\/div>\n\t\t<\/div>\n\t\t\t\t\t<\/div>\n\t\t<\/section>\n\t\t\t\t<section class=\"elementor-section elementor-top-section elementor-element elementor-element-b3bbb9b elementor-section-boxed elementor-section-height-default elementor-section-height-default\" data-id=\"b3bbb9b\" data-element_type=\"section\" data-e-type=\"section\">\n\t\t\t\t\t\t<div class=\"elementor-container elementor-column-gap-default\">\n\t\t\t\t\t<div class=\"elementor-column elementor-col-100 elementor-top-column elementor-element elementor-element-a7e88ad\" data-id=\"a7e88ad\" data-element_type=\"column\" data-e-type=\"column\">\n\t\t\t<div class=\"elementor-widget-wrap\">\n\t\t\t\t\t\t\t<\/div>\n\t\t<\/div>\n\t\t\t\t\t<\/div>\n\t\t<\/section>\n\t\t\t\t<\/div>","protected":false},"excerpt":{"rendered":"<p>Jaun\u0101 zeme nen\u0101ks no \u0101r\u0113ja sp\u0113ka. Cilv\u0113ce ir atbild\u012bga par Gaiju, un tai pa\u0161ai ir j\u0101pan\u0101k p\u0101rmai\u0146as. Esmu pateic\u012bgs, ka arvien vair\u0101k cilv\u0113ku ap\u0146emas sasniegt \u0161o m\u0113r\u0137i, m\u012blot un cienot m\u016b\u017e\u012bgos dabas likumus.<\/p>","protected":false},"author":2,"featured_media":12084,"comment_status":"closed","ping_status":"closed","sticky":false,"template":"","format":"standard","meta":{"footnotes":""},"categories":[11,54],"tags":[],"class_list":["post-12082","post","type-post","status-publish","format-standard","has-post-thumbnail","hentry","category-blog","category-community"],"yoast_head":"<!-- This site is optimized with the Yoast SEO plugin v27.5 - https:\/\/yoast.com\/product\/yoast-seo-wordpress\/ -->\n<title>Ideelle Werte als W\u00e4hrung - Gradido<\/title>\n<meta name=\"description\" content=\"Die neue Erde kommt nicht durch einen Wumms von au\u00dfen. Die Menschheit tr\u00e4gt die Verantwortung f\u00fcr Gaia und muss die Ver\u00e4nderungen selbst herbeif\u00fchren. Ich bin dankbar, dass immer mehr Menschen sich in Liebe und Achtung der ewigen nat\u00fcrlichen Gesetze diesem Ziel verpflichten.\" \/>\n<meta name=\"robots\" content=\"index, follow, max-snippet:-1, max-image-preview:large, max-video-preview:-1\" \/>\n<link rel=\"canonical\" href=\"https:\/\/gradido.net\/lv\/mutmacher-hartmut\/\" \/>\n<meta property=\"og:locale\" content=\"lv_LV\" \/>\n<meta property=\"og:type\" content=\"article\" \/>\n<meta property=\"og:title\" content=\"Ideelle Werte als W\u00e4hrung - Gradido\" \/>\n<meta property=\"og:description\" content=\"Die neue Erde kommt nicht durch einen Wumms von au\u00dfen. Die Menschheit tr\u00e4gt die Verantwortung f\u00fcr Gaia und muss die Ver\u00e4nderungen selbst herbeif\u00fchren. Ich bin dankbar, dass immer mehr Menschen sich in Liebe und Achtung der ewigen nat\u00fcrlichen Gesetze diesem Ziel verpflichten.\" \/>\n<meta property=\"og:url\" content=\"https:\/\/gradido.net\/lv\/mutmacher-hartmut\/\" \/>\n<meta property=\"og:site_name\" content=\"Gradido\" \/>\n<meta property=\"article:published_time\" content=\"2025-10-05T15:35:55+00:00\" \/>\n<meta property=\"article:modified_time\" content=\"2026-04-24T05:15:24+00:00\" \/>\n<meta property=\"og:image\" content=\"https:\/\/gradido.net\/wp-content\/uploads\/2025\/10\/Hartmut_Zipperlen.jpg\" \/>\n\t<meta property=\"og:image:width\" content=\"1280\" \/>\n\t<meta property=\"og:image:height\" content=\"720\" \/>\n\t<meta property=\"og:image:type\" content=\"image\/jpeg\" \/>\n<meta name=\"author\" content=\"Bernd H\u00fcckst\u00e4dt\" \/>\n<meta name=\"twitter:card\" content=\"summary_large_image\" \/>\n<meta name=\"twitter:label1\" content=\"Written by\" \/>\n\t<meta name=\"twitter:data1\" content=\"Bernd H\u00fcckst\u00e4dt\" \/>\n\t<meta name=\"twitter:label2\" content=\"Est. reading time\" \/>\n\t<meta name=\"twitter:data2\" content=\"3 min\u016btes\" \/>\n<script type=\"application\/ld+json\" class=\"yoast-schema-graph\">{\"@context\":\"https:\\\/\\\/schema.org\",\"@graph\":[{\"@type\":\"Article\",\"@id\":\"https:\\\/\\\/gradido.net\\\/mutmacher-hartmut\\\/#article\",\"isPartOf\":{\"@id\":\"https:\\\/\\\/gradido.net\\\/mutmacher-hartmut\\\/\"},\"author\":{\"name\":\"Bernd H\u00fcckst\u00e4dt\",\"@id\":\"https:\\\/\\\/gradido.net\\\/de\\\/#\\\/schema\\\/person\\\/9c503a004ad15a1ddecadce2218db5d1\"},\"headline\":\"Ideelle Werte als W\u00e4hrung\",\"datePublished\":\"2025-10-05T15:35:55+00:00\",\"dateModified\":\"2026-04-24T05:15:24+00:00\",\"mainEntityOfPage\":{\"@id\":\"https:\\\/\\\/gradido.net\\\/mutmacher-hartmut\\\/\"},\"wordCount\":434,\"publisher\":{\"@id\":\"https:\\\/\\\/gradido.net\\\/de\\\/#organization\"},\"image\":{\"@id\":\"https:\\\/\\\/gradido.net\\\/mutmacher-hartmut\\\/#primaryimage\"},\"thumbnailUrl\":\"https:\\\/\\\/gradido.net\\\/wp-content\\\/uploads\\\/2025\\\/10\\\/Hartmut_Zipperlen.jpg\",\"articleSection\":[\"Blog\",\"Community\"],\"inLanguage\":\"lv-LV\"},{\"@type\":\"WebPage\",\"@id\":\"https:\\\/\\\/gradido.net\\\/mutmacher-hartmut\\\/\",\"url\":\"https:\\\/\\\/gradido.net\\\/mutmacher-hartmut\\\/\",\"name\":\"Ideelle Werte als W\u00e4hrung - Gradido\",\"isPartOf\":{\"@id\":\"https:\\\/\\\/gradido.net\\\/de\\\/#website\"},\"primaryImageOfPage\":{\"@id\":\"https:\\\/\\\/gradido.net\\\/mutmacher-hartmut\\\/#primaryimage\"},\"image\":{\"@id\":\"https:\\\/\\\/gradido.net\\\/mutmacher-hartmut\\\/#primaryimage\"},\"thumbnailUrl\":\"https:\\\/\\\/gradido.net\\\/wp-content\\\/uploads\\\/2025\\\/10\\\/Hartmut_Zipperlen.jpg\",\"datePublished\":\"2025-10-05T15:35:55+00:00\",\"dateModified\":\"2026-04-24T05:15:24+00:00\",\"description\":\"Die neue Erde kommt nicht durch einen Wumms von au\u00dfen. Die Menschheit tr\u00e4gt die Verantwortung f\u00fcr Gaia und muss die Ver\u00e4nderungen selbst herbeif\u00fchren. Ich bin dankbar, dass immer mehr Menschen sich in Liebe und Achtung der ewigen nat\u00fcrlichen Gesetze diesem Ziel verpflichten.\",\"breadcrumb\":{\"@id\":\"https:\\\/\\\/gradido.net\\\/mutmacher-hartmut\\\/#breadcrumb\"},\"inLanguage\":\"lv-LV\",\"potentialAction\":[{\"@type\":\"ReadAction\",\"target\":[\"https:\\\/\\\/gradido.net\\\/mutmacher-hartmut\\\/\"]}]},{\"@type\":\"ImageObject\",\"inLanguage\":\"lv-LV\",\"@id\":\"https:\\\/\\\/gradido.net\\\/mutmacher-hartmut\\\/#primaryimage\",\"url\":\"https:\\\/\\\/gradido.net\\\/wp-content\\\/uploads\\\/2025\\\/10\\\/Hartmut_Zipperlen.jpg\",\"contentUrl\":\"https:\\\/\\\/gradido.net\\\/wp-content\\\/uploads\\\/2025\\\/10\\\/Hartmut_Zipperlen.jpg\",\"width\":1280,\"height\":720},{\"@type\":\"BreadcrumbList\",\"@id\":\"https:\\\/\\\/gradido.net\\\/mutmacher-hartmut\\\/#breadcrumb\",\"itemListElement\":[{\"@type\":\"ListItem\",\"position\":1,\"name\":\"Startseite\",\"item\":\"https:\\\/\\\/gradido.net\\\/\"},{\"@type\":\"ListItem\",\"position\":2,\"name\":\"Ideelle Werte als W\u00e4hrung\"}]},{\"@type\":\"WebSite\",\"@id\":\"https:\\\/\\\/gradido.net\\\/de\\\/#website\",\"url\":\"https:\\\/\\\/gradido.net\\\/de\\\/\",\"name\":\"Gradido\",\"description\":\"Die neue W\u00e4hrung hei\u00dft Dankbarkeit\",\"publisher\":{\"@id\":\"https:\\\/\\\/gradido.net\\\/de\\\/#organization\"},\"potentialAction\":[{\"@type\":\"SearchAction\",\"target\":{\"@type\":\"EntryPoint\",\"urlTemplate\":\"https:\\\/\\\/gradido.net\\\/de\\\/?s={search_term_string}\"},\"query-input\":{\"@type\":\"PropertyValueSpecification\",\"valueRequired\":true,\"valueName\":\"search_term_string\"}}],\"inLanguage\":\"lv-LV\"},{\"@type\":\"Organization\",\"@id\":\"https:\\\/\\\/gradido.net\\\/de\\\/#organization\",\"name\":\"Gradido\",\"url\":\"https:\\\/\\\/gradido.net\\\/de\\\/\",\"logo\":{\"@type\":\"ImageObject\",\"inLanguage\":\"lv-LV\",\"@id\":\"https:\\\/\\\/gradido.net\\\/de\\\/#\\\/schema\\\/logo\\\/image\\\/\",\"url\":\"https:\\\/\\\/gradido.net\\\/wp-content\\\/uploads\\\/2022\\\/04\\\/gradido-social.jpg\",\"contentUrl\":\"https:\\\/\\\/gradido.net\\\/wp-content\\\/uploads\\\/2022\\\/04\\\/gradido-social.jpg\",\"width\":527,\"height\":273,\"caption\":\"Gradido\"},\"image\":{\"@id\":\"https:\\\/\\\/gradido.net\\\/de\\\/#\\\/schema\\\/logo\\\/image\\\/\"}},{\"@type\":\"Person\",\"@id\":\"https:\\\/\\\/gradido.net\\\/de\\\/#\\\/schema\\\/person\\\/9c503a004ad15a1ddecadce2218db5d1\",\"name\":\"Bernd H\u00fcckst\u00e4dt\",\"sameAs\":[\"https:\\\/\\\/gradido.net\"],\"url\":\"https:\\\/\\\/gradido.net\\\/lv\\\/author\\\/bernd\\\/\"}]}<\/script>\n<!-- \/ Yoast SEO plugin. -->","yoast_head_json":{"title":"Ide\u0101l\u0101s v\u0113rt\u012bbas k\u0101 val\u016bta - Gradido","description":"Jaun\u0101 zeme nen\u0101ks no \u0101r\u0113ja sp\u0113ka. Cilv\u0113ce ir atbild\u012bga par Gaiju, un tai pa\u0161ai ir j\u0101pan\u0101k p\u0101rmai\u0146as. Esmu pateic\u012bgs, ka arvien vair\u0101k cilv\u0113ku ap\u0146emas sasniegt \u0161o m\u0113r\u0137i, m\u012blot un cienot m\u016b\u017e\u012bgos dabas likumus.","robots":{"index":"index","follow":"follow","max-snippet":"max-snippet:-1","max-image-preview":"max-image-preview:large","max-video-preview":"max-video-preview:-1"},"canonical":"https:\/\/gradido.net\/lv\/mutmacher-hartmut\/","og_locale":"lv_LV","og_type":"article","og_title":"Ideelle Werte als W\u00e4hrung - Gradido","og_description":"Die neue Erde kommt nicht durch einen Wumms von au\u00dfen. Die Menschheit tr\u00e4gt die Verantwortung f\u00fcr Gaia und muss die Ver\u00e4nderungen selbst herbeif\u00fchren. Ich bin dankbar, dass immer mehr Menschen sich in Liebe und Achtung der ewigen nat\u00fcrlichen Gesetze diesem Ziel verpflichten.","og_url":"https:\/\/gradido.net\/lv\/mutmacher-hartmut\/","og_site_name":"Gradido","article_published_time":"2025-10-05T15:35:55+00:00","article_modified_time":"2026-04-24T05:15:24+00:00","og_image":[{"width":1280,"height":720,"url":"https:\/\/gradido.net\/wp-content\/uploads\/2025\/10\/Hartmut_Zipperlen.jpg","type":"image\/jpeg"}],"author":"Bernd H\u00fcckst\u00e4dt","twitter_card":"summary_large_image","twitter_misc":{"Written by":"Bernd H\u00fcckst\u00e4dt","Est. reading time":"3 min\u016btes"},"schema":{"@context":"https:\/\/schema.org","@graph":[{"@type":"Article","@id":"https:\/\/gradido.net\/mutmacher-hartmut\/#article","isPartOf":{"@id":"https:\/\/gradido.net\/mutmacher-hartmut\/"},"author":{"name":"Bernd H\u00fcckst\u00e4dt","@id":"https:\/\/gradido.net\/de\/#\/schema\/person\/9c503a004ad15a1ddecadce2218db5d1"},"headline":"Ideelle Werte als W\u00e4hrung","datePublished":"2025-10-05T15:35:55+00:00","dateModified":"2026-04-24T05:15:24+00:00","mainEntityOfPage":{"@id":"https:\/\/gradido.net\/mutmacher-hartmut\/"},"wordCount":434,"publisher":{"@id":"https:\/\/gradido.net\/de\/#organization"},"image":{"@id":"https:\/\/gradido.net\/mutmacher-hartmut\/#primaryimage"},"thumbnailUrl":"https:\/\/gradido.net\/wp-content\/uploads\/2025\/10\/Hartmut_Zipperlen.jpg","articleSection":["Blog","Community"],"inLanguage":"lv-LV"},{"@type":"WebPage","@id":"https:\/\/gradido.net\/mutmacher-hartmut\/","url":"https:\/\/gradido.net\/mutmacher-hartmut\/","name":"Ide\u0101l\u0101s v\u0113rt\u012bbas k\u0101 val\u016bta - Gradido","isPartOf":{"@id":"https:\/\/gradido.net\/de\/#website"},"primaryImageOfPage":{"@id":"https:\/\/gradido.net\/mutmacher-hartmut\/#primaryimage"},"image":{"@id":"https:\/\/gradido.net\/mutmacher-hartmut\/#primaryimage"},"thumbnailUrl":"https:\/\/gradido.net\/wp-content\/uploads\/2025\/10\/Hartmut_Zipperlen.jpg","datePublished":"2025-10-05T15:35:55+00:00","dateModified":"2026-04-24T05:15:24+00:00","description":"Jaun\u0101 zeme nen\u0101ks no \u0101r\u0113ja sp\u0113ka. Cilv\u0113ce ir atbild\u012bga par Gaiju, un tai pa\u0161ai ir j\u0101pan\u0101k p\u0101rmai\u0146as. Esmu pateic\u012bgs, ka arvien vair\u0101k cilv\u0113ku ap\u0146emas sasniegt \u0161o m\u0113r\u0137i, m\u012blot un cienot m\u016b\u017e\u012bgos dabas likumus.","breadcrumb":{"@id":"https:\/\/gradido.net\/mutmacher-hartmut\/#breadcrumb"},"inLanguage":"lv-LV","potentialAction":[{"@type":"ReadAction","target":["https:\/\/gradido.net\/mutmacher-hartmut\/"]}]},{"@type":"ImageObject","inLanguage":"lv-LV","@id":"https:\/\/gradido.net\/mutmacher-hartmut\/#primaryimage","url":"https:\/\/gradido.net\/wp-content\/uploads\/2025\/10\/Hartmut_Zipperlen.jpg","contentUrl":"https:\/\/gradido.net\/wp-content\/uploads\/2025\/10\/Hartmut_Zipperlen.jpg","width":1280,"height":720},{"@type":"BreadcrumbList","@id":"https:\/\/gradido.net\/mutmacher-hartmut\/#breadcrumb","itemListElement":[{"@type":"ListItem","position":1,"name":"Startseite","item":"https:\/\/gradido.net\/"},{"@type":"ListItem","position":2,"name":"Ideelle Werte als W\u00e4hrung"}]},{"@type":"WebSite","@id":"https:\/\/gradido.net\/de\/#website","url":"https:\/\/gradido.net\/de\/","name":"Gradido","description":"Jaun\u0101 val\u016bta ir pateic\u012bba","publisher":{"@id":"https:\/\/gradido.net\/de\/#organization"},"potentialAction":[{"@type":"SearchAction","target":{"@type":"EntryPoint","urlTemplate":"https:\/\/gradido.net\/de\/?s={search_term_string}"},"query-input":{"@type":"PropertyValueSpecification","valueRequired":true,"valueName":"search_term_string"}}],"inLanguage":"lv-LV"},{"@type":"Organization","@id":"https:\/\/gradido.net\/de\/#organization","name":"Gradido","url":"https:\/\/gradido.net\/de\/","logo":{"@type":"ImageObject","inLanguage":"lv-LV","@id":"https:\/\/gradido.net\/de\/#\/schema\/logo\/image\/","url":"https:\/\/gradido.net\/wp-content\/uploads\/2022\/04\/gradido-social.jpg","contentUrl":"https:\/\/gradido.net\/wp-content\/uploads\/2022\/04\/gradido-social.jpg","width":527,"height":273,"caption":"Gradido"},"image":{"@id":"https:\/\/gradido.net\/de\/#\/schema\/logo\/image\/"}},{"@type":"Person","@id":"https:\/\/gradido.net\/de\/#\/schema\/person\/9c503a004ad15a1ddecadce2218db5d1","name":"Bernd H\u00fcckst\u00e4dt","sameAs":["https:\/\/gradido.net"],"url":"https:\/\/gradido.net\/lv\/author\/bernd\/"}]}},"_links":{"self":[{"href":"https:\/\/gradido.net\/lv\/wp-json\/wp\/v2\/posts\/12082","targetHints":{"allow":["GET"]}}],"collection":[{"href":"https:\/\/gradido.net\/lv\/wp-json\/wp\/v2\/posts"}],"about":[{"href":"https:\/\/gradido.net\/lv\/wp-json\/wp\/v2\/types\/post"}],"author":[{"embeddable":true,"href":"https:\/\/gradido.net\/lv\/wp-json\/wp\/v2\/users\/2"}],"replies":[{"embeddable":true,"href":"https:\/\/gradido.net\/lv\/wp-json\/wp\/v2\/comments?post=12082"}],"version-history":[{"count":17,"href":"https:\/\/gradido.net\/lv\/wp-json\/wp\/v2\/posts\/12082\/revisions"}],"predecessor-version":[{"id":13567,"href":"https:\/\/gradido.net\/lv\/wp-json\/wp\/v2\/posts\/12082\/revisions\/13567"}],"wp:featuredmedia":[{"embeddable":true,"href":"https:\/\/gradido.net\/lv\/wp-json\/wp\/v2\/media\/12084"}],"wp:attachment":[{"href":"https:\/\/gradido.net\/lv\/wp-json\/wp\/v2\/media?parent=12082"}],"wp:term":[{"taxonomy":"category","embeddable":true,"href":"https:\/\/gradido.net\/lv\/wp-json\/wp\/v2\/categories?post=12082"},{"taxonomy":"post_tag","embeddable":true,"href":"https:\/\/gradido.net\/lv\/wp-json\/wp\/v2\/tags?post=12082"}],"curies":[{"name":"wp","href":"https:\/\/api.w.org\/{rel}","templated":true}]}}