{"id":1731,"date":"2021-01-27T16:31:50","date_gmt":"2021-01-27T15:31:50","guid":{"rendered":"https:\/\/gradido.net\/?p=1731"},"modified":"2021-12-11T20:57:47","modified_gmt":"2021-12-11T19:57:47","slug":"gradido-garantiert-gleichberechtigung-von-mann-und-frau","status":"publish","type":"post","link":"https:\/\/gradido.net\/lv\/gradido-garantiert-gleichberechtigung-von-mann-und-frau\/","title":{"rendered":"Gradido garant\u0113 vienl\u012bdz\u012bgas ties\u012bbas v\u012brie\u0161iem un sieviet\u0113m"},"content":{"rendered":"<div data-elementor-type=\"wp-post\" data-elementor-id=\"1731\" class=\"elementor elementor-1731\" data-elementor-post-type=\"post\">\n\t\t\t\t\t\t<section class=\"elementor-section elementor-top-section elementor-element elementor-element-496e1d53 elementor-section-boxed elementor-section-height-default elementor-section-height-default\" data-id=\"496e1d53\" data-element_type=\"section\" data-e-type=\"section\">\n\t\t\t\t\t\t<div class=\"elementor-container elementor-column-gap-default\">\n\t\t\t\t\t<div class=\"elementor-column elementor-col-100 elementor-top-column elementor-element elementor-element-461d7be0\" data-id=\"461d7be0\" data-element_type=\"column\" data-e-type=\"column\">\n\t\t\t<div class=\"elementor-widget-wrap elementor-element-populated\">\n\t\t\t\t\t\t<div class=\"elementor-element elementor-element-cd9ebe2 elementor-widget elementor-widget-text-editor\" data-id=\"cd9ebe2\" data-element_type=\"widget\" data-e-type=\"widget\" data-widget_type=\"text-editor.default\">\n\t\t\t\t<div class=\"elementor-widget-container\">\n\t\t\t\t\t\t\t\t\t<h2>Vai blo\u0137\u0113\u0161ana atkl\u0101j, ka nav izdevies nodro\u0161in\u0101t vienl\u012bdz\u012bgas iesp\u0113jas?<\/h2><p><strong>K\u00fcnzelsau, 27.01.2021. - Sievietes nekad nav biju\u0161as tik \"sist\u0113miski noz\u012bm\u012bgas\" k\u0101 Corona kr\u012bzes laik\u0101 un reti kad ir biju\u0161as vair\u0101k apgr\u016btin\u0101tas. Vis\u0101 pasaul\u0113 70 procenti soci\u0101lo un apr\u016bpes profesiju darbinieku ir sievietes. Pat norm\u0101los laikos vi\u0146as veic vid\u0113ji tr\u012bs reizes vair\u0101k neapmaks\u0101tu apr\u016bpes darbu nek\u0101 v\u012brie\u0161i. Pa\u0161reiz\u0113j\u0101 kr\u012bzes situ\u0101cij\u0101 tas draud k\u013c\u016bt par vi\u0146u likteni. P\u0101rsvar\u0101 sievietes ir t\u0101s, kuras ar katru darba p\u0101rtraukumu vair\u0101k sa\u012bsina savu darba laiku, lai pieskat\u012btu b\u0113rnus, apmekl\u0113tu skolu vai r\u016bp\u0113tos par tr\u016bc\u012bgiem \u0123imenes locek\u013ciem. \u0160is notikums skaidri par\u0101da, cik trausla paties\u012bb\u0101 bija \u0161\u0137ietam\u0101 vienl\u012bdz\u012bba. Paties\u012bb\u0101 sievietes risk\u0113 k\u013c\u016bt par kr\u012bzes liel\u0101kaj\u0101m zaud\u0113t\u0101j\u0101m, ja netiks veiktas visaptvero\u0161as reformas darba pasaul\u0113. Sociologiem \u0161\u0137iet, ka, lai v\u012brie\u0161iem un sieviet\u0113m beidzot b\u016btu vienl\u012bdz\u012bgas iesp\u0113jas, ir neizb\u0113gami b\u016btiski j\u0101maina pa\u0161reiz\u0113jie nodarbin\u0101t\u012bbas mode\u013ci. Gradido akad\u0113mijas biznesa bionikas eksperti jau ir izstr\u0101d\u0101ju\u0161i atbilsto\u0161u koncepciju. T\u0101s stingri balst\u0101s uz dzimumu vienl\u012bdz\u012bgu l\u012bdzdal\u012bbu - saska\u0146\u0101 ar dabas mode\u013ciem, kas nodro\u0161ina pan\u0101kumus. <\/strong><\/p><p>Tradicion\u0101li sievietes ne tikai uz\u0146emas lauvas tiesu r\u016bp\u0113ties par veciem un slimiem cilv\u0113kiem, bet ar\u012b par m\u0101jsaimniec\u012bbu un \u0123imeni, k\u0101 ar\u012b r\u016bp\u0113jas par tr\u016bc\u012bgiem radiniekiem. No vienas puses, tie kalpo tradicion\u0101lajam priek\u0161statam, ka t\u0101 ir m\u012blo\u0161as apr\u016bpes izpausme. No otras puses, past\u0101v\u012bgi zem\u0101ks atalgojums sieviet\u0113m noz\u012bm\u0113 to, ka pat m\u016bsdien\u0101s p\u0101rsvar\u0101 tie\u0161i sievietes samazina savu profesion\u0101lo iesaisti, kad nepiecie\u0161ams atbalsts b\u0113rniem vai vec\u0101kiem. Ja jau pirms Corona kr\u012bzes dubult\u0101 nasta bija liels izaicin\u0101jums, tad laik\u0101, kad tiek str\u0101d\u0101ts m\u0101j\u0101s un m\u0101c\u012bts m\u0101j\u0101s, t\u0101 k\u013c\u016bst par smagu slogu, kas rada draud\u012bgas sekas. Nesen veiktie p\u0113t\u012bjumi liecina, ka katra papildu blo\u0137\u0113\u0161ana liek sieviet\u0113m v\u0113l vair\u0101k samazin\u0101t savu darba laiku par labu pieaugo\u0161iem \u0123imenes pien\u0101kumiem. Ekonomisti ba\u017e\u012bjas, ka daudz\u0101m str\u0101d\u0101jo\u0161aj\u0101m sieviet\u0113m \u0161\u012b notikuma d\u0113\u013c draud past\u0101v\u012bgs ien\u0101kumu zaud\u0113jums un s\u0101p\u012bgs karjeras pav\u0113rsiens.<\/p><p>Saska\u0146\u0101 ar V\u0101cijas Ekonomisko p\u0113t\u012bjumu instit\u016bta datiem sievie\u0161u \u012bpatsvars \"sist\u0113mai svar\u012bgo\" profesiju grup\u0101s ir gandr\u012bz 75 %. K\u0101 medic\u012bnas m\u0101sas un geriatrisk\u0101s m\u0101sas vi\u0146as r\u016bp\u0113jas par slimiem cilv\u0113kiem pirmaj\u0101 l\u012bnij\u0101. Kasieri \"nodro\u0161ina veikala darb\u012bbu\". Skolot\u0101jas r\u016bp\u0113jas par b\u0113rniem tiem, kuri nevar palikt prom no sav\u0101m darba viet\u0101m, kad skolas un dienas apr\u016bpes centri ir sl\u0113gti. Tom\u0113r \u0161\u012bm \"sievie\u0161u darbaviet\u0101m\" kop\u012bgs ir ne tikai tas, ka t\u0101s tiek uzskat\u012btas par neaizst\u0101jam\u0101m Corona kr\u012bzes apst\u0101k\u013cos, bet ar\u012b tas, ka t\u0101s p\u0101rsvar\u0101 ir slikti apmaks\u0101tas. Br\u012bvi sekojot moto \"Tas, kas \u0123imen\u0113 tiek dar\u012bts \"par velti\", nevar daudz maks\u0101t\", tipiski sievie\u0161u darb\u012bbai joproj\u0101m nav atbilsto\u0161as ekonomisk\u0101s v\u0113rt\u012bbas darba tirg\u016b. \"\u0160\u0101da sabiedr\u012bbas necie\u0146a pret apr\u016bpes darbu ir ne tikai nepanesama, bet ar\u012b visliel\u0101k\u0101 m\u0113r\u0101 bezj\u0113dz\u012bga,\" ir sa\u0161utusi Gradido akad\u0113mijas \u012bpa\u0161niece Margr\u0113ta Baire, \"jo \u0161is sievie\u0161u apr\u016bpes darbs ir eksistenci\u0101li svar\u012bgs m\u016bsu ekonomikai un labkl\u0101j\u012bbai. Sievie\u0161u darba sniegums ir m\u016bsu sist\u0113mas mugurkauls ne tikai \u0161aj\u0101 kr\u012bz\u0113.\"<\/p><p>Neskatoties uz to, jaun\u0101kais Bertelsmann fonda p\u0113t\u012bjums ir apstiprin\u0101jis, cik liel\u0101 m\u0113r\u0101 Corona kr\u012bze ir ietekm\u0113jusi tradicion\u0101los lomu mode\u013cus \u0123imen\u0113 un cik fiziski un psiholo\u0123iski p\u0101rslogotas ir sievietes. \"Ir nepiecie\u0161ams starpdisciplin\u0101rs soci\u0101ls diskurss par modern\u0101s darba pasaules priek\u0161roc\u012bb\u0101m un tr\u016bkumiem. Darba tirgus un nodarbin\u0101t\u012bbas politiku, \u0123imenes un vesel\u012bbas politiku vairs nevar apl\u016bkot atsevi\u0161\u0137i,\" saka Martins Spilkers (Martin Spilker), fonda Uz\u0146\u0113mumu kult\u016bras un vad\u012bbas kompetences centra direktors.<\/p><p>\"Mums steidzami ir nepiecie\u0161ami elast\u012bg\u0101ki darba mode\u013ci un pien\u0101c\u012bga apr\u016bpes darba nov\u0113rt\u0113\u0161ana un atalgojums,\" apstiprina ar\u012b Gradido akad\u0113mijas l\u012bdzdibin\u0101t\u0101js Bernds Hik\u0161tads. Vair\u0101k nek\u0101 divas desmitgades \u0161\u012b neatkar\u012bg\u0101 p\u0113tniec\u012bbas instit\u016bta ekonomikas bionikas eksperti ir izstr\u0101d\u0101ju\u0161i Gradido kop\u012bg\u0101s bag\u0101t\u012bbas val\u016btu, kas ir jauna ekonomikas un finan\u0161u mode\u013ca centr\u0101lais elements. \"Mums jau ilgu laiku ir skaidrs, ka domin\u0113jo\u0161ais modelis ilgtermi\u0146\u0101 vairs nevar darboties. T\u0101p\u0113c kr\u012bze mums nesag\u0101d\u0101ja nek\u0101dus p\u0101rsteigumus, bet tikai aktualiz\u0113ja probl\u0113mas, kas nenov\u0113r\u0161ami bija gaid\u0101mas. Tom\u0113r tagad ir steidzami j\u0101maina kurss, jo n\u0101kam\u0101s paaudzes nek\u0101dos apst\u0101k\u013cos ne\u013caus sev uzspiest t\u0101du dz\u012bvesveidu, k\u0101du t\u0101m nodro\u0161in\u0101tu pa\u0161reiz\u0113j\u0101 ekonomikas mode\u013ca turpin\u0101\u0161ana. Tas, ka sievietes no t\u0101 cie\u0161 jau tagad, k\u013c\u016bst \u013coti ac\u012bmredzams.\"<\/p><p>Gradido Akad\u0113mijas risin\u0101jumu modelis ir balst\u012bts uz t\u016bksto\u0161iem gadu seniem dabas veiksmes mode\u013ciem. Sekojot dabiskajam tap\u0161anas un izzu\u0161anas ciklam, ekonomikas bionikas eksperti ir rad\u012bju\u0161i kop\u012bg\u0101 labuma val\u016btas Gradido kombin\u0101ciju ar \"akt\u012bvajiem pamatien\u0101kumiem\" un naudas rad\u012b\u0161anu bez par\u0101diem saska\u0146\u0101 ar \"tr\u012bsk\u0101r\u0161o labumu\". Konkr\u0113ti run\u0101jot, valdo\u0161\u0101s ekonomikas un finan\u0161u sist\u0113mas p\u0101rveido\u0161ana par \u0161o Gradido modeli noz\u012bm\u0113tu par\u0101da naudas principa izbeig\u0161anu. T\u0101 viet\u0101 katru m\u0113nesi katrai personai tiktu izveidots 3 x 1000 Gradido. 1 000 Gradido b\u016btu pieejami valsts bud\u017eet\u0101. V\u0101cij\u0101 \u0161\u012b naudas rad\u012b\u0161ana aptuveni atbilstu pa\u0161reiz\u0113jam valsts bud\u017eetam (feder\u0101lajam, valsts un pa\u0161vald\u012bbu bud\u017eetam), k\u0101 ar\u012b vesel\u012bbas un soci\u0101lajiem pakalpojumiem. Izl\u012bdzin\u0101\u0161anas un vides fondam tiktu izveidots v\u0113l 1 000 Gradido uz vienu iedz\u012bvot\u0101ju. P\u0113d\u0113j\u0101 tre\u0161da\u013ca b\u016btu pieejama ikvienam k\u0101 \"akt\u012bvais pamatien\u0101kums\", un t\u0101d\u0113j\u0101di ne tikai nodro\u0161in\u0101tu ikvienam cilv\u0113kam pirm\u0101s nepiecie\u0161am\u012bbas preces, bet ar\u012b nodro\u0161in\u0101tu, ka sievietes un v\u012brie\u0161i n\u0101kotn\u0113 var\u0113tu b\u016bt vienl\u012bdz akt\u012bvi un pilnv\u0113rt\u012bgi karjeras un \u0123imenes jom\u0101.<\/p><p>Struktur\u0101lo p\u0101rmai\u0146u nepiecie\u0161am\u012bbu apstiprina ar\u012b Hansa Beklera fonda Ekonomikas un soci\u0101lo zin\u0101t\u0146u instit\u016bta (WSI) zin\u0101tnisk\u0101 direktore, profesore Dr. Bettina Kolrau\u0161a (Bettina Kohlrausch). Podk\u0101st\u0101 \"Systemrelevant\" vi\u0146a s\u012bk\u0101k izv\u0113r\u0161 jaut\u0101jumu par to, cik smagi Corona kr\u012bze ir sk\u0101rusi sievietes: \"Nepiecie\u0161amas re\u0101las struktur\u0101las p\u0101rmai\u0146as, jo nevar b\u016bt t\u0101, ka no sieviet\u0113m tiek sagaid\u012bts, ka vi\u0146as str\u0101d\u0101s slikti apmaks\u0101tu, nepietiekami apmaks\u0101tu vai neapmaks\u0101tu darbu k\u0101 pa\u0161saprotamu lietu. \u0160odienas strukt\u016bras darbojas tikai t\u0101p\u0113c, ka sievietes ir divk\u0101r\u0161i socializ\u0113tas, t\u0101d\u0113j\u0101di ce\u013cojot darba tirg\u016b un priv\u0101taj\u0101 apr\u016bp\u0113, un ab\u0101s jom\u0101s vi\u0146as veic darbu, kas netiek pien\u0101c\u012bgi atz\u012bts.\" Turkl\u0101t Kolrausks, kur\u0161 ir ar\u012b Paderbornas Universit\u0101tes profesors, aicina \"re\u0101li organiz\u0113t darba un algota darba laiku t\u0101, lai b\u016btu pietiekami daudz laika darbam \u0123imen\u0113 un br\u012bvpr\u0101t\u012bgaj\u0101m aktivit\u0101t\u0113m\".<\/p><p>\"Tikai patriarh\u0101l\u0101s ekonomikas un finan\u0161u sist\u0113mas p\u0101rveido\u0161ana sp\u0113s nov\u0113rst ilgtermi\u0146a probl\u0113mas, kas izriet no t\u0101, ka liel\u0101k\u0101 da\u013ca sievie\u0161u darba tirg\u016b ir diskrimin\u0113tas visu m\u016b\u017eu: M\u016b\u017e\u012bgi draud nabadz\u012bbas slazds, ja neizdodas laul\u012bba, vai vientu\u013cajiem vec\u0101kiem - un nabadz\u012bba vecumdien\u0101s, kas \u012bpa\u0161i skar sievietes,\" papildina Bernds H\u00fcckst\u00e4dt un paskaidro: \"T\u0101p\u0113c m\u016bsu Gradido model\u012b apr\u016bpes darbs tiek nov\u0113rt\u0113ts t\u0101pat k\u0101 jebkur\u0161 cits uzdevums. M\u016bsu m\u0113r\u0137is ir veidot pasauli, kas atbilst dz\u012bves realit\u0101tei un cilv\u0113ku vajadz\u012bb\u0101m.\" Margret Baier piebilst: \"Sekojot dabas piem\u0113ram, ikviens veiksm\u012bgs modelis att\u012bst\u0101s, ja taj\u0101 vienl\u012bdz\u012bgi p\u0101rst\u0101v\u0113ta sievie\u0161u un v\u012brie\u0161u ietekme - pat bez \"sievie\u0161u kvotas\". \"Gradido\" akad\u0113mij\u0101 daudzas sievietes ir akt\u012bvi darboju\u0161\u0101s jau no pa\u0161a s\u0101kuma.\"<\/p><p>Lai nodro\u0161in\u0101tu cilv\u0113ku pamatvajadz\u012bbas visos vi\u0146u darba dz\u012bves posmos, Gradido modelis paredz ar\u012b pamatien\u0101kumus. At\u0161\u0137ir\u012bb\u0101 no daudz apspriest\u0101 beznosac\u012bjumu pamatien\u0101kuma \"akt\u012bvais pamatien\u0101kums\", kura maksim\u0101lais apm\u0113rs ir 1000 Gradido m\u0113nes\u012b, tiek pie\u0161\u0137irts cilv\u0113kiem par darb\u012bb\u0101m, ko vi\u0146i labpr\u0101t veic, lai dotu ieguld\u012bjumu sabiedr\u012bbai un t\u0101s lab\u0101. \u0160aj\u0101 zi\u0146\u0101 viss, kas ir b\u016btisks kop\u012bbai, ir kvazi imanents \u0161ai sist\u0113mai. Turkl\u0101t \"Beznosac\u012bjumu un vienl\u012bdz\u012bga l\u012bdzdal\u012bba\" paver iesp\u0113ju visu vecumu sieviet\u0113m, v\u012brie\u0161iem un b\u0113rniem atkl\u0101t jaunus talantus, izm\u0113\u0123in\u0101t sevi da\u017e\u0101d\u0101s jom\u0101s un t\u0101d\u0113j\u0101di piln\u012bb\u0101 att\u012bst\u012bt savu potenci\u0101lu. Bernds Huk\u0161tads (Bernd H\u00fcckst\u00e4dt) saka: \"M\u016bsu deklar\u0113tais m\u0113r\u0137is ir nodro\u0161in\u0101t b\u0113rniem un b\u0113rnu b\u0113rniem neatkar\u012bgi no vi\u0146u dzimuma, \u0101das kr\u0101sas un izcelsmes cien\u012bgu n\u0101kotni. Tas noz\u012bm\u0113, ka visiem kl\u0101jas labi un ka vi\u0146i r\u016bp\u0113jas cits par citu. Tas padara cilv\u0113kus laim\u012bgus, jo ne tikai vi\u0146u sirdis ir pla\u0161as, bet ar\u012b iesp\u0113jas j\u0113gpilni un daudzveid\u012bgi veidot savu laiku uz zemes. Izklaus\u0101s utopiski, bet saska\u0146\u0101 ar m\u016bsu atkl\u0101jumiem tas ir re\u0101li iesp\u0113jams.\"<\/p><p>S\u012bk\u0101ka inform\u0101cija par visu \"Gradido modeli\" un Gradido podk\u0101stu atrodama vietn\u0113 <a href=\"https:\/\/gradido.net\/lv\/\">https:\/\/gradido.net<\/a><\/p><p><!-- \/wp:paragraph --><\/p>\t\t\t\t\t\t\t\t<\/div>\n\t\t\t\t<\/div>\n\t\t\t\t<div class=\"elementor-element elementor-element-e9ff241 elementor-widget elementor-widget-text-editor\" data-id=\"e9ff241\" data-element_type=\"widget\" data-e-type=\"widget\" data-widget_type=\"text-editor.default\">\n\t\t\t\t<div class=\"elementor-widget-container\">\n\t\t\t\t\t\t\t\t\t<p><strong>Par Gradido akad\u0113miju<\/strong><br>Gradido Ekonomikas bionikas akad\u0113mija (Gradido Academy for Economic Bionics) ir izstr\u0101d\u0101jusi alternat\u012bvu \"kop\u0113j\u0101 labuma val\u016btu\", kas ir veidota p\u0113c dabas parauga. Daba iev\u0113ro likumu, ka tikai tur, kur kaut kas izz\u016bd, var rasties kaut kas jauns, un t\u0101d\u0113j\u0101di ir iesp\u0113jami ilgtermi\u0146a uzlabojumi (evol\u016bcija). T\u0101s veiksmes recepte ir \"dz\u012bves cikls\". Ja ar\u012b m\u016bsu ekonomik\u0101 notiktu \u0161is dabiskais cikls, tas atrisin\u0101tu praktiski visas ar naudu saist\u012bt\u0101s pasaules probl\u0113mas, uzskata ekonomikas bionikas eksperti. Gradido mode\u013ca pamat\u0101 ir ideja, ka ne tikai katra persona, bet ar\u012b katra valsts sa\u0146em ien\u0101kumus, kas tiek veidoti uz kred\u012bta b\u0101zes. T\u0101d\u0113j\u0101di t\u0101 var veikt visus savus uzdevumus, neiekas\u0113jot nodok\u013cus. Defl\u0101cija vai infl\u0101cija ir pag\u0101tnes lietas. Ekonomika ir atbr\u012bvota no nep\u0101rtrauktas nepiecie\u0161am\u012bbas augt, un finan\u0161u sist\u0113mas sabrukuma draudi beidzot ir nov\u0113rsti. (<a href=\"https:\/\/gradido.net\/lv\/\">www.gradido.net<\/a>)<\/p>\t\t\t\t\t\t\t\t<\/div>\n\t\t\t\t<\/div>\n\t\t\t\t\t<\/div>\n\t\t<\/div>\n\t\t\t\t\t<\/div>\n\t\t<\/section>\n\t\t\t\t<\/div>","protected":false},"excerpt":{"rendered":"<p>Offenbart der Lockdown das Scheitern der Chancengleichheit? K\u00fcnzelsau, 27.01.2021 \u2013 Nie waren Frauen \u201asystemrelevanter\u2018 als in der Corona-Krise \u2013 und selten mehr belastet. Weltweit sind 70 Prozent des Personals in sozialen und pflegenden Berufen Frauen. Schon in normalen Zeiten leisten sie au\u00dferdem im Schnitt dreimal so viel unbezahlte \u201aSorgearbeit\u2018 wie M\u00e4nner. In der aktuellen Krise [&hellip;]<\/p>\n","protected":false},"author":2,"featured_media":1718,"comment_status":"closed","ping_status":"closed","sticky":false,"template":"","format":"standard","meta":{"footnotes":""},"categories":[8],"tags":[],"class_list":["post-1731","post","type-post","status-publish","format-standard","has-post-thumbnail","hentry","category-pressemitteilung"],"yoast_head":"<!-- This site is optimized with the Yoast SEO plugin v27.5 - https:\/\/yoast.com\/product\/yoast-seo-wordpress\/ -->\n<title>Gradido garantiert Gleichberechtigung von Mann und Frau - Gradido<\/title>\n<meta name=\"robots\" content=\"index, follow, max-snippet:-1, max-image-preview:large, max-video-preview:-1\" \/>\n<link rel=\"canonical\" href=\"https:\/\/gradido.net\/lv\/gradido-garantiert-gleichberechtigung-von-mann-und-frau\/\" \/>\n<meta property=\"og:locale\" content=\"lv_LV\" \/>\n<meta property=\"og:type\" content=\"article\" \/>\n<meta property=\"og:title\" content=\"Gradido garantiert Gleichberechtigung von Mann und Frau - Gradido\" \/>\n<meta property=\"og:description\" content=\"Offenbart der Lockdown das Scheitern der Chancengleichheit? K\u00fcnzelsau, 27.01.2021 \u2013 Nie waren Frauen \u201asystemrelevanter\u2018 als in der Corona-Krise \u2013 und selten mehr belastet. Weltweit sind 70 Prozent des Personals in sozialen und pflegenden Berufen Frauen. Schon in normalen Zeiten leisten sie au\u00dferdem im Schnitt dreimal so viel unbezahlte \u201aSorgearbeit\u2018 wie M\u00e4nner. In der aktuellen Krise [&hellip;]\" \/>\n<meta property=\"og:url\" content=\"https:\/\/gradido.net\/lv\/gradido-garantiert-gleichberechtigung-von-mann-und-frau\/\" \/>\n<meta property=\"og:site_name\" content=\"Gradido\" \/>\n<meta property=\"article:published_time\" content=\"2021-01-27T15:31:50+00:00\" \/>\n<meta property=\"article:modified_time\" content=\"2021-12-11T19:57:47+00:00\" \/>\n<meta property=\"og:image\" content=\"https:\/\/gradido.net\/wp-content\/uploads\/2021\/01\/chancengleichheit-scaled.jpg\" \/>\n\t<meta property=\"og:image:width\" content=\"2560\" \/>\n\t<meta property=\"og:image:height\" content=\"1737\" \/>\n\t<meta property=\"og:image:type\" content=\"image\/jpeg\" \/>\n<meta name=\"author\" content=\"Bernd H\u00fcckst\u00e4dt\" \/>\n<meta name=\"twitter:card\" content=\"summary_large_image\" \/>\n<meta name=\"twitter:label1\" content=\"Written by\" \/>\n\t<meta name=\"twitter:data1\" content=\"Bernd H\u00fcckst\u00e4dt\" \/>\n\t<meta name=\"twitter:label2\" content=\"Est. reading time\" \/>\n\t<meta name=\"twitter:data2\" content=\"7 min\u016btes\" \/>\n<script type=\"application\/ld+json\" class=\"yoast-schema-graph\">{\"@context\":\"https:\\\/\\\/schema.org\",\"@graph\":[{\"@type\":\"Article\",\"@id\":\"https:\\\/\\\/gradido.net\\\/pl\\\/gradido-garantiert-gleichberechtigung-von-mann-und-frau\\\/#article\",\"isPartOf\":{\"@id\":\"https:\\\/\\\/gradido.net\\\/pl\\\/gradido-garantiert-gleichberechtigung-von-mann-und-frau\\\/\"},\"author\":{\"name\":\"Bernd H\u00fcckst\u00e4dt\",\"@id\":\"https:\\\/\\\/gradido.net\\\/de\\\/#\\\/schema\\\/person\\\/9c503a004ad15a1ddecadce2218db5d1\"},\"headline\":\"Gradido garantiert Gleichberechtigung von Mann und Frau\",\"datePublished\":\"2021-01-27T15:31:50+00:00\",\"dateModified\":\"2021-12-11T19:57:47+00:00\",\"mainEntityOfPage\":{\"@id\":\"https:\\\/\\\/gradido.net\\\/pl\\\/gradido-garantiert-gleichberechtigung-von-mann-und-frau\\\/\"},\"wordCount\":1487,\"publisher\":{\"@id\":\"https:\\\/\\\/gradido.net\\\/de\\\/#organization\"},\"image\":{\"@id\":\"https:\\\/\\\/gradido.net\\\/pl\\\/gradido-garantiert-gleichberechtigung-von-mann-und-frau\\\/#primaryimage\"},\"thumbnailUrl\":\"https:\\\/\\\/gradido.net\\\/wp-content\\\/uploads\\\/2021\\\/01\\\/chancengleichheit-scaled.jpg\",\"articleSection\":[\"Pressemitteilung\"],\"inLanguage\":\"lv-LV\"},{\"@type\":\"WebPage\",\"@id\":\"https:\\\/\\\/gradido.net\\\/pl\\\/gradido-garantiert-gleichberechtigung-von-mann-und-frau\\\/\",\"url\":\"https:\\\/\\\/gradido.net\\\/pl\\\/gradido-garantiert-gleichberechtigung-von-mann-und-frau\\\/\",\"name\":\"Gradido garantiert Gleichberechtigung von Mann und Frau - Gradido\",\"isPartOf\":{\"@id\":\"https:\\\/\\\/gradido.net\\\/de\\\/#website\"},\"primaryImageOfPage\":{\"@id\":\"https:\\\/\\\/gradido.net\\\/pl\\\/gradido-garantiert-gleichberechtigung-von-mann-und-frau\\\/#primaryimage\"},\"image\":{\"@id\":\"https:\\\/\\\/gradido.net\\\/pl\\\/gradido-garantiert-gleichberechtigung-von-mann-und-frau\\\/#primaryimage\"},\"thumbnailUrl\":\"https:\\\/\\\/gradido.net\\\/wp-content\\\/uploads\\\/2021\\\/01\\\/chancengleichheit-scaled.jpg\",\"datePublished\":\"2021-01-27T15:31:50+00:00\",\"dateModified\":\"2021-12-11T19:57:47+00:00\",\"breadcrumb\":{\"@id\":\"https:\\\/\\\/gradido.net\\\/pl\\\/gradido-garantiert-gleichberechtigung-von-mann-und-frau\\\/#breadcrumb\"},\"inLanguage\":\"lv-LV\",\"potentialAction\":[{\"@type\":\"ReadAction\",\"target\":[\"https:\\\/\\\/gradido.net\\\/pl\\\/gradido-garantiert-gleichberechtigung-von-mann-und-frau\\\/\"]}]},{\"@type\":\"ImageObject\",\"inLanguage\":\"lv-LV\",\"@id\":\"https:\\\/\\\/gradido.net\\\/pl\\\/gradido-garantiert-gleichberechtigung-von-mann-und-frau\\\/#primaryimage\",\"url\":\"https:\\\/\\\/gradido.net\\\/wp-content\\\/uploads\\\/2021\\\/01\\\/chancengleichheit-scaled.jpg\",\"contentUrl\":\"https:\\\/\\\/gradido.net\\\/wp-content\\\/uploads\\\/2021\\\/01\\\/chancengleichheit-scaled.jpg\",\"width\":2560,\"height\":1737},{\"@type\":\"BreadcrumbList\",\"@id\":\"https:\\\/\\\/gradido.net\\\/pl\\\/gradido-garantiert-gleichberechtigung-von-mann-und-frau\\\/#breadcrumb\",\"itemListElement\":[{\"@type\":\"ListItem\",\"position\":1,\"name\":\"Startseite\",\"item\":\"https:\\\/\\\/gradido.net\\\/\"},{\"@type\":\"ListItem\",\"position\":2,\"name\":\"Gradido garantiert Gleichberechtigung von Mann und Frau\"}]},{\"@type\":\"WebSite\",\"@id\":\"https:\\\/\\\/gradido.net\\\/de\\\/#website\",\"url\":\"https:\\\/\\\/gradido.net\\\/de\\\/\",\"name\":\"Gradido\",\"description\":\"Die neue W\u00e4hrung hei\u00dft Dankbarkeit\",\"publisher\":{\"@id\":\"https:\\\/\\\/gradido.net\\\/de\\\/#organization\"},\"potentialAction\":[{\"@type\":\"SearchAction\",\"target\":{\"@type\":\"EntryPoint\",\"urlTemplate\":\"https:\\\/\\\/gradido.net\\\/de\\\/?s={search_term_string}\"},\"query-input\":{\"@type\":\"PropertyValueSpecification\",\"valueRequired\":true,\"valueName\":\"search_term_string\"}}],\"inLanguage\":\"lv-LV\"},{\"@type\":\"Organization\",\"@id\":\"https:\\\/\\\/gradido.net\\\/de\\\/#organization\",\"name\":\"Gradido\",\"url\":\"https:\\\/\\\/gradido.net\\\/de\\\/\",\"logo\":{\"@type\":\"ImageObject\",\"inLanguage\":\"lv-LV\",\"@id\":\"https:\\\/\\\/gradido.net\\\/de\\\/#\\\/schema\\\/logo\\\/image\\\/\",\"url\":\"https:\\\/\\\/gradido.net\\\/wp-content\\\/uploads\\\/2022\\\/04\\\/gradido-social.jpg\",\"contentUrl\":\"https:\\\/\\\/gradido.net\\\/wp-content\\\/uploads\\\/2022\\\/04\\\/gradido-social.jpg\",\"width\":527,\"height\":273,\"caption\":\"Gradido\"},\"image\":{\"@id\":\"https:\\\/\\\/gradido.net\\\/de\\\/#\\\/schema\\\/logo\\\/image\\\/\"}},{\"@type\":\"Person\",\"@id\":\"https:\\\/\\\/gradido.net\\\/de\\\/#\\\/schema\\\/person\\\/9c503a004ad15a1ddecadce2218db5d1\",\"name\":\"Bernd H\u00fcckst\u00e4dt\",\"sameAs\":[\"https:\\\/\\\/gradido.net\"],\"url\":\"https:\\\/\\\/gradido.net\\\/lv\\\/author\\\/bernd\\\/\"}]}<\/script>\n<!-- \/ Yoast SEO plugin. -->","yoast_head_json":{"title":"Gradido garant\u0113 vienl\u012bdz\u012bgas ties\u012bbas v\u012brie\u0161iem un sieviet\u0113m - Gradido","robots":{"index":"index","follow":"follow","max-snippet":"max-snippet:-1","max-image-preview":"max-image-preview:large","max-video-preview":"max-video-preview:-1"},"canonical":"https:\/\/gradido.net\/lv\/gradido-garantiert-gleichberechtigung-von-mann-und-frau\/","og_locale":"lv_LV","og_type":"article","og_title":"Gradido garantiert Gleichberechtigung von Mann und Frau - Gradido","og_description":"Offenbart der Lockdown das Scheitern der Chancengleichheit? K\u00fcnzelsau, 27.01.2021 \u2013 Nie waren Frauen \u201asystemrelevanter\u2018 als in der Corona-Krise \u2013 und selten mehr belastet. Weltweit sind 70 Prozent des Personals in sozialen und pflegenden Berufen Frauen. Schon in normalen Zeiten leisten sie au\u00dferdem im Schnitt dreimal so viel unbezahlte \u201aSorgearbeit\u2018 wie M\u00e4nner. In der aktuellen Krise [&hellip;]","og_url":"https:\/\/gradido.net\/lv\/gradido-garantiert-gleichberechtigung-von-mann-und-frau\/","og_site_name":"Gradido","article_published_time":"2021-01-27T15:31:50+00:00","article_modified_time":"2021-12-11T19:57:47+00:00","og_image":[{"width":2560,"height":1737,"url":"https:\/\/gradido.net\/wp-content\/uploads\/2021\/01\/chancengleichheit-scaled.jpg","type":"image\/jpeg"}],"author":"Bernd H\u00fcckst\u00e4dt","twitter_card":"summary_large_image","twitter_misc":{"Written by":"Bernd H\u00fcckst\u00e4dt","Est. reading time":"7 min\u016btes"},"schema":{"@context":"https:\/\/schema.org","@graph":[{"@type":"Article","@id":"https:\/\/gradido.net\/pl\/gradido-garantiert-gleichberechtigung-von-mann-und-frau\/#article","isPartOf":{"@id":"https:\/\/gradido.net\/pl\/gradido-garantiert-gleichberechtigung-von-mann-und-frau\/"},"author":{"name":"Bernd H\u00fcckst\u00e4dt","@id":"https:\/\/gradido.net\/de\/#\/schema\/person\/9c503a004ad15a1ddecadce2218db5d1"},"headline":"Gradido garantiert Gleichberechtigung von Mann und Frau","datePublished":"2021-01-27T15:31:50+00:00","dateModified":"2021-12-11T19:57:47+00:00","mainEntityOfPage":{"@id":"https:\/\/gradido.net\/pl\/gradido-garantiert-gleichberechtigung-von-mann-und-frau\/"},"wordCount":1487,"publisher":{"@id":"https:\/\/gradido.net\/de\/#organization"},"image":{"@id":"https:\/\/gradido.net\/pl\/gradido-garantiert-gleichberechtigung-von-mann-und-frau\/#primaryimage"},"thumbnailUrl":"https:\/\/gradido.net\/wp-content\/uploads\/2021\/01\/chancengleichheit-scaled.jpg","articleSection":["Pressemitteilung"],"inLanguage":"lv-LV"},{"@type":"WebPage","@id":"https:\/\/gradido.net\/pl\/gradido-garantiert-gleichberechtigung-von-mann-und-frau\/","url":"https:\/\/gradido.net\/pl\/gradido-garantiert-gleichberechtigung-von-mann-und-frau\/","name":"Gradido garant\u0113 vienl\u012bdz\u012bgas ties\u012bbas v\u012brie\u0161iem un sieviet\u0113m - Gradido","isPartOf":{"@id":"https:\/\/gradido.net\/de\/#website"},"primaryImageOfPage":{"@id":"https:\/\/gradido.net\/pl\/gradido-garantiert-gleichberechtigung-von-mann-und-frau\/#primaryimage"},"image":{"@id":"https:\/\/gradido.net\/pl\/gradido-garantiert-gleichberechtigung-von-mann-und-frau\/#primaryimage"},"thumbnailUrl":"https:\/\/gradido.net\/wp-content\/uploads\/2021\/01\/chancengleichheit-scaled.jpg","datePublished":"2021-01-27T15:31:50+00:00","dateModified":"2021-12-11T19:57:47+00:00","breadcrumb":{"@id":"https:\/\/gradido.net\/pl\/gradido-garantiert-gleichberechtigung-von-mann-und-frau\/#breadcrumb"},"inLanguage":"lv-LV","potentialAction":[{"@type":"ReadAction","target":["https:\/\/gradido.net\/pl\/gradido-garantiert-gleichberechtigung-von-mann-und-frau\/"]}]},{"@type":"ImageObject","inLanguage":"lv-LV","@id":"https:\/\/gradido.net\/pl\/gradido-garantiert-gleichberechtigung-von-mann-und-frau\/#primaryimage","url":"https:\/\/gradido.net\/wp-content\/uploads\/2021\/01\/chancengleichheit-scaled.jpg","contentUrl":"https:\/\/gradido.net\/wp-content\/uploads\/2021\/01\/chancengleichheit-scaled.jpg","width":2560,"height":1737},{"@type":"BreadcrumbList","@id":"https:\/\/gradido.net\/pl\/gradido-garantiert-gleichberechtigung-von-mann-und-frau\/#breadcrumb","itemListElement":[{"@type":"ListItem","position":1,"name":"Startseite","item":"https:\/\/gradido.net\/"},{"@type":"ListItem","position":2,"name":"Gradido garantiert Gleichberechtigung von Mann und Frau"}]},{"@type":"WebSite","@id":"https:\/\/gradido.net\/de\/#website","url":"https:\/\/gradido.net\/de\/","name":"Gradido","description":"Jaun\u0101 val\u016bta ir pateic\u012bba","publisher":{"@id":"https:\/\/gradido.net\/de\/#organization"},"potentialAction":[{"@type":"SearchAction","target":{"@type":"EntryPoint","urlTemplate":"https:\/\/gradido.net\/de\/?s={search_term_string}"},"query-input":{"@type":"PropertyValueSpecification","valueRequired":true,"valueName":"search_term_string"}}],"inLanguage":"lv-LV"},{"@type":"Organization","@id":"https:\/\/gradido.net\/de\/#organization","name":"Gradido","url":"https:\/\/gradido.net\/de\/","logo":{"@type":"ImageObject","inLanguage":"lv-LV","@id":"https:\/\/gradido.net\/de\/#\/schema\/logo\/image\/","url":"https:\/\/gradido.net\/wp-content\/uploads\/2022\/04\/gradido-social.jpg","contentUrl":"https:\/\/gradido.net\/wp-content\/uploads\/2022\/04\/gradido-social.jpg","width":527,"height":273,"caption":"Gradido"},"image":{"@id":"https:\/\/gradido.net\/de\/#\/schema\/logo\/image\/"}},{"@type":"Person","@id":"https:\/\/gradido.net\/de\/#\/schema\/person\/9c503a004ad15a1ddecadce2218db5d1","name":"Bernd H\u00fcckst\u00e4dt","sameAs":["https:\/\/gradido.net"],"url":"https:\/\/gradido.net\/lv\/author\/bernd\/"}]}},"_links":{"self":[{"href":"https:\/\/gradido.net\/lv\/wp-json\/wp\/v2\/posts\/1731","targetHints":{"allow":["GET"]}}],"collection":[{"href":"https:\/\/gradido.net\/lv\/wp-json\/wp\/v2\/posts"}],"about":[{"href":"https:\/\/gradido.net\/lv\/wp-json\/wp\/v2\/types\/post"}],"author":[{"embeddable":true,"href":"https:\/\/gradido.net\/lv\/wp-json\/wp\/v2\/users\/2"}],"replies":[{"embeddable":true,"href":"https:\/\/gradido.net\/lv\/wp-json\/wp\/v2\/comments?post=1731"}],"version-history":[{"count":10,"href":"https:\/\/gradido.net\/lv\/wp-json\/wp\/v2\/posts\/1731\/revisions"}],"predecessor-version":[{"id":3757,"href":"https:\/\/gradido.net\/lv\/wp-json\/wp\/v2\/posts\/1731\/revisions\/3757"}],"wp:featuredmedia":[{"embeddable":true,"href":"https:\/\/gradido.net\/lv\/wp-json\/wp\/v2\/media\/1718"}],"wp:attachment":[{"href":"https:\/\/gradido.net\/lv\/wp-json\/wp\/v2\/media?parent=1731"}],"wp:term":[{"taxonomy":"category","embeddable":true,"href":"https:\/\/gradido.net\/lv\/wp-json\/wp\/v2\/categories?post=1731"},{"taxonomy":"post_tag","embeddable":true,"href":"https:\/\/gradido.net\/lv\/wp-json\/wp\/v2\/tags?post=1731"}],"curies":[{"name":"wp","href":"https:\/\/api.w.org\/{rel}","templated":true}]}}