{"id":1812,"date":"2021-02-11T10:33:09","date_gmt":"2021-02-11T09:33:09","guid":{"rendered":"https:\/\/gradido.net\/?p=1812"},"modified":"2021-12-11T20:59:26","modified_gmt":"2021-12-11T19:59:26","slug":"goldene-nach-corona-zeiten-fuer-alle","status":"publish","type":"post","link":"https:\/\/gradido.net\/lv\/goldene-nach-corona-zeiten-fuer-alle\/","title":{"rendered":"Zelta laiki p\u0113c Corona visiem?"},"content":{"rendered":"<div data-elementor-type=\"wp-post\" data-elementor-id=\"1812\" class=\"elementor elementor-1812\" data-elementor-post-type=\"post\">\n\t\t\t\t\t\t<section class=\"elementor-section elementor-top-section elementor-element elementor-element-496e1d53 elementor-section-boxed elementor-section-height-default elementor-section-height-default\" data-id=\"496e1d53\" data-element_type=\"section\" data-e-type=\"section\">\n\t\t\t\t\t\t<div class=\"elementor-container elementor-column-gap-default\">\n\t\t\t\t\t<div class=\"elementor-column elementor-col-100 elementor-top-column elementor-element elementor-element-461d7be0\" data-id=\"461d7be0\" data-element_type=\"column\" data-e-type=\"column\">\n\t\t\t<div class=\"elementor-widget-wrap elementor-element-populated\">\n\t\t\t\t\t\t<div class=\"elementor-element elementor-element-cd9ebe2 elementor-widget elementor-widget-text-editor\" data-id=\"cd9ebe2\" data-element_type=\"widget\" data-e-type=\"widget\" data-widget_type=\"text-editor.default\">\n\t\t\t\t<div class=\"elementor-widget-container\">\n\t\t\t\t\t\t\t\t\t<h2>Gradido sniedz ar\u012b kr\u012bzes upuru perspekt\u012bvas<\/h2><p><strong>K\u00fcnzelsau, 11.02.2021. - Psihologi un tenden\u010du p\u0113tnieki sagaida, ka p\u0113c Corona kr\u012bzes iest\u0101sies dz\u012bvesprieka uzplaukuma posms. Kr\u012bzes uzvar\u0113t\u0101ji un visi tie, kurus kr\u012bze tik un t\u0101 nav sk\u0101rusi bag\u0101t\u012bbas d\u0113\u013c, atkal var\u0113s neierobe\u017eoti izklaid\u0113ties vis\u0101 pasaul\u0113. Tie, kas tiks atst\u0101ti nov\u0101rt\u0101 - v\u0113l jo vair\u0101k tie, kam ar \u0161iem pas\u0101kumiem ir at\u0146emta jebk\u0101da finansi\u0101l\u0101 b\u0101ze un profesion\u0101l\u0101 perspekt\u012bva. \u0160aj\u0101 jom\u0101 ir svar\u012bgi savlaic\u012bgi nodro\u0161in\u0101t taisn\u012bgu l\u012bdzsvaru un atrast veidus, k\u0101 laikmet\u0101 p\u0113c Koronas laikmeta nov\u0113rst dramatisku soci\u0101lo \u0161\u0137el\u0161anos. T\u0101 pa\u0161a nosaukuma Ekonomikas bionikas akad\u0113mijas Gradido model\u012b jau ir izstr\u0101d\u0101ts atbilsto\u0161s ce\u013cvedis \u0161im uzdevumam.<\/strong><\/p><p>\"Kur\u0161 gan var\u0113tu vainot cilv\u0113kus par to, ka vi\u0146i iesp\u0113ju robe\u017e\u0101s kop\u012bgi izbauda atg\u016bto br\u012bv\u012bbu?\" jaut\u0101 Gradido akad\u0113mijas l\u012bdzdibin\u0101t\u0101js Bernds Huk\u0161tads, \"galu gal\u0101 cilv\u0113ki ir dzi\u013ci soci\u0101las b\u016btnes, kas savu laimi galvenok\u0101rt rod kop\u012bb\u0101.\" Amerik\u0101\u0146u \u0101rsts un slaven\u0101s J\u0113las universit\u0101tes sociologs Nikolass Kristakis (Nicholas Christakis) pat uzskata, ka ir iedom\u0101jama \"plauksto\u0161o divdesmito gadu\" atdzim\u0161ana, to \"zelta divdesmito gadu\", kas sekoja sp\u0101\u0146u gripai pirms 100 gadiem: \"Tas b\u016bs pavasaris - m\u0101kslinieciski, ekonomiski, tehnolo\u0123iski un ar\u012b politiski.\" Gradido akad\u0113mijas ekonomikas bionikas ekspertu izvirz\u012btais m\u0113r\u0137is ir ne tikai kr\u012bzes uzvar\u0113t\u0101jiem, bet ar\u012b visiem cilv\u0113kiem sniegt drosmi un l\u012bdzek\u013cus, kas \u013cautu uzs\u0101kt \u0161\u0101du zelta laikmetu.<\/p><h3>Milz\u012bga at\u0161\u0137ir\u012bba \u0161\u0137ir uzvar\u0113t\u0101jus un zaud\u0113t\u0101jus<\/h3><p>Tom\u0113r, k\u0101 liecina nesen veiktais V\u0101cijas Bundesbankas p\u0113t\u012bjums, pagaid\u0101m past\u0101v \u013coti skaidra dal\u012bjums starp kr\u012bzes uzvar\u0113t\u0101jiem un zaud\u0113t\u0101jiem. Lai gan da\u017ei uzkr\u0101j uzkr\u0101jumus, vair\u0101k nek\u0101 40 procenti jau 2020. gada maij\u0101 bija cietu\u0161i iev\u0113rojamus ien\u0101kumu zaud\u0113jumus. Hansa Beklera fonda jaun\u0101kais p\u0113t\u012bjums ar\u012b liecina, ka nodarbin\u0101tas personas ar jau t\u0101 zemiem ien\u0101kumiem no Corona pas\u0101kumu ekonomiskaj\u0101m sek\u0101m ciet\u012bs iev\u0113rojami vair\u0101k nek\u0101 personas ar augst\u0101kiem ien\u0101kumiem. Respondenti, kuri ir zaud\u0113ju\u0161i ien\u0101kumus, saskata ar\u012b liel\u0101kus draudus soci\u0101lajai koh\u0113zijai. P\u0113t\u012bjuma l\u012bdzautors Dr. Andreas H\u00f6vermann pau\u017e ba\u017eas, ka algu samazin\u0101\u0161an\u0101s, k\u0101 ar\u012b nevienl\u012bdz\u012bga sloga sadales uztvere var\u0113tu destabiliz\u0113t sabiedr\u012bbu kopum\u0101.<\/p><h3>Soci\u0101l\u0101 nevienl\u012bdz\u012bba pasliktin\u0101s<\/h3><p>\"K\u0101 zem dego\u0161a stikla m\u0113s tagad redzam, ka ir steidzami j\u0101veic p\u0101rveides process, lai nepie\u013cautu, ka liela da\u013ca cilv\u0113ku non\u0101k pie nabadz\u012bbas sliek\u0161\u0146a un soci\u0101l\u0101 plaisa k\u013c\u016bst neatgriezeniska,\" br\u012bdina H\u00fcckst\u00e4dt: \"Saska\u0146\u0101 ar Parit\u00e4tischer Wohlfahrtsverband zi\u0146ojumu nabadz\u012bba ir pieaugusi l\u012bdz augst\u0101kajam l\u012bmenim kop\u0161 atkalapvieno\u0161an\u0101s. 10 % tur\u012bg\u0101ko V\u0101cijas m\u0101jsaimniec\u012bbu pieder 60 % no kop\u0113jiem neto akt\u012bviem, atskaitot par\u0101dus. Savuk\u0101rt 20 % m\u0101jsaimniec\u012bbu, kas atrodas viszem\u0101kaj\u0101 iedz\u012bvot\u0101ju sl\u0101n\u012b, nav nek\u0101du akt\u012bvu, un aptuveni 9 % m\u0101jsaimniec\u012bbu ir par\u0101di.\" Ar\u012b Ekonomikas un soci\u0101lo p\u0113t\u012bjumu instit\u016bta (WSI) sadales zi\u0146ojum\u0101 ir secin\u0101ts, ka aptuveni tre\u0161da\u013cai V\u0101cijas m\u0101jsaimniec\u012bbu ir rezerves uz da\u017e\u0101m ned\u0113\u013c\u0101m vai ne vair\u0101k k\u0101 da\u017eiem m\u0113ne\u0161iem,<br \/>savuk\u0101rt m\u0101jsaimniec\u012bbas aug\u0161\u0113j\u0101 skalas gal\u0101 var\u0113tu sevi uztur\u0113t no sav\u0101m rezerv\u0113m vismaz divas desmitgades.<\/p><h3>Vis\u0101 pasaul\u0113 bag\u0101t\u0101ki k\u013c\u016bst tikai bag\u0101tie<\/h3><p>Saska\u0146\u0101 ar jaun\u0101ko Oxfam zi\u0146ojumu \"Nevienl\u012bdz\u012bbas v\u012bruss\" (The Inequality Virus) gandr\u012bz vis\u0101s pasaules valst\u012bs vair\u0101k nek\u0101 gadsimta laik\u0101 pirmo reizi Koronas kr\u012bzes d\u0113\u013c plaisa starp bag\u0101tajiem un nabadz\u012bgajiem vienlaikus palielin\u0101s. Kop\u0161 2019. gada febru\u0101ra desmit pasaules bag\u0101t\u0101ko cilv\u0113ku bag\u0101t\u012bba ir palielin\u0101jusies par gandr\u012bz pustriljonu, sasniedzot 1,12 triljonus ASV dol\u0101ru. Pasaules pal\u012bdz\u012bbas un att\u012bst\u012bbas a\u0123ent\u016bras p\u0101rst\u0101vis atkl\u0101j, ka ar \u0161\u0101du ieguvumu b\u016btu vair\u0101k nek\u0101 pietiekami, lai nodro\u0161in\u0101tu, ka nevienu no cilv\u0113kiem Corona sekas nenon\u0101k nabadz\u012bb\u0101. Taj\u0101 pa\u0161\u0101 laik\u0101 pasaule piedz\u012bvo vissmag\u0101ko nodarbin\u0101t\u012bbas kr\u012bzi vair\u0101k nek\u0101 90 gadu laik\u0101, jo simtiem miljonu cilv\u0113ku zaud\u0113 ien\u0101kumus un darbu. Oxfam V\u0101cija p\u0101rst\u0101vis \u0160tefens K\u016bsners (Steffen K\u00fc\u00dfner), piem\u0113ram, skaidro, ka 1000 bag\u0101t\u0101kie cilv\u0113ki savus zaud\u0113jumus sp\u0113ja atg\u016bt tikai devi\u0146u m\u0113ne\u0161u laik\u0101, savuk\u0101rt nabadz\u012bg\u0101kajai cilv\u0113ces da\u013cai, lai p\u0101rvar\u0113tu kr\u012bzes ekonomisk\u0101s sekas, iesp\u0113jams, b\u016bs nepiecie\u0161ams vair\u0101k nek\u0101 desmit gadu. Oxfam uzskata, ka \u0161\u0101dai situ\u0101cijai ir j\u0101k\u013c\u016bst par br\u012bdin\u0101juma sign\u0101lu, lai \"beidzot piev\u0113rstos gal\u0113j\u0101s nevienl\u012bdz\u012bbas un nabadz\u012bbas c\u0113lo\u0146iem\". Tas cita starp\u0101 prasa ikvienam pieejamu soci\u0101l\u0101 nodro\u0161in\u0101juma sist\u0113mu un liel\u0101ku ekonomikas orient\u0101ciju uz kop\u0113jo labumu. \"Korpor\u0101cij\u0101m un superbag\u0101tajiem tagad ir j\u0101dod savs taisn\u012bgs ieguld\u012bjums kr\u012bzes p\u0101rvar\u0113\u0161an\u0101,\" saka Tobiass Haushilds no Oxfam Germany.<\/p><h3>Gradido kopienas val\u016bta rada gaismu pie apv\u0101r\u0161\u0146a<\/h3><p>Gradido Ekonomikas bionikas akad\u0113mij\u0101 (Gradido Academy for Economic Bionics) vajadz\u012bba p\u0113c \u0161\u0101das korekcijas tika apzin\u0101ta jau ilgi pirms Corona, un divdesmit gadu laik\u0101 tika izstr\u0101d\u0101ta jauna ekonomikas un finan\u0161u sist\u0113ma, kas ir piem\u0113rota n\u0101kotnei un sp\u0113j apmierin\u0101t pras\u012bbas, kuras \u0161obr\u012bd tiek izvirz\u012btas visur. Sekojot \"dabas veiksmes mode\u013ciem\", ekonomikas bionikas eksperti ir izstr\u0101d\u0101ju\u0161i kop\u012bg\u0101 labuma val\u016btas \"Gradido\" kombin\u0101ciju ar \"akt\u012bvajiem pamatien\u0101kumiem\" un naudas rad\u012b\u0161anu bez par\u0101diem saska\u0146\u0101 ar \"tr\u012bsk\u0101r\u0161o labumu\". Konkr\u0113ti run\u0101jot, valdo\u0161\u0101s ekonomikas un finan\u0161u sist\u0113mas p\u0101rveido\u0161ana par \u0161o Gradido modeli noz\u012bm\u0113tu par\u0101da naudas principa izbeig\u0161anu. T\u0101 viet\u0101 katru m\u0113nesi katrai personai tiktu izveidots 3 x 1000 Gradido. 1 000 Gradido b\u016btu pieejami valsts bud\u017eet\u0101. V\u0113l 1 000 Gradido tiktu pie\u0161\u0137irts no katra iedz\u012bvot\u0101ja izl\u012bdzin\u0101\u0161anas un vides fondam. P\u0113d\u0113j\u0101 tre\u0161da\u013ca b\u016btu pieejama ikvienam k\u0101 \"akt\u012bvie pamatien\u0101kumi\". T\u0101d\u0113j\u0101di bezdarbs k\u013c\u016btu par v\u0113sturi un tiktu nodro\u0161in\u0101ta visu dz\u012bvei nepiecie\u0161amo pre\u010du pieg\u0101de vis\u0101 pasaul\u0113.<\/p><h3>Naudas \u012bslaic\u012bgums veicina sapr\u0101t\u012bgus ieguld\u012bjumus<\/h3><p>\u0145emot v\u0113r\u0101 miljoniem gadu veco dabas likumu, ka jaunas lietas var rad\u012bt tikai tur, kur kaut kas izz\u016bd, pl\u0101not\u0101 Gradido p\u0101rejo\u0161\u012bba (GDD) garant\u0113 ne tikai naudas pied\u0101v\u0101juma stabilit\u0101ti, bet ar\u012b sapr\u0101t\u012bgus ieguld\u012bjumus, nevis bezj\u0113dz\u012bgi uzkr\u0101tos priv\u0101tos naudas kalnus. H\u00fcckst\u00e4dt skaidro: \"Pl\u0101notais Gradido p\u0101rejas laiks ir 50 % gad\u0101. L\u012bdz\u012bgi k\u0101 negat\u012bvai procentu likmei, ar\u012b \u0161eit p\u0101rejo\u0161ums ir nep\u0101rtraukts. Lai saglab\u0101tu t\u0101s monet\u0101ro v\u0113rt\u012bbu, var, piem\u0113ram, ieguld\u012bt ilgtsp\u0113j\u012bgos vides projektos, kurus atbalsta Kompens\u0101ciju un vides fonds, rad\u012bt mazb\u0113rniem piem\u0113rotu n\u0101kotni un ar\u012b g\u016bt labu pe\u013c\u0146u. T\u0101 ir abpus\u0113ji izdev\u012bga situ\u0101cija visiem!\"<\/p><h3>\"Beznosac\u012bjumu l\u012bdzdal\u012bba\" garant\u0113 pilnv\u0113rt\u012bgu (profesion\u0101lo) dz\u012bvi.<\/h3><p>Gradido model\u012b \"akt\u012bv\u0101 pamatien\u0101kuma\" sa\u0146em\u0161ana ir saist\u012bta ar \"beznosac\u012bjumu l\u012bdzdal\u012bbu\", kas noz\u012bm\u0113, ka ikviens cilv\u0113ks par savu person\u012bgo pamatien\u0101kumu var sniegt ieguld\u012bjumu sabiedr\u012bb\u0101 ar t\u0101m aktivit\u0101t\u0113m, kuras vi\u0146am \u012bpa\u0161i labi padodas, kuras vi\u0146\u0161 labpr\u0101t dara vai kuras vi\u0146\u0161 v\u0113l\u0113tos uzlabot vai izm\u0113\u0123in\u0101t. \"\u0160\u0101d\u0101 veid\u0101 m\u0113s ne tikai nodro\u0161in\u0101m dz\u012bvu kop\u0101b\u016b\u0161anu un iev\u0113rojami uzlabojam situ\u0101ciju veco \u013cau\u017eu un b\u0113rnu apr\u016bp\u0113, bet ar\u012b mudin\u0101m cilv\u0113kus att\u012bst\u012bt savus talantus pla\u0161\u0101 m\u0113rog\u0101,\" piebilst Gradido akad\u0113mijas \u012bpa\u0161niece Margr\u0113ta Baiere. \"T\u0101d\u0113j\u0101di ikviens var optim\u0101li att\u012bst\u012bt savu potenci\u0101lu. Tas ar\u012b palielina iesp\u0113ju daudz lab\u0101k rea\u0123\u0113t uz p\u0101rmai\u0146\u0101m un atrast patiesu piepild\u012bjumu un j\u0113gu sav\u0101 darb\u012bb\u0101.\"<\/p><h3>Melnais gulbis Corona k\u0101 zelta laiku v\u0113stnesis?<\/h3><p>Gesellschaft f\u00fcr innovative Marktforschung (GIM) p\u0113t\u012bjums \"The Black Swan Covid-19\" par\u0101da, cik prec\u012bzi Gradido modelis ataino cilv\u0113ku n\u0101kotnes v\u0113lmes. Lai prognoz\u0113tu v\u0101cie\u0161u (pat\u0113r\u0113t\u0101ju) uzved\u012bbu n\u0101kotn\u0113, GIM aptauj\u0101ja 1000 cilv\u0113ku par vi\u0146u pa\u0161reiz\u0113j\u0101m v\u0113rt\u012bb\u0101m, cer\u012bb\u0101m un v\u0113lm\u0113m. Aptaujas rezult\u0101ti liecina, ka ir \u013coti nepiecie\u0161ams soci\u0101lais taisn\u012bgums, soci\u0101lo profesiju atz\u012b\u0161ana, solidarit\u0101te un starptautisk\u0101 sadarb\u012bba. Priv\u0101taj\u0101 dz\u012bv\u0113 liel\u0101k\u0101 da\u013ca respondentu vair\u0101k v\u0113rt\u0113 skaistus notikumus nek\u0101 materi\u0101l\u0101s v\u0113rt\u012bbas. Hannes Fernow, GIM Foresight direktors: \"Zelta divdesmitie gadi\" ir atgriezu\u0161ies. Sabiedr\u012bb\u0101 par\u0101d\u0101s jauns hedonisms, ko raksturo cer\u012bba uz kop\u012bbu un prieku, br\u012bv\u012bbu un atra\u0161anos br\u012bv\u0101 dab\u0101. To pavada liel\u0101ka atbild\u012bbas saj\u016bta un atgrie\u0161an\u0101s pie b\u016btisk\u0101: Autentiskums un attieksme, izv\u0113le un individualit\u0101te b\u016bs svar\u012bgi.\" \"Tas gandr\u012bz piln\u012bb\u0101 sakr\u012bt ar rezult\u0101tiem, uz kuriem balst\u012bj\u0101mies, izstr\u0101d\u0101jot m\u016bsu jauno Gradido ekonomikas un finan\u0161u modeli,\" apstiprina H\u00fcckst\u00e4dt: \"Un tas v\u0113lreiz pier\u0101da, ka v\u0113lme p\u0101rorient\u0113ties nav saist\u012bta ar Corona kr\u012bzi, bet gan ar valdo\u0161\u0101s ekonomikas un finan\u0161u sist\u0113mas neatbilst\u012bbu soci\u0101lajai sader\u012bbai un pilnv\u0113rt\u012bgas dz\u012bves pamat\u0101. Ja \u0161aj\u0101 br\u012bd\u012b m\u0113s beidzot nereform\u0113sim vai nep\u0101rveidosim sist\u0113mu, tikai da\u017ei privili\u0123\u0113tie var\u0113s cer\u0113t uz \"zelta laikiem\" pat p\u0113c Corona kr\u012bzes.\" Cen\u0161oties p\u0101rdom\u0101t n\u0101kotni un veidot to t\u0101, lai taj\u0101 var\u0113tu piedal\u012bties visi cilv\u0113ki, Gradido aicina cilv\u0113kus iesaist\u012bties \"Lielaj\u0101 sadarb\u012bb\u0101\" ar akad\u0113miju.<\/p><p>S\u012bk\u0101ka inform\u0101cija par \"Lielo sadarb\u012bbu\", \"Gradido modeli\" un Gradido podk\u0101stu atrodama vietn\u0113 <a href=\"https:\/\/gradido.net\/lv\/\">https:\/\/gradido.net<\/a><\/p><p>\u00a0<\/p><p>Att\u0113lu avots: <br \/>Bundesarchiv, Att\u0113ls 183-K0623-0502-001 \/ CC-BY-SA 3.0, CC BY-SA 3.0 lv, https:\/\/commons.wikimedia.org\/w\/index.php?curid=5365129<\/p><p><!-- \/wp:paragraph --><\/p>\t\t\t\t\t\t\t\t<\/div>\n\t\t\t\t<\/div>\n\t\t\t\t<div class=\"elementor-element elementor-element-e9ff241 elementor-widget elementor-widget-text-editor\" data-id=\"e9ff241\" data-element_type=\"widget\" data-e-type=\"widget\" data-widget_type=\"text-editor.default\">\n\t\t\t\t<div class=\"elementor-widget-container\">\n\t\t\t\t\t\t\t\t\t<p><strong>Par Gradido akad\u0113miju<\/strong><br>Gradido Ekonomikas bionikas akad\u0113mija (Gradido Academy for Economic Bionics) ir izstr\u0101d\u0101jusi alternat\u012bvu \"kop\u0113j\u0101 labuma val\u016btu\", kas ir veidota p\u0113c dabas parauga. Daba iev\u0113ro likumu, ka tikai tur, kur kaut kas izz\u016bd, var rasties kaut kas jauns, un t\u0101d\u0113j\u0101di ir iesp\u0113jami ilgtermi\u0146a uzlabojumi (evol\u016bcija). T\u0101s veiksmes recepte ir \"dz\u012bves cikls\". Ja ar\u012b m\u016bsu ekonomik\u0101 notiktu \u0161is dabiskais cikls, tas atrisin\u0101tu praktiski visas ar naudu saist\u012bt\u0101s pasaules probl\u0113mas, uzskata ekonomikas bionikas eksperti. Gradido mode\u013ca pamat\u0101 ir ideja, ka ne tikai katra persona, bet ar\u012b katra valsts sa\u0146em ien\u0101kumus, kas tiek veidoti uz kred\u012bta b\u0101zes. T\u0101d\u0113j\u0101di t\u0101 var veikt visus savus uzdevumus, neiekas\u0113jot nodok\u013cus. Defl\u0101cija vai infl\u0101cija ir pag\u0101tnes lietas. Ekonomika ir atbr\u012bvota no nep\u0101rtrauktas nepiecie\u0161am\u012bbas augt, un finan\u0161u sist\u0113mas sabrukuma draudi beidzot ir nov\u0113rsti. (<a href=\"https:\/\/gradido.net\/lv\/\">www.gradido.net<\/a>)<\/p>\t\t\t\t\t\t\t\t<\/div>\n\t\t\t\t<\/div>\n\t\t\t\t\t<\/div>\n\t\t<\/div>\n\t\t\t\t\t<\/div>\n\t\t<\/section>\n\t\t\t\t<\/div>","protected":false},"excerpt":{"rendered":"<p>Gradido schenkt auch Krisenopfern Perspektiven K\u00fcnzelsau, 11.02.2021 \u2013 Psychologen und Trendforscher rechnen nach der Corona-Krise mit einer Phase \u00fcberbordender Lebenslust. Gewinner der Krise und alle, die aufgrund ihres Reichtums davon ohnehin unbehelligt geblieben sind, werden sich wieder uneingeschr\u00e4nkt quer \u00fcber den Globus ausleben k\u00f6nnen. Auf der Strecke bleiben \u2013 dann erst recht \u2013 all die, [&hellip;]<\/p>\n","protected":false},"author":2,"featured_media":1815,"comment_status":"closed","ping_status":"closed","sticky":false,"template":"","format":"standard","meta":{"footnotes":""},"categories":[8],"tags":[],"class_list":["post-1812","post","type-post","status-publish","format-standard","has-post-thumbnail","hentry","category-pressemitteilung"],"yoast_head":"<!-- This site is optimized with the Yoast SEO plugin v27.4 - https:\/\/yoast.com\/product\/yoast-seo-wordpress\/ -->\n<title>Goldene Nach-Corona-Zeiten f\u00fcr Alle? - Gradido<\/title>\n<meta name=\"robots\" content=\"index, follow, max-snippet:-1, max-image-preview:large, max-video-preview:-1\" \/>\n<link rel=\"canonical\" href=\"https:\/\/gradido.net\/lv\/goldene-nach-corona-zeiten-fuer-alle\/\" \/>\n<meta property=\"og:locale\" content=\"lv_LV\" \/>\n<meta property=\"og:type\" content=\"article\" \/>\n<meta property=\"og:title\" content=\"Goldene Nach-Corona-Zeiten f\u00fcr Alle? - Gradido\" \/>\n<meta property=\"og:description\" content=\"Gradido schenkt auch Krisenopfern Perspektiven K\u00fcnzelsau, 11.02.2021 \u2013 Psychologen und Trendforscher rechnen nach der Corona-Krise mit einer Phase \u00fcberbordender Lebenslust. Gewinner der Krise und alle, die aufgrund ihres Reichtums davon ohnehin unbehelligt geblieben sind, werden sich wieder uneingeschr\u00e4nkt quer \u00fcber den Globus ausleben k\u00f6nnen. Auf der Strecke bleiben \u2013 dann erst recht \u2013 all die, [&hellip;]\" \/>\n<meta property=\"og:url\" content=\"https:\/\/gradido.net\/lv\/goldene-nach-corona-zeiten-fuer-alle\/\" \/>\n<meta property=\"og:site_name\" content=\"Gradido\" \/>\n<meta property=\"article:published_time\" content=\"2021-02-11T09:33:09+00:00\" \/>\n<meta property=\"article:modified_time\" content=\"2021-12-11T19:59:26+00:00\" \/>\n<meta property=\"og:image\" content=\"https:\/\/gradido.net\/wp-content\/uploads\/2021\/02\/goldene_zeiten.jpg\" \/>\n\t<meta property=\"og:image:width\" content=\"1458\" \/>\n\t<meta property=\"og:image:height\" content=\"990\" \/>\n\t<meta property=\"og:image:type\" content=\"image\/jpeg\" \/>\n<meta name=\"author\" content=\"Bernd H\u00fcckst\u00e4dt\" \/>\n<meta name=\"twitter:card\" content=\"summary_large_image\" \/>\n<meta name=\"twitter:label1\" content=\"Written by\" \/>\n\t<meta name=\"twitter:data1\" content=\"Bernd H\u00fcckst\u00e4dt\" \/>\n\t<meta name=\"twitter:label2\" content=\"Est. reading time\" \/>\n\t<meta name=\"twitter:data2\" content=\"8 min\u016btes\" \/>\n<script type=\"application\/ld+json\" class=\"yoast-schema-graph\">{\"@context\":\"https:\\\/\\\/schema.org\",\"@graph\":[{\"@type\":\"Article\",\"@id\":\"https:\\\/\\\/gradido.net\\\/nl\\\/goldene-nach-corona-zeiten-fuer-alle\\\/#article\",\"isPartOf\":{\"@id\":\"https:\\\/\\\/gradido.net\\\/nl\\\/goldene-nach-corona-zeiten-fuer-alle\\\/\"},\"author\":{\"name\":\"Bernd H\u00fcckst\u00e4dt\",\"@id\":\"https:\\\/\\\/gradido.net\\\/de\\\/#\\\/schema\\\/person\\\/9c503a004ad15a1ddecadce2218db5d1\"},\"headline\":\"Goldene Nach-Corona-Zeiten f\u00fcr Alle?\",\"datePublished\":\"2021-02-11T09:33:09+00:00\",\"dateModified\":\"2021-12-11T19:59:26+00:00\",\"mainEntityOfPage\":{\"@id\":\"https:\\\/\\\/gradido.net\\\/nl\\\/goldene-nach-corona-zeiten-fuer-alle\\\/\"},\"wordCount\":1575,\"publisher\":{\"@id\":\"https:\\\/\\\/gradido.net\\\/de\\\/#organization\"},\"image\":{\"@id\":\"https:\\\/\\\/gradido.net\\\/nl\\\/goldene-nach-corona-zeiten-fuer-alle\\\/#primaryimage\"},\"thumbnailUrl\":\"https:\\\/\\\/gradido.net\\\/wp-content\\\/uploads\\\/2021\\\/02\\\/goldene_zeiten.jpg\",\"articleSection\":[\"Pressemitteilung\"],\"inLanguage\":\"lv-LV\"},{\"@type\":\"WebPage\",\"@id\":\"https:\\\/\\\/gradido.net\\\/nl\\\/goldene-nach-corona-zeiten-fuer-alle\\\/\",\"url\":\"https:\\\/\\\/gradido.net\\\/nl\\\/goldene-nach-corona-zeiten-fuer-alle\\\/\",\"name\":\"Goldene Nach-Corona-Zeiten f\u00fcr Alle? - Gradido\",\"isPartOf\":{\"@id\":\"https:\\\/\\\/gradido.net\\\/de\\\/#website\"},\"primaryImageOfPage\":{\"@id\":\"https:\\\/\\\/gradido.net\\\/nl\\\/goldene-nach-corona-zeiten-fuer-alle\\\/#primaryimage\"},\"image\":{\"@id\":\"https:\\\/\\\/gradido.net\\\/nl\\\/goldene-nach-corona-zeiten-fuer-alle\\\/#primaryimage\"},\"thumbnailUrl\":\"https:\\\/\\\/gradido.net\\\/wp-content\\\/uploads\\\/2021\\\/02\\\/goldene_zeiten.jpg\",\"datePublished\":\"2021-02-11T09:33:09+00:00\",\"dateModified\":\"2021-12-11T19:59:26+00:00\",\"breadcrumb\":{\"@id\":\"https:\\\/\\\/gradido.net\\\/nl\\\/goldene-nach-corona-zeiten-fuer-alle\\\/#breadcrumb\"},\"inLanguage\":\"lv-LV\",\"potentialAction\":[{\"@type\":\"ReadAction\",\"target\":[\"https:\\\/\\\/gradido.net\\\/nl\\\/goldene-nach-corona-zeiten-fuer-alle\\\/\"]}]},{\"@type\":\"ImageObject\",\"inLanguage\":\"lv-LV\",\"@id\":\"https:\\\/\\\/gradido.net\\\/nl\\\/goldene-nach-corona-zeiten-fuer-alle\\\/#primaryimage\",\"url\":\"https:\\\/\\\/gradido.net\\\/wp-content\\\/uploads\\\/2021\\\/02\\\/goldene_zeiten.jpg\",\"contentUrl\":\"https:\\\/\\\/gradido.net\\\/wp-content\\\/uploads\\\/2021\\\/02\\\/goldene_zeiten.jpg\",\"width\":1458,\"height\":990},{\"@type\":\"BreadcrumbList\",\"@id\":\"https:\\\/\\\/gradido.net\\\/nl\\\/goldene-nach-corona-zeiten-fuer-alle\\\/#breadcrumb\",\"itemListElement\":[{\"@type\":\"ListItem\",\"position\":1,\"name\":\"Startseite\",\"item\":\"https:\\\/\\\/gradido.net\\\/\"},{\"@type\":\"ListItem\",\"position\":2,\"name\":\"Goldene Nach-Corona-Zeiten f\u00fcr Alle?\"}]},{\"@type\":\"WebSite\",\"@id\":\"https:\\\/\\\/gradido.net\\\/de\\\/#website\",\"url\":\"https:\\\/\\\/gradido.net\\\/de\\\/\",\"name\":\"Gradido\",\"description\":\"Die neue W\u00e4hrung hei\u00dft Dankbarkeit\",\"publisher\":{\"@id\":\"https:\\\/\\\/gradido.net\\\/de\\\/#organization\"},\"potentialAction\":[{\"@type\":\"SearchAction\",\"target\":{\"@type\":\"EntryPoint\",\"urlTemplate\":\"https:\\\/\\\/gradido.net\\\/de\\\/?s={search_term_string}\"},\"query-input\":{\"@type\":\"PropertyValueSpecification\",\"valueRequired\":true,\"valueName\":\"search_term_string\"}}],\"inLanguage\":\"lv-LV\"},{\"@type\":\"Organization\",\"@id\":\"https:\\\/\\\/gradido.net\\\/de\\\/#organization\",\"name\":\"Gradido\",\"url\":\"https:\\\/\\\/gradido.net\\\/de\\\/\",\"logo\":{\"@type\":\"ImageObject\",\"inLanguage\":\"lv-LV\",\"@id\":\"https:\\\/\\\/gradido.net\\\/de\\\/#\\\/schema\\\/logo\\\/image\\\/\",\"url\":\"https:\\\/\\\/gradido.net\\\/wp-content\\\/uploads\\\/2022\\\/04\\\/gradido-social.jpg\",\"contentUrl\":\"https:\\\/\\\/gradido.net\\\/wp-content\\\/uploads\\\/2022\\\/04\\\/gradido-social.jpg\",\"width\":527,\"height\":273,\"caption\":\"Gradido\"},\"image\":{\"@id\":\"https:\\\/\\\/gradido.net\\\/de\\\/#\\\/schema\\\/logo\\\/image\\\/\"}},{\"@type\":\"Person\",\"@id\":\"https:\\\/\\\/gradido.net\\\/de\\\/#\\\/schema\\\/person\\\/9c503a004ad15a1ddecadce2218db5d1\",\"name\":\"Bernd H\u00fcckst\u00e4dt\",\"sameAs\":[\"https:\\\/\\\/gradido.net\"],\"url\":\"https:\\\/\\\/gradido.net\\\/lv\\\/author\\\/bernd\\\/\"}]}<\/script>\n<!-- \/ Yoast SEO plugin. -->","yoast_head_json":{"title":"Zelta laiki p\u0113c Corona visiem? - Gradido","robots":{"index":"index","follow":"follow","max-snippet":"max-snippet:-1","max-image-preview":"max-image-preview:large","max-video-preview":"max-video-preview:-1"},"canonical":"https:\/\/gradido.net\/lv\/goldene-nach-corona-zeiten-fuer-alle\/","og_locale":"lv_LV","og_type":"article","og_title":"Goldene Nach-Corona-Zeiten f\u00fcr Alle? - Gradido","og_description":"Gradido schenkt auch Krisenopfern Perspektiven K\u00fcnzelsau, 11.02.2021 \u2013 Psychologen und Trendforscher rechnen nach der Corona-Krise mit einer Phase \u00fcberbordender Lebenslust. Gewinner der Krise und alle, die aufgrund ihres Reichtums davon ohnehin unbehelligt geblieben sind, werden sich wieder uneingeschr\u00e4nkt quer \u00fcber den Globus ausleben k\u00f6nnen. Auf der Strecke bleiben \u2013 dann erst recht \u2013 all die, [&hellip;]","og_url":"https:\/\/gradido.net\/lv\/goldene-nach-corona-zeiten-fuer-alle\/","og_site_name":"Gradido","article_published_time":"2021-02-11T09:33:09+00:00","article_modified_time":"2021-12-11T19:59:26+00:00","og_image":[{"width":1458,"height":990,"url":"https:\/\/gradido.net\/wp-content\/uploads\/2021\/02\/goldene_zeiten.jpg","type":"image\/jpeg"}],"author":"Bernd H\u00fcckst\u00e4dt","twitter_card":"summary_large_image","twitter_misc":{"Written by":"Bernd H\u00fcckst\u00e4dt","Est. reading time":"8 min\u016btes"},"schema":{"@context":"https:\/\/schema.org","@graph":[{"@type":"Article","@id":"https:\/\/gradido.net\/nl\/goldene-nach-corona-zeiten-fuer-alle\/#article","isPartOf":{"@id":"https:\/\/gradido.net\/nl\/goldene-nach-corona-zeiten-fuer-alle\/"},"author":{"name":"Bernd H\u00fcckst\u00e4dt","@id":"https:\/\/gradido.net\/de\/#\/schema\/person\/9c503a004ad15a1ddecadce2218db5d1"},"headline":"Goldene Nach-Corona-Zeiten f\u00fcr Alle?","datePublished":"2021-02-11T09:33:09+00:00","dateModified":"2021-12-11T19:59:26+00:00","mainEntityOfPage":{"@id":"https:\/\/gradido.net\/nl\/goldene-nach-corona-zeiten-fuer-alle\/"},"wordCount":1575,"publisher":{"@id":"https:\/\/gradido.net\/de\/#organization"},"image":{"@id":"https:\/\/gradido.net\/nl\/goldene-nach-corona-zeiten-fuer-alle\/#primaryimage"},"thumbnailUrl":"https:\/\/gradido.net\/wp-content\/uploads\/2021\/02\/goldene_zeiten.jpg","articleSection":["Pressemitteilung"],"inLanguage":"lv-LV"},{"@type":"WebPage","@id":"https:\/\/gradido.net\/nl\/goldene-nach-corona-zeiten-fuer-alle\/","url":"https:\/\/gradido.net\/nl\/goldene-nach-corona-zeiten-fuer-alle\/","name":"Zelta laiki p\u0113c Corona visiem? - Gradido","isPartOf":{"@id":"https:\/\/gradido.net\/de\/#website"},"primaryImageOfPage":{"@id":"https:\/\/gradido.net\/nl\/goldene-nach-corona-zeiten-fuer-alle\/#primaryimage"},"image":{"@id":"https:\/\/gradido.net\/nl\/goldene-nach-corona-zeiten-fuer-alle\/#primaryimage"},"thumbnailUrl":"https:\/\/gradido.net\/wp-content\/uploads\/2021\/02\/goldene_zeiten.jpg","datePublished":"2021-02-11T09:33:09+00:00","dateModified":"2021-12-11T19:59:26+00:00","breadcrumb":{"@id":"https:\/\/gradido.net\/nl\/goldene-nach-corona-zeiten-fuer-alle\/#breadcrumb"},"inLanguage":"lv-LV","potentialAction":[{"@type":"ReadAction","target":["https:\/\/gradido.net\/nl\/goldene-nach-corona-zeiten-fuer-alle\/"]}]},{"@type":"ImageObject","inLanguage":"lv-LV","@id":"https:\/\/gradido.net\/nl\/goldene-nach-corona-zeiten-fuer-alle\/#primaryimage","url":"https:\/\/gradido.net\/wp-content\/uploads\/2021\/02\/goldene_zeiten.jpg","contentUrl":"https:\/\/gradido.net\/wp-content\/uploads\/2021\/02\/goldene_zeiten.jpg","width":1458,"height":990},{"@type":"BreadcrumbList","@id":"https:\/\/gradido.net\/nl\/goldene-nach-corona-zeiten-fuer-alle\/#breadcrumb","itemListElement":[{"@type":"ListItem","position":1,"name":"Startseite","item":"https:\/\/gradido.net\/"},{"@type":"ListItem","position":2,"name":"Goldene Nach-Corona-Zeiten f\u00fcr Alle?"}]},{"@type":"WebSite","@id":"https:\/\/gradido.net\/de\/#website","url":"https:\/\/gradido.net\/de\/","name":"Gradido","description":"Jaun\u0101 val\u016bta ir pateic\u012bba","publisher":{"@id":"https:\/\/gradido.net\/de\/#organization"},"potentialAction":[{"@type":"SearchAction","target":{"@type":"EntryPoint","urlTemplate":"https:\/\/gradido.net\/de\/?s={search_term_string}"},"query-input":{"@type":"PropertyValueSpecification","valueRequired":true,"valueName":"search_term_string"}}],"inLanguage":"lv-LV"},{"@type":"Organization","@id":"https:\/\/gradido.net\/de\/#organization","name":"Gradido","url":"https:\/\/gradido.net\/de\/","logo":{"@type":"ImageObject","inLanguage":"lv-LV","@id":"https:\/\/gradido.net\/de\/#\/schema\/logo\/image\/","url":"https:\/\/gradido.net\/wp-content\/uploads\/2022\/04\/gradido-social.jpg","contentUrl":"https:\/\/gradido.net\/wp-content\/uploads\/2022\/04\/gradido-social.jpg","width":527,"height":273,"caption":"Gradido"},"image":{"@id":"https:\/\/gradido.net\/de\/#\/schema\/logo\/image\/"}},{"@type":"Person","@id":"https:\/\/gradido.net\/de\/#\/schema\/person\/9c503a004ad15a1ddecadce2218db5d1","name":"Bernd H\u00fcckst\u00e4dt","sameAs":["https:\/\/gradido.net"],"url":"https:\/\/gradido.net\/lv\/author\/bernd\/"}]}},"_links":{"self":[{"href":"https:\/\/gradido.net\/lv\/wp-json\/wp\/v2\/posts\/1812","targetHints":{"allow":["GET"]}}],"collection":[{"href":"https:\/\/gradido.net\/lv\/wp-json\/wp\/v2\/posts"}],"about":[{"href":"https:\/\/gradido.net\/lv\/wp-json\/wp\/v2\/types\/post"}],"author":[{"embeddable":true,"href":"https:\/\/gradido.net\/lv\/wp-json\/wp\/v2\/users\/2"}],"replies":[{"embeddable":true,"href":"https:\/\/gradido.net\/lv\/wp-json\/wp\/v2\/comments?post=1812"}],"version-history":[{"count":12,"href":"https:\/\/gradido.net\/lv\/wp-json\/wp\/v2\/posts\/1812\/revisions"}],"predecessor-version":[{"id":3760,"href":"https:\/\/gradido.net\/lv\/wp-json\/wp\/v2\/posts\/1812\/revisions\/3760"}],"wp:featuredmedia":[{"embeddable":true,"href":"https:\/\/gradido.net\/lv\/wp-json\/wp\/v2\/media\/1815"}],"wp:attachment":[{"href":"https:\/\/gradido.net\/lv\/wp-json\/wp\/v2\/media?parent=1812"}],"wp:term":[{"taxonomy":"category","embeddable":true,"href":"https:\/\/gradido.net\/lv\/wp-json\/wp\/v2\/categories?post=1812"},{"taxonomy":"post_tag","embeddable":true,"href":"https:\/\/gradido.net\/lv\/wp-json\/wp\/v2\/tags?post=1812"}],"curies":[{"name":"wp","href":"https:\/\/api.w.org\/{rel}","templated":true}]}}