{"id":1885,"date":"2021-02-24T10:56:10","date_gmt":"2021-02-24T09:56:10","guid":{"rendered":"https:\/\/gradido.net\/?p=1885"},"modified":"2021-12-11T21:00:32","modified_gmt":"2021-12-11T20:00:32","slug":"gesellschaftliche-teilhabe-fuer-ein-gesundes-leben","status":"publish","type":"post","link":"https:\/\/gradido.net\/lv\/gesellschaftliche-teilhabe-fuer-ein-gesundes-leben\/","title":{"rendered":"Soci\u0101l\u0101 l\u012bdzdal\u012bba vesel\u012bgai dz\u012bvei"},"content":{"rendered":"<div data-elementor-type=\"wp-post\" data-elementor-id=\"1885\" class=\"elementor elementor-1885\" data-elementor-post-type=\"post\">\n\t\t\t\t\t\t<section class=\"elementor-section elementor-top-section elementor-element elementor-element-496e1d53 elementor-section-boxed elementor-section-height-default elementor-section-height-default\" data-id=\"496e1d53\" data-element_type=\"section\" data-e-type=\"section\">\n\t\t\t\t\t\t<div class=\"elementor-container elementor-column-gap-default\">\n\t\t\t\t\t<div class=\"elementor-column elementor-col-100 elementor-top-column elementor-element elementor-element-461d7be0\" data-id=\"461d7be0\" data-element_type=\"column\" data-e-type=\"column\">\n\t\t\t<div class=\"elementor-widget-wrap elementor-element-populated\">\n\t\t\t\t\t\t<div class=\"elementor-element elementor-element-cd9ebe2 elementor-widget elementor-widget-text-editor\" data-id=\"cd9ebe2\" data-element_type=\"widget\" data-e-type=\"widget\" data-widget_type=\"text-editor.default\">\n\t\t\t\t<div class=\"elementor-widget-container\">\n\t\t\t\t\t\t\t\t\t<h2>Gradido strat\u0113\u0123ija p\u0113c blo\u0137\u0113\u0161anas<\/h2><p><strong>K\u00fcnzelsau, 24.02.2021. - Corona kr\u012bze ar t\u0101s masveida kontaktu ierobe\u017eojumiem pied\u0101v\u0101 visu discipl\u012bnu p\u0113tniekiem lielisku pamatu, lai izp\u0113t\u012btu izol\u0101cijas un vientul\u012bbas posto\u0161o ietekmi. Taj\u0101 pa\u0161\u0101 laik\u0101 pa\u0161reiz\u0113j\u0101 situ\u0101cija sniedz neskait\u0101mus jaunus pier\u0101d\u012bjumus tam, ka nekas tik pozit\u012bvi neietekm\u0113 cilv\u0113ka dz\u012bves kvalit\u0101ti un m\u016b\u017ea ilgumu k\u0101 stabili soci\u0101lie kontakti, atzin\u012bba un l\u012bdzdal\u012bba sabiedr\u012bbas dz\u012bv\u0113. T\u0101p\u0113c Gradido Ekonomikas bionikas akad\u0113mijas p\u0113tnieki uzskata, ka n\u0101kotn\u0113 steidzami j\u0101reform\u0113 l\u012bdz\u0101spast\u0101v\u0113\u0161ana t\u0101, lai b\u016btu iesp\u0113jama un veicin\u0101ta r\u016bpes un dz\u012bv\u012bga kopdz\u012bve. Beznosac\u012bjumu l\u012bdzdal\u012bba ir viens no vi\u0146u Gradido vesel\u012bgas un j\u0113gpilnas dz\u012bves mode\u013ca st\u016brakme\u0146iem.<\/strong><\/p><h3>Soci\u0101l\u0101s attiec\u012bbas ir ilgas un laim\u012bgas dz\u012bves atsl\u0113ga<\/h3><p>Viens no paz\u012bstam\u0101kajiem ilgtermi\u0146a p\u0113t\u012bjumiem par to, kuri krit\u0113riji ir noteico\u0161ie ilgam un laim\u012bgam m\u016b\u017eam, ir veikts H\u0101rvarda universit\u0101t\u0113 ASV. Kop\u0161 1938. gada \"Granta p\u0113t\u012bjum\u0101\" tiek dokument\u0113ta dal\u012bbnieku \u0123imenes un profesion\u0101l\u0101 dz\u012bve, k\u0101 ar\u012b vesel\u012bbas un psiholo\u0123iskais st\u0101voklis. 60 no s\u0101kotn\u0113jiem 724 v\u012brie\u0161iem, kuri vien\u0101d\u0101 skait\u0101 tika pie\u0146emti darb\u0101 no slaven\u0101s H\u0101rvarda universit\u0101tes pirmkursniekiem un no \u013coti nabadz\u012bg\u0101m Bostonas \u0123imen\u0113m, ir pieejami v\u0113l \u0161odien. Iespaid\u012bgs \u0161\u012b garengriezuma p\u0113t\u012bjuma par laimes un vesel\u012bbas noteico\u0161ajiem faktoriem rezult\u0101ts: \"Viena no svar\u012bg\u0101kaj\u0101m ilgas un vesel\u012bgas dz\u012bves atsl\u0113g\u0101m ir soci\u0101l\u0101s attiec\u012bbas\".<\/p><h3>Cilv\u0113kiem ir nepiecie\u0161ama kop\u012bba<\/h3><p>Labu soci\u0101lo kontaktu dziedino\u0161o sp\u0113ku apstiprina ar\u012b psihoneiroimunologs Joahims Bauers. \"Soci\u0101l\u0101 saikne un pieredze aktiviz\u0113 t\u0101 saukt\u0101s atl\u012bdz\u012bbas sist\u0113mas smadzen\u0113s un atbr\u012bvo lab\u0101s pa\u0161saj\u016btas v\u0113stne\u0161us dopam\u012bnu un oksitoc\u012bnu. M\u0113s j\u016btam, ka citi m\u016bs pie\u0146em un velta mums labv\u0113l\u012bgu uzman\u012bbu. Tas mazina trauksmi un mazina stresu.\"<\/p><h3>Vientu\u013ci cilv\u0113ki mirst agr\u0101k<\/h3><p>\"Past\u0101v\u012bga soci\u0101l\u0101 izol\u0101cija ir viens no liel\u0101kajiem draudiem m\u016bsu vesel\u012bbai,\" br\u012bdina vesel\u012bbas psiholo\u0123e profesore Sonia Lipke. Saska\u0146\u0101 ar vi\u0146as atkl\u0101jumiem \u0161\u0101da stresa laik\u0101 aktiviz\u0113jas t\u0101s smadze\u0146u zonas, kas ir atbild\u012bgas ar\u012b par s\u0101p\u0113m. Turkl\u0101t rodas bezmiegs, pav\u0101jin\u0101s im\u016bnsist\u0113ma un pasliktin\u0101s kognit\u012bv\u0101s sp\u0113jas, kas var izrais\u012bt demenci. Citas posto\u0161as sekas: \"Palielin\u0101s risks saslimt ar v\u0113zi, ciest no insulta vai infarkta, iesp\u0113jama pat agr\u012bn\u0101ka n\u0101ve da\u017e\u0101du slim\u012bbu d\u0113\u013c.\"<\/p><h3>Pieaugo\u0161\u0101 vientul\u012bba ir slikta blo\u0137\u0113\u0161anas blakuspar\u0101d\u012bba<\/h3><p>Vientul\u012bbas p\u0113tnieks Markuss Munds (Marcus Mund) apstiprina: \"Sl\u0113g\u0161anas laik\u0101 vientul\u012bbas r\u0101d\u012bt\u0101ji pieauga.\" Vi\u0146a kol\u0113\u0123e Maike L\u016bmane (Maike Luhmann) no R\u016bras Universit\u0101tes Bohum\u0101 (Ruhr University Bochum) br\u012bdina: \"B\u016bt\u012bb\u0101 mums k\u0101 sabiedr\u012bbai vajadz\u0113tu b\u016bt ieinteres\u0113tiem, lai cilv\u0113ki neciestu. Tas noz\u012bm\u0113, ka jau tikai hum\u0101nu apsv\u0113rumu d\u0113\u013c mums ir j\u0101cen\u0161as apkarot vientul\u012bbu.\"<\/p><h3>Kr\u0101pju kases apar\u0101ti, dot\u0101ciju programmat\u016bra, \u0123imenes par \u012bri un kalpo\u0161ana pret vientul\u012bbu<\/h3><p>Lai mazin\u0101tu soci\u0101l\u0101s izol\u0101cijas fat\u0101l\u0101s sekas, jau tiek izmantoti rado\u0161i pas\u0101kumi da\u017e\u0101dos l\u012bme\u0146os. N\u012bderland\u0113 lielveikalu \u0137\u0113de 2019. gad\u0101 ir ieviesusi t\u0101 d\u0113v\u0113t\u0101s \"t\u0113rz\u0113\u0161anas kases\": \"Kletskassa\" centr\u0101 ir t\u0113rz\u0113\u0161ana, nevis \u0101tra re\u0123istr\u0113\u0161an\u0101s. M\u0101ksl\u012bg\u0101 intelekta jom\u0101 ir izstr\u0101d\u0101ti roboti ar uzman\u012bbas programm\u0113\u0161anu. Tie\u0161saistes port\u0101li pied\u0101v\u0101 \u012br\u0113t \"draugus\", un jap\u0101\u0146u uz\u0146\u0113mums \"Hagemashi Tai\" \u013cauj rezerv\u0113t veselas \u0123imenes k\u0101 komp\u0101niju. Kop\u0161 2018. gada briti pat ir izveidoju\u0161i savu \"Vientul\u012bbas ministriju\".<\/p><h3>Nepiecie\u0161ams risin\u0101jums visai sabiedr\u012bbai kopum\u0101<\/h3><p>Be\u013c\u0123u psihoanal\u012bti\u0137is un gr\u0101matu autors profesors Pauls Verhaeghe (Paul Verhaeghe) iesaka vairs neuzskat\u012bt pa\u0161reiz\u0113jo sist\u0113mu par alternat\u012bvu, bet gan veidot uz v\u0113rt\u012bb\u0101m balst\u012btu sabiedr\u012bbu, kur\u0101 ekonomikas, darba, izgl\u012bt\u012bbas un dz\u012bves apst\u0101k\u013ci b\u016btu maz\u0101k orient\u0113ti uz pe\u013c\u0146u. Pret\u0113j\u0101 gad\u012bjum\u0101 vi\u0146\u0161 saskata draudus, ka dzi\u013ci cilv\u0113cisk\u0101s vajadz\u012bbas p\u0113c m\u012blest\u012bbas, pieder\u012bbas un tuv\u012bbas tiks aizmirstas.<\/p><h3>Gradido mode\u013ca pamat\u0101 ir visdzi\u013c\u0101k\u0101s cilv\u0113ka vajadz\u012bbas.<\/h3><p>T\u0101p\u0113c Gradido Ekonomikas bionikas akad\u0113mijas p\u0113tnieki atbr\u012bvo\u0161anu no vientul\u012bbas uzskata par vienu no galvenajiem n\u0101kotnes soci\u0101l\u0101 mode\u013ca izaicin\u0101jumiem. \"M\u0113s jau sen esam identific\u0113ju\u0161i izol\u0101ciju ar t\u0101s nopietnaj\u0101m psiholo\u0123iskaj\u0101m un fiziskaj\u0101m sek\u0101m k\u0101 vienu no m\u016bsdienu liel\u0101kaj\u0101m nelaim\u0113m,\" uzsver Bernds Hik\u0161tads (Bernd H\u00fcckst\u00e4dt), ekonomikas bioni\u0137is un neatkar\u012bg\u0101 p\u0113tniec\u012bbas instit\u016bta l\u012bdzdibin\u0101t\u0101js. \"Apzi\u0146a, ka l\u012bdzdal\u012bba sabiedriskaj\u0101 dz\u012bv\u0113 ne tikai uzlabo cilv\u0113ku vesel\u012bbu, bet ir ar\u012b atsl\u0113ga uz laim\u012bgu dz\u012bvi, bija m\u016bsu stimuls izstr\u0101d\u0101t modeli, kas \u013cauj visu vecumu cilv\u0113kiem visu m\u016b\u017eu akt\u012bvi iesaist\u012bties sabiedr\u012bbas dz\u012bv\u0113. Saska\u0146\u0101 ar m\u016bsu \"Beznosac\u012bjumu l\u012bdzdal\u012bbas\" principu ikviens var dot savu ieguld\u012bjumu sabiedr\u012bb\u0101 ar sav\u0101m individu\u0101laj\u0101m prasm\u0113m un talantiem. T\u0101 ir visu potenci\u0101la att\u012bst\u012bba. Ar \"Beznosac\u012bjumu l\u012bdzdal\u012bbu\" m\u0113s rad\u0101m iesp\u0113ju ikvienam att\u012bst\u012bt jaunus talantus un pilnveidot prasmes, lai ikviens var\u0113tu arvien vair\u0101k izbaud\u012bt savu ieguld\u012bjumu.\"<\/p><p>\u0160o labdar\u012bbas pas\u0101kumu finansi\u0101lo pamatu veido \"akt\u012bvais pamatien\u0101kums\", kas tiek izmaks\u0101ts maksim\u0101laj\u0101 1000 Gradido (GDD) apm\u0113r\u0101 m\u0113nes\u012b par ieguld\u012bjumu visp\u0101r\u0113j\u0101 labuma lab\u0101. Turkl\u0101t kop\u0113j\u0101 labuma val\u016btas koncepcija paredz, ka 1 000 Gradido (GDD) uz vienu iedz\u012bvot\u0101ju m\u0113nes\u012b tiks ieskait\u012bti valsts bud\u017eet\u0101 un 1 000 Gradido (GDD) - dabas un vides fond\u0101.<\/p><p>Aizg\u016bstot no miljoniem gadu veciem dabas veiksmes mode\u013ciem, ekonomikas bionikas eksperti ir rad\u012bju\u0161i modeli, kas var\u0113tu \u013caut izveidot jauna veida kopdz\u012bvi un sadarb\u012bbu, kur\u0101 nav zaud\u0113t\u0101ju. \"Ar jauna veida naudas rad\u012b\u0161anu bez par\u0101diem un stimulu akt\u012bvi pal\u012bdz\u0113t sabiedr\u012bbai, lai nodro\u0161in\u0101tu savu pamata dro\u0161\u012bbu, izmantojot \"akt\u012bvo pamatien\u0101kumu\", m\u0113s var\u0113tu atgriezties pie dz\u012bvesveida, kas elko\u0146u sabiedr\u012bbu un soci\u0101lo izol\u0101ciju padara pag\u0101tn\u0113 un t\u0101d\u0113j\u0101di pied\u0101v\u0101 vislab\u0101ko pamatu pilnv\u0113rt\u012bgai dz\u012bvei,\" skaidro Gradido akad\u0113mijas \u012bpa\u0161niece Margr\u0113ta Baire. T\u0101p\u0113c Baiers un Huk\u0161tads uzskata, ka ir steidzami nepiecie\u0161ama pa\u0161reiz\u0113j\u0101s ekonomikas un finan\u0161u sist\u0113mas mierm\u012bl\u012bga p\u0101rveido\u0161ana - laim\u012bg\u0101kas, vesel\u012bg\u0101kas un j\u0113gpiln\u0101kas darba un priv\u0101t\u0101s dz\u012bves lab\u0101 - un aicina visus dz\u012bvi apliecino\u0161us cilv\u0113kus, uz\u0146\u0113mumus un organiz\u0101cijas veidot sadarb\u012bbu ar Gradido akad\u0113miju \"Liel\u0101 sadarb\u012bb\u0101\".<\/p><p>S\u012bk\u0101ka inform\u0101cija par \"Lielo sadarb\u012bbu\", \"Gradido modeli\" un Gradido podk\u0101stu atrodama vietn\u0113 <a href=\"https:\/\/gradido.net\/lv\/\">www.gradido.net<\/a><\/p><p><!-- \/wp:paragraph --><\/p>\t\t\t\t\t\t\t\t<\/div>\n\t\t\t\t<\/div>\n\t\t\t\t<div class=\"elementor-element elementor-element-e9ff241 elementor-widget elementor-widget-text-editor\" data-id=\"e9ff241\" data-element_type=\"widget\" data-e-type=\"widget\" data-widget_type=\"text-editor.default\">\n\t\t\t\t<div class=\"elementor-widget-container\">\n\t\t\t\t\t\t\t\t\t<p><strong>Par Gradido akad\u0113miju<\/strong><br>Gradido Ekonomikas bionikas akad\u0113mija (Gradido Academy for Economic Bionics) ir izstr\u0101d\u0101jusi alternat\u012bvu \"kop\u0113j\u0101 labuma val\u016btu\", kas ir veidota p\u0113c dabas parauga. Daba iev\u0113ro likumu, ka tikai tur, kur kaut kas izz\u016bd, var rasties kaut kas jauns, un t\u0101d\u0113j\u0101di ir iesp\u0113jami ilgtermi\u0146a uzlabojumi (evol\u016bcija). T\u0101s veiksmes recepte ir \"dz\u012bves cikls\". Ja ar\u012b m\u016bsu ekonomik\u0101 notiktu \u0161is dabiskais cikls, tas atrisin\u0101tu praktiski visas ar naudu saist\u012bt\u0101s pasaules probl\u0113mas, uzskata ekonomikas bionikas eksperti. Gradido mode\u013ca pamat\u0101 ir ideja, ka ne tikai katra persona, bet ar\u012b katra valsts sa\u0146em ien\u0101kumus, kas tiek veidoti uz kred\u012bta b\u0101zes. T\u0101d\u0113j\u0101di t\u0101 var veikt visus savus uzdevumus, neiekas\u0113jot nodok\u013cus. Defl\u0101cija vai infl\u0101cija ir pag\u0101tnes lietas. Ekonomika ir atbr\u012bvota no nep\u0101rtrauktas nepiecie\u0161am\u012bbas augt, un finan\u0161u sist\u0113mas sabrukuma draudi beidzot ir nov\u0113rsti. (<a href=\"https:\/\/gradido.net\/lv\/\">www.gradido.net<\/a>)<\/p>\t\t\t\t\t\t\t\t<\/div>\n\t\t\t\t<\/div>\n\t\t\t\t\t<\/div>\n\t\t<\/div>\n\t\t\t\t\t<\/div>\n\t\t<\/section>\n\t\t\t\t<\/div>","protected":false},"excerpt":{"rendered":"<p>Gradido-Strategie nach dem Lockdown K\u00fcnzelsau, 24.02.2021 \u2013 Die Corona-Krise mit ihren massiven Kontaktbeschr\u00e4nkungen bietet Forschern aller Disziplinen die perfekte Grundlage, um die fatalen Auswirkungen von Isolation und Vereinsamung zu erforschen. Zugleich liefert die aktuelle Situation zahllose neue Belege f\u00fcr die Erkenntnis, dass nichts die Lebensqualit\u00e4t und Lebensdauer eines Menschen so positiv beeinflussen kann wie stabile [&hellip;]<\/p>\n","protected":false},"author":2,"featured_media":1884,"comment_status":"closed","ping_status":"closed","sticky":false,"template":"","format":"standard","meta":{"footnotes":""},"categories":[8],"tags":[],"class_list":["post-1885","post","type-post","status-publish","format-standard","has-post-thumbnail","hentry","category-pressemitteilung"],"yoast_head":"<!-- This site is optimized with the Yoast SEO plugin v27.5 - https:\/\/yoast.com\/product\/yoast-seo-wordpress\/ -->\n<title>Gesellschaftliche Teilhabe f\u00fcr ein gesundes Leben - Gradido<\/title>\n<meta name=\"robots\" content=\"index, follow, max-snippet:-1, max-image-preview:large, max-video-preview:-1\" \/>\n<link rel=\"canonical\" href=\"https:\/\/gradido.net\/lv\/gesellschaftliche-teilhabe-fuer-ein-gesundes-leben\/\" \/>\n<meta property=\"og:locale\" content=\"lv_LV\" \/>\n<meta property=\"og:type\" content=\"article\" \/>\n<meta property=\"og:title\" content=\"Gesellschaftliche Teilhabe f\u00fcr ein gesundes Leben - Gradido\" \/>\n<meta property=\"og:description\" content=\"Gradido-Strategie nach dem Lockdown K\u00fcnzelsau, 24.02.2021 \u2013 Die Corona-Krise mit ihren massiven Kontaktbeschr\u00e4nkungen bietet Forschern aller Disziplinen die perfekte Grundlage, um die fatalen Auswirkungen von Isolation und Vereinsamung zu erforschen. Zugleich liefert die aktuelle Situation zahllose neue Belege f\u00fcr die Erkenntnis, dass nichts die Lebensqualit\u00e4t und Lebensdauer eines Menschen so positiv beeinflussen kann wie stabile [&hellip;]\" \/>\n<meta property=\"og:url\" content=\"https:\/\/gradido.net\/lv\/gesellschaftliche-teilhabe-fuer-ein-gesundes-leben\/\" \/>\n<meta property=\"og:site_name\" content=\"Gradido\" \/>\n<meta property=\"article:published_time\" content=\"2021-02-24T09:56:10+00:00\" \/>\n<meta property=\"article:modified_time\" content=\"2021-12-11T20:00:32+00:00\" \/>\n<meta property=\"og:image\" content=\"https:\/\/gradido.net\/wp-content\/uploads\/2021\/02\/gesellschaftliche_teilhabe-scaled.jpg\" \/>\n\t<meta property=\"og:image:width\" content=\"2560\" \/>\n\t<meta property=\"og:image:height\" content=\"1737\" \/>\n\t<meta property=\"og:image:type\" content=\"image\/jpeg\" \/>\n<meta name=\"author\" content=\"Bernd H\u00fcckst\u00e4dt\" \/>\n<meta name=\"twitter:card\" content=\"summary_large_image\" \/>\n<meta name=\"twitter:label1\" content=\"Written by\" \/>\n\t<meta name=\"twitter:data1\" content=\"Bernd H\u00fcckst\u00e4dt\" \/>\n\t<meta name=\"twitter:label2\" content=\"Est. reading time\" \/>\n\t<meta name=\"twitter:data2\" content=\"6 min\u016btes\" \/>\n<script type=\"application\/ld+json\" class=\"yoast-schema-graph\">{\"@context\":\"https:\\\/\\\/schema.org\",\"@graph\":[{\"@type\":\"Article\",\"@id\":\"https:\\\/\\\/gradido.net\\\/en\\\/gesellschaftliche-teilhabe-fuer-ein-gesundes-leben\\\/#article\",\"isPartOf\":{\"@id\":\"https:\\\/\\\/gradido.net\\\/en\\\/gesellschaftliche-teilhabe-fuer-ein-gesundes-leben\\\/\"},\"author\":{\"name\":\"Bernd H\u00fcckst\u00e4dt\",\"@id\":\"https:\\\/\\\/gradido.net\\\/de\\\/#\\\/schema\\\/person\\\/9c503a004ad15a1ddecadce2218db5d1\"},\"headline\":\"Gesellschaftliche Teilhabe f\u00fcr ein gesundes Leben\",\"datePublished\":\"2021-02-24T09:56:10+00:00\",\"dateModified\":\"2021-12-11T20:00:32+00:00\",\"mainEntityOfPage\":{\"@id\":\"https:\\\/\\\/gradido.net\\\/en\\\/gesellschaftliche-teilhabe-fuer-ein-gesundes-leben\\\/\"},\"wordCount\":1152,\"publisher\":{\"@id\":\"https:\\\/\\\/gradido.net\\\/de\\\/#organization\"},\"image\":{\"@id\":\"https:\\\/\\\/gradido.net\\\/en\\\/gesellschaftliche-teilhabe-fuer-ein-gesundes-leben\\\/#primaryimage\"},\"thumbnailUrl\":\"https:\\\/\\\/gradido.net\\\/wp-content\\\/uploads\\\/2021\\\/02\\\/gesellschaftliche_teilhabe-scaled.jpg\",\"articleSection\":[\"Pressemitteilung\"],\"inLanguage\":\"lv-LV\"},{\"@type\":\"WebPage\",\"@id\":\"https:\\\/\\\/gradido.net\\\/en\\\/gesellschaftliche-teilhabe-fuer-ein-gesundes-leben\\\/\",\"url\":\"https:\\\/\\\/gradido.net\\\/en\\\/gesellschaftliche-teilhabe-fuer-ein-gesundes-leben\\\/\",\"name\":\"Gesellschaftliche Teilhabe f\u00fcr ein gesundes Leben - Gradido\",\"isPartOf\":{\"@id\":\"https:\\\/\\\/gradido.net\\\/de\\\/#website\"},\"primaryImageOfPage\":{\"@id\":\"https:\\\/\\\/gradido.net\\\/en\\\/gesellschaftliche-teilhabe-fuer-ein-gesundes-leben\\\/#primaryimage\"},\"image\":{\"@id\":\"https:\\\/\\\/gradido.net\\\/en\\\/gesellschaftliche-teilhabe-fuer-ein-gesundes-leben\\\/#primaryimage\"},\"thumbnailUrl\":\"https:\\\/\\\/gradido.net\\\/wp-content\\\/uploads\\\/2021\\\/02\\\/gesellschaftliche_teilhabe-scaled.jpg\",\"datePublished\":\"2021-02-24T09:56:10+00:00\",\"dateModified\":\"2021-12-11T20:00:32+00:00\",\"breadcrumb\":{\"@id\":\"https:\\\/\\\/gradido.net\\\/en\\\/gesellschaftliche-teilhabe-fuer-ein-gesundes-leben\\\/#breadcrumb\"},\"inLanguage\":\"lv-LV\",\"potentialAction\":[{\"@type\":\"ReadAction\",\"target\":[\"https:\\\/\\\/gradido.net\\\/en\\\/gesellschaftliche-teilhabe-fuer-ein-gesundes-leben\\\/\"]}]},{\"@type\":\"ImageObject\",\"inLanguage\":\"lv-LV\",\"@id\":\"https:\\\/\\\/gradido.net\\\/en\\\/gesellschaftliche-teilhabe-fuer-ein-gesundes-leben\\\/#primaryimage\",\"url\":\"https:\\\/\\\/gradido.net\\\/wp-content\\\/uploads\\\/2021\\\/02\\\/gesellschaftliche_teilhabe-scaled.jpg\",\"contentUrl\":\"https:\\\/\\\/gradido.net\\\/wp-content\\\/uploads\\\/2021\\\/02\\\/gesellschaftliche_teilhabe-scaled.jpg\",\"width\":2560,\"height\":1737},{\"@type\":\"BreadcrumbList\",\"@id\":\"https:\\\/\\\/gradido.net\\\/en\\\/gesellschaftliche-teilhabe-fuer-ein-gesundes-leben\\\/#breadcrumb\",\"itemListElement\":[{\"@type\":\"ListItem\",\"position\":1,\"name\":\"Startseite\",\"item\":\"https:\\\/\\\/gradido.net\\\/\"},{\"@type\":\"ListItem\",\"position\":2,\"name\":\"Gesellschaftliche Teilhabe f\u00fcr ein gesundes Leben\"}]},{\"@type\":\"WebSite\",\"@id\":\"https:\\\/\\\/gradido.net\\\/de\\\/#website\",\"url\":\"https:\\\/\\\/gradido.net\\\/de\\\/\",\"name\":\"Gradido\",\"description\":\"Die neue W\u00e4hrung hei\u00dft Dankbarkeit\",\"publisher\":{\"@id\":\"https:\\\/\\\/gradido.net\\\/de\\\/#organization\"},\"potentialAction\":[{\"@type\":\"SearchAction\",\"target\":{\"@type\":\"EntryPoint\",\"urlTemplate\":\"https:\\\/\\\/gradido.net\\\/de\\\/?s={search_term_string}\"},\"query-input\":{\"@type\":\"PropertyValueSpecification\",\"valueRequired\":true,\"valueName\":\"search_term_string\"}}],\"inLanguage\":\"lv-LV\"},{\"@type\":\"Organization\",\"@id\":\"https:\\\/\\\/gradido.net\\\/de\\\/#organization\",\"name\":\"Gradido\",\"url\":\"https:\\\/\\\/gradido.net\\\/de\\\/\",\"logo\":{\"@type\":\"ImageObject\",\"inLanguage\":\"lv-LV\",\"@id\":\"https:\\\/\\\/gradido.net\\\/de\\\/#\\\/schema\\\/logo\\\/image\\\/\",\"url\":\"https:\\\/\\\/gradido.net\\\/wp-content\\\/uploads\\\/2022\\\/04\\\/gradido-social.jpg\",\"contentUrl\":\"https:\\\/\\\/gradido.net\\\/wp-content\\\/uploads\\\/2022\\\/04\\\/gradido-social.jpg\",\"width\":527,\"height\":273,\"caption\":\"Gradido\"},\"image\":{\"@id\":\"https:\\\/\\\/gradido.net\\\/de\\\/#\\\/schema\\\/logo\\\/image\\\/\"}},{\"@type\":\"Person\",\"@id\":\"https:\\\/\\\/gradido.net\\\/de\\\/#\\\/schema\\\/person\\\/9c503a004ad15a1ddecadce2218db5d1\",\"name\":\"Bernd H\u00fcckst\u00e4dt\",\"sameAs\":[\"https:\\\/\\\/gradido.net\"],\"url\":\"https:\\\/\\\/gradido.net\\\/lv\\\/author\\\/bernd\\\/\"}]}<\/script>\n<!-- \/ Yoast SEO plugin. -->","yoast_head_json":{"title":"Soci\u0101l\u0101 l\u012bdzdal\u012bba vesel\u012bgai dz\u012bvei - Gradido","robots":{"index":"index","follow":"follow","max-snippet":"max-snippet:-1","max-image-preview":"max-image-preview:large","max-video-preview":"max-video-preview:-1"},"canonical":"https:\/\/gradido.net\/lv\/gesellschaftliche-teilhabe-fuer-ein-gesundes-leben\/","og_locale":"lv_LV","og_type":"article","og_title":"Gesellschaftliche Teilhabe f\u00fcr ein gesundes Leben - Gradido","og_description":"Gradido-Strategie nach dem Lockdown K\u00fcnzelsau, 24.02.2021 \u2013 Die Corona-Krise mit ihren massiven Kontaktbeschr\u00e4nkungen bietet Forschern aller Disziplinen die perfekte Grundlage, um die fatalen Auswirkungen von Isolation und Vereinsamung zu erforschen. Zugleich liefert die aktuelle Situation zahllose neue Belege f\u00fcr die Erkenntnis, dass nichts die Lebensqualit\u00e4t und Lebensdauer eines Menschen so positiv beeinflussen kann wie stabile [&hellip;]","og_url":"https:\/\/gradido.net\/lv\/gesellschaftliche-teilhabe-fuer-ein-gesundes-leben\/","og_site_name":"Gradido","article_published_time":"2021-02-24T09:56:10+00:00","article_modified_time":"2021-12-11T20:00:32+00:00","og_image":[{"width":2560,"height":1737,"url":"https:\/\/gradido.net\/wp-content\/uploads\/2021\/02\/gesellschaftliche_teilhabe-scaled.jpg","type":"image\/jpeg"}],"author":"Bernd H\u00fcckst\u00e4dt","twitter_card":"summary_large_image","twitter_misc":{"Written by":"Bernd H\u00fcckst\u00e4dt","Est. reading time":"6 min\u016btes"},"schema":{"@context":"https:\/\/schema.org","@graph":[{"@type":"Article","@id":"https:\/\/gradido.net\/en\/gesellschaftliche-teilhabe-fuer-ein-gesundes-leben\/#article","isPartOf":{"@id":"https:\/\/gradido.net\/en\/gesellschaftliche-teilhabe-fuer-ein-gesundes-leben\/"},"author":{"name":"Bernd H\u00fcckst\u00e4dt","@id":"https:\/\/gradido.net\/de\/#\/schema\/person\/9c503a004ad15a1ddecadce2218db5d1"},"headline":"Gesellschaftliche Teilhabe f\u00fcr ein gesundes Leben","datePublished":"2021-02-24T09:56:10+00:00","dateModified":"2021-12-11T20:00:32+00:00","mainEntityOfPage":{"@id":"https:\/\/gradido.net\/en\/gesellschaftliche-teilhabe-fuer-ein-gesundes-leben\/"},"wordCount":1152,"publisher":{"@id":"https:\/\/gradido.net\/de\/#organization"},"image":{"@id":"https:\/\/gradido.net\/en\/gesellschaftliche-teilhabe-fuer-ein-gesundes-leben\/#primaryimage"},"thumbnailUrl":"https:\/\/gradido.net\/wp-content\/uploads\/2021\/02\/gesellschaftliche_teilhabe-scaled.jpg","articleSection":["Pressemitteilung"],"inLanguage":"lv-LV"},{"@type":"WebPage","@id":"https:\/\/gradido.net\/en\/gesellschaftliche-teilhabe-fuer-ein-gesundes-leben\/","url":"https:\/\/gradido.net\/en\/gesellschaftliche-teilhabe-fuer-ein-gesundes-leben\/","name":"Soci\u0101l\u0101 l\u012bdzdal\u012bba vesel\u012bgai dz\u012bvei - Gradido","isPartOf":{"@id":"https:\/\/gradido.net\/de\/#website"},"primaryImageOfPage":{"@id":"https:\/\/gradido.net\/en\/gesellschaftliche-teilhabe-fuer-ein-gesundes-leben\/#primaryimage"},"image":{"@id":"https:\/\/gradido.net\/en\/gesellschaftliche-teilhabe-fuer-ein-gesundes-leben\/#primaryimage"},"thumbnailUrl":"https:\/\/gradido.net\/wp-content\/uploads\/2021\/02\/gesellschaftliche_teilhabe-scaled.jpg","datePublished":"2021-02-24T09:56:10+00:00","dateModified":"2021-12-11T20:00:32+00:00","breadcrumb":{"@id":"https:\/\/gradido.net\/en\/gesellschaftliche-teilhabe-fuer-ein-gesundes-leben\/#breadcrumb"},"inLanguage":"lv-LV","potentialAction":[{"@type":"ReadAction","target":["https:\/\/gradido.net\/en\/gesellschaftliche-teilhabe-fuer-ein-gesundes-leben\/"]}]},{"@type":"ImageObject","inLanguage":"lv-LV","@id":"https:\/\/gradido.net\/en\/gesellschaftliche-teilhabe-fuer-ein-gesundes-leben\/#primaryimage","url":"https:\/\/gradido.net\/wp-content\/uploads\/2021\/02\/gesellschaftliche_teilhabe-scaled.jpg","contentUrl":"https:\/\/gradido.net\/wp-content\/uploads\/2021\/02\/gesellschaftliche_teilhabe-scaled.jpg","width":2560,"height":1737},{"@type":"BreadcrumbList","@id":"https:\/\/gradido.net\/en\/gesellschaftliche-teilhabe-fuer-ein-gesundes-leben\/#breadcrumb","itemListElement":[{"@type":"ListItem","position":1,"name":"Startseite","item":"https:\/\/gradido.net\/"},{"@type":"ListItem","position":2,"name":"Gesellschaftliche Teilhabe f\u00fcr ein gesundes Leben"}]},{"@type":"WebSite","@id":"https:\/\/gradido.net\/de\/#website","url":"https:\/\/gradido.net\/de\/","name":"Gradido","description":"Jaun\u0101 val\u016bta ir pateic\u012bba","publisher":{"@id":"https:\/\/gradido.net\/de\/#organization"},"potentialAction":[{"@type":"SearchAction","target":{"@type":"EntryPoint","urlTemplate":"https:\/\/gradido.net\/de\/?s={search_term_string}"},"query-input":{"@type":"PropertyValueSpecification","valueRequired":true,"valueName":"search_term_string"}}],"inLanguage":"lv-LV"},{"@type":"Organization","@id":"https:\/\/gradido.net\/de\/#organization","name":"Gradido","url":"https:\/\/gradido.net\/de\/","logo":{"@type":"ImageObject","inLanguage":"lv-LV","@id":"https:\/\/gradido.net\/de\/#\/schema\/logo\/image\/","url":"https:\/\/gradido.net\/wp-content\/uploads\/2022\/04\/gradido-social.jpg","contentUrl":"https:\/\/gradido.net\/wp-content\/uploads\/2022\/04\/gradido-social.jpg","width":527,"height":273,"caption":"Gradido"},"image":{"@id":"https:\/\/gradido.net\/de\/#\/schema\/logo\/image\/"}},{"@type":"Person","@id":"https:\/\/gradido.net\/de\/#\/schema\/person\/9c503a004ad15a1ddecadce2218db5d1","name":"Bernd H\u00fcckst\u00e4dt","sameAs":["https:\/\/gradido.net"],"url":"https:\/\/gradido.net\/lv\/author\/bernd\/"}]}},"_links":{"self":[{"href":"https:\/\/gradido.net\/lv\/wp-json\/wp\/v2\/posts\/1885","targetHints":{"allow":["GET"]}}],"collection":[{"href":"https:\/\/gradido.net\/lv\/wp-json\/wp\/v2\/posts"}],"about":[{"href":"https:\/\/gradido.net\/lv\/wp-json\/wp\/v2\/types\/post"}],"author":[{"embeddable":true,"href":"https:\/\/gradido.net\/lv\/wp-json\/wp\/v2\/users\/2"}],"replies":[{"embeddable":true,"href":"https:\/\/gradido.net\/lv\/wp-json\/wp\/v2\/comments?post=1885"}],"version-history":[{"count":11,"href":"https:\/\/gradido.net\/lv\/wp-json\/wp\/v2\/posts\/1885\/revisions"}],"predecessor-version":[{"id":3763,"href":"https:\/\/gradido.net\/lv\/wp-json\/wp\/v2\/posts\/1885\/revisions\/3763"}],"wp:featuredmedia":[{"embeddable":true,"href":"https:\/\/gradido.net\/lv\/wp-json\/wp\/v2\/media\/1884"}],"wp:attachment":[{"href":"https:\/\/gradido.net\/lv\/wp-json\/wp\/v2\/media?parent=1885"}],"wp:term":[{"taxonomy":"category","embeddable":true,"href":"https:\/\/gradido.net\/lv\/wp-json\/wp\/v2\/categories?post=1885"},{"taxonomy":"post_tag","embeddable":true,"href":"https:\/\/gradido.net\/lv\/wp-json\/wp\/v2\/tags?post=1885"}],"curies":[{"name":"wp","href":"https:\/\/api.w.org\/{rel}","templated":true}]}}