{"id":1910,"date":"2021-03-05T14:58:17","date_gmt":"2021-03-05T13:58:17","guid":{"rendered":"https:\/\/gradido.net\/?p=1910"},"modified":"2022-04-03T20:09:59","modified_gmt":"2022-04-03T18:09:59","slug":"episode-10","status":"publish","type":"post","link":"https:\/\/gradido.net\/lv\/episode-10\/","title":{"rendered":"Wood Wide Web: Lieliska sadarb\u012bba dab\u0101"},"content":{"rendered":"<div data-elementor-type=\"wp-post\" data-elementor-id=\"1910\" class=\"elementor elementor-1910\" data-elementor-post-type=\"post\">\n\t\t\t\t\t\t<section class=\"elementor-section elementor-top-section elementor-element elementor-element-496e1d53 elementor-section-boxed elementor-section-height-default elementor-section-height-default\" data-id=\"496e1d53\" data-element_type=\"section\" data-e-type=\"section\">\n\t\t\t\t\t\t<div class=\"elementor-container elementor-column-gap-default\">\n\t\t\t\t\t<div class=\"elementor-column elementor-col-100 elementor-top-column elementor-element elementor-element-461d7be0\" data-id=\"461d7be0\" data-element_type=\"column\" data-e-type=\"column\">\n\t\t\t<div class=\"elementor-widget-wrap elementor-element-populated\">\n\t\t\t\t\t\t<div class=\"elementor-element elementor-element-cd9ebe2 elementor-widget elementor-widget-text-editor\" data-id=\"cd9ebe2\" data-element_type=\"widget\" data-e-type=\"widget\" data-widget_type=\"text-editor.default\">\n\t\t\t\t<div class=\"elementor-widget-container\">\n\t\t\t\t\t\t\t\t\t<h2>Viesi: Dr. Rita un Franks L\u012bderi<\/h2>\t\t\t\t\t\t\t\t<\/div>\n\t\t\t\t<\/div>\n\t\t\t\t\t<\/div>\n\t\t<\/div>\n\t\t\t\t\t<\/div>\n\t\t<\/section>\n\t\t\t\t<section class=\"elementor-section elementor-top-section elementor-element elementor-element-2f93e3c3 elementor-section-boxed elementor-section-height-default elementor-section-height-default\" data-id=\"2f93e3c3\" data-element_type=\"section\" data-e-type=\"section\">\n\t\t\t\t\t\t<div class=\"elementor-container elementor-column-gap-default\">\n\t\t\t\t\t<div class=\"elementor-column elementor-col-100 elementor-top-column elementor-element elementor-element-5a9dfd19\" data-id=\"5a9dfd19\" data-element_type=\"column\" data-e-type=\"column\">\n\t\t\t<div class=\"elementor-widget-wrap elementor-element-populated\">\n\t\t\t\t\t\t<div class=\"elementor-element elementor-element-9cdb6b8 elementor-widget elementor-widget-html\" data-id=\"9cdb6b8\" data-element_type=\"widget\" data-e-type=\"widget\" data-widget_type=\"html.default\">\n\t\t\t\t<div class=\"elementor-widget-container\">\n\t\t\t\t\t<script class=\"podigee-podcast-player\" src=\"https:\/\/player.podigee-cdn.net\/podcast-player\/javascripts\/podigee-podcast-player.js\" data-configuration=\"https:\/\/gradido.podigee.io\/10-neue-episode\/embed?context=external\"><\/script>\t\t\t\t<\/div>\n\t\t\t\t<\/div>\n\t\t\t\t\t<\/div>\n\t\t<\/div>\n\t\t\t\t\t<\/div>\n\t\t<\/section>\n\t\t\t\t<section class=\"elementor-section elementor-top-section elementor-element elementor-element-585c640 elementor-section-boxed elementor-section-height-default elementor-section-height-default\" data-id=\"585c640\" data-element_type=\"section\" data-e-type=\"section\">\n\t\t\t\t\t\t<div class=\"elementor-container elementor-column-gap-default\">\n\t\t\t\t\t<div class=\"elementor-column elementor-col-50 elementor-top-column elementor-element elementor-element-13c250b\" data-id=\"13c250b\" data-element_type=\"column\" data-e-type=\"column\">\n\t\t\t<div class=\"elementor-widget-wrap elementor-element-populated\">\n\t\t\t\t\t\t<div class=\"elementor-element elementor-element-0561949 elementor-widget elementor-widget-text-editor\" data-id=\"0561949\" data-element_type=\"widget\" data-e-type=\"widget\" data-widget_type=\"text-editor.default\">\n\t\t\t\t<div class=\"elementor-widget-container\">\n\t\t\t\t\t\t\t\t\t<p>Dr. Rita L\u012bdera ir stud\u0113jusi biolo\u0123iju un jau vair\u0101kus gadus str\u0101d\u0101 patst\u0101v\u012bgi k\u0101 ilustratore, autore un lektore. Kop\u0161 2012. gada Rita un vi\u0146as v\u012brs Franks ir akt\u012bvi iesaist\u012bju\u0161ies V\u0101cijas Mikolo\u0123ijas biedr\u012bbas darb\u0101, kur Rita \u0161obr\u012bd ir viceprezidente. Cita starp\u0101 vi\u0146i tur ir uzs\u0101ku\u0161i ar\u012b MushroomCoach apm\u0101c\u012bbu.<\/p><p>\u0160aj\u0101 epizod\u0113 m\u0113s run\u0101jam<\/p><ul><li>t\u012bmekl\u012b - k\u0101p\u0113c Liel\u0101 sadarb\u012bba noteikti ir lab\u0101ka nek\u0101 Liel\u0101 ats\u0101k\u0161ana.<\/li><li>daba jau izsenis kalpojusi k\u0101 paraugs cilv\u0113kam, un t\u0101p\u0113c ir radusies vesela zin\u0101tnes nozare - bionika, kas iedvesmu progresam sme\u013cas dab\u0101 k\u0101 paraug\u0101,<\/li><li>k\u0101 demokr\u0101tija darbojas bi\u0161u saim\u0113, lai izv\u0113l\u0113tos optim\u0101lo dz\u012bvotni.<\/li><\/ul><p>Dab\u0101 k\u013c\u016bst skaidrs skaists v\u0113st\u012bjums: <br \/>Viss ir savstarp\u0113ji saist\u012bts, un viss lab\u0101k darbojas kop\u0101. Me\u017es ir piem\u0113rs kolekt\u012bvam, kur\u0101 neskait\u0101mas rad\u012bbas miljoniem gadu dz\u012bvo kop\u0101, atbalstot viena otru un kop\u012bgi att\u012bstoties evol\u016bcijas gait\u0101.<\/p><p>K\u0101p\u0113c gan nedz\u012bvot t\u012bkl\u0101 k\u0101 cilv\u0113cisk\u0101m b\u016btn\u0113m un savstarp\u0113ji iedvesmoties un bag\u0101tin\u0101t vienam otru \"dabiskaj\u0101 dz\u012bves ekonomik\u0101\"?<\/p><p>Kreisaj\u0101 pus\u0113:<br \/><a href=\"http:\/\/www.kreativpinsel.de\/\" target=\"_blank\" rel=\"noopener\">http:\/\/www.kreativpinsel.de\/<\/a><br \/><a href=\"https:\/\/www.dgfm-ev.de\/\" target=\"_blank\" rel=\"noopener\">https:\/\/www.dgfm-ev.de\/<\/a><br \/><a href=\"https:\/\/www.amazon.de\/Bienendemokratie-Bienen-kollektiv-entscheiden-lernen-dp-3100751388\/dp\/3100751388\/ref=dp_ob_title_bk\" target=\"_blank\" rel=\"noopener\">Bi\u0161u demokr\u0101tija\u00a0<\/a><br \/><a href=\"http:\/\/www.kreativpinsel.de\/entdecker-des-mikrokosmos.html\" target=\"_blank\" rel=\"noopener\">Mikrokosma atkl\u0101j\u0113js<\/a><\/p><p><strong>Interesanta podk\u0101sta intervija:<\/strong><\/p><p><a href=\"https:\/\/www.kreativpinsel.de\/post\/die-welt-zu-f\u00fc\u00dfen-interview-bei-kraut-im-ohr-31-m\u00e4rz-2022\" target=\"_blank\" rel=\"noopener\">Pasaule pie tav\u0101m k\u0101j\u0101m\": intervija raid\u012bjum\u0101 \"Kraut im Ohr\" - 2022. gada 1. apr\u012blis<\/a><\/p><p>\u00a0<\/p>\t\t\t\t\t\t\t\t<\/div>\n\t\t\t\t<\/div>\n\t\t\t\t\t<\/div>\n\t\t<\/div>\n\t\t\t\t<div class=\"elementor-column elementor-col-50 elementor-top-column elementor-element elementor-element-e0d795e\" data-id=\"e0d795e\" data-element_type=\"column\" data-e-type=\"column\">\n\t\t\t<div class=\"elementor-widget-wrap elementor-element-populated\">\n\t\t\t\t\t\t<div class=\"elementor-element elementor-element-8c61bad elementor-widget elementor-widget-image\" data-id=\"8c61bad\" data-element_type=\"widget\" data-e-type=\"widget\" data-widget_type=\"image.default\">\n\t\t\t\t<div class=\"elementor-widget-container\">\n\t\t\t\t\t\t\t\t\t\t\t\t\t\t\t<img fetchpriority=\"high\" decoding=\"async\" width=\"800\" height=\"800\" src=\"https:\/\/gradido.net\/wp-content\/uploads\/2021\/06\/gradido_podcast_lueder-1024x1024.jpg\" class=\"attachment-large size-large wp-image-2661\" alt=\"\" srcset=\"https:\/\/gradido.net\/wp-content\/uploads\/2021\/06\/gradido_podcast_lueder-1024x1024.jpg 1024w, https:\/\/gradido.net\/wp-content\/uploads\/2021\/06\/gradido_podcast_lueder-300x300.jpg 300w, https:\/\/gradido.net\/wp-content\/uploads\/2021\/06\/gradido_podcast_lueder-150x150.jpg 150w, https:\/\/gradido.net\/wp-content\/uploads\/2021\/06\/gradido_podcast_lueder-768x768.jpg 768w, https:\/\/gradido.net\/wp-content\/uploads\/2021\/06\/gradido_podcast_lueder-12x12.jpg 12w, https:\/\/gradido.net\/wp-content\/uploads\/2021\/06\/gradido_podcast_lueder.jpg 1400w\" sizes=\"(max-width: 800px) 100vw, 800px\" \/>\t\t\t\t\t\t\t\t\t\t\t\t\t\t\t<\/div>\n\t\t\t\t<\/div>\n\t\t\t\t<div class=\"elementor-element elementor-element-ceab137 elementor-widget elementor-widget-text-editor\" data-id=\"ceab137\" data-element_type=\"widget\" data-e-type=\"widget\" data-widget_type=\"text-editor.default\">\n\t\t\t\t<div class=\"elementor-widget-container\">\n\t\t\t\t\t\t\t\t\t<p><a href=\"https:\/\/youtu.be\/FF7ha5FXHC0\" target=\"_blank\" rel=\"noopener\" data-wplink-edit=\"true\">Klausieties vietn\u0113 YouTube<\/a><\/p>\t\t\t\t\t\t\t\t<\/div>\n\t\t\t\t<\/div>\n\t\t\t\t\t<\/div>\n\t\t<\/div>\n\t\t\t\t\t<\/div>\n\t\t<\/section>\n\t\t\t\t<section class=\"elementor-section elementor-top-section elementor-element elementor-element-d051609 elementor-section-boxed elementor-section-height-default elementor-section-height-default\" data-id=\"d051609\" data-element_type=\"section\" data-e-type=\"section\">\n\t\t\t\t\t\t<div class=\"elementor-container elementor-column-gap-default\">\n\t\t\t\t\t<div class=\"elementor-column elementor-col-100 elementor-top-column elementor-element elementor-element-13cc168\" data-id=\"13cc168\" data-element_type=\"column\" data-e-type=\"column\">\n\t\t\t<div class=\"elementor-widget-wrap elementor-element-populated\">\n\t\t\t\t\t\t<div class=\"elementor-element elementor-element-b43b3ee elementor-widget elementor-widget-heading\" data-id=\"b43b3ee\" data-element_type=\"widget\" data-e-type=\"widget\" data-widget_type=\"heading.default\">\n\t\t\t\t<div class=\"elementor-widget-container\">\n\t\t\t\t\t<h2 class=\"elementor-heading-title elementor-size-default\">Transkripcija ( autom\u0101tiski tulkots)<\/h2>\t\t\t\t<\/div>\n\t\t\t\t<\/div>\n\t\t\t\t\t<\/div>\n\t\t<\/div>\n\t\t\t\t\t<\/div>\n\t\t<\/section>\n\t\t\t\t<section class=\"elementor-section elementor-top-section elementor-element elementor-element-474427c elementor-section-boxed elementor-section-height-default elementor-section-height-default\" data-id=\"474427c\" data-element_type=\"section\" data-e-type=\"section\">\n\t\t\t\t\t\t<div class=\"elementor-container elementor-column-gap-default\">\n\t\t\t\t\t<div class=\"elementor-column elementor-col-100 elementor-top-column elementor-element elementor-element-6041f12\" data-id=\"6041f12\" data-element_type=\"column\" data-e-type=\"column\">\n\t\t\t<div class=\"elementor-widget-wrap elementor-element-populated\">\n\t\t\t\t\t\t\t<\/div>\n\t\t<\/div>\n\t\t\t\t\t<\/div>\n\t\t<\/section>\n\t\t\t\t<\/div>","protected":false},"excerpt":{"rendered":"<p>Zu Gast: Dr. Rita und Frank L\u00fcder \u2013 Natur als Vorbild: Wood Wide Web und Bienendemokratie  \u2013 Warum die Great Cooperation dem Great Reset unbedingt vorzuziehen ist. [49:56]<\/p>\n","protected":false},"author":2,"featured_media":1895,"comment_status":"closed","ping_status":"closed","sticky":false,"template":"","format":"standard","meta":{"footnotes":""},"categories":[19],"tags":[16],"class_list":["post-1910","post","type-post","status-publish","format-standard","has-post-thumbnail","hentry","category-podcast","tag-grundeinkommen"],"yoast_head":"<!-- This site is optimized with the Yoast SEO plugin v27.5 - https:\/\/yoast.com\/product\/yoast-seo-wordpress\/ -->\n<title>Wood Wide Web: Gro\u00dfe Kooperation in der Natur - Gradido<\/title>\n<meta name=\"robots\" content=\"index, follow, max-snippet:-1, max-image-preview:large, max-video-preview:-1\" \/>\n<link rel=\"canonical\" href=\"https:\/\/gradido.net\/lv\/episode-10\/\" \/>\n<meta property=\"og:locale\" content=\"lv_LV\" \/>\n<meta property=\"og:type\" content=\"article\" \/>\n<meta property=\"og:title\" content=\"Wood Wide Web: Gro\u00dfe Kooperation in der Natur - Gradido\" \/>\n<meta property=\"og:description\" content=\"Zu Gast: Dr. Rita und Frank L\u00fcder \u2013 Natur als Vorbild: Wood Wide Web und Bienendemokratie \u2013 Warum die Great Cooperation dem Great Reset unbedingt vorzuziehen ist. [49:56]\" \/>\n<meta property=\"og:url\" content=\"https:\/\/gradido.net\/lv\/episode-10\/\" \/>\n<meta property=\"og:site_name\" content=\"Gradido\" \/>\n<meta property=\"article:published_time\" content=\"2021-03-05T13:58:17+00:00\" \/>\n<meta property=\"article:modified_time\" content=\"2022-04-03T18:09:59+00:00\" \/>\n<meta property=\"og:image\" content=\"https:\/\/gradido.net\/wp-content\/uploads\/2021\/02\/podcast_www_lueder.jpg\" \/>\n\t<meta property=\"og:image:width\" content=\"1800\" \/>\n\t<meta property=\"og:image:height\" content=\"1221\" \/>\n\t<meta property=\"og:image:type\" content=\"image\/jpeg\" \/>\n<meta name=\"author\" content=\"Bernd H\u00fcckst\u00e4dt\" \/>\n<meta name=\"twitter:card\" content=\"summary_large_image\" \/>\n<meta name=\"twitter:label1\" content=\"Written by\" \/>\n\t<meta name=\"twitter:data1\" content=\"Bernd H\u00fcckst\u00e4dt\" \/>\n\t<meta name=\"twitter:label2\" content=\"Est. reading time\" \/>\n\t<meta name=\"twitter:data2\" content=\"1 min\u016bte\" \/>\n<script type=\"application\/ld+json\" class=\"yoast-schema-graph\">{\"@context\":\"https:\\\/\\\/schema.org\",\"@graph\":[{\"@type\":\"Article\",\"@id\":\"https:\\\/\\\/gradido.net\\\/fr\\\/episode-10\\\/#article\",\"isPartOf\":{\"@id\":\"https:\\\/\\\/gradido.net\\\/fr\\\/episode-10\\\/\"},\"author\":{\"name\":\"Bernd H\u00fcckst\u00e4dt\",\"@id\":\"https:\\\/\\\/gradido.net\\\/de\\\/#\\\/schema\\\/person\\\/9c503a004ad15a1ddecadce2218db5d1\"},\"headline\":\"Wood Wide Web: Gro\u00dfe Kooperation in der Natur\",\"datePublished\":\"2021-03-05T13:58:17+00:00\",\"dateModified\":\"2022-04-03T18:09:59+00:00\",\"mainEntityOfPage\":{\"@id\":\"https:\\\/\\\/gradido.net\\\/fr\\\/episode-10\\\/\"},\"wordCount\":241,\"publisher\":{\"@id\":\"https:\\\/\\\/gradido.net\\\/de\\\/#organization\"},\"image\":{\"@id\":\"https:\\\/\\\/gradido.net\\\/fr\\\/episode-10\\\/#primaryimage\"},\"thumbnailUrl\":\"https:\\\/\\\/gradido.net\\\/wp-content\\\/uploads\\\/2021\\\/02\\\/podcast_www_lueder.jpg\",\"keywords\":[\"Grundeinkommen\"],\"articleSection\":[\"Podcast\"],\"inLanguage\":\"lv-LV\"},{\"@type\":\"WebPage\",\"@id\":\"https:\\\/\\\/gradido.net\\\/fr\\\/episode-10\\\/\",\"url\":\"https:\\\/\\\/gradido.net\\\/fr\\\/episode-10\\\/\",\"name\":\"Wood Wide Web: Gro\u00dfe Kooperation in der Natur - Gradido\",\"isPartOf\":{\"@id\":\"https:\\\/\\\/gradido.net\\\/de\\\/#website\"},\"primaryImageOfPage\":{\"@id\":\"https:\\\/\\\/gradido.net\\\/fr\\\/episode-10\\\/#primaryimage\"},\"image\":{\"@id\":\"https:\\\/\\\/gradido.net\\\/fr\\\/episode-10\\\/#primaryimage\"},\"thumbnailUrl\":\"https:\\\/\\\/gradido.net\\\/wp-content\\\/uploads\\\/2021\\\/02\\\/podcast_www_lueder.jpg\",\"datePublished\":\"2021-03-05T13:58:17+00:00\",\"dateModified\":\"2022-04-03T18:09:59+00:00\",\"breadcrumb\":{\"@id\":\"https:\\\/\\\/gradido.net\\\/fr\\\/episode-10\\\/#breadcrumb\"},\"inLanguage\":\"lv-LV\",\"potentialAction\":[{\"@type\":\"ReadAction\",\"target\":[\"https:\\\/\\\/gradido.net\\\/fr\\\/episode-10\\\/\"]}]},{\"@type\":\"ImageObject\",\"inLanguage\":\"lv-LV\",\"@id\":\"https:\\\/\\\/gradido.net\\\/fr\\\/episode-10\\\/#primaryimage\",\"url\":\"https:\\\/\\\/gradido.net\\\/wp-content\\\/uploads\\\/2021\\\/02\\\/podcast_www_lueder.jpg\",\"contentUrl\":\"https:\\\/\\\/gradido.net\\\/wp-content\\\/uploads\\\/2021\\\/02\\\/podcast_www_lueder.jpg\",\"width\":1800,\"height\":1221},{\"@type\":\"BreadcrumbList\",\"@id\":\"https:\\\/\\\/gradido.net\\\/fr\\\/episode-10\\\/#breadcrumb\",\"itemListElement\":[{\"@type\":\"ListItem\",\"position\":1,\"name\":\"Startseite\",\"item\":\"https:\\\/\\\/gradido.net\\\/\"},{\"@type\":\"ListItem\",\"position\":2,\"name\":\"Wood Wide Web: Gro\u00dfe Kooperation in der Natur\"}]},{\"@type\":\"WebSite\",\"@id\":\"https:\\\/\\\/gradido.net\\\/de\\\/#website\",\"url\":\"https:\\\/\\\/gradido.net\\\/de\\\/\",\"name\":\"Gradido\",\"description\":\"Die neue W\u00e4hrung hei\u00dft Dankbarkeit\",\"publisher\":{\"@id\":\"https:\\\/\\\/gradido.net\\\/de\\\/#organization\"},\"potentialAction\":[{\"@type\":\"SearchAction\",\"target\":{\"@type\":\"EntryPoint\",\"urlTemplate\":\"https:\\\/\\\/gradido.net\\\/de\\\/?s={search_term_string}\"},\"query-input\":{\"@type\":\"PropertyValueSpecification\",\"valueRequired\":true,\"valueName\":\"search_term_string\"}}],\"inLanguage\":\"lv-LV\"},{\"@type\":\"Organization\",\"@id\":\"https:\\\/\\\/gradido.net\\\/de\\\/#organization\",\"name\":\"Gradido\",\"url\":\"https:\\\/\\\/gradido.net\\\/de\\\/\",\"logo\":{\"@type\":\"ImageObject\",\"inLanguage\":\"lv-LV\",\"@id\":\"https:\\\/\\\/gradido.net\\\/de\\\/#\\\/schema\\\/logo\\\/image\\\/\",\"url\":\"https:\\\/\\\/gradido.net\\\/wp-content\\\/uploads\\\/2022\\\/04\\\/gradido-social.jpg\",\"contentUrl\":\"https:\\\/\\\/gradido.net\\\/wp-content\\\/uploads\\\/2022\\\/04\\\/gradido-social.jpg\",\"width\":527,\"height\":273,\"caption\":\"Gradido\"},\"image\":{\"@id\":\"https:\\\/\\\/gradido.net\\\/de\\\/#\\\/schema\\\/logo\\\/image\\\/\"}},{\"@type\":\"Person\",\"@id\":\"https:\\\/\\\/gradido.net\\\/de\\\/#\\\/schema\\\/person\\\/9c503a004ad15a1ddecadce2218db5d1\",\"name\":\"Bernd H\u00fcckst\u00e4dt\",\"sameAs\":[\"https:\\\/\\\/gradido.net\"],\"url\":\"https:\\\/\\\/gradido.net\\\/lv\\\/author\\\/bernd\\\/\"}]}<\/script>\n<!-- \/ Yoast SEO plugin. -->","yoast_head_json":{"title":"Wood Wide Web: Lieliska sadarb\u012bba dab\u0101 - Gradido","robots":{"index":"index","follow":"follow","max-snippet":"max-snippet:-1","max-image-preview":"max-image-preview:large","max-video-preview":"max-video-preview:-1"},"canonical":"https:\/\/gradido.net\/lv\/episode-10\/","og_locale":"lv_LV","og_type":"article","og_title":"Wood Wide Web: Gro\u00dfe Kooperation in der Natur - Gradido","og_description":"Zu Gast: Dr. Rita und Frank L\u00fcder \u2013 Natur als Vorbild: Wood Wide Web und Bienendemokratie \u2013 Warum die Great Cooperation dem Great Reset unbedingt vorzuziehen ist. [49:56]","og_url":"https:\/\/gradido.net\/lv\/episode-10\/","og_site_name":"Gradido","article_published_time":"2021-03-05T13:58:17+00:00","article_modified_time":"2022-04-03T18:09:59+00:00","og_image":[{"width":1800,"height":1221,"url":"https:\/\/gradido.net\/wp-content\/uploads\/2021\/02\/podcast_www_lueder.jpg","type":"image\/jpeg"}],"author":"Bernd H\u00fcckst\u00e4dt","twitter_card":"summary_large_image","twitter_misc":{"Written by":"Bernd H\u00fcckst\u00e4dt","Est. reading time":"1 min\u016bte"},"schema":{"@context":"https:\/\/schema.org","@graph":[{"@type":"Article","@id":"https:\/\/gradido.net\/fr\/episode-10\/#article","isPartOf":{"@id":"https:\/\/gradido.net\/fr\/episode-10\/"},"author":{"name":"Bernd H\u00fcckst\u00e4dt","@id":"https:\/\/gradido.net\/de\/#\/schema\/person\/9c503a004ad15a1ddecadce2218db5d1"},"headline":"Wood Wide Web: Gro\u00dfe Kooperation in der Natur","datePublished":"2021-03-05T13:58:17+00:00","dateModified":"2022-04-03T18:09:59+00:00","mainEntityOfPage":{"@id":"https:\/\/gradido.net\/fr\/episode-10\/"},"wordCount":241,"publisher":{"@id":"https:\/\/gradido.net\/de\/#organization"},"image":{"@id":"https:\/\/gradido.net\/fr\/episode-10\/#primaryimage"},"thumbnailUrl":"https:\/\/gradido.net\/wp-content\/uploads\/2021\/02\/podcast_www_lueder.jpg","keywords":["Grundeinkommen"],"articleSection":["Podcast"],"inLanguage":"lv-LV"},{"@type":"WebPage","@id":"https:\/\/gradido.net\/fr\/episode-10\/","url":"https:\/\/gradido.net\/fr\/episode-10\/","name":"Wood Wide Web: Lieliska sadarb\u012bba dab\u0101 - Gradido","isPartOf":{"@id":"https:\/\/gradido.net\/de\/#website"},"primaryImageOfPage":{"@id":"https:\/\/gradido.net\/fr\/episode-10\/#primaryimage"},"image":{"@id":"https:\/\/gradido.net\/fr\/episode-10\/#primaryimage"},"thumbnailUrl":"https:\/\/gradido.net\/wp-content\/uploads\/2021\/02\/podcast_www_lueder.jpg","datePublished":"2021-03-05T13:58:17+00:00","dateModified":"2022-04-03T18:09:59+00:00","breadcrumb":{"@id":"https:\/\/gradido.net\/fr\/episode-10\/#breadcrumb"},"inLanguage":"lv-LV","potentialAction":[{"@type":"ReadAction","target":["https:\/\/gradido.net\/fr\/episode-10\/"]}]},{"@type":"ImageObject","inLanguage":"lv-LV","@id":"https:\/\/gradido.net\/fr\/episode-10\/#primaryimage","url":"https:\/\/gradido.net\/wp-content\/uploads\/2021\/02\/podcast_www_lueder.jpg","contentUrl":"https:\/\/gradido.net\/wp-content\/uploads\/2021\/02\/podcast_www_lueder.jpg","width":1800,"height":1221},{"@type":"BreadcrumbList","@id":"https:\/\/gradido.net\/fr\/episode-10\/#breadcrumb","itemListElement":[{"@type":"ListItem","position":1,"name":"Startseite","item":"https:\/\/gradido.net\/"},{"@type":"ListItem","position":2,"name":"Wood Wide Web: Gro\u00dfe Kooperation in der Natur"}]},{"@type":"WebSite","@id":"https:\/\/gradido.net\/de\/#website","url":"https:\/\/gradido.net\/de\/","name":"Gradido","description":"Jaun\u0101 val\u016bta ir pateic\u012bba","publisher":{"@id":"https:\/\/gradido.net\/de\/#organization"},"potentialAction":[{"@type":"SearchAction","target":{"@type":"EntryPoint","urlTemplate":"https:\/\/gradido.net\/de\/?s={search_term_string}"},"query-input":{"@type":"PropertyValueSpecification","valueRequired":true,"valueName":"search_term_string"}}],"inLanguage":"lv-LV"},{"@type":"Organization","@id":"https:\/\/gradido.net\/de\/#organization","name":"Gradido","url":"https:\/\/gradido.net\/de\/","logo":{"@type":"ImageObject","inLanguage":"lv-LV","@id":"https:\/\/gradido.net\/de\/#\/schema\/logo\/image\/","url":"https:\/\/gradido.net\/wp-content\/uploads\/2022\/04\/gradido-social.jpg","contentUrl":"https:\/\/gradido.net\/wp-content\/uploads\/2022\/04\/gradido-social.jpg","width":527,"height":273,"caption":"Gradido"},"image":{"@id":"https:\/\/gradido.net\/de\/#\/schema\/logo\/image\/"}},{"@type":"Person","@id":"https:\/\/gradido.net\/de\/#\/schema\/person\/9c503a004ad15a1ddecadce2218db5d1","name":"Bernd H\u00fcckst\u00e4dt","sameAs":["https:\/\/gradido.net"],"url":"https:\/\/gradido.net\/lv\/author\/bernd\/"}]}},"_links":{"self":[{"href":"https:\/\/gradido.net\/lv\/wp-json\/wp\/v2\/posts\/1910","targetHints":{"allow":["GET"]}}],"collection":[{"href":"https:\/\/gradido.net\/lv\/wp-json\/wp\/v2\/posts"}],"about":[{"href":"https:\/\/gradido.net\/lv\/wp-json\/wp\/v2\/types\/post"}],"author":[{"embeddable":true,"href":"https:\/\/gradido.net\/lv\/wp-json\/wp\/v2\/users\/2"}],"replies":[{"embeddable":true,"href":"https:\/\/gradido.net\/lv\/wp-json\/wp\/v2\/comments?post=1910"}],"version-history":[{"count":13,"href":"https:\/\/gradido.net\/lv\/wp-json\/wp\/v2\/posts\/1910\/revisions"}],"predecessor-version":[{"id":4162,"href":"https:\/\/gradido.net\/lv\/wp-json\/wp\/v2\/posts\/1910\/revisions\/4162"}],"wp:featuredmedia":[{"embeddable":true,"href":"https:\/\/gradido.net\/lv\/wp-json\/wp\/v2\/media\/1895"}],"wp:attachment":[{"href":"https:\/\/gradido.net\/lv\/wp-json\/wp\/v2\/media?parent=1910"}],"wp:term":[{"taxonomy":"category","embeddable":true,"href":"https:\/\/gradido.net\/lv\/wp-json\/wp\/v2\/categories?post=1910"},{"taxonomy":"post_tag","embeddable":true,"href":"https:\/\/gradido.net\/lv\/wp-json\/wp\/v2\/tags?post=1910"}],"curies":[{"name":"wp","href":"https:\/\/api.w.org\/{rel}","templated":true}]}}