{"id":1994,"date":"2021-03-11T12:06:47","date_gmt":"2021-03-11T11:06:47","guid":{"rendered":"https:\/\/gradido.net\/?p=1994"},"modified":"2021-12-11T21:01:44","modified_gmt":"2021-12-11T20:01:44","slug":"wirtschaftsforscher-nutzen-corona-krise-als-forschungslabor","status":"publish","type":"post","link":"https:\/\/gradido.net\/lv\/wirtschaftsforscher-nutzen-corona-krise-als-forschungslabor\/","title":{"rendered":"Ekonomikas p\u0113tnieki izmanto Corona kr\u012bzi k\u0101 p\u0113tniec\u012bbas laboratoriju"},"content":{"rendered":"<div data-elementor-type=\"wp-post\" data-elementor-id=\"1994\" class=\"elementor elementor-1994\" data-elementor-post-type=\"post\">\n\t\t\t\t\t\t<section class=\"elementor-section elementor-top-section elementor-element elementor-element-496e1d53 elementor-section-boxed elementor-section-height-default elementor-section-height-default\" data-id=\"496e1d53\" data-element_type=\"section\" data-e-type=\"section\">\n\t\t\t\t\t\t<div class=\"elementor-container elementor-column-gap-default\">\n\t\t\t\t\t<div class=\"elementor-column elementor-col-100 elementor-top-column elementor-element elementor-element-461d7be0\" data-id=\"461d7be0\" data-element_type=\"column\" data-e-type=\"column\">\n\t\t\t<div class=\"elementor-widget-wrap elementor-element-populated\">\n\t\t\t\t\t\t<div class=\"elementor-element elementor-element-cd9ebe2 elementor-widget elementor-widget-text-editor\" data-id=\"cd9ebe2\" data-element_type=\"widget\" data-e-type=\"widget\" data-widget_type=\"text-editor.default\">\n\t\t\t\t<div class=\"elementor-widget-container\">\n\t\t\t\t\t\t\t\t\t<h2>Par lab\u0101ku darba pasauli<\/h2><p><strong>K\u00fcnzelsau,11.03.2021 - Miljoniem cilv\u0113ku r\u016bpes par darbu rada tikko kontrol\u0113jamu trauksmi. Vi\u0146i ilgojas p\u0113c atgrie\u0161an\u0101s sav\u0101 vecaj\u0101 dz\u012bv\u0113, kur\u0101 ir \u0161\u0137ietama dro\u0161\u012bba un paredzam\u012bba. Bet vai tas patie\u0161\u0101m ir v\u0113lams? T\u0101 k\u0101 V\u0101cijas darba \u0146\u0113m\u0113ji jau pirms kr\u012bzes tika uzskat\u012bti par \"neapmierin\u0101t\u012bbas \u010dempioniem\", m\u0113s noteikti var\u0113tu izmantot pa\u0161reiz\u0113jo \u0101rk\u0101rtas st\u0101vokli k\u0101 p\u0113tniec\u012bbas laboratoriju lab\u0101kai darba pasaulei. Gradido akad\u0113mijas biznesa bionikas eksperti un paz\u012bstamais \u0160veices starptautisk\u0101s vad\u012bbas profesors, \"Musterbrecher\" profesors Hanss V\u012btrihs jau ir s\u0101ku\u0161i to dar\u012bt.<\/strong><\/p><p>Jau 2020. gad\u0101 D\u0101nij\u0101 veikts p\u0113t\u012bjums par darbinieku apmierin\u0101t\u012bbu pasaul\u0113 pier\u0101d\u012bja, ka nevien\u0101 pasaules valst\u012b cilv\u0113ki uz darbu neiet tik bezdarb\u012bgi k\u0101 V\u0101cij\u0101. Tas nav p\u0101rsteigums ne Gradido akad\u0113mijas uz\u0146\u0113m\u0113jdarb\u012bbas bionikas jom\u0101 l\u012bdzdibin\u0101t\u0101jam Berndam Huk\u0161tadtam (Bernd H\u00fcckst\u00e4dt), ne vad\u012bbas p\u0113tniekam profesoram Hansam V\u012btriham (Hans W\u00fcthrich). Abi uzskata, ka ir steidzami j\u0101reform\u0113 vad\u012bbas kult\u016bra un finan\u0161u sist\u0113ma - ne tikai \u0161aj\u0101 valst\u012b.<\/p><h3>Darbinieki ar ties\u012bb\u0101m<\/h3><p>Saska\u0146\u0101 ar jaun\u0101kajiem p\u0113t\u012bjumiem ne \u0101tra paaugstin\u0101\u0161ana amat\u0101, ne virs vid\u0113j\u0101s algas nav iz\u0161\u0137iro\u0161ie krit\u0113riji, izv\u0113loties n\u0101kamo darba dev\u0113ju. Gan studentus, gan darbiniekus dr\u012bz\u0101k vieno v\u0113lme sp\u0113l\u0113t pozit\u012bvu lomu n\u0101kotnes veido\u0161an\u0101. \u0160o tendenci apstiprina ar\u012b profesors V\u012btrihs: \"Daudziem cilv\u0113kiem m\u016bsdien\u0101s vairs nepietiek tikai ar algas sa\u0146em\u0161anu par darba rezult\u0101tiem. Ne tikai jaunie\u0161i, bet cilv\u0113ki kopum\u0101 v\u0113las main\u012bt pasauli uz labo pusi, aizsarg\u0101t vidi un t\u0101s dabas resursus un dar\u012bt kaut ko j\u0113gpilnu. Manupr\u0101t, tas noz\u012bm\u0113, ka organiz\u0101cij\u0101m ir daudz vair\u0101k j\u0101piev\u0113r\u0161 uzman\u012bba tam, k\u0101p\u0113c, t.i., j\u0101legitimiz\u0113 savas past\u0101v\u0113\u0161anas iemesls. Vi\u0146iem ir j\u0101atbild uz jaut\u0101jumu: k\u0101ds ir m\u016bsu pozit\u012bvais ieguld\u012bjums lab\u0101kas pasaules veido\u0161an\u0101? Kas un k\u0101d\u0101 veid\u0101 g\u016bst labumu no m\u016bsu uz\u0146\u0113m\u0113jdarb\u012bbas pan\u0101kumiem? N\u0101kotn\u0113 organiz\u0101cij\u0101m aizvien bie\u017e\u0101k b\u016bs j\u0101pied\u0101v\u0101 dz\u012bves telpas, kur\u0101s darbinieki var\u0113s pilnveidoties un att\u012bst\u012bt savu potenci\u0101lu.<\/p><h3>Corona kr\u012bze k\u0101 n\u0101kotnes iesp\u0113ju laboratorija<\/h3><p>Prof. V\u012btrihs uzskata, ka tas, ka daudzas organiz\u0101cijas kr\u012bzes apst\u0101k\u013cos ir spiestas izv\u0113l\u0113ties piln\u012bgi jaunus ce\u013cus, rada \"re\u0101lu iesp\u0113ju laboratoriju n\u0101kotnei\". \"Visi \u0161ie nepl\u0101notie eksperimenti sniedz unik\u0101lu iesp\u0113ju atbr\u012bvot ar\u012b vad\u012bbas kult\u016bru no nepiem\u0113rotiem aizspriedumiem, dogm\u0101m un tabu un gudri to att\u012bst\u012bt.\" Vadoties p\u0113c principa \"refleksijas, nevis refleksijas\", vad\u012bbas eksperts aicina vad\u012bt\u0101jus velt\u012bt laiku, lai r\u016bp\u012bg\u0101k analiz\u0113tu Corona pas\u0101kumu izrais\u012btos nov\u0113rojumus, kas ir \u013coti interesanti organizatorisk\u0101s kult\u016bras zi\u0146\u0101, neraugoties uz saprotamo v\u0113lmi p\u0113c iesp\u0113jas \u0101tr\u0101k atgriezties norm\u0101l\u0101 st\u0101vokl\u012b pirms Corona. \"Un, iesp\u0113jams, mums vajadz\u0113tu ar\u012b p\u0101rv\u0113rst utopijas realit\u0101t\u0113, izdar\u012bt savus secin\u0101jumus un apzin\u0101ti izlemt, kuru no Corona \u0161oka re\u017e\u012bm\u0101 g\u016btaj\u0101m pieredz\u0113m un atzi\u0146\u0101m p\u0101rnest uz n\u0101kotnes darba pasauli k\u0101 jaunu normalit\u0101ti.\"\"<\/p><h3>Laiks jaunai ekonomikas sist\u0113mai<\/h3><p>Gradido akad\u0113mijas ekonomisk\u0101s bionikas p\u0113tnieki jau ir izstr\u0101d\u0101ju\u0161i koncepciju lab\u0101kai darba un dz\u012bves videi. Vair\u0101k nek\u0101 div\u0101s desmitgad\u0113s p\u0113tnieki, kas darbojas ap kop\u012bg\u0101s labkl\u0101j\u012bbas val\u016btu Gradido (GDD), ir sp\u0113ju\u0161i izstr\u0101d\u0101t ekonomikas un finan\u0161u sist\u0113mu, kas ne tikai piln\u012bb\u0101 main\u012bs darba pasauli. Huk\u0161tads, kur\u0161 ir viens no akad\u0113mijas dibin\u0101t\u0101jiem, saka: \"Laiks p\u0101rmai\u0146\u0101m v\u0113l nekad nav bijis tik labv\u0113l\u012bgs k\u0101 tagad. Korona kr\u012bze ir \u012bsta laboratorija, pat ja esam taj\u0101 iek\u013cuvu\u0161i nevil\u0161us. Vairs nepast\u0101v\u0113s vec\u0101 normalit\u0101te, bet gan pavisam cita daudzveid\u012bba. Ar jaunu ekonomikas, finan\u0161u un monet\u0101ro sist\u0113mu m\u0113s rad\u0101m piln\u012bgi jaunas iesp\u0113jas att\u012bst\u012bties un pilnveidoties.\"<\/p><h3>Jauns scen\u0101rijs valdes s\u0113\u017eu z\u0101lei?<\/h3><p>Liel\u0101kajai da\u013cai vad\u012bt\u0101ju joproj\u0101m tr\u016bkst p\u0101rliec\u012bbas un pieredzes, k\u0101 str\u0101d\u0101t ar darbinieku kolekt\u012bvo intelektu. Prof. V\u012btrihs uzskata, ka t\u0101p\u0113c pa\u0161laik potenci\u0101ls tiek izn\u012bcin\u0101ts, nevis att\u012bst\u012bts, \"un tiek palaista gar\u0101m iesp\u0113ja \u012bstenot lab\u0101kus risin\u0101jumus un kvalitat\u012bv\u0101ku probl\u0113mu risin\u0101\u0161anu, iesaistot daudzus. Svar\u012bg\u0101k\u0101s pieejas veiksm\u012bgai n\u0101kotnes korporat\u012bvajai kult\u016brai b\u016btu uztic\u0113ties darbinieku kompetencei un v\u0113rt\u0113jumam un koncentr\u0113ties uz vi\u0146u potenci\u0101la att\u012bst\u012b\u0161anu.<\/p><h3>Gradido potenci\u0101la att\u012bst\u012bba ir programma<\/h3><p>Gradido model\u012b vislab\u0101k\u0101 iesp\u0113jam\u0101 savu talantu veicin\u0101\u0161ana ir gandr\u012bz imanenta sist\u0113mai. Tas tiek uzskat\u012bts par \"beznosac\u012bjumu l\u012bdzdal\u012bbas\" kodolu, kas tiek pied\u0101v\u0101ts katrai personai k\u0101 ieguld\u012bjums \"akt\u012bv\u0101 pamatien\u0101kuma\" nodro\u0161in\u0101\u0161an\u0101. H\u00fcckst\u00e4dt paskaidro: \"Ja m\u016bsu modelis iedz\u012bvosies, potenci\u0101la att\u012bst\u012bba k\u013c\u016bs par vienu no dz\u012bves centr\u0101laj\u0101m t\u0113m\u0101m. Ir \u013coti svar\u012bgi, lai m\u0113s ar Gradido var\u0113tu pan\u0101kt, ka ikviens cilv\u0113ks ir nodro\u0161in\u0101ts. Kam\u0113r esmu spiests c\u012bn\u012bties par savu eksistenci un piekrist praktiski jebkuram darbam, lai nodro\u0161in\u0101tu izdz\u012bvo\u0161anu, tik ilgi man vairs nav daudz iesp\u0113ju att\u012bst\u012bt savu potenci\u0101lu. Tom\u0113r galu gal\u0101 t\u0101 ir atsl\u0113ga uz pilnv\u0113rt\u012bgu dz\u012bvi un visas kopienas iesp\u0113jami liel\u0101kajiem pan\u0101kumiem. T\u0101p\u0113c Gradido model\u012b ikviens var sa\u0146emt \"akt\u012bvo pamatien\u0101kumu\".\"<\/p><p>Eksistenci\u0101lo bai\u013cu un konkurences apburt\u0101 loka p\u0101rrau\u0161ana<br \/>Gradido rada v\u0113l vienu neaizst\u0101jamu priek\u0161noteikumu pilnv\u0113rt\u012bgai l\u012bdz\u0101spast\u0101v\u0113\u0161anai, atce\u013cot \"par\u0101da un naudas principu\". Hikstads saka: \"Kam\u0113r viena kred\u012bts ir otra par\u0101ds, m\u0113s, cilv\u0113ki, nevaram dz\u012bvot mier\u0101 viens ar otru. No otras puses, Gradido naudas rad\u012b\u0161ana katram indiv\u012bdam rada pamatu priec\u012bgai un pat\u012bkamai l\u012bdz\u0101spast\u0101v\u0113\u0161anai. Saska\u0146\u0101 ar dev\u012bzi \"sadarb\u012bba, nevis konkurence\" m\u0113s sp\u0113sim izmantot siner\u0123iju un att\u012bst\u012bt solidarit\u0101ti.\"<\/p><p>\u0160\u0101d\u0101 gar\u0101 Bernds Hik\u0161tads un Gradido akad\u0113mijas \u012bpa\u0161niece Margr\u0113ta Baire aicina domubiedrus un lab\u0101kas (darba) pasaules draugus uz apmai\u0146u un sadarb\u012bbu.<\/p><p>S\u012bk\u0101ka inform\u0101cija par Gradido modeli un podk\u0101sta epizode ar profesoru Hansu V\u012btrihu (Hans W\u00fcthrich), Berndu Huk\u0161tedtu (Bernd H\u00fcckst\u00e4dt) un Mihaelu M\u0113rsheuzeru (Michael M\u00e4rzheuser) par t\u0113mu \"Pattern Breakers - Making Utopias a Reality\" vietn\u0113 www.gradido.net.<\/p><p><!-- \/wp:paragraph --><\/p>\t\t\t\t\t\t\t\t<\/div>\n\t\t\t\t<\/div>\n\t\t\t\t<div class=\"elementor-element elementor-element-e9ff241 elementor-widget elementor-widget-text-editor\" data-id=\"e9ff241\" data-element_type=\"widget\" data-e-type=\"widget\" data-widget_type=\"text-editor.default\">\n\t\t\t\t<div class=\"elementor-widget-container\">\n\t\t\t\t\t\t\t\t\t<p><strong>Par Gradido akad\u0113miju<\/strong><br>Gradido Ekonomikas bionikas akad\u0113mija (Gradido Academy for Economic Bionics) ir izstr\u0101d\u0101jusi alternat\u012bvu \"kop\u0113j\u0101 labuma val\u016btu\", kas ir veidota p\u0113c dabas parauga. Daba iev\u0113ro likumu, ka tikai tur, kur kaut kas izz\u016bd, var rasties kaut kas jauns, un t\u0101d\u0113j\u0101di ir iesp\u0113jami ilgtermi\u0146a uzlabojumi (evol\u016bcija). T\u0101s veiksmes recepte ir \"dz\u012bves cikls\". Ja ar\u012b m\u016bsu ekonomik\u0101 notiktu \u0161is dabiskais cikls, tas atrisin\u0101tu praktiski visas ar naudu saist\u012bt\u0101s pasaules probl\u0113mas, uzskata ekonomikas bionikas eksperti. Gradido mode\u013ca pamat\u0101 ir ideja, ka ne tikai katra persona, bet ar\u012b katra valsts sa\u0146em ien\u0101kumus, kas tiek veidoti uz kred\u012bta b\u0101zes. T\u0101d\u0113j\u0101di t\u0101 var veikt visus savus uzdevumus, neiekas\u0113jot nodok\u013cus. Defl\u0101cija vai infl\u0101cija ir pag\u0101tnes lietas. Ekonomika ir atbr\u012bvota no nep\u0101rtrauktas nepiecie\u0161am\u012bbas augt, un finan\u0161u sist\u0113mas sabrukuma draudi beidzot ir nov\u0113rsti. (<a href=\"https:\/\/gradido.net\/lv\/\">www.gradido.net<\/a>)<\/p>\t\t\t\t\t\t\t\t<\/div>\n\t\t\t\t<\/div>\n\t\t\t\t\t<\/div>\n\t\t<\/div>\n\t\t\t\t\t<\/div>\n\t\t<\/section>\n\t\t\t\t<\/div>","protected":false},"excerpt":{"rendered":"<p>F\u00fcr eine bessere Arbeitswelt K\u00fcnzelsau,11.03.2021 \u2013 Millionen Menschen beschert die Sorge um ihren Arbeitsplatz kaum beherrschbare \u00c4ngste. Sie sehnen sich nach der R\u00fcckkehr in ihr altes Leben mit seiner vermeintlichen Sicherheit und Berechenbarkeit. Aber ist das wirklich erstrebenswert? Nachdem deutsche Arbeitnehmer schon vor der Krise als \u201aFrustweltmeister\u2018 galten, k\u00f6nnten wir den aktuellen Ausnahmezustand auch durchaus [&hellip;]<\/p>\n","protected":false},"author":2,"featured_media":1939,"comment_status":"closed","ping_status":"closed","sticky":false,"template":"","format":"standard","meta":{"footnotes":""},"categories":[8],"tags":[],"class_list":["post-1994","post","type-post","status-publish","format-standard","has-post-thumbnail","hentry","category-pressemitteilung"],"yoast_head":"<!-- This site is optimized with the Yoast SEO plugin v27.5 - https:\/\/yoast.com\/product\/yoast-seo-wordpress\/ -->\n<title>Wirtschaftsforscher nutzen Corona-Krise als Forschungslabor - Gradido<\/title>\n<meta name=\"robots\" content=\"index, follow, max-snippet:-1, max-image-preview:large, max-video-preview:-1\" \/>\n<link rel=\"canonical\" href=\"https:\/\/gradido.net\/lv\/wirtschaftsforscher-nutzen-corona-krise-als-forschungslabor\/\" \/>\n<meta property=\"og:locale\" content=\"lv_LV\" \/>\n<meta property=\"og:type\" content=\"article\" \/>\n<meta property=\"og:title\" content=\"Wirtschaftsforscher nutzen Corona-Krise als Forschungslabor - Gradido\" \/>\n<meta property=\"og:description\" content=\"F\u00fcr eine bessere Arbeitswelt K\u00fcnzelsau,11.03.2021 \u2013 Millionen Menschen beschert die Sorge um ihren Arbeitsplatz kaum beherrschbare \u00c4ngste. Sie sehnen sich nach der R\u00fcckkehr in ihr altes Leben mit seiner vermeintlichen Sicherheit und Berechenbarkeit. Aber ist das wirklich erstrebenswert? Nachdem deutsche Arbeitnehmer schon vor der Krise als \u201aFrustweltmeister\u2018 galten, k\u00f6nnten wir den aktuellen Ausnahmezustand auch durchaus [&hellip;]\" \/>\n<meta property=\"og:url\" content=\"https:\/\/gradido.net\/lv\/wirtschaftsforscher-nutzen-corona-krise-als-forschungslabor\/\" \/>\n<meta property=\"og:site_name\" content=\"Gradido\" \/>\n<meta property=\"article:published_time\" content=\"2021-03-11T11:06:47+00:00\" \/>\n<meta property=\"article:modified_time\" content=\"2021-12-11T20:01:44+00:00\" \/>\n<meta property=\"og:image\" content=\"https:\/\/gradido.net\/wp-content\/uploads\/2021\/03\/krise_als_forschungslabor.jpg\" \/>\n\t<meta property=\"og:image:width\" content=\"1750\" \/>\n\t<meta property=\"og:image:height\" content=\"1188\" \/>\n\t<meta property=\"og:image:type\" content=\"image\/jpeg\" \/>\n<meta name=\"author\" content=\"Bernd H\u00fcckst\u00e4dt\" \/>\n<meta name=\"twitter:card\" content=\"summary_large_image\" \/>\n<meta name=\"twitter:label1\" content=\"Written by\" \/>\n\t<meta name=\"twitter:data1\" content=\"Bernd H\u00fcckst\u00e4dt\" \/>\n\t<meta name=\"twitter:label2\" content=\"Est. reading time\" \/>\n\t<meta name=\"twitter:data2\" content=\"5 min\u016btes\" \/>\n<script type=\"application\/ld+json\" class=\"yoast-schema-graph\">{\"@context\":\"https:\\\/\\\/schema.org\",\"@graph\":[{\"@type\":\"Article\",\"@id\":\"https:\\\/\\\/gradido.net\\\/wirtschaftsforscher-nutzen-corona-krise-als-forschungslabor\\\/#article\",\"isPartOf\":{\"@id\":\"https:\\\/\\\/gradido.net\\\/wirtschaftsforscher-nutzen-corona-krise-als-forschungslabor\\\/\"},\"author\":{\"name\":\"Bernd H\u00fcckst\u00e4dt\",\"@id\":\"https:\\\/\\\/gradido.net\\\/de\\\/#\\\/schema\\\/person\\\/9c503a004ad15a1ddecadce2218db5d1\"},\"headline\":\"Wirtschaftsforscher nutzen Corona-Krise als Forschungslabor\",\"datePublished\":\"2021-03-11T11:06:47+00:00\",\"dateModified\":\"2021-12-11T20:01:44+00:00\",\"mainEntityOfPage\":{\"@id\":\"https:\\\/\\\/gradido.net\\\/wirtschaftsforscher-nutzen-corona-krise-als-forschungslabor\\\/\"},\"wordCount\":1096,\"publisher\":{\"@id\":\"https:\\\/\\\/gradido.net\\\/de\\\/#organization\"},\"image\":{\"@id\":\"https:\\\/\\\/gradido.net\\\/wirtschaftsforscher-nutzen-corona-krise-als-forschungslabor\\\/#primaryimage\"},\"thumbnailUrl\":\"https:\\\/\\\/gradido.net\\\/wp-content\\\/uploads\\\/2021\\\/03\\\/krise_als_forschungslabor.jpg\",\"articleSection\":[\"Pressemitteilung\"],\"inLanguage\":\"lv-LV\"},{\"@type\":\"WebPage\",\"@id\":\"https:\\\/\\\/gradido.net\\\/wirtschaftsforscher-nutzen-corona-krise-als-forschungslabor\\\/\",\"url\":\"https:\\\/\\\/gradido.net\\\/wirtschaftsforscher-nutzen-corona-krise-als-forschungslabor\\\/\",\"name\":\"Wirtschaftsforscher nutzen Corona-Krise als Forschungslabor - Gradido\",\"isPartOf\":{\"@id\":\"https:\\\/\\\/gradido.net\\\/de\\\/#website\"},\"primaryImageOfPage\":{\"@id\":\"https:\\\/\\\/gradido.net\\\/wirtschaftsforscher-nutzen-corona-krise-als-forschungslabor\\\/#primaryimage\"},\"image\":{\"@id\":\"https:\\\/\\\/gradido.net\\\/wirtschaftsforscher-nutzen-corona-krise-als-forschungslabor\\\/#primaryimage\"},\"thumbnailUrl\":\"https:\\\/\\\/gradido.net\\\/wp-content\\\/uploads\\\/2021\\\/03\\\/krise_als_forschungslabor.jpg\",\"datePublished\":\"2021-03-11T11:06:47+00:00\",\"dateModified\":\"2021-12-11T20:01:44+00:00\",\"breadcrumb\":{\"@id\":\"https:\\\/\\\/gradido.net\\\/wirtschaftsforscher-nutzen-corona-krise-als-forschungslabor\\\/#breadcrumb\"},\"inLanguage\":\"lv-LV\",\"potentialAction\":[{\"@type\":\"ReadAction\",\"target\":[\"https:\\\/\\\/gradido.net\\\/wirtschaftsforscher-nutzen-corona-krise-als-forschungslabor\\\/\"]}]},{\"@type\":\"ImageObject\",\"inLanguage\":\"lv-LV\",\"@id\":\"https:\\\/\\\/gradido.net\\\/wirtschaftsforscher-nutzen-corona-krise-als-forschungslabor\\\/#primaryimage\",\"url\":\"https:\\\/\\\/gradido.net\\\/wp-content\\\/uploads\\\/2021\\\/03\\\/krise_als_forschungslabor.jpg\",\"contentUrl\":\"https:\\\/\\\/gradido.net\\\/wp-content\\\/uploads\\\/2021\\\/03\\\/krise_als_forschungslabor.jpg\",\"width\":1750,\"height\":1188},{\"@type\":\"BreadcrumbList\",\"@id\":\"https:\\\/\\\/gradido.net\\\/wirtschaftsforscher-nutzen-corona-krise-als-forschungslabor\\\/#breadcrumb\",\"itemListElement\":[{\"@type\":\"ListItem\",\"position\":1,\"name\":\"Startseite\",\"item\":\"https:\\\/\\\/gradido.net\\\/\"},{\"@type\":\"ListItem\",\"position\":2,\"name\":\"Wirtschaftsforscher nutzen Corona-Krise als Forschungslabor\"}]},{\"@type\":\"WebSite\",\"@id\":\"https:\\\/\\\/gradido.net\\\/de\\\/#website\",\"url\":\"https:\\\/\\\/gradido.net\\\/de\\\/\",\"name\":\"Gradido\",\"description\":\"Die neue W\u00e4hrung hei\u00dft Dankbarkeit\",\"publisher\":{\"@id\":\"https:\\\/\\\/gradido.net\\\/de\\\/#organization\"},\"potentialAction\":[{\"@type\":\"SearchAction\",\"target\":{\"@type\":\"EntryPoint\",\"urlTemplate\":\"https:\\\/\\\/gradido.net\\\/de\\\/?s={search_term_string}\"},\"query-input\":{\"@type\":\"PropertyValueSpecification\",\"valueRequired\":true,\"valueName\":\"search_term_string\"}}],\"inLanguage\":\"lv-LV\"},{\"@type\":\"Organization\",\"@id\":\"https:\\\/\\\/gradido.net\\\/de\\\/#organization\",\"name\":\"Gradido\",\"url\":\"https:\\\/\\\/gradido.net\\\/de\\\/\",\"logo\":{\"@type\":\"ImageObject\",\"inLanguage\":\"lv-LV\",\"@id\":\"https:\\\/\\\/gradido.net\\\/de\\\/#\\\/schema\\\/logo\\\/image\\\/\",\"url\":\"https:\\\/\\\/gradido.net\\\/wp-content\\\/uploads\\\/2022\\\/04\\\/gradido-social.jpg\",\"contentUrl\":\"https:\\\/\\\/gradido.net\\\/wp-content\\\/uploads\\\/2022\\\/04\\\/gradido-social.jpg\",\"width\":527,\"height\":273,\"caption\":\"Gradido\"},\"image\":{\"@id\":\"https:\\\/\\\/gradido.net\\\/de\\\/#\\\/schema\\\/logo\\\/image\\\/\"}},{\"@type\":\"Person\",\"@id\":\"https:\\\/\\\/gradido.net\\\/de\\\/#\\\/schema\\\/person\\\/9c503a004ad15a1ddecadce2218db5d1\",\"name\":\"Bernd H\u00fcckst\u00e4dt\",\"sameAs\":[\"https:\\\/\\\/gradido.net\"],\"url\":\"https:\\\/\\\/gradido.net\\\/lv\\\/author\\\/bernd\\\/\"}]}<\/script>\n<!-- \/ Yoast SEO plugin. -->","yoast_head_json":{"title":"Ekonomikas p\u0113tnieki izmanto Corona kr\u012bzi k\u0101 p\u0113tniec\u012bbas laboratoriju - Gradido","robots":{"index":"index","follow":"follow","max-snippet":"max-snippet:-1","max-image-preview":"max-image-preview:large","max-video-preview":"max-video-preview:-1"},"canonical":"https:\/\/gradido.net\/lv\/wirtschaftsforscher-nutzen-corona-krise-als-forschungslabor\/","og_locale":"lv_LV","og_type":"article","og_title":"Wirtschaftsforscher nutzen Corona-Krise als Forschungslabor - Gradido","og_description":"F\u00fcr eine bessere Arbeitswelt K\u00fcnzelsau,11.03.2021 \u2013 Millionen Menschen beschert die Sorge um ihren Arbeitsplatz kaum beherrschbare \u00c4ngste. Sie sehnen sich nach der R\u00fcckkehr in ihr altes Leben mit seiner vermeintlichen Sicherheit und Berechenbarkeit. Aber ist das wirklich erstrebenswert? Nachdem deutsche Arbeitnehmer schon vor der Krise als \u201aFrustweltmeister\u2018 galten, k\u00f6nnten wir den aktuellen Ausnahmezustand auch durchaus [&hellip;]","og_url":"https:\/\/gradido.net\/lv\/wirtschaftsforscher-nutzen-corona-krise-als-forschungslabor\/","og_site_name":"Gradido","article_published_time":"2021-03-11T11:06:47+00:00","article_modified_time":"2021-12-11T20:01:44+00:00","og_image":[{"width":1750,"height":1188,"url":"https:\/\/gradido.net\/wp-content\/uploads\/2021\/03\/krise_als_forschungslabor.jpg","type":"image\/jpeg"}],"author":"Bernd H\u00fcckst\u00e4dt","twitter_card":"summary_large_image","twitter_misc":{"Written by":"Bernd H\u00fcckst\u00e4dt","Est. reading time":"5 min\u016btes"},"schema":{"@context":"https:\/\/schema.org","@graph":[{"@type":"Article","@id":"https:\/\/gradido.net\/wirtschaftsforscher-nutzen-corona-krise-als-forschungslabor\/#article","isPartOf":{"@id":"https:\/\/gradido.net\/wirtschaftsforscher-nutzen-corona-krise-als-forschungslabor\/"},"author":{"name":"Bernd H\u00fcckst\u00e4dt","@id":"https:\/\/gradido.net\/de\/#\/schema\/person\/9c503a004ad15a1ddecadce2218db5d1"},"headline":"Wirtschaftsforscher nutzen Corona-Krise als Forschungslabor","datePublished":"2021-03-11T11:06:47+00:00","dateModified":"2021-12-11T20:01:44+00:00","mainEntityOfPage":{"@id":"https:\/\/gradido.net\/wirtschaftsforscher-nutzen-corona-krise-als-forschungslabor\/"},"wordCount":1096,"publisher":{"@id":"https:\/\/gradido.net\/de\/#organization"},"image":{"@id":"https:\/\/gradido.net\/wirtschaftsforscher-nutzen-corona-krise-als-forschungslabor\/#primaryimage"},"thumbnailUrl":"https:\/\/gradido.net\/wp-content\/uploads\/2021\/03\/krise_als_forschungslabor.jpg","articleSection":["Pressemitteilung"],"inLanguage":"lv-LV"},{"@type":"WebPage","@id":"https:\/\/gradido.net\/wirtschaftsforscher-nutzen-corona-krise-als-forschungslabor\/","url":"https:\/\/gradido.net\/wirtschaftsforscher-nutzen-corona-krise-als-forschungslabor\/","name":"Ekonomikas p\u0113tnieki izmanto Corona kr\u012bzi k\u0101 p\u0113tniec\u012bbas laboratoriju - Gradido","isPartOf":{"@id":"https:\/\/gradido.net\/de\/#website"},"primaryImageOfPage":{"@id":"https:\/\/gradido.net\/wirtschaftsforscher-nutzen-corona-krise-als-forschungslabor\/#primaryimage"},"image":{"@id":"https:\/\/gradido.net\/wirtschaftsforscher-nutzen-corona-krise-als-forschungslabor\/#primaryimage"},"thumbnailUrl":"https:\/\/gradido.net\/wp-content\/uploads\/2021\/03\/krise_als_forschungslabor.jpg","datePublished":"2021-03-11T11:06:47+00:00","dateModified":"2021-12-11T20:01:44+00:00","breadcrumb":{"@id":"https:\/\/gradido.net\/wirtschaftsforscher-nutzen-corona-krise-als-forschungslabor\/#breadcrumb"},"inLanguage":"lv-LV","potentialAction":[{"@type":"ReadAction","target":["https:\/\/gradido.net\/wirtschaftsforscher-nutzen-corona-krise-als-forschungslabor\/"]}]},{"@type":"ImageObject","inLanguage":"lv-LV","@id":"https:\/\/gradido.net\/wirtschaftsforscher-nutzen-corona-krise-als-forschungslabor\/#primaryimage","url":"https:\/\/gradido.net\/wp-content\/uploads\/2021\/03\/krise_als_forschungslabor.jpg","contentUrl":"https:\/\/gradido.net\/wp-content\/uploads\/2021\/03\/krise_als_forschungslabor.jpg","width":1750,"height":1188},{"@type":"BreadcrumbList","@id":"https:\/\/gradido.net\/wirtschaftsforscher-nutzen-corona-krise-als-forschungslabor\/#breadcrumb","itemListElement":[{"@type":"ListItem","position":1,"name":"Startseite","item":"https:\/\/gradido.net\/"},{"@type":"ListItem","position":2,"name":"Wirtschaftsforscher nutzen Corona-Krise als Forschungslabor"}]},{"@type":"WebSite","@id":"https:\/\/gradido.net\/de\/#website","url":"https:\/\/gradido.net\/de\/","name":"Gradido","description":"Jaun\u0101 val\u016bta ir pateic\u012bba","publisher":{"@id":"https:\/\/gradido.net\/de\/#organization"},"potentialAction":[{"@type":"SearchAction","target":{"@type":"EntryPoint","urlTemplate":"https:\/\/gradido.net\/de\/?s={search_term_string}"},"query-input":{"@type":"PropertyValueSpecification","valueRequired":true,"valueName":"search_term_string"}}],"inLanguage":"lv-LV"},{"@type":"Organization","@id":"https:\/\/gradido.net\/de\/#organization","name":"Gradido","url":"https:\/\/gradido.net\/de\/","logo":{"@type":"ImageObject","inLanguage":"lv-LV","@id":"https:\/\/gradido.net\/de\/#\/schema\/logo\/image\/","url":"https:\/\/gradido.net\/wp-content\/uploads\/2022\/04\/gradido-social.jpg","contentUrl":"https:\/\/gradido.net\/wp-content\/uploads\/2022\/04\/gradido-social.jpg","width":527,"height":273,"caption":"Gradido"},"image":{"@id":"https:\/\/gradido.net\/de\/#\/schema\/logo\/image\/"}},{"@type":"Person","@id":"https:\/\/gradido.net\/de\/#\/schema\/person\/9c503a004ad15a1ddecadce2218db5d1","name":"Bernd H\u00fcckst\u00e4dt","sameAs":["https:\/\/gradido.net"],"url":"https:\/\/gradido.net\/lv\/author\/bernd\/"}]}},"_links":{"self":[{"href":"https:\/\/gradido.net\/lv\/wp-json\/wp\/v2\/posts\/1994","targetHints":{"allow":["GET"]}}],"collection":[{"href":"https:\/\/gradido.net\/lv\/wp-json\/wp\/v2\/posts"}],"about":[{"href":"https:\/\/gradido.net\/lv\/wp-json\/wp\/v2\/types\/post"}],"author":[{"embeddable":true,"href":"https:\/\/gradido.net\/lv\/wp-json\/wp\/v2\/users\/2"}],"replies":[{"embeddable":true,"href":"https:\/\/gradido.net\/lv\/wp-json\/wp\/v2\/comments?post=1994"}],"version-history":[{"count":8,"href":"https:\/\/gradido.net\/lv\/wp-json\/wp\/v2\/posts\/1994\/revisions"}],"predecessor-version":[{"id":3766,"href":"https:\/\/gradido.net\/lv\/wp-json\/wp\/v2\/posts\/1994\/revisions\/3766"}],"wp:featuredmedia":[{"embeddable":true,"href":"https:\/\/gradido.net\/lv\/wp-json\/wp\/v2\/media\/1939"}],"wp:attachment":[{"href":"https:\/\/gradido.net\/lv\/wp-json\/wp\/v2\/media?parent=1994"}],"wp:term":[{"taxonomy":"category","embeddable":true,"href":"https:\/\/gradido.net\/lv\/wp-json\/wp\/v2\/categories?post=1994"},{"taxonomy":"post_tag","embeddable":true,"href":"https:\/\/gradido.net\/lv\/wp-json\/wp\/v2\/tags?post=1994"}],"curies":[{"name":"wp","href":"https:\/\/api.w.org\/{rel}","templated":true}]}}