{"id":2805,"date":"2021-06-17T16:37:52","date_gmt":"2021-06-17T14:37:52","guid":{"rendered":"https:\/\/gradido.net\/?p=2805"},"modified":"2021-12-11T21:04:30","modified_gmt":"2021-12-11T20:04:30","slug":"nur-die-natuerliche-oekonomie-des-lebens-kann-armut-besiegen","status":"publish","type":"post","link":"https:\/\/gradido.net\/lv\/nur-die-natuerliche-oekonomie-des-lebens-kann-armut-besiegen\/","title":{"rendered":"Nabadz\u012bbu var p\u0101rvar\u0113t tikai \"dabisk\u0101 dz\u012bves ekonomika\"."},"content":{"rendered":"<div data-elementor-type=\"wp-post\" data-elementor-id=\"2805\" class=\"elementor elementor-2805\" data-elementor-post-type=\"post\">\n\t\t\t\t\t\t<section class=\"elementor-section elementor-top-section elementor-element elementor-element-496e1d53 elementor-section-boxed elementor-section-height-default elementor-section-height-default\" data-id=\"496e1d53\" data-element_type=\"section\" data-e-type=\"section\">\n\t\t\t\t\t\t<div class=\"elementor-container elementor-column-gap-default\">\n\t\t\t\t\t<div class=\"elementor-column elementor-col-100 elementor-top-column elementor-element elementor-element-461d7be0\" data-id=\"461d7be0\" data-element_type=\"column\" data-e-type=\"column\">\n\t\t\t<div class=\"elementor-widget-wrap elementor-element-populated\">\n\t\t\t\t\t\t<div class=\"elementor-element elementor-element-cd9ebe2 elementor-widget elementor-widget-text-editor\" data-id=\"cd9ebe2\" data-element_type=\"widget\" data-e-type=\"widget\" data-widget_type=\"text-editor.default\">\n\t\t\t\t<div class=\"elementor-widget-container\">\n\t\t\t\t\t\t\t\t\t<h2>Izpratne par dabu, t\u0101s izmanto\u0161ana un aizsardz\u012bba<\/h2><p><strong>K\u00fcnzelsau,17.06.2021 - Kad ce\u013co\u0161ana, restor\u0101nu apmekl\u0113\u0161ana, te\u0101tra vakari un savies\u012bgas tik\u0161an\u0101s bija aizliegtas, daudzi cilv\u0113ki atrada piln\u012bgi jaunu pieeju dabai un vesel\u012bg\u0101kam dz\u012bvesveidam. Aiztur\u0113\u0161anas laik\u0101 uzplauka kulin\u0101rijas nodarb\u012bbas, k\u0101 ar\u012b m\u0101jas gar\u0161augu un d\u0101rze\u0146u d\u0101rzi. Pastaigas pa apk\u0101rtni sniedza aizkustino\u0161us iespaidus par t\u0101s skaistumu, bag\u0101t\u012bbu un daudzajiem apsl\u0113ptajiem d\u0101rgumiem mums apk\u0101rt. \u0160\u012b pieredze ne tikai dod iesp\u0113ju apdom\u012bg\u0101k iztur\u0113ties pret Zemes resursiem un m\u016bsu pa\u0161u vajadz\u012bb\u0101m. Miljardiem gadu ilg\u0101s, miljardiem gadu p\u0101rbaud\u012bt\u0101s dabas veiksmes receptes ir ar\u012b atsl\u0113ga uz pasaules m\u0113roga uzvaru p\u0101r badu un nabadz\u012bbu. Gradido Ekonomikas bionikas akad\u0113mija vair\u0101k nek\u0101 divdesmit gadu ilg\u0101 p\u0113tniec\u012bbas darb\u0101 ir izstr\u0101d\u0101jusi \"Dabisk\u0101s dz\u012bves ekonomikas\" sist\u0113mu, kas balst\u012bta uz dabisko tap\u0161anas un aizie\u0161anas ciklu. \u0160im \"Gradido modelim\" ir potenci\u0101ls izbeigt nabadz\u012bbu, badu, karus un vides izn\u012bcin\u0101\u0161anu vis\u0101 pasaul\u0113.<\/strong><\/p><h3>Zin\u0101tnieki aicina p\u0101rdom\u0101t<\/h3><p>Arvien vair\u0101k cilv\u0113ku s\u0101k apzin\u0101ties, ka ir nepiecie\u0161ams kori\u0123\u0113t kursu. T\u0101d\u0113j\u0101di, par godu vi\u0146a jaun\u0101s gr\u0101matas \"Mensch, Erde! \"Mums var\u0113tu b\u016bt tik labi\": \"Pamaz\u0101m mums pamaz\u0101m k\u013c\u016bst skaidrs: vesel\u012bba ir kas vair\u0101k nek\u0101 tabletes un ier\u012bces. Lai m\u0113s b\u016btu veseli, vispirms mums ir nepiecie\u0161ams kaut ko \u0113st, dzert un elpot. Un panesama gaisa temperat\u016bra \u0101r\u0101. Vesel\u012bgi cilv\u0113ki past\u0101v tikai vesel\u012bg\u0101 zem\u0113.\" Jaun\u0101k\u0101 profesore Dr. Verena Z\u0113ferte (Verena Seufert), kurai Robert Bosch Stiftung ir pie\u0161\u0137\u012bris vienu miljonu eiro, lai Hohenheimas Universit\u0101t\u0113 p\u0113t\u012btu dabas resursu ilgtsp\u0113j\u012bgu izmanto\u0161anu, ar\u012b pieprasa: \"Mums ir j\u0101atrod ilgtsp\u0113j\u012bgi p\u0101rtikas ra\u017eo\u0161anas veidi, lai m\u0113s ilgtermi\u0146\u0101 var\u0113tu pabarot visus cilv\u0113kus uz \u0161\u012bs zemes.\" Ekonomikas bionikas akad\u0113mijas Gradido \u012bpa\u0161niece Margr\u0113ta Baire (Margret Baier) iet v\u0113l vienu b\u016btisku soli t\u0101l\u0101k: \"Mums ir j\u0101izmanto daba k\u0101 paraugs. Tikai ar jaunu monet\u0101ro sist\u0113mu, kas balst\u012bta uz dz\u012bv\u012bbu, m\u012blest\u012bbu, l\u012bdzciet\u012bbu un simbiozi, cilv\u0113ce var p\u0101rvar\u0113t izaicin\u0101jumus visu cilv\u0113ku lab\u0101. Mums ir vajadz\u012bga vesel\u012bga nauda, lai pasaule b\u016btu vesel\u012bga.\"<\/p><h3>Gradido v\u0113las pabarot visu cilv\u0113ci un aizsarg\u0101t Zemi.<\/h3><p>Ekonomisk\u0101s bionikas eksperti ir atradu\u0161i risin\u0101jumu, k\u0101 pabarot visus cilv\u0113kus uz Zemes un aizsarg\u0101t dabu - Gradido modeli. \u0160\u012b jaun\u0101 ekonomikas un finan\u0161u sist\u0113ma tika izstr\u0101d\u0101ta neatkar\u012bgaj\u0101 p\u0113tniec\u012bbas instit\u016bt\u0101 ar t\u0101du pa\u0161u nosaukumu vair\u0101k nek\u0101 divdesmit gadu laik\u0101, pamatojoties uz visprec\u012bz\u0101kajiem dabas nov\u0113rojumiem. Sekojot Leonardo da Vin\u010di trad\u012bcij\u0101m, ekonomikas bionikas eksperti ir izveidoju\u0161i sist\u0113mu, kas sp\u0113j reizi par vis\u0101m reiz\u0113m uzveikt badu un nabadz\u012bbu. Akad\u0113mijas l\u012bdzdibin\u0101t\u0101js Bernds H\u00fcckst\u00e4dt paskaidro: \"Jau \u0161odien divreiz vair\u0101k pasaules iedz\u012bvot\u0101ju var\u0113tu apg\u0101d\u0101t ar biolo\u0123iski augstv\u0113rt\u012bgu p\u0101rtiku. Ta\u010du tas neizdodas vec\u0101s par\u0101da naudas sist\u0113mas d\u0113\u013c. Kam\u0113r viena cilv\u0113ka bag\u0101t\u012bba neizb\u0113gami noved\u012bs pie otra cilv\u0113ka par\u0101da, nabadz\u012bgo valstu iedz\u012bvot\u0101jiem nekad neb\u016bs pietiekamas piek\u013cuves svar\u012bgiem resursiem.\"<\/p><h3>Jaunas naudas rad\u012b\u0161ana beidzot noved pie glob\u0101la taisn\u012bguma<\/h3><p>No otras puses, Gradido mode\u013ca ievie\u0161ana var\u0113tu rad\u012bt l\u012bdzsvaru starp nabadz\u012bgaj\u0101m valst\u012bm un bag\u0101taj\u0101m r\u016bpnieciskaj\u0101m valst\u012bm. Paties\u012bb\u0101 tas tiktu pan\u0101kts, tr\u012bsk\u0101r\u0161i radot naudu katram cilv\u0113kam uz zemes, kas nodro\u0161in\u0101tu finansi\u0101lu labkl\u0101j\u012bbu vis\u0101s pasaules valst\u012bs. Visbeidzot, ar\u012b t\u0101s valstis, kas gadu desmitiem ir neveiksm\u012bgi c\u012bn\u012bju\u0161\u0101s pret nabadz\u012bbu un badu, var\u0113tu at\u013cauties tehnolo\u0123ijas un zin\u0101t\u012bbu, kas ir nepiecie\u0161amas ilgtsp\u0113j\u012bgai p\u0101rtikas ra\u017eo\u0161anai.<\/p><h3>\"Tr\u012bsvien\u012bga labkl\u0101j\u012bba\" dz\u012bves kvalit\u0101tei un relaks\u0113tai att\u012bst\u012bbai<\/h3><p>Gradido mode\u013ca v\u0113rt\u012bgais kodols ir \"tr\u012bsk\u0101r\u0161ais labums\". Pamatojoties uz \u0161o \u0113tisko principu, sist\u0113ma vienl\u012bdz liel\u0101 m\u0113r\u0101 kalpo indiv\u012bda labkl\u0101j\u012bbai, kopienas labkl\u0101j\u012bbai un liel\u0101ka veseluma labkl\u0101j\u012bbai. Cilv\u0113kam ir iesp\u0113ja sa\u0146emt 1000 Gradido (GDD) m\u0113nes\u012b k\u0101 akt\u012bvos pamatien\u0101kumus un pret\u012b dot ieguld\u012bjumu sabiedr\u012bb\u0101 ar aktivit\u0101t\u0113m, kas vi\u0146am pat\u012bk vai kas vi\u0146am padodas \u012bpa\u0161i labi. Rado\u0161umam un potenci\u0101la att\u012bst\u012bbai j\u0101b\u016bt pieejamai ikvienam, pateicoties \u0161im pamata finansi\u0101lajam nodro\u0161in\u0101jumam, un j\u0101nodro\u0161ina vesel\u012bga att\u012bst\u012bba un dz\u012bves kvalit\u0101te. Kopiena sa\u0146ems ar\u012b 1000 Gradido (GDD) uz vienu personu m\u0113nes\u012b. T\u0101d\u0113j\u0101di miljardiem v\u0113rtie nodok\u013ci un gl\u0101b\u0161anas pas\u0101kumi k\u013c\u016bs lieki. Atbr\u012bvojoties no past\u0101v\u012bga pieauguma spiediena, finan\u0161u sist\u0113ma ieg\u016bst nepiecie\u0161amo stabilit\u0101ti.<\/p><h3>Dabas un vides aizsardz\u012bba ir programma<\/h3><p>Kompens\u0101ciju un vides fonds (AUF) Gradido model\u012b ir paredz\u0113ts k\u0101 papildu fonds valsts bud\u017eeta apm\u0113r\u0101. To izmanto tikai dabas un vides atjauno\u0161anai un saglab\u0101\u0161anai. Kopum\u0101 tas ietver tikpat daudz Gradido (GDD), cik visu valstu, kas piedal\u0101s Gradido model\u012b, valstu bud\u017eeti kop\u0101, un t\u0101d\u0113j\u0101di tas b\u016btu liel\u0101kais vides katls, k\u0101ds jebkad cilv\u0113ces v\u0113stur\u0113 iecer\u0113ts. T\u0101d\u0113j\u0101di daba sa\u0146emtu vislab\u0101ko iesp\u0113jamo aizsardz\u012bbu, neradot finansi\u0101lu slogu indiv\u012bdam.<\/p><h3>Glob\u0101l\u0101 labkl\u0101j\u012bba k\u0101 ilgsto\u0161a miera pamats<\/h3><p>Saska\u0146\u0101 ar ekonomikas biologu p\u0113t\u012bjumiem vec\u0101 par\u0101du naudas sist\u0113ma gandr\u012bz ar matem\u0101tisku konsekvenci izraisa konfliktus un karus. Mierm\u012bl\u012bga p\u0101reja uz \"Dabisko dz\u012bves ekonomiku\" nov\u0113rstu galveno karu c\u0113loni. Bernd H\u00fcckst\u00e4dt skaidro: \"Ja cilv\u0113ki vis\u0101 pasaul\u0113 beidzot var\u0113s izmantot visu, ko m\u016bsu zeme mums pied\u0101v\u0101, un dz\u012bvot vesel\u012bgi, tiks likts pamats glob\u0101lai labkl\u0101j\u012bbai un mieram.<\/p><h3>Laiks apvieno\u0161anai<\/h3><p>Ekonomikas bionikas eksperti uzskata, ka p\u0113d\u0113jo gadu kr\u012bze ir padar\u012bjusi pla\u0161i redzamu valdo\u0161\u0101s ekonomikas un finan\u0161u sist\u0113mas nepiln\u012bbu b\u016bt\u012bbu, it k\u0101 zem dego\u0161a stikla. \"Daudzi cilv\u0113ki ir sapratu\u0161i, ka ir pien\u0101cis laiks kori\u0123\u0113t kursu,\" uzsver Margr\u0113ta Baiere: \"Gradido akad\u0113mij\u0101 arvien vair\u0101k domubiedru n\u0101k klaj\u0101, lai veicin\u0101tu p\u0101reju uz lab\u0101ku pasauli.\" \"Liel\u0101s sadarb\u012bbas\" gar\u0101 da\u017e\u0101du nozaru dom\u0101t\u0101ji un p\u0113tnieki cen\u0161as kop\u012bgiem sp\u0113kiem bru\u0123\u0113t ce\u013cu n\u0101kotnei, kas b\u016btu piem\u0113rota mazb\u0113rniem un kur\u0101 valda miers un harmonija ar dabu. Daudzi no \u0161iem l\u012bdzgaitniekiem izmanto iesp\u0113ju att\u012bst\u012bt savas idejas un v\u012bzijas Gradido podkast\u0101, lai v\u0113l vair\u0101k papla\u0161in\u0101tu Lielo sadarb\u012bbu Gradido mode\u013ca \u012bsteno\u0161anai.<\/p><p>S\u012bk\u0101ka inform\u0101cija par Gradido modeli un Gradido podk\u0101stu vietn\u0113 <a href=\"https:\/\/gradido.net\/lv\/\">www.gradido.net<\/a><\/p>\t\t\t\t\t\t\t\t<\/div>\n\t\t\t\t<\/div>\n\t\t\t\t<div class=\"elementor-element elementor-element-e9ff241 elementor-widget elementor-widget-text-editor\" data-id=\"e9ff241\" data-element_type=\"widget\" data-e-type=\"widget\" data-widget_type=\"text-editor.default\">\n\t\t\t\t<div class=\"elementor-widget-container\">\n\t\t\t\t\t\t\t\t\t<p><strong>Par Gradido akad\u0113miju<\/strong><br \/>Gradido Ekonomikas bionikas akad\u0113mija (Gradido Academy for Economic Bionics) ir izstr\u0101d\u0101jusi alternat\u012bvu \"kop\u0113j\u0101 labuma val\u016btu\", kas ir veidota p\u0113c dabas parauga. Daba iev\u0113ro likumu, ka tikai tur, kur kaut kas izz\u016bd, var rasties kaut kas jauns, un t\u0101d\u0113j\u0101di ir iesp\u0113jami ilgtermi\u0146a uzlabojumi (evol\u016bcija). T\u0101s veiksmes recepte ir \"dz\u012bves cikls\". Ja ar\u012b m\u016bsu ekonomik\u0101 notiktu \u0161is dabiskais cikls, tas atrisin\u0101tu praktiski visas ar naudu saist\u012bt\u0101s pasaules probl\u0113mas, uzskata ekonomikas bionikas eksperti. Gradido mode\u013ca pamat\u0101 ir ideja, ka ne tikai katra persona, bet ar\u012b katra valsts sa\u0146em ien\u0101kumus, kas tiek veidoti uz kred\u012bta b\u0101zes. T\u0101d\u0113j\u0101di t\u0101 var veikt visus savus uzdevumus, neiekas\u0113jot nodok\u013cus. Defl\u0101cija vai infl\u0101cija ir pag\u0101tnes lietas. Ekonomika ir atbr\u012bvota no nep\u0101rtrauktas nepiecie\u0161am\u012bbas augt, un finan\u0161u sist\u0113mas sabrukuma draudi beidzot ir nov\u0113rsti. (<a href=\"https:\/\/gradido.net\/lv\/\">www.gradido.net<\/a>)<\/p>\t\t\t\t\t\t\t\t<\/div>\n\t\t\t\t<\/div>\n\t\t\t\t\t<\/div>\n\t\t<\/div>\n\t\t\t\t\t<\/div>\n\t\t<\/section>\n\t\t\t\t<\/div>","protected":false},"excerpt":{"rendered":"<p>Natur verstehen, nutzen und sch\u00fctzen K\u00fcnzelsau,17.06.2021 \u2013 Als Reisen, Restaurantbesuche, Theaterabende und gesellige Zusammenk\u00fcnfte verboten waren, haben viele Menschen einen ganz neuen Zugang zur Natur und einer ges\u00fcnderen Lebensweise gefunden. Kochkurse boomten w\u00e4hrend der Lockdowns ebenso wie eigene Kr\u00e4uter- und Gem\u00fcseg\u00e4rten. Spazierg\u00e4nge in die Umgebung bescherten bewegende Eindr\u00fccke von der Sch\u00f6nheit, dem Reichtum und den [&hellip;]<\/p>\n","protected":false},"author":2,"featured_media":2806,"comment_status":"closed","ping_status":"closed","sticky":false,"template":"","format":"standard","meta":{"footnotes":""},"categories":[8],"tags":[],"class_list":["post-2805","post","type-post","status-publish","format-standard","has-post-thumbnail","hentry","category-pressemitteilung"],"yoast_head":"<!-- This site is optimized with the Yoast SEO plugin v27.5 - https:\/\/yoast.com\/product\/yoast-seo-wordpress\/ -->\n<title>Nur die \u201aNat\u00fcrliche \u00d6konomie des Lebens\u2018 kann Armut besiegen - Gradido<\/title>\n<meta name=\"robots\" content=\"index, follow, max-snippet:-1, max-image-preview:large, max-video-preview:-1\" \/>\n<link rel=\"canonical\" href=\"https:\/\/gradido.net\/lv\/nur-die-natuerliche-oekonomie-des-lebens-kann-armut-besiegen\/\" \/>\n<meta property=\"og:locale\" content=\"lv_LV\" \/>\n<meta property=\"og:type\" content=\"article\" \/>\n<meta property=\"og:title\" content=\"Nur die \u201aNat\u00fcrliche \u00d6konomie des Lebens\u2018 kann Armut besiegen - Gradido\" \/>\n<meta property=\"og:description\" content=\"Natur verstehen, nutzen und sch\u00fctzen K\u00fcnzelsau,17.06.2021 \u2013 Als Reisen, Restaurantbesuche, Theaterabende und gesellige Zusammenk\u00fcnfte verboten waren, haben viele Menschen einen ganz neuen Zugang zur Natur und einer ges\u00fcnderen Lebensweise gefunden. Kochkurse boomten w\u00e4hrend der Lockdowns ebenso wie eigene Kr\u00e4uter- und Gem\u00fcseg\u00e4rten. Spazierg\u00e4nge in die Umgebung bescherten bewegende Eindr\u00fccke von der Sch\u00f6nheit, dem Reichtum und den [&hellip;]\" \/>\n<meta property=\"og:url\" content=\"https:\/\/gradido.net\/lv\/nur-die-natuerliche-oekonomie-des-lebens-kann-armut-besiegen\/\" \/>\n<meta property=\"og:site_name\" content=\"Gradido\" \/>\n<meta property=\"article:published_time\" content=\"2021-06-17T14:37:52+00:00\" \/>\n<meta property=\"article:modified_time\" content=\"2021-12-11T20:04:30+00:00\" \/>\n<meta property=\"og:image\" content=\"https:\/\/gradido.net\/wp-content\/uploads\/2021\/06\/naturschutz-und-versta\u0308ndnis.jpg\" \/>\n\t<meta property=\"og:image:width\" content=\"1458\" \/>\n\t<meta property=\"og:image:height\" content=\"990\" \/>\n\t<meta property=\"og:image:type\" content=\"image\/jpeg\" \/>\n<meta name=\"author\" content=\"Bernd H\u00fcckst\u00e4dt\" \/>\n<meta name=\"twitter:card\" content=\"summary_large_image\" \/>\n<meta name=\"twitter:label1\" content=\"Written by\" \/>\n\t<meta name=\"twitter:data1\" content=\"Bernd H\u00fcckst\u00e4dt\" \/>\n\t<meta name=\"twitter:label2\" content=\"Est. reading time\" \/>\n\t<meta name=\"twitter:data2\" content=\"6 min\u016btes\" \/>\n<script type=\"application\/ld+json\" class=\"yoast-schema-graph\">{\"@context\":\"https:\\\/\\\/schema.org\",\"@graph\":[{\"@type\":\"Article\",\"@id\":\"https:\\\/\\\/gradido.net\\\/nur-die-natuerliche-oekonomie-des-lebens-kann-armut-besiegen\\\/#article\",\"isPartOf\":{\"@id\":\"https:\\\/\\\/gradido.net\\\/nur-die-natuerliche-oekonomie-des-lebens-kann-armut-besiegen\\\/\"},\"author\":{\"name\":\"Bernd H\u00fcckst\u00e4dt\",\"@id\":\"https:\\\/\\\/gradido.net\\\/de\\\/#\\\/schema\\\/person\\\/9c503a004ad15a1ddecadce2218db5d1\"},\"headline\":\"Nur die \u201aNat\u00fcrliche \u00d6konomie des Lebens\u2018 kann Armut besiegen\",\"datePublished\":\"2021-06-17T14:37:52+00:00\",\"dateModified\":\"2021-12-11T20:04:30+00:00\",\"mainEntityOfPage\":{\"@id\":\"https:\\\/\\\/gradido.net\\\/nur-die-natuerliche-oekonomie-des-lebens-kann-armut-besiegen\\\/\"},\"wordCount\":1166,\"publisher\":{\"@id\":\"https:\\\/\\\/gradido.net\\\/de\\\/#organization\"},\"image\":{\"@id\":\"https:\\\/\\\/gradido.net\\\/nur-die-natuerliche-oekonomie-des-lebens-kann-armut-besiegen\\\/#primaryimage\"},\"thumbnailUrl\":\"https:\\\/\\\/gradido.net\\\/wp-content\\\/uploads\\\/2021\\\/06\\\/naturschutz-und-versta\u0308ndnis.jpg\",\"articleSection\":[\"Pressemitteilung\"],\"inLanguage\":\"lv-LV\"},{\"@type\":\"WebPage\",\"@id\":\"https:\\\/\\\/gradido.net\\\/nur-die-natuerliche-oekonomie-des-lebens-kann-armut-besiegen\\\/\",\"url\":\"https:\\\/\\\/gradido.net\\\/nur-die-natuerliche-oekonomie-des-lebens-kann-armut-besiegen\\\/\",\"name\":\"Nur die \u201aNat\u00fcrliche \u00d6konomie des Lebens\u2018 kann Armut besiegen - Gradido\",\"isPartOf\":{\"@id\":\"https:\\\/\\\/gradido.net\\\/de\\\/#website\"},\"primaryImageOfPage\":{\"@id\":\"https:\\\/\\\/gradido.net\\\/nur-die-natuerliche-oekonomie-des-lebens-kann-armut-besiegen\\\/#primaryimage\"},\"image\":{\"@id\":\"https:\\\/\\\/gradido.net\\\/nur-die-natuerliche-oekonomie-des-lebens-kann-armut-besiegen\\\/#primaryimage\"},\"thumbnailUrl\":\"https:\\\/\\\/gradido.net\\\/wp-content\\\/uploads\\\/2021\\\/06\\\/naturschutz-und-versta\u0308ndnis.jpg\",\"datePublished\":\"2021-06-17T14:37:52+00:00\",\"dateModified\":\"2021-12-11T20:04:30+00:00\",\"breadcrumb\":{\"@id\":\"https:\\\/\\\/gradido.net\\\/nur-die-natuerliche-oekonomie-des-lebens-kann-armut-besiegen\\\/#breadcrumb\"},\"inLanguage\":\"lv-LV\",\"potentialAction\":[{\"@type\":\"ReadAction\",\"target\":[\"https:\\\/\\\/gradido.net\\\/nur-die-natuerliche-oekonomie-des-lebens-kann-armut-besiegen\\\/\"]}]},{\"@type\":\"ImageObject\",\"inLanguage\":\"lv-LV\",\"@id\":\"https:\\\/\\\/gradido.net\\\/nur-die-natuerliche-oekonomie-des-lebens-kann-armut-besiegen\\\/#primaryimage\",\"url\":\"https:\\\/\\\/gradido.net\\\/wp-content\\\/uploads\\\/2021\\\/06\\\/naturschutz-und-versta\u0308ndnis.jpg\",\"contentUrl\":\"https:\\\/\\\/gradido.net\\\/wp-content\\\/uploads\\\/2021\\\/06\\\/naturschutz-und-versta\u0308ndnis.jpg\",\"width\":1458,\"height\":990},{\"@type\":\"BreadcrumbList\",\"@id\":\"https:\\\/\\\/gradido.net\\\/nur-die-natuerliche-oekonomie-des-lebens-kann-armut-besiegen\\\/#breadcrumb\",\"itemListElement\":[{\"@type\":\"ListItem\",\"position\":1,\"name\":\"Startseite\",\"item\":\"https:\\\/\\\/gradido.net\\\/\"},{\"@type\":\"ListItem\",\"position\":2,\"name\":\"Nur die \u201aNat\u00fcrliche \u00d6konomie des Lebens\u2018 kann Armut besiegen\"}]},{\"@type\":\"WebSite\",\"@id\":\"https:\\\/\\\/gradido.net\\\/de\\\/#website\",\"url\":\"https:\\\/\\\/gradido.net\\\/de\\\/\",\"name\":\"Gradido\",\"description\":\"Die neue W\u00e4hrung hei\u00dft Dankbarkeit\",\"publisher\":{\"@id\":\"https:\\\/\\\/gradido.net\\\/de\\\/#organization\"},\"potentialAction\":[{\"@type\":\"SearchAction\",\"target\":{\"@type\":\"EntryPoint\",\"urlTemplate\":\"https:\\\/\\\/gradido.net\\\/de\\\/?s={search_term_string}\"},\"query-input\":{\"@type\":\"PropertyValueSpecification\",\"valueRequired\":true,\"valueName\":\"search_term_string\"}}],\"inLanguage\":\"lv-LV\"},{\"@type\":\"Organization\",\"@id\":\"https:\\\/\\\/gradido.net\\\/de\\\/#organization\",\"name\":\"Gradido\",\"url\":\"https:\\\/\\\/gradido.net\\\/de\\\/\",\"logo\":{\"@type\":\"ImageObject\",\"inLanguage\":\"lv-LV\",\"@id\":\"https:\\\/\\\/gradido.net\\\/de\\\/#\\\/schema\\\/logo\\\/image\\\/\",\"url\":\"https:\\\/\\\/gradido.net\\\/wp-content\\\/uploads\\\/2022\\\/04\\\/gradido-social.jpg\",\"contentUrl\":\"https:\\\/\\\/gradido.net\\\/wp-content\\\/uploads\\\/2022\\\/04\\\/gradido-social.jpg\",\"width\":527,\"height\":273,\"caption\":\"Gradido\"},\"image\":{\"@id\":\"https:\\\/\\\/gradido.net\\\/de\\\/#\\\/schema\\\/logo\\\/image\\\/\"}},{\"@type\":\"Person\",\"@id\":\"https:\\\/\\\/gradido.net\\\/de\\\/#\\\/schema\\\/person\\\/9c503a004ad15a1ddecadce2218db5d1\",\"name\":\"Bernd H\u00fcckst\u00e4dt\",\"sameAs\":[\"https:\\\/\\\/gradido.net\"],\"url\":\"https:\\\/\\\/gradido.net\\\/lv\\\/author\\\/bernd\\\/\"}]}<\/script>\n<!-- \/ Yoast SEO plugin. -->","yoast_head_json":{"title":"Nabadz\u012bbu var p\u0101rvar\u0113t tikai \"dabisk\u0101 dz\u012bves ekonomika\" - Gradido","robots":{"index":"index","follow":"follow","max-snippet":"max-snippet:-1","max-image-preview":"max-image-preview:large","max-video-preview":"max-video-preview:-1"},"canonical":"https:\/\/gradido.net\/lv\/nur-die-natuerliche-oekonomie-des-lebens-kann-armut-besiegen\/","og_locale":"lv_LV","og_type":"article","og_title":"Nur die \u201aNat\u00fcrliche \u00d6konomie des Lebens\u2018 kann Armut besiegen - Gradido","og_description":"Natur verstehen, nutzen und sch\u00fctzen K\u00fcnzelsau,17.06.2021 \u2013 Als Reisen, Restaurantbesuche, Theaterabende und gesellige Zusammenk\u00fcnfte verboten waren, haben viele Menschen einen ganz neuen Zugang zur Natur und einer ges\u00fcnderen Lebensweise gefunden. Kochkurse boomten w\u00e4hrend der Lockdowns ebenso wie eigene Kr\u00e4uter- und Gem\u00fcseg\u00e4rten. Spazierg\u00e4nge in die Umgebung bescherten bewegende Eindr\u00fccke von der Sch\u00f6nheit, dem Reichtum und den [&hellip;]","og_url":"https:\/\/gradido.net\/lv\/nur-die-natuerliche-oekonomie-des-lebens-kann-armut-besiegen\/","og_site_name":"Gradido","article_published_time":"2021-06-17T14:37:52+00:00","article_modified_time":"2021-12-11T20:04:30+00:00","og_image":[{"width":1458,"height":990,"url":"https:\/\/gradido.net\/wp-content\/uploads\/2021\/06\/naturschutz-und-versta\u0308ndnis.jpg","type":"image\/jpeg"}],"author":"Bernd H\u00fcckst\u00e4dt","twitter_card":"summary_large_image","twitter_misc":{"Written by":"Bernd H\u00fcckst\u00e4dt","Est. reading time":"6 min\u016btes"},"schema":{"@context":"https:\/\/schema.org","@graph":[{"@type":"Article","@id":"https:\/\/gradido.net\/nur-die-natuerliche-oekonomie-des-lebens-kann-armut-besiegen\/#article","isPartOf":{"@id":"https:\/\/gradido.net\/nur-die-natuerliche-oekonomie-des-lebens-kann-armut-besiegen\/"},"author":{"name":"Bernd H\u00fcckst\u00e4dt","@id":"https:\/\/gradido.net\/de\/#\/schema\/person\/9c503a004ad15a1ddecadce2218db5d1"},"headline":"Nur die \u201aNat\u00fcrliche \u00d6konomie des Lebens\u2018 kann Armut besiegen","datePublished":"2021-06-17T14:37:52+00:00","dateModified":"2021-12-11T20:04:30+00:00","mainEntityOfPage":{"@id":"https:\/\/gradido.net\/nur-die-natuerliche-oekonomie-des-lebens-kann-armut-besiegen\/"},"wordCount":1166,"publisher":{"@id":"https:\/\/gradido.net\/de\/#organization"},"image":{"@id":"https:\/\/gradido.net\/nur-die-natuerliche-oekonomie-des-lebens-kann-armut-besiegen\/#primaryimage"},"thumbnailUrl":"https:\/\/gradido.net\/wp-content\/uploads\/2021\/06\/naturschutz-und-versta\u0308ndnis.jpg","articleSection":["Pressemitteilung"],"inLanguage":"lv-LV"},{"@type":"WebPage","@id":"https:\/\/gradido.net\/nur-die-natuerliche-oekonomie-des-lebens-kann-armut-besiegen\/","url":"https:\/\/gradido.net\/nur-die-natuerliche-oekonomie-des-lebens-kann-armut-besiegen\/","name":"Nabadz\u012bbu var p\u0101rvar\u0113t tikai \"dabisk\u0101 dz\u012bves ekonomika\" - Gradido","isPartOf":{"@id":"https:\/\/gradido.net\/de\/#website"},"primaryImageOfPage":{"@id":"https:\/\/gradido.net\/nur-die-natuerliche-oekonomie-des-lebens-kann-armut-besiegen\/#primaryimage"},"image":{"@id":"https:\/\/gradido.net\/nur-die-natuerliche-oekonomie-des-lebens-kann-armut-besiegen\/#primaryimage"},"thumbnailUrl":"https:\/\/gradido.net\/wp-content\/uploads\/2021\/06\/naturschutz-und-versta\u0308ndnis.jpg","datePublished":"2021-06-17T14:37:52+00:00","dateModified":"2021-12-11T20:04:30+00:00","breadcrumb":{"@id":"https:\/\/gradido.net\/nur-die-natuerliche-oekonomie-des-lebens-kann-armut-besiegen\/#breadcrumb"},"inLanguage":"lv-LV","potentialAction":[{"@type":"ReadAction","target":["https:\/\/gradido.net\/nur-die-natuerliche-oekonomie-des-lebens-kann-armut-besiegen\/"]}]},{"@type":"ImageObject","inLanguage":"lv-LV","@id":"https:\/\/gradido.net\/nur-die-natuerliche-oekonomie-des-lebens-kann-armut-besiegen\/#primaryimage","url":"https:\/\/gradido.net\/wp-content\/uploads\/2021\/06\/naturschutz-und-versta\u0308ndnis.jpg","contentUrl":"https:\/\/gradido.net\/wp-content\/uploads\/2021\/06\/naturschutz-und-versta\u0308ndnis.jpg","width":1458,"height":990},{"@type":"BreadcrumbList","@id":"https:\/\/gradido.net\/nur-die-natuerliche-oekonomie-des-lebens-kann-armut-besiegen\/#breadcrumb","itemListElement":[{"@type":"ListItem","position":1,"name":"Startseite","item":"https:\/\/gradido.net\/"},{"@type":"ListItem","position":2,"name":"Nur die \u201aNat\u00fcrliche \u00d6konomie des Lebens\u2018 kann Armut besiegen"}]},{"@type":"WebSite","@id":"https:\/\/gradido.net\/de\/#website","url":"https:\/\/gradido.net\/de\/","name":"Gradido","description":"Jaun\u0101 val\u016bta ir pateic\u012bba","publisher":{"@id":"https:\/\/gradido.net\/de\/#organization"},"potentialAction":[{"@type":"SearchAction","target":{"@type":"EntryPoint","urlTemplate":"https:\/\/gradido.net\/de\/?s={search_term_string}"},"query-input":{"@type":"PropertyValueSpecification","valueRequired":true,"valueName":"search_term_string"}}],"inLanguage":"lv-LV"},{"@type":"Organization","@id":"https:\/\/gradido.net\/de\/#organization","name":"Gradido","url":"https:\/\/gradido.net\/de\/","logo":{"@type":"ImageObject","inLanguage":"lv-LV","@id":"https:\/\/gradido.net\/de\/#\/schema\/logo\/image\/","url":"https:\/\/gradido.net\/wp-content\/uploads\/2022\/04\/gradido-social.jpg","contentUrl":"https:\/\/gradido.net\/wp-content\/uploads\/2022\/04\/gradido-social.jpg","width":527,"height":273,"caption":"Gradido"},"image":{"@id":"https:\/\/gradido.net\/de\/#\/schema\/logo\/image\/"}},{"@type":"Person","@id":"https:\/\/gradido.net\/de\/#\/schema\/person\/9c503a004ad15a1ddecadce2218db5d1","name":"Bernd H\u00fcckst\u00e4dt","sameAs":["https:\/\/gradido.net"],"url":"https:\/\/gradido.net\/lv\/author\/bernd\/"}]}},"_links":{"self":[{"href":"https:\/\/gradido.net\/lv\/wp-json\/wp\/v2\/posts\/2805","targetHints":{"allow":["GET"]}}],"collection":[{"href":"https:\/\/gradido.net\/lv\/wp-json\/wp\/v2\/posts"}],"about":[{"href":"https:\/\/gradido.net\/lv\/wp-json\/wp\/v2\/types\/post"}],"author":[{"embeddable":true,"href":"https:\/\/gradido.net\/lv\/wp-json\/wp\/v2\/users\/2"}],"replies":[{"embeddable":true,"href":"https:\/\/gradido.net\/lv\/wp-json\/wp\/v2\/comments?post=2805"}],"version-history":[{"count":18,"href":"https:\/\/gradido.net\/lv\/wp-json\/wp\/v2\/posts\/2805\/revisions"}],"predecessor-version":[{"id":3775,"href":"https:\/\/gradido.net\/lv\/wp-json\/wp\/v2\/posts\/2805\/revisions\/3775"}],"wp:featuredmedia":[{"embeddable":true,"href":"https:\/\/gradido.net\/lv\/wp-json\/wp\/v2\/media\/2806"}],"wp:attachment":[{"href":"https:\/\/gradido.net\/lv\/wp-json\/wp\/v2\/media?parent=2805"}],"wp:term":[{"taxonomy":"category","embeddable":true,"href":"https:\/\/gradido.net\/lv\/wp-json\/wp\/v2\/categories?post=2805"},{"taxonomy":"post_tag","embeddable":true,"href":"https:\/\/gradido.net\/lv\/wp-json\/wp\/v2\/tags?post=2805"}],"curies":[{"name":"wp","href":"https:\/\/api.w.org\/{rel}","templated":true}]}}