{"id":2978,"date":"2021-07-13T09:05:42","date_gmt":"2021-07-13T07:05:42","guid":{"rendered":"https:\/\/gradido.net\/?p=2978"},"modified":"2021-12-11T21:05:20","modified_gmt":"2021-12-11T20:05:20","slug":"gradido-akademie-laedt-rentner-zu-erfuelltem-lebensabend-ein","status":"publish","type":"post","link":"https:\/\/gradido.net\/lv\/gradido-akademie-laedt-rentner-zu-erfuelltem-lebensabend-ein\/","title":{"rendered":"Gradido akad\u0113mija aicina pension\u0101rus uz pilnv\u0113rt\u012bg\u0101m vecumdien\u0101m"},"content":{"rendered":"<div data-elementor-type=\"wp-post\" data-elementor-id=\"2978\" class=\"elementor elementor-2978\" data-elementor-post-type=\"post\">\n\t\t\t\t\t\t<section class=\"elementor-section elementor-top-section elementor-element elementor-element-496e1d53 elementor-section-boxed elementor-section-height-default elementor-section-height-default\" data-id=\"496e1d53\" data-element_type=\"section\" data-e-type=\"section\">\n\t\t\t\t\t\t<div class=\"elementor-container elementor-column-gap-default\">\n\t\t\t\t\t<div class=\"elementor-column elementor-col-100 elementor-top-column elementor-element elementor-element-461d7be0\" data-id=\"461d7be0\" data-element_type=\"column\" data-e-type=\"column\">\n\t\t\t<div class=\"elementor-widget-wrap elementor-element-populated\">\n\t\t\t\t\t\t<div class=\"elementor-element elementor-element-cd9ebe2 elementor-widget elementor-widget-text-editor\" data-id=\"cd9ebe2\" data-element_type=\"widget\" data-e-type=\"widget\" data-widget_type=\"text-editor.default\">\n\t\t\t\t<div class=\"elementor-widget-container\">\n\t\t\t\t\t\t\t\t\t<h2>Nabadz\u012bgs un vientu\u013c\u0161 vecumdien\u0101s?<\/h2><p><strong>K\u00fcnzelsau,13.07.2021 - Pension\u0101ru izredzes ir dr\u016bmas: vecuma nabadz\u012bbas un pieaugo\u0161\u0101s vientul\u012bbas draudu d\u0113\u013c \"peln\u012bt\u0101 pensija\" bie\u017ei k\u013c\u016bst par \u012bstu \u0161ausmu scen\u0101riju. Pa\u0161reiz\u0113jie p\u0113t\u012bjumi paredz, ka nabadz\u012bba vecumdien\u0101s past\u0101v\u012bgi pieaugs. \u0100rsti br\u012bdina par pieaugo\u0161\u0101s soci\u0101l\u0101s izol\u0101cijas rad\u012btajiem vesel\u012bbas apdraud\u0113jumiem. Kam\u0113r politi\u0137i diskut\u0113 par darba m\u016b\u017ea pagarin\u0101\u0161anu un liel\u0101k\u0101m pensiju iemaks\u0101m, Gradido akad\u0113mijas ekonomikas bionikas eksperti jau sen ir izstr\u0101d\u0101ju\u0161i p\u0101rliecino\u0161u pieeju, k\u0101 nodro\u0161in\u0101t cilv\u0113kus pensij\u0101. Un, izstr\u0101d\u0101jot savu jauno ekonomikas un finan\u0161u modeli, vi\u0146i ir ar\u012b atradu\u0161i izeju no vientul\u012bbas vecumdien\u0101s.<\/strong><\/p><h3>Katram piektajam pension\u0101ram dr\u012bzum\u0101 var\u0113tu draud\u0113t nabadz\u012bba vecumdien\u0101s.<\/h3><p>Lai gan aizvien vair\u0101k pension\u0101ru g\u016bst vid\u0113jus ien\u0101kumus, Bertelsmann Foundation jau 2017. gad\u0101 p\u0113t\u012bjum\u0101 \"Vecumdien\u0101s nabadz\u012bbas att\u012bst\u012bba l\u012bdz 2036. gadam\" konstat\u0113ja, ka nabadz\u012bbas risks vecumdien\u0101s past\u0101v\u012bgi pieaug. Pension\u0101ri, kuru neto ien\u0101kumi ir maz\u0101ki par 958 eiro, tiek uzskat\u012bti par pak\u013cautiem nabadz\u012bbas riskam. T\u0101 k\u0101 nabadz\u012bbas risks topo\u0161ajiem pension\u0101riem pieaugs no 16% 2015. gad\u0101 l\u012bdz 20% 2036. gad\u0101, katrs piektais jaunais pension\u0101rs dr\u012bzum\u0101 var\u0113tu b\u016bt pak\u013cauts nabadz\u012bbas riskam vecumdien\u0101s. Demogr\u0101fisko p\u0101rmai\u0146u d\u0113\u013c aizvien maz\u0101k str\u0101d\u0101jo\u0161o cilv\u0113ku ir spiesti maks\u0101t par aizvien vair\u0101k pension\u0101riem.<\/p><h3>Starppaaud\u017eu l\u012bgums ir izg\u0101zies<\/h3><p>\"Kam\u0113r vieni kred\u012bti ir citu par\u0101di, neviens ekonomikas un finan\u0161u modelis ilgtermi\u0146\u0101 nedarbosies,\" - t\u0101 pa\u0161reiz\u0113jo draud\u012bgo att\u012bst\u012bbu analiz\u0113 Gradido akad\u0113mijas l\u012bdzdibin\u0101t\u0101js Bernds Hik\u0161tads (Bernd H\u00fcckst\u00e4dt). Balstoties uz t\u016bksto\u0161iem gadu seniem dabas veiksmes mode\u013ciem, neatkar\u012bg\u0101 p\u0113tniec\u012bbas instit\u016bta ekonomikas bionikas eksperti divas desmitgades ir izstr\u0101d\u0101ju\u0161i kop\u012bg\u0101 labuma koncepciju, kuras pamat\u0101 ir atteik\u0161an\u0101s no par\u0101da un naudas principa un Gradido (GDD) ievie\u0161ana. Jaun\u0101 veida ekonomikas un finan\u0161u sist\u0113mas \u0113tisk\u0101 pamatkoncepcija ir orient\u0113ta uz \"tr\u012bsk\u0101r\u0161o labumu\", lai rad\u012btu indiv\u012bdam vislab\u0101k\u0101s iesp\u0113jam\u0101s dz\u012bves un att\u012bst\u012bbas iesp\u0113jas, nodro\u0161in\u0101tu sabiedr\u012bbas soci\u0101lo dz\u012bvi un p\u0113c iesp\u0113jas lab\u0101k aizsarg\u0101tu dabu. Visu vecumu cilv\u0113kiem ir iesp\u0113ja sa\u0146emt 1000 Gradido (GDD) m\u0113nes\u012b k\u0101 \"akt\u012bvos pamatien\u0101kumus\". Savuk\u0101rt vi\u0146i uz\u0146emas sabiedr\u012bb\u0101 veikt uzdevumus, kas vi\u0146iem pat\u012bk un kas vi\u0146iem padodas \u012bpa\u0161i labi. Kopienai tiek piesaist\u012bts ar\u012b 1000 Gradido (GDD) par personu un m\u0113nesi, kas nodok\u013cus padara nevajadz\u012bgus. Tre\u0161ais p\u012bl\u0101rs ir v\u0113l 1000 Gradido, kas katru m\u0113nesi tiek novirz\u012bts vides fondam un paredz\u0113ts dabas aizsardz\u012bbai. \u00a0<\/p><h3>Dro\u0161\u012bba un apr\u016bpe m\u016b\u017ea garum\u0101<\/h3><p>Papildus \"akt\u012bvajam pamatien\u0101kumam\" vec\u0101ka gadag\u0101juma cilv\u0113ki sa\u0146em v\u0113l 1000 Gradido m\u0113nes\u012b k\u0101 \"beznosac\u012bjumu pamatien\u0101kumu\", un t\u0101d\u0113j\u0101di ir optim\u0101li nodro\u0161in\u0101ti l\u012bdz pat m\u016b\u017ea beig\u0101m. \"M\u0113s esam rad\u012bju\u0161i elast\u012bgus risin\u0101jumus, lai sp\u0113tu garant\u0113t apr\u016bpi katram individu\u0101li. M\u016bsu m\u0113r\u0137is ir atbr\u012bvot cilv\u0113kus no bail\u0113m no noveco\u0161an\u0101s un atgriezt vi\u0146iem cie\u0146u, vesel\u012bbu un dz\u012bvesprieku - l\u012bdz pat p\u0113d\u0113jai dz\u012bves dienai,\" saka akad\u0113mijas izpilddirektore Margr\u0113ta Baire (Margret Baier).<\/p><h3>Soci\u0101l\u0101 l\u012bdzdal\u012bba ir b\u016btiska dz\u012bves kvalit\u0101tei vecumdien\u0101s<\/h3><p>Lai sasniegtu \u0161o m\u0113r\u0137i, Gradido modelis balst\u0101s ar\u012b uz \"beznosac\u012bjumu l\u012bdzdal\u012bbu\" kopienas dz\u012bv\u0113. T\u0101 dod iesp\u0113ju ikvienam cilv\u0113kam iesaist\u012bties kop\u0113j\u0101 lab\u0101 tik ilgi, cik vien vi\u0146\u0161 to v\u0113las, un saglab\u0101t savu l\u012bdzdal\u012bbu sabiedriskaj\u0101 dz\u012bv\u0113. \"Bie\u017ei vien veci cilv\u0113ki vairs nesa\u0146em nek\u0101du pozit\u012bvu apliecin\u0101jumu, un t\u0101p\u0113c vi\u0146iem rodas saj\u016bta, ka vi\u0146i vairs nav vajadz\u012bgi. Tas paraliz\u0113 un kait\u0113 vesel\u012bbai, jo l\u012bdzdal\u012bba sabiedriskaj\u0101 dz\u012bv\u0113 ir neaizst\u0101jama ar\u012b vecumdien\u0101s,\" skaidro Margr\u0113ta Baire, \"turkl\u0101t, br\u012bvpr\u0101t\u012bgi iesaistoties vec\u0101ka gadag\u0101juma cilv\u0113kiem, var veikt svar\u012bgus soci\u0101lus uzdevumus, kurus cit\u0101di b\u016btu gandr\u012bz neiesp\u0113jami veikt.\"<\/p><h3>Vientul\u012bba var dubultot demences risku<\/h3><p>Vientul\u012bba vecumdien\u0101s un depres\u012bvs noska\u0146ojums ietekm\u0113 gan gar\u012bgo, gan fizisko vesel\u012bbu. \"Ja cilv\u0113ki ir soci\u0101li izol\u0113ti un ilgsto\u0161i uztur maz soci\u0101lo kontaktu, tas var izrais\u012bt ar\u012b nopietnus fiziskus simptomus,\" uzsver Manheimas Centr\u0101l\u0101 gar\u012bg\u0101s vesel\u012bbas instit\u016bta psihiatrs un direktors Andreas Meijers-Lindenbergs. \u010cetrus gadus ilg\u0101 p\u0113t\u012bjum\u0101, kur\u0101 piedal\u012bj\u0101s 800 vec\u0101ka gadag\u0101juma cilv\u0113ki, amerik\u0101\u0146u p\u0113tnieki atkl\u0101ja, ka vientul\u012bba divk\u0101r\u0161o risku saslimt ar vecuma demenci.<\/p><h3>Gradido sola apr\u016bpi l\u012bdz m\u016b\u017ea beig\u0101m<\/h3><p>\"M\u016bsu m\u0113r\u0137is ir pan\u0101kt, lai visi cilv\u0113ki var\u0113tu dz\u012bvot dro\u0161i, pilnv\u0113rt\u012bgi, p\u0113c iesp\u0113jas vesel\u012bg\u0101k un laim\u012bg\u0101k no pirm\u0101s l\u012bdz p\u0113d\u0113jai dz\u012bves dienai,\" st\u0101sta Bernds Huk\u0161tads un piebilst: \"T\u0101 k\u0101 ar katru dienu pieaug to cilv\u0113ku skaits, kuru ikdiena ir t\u0101lu no \u0161iem parad\u012bzes apst\u0101k\u013ciem, ir p\u0113d\u0113jais laiks p\u0101rdom\u0101m. T\u0101p\u0113c m\u0113s aicin\u0101m visu vecumu l\u012bdz\u012bgi dom\u0101jo\u0161os atbalst\u012bt m\u016bs m\u016bsu centienos pan\u0101kt mierm\u012bl\u012bgu p\u0101rveidi un sadarboties ar Gradido akad\u0113miju.\"<\/p><p>S\u012bk\u0101ka inform\u0101cija par Gradido modeli un Gradido podk\u0101stu vietn\u0113 <a href=\"https:\/\/gradido.net\/lv\/\">www.gradido.net<\/a><\/p>\t\t\t\t\t\t\t\t<\/div>\n\t\t\t\t<\/div>\n\t\t\t\t<div class=\"elementor-element elementor-element-e9ff241 elementor-widget elementor-widget-text-editor\" data-id=\"e9ff241\" data-element_type=\"widget\" data-e-type=\"widget\" data-widget_type=\"text-editor.default\">\n\t\t\t\t<div class=\"elementor-widget-container\">\n\t\t\t\t\t\t\t\t\t<p><strong>Par Gradido akad\u0113miju<\/strong><br>Gradido Ekonomikas bionikas akad\u0113mija (Gradido Academy for Economic Bionics) ir izstr\u0101d\u0101jusi alternat\u012bvu \"kop\u0113j\u0101 labuma val\u016btu\", kas ir veidota p\u0113c dabas parauga. Daba iev\u0113ro likumu, ka tikai tur, kur kaut kas izz\u016bd, var rasties kaut kas jauns, un t\u0101d\u0113j\u0101di ir iesp\u0113jami ilgtermi\u0146a uzlabojumi (evol\u016bcija). T\u0101s veiksmes recepte ir \"dz\u012bves cikls\". Ja ar\u012b m\u016bsu ekonomik\u0101 notiktu \u0161is dabiskais cikls, tas atrisin\u0101tu praktiski visas ar naudu saist\u012bt\u0101s pasaules probl\u0113mas, uzskata ekonomikas bionikas eksperti. Gradido mode\u013ca pamat\u0101 ir ideja, ka ne tikai katra persona, bet ar\u012b katra valsts sa\u0146em ien\u0101kumus, kas tiek veidoti uz kred\u012bta b\u0101zes. T\u0101d\u0113j\u0101di t\u0101 var veikt visus savus uzdevumus, neiekas\u0113jot nodok\u013cus. Defl\u0101cija vai infl\u0101cija ir pag\u0101tnes lietas. Ekonomika ir atbr\u012bvota no nep\u0101rtrauktas nepiecie\u0161am\u012bbas augt, un finan\u0161u sist\u0113mas sabrukuma draudi beidzot ir nov\u0113rsti. (<a href=\"https:\/\/gradido.net\/lv\/\">www.gradido.net<\/a>)<\/p>\t\t\t\t\t\t\t\t<\/div>\n\t\t\t\t<\/div>\n\t\t\t\t\t<\/div>\n\t\t<\/div>\n\t\t\t\t\t<\/div>\n\t\t<\/section>\n\t\t\t\t<\/div>","protected":false},"excerpt":{"rendered":"<p>Arm und einsam im Alter? K\u00fcnzelsau,13.07.2021 \u2013 Die Aussichten f\u00fcr Rentner sind d\u00fcster: Wegen drohender Altersarmut und wachsender Vereinsamung wird der \u201awohlverdiente Ruhestand\u2018 nicht selten zu einem echten Schreckensszenario. Aktuelle Studien rechnen mit einem steten Anstieg der Altersarmut. Mediziner warnen vor den Gesundheitsrisiken durch die wachsende soziale Isolation. W\u00e4hrend die Politik \u00fcber eine Verl\u00e4ngerung der [&hellip;]<\/p>\n","protected":false},"author":2,"featured_media":2977,"comment_status":"closed","ping_status":"closed","sticky":false,"template":"","format":"standard","meta":{"footnotes":""},"categories":[8],"tags":[],"class_list":["post-2978","post","type-post","status-publish","format-standard","has-post-thumbnail","hentry","category-pressemitteilung"],"yoast_head":"<!-- This site is optimized with the Yoast SEO plugin v27.5 - https:\/\/yoast.com\/product\/yoast-seo-wordpress\/ -->\n<title>Gradido-Akademie l\u00e4dt Rentner zu erf\u00fclltem Lebensabend ein - Gradido<\/title>\n<meta name=\"robots\" content=\"index, follow, max-snippet:-1, max-image-preview:large, max-video-preview:-1\" \/>\n<link rel=\"canonical\" href=\"https:\/\/gradido.net\/lv\/gradido-akademie-laedt-rentner-zu-erfuelltem-lebensabend-ein\/\" \/>\n<meta property=\"og:locale\" content=\"lv_LV\" \/>\n<meta property=\"og:type\" content=\"article\" \/>\n<meta property=\"og:title\" content=\"Gradido-Akademie l\u00e4dt Rentner zu erf\u00fclltem Lebensabend ein - Gradido\" \/>\n<meta property=\"og:description\" content=\"Arm und einsam im Alter? K\u00fcnzelsau,13.07.2021 \u2013 Die Aussichten f\u00fcr Rentner sind d\u00fcster: Wegen drohender Altersarmut und wachsender Vereinsamung wird der \u201awohlverdiente Ruhestand\u2018 nicht selten zu einem echten Schreckensszenario. Aktuelle Studien rechnen mit einem steten Anstieg der Altersarmut. Mediziner warnen vor den Gesundheitsrisiken durch die wachsende soziale Isolation. W\u00e4hrend die Politik \u00fcber eine Verl\u00e4ngerung der [&hellip;]\" \/>\n<meta property=\"og:url\" content=\"https:\/\/gradido.net\/lv\/gradido-akademie-laedt-rentner-zu-erfuelltem-lebensabend-ein\/\" \/>\n<meta property=\"og:site_name\" content=\"Gradido\" \/>\n<meta property=\"article:published_time\" content=\"2021-07-13T07:05:42+00:00\" \/>\n<meta property=\"article:modified_time\" content=\"2021-12-11T20:05:20+00:00\" \/>\n<meta property=\"og:image\" content=\"https:\/\/gradido.net\/wp-content\/uploads\/2021\/07\/alter_ohne_armut_und_einsamkeit.jpg\" \/>\n\t<meta property=\"og:image:width\" content=\"1458\" \/>\n\t<meta property=\"og:image:height\" content=\"990\" \/>\n\t<meta property=\"og:image:type\" content=\"image\/jpeg\" \/>\n<meta name=\"author\" content=\"Bernd H\u00fcckst\u00e4dt\" \/>\n<meta name=\"twitter:card\" content=\"summary_large_image\" \/>\n<meta name=\"twitter:label1\" content=\"Written by\" \/>\n\t<meta name=\"twitter:data1\" content=\"Bernd H\u00fcckst\u00e4dt\" \/>\n\t<meta name=\"twitter:label2\" content=\"Est. reading time\" \/>\n\t<meta name=\"twitter:data2\" content=\"5 min\u016btes\" \/>\n<script type=\"application\/ld+json\" class=\"yoast-schema-graph\">{\"@context\":\"https:\\\/\\\/schema.org\",\"@graph\":[{\"@type\":\"Article\",\"@id\":\"https:\\\/\\\/gradido.net\\\/el\\\/gradido-akademie-laedt-rentner-zu-erfuelltem-lebensabend-ein\\\/#article\",\"isPartOf\":{\"@id\":\"https:\\\/\\\/gradido.net\\\/el\\\/gradido-akademie-laedt-rentner-zu-erfuelltem-lebensabend-ein\\\/\"},\"author\":{\"name\":\"Bernd H\u00fcckst\u00e4dt\",\"@id\":\"https:\\\/\\\/gradido.net\\\/de\\\/#\\\/schema\\\/person\\\/9c503a004ad15a1ddecadce2218db5d1\"},\"headline\":\"Gradido-Akademie l\u00e4dt Rentner zu erf\u00fclltem Lebensabend ein\",\"datePublished\":\"2021-07-13T07:05:42+00:00\",\"dateModified\":\"2021-12-11T20:05:20+00:00\",\"mainEntityOfPage\":{\"@id\":\"https:\\\/\\\/gradido.net\\\/el\\\/gradido-akademie-laedt-rentner-zu-erfuelltem-lebensabend-ein\\\/\"},\"wordCount\":926,\"publisher\":{\"@id\":\"https:\\\/\\\/gradido.net\\\/de\\\/#organization\"},\"image\":{\"@id\":\"https:\\\/\\\/gradido.net\\\/el\\\/gradido-akademie-laedt-rentner-zu-erfuelltem-lebensabend-ein\\\/#primaryimage\"},\"thumbnailUrl\":\"https:\\\/\\\/gradido.net\\\/wp-content\\\/uploads\\\/2021\\\/07\\\/alter_ohne_armut_und_einsamkeit.jpg\",\"articleSection\":[\"Pressemitteilung\"],\"inLanguage\":\"lv-LV\"},{\"@type\":\"WebPage\",\"@id\":\"https:\\\/\\\/gradido.net\\\/el\\\/gradido-akademie-laedt-rentner-zu-erfuelltem-lebensabend-ein\\\/\",\"url\":\"https:\\\/\\\/gradido.net\\\/el\\\/gradido-akademie-laedt-rentner-zu-erfuelltem-lebensabend-ein\\\/\",\"name\":\"Gradido-Akademie l\u00e4dt Rentner zu erf\u00fclltem Lebensabend ein - Gradido\",\"isPartOf\":{\"@id\":\"https:\\\/\\\/gradido.net\\\/de\\\/#website\"},\"primaryImageOfPage\":{\"@id\":\"https:\\\/\\\/gradido.net\\\/el\\\/gradido-akademie-laedt-rentner-zu-erfuelltem-lebensabend-ein\\\/#primaryimage\"},\"image\":{\"@id\":\"https:\\\/\\\/gradido.net\\\/el\\\/gradido-akademie-laedt-rentner-zu-erfuelltem-lebensabend-ein\\\/#primaryimage\"},\"thumbnailUrl\":\"https:\\\/\\\/gradido.net\\\/wp-content\\\/uploads\\\/2021\\\/07\\\/alter_ohne_armut_und_einsamkeit.jpg\",\"datePublished\":\"2021-07-13T07:05:42+00:00\",\"dateModified\":\"2021-12-11T20:05:20+00:00\",\"breadcrumb\":{\"@id\":\"https:\\\/\\\/gradido.net\\\/el\\\/gradido-akademie-laedt-rentner-zu-erfuelltem-lebensabend-ein\\\/#breadcrumb\"},\"inLanguage\":\"lv-LV\",\"potentialAction\":[{\"@type\":\"ReadAction\",\"target\":[\"https:\\\/\\\/gradido.net\\\/el\\\/gradido-akademie-laedt-rentner-zu-erfuelltem-lebensabend-ein\\\/\"]}]},{\"@type\":\"ImageObject\",\"inLanguage\":\"lv-LV\",\"@id\":\"https:\\\/\\\/gradido.net\\\/el\\\/gradido-akademie-laedt-rentner-zu-erfuelltem-lebensabend-ein\\\/#primaryimage\",\"url\":\"https:\\\/\\\/gradido.net\\\/wp-content\\\/uploads\\\/2021\\\/07\\\/alter_ohne_armut_und_einsamkeit.jpg\",\"contentUrl\":\"https:\\\/\\\/gradido.net\\\/wp-content\\\/uploads\\\/2021\\\/07\\\/alter_ohne_armut_und_einsamkeit.jpg\",\"width\":1458,\"height\":990},{\"@type\":\"BreadcrumbList\",\"@id\":\"https:\\\/\\\/gradido.net\\\/el\\\/gradido-akademie-laedt-rentner-zu-erfuelltem-lebensabend-ein\\\/#breadcrumb\",\"itemListElement\":[{\"@type\":\"ListItem\",\"position\":1,\"name\":\"Startseite\",\"item\":\"https:\\\/\\\/gradido.net\\\/\"},{\"@type\":\"ListItem\",\"position\":2,\"name\":\"Gradido-Akademie l\u00e4dt Rentner zu erf\u00fclltem Lebensabend ein\"}]},{\"@type\":\"WebSite\",\"@id\":\"https:\\\/\\\/gradido.net\\\/de\\\/#website\",\"url\":\"https:\\\/\\\/gradido.net\\\/de\\\/\",\"name\":\"Gradido\",\"description\":\"Die neue W\u00e4hrung hei\u00dft Dankbarkeit\",\"publisher\":{\"@id\":\"https:\\\/\\\/gradido.net\\\/de\\\/#organization\"},\"potentialAction\":[{\"@type\":\"SearchAction\",\"target\":{\"@type\":\"EntryPoint\",\"urlTemplate\":\"https:\\\/\\\/gradido.net\\\/de\\\/?s={search_term_string}\"},\"query-input\":{\"@type\":\"PropertyValueSpecification\",\"valueRequired\":true,\"valueName\":\"search_term_string\"}}],\"inLanguage\":\"lv-LV\"},{\"@type\":\"Organization\",\"@id\":\"https:\\\/\\\/gradido.net\\\/de\\\/#organization\",\"name\":\"Gradido\",\"url\":\"https:\\\/\\\/gradido.net\\\/de\\\/\",\"logo\":{\"@type\":\"ImageObject\",\"inLanguage\":\"lv-LV\",\"@id\":\"https:\\\/\\\/gradido.net\\\/de\\\/#\\\/schema\\\/logo\\\/image\\\/\",\"url\":\"https:\\\/\\\/gradido.net\\\/wp-content\\\/uploads\\\/2022\\\/04\\\/gradido-social.jpg\",\"contentUrl\":\"https:\\\/\\\/gradido.net\\\/wp-content\\\/uploads\\\/2022\\\/04\\\/gradido-social.jpg\",\"width\":527,\"height\":273,\"caption\":\"Gradido\"},\"image\":{\"@id\":\"https:\\\/\\\/gradido.net\\\/de\\\/#\\\/schema\\\/logo\\\/image\\\/\"}},{\"@type\":\"Person\",\"@id\":\"https:\\\/\\\/gradido.net\\\/de\\\/#\\\/schema\\\/person\\\/9c503a004ad15a1ddecadce2218db5d1\",\"name\":\"Bernd H\u00fcckst\u00e4dt\",\"sameAs\":[\"https:\\\/\\\/gradido.net\"],\"url\":\"https:\\\/\\\/gradido.net\\\/lv\\\/author\\\/bernd\\\/\"}]}<\/script>\n<!-- \/ Yoast SEO plugin. -->","yoast_head_json":{"title":"Gradido akad\u0113mija aicina pension\u0101rus uz pilnv\u0113rt\u012bgu pensiju - Gradido","robots":{"index":"index","follow":"follow","max-snippet":"max-snippet:-1","max-image-preview":"max-image-preview:large","max-video-preview":"max-video-preview:-1"},"canonical":"https:\/\/gradido.net\/lv\/gradido-akademie-laedt-rentner-zu-erfuelltem-lebensabend-ein\/","og_locale":"lv_LV","og_type":"article","og_title":"Gradido-Akademie l\u00e4dt Rentner zu erf\u00fclltem Lebensabend ein - Gradido","og_description":"Arm und einsam im Alter? K\u00fcnzelsau,13.07.2021 \u2013 Die Aussichten f\u00fcr Rentner sind d\u00fcster: Wegen drohender Altersarmut und wachsender Vereinsamung wird der \u201awohlverdiente Ruhestand\u2018 nicht selten zu einem echten Schreckensszenario. Aktuelle Studien rechnen mit einem steten Anstieg der Altersarmut. Mediziner warnen vor den Gesundheitsrisiken durch die wachsende soziale Isolation. W\u00e4hrend die Politik \u00fcber eine Verl\u00e4ngerung der [&hellip;]","og_url":"https:\/\/gradido.net\/lv\/gradido-akademie-laedt-rentner-zu-erfuelltem-lebensabend-ein\/","og_site_name":"Gradido","article_published_time":"2021-07-13T07:05:42+00:00","article_modified_time":"2021-12-11T20:05:20+00:00","og_image":[{"width":1458,"height":990,"url":"https:\/\/gradido.net\/wp-content\/uploads\/2021\/07\/alter_ohne_armut_und_einsamkeit.jpg","type":"image\/jpeg"}],"author":"Bernd H\u00fcckst\u00e4dt","twitter_card":"summary_large_image","twitter_misc":{"Written by":"Bernd H\u00fcckst\u00e4dt","Est. reading time":"5 min\u016btes"},"schema":{"@context":"https:\/\/schema.org","@graph":[{"@type":"Article","@id":"https:\/\/gradido.net\/el\/gradido-akademie-laedt-rentner-zu-erfuelltem-lebensabend-ein\/#article","isPartOf":{"@id":"https:\/\/gradido.net\/el\/gradido-akademie-laedt-rentner-zu-erfuelltem-lebensabend-ein\/"},"author":{"name":"Bernd H\u00fcckst\u00e4dt","@id":"https:\/\/gradido.net\/de\/#\/schema\/person\/9c503a004ad15a1ddecadce2218db5d1"},"headline":"Gradido-Akademie l\u00e4dt Rentner zu erf\u00fclltem Lebensabend ein","datePublished":"2021-07-13T07:05:42+00:00","dateModified":"2021-12-11T20:05:20+00:00","mainEntityOfPage":{"@id":"https:\/\/gradido.net\/el\/gradido-akademie-laedt-rentner-zu-erfuelltem-lebensabend-ein\/"},"wordCount":926,"publisher":{"@id":"https:\/\/gradido.net\/de\/#organization"},"image":{"@id":"https:\/\/gradido.net\/el\/gradido-akademie-laedt-rentner-zu-erfuelltem-lebensabend-ein\/#primaryimage"},"thumbnailUrl":"https:\/\/gradido.net\/wp-content\/uploads\/2021\/07\/alter_ohne_armut_und_einsamkeit.jpg","articleSection":["Pressemitteilung"],"inLanguage":"lv-LV"},{"@type":"WebPage","@id":"https:\/\/gradido.net\/el\/gradido-akademie-laedt-rentner-zu-erfuelltem-lebensabend-ein\/","url":"https:\/\/gradido.net\/el\/gradido-akademie-laedt-rentner-zu-erfuelltem-lebensabend-ein\/","name":"Gradido akad\u0113mija aicina pension\u0101rus uz pilnv\u0113rt\u012bgu pensiju - Gradido","isPartOf":{"@id":"https:\/\/gradido.net\/de\/#website"},"primaryImageOfPage":{"@id":"https:\/\/gradido.net\/el\/gradido-akademie-laedt-rentner-zu-erfuelltem-lebensabend-ein\/#primaryimage"},"image":{"@id":"https:\/\/gradido.net\/el\/gradido-akademie-laedt-rentner-zu-erfuelltem-lebensabend-ein\/#primaryimage"},"thumbnailUrl":"https:\/\/gradido.net\/wp-content\/uploads\/2021\/07\/alter_ohne_armut_und_einsamkeit.jpg","datePublished":"2021-07-13T07:05:42+00:00","dateModified":"2021-12-11T20:05:20+00:00","breadcrumb":{"@id":"https:\/\/gradido.net\/el\/gradido-akademie-laedt-rentner-zu-erfuelltem-lebensabend-ein\/#breadcrumb"},"inLanguage":"lv-LV","potentialAction":[{"@type":"ReadAction","target":["https:\/\/gradido.net\/el\/gradido-akademie-laedt-rentner-zu-erfuelltem-lebensabend-ein\/"]}]},{"@type":"ImageObject","inLanguage":"lv-LV","@id":"https:\/\/gradido.net\/el\/gradido-akademie-laedt-rentner-zu-erfuelltem-lebensabend-ein\/#primaryimage","url":"https:\/\/gradido.net\/wp-content\/uploads\/2021\/07\/alter_ohne_armut_und_einsamkeit.jpg","contentUrl":"https:\/\/gradido.net\/wp-content\/uploads\/2021\/07\/alter_ohne_armut_und_einsamkeit.jpg","width":1458,"height":990},{"@type":"BreadcrumbList","@id":"https:\/\/gradido.net\/el\/gradido-akademie-laedt-rentner-zu-erfuelltem-lebensabend-ein\/#breadcrumb","itemListElement":[{"@type":"ListItem","position":1,"name":"Startseite","item":"https:\/\/gradido.net\/"},{"@type":"ListItem","position":2,"name":"Gradido-Akademie l\u00e4dt Rentner zu erf\u00fclltem Lebensabend ein"}]},{"@type":"WebSite","@id":"https:\/\/gradido.net\/de\/#website","url":"https:\/\/gradido.net\/de\/","name":"Gradido","description":"Jaun\u0101 val\u016bta ir pateic\u012bba","publisher":{"@id":"https:\/\/gradido.net\/de\/#organization"},"potentialAction":[{"@type":"SearchAction","target":{"@type":"EntryPoint","urlTemplate":"https:\/\/gradido.net\/de\/?s={search_term_string}"},"query-input":{"@type":"PropertyValueSpecification","valueRequired":true,"valueName":"search_term_string"}}],"inLanguage":"lv-LV"},{"@type":"Organization","@id":"https:\/\/gradido.net\/de\/#organization","name":"Gradido","url":"https:\/\/gradido.net\/de\/","logo":{"@type":"ImageObject","inLanguage":"lv-LV","@id":"https:\/\/gradido.net\/de\/#\/schema\/logo\/image\/","url":"https:\/\/gradido.net\/wp-content\/uploads\/2022\/04\/gradido-social.jpg","contentUrl":"https:\/\/gradido.net\/wp-content\/uploads\/2022\/04\/gradido-social.jpg","width":527,"height":273,"caption":"Gradido"},"image":{"@id":"https:\/\/gradido.net\/de\/#\/schema\/logo\/image\/"}},{"@type":"Person","@id":"https:\/\/gradido.net\/de\/#\/schema\/person\/9c503a004ad15a1ddecadce2218db5d1","name":"Bernd H\u00fcckst\u00e4dt","sameAs":["https:\/\/gradido.net"],"url":"https:\/\/gradido.net\/lv\/author\/bernd\/"}]}},"_links":{"self":[{"href":"https:\/\/gradido.net\/lv\/wp-json\/wp\/v2\/posts\/2978","targetHints":{"allow":["GET"]}}],"collection":[{"href":"https:\/\/gradido.net\/lv\/wp-json\/wp\/v2\/posts"}],"about":[{"href":"https:\/\/gradido.net\/lv\/wp-json\/wp\/v2\/types\/post"}],"author":[{"embeddable":true,"href":"https:\/\/gradido.net\/lv\/wp-json\/wp\/v2\/users\/2"}],"replies":[{"embeddable":true,"href":"https:\/\/gradido.net\/lv\/wp-json\/wp\/v2\/comments?post=2978"}],"version-history":[{"count":10,"href":"https:\/\/gradido.net\/lv\/wp-json\/wp\/v2\/posts\/2978\/revisions"}],"predecessor-version":[{"id":3778,"href":"https:\/\/gradido.net\/lv\/wp-json\/wp\/v2\/posts\/2978\/revisions\/3778"}],"wp:featuredmedia":[{"embeddable":true,"href":"https:\/\/gradido.net\/lv\/wp-json\/wp\/v2\/media\/2977"}],"wp:attachment":[{"href":"https:\/\/gradido.net\/lv\/wp-json\/wp\/v2\/media?parent=2978"}],"wp:term":[{"taxonomy":"category","embeddable":true,"href":"https:\/\/gradido.net\/lv\/wp-json\/wp\/v2\/categories?post=2978"},{"taxonomy":"post_tag","embeddable":true,"href":"https:\/\/gradido.net\/lv\/wp-json\/wp\/v2\/tags?post=2978"}],"curies":[{"name":"wp","href":"https:\/\/api.w.org\/{rel}","templated":true}]}}