{"id":3314,"date":"2021-10-14T15:45:02","date_gmt":"2021-10-14T13:45:02","guid":{"rendered":"https:\/\/gradido.net\/?p=3314"},"modified":"2021-12-11T21:09:11","modified_gmt":"2021-12-11T20:09:11","slug":"gradido-schafft-gerechte-gesundheitsversorgung-fuer-alle","status":"publish","type":"post","link":"https:\/\/gradido.net\/lv\/gradido-schafft-gerechte-gesundheitsversorgung-fuer-alle\/","title":{"rendered":"Gradido nodro\u0161ina vienl\u012bdz\u012bgu vesel\u012bbas apr\u016bpi visiem"},"content":{"rendered":"<div data-elementor-type=\"wp-post\" data-elementor-id=\"3314\" class=\"elementor elementor-3314\" data-elementor-post-type=\"post\">\n\t\t\t\t\t\t<section class=\"elementor-section elementor-top-section elementor-element elementor-element-496e1d53 elementor-section-boxed elementor-section-height-default elementor-section-height-default\" data-id=\"496e1d53\" data-element_type=\"section\" data-e-type=\"section\">\n\t\t\t\t\t\t<div class=\"elementor-container elementor-column-gap-default\">\n\t\t\t\t\t<div class=\"elementor-column elementor-col-100 elementor-top-column elementor-element elementor-element-461d7be0\" data-id=\"461d7be0\" data-element_type=\"column\" data-e-type=\"column\">\n\t\t\t<div class=\"elementor-widget-wrap elementor-element-populated\">\n\t\t\t\t\t\t<div class=\"elementor-element elementor-element-cd9ebe2 elementor-widget elementor-widget-text-editor\" data-id=\"cd9ebe2\" data-element_type=\"widget\" data-e-type=\"widget\" data-widget_type=\"text-editor.default\">\n\t\t\t\t<div class=\"elementor-widget-container\">\n\t\t\t\t\t\t\t\t\t<h2>Vesel\u012bbas sist\u0113ma no valsts bud\u017eeta<\/h2><p><strong>K\u00fcnzelsau,14.10.2021 - P\u0101rliecin\u0101t\u012bba un apmierin\u0101t\u012bba ir tikpat svar\u012bgas labas dz\u012bves sast\u0101vda\u013cas k\u0101 vesel\u012bgs uzturs un pietiekama medic\u012bnisk\u0101 apr\u016bpe. Tom\u0113r, kam\u0113r bag\u0101tie k\u013c\u016bst aizvien bag\u0101t\u0101ki, bet cilv\u0113ku, kuru ien\u0101kumi tikko pietiek iztikai, k\u013c\u016bst aizvien vair\u0101k, ideja par pilnv\u0113rt\u012bgu eksistenci pamaz\u0101m p\u0101rv\u0113r\u0161as par utopiju. T\u0101 viet\u0101 t\u0101das par\u0101d\u012bbas k\u0101 p\u0101rtikas tr\u016bkums, past\u0101v\u012bga p\u0101rslodze un vientul\u012bba k\u013c\u016bst par vesel\u012bbas apdraud\u0113jumu m\u016bsu p\u0101rtiku\u0161\u0101s sabiedr\u012bbas vid\u016b. P\u0113c Gradido akad\u0113mijas ekonomikas bionikas ekspertu dom\u0101m, p\u0101r\u0101k daudziem cilv\u0113kiem nav re\u0101lu izred\u017eu p\u0101rdz\u012bvot valdo\u0161o ekonomikas un finan\u0161u sist\u0113mu neskartu. Vi\u0146i uzskata, ka par\u0101du naudas principa atcel\u0161ana ir tikpat b\u016btiska k\u0101 \"akt\u012bvo pamatien\u0101kumu\" ievie\u0161ana, un ir rad\u012bju\u0161i alternat\u012bvu Gradido modelim, kas \u013cautu visiem cilv\u0113kiem dz\u012bvot vesel\u012bb\u0101 un dro\u0161\u012bb\u0101 lab\u0101 sabiedr\u012bb\u0101.<\/strong><\/p><h3>P\u0101rtikas tr\u016bkums k\u0101 vesel\u012bbas apdraud\u0113jums<\/h3><p>Saska\u0146\u0101 ar Heinriha B\u0113la fonda nesen veikto anal\u012bzi pat t\u0101d\u0101 bag\u0101t\u0101 valst\u012b k\u0101 V\u0101cija ne visi var \u0113st vesel\u012bgi. Saska\u0146\u0101 ar jaun\u0101kajiem soci\u0101li epidemiolo\u0123iskajiem p\u0113t\u012bjumiem ien\u0101kumi, izgl\u012bt\u012bba un darbs ir neizb\u0113gami saist\u012bti ar uzturu un vesel\u012bbas st\u0101vokli. 2020. gada mart\u0101 V\u0101cij\u0101 6,48 miljoni cilv\u0113ku, tostarp aptuveni 1,87 miljoni b\u0113rnu, dz\u012bvoja no bezdarbnieka pabalstiem vai Hartz IV pabalstiem. Tom\u0113r ar p\u0101rtikas bud\u017eetu aptuveni 150 eiro m\u0113nes\u012b, kas ir aptuveni pieci eiro dien\u0101, diez vai pietiek, lai samaks\u0101tu par kvalitat\u012bvu un vesel\u012bgu p\u0101rtiku. Un tam ir sekas. Kongresa \"Nabadz\u012bba un vesel\u012bba\" atkl\u0101\u0161an\u0101 profesors Martins D\u012btrihs (Martin Dietrich) no Feder\u0101l\u0101 vesel\u012bbas izgl\u012bt\u012bbas centra (BZgA) jau 2019. gad\u0101 skaidri nor\u0101d\u012bja, k\u0101p\u0113c \u0161ai saiknei joproj\u0101m j\u0101piev\u0113r\u0161 \u012bpa\u0161a uzman\u012bba: nabadz\u012bbas gad\u012bjum\u0101 j\u0101\u0146em v\u0113r\u0101 ne tikai finansi\u0101l\u0101 da\u013ca, bet ar\u012b pieredz\u0113tais tr\u016bkums, k\u0101 ar\u012b samazin\u0101ta soci\u0101l\u0101 l\u012bdzdal\u012bba. Roberta Koha instit\u016bts jau 2019. gad\u0101 apr\u0113\u0137in\u0101ja, ka paredzamais dz\u012bves ilgums starp zem\u0101ko un augst\u0101ko ien\u0101kumu grupu at\u0161\u0137iras par iev\u0113rojamajiem 4,4 gadiem sieviet\u0113m un 8,6 gadiem v\u012brie\u0161iem, t\u0101d\u0113j\u0101di pier\u0101dot, ka dz\u012bve nabadz\u012bb\u0101 ir slim\u012bga.<\/p><h3>Apgr\u016btino\u0161as bailes no soci\u0101l\u0101s atstumt\u012bbas<\/h3><p>Taj\u0101 pa\u0161\u0101 laik\u0101 pieaug to cilv\u0113ku skaits, kuriem draud nabadz\u012bba. Daudz\u0101s \u0123imen\u0113s, neraugoties uz pilnas slodzes darbu, ar \u0161o naudu iztikai gandr\u012bz nepietiek. Vi\u0146i tik tikko sp\u0113j samaks\u0101t par \u012bri, ener\u0123iju un p\u0101rtiku - nekas nepaliek ne pirkumiem, ne pat vecumdien\u0101m. Bailes zaud\u0113t darbu, nepagarin\u0101t darba l\u012bgumu uz noteiktu laiku vai paaugstin\u0101t \u012bres maksu neizb\u0113gami k\u013c\u016bst par past\u0101v\u012bgiem draudiem visai vi\u0146u eksistencei. \u0160\u0101d\u0101 situ\u0101cij\u0101 spiediens uz veikl\u012bbu un eksistenci\u0101l\u0101 trauksme daudziem cilv\u0113kiem ir tik nep\u0101rvarama, ka vi\u0146i past\u0101v\u012bgi c\u012bn\u0101s ar gar\u012bgo un fizisko p\u0101rslodzi un t\u0101d\u0113j\u0101di risk\u0113 ar savu vesel\u012bbu.<\/p><h3>Vesel\u012bga nauda rada vesel\u012bgu pasauli<\/h3><p>Gradido akad\u0113mijas ekonomikas pionieri pret \u0161o draud\u012bgo att\u012bst\u012bbu v\u0113r\u0161as ar savu t\u0101da pa\u0161a nosaukuma ekonomikas un finan\u0161u modeli, ko var \u012bstenot re\u0123ion\u0101l\u0101, valsts un ar\u012b starptautisk\u0101 m\u0113rog\u0101. Ievie\u0161ot kop\u0113jo labuma val\u016btu Gradido (GDD), akt\u012bvos pamatien\u0101kumus un atsakoties no par\u0101da naudas principa, vi\u0146i v\u0113las likt stabilu pamatu tam, lai visi cilv\u0113ki n\u0101kotn\u0113 var\u0113tu dz\u012bvot vesel\u012bgu dz\u012bvi ar dro\u0161iem iztikas l\u012bdzek\u013ciem un atrast savu vietu sabiedr\u012bbas vid\u016b.<\/p><h3>Tr\u012bsk\u0101r\u0161\u0101 labkl\u0101j\u012bba - vesel\u012bgs pamats dz\u012bvei paaud\u017eu paaudz\u0113s<\/h3><p>Balstoties uz tiem veiksmes mode\u013ciem, kas dab\u0101 sevi ir pier\u0101d\u012bju\u0161i miljardiem gadu, \"Gradido akad\u0113mijas\" ekonomikas pionieri sp\u0113ja izstr\u0101d\u0101t kop\u012bg\u0101 labuma koncepciju, kuras \u0113tikas pamatprincips ir orient\u0113ts uz \"tr\u012bsk\u0101r\u0161o labumu\". Konkr\u0113ti - 3000 Gradido (GDD), kuru v\u0113rt\u012bba aptuveni atbilst eiro v\u0113rt\u012bbai, tiek izveidoti katram cilv\u0113kam katru m\u0113nesi, neveidojot par\u0101du. Viena tre\u0161da\u013ca tiek atv\u0113l\u0113ta akt\u012bvajiem pamatien\u0101kumiem, viena tre\u0161da\u013ca tiek izmantota valsts bud\u017eeta un vesel\u012bbas apr\u016bpes sist\u0113mas finans\u0113\u0161anai, bet viena tre\u0161da\u013ca - dabas saglab\u0101\u0161anai un atjauno\u0161anai. L\u012bdz ar to Gradido model\u012b nodok\u013ci ir novecoju\u0161i, un likten\u012bg\u0101 aizvien jaunu par\u0101du kalnu uzkr\u0101\u0161ana n\u0101kamaj\u0101m paaudz\u0113m ir pag\u0101tne.<\/p><h3>Akt\u012bvie pamatien\u0101kumi taisn\u012bgai vesel\u012bbas apr\u016bpei<\/h3><p>1000 Gradido ir pieejami uz vienu iedz\u012bvot\u0101ju k\u0101 ikm\u0113ne\u0161a pamatien\u0101kumi, lai nodro\u0161in\u0101tu visu vecumu cilv\u0113kiem pietiekamu iztiku. Piem\u0113ram, \u010detru cilv\u0113ku \u0123imenei papildus citiem ien\u0101kumiem tas b\u016btu 4000 GDD. T\u0101d\u0113j\u0101di vesel\u012bga p\u0101rtika vairs neb\u016btu nevienam nepieejama grezn\u012bba, un ekspluat\u0101cijas izmaksas vienm\u0113r b\u016btu nodro\u0161in\u0101tas neatkar\u012bgi no indiv\u012bda nodarbin\u0101t\u012bbas situ\u0101cijas. \"T\u0101d\u0113j\u0101di tiek \u012bstenoti pirmie tr\u012bs ANO Ilgtsp\u0113j\u012bgas att\u012bst\u012bbas m\u0113r\u0137i, t.i., pirmk\u0101rt, \"bez nabadz\u012bbas\", otrk\u0101rt, \"bez bada\" un, tre\u0161k\u0101rt, \"vesel\u012bba un labkl\u0101j\u012bba\", t\u0101d\u0113j\u0101di veicinot mieru un taisn\u012bgumu, kas min\u0113ti 16. m\u0113r\u0137\u012b,\" skaidro neatkar\u012bg\u0101 Ekonomikas bionikas p\u0113tniec\u012bbas instit\u016bta l\u012bdzdibin\u0101t\u0101js Bernds Huk\u0161tads. Un vi\u0146\u0161 nor\u0101da uz v\u0113l vienu svar\u012bgu sasniegumu: \"Gradido model\u012b valsts bud\u017eet\u0101 ir iek\u013cauta ar\u012b vesel\u012bbas apr\u016bpe. T\u0101d\u0113j\u0101di visiem cilv\u0113kiem ir garant\u0113ta br\u012bva piek\u013cuve vesel\u012bbas apr\u016bpei. L\u0113mums par to, k\u0101du vesel\u012bbas apr\u016bpes veidu vi\u0146i izv\u0113las, ir piln\u012bb\u0101 vi\u0146u pa\u0161u zi\u0146\u0101 un nav atkar\u012bgs no vi\u0146u ien\u0101kumiem.\"<\/p><h3>Dz\u012bves kvalit\u0101tei nepiecie\u0161ama ar\u012b soci\u0101l\u0101 l\u012bdzdal\u012bba<\/h3><p>Cen\u0161oties ikvienam dot iesp\u0113ju dz\u012bvot vesel\u012bgu un pilnv\u0113rt\u012bgu dz\u012bvi, ekonomikas bionikas eksperti ir ne tikai optimiz\u0113ju\u0161i apg\u0101des situ\u0101ciju. Dr\u012bz\u0101k, ievie\u0161ot \"akt\u012bvo pamatien\u0101kumu\", vi\u0146iem ir izdevies veicin\u0101t ar\u012b \"beznosac\u012bjumu soci\u0101lo l\u012bdzdal\u012bbu\". Personas, kas v\u0113las sa\u0146emt ikm\u0113ne\u0161a pamatien\u0101kumu, tiek aicin\u0101tas jebkur\u0101 vecum\u0101 sniegt savu ieguld\u012bjumu kopien\u0101 ne vair\u0101k k\u0101 50 stundas m\u0113nes\u012b, veicot darb\u012bbas un uzdevumus, kas vi\u0146iem \u012bpa\u0161i labi padodas vai ko vi\u0146i v\u0113l\u0113tos veikt, lai atkl\u0101tu jaunus talantus. Gradido akad\u0113mijas \u012bpa\u0161niece Margr\u0113ta Baire (Margret Baier) skaidro \u0161\u012b principa \u012bpa\u0161o v\u0113rt\u012bbu: \"\u0160\u0101d\u0101 veid\u0101 mums izdodas atgriezt m\u016bsu vid\u016b \u012bpa\u0161i vientu\u013cus cilv\u0113kus, kuru dz\u012bves kvalit\u0101ti un vesel\u012bbas st\u0101vokli tik bie\u017ei apgr\u016btina moko\u0161a mazv\u0113rt\u012bbas saj\u016bta, un sniegt vi\u0146iem labu saj\u016btu, ka vi\u0146i mums pat\u012bk un ir vajadz\u012bgi. M\u016bsu kopien\u0101 ikviens ir v\u0113rt\u012bgs un gaid\u012bts, kas galu gal\u0101 nodro\u0161in\u0101s, ka m\u0113s varam p\u0113c iesp\u0113jas lab\u0101k izmantot daudzveid\u012bgo potenci\u0101lu, kas past\u0101v - visu interes\u0113s.\"\" Turkl\u0101t \"beznosac\u012bjumu l\u012bdzdal\u012bba\" pied\u0101v\u0101 ne tikai pamatpakalpojumu nodro\u0161in\u0101jumu, bet ar\u012b iesp\u0113ju izm\u0113\u0123in\u0101t savus sp\u0113kus visda\u017e\u0101d\u0101kaj\u0101s jom\u0101s, kas ir optim\u0101ls pamats person\u012bbas att\u012bst\u012bbai, kurai \u0161obr\u012bd tik daudzu cilv\u0113ku dz\u012bv\u0113 vairs nevajadz\u0113tu b\u016bt nek\u0101dai noz\u012bmei.<\/p><h3>Kop\u0101 ejam jauno ce\u013cu<\/h3><p>Lai s\u0101ktu pa\u0161reiz\u0113j\u0101s k\u013c\u016bdain\u0101s ekonomikas un finan\u0161u sist\u0113mas mierm\u012bl\u012bgu p\u0101rveido\u0161anu par Gradido modeli, ekonomikas bionikas aicina visu vecumu cilv\u0113kus iesaist\u012bties \"Lielaj\u0101 sadarb\u012bb\u0101\" lab\u0101kai pasaulei.<\/p><p>S\u012bk\u0101ka inform\u0101cija par Gradido modeli un \"Lielo sadarb\u012bbu\" vietn\u0113 <a href=\"https:\/\/gradido.net\/lv\/\">www.gradido.net<\/a><\/p>\t\t\t\t\t\t\t\t<\/div>\n\t\t\t\t<\/div>\n\t\t\t\t<div class=\"elementor-element elementor-element-e9ff241 elementor-widget elementor-widget-text-editor\" data-id=\"e9ff241\" data-element_type=\"widget\" data-e-type=\"widget\" data-widget_type=\"text-editor.default\">\n\t\t\t\t<div class=\"elementor-widget-container\">\n\t\t\t\t\t\t\t\t\t<p><strong>Par Gradido akad\u0113miju<\/strong><br>Gradido Ekonomikas bionikas akad\u0113mija (Gradido Academy for Economic Bionics) ir izstr\u0101d\u0101jusi alternat\u012bvu \"kop\u0113j\u0101 labuma val\u016btu\", kas ir veidota p\u0113c dabas parauga. Daba iev\u0113ro likumu, ka tikai tur, kur kaut kas izz\u016bd, var rasties kaut kas jauns, un t\u0101d\u0113j\u0101di ir iesp\u0113jami ilgtermi\u0146a uzlabojumi (evol\u016bcija). T\u0101s veiksmes recepte ir \"dz\u012bves cikls\". Ja ar\u012b m\u016bsu ekonomik\u0101 notiktu \u0161is dabiskais cikls, tas atrisin\u0101tu praktiski visas ar naudu saist\u012bt\u0101s pasaules probl\u0113mas, uzskata ekonomikas bionikas eksperti. Gradido mode\u013ca pamat\u0101 ir ideja, ka ne tikai katra persona, bet ar\u012b katra valsts sa\u0146em ien\u0101kumus, kas tiek veidoti uz kred\u012bta b\u0101zes. T\u0101d\u0113j\u0101di t\u0101 var veikt visus savus uzdevumus, neiekas\u0113jot nodok\u013cus. Defl\u0101cija vai infl\u0101cija ir pag\u0101tnes lietas. Ekonomika ir atbr\u012bvota no nep\u0101rtrauktas nepiecie\u0161am\u012bbas augt, un finan\u0161u sist\u0113mas sabrukuma draudi beidzot ir nov\u0113rsti. (<a href=\"https:\/\/gradido.net\/lv\/\">www.gradido.net<\/a>)<\/p>\t\t\t\t\t\t\t\t<\/div>\n\t\t\t\t<\/div>\n\t\t\t\t\t<\/div>\n\t\t<\/div>\n\t\t\t\t\t<\/div>\n\t\t<\/section>\n\t\t\t\t<\/div>","protected":false},"excerpt":{"rendered":"<p>Gesundheitssystem aus dem Staatshaushalt K\u00fcnzelsau,14.10.2021 \u2013 Zuversicht und Zufriedenheit sind f\u00fcr ein gutes Leben ebenso elementar wie gesunde Ern\u00e4hrung und ausreichende medizinische Versorgung. Solange die Reichen jedoch immer reicher und die Menschen, deren Einkommen kaum mehr zum Leben reicht, immer mehr werden, verkommt die Idee vom erf\u00fcllten Dasein allm\u00e4hlich zur Utopie. Stattdessen werden Ph\u00e4nomene wie [&hellip;]<\/p>\n","protected":false},"author":2,"featured_media":3315,"comment_status":"closed","ping_status":"closed","sticky":false,"template":"","format":"standard","meta":{"footnotes":""},"categories":[8],"tags":[],"class_list":["post-3314","post","type-post","status-publish","format-standard","has-post-thumbnail","hentry","category-pressemitteilung"],"yoast_head":"<!-- This site is optimized with the Yoast SEO plugin v27.5 - https:\/\/yoast.com\/product\/yoast-seo-wordpress\/ -->\n<title>Gradido schafft gerechte Gesundheitsversorgung f\u00fcr alle - Gradido<\/title>\n<meta name=\"robots\" content=\"index, follow, max-snippet:-1, max-image-preview:large, max-video-preview:-1\" \/>\n<link rel=\"canonical\" href=\"https:\/\/gradido.net\/lv\/gradido-schafft-gerechte-gesundheitsversorgung-fuer-alle\/\" \/>\n<meta property=\"og:locale\" content=\"lv_LV\" \/>\n<meta property=\"og:type\" content=\"article\" \/>\n<meta property=\"og:title\" content=\"Gradido schafft gerechte Gesundheitsversorgung f\u00fcr alle - Gradido\" \/>\n<meta property=\"og:description\" content=\"Gesundheitssystem aus dem Staatshaushalt K\u00fcnzelsau,14.10.2021 \u2013 Zuversicht und Zufriedenheit sind f\u00fcr ein gutes Leben ebenso elementar wie gesunde Ern\u00e4hrung und ausreichende medizinische Versorgung. Solange die Reichen jedoch immer reicher und die Menschen, deren Einkommen kaum mehr zum Leben reicht, immer mehr werden, verkommt die Idee vom erf\u00fcllten Dasein allm\u00e4hlich zur Utopie. Stattdessen werden Ph\u00e4nomene wie [&hellip;]\" \/>\n<meta property=\"og:url\" content=\"https:\/\/gradido.net\/lv\/gradido-schafft-gerechte-gesundheitsversorgung-fuer-alle\/\" \/>\n<meta property=\"og:site_name\" content=\"Gradido\" \/>\n<meta property=\"article:published_time\" content=\"2021-10-14T13:45:02+00:00\" \/>\n<meta property=\"article:modified_time\" content=\"2021-12-11T20:09:11+00:00\" \/>\n<meta property=\"og:image\" content=\"https:\/\/gradido.net\/wp-content\/uploads\/2021\/10\/staerkung_des_immunsystems.jpg\" \/>\n\t<meta property=\"og:image:width\" content=\"1458\" \/>\n\t<meta property=\"og:image:height\" content=\"990\" \/>\n\t<meta property=\"og:image:type\" content=\"image\/jpeg\" \/>\n<meta name=\"author\" content=\"Bernd H\u00fcckst\u00e4dt\" \/>\n<meta name=\"twitter:card\" content=\"summary_large_image\" \/>\n<meta name=\"twitter:label1\" content=\"Written by\" \/>\n\t<meta name=\"twitter:data1\" content=\"Bernd H\u00fcckst\u00e4dt\" \/>\n\t<meta name=\"twitter:label2\" content=\"Est. reading time\" \/>\n\t<meta name=\"twitter:data2\" content=\"6 min\u016btes\" \/>\n<script type=\"application\/ld+json\" class=\"yoast-schema-graph\">{\"@context\":\"https:\\\/\\\/schema.org\",\"@graph\":[{\"@type\":\"Article\",\"@id\":\"https:\\\/\\\/gradido.net\\\/sl\\\/gradido-schafft-gerechte-gesundheitsversorgung-fuer-alle\\\/#article\",\"isPartOf\":{\"@id\":\"https:\\\/\\\/gradido.net\\\/sl\\\/gradido-schafft-gerechte-gesundheitsversorgung-fuer-alle\\\/\"},\"author\":{\"name\":\"Bernd H\u00fcckst\u00e4dt\",\"@id\":\"https:\\\/\\\/gradido.net\\\/de\\\/#\\\/schema\\\/person\\\/9c503a004ad15a1ddecadce2218db5d1\"},\"headline\":\"Gradido schafft gerechte Gesundheitsversorgung f\u00fcr alle\",\"datePublished\":\"2021-10-14T13:45:02+00:00\",\"dateModified\":\"2021-12-11T20:09:11+00:00\",\"mainEntityOfPage\":{\"@id\":\"https:\\\/\\\/gradido.net\\\/sl\\\/gradido-schafft-gerechte-gesundheitsversorgung-fuer-alle\\\/\"},\"wordCount\":1222,\"publisher\":{\"@id\":\"https:\\\/\\\/gradido.net\\\/de\\\/#organization\"},\"image\":{\"@id\":\"https:\\\/\\\/gradido.net\\\/sl\\\/gradido-schafft-gerechte-gesundheitsversorgung-fuer-alle\\\/#primaryimage\"},\"thumbnailUrl\":\"https:\\\/\\\/gradido.net\\\/wp-content\\\/uploads\\\/2021\\\/10\\\/staerkung_des_immunsystems.jpg\",\"articleSection\":[\"Pressemitteilung\"],\"inLanguage\":\"lv-LV\"},{\"@type\":\"WebPage\",\"@id\":\"https:\\\/\\\/gradido.net\\\/sl\\\/gradido-schafft-gerechte-gesundheitsversorgung-fuer-alle\\\/\",\"url\":\"https:\\\/\\\/gradido.net\\\/sl\\\/gradido-schafft-gerechte-gesundheitsversorgung-fuer-alle\\\/\",\"name\":\"Gradido schafft gerechte Gesundheitsversorgung f\u00fcr alle - Gradido\",\"isPartOf\":{\"@id\":\"https:\\\/\\\/gradido.net\\\/de\\\/#website\"},\"primaryImageOfPage\":{\"@id\":\"https:\\\/\\\/gradido.net\\\/sl\\\/gradido-schafft-gerechte-gesundheitsversorgung-fuer-alle\\\/#primaryimage\"},\"image\":{\"@id\":\"https:\\\/\\\/gradido.net\\\/sl\\\/gradido-schafft-gerechte-gesundheitsversorgung-fuer-alle\\\/#primaryimage\"},\"thumbnailUrl\":\"https:\\\/\\\/gradido.net\\\/wp-content\\\/uploads\\\/2021\\\/10\\\/staerkung_des_immunsystems.jpg\",\"datePublished\":\"2021-10-14T13:45:02+00:00\",\"dateModified\":\"2021-12-11T20:09:11+00:00\",\"breadcrumb\":{\"@id\":\"https:\\\/\\\/gradido.net\\\/sl\\\/gradido-schafft-gerechte-gesundheitsversorgung-fuer-alle\\\/#breadcrumb\"},\"inLanguage\":\"lv-LV\",\"potentialAction\":[{\"@type\":\"ReadAction\",\"target\":[\"https:\\\/\\\/gradido.net\\\/sl\\\/gradido-schafft-gerechte-gesundheitsversorgung-fuer-alle\\\/\"]}]},{\"@type\":\"ImageObject\",\"inLanguage\":\"lv-LV\",\"@id\":\"https:\\\/\\\/gradido.net\\\/sl\\\/gradido-schafft-gerechte-gesundheitsversorgung-fuer-alle\\\/#primaryimage\",\"url\":\"https:\\\/\\\/gradido.net\\\/wp-content\\\/uploads\\\/2021\\\/10\\\/staerkung_des_immunsystems.jpg\",\"contentUrl\":\"https:\\\/\\\/gradido.net\\\/wp-content\\\/uploads\\\/2021\\\/10\\\/staerkung_des_immunsystems.jpg\",\"width\":1458,\"height\":990},{\"@type\":\"BreadcrumbList\",\"@id\":\"https:\\\/\\\/gradido.net\\\/sl\\\/gradido-schafft-gerechte-gesundheitsversorgung-fuer-alle\\\/#breadcrumb\",\"itemListElement\":[{\"@type\":\"ListItem\",\"position\":1,\"name\":\"Startseite\",\"item\":\"https:\\\/\\\/gradido.net\\\/\"},{\"@type\":\"ListItem\",\"position\":2,\"name\":\"Gradido schafft gerechte Gesundheitsversorgung f\u00fcr alle\"}]},{\"@type\":\"WebSite\",\"@id\":\"https:\\\/\\\/gradido.net\\\/de\\\/#website\",\"url\":\"https:\\\/\\\/gradido.net\\\/de\\\/\",\"name\":\"Gradido\",\"description\":\"Die neue W\u00e4hrung hei\u00dft Dankbarkeit\",\"publisher\":{\"@id\":\"https:\\\/\\\/gradido.net\\\/de\\\/#organization\"},\"potentialAction\":[{\"@type\":\"SearchAction\",\"target\":{\"@type\":\"EntryPoint\",\"urlTemplate\":\"https:\\\/\\\/gradido.net\\\/de\\\/?s={search_term_string}\"},\"query-input\":{\"@type\":\"PropertyValueSpecification\",\"valueRequired\":true,\"valueName\":\"search_term_string\"}}],\"inLanguage\":\"lv-LV\"},{\"@type\":\"Organization\",\"@id\":\"https:\\\/\\\/gradido.net\\\/de\\\/#organization\",\"name\":\"Gradido\",\"url\":\"https:\\\/\\\/gradido.net\\\/de\\\/\",\"logo\":{\"@type\":\"ImageObject\",\"inLanguage\":\"lv-LV\",\"@id\":\"https:\\\/\\\/gradido.net\\\/de\\\/#\\\/schema\\\/logo\\\/image\\\/\",\"url\":\"https:\\\/\\\/gradido.net\\\/wp-content\\\/uploads\\\/2022\\\/04\\\/gradido-social.jpg\",\"contentUrl\":\"https:\\\/\\\/gradido.net\\\/wp-content\\\/uploads\\\/2022\\\/04\\\/gradido-social.jpg\",\"width\":527,\"height\":273,\"caption\":\"Gradido\"},\"image\":{\"@id\":\"https:\\\/\\\/gradido.net\\\/de\\\/#\\\/schema\\\/logo\\\/image\\\/\"}},{\"@type\":\"Person\",\"@id\":\"https:\\\/\\\/gradido.net\\\/de\\\/#\\\/schema\\\/person\\\/9c503a004ad15a1ddecadce2218db5d1\",\"name\":\"Bernd H\u00fcckst\u00e4dt\",\"sameAs\":[\"https:\\\/\\\/gradido.net\"],\"url\":\"https:\\\/\\\/gradido.net\\\/lv\\\/author\\\/bernd\\\/\"}]}<\/script>\n<!-- \/ Yoast SEO plugin. -->","yoast_head_json":{"title":"Gradido nodro\u0161ina vienl\u012bdz\u012bgu vesel\u012bbas apr\u016bpi visiem - Gradido","robots":{"index":"index","follow":"follow","max-snippet":"max-snippet:-1","max-image-preview":"max-image-preview:large","max-video-preview":"max-video-preview:-1"},"canonical":"https:\/\/gradido.net\/lv\/gradido-schafft-gerechte-gesundheitsversorgung-fuer-alle\/","og_locale":"lv_LV","og_type":"article","og_title":"Gradido schafft gerechte Gesundheitsversorgung f\u00fcr alle - Gradido","og_description":"Gesundheitssystem aus dem Staatshaushalt K\u00fcnzelsau,14.10.2021 \u2013 Zuversicht und Zufriedenheit sind f\u00fcr ein gutes Leben ebenso elementar wie gesunde Ern\u00e4hrung und ausreichende medizinische Versorgung. Solange die Reichen jedoch immer reicher und die Menschen, deren Einkommen kaum mehr zum Leben reicht, immer mehr werden, verkommt die Idee vom erf\u00fcllten Dasein allm\u00e4hlich zur Utopie. Stattdessen werden Ph\u00e4nomene wie [&hellip;]","og_url":"https:\/\/gradido.net\/lv\/gradido-schafft-gerechte-gesundheitsversorgung-fuer-alle\/","og_site_name":"Gradido","article_published_time":"2021-10-14T13:45:02+00:00","article_modified_time":"2021-12-11T20:09:11+00:00","og_image":[{"width":1458,"height":990,"url":"https:\/\/gradido.net\/wp-content\/uploads\/2021\/10\/staerkung_des_immunsystems.jpg","type":"image\/jpeg"}],"author":"Bernd H\u00fcckst\u00e4dt","twitter_card":"summary_large_image","twitter_misc":{"Written by":"Bernd H\u00fcckst\u00e4dt","Est. reading time":"6 min\u016btes"},"schema":{"@context":"https:\/\/schema.org","@graph":[{"@type":"Article","@id":"https:\/\/gradido.net\/sl\/gradido-schafft-gerechte-gesundheitsversorgung-fuer-alle\/#article","isPartOf":{"@id":"https:\/\/gradido.net\/sl\/gradido-schafft-gerechte-gesundheitsversorgung-fuer-alle\/"},"author":{"name":"Bernd H\u00fcckst\u00e4dt","@id":"https:\/\/gradido.net\/de\/#\/schema\/person\/9c503a004ad15a1ddecadce2218db5d1"},"headline":"Gradido schafft gerechte Gesundheitsversorgung f\u00fcr alle","datePublished":"2021-10-14T13:45:02+00:00","dateModified":"2021-12-11T20:09:11+00:00","mainEntityOfPage":{"@id":"https:\/\/gradido.net\/sl\/gradido-schafft-gerechte-gesundheitsversorgung-fuer-alle\/"},"wordCount":1222,"publisher":{"@id":"https:\/\/gradido.net\/de\/#organization"},"image":{"@id":"https:\/\/gradido.net\/sl\/gradido-schafft-gerechte-gesundheitsversorgung-fuer-alle\/#primaryimage"},"thumbnailUrl":"https:\/\/gradido.net\/wp-content\/uploads\/2021\/10\/staerkung_des_immunsystems.jpg","articleSection":["Pressemitteilung"],"inLanguage":"lv-LV"},{"@type":"WebPage","@id":"https:\/\/gradido.net\/sl\/gradido-schafft-gerechte-gesundheitsversorgung-fuer-alle\/","url":"https:\/\/gradido.net\/sl\/gradido-schafft-gerechte-gesundheitsversorgung-fuer-alle\/","name":"Gradido nodro\u0161ina vienl\u012bdz\u012bgu vesel\u012bbas apr\u016bpi visiem - Gradido","isPartOf":{"@id":"https:\/\/gradido.net\/de\/#website"},"primaryImageOfPage":{"@id":"https:\/\/gradido.net\/sl\/gradido-schafft-gerechte-gesundheitsversorgung-fuer-alle\/#primaryimage"},"image":{"@id":"https:\/\/gradido.net\/sl\/gradido-schafft-gerechte-gesundheitsversorgung-fuer-alle\/#primaryimage"},"thumbnailUrl":"https:\/\/gradido.net\/wp-content\/uploads\/2021\/10\/staerkung_des_immunsystems.jpg","datePublished":"2021-10-14T13:45:02+00:00","dateModified":"2021-12-11T20:09:11+00:00","breadcrumb":{"@id":"https:\/\/gradido.net\/sl\/gradido-schafft-gerechte-gesundheitsversorgung-fuer-alle\/#breadcrumb"},"inLanguage":"lv-LV","potentialAction":[{"@type":"ReadAction","target":["https:\/\/gradido.net\/sl\/gradido-schafft-gerechte-gesundheitsversorgung-fuer-alle\/"]}]},{"@type":"ImageObject","inLanguage":"lv-LV","@id":"https:\/\/gradido.net\/sl\/gradido-schafft-gerechte-gesundheitsversorgung-fuer-alle\/#primaryimage","url":"https:\/\/gradido.net\/wp-content\/uploads\/2021\/10\/staerkung_des_immunsystems.jpg","contentUrl":"https:\/\/gradido.net\/wp-content\/uploads\/2021\/10\/staerkung_des_immunsystems.jpg","width":1458,"height":990},{"@type":"BreadcrumbList","@id":"https:\/\/gradido.net\/sl\/gradido-schafft-gerechte-gesundheitsversorgung-fuer-alle\/#breadcrumb","itemListElement":[{"@type":"ListItem","position":1,"name":"Startseite","item":"https:\/\/gradido.net\/"},{"@type":"ListItem","position":2,"name":"Gradido schafft gerechte Gesundheitsversorgung f\u00fcr alle"}]},{"@type":"WebSite","@id":"https:\/\/gradido.net\/de\/#website","url":"https:\/\/gradido.net\/de\/","name":"Gradido","description":"Jaun\u0101 val\u016bta ir pateic\u012bba","publisher":{"@id":"https:\/\/gradido.net\/de\/#organization"},"potentialAction":[{"@type":"SearchAction","target":{"@type":"EntryPoint","urlTemplate":"https:\/\/gradido.net\/de\/?s={search_term_string}"},"query-input":{"@type":"PropertyValueSpecification","valueRequired":true,"valueName":"search_term_string"}}],"inLanguage":"lv-LV"},{"@type":"Organization","@id":"https:\/\/gradido.net\/de\/#organization","name":"Gradido","url":"https:\/\/gradido.net\/de\/","logo":{"@type":"ImageObject","inLanguage":"lv-LV","@id":"https:\/\/gradido.net\/de\/#\/schema\/logo\/image\/","url":"https:\/\/gradido.net\/wp-content\/uploads\/2022\/04\/gradido-social.jpg","contentUrl":"https:\/\/gradido.net\/wp-content\/uploads\/2022\/04\/gradido-social.jpg","width":527,"height":273,"caption":"Gradido"},"image":{"@id":"https:\/\/gradido.net\/de\/#\/schema\/logo\/image\/"}},{"@type":"Person","@id":"https:\/\/gradido.net\/de\/#\/schema\/person\/9c503a004ad15a1ddecadce2218db5d1","name":"Bernd H\u00fcckst\u00e4dt","sameAs":["https:\/\/gradido.net"],"url":"https:\/\/gradido.net\/lv\/author\/bernd\/"}]}},"_links":{"self":[{"href":"https:\/\/gradido.net\/lv\/wp-json\/wp\/v2\/posts\/3314","targetHints":{"allow":["GET"]}}],"collection":[{"href":"https:\/\/gradido.net\/lv\/wp-json\/wp\/v2\/posts"}],"about":[{"href":"https:\/\/gradido.net\/lv\/wp-json\/wp\/v2\/types\/post"}],"author":[{"embeddable":true,"href":"https:\/\/gradido.net\/lv\/wp-json\/wp\/v2\/users\/2"}],"replies":[{"embeddable":true,"href":"https:\/\/gradido.net\/lv\/wp-json\/wp\/v2\/comments?post=3314"}],"version-history":[{"count":12,"href":"https:\/\/gradido.net\/lv\/wp-json\/wp\/v2\/posts\/3314\/revisions"}],"predecessor-version":[{"id":3787,"href":"https:\/\/gradido.net\/lv\/wp-json\/wp\/v2\/posts\/3314\/revisions\/3787"}],"wp:featuredmedia":[{"embeddable":true,"href":"https:\/\/gradido.net\/lv\/wp-json\/wp\/v2\/media\/3315"}],"wp:attachment":[{"href":"https:\/\/gradido.net\/lv\/wp-json\/wp\/v2\/media?parent=3314"}],"wp:term":[{"taxonomy":"category","embeddable":true,"href":"https:\/\/gradido.net\/lv\/wp-json\/wp\/v2\/categories?post=3314"},{"taxonomy":"post_tag","embeddable":true,"href":"https:\/\/gradido.net\/lv\/wp-json\/wp\/v2\/tags?post=3314"}],"curies":[{"name":"wp","href":"https:\/\/api.w.org\/{rel}","templated":true}]}}