{"id":3833,"date":"2021-12-25T09:15:54","date_gmt":"2021-12-25T08:15:54","guid":{"rendered":"https:\/\/gradido.net\/?p=3833"},"modified":"2021-12-27T12:05:55","modified_gmt":"2021-12-27T11:05:55","slug":"episode-35","status":"publish","type":"post","link":"https:\/\/gradido.net\/lv\/episode-35\/","title":{"rendered":"Lieliska sadarb\u012bba: miers ar traumu dziedin\u0101\u0161anu"},"content":{"rendered":"<div data-elementor-type=\"wp-post\" data-elementor-id=\"3833\" class=\"elementor elementor-3833\" data-elementor-post-type=\"post\">\n\t\t\t\t\t\t<section class=\"elementor-section elementor-top-section elementor-element elementor-element-496e1d53 elementor-section-boxed elementor-section-height-default elementor-section-height-default\" data-id=\"496e1d53\" data-element_type=\"section\" data-e-type=\"section\">\n\t\t\t\t\t\t<div class=\"elementor-container elementor-column-gap-default\">\n\t\t\t\t\t<div class=\"elementor-column elementor-col-100 elementor-top-column elementor-element elementor-element-461d7be0\" data-id=\"461d7be0\" data-element_type=\"column\" data-e-type=\"column\">\n\t\t\t<div class=\"elementor-widget-wrap elementor-element-populated\">\n\t\t\t\t\t\t<div class=\"elementor-element elementor-element-cd9ebe2 elementor-widget elementor-widget-text-editor\" data-id=\"cd9ebe2\" data-element_type=\"widget\" data-e-type=\"widget\" data-widget_type=\"text-editor.default\">\n\t\t\t\t<div class=\"elementor-widget-container\">\n\t\t\t\t\t\t\t\t\t<h2>Viesi: Saskia Hoppe un Julia Toma<\/h2>\t\t\t\t\t\t\t\t<\/div>\n\t\t\t\t<\/div>\n\t\t\t\t\t<\/div>\n\t\t<\/div>\n\t\t\t\t\t<\/div>\n\t\t<\/section>\n\t\t\t\t<section class=\"elementor-section elementor-top-section elementor-element elementor-element-2f93e3c3 elementor-section-boxed elementor-section-height-default elementor-section-height-default\" data-id=\"2f93e3c3\" data-element_type=\"section\" data-e-type=\"section\">\n\t\t\t\t\t\t<div class=\"elementor-container elementor-column-gap-default\">\n\t\t\t\t\t<div class=\"elementor-column elementor-col-100 elementor-top-column elementor-element elementor-element-5a9dfd19\" data-id=\"5a9dfd19\" data-element_type=\"column\" data-e-type=\"column\">\n\t\t\t<div class=\"elementor-widget-wrap elementor-element-populated\">\n\t\t\t\t\t\t<div class=\"elementor-element elementor-element-9cdb6b8 elementor-widget elementor-widget-html\" data-id=\"9cdb6b8\" data-element_type=\"widget\" data-e-type=\"widget\" data-widget_type=\"html.default\">\n\t\t\t\t<div class=\"elementor-widget-container\">\n\t\t\t\t\t<script class=\"podigee-podcast-player\" src=\"https:\/\/player.podigee-cdn.net\/podcast-player\/javascripts\/podigee-podcast-player.js\" data-configuration=\"https:\/\/gradido.podigee.io\/35-neue-episode\/embed?context=external&token=yGjCnx3jf0955SnvRbpjKg\"><\/script>\t\t\t\t<\/div>\n\t\t\t\t<\/div>\n\t\t\t\t\t<\/div>\n\t\t<\/div>\n\t\t\t\t\t<\/div>\n\t\t<\/section>\n\t\t\t\t<section class=\"elementor-section elementor-top-section elementor-element elementor-element-585c640 elementor-section-boxed elementor-section-height-default elementor-section-height-default\" data-id=\"585c640\" data-element_type=\"section\" data-e-type=\"section\">\n\t\t\t\t\t\t<div class=\"elementor-container elementor-column-gap-default\">\n\t\t\t\t\t<div class=\"elementor-column elementor-col-50 elementor-top-column elementor-element elementor-element-13c250b\" data-id=\"13c250b\" data-element_type=\"column\" data-e-type=\"column\">\n\t\t\t<div class=\"elementor-widget-wrap elementor-element-populated\">\n\t\t\t\t\t\t<div class=\"elementor-element elementor-element-0561949 elementor-widget elementor-widget-text-editor\" data-id=\"0561949\" data-element_type=\"widget\" data-e-type=\"widget\" data-widget_type=\"text-editor.default\">\n\t\t\t\t<div class=\"elementor-widget-container\">\n\t\t\t\t\t\t\t\t\t<p>\u012apa\u0161i tagad, Ziemassv\u0113tkos, m\u012blest\u012bbas sv\u0113tkos, m\u0113s cits citam v\u0113lam \"mieru virs zemes un labu gribu cilv\u0113kiem\". M\u0113s sap\u0146ojam par pasauli, kur\u0101 visiem ir labi: mums pa\u0161iem, m\u016bsu b\u0113rniem un mazb\u0113rniem - un visiem b\u0113rniem uz m\u016bsu skaist\u0101s zemes.<\/p><p>Papildus necilv\u0113c\u012bgajai par\u0101du naudas sist\u0113mai, kuras nenov\u0113r\u0161amo sabrukumu sl\u0101p\u0113 Koronas st\u0101sta troksnis, traumas - tas ir, neapzin\u0101ti ievainojumi, no kuriem da\u017ei ir mantoti no paaudzes paaudz\u0113 - ne\u013cauj mums g\u016bt iek\u0161\u0113jo mieru un l\u012bdz ar to ar\u012b \u0101r\u0113jo mieru. Jebkur\u0101 br\u012bd\u012b var rasties trauma, un m\u0113s vairs nevaram kontrol\u0113t savu uzved\u012bbu. Vai m\u0113s sp\u0113sim izvair\u012bties no \u0161\u012bs b\u012bstam\u0101s pulvera mucas un apzin\u0101ti rad\u012bt mierm\u012bl\u012bgu pasauli?<\/p><p>Saskija Hoppe ir aktrise, te\u0101tra skolot\u0101ja, nevardarb\u012bgas komunik\u0101cijas eksperte un traum\u0101m jut\u012bga kou\u010dere. Vi\u0146ai \u012bpa\u0161i svar\u012bgs ir darbs ar \u0137ermeni. Traumas izraisa bailes, un, kad m\u0113s baid\u0101mies, m\u0113s vairs nej\u016btam savu \u0137ermeni.<\/p><p>J\u016blija Toma stud\u0113ja kult\u016bras mened\u017ementu. Profesion\u0101li vi\u0146a organiz\u0113 me\u017ea m\u0101jas br\u012bvdienas un jaunie\u0161u nometnes.<\/p><p>Abas m\u0101tes iepazin\u0101s pirms vair\u0101kiem gadiem mazb\u0113rnu grup\u0101. Papildus saviem b\u0113rniem, kurus vi\u0146i uzskata par saviem liel\u0101kajiem skolot\u0101jiem, vi\u0146us vieno ar\u012b interese par nevardarb\u012bgu komunik\u0101ciju.<\/p><p>Corona pas\u0101kumu d\u0113\u013c vi\u0146i abi, t\u0101pat k\u0101 daudzi citi cilv\u0113ki, vairs nevar\u0113ja veikt savu darbu. Ta\u010du t\u0101 viet\u0101, lai s\u0113rotu un s\u016bdz\u0113tos, vi\u0146i mekl\u0113ja jaunas r\u012bc\u012bbas iesp\u0113jas, ar kur\u0101m vi\u0146i var\u0113tu sniegt re\u0101lu pal\u012bdz\u012bbu citiem. T\u0101p\u0113c vi\u0146i nol\u0113ma organiz\u0113t tie\u0161saistes kongresu, kur\u0101 iedvesmojo\u0161i un drosm\u012bgi cilv\u0113ki ar saviem paraugiem dod impulsu att\u012bst\u012bt un izdz\u012bvot savu potenci\u0101lu. Kongress \"<strong>Sirds aicin\u0101jums , izdz\u012bvojiet savu sapni\". <\/strong>notiks no 2022. gada 7. l\u012bdz 16. janv\u0101rim, un \u0161aj\u0101 laik\u0101 visas intervijas b\u016bs skat\u0101mas bez maksas. Tie, kuri v\u0113las iedvesmoties klusaj\u0101 laik\u0101 \"starp gadiem\", tagad par nelielu samaksu var ieg\u0101d\u0101ties kongresa komplektu.<\/p><p>\"Ja m\u0113s visi dar\u012btu to, ko m\u012blam dar\u012bt no sirds, mums b\u016btu tik daudz sp\u0113ka,\" priec\u0101jas D\u017e\u016blija un S\u0101skija. Vec\u0101 totalit\u0101r\u0101 sist\u0113ma vairs nedarbosies, tikl\u012bdz b\u016bs sasniegta kritisk\u0101 masa un daudzi cilv\u0113ki pa\u0161pietiekam\u0101 veid\u0101 ies savu \u012bpa\u0161o ce\u013cu. Gradido pied\u0101v\u0101 atbilsto\u0161u v\u0113rt\u012bbu sist\u0113mu. Ar\u012b j\u016bs varat k\u013c\u016bt par t\u0101s da\u013cu! Pievienojieties past\u0101v\u012bgi augo\u0161ajai kopienai un radiet jaunu vesel\u012bgu naudu, lai pasaule b\u016btu piem\u0113rota mazb\u0113rniem! Vai ar\u012b jaunie\u0161i jums v\u0113l\u0101k jaut\u0101s, k\u0101p\u0113c j\u016bs neveicin\u0101j\u0101t mierm\u012bl\u012bgu p\u0101rveidi? Kop\u0101 m\u0113s rad\u012bsim lielisku n\u0101kotni - mieru, br\u012bv\u012bbu un glob\u0101lu labkl\u0101j\u012bbu harmonij\u0101 ar dabu!<\/p><p>Kreisaj\u0101 pus\u0113:<br \/><a href=\"http:\/\/www.rufdesherzens.com\">www.rufdesherzens.com<\/a><br \/><a href=\"http:\/\/www.saskiahoppe.de\" data-wplink-edit=\"true\">www.saskiahoppe.de<\/a><\/p>\t\t\t\t\t\t\t\t<\/div>\n\t\t\t\t<\/div>\n\t\t\t\t\t<\/div>\n\t\t<\/div>\n\t\t\t\t<div class=\"elementor-column elementor-col-50 elementor-top-column elementor-element elementor-element-e0d795e\" data-id=\"e0d795e\" data-element_type=\"column\" data-e-type=\"column\">\n\t\t\t<div class=\"elementor-widget-wrap elementor-element-populated\">\n\t\t\t\t\t\t<div class=\"elementor-element elementor-element-8c61bad elementor-widget elementor-widget-image\" data-id=\"8c61bad\" data-element_type=\"widget\" data-e-type=\"widget\" data-widget_type=\"image.default\">\n\t\t\t\t<div class=\"elementor-widget-container\">\n\t\t\t\t\t\t\t\t\t\t\t\t\t\t\t<img fetchpriority=\"high\" decoding=\"async\" width=\"800\" height=\"800\" src=\"https:\/\/gradido.net\/wp-content\/uploads\/2021\/12\/gradido_podcast_toma_hoppe-1024x1024.jpg\" class=\"attachment-large size-large wp-image-3688\" alt=\"\" srcset=\"https:\/\/gradido.net\/wp-content\/uploads\/2021\/12\/gradido_podcast_toma_hoppe-1024x1024.jpg 1024w, https:\/\/gradido.net\/wp-content\/uploads\/2021\/12\/gradido_podcast_toma_hoppe-300x300.jpg 300w, https:\/\/gradido.net\/wp-content\/uploads\/2021\/12\/gradido_podcast_toma_hoppe-150x150.jpg 150w, https:\/\/gradido.net\/wp-content\/uploads\/2021\/12\/gradido_podcast_toma_hoppe-768x768.jpg 768w, https:\/\/gradido.net\/wp-content\/uploads\/2021\/12\/gradido_podcast_toma_hoppe-12x12.jpg 12w, https:\/\/gradido.net\/wp-content\/uploads\/2021\/12\/gradido_podcast_toma_hoppe.jpg 1400w\" sizes=\"(max-width: 800px) 100vw, 800px\" \/>\t\t\t\t\t\t\t\t\t\t\t\t\t\t\t<\/div>\n\t\t\t\t<\/div>\n\t\t\t\t<div class=\"elementor-element elementor-element-ceab137 elementor-widget elementor-widget-text-editor\" data-id=\"ceab137\" data-element_type=\"widget\" data-e-type=\"widget\" data-widget_type=\"text-editor.default\">\n\t\t\t\t<div class=\"elementor-widget-container\">\n\t\t\t\t\t\t\t\t\t<p><a href=\"https:\/\/youtu.be\/bLMSAb2fjHg\" target=\"_blank\" rel=\"noopener\">Klausieties vietn\u0113 YouTube<\/a><\/p>\t\t\t\t\t\t\t\t<\/div>\n\t\t\t\t<\/div>\n\t\t\t\t\t<\/div>\n\t\t<\/div>\n\t\t\t\t\t<\/div>\n\t\t<\/section>\n\t\t\t\t<section class=\"elementor-section elementor-top-section elementor-element elementor-element-d051609 elementor-section-boxed elementor-section-height-default elementor-section-height-default\" data-id=\"d051609\" data-element_type=\"section\" data-e-type=\"section\">\n\t\t\t\t\t\t<div class=\"elementor-container elementor-column-gap-default\">\n\t\t\t\t\t<div class=\"elementor-column elementor-col-100 elementor-top-column elementor-element elementor-element-13cc168\" data-id=\"13cc168\" data-element_type=\"column\" data-e-type=\"column\">\n\t\t\t<div class=\"elementor-widget-wrap elementor-element-populated\">\n\t\t\t\t\t\t<div class=\"elementor-element elementor-element-b43b3ee elementor-widget elementor-widget-heading\" data-id=\"b43b3ee\" data-element_type=\"widget\" data-e-type=\"widget\" data-widget_type=\"heading.default\">\n\t\t\t\t<div class=\"elementor-widget-container\">\n\t\t\t\t\t<h2 class=\"elementor-heading-title elementor-size-default\">Transkripcija (autom\u0101tiski tulkots)<\/h2>\t\t\t\t<\/div>\n\t\t\t\t<\/div>\n\t\t\t\t\t<\/div>\n\t\t<\/div>\n\t\t\t\t\t<\/div>\n\t\t<\/section>\n\t\t\t\t<section class=\"elementor-section elementor-top-section elementor-element elementor-element-474427c elementor-section-boxed elementor-section-height-default elementor-section-height-default\" data-id=\"474427c\" data-element_type=\"section\" data-e-type=\"section\">\n\t\t\t\t\t\t<div class=\"elementor-container elementor-column-gap-default\">\n\t\t\t\t\t<div class=\"elementor-column elementor-col-100 elementor-top-column elementor-element elementor-element-6041f12\" data-id=\"6041f12\" data-element_type=\"column\" data-e-type=\"column\">\n\t\t\t<div class=\"elementor-widget-wrap elementor-element-populated\">\n\t\t\t\t\t\t\t<\/div>\n\t\t<\/div>\n\t\t\t\t\t<\/div>\n\t\t<\/section>\n\t\t\t\t<\/div>","protected":false},"excerpt":{"rendered":"<p>Saskia Hoppe ist Schauspielerin, Theaterp\u00e4dagogin und trauma-sensibler Coach. Julia Toma studierte Kulturmanagement. Neben ihren Kindern verbindet beide ihre Expertise in gewaltfreier Kommunikation [55:30]<\/p>\n","protected":false},"author":12,"featured_media":3689,"comment_status":"closed","ping_status":"closed","sticky":false,"template":"","format":"standard","meta":{"footnotes":""},"categories":[19],"tags":[16],"class_list":["post-3833","post","type-post","status-publish","format-standard","has-post-thumbnail","hentry","category-podcast","tag-grundeinkommen"],"yoast_head":"<!-- This site is optimized with the Yoast SEO plugin v27.5 - https:\/\/yoast.com\/product\/yoast-seo-wordpress\/ -->\n<title>Great Cooperation: mit Trauma-Heilung Frieden stiften - Gradido<\/title>\n<meta name=\"robots\" content=\"index, follow, max-snippet:-1, max-image-preview:large, max-video-preview:-1\" \/>\n<link rel=\"canonical\" href=\"https:\/\/gradido.net\/lv\/episode-35\/\" \/>\n<meta property=\"og:locale\" content=\"lv_LV\" \/>\n<meta property=\"og:type\" content=\"article\" \/>\n<meta property=\"og:title\" content=\"Great Cooperation: mit Trauma-Heilung Frieden stiften - Gradido\" \/>\n<meta property=\"og:description\" content=\"Saskia Hoppe ist Schauspielerin, Theaterp\u00e4dagogin und trauma-sensibler Coach. Julia Toma studierte Kulturmanagement. Neben ihren Kindern verbindet beide ihre Expertise in gewaltfreier Kommunikation [55:30]\" \/>\n<meta property=\"og:url\" content=\"https:\/\/gradido.net\/lv\/episode-35\/\" \/>\n<meta property=\"og:site_name\" content=\"Gradido\" \/>\n<meta property=\"article:published_time\" content=\"2021-12-25T08:15:54+00:00\" \/>\n<meta property=\"article:modified_time\" content=\"2021-12-27T11:05:55+00:00\" \/>\n<meta property=\"og:image\" content=\"https:\/\/gradido.net\/wp-content\/uploads\/2021\/12\/podcast_www_toma_hoppe.jpg\" \/>\n\t<meta property=\"og:image:width\" content=\"700\" \/>\n\t<meta property=\"og:image:height\" content=\"475\" \/>\n\t<meta property=\"og:image:type\" content=\"image\/jpeg\" \/>\n<meta name=\"author\" content=\"Philipp Kessler\" \/>\n<meta name=\"twitter:card\" content=\"summary_large_image\" \/>\n<meta name=\"twitter:label1\" content=\"Written by\" \/>\n\t<meta name=\"twitter:data1\" content=\"Philipp Kessler\" \/>\n\t<meta name=\"twitter:label2\" content=\"Est. reading time\" \/>\n\t<meta name=\"twitter:data2\" content=\"2 min\u016btes\" \/>\n<script type=\"application\/ld+json\" class=\"yoast-schema-graph\">{\"@context\":\"https:\\\/\\\/schema.org\",\"@graph\":[{\"@type\":\"Article\",\"@id\":\"https:\\\/\\\/gradido.net\\\/bg\\\/episode-35\\\/#article\",\"isPartOf\":{\"@id\":\"https:\\\/\\\/gradido.net\\\/bg\\\/episode-35\\\/\"},\"author\":{\"name\":\"Philipp Kessler\",\"@id\":\"https:\\\/\\\/gradido.net\\\/de\\\/#\\\/schema\\\/person\\\/f57399104ec77f2a2d5a68f479b0492f\"},\"headline\":\"Great Cooperation: mit Trauma-Heilung Frieden stiften\",\"datePublished\":\"2021-12-25T08:15:54+00:00\",\"dateModified\":\"2021-12-27T11:05:55+00:00\",\"mainEntityOfPage\":{\"@id\":\"https:\\\/\\\/gradido.net\\\/bg\\\/episode-35\\\/\"},\"wordCount\":453,\"publisher\":{\"@id\":\"https:\\\/\\\/gradido.net\\\/de\\\/#organization\"},\"image\":{\"@id\":\"https:\\\/\\\/gradido.net\\\/bg\\\/episode-35\\\/#primaryimage\"},\"thumbnailUrl\":\"https:\\\/\\\/gradido.net\\\/wp-content\\\/uploads\\\/2021\\\/12\\\/podcast_www_toma_hoppe.jpg\",\"keywords\":[\"Grundeinkommen\"],\"articleSection\":[\"Podcast\"],\"inLanguage\":\"lv-LV\"},{\"@type\":\"WebPage\",\"@id\":\"https:\\\/\\\/gradido.net\\\/bg\\\/episode-35\\\/\",\"url\":\"https:\\\/\\\/gradido.net\\\/bg\\\/episode-35\\\/\",\"name\":\"Great Cooperation: mit Trauma-Heilung Frieden stiften - Gradido\",\"isPartOf\":{\"@id\":\"https:\\\/\\\/gradido.net\\\/de\\\/#website\"},\"primaryImageOfPage\":{\"@id\":\"https:\\\/\\\/gradido.net\\\/bg\\\/episode-35\\\/#primaryimage\"},\"image\":{\"@id\":\"https:\\\/\\\/gradido.net\\\/bg\\\/episode-35\\\/#primaryimage\"},\"thumbnailUrl\":\"https:\\\/\\\/gradido.net\\\/wp-content\\\/uploads\\\/2021\\\/12\\\/podcast_www_toma_hoppe.jpg\",\"datePublished\":\"2021-12-25T08:15:54+00:00\",\"dateModified\":\"2021-12-27T11:05:55+00:00\",\"breadcrumb\":{\"@id\":\"https:\\\/\\\/gradido.net\\\/bg\\\/episode-35\\\/#breadcrumb\"},\"inLanguage\":\"lv-LV\",\"potentialAction\":[{\"@type\":\"ReadAction\",\"target\":[\"https:\\\/\\\/gradido.net\\\/bg\\\/episode-35\\\/\"]}]},{\"@type\":\"ImageObject\",\"inLanguage\":\"lv-LV\",\"@id\":\"https:\\\/\\\/gradido.net\\\/bg\\\/episode-35\\\/#primaryimage\",\"url\":\"https:\\\/\\\/gradido.net\\\/wp-content\\\/uploads\\\/2021\\\/12\\\/podcast_www_toma_hoppe.jpg\",\"contentUrl\":\"https:\\\/\\\/gradido.net\\\/wp-content\\\/uploads\\\/2021\\\/12\\\/podcast_www_toma_hoppe.jpg\",\"width\":700,\"height\":475},{\"@type\":\"BreadcrumbList\",\"@id\":\"https:\\\/\\\/gradido.net\\\/bg\\\/episode-35\\\/#breadcrumb\",\"itemListElement\":[{\"@type\":\"ListItem\",\"position\":1,\"name\":\"Startseite\",\"item\":\"https:\\\/\\\/gradido.net\\\/\"},{\"@type\":\"ListItem\",\"position\":2,\"name\":\"Great Cooperation: mit Trauma-Heilung Frieden stiften\"}]},{\"@type\":\"WebSite\",\"@id\":\"https:\\\/\\\/gradido.net\\\/de\\\/#website\",\"url\":\"https:\\\/\\\/gradido.net\\\/de\\\/\",\"name\":\"Gradido\",\"description\":\"Die neue W\u00e4hrung hei\u00dft Dankbarkeit\",\"publisher\":{\"@id\":\"https:\\\/\\\/gradido.net\\\/de\\\/#organization\"},\"potentialAction\":[{\"@type\":\"SearchAction\",\"target\":{\"@type\":\"EntryPoint\",\"urlTemplate\":\"https:\\\/\\\/gradido.net\\\/de\\\/?s={search_term_string}\"},\"query-input\":{\"@type\":\"PropertyValueSpecification\",\"valueRequired\":true,\"valueName\":\"search_term_string\"}}],\"inLanguage\":\"lv-LV\"},{\"@type\":\"Organization\",\"@id\":\"https:\\\/\\\/gradido.net\\\/de\\\/#organization\",\"name\":\"Gradido\",\"url\":\"https:\\\/\\\/gradido.net\\\/de\\\/\",\"logo\":{\"@type\":\"ImageObject\",\"inLanguage\":\"lv-LV\",\"@id\":\"https:\\\/\\\/gradido.net\\\/de\\\/#\\\/schema\\\/logo\\\/image\\\/\",\"url\":\"https:\\\/\\\/gradido.net\\\/wp-content\\\/uploads\\\/2022\\\/04\\\/gradido-social.jpg\",\"contentUrl\":\"https:\\\/\\\/gradido.net\\\/wp-content\\\/uploads\\\/2022\\\/04\\\/gradido-social.jpg\",\"width\":527,\"height\":273,\"caption\":\"Gradido\"},\"image\":{\"@id\":\"https:\\\/\\\/gradido.net\\\/de\\\/#\\\/schema\\\/logo\\\/image\\\/\"}},{\"@type\":\"Person\",\"@id\":\"https:\\\/\\\/gradido.net\\\/de\\\/#\\\/schema\\\/person\\\/f57399104ec77f2a2d5a68f479b0492f\",\"name\":\"Philipp Kessler\",\"url\":\"https:\\\/\\\/gradido.net\\\/lv\\\/author\\\/philipp\\\/\"}]}<\/script>\n<!-- \/ Yoast SEO plugin. -->","yoast_head_json":{"title":"Lieliska sadarb\u012bba: miers ar traumu dziedin\u0101\u0161anu - Gradido","robots":{"index":"index","follow":"follow","max-snippet":"max-snippet:-1","max-image-preview":"max-image-preview:large","max-video-preview":"max-video-preview:-1"},"canonical":"https:\/\/gradido.net\/lv\/episode-35\/","og_locale":"lv_LV","og_type":"article","og_title":"Great Cooperation: mit Trauma-Heilung Frieden stiften - Gradido","og_description":"Saskia Hoppe ist Schauspielerin, Theaterp\u00e4dagogin und trauma-sensibler Coach. Julia Toma studierte Kulturmanagement. Neben ihren Kindern verbindet beide ihre Expertise in gewaltfreier Kommunikation [55:30]","og_url":"https:\/\/gradido.net\/lv\/episode-35\/","og_site_name":"Gradido","article_published_time":"2021-12-25T08:15:54+00:00","article_modified_time":"2021-12-27T11:05:55+00:00","og_image":[{"width":700,"height":475,"url":"https:\/\/gradido.net\/wp-content\/uploads\/2021\/12\/podcast_www_toma_hoppe.jpg","type":"image\/jpeg"}],"author":"Philipp Kessler","twitter_card":"summary_large_image","twitter_misc":{"Written by":"Philipp Kessler","Est. reading time":"2 min\u016btes"},"schema":{"@context":"https:\/\/schema.org","@graph":[{"@type":"Article","@id":"https:\/\/gradido.net\/bg\/episode-35\/#article","isPartOf":{"@id":"https:\/\/gradido.net\/bg\/episode-35\/"},"author":{"name":"Philipp Kessler","@id":"https:\/\/gradido.net\/de\/#\/schema\/person\/f57399104ec77f2a2d5a68f479b0492f"},"headline":"Great Cooperation: mit Trauma-Heilung Frieden stiften","datePublished":"2021-12-25T08:15:54+00:00","dateModified":"2021-12-27T11:05:55+00:00","mainEntityOfPage":{"@id":"https:\/\/gradido.net\/bg\/episode-35\/"},"wordCount":453,"publisher":{"@id":"https:\/\/gradido.net\/de\/#organization"},"image":{"@id":"https:\/\/gradido.net\/bg\/episode-35\/#primaryimage"},"thumbnailUrl":"https:\/\/gradido.net\/wp-content\/uploads\/2021\/12\/podcast_www_toma_hoppe.jpg","keywords":["Grundeinkommen"],"articleSection":["Podcast"],"inLanguage":"lv-LV"},{"@type":"WebPage","@id":"https:\/\/gradido.net\/bg\/episode-35\/","url":"https:\/\/gradido.net\/bg\/episode-35\/","name":"Lieliska sadarb\u012bba: miers ar traumu dziedin\u0101\u0161anu - Gradido","isPartOf":{"@id":"https:\/\/gradido.net\/de\/#website"},"primaryImageOfPage":{"@id":"https:\/\/gradido.net\/bg\/episode-35\/#primaryimage"},"image":{"@id":"https:\/\/gradido.net\/bg\/episode-35\/#primaryimage"},"thumbnailUrl":"https:\/\/gradido.net\/wp-content\/uploads\/2021\/12\/podcast_www_toma_hoppe.jpg","datePublished":"2021-12-25T08:15:54+00:00","dateModified":"2021-12-27T11:05:55+00:00","breadcrumb":{"@id":"https:\/\/gradido.net\/bg\/episode-35\/#breadcrumb"},"inLanguage":"lv-LV","potentialAction":[{"@type":"ReadAction","target":["https:\/\/gradido.net\/bg\/episode-35\/"]}]},{"@type":"ImageObject","inLanguage":"lv-LV","@id":"https:\/\/gradido.net\/bg\/episode-35\/#primaryimage","url":"https:\/\/gradido.net\/wp-content\/uploads\/2021\/12\/podcast_www_toma_hoppe.jpg","contentUrl":"https:\/\/gradido.net\/wp-content\/uploads\/2021\/12\/podcast_www_toma_hoppe.jpg","width":700,"height":475},{"@type":"BreadcrumbList","@id":"https:\/\/gradido.net\/bg\/episode-35\/#breadcrumb","itemListElement":[{"@type":"ListItem","position":1,"name":"Startseite","item":"https:\/\/gradido.net\/"},{"@type":"ListItem","position":2,"name":"Great Cooperation: mit Trauma-Heilung Frieden stiften"}]},{"@type":"WebSite","@id":"https:\/\/gradido.net\/de\/#website","url":"https:\/\/gradido.net\/de\/","name":"Gradido","description":"Jaun\u0101 val\u016bta ir pateic\u012bba","publisher":{"@id":"https:\/\/gradido.net\/de\/#organization"},"potentialAction":[{"@type":"SearchAction","target":{"@type":"EntryPoint","urlTemplate":"https:\/\/gradido.net\/de\/?s={search_term_string}"},"query-input":{"@type":"PropertyValueSpecification","valueRequired":true,"valueName":"search_term_string"}}],"inLanguage":"lv-LV"},{"@type":"Organization","@id":"https:\/\/gradido.net\/de\/#organization","name":"Gradido","url":"https:\/\/gradido.net\/de\/","logo":{"@type":"ImageObject","inLanguage":"lv-LV","@id":"https:\/\/gradido.net\/de\/#\/schema\/logo\/image\/","url":"https:\/\/gradido.net\/wp-content\/uploads\/2022\/04\/gradido-social.jpg","contentUrl":"https:\/\/gradido.net\/wp-content\/uploads\/2022\/04\/gradido-social.jpg","width":527,"height":273,"caption":"Gradido"},"image":{"@id":"https:\/\/gradido.net\/de\/#\/schema\/logo\/image\/"}},{"@type":"Person","@id":"https:\/\/gradido.net\/de\/#\/schema\/person\/f57399104ec77f2a2d5a68f479b0492f","name":"Filips Keslers","url":"https:\/\/gradido.net\/lv\/author\/philipp\/"}]}},"_links":{"self":[{"href":"https:\/\/gradido.net\/lv\/wp-json\/wp\/v2\/posts\/3833","targetHints":{"allow":["GET"]}}],"collection":[{"href":"https:\/\/gradido.net\/lv\/wp-json\/wp\/v2\/posts"}],"about":[{"href":"https:\/\/gradido.net\/lv\/wp-json\/wp\/v2\/types\/post"}],"author":[{"embeddable":true,"href":"https:\/\/gradido.net\/lv\/wp-json\/wp\/v2\/users\/12"}],"replies":[{"embeddable":true,"href":"https:\/\/gradido.net\/lv\/wp-json\/wp\/v2\/comments?post=3833"}],"version-history":[{"count":14,"href":"https:\/\/gradido.net\/lv\/wp-json\/wp\/v2\/posts\/3833\/revisions"}],"predecessor-version":[{"id":3853,"href":"https:\/\/gradido.net\/lv\/wp-json\/wp\/v2\/posts\/3833\/revisions\/3853"}],"wp:featuredmedia":[{"embeddable":true,"href":"https:\/\/gradido.net\/lv\/wp-json\/wp\/v2\/media\/3689"}],"wp:attachment":[{"href":"https:\/\/gradido.net\/lv\/wp-json\/wp\/v2\/media?parent=3833"}],"wp:term":[{"taxonomy":"category","embeddable":true,"href":"https:\/\/gradido.net\/lv\/wp-json\/wp\/v2\/categories?post=3833"},{"taxonomy":"post_tag","embeddable":true,"href":"https:\/\/gradido.net\/lv\/wp-json\/wp\/v2\/tags?post=3833"}],"curies":[{"name":"wp","href":"https:\/\/api.w.org\/{rel}","templated":true}]}}