{"id":3854,"date":"2022-01-08T09:00:35","date_gmt":"2022-01-08T08:00:35","guid":{"rendered":"https:\/\/gradido.net\/?p=3854"},"modified":"2021-12-28T10:14:22","modified_gmt":"2021-12-28T09:14:22","slug":"episode-36","status":"publish","type":"post","link":"https:\/\/gradido.net\/lv\/episode-36\/","title":{"rendered":"Lieliska sadarb\u012bba: t\u012bra ener\u0123ija decentraliz\u0113tai pa\u0161pietiekam\u012bbai"},"content":{"rendered":"<div data-elementor-type=\"wp-post\" data-elementor-id=\"3854\" class=\"elementor elementor-3854\" data-elementor-post-type=\"post\">\n\t\t\t\t\t\t<section class=\"elementor-section elementor-top-section elementor-element elementor-element-496e1d53 elementor-section-boxed elementor-section-height-default elementor-section-height-default\" data-id=\"496e1d53\" data-element_type=\"section\" data-e-type=\"section\">\n\t\t\t\t\t\t<div class=\"elementor-container elementor-column-gap-default\">\n\t\t\t\t\t<div class=\"elementor-column elementor-col-100 elementor-top-column elementor-element elementor-element-461d7be0\" data-id=\"461d7be0\" data-element_type=\"column\" data-e-type=\"column\">\n\t\t\t<div class=\"elementor-widget-wrap elementor-element-populated\">\n\t\t\t\t\t\t<div class=\"elementor-element elementor-element-cd9ebe2 elementor-widget elementor-widget-text-editor\" data-id=\"cd9ebe2\" data-element_type=\"widget\" data-e-type=\"widget\" data-widget_type=\"text-editor.default\">\n\t\t\t\t<div class=\"elementor-widget-container\">\n\t\t\t\t\t\t\t\t\t<h2>Viesis: Haralds Reihls<\/h2>\t\t\t\t\t\t\t\t<\/div>\n\t\t\t\t<\/div>\n\t\t\t\t\t<\/div>\n\t\t<\/div>\n\t\t\t\t\t<\/div>\n\t\t<\/section>\n\t\t\t\t<section class=\"elementor-section elementor-top-section elementor-element elementor-element-2f93e3c3 elementor-section-boxed elementor-section-height-default elementor-section-height-default\" data-id=\"2f93e3c3\" data-element_type=\"section\" data-e-type=\"section\">\n\t\t\t\t\t\t<div class=\"elementor-container elementor-column-gap-default\">\n\t\t\t\t\t<div class=\"elementor-column elementor-col-100 elementor-top-column elementor-element elementor-element-5a9dfd19\" data-id=\"5a9dfd19\" data-element_type=\"column\" data-e-type=\"column\">\n\t\t\t<div class=\"elementor-widget-wrap elementor-element-populated\">\n\t\t\t\t\t\t<div class=\"elementor-element elementor-element-9cdb6b8 elementor-widget elementor-widget-html\" data-id=\"9cdb6b8\" data-element_type=\"widget\" data-e-type=\"widget\" data-widget_type=\"html.default\">\n\t\t\t\t<div class=\"elementor-widget-container\">\n\t\t\t\t\t<script class=\"podigee-podcast-player\" src=\"https:\/\/player.podigee-cdn.net\/podcast-player\/javascripts\/podigee-podcast-player.js\" data-configuration=\"https:\/\/gradido.podigee.io\/36-neue-episode\/embed?context=external&token=WN7zILYQYoaZUVGjhgAeWw\"><\/script>\t\t\t\t<\/div>\n\t\t\t\t<\/div>\n\t\t\t\t\t<\/div>\n\t\t<\/div>\n\t\t\t\t\t<\/div>\n\t\t<\/section>\n\t\t\t\t<section class=\"elementor-section elementor-top-section elementor-element elementor-element-585c640 elementor-section-boxed elementor-section-height-default elementor-section-height-default\" data-id=\"585c640\" data-element_type=\"section\" data-e-type=\"section\">\n\t\t\t\t\t\t<div class=\"elementor-container elementor-column-gap-default\">\n\t\t\t\t\t<div class=\"elementor-column elementor-col-50 elementor-top-column elementor-element elementor-element-13c250b\" data-id=\"13c250b\" data-element_type=\"column\" data-e-type=\"column\">\n\t\t\t<div class=\"elementor-widget-wrap elementor-element-populated\">\n\t\t\t\t\t\t<div class=\"elementor-element elementor-element-0561949 elementor-widget elementor-widget-text-editor\" data-id=\"0561949\" data-element_type=\"widget\" data-e-type=\"widget\" data-widget_type=\"text-editor.default\">\n\t\t\t\t<div class=\"elementor-widget-container\">\n\t\t\t\t\t\t\t\t\t<p>Elektroener\u0123ijas padeves trauc\u0113jumi un elektroapg\u0101des p\u0101rtraukumi ir t\u0113mas, kas piesaista aizvien liel\u0101ku pla\u0161sazi\u0146as l\u012bdzek\u013cu uzman\u012bbu. Daudzi no mums jaut\u0101 sev, k\u0101da b\u016btu dz\u012bve \u0161\u0101d\u0101 \u0101rk\u0101rtas situ\u0101cij\u0101 un k\u0101 m\u0113s varam sevi pasarg\u0101t no nopietn\u0101m sek\u0101m. K\u0101 m\u0113s varam k\u013c\u016bt neatkar\u012bgi no centraliz\u0113t\u0101m strukt\u016br\u0101m un t\u0101d\u0113j\u0101di pietuvoties sapnim par br\u012bvu dz\u012bvi?<\/p><p>Arvien vair\u0101k un vair\u0101k lielie un sare\u017e\u0123\u012btie energot\u012bkli k\u013c\u016bst par visas civiliz\u0101cijas Ahileja pap\u0113di. Vai m\u0113s k\u0101 atsevi\u0161\u0137as cilv\u0113ciskas b\u016btnes visp\u0101r sp\u0113jam atbr\u012bvoties no \u0161\u0101du sp\u0113c\u012bgu strukt\u016bru atkar\u012bbas? Vai decentraliz\u0113ta energoapg\u0101de, iesp\u0113jams, nodro\u0161in\u0101tu daudz taisn\u012bg\u0101ku pasauli visiem cilv\u0113kiem?<\/p><p>M\u016bsu \u0161odienas viesis Haralds Reihls savulaik str\u0101d\u0101ja finan\u0161u jom\u0101 un bija aizraut\u012bgs \u0101tru automobi\u013cu ar lielu degvielas pat\u0113ri\u0146u cien\u012bt\u0101js. Tikm\u0113r vi\u0146\u0161 savu dz\u012bvi piln\u012bb\u0101 velta t\u012bras ener\u0123ijas ra\u017eo\u0161anai. T\u0101pat k\u0101 Gradido darbojas naudas un ekonomisko sist\u0113mu jom\u0101, vi\u0146\u0161 atbalsta cilv\u0113ku neatkar\u012bbu ar savu Plasmatec p\u0113tniec\u012bbas instit\u016btu. Bezpe\u013c\u0146as apvien\u012bba ir izvirz\u012bjusi m\u0113r\u0137i nodro\u0161in\u0101t piek\u013cuvi l\u0113tai pa\u0161pietiekamai ener\u0123ijai pla\u0161am cilv\u0113ku lokam, izmantojot inovat\u012bvu uzl\u0101d\u0113jamu bateriju p\u0101rstr\u0101di.<\/p><p>Haralds Reihls jau agri saprata, cik daudz elektr\u012bbas un naudas tiek iz\u0161\u0137iests naftas ieguvei un degvielas ra\u017eo\u0161anai, un 2012. gad\u0101 izveidoja savu pirmo atjaunojam\u0101s ener\u0123ijas uz\u0146\u0113mumu. Vi\u0146\u0161 savu m\u0101jsaimniec\u012bbu vada gandr\u012bz pa\u0161pietiekami ener\u0123\u0113tiski. Vi\u0146\u0161 pal\u012bdz\u0113ja izveidot Austrij\u0101 liel\u0101ko elektrisko automobi\u013cu koplieto\u0161anas sist\u0113mu, kas sa\u0146\u0113ma V\u012bnes Tirdzniec\u012bbas kameras Klimata ener\u0123ijas balvu.<\/p><p>Plasmatec p\u0113tniec\u012bbas instit\u016bt\u0101 Haralds r\u012bko darbsemin\u0101rus par to, k\u0101 no p\u0101rstr\u0101d\u0101t\u0101m baterij\u0101m uzb\u016bv\u0113t savas m\u0101jas kr\u0101tuves, kuras var papildin\u0101t ar saules pane\u013ciem, lai ra\u017eotu savu elektroener\u0123iju. Tas dod iesp\u0113ju neatkar\u012bgai ener\u0123ijas ra\u017eo\u0161anai lielu da\u013cu gada.<\/p><p>Plasmatec p\u0113tniec\u012bbas instit\u016bta un Gradido kopienas sadarb\u012bba var\u0113tu sniegt lielu potenci\u0101lu, jo \u0161\u0101d\u0101 Lielaj\u0101 sadarb\u012bb\u0101 m\u0113s ar monet\u0101ro sist\u0113mu un energoapg\u0101di aptveram divus no svar\u012bg\u0101kajiem hum\u0101nas n\u0101kotnes p\u012bl\u0101riem harmonij\u0101 ar dabu.<\/p><p>Elektr\u012bba ir kaut kas t\u0101ds, ko daudzi cilv\u0113ki respekt\u0113 un izv\u0113las atst\u0101t speci\u0101listu zi\u0146\u0101. \u0160\u0101dos gad\u012bjumos projektu p\u0101r\u0146em Plasmatec p\u0113tniec\u012bbas instit\u016bts. Tie, kas sadarbojas pa\u0161i, samazina savas izmaksas un vienlaikus ieg\u016bst v\u0113rt\u012bgu zin\u0101t\u012bbu.<\/p><p>Laik\u0101, kad institucion\u0101l\u0101 vara cen\u0161as apspiest cilv\u0113ku neatkar\u012bbu repres\u012bv\u0101 veid\u0101, ir \u0101rk\u0101rt\u012bgi svar\u012bgi veidot vizion\u0101ru un mazb\u0113rniem piem\u0113rotas n\u0101kotnes veidot\u0101ju t\u012bklu. Kur\u0161 v\u0113las, lai v\u0113l\u0101k vi\u0146a b\u0113rniem un mazb\u0113rniem b\u016btu j\u0101atbild uz jaut\u0101jumiem, k\u0101d\u0113\u013c vi\u0146\u0161 nav iesaist\u012bjies un devis savu ieguld\u012bjumu cilv\u0113ces atbr\u012bvo\u0161an\u0101? Kop\u012bgi \"Lielaj\u0101 dz\u012bv\u012bbu apliecino\u0161u cilv\u0113ku un sp\u0113ku sadarb\u012bb\u0101\" m\u0113s veidojam mierm\u012bl\u012bgu p\u0101rveidi par vesel\u012bgu, t\u012bru un dz\u012bvo\u0161anai piem\u0113rotu pasauli - sev un n\u0101kamaj\u0101m paaudz\u0113m.<\/p><p>Kreisaj\u0101 pus\u0113:<br \/><a href=\"https:\/\/www.plasmatecinstitut.com\/\">Plasmatec instit\u016bts<\/a><br \/><a href=\"https:\/\/plasfour.com\/\">Plasfour<\/a><\/p>\t\t\t\t\t\t\t\t<\/div>\n\t\t\t\t<\/div>\n\t\t\t\t\t<\/div>\n\t\t<\/div>\n\t\t\t\t<div class=\"elementor-column elementor-col-50 elementor-top-column elementor-element elementor-element-e0d795e\" data-id=\"e0d795e\" data-element_type=\"column\" data-e-type=\"column\">\n\t\t\t<div class=\"elementor-widget-wrap elementor-element-populated\">\n\t\t\t\t\t\t<div class=\"elementor-element elementor-element-8c61bad elementor-widget elementor-widget-image\" data-id=\"8c61bad\" data-element_type=\"widget\" data-e-type=\"widget\" data-widget_type=\"image.default\">\n\t\t\t\t<div class=\"elementor-widget-container\">\n\t\t\t\t\t\t\t\t\t\t\t\t\t\t\t<img fetchpriority=\"high\" decoding=\"async\" width=\"800\" height=\"800\" src=\"https:\/\/gradido.net\/wp-content\/uploads\/2021\/12\/gradido_podcast_reichl-1024x1024.jpg\" class=\"attachment-large size-large wp-image-3686\" alt=\"\" srcset=\"https:\/\/gradido.net\/wp-content\/uploads\/2021\/12\/gradido_podcast_reichl-1024x1024.jpg 1024w, https:\/\/gradido.net\/wp-content\/uploads\/2021\/12\/gradido_podcast_reichl-300x300.jpg 300w, https:\/\/gradido.net\/wp-content\/uploads\/2021\/12\/gradido_podcast_reichl-150x150.jpg 150w, https:\/\/gradido.net\/wp-content\/uploads\/2021\/12\/gradido_podcast_reichl-768x768.jpg 768w, https:\/\/gradido.net\/wp-content\/uploads\/2021\/12\/gradido_podcast_reichl-12x12.jpg 12w, https:\/\/gradido.net\/wp-content\/uploads\/2021\/12\/gradido_podcast_reichl.jpg 1400w\" sizes=\"(max-width: 800px) 100vw, 800px\" \/>\t\t\t\t\t\t\t\t\t\t\t\t\t\t\t<\/div>\n\t\t\t\t<\/div>\n\t\t\t\t<div class=\"elementor-element elementor-element-ceab137 elementor-widget elementor-widget-text-editor\" data-id=\"ceab137\" data-element_type=\"widget\" data-e-type=\"widget\" data-widget_type=\"text-editor.default\">\n\t\t\t\t<div class=\"elementor-widget-container\">\n\t\t\t\t\t\t\t\t\t<p><a href=\"https:\/\/youtu.be\/eLrv4TTuwvY\" target=\"_blank\" rel=\"noopener\">Klausieties vietn\u0113 YouTube<\/a><\/p>\t\t\t\t\t\t\t\t<\/div>\n\t\t\t\t<\/div>\n\t\t\t\t\t<\/div>\n\t\t<\/div>\n\t\t\t\t\t<\/div>\n\t\t<\/section>\n\t\t\t\t<section class=\"elementor-section elementor-top-section elementor-element elementor-element-d051609 elementor-section-boxed elementor-section-height-default elementor-section-height-default\" data-id=\"d051609\" data-element_type=\"section\" data-e-type=\"section\">\n\t\t\t\t\t\t<div class=\"elementor-container elementor-column-gap-default\">\n\t\t\t\t\t<div class=\"elementor-column elementor-col-100 elementor-top-column elementor-element elementor-element-13cc168\" data-id=\"13cc168\" data-element_type=\"column\" data-e-type=\"column\">\n\t\t\t<div class=\"elementor-widget-wrap elementor-element-populated\">\n\t\t\t\t\t\t<div class=\"elementor-element elementor-element-b43b3ee elementor-widget elementor-widget-heading\" data-id=\"b43b3ee\" data-element_type=\"widget\" data-e-type=\"widget\" data-widget_type=\"heading.default\">\n\t\t\t\t<div class=\"elementor-widget-container\">\n\t\t\t\t\t<h2 class=\"elementor-heading-title elementor-size-default\">Transkripcija (autom\u0101tiski tulkots)<\/h2>\t\t\t\t<\/div>\n\t\t\t\t<\/div>\n\t\t\t\t\t<\/div>\n\t\t<\/div>\n\t\t\t\t\t<\/div>\n\t\t<\/section>\n\t\t\t\t<section class=\"elementor-section elementor-top-section elementor-element elementor-element-474427c elementor-section-boxed elementor-section-height-default elementor-section-height-default\" data-id=\"474427c\" data-element_type=\"section\" data-e-type=\"section\">\n\t\t\t\t\t\t<div class=\"elementor-container elementor-column-gap-default\">\n\t\t\t\t\t<div class=\"elementor-column elementor-col-100 elementor-top-column elementor-element elementor-element-6041f12\" data-id=\"6041f12\" data-element_type=\"column\" data-e-type=\"column\">\n\t\t\t<div class=\"elementor-widget-wrap elementor-element-populated\">\n\t\t\t\t\t\t\t<\/div>\n\t\t<\/div>\n\t\t\t\t\t<\/div>\n\t\t<\/section>\n\t\t\t\t<\/div>","protected":false},"excerpt":{"rendered":"<p>Harald Reichl wandelte sich vom Verm\u00f6gensberater und Liebhaber schneller Autos zum Experten f\u00fcr preiswerte, nachhaltige und umweltfreundliche Energieerzeugung, die den Menschen ein unabh\u00e4ngiges und menschenw\u00fcrdiges Leben erm\u00f6glichen kann [01:19:59]<\/p>\n","protected":false},"author":12,"featured_media":3687,"comment_status":"closed","ping_status":"closed","sticky":false,"template":"","format":"standard","meta":{"footnotes":""},"categories":[19],"tags":[16],"class_list":["post-3854","post","type-post","status-publish","format-standard","has-post-thumbnail","hentry","category-podcast","tag-grundeinkommen"],"yoast_head":"<!-- This site is optimized with the Yoast SEO plugin v27.5 - https:\/\/yoast.com\/product\/yoast-seo-wordpress\/ -->\n<title>Great Cooperation: saubere Energie f\u00fcr dezentrale Autarkie - Gradido<\/title>\n<meta name=\"robots\" content=\"index, follow, max-snippet:-1, max-image-preview:large, max-video-preview:-1\" \/>\n<link rel=\"canonical\" href=\"https:\/\/gradido.net\/lv\/episode-36\/\" \/>\n<meta property=\"og:locale\" content=\"lv_LV\" \/>\n<meta property=\"og:type\" content=\"article\" \/>\n<meta property=\"og:title\" content=\"Great Cooperation: saubere Energie f\u00fcr dezentrale Autarkie - Gradido\" \/>\n<meta property=\"og:description\" content=\"Harald Reichl wandelte sich vom Verm\u00f6gensberater und Liebhaber schneller Autos zum Experten f\u00fcr preiswerte, nachhaltige und umweltfreundliche Energieerzeugung, die den Menschen ein unabh\u00e4ngiges und menschenw\u00fcrdiges Leben erm\u00f6glichen kann [01:19:59]\" \/>\n<meta property=\"og:url\" content=\"https:\/\/gradido.net\/lv\/episode-36\/\" \/>\n<meta property=\"og:site_name\" content=\"Gradido\" \/>\n<meta property=\"article:published_time\" content=\"2022-01-08T08:00:35+00:00\" \/>\n<meta property=\"og:image\" content=\"https:\/\/gradido.net\/wp-content\/uploads\/2021\/12\/podcast_www_reichl.jpg\" \/>\n\t<meta property=\"og:image:width\" content=\"700\" \/>\n\t<meta property=\"og:image:height\" content=\"475\" \/>\n\t<meta property=\"og:image:type\" content=\"image\/jpeg\" \/>\n<meta name=\"author\" content=\"Philipp Kessler\" \/>\n<meta name=\"twitter:card\" content=\"summary_large_image\" \/>\n<meta name=\"twitter:label1\" content=\"Written by\" \/>\n\t<meta name=\"twitter:data1\" content=\"Philipp Kessler\" \/>\n\t<meta name=\"twitter:label2\" content=\"Est. reading time\" \/>\n\t<meta name=\"twitter:data2\" content=\"2 min\u016btes\" \/>\n<script type=\"application\/ld+json\" class=\"yoast-schema-graph\">{\"@context\":\"https:\\\/\\\/schema.org\",\"@graph\":[{\"@type\":\"Article\",\"@id\":\"https:\\\/\\\/gradido.net\\\/et\\\/episode-36\\\/#article\",\"isPartOf\":{\"@id\":\"https:\\\/\\\/gradido.net\\\/et\\\/episode-36\\\/\"},\"author\":{\"name\":\"Philipp Kessler\",\"@id\":\"https:\\\/\\\/gradido.net\\\/de\\\/#\\\/schema\\\/person\\\/f57399104ec77f2a2d5a68f479b0492f\"},\"headline\":\"Great Cooperation: saubere Energie f\u00fcr dezentrale Autarkie\",\"datePublished\":\"2022-01-08T08:00:35+00:00\",\"mainEntityOfPage\":{\"@id\":\"https:\\\/\\\/gradido.net\\\/et\\\/episode-36\\\/\"},\"wordCount\":475,\"publisher\":{\"@id\":\"https:\\\/\\\/gradido.net\\\/de\\\/#organization\"},\"image\":{\"@id\":\"https:\\\/\\\/gradido.net\\\/et\\\/episode-36\\\/#primaryimage\"},\"thumbnailUrl\":\"https:\\\/\\\/gradido.net\\\/wp-content\\\/uploads\\\/2021\\\/12\\\/podcast_www_reichl.jpg\",\"keywords\":[\"Grundeinkommen\"],\"articleSection\":[\"Podcast\"],\"inLanguage\":\"lv-LV\"},{\"@type\":\"WebPage\",\"@id\":\"https:\\\/\\\/gradido.net\\\/et\\\/episode-36\\\/\",\"url\":\"https:\\\/\\\/gradido.net\\\/et\\\/episode-36\\\/\",\"name\":\"Great Cooperation: saubere Energie f\u00fcr dezentrale Autarkie - Gradido\",\"isPartOf\":{\"@id\":\"https:\\\/\\\/gradido.net\\\/de\\\/#website\"},\"primaryImageOfPage\":{\"@id\":\"https:\\\/\\\/gradido.net\\\/et\\\/episode-36\\\/#primaryimage\"},\"image\":{\"@id\":\"https:\\\/\\\/gradido.net\\\/et\\\/episode-36\\\/#primaryimage\"},\"thumbnailUrl\":\"https:\\\/\\\/gradido.net\\\/wp-content\\\/uploads\\\/2021\\\/12\\\/podcast_www_reichl.jpg\",\"datePublished\":\"2022-01-08T08:00:35+00:00\",\"breadcrumb\":{\"@id\":\"https:\\\/\\\/gradido.net\\\/et\\\/episode-36\\\/#breadcrumb\"},\"inLanguage\":\"lv-LV\",\"potentialAction\":[{\"@type\":\"ReadAction\",\"target\":[\"https:\\\/\\\/gradido.net\\\/et\\\/episode-36\\\/\"]}]},{\"@type\":\"ImageObject\",\"inLanguage\":\"lv-LV\",\"@id\":\"https:\\\/\\\/gradido.net\\\/et\\\/episode-36\\\/#primaryimage\",\"url\":\"https:\\\/\\\/gradido.net\\\/wp-content\\\/uploads\\\/2021\\\/12\\\/podcast_www_reichl.jpg\",\"contentUrl\":\"https:\\\/\\\/gradido.net\\\/wp-content\\\/uploads\\\/2021\\\/12\\\/podcast_www_reichl.jpg\",\"width\":700,\"height\":475},{\"@type\":\"BreadcrumbList\",\"@id\":\"https:\\\/\\\/gradido.net\\\/et\\\/episode-36\\\/#breadcrumb\",\"itemListElement\":[{\"@type\":\"ListItem\",\"position\":1,\"name\":\"Startseite\",\"item\":\"https:\\\/\\\/gradido.net\\\/\"},{\"@type\":\"ListItem\",\"position\":2,\"name\":\"Great Cooperation: saubere Energie f\u00fcr dezentrale Autarkie\"}]},{\"@type\":\"WebSite\",\"@id\":\"https:\\\/\\\/gradido.net\\\/de\\\/#website\",\"url\":\"https:\\\/\\\/gradido.net\\\/de\\\/\",\"name\":\"Gradido\",\"description\":\"Die neue W\u00e4hrung hei\u00dft Dankbarkeit\",\"publisher\":{\"@id\":\"https:\\\/\\\/gradido.net\\\/de\\\/#organization\"},\"potentialAction\":[{\"@type\":\"SearchAction\",\"target\":{\"@type\":\"EntryPoint\",\"urlTemplate\":\"https:\\\/\\\/gradido.net\\\/de\\\/?s={search_term_string}\"},\"query-input\":{\"@type\":\"PropertyValueSpecification\",\"valueRequired\":true,\"valueName\":\"search_term_string\"}}],\"inLanguage\":\"lv-LV\"},{\"@type\":\"Organization\",\"@id\":\"https:\\\/\\\/gradido.net\\\/de\\\/#organization\",\"name\":\"Gradido\",\"url\":\"https:\\\/\\\/gradido.net\\\/de\\\/\",\"logo\":{\"@type\":\"ImageObject\",\"inLanguage\":\"lv-LV\",\"@id\":\"https:\\\/\\\/gradido.net\\\/de\\\/#\\\/schema\\\/logo\\\/image\\\/\",\"url\":\"https:\\\/\\\/gradido.net\\\/wp-content\\\/uploads\\\/2022\\\/04\\\/gradido-social.jpg\",\"contentUrl\":\"https:\\\/\\\/gradido.net\\\/wp-content\\\/uploads\\\/2022\\\/04\\\/gradido-social.jpg\",\"width\":527,\"height\":273,\"caption\":\"Gradido\"},\"image\":{\"@id\":\"https:\\\/\\\/gradido.net\\\/de\\\/#\\\/schema\\\/logo\\\/image\\\/\"}},{\"@type\":\"Person\",\"@id\":\"https:\\\/\\\/gradido.net\\\/de\\\/#\\\/schema\\\/person\\\/f57399104ec77f2a2d5a68f479b0492f\",\"name\":\"Philipp Kessler\",\"url\":\"https:\\\/\\\/gradido.net\\\/lv\\\/author\\\/philipp\\\/\"}]}<\/script>\n<!-- \/ Yoast SEO plugin. -->","yoast_head_json":{"title":"Lieliska sadarb\u012bba: t\u012bra ener\u0123ija decentraliz\u0113tai pa\u0161pietiekam\u012bbai - Gradido","robots":{"index":"index","follow":"follow","max-snippet":"max-snippet:-1","max-image-preview":"max-image-preview:large","max-video-preview":"max-video-preview:-1"},"canonical":"https:\/\/gradido.net\/lv\/episode-36\/","og_locale":"lv_LV","og_type":"article","og_title":"Great Cooperation: saubere Energie f\u00fcr dezentrale Autarkie - Gradido","og_description":"Harald Reichl wandelte sich vom Verm\u00f6gensberater und Liebhaber schneller Autos zum Experten f\u00fcr preiswerte, nachhaltige und umweltfreundliche Energieerzeugung, die den Menschen ein unabh\u00e4ngiges und menschenw\u00fcrdiges Leben erm\u00f6glichen kann [01:19:59]","og_url":"https:\/\/gradido.net\/lv\/episode-36\/","og_site_name":"Gradido","article_published_time":"2022-01-08T08:00:35+00:00","og_image":[{"width":700,"height":475,"url":"https:\/\/gradido.net\/wp-content\/uploads\/2021\/12\/podcast_www_reichl.jpg","type":"image\/jpeg"}],"author":"Philipp Kessler","twitter_card":"summary_large_image","twitter_misc":{"Written by":"Philipp Kessler","Est. reading time":"2 min\u016btes"},"schema":{"@context":"https:\/\/schema.org","@graph":[{"@type":"Article","@id":"https:\/\/gradido.net\/et\/episode-36\/#article","isPartOf":{"@id":"https:\/\/gradido.net\/et\/episode-36\/"},"author":{"name":"Philipp Kessler","@id":"https:\/\/gradido.net\/de\/#\/schema\/person\/f57399104ec77f2a2d5a68f479b0492f"},"headline":"Great Cooperation: saubere Energie f\u00fcr dezentrale Autarkie","datePublished":"2022-01-08T08:00:35+00:00","mainEntityOfPage":{"@id":"https:\/\/gradido.net\/et\/episode-36\/"},"wordCount":475,"publisher":{"@id":"https:\/\/gradido.net\/de\/#organization"},"image":{"@id":"https:\/\/gradido.net\/et\/episode-36\/#primaryimage"},"thumbnailUrl":"https:\/\/gradido.net\/wp-content\/uploads\/2021\/12\/podcast_www_reichl.jpg","keywords":["Grundeinkommen"],"articleSection":["Podcast"],"inLanguage":"lv-LV"},{"@type":"WebPage","@id":"https:\/\/gradido.net\/et\/episode-36\/","url":"https:\/\/gradido.net\/et\/episode-36\/","name":"Lieliska sadarb\u012bba: t\u012bra ener\u0123ija decentraliz\u0113tai pa\u0161pietiekam\u012bbai - Gradido","isPartOf":{"@id":"https:\/\/gradido.net\/de\/#website"},"primaryImageOfPage":{"@id":"https:\/\/gradido.net\/et\/episode-36\/#primaryimage"},"image":{"@id":"https:\/\/gradido.net\/et\/episode-36\/#primaryimage"},"thumbnailUrl":"https:\/\/gradido.net\/wp-content\/uploads\/2021\/12\/podcast_www_reichl.jpg","datePublished":"2022-01-08T08:00:35+00:00","breadcrumb":{"@id":"https:\/\/gradido.net\/et\/episode-36\/#breadcrumb"},"inLanguage":"lv-LV","potentialAction":[{"@type":"ReadAction","target":["https:\/\/gradido.net\/et\/episode-36\/"]}]},{"@type":"ImageObject","inLanguage":"lv-LV","@id":"https:\/\/gradido.net\/et\/episode-36\/#primaryimage","url":"https:\/\/gradido.net\/wp-content\/uploads\/2021\/12\/podcast_www_reichl.jpg","contentUrl":"https:\/\/gradido.net\/wp-content\/uploads\/2021\/12\/podcast_www_reichl.jpg","width":700,"height":475},{"@type":"BreadcrumbList","@id":"https:\/\/gradido.net\/et\/episode-36\/#breadcrumb","itemListElement":[{"@type":"ListItem","position":1,"name":"Startseite","item":"https:\/\/gradido.net\/"},{"@type":"ListItem","position":2,"name":"Great Cooperation: saubere Energie f\u00fcr dezentrale Autarkie"}]},{"@type":"WebSite","@id":"https:\/\/gradido.net\/de\/#website","url":"https:\/\/gradido.net\/de\/","name":"Gradido","description":"Jaun\u0101 val\u016bta ir pateic\u012bba","publisher":{"@id":"https:\/\/gradido.net\/de\/#organization"},"potentialAction":[{"@type":"SearchAction","target":{"@type":"EntryPoint","urlTemplate":"https:\/\/gradido.net\/de\/?s={search_term_string}"},"query-input":{"@type":"PropertyValueSpecification","valueRequired":true,"valueName":"search_term_string"}}],"inLanguage":"lv-LV"},{"@type":"Organization","@id":"https:\/\/gradido.net\/de\/#organization","name":"Gradido","url":"https:\/\/gradido.net\/de\/","logo":{"@type":"ImageObject","inLanguage":"lv-LV","@id":"https:\/\/gradido.net\/de\/#\/schema\/logo\/image\/","url":"https:\/\/gradido.net\/wp-content\/uploads\/2022\/04\/gradido-social.jpg","contentUrl":"https:\/\/gradido.net\/wp-content\/uploads\/2022\/04\/gradido-social.jpg","width":527,"height":273,"caption":"Gradido"},"image":{"@id":"https:\/\/gradido.net\/de\/#\/schema\/logo\/image\/"}},{"@type":"Person","@id":"https:\/\/gradido.net\/de\/#\/schema\/person\/f57399104ec77f2a2d5a68f479b0492f","name":"Filips Keslers","url":"https:\/\/gradido.net\/lv\/author\/philipp\/"}]}},"_links":{"self":[{"href":"https:\/\/gradido.net\/lv\/wp-json\/wp\/v2\/posts\/3854","targetHints":{"allow":["GET"]}}],"collection":[{"href":"https:\/\/gradido.net\/lv\/wp-json\/wp\/v2\/posts"}],"about":[{"href":"https:\/\/gradido.net\/lv\/wp-json\/wp\/v2\/types\/post"}],"author":[{"embeddable":true,"href":"https:\/\/gradido.net\/lv\/wp-json\/wp\/v2\/users\/12"}],"replies":[{"embeddable":true,"href":"https:\/\/gradido.net\/lv\/wp-json\/wp\/v2\/comments?post=3854"}],"version-history":[{"count":5,"href":"https:\/\/gradido.net\/lv\/wp-json\/wp\/v2\/posts\/3854\/revisions"}],"predecessor-version":[{"id":3859,"href":"https:\/\/gradido.net\/lv\/wp-json\/wp\/v2\/posts\/3854\/revisions\/3859"}],"wp:featuredmedia":[{"embeddable":true,"href":"https:\/\/gradido.net\/lv\/wp-json\/wp\/v2\/media\/3687"}],"wp:attachment":[{"href":"https:\/\/gradido.net\/lv\/wp-json\/wp\/v2\/media?parent=3854"}],"wp:term":[{"taxonomy":"category","embeddable":true,"href":"https:\/\/gradido.net\/lv\/wp-json\/wp\/v2\/categories?post=3854"},{"taxonomy":"post_tag","embeddable":true,"href":"https:\/\/gradido.net\/lv\/wp-json\/wp\/v2\/tags?post=3854"}],"curies":[{"name":"wp","href":"https:\/\/api.w.org\/{rel}","templated":true}]}}