{"id":3995,"date":"2022-02-19T07:07:28","date_gmt":"2022-02-19T06:07:28","guid":{"rendered":"https:\/\/gradido.net\/?p=3995"},"modified":"2022-02-19T17:11:45","modified_gmt":"2022-02-19T16:11:45","slug":"episode-40","status":"publish","type":"post","link":"https:\/\/gradido.net\/lv\/episode-40\/","title":{"rendered":"Lieliska sadarb\u012bba: br\u012bvi apvienoti t\u012bkl\u0101"},"content":{"rendered":"<div data-elementor-type=\"wp-post\" data-elementor-id=\"3995\" class=\"elementor elementor-3995\" data-elementor-post-type=\"post\">\n\t\t\t\t\t\t<section class=\"elementor-section elementor-top-section elementor-element elementor-element-496e1d53 elementor-section-boxed elementor-section-height-default elementor-section-height-default\" data-id=\"496e1d53\" data-element_type=\"section\" data-e-type=\"section\">\n\t\t\t\t\t\t<div class=\"elementor-container elementor-column-gap-default\">\n\t\t\t\t\t<div class=\"elementor-column elementor-col-100 elementor-top-column elementor-element elementor-element-461d7be0\" data-id=\"461d7be0\" data-element_type=\"column\" data-e-type=\"column\">\n\t\t\t<div class=\"elementor-widget-wrap elementor-element-populated\">\n\t\t\t\t\t\t<div class=\"elementor-element elementor-element-cd9ebe2 elementor-widget elementor-widget-text-editor\" data-id=\"cd9ebe2\" data-element_type=\"widget\" data-e-type=\"widget\" data-widget_type=\"text-editor.default\">\n\t\t\t\t<div class=\"elementor-widget-container\">\n\t\t\t\t\t\t\t\t\t<h2>Viesis: Andreas Sarakacianis<\/h2>\t\t\t\t\t\t\t\t<\/div>\n\t\t\t\t<\/div>\n\t\t\t\t\t<\/div>\n\t\t<\/div>\n\t\t\t\t\t<\/div>\n\t\t<\/section>\n\t\t\t\t<section class=\"elementor-section elementor-top-section elementor-element elementor-element-2f93e3c3 elementor-section-boxed elementor-section-height-default elementor-section-height-default\" data-id=\"2f93e3c3\" data-element_type=\"section\" data-e-type=\"section\">\n\t\t\t\t\t\t<div class=\"elementor-container elementor-column-gap-default\">\n\t\t\t\t\t<div class=\"elementor-column elementor-col-100 elementor-top-column elementor-element elementor-element-5a9dfd19\" data-id=\"5a9dfd19\" data-element_type=\"column\" data-e-type=\"column\">\n\t\t\t<div class=\"elementor-widget-wrap elementor-element-populated\">\n\t\t\t\t\t\t<div class=\"elementor-element elementor-element-9cdb6b8 elementor-widget elementor-widget-html\" data-id=\"9cdb6b8\" data-element_type=\"widget\" data-e-type=\"widget\" data-widget_type=\"html.default\">\n\t\t\t\t<div class=\"elementor-widget-container\">\n\t\t\t\t\t<script class=\"podigee-podcast-player\" src=\"https:\/\/player.podigee-cdn.net\/podcast-player\/javascripts\/podigee-podcast-player.js\" data-configuration=\"https:\/\/gradido.podigee.io\/40-neue-episode\/embed?context=external&token=YmLqEEgOMPlOc0SF8MVStA\"><\/script>\t\t\t\t<\/div>\n\t\t\t\t<\/div>\n\t\t\t\t\t<\/div>\n\t\t<\/div>\n\t\t\t\t\t<\/div>\n\t\t<\/section>\n\t\t\t\t<section class=\"elementor-section elementor-top-section elementor-element elementor-element-585c640 elementor-section-boxed elementor-section-height-default elementor-section-height-default\" data-id=\"585c640\" data-element_type=\"section\" data-e-type=\"section\">\n\t\t\t\t\t\t<div class=\"elementor-container elementor-column-gap-default\">\n\t\t\t\t\t<div class=\"elementor-column elementor-col-50 elementor-top-column elementor-element elementor-element-13c250b\" data-id=\"13c250b\" data-element_type=\"column\" data-e-type=\"column\">\n\t\t\t<div class=\"elementor-widget-wrap elementor-element-populated\">\n\t\t\t\t\t\t<div class=\"elementor-element elementor-element-0561949 elementor-widget elementor-widget-text-editor\" data-id=\"0561949\" data-element_type=\"widget\" data-e-type=\"widget\" data-widget_type=\"text-editor.default\">\n\t\t\t\t<div class=\"elementor-widget-container\">\n\t\t\t\t\t\t\t\t\t<p>K\u0101 atbild\u012bgas cilv\u0113ciskas b\u016btnes m\u0113s v\u0113lamies izmantot visu savu individu\u0101lo potenci\u0101lu, lai \u012bstenotu sapni par jaunu \"mazb\u0113rniem draudz\u012bgu\" pasauli.<\/p><p>Ta\u010du vec\u0101 sist\u0113ma dara visu iesp\u0113jamo, lai izaudzin\u0101tu m\u016bsu b\u0113rnus par viduv\u0113jiem un paklaus\u012bgiem pilso\u0146iem, un p\u0101rdod vi\u0146iem noteikumu un pas\u0101kumu iev\u0113ro\u0161anu k\u0101 br\u012bv\u012bbu. Vai mums izdosies visiem kop\u0101 rad\u012bt labu un br\u012bvu n\u0101kotni?<\/p><p>M\u016bsu \u0161odienas viesis Andreas Sarakacianis vienm\u0113r ir v\u0113l\u0113jies padar\u012bt skolas lab\u0101kas. P\u0113c izgl\u012bt\u012bbas studij\u0101m un darba trenera un statistikas jom\u0101 vi\u0146\u0161 uz 5 gadiem iegremd\u0113j\u0101s b\u0113rnud\u0101rza pasaul\u0113. Ta\u010du vi\u0146u neapmierin\u0101ja tur past\u0101vo\u0161ie apst\u0101k\u013ci, un kop\u0161 t\u0101 laika vi\u0146\u0161 ir mekl\u0113jis veidus, k\u0101 veidot jaunu pasauli: sadarb\u012bbas, dabas tuvuma, neatkar\u012bgu un daudz ko citu.<\/p><p>Kop\u0101 ar D\u017e\u016bditu Haferlandi vi\u0146\u0161 2022. gada mart\u0101 organiz\u0113 tie\u0161saistes kongresu \"Tavas dz\u012bves ce\u013cojums - kop\u0101 br\u012bv\u0101 t\u012bkl\u0101\", kur\u0101 ar sav\u0101m zin\u0101\u0161an\u0101m dal\u012bsies cilv\u0113ki, kas jau ir devu\u0161ies ce\u013c\u0101 uz jauno pasauli.<\/p><p>Margr\u0113ta un Bernds sarun\u0101jas ar Andreasu par to, k\u0101 potenci\u0101l\u0101 att\u012bst\u012bba ir veiksm\u012bga un k\u0101du ieguld\u012bjumu var sniegt Gradido. Ja asto\u0146us miljardus cilv\u0113ku ar akt\u012bv\u0101 pamatien\u0101kuma pal\u012bdz\u012bbu mudin\u0101sim piln\u012bb\u0101 att\u012bst\u012bt savu potenci\u0101lu, mums izdosies atrisin\u0101t m\u016bsdienu liel\u0101s probl\u0113mas un nodro\u0161in\u0101t cilv\u0113cei lielisku n\u0101kotni.<\/p><h3>Kreisaj\u0101 pus\u0113:<\/h3><p><a href=\"https:\/\/www.digistore24.com\/redir\/420823\/gradido\/CAMPAIGNKEY\" target=\"_blank\" rel=\"noopener\">Tie\u0161saistes kongress \"Tavas dz\u012bves ce\u013cojums - kop\u0101 bez maksas t\u012bkl\u0101\"<\/a> no 27.2.-27.3.2022.<br \/>Kongress \"KitaRevolution\" (2019): <a href=\"http:\/\/www.kitarevolution.de\" target=\"_blank\" rel=\"noopener\">www.kitarevolution.de<\/a><\/p>\t\t\t\t\t\t\t\t<\/div>\n\t\t\t\t<\/div>\n\t\t\t\t\t<\/div>\n\t\t<\/div>\n\t\t\t\t<div class=\"elementor-column elementor-col-50 elementor-top-column elementor-element elementor-element-e0d795e\" data-id=\"e0d795e\" data-element_type=\"column\" data-e-type=\"column\">\n\t\t\t<div class=\"elementor-widget-wrap elementor-element-populated\">\n\t\t\t\t\t\t<div class=\"elementor-element elementor-element-8c61bad elementor-widget elementor-widget-image\" data-id=\"8c61bad\" data-element_type=\"widget\" data-e-type=\"widget\" data-widget_type=\"image.default\">\n\t\t\t\t<div class=\"elementor-widget-container\">\n\t\t\t\t\t\t\t\t\t\t\t\t\t\t\t<img fetchpriority=\"high\" decoding=\"async\" width=\"800\" height=\"800\" src=\"https:\/\/gradido.net\/wp-content\/uploads\/2022\/02\/gradido_podcast_sarakacianis-1024x1024.jpg\" class=\"attachment-large size-large wp-image-3973\" alt=\"\" srcset=\"https:\/\/gradido.net\/wp-content\/uploads\/2022\/02\/gradido_podcast_sarakacianis-1024x1024.jpg 1024w, https:\/\/gradido.net\/wp-content\/uploads\/2022\/02\/gradido_podcast_sarakacianis-300x300.jpg 300w, https:\/\/gradido.net\/wp-content\/uploads\/2022\/02\/gradido_podcast_sarakacianis-150x150.jpg 150w, https:\/\/gradido.net\/wp-content\/uploads\/2022\/02\/gradido_podcast_sarakacianis-768x768.jpg 768w, https:\/\/gradido.net\/wp-content\/uploads\/2022\/02\/gradido_podcast_sarakacianis-12x12.jpg 12w, https:\/\/gradido.net\/wp-content\/uploads\/2022\/02\/gradido_podcast_sarakacianis.jpg 1400w\" sizes=\"(max-width: 800px) 100vw, 800px\" \/>\t\t\t\t\t\t\t\t\t\t\t\t\t\t\t<\/div>\n\t\t\t\t<\/div>\n\t\t\t\t<div class=\"elementor-element elementor-element-ceab137 elementor-widget elementor-widget-text-editor\" data-id=\"ceab137\" data-element_type=\"widget\" data-e-type=\"widget\" data-widget_type=\"text-editor.default\">\n\t\t\t\t<div class=\"elementor-widget-container\">\n\t\t\t\t\t\t\t\t\t<p><a href=\"https:\/\/youtu.be\/eIykT6fhYKw\" target=\"_blank\" rel=\"noopener\">Klausieties vietn\u0113 YouTube<\/a><\/p>\t\t\t\t\t\t\t\t<\/div>\n\t\t\t\t<\/div>\n\t\t\t\t\t<\/div>\n\t\t<\/div>\n\t\t\t\t\t<\/div>\n\t\t<\/section>\n\t\t\t\t<section class=\"elementor-section elementor-top-section elementor-element elementor-element-d051609 elementor-section-boxed elementor-section-height-default elementor-section-height-default\" data-id=\"d051609\" data-element_type=\"section\" data-e-type=\"section\">\n\t\t\t\t\t\t<div class=\"elementor-container elementor-column-gap-default\">\n\t\t\t\t\t<div class=\"elementor-column elementor-col-100 elementor-top-column elementor-element elementor-element-13cc168\" data-id=\"13cc168\" data-element_type=\"column\" data-e-type=\"column\">\n\t\t\t<div class=\"elementor-widget-wrap elementor-element-populated\">\n\t\t\t\t\t\t<div class=\"elementor-element elementor-element-b43b3ee elementor-widget elementor-widget-heading\" data-id=\"b43b3ee\" data-element_type=\"widget\" data-e-type=\"widget\" data-widget_type=\"heading.default\">\n\t\t\t\t<div class=\"elementor-widget-container\">\n\t\t\t\t\t<h2 class=\"elementor-heading-title elementor-size-default\">Transkripcija (autom\u0101tiski tulkots)<\/h2>\t\t\t\t<\/div>\n\t\t\t\t<\/div>\n\t\t\t\t\t<\/div>\n\t\t<\/div>\n\t\t\t\t\t<\/div>\n\t\t<\/section>\n\t\t\t\t<section class=\"elementor-section elementor-top-section elementor-element elementor-element-474427c elementor-section-boxed elementor-section-height-default elementor-section-height-default\" data-id=\"474427c\" data-element_type=\"section\" data-e-type=\"section\">\n\t\t\t\t\t\t<div class=\"elementor-container elementor-column-gap-default\">\n\t\t\t\t\t<div class=\"elementor-column elementor-col-100 elementor-top-column elementor-element elementor-element-6041f12\" data-id=\"6041f12\" data-element_type=\"column\" data-e-type=\"column\">\n\t\t\t<div class=\"elementor-widget-wrap elementor-element-populated\">\n\t\t\t\t\t\t\t<\/div>\n\t\t<\/div>\n\t\t\t\t\t<\/div>\n\t\t<\/section>\n\t\t\t\t<\/div>","protected":false},"excerpt":{"rendered":"<p>Wie w\u00fcrde die Welt aussehen, wenn alle Menschen ihr volles Potenzial entfalten und damit in Freude die Welt bereichern w\u00fcrden? Andreas Sarakacianis widmet sich dieser und weiteren Fragen, gemeinsam mit Judith Haferland, im Online-Kongress \u201eDie Reise Deines Lebens \u2013 Gemeinsam Frei Vernetzt\u201c vom 27.2.-27.3.2022. [42:38]<\/p>\n","protected":false},"author":2,"featured_media":3974,"comment_status":"closed","ping_status":"closed","sticky":false,"template":"","format":"standard","meta":{"footnotes":""},"categories":[19],"tags":[16],"class_list":["post-3995","post","type-post","status-publish","format-standard","has-post-thumbnail","hentry","category-podcast","tag-grundeinkommen"],"yoast_head":"<!-- This site is optimized with the Yoast SEO plugin v27.5 - https:\/\/yoast.com\/product\/yoast-seo-wordpress\/ -->\n<title>Great Cooperation: Gemeinsam frei vernetzt - Gradido<\/title>\n<meta name=\"robots\" content=\"index, follow, max-snippet:-1, max-image-preview:large, max-video-preview:-1\" \/>\n<link rel=\"canonical\" href=\"https:\/\/gradido.net\/lv\/episode-40\/\" \/>\n<meta property=\"og:locale\" content=\"lv_LV\" \/>\n<meta property=\"og:type\" content=\"article\" \/>\n<meta property=\"og:title\" content=\"Great Cooperation: Gemeinsam frei vernetzt - Gradido\" \/>\n<meta property=\"og:description\" content=\"Wie w\u00fcrde die Welt aussehen, wenn alle Menschen ihr volles Potenzial entfalten und damit in Freude die Welt bereichern w\u00fcrden? Andreas Sarakacianis widmet sich dieser und weiteren Fragen, gemeinsam mit Judith Haferland, im Online-Kongress \u201eDie Reise Deines Lebens \u2013 Gemeinsam Frei Vernetzt\u201c vom 27.2.-27.3.2022. [42:38]\" \/>\n<meta property=\"og:url\" content=\"https:\/\/gradido.net\/lv\/episode-40\/\" \/>\n<meta property=\"og:site_name\" content=\"Gradido\" \/>\n<meta property=\"article:published_time\" content=\"2022-02-19T06:07:28+00:00\" \/>\n<meta property=\"article:modified_time\" content=\"2022-02-19T16:11:45+00:00\" \/>\n<meta property=\"og:image\" content=\"https:\/\/gradido.net\/wp-content\/uploads\/2022\/02\/podcast_www_sarakacianis.jpg\" \/>\n\t<meta property=\"og:image:width\" content=\"700\" \/>\n\t<meta property=\"og:image:height\" content=\"475\" \/>\n\t<meta property=\"og:image:type\" content=\"image\/jpeg\" \/>\n<meta name=\"author\" content=\"Bernd H\u00fcckst\u00e4dt\" \/>\n<meta name=\"twitter:card\" content=\"summary_large_image\" \/>\n<meta name=\"twitter:label1\" content=\"Written by\" \/>\n\t<meta name=\"twitter:data1\" content=\"Bernd H\u00fcckst\u00e4dt\" \/>\n\t<meta name=\"twitter:label2\" content=\"Est. reading time\" \/>\n\t<meta name=\"twitter:data2\" content=\"1 min\u016bte\" \/>\n<script type=\"application\/ld+json\" class=\"yoast-schema-graph\">{\"@context\":\"https:\\\/\\\/schema.org\",\"@graph\":[{\"@type\":\"Article\",\"@id\":\"https:\\\/\\\/gradido.net\\\/tr\\\/episode-40\\\/#article\",\"isPartOf\":{\"@id\":\"https:\\\/\\\/gradido.net\\\/tr\\\/episode-40\\\/\"},\"author\":{\"name\":\"Bernd H\u00fcckst\u00e4dt\",\"@id\":\"https:\\\/\\\/gradido.net\\\/de\\\/#\\\/schema\\\/person\\\/9c503a004ad15a1ddecadce2218db5d1\"},\"headline\":\"Great Cooperation: Gemeinsam frei vernetzt\",\"datePublished\":\"2022-02-19T06:07:28+00:00\",\"dateModified\":\"2022-02-19T16:11:45+00:00\",\"mainEntityOfPage\":{\"@id\":\"https:\\\/\\\/gradido.net\\\/tr\\\/episode-40\\\/\"},\"wordCount\":263,\"publisher\":{\"@id\":\"https:\\\/\\\/gradido.net\\\/de\\\/#organization\"},\"image\":{\"@id\":\"https:\\\/\\\/gradido.net\\\/tr\\\/episode-40\\\/#primaryimage\"},\"thumbnailUrl\":\"https:\\\/\\\/gradido.net\\\/wp-content\\\/uploads\\\/2022\\\/02\\\/podcast_www_sarakacianis.jpg\",\"keywords\":[\"Grundeinkommen\"],\"articleSection\":[\"Podcast\"],\"inLanguage\":\"lv-LV\"},{\"@type\":\"WebPage\",\"@id\":\"https:\\\/\\\/gradido.net\\\/tr\\\/episode-40\\\/\",\"url\":\"https:\\\/\\\/gradido.net\\\/tr\\\/episode-40\\\/\",\"name\":\"Great Cooperation: Gemeinsam frei vernetzt - Gradido\",\"isPartOf\":{\"@id\":\"https:\\\/\\\/gradido.net\\\/de\\\/#website\"},\"primaryImageOfPage\":{\"@id\":\"https:\\\/\\\/gradido.net\\\/tr\\\/episode-40\\\/#primaryimage\"},\"image\":{\"@id\":\"https:\\\/\\\/gradido.net\\\/tr\\\/episode-40\\\/#primaryimage\"},\"thumbnailUrl\":\"https:\\\/\\\/gradido.net\\\/wp-content\\\/uploads\\\/2022\\\/02\\\/podcast_www_sarakacianis.jpg\",\"datePublished\":\"2022-02-19T06:07:28+00:00\",\"dateModified\":\"2022-02-19T16:11:45+00:00\",\"breadcrumb\":{\"@id\":\"https:\\\/\\\/gradido.net\\\/tr\\\/episode-40\\\/#breadcrumb\"},\"inLanguage\":\"lv-LV\",\"potentialAction\":[{\"@type\":\"ReadAction\",\"target\":[\"https:\\\/\\\/gradido.net\\\/tr\\\/episode-40\\\/\"]}]},{\"@type\":\"ImageObject\",\"inLanguage\":\"lv-LV\",\"@id\":\"https:\\\/\\\/gradido.net\\\/tr\\\/episode-40\\\/#primaryimage\",\"url\":\"https:\\\/\\\/gradido.net\\\/wp-content\\\/uploads\\\/2022\\\/02\\\/podcast_www_sarakacianis.jpg\",\"contentUrl\":\"https:\\\/\\\/gradido.net\\\/wp-content\\\/uploads\\\/2022\\\/02\\\/podcast_www_sarakacianis.jpg\",\"width\":700,\"height\":475},{\"@type\":\"BreadcrumbList\",\"@id\":\"https:\\\/\\\/gradido.net\\\/tr\\\/episode-40\\\/#breadcrumb\",\"itemListElement\":[{\"@type\":\"ListItem\",\"position\":1,\"name\":\"Startseite\",\"item\":\"https:\\\/\\\/gradido.net\\\/\"},{\"@type\":\"ListItem\",\"position\":2,\"name\":\"Great Cooperation: Gemeinsam frei vernetzt\"}]},{\"@type\":\"WebSite\",\"@id\":\"https:\\\/\\\/gradido.net\\\/de\\\/#website\",\"url\":\"https:\\\/\\\/gradido.net\\\/de\\\/\",\"name\":\"Gradido\",\"description\":\"Die neue W\u00e4hrung hei\u00dft Dankbarkeit\",\"publisher\":{\"@id\":\"https:\\\/\\\/gradido.net\\\/de\\\/#organization\"},\"potentialAction\":[{\"@type\":\"SearchAction\",\"target\":{\"@type\":\"EntryPoint\",\"urlTemplate\":\"https:\\\/\\\/gradido.net\\\/de\\\/?s={search_term_string}\"},\"query-input\":{\"@type\":\"PropertyValueSpecification\",\"valueRequired\":true,\"valueName\":\"search_term_string\"}}],\"inLanguage\":\"lv-LV\"},{\"@type\":\"Organization\",\"@id\":\"https:\\\/\\\/gradido.net\\\/de\\\/#organization\",\"name\":\"Gradido\",\"url\":\"https:\\\/\\\/gradido.net\\\/de\\\/\",\"logo\":{\"@type\":\"ImageObject\",\"inLanguage\":\"lv-LV\",\"@id\":\"https:\\\/\\\/gradido.net\\\/de\\\/#\\\/schema\\\/logo\\\/image\\\/\",\"url\":\"https:\\\/\\\/gradido.net\\\/wp-content\\\/uploads\\\/2022\\\/04\\\/gradido-social.jpg\",\"contentUrl\":\"https:\\\/\\\/gradido.net\\\/wp-content\\\/uploads\\\/2022\\\/04\\\/gradido-social.jpg\",\"width\":527,\"height\":273,\"caption\":\"Gradido\"},\"image\":{\"@id\":\"https:\\\/\\\/gradido.net\\\/de\\\/#\\\/schema\\\/logo\\\/image\\\/\"}},{\"@type\":\"Person\",\"@id\":\"https:\\\/\\\/gradido.net\\\/de\\\/#\\\/schema\\\/person\\\/9c503a004ad15a1ddecadce2218db5d1\",\"name\":\"Bernd H\u00fcckst\u00e4dt\",\"sameAs\":[\"https:\\\/\\\/gradido.net\"],\"url\":\"https:\\\/\\\/gradido.net\\\/lv\\\/author\\\/bernd\\\/\"}]}<\/script>\n<!-- \/ Yoast SEO plugin. -->","yoast_head_json":{"title":"Lieliska sadarb\u012bba: br\u012bvi apvienoti t\u012bkl\u0101 - Gradido","robots":{"index":"index","follow":"follow","max-snippet":"max-snippet:-1","max-image-preview":"max-image-preview:large","max-video-preview":"max-video-preview:-1"},"canonical":"https:\/\/gradido.net\/lv\/episode-40\/","og_locale":"lv_LV","og_type":"article","og_title":"Great Cooperation: Gemeinsam frei vernetzt - Gradido","og_description":"Wie w\u00fcrde die Welt aussehen, wenn alle Menschen ihr volles Potenzial entfalten und damit in Freude die Welt bereichern w\u00fcrden? Andreas Sarakacianis widmet sich dieser und weiteren Fragen, gemeinsam mit Judith Haferland, im Online-Kongress \u201eDie Reise Deines Lebens \u2013 Gemeinsam Frei Vernetzt\u201c vom 27.2.-27.3.2022. [42:38]","og_url":"https:\/\/gradido.net\/lv\/episode-40\/","og_site_name":"Gradido","article_published_time":"2022-02-19T06:07:28+00:00","article_modified_time":"2022-02-19T16:11:45+00:00","og_image":[{"width":700,"height":475,"url":"https:\/\/gradido.net\/wp-content\/uploads\/2022\/02\/podcast_www_sarakacianis.jpg","type":"image\/jpeg"}],"author":"Bernd H\u00fcckst\u00e4dt","twitter_card":"summary_large_image","twitter_misc":{"Written by":"Bernd H\u00fcckst\u00e4dt","Est. reading time":"1 min\u016bte"},"schema":{"@context":"https:\/\/schema.org","@graph":[{"@type":"Article","@id":"https:\/\/gradido.net\/tr\/episode-40\/#article","isPartOf":{"@id":"https:\/\/gradido.net\/tr\/episode-40\/"},"author":{"name":"Bernd H\u00fcckst\u00e4dt","@id":"https:\/\/gradido.net\/de\/#\/schema\/person\/9c503a004ad15a1ddecadce2218db5d1"},"headline":"Great Cooperation: Gemeinsam frei vernetzt","datePublished":"2022-02-19T06:07:28+00:00","dateModified":"2022-02-19T16:11:45+00:00","mainEntityOfPage":{"@id":"https:\/\/gradido.net\/tr\/episode-40\/"},"wordCount":263,"publisher":{"@id":"https:\/\/gradido.net\/de\/#organization"},"image":{"@id":"https:\/\/gradido.net\/tr\/episode-40\/#primaryimage"},"thumbnailUrl":"https:\/\/gradido.net\/wp-content\/uploads\/2022\/02\/podcast_www_sarakacianis.jpg","keywords":["Grundeinkommen"],"articleSection":["Podcast"],"inLanguage":"lv-LV"},{"@type":"WebPage","@id":"https:\/\/gradido.net\/tr\/episode-40\/","url":"https:\/\/gradido.net\/tr\/episode-40\/","name":"Lieliska sadarb\u012bba: br\u012bvi apvienoti t\u012bkl\u0101 - Gradido","isPartOf":{"@id":"https:\/\/gradido.net\/de\/#website"},"primaryImageOfPage":{"@id":"https:\/\/gradido.net\/tr\/episode-40\/#primaryimage"},"image":{"@id":"https:\/\/gradido.net\/tr\/episode-40\/#primaryimage"},"thumbnailUrl":"https:\/\/gradido.net\/wp-content\/uploads\/2022\/02\/podcast_www_sarakacianis.jpg","datePublished":"2022-02-19T06:07:28+00:00","dateModified":"2022-02-19T16:11:45+00:00","breadcrumb":{"@id":"https:\/\/gradido.net\/tr\/episode-40\/#breadcrumb"},"inLanguage":"lv-LV","potentialAction":[{"@type":"ReadAction","target":["https:\/\/gradido.net\/tr\/episode-40\/"]}]},{"@type":"ImageObject","inLanguage":"lv-LV","@id":"https:\/\/gradido.net\/tr\/episode-40\/#primaryimage","url":"https:\/\/gradido.net\/wp-content\/uploads\/2022\/02\/podcast_www_sarakacianis.jpg","contentUrl":"https:\/\/gradido.net\/wp-content\/uploads\/2022\/02\/podcast_www_sarakacianis.jpg","width":700,"height":475},{"@type":"BreadcrumbList","@id":"https:\/\/gradido.net\/tr\/episode-40\/#breadcrumb","itemListElement":[{"@type":"ListItem","position":1,"name":"Startseite","item":"https:\/\/gradido.net\/"},{"@type":"ListItem","position":2,"name":"Great Cooperation: Gemeinsam frei vernetzt"}]},{"@type":"WebSite","@id":"https:\/\/gradido.net\/de\/#website","url":"https:\/\/gradido.net\/de\/","name":"Gradido","description":"Jaun\u0101 val\u016bta ir pateic\u012bba","publisher":{"@id":"https:\/\/gradido.net\/de\/#organization"},"potentialAction":[{"@type":"SearchAction","target":{"@type":"EntryPoint","urlTemplate":"https:\/\/gradido.net\/de\/?s={search_term_string}"},"query-input":{"@type":"PropertyValueSpecification","valueRequired":true,"valueName":"search_term_string"}}],"inLanguage":"lv-LV"},{"@type":"Organization","@id":"https:\/\/gradido.net\/de\/#organization","name":"Gradido","url":"https:\/\/gradido.net\/de\/","logo":{"@type":"ImageObject","inLanguage":"lv-LV","@id":"https:\/\/gradido.net\/de\/#\/schema\/logo\/image\/","url":"https:\/\/gradido.net\/wp-content\/uploads\/2022\/04\/gradido-social.jpg","contentUrl":"https:\/\/gradido.net\/wp-content\/uploads\/2022\/04\/gradido-social.jpg","width":527,"height":273,"caption":"Gradido"},"image":{"@id":"https:\/\/gradido.net\/de\/#\/schema\/logo\/image\/"}},{"@type":"Person","@id":"https:\/\/gradido.net\/de\/#\/schema\/person\/9c503a004ad15a1ddecadce2218db5d1","name":"Bernd H\u00fcckst\u00e4dt","sameAs":["https:\/\/gradido.net"],"url":"https:\/\/gradido.net\/lv\/author\/bernd\/"}]}},"_links":{"self":[{"href":"https:\/\/gradido.net\/lv\/wp-json\/wp\/v2\/posts\/3995","targetHints":{"allow":["GET"]}}],"collection":[{"href":"https:\/\/gradido.net\/lv\/wp-json\/wp\/v2\/posts"}],"about":[{"href":"https:\/\/gradido.net\/lv\/wp-json\/wp\/v2\/types\/post"}],"author":[{"embeddable":true,"href":"https:\/\/gradido.net\/lv\/wp-json\/wp\/v2\/users\/2"}],"replies":[{"embeddable":true,"href":"https:\/\/gradido.net\/lv\/wp-json\/wp\/v2\/comments?post=3995"}],"version-history":[{"count":22,"href":"https:\/\/gradido.net\/lv\/wp-json\/wp\/v2\/posts\/3995\/revisions"}],"predecessor-version":[{"id":4020,"href":"https:\/\/gradido.net\/lv\/wp-json\/wp\/v2\/posts\/3995\/revisions\/4020"}],"wp:featuredmedia":[{"embeddable":true,"href":"https:\/\/gradido.net\/lv\/wp-json\/wp\/v2\/media\/3974"}],"wp:attachment":[{"href":"https:\/\/gradido.net\/lv\/wp-json\/wp\/v2\/media?parent=3995"}],"wp:term":[{"taxonomy":"category","embeddable":true,"href":"https:\/\/gradido.net\/lv\/wp-json\/wp\/v2\/categories?post=3995"},{"taxonomy":"post_tag","embeddable":true,"href":"https:\/\/gradido.net\/lv\/wp-json\/wp\/v2\/tags?post=3995"}],"curies":[{"name":"wp","href":"https:\/\/api.w.org\/{rel}","templated":true}]}}