{"id":4410,"date":"2022-05-15T16:05:23","date_gmt":"2022-05-15T14:05:23","guid":{"rendered":"https:\/\/gradido.net\/?p=4410"},"modified":"2026-04-24T08:20:33","modified_gmt":"2026-04-24T06:20:33","slug":"gradido-interview-im-walnussblatt","status":"publish","type":"post","link":"https:\/\/gradido.net\/lv\/gradido-interview-im-walnussblatt\/","title":{"rendered":"Gradido intervija laikrakst\u0101 \"WALNUSSblatt"},"content":{"rendered":"<div data-elementor-type=\"wp-post\" data-elementor-id=\"4410\" class=\"elementor elementor-4410\" data-elementor-post-type=\"post\">\n\t\t\t\t\t\t<section class=\"elementor-section elementor-top-section elementor-element elementor-element-496e1d53 elementor-section-boxed elementor-section-height-default elementor-section-height-default\" data-id=\"496e1d53\" data-element_type=\"section\" data-e-type=\"section\">\n\t\t\t\t\t\t<div class=\"elementor-container elementor-column-gap-default\">\n\t\t\t\t\t<div class=\"elementor-column elementor-col-100 elementor-top-column elementor-element elementor-element-461d7be0\" data-id=\"461d7be0\" data-element_type=\"column\" data-e-type=\"column\">\n\t\t\t<div class=\"elementor-widget-wrap elementor-element-populated\">\n\t\t\t\t\t\t<div class=\"elementor-element elementor-element-cd9ebe2 elementor-widget elementor-widget-text-editor\" data-id=\"cd9ebe2\" data-element_type=\"widget\" data-e-type=\"widget\" data-widget_type=\"text-editor.default\">\n\t\t\t\t<div class=\"elementor-widget-container\">\n\t\t\t\t\t\t\t\t\t<blockquote><p style=\"text-align: right;\"><em>\"Jo vair\u0101k es biju gatavs ment\u0101li un emocion\u0101li norobe\u017eoties no m\u016bs domin\u0113jo\u0161\u0101s fiat naudas sist\u0113mas, jo aizraujo\u0161\u0101ks un saska\u0146ot\u0101ks k\u013cuva Gradido.\"\"<\/em><\/p><p style=\"text-align: right;\"><em>- Pedro Force<\/em><br \/><em>WALNUSSblatt izdev\u0113js<\/em><\/p><\/blockquote><p>D\u0101rgais las\u012bt\u0101j,<\/p><p>M\u0113s saucam visus \u0161os cilv\u0113kus par \"p\u0101rv\u0113rt\u012bbu varo\u0146iem\", kuri tagad izmanto savas \u012bpa\u0161\u0101s d\u0101vanas, lai izplat\u012btu Gradido, jo vi\u0146i nes sapni par lab\u0101ku pasauli, kur\u0101 visiem cilv\u0113kiem ir cilv\u0113ka cien\u012bga dz\u012bve labkl\u0101j\u012bb\u0101, mier\u0101 un harmonij\u0101 ar dabu.<\/p><p>Ir labi zin\u0101ms, ka pret to iebilst \"fiat naudas sist\u0113ma\", kas ir naid\u012bga dz\u012bv\u012bbai. Jaut\u0101jums ir tikai par to, vai mums k\u0101 cilv\u0113ku saimei izdosies laikus izveidot sev labu n\u0101kotni, kur\u0101 mums visiem b\u016bs pat\u012bkami dz\u012bvot.<\/p><p>V\u0113l jo liel\u0101ks gandar\u012bjums, kad \u017eurn\u0101listi redz ar sirdi un raksta par Gradido - val\u016btu, kuras pamat\u0101 ir pateic\u012bba un atzin\u012bba un kura darbojas saska\u0146\u0101 ar dabas likumiem, kas veiksm\u012bgi darbojas jau miljardiem gadu. T\u0101ds \u017eurn\u0101lists ar garu, sirdi un pr\u0101tu ir Pedro Krafts, kur\u0161 ir izveidojis savu \"WALNUSSblatt\" k\u0101 komunik\u0101cijas platformu, lai savienotu cilv\u0113kus, kas dom\u0101 pa\u0161i par sevi, un pavad\u012btu transform\u0101cijas procesus.<\/p><p>\u0160aj\u0101 numur\u0101 ir apl\u016bkota liel\u0101 t\u0113ma: \"Ce\u013c\u0161 uz mieru: m\u012blest\u012bba\". Ar virsrakstu \"Gradido - jauno val\u016btu sauc par pateic\u012bbu\" Pedro pied\u0101v\u0101 interviju ar Berndu, kuru ir v\u0113rts izlas\u012bt par Gradido k\u0101 element\u0101ra miera instrumenta jauno orient\u0101ciju un pa\u0161reiz\u0113jo st\u0101vokli.<\/p><p><a href=\"https:\/\/gradido.net\/wp-content\/uploads\/2022\/05\/Gradido_Walnussblatt.pdf\">Uz interviju (lejupiel\u0101d\u0113t PDF form\u0101t\u0101)<\/a><\/p><p>Nepalaidiet gar\u0101m interesanto las\u012bjumu. N\u0101kamais ce\u013c\u0161 k\u013c\u016bst arvien skaidr\u0101ks. Kop\u0101 m\u0113s p\u0101rpludin\u0101sim t\u012bmekli ar pateic\u012bbas vi\u013c\u0146iem, l\u012bdz beidzot pateic\u012bba un atzin\u012bba k\u013c\u016bs par jauno pasaules val\u016btu un m\u0113s k\u0101 cilv\u0113ku \u0123imene kop\u012bgi rad\u012bsim jaunu - mier\u012bgu - zemi.<\/p><p>Ar m\u012blest\u012bbu un pateic\u012bbu<\/p><p>J\u016bsu<\/p><p><img decoding=\"async\" class=\"alignnone wp-image-4614 size-medium\" src=\"https:\/\/gradido.net\/wp-content\/uploads\/2022\/06\/MargretBernd_2022-300x74.png\" alt=\"\" width=\"300\" height=\"74\" srcset=\"https:\/\/gradido.net\/wp-content\/uploads\/2022\/06\/MargretBernd_2022-300x74.png 300w, https:\/\/gradido.net\/wp-content\/uploads\/2022\/06\/MargretBernd_2022-18x4.png 18w, https:\/\/gradido.net\/wp-content\/uploads\/2022\/06\/MargretBernd_2022.png 431w\" sizes=\"(max-width: 300px) 100vw, 300px\" \/><\/p><p>Margret Baier un Bernd H\u00fcckst\u00e4dt<br \/>Gradido dibin\u0101t\u0101js un izstr\u0101d\u0101t\u0101js<\/p>\t\t\t\t\t\t\t\t<\/div>\n\t\t\t\t<\/div>\n\t\t\t\t\t<\/div>\n\t\t<\/div>\n\t\t\t\t\t<\/div>\n\t\t<\/section>\n\t\t\t\t<\/div>","protected":false},"excerpt":{"rendered":"<p>\u0160aj\u0101 numur\u0101 ir apl\u016bkota liel\u0101 t\u0113ma: \"Ce\u013c\u0161 uz mieru: m\u012blest\u012bba\". Ar virsrakstu \"Gradido - jauno val\u016btu sauc par pateic\u012bbu\" Pedro pied\u0101v\u0101 interviju ar Berndu, kuru ir v\u0113rts izlas\u012bt par Gradido k\u0101 element\u0101ra miera instrumenta jauno orient\u0101ciju un pa\u0161reiz\u0113jo st\u0101vokli.<\/p>","protected":false},"author":2,"featured_media":4428,"comment_status":"closed","ping_status":"closed","sticky":false,"template":"","format":"standard","meta":{"footnotes":""},"categories":[11,54,8,56],"tags":[22],"class_list":["post-4410","post","type-post","status-publish","format-standard","has-post-thumbnail","hentry","category-blog","category-community","category-pressemitteilung","category-psychologie","tag-bild-oben"],"yoast_head":"<!-- This site is optimized with the Yoast SEO plugin v27.5 - https:\/\/yoast.com\/product\/yoast-seo-wordpress\/ -->\n<title>Gradido-Interview im \u201aWALNUSSblatt\u2018 - Gradido<\/title>\n<meta name=\"description\" content=\"Das aktuelle Heft behandelt das gro\u00dfe Thema: \u00bbDer Weg zum Frieden: die Liebe\u00ab. Mit dem Titel \u201aGradido \u2013 die neue W\u00e4hrung hei\u00dft Dankbarkeit\u2018 bringt Pedro hier ein lesenswertes Interview mit Bernd \u00fcber die neue Ausrichtung und den aktuellen Stand von Gradido als elementares Friedenswerkzeug.\" \/>\n<meta name=\"robots\" content=\"index, follow, max-snippet:-1, max-image-preview:large, max-video-preview:-1\" \/>\n<link rel=\"canonical\" href=\"https:\/\/gradido.net\/lv\/gradido-interview-im-walnussblatt\/\" \/>\n<meta property=\"og:locale\" content=\"lv_LV\" \/>\n<meta property=\"og:type\" content=\"article\" \/>\n<meta property=\"og:title\" content=\"Gradido-Interview im \u201aWALNUSSblatt\u2018 - Gradido\" \/>\n<meta property=\"og:description\" content=\"Das aktuelle Heft behandelt das gro\u00dfe Thema: \u00bbDer Weg zum Frieden: die Liebe\u00ab. Mit dem Titel \u201aGradido \u2013 die neue W\u00e4hrung hei\u00dft Dankbarkeit\u2018 bringt Pedro hier ein lesenswertes Interview mit Bernd \u00fcber die neue Ausrichtung und den aktuellen Stand von Gradido als elementares Friedenswerkzeug.\" \/>\n<meta property=\"og:url\" content=\"https:\/\/gradido.net\/lv\/gradido-interview-im-walnussblatt\/\" \/>\n<meta property=\"og:site_name\" content=\"Gradido\" \/>\n<meta property=\"article:published_time\" content=\"2022-05-15T14:05:23+00:00\" \/>\n<meta property=\"article:modified_time\" content=\"2026-04-24T06:20:33+00:00\" \/>\n<meta property=\"og:image\" content=\"https:\/\/gradido.net\/wp-content\/uploads\/2022\/05\/Walnussblatt_Blog4.jpg\" \/>\n\t<meta property=\"og:image:width\" content=\"1500\" \/>\n\t<meta property=\"og:image:height\" content=\"1000\" \/>\n\t<meta property=\"og:image:type\" content=\"image\/jpeg\" \/>\n<meta name=\"author\" content=\"Bernd H\u00fcckst\u00e4dt\" \/>\n<meta name=\"twitter:card\" content=\"summary_large_image\" \/>\n<meta name=\"twitter:label1\" content=\"Written by\" \/>\n\t<meta name=\"twitter:data1\" content=\"Bernd H\u00fcckst\u00e4dt\" \/>\n\t<meta name=\"twitter:label2\" content=\"Est. reading time\" \/>\n\t<meta name=\"twitter:data2\" content=\"2 min\u016btes\" \/>\n<script type=\"application\/ld+json\" class=\"yoast-schema-graph\">{\"@context\":\"https:\\\/\\\/schema.org\",\"@graph\":[{\"@type\":\"Article\",\"@id\":\"https:\\\/\\\/gradido.net\\\/gradido-interview-im-walnussblatt\\\/#article\",\"isPartOf\":{\"@id\":\"https:\\\/\\\/gradido.net\\\/gradido-interview-im-walnussblatt\\\/\"},\"author\":{\"name\":\"Bernd H\u00fcckst\u00e4dt\",\"@id\":\"https:\\\/\\\/gradido.net\\\/de\\\/#\\\/schema\\\/person\\\/9c503a004ad15a1ddecadce2218db5d1\"},\"headline\":\"Gradido-Interview im \u201aWALNUSSblatt\u2018\",\"datePublished\":\"2022-05-15T14:05:23+00:00\",\"dateModified\":\"2026-04-24T06:20:33+00:00\",\"mainEntityOfPage\":{\"@id\":\"https:\\\/\\\/gradido.net\\\/gradido-interview-im-walnussblatt\\\/\"},\"wordCount\":297,\"publisher\":{\"@id\":\"https:\\\/\\\/gradido.net\\\/de\\\/#organization\"},\"image\":{\"@id\":\"https:\\\/\\\/gradido.net\\\/gradido-interview-im-walnussblatt\\\/#primaryimage\"},\"thumbnailUrl\":\"https:\\\/\\\/gradido.net\\\/wp-content\\\/uploads\\\/2022\\\/05\\\/Walnussblatt_Blog4.jpg\",\"keywords\":[\"Bild oben\"],\"articleSection\":[\"Blog\",\"Community\",\"Pressemitteilung\",\"Psychologie\"],\"inLanguage\":\"lv-LV\"},{\"@type\":\"WebPage\",\"@id\":\"https:\\\/\\\/gradido.net\\\/gradido-interview-im-walnussblatt\\\/\",\"url\":\"https:\\\/\\\/gradido.net\\\/gradido-interview-im-walnussblatt\\\/\",\"name\":\"Gradido-Interview im \u201aWALNUSSblatt\u2018 - Gradido\",\"isPartOf\":{\"@id\":\"https:\\\/\\\/gradido.net\\\/de\\\/#website\"},\"primaryImageOfPage\":{\"@id\":\"https:\\\/\\\/gradido.net\\\/gradido-interview-im-walnussblatt\\\/#primaryimage\"},\"image\":{\"@id\":\"https:\\\/\\\/gradido.net\\\/gradido-interview-im-walnussblatt\\\/#primaryimage\"},\"thumbnailUrl\":\"https:\\\/\\\/gradido.net\\\/wp-content\\\/uploads\\\/2022\\\/05\\\/Walnussblatt_Blog4.jpg\",\"datePublished\":\"2022-05-15T14:05:23+00:00\",\"dateModified\":\"2026-04-24T06:20:33+00:00\",\"description\":\"Das aktuelle Heft behandelt das gro\u00dfe Thema: \u00bbDer Weg zum Frieden: die Liebe\u00ab. Mit dem Titel \u201aGradido \u2013 die neue W\u00e4hrung hei\u00dft Dankbarkeit\u2018 bringt Pedro hier ein lesenswertes Interview mit Bernd \u00fcber die neue Ausrichtung und den aktuellen Stand von Gradido als elementares Friedenswerkzeug.\",\"breadcrumb\":{\"@id\":\"https:\\\/\\\/gradido.net\\\/gradido-interview-im-walnussblatt\\\/#breadcrumb\"},\"inLanguage\":\"lv-LV\",\"potentialAction\":[{\"@type\":\"ReadAction\",\"target\":[\"https:\\\/\\\/gradido.net\\\/gradido-interview-im-walnussblatt\\\/\"]}]},{\"@type\":\"ImageObject\",\"inLanguage\":\"lv-LV\",\"@id\":\"https:\\\/\\\/gradido.net\\\/gradido-interview-im-walnussblatt\\\/#primaryimage\",\"url\":\"https:\\\/\\\/gradido.net\\\/wp-content\\\/uploads\\\/2022\\\/05\\\/Walnussblatt_Blog4.jpg\",\"contentUrl\":\"https:\\\/\\\/gradido.net\\\/wp-content\\\/uploads\\\/2022\\\/05\\\/Walnussblatt_Blog4.jpg\",\"width\":1500,\"height\":1000},{\"@type\":\"BreadcrumbList\",\"@id\":\"https:\\\/\\\/gradido.net\\\/gradido-interview-im-walnussblatt\\\/#breadcrumb\",\"itemListElement\":[{\"@type\":\"ListItem\",\"position\":1,\"name\":\"Startseite\",\"item\":\"https:\\\/\\\/gradido.net\\\/\"},{\"@type\":\"ListItem\",\"position\":2,\"name\":\"Gradido-Interview im \u201aWALNUSSblatt\u2018\"}]},{\"@type\":\"WebSite\",\"@id\":\"https:\\\/\\\/gradido.net\\\/de\\\/#website\",\"url\":\"https:\\\/\\\/gradido.net\\\/de\\\/\",\"name\":\"Gradido\",\"description\":\"Die neue W\u00e4hrung hei\u00dft Dankbarkeit\",\"publisher\":{\"@id\":\"https:\\\/\\\/gradido.net\\\/de\\\/#organization\"},\"potentialAction\":[{\"@type\":\"SearchAction\",\"target\":{\"@type\":\"EntryPoint\",\"urlTemplate\":\"https:\\\/\\\/gradido.net\\\/de\\\/?s={search_term_string}\"},\"query-input\":{\"@type\":\"PropertyValueSpecification\",\"valueRequired\":true,\"valueName\":\"search_term_string\"}}],\"inLanguage\":\"lv-LV\"},{\"@type\":\"Organization\",\"@id\":\"https:\\\/\\\/gradido.net\\\/de\\\/#organization\",\"name\":\"Gradido\",\"url\":\"https:\\\/\\\/gradido.net\\\/de\\\/\",\"logo\":{\"@type\":\"ImageObject\",\"inLanguage\":\"lv-LV\",\"@id\":\"https:\\\/\\\/gradido.net\\\/de\\\/#\\\/schema\\\/logo\\\/image\\\/\",\"url\":\"https:\\\/\\\/gradido.net\\\/wp-content\\\/uploads\\\/2022\\\/04\\\/gradido-social.jpg\",\"contentUrl\":\"https:\\\/\\\/gradido.net\\\/wp-content\\\/uploads\\\/2022\\\/04\\\/gradido-social.jpg\",\"width\":527,\"height\":273,\"caption\":\"Gradido\"},\"image\":{\"@id\":\"https:\\\/\\\/gradido.net\\\/de\\\/#\\\/schema\\\/logo\\\/image\\\/\"}},{\"@type\":\"Person\",\"@id\":\"https:\\\/\\\/gradido.net\\\/de\\\/#\\\/schema\\\/person\\\/9c503a004ad15a1ddecadce2218db5d1\",\"name\":\"Bernd H\u00fcckst\u00e4dt\",\"sameAs\":[\"https:\\\/\\\/gradido.net\"],\"url\":\"https:\\\/\\\/gradido.net\\\/lv\\\/author\\\/bernd\\\/\"}]}<\/script>\n<!-- \/ Yoast SEO plugin. -->","yoast_head_json":{"title":"Gradido intervija laikrakst\u0101 'WALNUSSblatt' - Gradido","description":"\u0160aj\u0101 numur\u0101 ir apl\u016bkota liel\u0101 t\u0113ma: \"Ce\u013c\u0161 uz mieru: m\u012blest\u012bba\". Ar virsrakstu \"Gradido - jauno val\u016btu sauc par pateic\u012bbu\" Pedro pied\u0101v\u0101 interviju ar Berndu, kuru ir v\u0113rts izlas\u012bt par Gradido k\u0101 element\u0101ra miera instrumenta jauno orient\u0101ciju un pa\u0161reiz\u0113jo st\u0101vokli.","robots":{"index":"index","follow":"follow","max-snippet":"max-snippet:-1","max-image-preview":"max-image-preview:large","max-video-preview":"max-video-preview:-1"},"canonical":"https:\/\/gradido.net\/lv\/gradido-interview-im-walnussblatt\/","og_locale":"lv_LV","og_type":"article","og_title":"Gradido-Interview im \u201aWALNUSSblatt\u2018 - Gradido","og_description":"Das aktuelle Heft behandelt das gro\u00dfe Thema: \u00bbDer Weg zum Frieden: die Liebe\u00ab. Mit dem Titel \u201aGradido \u2013 die neue W\u00e4hrung hei\u00dft Dankbarkeit\u2018 bringt Pedro hier ein lesenswertes Interview mit Bernd \u00fcber die neue Ausrichtung und den aktuellen Stand von Gradido als elementares Friedenswerkzeug.","og_url":"https:\/\/gradido.net\/lv\/gradido-interview-im-walnussblatt\/","og_site_name":"Gradido","article_published_time":"2022-05-15T14:05:23+00:00","article_modified_time":"2026-04-24T06:20:33+00:00","og_image":[{"width":1500,"height":1000,"url":"https:\/\/gradido.net\/wp-content\/uploads\/2022\/05\/Walnussblatt_Blog4.jpg","type":"image\/jpeg"}],"author":"Bernd H\u00fcckst\u00e4dt","twitter_card":"summary_large_image","twitter_misc":{"Written by":"Bernd H\u00fcckst\u00e4dt","Est. reading time":"2 min\u016btes"},"schema":{"@context":"https:\/\/schema.org","@graph":[{"@type":"Article","@id":"https:\/\/gradido.net\/gradido-interview-im-walnussblatt\/#article","isPartOf":{"@id":"https:\/\/gradido.net\/gradido-interview-im-walnussblatt\/"},"author":{"name":"Bernd H\u00fcckst\u00e4dt","@id":"https:\/\/gradido.net\/de\/#\/schema\/person\/9c503a004ad15a1ddecadce2218db5d1"},"headline":"Gradido-Interview im \u201aWALNUSSblatt\u2018","datePublished":"2022-05-15T14:05:23+00:00","dateModified":"2026-04-24T06:20:33+00:00","mainEntityOfPage":{"@id":"https:\/\/gradido.net\/gradido-interview-im-walnussblatt\/"},"wordCount":297,"publisher":{"@id":"https:\/\/gradido.net\/de\/#organization"},"image":{"@id":"https:\/\/gradido.net\/gradido-interview-im-walnussblatt\/#primaryimage"},"thumbnailUrl":"https:\/\/gradido.net\/wp-content\/uploads\/2022\/05\/Walnussblatt_Blog4.jpg","keywords":["Bild oben"],"articleSection":["Blog","Community","Pressemitteilung","Psychologie"],"inLanguage":"lv-LV"},{"@type":"WebPage","@id":"https:\/\/gradido.net\/gradido-interview-im-walnussblatt\/","url":"https:\/\/gradido.net\/gradido-interview-im-walnussblatt\/","name":"Gradido intervija laikrakst\u0101 'WALNUSSblatt' - Gradido","isPartOf":{"@id":"https:\/\/gradido.net\/de\/#website"},"primaryImageOfPage":{"@id":"https:\/\/gradido.net\/gradido-interview-im-walnussblatt\/#primaryimage"},"image":{"@id":"https:\/\/gradido.net\/gradido-interview-im-walnussblatt\/#primaryimage"},"thumbnailUrl":"https:\/\/gradido.net\/wp-content\/uploads\/2022\/05\/Walnussblatt_Blog4.jpg","datePublished":"2022-05-15T14:05:23+00:00","dateModified":"2026-04-24T06:20:33+00:00","description":"\u0160aj\u0101 numur\u0101 ir apl\u016bkota liel\u0101 t\u0113ma: \"Ce\u013c\u0161 uz mieru: m\u012blest\u012bba\". Ar virsrakstu \"Gradido - jauno val\u016btu sauc par pateic\u012bbu\" Pedro pied\u0101v\u0101 interviju ar Berndu, kuru ir v\u0113rts izlas\u012bt par Gradido k\u0101 element\u0101ra miera instrumenta jauno orient\u0101ciju un pa\u0161reiz\u0113jo st\u0101vokli.","breadcrumb":{"@id":"https:\/\/gradido.net\/gradido-interview-im-walnussblatt\/#breadcrumb"},"inLanguage":"lv-LV","potentialAction":[{"@type":"ReadAction","target":["https:\/\/gradido.net\/gradido-interview-im-walnussblatt\/"]}]},{"@type":"ImageObject","inLanguage":"lv-LV","@id":"https:\/\/gradido.net\/gradido-interview-im-walnussblatt\/#primaryimage","url":"https:\/\/gradido.net\/wp-content\/uploads\/2022\/05\/Walnussblatt_Blog4.jpg","contentUrl":"https:\/\/gradido.net\/wp-content\/uploads\/2022\/05\/Walnussblatt_Blog4.jpg","width":1500,"height":1000},{"@type":"BreadcrumbList","@id":"https:\/\/gradido.net\/gradido-interview-im-walnussblatt\/#breadcrumb","itemListElement":[{"@type":"ListItem","position":1,"name":"Startseite","item":"https:\/\/gradido.net\/"},{"@type":"ListItem","position":2,"name":"Gradido-Interview im \u201aWALNUSSblatt\u2018"}]},{"@type":"WebSite","@id":"https:\/\/gradido.net\/de\/#website","url":"https:\/\/gradido.net\/de\/","name":"Gradido","description":"Jaun\u0101 val\u016bta ir pateic\u012bba","publisher":{"@id":"https:\/\/gradido.net\/de\/#organization"},"potentialAction":[{"@type":"SearchAction","target":{"@type":"EntryPoint","urlTemplate":"https:\/\/gradido.net\/de\/?s={search_term_string}"},"query-input":{"@type":"PropertyValueSpecification","valueRequired":true,"valueName":"search_term_string"}}],"inLanguage":"lv-LV"},{"@type":"Organization","@id":"https:\/\/gradido.net\/de\/#organization","name":"Gradido","url":"https:\/\/gradido.net\/de\/","logo":{"@type":"ImageObject","inLanguage":"lv-LV","@id":"https:\/\/gradido.net\/de\/#\/schema\/logo\/image\/","url":"https:\/\/gradido.net\/wp-content\/uploads\/2022\/04\/gradido-social.jpg","contentUrl":"https:\/\/gradido.net\/wp-content\/uploads\/2022\/04\/gradido-social.jpg","width":527,"height":273,"caption":"Gradido"},"image":{"@id":"https:\/\/gradido.net\/de\/#\/schema\/logo\/image\/"}},{"@type":"Person","@id":"https:\/\/gradido.net\/de\/#\/schema\/person\/9c503a004ad15a1ddecadce2218db5d1","name":"Bernd H\u00fcckst\u00e4dt","sameAs":["https:\/\/gradido.net"],"url":"https:\/\/gradido.net\/lv\/author\/bernd\/"}]}},"_links":{"self":[{"href":"https:\/\/gradido.net\/lv\/wp-json\/wp\/v2\/posts\/4410","targetHints":{"allow":["GET"]}}],"collection":[{"href":"https:\/\/gradido.net\/lv\/wp-json\/wp\/v2\/posts"}],"about":[{"href":"https:\/\/gradido.net\/lv\/wp-json\/wp\/v2\/types\/post"}],"author":[{"embeddable":true,"href":"https:\/\/gradido.net\/lv\/wp-json\/wp\/v2\/users\/2"}],"replies":[{"embeddable":true,"href":"https:\/\/gradido.net\/lv\/wp-json\/wp\/v2\/comments?post=4410"}],"version-history":[{"count":19,"href":"https:\/\/gradido.net\/lv\/wp-json\/wp\/v2\/posts\/4410\/revisions"}],"predecessor-version":[{"id":13610,"href":"https:\/\/gradido.net\/lv\/wp-json\/wp\/v2\/posts\/4410\/revisions\/13610"}],"wp:featuredmedia":[{"embeddable":true,"href":"https:\/\/gradido.net\/lv\/wp-json\/wp\/v2\/media\/4428"}],"wp:attachment":[{"href":"https:\/\/gradido.net\/lv\/wp-json\/wp\/v2\/media?parent=4410"}],"wp:term":[{"taxonomy":"category","embeddable":true,"href":"https:\/\/gradido.net\/lv\/wp-json\/wp\/v2\/categories?post=4410"},{"taxonomy":"post_tag","embeddable":true,"href":"https:\/\/gradido.net\/lv\/wp-json\/wp\/v2\/tags?post=4410"}],"curies":[{"name":"wp","href":"https:\/\/api.w.org\/{rel}","templated":true}]}}