{"id":5543,"date":"2022-08-25T11:49:39","date_gmt":"2022-08-25T09:49:39","guid":{"rendered":"https:\/\/gradido.net\/?p=5543"},"modified":"2026-04-24T08:16:22","modified_gmt":"2026-04-24T06:16:22","slug":"gradido-dankbarkeit-mit-system","status":"publish","type":"post","link":"https:\/\/gradido.net\/lv\/gradido-dankbarkeit-mit-system\/","title":{"rendered":"Gradido - Pateic\u012bba ar sist\u0113mu"},"content":{"rendered":"<div data-elementor-type=\"wp-post\" data-elementor-id=\"5543\" class=\"elementor elementor-5543\" data-elementor-post-type=\"post\">\n\t\t\t\t\t\t<section class=\"elementor-section elementor-top-section elementor-element elementor-element-496e1d53 elementor-section-boxed elementor-section-height-default elementor-section-height-default\" data-id=\"496e1d53\" data-element_type=\"section\" data-e-type=\"section\">\n\t\t\t\t\t\t<div class=\"elementor-container elementor-column-gap-default\">\n\t\t\t\t\t<div class=\"elementor-column elementor-col-100 elementor-top-column elementor-element elementor-element-461d7be0\" data-id=\"461d7be0\" data-element_type=\"column\" data-e-type=\"column\">\n\t\t\t<div class=\"elementor-widget-wrap elementor-element-populated\">\n\t\t\t\t\t\t<div class=\"elementor-element elementor-element-b44b1b3 elementor-widget elementor-widget-text-editor\" data-id=\"b44b1b3\" data-element_type=\"widget\" data-e-type=\"widget\" data-widget_type=\"text-editor.default\">\n\t\t\t\t<div class=\"elementor-widget-container\">\n\t\t\t\t\t\t\t\t\t<p>D\u0101rgais las\u012bt\u0101j,<\/p><p>partija dieBasis aicin\u0101ja uz lekciju par Gradido monet\u0101ro sist\u0113mu ar Bernd H\u00fcckst\u00e4dt tre\u0161dien, 24 augusts 2022<\/p>\t\t\t\t\t\t\t\t<\/div>\n\t\t\t\t<\/div>\n\t\t\t\t<div class=\"elementor-element elementor-element-1087c6f elementor-widget elementor-widget-video\" data-id=\"1087c6f\" data-element_type=\"widget\" data-e-type=\"widget\" data-settings=\"{&quot;video_type&quot;:&quot;vimeo&quot;}\" data-widget_type=\"video.default\">\n\t\t\t\t<div class=\"elementor-widget-container\">\n\t\t\t\t\t\t\t<div class=\"elementor-wrapper elementor-open-inline\">\n\t\t\t<iframe hcb-fetch-image-from=\"https:\/\/vimeo.com\/742911931\" class=\"elementor-video-iframe\" allowfullscreen allow=\"clipboard-write\" title=\"Odtwarzacz wideo vimeo\" src=\"https:\/\/player.vimeo.com\/video\/742911931?color&amp;autopause=0&amp;loop=0&amp;muted=0&amp;title=1&amp;portrait=1&amp;byline=1#t=\" data-no-translation-title=\"\"><\/iframe>\t\t<\/div>\n\t\t\t\t\t\t<\/div>\n\t\t\t\t<\/div>\n\t\t\t\t<div class=\"elementor-element elementor-element-cd9ebe2 elementor-widget elementor-widget-text-editor\" data-id=\"cd9ebe2\" data-element_type=\"widget\" data-e-type=\"widget\" data-widget_type=\"text-editor.default\">\n\t\t\t\t<div class=\"elementor-widget-container\">\n\t\t\t\t\t\t\t\t\t<p>At\u0161\u0137ir\u012bb\u0101 no vec\u0101s par\u0101du naudas sist\u0113mas, Gradido sist\u0113m\u0101 naudu rada katrs cilv\u0113ks.<\/p><p>K\u0101d\u0101 pasaul\u0113 b\u016btu j\u0101dz\u012bvo m\u016bsu b\u0113rniem? Pa\u0161reiz\u0113j\u0101 finan\u0161u sist\u0113ma sist\u0113miski sabr\u016bk vis\u0101 pasaul\u0113, un to pavada masveida bankroti, rekordliels bezdarbs, nabadz\u012bba un kar\u0161.<\/p><p>Tikai ar jaunu monet\u0101ro sist\u0113mu, kuras pamat\u0101 ir dz\u012bv\u012bba, m\u012blest\u012bba un l\u012bdzj\u016bt\u012bba, cilv\u0113ce var risin\u0101t \u0161os izaicin\u0101jumus, lai visi g\u016btu labumu. Gradido Ekonomikas bionikas akad\u0113mija ir izstr\u0101d\u0101jusi \u0161\u0101du sist\u0113mu divdesmit p\u0113tniec\u012bbas gadu laik\u0101: Gradido - dabisk\u0101 dz\u012bv\u012bbas ekonomika - balst\u0101s uz miljardiem gadu p\u0101rbaud\u012btiem dabas mode\u013ciem, un tai ir potenci\u0101ls izbeigt nabadz\u012bbu, badu, karus un vides izn\u012bcin\u0101\u0161anu. Kop\u0101 m\u0113s veidojam n\u0101kotni, kas ir piem\u0113rota mazb\u0113rniem mier\u0101 un harmonij\u0101 ar dabu.<\/p><p>Nosaukums \"Gradido\" noz\u012bm\u0113 pateic\u012bbu, cie\u0146u un ziedojumu. Gradido padara iesp\u0113jamus visus br\u012bni\u0161\u0137\u012bgos projektus un iniciat\u012bvas, ko iepriek\u0161 vec\u0101 finan\u0161u sist\u0113ma bija apspiedusi. \u0112tikas pamat\u0101 ir tr\u012bsk\u0101r\u0161ais labums - indiv\u012bda, kopienas un liel\u0101ka veseluma labums.<\/p><p>Es ceru, ka jums patiks skat\u012bties video un ka g\u016bsiet labu ieskatu.<\/p><p>J\u016bsu<\/p><p><img decoding=\"async\" class=\"alignnone wp-image-4614 size-medium\" src=\"https:\/\/gradido.net\/wp-content\/uploads\/2022\/06\/MargretBernd_2022-300x74.png\" alt=\"\" width=\"300\" height=\"74\" srcset=\"https:\/\/gradido.net\/wp-content\/uploads\/2022\/06\/MargretBernd_2022-300x74.png 300w, https:\/\/gradido.net\/wp-content\/uploads\/2022\/06\/MargretBernd_2022-18x4.png 18w, https:\/\/gradido.net\/wp-content\/uploads\/2022\/06\/MargretBernd_2022.png 431w\" sizes=\"(max-width: 300px) 100vw, 300px\" \/><\/p><p>Margret Baier un Bernd H\u00fcckst\u00e4dt<br \/>Gradido dibin\u0101t\u0101js un izstr\u0101d\u0101t\u0101js<\/p>\t\t\t\t\t\t\t\t<\/div>\n\t\t\t\t<\/div>\n\t\t\t\t\t<\/div>\n\t\t<\/div>\n\t\t\t\t\t<\/div>\n\t\t<\/section>\n\t\t\t\t<section class=\"elementor-section elementor-top-section elementor-element elementor-element-7cc78a8 elementor-section-boxed elementor-section-height-default elementor-section-height-default\" data-id=\"7cc78a8\" data-element_type=\"section\" data-e-type=\"section\">\n\t\t\t\t\t\t<div class=\"elementor-container elementor-column-gap-default\">\n\t\t\t\t\t<div class=\"elementor-column elementor-col-100 elementor-top-column elementor-element elementor-element-79dfbe0\" data-id=\"79dfbe0\" data-element_type=\"column\" data-e-type=\"column\">\n\t\t\t<div class=\"elementor-widget-wrap elementor-element-populated\">\n\t\t\t\t\t\t<div class=\"elementor-element elementor-element-a7db17c elementor-widget elementor-widget-global elementor-global-9341 elementor-widget-text-editor\" data-id=\"a7db17c\" data-element_type=\"widget\" data-e-type=\"widget\" data-widget_type=\"text-editor.default\">\n\t\t\t\t<div class=\"elementor-widget-container\">\n\t\t\t\t\t\t\t\t\t<p><strong>PS:\u00a0<span style=\"color: #ff6600;\"><a style=\"color: #ff6600;\" href=\"https:\/\/gradido.net\/lv\/donations\/\">T\u0101 k\u0101 Gradido k\u013c\u016bst arvien noz\u012bm\u012bg\u0101ks, m\u0113s atk\u0101rtojam m\u016bsu pateic\u012bbas kampa\u0146u 2026. gada 26. j\u016bnij\u0101:<\/a>\u00a0<\/span><span style=\"color: #0000ff;\"><a style=\"color: #0000ff;\" href=\"https:\/\/gradido.net\/lv\/donations\/\">Papildus vair\u0101kk\u0101rt\u0113jai GradidoTransform par j\u016bsu sponsor\u0113\u0161anas ieguld\u012bjumu, m\u0113s palielin\u0101sim visu GDT kontu atlikumus par 26% 26\/06\/2016. Sponsor\u0113jiet tagad un izbaudiet vair\u0101kk\u0101rt\u0113ju GDT summu!<\/a><\/span><\/strong><\/p>\t\t\t\t\t\t\t\t<\/div>\n\t\t\t\t<\/div>\n\t\t\t\t\t<\/div>\n\t\t<\/div>\n\t\t\t\t\t<\/div>\n\t\t<\/section>\n\t\t\t\t<\/div>","protected":false},"excerpt":{"rendered":"<p>Partija dieBasis aicin\u0101ja uz Zoom lekciju par naudas sist\u0113mu Gradido ar Bernd H\u00fcckst\u00e4dt 24 augusts 2022. At\u0161\u0137ir\u012bb\u0101 no vec\u0101s par\u0101da naudas sist\u0113mas, ar Gradido naudu rada katrs cilv\u0113ks.<\/p>","protected":false},"author":2,"featured_media":5546,"comment_status":"closed","ping_status":"closed","sticky":false,"template":"","format":"standard","meta":{"footnotes":""},"categories":[11,56],"tags":[],"class_list":["post-5543","post","type-post","status-publish","format-standard","has-post-thumbnail","hentry","category-blog","category-psychologie"],"yoast_head":"<!-- This site is optimized with the Yoast SEO plugin v27.5 - https:\/\/yoast.com\/product\/yoast-seo-wordpress\/ -->\n<title>Gradido \u2013 Dankbarkeit mit System - Gradido<\/title>\n<meta name=\"description\" content=\"Die Partei dieBasis lud ein zu einem Zoom-Vortrag zum Geldsystem Gradido mit Bernd H\u00fcckst\u00e4dt am 24. August 2022. Im Gegensatz zum alten Schuldgeldsystem erfolgt bei Gradido die Geldsch\u00f6pfung durch jeden Menschen.\" \/>\n<meta name=\"robots\" content=\"index, follow, max-snippet:-1, max-image-preview:large, max-video-preview:-1\" \/>\n<link rel=\"canonical\" href=\"https:\/\/gradido.net\/lv\/gradido-dankbarkeit-mit-system\/\" \/>\n<meta property=\"og:locale\" content=\"lv_LV\" \/>\n<meta property=\"og:type\" content=\"article\" \/>\n<meta property=\"og:title\" content=\"Gradido \u2013 Dankbarkeit mit System - Gradido\" \/>\n<meta property=\"og:description\" content=\"Die Partei dieBasis lud ein zu einem Zoom-Vortrag zum Geldsystem Gradido mit Bernd H\u00fcckst\u00e4dt am 24. August 2022. Im Gegensatz zum alten Schuldgeldsystem erfolgt bei Gradido die Geldsch\u00f6pfung durch jeden Menschen.\" \/>\n<meta property=\"og:url\" content=\"https:\/\/gradido.net\/lv\/gradido-dankbarkeit-mit-system\/\" \/>\n<meta property=\"og:site_name\" content=\"Gradido\" \/>\n<meta property=\"article:published_time\" content=\"2022-08-25T09:49:39+00:00\" \/>\n<meta property=\"article:modified_time\" content=\"2026-04-24T06:16:22+00:00\" \/>\n<meta property=\"og:image\" content=\"https:\/\/gradido.net\/wp-content\/uploads\/2022\/08\/Gradido_dieBasis.jpg\" \/>\n\t<meta property=\"og:image:width\" content=\"1000\" \/>\n\t<meta property=\"og:image:height\" content=\"560\" \/>\n\t<meta property=\"og:image:type\" content=\"image\/jpeg\" \/>\n<meta name=\"author\" content=\"Bernd H\u00fcckst\u00e4dt\" \/>\n<meta name=\"twitter:card\" content=\"summary_large_image\" \/>\n<meta name=\"twitter:label1\" content=\"Written by\" \/>\n\t<meta name=\"twitter:data1\" content=\"Bernd H\u00fcckst\u00e4dt\" \/>\n\t<meta name=\"twitter:label2\" content=\"Est. reading time\" \/>\n\t<meta name=\"twitter:data2\" content=\"2 min\u016btes\" \/>\n<script type=\"application\/ld+json\" class=\"yoast-schema-graph\">{\"@context\":\"https:\\\/\\\/schema.org\",\"@graph\":[{\"@type\":\"Article\",\"@id\":\"https:\\\/\\\/gradido.net\\\/gradido-dankbarkeit-mit-system\\\/#article\",\"isPartOf\":{\"@id\":\"https:\\\/\\\/gradido.net\\\/gradido-dankbarkeit-mit-system\\\/\"},\"author\":{\"name\":\"Bernd H\u00fcckst\u00e4dt\",\"@id\":\"https:\\\/\\\/gradido.net\\\/de\\\/#\\\/schema\\\/person\\\/9c503a004ad15a1ddecadce2218db5d1\"},\"headline\":\"Gradido \u2013 Dankbarkeit mit System\",\"datePublished\":\"2022-08-25T09:49:39+00:00\",\"dateModified\":\"2026-04-24T06:16:22+00:00\",\"mainEntityOfPage\":{\"@id\":\"https:\\\/\\\/gradido.net\\\/gradido-dankbarkeit-mit-system\\\/\"},\"wordCount\":268,\"publisher\":{\"@id\":\"https:\\\/\\\/gradido.net\\\/de\\\/#organization\"},\"image\":{\"@id\":\"https:\\\/\\\/gradido.net\\\/gradido-dankbarkeit-mit-system\\\/#primaryimage\"},\"thumbnailUrl\":\"https:\\\/\\\/gradido.net\\\/wp-content\\\/uploads\\\/2022\\\/08\\\/Gradido_dieBasis.jpg\",\"articleSection\":[\"Blog\",\"Psychologie\"],\"inLanguage\":\"lv-LV\"},{\"@type\":\"WebPage\",\"@id\":\"https:\\\/\\\/gradido.net\\\/gradido-dankbarkeit-mit-system\\\/\",\"url\":\"https:\\\/\\\/gradido.net\\\/gradido-dankbarkeit-mit-system\\\/\",\"name\":\"Gradido \u2013 Dankbarkeit mit System - Gradido\",\"isPartOf\":{\"@id\":\"https:\\\/\\\/gradido.net\\\/de\\\/#website\"},\"primaryImageOfPage\":{\"@id\":\"https:\\\/\\\/gradido.net\\\/gradido-dankbarkeit-mit-system\\\/#primaryimage\"},\"image\":{\"@id\":\"https:\\\/\\\/gradido.net\\\/gradido-dankbarkeit-mit-system\\\/#primaryimage\"},\"thumbnailUrl\":\"https:\\\/\\\/gradido.net\\\/wp-content\\\/uploads\\\/2022\\\/08\\\/Gradido_dieBasis.jpg\",\"datePublished\":\"2022-08-25T09:49:39+00:00\",\"dateModified\":\"2026-04-24T06:16:22+00:00\",\"description\":\"Die Partei dieBasis lud ein zu einem Zoom-Vortrag zum Geldsystem Gradido mit Bernd H\u00fcckst\u00e4dt am 24. August 2022. Im Gegensatz zum alten Schuldgeldsystem erfolgt bei Gradido die Geldsch\u00f6pfung durch jeden Menschen.\",\"breadcrumb\":{\"@id\":\"https:\\\/\\\/gradido.net\\\/gradido-dankbarkeit-mit-system\\\/#breadcrumb\"},\"inLanguage\":\"lv-LV\",\"potentialAction\":[{\"@type\":\"ReadAction\",\"target\":[\"https:\\\/\\\/gradido.net\\\/gradido-dankbarkeit-mit-system\\\/\"]}]},{\"@type\":\"ImageObject\",\"inLanguage\":\"lv-LV\",\"@id\":\"https:\\\/\\\/gradido.net\\\/gradido-dankbarkeit-mit-system\\\/#primaryimage\",\"url\":\"https:\\\/\\\/gradido.net\\\/wp-content\\\/uploads\\\/2022\\\/08\\\/Gradido_dieBasis.jpg\",\"contentUrl\":\"https:\\\/\\\/gradido.net\\\/wp-content\\\/uploads\\\/2022\\\/08\\\/Gradido_dieBasis.jpg\",\"width\":1000,\"height\":560},{\"@type\":\"BreadcrumbList\",\"@id\":\"https:\\\/\\\/gradido.net\\\/gradido-dankbarkeit-mit-system\\\/#breadcrumb\",\"itemListElement\":[{\"@type\":\"ListItem\",\"position\":1,\"name\":\"Startseite\",\"item\":\"https:\\\/\\\/gradido.net\\\/\"},{\"@type\":\"ListItem\",\"position\":2,\"name\":\"Gradido \u2013 Dankbarkeit mit System\"}]},{\"@type\":\"WebSite\",\"@id\":\"https:\\\/\\\/gradido.net\\\/de\\\/#website\",\"url\":\"https:\\\/\\\/gradido.net\\\/de\\\/\",\"name\":\"Gradido\",\"description\":\"Die neue W\u00e4hrung hei\u00dft Dankbarkeit\",\"publisher\":{\"@id\":\"https:\\\/\\\/gradido.net\\\/de\\\/#organization\"},\"potentialAction\":[{\"@type\":\"SearchAction\",\"target\":{\"@type\":\"EntryPoint\",\"urlTemplate\":\"https:\\\/\\\/gradido.net\\\/de\\\/?s={search_term_string}\"},\"query-input\":{\"@type\":\"PropertyValueSpecification\",\"valueRequired\":true,\"valueName\":\"search_term_string\"}}],\"inLanguage\":\"lv-LV\"},{\"@type\":\"Organization\",\"@id\":\"https:\\\/\\\/gradido.net\\\/de\\\/#organization\",\"name\":\"Gradido\",\"url\":\"https:\\\/\\\/gradido.net\\\/de\\\/\",\"logo\":{\"@type\":\"ImageObject\",\"inLanguage\":\"lv-LV\",\"@id\":\"https:\\\/\\\/gradido.net\\\/de\\\/#\\\/schema\\\/logo\\\/image\\\/\",\"url\":\"https:\\\/\\\/gradido.net\\\/wp-content\\\/uploads\\\/2022\\\/04\\\/gradido-social.jpg\",\"contentUrl\":\"https:\\\/\\\/gradido.net\\\/wp-content\\\/uploads\\\/2022\\\/04\\\/gradido-social.jpg\",\"width\":527,\"height\":273,\"caption\":\"Gradido\"},\"image\":{\"@id\":\"https:\\\/\\\/gradido.net\\\/de\\\/#\\\/schema\\\/logo\\\/image\\\/\"}},{\"@type\":\"Person\",\"@id\":\"https:\\\/\\\/gradido.net\\\/de\\\/#\\\/schema\\\/person\\\/9c503a004ad15a1ddecadce2218db5d1\",\"name\":\"Bernd H\u00fcckst\u00e4dt\",\"sameAs\":[\"https:\\\/\\\/gradido.net\"],\"url\":\"https:\\\/\\\/gradido.net\\\/lv\\\/author\\\/bernd\\\/\"}]}<\/script>\n<!-- \/ Yoast SEO plugin. -->","yoast_head_json":{"title":"Gradido - Pateic\u012bba ar sist\u0113mu - Gradido","description":"Partija dieBasis aicin\u0101ja uz Zoom lekciju par naudas sist\u0113mu Gradido ar Bernd H\u00fcckst\u00e4dt 24 augusts 2022. At\u0161\u0137ir\u012bb\u0101 no vec\u0101s par\u0101da naudas sist\u0113mas, ar Gradido naudu rada katrs cilv\u0113ks.","robots":{"index":"index","follow":"follow","max-snippet":"max-snippet:-1","max-image-preview":"max-image-preview:large","max-video-preview":"max-video-preview:-1"},"canonical":"https:\/\/gradido.net\/lv\/gradido-dankbarkeit-mit-system\/","og_locale":"lv_LV","og_type":"article","og_title":"Gradido \u2013 Dankbarkeit mit System - Gradido","og_description":"Die Partei dieBasis lud ein zu einem Zoom-Vortrag zum Geldsystem Gradido mit Bernd H\u00fcckst\u00e4dt am 24. August 2022. Im Gegensatz zum alten Schuldgeldsystem erfolgt bei Gradido die Geldsch\u00f6pfung durch jeden Menschen.","og_url":"https:\/\/gradido.net\/lv\/gradido-dankbarkeit-mit-system\/","og_site_name":"Gradido","article_published_time":"2022-08-25T09:49:39+00:00","article_modified_time":"2026-04-24T06:16:22+00:00","og_image":[{"width":1000,"height":560,"url":"https:\/\/gradido.net\/wp-content\/uploads\/2022\/08\/Gradido_dieBasis.jpg","type":"image\/jpeg"}],"author":"Bernd H\u00fcckst\u00e4dt","twitter_card":"summary_large_image","twitter_misc":{"Written by":"Bernd H\u00fcckst\u00e4dt","Est. reading time":"2 min\u016btes"},"schema":{"@context":"https:\/\/schema.org","@graph":[{"@type":"Article","@id":"https:\/\/gradido.net\/gradido-dankbarkeit-mit-system\/#article","isPartOf":{"@id":"https:\/\/gradido.net\/gradido-dankbarkeit-mit-system\/"},"author":{"name":"Bernd H\u00fcckst\u00e4dt","@id":"https:\/\/gradido.net\/de\/#\/schema\/person\/9c503a004ad15a1ddecadce2218db5d1"},"headline":"Gradido \u2013 Dankbarkeit mit System","datePublished":"2022-08-25T09:49:39+00:00","dateModified":"2026-04-24T06:16:22+00:00","mainEntityOfPage":{"@id":"https:\/\/gradido.net\/gradido-dankbarkeit-mit-system\/"},"wordCount":268,"publisher":{"@id":"https:\/\/gradido.net\/de\/#organization"},"image":{"@id":"https:\/\/gradido.net\/gradido-dankbarkeit-mit-system\/#primaryimage"},"thumbnailUrl":"https:\/\/gradido.net\/wp-content\/uploads\/2022\/08\/Gradido_dieBasis.jpg","articleSection":["Blog","Psychologie"],"inLanguage":"lv-LV"},{"@type":"WebPage","@id":"https:\/\/gradido.net\/gradido-dankbarkeit-mit-system\/","url":"https:\/\/gradido.net\/gradido-dankbarkeit-mit-system\/","name":"Gradido - Pateic\u012bba ar sist\u0113mu - Gradido","isPartOf":{"@id":"https:\/\/gradido.net\/de\/#website"},"primaryImageOfPage":{"@id":"https:\/\/gradido.net\/gradido-dankbarkeit-mit-system\/#primaryimage"},"image":{"@id":"https:\/\/gradido.net\/gradido-dankbarkeit-mit-system\/#primaryimage"},"thumbnailUrl":"https:\/\/gradido.net\/wp-content\/uploads\/2022\/08\/Gradido_dieBasis.jpg","datePublished":"2022-08-25T09:49:39+00:00","dateModified":"2026-04-24T06:16:22+00:00","description":"Partija dieBasis aicin\u0101ja uz Zoom lekciju par naudas sist\u0113mu Gradido ar Bernd H\u00fcckst\u00e4dt 24 augusts 2022. At\u0161\u0137ir\u012bb\u0101 no vec\u0101s par\u0101da naudas sist\u0113mas, ar Gradido naudu rada katrs cilv\u0113ks.","breadcrumb":{"@id":"https:\/\/gradido.net\/gradido-dankbarkeit-mit-system\/#breadcrumb"},"inLanguage":"lv-LV","potentialAction":[{"@type":"ReadAction","target":["https:\/\/gradido.net\/gradido-dankbarkeit-mit-system\/"]}]},{"@type":"ImageObject","inLanguage":"lv-LV","@id":"https:\/\/gradido.net\/gradido-dankbarkeit-mit-system\/#primaryimage","url":"https:\/\/gradido.net\/wp-content\/uploads\/2022\/08\/Gradido_dieBasis.jpg","contentUrl":"https:\/\/gradido.net\/wp-content\/uploads\/2022\/08\/Gradido_dieBasis.jpg","width":1000,"height":560},{"@type":"BreadcrumbList","@id":"https:\/\/gradido.net\/gradido-dankbarkeit-mit-system\/#breadcrumb","itemListElement":[{"@type":"ListItem","position":1,"name":"Startseite","item":"https:\/\/gradido.net\/"},{"@type":"ListItem","position":2,"name":"Gradido \u2013 Dankbarkeit mit System"}]},{"@type":"WebSite","@id":"https:\/\/gradido.net\/de\/#website","url":"https:\/\/gradido.net\/de\/","name":"Gradido","description":"Jaun\u0101 val\u016bta ir pateic\u012bba","publisher":{"@id":"https:\/\/gradido.net\/de\/#organization"},"potentialAction":[{"@type":"SearchAction","target":{"@type":"EntryPoint","urlTemplate":"https:\/\/gradido.net\/de\/?s={search_term_string}"},"query-input":{"@type":"PropertyValueSpecification","valueRequired":true,"valueName":"search_term_string"}}],"inLanguage":"lv-LV"},{"@type":"Organization","@id":"https:\/\/gradido.net\/de\/#organization","name":"Gradido","url":"https:\/\/gradido.net\/de\/","logo":{"@type":"ImageObject","inLanguage":"lv-LV","@id":"https:\/\/gradido.net\/de\/#\/schema\/logo\/image\/","url":"https:\/\/gradido.net\/wp-content\/uploads\/2022\/04\/gradido-social.jpg","contentUrl":"https:\/\/gradido.net\/wp-content\/uploads\/2022\/04\/gradido-social.jpg","width":527,"height":273,"caption":"Gradido"},"image":{"@id":"https:\/\/gradido.net\/de\/#\/schema\/logo\/image\/"}},{"@type":"Person","@id":"https:\/\/gradido.net\/de\/#\/schema\/person\/9c503a004ad15a1ddecadce2218db5d1","name":"Bernd H\u00fcckst\u00e4dt","sameAs":["https:\/\/gradido.net"],"url":"https:\/\/gradido.net\/lv\/author\/bernd\/"}]}},"_links":{"self":[{"href":"https:\/\/gradido.net\/lv\/wp-json\/wp\/v2\/posts\/5543","targetHints":{"allow":["GET"]}}],"collection":[{"href":"https:\/\/gradido.net\/lv\/wp-json\/wp\/v2\/posts"}],"about":[{"href":"https:\/\/gradido.net\/lv\/wp-json\/wp\/v2\/types\/post"}],"author":[{"embeddable":true,"href":"https:\/\/gradido.net\/lv\/wp-json\/wp\/v2\/users\/2"}],"replies":[{"embeddable":true,"href":"https:\/\/gradido.net\/lv\/wp-json\/wp\/v2\/comments?post=5543"}],"version-history":[{"count":25,"href":"https:\/\/gradido.net\/lv\/wp-json\/wp\/v2\/posts\/5543\/revisions"}],"predecessor-version":[{"id":13605,"href":"https:\/\/gradido.net\/lv\/wp-json\/wp\/v2\/posts\/5543\/revisions\/13605"}],"wp:featuredmedia":[{"embeddable":true,"href":"https:\/\/gradido.net\/lv\/wp-json\/wp\/v2\/media\/5546"}],"wp:attachment":[{"href":"https:\/\/gradido.net\/lv\/wp-json\/wp\/v2\/media?parent=5543"}],"wp:term":[{"taxonomy":"category","embeddable":true,"href":"https:\/\/gradido.net\/lv\/wp-json\/wp\/v2\/categories?post=5543"},{"taxonomy":"post_tag","embeddable":true,"href":"https:\/\/gradido.net\/lv\/wp-json\/wp\/v2\/tags?post=5543"}],"curies":[{"name":"wp","href":"https:\/\/api.w.org\/{rel}","templated":true}]}}