{"id":5573,"date":"2022-08-30T20:46:44","date_gmt":"2022-08-30T18:46:44","guid":{"rendered":"https:\/\/gradido.net\/?p=5573"},"modified":"2026-04-24T08:15:59","modified_gmt":"2026-04-24T06:15:59","slug":"gradido-eine-oekonomie-der-dankbarkeit","status":"publish","type":"post","link":"https:\/\/gradido.net\/lv\/gradido-eine-oekonomie-der-dankbarkeit\/","title":{"rendered":"Gradido - pateic\u012bbas ekonomija"},"content":{"rendered":"<div data-elementor-type=\"wp-post\" data-elementor-id=\"5573\" class=\"elementor elementor-5573\" data-elementor-post-type=\"post\">\n\t\t\t\t\t\t<section class=\"elementor-section elementor-top-section elementor-element elementor-element-496e1d53 elementor-section-boxed elementor-section-height-default elementor-section-height-default\" data-id=\"496e1d53\" data-element_type=\"section\" data-e-type=\"section\">\n\t\t\t\t\t\t<div class=\"elementor-container elementor-column-gap-default\">\n\t\t\t\t\t<div class=\"elementor-column elementor-col-100 elementor-top-column elementor-element elementor-element-461d7be0\" data-id=\"461d7be0\" data-element_type=\"column\" data-e-type=\"column\">\n\t\t\t<div class=\"elementor-widget-wrap elementor-element-populated\">\n\t\t\t\t\t\t<div class=\"elementor-element elementor-element-b44b1b3 elementor-widget elementor-widget-text-editor\" data-id=\"b44b1b3\" data-element_type=\"widget\" data-e-type=\"widget\" data-widget_type=\"text-editor.default\">\n\t\t\t\t<div class=\"elementor-widget-container\">\n\t\t\t\t\t\t\t\t\t<h3>Korn\u0113liuss Braitmaiers (Cornelius Braitmaier) interv\u0113 Margret Baier un Bernd H\u00fcckst\u00e4dt no <a href=\"https:\/\/www.some1.tv\/\" target=\"_blank\" rel=\"noopener\">SOME1-TV<\/a><\/h3><p>K\u00dcNZELSAU - Taisn\u012bga ekonomika, god\u012bga val\u016bta, sist\u0113ma, kur\u0101 nauda atkal kalpo cilv\u0113kiem, nevis cilv\u0113ki kalpo naudai. Taj\u0101 daba ir partneris un tiek atdota, nevis tikai izmantota. Pateic\u012bbas un atzin\u012bbas ekonomija. T\u0101da ir projekta Gradido v\u012bzija un v\u012bzija.<\/p>\t\t\t\t\t\t\t\t<\/div>\n\t\t\t\t<\/div>\n\t\t\t\t<div class=\"elementor-element elementor-element-1087c6f elementor-widget elementor-widget-video\" data-id=\"1087c6f\" data-element_type=\"widget\" data-e-type=\"widget\" data-settings=\"{&quot;youtube_url&quot;:&quot;https:\\\/\\\/www.youtube.com\\\/watch?v=o3eMyQYGGhw&quot;,&quot;video_type&quot;:&quot;youtube&quot;,&quot;controls&quot;:&quot;yes&quot;}\" data-widget_type=\"video.default\">\n\t\t\t\t<div class=\"elementor-widget-container\">\n\t\t\t\t\t\t\t<div class=\"elementor-wrapper elementor-open-inline\">\n\t\t\t<div class=\"elementor-video\"><\/div>\t\t<\/div>\n\t\t\t\t\t\t<\/div>\n\t\t\t\t<\/div>\n\t\t\t\t<div class=\"elementor-element elementor-element-cd9ebe2 elementor-widget elementor-widget-text-editor\" data-id=\"cd9ebe2\" data-element_type=\"widget\" data-e-type=\"widget\" data-widget_type=\"text-editor.default\">\n\t\t\t\t<div class=\"elementor-widget-container\">\n\t\t\t\t\t\t\t\t\t<p>Eso\u0161\u0101 monet\u0101r\u0101 sist\u0113ma k\u013c\u016bst arvien nel\u012bdzsvarot\u0101ka, plaisa starp bag\u0101tajiem un nabagajiem palielin\u0101s, un ekonomika, politika, soci\u0101l\u0101 dz\u012bve un pat m\u016bsu pa\u0161u dom\u0101\u0161ana ir non\u0101kusi ierobe\u017eojumu un atkar\u012bbu, kas rakstur\u012bgas naudas sp\u0113kam, ietekm\u0113.<\/p><p>Gradido ir p\u0113tniec\u012bbas projekts un daudzu cilv\u0113ku cer\u012bba, kas mekl\u0113 n\u0101kotnei piem\u0113rotu ekonomikas sist\u0113mu. Ar jaunu ekonomikas sist\u0113mu, kas balst\u012bta uz pateic\u012bbu un kop\u012bg\u0101 labuma veicin\u0101\u0161anu, cilv\u0113cei var\u0113tu b\u016bt labas izredzes p\u0101rvar\u0113t 21. gadsimta izaicin\u0101jumus. Gradido Ekonomikas bionikas akad\u0113mija p\u0113ta \u0161\u0101du modeli.<\/p><p>Intervij\u0101 m\u0113s run\u0101j\u0101m par pa\u0161reiz\u0113j\u0101s sist\u0113mas netaisn\u012bgumu un par to, k\u0101 Gradido var b\u016bt taisn\u012bga alternat\u012bva. Par tr\u016bkumu un bai\u013cu dom\u0101\u0161anu un to, k\u0101 to var aizst\u0101t ar p\u0101rpiln\u012bbu un pateic\u012bbu. Par ekonomikas bioniku un to, k\u0101 daba kalpo par paraugu, un, protams, par to, kas, k\u0101 un k\u0101p\u0113c val\u016bt\u0101, lai n\u0101kotne b\u016btu piem\u0113rota mazb\u0113rniem.<\/p><p>Liels paldies Cornelius Braitmaier no <a href=\"https:\/\/www.some1.tv\/\" target=\"_blank\" rel=\"noopener\">some1.tv<\/a> par jauko un informat\u012bvo interviju!<\/p><p>Es ceru, ka jums patiks skat\u012bties video un ka g\u016bsiet labu ieskatu.<\/p><p>J\u016bsu<\/p><p><img decoding=\"async\" class=\"alignnone wp-image-4614 size-medium\" src=\"https:\/\/gradido.net\/wp-content\/uploads\/2022\/06\/MargretBernd_2022-300x74.png\" alt=\"\" width=\"300\" height=\"74\" srcset=\"https:\/\/gradido.net\/wp-content\/uploads\/2022\/06\/MargretBernd_2022-300x74.png 300w, https:\/\/gradido.net\/wp-content\/uploads\/2022\/06\/MargretBernd_2022-18x4.png 18w, https:\/\/gradido.net\/wp-content\/uploads\/2022\/06\/MargretBernd_2022.png 431w\" sizes=\"(max-width: 300px) 100vw, 300px\" \/><\/p><p>Margret Baier un Bernd H\u00fcckst\u00e4dt<br \/>Gradido dibin\u0101t\u0101js un izstr\u0101d\u0101t\u0101js<\/p>\t\t\t\t\t\t\t\t<\/div>\n\t\t\t\t<\/div>\n\t\t\t\t\t<\/div>\n\t\t<\/div>\n\t\t\t\t\t<\/div>\n\t\t<\/section>\n\t\t\t\t<section class=\"elementor-section elementor-top-section elementor-element elementor-element-13f5736 elementor-section-boxed elementor-section-height-default elementor-section-height-default\" data-id=\"13f5736\" data-element_type=\"section\" data-e-type=\"section\">\n\t\t\t\t\t\t<div class=\"elementor-container elementor-column-gap-default\">\n\t\t\t\t\t<div class=\"elementor-column elementor-col-100 elementor-top-column elementor-element elementor-element-04384e0\" data-id=\"04384e0\" data-element_type=\"column\" data-e-type=\"column\">\n\t\t\t<div class=\"elementor-widget-wrap elementor-element-populated\">\n\t\t\t\t\t\t<div class=\"elementor-element elementor-element-6e6fca3 elementor-widget elementor-widget-global elementor-global-9341 elementor-widget-text-editor\" data-id=\"6e6fca3\" data-element_type=\"widget\" data-e-type=\"widget\" data-widget_type=\"text-editor.default\">\n\t\t\t\t<div class=\"elementor-widget-container\">\n\t\t\t\t\t\t\t\t\t<p><strong>PS:\u00a0<span style=\"color: #ff6600;\"><a style=\"color: #ff6600;\" href=\"https:\/\/gradido.net\/lv\/donations\/\">T\u0101 k\u0101 Gradido k\u013c\u016bst arvien noz\u012bm\u012bg\u0101ks, m\u0113s atk\u0101rtojam m\u016bsu pateic\u012bbas kampa\u0146u 2026. gada 26. j\u016bnij\u0101:<\/a>\u00a0<\/span><span style=\"color: #0000ff;\"><a style=\"color: #0000ff;\" href=\"https:\/\/gradido.net\/lv\/donations\/\">Papildus vair\u0101kk\u0101rt\u0113jai GradidoTransform par j\u016bsu sponsor\u0113\u0161anas ieguld\u012bjumu, m\u0113s palielin\u0101sim visu GDT kontu atlikumus par 26% 26\/06\/2016. Sponsor\u0113jiet tagad un izbaudiet vair\u0101kk\u0101rt\u0113ju GDT summu!<\/a><\/span><\/strong><\/p>\t\t\t\t\t\t\t\t<\/div>\n\t\t\t\t<\/div>\n\t\t\t\t\t<\/div>\n\t\t<\/div>\n\t\t\t\t\t<\/div>\n\t\t<\/section>\n\t\t\t\t<\/div>","protected":false},"excerpt":{"rendered":"<p>Margret Baier un Bernd H\u00fcckst\u00e4dt intervij\u0101 ar Cornelius Braitmaier no some1.tv - Taisn\u012bga ekonomika, god\u012bga val\u016bta, sist\u0113ma, kur\u0101 nauda atkal kalpo cilv\u0113kiem, nevis cilv\u0113ki kalpo naudai.<\/p>","protected":false},"author":2,"featured_media":5575,"comment_status":"closed","ping_status":"closed","sticky":false,"template":"","format":"standard","meta":{"footnotes":""},"categories":[11,56],"tags":[22],"class_list":["post-5573","post","type-post","status-publish","format-standard","has-post-thumbnail","hentry","category-blog","category-psychologie","tag-bild-oben"],"yoast_head":"<!-- This site is optimized with the Yoast SEO plugin v27.5 - https:\/\/yoast.com\/product\/yoast-seo-wordpress\/ -->\n<title>Gradido - eine \u00d6konomie der Dankbarkeit - Gradido<\/title>\n<meta name=\"description\" content=\"Margret Baier und Bernd H\u00fcckst\u00e4dt im Interview mit Cornelius Braitmaier von some1.tv \u2013\u00a0Eine gerechte Wirtschaft, eine faire W\u00e4hrung, ein System in welchem Geld wieder dem Menschen dient und nicht die Menschen dem Gelde. In dem die Natur Partnerin ist und zur\u00fcckgegeben wird anstatt nur auszubeuten. Eine \u00d6konomie der Dankbarkeit und Wertsch\u00e4tzung. Das ist die Vision und das Projekt Gradido.\" \/>\n<meta name=\"robots\" content=\"index, follow, max-snippet:-1, max-image-preview:large, max-video-preview:-1\" \/>\n<link rel=\"canonical\" href=\"https:\/\/gradido.net\/lv\/gradido-eine-oekonomie-der-dankbarkeit\/\" \/>\n<meta property=\"og:locale\" content=\"lv_LV\" \/>\n<meta property=\"og:type\" content=\"article\" \/>\n<meta property=\"og:title\" content=\"Gradido - eine \u00d6konomie der Dankbarkeit - Gradido\" \/>\n<meta property=\"og:description\" content=\"Margret Baier und Bernd H\u00fcckst\u00e4dt im Interview mit Cornelius Braitmaier von some1.tv \u2013\u00a0Eine gerechte Wirtschaft, eine faire W\u00e4hrung, ein System in welchem Geld wieder dem Menschen dient und nicht die Menschen dem Gelde. In dem die Natur Partnerin ist und zur\u00fcckgegeben wird anstatt nur auszubeuten. Eine \u00d6konomie der Dankbarkeit und Wertsch\u00e4tzung. Das ist die Vision und das Projekt Gradido.\" \/>\n<meta property=\"og:url\" content=\"https:\/\/gradido.net\/lv\/gradido-eine-oekonomie-der-dankbarkeit\/\" \/>\n<meta property=\"og:site_name\" content=\"Gradido\" \/>\n<meta property=\"article:published_time\" content=\"2022-08-30T18:46:44+00:00\" \/>\n<meta property=\"article:modified_time\" content=\"2026-04-24T06:15:59+00:00\" \/>\n<meta property=\"og:image\" content=\"https:\/\/gradido.net\/wp-content\/uploads\/2022\/08\/Some1.jpg\" \/>\n\t<meta property=\"og:image:width\" content=\"1800\" \/>\n\t<meta property=\"og:image:height\" content=\"735\" \/>\n\t<meta property=\"og:image:type\" content=\"image\/jpeg\" \/>\n<meta name=\"author\" content=\"Bernd H\u00fcckst\u00e4dt\" \/>\n<meta name=\"twitter:card\" content=\"summary_large_image\" \/>\n<meta name=\"twitter:label1\" content=\"Written by\" \/>\n\t<meta name=\"twitter:data1\" content=\"Bernd H\u00fcckst\u00e4dt\" \/>\n\t<meta name=\"twitter:label2\" content=\"Est. reading time\" \/>\n\t<meta name=\"twitter:data2\" content=\"2 min\u016btes\" \/>\n<script type=\"application\/ld+json\" class=\"yoast-schema-graph\">{\"@context\":\"https:\\\/\\\/schema.org\",\"@graph\":[{\"@type\":\"Article\",\"@id\":\"https:\\\/\\\/gradido.net\\\/gradido-eine-oekonomie-der-dankbarkeit\\\/#article\",\"isPartOf\":{\"@id\":\"https:\\\/\\\/gradido.net\\\/gradido-eine-oekonomie-der-dankbarkeit\\\/\"},\"author\":{\"name\":\"Bernd H\u00fcckst\u00e4dt\",\"@id\":\"https:\\\/\\\/gradido.net\\\/de\\\/#\\\/schema\\\/person\\\/9c503a004ad15a1ddecadce2218db5d1\"},\"headline\":\"Gradido &#8211; eine \u00d6konomie der Dankbarkeit\",\"datePublished\":\"2022-08-30T18:46:44+00:00\",\"dateModified\":\"2026-04-24T06:15:59+00:00\",\"mainEntityOfPage\":{\"@id\":\"https:\\\/\\\/gradido.net\\\/gradido-eine-oekonomie-der-dankbarkeit\\\/\"},\"wordCount\":325,\"publisher\":{\"@id\":\"https:\\\/\\\/gradido.net\\\/de\\\/#organization\"},\"image\":{\"@id\":\"https:\\\/\\\/gradido.net\\\/gradido-eine-oekonomie-der-dankbarkeit\\\/#primaryimage\"},\"thumbnailUrl\":\"https:\\\/\\\/gradido.net\\\/wp-content\\\/uploads\\\/2022\\\/08\\\/Some1.jpg\",\"keywords\":[\"Bild oben\"],\"articleSection\":[\"Blog\",\"Psychologie\"],\"inLanguage\":\"lv-LV\"},{\"@type\":\"WebPage\",\"@id\":\"https:\\\/\\\/gradido.net\\\/gradido-eine-oekonomie-der-dankbarkeit\\\/\",\"url\":\"https:\\\/\\\/gradido.net\\\/gradido-eine-oekonomie-der-dankbarkeit\\\/\",\"name\":\"Gradido - eine \u00d6konomie der Dankbarkeit - Gradido\",\"isPartOf\":{\"@id\":\"https:\\\/\\\/gradido.net\\\/de\\\/#website\"},\"primaryImageOfPage\":{\"@id\":\"https:\\\/\\\/gradido.net\\\/gradido-eine-oekonomie-der-dankbarkeit\\\/#primaryimage\"},\"image\":{\"@id\":\"https:\\\/\\\/gradido.net\\\/gradido-eine-oekonomie-der-dankbarkeit\\\/#primaryimage\"},\"thumbnailUrl\":\"https:\\\/\\\/gradido.net\\\/wp-content\\\/uploads\\\/2022\\\/08\\\/Some1.jpg\",\"datePublished\":\"2022-08-30T18:46:44+00:00\",\"dateModified\":\"2026-04-24T06:15:59+00:00\",\"description\":\"Margret Baier und Bernd H\u00fcckst\u00e4dt im Interview mit Cornelius Braitmaier von some1.tv \u2013\u00a0Eine gerechte Wirtschaft, eine faire W\u00e4hrung, ein System in welchem Geld wieder dem Menschen dient und nicht die Menschen dem Gelde. In dem die Natur Partnerin ist und zur\u00fcckgegeben wird anstatt nur auszubeuten. Eine \u00d6konomie der Dankbarkeit und Wertsch\u00e4tzung. Das ist die Vision und das Projekt Gradido.\",\"breadcrumb\":{\"@id\":\"https:\\\/\\\/gradido.net\\\/gradido-eine-oekonomie-der-dankbarkeit\\\/#breadcrumb\"},\"inLanguage\":\"lv-LV\",\"potentialAction\":[{\"@type\":\"ReadAction\",\"target\":[\"https:\\\/\\\/gradido.net\\\/gradido-eine-oekonomie-der-dankbarkeit\\\/\"]}]},{\"@type\":\"ImageObject\",\"inLanguage\":\"lv-LV\",\"@id\":\"https:\\\/\\\/gradido.net\\\/gradido-eine-oekonomie-der-dankbarkeit\\\/#primaryimage\",\"url\":\"https:\\\/\\\/gradido.net\\\/wp-content\\\/uploads\\\/2022\\\/08\\\/Some1.jpg\",\"contentUrl\":\"https:\\\/\\\/gradido.net\\\/wp-content\\\/uploads\\\/2022\\\/08\\\/Some1.jpg\",\"width\":1800,\"height\":735},{\"@type\":\"BreadcrumbList\",\"@id\":\"https:\\\/\\\/gradido.net\\\/gradido-eine-oekonomie-der-dankbarkeit\\\/#breadcrumb\",\"itemListElement\":[{\"@type\":\"ListItem\",\"position\":1,\"name\":\"Startseite\",\"item\":\"https:\\\/\\\/gradido.net\\\/\"},{\"@type\":\"ListItem\",\"position\":2,\"name\":\"Gradido &#8211; eine \u00d6konomie der Dankbarkeit\"}]},{\"@type\":\"WebSite\",\"@id\":\"https:\\\/\\\/gradido.net\\\/de\\\/#website\",\"url\":\"https:\\\/\\\/gradido.net\\\/de\\\/\",\"name\":\"Gradido\",\"description\":\"Die neue W\u00e4hrung hei\u00dft Dankbarkeit\",\"publisher\":{\"@id\":\"https:\\\/\\\/gradido.net\\\/de\\\/#organization\"},\"potentialAction\":[{\"@type\":\"SearchAction\",\"target\":{\"@type\":\"EntryPoint\",\"urlTemplate\":\"https:\\\/\\\/gradido.net\\\/de\\\/?s={search_term_string}\"},\"query-input\":{\"@type\":\"PropertyValueSpecification\",\"valueRequired\":true,\"valueName\":\"search_term_string\"}}],\"inLanguage\":\"lv-LV\"},{\"@type\":\"Organization\",\"@id\":\"https:\\\/\\\/gradido.net\\\/de\\\/#organization\",\"name\":\"Gradido\",\"url\":\"https:\\\/\\\/gradido.net\\\/de\\\/\",\"logo\":{\"@type\":\"ImageObject\",\"inLanguage\":\"lv-LV\",\"@id\":\"https:\\\/\\\/gradido.net\\\/de\\\/#\\\/schema\\\/logo\\\/image\\\/\",\"url\":\"https:\\\/\\\/gradido.net\\\/wp-content\\\/uploads\\\/2022\\\/04\\\/gradido-social.jpg\",\"contentUrl\":\"https:\\\/\\\/gradido.net\\\/wp-content\\\/uploads\\\/2022\\\/04\\\/gradido-social.jpg\",\"width\":527,\"height\":273,\"caption\":\"Gradido\"},\"image\":{\"@id\":\"https:\\\/\\\/gradido.net\\\/de\\\/#\\\/schema\\\/logo\\\/image\\\/\"}},{\"@type\":\"Person\",\"@id\":\"https:\\\/\\\/gradido.net\\\/de\\\/#\\\/schema\\\/person\\\/9c503a004ad15a1ddecadce2218db5d1\",\"name\":\"Bernd H\u00fcckst\u00e4dt\",\"sameAs\":[\"https:\\\/\\\/gradido.net\"],\"url\":\"https:\\\/\\\/gradido.net\\\/lv\\\/author\\\/bernd\\\/\"}]}<\/script>\n<!-- \/ Yoast SEO plugin. -->","yoast_head_json":{"title":"Gradido - pateic\u012bbas ekonomika - Gradido","description":"Margret Baier un Bernd H\u00fcckst\u00e4dt intervij\u0101 ar Cornelius Braitmaier no some1.tv - Taisn\u012bga ekonomika, god\u012bga val\u016bta, sist\u0113ma, kur\u0101 nauda atkal kalpo cilv\u0113kiem, nevis cilv\u0113ki kalpo naudai. Kur daba ir partner\u012bba un tiek atdota, nevis tikai izmantota. Pateic\u012bbas un atzin\u012bbas ekonomika. T\u0101da ir Gradido v\u012bzija un projekts.","robots":{"index":"index","follow":"follow","max-snippet":"max-snippet:-1","max-image-preview":"max-image-preview:large","max-video-preview":"max-video-preview:-1"},"canonical":"https:\/\/gradido.net\/lv\/gradido-eine-oekonomie-der-dankbarkeit\/","og_locale":"lv_LV","og_type":"article","og_title":"Gradido - eine \u00d6konomie der Dankbarkeit - Gradido","og_description":"Margret Baier und Bernd H\u00fcckst\u00e4dt im Interview mit Cornelius Braitmaier von some1.tv \u2013\u00a0Eine gerechte Wirtschaft, eine faire W\u00e4hrung, ein System in welchem Geld wieder dem Menschen dient und nicht die Menschen dem Gelde. In dem die Natur Partnerin ist und zur\u00fcckgegeben wird anstatt nur auszubeuten. Eine \u00d6konomie der Dankbarkeit und Wertsch\u00e4tzung. Das ist die Vision und das Projekt Gradido.","og_url":"https:\/\/gradido.net\/lv\/gradido-eine-oekonomie-der-dankbarkeit\/","og_site_name":"Gradido","article_published_time":"2022-08-30T18:46:44+00:00","article_modified_time":"2026-04-24T06:15:59+00:00","og_image":[{"width":1800,"height":735,"url":"https:\/\/gradido.net\/wp-content\/uploads\/2022\/08\/Some1.jpg","type":"image\/jpeg"}],"author":"Bernd H\u00fcckst\u00e4dt","twitter_card":"summary_large_image","twitter_misc":{"Written by":"Bernd H\u00fcckst\u00e4dt","Est. reading time":"2 min\u016btes"},"schema":{"@context":"https:\/\/schema.org","@graph":[{"@type":"Article","@id":"https:\/\/gradido.net\/gradido-eine-oekonomie-der-dankbarkeit\/#article","isPartOf":{"@id":"https:\/\/gradido.net\/gradido-eine-oekonomie-der-dankbarkeit\/"},"author":{"name":"Bernd H\u00fcckst\u00e4dt","@id":"https:\/\/gradido.net\/de\/#\/schema\/person\/9c503a004ad15a1ddecadce2218db5d1"},"headline":"Gradido &#8211; eine \u00d6konomie der Dankbarkeit","datePublished":"2022-08-30T18:46:44+00:00","dateModified":"2026-04-24T06:15:59+00:00","mainEntityOfPage":{"@id":"https:\/\/gradido.net\/gradido-eine-oekonomie-der-dankbarkeit\/"},"wordCount":325,"publisher":{"@id":"https:\/\/gradido.net\/de\/#organization"},"image":{"@id":"https:\/\/gradido.net\/gradido-eine-oekonomie-der-dankbarkeit\/#primaryimage"},"thumbnailUrl":"https:\/\/gradido.net\/wp-content\/uploads\/2022\/08\/Some1.jpg","keywords":["Bild oben"],"articleSection":["Blog","Psychologie"],"inLanguage":"lv-LV"},{"@type":"WebPage","@id":"https:\/\/gradido.net\/gradido-eine-oekonomie-der-dankbarkeit\/","url":"https:\/\/gradido.net\/gradido-eine-oekonomie-der-dankbarkeit\/","name":"Gradido - pateic\u012bbas ekonomika - Gradido","isPartOf":{"@id":"https:\/\/gradido.net\/de\/#website"},"primaryImageOfPage":{"@id":"https:\/\/gradido.net\/gradido-eine-oekonomie-der-dankbarkeit\/#primaryimage"},"image":{"@id":"https:\/\/gradido.net\/gradido-eine-oekonomie-der-dankbarkeit\/#primaryimage"},"thumbnailUrl":"https:\/\/gradido.net\/wp-content\/uploads\/2022\/08\/Some1.jpg","datePublished":"2022-08-30T18:46:44+00:00","dateModified":"2026-04-24T06:15:59+00:00","description":"Margret Baier un Bernd H\u00fcckst\u00e4dt intervij\u0101 ar Cornelius Braitmaier no some1.tv - Taisn\u012bga ekonomika, god\u012bga val\u016bta, sist\u0113ma, kur\u0101 nauda atkal kalpo cilv\u0113kiem, nevis cilv\u0113ki kalpo naudai. Kur daba ir partner\u012bba un tiek atdota, nevis tikai izmantota. Pateic\u012bbas un atzin\u012bbas ekonomika. T\u0101da ir Gradido v\u012bzija un projekts.","breadcrumb":{"@id":"https:\/\/gradido.net\/gradido-eine-oekonomie-der-dankbarkeit\/#breadcrumb"},"inLanguage":"lv-LV","potentialAction":[{"@type":"ReadAction","target":["https:\/\/gradido.net\/gradido-eine-oekonomie-der-dankbarkeit\/"]}]},{"@type":"ImageObject","inLanguage":"lv-LV","@id":"https:\/\/gradido.net\/gradido-eine-oekonomie-der-dankbarkeit\/#primaryimage","url":"https:\/\/gradido.net\/wp-content\/uploads\/2022\/08\/Some1.jpg","contentUrl":"https:\/\/gradido.net\/wp-content\/uploads\/2022\/08\/Some1.jpg","width":1800,"height":735},{"@type":"BreadcrumbList","@id":"https:\/\/gradido.net\/gradido-eine-oekonomie-der-dankbarkeit\/#breadcrumb","itemListElement":[{"@type":"ListItem","position":1,"name":"Startseite","item":"https:\/\/gradido.net\/"},{"@type":"ListItem","position":2,"name":"Gradido &#8211; eine \u00d6konomie der Dankbarkeit"}]},{"@type":"WebSite","@id":"https:\/\/gradido.net\/de\/#website","url":"https:\/\/gradido.net\/de\/","name":"Gradido","description":"Jaun\u0101 val\u016bta ir pateic\u012bba","publisher":{"@id":"https:\/\/gradido.net\/de\/#organization"},"potentialAction":[{"@type":"SearchAction","target":{"@type":"EntryPoint","urlTemplate":"https:\/\/gradido.net\/de\/?s={search_term_string}"},"query-input":{"@type":"PropertyValueSpecification","valueRequired":true,"valueName":"search_term_string"}}],"inLanguage":"lv-LV"},{"@type":"Organization","@id":"https:\/\/gradido.net\/de\/#organization","name":"Gradido","url":"https:\/\/gradido.net\/de\/","logo":{"@type":"ImageObject","inLanguage":"lv-LV","@id":"https:\/\/gradido.net\/de\/#\/schema\/logo\/image\/","url":"https:\/\/gradido.net\/wp-content\/uploads\/2022\/04\/gradido-social.jpg","contentUrl":"https:\/\/gradido.net\/wp-content\/uploads\/2022\/04\/gradido-social.jpg","width":527,"height":273,"caption":"Gradido"},"image":{"@id":"https:\/\/gradido.net\/de\/#\/schema\/logo\/image\/"}},{"@type":"Person","@id":"https:\/\/gradido.net\/de\/#\/schema\/person\/9c503a004ad15a1ddecadce2218db5d1","name":"Bernd H\u00fcckst\u00e4dt","sameAs":["https:\/\/gradido.net"],"url":"https:\/\/gradido.net\/lv\/author\/bernd\/"}]}},"_links":{"self":[{"href":"https:\/\/gradido.net\/lv\/wp-json\/wp\/v2\/posts\/5573","targetHints":{"allow":["GET"]}}],"collection":[{"href":"https:\/\/gradido.net\/lv\/wp-json\/wp\/v2\/posts"}],"about":[{"href":"https:\/\/gradido.net\/lv\/wp-json\/wp\/v2\/types\/post"}],"author":[{"embeddable":true,"href":"https:\/\/gradido.net\/lv\/wp-json\/wp\/v2\/users\/2"}],"replies":[{"embeddable":true,"href":"https:\/\/gradido.net\/lv\/wp-json\/wp\/v2\/comments?post=5573"}],"version-history":[{"count":33,"href":"https:\/\/gradido.net\/lv\/wp-json\/wp\/v2\/posts\/5573\/revisions"}],"predecessor-version":[{"id":13604,"href":"https:\/\/gradido.net\/lv\/wp-json\/wp\/v2\/posts\/5573\/revisions\/13604"}],"wp:featuredmedia":[{"embeddable":true,"href":"https:\/\/gradido.net\/lv\/wp-json\/wp\/v2\/media\/5575"}],"wp:attachment":[{"href":"https:\/\/gradido.net\/lv\/wp-json\/wp\/v2\/media?parent=5573"}],"wp:term":[{"taxonomy":"category","embeddable":true,"href":"https:\/\/gradido.net\/lv\/wp-json\/wp\/v2\/categories?post=5573"},{"taxonomy":"post_tag","embeddable":true,"href":"https:\/\/gradido.net\/lv\/wp-json\/wp\/v2\/tags?post=5573"}],"curies":[{"name":"wp","href":"https:\/\/api.w.org\/{rel}","templated":true}]}}